{"id":1039730,"date":"2019-09-05T11:04:30","date_gmt":"2019-09-05T11:04:30","guid":{"rendered":"https:\/\/www.eldigitaldeasturias.com\/noticias\/?p=1039730"},"modified":"2019-09-05T11:04:30","modified_gmt":"2019-09-05T11:04:30","slug":"planes-infantiles-para-una-escapada-a-madrid-este-otono","status":"publish","type":"post","link":"https:\/\/www.eldigitaldeasturias.com\/noticias\/planes-infantiles-para-una-escapada-a-madrid-este-otono\/","title":{"rendered":"Planes infantiles para una escapada a Madrid este oto\u00f1o"},"content":{"rendered":"<p><img loading=\"lazy\" decoding=\"async\" class=\"alignleft size-medium wp-image-1039733\" src=\"https:\/\/www.eldigitaldeasturias.com\/noticias\/wp-content\/uploads\/2019\/09\/Talleres-Gran-Plaza-2-IP-360x277.jpg\" alt=\"\" width=\"360\" height=\"277\" srcset=\"https:\/\/www.eldigitaldeasturias.com\/noticias\/wp-content\/uploads\/2019\/09\/Talleres-Gran-Plaza-2-IP-360x277.jpg 360w, https:\/\/www.eldigitaldeasturias.com\/noticias\/wp-content\/uploads\/2019\/09\/Talleres-Gran-Plaza-2-IP-624x480.jpg 624w, https:\/\/www.eldigitaldeasturias.com\/noticias\/wp-content\/uploads\/2019\/09\/Talleres-Gran-Plaza-2-IP.jpg 693w\" sizes=\"auto, (max-width: 360px) 100vw, 360px\" \/>La vuelta al cole ya comenz\u00f3 con su particular cuenta atr\u00e1s, en su apuesta por los m\u00e1s peque\u00f1os, el Centro Comercial Gran Plaza 2, de Majadahonda, tiene toda una agenda repleta de planes con los que hacer que estos d\u00edas previos al colegio sean m\u00e1s amenos.<\/p>\n<p>Una de las principales citas son los <span style=\"color: #ff6600;\"><strong><a style=\"color: #ff6600;\" href=\"http:\/\/eventos.granplazados.com\/playdoh\" target=\"_blank\" rel=\"noopener noreferrer\">talleres de cocina<\/a><\/strong><\/span> que, junto con la marca Play-Doh, se celebrar\u00e1n desde el d\u00eda 6 hasta el 15 de septiembre y que est\u00e1 dirigido a ni\u00f1os a partir de 3 a\u00f1os.<\/p>\n<p>Aunque no hace falta reservar plaza para disfrutar de los talleres, las plazas son limitadas a un aforo de 18 ni\u00f1os cada 30 minutos, all\u00ed tendr\u00e1n tiempo para dar rienda suelta a su imaginaci\u00f3n y creatividad con los fogones de plasti, en los originales talleres de cocina dise\u00f1ados por la marca de referencia Play-Doh.<\/p>\n<p>En un amplio horario que, entre semana, ser\u00e1 de tarde (de 17 a 21 horas) y se ampliar\u00e1 en los fines de semana tambi\u00e9n con un horario de ma\u00f1ana (de 12 a 14 horas), los ni\u00f1os usar\u00e1n los utensilios para dar forma a la plastilina siguiendo recetas en un conjunto de kitchens sobre mesas,donde se sentir\u00e1n aut\u00e9nticos creativos y cocineros.<\/p>\n<p>Este taller forma parte de la agenda dedicada a los m\u00e1s peque\u00f1os del centro comercial que ya tiene fechas para hacer que los m\u00e1s j\u00f3venes de casa disfruten de citas con teatros, pasacalles, talleres o photocalls en su superficie.<\/p>\n<p>Solo en septiembre, con la vuelta al cole en marcha, podr\u00e1n disfrutar de una cita con el teatro cada viernes, comenzando el d\u00eda 6 de septiembre con el musical Mi soldadito de Plomo, y siguiendo con El bosque de Pocahontas el d\u00eda 13 o el Gato con Botas el d\u00eda 20.<\/p>\n<p>A estos se suman pasacalles los s\u00e1bados con distintas tem\u00e1ticas (la Comunidad del Anillo, el Rey Arturo o el Rey Sol) y talleres de ciencia divertida.<\/p>\n<p>\u201c<em>Entendemos que Gran Plaza 2 debe promover actividades y talleres que ayuden al ocio infantil y familiar. Conseguir que marcas como Play-Doh apuesten por realizar talleres en nuestros espacios es siempre un valor seguro que da confianza a los padres que acuden cada d\u00eda a nuestro Centro Comercial<\/em>\u201d explican desde la direcci\u00f3n de Gran Plaza 2 Majadahonda.<\/p>\n<p>&nbsp;<\/p>\n","protected":false},"excerpt":{"rendered":"<p>La vuelta al cole ya comenz\u00f3 con su particular cuenta atr\u00e1s, en su apuesta por los m\u00e1s peque\u00f1os, el Centro Comercial Gran Plaza 2, de Majadahonda, tiene toda una agenda repleta de planes con los que hacer que estos d\u00edas previos al colegio sean m\u00e1s amenos. Una de las principales citas son los talleres de [&hellip;]<\/p>\n","protected":false},"author":1,"featured_media":1039733,"comment_status":"closed","ping_status":"closed","sticky":false,"template":"","format":"standard","meta":{"footnotes":""},"categories":[148],"tags":[],"class_list":["post-1039730","post","type-post","status-publish","format-standard","has-post-thumbnail","hentry","category-turismo"],"aioseo_notices":[],"aioseo_head":"\n\t\t<!-- All in One SEO Pro 4.9.6.2 - aioseo.com -->\n\t<meta name=\"description\" content=\"La vuelta al cole ya comenz\u00f3 con su particular cuenta atr\u00e1s, en su apuesta por los m\u00e1s peque\u00f1os, el Centro Comercial Gran Plaza 2, de Majadahonda, tiene toda una agenda repleta de planes con los que hacer que estos d\u00edas previos al colegio sean m\u00e1s amenos. Una de las principales citas son los talleres de\" \/>\n\t<meta name=\"robots\" content=\"max-image-preview:large\" \/>\n\t<meta name=\"author\" content=\"El Digital de Asturias\"\/>\n\t<meta name=\"google-site-verification\" content=\"UA-38556648-1\" \/>\n\t<meta name=\"msvalidate.01\" content=\"7dfe9f3f1b24437ab69f4f2559babe99\" \/>\n\t<meta name=\"keywords\" content=\"turismo\" \/>\n\t<link rel=\"canonical\" href=\"https:\/\/www.eldigitaldeasturias.com\/noticias\/planes-infantiles-para-una-escapada-a-madrid-este-otono\/\" \/>\n\t<meta name=\"generator\" content=\"All in One SEO Pro (AIOSEO) 4.9.6.2\" \/>\n\t\t<meta property=\"og:locale\" content=\"es_ES\" \/>\n\t\t<meta property=\"og:site_name\" content=\"El Digital de Asturias\" \/>\n\t\t<meta property=\"og:type\" content=\"article\" \/>\n\t\t<meta property=\"og:title\" content=\"Planes infantiles para una escapada a Madrid este oto\u00f1o - El Digital de Asturias\" \/>\n\t\t<meta property=\"og:description\" content=\"La vuelta al cole ya comenz\u00f3 con su particular cuenta atr\u00e1s, en su apuesta por los m\u00e1s peque\u00f1os, el Centro Comercial Gran Plaza 2, de Majadahonda, tiene toda una agenda repleta de planes con los que hacer que estos d\u00edas previos al colegio sean m\u00e1s amenos. Una de las principales citas son los talleres de\" \/>\n\t\t<meta property=\"og:url\" content=\"https:\/\/www.eldigitaldeasturias.com\/noticias\/planes-infantiles-para-una-escapada-a-madrid-este-otono\/\" \/>\n\t\t<meta property=\"og:image\" content=\"https:\/\/www.eldigitaldeasturias.com\/noticias\/wp-content\/uploads\/2019\/09\/Talleres-Gran-Plaza-2-IP.jpg\" \/>\n\t\t<meta property=\"og:image:secure_url\" content=\"https:\/\/www.eldigitaldeasturias.com\/noticias\/wp-content\/uploads\/2019\/09\/Talleres-Gran-Plaza-2-IP.jpg\" \/>\n\t\t<meta property=\"og:image:width\" content=\"693\" \/>\n\t\t<meta property=\"og:image:height\" content=\"533\" \/>\n\t\t<meta property=\"article:tag\" content=\"turismo\" \/>\n\t\t<meta property=\"article:published_time\" content=\"2019-09-05T11:04:30+00:00\" \/>\n\t\t<meta property=\"article:modified_time\" content=\"2019-09-05T11:04:30+00:00\" \/>\n\t\t<meta property=\"article:publisher\" content=\"https:\/\/facebook.com\/eldigitaldeasturias\" \/>\n\t\t<meta name=\"twitter:card\" content=\"summary_large_image\" \/>\n\t\t<meta name=\"twitter:title\" content=\"Planes infantiles para una escapada a Madrid este oto\u00f1o - El Digital de Asturias\" \/>\n\t\t<meta name=\"twitter:description\" content=\"La vuelta al cole ya comenz\u00f3 con su particular cuenta atr\u00e1s, en su apuesta por los m\u00e1s peque\u00f1os, el Centro Comercial Gran Plaza 2, de Majadahonda, tiene toda una agenda repleta de planes con los que hacer que estos d\u00edas previos al colegio sean m\u00e1s amenos. Una de las principales citas son los talleres de\" \/>\n\t\t<meta name=\"twitter:image\" content=\"https:\/\/www.eldigitaldeasturias.com\/noticias\/wp-content\/uploads\/2019\/09\/Talleres-Gran-Plaza-2-IP.jpg\" \/>\n\t\t<meta name=\"twitter:label1\" content=\"Escrito por\" \/>\n\t\t<meta name=\"twitter:data1\" content=\"El Digital de Asturias\" \/>\n\t\t<meta name=\"twitter:label2\" content=\"Tiempo de lectura estimado\" \/>\n\t\t<meta name=\"twitter:data2\" content=\"2 minutos\" \/>\n\t\t<script type=\"application\/ld+json\" class=\"aioseo-schema\">\n\t\t\t{\"@context\":\"https:\\\/\\\/schema.org\",\"@graph\":[{\"@type\":\"BlogPosting\",\"@id\":\"https:\\\/\\\/www.eldigitaldeasturias.com\\\/noticias\\\/planes-infantiles-para-una-escapada-a-madrid-este-otono\\\/#blogposting\",\"name\":\"Planes infantiles para una escapada a Madrid este oto\\u00f1o - El Digital de Asturias\",\"headline\":\"Planes infantiles para una escapada a Madrid este oto\\u00f1o\",\"author\":{\"@id\":\"https:\\\/\\\/www.eldigitaldeasturias.com\\\/noticias\\\/author\\\/admin\\\/#author\"},\"publisher\":{\"@id\":\"https:\\\/\\\/www.eldigitaldeasturias.com\\\/noticias\\\/#organization\"},\"image\":{\"@type\":\"ImageObject\",\"url\":\"https:\\\/\\\/www.eldigitaldeasturias.com\\\/noticias\\\/wp-content\\\/uploads\\\/2019\\\/09\\\/Talleres-Gran-Plaza-2-IP.jpg\",\"width\":693,\"height\":533},\"datePublished\":\"2019-09-05T11:04:30+02:00\",\"dateModified\":\"2019-09-05T11:04:30+02:00\",\"inLanguage\":\"es-ES\",\"mainEntityOfPage\":{\"@id\":\"https:\\\/\\\/www.eldigitaldeasturias.com\\\/noticias\\\/planes-infantiles-para-una-escapada-a-madrid-este-otono\\\/#webpage\"},\"isPartOf\":{\"@id\":\"https:\\\/\\\/www.eldigitaldeasturias.com\\\/noticias\\\/planes-infantiles-para-una-escapada-a-madrid-este-otono\\\/#webpage\"},\"articleSection\":\"Turismo\"},{\"@type\":\"BreadcrumbList\",\"@id\":\"https:\\\/\\\/www.eldigitaldeasturias.com\\\/noticias\\\/planes-infantiles-para-una-escapada-a-madrid-este-otono\\\/#breadcrumblist\",\"itemListElement\":[{\"@type\":\"ListItem\",\"@id\":\"https:\\\/\\\/www.eldigitaldeasturias.com\\\/noticias#listItem\",\"position\":1,\"name\":\"Home\",\"item\":\"https:\\\/\\\/www.eldigitaldeasturias.com\\\/noticias\",\"nextItem\":{\"@type\":\"ListItem\",\"@id\":\"https:\\\/\\\/www.eldigitaldeasturias.com\\\/noticias\\\/category\\\/turismo\\\/#listItem\",\"name\":\"Turismo\"}},{\"@type\":\"ListItem\",\"@id\":\"https:\\\/\\\/www.eldigitaldeasturias.com\\\/noticias\\\/category\\\/turismo\\\/#listItem\",\"position\":2,\"name\":\"Turismo\",\"item\":\"https:\\\/\\\/www.eldigitaldeasturias.com\\\/noticias\\\/category\\\/turismo\\\/\",\"nextItem\":{\"@type\":\"ListItem\",\"@id\":\"https:\\\/\\\/www.eldigitaldeasturias.com\\\/noticias\\\/planes-infantiles-para-una-escapada-a-madrid-este-otono\\\/#listItem\",\"name\":\"Planes infantiles para una escapada a Madrid este oto\\u00f1o\"},\"previousItem\":{\"@type\":\"ListItem\",\"@id\":\"https:\\\/\\\/www.eldigitaldeasturias.com\\\/noticias#listItem\",\"name\":\"Home\"}},{\"@type\":\"ListItem\",\"@id\":\"https:\\\/\\\/www.eldigitaldeasturias.com\\\/noticias\\\/planes-infantiles-para-una-escapada-a-madrid-este-otono\\\/#listItem\",\"position\":3,\"name\":\"Planes infantiles para una escapada a Madrid este oto\\u00f1o\",\"previousItem\":{\"@type\":\"ListItem\",\"@id\":\"https:\\\/\\\/www.eldigitaldeasturias.com\\\/noticias\\\/category\\\/turismo\\\/#listItem\",\"name\":\"Turismo\"}}]},{\"@type\":\"Organization\",\"@id\":\"https:\\\/\\\/www.eldigitaldeasturias.com\\\/noticias\\\/#organization\",\"name\":\"El Digital de Asturias\",\"description\":\"Hemeroteca\",\"url\":\"https:\\\/\\\/www.eldigitaldeasturias.com\\\/noticias\\\/\",\"email\":\"info@eldigitaldeasturias.com\",\"telephone\":\"+34652131393\",\"logo\":{\"@type\":\"ImageObject\",\"url\":\"https:\\\/\\\/www.eldigitaldeasturias.com\\\/noticias\\\/wp-content\\\/uploads\\\/2020\\\/12\\\/EDA.jpg\",\"@id\":\"https:\\\/\\\/www.eldigitaldeasturias.com\\\/noticias\\\/planes-infantiles-para-una-escapada-a-madrid-este-otono\\\/#organizationLogo\",\"width\":649,\"height\":297},\"image\":{\"@id\":\"https:\\\/\\\/www.eldigitaldeasturias.com\\\/noticias\\\/planes-infantiles-para-una-escapada-a-madrid-este-otono\\\/#organizationLogo\"},\"sameAs\":[\"https:\\\/\\\/facebook.com\\\/eldigitaldeasturias\",\"https:\\\/\\\/www.youtube.com\\\/channel\\\/UCZP-2wLEB9Rv6erhFmqVnvg\"],\"address\":{\"@id\":\"https:\\\/\\\/www.eldigitaldeasturias.com\\\/noticias\\\/#postaladdress\",\"@type\":\"PostalAddress\",\"streetAddress\":\"san antonio 4,\",\"postalCode\":\"33430\",\"addressLocality\":\"Cand\\u00e1s\",\"addressRegion\":\"Asturias\",\"addressCountry\":\"ES\"}},{\"@type\":\"Person\",\"@id\":\"https:\\\/\\\/www.eldigitaldeasturias.com\\\/noticias\\\/author\\\/admin\\\/#author\",\"url\":\"https:\\\/\\\/www.eldigitaldeasturias.com\\\/noticias\\\/author\\\/admin\\\/\",\"name\":\"El Digital de Asturias\",\"image\":{\"@type\":\"ImageObject\",\"@id\":\"https:\\\/\\\/www.eldigitaldeasturias.com\\\/noticias\\\/planes-infantiles-para-una-escapada-a-madrid-este-otono\\\/#authorImage\",\"url\":\"https:\\\/\\\/www.eldigitaldeasturias.com\\\/noticias\\\/wp-content\\\/litespeed\\\/avatar\\\/18677e78aa0546b92d9dbf31ec7d7668.jpg?ver=1777290358\",\"width\":96,\"height\":96,\"caption\":\"El Digital de Asturias\"}},{\"@type\":\"WebPage\",\"@id\":\"https:\\\/\\\/www.eldigitaldeasturias.com\\\/noticias\\\/planes-infantiles-para-una-escapada-a-madrid-este-otono\\\/#webpage\",\"url\":\"https:\\\/\\\/www.eldigitaldeasturias.com\\\/noticias\\\/planes-infantiles-para-una-escapada-a-madrid-este-otono\\\/\",\"name\":\"Planes infantiles para una escapada a Madrid este oto\\u00f1o - El Digital de Asturias\",\"description\":\"La vuelta al cole ya comenz\\u00f3 con su particular cuenta atr\\u00e1s, en su apuesta por los m\\u00e1s peque\\u00f1os, el Centro Comercial Gran Plaza 2, de Majadahonda, tiene toda una agenda repleta de planes con los que hacer que estos d\\u00edas previos al colegio sean m\\u00e1s amenos. Una de las principales citas son los talleres de\",\"inLanguage\":\"es-ES\",\"isPartOf\":{\"@id\":\"https:\\\/\\\/www.eldigitaldeasturias.com\\\/noticias\\\/#website\"},\"breadcrumb\":{\"@id\":\"https:\\\/\\\/www.eldigitaldeasturias.com\\\/noticias\\\/planes-infantiles-para-una-escapada-a-madrid-este-otono\\\/#breadcrumblist\"},\"author\":{\"@id\":\"https:\\\/\\\/www.eldigitaldeasturias.com\\\/noticias\\\/author\\\/admin\\\/#author\"},\"creator\":{\"@id\":\"https:\\\/\\\/www.eldigitaldeasturias.com\\\/noticias\\\/author\\\/admin\\\/#author\"},\"image\":{\"@type\":\"ImageObject\",\"url\":\"https:\\\/\\\/www.eldigitaldeasturias.com\\\/noticias\\\/wp-content\\\/uploads\\\/2019\\\/09\\\/Talleres-Gran-Plaza-2-IP.jpg\",\"@id\":\"https:\\\/\\\/www.eldigitaldeasturias.com\\\/noticias\\\/planes-infantiles-para-una-escapada-a-madrid-este-otono\\\/#mainImage\",\"width\":693,\"height\":533},\"primaryImageOfPage\":{\"@id\":\"https:\\\/\\\/www.eldigitaldeasturias.com\\\/noticias\\\/planes-infantiles-para-una-escapada-a-madrid-este-otono\\\/#mainImage\"},\"datePublished\":\"2019-09-05T11:04:30+02:00\",\"dateModified\":\"2019-09-05T11:04:30+02:00\"},{\"@type\":\"WebSite\",\"@id\":\"https:\\\/\\\/www.eldigitaldeasturias.com\\\/noticias\\\/#website\",\"url\":\"https:\\\/\\\/www.eldigitaldeasturias.com\\\/noticias\\\/\",\"name\":\"El Digital de Asturias - Diario de actualidad y noticias\",\"alternateName\":\"El Digital de Asturias - Diario de actualidad y noticias\",\"description\":\"Hemeroteca\",\"inLanguage\":\"es-ES\",\"publisher\":{\"@id\":\"https:\\\/\\\/www.eldigitaldeasturias.com\\\/noticias\\\/#organization\"}}]}\n\t\t<\/script>\n\t\t<!-- All in One SEO Pro -->\r\n\t\t<title>Planes infantiles para una escapada a Madrid este oto\u00f1o - El Digital de Asturias<\/title>\n\n","aioseo_head_json":{"title":"Planes infantiles para una escapada a Madrid este oto\u00f1o - El Digital de Asturias","description":"La vuelta al cole ya comenz\u00f3 con su particular cuenta atr\u00e1s, en su apuesta por los m\u00e1s peque\u00f1os, el Centro Comercial Gran Plaza 2, de Majadahonda, tiene toda una agenda repleta de planes con los que hacer que estos d\u00edas previos al colegio sean m\u00e1s amenos. Una de las principales citas son los talleres de","canonical_url":"https:\/\/www.eldigitaldeasturias.com\/noticias\/planes-infantiles-para-una-escapada-a-madrid-este-otono\/","robots":"max-image-preview:large","keywords":"turismo","webmasterTools":{"google-site-verification":"UA-38556648-1","msvalidate.01":"7dfe9f3f1b24437ab69f4f2559babe99","miscellaneous":""},"schema":{"@context":"https:\/\/schema.org","@graph":[{"@type":"BlogPosting","@id":"https:\/\/www.eldigitaldeasturias.com\/noticias\/planes-infantiles-para-una-escapada-a-madrid-este-otono\/#blogposting","name":"Planes infantiles para una escapada a Madrid este oto\u00f1o - El Digital de Asturias","headline":"Planes infantiles para una escapada a Madrid este oto\u00f1o","author":{"@id":"https:\/\/www.eldigitaldeasturias.com\/noticias\/author\/admin\/#author"},"publisher":{"@id":"https:\/\/www.eldigitaldeasturias.com\/noticias\/#organization"},"image":{"@type":"ImageObject","url":"https:\/\/www.eldigitaldeasturias.com\/noticias\/wp-content\/uploads\/2019\/09\/Talleres-Gran-Plaza-2-IP.jpg","width":693,"height":533},"datePublished":"2019-09-05T11:04:30+02:00","dateModified":"2019-09-05T11:04:30+02:00","inLanguage":"es-ES","mainEntityOfPage":{"@id":"https:\/\/www.eldigitaldeasturias.com\/noticias\/planes-infantiles-para-una-escapada-a-madrid-este-otono\/#webpage"},"isPartOf":{"@id":"https:\/\/www.eldigitaldeasturias.com\/noticias\/planes-infantiles-para-una-escapada-a-madrid-este-otono\/#webpage"},"articleSection":"Turismo"},{"@type":"BreadcrumbList","@id":"https:\/\/www.eldigitaldeasturias.com\/noticias\/planes-infantiles-para-una-escapada-a-madrid-este-otono\/#breadcrumblist","itemListElement":[{"@type":"ListItem","@id":"https:\/\/www.eldigitaldeasturias.com\/noticias#listItem","position":1,"name":"Home","item":"https:\/\/www.eldigitaldeasturias.com\/noticias","nextItem":{"@type":"ListItem","@id":"https:\/\/www.eldigitaldeasturias.com\/noticias\/category\/turismo\/#listItem","name":"Turismo"}},{"@type":"ListItem","@id":"https:\/\/www.eldigitaldeasturias.com\/noticias\/category\/turismo\/#listItem","position":2,"name":"Turismo","item":"https:\/\/www.eldigitaldeasturias.com\/noticias\/category\/turismo\/","nextItem":{"@type":"ListItem","@id":"https:\/\/www.eldigitaldeasturias.com\/noticias\/planes-infantiles-para-una-escapada-a-madrid-este-otono\/#listItem","name":"Planes infantiles para una escapada a Madrid este oto\u00f1o"},"previousItem":{"@type":"ListItem","@id":"https:\/\/www.eldigitaldeasturias.com\/noticias#listItem","name":"Home"}},{"@type":"ListItem","@id":"https:\/\/www.eldigitaldeasturias.com\/noticias\/planes-infantiles-para-una-escapada-a-madrid-este-otono\/#listItem","position":3,"name":"Planes infantiles para una escapada a Madrid este oto\u00f1o","previousItem":{"@type":"ListItem","@id":"https:\/\/www.eldigitaldeasturias.com\/noticias\/category\/turismo\/#listItem","name":"Turismo"}}]},{"@type":"Organization","@id":"https:\/\/www.eldigitaldeasturias.com\/noticias\/#organization","name":"El Digital de Asturias","description":"Hemeroteca","url":"https:\/\/www.eldigitaldeasturias.com\/noticias\/","email":"info@eldigitaldeasturias.com","telephone":"+34652131393","logo":{"@type":"ImageObject","url":"https:\/\/www.eldigitaldeasturias.com\/noticias\/wp-content\/uploads\/2020\/12\/EDA.jpg","@id":"https:\/\/www.eldigitaldeasturias.com\/noticias\/planes-infantiles-para-una-escapada-a-madrid-este-otono\/#organizationLogo","width":649,"height":297},"image":{"@id":"https:\/\/www.eldigitaldeasturias.com\/noticias\/planes-infantiles-para-una-escapada-a-madrid-este-otono\/#organizationLogo"},"sameAs":["https:\/\/facebook.com\/eldigitaldeasturias","https:\/\/www.youtube.com\/channel\/UCZP-2wLEB9Rv6erhFmqVnvg"],"address":{"@id":"https:\/\/www.eldigitaldeasturias.com\/noticias\/#postaladdress","@type":"PostalAddress","streetAddress":"san antonio 4,","postalCode":"33430","addressLocality":"Cand\u00e1s","addressRegion":"Asturias","addressCountry":"ES"}},{"@type":"Person","@id":"https:\/\/www.eldigitaldeasturias.com\/noticias\/author\/admin\/#author","url":"https:\/\/www.eldigitaldeasturias.com\/noticias\/author\/admin\/","name":"El Digital de Asturias","image":{"@type":"ImageObject","@id":"https:\/\/www.eldigitaldeasturias.com\/noticias\/planes-infantiles-para-una-escapada-a-madrid-este-otono\/#authorImage","url":"https:\/\/www.eldigitaldeasturias.com\/noticias\/wp-content\/litespeed\/avatar\/18677e78aa0546b92d9dbf31ec7d7668.jpg?ver=1777290358","width":96,"height":96,"caption":"El Digital de Asturias"}},{"@type":"WebPage","@id":"https:\/\/www.eldigitaldeasturias.com\/noticias\/planes-infantiles-para-una-escapada-a-madrid-este-otono\/#webpage","url":"https:\/\/www.eldigitaldeasturias.com\/noticias\/planes-infantiles-para-una-escapada-a-madrid-este-otono\/","name":"Planes infantiles para una escapada a Madrid este oto\u00f1o - El Digital de Asturias","description":"La vuelta al cole ya comenz\u00f3 con su particular cuenta atr\u00e1s, en su apuesta por los m\u00e1s peque\u00f1os, el Centro Comercial Gran Plaza 2, de Majadahonda, tiene toda una agenda repleta de planes con los que hacer que estos d\u00edas previos al colegio sean m\u00e1s amenos. Una de las principales citas son los talleres de","inLanguage":"es-ES","isPartOf":{"@id":"https:\/\/www.eldigitaldeasturias.com\/noticias\/#website"},"breadcrumb":{"@id":"https:\/\/www.eldigitaldeasturias.com\/noticias\/planes-infantiles-para-una-escapada-a-madrid-este-otono\/#breadcrumblist"},"author":{"@id":"https:\/\/www.eldigitaldeasturias.com\/noticias\/author\/admin\/#author"},"creator":{"@id":"https:\/\/www.eldigitaldeasturias.com\/noticias\/author\/admin\/#author"},"image":{"@type":"ImageObject","url":"https:\/\/www.eldigitaldeasturias.com\/noticias\/wp-content\/uploads\/2019\/09\/Talleres-Gran-Plaza-2-IP.jpg","@id":"https:\/\/www.eldigitaldeasturias.com\/noticias\/planes-infantiles-para-una-escapada-a-madrid-este-otono\/#mainImage","width":693,"height":533},"primaryImageOfPage":{"@id":"https:\/\/www.eldigitaldeasturias.com\/noticias\/planes-infantiles-para-una-escapada-a-madrid-este-otono\/#mainImage"},"datePublished":"2019-09-05T11:04:30+02:00","dateModified":"2019-09-05T11:04:30+02:00"},{"@type":"WebSite","@id":"https:\/\/www.eldigitaldeasturias.com\/noticias\/#website","url":"https:\/\/www.eldigitaldeasturias.com\/noticias\/","name":"El Digital de Asturias - Diario de actualidad y noticias","alternateName":"El Digital de Asturias - Diario de actualidad y noticias","description":"Hemeroteca","inLanguage":"es-ES","publisher":{"@id":"https:\/\/www.eldigitaldeasturias.com\/noticias\/#organization"}}]},"og:locale":"es_ES","og:site_name":"El Digital de Asturias","og:type":"article","og:title":"Planes infantiles para una escapada a Madrid este oto\u00f1o - El Digital de Asturias","og:description":"La vuelta al cole ya comenz\u00f3 con su particular cuenta atr\u00e1s, en su apuesta por los m\u00e1s peque\u00f1os, el Centro Comercial Gran Plaza 2, de Majadahonda, tiene toda una agenda repleta de planes con los que hacer que estos d\u00edas previos al colegio sean m\u00e1s amenos. Una de las principales citas son los talleres de","og:url":"https:\/\/www.eldigitaldeasturias.com\/noticias\/planes-infantiles-para-una-escapada-a-madrid-este-otono\/","og:image":"https:\/\/www.eldigitaldeasturias.com\/noticias\/wp-content\/uploads\/2019\/09\/Talleres-Gran-Plaza-2-IP.jpg","og:image:secure_url":"https:\/\/www.eldigitaldeasturias.com\/noticias\/wp-content\/uploads\/2019\/09\/Talleres-Gran-Plaza-2-IP.jpg","og:image:width":693,"og:image:height":533,"article:tag":["turismo"],"article:published_time":"2019-09-05T11:04:30+00:00","article:modified_time":"2019-09-05T11:04:30+00:00","article:publisher":"https:\/\/facebook.com\/eldigitaldeasturias","twitter:card":"summary_large_image","twitter:title":"Planes infantiles para una escapada a Madrid este oto\u00f1o - El Digital de Asturias","twitter:description":"La vuelta al cole ya comenz\u00f3 con su particular cuenta atr\u00e1s, en su apuesta por los m\u00e1s peque\u00f1os, el Centro Comercial Gran Plaza 2, de Majadahonda, tiene toda una agenda repleta de planes con los que hacer que estos d\u00edas previos al colegio sean m\u00e1s amenos. Una de las principales citas son los talleres de","twitter:image":"https:\/\/www.eldigitaldeasturias.com\/noticias\/wp-content\/uploads\/2019\/09\/Talleres-Gran-Plaza-2-IP.jpg","twitter:label1":"Escrito por","twitter:data1":"El Digital de Asturias","twitter:label2":"Tiempo de lectura estimado","twitter:data2":"2 minutos"},"aioseo_meta_data":{"post_id":"1039730","title":null,"description":null,"keywords":null,"keyphrases":null,"primary_term":null,"canonical_url":null,"og_title":null,"og_description":null,"og_object_type":"default","og_image_type":"default","og_image_url":null,"og_image_width":null,"og_image_height":null,"og_image_custom_url":null,"og_image_custom_fields":null,"og_video":null,"og_custom_url":null,"og_article_section":null,"og_article_tags":null,"twitter_use_og":false,"twitter_card":"default","twitter_image_type":"default","twitter_image_url":null,"twitter_image_custom_url":null,"twitter_image_custom_fields":null,"twitter_title":null,"twitter_description":null,"schema":{"blockGraphs":[],"customGraphs":[],"default":{"data":{"Article":[],"Course":[],"Dataset":[],"FAQPage":[],"Movie":[],"Person":[],"Product":[],"ProductReview":[],"Car":[],"Recipe":[],"Service":[],"SoftwareApplication":[],"WebPage":[]},"graphName":"","isEnabled":true},"graphs":[],"defaultGraph":"","defaultPostTypeGraph":""},"schema_type":null,"schema_type_options":null,"pillar_content":false,"robots_default":true,"robots_noindex":false,"robots_noarchive":false,"robots_nosnippet":false,"robots_nofollow":false,"robots_noimageindex":false,"robots_noodp":false,"robots_notranslate":false,"robots_max_snippet":null,"robots_max_videopreview":null,"robots_max_imagepreview":"large","priority":null,"frequency":null,"local_seo":null,"seo_analyzer_scan_date":"2025-10-23 06:10:11","breadcrumb_settings":null,"limit_modified_date":false,"open_ai":null,"ai":null,"created":"2020-12-21 11:05:20","updated":"2025-10-23 06:10:11"},"aioseo_breadcrumb":"<div class=\"aioseo-breadcrumbs\"><span class=\"aioseo-breadcrumb\">\n\t<a href=\"https:\/\/www.eldigitaldeasturias.com\/noticias\" title=\"Home\">Home<\/a>\n<\/span><span class=\"aioseo-breadcrumb-separator\">\u2013<\/span><span class=\"aioseo-breadcrumb\">\n\t<a href=\"https:\/\/www.eldigitaldeasturias.com\/noticias\/category\/turismo\/\" title=\"Turismo\">Turismo<\/a>\n<\/span><span class=\"aioseo-breadcrumb-separator\">\u2013<\/span><span class=\"aioseo-breadcrumb\">\n\t<a href=\"https:\/\/www.eldigitaldeasturias.com\/noticias\/planes-infantiles-para-una-escapada-a-madrid-este-otono\/\" title=\"Planes infantiles para una escapada a Madrid este oto\u00f1o\">Planes infantiles para una escapada a Madrid este oto\u00f1o<\/a>\n<\/span><\/div>","aioseo_breadcrumb_json":[{"label":"Home","link":"https:\/\/www.eldigitaldeasturias.com\/noticias"},{"label":"Turismo","link":"https:\/\/www.eldigitaldeasturias.com\/noticias\/category\/turismo\/"},{"label":"Planes infantiles para una escapada a Madrid este oto\u00f1o","link":"https:\/\/www.eldigitaldeasturias.com\/noticias\/planes-infantiles-para-una-escapada-a-madrid-este-otono\/"}],"_links":{"self":[{"href":"https:\/\/www.eldigitaldeasturias.com\/noticias\/wp-json\/wp\/v2\/posts\/1039730","targetHints":{"allow":["GET"]}}],"collection":[{"href":"https:\/\/www.eldigitaldeasturias.com\/noticias\/wp-json\/wp\/v2\/posts"}],"about":[{"href":"https:\/\/www.eldigitaldeasturias.com\/noticias\/wp-json\/wp\/v2\/types\/post"}],"author":[{"embeddable":true,"href":"https:\/\/www.eldigitaldeasturias.com\/noticias\/wp-json\/wp\/v2\/users\/1"}],"replies":[{"embeddable":true,"href":"https:\/\/www.eldigitaldeasturias.com\/noticias\/wp-json\/wp\/v2\/comments?post=1039730"}],"version-history":[{"count":0,"href":"https:\/\/www.eldigitaldeasturias.com\/noticias\/wp-json\/wp\/v2\/posts\/1039730\/revisions"}],"wp:featuredmedia":[{"embeddable":true,"href":"https:\/\/www.eldigitaldeasturias.com\/noticias\/wp-json\/wp\/v2\/media\/1039733"}],"wp:attachment":[{"href":"https:\/\/www.eldigitaldeasturias.com\/noticias\/wp-json\/wp\/v2\/media?parent=1039730"}],"wp:term":[{"taxonomy":"category","embeddable":true,"href":"https:\/\/www.eldigitaldeasturias.com\/noticias\/wp-json\/wp\/v2\/categories?post=1039730"},{"taxonomy":"post_tag","embeddable":true,"href":"https:\/\/www.eldigitaldeasturias.com\/noticias\/wp-json\/wp\/v2\/tags?post=1039730"}],"curies":[{"name":"wp","href":"https:\/\/api.w.org\/{rel}","templated":true}]}}