{"id":1039371,"date":"2019-09-01T08:42:00","date_gmt":"2019-09-01T08:42:00","guid":{"rendered":"https:\/\/www.eldigitaldeasturias.com\/noticias\/?p=1039371"},"modified":"2019-09-01T08:42:00","modified_gmt":"2019-09-01T08:42:00","slug":"bisontes-y-naturaleza-salvaje-en-el-parque-polaco-de-bieszczady","status":"publish","type":"post","link":"https:\/\/www.eldigitaldeasturias.com\/noticias\/bisontes-y-naturaleza-salvaje-en-el-parque-polaco-de-bieszczady\/","title":{"rendered":"Bisontes y naturaleza salvaje en el parque polaco de Bieszczady"},"content":{"rendered":"<figure id=\"attachment_1039372\" aria-describedby=\"caption-attachment-1039372\" style=\"width: 360px\" class=\"wp-caption alignleft\"><img loading=\"lazy\" decoding=\"async\" class=\"size-medium wp-image-1039372\" src=\"https:\/\/www.eldigitaldeasturias.com\/noticias\/wp-content\/uploads\/2019\/09\/parque-polaco-de-Bieszczady-360x243.jpg\" alt=\"\" width=\"360\" height=\"243\" srcset=\"https:\/\/www.eldigitaldeasturias.com\/noticias\/wp-content\/uploads\/2019\/09\/parque-polaco-de-Bieszczady-360x243.jpg 360w, https:\/\/www.eldigitaldeasturias.com\/noticias\/wp-content\/uploads\/2019\/09\/parque-polaco-de-Bieszczady-768x518.jpg 768w, https:\/\/www.eldigitaldeasturias.com\/noticias\/wp-content\/uploads\/2019\/09\/parque-polaco-de-Bieszczady-650x438.jpg 650w, https:\/\/www.eldigitaldeasturias.com\/noticias\/wp-content\/uploads\/2019\/09\/parque-polaco-de-Bieszczady.jpg 998w\" sizes=\"auto, (max-width: 360px) 100vw, 360px\" \/><figcaption id=\"caption-attachment-1039372\" class=\"wp-caption-text\">Foto: Isabelle Modler\/dpa<\/figcaption><\/figure>\n<p>Rzeszow (Polonia) (dpa) \u2013 Baja lentamente el hocico para pastar, levanta la mirada, olisquea brevemente el aire y continua comiendo. El cervatillo est\u00e1 en un claro a menos de 200 metros de distancia.<\/p>\n<p>No parece tener miedo a los humanos, incluso aunque se acerquen un poco m\u00e1s. \u00abSe llama Karol\u00bb, dice un hombre sentado frente a una caba\u00f1a de madera cercana que sostiene una navaja en la mano.<\/p>\n<p>\u00abEs un joven ciervo muy manso\u00bb, asegura Waldemar Witkowski, quien asegura conocer a la madre del animal desde hace a\u00f1os. Cerca, sobre la hierba, hay una esbelta cierva que parece observarnos.<\/p>\n<p>\u00ab\u00a1Katerine!\u00bb, grita Witkowski. El animal se acerca.<\/p>\n<p>El hombre que sostiene una navaja en la mano vive en las proximidades de Solina, en el sureste de Polonia, pero viaja a menudo a su casa de campo cerca de Wetlina, atra\u00eddo por la vasta naturaleza.<\/p>\n<p>Aqu\u00ed, en las estribaciones de los C\u00e1rpatos, junto a las fronteras de Ucrania y Eslovaquia, se encuentra el <strong>Parque Nacional Bieszczady<\/strong>, el mayor de las monta\u00f1as polacas -con m\u00e1s de 29.000 hect\u00e1reas-.<\/p>\n<p>Declarado parque nacional en 1973, forma parte de la <strong>Reserva de la biosfera Carp\u00e1tica oriental de la UNESCO desde 1992<\/strong>. Tarnica, el pico m\u00e1s alto de las monta\u00f1as de Bieszczady se eleva a 1.346 metros de altura.<\/p>\n<p>Witkowski est\u00e1 sentado al aire libre, tallando. Sus gafas reposan sobre su nariz mientras desliza su navaja r\u00e1pidamente sobre un fragmento de madera de tilo. Peque\u00f1as virutas saltan al suelo mientras el artista crea una figura.<\/p>\n<p>En el inclinado techo de la caba\u00f1a hay un letrero con letras rojas en el que puede leerse: \u00abGaleria nad Berehami\u00bb. Fundada hace a\u00f1os por varios artistas, en esta galer\u00eda pueden comprarse esculturas, m\u00e1scaras, pinturas y mapas de la regi\u00f3n.<\/p>\n<p>\u00abClaro que hay lobos aqu\u00ed\u00bb, afirma Witkowski. La mayor\u00eda de las veces los animales se mueven por el bosque como si de sombras se tratara. Adem\u00e1s de lobos hay osos pardos, linces, gatos monteses, castores, nutrias e incluso bisontes.<\/p>\n<p><strong>El bisonte europeo fue reintroducido en los bosques polacos en 1963<\/strong>. Los \u00faltimos ejemplares en estado salvaje fueran casi exterminados durante la Primera Guerra Mundial. Especie todav\u00eda amenazada, se reproduce fruct\u00edferamente en Bieszczady.<\/p>\n<p>Para observar a estos grandes mam\u00edferos desde una distancia segura, vale la pena visitar el recinto del parque acondicionado para su reintroducci\u00f3n, donde se los prepara para volver a la naturaleza despu\u00e9s de ser sometidos a un examen m\u00e9dico y de implantarles transmisores GPS.<\/p>\n<p>Normalmente el bisonte es un animal tranquilo pero en caso de que los senderistas se encuentren a uno de ellos o a una manada en la naturaleza salvaje \u00abdeben de guardar silencio y mantener la distancia\u00bb, aconseja Kja Hrabal, agente educativo.<\/p>\n<p>Estos enormes mam\u00edferos ayudan a mantener la diversidad de flora y fauna ya que al necesitar mucho alimento mantienen grandes superficies forestales con praderas y pastos.<\/p>\n<p>Parte del parque y \u00e1reas colindantes est\u00e1n deshabitadas. Ello se debe a un oscuro cap\u00edtulo de la historia polaca, la denominada <strong>Operaci\u00f3n V\u00edstula<\/strong>.<\/p>\n<p>Tras la Segunda Guerra Mundial, la Polonia comunista decidi\u00f3 dejar de tolerar a las minor\u00edas \u00e9tnicas del lugar. As\u00ed que <strong>en abril de 1947 los militares polacos procedieron a deportar a ucranianos, boicos y lemkos<\/strong>.<\/p>\n<p>Aqu\u00e9llos que se resistieron se escondieron en los bosques pero los militares les cortaron los suministros y una vez deportados procedieron a quemar muchas de sus casas e iglesias.<\/p>\n<p><strong>Todav\u00eda hoy los senderistas pueden encontrarse ocasionalmente con ruinas de cementerios y antiguos asentamientos<\/strong>. En Ulucz, solo una iglesia ortodoxa de madera resisti\u00f3 el fuego.<\/p>\n<p>Los visitantes pueden explorar el paisaje a trav\u00e9s de senderos, en bicicleta, en un ferrocarril de v\u00eda estrecha de un siglo de antig\u00fcedad o a caballo. La regi\u00f3n es famosa por sus ponis Hucul, considerados especialmente mansos y seguros. Algunas caballerizas ofrecen paseos en carruaje o campo a trav\u00e9s.<\/p>\n<p>Si el nivel del agua del r\u00edo San lo permite, los visitantes pueden alquilar una canoa y navegar r\u00edo abajo para disfrutar de las exuberantes vistas verdes del valle.<\/p>\n<p>Al norte, <strong>el San desemboca en el embalse de Solina<\/strong>, el mayor de Polonia, en cuyas inmediaciones hay campings, hoteles, instalaciones especializadas en el turismo del bienestar y centros deportivos. Para aquellos interesados en la cultura, la regi\u00f3n tambi\u00e9n vale la pena una visita.<\/p>\n<p>En Sanok, un museo al aire libre presenta la historia de la regi\u00f3n fronteriza entre Polonia y Ucrania. <strong>La ciudad medieval sobre el id\u00edlico valle de San alberga una gran colecci\u00f3n de iconos en el museo de un castillo del siglo XVI<\/strong>.<\/p>\n<p>M\u00e1s al norte, pueden encontrarse muchas iglesias de madera que fueron incorporadas a la lista del Patrimonio Mundial de la UNESCO en 2003. Una de ellas, ubicada en Haczow cuya construcci\u00f3n data de 1388, es considerada la iglesia g\u00f3tica de madera m\u00e1s grande de Europa.<\/p>\n<p><i class=\"lang-es\"><span class=\" readonly\" title=\"\">Por Isabelle Modler (dpa)<\/span><\/i><\/p>\n","protected":false},"excerpt":{"rendered":"<p>Rzeszow (Polonia) (dpa) \u2013 Baja lentamente el hocico para pastar, levanta la mirada, olisquea brevemente el aire y continua comiendo. El cervatillo est\u00e1 en un claro a menos de 200 metros de distancia. No parece tener miedo a los humanos, incluso aunque se acerquen un poco m\u00e1s. \u00abSe llama Karol\u00bb, dice un hombre sentado frente [&hellip;]<\/p>\n","protected":false},"author":1,"featured_media":1039372,"comment_status":"closed","ping_status":"closed","sticky":false,"template":"","format":"standard","meta":{"footnotes":""},"categories":[148],"tags":[],"class_list":["post-1039371","post","type-post","status-publish","format-standard","has-post-thumbnail","hentry","category-turismo"],"aioseo_notices":[],"aioseo_head":"\n\t\t<!-- All in One SEO Pro 4.9.6.2 - aioseo.com -->\n\t<meta name=\"description\" content=\"Rzeszow (Polonia) (dpa) \u2013 Baja lentamente el hocico para pastar, levanta la mirada, olisquea brevemente el aire y continua comiendo. El cervatillo est\u00e1 en un claro a menos de 200 metros de distancia. No parece tener miedo a los humanos, incluso aunque se acerquen un poco m\u00e1s. &quot;Se llama Karol&quot;, dice un hombre sentado frente\" \/>\n\t<meta name=\"robots\" content=\"max-image-preview:large\" \/>\n\t<meta name=\"author\" content=\"El Digital de Asturias\"\/>\n\t<meta name=\"google-site-verification\" content=\"UA-38556648-1\" \/>\n\t<meta name=\"msvalidate.01\" content=\"7dfe9f3f1b24437ab69f4f2559babe99\" \/>\n\t<meta name=\"keywords\" content=\"turismo\" \/>\n\t<link rel=\"canonical\" href=\"https:\/\/www.eldigitaldeasturias.com\/noticias\/bisontes-y-naturaleza-salvaje-en-el-parque-polaco-de-bieszczady\/\" \/>\n\t<meta name=\"generator\" content=\"All in One SEO Pro (AIOSEO) 4.9.6.2\" \/>\n\t\t<meta property=\"og:locale\" content=\"es_ES\" \/>\n\t\t<meta property=\"og:site_name\" content=\"El Digital de Asturias\" \/>\n\t\t<meta property=\"og:type\" content=\"article\" \/>\n\t\t<meta property=\"og:title\" content=\"Bisontes y naturaleza salvaje en el parque polaco de Bieszczady - El Digital de Asturias\" \/>\n\t\t<meta property=\"og:description\" content=\"Rzeszow (Polonia) (dpa) \u2013 Baja lentamente el hocico para pastar, levanta la mirada, olisquea brevemente el aire y continua comiendo. El cervatillo est\u00e1 en un claro a menos de 200 metros de distancia. No parece tener miedo a los humanos, incluso aunque se acerquen un poco m\u00e1s. &quot;Se llama Karol&quot;, dice un hombre sentado frente\" \/>\n\t\t<meta property=\"og:url\" content=\"https:\/\/www.eldigitaldeasturias.com\/noticias\/bisontes-y-naturaleza-salvaje-en-el-parque-polaco-de-bieszczady\/\" \/>\n\t\t<meta property=\"og:image\" content=\"https:\/\/www.eldigitaldeasturias.com\/noticias\/wp-content\/uploads\/2019\/09\/parque-polaco-de-Bieszczady.jpg\" \/>\n\t\t<meta property=\"og:image:secure_url\" content=\"https:\/\/www.eldigitaldeasturias.com\/noticias\/wp-content\/uploads\/2019\/09\/parque-polaco-de-Bieszczady.jpg\" \/>\n\t\t<meta property=\"og:image:width\" content=\"998\" \/>\n\t\t<meta property=\"og:image:height\" content=\"673\" \/>\n\t\t<meta property=\"article:tag\" content=\"turismo\" \/>\n\t\t<meta property=\"article:published_time\" content=\"2019-09-01T08:42:00+00:00\" \/>\n\t\t<meta property=\"article:modified_time\" content=\"2019-09-01T08:42:00+00:00\" \/>\n\t\t<meta property=\"article:publisher\" content=\"https:\/\/facebook.com\/eldigitaldeasturias\" \/>\n\t\t<meta name=\"twitter:card\" content=\"summary_large_image\" \/>\n\t\t<meta name=\"twitter:title\" content=\"Bisontes y naturaleza salvaje en el parque polaco de Bieszczady - El Digital de Asturias\" \/>\n\t\t<meta name=\"twitter:description\" content=\"Rzeszow (Polonia) (dpa) \u2013 Baja lentamente el hocico para pastar, levanta la mirada, olisquea brevemente el aire y continua comiendo. El cervatillo est\u00e1 en un claro a menos de 200 metros de distancia. No parece tener miedo a los humanos, incluso aunque se acerquen un poco m\u00e1s. &quot;Se llama Karol&quot;, dice un hombre sentado frente\" \/>\n\t\t<meta name=\"twitter:image\" content=\"https:\/\/www.eldigitaldeasturias.com\/noticias\/wp-content\/uploads\/2019\/09\/parque-polaco-de-Bieszczady.jpg\" \/>\n\t\t<meta name=\"twitter:label1\" content=\"Escrito por\" \/>\n\t\t<meta name=\"twitter:data1\" content=\"El Digital de Asturias\" \/>\n\t\t<meta name=\"twitter:label2\" content=\"Tiempo de lectura estimado\" \/>\n\t\t<meta name=\"twitter:data2\" content=\"4 minutos\" \/>\n\t\t<script type=\"application\/ld+json\" class=\"aioseo-schema\">\n\t\t\t{\"@context\":\"https:\\\/\\\/schema.org\",\"@graph\":[{\"@type\":\"BlogPosting\",\"@id\":\"https:\\\/\\\/www.eldigitaldeasturias.com\\\/noticias\\\/bisontes-y-naturaleza-salvaje-en-el-parque-polaco-de-bieszczady\\\/#blogposting\",\"name\":\"Bisontes y naturaleza salvaje en el parque polaco de Bieszczady - El Digital de Asturias\",\"headline\":\"Bisontes y naturaleza salvaje en el parque polaco de Bieszczady\",\"author\":{\"@id\":\"https:\\\/\\\/www.eldigitaldeasturias.com\\\/noticias\\\/author\\\/admin\\\/#author\"},\"publisher\":{\"@id\":\"https:\\\/\\\/www.eldigitaldeasturias.com\\\/noticias\\\/#organization\"},\"image\":{\"@type\":\"ImageObject\",\"url\":\"https:\\\/\\\/www.eldigitaldeasturias.com\\\/noticias\\\/wp-content\\\/uploads\\\/2019\\\/09\\\/parque-polaco-de-Bieszczady.jpg\",\"width\":998,\"height\":673,\"caption\":\"Foto: Isabelle Modler\\\/dpa\"},\"datePublished\":\"2019-09-01T08:42:00+02:00\",\"dateModified\":\"2019-09-01T08:42:00+02:00\",\"inLanguage\":\"es-ES\",\"mainEntityOfPage\":{\"@id\":\"https:\\\/\\\/www.eldigitaldeasturias.com\\\/noticias\\\/bisontes-y-naturaleza-salvaje-en-el-parque-polaco-de-bieszczady\\\/#webpage\"},\"isPartOf\":{\"@id\":\"https:\\\/\\\/www.eldigitaldeasturias.com\\\/noticias\\\/bisontes-y-naturaleza-salvaje-en-el-parque-polaco-de-bieszczady\\\/#webpage\"},\"articleSection\":\"Turismo\"},{\"@type\":\"BreadcrumbList\",\"@id\":\"https:\\\/\\\/www.eldigitaldeasturias.com\\\/noticias\\\/bisontes-y-naturaleza-salvaje-en-el-parque-polaco-de-bieszczady\\\/#breadcrumblist\",\"itemListElement\":[{\"@type\":\"ListItem\",\"@id\":\"https:\\\/\\\/www.eldigitaldeasturias.com\\\/noticias#listItem\",\"position\":1,\"name\":\"Home\",\"item\":\"https:\\\/\\\/www.eldigitaldeasturias.com\\\/noticias\",\"nextItem\":{\"@type\":\"ListItem\",\"@id\":\"https:\\\/\\\/www.eldigitaldeasturias.com\\\/noticias\\\/category\\\/turismo\\\/#listItem\",\"name\":\"Turismo\"}},{\"@type\":\"ListItem\",\"@id\":\"https:\\\/\\\/www.eldigitaldeasturias.com\\\/noticias\\\/category\\\/turismo\\\/#listItem\",\"position\":2,\"name\":\"Turismo\",\"item\":\"https:\\\/\\\/www.eldigitaldeasturias.com\\\/noticias\\\/category\\\/turismo\\\/\",\"nextItem\":{\"@type\":\"ListItem\",\"@id\":\"https:\\\/\\\/www.eldigitaldeasturias.com\\\/noticias\\\/bisontes-y-naturaleza-salvaje-en-el-parque-polaco-de-bieszczady\\\/#listItem\",\"name\":\"Bisontes y naturaleza salvaje en el parque polaco de Bieszczady\"},\"previousItem\":{\"@type\":\"ListItem\",\"@id\":\"https:\\\/\\\/www.eldigitaldeasturias.com\\\/noticias#listItem\",\"name\":\"Home\"}},{\"@type\":\"ListItem\",\"@id\":\"https:\\\/\\\/www.eldigitaldeasturias.com\\\/noticias\\\/bisontes-y-naturaleza-salvaje-en-el-parque-polaco-de-bieszczady\\\/#listItem\",\"position\":3,\"name\":\"Bisontes y naturaleza salvaje en el parque polaco de Bieszczady\",\"previousItem\":{\"@type\":\"ListItem\",\"@id\":\"https:\\\/\\\/www.eldigitaldeasturias.com\\\/noticias\\\/category\\\/turismo\\\/#listItem\",\"name\":\"Turismo\"}}]},{\"@type\":\"Organization\",\"@id\":\"https:\\\/\\\/www.eldigitaldeasturias.com\\\/noticias\\\/#organization\",\"name\":\"El Digital de Asturias\",\"description\":\"Hemeroteca\",\"url\":\"https:\\\/\\\/www.eldigitaldeasturias.com\\\/noticias\\\/\",\"email\":\"info@eldigitaldeasturias.com\",\"telephone\":\"+34652131393\",\"logo\":{\"@type\":\"ImageObject\",\"url\":\"https:\\\/\\\/www.eldigitaldeasturias.com\\\/noticias\\\/wp-content\\\/uploads\\\/2020\\\/12\\\/EDA.jpg\",\"@id\":\"https:\\\/\\\/www.eldigitaldeasturias.com\\\/noticias\\\/bisontes-y-naturaleza-salvaje-en-el-parque-polaco-de-bieszczady\\\/#organizationLogo\",\"width\":649,\"height\":297},\"image\":{\"@id\":\"https:\\\/\\\/www.eldigitaldeasturias.com\\\/noticias\\\/bisontes-y-naturaleza-salvaje-en-el-parque-polaco-de-bieszczady\\\/#organizationLogo\"},\"sameAs\":[\"https:\\\/\\\/facebook.com\\\/eldigitaldeasturias\",\"https:\\\/\\\/www.youtube.com\\\/channel\\\/UCZP-2wLEB9Rv6erhFmqVnvg\"],\"address\":{\"@id\":\"https:\\\/\\\/www.eldigitaldeasturias.com\\\/noticias\\\/#postaladdress\",\"@type\":\"PostalAddress\",\"streetAddress\":\"san antonio 4,\",\"postalCode\":\"33430\",\"addressLocality\":\"Cand\\u00e1s\",\"addressRegion\":\"Asturias\",\"addressCountry\":\"ES\"}},{\"@type\":\"Person\",\"@id\":\"https:\\\/\\\/www.eldigitaldeasturias.com\\\/noticias\\\/author\\\/admin\\\/#author\",\"url\":\"https:\\\/\\\/www.eldigitaldeasturias.com\\\/noticias\\\/author\\\/admin\\\/\",\"name\":\"El Digital de Asturias\",\"image\":{\"@type\":\"ImageObject\",\"@id\":\"https:\\\/\\\/www.eldigitaldeasturias.com\\\/noticias\\\/bisontes-y-naturaleza-salvaje-en-el-parque-polaco-de-bieszczady\\\/#authorImage\",\"url\":\"https:\\\/\\\/www.eldigitaldeasturias.com\\\/noticias\\\/wp-content\\\/litespeed\\\/avatar\\\/18677e78aa0546b92d9dbf31ec7d7668.jpg?ver=1777290358\",\"width\":96,\"height\":96,\"caption\":\"El Digital de Asturias\"}},{\"@type\":\"WebPage\",\"@id\":\"https:\\\/\\\/www.eldigitaldeasturias.com\\\/noticias\\\/bisontes-y-naturaleza-salvaje-en-el-parque-polaco-de-bieszczady\\\/#webpage\",\"url\":\"https:\\\/\\\/www.eldigitaldeasturias.com\\\/noticias\\\/bisontes-y-naturaleza-salvaje-en-el-parque-polaco-de-bieszczady\\\/\",\"name\":\"Bisontes y naturaleza salvaje en el parque polaco de Bieszczady - El Digital de Asturias\",\"description\":\"Rzeszow (Polonia) (dpa) \\u2013 Baja lentamente el hocico para pastar, levanta la mirada, olisquea brevemente el aire y continua comiendo. El cervatillo est\\u00e1 en un claro a menos de 200 metros de distancia. No parece tener miedo a los humanos, incluso aunque se acerquen un poco m\\u00e1s. \\\"Se llama Karol\\\", dice un hombre sentado frente\",\"inLanguage\":\"es-ES\",\"isPartOf\":{\"@id\":\"https:\\\/\\\/www.eldigitaldeasturias.com\\\/noticias\\\/#website\"},\"breadcrumb\":{\"@id\":\"https:\\\/\\\/www.eldigitaldeasturias.com\\\/noticias\\\/bisontes-y-naturaleza-salvaje-en-el-parque-polaco-de-bieszczady\\\/#breadcrumblist\"},\"author\":{\"@id\":\"https:\\\/\\\/www.eldigitaldeasturias.com\\\/noticias\\\/author\\\/admin\\\/#author\"},\"creator\":{\"@id\":\"https:\\\/\\\/www.eldigitaldeasturias.com\\\/noticias\\\/author\\\/admin\\\/#author\"},\"image\":{\"@type\":\"ImageObject\",\"url\":\"https:\\\/\\\/www.eldigitaldeasturias.com\\\/noticias\\\/wp-content\\\/uploads\\\/2019\\\/09\\\/parque-polaco-de-Bieszczady.jpg\",\"@id\":\"https:\\\/\\\/www.eldigitaldeasturias.com\\\/noticias\\\/bisontes-y-naturaleza-salvaje-en-el-parque-polaco-de-bieszczady\\\/#mainImage\",\"width\":998,\"height\":673,\"caption\":\"Foto: Isabelle Modler\\\/dpa\"},\"primaryImageOfPage\":{\"@id\":\"https:\\\/\\\/www.eldigitaldeasturias.com\\\/noticias\\\/bisontes-y-naturaleza-salvaje-en-el-parque-polaco-de-bieszczady\\\/#mainImage\"},\"datePublished\":\"2019-09-01T08:42:00+02:00\",\"dateModified\":\"2019-09-01T08:42:00+02:00\"},{\"@type\":\"WebSite\",\"@id\":\"https:\\\/\\\/www.eldigitaldeasturias.com\\\/noticias\\\/#website\",\"url\":\"https:\\\/\\\/www.eldigitaldeasturias.com\\\/noticias\\\/\",\"name\":\"El Digital de Asturias - Diario de actualidad y noticias\",\"alternateName\":\"El Digital de Asturias - Diario de actualidad y noticias\",\"description\":\"Hemeroteca\",\"inLanguage\":\"es-ES\",\"publisher\":{\"@id\":\"https:\\\/\\\/www.eldigitaldeasturias.com\\\/noticias\\\/#organization\"}}]}\n\t\t<\/script>\n\t\t<!-- All in One SEO Pro -->\r\n\t\t<title>Bisontes y naturaleza salvaje en el parque polaco de Bieszczady - El Digital de Asturias<\/title>\n\n","aioseo_head_json":{"title":"Bisontes y naturaleza salvaje en el parque polaco de Bieszczady - El Digital de Asturias","description":"Rzeszow (Polonia) (dpa) \u2013 Baja lentamente el hocico para pastar, levanta la mirada, olisquea brevemente el aire y continua comiendo. El cervatillo est\u00e1 en un claro a menos de 200 metros de distancia. No parece tener miedo a los humanos, incluso aunque se acerquen un poco m\u00e1s. \"Se llama Karol\", dice un hombre sentado frente","canonical_url":"https:\/\/www.eldigitaldeasturias.com\/noticias\/bisontes-y-naturaleza-salvaje-en-el-parque-polaco-de-bieszczady\/","robots":"max-image-preview:large","keywords":"turismo","webmasterTools":{"google-site-verification":"UA-38556648-1","msvalidate.01":"7dfe9f3f1b24437ab69f4f2559babe99","miscellaneous":""},"schema":{"@context":"https:\/\/schema.org","@graph":[{"@type":"BlogPosting","@id":"https:\/\/www.eldigitaldeasturias.com\/noticias\/bisontes-y-naturaleza-salvaje-en-el-parque-polaco-de-bieszczady\/#blogposting","name":"Bisontes y naturaleza salvaje en el parque polaco de Bieszczady - El Digital de Asturias","headline":"Bisontes y naturaleza salvaje en el parque polaco de Bieszczady","author":{"@id":"https:\/\/www.eldigitaldeasturias.com\/noticias\/author\/admin\/#author"},"publisher":{"@id":"https:\/\/www.eldigitaldeasturias.com\/noticias\/#organization"},"image":{"@type":"ImageObject","url":"https:\/\/www.eldigitaldeasturias.com\/noticias\/wp-content\/uploads\/2019\/09\/parque-polaco-de-Bieszczady.jpg","width":998,"height":673,"caption":"Foto: Isabelle Modler\/dpa"},"datePublished":"2019-09-01T08:42:00+02:00","dateModified":"2019-09-01T08:42:00+02:00","inLanguage":"es-ES","mainEntityOfPage":{"@id":"https:\/\/www.eldigitaldeasturias.com\/noticias\/bisontes-y-naturaleza-salvaje-en-el-parque-polaco-de-bieszczady\/#webpage"},"isPartOf":{"@id":"https:\/\/www.eldigitaldeasturias.com\/noticias\/bisontes-y-naturaleza-salvaje-en-el-parque-polaco-de-bieszczady\/#webpage"},"articleSection":"Turismo"},{"@type":"BreadcrumbList","@id":"https:\/\/www.eldigitaldeasturias.com\/noticias\/bisontes-y-naturaleza-salvaje-en-el-parque-polaco-de-bieszczady\/#breadcrumblist","itemListElement":[{"@type":"ListItem","@id":"https:\/\/www.eldigitaldeasturias.com\/noticias#listItem","position":1,"name":"Home","item":"https:\/\/www.eldigitaldeasturias.com\/noticias","nextItem":{"@type":"ListItem","@id":"https:\/\/www.eldigitaldeasturias.com\/noticias\/category\/turismo\/#listItem","name":"Turismo"}},{"@type":"ListItem","@id":"https:\/\/www.eldigitaldeasturias.com\/noticias\/category\/turismo\/#listItem","position":2,"name":"Turismo","item":"https:\/\/www.eldigitaldeasturias.com\/noticias\/category\/turismo\/","nextItem":{"@type":"ListItem","@id":"https:\/\/www.eldigitaldeasturias.com\/noticias\/bisontes-y-naturaleza-salvaje-en-el-parque-polaco-de-bieszczady\/#listItem","name":"Bisontes y naturaleza salvaje en el parque polaco de Bieszczady"},"previousItem":{"@type":"ListItem","@id":"https:\/\/www.eldigitaldeasturias.com\/noticias#listItem","name":"Home"}},{"@type":"ListItem","@id":"https:\/\/www.eldigitaldeasturias.com\/noticias\/bisontes-y-naturaleza-salvaje-en-el-parque-polaco-de-bieszczady\/#listItem","position":3,"name":"Bisontes y naturaleza salvaje en el parque polaco de Bieszczady","previousItem":{"@type":"ListItem","@id":"https:\/\/www.eldigitaldeasturias.com\/noticias\/category\/turismo\/#listItem","name":"Turismo"}}]},{"@type":"Organization","@id":"https:\/\/www.eldigitaldeasturias.com\/noticias\/#organization","name":"El Digital de Asturias","description":"Hemeroteca","url":"https:\/\/www.eldigitaldeasturias.com\/noticias\/","email":"info@eldigitaldeasturias.com","telephone":"+34652131393","logo":{"@type":"ImageObject","url":"https:\/\/www.eldigitaldeasturias.com\/noticias\/wp-content\/uploads\/2020\/12\/EDA.jpg","@id":"https:\/\/www.eldigitaldeasturias.com\/noticias\/bisontes-y-naturaleza-salvaje-en-el-parque-polaco-de-bieszczady\/#organizationLogo","width":649,"height":297},"image":{"@id":"https:\/\/www.eldigitaldeasturias.com\/noticias\/bisontes-y-naturaleza-salvaje-en-el-parque-polaco-de-bieszczady\/#organizationLogo"},"sameAs":["https:\/\/facebook.com\/eldigitaldeasturias","https:\/\/www.youtube.com\/channel\/UCZP-2wLEB9Rv6erhFmqVnvg"],"address":{"@id":"https:\/\/www.eldigitaldeasturias.com\/noticias\/#postaladdress","@type":"PostalAddress","streetAddress":"san antonio 4,","postalCode":"33430","addressLocality":"Cand\u00e1s","addressRegion":"Asturias","addressCountry":"ES"}},{"@type":"Person","@id":"https:\/\/www.eldigitaldeasturias.com\/noticias\/author\/admin\/#author","url":"https:\/\/www.eldigitaldeasturias.com\/noticias\/author\/admin\/","name":"El Digital de Asturias","image":{"@type":"ImageObject","@id":"https:\/\/www.eldigitaldeasturias.com\/noticias\/bisontes-y-naturaleza-salvaje-en-el-parque-polaco-de-bieszczady\/#authorImage","url":"https:\/\/www.eldigitaldeasturias.com\/noticias\/wp-content\/litespeed\/avatar\/18677e78aa0546b92d9dbf31ec7d7668.jpg?ver=1777290358","width":96,"height":96,"caption":"El Digital de Asturias"}},{"@type":"WebPage","@id":"https:\/\/www.eldigitaldeasturias.com\/noticias\/bisontes-y-naturaleza-salvaje-en-el-parque-polaco-de-bieszczady\/#webpage","url":"https:\/\/www.eldigitaldeasturias.com\/noticias\/bisontes-y-naturaleza-salvaje-en-el-parque-polaco-de-bieszczady\/","name":"Bisontes y naturaleza salvaje en el parque polaco de Bieszczady - El Digital de Asturias","description":"Rzeszow (Polonia) (dpa) \u2013 Baja lentamente el hocico para pastar, levanta la mirada, olisquea brevemente el aire y continua comiendo. El cervatillo est\u00e1 en un claro a menos de 200 metros de distancia. No parece tener miedo a los humanos, incluso aunque se acerquen un poco m\u00e1s. \"Se llama Karol\", dice un hombre sentado frente","inLanguage":"es-ES","isPartOf":{"@id":"https:\/\/www.eldigitaldeasturias.com\/noticias\/#website"},"breadcrumb":{"@id":"https:\/\/www.eldigitaldeasturias.com\/noticias\/bisontes-y-naturaleza-salvaje-en-el-parque-polaco-de-bieszczady\/#breadcrumblist"},"author":{"@id":"https:\/\/www.eldigitaldeasturias.com\/noticias\/author\/admin\/#author"},"creator":{"@id":"https:\/\/www.eldigitaldeasturias.com\/noticias\/author\/admin\/#author"},"image":{"@type":"ImageObject","url":"https:\/\/www.eldigitaldeasturias.com\/noticias\/wp-content\/uploads\/2019\/09\/parque-polaco-de-Bieszczady.jpg","@id":"https:\/\/www.eldigitaldeasturias.com\/noticias\/bisontes-y-naturaleza-salvaje-en-el-parque-polaco-de-bieszczady\/#mainImage","width":998,"height":673,"caption":"Foto: Isabelle Modler\/dpa"},"primaryImageOfPage":{"@id":"https:\/\/www.eldigitaldeasturias.com\/noticias\/bisontes-y-naturaleza-salvaje-en-el-parque-polaco-de-bieszczady\/#mainImage"},"datePublished":"2019-09-01T08:42:00+02:00","dateModified":"2019-09-01T08:42:00+02:00"},{"@type":"WebSite","@id":"https:\/\/www.eldigitaldeasturias.com\/noticias\/#website","url":"https:\/\/www.eldigitaldeasturias.com\/noticias\/","name":"El Digital de Asturias - Diario de actualidad y noticias","alternateName":"El Digital de Asturias - Diario de actualidad y noticias","description":"Hemeroteca","inLanguage":"es-ES","publisher":{"@id":"https:\/\/www.eldigitaldeasturias.com\/noticias\/#organization"}}]},"og:locale":"es_ES","og:site_name":"El Digital de Asturias","og:type":"article","og:title":"Bisontes y naturaleza salvaje en el parque polaco de Bieszczady - El Digital de Asturias","og:description":"Rzeszow (Polonia) (dpa) \u2013 Baja lentamente el hocico para pastar, levanta la mirada, olisquea brevemente el aire y continua comiendo. El cervatillo est\u00e1 en un claro a menos de 200 metros de distancia. No parece tener miedo a los humanos, incluso aunque se acerquen un poco m\u00e1s. &quot;Se llama Karol&quot;, dice un hombre sentado frente","og:url":"https:\/\/www.eldigitaldeasturias.com\/noticias\/bisontes-y-naturaleza-salvaje-en-el-parque-polaco-de-bieszczady\/","og:image":"https:\/\/www.eldigitaldeasturias.com\/noticias\/wp-content\/uploads\/2019\/09\/parque-polaco-de-Bieszczady.jpg","og:image:secure_url":"https:\/\/www.eldigitaldeasturias.com\/noticias\/wp-content\/uploads\/2019\/09\/parque-polaco-de-Bieszczady.jpg","og:image:width":998,"og:image:height":673,"article:tag":["turismo"],"article:published_time":"2019-09-01T08:42:00+00:00","article:modified_time":"2019-09-01T08:42:00+00:00","article:publisher":"https:\/\/facebook.com\/eldigitaldeasturias","twitter:card":"summary_large_image","twitter:title":"Bisontes y naturaleza salvaje en el parque polaco de Bieszczady - El Digital de Asturias","twitter:description":"Rzeszow (Polonia) (dpa) \u2013 Baja lentamente el hocico para pastar, levanta la mirada, olisquea brevemente el aire y continua comiendo. El cervatillo est\u00e1 en un claro a menos de 200 metros de distancia. No parece tener miedo a los humanos, incluso aunque se acerquen un poco m\u00e1s. &quot;Se llama Karol&quot;, dice un hombre sentado frente","twitter:image":"https:\/\/www.eldigitaldeasturias.com\/noticias\/wp-content\/uploads\/2019\/09\/parque-polaco-de-Bieszczady.jpg","twitter:label1":"Escrito por","twitter:data1":"El Digital de Asturias","twitter:label2":"Tiempo de lectura estimado","twitter:data2":"4 minutos"},"aioseo_meta_data":{"post_id":"1039371","title":null,"description":null,"keywords":null,"keyphrases":null,"primary_term":null,"canonical_url":null,"og_title":null,"og_description":null,"og_object_type":"default","og_image_type":"default","og_image_url":null,"og_image_width":null,"og_image_height":null,"og_image_custom_url":null,"og_image_custom_fields":null,"og_video":null,"og_custom_url":null,"og_article_section":null,"og_article_tags":null,"twitter_use_og":false,"twitter_card":"default","twitter_image_type":"default","twitter_image_url":null,"twitter_image_custom_url":null,"twitter_image_custom_fields":null,"twitter_title":null,"twitter_description":null,"schema":{"blockGraphs":[],"customGraphs":[],"default":{"data":{"Article":[],"Course":[],"Dataset":[],"FAQPage":[],"Movie":[],"Person":[],"Product":[],"ProductReview":[],"Car":[],"Recipe":[],"Service":[],"SoftwareApplication":[],"WebPage":[]},"graphName":"","isEnabled":true},"graphs":[],"defaultGraph":"","defaultPostTypeGraph":""},"schema_type":null,"schema_type_options":null,"pillar_content":false,"robots_default":true,"robots_noindex":false,"robots_noarchive":false,"robots_nosnippet":false,"robots_nofollow":false,"robots_noimageindex":false,"robots_noodp":false,"robots_notranslate":false,"robots_max_snippet":null,"robots_max_videopreview":null,"robots_max_imagepreview":"large","priority":null,"frequency":null,"local_seo":null,"seo_analyzer_scan_date":"2025-10-23 04:16:23","breadcrumb_settings":null,"limit_modified_date":false,"open_ai":null,"ai":null,"created":"2020-12-21 11:06:13","updated":"2025-10-23 04:16:23"},"aioseo_breadcrumb":"<div class=\"aioseo-breadcrumbs\"><span class=\"aioseo-breadcrumb\">\n\t<a href=\"https:\/\/www.eldigitaldeasturias.com\/noticias\" title=\"Home\">Home<\/a>\n<\/span><span class=\"aioseo-breadcrumb-separator\">\u2013<\/span><span class=\"aioseo-breadcrumb\">\n\t<a href=\"https:\/\/www.eldigitaldeasturias.com\/noticias\/category\/turismo\/\" title=\"Turismo\">Turismo<\/a>\n<\/span><span class=\"aioseo-breadcrumb-separator\">\u2013<\/span><span class=\"aioseo-breadcrumb\">\n\t<a href=\"https:\/\/www.eldigitaldeasturias.com\/noticias\/bisontes-y-naturaleza-salvaje-en-el-parque-polaco-de-bieszczady\/\" title=\"Bisontes y naturaleza salvaje en el parque polaco de Bieszczady\">Bisontes y naturaleza salvaje en el parque polaco de Bieszczady<\/a>\n<\/span><\/div>","aioseo_breadcrumb_json":[{"label":"Home","link":"https:\/\/www.eldigitaldeasturias.com\/noticias"},{"label":"Turismo","link":"https:\/\/www.eldigitaldeasturias.com\/noticias\/category\/turismo\/"},{"label":"Bisontes y naturaleza salvaje en el parque polaco de Bieszczady","link":"https:\/\/www.eldigitaldeasturias.com\/noticias\/bisontes-y-naturaleza-salvaje-en-el-parque-polaco-de-bieszczady\/"}],"_links":{"self":[{"href":"https:\/\/www.eldigitaldeasturias.com\/noticias\/wp-json\/wp\/v2\/posts\/1039371","targetHints":{"allow":["GET"]}}],"collection":[{"href":"https:\/\/www.eldigitaldeasturias.com\/noticias\/wp-json\/wp\/v2\/posts"}],"about":[{"href":"https:\/\/www.eldigitaldeasturias.com\/noticias\/wp-json\/wp\/v2\/types\/post"}],"author":[{"embeddable":true,"href":"https:\/\/www.eldigitaldeasturias.com\/noticias\/wp-json\/wp\/v2\/users\/1"}],"replies":[{"embeddable":true,"href":"https:\/\/www.eldigitaldeasturias.com\/noticias\/wp-json\/wp\/v2\/comments?post=1039371"}],"version-history":[{"count":0,"href":"https:\/\/www.eldigitaldeasturias.com\/noticias\/wp-json\/wp\/v2\/posts\/1039371\/revisions"}],"wp:featuredmedia":[{"embeddable":true,"href":"https:\/\/www.eldigitaldeasturias.com\/noticias\/wp-json\/wp\/v2\/media\/1039372"}],"wp:attachment":[{"href":"https:\/\/www.eldigitaldeasturias.com\/noticias\/wp-json\/wp\/v2\/media?parent=1039371"}],"wp:term":[{"taxonomy":"category","embeddable":true,"href":"https:\/\/www.eldigitaldeasturias.com\/noticias\/wp-json\/wp\/v2\/categories?post=1039371"},{"taxonomy":"post_tag","embeddable":true,"href":"https:\/\/www.eldigitaldeasturias.com\/noticias\/wp-json\/wp\/v2\/tags?post=1039371"}],"curies":[{"name":"wp","href":"https:\/\/api.w.org\/{rel}","templated":true}]}}