{"id":1038583,"date":"2019-08-22T16:29:22","date_gmt":"2019-08-22T16:29:22","guid":{"rendered":"https:\/\/www.eldigitaldeasturias.com\/noticias\/?p=1038583"},"modified":"2019-08-22T16:29:22","modified_gmt":"2019-08-22T16:29:22","slug":"visita-la-capital-asturiana-desde-madrid","status":"publish","type":"post","link":"https:\/\/www.eldigitaldeasturias.com\/noticias\/visita-la-capital-asturiana-desde-madrid\/","title":{"rendered":"Visita la capital asturiana desde Madrid"},"content":{"rendered":"<p><span style=\"font-weight: 400;\"><img loading=\"lazy\" decoding=\"async\" class=\"alignleft size-medium wp-image-1038584\" src=\"https:\/\/www.eldigitaldeasturias.com\/noticias\/wp-content\/uploads\/2019\/08\/Viajar-a-Asturias-y-Oviedo-360x221.jpg\" alt=\"\" width=\"360\" height=\"221\" srcset=\"https:\/\/www.eldigitaldeasturias.com\/noticias\/wp-content\/uploads\/2019\/08\/Viajar-a-Asturias-y-Oviedo-360x221.jpg 360w, https:\/\/www.eldigitaldeasturias.com\/noticias\/wp-content\/uploads\/2019\/08\/Viajar-a-Asturias-y-Oviedo-650x399.jpg 650w, https:\/\/www.eldigitaldeasturias.com\/noticias\/wp-content\/uploads\/2019\/08\/Viajar-a-Asturias-y-Oviedo.jpg 740w\" sizes=\"auto, (max-width: 360px) 100vw, 360px\" \/>El verano no se acaba, y a\u00fan podemos aprovechar de los d\u00edas de sol para hacer una escapada. Quiz\u00e1s sea un poco tarde para poder disfrutar de unas grandes vacaciones, pero eso no quiere decir que nos podamos permitir un peque\u00f1o lujo de visitar y conocer un poco m\u00e1s nuestro pa\u00eds.<\/span><\/p>\n<p><span style=\"font-weight: 400;\">Hoy queremos hacerte descubrir Oviedo, una ciudad situada en el noroeste de Espa\u00f1a entre la cordillera cant\u00e1brica y el golfo de Vizcaya. Es la capital de Asturias y es conocida por su casco antiguo medieval, donde se encuentra la catedral de Oviedo, de estilo g\u00f3tico.\u00a0<\/span><\/p>\n<h3><strong>\u00bfC\u00f3mo ir hasta Oviedo?<\/strong><\/h3>\n<p><span style=\"font-weight: 400;\">Muchos transportes se pueden usar para este viaje. Por eso<\/span><b>, Virail compara los precios de los diferentes transportes<\/b><span style=\"font-weight: 400;\">, para que puedas elegir de la manera m\u00e1s c\u00f3moda y sencilla c\u00f3mo y cu\u00e1ndo quieres viajar.\u00a0<\/span><\/p>\n<p><span style=\"font-weight: 400;\">Este comparador de precios compara precios con trenes, buses y blablacar, siempre buscando los mejores precios, para llegar a tu destino. Siempre te ense\u00f1ara con detalle el trayecto, su durada y si existe una escala.\u00a0<\/span><\/p>\n<p><span style=\"font-weight: 400;\">Siempre que pensamos en coger un billete de tren, nos puede venir a la mente un tarea tediosa donde tenemos que escoger un pasaje entre cientos con precios altos y horarios diferentes. No obstante, si buscamos el mismo viaje en la web de Virail, en menos de un minuto tendremos a nuestra disposici\u00f3n todos los medios de transporte disponibles y con los mejores precios.<\/span><\/p>\n<p><span style=\"font-weight: 400;\">Una de la opciones es viajar en tren, puedes conseguir tu billete con un precio muy competitivo, a partir de 38.20\u20ac, desde Madrid-Chamart\u00edn. Existe un amplio <\/span><span style=\"color: #ff6600;\"><strong><a style=\"color: #ff6600;\" href=\"https:\/\/www.virail.es\/trenes-madrid-oviedo\" target=\"_blank\" rel=\"noopener noreferrer\">horario de trenes de Madrid a Oviedo<\/a><\/strong><\/span><span style=\"font-weight: 400;\">, puedes coger el primer tren que sale a las 07:02 o el \u00faltimo que sale a las 17:30.<\/span><b> En apenas 5 horas puedes estar en el centro de la capital Asturiana.<\/b><span style=\"font-weight: 400;\">\u00a0<\/span><\/p>\n<h3><strong>\u00bfPor qu\u00e9 viajar en tren?<\/strong><\/h3>\n<p><span style=\"font-weight: 400;\">Existen diferentes medios de transporte gracias a los cu\u00e1les podemos viajar todos los d\u00edas, para realizar nuestras tareas cotidianas, y tambi\u00e9n en el momento de viajar por placer. Por eso, hoy te contaremos acerca de las ventajas de viajar en tren.<\/span><\/p>\n<p><span style=\"font-weight: 400;\">En este caso,<\/span><b> sale mucho m\u00e1s a cuenta viajar en tren hasta Oviedo<\/b><span style=\"font-weight: 400;\">. Tanto a nivel econ\u00f3mico como en tiempo. Pero m\u00e1s ventajas se unen al hecho de viajar en tren:<\/span><\/p>\n<p><span style=\"font-weight: 400;\">Si visitas las p\u00e1ginas especializadas, como Virail, <\/span><b>encontrar\u00e1s muchas ofertas de tarifas, adem\u00e1s de descuentos especiales<\/b><span style=\"font-weight: 400;\">. Es muy simple encontrar ofertas para el trayecto que quieras recorrer. Adem\u00e1s, si quieres viajar en familia, en muchos trenes, los ni\u00f1os menores a dos a\u00f1os viajan gratis, y hasta 15 a\u00f1os, pagan la mitad.<\/span><\/p>\n<p><span style=\"font-weight: 400;\">Puedes viajar cuando quieras, ya que <\/span><b>el tren dispone de una gran flexibilidad.<\/b><span style=\"font-weight: 400;\"> Existen varios trenes a lo largo del d\u00eda y puedes elegir el que se adapte mejor a tu horario. Adem\u00e1s los precios entre unos y otros no suele variar mucho, excepto si coges el de primera hora que es mucho m\u00e1s econ\u00f3mico.\u00a0<\/span><\/p>\n<p><b>Todas las estaciones de tren se encuentran en el centro de las ciudades<\/b><span style=\"font-weight: 400;\">, por lo que te olvidas de los transportes caros hacia y desde los aeropuertos, y los tiempos de viaje que a veces pueden ser de m\u00e1s de una hora.<\/span><\/p>\n<p><span style=\"font-weight: 400;\">Hay m\u00e1s riesgo de contaminaci\u00f3n ambiental si coges el coche, en cambio una l\u00ednea ferroviaria de doble v\u00eda puede transportar por hora el mismo n\u00famero de pasajeros que una autopista de seis carriles pero con un efecto ambiental asociado sensiblemente m\u00e1s reducido. Se calcula que <\/span><b>los trenes pueden emitir 50 veces menos CO2 que los aviones y 40 veces menos que los coches.<\/b><\/p>\n<p><span style=\"font-weight: 400;\">A diferencia del avi\u00f3n, no tienes que estar horas antes para un simple viaje. <\/span><b>No tienes que estar dos o tres horas antes,<\/b><span style=\"font-weight: 400;\"> te evitas la siempre molesta seguridad de los aeropuertos. S\u00f3lo necesitas unos minutos antes, para pasar el control y chequeo de billete antes de entrar al tren. Adem\u00e1s, casi todos los trenes no tienen ning\u00fan retraso, se respetan a la perfecci\u00f3n los horarios de salida y de llegada.<\/span><\/p>\n<p><span style=\"font-weight: 400;\">Con el tren <\/span><b>no tienes el problema de sobrepeso de equipaje<\/b><span style=\"font-weight: 400;\">, cosa que podemos estar m\u00e1s tranquilos y viajar con cualquier tipo de maleta, sin restriccion de peso.\u00a0<\/span><\/p>\n<p><span style=\"font-weight: 400;\">Cuando viajas en tren, pasas por diferentes ciudades, pueblos y se podr\u00e1 <\/span><b>disfrutar de los bonitos paisajes<\/b><span style=\"font-weight: 400;\">, que est\u00e1n a lo largo de tu camino. Los trenes actuales pueden alcanzar altas velocidades, reduciendo de esta forma el tiempo de viaje. Podr\u00e1s igualmente disfrutar de esta visto instalado en unos sillones m\u00e1s grandes que los coche o aviones.\u00a0<\/span><\/p>\n<p><span style=\"font-weight: 400;\">Por lo tanto, si tienes pensado reservar una viaje pronto, piensa antes en utilizar las aplicaciones como virail, ya que te facilitar\u00e1n mucho todo el proceso de b\u00fasqueda y reserva, adem\u00e1s de ser herramientas f\u00e1ciles y muy intuitivas.<\/span><\/p>\n<p>&nbsp;<\/p>\n","protected":false},"excerpt":{"rendered":"<p>El verano no se acaba, y a\u00fan podemos aprovechar de los d\u00edas de sol para hacer una escapada. Quiz\u00e1s sea un poco tarde para poder disfrutar de unas grandes vacaciones, pero eso no quiere decir que nos podamos permitir un peque\u00f1o lujo de visitar y conocer un poco m\u00e1s nuestro pa\u00eds. Hoy queremos hacerte descubrir [&hellip;]<\/p>\n","protected":false},"author":1,"featured_media":1038584,"comment_status":"closed","ping_status":"closed","sticky":false,"template":"","format":"standard","meta":{"footnotes":""},"categories":[148],"tags":[],"class_list":["post-1038583","post","type-post","status-publish","format-standard","has-post-thumbnail","hentry","category-turismo"],"aioseo_notices":[],"aioseo_head":"\n\t\t<!-- All in One SEO Pro 4.9.6.2 - aioseo.com -->\n\t<meta name=\"description\" content=\"El verano no se acaba, y a\u00fan podemos aprovechar de los d\u00edas de sol para hacer una escapada. Quiz\u00e1s sea un poco tarde para poder disfrutar de unas grandes vacaciones, pero eso no quiere decir que nos podamos permitir un peque\u00f1o lujo de visitar y conocer un poco m\u00e1s nuestro pa\u00eds. Hoy queremos hacerte descubrir\" \/>\n\t<meta name=\"robots\" content=\"max-image-preview:large\" \/>\n\t<meta name=\"author\" content=\"El Digital de Asturias\"\/>\n\t<meta name=\"google-site-verification\" content=\"UA-38556648-1\" \/>\n\t<meta name=\"msvalidate.01\" content=\"7dfe9f3f1b24437ab69f4f2559babe99\" \/>\n\t<meta name=\"keywords\" content=\"turismo\" \/>\n\t<link rel=\"canonical\" href=\"https:\/\/www.eldigitaldeasturias.com\/noticias\/visita-la-capital-asturiana-desde-madrid\/\" \/>\n\t<meta name=\"generator\" content=\"All in One SEO Pro (AIOSEO) 4.9.6.2\" \/>\n\t\t<meta property=\"og:locale\" content=\"es_ES\" \/>\n\t\t<meta property=\"og:site_name\" content=\"El Digital de Asturias\" \/>\n\t\t<meta property=\"og:type\" content=\"article\" \/>\n\t\t<meta property=\"og:title\" content=\"Visita la capital asturiana desde Madrid - El Digital de Asturias\" \/>\n\t\t<meta property=\"og:description\" content=\"El verano no se acaba, y a\u00fan podemos aprovechar de los d\u00edas de sol para hacer una escapada. Quiz\u00e1s sea un poco tarde para poder disfrutar de unas grandes vacaciones, pero eso no quiere decir que nos podamos permitir un peque\u00f1o lujo de visitar y conocer un poco m\u00e1s nuestro pa\u00eds. Hoy queremos hacerte descubrir\" \/>\n\t\t<meta property=\"og:url\" content=\"https:\/\/www.eldigitaldeasturias.com\/noticias\/visita-la-capital-asturiana-desde-madrid\/\" \/>\n\t\t<meta property=\"og:image\" content=\"https:\/\/www.eldigitaldeasturias.com\/noticias\/wp-content\/uploads\/2019\/08\/Viajar-a-Asturias-y-Oviedo.jpg\" \/>\n\t\t<meta property=\"og:image:secure_url\" content=\"https:\/\/www.eldigitaldeasturias.com\/noticias\/wp-content\/uploads\/2019\/08\/Viajar-a-Asturias-y-Oviedo.jpg\" \/>\n\t\t<meta property=\"og:image:width\" content=\"740\" \/>\n\t\t<meta property=\"og:image:height\" content=\"454\" \/>\n\t\t<meta property=\"article:tag\" content=\"turismo\" \/>\n\t\t<meta property=\"article:published_time\" content=\"2019-08-22T16:29:22+00:00\" \/>\n\t\t<meta property=\"article:modified_time\" content=\"2019-08-22T16:29:22+00:00\" \/>\n\t\t<meta property=\"article:publisher\" content=\"https:\/\/facebook.com\/eldigitaldeasturias\" \/>\n\t\t<meta name=\"twitter:card\" content=\"summary_large_image\" \/>\n\t\t<meta name=\"twitter:title\" content=\"Visita la capital asturiana desde Madrid - El Digital de Asturias\" \/>\n\t\t<meta name=\"twitter:description\" content=\"El verano no se acaba, y a\u00fan podemos aprovechar de los d\u00edas de sol para hacer una escapada. Quiz\u00e1s sea un poco tarde para poder disfrutar de unas grandes vacaciones, pero eso no quiere decir que nos podamos permitir un peque\u00f1o lujo de visitar y conocer un poco m\u00e1s nuestro pa\u00eds. Hoy queremos hacerte descubrir\" \/>\n\t\t<meta name=\"twitter:image\" content=\"https:\/\/www.eldigitaldeasturias.com\/noticias\/wp-content\/uploads\/2019\/08\/Viajar-a-Asturias-y-Oviedo.jpg\" \/>\n\t\t<meta name=\"twitter:label1\" content=\"Escrito por\" \/>\n\t\t<meta name=\"twitter:data1\" content=\"El Digital de Asturias\" \/>\n\t\t<meta name=\"twitter:label2\" content=\"Tiempo de lectura estimado\" \/>\n\t\t<meta name=\"twitter:data2\" content=\"4 minutos\" \/>\n\t\t<script type=\"application\/ld+json\" class=\"aioseo-schema\">\n\t\t\t{\"@context\":\"https:\\\/\\\/schema.org\",\"@graph\":[{\"@type\":\"BlogPosting\",\"@id\":\"https:\\\/\\\/www.eldigitaldeasturias.com\\\/noticias\\\/visita-la-capital-asturiana-desde-madrid\\\/#blogposting\",\"name\":\"Visita la capital asturiana desde Madrid - El Digital de Asturias\",\"headline\":\"Visita la capital asturiana desde Madrid\",\"author\":{\"@id\":\"https:\\\/\\\/www.eldigitaldeasturias.com\\\/noticias\\\/author\\\/admin\\\/#author\"},\"publisher\":{\"@id\":\"https:\\\/\\\/www.eldigitaldeasturias.com\\\/noticias\\\/#organization\"},\"image\":{\"@type\":\"ImageObject\",\"url\":\"https:\\\/\\\/www.eldigitaldeasturias.com\\\/noticias\\\/wp-content\\\/uploads\\\/2019\\\/08\\\/Viajar-a-Asturias-y-Oviedo.jpg\",\"width\":740,\"height\":454},\"datePublished\":\"2019-08-22T16:29:22+02:00\",\"dateModified\":\"2019-08-22T16:29:22+02:00\",\"inLanguage\":\"es-ES\",\"mainEntityOfPage\":{\"@id\":\"https:\\\/\\\/www.eldigitaldeasturias.com\\\/noticias\\\/visita-la-capital-asturiana-desde-madrid\\\/#webpage\"},\"isPartOf\":{\"@id\":\"https:\\\/\\\/www.eldigitaldeasturias.com\\\/noticias\\\/visita-la-capital-asturiana-desde-madrid\\\/#webpage\"},\"articleSection\":\"Turismo\"},{\"@type\":\"BreadcrumbList\",\"@id\":\"https:\\\/\\\/www.eldigitaldeasturias.com\\\/noticias\\\/visita-la-capital-asturiana-desde-madrid\\\/#breadcrumblist\",\"itemListElement\":[{\"@type\":\"ListItem\",\"@id\":\"https:\\\/\\\/www.eldigitaldeasturias.com\\\/noticias#listItem\",\"position\":1,\"name\":\"Home\",\"item\":\"https:\\\/\\\/www.eldigitaldeasturias.com\\\/noticias\",\"nextItem\":{\"@type\":\"ListItem\",\"@id\":\"https:\\\/\\\/www.eldigitaldeasturias.com\\\/noticias\\\/category\\\/turismo\\\/#listItem\",\"name\":\"Turismo\"}},{\"@type\":\"ListItem\",\"@id\":\"https:\\\/\\\/www.eldigitaldeasturias.com\\\/noticias\\\/category\\\/turismo\\\/#listItem\",\"position\":2,\"name\":\"Turismo\",\"item\":\"https:\\\/\\\/www.eldigitaldeasturias.com\\\/noticias\\\/category\\\/turismo\\\/\",\"nextItem\":{\"@type\":\"ListItem\",\"@id\":\"https:\\\/\\\/www.eldigitaldeasturias.com\\\/noticias\\\/visita-la-capital-asturiana-desde-madrid\\\/#listItem\",\"name\":\"Visita la capital asturiana desde Madrid\"},\"previousItem\":{\"@type\":\"ListItem\",\"@id\":\"https:\\\/\\\/www.eldigitaldeasturias.com\\\/noticias#listItem\",\"name\":\"Home\"}},{\"@type\":\"ListItem\",\"@id\":\"https:\\\/\\\/www.eldigitaldeasturias.com\\\/noticias\\\/visita-la-capital-asturiana-desde-madrid\\\/#listItem\",\"position\":3,\"name\":\"Visita la capital asturiana desde Madrid\",\"previousItem\":{\"@type\":\"ListItem\",\"@id\":\"https:\\\/\\\/www.eldigitaldeasturias.com\\\/noticias\\\/category\\\/turismo\\\/#listItem\",\"name\":\"Turismo\"}}]},{\"@type\":\"Organization\",\"@id\":\"https:\\\/\\\/www.eldigitaldeasturias.com\\\/noticias\\\/#organization\",\"name\":\"El Digital de Asturias\",\"description\":\"Hemeroteca\",\"url\":\"https:\\\/\\\/www.eldigitaldeasturias.com\\\/noticias\\\/\",\"email\":\"info@eldigitaldeasturias.com\",\"telephone\":\"+34652131393\",\"logo\":{\"@type\":\"ImageObject\",\"url\":\"https:\\\/\\\/www.eldigitaldeasturias.com\\\/noticias\\\/wp-content\\\/uploads\\\/2020\\\/12\\\/EDA.jpg\",\"@id\":\"https:\\\/\\\/www.eldigitaldeasturias.com\\\/noticias\\\/visita-la-capital-asturiana-desde-madrid\\\/#organizationLogo\",\"width\":649,\"height\":297},\"image\":{\"@id\":\"https:\\\/\\\/www.eldigitaldeasturias.com\\\/noticias\\\/visita-la-capital-asturiana-desde-madrid\\\/#organizationLogo\"},\"sameAs\":[\"https:\\\/\\\/facebook.com\\\/eldigitaldeasturias\",\"https:\\\/\\\/www.youtube.com\\\/channel\\\/UCZP-2wLEB9Rv6erhFmqVnvg\"],\"address\":{\"@id\":\"https:\\\/\\\/www.eldigitaldeasturias.com\\\/noticias\\\/#postaladdress\",\"@type\":\"PostalAddress\",\"streetAddress\":\"san antonio 4,\",\"postalCode\":\"33430\",\"addressLocality\":\"Cand\\u00e1s\",\"addressRegion\":\"Asturias\",\"addressCountry\":\"ES\"}},{\"@type\":\"Person\",\"@id\":\"https:\\\/\\\/www.eldigitaldeasturias.com\\\/noticias\\\/author\\\/admin\\\/#author\",\"url\":\"https:\\\/\\\/www.eldigitaldeasturias.com\\\/noticias\\\/author\\\/admin\\\/\",\"name\":\"El Digital de Asturias\",\"image\":{\"@type\":\"ImageObject\",\"@id\":\"https:\\\/\\\/www.eldigitaldeasturias.com\\\/noticias\\\/visita-la-capital-asturiana-desde-madrid\\\/#authorImage\",\"url\":\"https:\\\/\\\/www.eldigitaldeasturias.com\\\/noticias\\\/wp-content\\\/litespeed\\\/avatar\\\/18677e78aa0546b92d9dbf31ec7d7668.jpg?ver=1777290358\",\"width\":96,\"height\":96,\"caption\":\"El Digital de Asturias\"}},{\"@type\":\"WebPage\",\"@id\":\"https:\\\/\\\/www.eldigitaldeasturias.com\\\/noticias\\\/visita-la-capital-asturiana-desde-madrid\\\/#webpage\",\"url\":\"https:\\\/\\\/www.eldigitaldeasturias.com\\\/noticias\\\/visita-la-capital-asturiana-desde-madrid\\\/\",\"name\":\"Visita la capital asturiana desde Madrid - El Digital de Asturias\",\"description\":\"El verano no se acaba, y a\\u00fan podemos aprovechar de los d\\u00edas de sol para hacer una escapada. Quiz\\u00e1s sea un poco tarde para poder disfrutar de unas grandes vacaciones, pero eso no quiere decir que nos podamos permitir un peque\\u00f1o lujo de visitar y conocer un poco m\\u00e1s nuestro pa\\u00eds. Hoy queremos hacerte descubrir\",\"inLanguage\":\"es-ES\",\"isPartOf\":{\"@id\":\"https:\\\/\\\/www.eldigitaldeasturias.com\\\/noticias\\\/#website\"},\"breadcrumb\":{\"@id\":\"https:\\\/\\\/www.eldigitaldeasturias.com\\\/noticias\\\/visita-la-capital-asturiana-desde-madrid\\\/#breadcrumblist\"},\"author\":{\"@id\":\"https:\\\/\\\/www.eldigitaldeasturias.com\\\/noticias\\\/author\\\/admin\\\/#author\"},\"creator\":{\"@id\":\"https:\\\/\\\/www.eldigitaldeasturias.com\\\/noticias\\\/author\\\/admin\\\/#author\"},\"image\":{\"@type\":\"ImageObject\",\"url\":\"https:\\\/\\\/www.eldigitaldeasturias.com\\\/noticias\\\/wp-content\\\/uploads\\\/2019\\\/08\\\/Viajar-a-Asturias-y-Oviedo.jpg\",\"@id\":\"https:\\\/\\\/www.eldigitaldeasturias.com\\\/noticias\\\/visita-la-capital-asturiana-desde-madrid\\\/#mainImage\",\"width\":740,\"height\":454},\"primaryImageOfPage\":{\"@id\":\"https:\\\/\\\/www.eldigitaldeasturias.com\\\/noticias\\\/visita-la-capital-asturiana-desde-madrid\\\/#mainImage\"},\"datePublished\":\"2019-08-22T16:29:22+02:00\",\"dateModified\":\"2019-08-22T16:29:22+02:00\"},{\"@type\":\"WebSite\",\"@id\":\"https:\\\/\\\/www.eldigitaldeasturias.com\\\/noticias\\\/#website\",\"url\":\"https:\\\/\\\/www.eldigitaldeasturias.com\\\/noticias\\\/\",\"name\":\"El Digital de Asturias - Diario de actualidad y noticias\",\"alternateName\":\"El Digital de Asturias - Diario de actualidad y noticias\",\"description\":\"Hemeroteca\",\"inLanguage\":\"es-ES\",\"publisher\":{\"@id\":\"https:\\\/\\\/www.eldigitaldeasturias.com\\\/noticias\\\/#organization\"}}]}\n\t\t<\/script>\n\t\t<!-- All in One SEO Pro -->\r\n\t\t<title>Visita la capital asturiana desde Madrid - El Digital de Asturias<\/title>\n\n","aioseo_head_json":{"title":"Visita la capital asturiana desde Madrid - El Digital de Asturias","description":"El verano no se acaba, y a\u00fan podemos aprovechar de los d\u00edas de sol para hacer una escapada. Quiz\u00e1s sea un poco tarde para poder disfrutar de unas grandes vacaciones, pero eso no quiere decir que nos podamos permitir un peque\u00f1o lujo de visitar y conocer un poco m\u00e1s nuestro pa\u00eds. Hoy queremos hacerte descubrir","canonical_url":"https:\/\/www.eldigitaldeasturias.com\/noticias\/visita-la-capital-asturiana-desde-madrid\/","robots":"max-image-preview:large","keywords":"turismo","webmasterTools":{"google-site-verification":"UA-38556648-1","msvalidate.01":"7dfe9f3f1b24437ab69f4f2559babe99","miscellaneous":""},"schema":{"@context":"https:\/\/schema.org","@graph":[{"@type":"BlogPosting","@id":"https:\/\/www.eldigitaldeasturias.com\/noticias\/visita-la-capital-asturiana-desde-madrid\/#blogposting","name":"Visita la capital asturiana desde Madrid - El Digital de Asturias","headline":"Visita la capital asturiana desde Madrid","author":{"@id":"https:\/\/www.eldigitaldeasturias.com\/noticias\/author\/admin\/#author"},"publisher":{"@id":"https:\/\/www.eldigitaldeasturias.com\/noticias\/#organization"},"image":{"@type":"ImageObject","url":"https:\/\/www.eldigitaldeasturias.com\/noticias\/wp-content\/uploads\/2019\/08\/Viajar-a-Asturias-y-Oviedo.jpg","width":740,"height":454},"datePublished":"2019-08-22T16:29:22+02:00","dateModified":"2019-08-22T16:29:22+02:00","inLanguage":"es-ES","mainEntityOfPage":{"@id":"https:\/\/www.eldigitaldeasturias.com\/noticias\/visita-la-capital-asturiana-desde-madrid\/#webpage"},"isPartOf":{"@id":"https:\/\/www.eldigitaldeasturias.com\/noticias\/visita-la-capital-asturiana-desde-madrid\/#webpage"},"articleSection":"Turismo"},{"@type":"BreadcrumbList","@id":"https:\/\/www.eldigitaldeasturias.com\/noticias\/visita-la-capital-asturiana-desde-madrid\/#breadcrumblist","itemListElement":[{"@type":"ListItem","@id":"https:\/\/www.eldigitaldeasturias.com\/noticias#listItem","position":1,"name":"Home","item":"https:\/\/www.eldigitaldeasturias.com\/noticias","nextItem":{"@type":"ListItem","@id":"https:\/\/www.eldigitaldeasturias.com\/noticias\/category\/turismo\/#listItem","name":"Turismo"}},{"@type":"ListItem","@id":"https:\/\/www.eldigitaldeasturias.com\/noticias\/category\/turismo\/#listItem","position":2,"name":"Turismo","item":"https:\/\/www.eldigitaldeasturias.com\/noticias\/category\/turismo\/","nextItem":{"@type":"ListItem","@id":"https:\/\/www.eldigitaldeasturias.com\/noticias\/visita-la-capital-asturiana-desde-madrid\/#listItem","name":"Visita la capital asturiana desde Madrid"},"previousItem":{"@type":"ListItem","@id":"https:\/\/www.eldigitaldeasturias.com\/noticias#listItem","name":"Home"}},{"@type":"ListItem","@id":"https:\/\/www.eldigitaldeasturias.com\/noticias\/visita-la-capital-asturiana-desde-madrid\/#listItem","position":3,"name":"Visita la capital asturiana desde Madrid","previousItem":{"@type":"ListItem","@id":"https:\/\/www.eldigitaldeasturias.com\/noticias\/category\/turismo\/#listItem","name":"Turismo"}}]},{"@type":"Organization","@id":"https:\/\/www.eldigitaldeasturias.com\/noticias\/#organization","name":"El Digital de Asturias","description":"Hemeroteca","url":"https:\/\/www.eldigitaldeasturias.com\/noticias\/","email":"info@eldigitaldeasturias.com","telephone":"+34652131393","logo":{"@type":"ImageObject","url":"https:\/\/www.eldigitaldeasturias.com\/noticias\/wp-content\/uploads\/2020\/12\/EDA.jpg","@id":"https:\/\/www.eldigitaldeasturias.com\/noticias\/visita-la-capital-asturiana-desde-madrid\/#organizationLogo","width":649,"height":297},"image":{"@id":"https:\/\/www.eldigitaldeasturias.com\/noticias\/visita-la-capital-asturiana-desde-madrid\/#organizationLogo"},"sameAs":["https:\/\/facebook.com\/eldigitaldeasturias","https:\/\/www.youtube.com\/channel\/UCZP-2wLEB9Rv6erhFmqVnvg"],"address":{"@id":"https:\/\/www.eldigitaldeasturias.com\/noticias\/#postaladdress","@type":"PostalAddress","streetAddress":"san antonio 4,","postalCode":"33430","addressLocality":"Cand\u00e1s","addressRegion":"Asturias","addressCountry":"ES"}},{"@type":"Person","@id":"https:\/\/www.eldigitaldeasturias.com\/noticias\/author\/admin\/#author","url":"https:\/\/www.eldigitaldeasturias.com\/noticias\/author\/admin\/","name":"El Digital de Asturias","image":{"@type":"ImageObject","@id":"https:\/\/www.eldigitaldeasturias.com\/noticias\/visita-la-capital-asturiana-desde-madrid\/#authorImage","url":"https:\/\/www.eldigitaldeasturias.com\/noticias\/wp-content\/litespeed\/avatar\/18677e78aa0546b92d9dbf31ec7d7668.jpg?ver=1777290358","width":96,"height":96,"caption":"El Digital de Asturias"}},{"@type":"WebPage","@id":"https:\/\/www.eldigitaldeasturias.com\/noticias\/visita-la-capital-asturiana-desde-madrid\/#webpage","url":"https:\/\/www.eldigitaldeasturias.com\/noticias\/visita-la-capital-asturiana-desde-madrid\/","name":"Visita la capital asturiana desde Madrid - El Digital de Asturias","description":"El verano no se acaba, y a\u00fan podemos aprovechar de los d\u00edas de sol para hacer una escapada. Quiz\u00e1s sea un poco tarde para poder disfrutar de unas grandes vacaciones, pero eso no quiere decir que nos podamos permitir un peque\u00f1o lujo de visitar y conocer un poco m\u00e1s nuestro pa\u00eds. Hoy queremos hacerte descubrir","inLanguage":"es-ES","isPartOf":{"@id":"https:\/\/www.eldigitaldeasturias.com\/noticias\/#website"},"breadcrumb":{"@id":"https:\/\/www.eldigitaldeasturias.com\/noticias\/visita-la-capital-asturiana-desde-madrid\/#breadcrumblist"},"author":{"@id":"https:\/\/www.eldigitaldeasturias.com\/noticias\/author\/admin\/#author"},"creator":{"@id":"https:\/\/www.eldigitaldeasturias.com\/noticias\/author\/admin\/#author"},"image":{"@type":"ImageObject","url":"https:\/\/www.eldigitaldeasturias.com\/noticias\/wp-content\/uploads\/2019\/08\/Viajar-a-Asturias-y-Oviedo.jpg","@id":"https:\/\/www.eldigitaldeasturias.com\/noticias\/visita-la-capital-asturiana-desde-madrid\/#mainImage","width":740,"height":454},"primaryImageOfPage":{"@id":"https:\/\/www.eldigitaldeasturias.com\/noticias\/visita-la-capital-asturiana-desde-madrid\/#mainImage"},"datePublished":"2019-08-22T16:29:22+02:00","dateModified":"2019-08-22T16:29:22+02:00"},{"@type":"WebSite","@id":"https:\/\/www.eldigitaldeasturias.com\/noticias\/#website","url":"https:\/\/www.eldigitaldeasturias.com\/noticias\/","name":"El Digital de Asturias - Diario de actualidad y noticias","alternateName":"El Digital de Asturias - Diario de actualidad y noticias","description":"Hemeroteca","inLanguage":"es-ES","publisher":{"@id":"https:\/\/www.eldigitaldeasturias.com\/noticias\/#organization"}}]},"og:locale":"es_ES","og:site_name":"El Digital de Asturias","og:type":"article","og:title":"Visita la capital asturiana desde Madrid - El Digital de Asturias","og:description":"El verano no se acaba, y a\u00fan podemos aprovechar de los d\u00edas de sol para hacer una escapada. Quiz\u00e1s sea un poco tarde para poder disfrutar de unas grandes vacaciones, pero eso no quiere decir que nos podamos permitir un peque\u00f1o lujo de visitar y conocer un poco m\u00e1s nuestro pa\u00eds. Hoy queremos hacerte descubrir","og:url":"https:\/\/www.eldigitaldeasturias.com\/noticias\/visita-la-capital-asturiana-desde-madrid\/","og:image":"https:\/\/www.eldigitaldeasturias.com\/noticias\/wp-content\/uploads\/2019\/08\/Viajar-a-Asturias-y-Oviedo.jpg","og:image:secure_url":"https:\/\/www.eldigitaldeasturias.com\/noticias\/wp-content\/uploads\/2019\/08\/Viajar-a-Asturias-y-Oviedo.jpg","og:image:width":740,"og:image:height":454,"article:tag":["turismo"],"article:published_time":"2019-08-22T16:29:22+00:00","article:modified_time":"2019-08-22T16:29:22+00:00","article:publisher":"https:\/\/facebook.com\/eldigitaldeasturias","twitter:card":"summary_large_image","twitter:title":"Visita la capital asturiana desde Madrid - El Digital de Asturias","twitter:description":"El verano no se acaba, y a\u00fan podemos aprovechar de los d\u00edas de sol para hacer una escapada. Quiz\u00e1s sea un poco tarde para poder disfrutar de unas grandes vacaciones, pero eso no quiere decir que nos podamos permitir un peque\u00f1o lujo de visitar y conocer un poco m\u00e1s nuestro pa\u00eds. Hoy queremos hacerte descubrir","twitter:image":"https:\/\/www.eldigitaldeasturias.com\/noticias\/wp-content\/uploads\/2019\/08\/Viajar-a-Asturias-y-Oviedo.jpg","twitter:label1":"Escrito por","twitter:data1":"El Digital de Asturias","twitter:label2":"Tiempo de lectura estimado","twitter:data2":"4 minutos"},"aioseo_meta_data":{"post_id":"1038583","title":null,"description":null,"keywords":null,"keyphrases":null,"primary_term":null,"canonical_url":null,"og_title":null,"og_description":null,"og_object_type":"default","og_image_type":"default","og_image_url":null,"og_image_width":null,"og_image_height":null,"og_image_custom_url":null,"og_image_custom_fields":null,"og_video":null,"og_custom_url":null,"og_article_section":null,"og_article_tags":null,"twitter_use_og":false,"twitter_card":"default","twitter_image_type":"default","twitter_image_url":null,"twitter_image_custom_url":null,"twitter_image_custom_fields":null,"twitter_title":null,"twitter_description":null,"schema":{"blockGraphs":[],"customGraphs":[],"default":{"data":{"Article":[],"Course":[],"Dataset":[],"FAQPage":[],"Movie":[],"Person":[],"Product":[],"ProductReview":[],"Car":[],"Recipe":[],"Service":[],"SoftwareApplication":[],"WebPage":[]},"graphName":"","isEnabled":true},"graphs":[],"defaultGraph":"","defaultPostTypeGraph":""},"schema_type":null,"schema_type_options":null,"pillar_content":false,"robots_default":true,"robots_noindex":false,"robots_noarchive":false,"robots_nosnippet":false,"robots_nofollow":false,"robots_noimageindex":false,"robots_noodp":false,"robots_notranslate":false,"robots_max_snippet":null,"robots_max_videopreview":null,"robots_max_imagepreview":"large","priority":null,"frequency":null,"local_seo":null,"seo_analyzer_scan_date":"2025-10-22 23:28:10","breadcrumb_settings":null,"limit_modified_date":false,"open_ai":null,"ai":null,"created":"2020-12-21 11:06:37","updated":"2025-10-22 23:28:10"},"aioseo_breadcrumb":"<div class=\"aioseo-breadcrumbs\"><span class=\"aioseo-breadcrumb\">\n\t<a href=\"https:\/\/www.eldigitaldeasturias.com\/noticias\" title=\"Home\">Home<\/a>\n<\/span><span class=\"aioseo-breadcrumb-separator\">\u2013<\/span><span class=\"aioseo-breadcrumb\">\n\t<a href=\"https:\/\/www.eldigitaldeasturias.com\/noticias\/category\/turismo\/\" title=\"Turismo\">Turismo<\/a>\n<\/span><span class=\"aioseo-breadcrumb-separator\">\u2013<\/span><span class=\"aioseo-breadcrumb\">\n\t<a href=\"https:\/\/www.eldigitaldeasturias.com\/noticias\/visita-la-capital-asturiana-desde-madrid\/\" title=\"Visita la capital asturiana desde Madrid\">Visita la capital asturiana desde Madrid<\/a>\n<\/span><\/div>","aioseo_breadcrumb_json":[{"label":"Home","link":"https:\/\/www.eldigitaldeasturias.com\/noticias"},{"label":"Turismo","link":"https:\/\/www.eldigitaldeasturias.com\/noticias\/category\/turismo\/"},{"label":"Visita la capital asturiana desde Madrid","link":"https:\/\/www.eldigitaldeasturias.com\/noticias\/visita-la-capital-asturiana-desde-madrid\/"}],"_links":{"self":[{"href":"https:\/\/www.eldigitaldeasturias.com\/noticias\/wp-json\/wp\/v2\/posts\/1038583","targetHints":{"allow":["GET"]}}],"collection":[{"href":"https:\/\/www.eldigitaldeasturias.com\/noticias\/wp-json\/wp\/v2\/posts"}],"about":[{"href":"https:\/\/www.eldigitaldeasturias.com\/noticias\/wp-json\/wp\/v2\/types\/post"}],"author":[{"embeddable":true,"href":"https:\/\/www.eldigitaldeasturias.com\/noticias\/wp-json\/wp\/v2\/users\/1"}],"replies":[{"embeddable":true,"href":"https:\/\/www.eldigitaldeasturias.com\/noticias\/wp-json\/wp\/v2\/comments?post=1038583"}],"version-history":[{"count":0,"href":"https:\/\/www.eldigitaldeasturias.com\/noticias\/wp-json\/wp\/v2\/posts\/1038583\/revisions"}],"wp:featuredmedia":[{"embeddable":true,"href":"https:\/\/www.eldigitaldeasturias.com\/noticias\/wp-json\/wp\/v2\/media\/1038584"}],"wp:attachment":[{"href":"https:\/\/www.eldigitaldeasturias.com\/noticias\/wp-json\/wp\/v2\/media?parent=1038583"}],"wp:term":[{"taxonomy":"category","embeddable":true,"href":"https:\/\/www.eldigitaldeasturias.com\/noticias\/wp-json\/wp\/v2\/categories?post=1038583"},{"taxonomy":"post_tag","embeddable":true,"href":"https:\/\/www.eldigitaldeasturias.com\/noticias\/wp-json\/wp\/v2\/tags?post=1038583"}],"curies":[{"name":"wp","href":"https:\/\/api.w.org\/{rel}","templated":true}]}}