{"id":1038060,"date":"2019-08-17T02:43:46","date_gmt":"2019-08-17T02:43:46","guid":{"rendered":"https:\/\/www.eldigitaldeasturias.com\/noticias\/?p=1038060"},"modified":"2019-08-17T02:43:46","modified_gmt":"2019-08-17T02:43:46","slug":"schreder-participa-en-un-proyecto-pionero-en-el-ambito-de-las-smart-cities-en-espana","status":"publish","type":"post","link":"https:\/\/www.eldigitaldeasturias.com\/noticias\/schreder-participa-en-un-proyecto-pionero-en-el-ambito-de-las-smart-cities-en-espana\/","title":{"rendered":"Schr\u00e9der, participa en un proyecto pionero en el \u00e1mbito de las Smart Cities en Espa\u00f1a"},"content":{"rendered":"<p><span style=\"color: #ff6600;\"><strong><a style=\"color: #ff6600;\" href=\"https:\/\/www.schreder.com\/es-es\/\" target=\"_blank\" rel=\"nofollow noopener noreferrer\"><img loading=\"lazy\" decoding=\"async\" class=\"alignleft size-medium wp-image-1038061\" src=\"https:\/\/www.eldigitaldeasturias.com\/noticias\/wp-content\/uploads\/2019\/08\/1565599988_Schr_derAlbany_Alcoi_Smart_City7-360x240.jpg\" alt=\"\" width=\"360\" height=\"240\" srcset=\"https:\/\/www.eldigitaldeasturias.com\/noticias\/wp-content\/uploads\/2019\/08\/1565599988_Schr_derAlbany_Alcoi_Smart_City7-360x240.jpg 360w, https:\/\/www.eldigitaldeasturias.com\/noticias\/wp-content\/uploads\/2019\/08\/1565599988_Schr_derAlbany_Alcoi_Smart_City7-768x512.jpg 768w, https:\/\/www.eldigitaldeasturias.com\/noticias\/wp-content\/uploads\/2019\/08\/1565599988_Schr_derAlbany_Alcoi_Smart_City7-650x433.jpg 650w\" sizes=\"auto, (max-width: 360px) 100vw, 360px\" \/>Schr\u00e9der<\/a><\/strong><\/span>, referente mundial en soluciones de iluminaci\u00f3n inteligentes, llev\u00f3 a cabo varias actuaciones en diversas instalaciones como parte del plan de desarrollo de Alcoi como ciudad inteligente y en su estrategia en el \u00e1mbito del ahorro y la eficiencia energ\u00e9tica para la sustituci\u00f3n de luminarias de descarga a luminarias LED que ofrecen un bajo consumo y una alta eficiencia, adem\u00e1s de integrar tecnolog\u00edas punteras como Internet de las Cosas, Big Data, todo bajo est\u00e1ndares abiertos que permitan la interoperabilidad con otras tecnolog\u00edas.<\/p>\n<p>Alcoi, empez\u00f3 hace a\u00f1os con esta transformaci\u00f3n para convertirse en una Smart City, basado en un modelo de ciudad sostenible e inteligente para el futuro de la ciudadan\u00eda. Recientemente, ha creado una \u201cSmart Office\u201d un espacio dedicado a la difusi\u00f3n de procesos y acciones Smart y de asesoramiento a todos los departamentos municipales. Otro de sus objetivos es acreditar Alcoi como Destino Tur\u00edstico Inteligente (DTI). Este \u00f3rgano municipal, est\u00e1 conformado por t\u00e9cnicos municipales y otras entidades pol\u00edticas, as\u00ed como grupos de inter\u00e9s que trabajan por el bienestar del ciudadano.<\/p>\n<p>Las \u00faltimas actuaciones realizadas fueron en los parques industriales, modernizando estas instalaciones, mediante la sustituci\u00f3n de luminarias por tecnolog\u00eda LED, instalaci\u00f3n de tendido de fibra \u00f3ptica, plantas fotovoltaicas e implantaci\u00f3n de c\u00e1maras de seguridad.<\/p>\n<p>Adem\u00e1s de un sistema de telegesti\u00f3n punto a punto con un \u00fanico controlador que geoposiciona m\u00e1s de 1.500 luminarias comunic\u00e1ndolas entre s\u00ed a trav\u00e9s de Internet, lo que permite regular la intensidad lum\u00ednica ajust\u00e1ndola a las necesidades espec\u00edficas del lugar y el momento, y con la interconexi\u00f3n que se establece con cada punto de luz con otro tipo de sensores como medioambientales y de an\u00e1lisis de calidad del aire, se ha conseguido una mejor calidad de vida de los ciudadanos.<\/p>\n<p>En combinaci\u00f3n con las t\u00e9cnicas de an\u00e1lisis Big Data y, todo ello integrado en una plataforma de ciudad inteligente, ofrece una informaci\u00f3n de gran utilidad, sobre los ahorros y el funcionamiento de la propia red de alumbrado, a su vez gestionar los sistemas de riego, la red wifi de la ciudad o los sistemas de video- vigilancia CCTV.<\/p>\n<p>Con estas actuaciones, estas instalaciones son mucho m\u00e1s sostenibles y eficientes, ya que se ha conseguido un ahorro energ\u00e9tico de m\u00e1s de un 75 % respecto a la instalaci\u00f3n anterior s\u00f3lo con el cambio a tecnolog\u00eda LED, y cerca de un 15 % m\u00e1s que permitir\u00e1 la implantaci\u00f3n del sistema de telegesti\u00f3n.<\/p>\n<p>Sobre esta misma l\u00ednea de innovaci\u00f3n y de implementaci\u00f3n de soluciones inteligentes, el Ayto de Alcoi, ha apostado por una soluci\u00f3n de iluminaci\u00f3n din\u00e1mica para reducir los costes energ\u00e9ticos y la contaminaci\u00f3n lum\u00ednica. Asimismo, tambi\u00e9n para ofrecer mayor seguridad y movilidad urbana, ya que vincula el volumen de tr\u00e1fico con el alumbrado para proporcionar el nivel de luz \u00f3ptimo. Este sistema ya est\u00e1 operativo en diversos pa\u00edses de Europa y es pionero en Espa\u00f1a con la instalaci\u00f3n en la ciudad de Alcoi, y que funciona como un complemento del sistema de telegesti\u00f3n implementado para el alumbrado p\u00fablico, adaptando en tiempo real la iluminaci\u00f3n de las calles en funci\u00f3n del volumen del tr\u00e1fico de la v\u00eda.<\/p>\n<p>Los sensores \u00f3pticos (PIR o radar) instalados sobre las luminarias, detectan el volumen de tr\u00e1fico en ambas direcciones, interactuando con la red de iluminaci\u00f3n para reducir los niveles de iluminaci\u00f3n<\/p>\n<p>cuando el tr\u00e1fico sea ligero y aumentarlo cuando \u00e9ste se vuelva m\u00e1s denso. De esta manera, se crea un ahorro de energ\u00eda sustancial convirti\u00e9ndola en una soluci\u00f3n \u00f3ptima para zonas de escaso tr\u00e1fico (p. ej., calles residenciales, carriles para bicicletas o parques).<\/p>\n<p>Esta soluci\u00f3n, ofrece una gran flexibilidad de configuraciones y extensiones para futuras funcionalidades utilizando una plataforma de administraci\u00f3n central, garant\u00eda para reducir los costes, mayor, seguridad y una reducci\u00f3n de la contaminaci\u00f3n lum\u00ednica.<\/p>\n","protected":false},"excerpt":{"rendered":"<p>Schr\u00e9der, referente mundial en soluciones de iluminaci\u00f3n inteligentes, llev\u00f3 a cabo varias actuaciones en diversas instalaciones como parte del plan de desarrollo de Alcoi como ciudad inteligente y en su estrategia en el \u00e1mbito del ahorro y la eficiencia energ\u00e9tica para la sustituci\u00f3n de luminarias de descarga a luminarias LED que ofrecen un bajo consumo [&hellip;]<\/p>\n","protected":false},"author":1,"featured_media":1038061,"comment_status":"closed","ping_status":"closed","sticky":false,"template":"","format":"standard","meta":{"footnotes":""},"categories":[219],"tags":[],"class_list":["post-1038060","post","type-post","status-publish","format-standard","has-post-thumbnail","hentry","category-negocios-y-empresas"],"aioseo_notices":[],"aioseo_head":"\n\t\t<!-- All in One SEO Pro 4.9.6.2 - aioseo.com -->\n\t<meta name=\"description\" content=\"Schr\u00e9der, referente mundial en soluciones de iluminaci\u00f3n inteligentes, llev\u00f3 a cabo varias actuaciones en diversas instalaciones como parte del plan de desarrollo de Alcoi como ciudad inteligente y en su estrategia en el \u00e1mbito del ahorro y la eficiencia energ\u00e9tica para la sustituci\u00f3n de luminarias de descarga a luminarias LED que ofrecen un bajo consumo\" \/>\n\t<meta name=\"robots\" content=\"max-image-preview:large\" \/>\n\t<meta name=\"author\" content=\"El Digital de Asturias\"\/>\n\t<meta name=\"google-site-verification\" content=\"UA-38556648-1\" \/>\n\t<meta name=\"msvalidate.01\" content=\"7dfe9f3f1b24437ab69f4f2559babe99\" \/>\n\t<meta name=\"keywords\" content=\"negocios y empresas\" \/>\n\t<link rel=\"canonical\" href=\"https:\/\/www.eldigitaldeasturias.com\/noticias\/schreder-participa-en-un-proyecto-pionero-en-el-ambito-de-las-smart-cities-en-espana\/\" \/>\n\t<meta name=\"generator\" content=\"All in One SEO Pro (AIOSEO) 4.9.6.2\" \/>\n\t\t<meta property=\"og:locale\" content=\"es_ES\" \/>\n\t\t<meta property=\"og:site_name\" content=\"El Digital de Asturias\" \/>\n\t\t<meta property=\"og:type\" content=\"article\" \/>\n\t\t<meta property=\"og:title\" content=\"Schr\u00e9der, participa en un proyecto pionero en el \u00e1mbito de las Smart Cities en Espa\u00f1a - El Digital de Asturias\" \/>\n\t\t<meta property=\"og:description\" content=\"Schr\u00e9der, referente mundial en soluciones de iluminaci\u00f3n inteligentes, llev\u00f3 a cabo varias actuaciones en diversas instalaciones como parte del plan de desarrollo de Alcoi como ciudad inteligente y en su estrategia en el \u00e1mbito del ahorro y la eficiencia energ\u00e9tica para la sustituci\u00f3n de luminarias de descarga a luminarias LED que ofrecen un bajo consumo\" \/>\n\t\t<meta property=\"og:url\" content=\"https:\/\/www.eldigitaldeasturias.com\/noticias\/schreder-participa-en-un-proyecto-pionero-en-el-ambito-de-las-smart-cities-en-espana\/\" \/>\n\t\t<meta property=\"og:image\" content=\"https:\/\/www.eldigitaldeasturias.com\/noticias\/wp-content\/uploads\/2019\/08\/1565599988_Schr_derAlbany_Alcoi_Smart_City7.jpg\" \/>\n\t\t<meta property=\"og:image:secure_url\" content=\"https:\/\/www.eldigitaldeasturias.com\/noticias\/wp-content\/uploads\/2019\/08\/1565599988_Schr_derAlbany_Alcoi_Smart_City7.jpg\" \/>\n\t\t<meta property=\"og:image:width\" content=\"5472\" \/>\n\t\t<meta property=\"og:image:height\" content=\"3648\" \/>\n\t\t<meta property=\"article:tag\" content=\"negocios y empresas\" \/>\n\t\t<meta property=\"article:published_time\" content=\"2019-08-17T02:43:46+00:00\" \/>\n\t\t<meta property=\"article:modified_time\" content=\"2019-08-17T02:43:46+00:00\" \/>\n\t\t<meta property=\"article:publisher\" content=\"https:\/\/facebook.com\/eldigitaldeasturias\" \/>\n\t\t<meta name=\"twitter:card\" content=\"summary_large_image\" \/>\n\t\t<meta name=\"twitter:title\" content=\"Schr\u00e9der, participa en un proyecto pionero en el \u00e1mbito de las Smart Cities en Espa\u00f1a - El Digital de Asturias\" \/>\n\t\t<meta name=\"twitter:description\" content=\"Schr\u00e9der, referente mundial en soluciones de iluminaci\u00f3n inteligentes, llev\u00f3 a cabo varias actuaciones en diversas instalaciones como parte del plan de desarrollo de Alcoi como ciudad inteligente y en su estrategia en el \u00e1mbito del ahorro y la eficiencia energ\u00e9tica para la sustituci\u00f3n de luminarias de descarga a luminarias LED que ofrecen un bajo consumo\" \/>\n\t\t<meta name=\"twitter:image\" content=\"https:\/\/www.eldigitaldeasturias.com\/noticias\/wp-content\/uploads\/2019\/08\/1565599988_Schr_derAlbany_Alcoi_Smart_City7.jpg\" \/>\n\t\t<meta name=\"twitter:label1\" content=\"Escrito por\" \/>\n\t\t<meta name=\"twitter:data1\" content=\"El Digital de Asturias\" \/>\n\t\t<meta name=\"twitter:label2\" content=\"Tiempo de lectura estimado\" \/>\n\t\t<meta name=\"twitter:data2\" content=\"3 minutos\" \/>\n\t\t<script type=\"application\/ld+json\" class=\"aioseo-schema\">\n\t\t\t{\"@context\":\"https:\\\/\\\/schema.org\",\"@graph\":[{\"@type\":\"BlogPosting\",\"@id\":\"https:\\\/\\\/www.eldigitaldeasturias.com\\\/noticias\\\/schreder-participa-en-un-proyecto-pionero-en-el-ambito-de-las-smart-cities-en-espana\\\/#blogposting\",\"name\":\"Schr\\u00e9der, participa en un proyecto pionero en el \\u00e1mbito de las Smart Cities en Espa\\u00f1a - El Digital de Asturias\",\"headline\":\"Schr\\u00e9der, participa en un proyecto pionero en el \\u00e1mbito de las Smart Cities en Espa\\u00f1a\",\"author\":{\"@id\":\"https:\\\/\\\/www.eldigitaldeasturias.com\\\/noticias\\\/author\\\/admin\\\/#author\"},\"publisher\":{\"@id\":\"https:\\\/\\\/www.eldigitaldeasturias.com\\\/noticias\\\/#organization\"},\"image\":{\"@type\":\"ImageObject\",\"url\":\"https:\\\/\\\/www.eldigitaldeasturias.com\\\/noticias\\\/wp-content\\\/uploads\\\/2019\\\/08\\\/1565599988_Schr_derAlbany_Alcoi_Smart_City7.jpg\",\"width\":5472,\"height\":3648},\"datePublished\":\"2019-08-17T02:43:46+02:00\",\"dateModified\":\"2019-08-17T02:43:46+02:00\",\"inLanguage\":\"es-ES\",\"mainEntityOfPage\":{\"@id\":\"https:\\\/\\\/www.eldigitaldeasturias.com\\\/noticias\\\/schreder-participa-en-un-proyecto-pionero-en-el-ambito-de-las-smart-cities-en-espana\\\/#webpage\"},\"isPartOf\":{\"@id\":\"https:\\\/\\\/www.eldigitaldeasturias.com\\\/noticias\\\/schreder-participa-en-un-proyecto-pionero-en-el-ambito-de-las-smart-cities-en-espana\\\/#webpage\"},\"articleSection\":\"Negocios y Empresas\"},{\"@type\":\"BreadcrumbList\",\"@id\":\"https:\\\/\\\/www.eldigitaldeasturias.com\\\/noticias\\\/schreder-participa-en-un-proyecto-pionero-en-el-ambito-de-las-smart-cities-en-espana\\\/#breadcrumblist\",\"itemListElement\":[{\"@type\":\"ListItem\",\"@id\":\"https:\\\/\\\/www.eldigitaldeasturias.com\\\/noticias#listItem\",\"position\":1,\"name\":\"Home\",\"item\":\"https:\\\/\\\/www.eldigitaldeasturias.com\\\/noticias\",\"nextItem\":{\"@type\":\"ListItem\",\"@id\":\"https:\\\/\\\/www.eldigitaldeasturias.com\\\/noticias\\\/category\\\/negocios-y-empresas\\\/#listItem\",\"name\":\"Negocios y Empresas\"}},{\"@type\":\"ListItem\",\"@id\":\"https:\\\/\\\/www.eldigitaldeasturias.com\\\/noticias\\\/category\\\/negocios-y-empresas\\\/#listItem\",\"position\":2,\"name\":\"Negocios y Empresas\",\"item\":\"https:\\\/\\\/www.eldigitaldeasturias.com\\\/noticias\\\/category\\\/negocios-y-empresas\\\/\",\"nextItem\":{\"@type\":\"ListItem\",\"@id\":\"https:\\\/\\\/www.eldigitaldeasturias.com\\\/noticias\\\/schreder-participa-en-un-proyecto-pionero-en-el-ambito-de-las-smart-cities-en-espana\\\/#listItem\",\"name\":\"Schr\\u00e9der, participa en un proyecto pionero en el \\u00e1mbito de las Smart Cities en Espa\\u00f1a\"},\"previousItem\":{\"@type\":\"ListItem\",\"@id\":\"https:\\\/\\\/www.eldigitaldeasturias.com\\\/noticias#listItem\",\"name\":\"Home\"}},{\"@type\":\"ListItem\",\"@id\":\"https:\\\/\\\/www.eldigitaldeasturias.com\\\/noticias\\\/schreder-participa-en-un-proyecto-pionero-en-el-ambito-de-las-smart-cities-en-espana\\\/#listItem\",\"position\":3,\"name\":\"Schr\\u00e9der, participa en un proyecto pionero en el \\u00e1mbito de las Smart Cities en Espa\\u00f1a\",\"previousItem\":{\"@type\":\"ListItem\",\"@id\":\"https:\\\/\\\/www.eldigitaldeasturias.com\\\/noticias\\\/category\\\/negocios-y-empresas\\\/#listItem\",\"name\":\"Negocios y Empresas\"}}]},{\"@type\":\"Organization\",\"@id\":\"https:\\\/\\\/www.eldigitaldeasturias.com\\\/noticias\\\/#organization\",\"name\":\"El Digital de Asturias\",\"description\":\"Hemeroteca\",\"url\":\"https:\\\/\\\/www.eldigitaldeasturias.com\\\/noticias\\\/\",\"email\":\"info@eldigitaldeasturias.com\",\"telephone\":\"+34652131393\",\"logo\":{\"@type\":\"ImageObject\",\"url\":\"https:\\\/\\\/www.eldigitaldeasturias.com\\\/noticias\\\/wp-content\\\/uploads\\\/2020\\\/12\\\/EDA.jpg\",\"@id\":\"https:\\\/\\\/www.eldigitaldeasturias.com\\\/noticias\\\/schreder-participa-en-un-proyecto-pionero-en-el-ambito-de-las-smart-cities-en-espana\\\/#organizationLogo\",\"width\":649,\"height\":297},\"image\":{\"@id\":\"https:\\\/\\\/www.eldigitaldeasturias.com\\\/noticias\\\/schreder-participa-en-un-proyecto-pionero-en-el-ambito-de-las-smart-cities-en-espana\\\/#organizationLogo\"},\"sameAs\":[\"https:\\\/\\\/facebook.com\\\/eldigitaldeasturias\",\"https:\\\/\\\/www.youtube.com\\\/channel\\\/UCZP-2wLEB9Rv6erhFmqVnvg\"],\"address\":{\"@id\":\"https:\\\/\\\/www.eldigitaldeasturias.com\\\/noticias\\\/#postaladdress\",\"@type\":\"PostalAddress\",\"streetAddress\":\"san antonio 4,\",\"postalCode\":\"33430\",\"addressLocality\":\"Cand\\u00e1s\",\"addressRegion\":\"Asturias\",\"addressCountry\":\"ES\"}},{\"@type\":\"Person\",\"@id\":\"https:\\\/\\\/www.eldigitaldeasturias.com\\\/noticias\\\/author\\\/admin\\\/#author\",\"url\":\"https:\\\/\\\/www.eldigitaldeasturias.com\\\/noticias\\\/author\\\/admin\\\/\",\"name\":\"El Digital de Asturias\",\"image\":{\"@type\":\"ImageObject\",\"@id\":\"https:\\\/\\\/www.eldigitaldeasturias.com\\\/noticias\\\/schreder-participa-en-un-proyecto-pionero-en-el-ambito-de-las-smart-cities-en-espana\\\/#authorImage\",\"url\":\"https:\\\/\\\/www.eldigitaldeasturias.com\\\/noticias\\\/wp-content\\\/litespeed\\\/avatar\\\/18677e78aa0546b92d9dbf31ec7d7668.jpg?ver=1777290358\",\"width\":96,\"height\":96,\"caption\":\"El Digital de Asturias\"}},{\"@type\":\"WebPage\",\"@id\":\"https:\\\/\\\/www.eldigitaldeasturias.com\\\/noticias\\\/schreder-participa-en-un-proyecto-pionero-en-el-ambito-de-las-smart-cities-en-espana\\\/#webpage\",\"url\":\"https:\\\/\\\/www.eldigitaldeasturias.com\\\/noticias\\\/schreder-participa-en-un-proyecto-pionero-en-el-ambito-de-las-smart-cities-en-espana\\\/\",\"name\":\"Schr\\u00e9der, participa en un proyecto pionero en el \\u00e1mbito de las Smart Cities en Espa\\u00f1a - El Digital de Asturias\",\"description\":\"Schr\\u00e9der, referente mundial en soluciones de iluminaci\\u00f3n inteligentes, llev\\u00f3 a cabo varias actuaciones en diversas instalaciones como parte del plan de desarrollo de Alcoi como ciudad inteligente y en su estrategia en el \\u00e1mbito del ahorro y la eficiencia energ\\u00e9tica para la sustituci\\u00f3n de luminarias de descarga a luminarias LED que ofrecen un bajo consumo\",\"inLanguage\":\"es-ES\",\"isPartOf\":{\"@id\":\"https:\\\/\\\/www.eldigitaldeasturias.com\\\/noticias\\\/#website\"},\"breadcrumb\":{\"@id\":\"https:\\\/\\\/www.eldigitaldeasturias.com\\\/noticias\\\/schreder-participa-en-un-proyecto-pionero-en-el-ambito-de-las-smart-cities-en-espana\\\/#breadcrumblist\"},\"author\":{\"@id\":\"https:\\\/\\\/www.eldigitaldeasturias.com\\\/noticias\\\/author\\\/admin\\\/#author\"},\"creator\":{\"@id\":\"https:\\\/\\\/www.eldigitaldeasturias.com\\\/noticias\\\/author\\\/admin\\\/#author\"},\"image\":{\"@type\":\"ImageObject\",\"url\":\"https:\\\/\\\/www.eldigitaldeasturias.com\\\/noticias\\\/wp-content\\\/uploads\\\/2019\\\/08\\\/1565599988_Schr_derAlbany_Alcoi_Smart_City7.jpg\",\"@id\":\"https:\\\/\\\/www.eldigitaldeasturias.com\\\/noticias\\\/schreder-participa-en-un-proyecto-pionero-en-el-ambito-de-las-smart-cities-en-espana\\\/#mainImage\",\"width\":5472,\"height\":3648},\"primaryImageOfPage\":{\"@id\":\"https:\\\/\\\/www.eldigitaldeasturias.com\\\/noticias\\\/schreder-participa-en-un-proyecto-pionero-en-el-ambito-de-las-smart-cities-en-espana\\\/#mainImage\"},\"datePublished\":\"2019-08-17T02:43:46+02:00\",\"dateModified\":\"2019-08-17T02:43:46+02:00\"},{\"@type\":\"WebSite\",\"@id\":\"https:\\\/\\\/www.eldigitaldeasturias.com\\\/noticias\\\/#website\",\"url\":\"https:\\\/\\\/www.eldigitaldeasturias.com\\\/noticias\\\/\",\"name\":\"El Digital de Asturias - Diario de actualidad y noticias\",\"alternateName\":\"El Digital de Asturias - Diario de actualidad y noticias\",\"description\":\"Hemeroteca\",\"inLanguage\":\"es-ES\",\"publisher\":{\"@id\":\"https:\\\/\\\/www.eldigitaldeasturias.com\\\/noticias\\\/#organization\"}}]}\n\t\t<\/script>\n\t\t<!-- All in One SEO Pro -->\r\n\t\t<title>Schr\u00e9der, participa en un proyecto pionero en el \u00e1mbito de las Smart Cities en Espa\u00f1a - El Digital de Asturias<\/title>\n\n","aioseo_head_json":{"title":"Schr\u00e9der, participa en un proyecto pionero en el \u00e1mbito de las Smart Cities en Espa\u00f1a - El Digital de Asturias","description":"Schr\u00e9der, referente mundial en soluciones de iluminaci\u00f3n inteligentes, llev\u00f3 a cabo varias actuaciones en diversas instalaciones como parte del plan de desarrollo de Alcoi como ciudad inteligente y en su estrategia en el \u00e1mbito del ahorro y la eficiencia energ\u00e9tica para la sustituci\u00f3n de luminarias de descarga a luminarias LED que ofrecen un bajo consumo","canonical_url":"https:\/\/www.eldigitaldeasturias.com\/noticias\/schreder-participa-en-un-proyecto-pionero-en-el-ambito-de-las-smart-cities-en-espana\/","robots":"max-image-preview:large","keywords":"negocios y empresas","webmasterTools":{"google-site-verification":"UA-38556648-1","msvalidate.01":"7dfe9f3f1b24437ab69f4f2559babe99","miscellaneous":""},"schema":{"@context":"https:\/\/schema.org","@graph":[{"@type":"BlogPosting","@id":"https:\/\/www.eldigitaldeasturias.com\/noticias\/schreder-participa-en-un-proyecto-pionero-en-el-ambito-de-las-smart-cities-en-espana\/#blogposting","name":"Schr\u00e9der, participa en un proyecto pionero en el \u00e1mbito de las Smart Cities en Espa\u00f1a - El Digital de Asturias","headline":"Schr\u00e9der, participa en un proyecto pionero en el \u00e1mbito de las Smart Cities en Espa\u00f1a","author":{"@id":"https:\/\/www.eldigitaldeasturias.com\/noticias\/author\/admin\/#author"},"publisher":{"@id":"https:\/\/www.eldigitaldeasturias.com\/noticias\/#organization"},"image":{"@type":"ImageObject","url":"https:\/\/www.eldigitaldeasturias.com\/noticias\/wp-content\/uploads\/2019\/08\/1565599988_Schr_derAlbany_Alcoi_Smart_City7.jpg","width":5472,"height":3648},"datePublished":"2019-08-17T02:43:46+02:00","dateModified":"2019-08-17T02:43:46+02:00","inLanguage":"es-ES","mainEntityOfPage":{"@id":"https:\/\/www.eldigitaldeasturias.com\/noticias\/schreder-participa-en-un-proyecto-pionero-en-el-ambito-de-las-smart-cities-en-espana\/#webpage"},"isPartOf":{"@id":"https:\/\/www.eldigitaldeasturias.com\/noticias\/schreder-participa-en-un-proyecto-pionero-en-el-ambito-de-las-smart-cities-en-espana\/#webpage"},"articleSection":"Negocios y Empresas"},{"@type":"BreadcrumbList","@id":"https:\/\/www.eldigitaldeasturias.com\/noticias\/schreder-participa-en-un-proyecto-pionero-en-el-ambito-de-las-smart-cities-en-espana\/#breadcrumblist","itemListElement":[{"@type":"ListItem","@id":"https:\/\/www.eldigitaldeasturias.com\/noticias#listItem","position":1,"name":"Home","item":"https:\/\/www.eldigitaldeasturias.com\/noticias","nextItem":{"@type":"ListItem","@id":"https:\/\/www.eldigitaldeasturias.com\/noticias\/category\/negocios-y-empresas\/#listItem","name":"Negocios y Empresas"}},{"@type":"ListItem","@id":"https:\/\/www.eldigitaldeasturias.com\/noticias\/category\/negocios-y-empresas\/#listItem","position":2,"name":"Negocios y Empresas","item":"https:\/\/www.eldigitaldeasturias.com\/noticias\/category\/negocios-y-empresas\/","nextItem":{"@type":"ListItem","@id":"https:\/\/www.eldigitaldeasturias.com\/noticias\/schreder-participa-en-un-proyecto-pionero-en-el-ambito-de-las-smart-cities-en-espana\/#listItem","name":"Schr\u00e9der, participa en un proyecto pionero en el \u00e1mbito de las Smart Cities en Espa\u00f1a"},"previousItem":{"@type":"ListItem","@id":"https:\/\/www.eldigitaldeasturias.com\/noticias#listItem","name":"Home"}},{"@type":"ListItem","@id":"https:\/\/www.eldigitaldeasturias.com\/noticias\/schreder-participa-en-un-proyecto-pionero-en-el-ambito-de-las-smart-cities-en-espana\/#listItem","position":3,"name":"Schr\u00e9der, participa en un proyecto pionero en el \u00e1mbito de las Smart Cities en Espa\u00f1a","previousItem":{"@type":"ListItem","@id":"https:\/\/www.eldigitaldeasturias.com\/noticias\/category\/negocios-y-empresas\/#listItem","name":"Negocios y Empresas"}}]},{"@type":"Organization","@id":"https:\/\/www.eldigitaldeasturias.com\/noticias\/#organization","name":"El Digital de Asturias","description":"Hemeroteca","url":"https:\/\/www.eldigitaldeasturias.com\/noticias\/","email":"info@eldigitaldeasturias.com","telephone":"+34652131393","logo":{"@type":"ImageObject","url":"https:\/\/www.eldigitaldeasturias.com\/noticias\/wp-content\/uploads\/2020\/12\/EDA.jpg","@id":"https:\/\/www.eldigitaldeasturias.com\/noticias\/schreder-participa-en-un-proyecto-pionero-en-el-ambito-de-las-smart-cities-en-espana\/#organizationLogo","width":649,"height":297},"image":{"@id":"https:\/\/www.eldigitaldeasturias.com\/noticias\/schreder-participa-en-un-proyecto-pionero-en-el-ambito-de-las-smart-cities-en-espana\/#organizationLogo"},"sameAs":["https:\/\/facebook.com\/eldigitaldeasturias","https:\/\/www.youtube.com\/channel\/UCZP-2wLEB9Rv6erhFmqVnvg"],"address":{"@id":"https:\/\/www.eldigitaldeasturias.com\/noticias\/#postaladdress","@type":"PostalAddress","streetAddress":"san antonio 4,","postalCode":"33430","addressLocality":"Cand\u00e1s","addressRegion":"Asturias","addressCountry":"ES"}},{"@type":"Person","@id":"https:\/\/www.eldigitaldeasturias.com\/noticias\/author\/admin\/#author","url":"https:\/\/www.eldigitaldeasturias.com\/noticias\/author\/admin\/","name":"El Digital de Asturias","image":{"@type":"ImageObject","@id":"https:\/\/www.eldigitaldeasturias.com\/noticias\/schreder-participa-en-un-proyecto-pionero-en-el-ambito-de-las-smart-cities-en-espana\/#authorImage","url":"https:\/\/www.eldigitaldeasturias.com\/noticias\/wp-content\/litespeed\/avatar\/18677e78aa0546b92d9dbf31ec7d7668.jpg?ver=1777290358","width":96,"height":96,"caption":"El Digital de Asturias"}},{"@type":"WebPage","@id":"https:\/\/www.eldigitaldeasturias.com\/noticias\/schreder-participa-en-un-proyecto-pionero-en-el-ambito-de-las-smart-cities-en-espana\/#webpage","url":"https:\/\/www.eldigitaldeasturias.com\/noticias\/schreder-participa-en-un-proyecto-pionero-en-el-ambito-de-las-smart-cities-en-espana\/","name":"Schr\u00e9der, participa en un proyecto pionero en el \u00e1mbito de las Smart Cities en Espa\u00f1a - El Digital de Asturias","description":"Schr\u00e9der, referente mundial en soluciones de iluminaci\u00f3n inteligentes, llev\u00f3 a cabo varias actuaciones en diversas instalaciones como parte del plan de desarrollo de Alcoi como ciudad inteligente y en su estrategia en el \u00e1mbito del ahorro y la eficiencia energ\u00e9tica para la sustituci\u00f3n de luminarias de descarga a luminarias LED que ofrecen un bajo consumo","inLanguage":"es-ES","isPartOf":{"@id":"https:\/\/www.eldigitaldeasturias.com\/noticias\/#website"},"breadcrumb":{"@id":"https:\/\/www.eldigitaldeasturias.com\/noticias\/schreder-participa-en-un-proyecto-pionero-en-el-ambito-de-las-smart-cities-en-espana\/#breadcrumblist"},"author":{"@id":"https:\/\/www.eldigitaldeasturias.com\/noticias\/author\/admin\/#author"},"creator":{"@id":"https:\/\/www.eldigitaldeasturias.com\/noticias\/author\/admin\/#author"},"image":{"@type":"ImageObject","url":"https:\/\/www.eldigitaldeasturias.com\/noticias\/wp-content\/uploads\/2019\/08\/1565599988_Schr_derAlbany_Alcoi_Smart_City7.jpg","@id":"https:\/\/www.eldigitaldeasturias.com\/noticias\/schreder-participa-en-un-proyecto-pionero-en-el-ambito-de-las-smart-cities-en-espana\/#mainImage","width":5472,"height":3648},"primaryImageOfPage":{"@id":"https:\/\/www.eldigitaldeasturias.com\/noticias\/schreder-participa-en-un-proyecto-pionero-en-el-ambito-de-las-smart-cities-en-espana\/#mainImage"},"datePublished":"2019-08-17T02:43:46+02:00","dateModified":"2019-08-17T02:43:46+02:00"},{"@type":"WebSite","@id":"https:\/\/www.eldigitaldeasturias.com\/noticias\/#website","url":"https:\/\/www.eldigitaldeasturias.com\/noticias\/","name":"El Digital de Asturias - Diario de actualidad y noticias","alternateName":"El Digital de Asturias - Diario de actualidad y noticias","description":"Hemeroteca","inLanguage":"es-ES","publisher":{"@id":"https:\/\/www.eldigitaldeasturias.com\/noticias\/#organization"}}]},"og:locale":"es_ES","og:site_name":"El Digital de Asturias","og:type":"article","og:title":"Schr\u00e9der, participa en un proyecto pionero en el \u00e1mbito de las Smart Cities en Espa\u00f1a - El Digital de Asturias","og:description":"Schr\u00e9der, referente mundial en soluciones de iluminaci\u00f3n inteligentes, llev\u00f3 a cabo varias actuaciones en diversas instalaciones como parte del plan de desarrollo de Alcoi como ciudad inteligente y en su estrategia en el \u00e1mbito del ahorro y la eficiencia energ\u00e9tica para la sustituci\u00f3n de luminarias de descarga a luminarias LED que ofrecen un bajo consumo","og:url":"https:\/\/www.eldigitaldeasturias.com\/noticias\/schreder-participa-en-un-proyecto-pionero-en-el-ambito-de-las-smart-cities-en-espana\/","og:image":"https:\/\/www.eldigitaldeasturias.com\/noticias\/wp-content\/uploads\/2019\/08\/1565599988_Schr_derAlbany_Alcoi_Smart_City7.jpg","og:image:secure_url":"https:\/\/www.eldigitaldeasturias.com\/noticias\/wp-content\/uploads\/2019\/08\/1565599988_Schr_derAlbany_Alcoi_Smart_City7.jpg","og:image:width":5472,"og:image:height":3648,"article:tag":["negocios y empresas"],"article:published_time":"2019-08-17T02:43:46+00:00","article:modified_time":"2019-08-17T02:43:46+00:00","article:publisher":"https:\/\/facebook.com\/eldigitaldeasturias","twitter:card":"summary_large_image","twitter:title":"Schr\u00e9der, participa en un proyecto pionero en el \u00e1mbito de las Smart Cities en Espa\u00f1a - El Digital de Asturias","twitter:description":"Schr\u00e9der, referente mundial en soluciones de iluminaci\u00f3n inteligentes, llev\u00f3 a cabo varias actuaciones en diversas instalaciones como parte del plan de desarrollo de Alcoi como ciudad inteligente y en su estrategia en el \u00e1mbito del ahorro y la eficiencia energ\u00e9tica para la sustituci\u00f3n de luminarias de descarga a luminarias LED que ofrecen un bajo consumo","twitter:image":"https:\/\/www.eldigitaldeasturias.com\/noticias\/wp-content\/uploads\/2019\/08\/1565599988_Schr_derAlbany_Alcoi_Smart_City7.jpg","twitter:label1":"Escrito por","twitter:data1":"El Digital de Asturias","twitter:label2":"Tiempo de lectura estimado","twitter:data2":"3 minutos"},"aioseo_meta_data":{"post_id":"1038060","title":null,"description":null,"keywords":null,"keyphrases":null,"primary_term":null,"canonical_url":null,"og_title":null,"og_description":null,"og_object_type":"default","og_image_type":"default","og_image_url":null,"og_image_width":null,"og_image_height":null,"og_image_custom_url":null,"og_image_custom_fields":null,"og_video":null,"og_custom_url":null,"og_article_section":null,"og_article_tags":null,"twitter_use_og":false,"twitter_card":"default","twitter_image_type":"default","twitter_image_url":null,"twitter_image_custom_url":null,"twitter_image_custom_fields":null,"twitter_title":null,"twitter_description":null,"schema":{"blockGraphs":[],"customGraphs":[],"default":{"data":{"Article":[],"Course":[],"Dataset":[],"FAQPage":[],"Movie":[],"Person":[],"Product":[],"ProductReview":[],"Car":[],"Recipe":[],"Service":[],"SoftwareApplication":[],"WebPage":[]},"graphName":"","isEnabled":true},"graphs":[],"defaultGraph":"","defaultPostTypeGraph":""},"schema_type":null,"schema_type_options":null,"pillar_content":false,"robots_default":true,"robots_noindex":false,"robots_noarchive":false,"robots_nosnippet":false,"robots_nofollow":false,"robots_noimageindex":false,"robots_noodp":false,"robots_notranslate":false,"robots_max_snippet":null,"robots_max_videopreview":null,"robots_max_imagepreview":"large","priority":null,"frequency":null,"local_seo":null,"seo_analyzer_scan_date":"2025-10-22 20:59:07","breadcrumb_settings":null,"limit_modified_date":false,"open_ai":null,"ai":null,"created":"2020-12-21 11:06:51","updated":"2025-10-22 20:59:07"},"aioseo_breadcrumb":"<div class=\"aioseo-breadcrumbs\"><span class=\"aioseo-breadcrumb\">\n\t<a href=\"https:\/\/www.eldigitaldeasturias.com\/noticias\" title=\"Home\">Home<\/a>\n<\/span><span class=\"aioseo-breadcrumb-separator\">\u2013<\/span><span class=\"aioseo-breadcrumb\">\n\t<a href=\"https:\/\/www.eldigitaldeasturias.com\/noticias\/category\/negocios-y-empresas\/\" title=\"Negocios y Empresas\">Negocios y Empresas<\/a>\n<\/span><span class=\"aioseo-breadcrumb-separator\">\u2013<\/span><span class=\"aioseo-breadcrumb\">\n\t<a href=\"https:\/\/www.eldigitaldeasturias.com\/noticias\/schreder-participa-en-un-proyecto-pionero-en-el-ambito-de-las-smart-cities-en-espana\/\" title=\"Schr\u00e9der, participa en un proyecto pionero en el \u00e1mbito de las Smart Cities en Espa\u00f1a\">Schr\u00e9der, participa en un proyecto pionero en el \u00e1mbito de las Smart Cities en Espa\u00f1a<\/a>\n<\/span><\/div>","aioseo_breadcrumb_json":[{"label":"Home","link":"https:\/\/www.eldigitaldeasturias.com\/noticias"},{"label":"Negocios y Empresas","link":"https:\/\/www.eldigitaldeasturias.com\/noticias\/category\/negocios-y-empresas\/"},{"label":"Schr\u00e9der, participa en un proyecto pionero en el \u00e1mbito de las Smart Cities en Espa\u00f1a","link":"https:\/\/www.eldigitaldeasturias.com\/noticias\/schreder-participa-en-un-proyecto-pionero-en-el-ambito-de-las-smart-cities-en-espana\/"}],"_links":{"self":[{"href":"https:\/\/www.eldigitaldeasturias.com\/noticias\/wp-json\/wp\/v2\/posts\/1038060","targetHints":{"allow":["GET"]}}],"collection":[{"href":"https:\/\/www.eldigitaldeasturias.com\/noticias\/wp-json\/wp\/v2\/posts"}],"about":[{"href":"https:\/\/www.eldigitaldeasturias.com\/noticias\/wp-json\/wp\/v2\/types\/post"}],"author":[{"embeddable":true,"href":"https:\/\/www.eldigitaldeasturias.com\/noticias\/wp-json\/wp\/v2\/users\/1"}],"replies":[{"embeddable":true,"href":"https:\/\/www.eldigitaldeasturias.com\/noticias\/wp-json\/wp\/v2\/comments?post=1038060"}],"version-history":[{"count":0,"href":"https:\/\/www.eldigitaldeasturias.com\/noticias\/wp-json\/wp\/v2\/posts\/1038060\/revisions"}],"wp:featuredmedia":[{"embeddable":true,"href":"https:\/\/www.eldigitaldeasturias.com\/noticias\/wp-json\/wp\/v2\/media\/1038061"}],"wp:attachment":[{"href":"https:\/\/www.eldigitaldeasturias.com\/noticias\/wp-json\/wp\/v2\/media?parent=1038060"}],"wp:term":[{"taxonomy":"category","embeddable":true,"href":"https:\/\/www.eldigitaldeasturias.com\/noticias\/wp-json\/wp\/v2\/categories?post=1038060"},{"taxonomy":"post_tag","embeddable":true,"href":"https:\/\/www.eldigitaldeasturias.com\/noticias\/wp-json\/wp\/v2\/tags?post=1038060"}],"curies":[{"name":"wp","href":"https:\/\/api.w.org\/{rel}","templated":true}]}}