{"id":1037790,"date":"2019-08-13T18:38:53","date_gmt":"2019-08-13T18:38:53","guid":{"rendered":"https:\/\/www.eldigitaldeasturias.com\/noticias\/?p=1037790"},"modified":"2019-08-13T18:38:53","modified_gmt":"2019-08-13T18:38:53","slug":"el-efecto-positivo-de-las-bicicletas-electricas-en-la-economia-alemana","status":"publish","type":"post","link":"https:\/\/www.eldigitaldeasturias.com\/noticias\/el-efecto-positivo-de-las-bicicletas-electricas-en-la-economia-alemana\/","title":{"rendered":"El efecto positivo de las bicicletas el\u00e9ctricas en la econom\u00eda alemana"},"content":{"rendered":"<figure id=\"attachment_1037791\" aria-describedby=\"caption-attachment-1037791\" style=\"width: 360px\" class=\"wp-caption alignleft\"><img loading=\"lazy\" decoding=\"async\" class=\"size-medium wp-image-1037791\" src=\"https:\/\/www.eldigitaldeasturias.com\/noticias\/wp-content\/uploads\/2019\/08\/bicicletas-electricas-360x243.jpg\" alt=\"\" width=\"360\" height=\"243\" srcset=\"https:\/\/www.eldigitaldeasturias.com\/noticias\/wp-content\/uploads\/2019\/08\/bicicletas-electricas-360x243.jpg 360w, https:\/\/www.eldigitaldeasturias.com\/noticias\/wp-content\/uploads\/2019\/08\/bicicletas-electricas-768x518.jpg 768w, https:\/\/www.eldigitaldeasturias.com\/noticias\/wp-content\/uploads\/2019\/08\/bicicletas-electricas-650x438.jpg 650w, https:\/\/www.eldigitaldeasturias.com\/noticias\/wp-content\/uploads\/2019\/08\/bicicletas-electricas.jpg 1004w\" sizes=\"auto, (max-width: 360px) 100vw, 360px\" \/><figcaption id=\"caption-attachment-1037791\" class=\"wp-caption-text\">Una bater\u00eda de la compa\u00f1\u00eda alemana Pendix, montada en un bicicleta, la convierte en veh\u00edculo el\u00e9ctrico. Foto: Sebastian Kahnert\/zb\/dpa<\/figcaption><\/figure>\n<p>Zwickau\/Crottendorf (Alemania), 12 ago (dpa) &#8211; Firmas de reequipamiento el\u00e9ctrico se suman cada vez m\u00e1s al creciente mercado de bicicletas el\u00e9ctricas, ya que si bien es una soluci\u00f3n de nicho es sostenible porque evita tener que comprar un veh\u00edculo nuevo, sostuvo hoy el director t\u00e9cnico de la empresa Pendix Christian Hennig.<\/p>\n<p>La nueva compa\u00f1\u00eda registra un volumen de ventas millonario, con 35 trabajadores y una producci\u00f3n de cuatro d\u00edgitos. La start-up tiene sede en la ciudad de Zwickau, de larga trayectoria de producci\u00f3n automovil\u00edstica, y su centro de producci\u00f3n est\u00e1 en la cercana localidad de Wilkau-Hasslau.<\/p>\n<p>Seg\u00fan cifras propias, Pendix lidera este segmento del mercado. La empresa, de acuerdo a la Asociaci\u00f3n Alemana de la Industria de la Bicicleta (ZIV), es actualmente el proveedor de reequipamiento m\u00e1s conocido.<\/p>\n<p>Tambi\u00e9n operan otras firmas en el sector de reequipamiento, entre ellas Heinzmann, de la Selva Negra; Ansmann AG, de Baden-Wurtemberg; o Binova, de Dresde.<\/p>\n<p>En 2018 se vendieron casi un mill\u00f3n de bicicletas el\u00e9ctricas, el doble de hace cuatro a\u00f1os (2014: 480.000) y un 36 por ciento m\u00e1s que en 2017 (720.000), inform\u00f3 ZIV.<\/p>\n<p>Actualmente ruedan en Alemania unos 4,5 millones de bicicletas el\u00e9ctricas, lo que representa casi 25 por ciento del mercado, de acuerdo con las informaciones. Fuentes del mercado estimaron que ser\u00eda realista prever que en un futuro las bicicletas el\u00e9ctricas abarquen un 35 por ciento del total.<\/p>\n<p>&nbsp;<\/p>\n","protected":false},"excerpt":{"rendered":"<p>Zwickau\/Crottendorf (Alemania), 12 ago (dpa) &#8211; Firmas de reequipamiento el\u00e9ctrico se suman cada vez m\u00e1s al creciente mercado de bicicletas el\u00e9ctricas, ya que si bien es una soluci\u00f3n de nicho es sostenible porque evita tener que comprar un veh\u00edculo nuevo, sostuvo hoy el director t\u00e9cnico de la empresa Pendix Christian Hennig. La nueva compa\u00f1\u00eda registra [&hellip;]<\/p>\n","protected":false},"author":1,"featured_media":1037791,"comment_status":"closed","ping_status":"closed","sticky":false,"template":"","format":"standard","meta":{"footnotes":""},"categories":[219],"tags":[],"class_list":["post-1037790","post","type-post","status-publish","format-standard","has-post-thumbnail","hentry","category-negocios-y-empresas"],"aioseo_notices":[],"aioseo_head":"\n\t\t<!-- All in One SEO Pro 4.9.6.2 - aioseo.com -->\n\t<meta name=\"description\" content=\"Zwickau\/Crottendorf (Alemania), 12 ago (dpa) - Firmas de reequipamiento el\u00e9ctrico se suman cada vez m\u00e1s al creciente mercado de bicicletas el\u00e9ctricas, ya que si bien es una soluci\u00f3n de nicho es sostenible porque evita tener que comprar un veh\u00edculo nuevo, sostuvo hoy el director t\u00e9cnico de la empresa Pendix Christian Hennig. La nueva compa\u00f1\u00eda registra\" \/>\n\t<meta name=\"robots\" content=\"max-image-preview:large\" \/>\n\t<meta name=\"author\" content=\"El Digital de Asturias\"\/>\n\t<meta name=\"google-site-verification\" content=\"UA-38556648-1\" \/>\n\t<meta name=\"msvalidate.01\" content=\"7dfe9f3f1b24437ab69f4f2559babe99\" \/>\n\t<meta name=\"keywords\" content=\"negocios y empresas\" \/>\n\t<link rel=\"canonical\" href=\"https:\/\/www.eldigitaldeasturias.com\/noticias\/el-efecto-positivo-de-las-bicicletas-electricas-en-la-economia-alemana\/\" \/>\n\t<meta name=\"generator\" content=\"All in One SEO Pro (AIOSEO) 4.9.6.2\" \/>\n\t\t<meta property=\"og:locale\" content=\"es_ES\" \/>\n\t\t<meta property=\"og:site_name\" content=\"El Digital de Asturias\" \/>\n\t\t<meta property=\"og:type\" content=\"article\" \/>\n\t\t<meta property=\"og:title\" content=\"El efecto positivo de las bicicletas el\u00e9ctricas en la econom\u00eda alemana - El Digital de Asturias\" \/>\n\t\t<meta property=\"og:description\" content=\"Zwickau\/Crottendorf (Alemania), 12 ago (dpa) - Firmas de reequipamiento el\u00e9ctrico se suman cada vez m\u00e1s al creciente mercado de bicicletas el\u00e9ctricas, ya que si bien es una soluci\u00f3n de nicho es sostenible porque evita tener que comprar un veh\u00edculo nuevo, sostuvo hoy el director t\u00e9cnico de la empresa Pendix Christian Hennig. La nueva compa\u00f1\u00eda registra\" \/>\n\t\t<meta property=\"og:url\" content=\"https:\/\/www.eldigitaldeasturias.com\/noticias\/el-efecto-positivo-de-las-bicicletas-electricas-en-la-economia-alemana\/\" \/>\n\t\t<meta property=\"og:image\" content=\"https:\/\/www.eldigitaldeasturias.com\/noticias\/wp-content\/uploads\/2019\/08\/bicicletas-electricas.jpg\" \/>\n\t\t<meta property=\"og:image:secure_url\" content=\"https:\/\/www.eldigitaldeasturias.com\/noticias\/wp-content\/uploads\/2019\/08\/bicicletas-electricas.jpg\" \/>\n\t\t<meta property=\"og:image:width\" content=\"1004\" \/>\n\t\t<meta property=\"og:image:height\" content=\"677\" \/>\n\t\t<meta property=\"article:tag\" content=\"negocios y empresas\" \/>\n\t\t<meta property=\"article:published_time\" content=\"2019-08-13T18:38:53+00:00\" \/>\n\t\t<meta property=\"article:modified_time\" content=\"2019-08-13T18:38:53+00:00\" \/>\n\t\t<meta property=\"article:publisher\" content=\"https:\/\/facebook.com\/eldigitaldeasturias\" \/>\n\t\t<meta name=\"twitter:card\" content=\"summary_large_image\" \/>\n\t\t<meta name=\"twitter:title\" content=\"El efecto positivo de las bicicletas el\u00e9ctricas en la econom\u00eda alemana - El Digital de Asturias\" \/>\n\t\t<meta name=\"twitter:description\" content=\"Zwickau\/Crottendorf (Alemania), 12 ago (dpa) - Firmas de reequipamiento el\u00e9ctrico se suman cada vez m\u00e1s al creciente mercado de bicicletas el\u00e9ctricas, ya que si bien es una soluci\u00f3n de nicho es sostenible porque evita tener que comprar un veh\u00edculo nuevo, sostuvo hoy el director t\u00e9cnico de la empresa Pendix Christian Hennig. La nueva compa\u00f1\u00eda registra\" \/>\n\t\t<meta name=\"twitter:image\" content=\"https:\/\/www.eldigitaldeasturias.com\/noticias\/wp-content\/uploads\/2019\/08\/bicicletas-electricas.jpg\" \/>\n\t\t<meta name=\"twitter:label1\" content=\"Escrito por\" \/>\n\t\t<meta name=\"twitter:data1\" content=\"El Digital de Asturias\" \/>\n\t\t<meta name=\"twitter:label2\" content=\"Tiempo de lectura estimado\" \/>\n\t\t<meta name=\"twitter:data2\" content=\"1 minuto\" \/>\n\t\t<script type=\"application\/ld+json\" class=\"aioseo-schema\">\n\t\t\t{\"@context\":\"https:\\\/\\\/schema.org\",\"@graph\":[{\"@type\":\"BlogPosting\",\"@id\":\"https:\\\/\\\/www.eldigitaldeasturias.com\\\/noticias\\\/el-efecto-positivo-de-las-bicicletas-electricas-en-la-economia-alemana\\\/#blogposting\",\"name\":\"El efecto positivo de las bicicletas el\\u00e9ctricas en la econom\\u00eda alemana - El Digital de Asturias\",\"headline\":\"El efecto positivo de las bicicletas el\\u00e9ctricas en la econom\\u00eda alemana\",\"author\":{\"@id\":\"https:\\\/\\\/www.eldigitaldeasturias.com\\\/noticias\\\/author\\\/admin\\\/#author\"},\"publisher\":{\"@id\":\"https:\\\/\\\/www.eldigitaldeasturias.com\\\/noticias\\\/#organization\"},\"image\":{\"@type\":\"ImageObject\",\"url\":\"https:\\\/\\\/www.eldigitaldeasturias.com\\\/noticias\\\/wp-content\\\/uploads\\\/2019\\\/08\\\/bicicletas-electricas.jpg\",\"width\":1004,\"height\":677,\"caption\":\"Una bater\\u00eda de la compa\\u00f1\\u00eda alemana Pendix, montada en un bicicleta, la convierte en veh\\u00edculo el\\u00e9ctrico. Foto: Sebastian Kahnert\\\/zb\\\/dpa\"},\"datePublished\":\"2019-08-13T18:38:53+02:00\",\"dateModified\":\"2019-08-13T18:38:53+02:00\",\"inLanguage\":\"es-ES\",\"mainEntityOfPage\":{\"@id\":\"https:\\\/\\\/www.eldigitaldeasturias.com\\\/noticias\\\/el-efecto-positivo-de-las-bicicletas-electricas-en-la-economia-alemana\\\/#webpage\"},\"isPartOf\":{\"@id\":\"https:\\\/\\\/www.eldigitaldeasturias.com\\\/noticias\\\/el-efecto-positivo-de-las-bicicletas-electricas-en-la-economia-alemana\\\/#webpage\"},\"articleSection\":\"Negocios y Empresas\"},{\"@type\":\"BreadcrumbList\",\"@id\":\"https:\\\/\\\/www.eldigitaldeasturias.com\\\/noticias\\\/el-efecto-positivo-de-las-bicicletas-electricas-en-la-economia-alemana\\\/#breadcrumblist\",\"itemListElement\":[{\"@type\":\"ListItem\",\"@id\":\"https:\\\/\\\/www.eldigitaldeasturias.com\\\/noticias#listItem\",\"position\":1,\"name\":\"Home\",\"item\":\"https:\\\/\\\/www.eldigitaldeasturias.com\\\/noticias\",\"nextItem\":{\"@type\":\"ListItem\",\"@id\":\"https:\\\/\\\/www.eldigitaldeasturias.com\\\/noticias\\\/category\\\/negocios-y-empresas\\\/#listItem\",\"name\":\"Negocios y Empresas\"}},{\"@type\":\"ListItem\",\"@id\":\"https:\\\/\\\/www.eldigitaldeasturias.com\\\/noticias\\\/category\\\/negocios-y-empresas\\\/#listItem\",\"position\":2,\"name\":\"Negocios y Empresas\",\"item\":\"https:\\\/\\\/www.eldigitaldeasturias.com\\\/noticias\\\/category\\\/negocios-y-empresas\\\/\",\"nextItem\":{\"@type\":\"ListItem\",\"@id\":\"https:\\\/\\\/www.eldigitaldeasturias.com\\\/noticias\\\/el-efecto-positivo-de-las-bicicletas-electricas-en-la-economia-alemana\\\/#listItem\",\"name\":\"El efecto positivo de las bicicletas el\\u00e9ctricas en la econom\\u00eda alemana\"},\"previousItem\":{\"@type\":\"ListItem\",\"@id\":\"https:\\\/\\\/www.eldigitaldeasturias.com\\\/noticias#listItem\",\"name\":\"Home\"}},{\"@type\":\"ListItem\",\"@id\":\"https:\\\/\\\/www.eldigitaldeasturias.com\\\/noticias\\\/el-efecto-positivo-de-las-bicicletas-electricas-en-la-economia-alemana\\\/#listItem\",\"position\":3,\"name\":\"El efecto positivo de las bicicletas el\\u00e9ctricas en la econom\\u00eda alemana\",\"previousItem\":{\"@type\":\"ListItem\",\"@id\":\"https:\\\/\\\/www.eldigitaldeasturias.com\\\/noticias\\\/category\\\/negocios-y-empresas\\\/#listItem\",\"name\":\"Negocios y Empresas\"}}]},{\"@type\":\"Organization\",\"@id\":\"https:\\\/\\\/www.eldigitaldeasturias.com\\\/noticias\\\/#organization\",\"name\":\"El Digital de Asturias\",\"description\":\"Hemeroteca\",\"url\":\"https:\\\/\\\/www.eldigitaldeasturias.com\\\/noticias\\\/\",\"email\":\"info@eldigitaldeasturias.com\",\"telephone\":\"+34652131393\",\"logo\":{\"@type\":\"ImageObject\",\"url\":\"https:\\\/\\\/www.eldigitaldeasturias.com\\\/noticias\\\/wp-content\\\/uploads\\\/2020\\\/12\\\/EDA.jpg\",\"@id\":\"https:\\\/\\\/www.eldigitaldeasturias.com\\\/noticias\\\/el-efecto-positivo-de-las-bicicletas-electricas-en-la-economia-alemana\\\/#organizationLogo\",\"width\":649,\"height\":297},\"image\":{\"@id\":\"https:\\\/\\\/www.eldigitaldeasturias.com\\\/noticias\\\/el-efecto-positivo-de-las-bicicletas-electricas-en-la-economia-alemana\\\/#organizationLogo\"},\"sameAs\":[\"https:\\\/\\\/facebook.com\\\/eldigitaldeasturias\",\"https:\\\/\\\/www.youtube.com\\\/channel\\\/UCZP-2wLEB9Rv6erhFmqVnvg\"],\"address\":{\"@id\":\"https:\\\/\\\/www.eldigitaldeasturias.com\\\/noticias\\\/#postaladdress\",\"@type\":\"PostalAddress\",\"streetAddress\":\"san antonio 4,\",\"postalCode\":\"33430\",\"addressLocality\":\"Cand\\u00e1s\",\"addressRegion\":\"Asturias\",\"addressCountry\":\"ES\"}},{\"@type\":\"Person\",\"@id\":\"https:\\\/\\\/www.eldigitaldeasturias.com\\\/noticias\\\/author\\\/admin\\\/#author\",\"url\":\"https:\\\/\\\/www.eldigitaldeasturias.com\\\/noticias\\\/author\\\/admin\\\/\",\"name\":\"El Digital de Asturias\",\"image\":{\"@type\":\"ImageObject\",\"@id\":\"https:\\\/\\\/www.eldigitaldeasturias.com\\\/noticias\\\/el-efecto-positivo-de-las-bicicletas-electricas-en-la-economia-alemana\\\/#authorImage\",\"url\":\"https:\\\/\\\/www.eldigitaldeasturias.com\\\/noticias\\\/wp-content\\\/litespeed\\\/avatar\\\/18677e78aa0546b92d9dbf31ec7d7668.jpg?ver=1777290358\",\"width\":96,\"height\":96,\"caption\":\"El Digital de Asturias\"}},{\"@type\":\"WebPage\",\"@id\":\"https:\\\/\\\/www.eldigitaldeasturias.com\\\/noticias\\\/el-efecto-positivo-de-las-bicicletas-electricas-en-la-economia-alemana\\\/#webpage\",\"url\":\"https:\\\/\\\/www.eldigitaldeasturias.com\\\/noticias\\\/el-efecto-positivo-de-las-bicicletas-electricas-en-la-economia-alemana\\\/\",\"name\":\"El efecto positivo de las bicicletas el\\u00e9ctricas en la econom\\u00eda alemana - El Digital de Asturias\",\"description\":\"Zwickau\\\/Crottendorf (Alemania), 12 ago (dpa) - Firmas de reequipamiento el\\u00e9ctrico se suman cada vez m\\u00e1s al creciente mercado de bicicletas el\\u00e9ctricas, ya que si bien es una soluci\\u00f3n de nicho es sostenible porque evita tener que comprar un veh\\u00edculo nuevo, sostuvo hoy el director t\\u00e9cnico de la empresa Pendix Christian Hennig. La nueva compa\\u00f1\\u00eda registra\",\"inLanguage\":\"es-ES\",\"isPartOf\":{\"@id\":\"https:\\\/\\\/www.eldigitaldeasturias.com\\\/noticias\\\/#website\"},\"breadcrumb\":{\"@id\":\"https:\\\/\\\/www.eldigitaldeasturias.com\\\/noticias\\\/el-efecto-positivo-de-las-bicicletas-electricas-en-la-economia-alemana\\\/#breadcrumblist\"},\"author\":{\"@id\":\"https:\\\/\\\/www.eldigitaldeasturias.com\\\/noticias\\\/author\\\/admin\\\/#author\"},\"creator\":{\"@id\":\"https:\\\/\\\/www.eldigitaldeasturias.com\\\/noticias\\\/author\\\/admin\\\/#author\"},\"image\":{\"@type\":\"ImageObject\",\"url\":\"https:\\\/\\\/www.eldigitaldeasturias.com\\\/noticias\\\/wp-content\\\/uploads\\\/2019\\\/08\\\/bicicletas-electricas.jpg\",\"@id\":\"https:\\\/\\\/www.eldigitaldeasturias.com\\\/noticias\\\/el-efecto-positivo-de-las-bicicletas-electricas-en-la-economia-alemana\\\/#mainImage\",\"width\":1004,\"height\":677,\"caption\":\"Una bater\\u00eda de la compa\\u00f1\\u00eda alemana Pendix, montada en un bicicleta, la convierte en veh\\u00edculo el\\u00e9ctrico. Foto: Sebastian Kahnert\\\/zb\\\/dpa\"},\"primaryImageOfPage\":{\"@id\":\"https:\\\/\\\/www.eldigitaldeasturias.com\\\/noticias\\\/el-efecto-positivo-de-las-bicicletas-electricas-en-la-economia-alemana\\\/#mainImage\"},\"datePublished\":\"2019-08-13T18:38:53+02:00\",\"dateModified\":\"2019-08-13T18:38:53+02:00\"},{\"@type\":\"WebSite\",\"@id\":\"https:\\\/\\\/www.eldigitaldeasturias.com\\\/noticias\\\/#website\",\"url\":\"https:\\\/\\\/www.eldigitaldeasturias.com\\\/noticias\\\/\",\"name\":\"El Digital de Asturias - Diario de actualidad y noticias\",\"alternateName\":\"El Digital de Asturias - Diario de actualidad y noticias\",\"description\":\"Hemeroteca\",\"inLanguage\":\"es-ES\",\"publisher\":{\"@id\":\"https:\\\/\\\/www.eldigitaldeasturias.com\\\/noticias\\\/#organization\"}}]}\n\t\t<\/script>\n\t\t<!-- All in One SEO Pro -->\r\n\t\t<title>El efecto positivo de las bicicletas el\u00e9ctricas en la econom\u00eda alemana - El Digital de Asturias<\/title>\n\n","aioseo_head_json":{"title":"El efecto positivo de las bicicletas el\u00e9ctricas en la econom\u00eda alemana - El Digital de Asturias","description":"Zwickau\/Crottendorf (Alemania), 12 ago (dpa) - Firmas de reequipamiento el\u00e9ctrico se suman cada vez m\u00e1s al creciente mercado de bicicletas el\u00e9ctricas, ya que si bien es una soluci\u00f3n de nicho es sostenible porque evita tener que comprar un veh\u00edculo nuevo, sostuvo hoy el director t\u00e9cnico de la empresa Pendix Christian Hennig. La nueva compa\u00f1\u00eda registra","canonical_url":"https:\/\/www.eldigitaldeasturias.com\/noticias\/el-efecto-positivo-de-las-bicicletas-electricas-en-la-economia-alemana\/","robots":"max-image-preview:large","keywords":"negocios y empresas","webmasterTools":{"google-site-verification":"UA-38556648-1","msvalidate.01":"7dfe9f3f1b24437ab69f4f2559babe99","miscellaneous":""},"schema":{"@context":"https:\/\/schema.org","@graph":[{"@type":"BlogPosting","@id":"https:\/\/www.eldigitaldeasturias.com\/noticias\/el-efecto-positivo-de-las-bicicletas-electricas-en-la-economia-alemana\/#blogposting","name":"El efecto positivo de las bicicletas el\u00e9ctricas en la econom\u00eda alemana - El Digital de Asturias","headline":"El efecto positivo de las bicicletas el\u00e9ctricas en la econom\u00eda alemana","author":{"@id":"https:\/\/www.eldigitaldeasturias.com\/noticias\/author\/admin\/#author"},"publisher":{"@id":"https:\/\/www.eldigitaldeasturias.com\/noticias\/#organization"},"image":{"@type":"ImageObject","url":"https:\/\/www.eldigitaldeasturias.com\/noticias\/wp-content\/uploads\/2019\/08\/bicicletas-electricas.jpg","width":1004,"height":677,"caption":"Una bater\u00eda de la compa\u00f1\u00eda alemana Pendix, montada en un bicicleta, la convierte en veh\u00edculo el\u00e9ctrico. Foto: Sebastian Kahnert\/zb\/dpa"},"datePublished":"2019-08-13T18:38:53+02:00","dateModified":"2019-08-13T18:38:53+02:00","inLanguage":"es-ES","mainEntityOfPage":{"@id":"https:\/\/www.eldigitaldeasturias.com\/noticias\/el-efecto-positivo-de-las-bicicletas-electricas-en-la-economia-alemana\/#webpage"},"isPartOf":{"@id":"https:\/\/www.eldigitaldeasturias.com\/noticias\/el-efecto-positivo-de-las-bicicletas-electricas-en-la-economia-alemana\/#webpage"},"articleSection":"Negocios y Empresas"},{"@type":"BreadcrumbList","@id":"https:\/\/www.eldigitaldeasturias.com\/noticias\/el-efecto-positivo-de-las-bicicletas-electricas-en-la-economia-alemana\/#breadcrumblist","itemListElement":[{"@type":"ListItem","@id":"https:\/\/www.eldigitaldeasturias.com\/noticias#listItem","position":1,"name":"Home","item":"https:\/\/www.eldigitaldeasturias.com\/noticias","nextItem":{"@type":"ListItem","@id":"https:\/\/www.eldigitaldeasturias.com\/noticias\/category\/negocios-y-empresas\/#listItem","name":"Negocios y Empresas"}},{"@type":"ListItem","@id":"https:\/\/www.eldigitaldeasturias.com\/noticias\/category\/negocios-y-empresas\/#listItem","position":2,"name":"Negocios y Empresas","item":"https:\/\/www.eldigitaldeasturias.com\/noticias\/category\/negocios-y-empresas\/","nextItem":{"@type":"ListItem","@id":"https:\/\/www.eldigitaldeasturias.com\/noticias\/el-efecto-positivo-de-las-bicicletas-electricas-en-la-economia-alemana\/#listItem","name":"El efecto positivo de las bicicletas el\u00e9ctricas en la econom\u00eda alemana"},"previousItem":{"@type":"ListItem","@id":"https:\/\/www.eldigitaldeasturias.com\/noticias#listItem","name":"Home"}},{"@type":"ListItem","@id":"https:\/\/www.eldigitaldeasturias.com\/noticias\/el-efecto-positivo-de-las-bicicletas-electricas-en-la-economia-alemana\/#listItem","position":3,"name":"El efecto positivo de las bicicletas el\u00e9ctricas en la econom\u00eda alemana","previousItem":{"@type":"ListItem","@id":"https:\/\/www.eldigitaldeasturias.com\/noticias\/category\/negocios-y-empresas\/#listItem","name":"Negocios y Empresas"}}]},{"@type":"Organization","@id":"https:\/\/www.eldigitaldeasturias.com\/noticias\/#organization","name":"El Digital de Asturias","description":"Hemeroteca","url":"https:\/\/www.eldigitaldeasturias.com\/noticias\/","email":"info@eldigitaldeasturias.com","telephone":"+34652131393","logo":{"@type":"ImageObject","url":"https:\/\/www.eldigitaldeasturias.com\/noticias\/wp-content\/uploads\/2020\/12\/EDA.jpg","@id":"https:\/\/www.eldigitaldeasturias.com\/noticias\/el-efecto-positivo-de-las-bicicletas-electricas-en-la-economia-alemana\/#organizationLogo","width":649,"height":297},"image":{"@id":"https:\/\/www.eldigitaldeasturias.com\/noticias\/el-efecto-positivo-de-las-bicicletas-electricas-en-la-economia-alemana\/#organizationLogo"},"sameAs":["https:\/\/facebook.com\/eldigitaldeasturias","https:\/\/www.youtube.com\/channel\/UCZP-2wLEB9Rv6erhFmqVnvg"],"address":{"@id":"https:\/\/www.eldigitaldeasturias.com\/noticias\/#postaladdress","@type":"PostalAddress","streetAddress":"san antonio 4,","postalCode":"33430","addressLocality":"Cand\u00e1s","addressRegion":"Asturias","addressCountry":"ES"}},{"@type":"Person","@id":"https:\/\/www.eldigitaldeasturias.com\/noticias\/author\/admin\/#author","url":"https:\/\/www.eldigitaldeasturias.com\/noticias\/author\/admin\/","name":"El Digital de Asturias","image":{"@type":"ImageObject","@id":"https:\/\/www.eldigitaldeasturias.com\/noticias\/el-efecto-positivo-de-las-bicicletas-electricas-en-la-economia-alemana\/#authorImage","url":"https:\/\/www.eldigitaldeasturias.com\/noticias\/wp-content\/litespeed\/avatar\/18677e78aa0546b92d9dbf31ec7d7668.jpg?ver=1777290358","width":96,"height":96,"caption":"El Digital de Asturias"}},{"@type":"WebPage","@id":"https:\/\/www.eldigitaldeasturias.com\/noticias\/el-efecto-positivo-de-las-bicicletas-electricas-en-la-economia-alemana\/#webpage","url":"https:\/\/www.eldigitaldeasturias.com\/noticias\/el-efecto-positivo-de-las-bicicletas-electricas-en-la-economia-alemana\/","name":"El efecto positivo de las bicicletas el\u00e9ctricas en la econom\u00eda alemana - El Digital de Asturias","description":"Zwickau\/Crottendorf (Alemania), 12 ago (dpa) - Firmas de reequipamiento el\u00e9ctrico se suman cada vez m\u00e1s al creciente mercado de bicicletas el\u00e9ctricas, ya que si bien es una soluci\u00f3n de nicho es sostenible porque evita tener que comprar un veh\u00edculo nuevo, sostuvo hoy el director t\u00e9cnico de la empresa Pendix Christian Hennig. La nueva compa\u00f1\u00eda registra","inLanguage":"es-ES","isPartOf":{"@id":"https:\/\/www.eldigitaldeasturias.com\/noticias\/#website"},"breadcrumb":{"@id":"https:\/\/www.eldigitaldeasturias.com\/noticias\/el-efecto-positivo-de-las-bicicletas-electricas-en-la-economia-alemana\/#breadcrumblist"},"author":{"@id":"https:\/\/www.eldigitaldeasturias.com\/noticias\/author\/admin\/#author"},"creator":{"@id":"https:\/\/www.eldigitaldeasturias.com\/noticias\/author\/admin\/#author"},"image":{"@type":"ImageObject","url":"https:\/\/www.eldigitaldeasturias.com\/noticias\/wp-content\/uploads\/2019\/08\/bicicletas-electricas.jpg","@id":"https:\/\/www.eldigitaldeasturias.com\/noticias\/el-efecto-positivo-de-las-bicicletas-electricas-en-la-economia-alemana\/#mainImage","width":1004,"height":677,"caption":"Una bater\u00eda de la compa\u00f1\u00eda alemana Pendix, montada en un bicicleta, la convierte en veh\u00edculo el\u00e9ctrico. Foto: Sebastian Kahnert\/zb\/dpa"},"primaryImageOfPage":{"@id":"https:\/\/www.eldigitaldeasturias.com\/noticias\/el-efecto-positivo-de-las-bicicletas-electricas-en-la-economia-alemana\/#mainImage"},"datePublished":"2019-08-13T18:38:53+02:00","dateModified":"2019-08-13T18:38:53+02:00"},{"@type":"WebSite","@id":"https:\/\/www.eldigitaldeasturias.com\/noticias\/#website","url":"https:\/\/www.eldigitaldeasturias.com\/noticias\/","name":"El Digital de Asturias - Diario de actualidad y noticias","alternateName":"El Digital de Asturias - Diario de actualidad y noticias","description":"Hemeroteca","inLanguage":"es-ES","publisher":{"@id":"https:\/\/www.eldigitaldeasturias.com\/noticias\/#organization"}}]},"og:locale":"es_ES","og:site_name":"El Digital de Asturias","og:type":"article","og:title":"El efecto positivo de las bicicletas el\u00e9ctricas en la econom\u00eda alemana - El Digital de Asturias","og:description":"Zwickau\/Crottendorf (Alemania), 12 ago (dpa) - Firmas de reequipamiento el\u00e9ctrico se suman cada vez m\u00e1s al creciente mercado de bicicletas el\u00e9ctricas, ya que si bien es una soluci\u00f3n de nicho es sostenible porque evita tener que comprar un veh\u00edculo nuevo, sostuvo hoy el director t\u00e9cnico de la empresa Pendix Christian Hennig. La nueva compa\u00f1\u00eda registra","og:url":"https:\/\/www.eldigitaldeasturias.com\/noticias\/el-efecto-positivo-de-las-bicicletas-electricas-en-la-economia-alemana\/","og:image":"https:\/\/www.eldigitaldeasturias.com\/noticias\/wp-content\/uploads\/2019\/08\/bicicletas-electricas.jpg","og:image:secure_url":"https:\/\/www.eldigitaldeasturias.com\/noticias\/wp-content\/uploads\/2019\/08\/bicicletas-electricas.jpg","og:image:width":1004,"og:image:height":677,"article:tag":["negocios y empresas"],"article:published_time":"2019-08-13T18:38:53+00:00","article:modified_time":"2019-08-13T18:38:53+00:00","article:publisher":"https:\/\/facebook.com\/eldigitaldeasturias","twitter:card":"summary_large_image","twitter:title":"El efecto positivo de las bicicletas el\u00e9ctricas en la econom\u00eda alemana - El Digital de Asturias","twitter:description":"Zwickau\/Crottendorf (Alemania), 12 ago (dpa) - Firmas de reequipamiento el\u00e9ctrico se suman cada vez m\u00e1s al creciente mercado de bicicletas el\u00e9ctricas, ya que si bien es una soluci\u00f3n de nicho es sostenible porque evita tener que comprar un veh\u00edculo nuevo, sostuvo hoy el director t\u00e9cnico de la empresa Pendix Christian Hennig. La nueva compa\u00f1\u00eda registra","twitter:image":"https:\/\/www.eldigitaldeasturias.com\/noticias\/wp-content\/uploads\/2019\/08\/bicicletas-electricas.jpg","twitter:label1":"Escrito por","twitter:data1":"El Digital de Asturias","twitter:label2":"Tiempo de lectura estimado","twitter:data2":"1 minuto"},"aioseo_meta_data":{"post_id":"1037790","title":null,"description":null,"keywords":null,"keyphrases":null,"primary_term":null,"canonical_url":null,"og_title":null,"og_description":null,"og_object_type":"default","og_image_type":"default","og_image_url":null,"og_image_width":null,"og_image_height":null,"og_image_custom_url":null,"og_image_custom_fields":null,"og_video":null,"og_custom_url":null,"og_article_section":null,"og_article_tags":null,"twitter_use_og":false,"twitter_card":"default","twitter_image_type":"default","twitter_image_url":null,"twitter_image_custom_url":null,"twitter_image_custom_fields":null,"twitter_title":null,"twitter_description":null,"schema":{"blockGraphs":[],"customGraphs":[],"default":{"data":{"Article":[],"Course":[],"Dataset":[],"FAQPage":[],"Movie":[],"Person":[],"Product":[],"ProductReview":[],"Car":[],"Recipe":[],"Service":[],"SoftwareApplication":[],"WebPage":[]},"graphName":"","isEnabled":true},"graphs":[],"defaultGraph":"","defaultPostTypeGraph":""},"schema_type":null,"schema_type_options":null,"pillar_content":false,"robots_default":true,"robots_noindex":false,"robots_noarchive":false,"robots_nosnippet":false,"robots_nofollow":false,"robots_noimageindex":false,"robots_noodp":false,"robots_notranslate":false,"robots_max_snippet":null,"robots_max_videopreview":null,"robots_max_imagepreview":"large","priority":null,"frequency":null,"local_seo":null,"seo_analyzer_scan_date":"2025-10-22 19:28:15","breadcrumb_settings":null,"limit_modified_date":false,"open_ai":null,"ai":null,"created":"2020-12-21 11:06:52","updated":"2025-10-22 19:28:15"},"aioseo_breadcrumb":"<div class=\"aioseo-breadcrumbs\"><span class=\"aioseo-breadcrumb\">\n\t<a href=\"https:\/\/www.eldigitaldeasturias.com\/noticias\" title=\"Home\">Home<\/a>\n<\/span><span class=\"aioseo-breadcrumb-separator\">\u2013<\/span><span class=\"aioseo-breadcrumb\">\n\t<a href=\"https:\/\/www.eldigitaldeasturias.com\/noticias\/category\/negocios-y-empresas\/\" title=\"Negocios y Empresas\">Negocios y Empresas<\/a>\n<\/span><span class=\"aioseo-breadcrumb-separator\">\u2013<\/span><span class=\"aioseo-breadcrumb\">\n\t<a href=\"https:\/\/www.eldigitaldeasturias.com\/noticias\/el-efecto-positivo-de-las-bicicletas-electricas-en-la-economia-alemana\/\" title=\"El efecto positivo de las bicicletas el\u00e9ctricas en la econom\u00eda alemana\">El efecto positivo de las bicicletas el\u00e9ctricas en la econom\u00eda alemana<\/a>\n<\/span><\/div>","aioseo_breadcrumb_json":[{"label":"Home","link":"https:\/\/www.eldigitaldeasturias.com\/noticias"},{"label":"Negocios y Empresas","link":"https:\/\/www.eldigitaldeasturias.com\/noticias\/category\/negocios-y-empresas\/"},{"label":"El efecto positivo de las bicicletas el\u00e9ctricas en la econom\u00eda alemana","link":"https:\/\/www.eldigitaldeasturias.com\/noticias\/el-efecto-positivo-de-las-bicicletas-electricas-en-la-economia-alemana\/"}],"_links":{"self":[{"href":"https:\/\/www.eldigitaldeasturias.com\/noticias\/wp-json\/wp\/v2\/posts\/1037790","targetHints":{"allow":["GET"]}}],"collection":[{"href":"https:\/\/www.eldigitaldeasturias.com\/noticias\/wp-json\/wp\/v2\/posts"}],"about":[{"href":"https:\/\/www.eldigitaldeasturias.com\/noticias\/wp-json\/wp\/v2\/types\/post"}],"author":[{"embeddable":true,"href":"https:\/\/www.eldigitaldeasturias.com\/noticias\/wp-json\/wp\/v2\/users\/1"}],"replies":[{"embeddable":true,"href":"https:\/\/www.eldigitaldeasturias.com\/noticias\/wp-json\/wp\/v2\/comments?post=1037790"}],"version-history":[{"count":0,"href":"https:\/\/www.eldigitaldeasturias.com\/noticias\/wp-json\/wp\/v2\/posts\/1037790\/revisions"}],"wp:featuredmedia":[{"embeddable":true,"href":"https:\/\/www.eldigitaldeasturias.com\/noticias\/wp-json\/wp\/v2\/media\/1037791"}],"wp:attachment":[{"href":"https:\/\/www.eldigitaldeasturias.com\/noticias\/wp-json\/wp\/v2\/media?parent=1037790"}],"wp:term":[{"taxonomy":"category","embeddable":true,"href":"https:\/\/www.eldigitaldeasturias.com\/noticias\/wp-json\/wp\/v2\/categories?post=1037790"},{"taxonomy":"post_tag","embeddable":true,"href":"https:\/\/www.eldigitaldeasturias.com\/noticias\/wp-json\/wp\/v2\/tags?post=1037790"}],"curies":[{"name":"wp","href":"https:\/\/api.w.org\/{rel}","templated":true}]}}