{"id":1037785,"date":"2019-08-13T17:31:53","date_gmt":"2019-08-13T17:31:53","guid":{"rendered":"https:\/\/www.eldigitaldeasturias.com\/noticias\/?p=1037785"},"modified":"2019-08-13T17:31:53","modified_gmt":"2019-08-13T17:31:53","slug":"adidas-celebra-este-mes-su-70-aniversario","status":"publish","type":"post","link":"https:\/\/www.eldigitaldeasturias.com\/noticias\/adidas-celebra-este-mes-su-70-aniversario\/","title":{"rendered":"Adidas celebra este mes su 70 aniversario"},"content":{"rendered":"<figure id=\"attachment_1037786\" aria-describedby=\"caption-attachment-1037786\" style=\"width: 360px\" class=\"wp-caption alignleft\"><img loading=\"lazy\" decoding=\"async\" class=\"wp-image-1037786 size-medium\" src=\"https:\/\/www.eldigitaldeasturias.com\/noticias\/wp-content\/uploads\/2019\/08\/Adidas-70-aniversario-360x240.jpg\" alt=\"\" width=\"360\" height=\"240\" srcset=\"https:\/\/www.eldigitaldeasturias.com\/noticias\/wp-content\/uploads\/2019\/08\/Adidas-70-aniversario-360x240.jpg 360w, https:\/\/www.eldigitaldeasturias.com\/noticias\/wp-content\/uploads\/2019\/08\/Adidas-70-aniversario-768x512.jpg 768w, https:\/\/www.eldigitaldeasturias.com\/noticias\/wp-content\/uploads\/2019\/08\/Adidas-70-aniversario-650x433.jpg 650w, https:\/\/www.eldigitaldeasturias.com\/noticias\/wp-content\/uploads\/2019\/08\/Adidas-70-aniversario.jpg 999w\" sizes=\"auto, (max-width: 360px) 100vw, 360px\" \/><figcaption id=\"caption-attachment-1037786\" class=\"wp-caption-text\">Nueva sede corporativa del fabricante de art\u00edculos deportivos Adidas Foto: Daniel Karmann\/dpa<\/figcaption><\/figure>\n<p>Herzogenaurach (Alemania), 12 ago (dpa) &#8211; El fabricante alem\u00e1n de art\u00edculos deportivos <strong>Adidas<\/strong> de la ciudad b\u00e1vara de Herzogenaurach <strong>celebra este mes su 70 aniversario<\/strong> e inaugura su espectacular nueva sede, la llamada \u00abarena\u00bb, la que tuvo un costo de alrededor de 350 millones de euros.<\/p>\n<p>La \u00abarena\u00bb de Adidas es la nueva sede corporativa en el noreste de la ciudad, constru\u00edda sobre 67 pilotes inclinados en el campus de la empresa, denominado \u00abWorld of Sports\u00bb (mundo de deportes).<\/p>\n<p><strong>La firma b\u00e1vara emplea actualmente 57.000 personas en todo el mundo<\/strong>. Durante la Eurocopa 2020, la selecci\u00f3n nacional de la Federaci\u00f3n Alemana de F\u00fatbol (DFB) se concentrar\u00e1 en el campus de Adidas en Herzogenaurach, que cuenta con varias canchas de f\u00fatbol, \u00e1reas de fitness y otras instalaciones deportivas.<\/p>\n<p>Adolf Dassler, a quien m\u00e1s tarde se describi\u00f3 como el \u00ab<strong>zapatero de la naci\u00f3n<\/strong>\u00ab, inscribi\u00f3 la compa\u00f1\u00eda \u00ab<strong>Adolf Dassler &#8211; Spezialsportschuhfabrik adidas<\/strong>\u00bb (f\u00e1brica especial de calzado deportivo) en el registro mercantil el 18 de agosto de 1949.<\/p>\n<p>En 1924, Adolf fund\u00f3 junto a su hermano Rudolf, la f\u00e1brica de calzado deportivo \u00ab<strong>Gebr\u00fcder Dassler Sportschuhfabrik<\/strong>\u00bb (hermanos Dassler). Pero la relaci\u00f3n filial no prosper\u00f3 en los negocios y los hermanos separaron sus actividades: 47 empleados de la empresa permanecieron con Adolf, apodado \u00abAdi\u00bb, y 13 optaron por Rudolf, quien fund\u00f3 <strong>Puma.<\/strong> Desde entonces, son dos los gigantes de art\u00edculos deportivos que acoge la ciudad b\u00e1vara y ambos llegaron a la cima mundial con sus calzados.<\/p>\n<p>&nbsp;<\/p>\n<p>&nbsp;<\/p>\n","protected":false},"excerpt":{"rendered":"<p>Herzogenaurach (Alemania), 12 ago (dpa) &#8211; El fabricante alem\u00e1n de art\u00edculos deportivos Adidas de la ciudad b\u00e1vara de Herzogenaurach celebra este mes su 70 aniversario e inaugura su espectacular nueva sede, la llamada \u00abarena\u00bb, la que tuvo un costo de alrededor de 350 millones de euros. La \u00abarena\u00bb de Adidas es la nueva sede corporativa [&hellip;]<\/p>\n","protected":false},"author":1,"featured_media":1037786,"comment_status":"closed","ping_status":"closed","sticky":false,"template":"","format":"standard","meta":{"footnotes":""},"categories":[141,219],"tags":[],"class_list":["post-1037785","post","type-post","status-publish","format-standard","has-post-thumbnail","hentry","category-destacadas","category-negocios-y-empresas"],"aioseo_notices":[],"aioseo_head":"\n\t\t<!-- All in One SEO Pro 4.9.6.2 - aioseo.com -->\n\t<meta name=\"description\" content=\"Herzogenaurach (Alemania), 12 ago (dpa) - El fabricante alem\u00e1n de art\u00edculos deportivos Adidas de la ciudad b\u00e1vara de Herzogenaurach celebra este mes su 70 aniversario e inaugura su espectacular nueva sede, la llamada &quot;arena&quot;, la que tuvo un costo de alrededor de 350 millones de euros. La &quot;arena&quot; de Adidas es la nueva sede corporativa\" \/>\n\t<meta name=\"robots\" content=\"max-image-preview:large\" \/>\n\t<meta name=\"author\" content=\"El Digital de Asturias\"\/>\n\t<meta name=\"google-site-verification\" content=\"UA-38556648-1\" \/>\n\t<meta name=\"msvalidate.01\" content=\"7dfe9f3f1b24437ab69f4f2559babe99\" \/>\n\t<meta name=\"keywords\" content=\"destacadas,negocios y empresas\" \/>\n\t<link rel=\"canonical\" href=\"https:\/\/www.eldigitaldeasturias.com\/noticias\/adidas-celebra-este-mes-su-70-aniversario\/\" \/>\n\t<meta name=\"generator\" content=\"All in One SEO Pro (AIOSEO) 4.9.6.2\" \/>\n\t\t<meta property=\"og:locale\" content=\"es_ES\" \/>\n\t\t<meta property=\"og:site_name\" content=\"El Digital de Asturias\" \/>\n\t\t<meta property=\"og:type\" content=\"article\" \/>\n\t\t<meta property=\"og:title\" content=\"Adidas celebra este mes su 70 aniversario - El Digital de Asturias\" \/>\n\t\t<meta property=\"og:description\" content=\"Herzogenaurach (Alemania), 12 ago (dpa) - El fabricante alem\u00e1n de art\u00edculos deportivos Adidas de la ciudad b\u00e1vara de Herzogenaurach celebra este mes su 70 aniversario e inaugura su espectacular nueva sede, la llamada &quot;arena&quot;, la que tuvo un costo de alrededor de 350 millones de euros. La &quot;arena&quot; de Adidas es la nueva sede corporativa\" \/>\n\t\t<meta property=\"og:url\" content=\"https:\/\/www.eldigitaldeasturias.com\/noticias\/adidas-celebra-este-mes-su-70-aniversario\/\" \/>\n\t\t<meta property=\"og:image\" content=\"https:\/\/www.eldigitaldeasturias.com\/noticias\/wp-content\/uploads\/2019\/08\/Adidas-70-aniversario.jpg\" \/>\n\t\t<meta property=\"og:image:secure_url\" content=\"https:\/\/www.eldigitaldeasturias.com\/noticias\/wp-content\/uploads\/2019\/08\/Adidas-70-aniversario.jpg\" \/>\n\t\t<meta property=\"og:image:width\" content=\"999\" \/>\n\t\t<meta property=\"og:image:height\" content=\"666\" \/>\n\t\t<meta property=\"article:tag\" content=\"destacadas\" \/>\n\t\t<meta property=\"article:tag\" content=\"negocios y empresas\" \/>\n\t\t<meta property=\"article:published_time\" content=\"2019-08-13T17:31:53+00:00\" \/>\n\t\t<meta property=\"article:modified_time\" content=\"2019-08-13T17:31:53+00:00\" \/>\n\t\t<meta property=\"article:publisher\" content=\"https:\/\/facebook.com\/eldigitaldeasturias\" \/>\n\t\t<meta name=\"twitter:card\" content=\"summary_large_image\" \/>\n\t\t<meta name=\"twitter:title\" content=\"Adidas celebra este mes su 70 aniversario - El Digital de Asturias\" \/>\n\t\t<meta name=\"twitter:description\" content=\"Herzogenaurach (Alemania), 12 ago (dpa) - El fabricante alem\u00e1n de art\u00edculos deportivos Adidas de la ciudad b\u00e1vara de Herzogenaurach celebra este mes su 70 aniversario e inaugura su espectacular nueva sede, la llamada &quot;arena&quot;, la que tuvo un costo de alrededor de 350 millones de euros. La &quot;arena&quot; de Adidas es la nueva sede corporativa\" \/>\n\t\t<meta name=\"twitter:image\" content=\"https:\/\/www.eldigitaldeasturias.com\/noticias\/wp-content\/uploads\/2019\/08\/Adidas-70-aniversario.jpg\" \/>\n\t\t<meta name=\"twitter:label1\" content=\"Escrito por\" \/>\n\t\t<meta name=\"twitter:data1\" content=\"El Digital de Asturias\" \/>\n\t\t<meta name=\"twitter:label2\" content=\"Tiempo de lectura estimado\" \/>\n\t\t<meta name=\"twitter:data2\" content=\"1 minuto\" \/>\n\t\t<script type=\"application\/ld+json\" class=\"aioseo-schema\">\n\t\t\t{\"@context\":\"https:\\\/\\\/schema.org\",\"@graph\":[{\"@type\":\"BlogPosting\",\"@id\":\"https:\\\/\\\/www.eldigitaldeasturias.com\\\/noticias\\\/adidas-celebra-este-mes-su-70-aniversario\\\/#blogposting\",\"name\":\"Adidas celebra este mes su 70 aniversario - El Digital de Asturias\",\"headline\":\"Adidas celebra este mes su 70 aniversario\",\"author\":{\"@id\":\"https:\\\/\\\/www.eldigitaldeasturias.com\\\/noticias\\\/author\\\/admin\\\/#author\"},\"publisher\":{\"@id\":\"https:\\\/\\\/www.eldigitaldeasturias.com\\\/noticias\\\/#organization\"},\"image\":{\"@type\":\"ImageObject\",\"url\":\"https:\\\/\\\/www.eldigitaldeasturias.com\\\/noticias\\\/wp-content\\\/uploads\\\/2019\\\/08\\\/Adidas-70-aniversario.jpg\",\"width\":999,\"height\":666,\"caption\":\"Nueva sede corporativa del fabricante de art\\u00edculos deportivos Adidas Foto: Daniel Karmann\\\/dpa\"},\"datePublished\":\"2019-08-13T17:31:53+02:00\",\"dateModified\":\"2019-08-13T17:31:53+02:00\",\"inLanguage\":\"es-ES\",\"mainEntityOfPage\":{\"@id\":\"https:\\\/\\\/www.eldigitaldeasturias.com\\\/noticias\\\/adidas-celebra-este-mes-su-70-aniversario\\\/#webpage\"},\"isPartOf\":{\"@id\":\"https:\\\/\\\/www.eldigitaldeasturias.com\\\/noticias\\\/adidas-celebra-este-mes-su-70-aniversario\\\/#webpage\"},\"articleSection\":\"Destacadas, Negocios y Empresas\"},{\"@type\":\"BreadcrumbList\",\"@id\":\"https:\\\/\\\/www.eldigitaldeasturias.com\\\/noticias\\\/adidas-celebra-este-mes-su-70-aniversario\\\/#breadcrumblist\",\"itemListElement\":[{\"@type\":\"ListItem\",\"@id\":\"https:\\\/\\\/www.eldigitaldeasturias.com\\\/noticias#listItem\",\"position\":1,\"name\":\"Home\",\"item\":\"https:\\\/\\\/www.eldigitaldeasturias.com\\\/noticias\",\"nextItem\":{\"@type\":\"ListItem\",\"@id\":\"https:\\\/\\\/www.eldigitaldeasturias.com\\\/noticias\\\/category\\\/destacadas\\\/#listItem\",\"name\":\"Destacadas\"}},{\"@type\":\"ListItem\",\"@id\":\"https:\\\/\\\/www.eldigitaldeasturias.com\\\/noticias\\\/category\\\/destacadas\\\/#listItem\",\"position\":2,\"name\":\"Destacadas\",\"item\":\"https:\\\/\\\/www.eldigitaldeasturias.com\\\/noticias\\\/category\\\/destacadas\\\/\",\"nextItem\":{\"@type\":\"ListItem\",\"@id\":\"https:\\\/\\\/www.eldigitaldeasturias.com\\\/noticias\\\/adidas-celebra-este-mes-su-70-aniversario\\\/#listItem\",\"name\":\"Adidas celebra este mes su 70 aniversario\"},\"previousItem\":{\"@type\":\"ListItem\",\"@id\":\"https:\\\/\\\/www.eldigitaldeasturias.com\\\/noticias#listItem\",\"name\":\"Home\"}},{\"@type\":\"ListItem\",\"@id\":\"https:\\\/\\\/www.eldigitaldeasturias.com\\\/noticias\\\/adidas-celebra-este-mes-su-70-aniversario\\\/#listItem\",\"position\":3,\"name\":\"Adidas celebra este mes su 70 aniversario\",\"previousItem\":{\"@type\":\"ListItem\",\"@id\":\"https:\\\/\\\/www.eldigitaldeasturias.com\\\/noticias\\\/category\\\/destacadas\\\/#listItem\",\"name\":\"Destacadas\"}}]},{\"@type\":\"Organization\",\"@id\":\"https:\\\/\\\/www.eldigitaldeasturias.com\\\/noticias\\\/#organization\",\"name\":\"El Digital de Asturias\",\"description\":\"Hemeroteca\",\"url\":\"https:\\\/\\\/www.eldigitaldeasturias.com\\\/noticias\\\/\",\"email\":\"info@eldigitaldeasturias.com\",\"telephone\":\"+34652131393\",\"logo\":{\"@type\":\"ImageObject\",\"url\":\"https:\\\/\\\/www.eldigitaldeasturias.com\\\/noticias\\\/wp-content\\\/uploads\\\/2020\\\/12\\\/EDA.jpg\",\"@id\":\"https:\\\/\\\/www.eldigitaldeasturias.com\\\/noticias\\\/adidas-celebra-este-mes-su-70-aniversario\\\/#organizationLogo\",\"width\":649,\"height\":297},\"image\":{\"@id\":\"https:\\\/\\\/www.eldigitaldeasturias.com\\\/noticias\\\/adidas-celebra-este-mes-su-70-aniversario\\\/#organizationLogo\"},\"sameAs\":[\"https:\\\/\\\/facebook.com\\\/eldigitaldeasturias\",\"https:\\\/\\\/www.youtube.com\\\/channel\\\/UCZP-2wLEB9Rv6erhFmqVnvg\"],\"address\":{\"@id\":\"https:\\\/\\\/www.eldigitaldeasturias.com\\\/noticias\\\/#postaladdress\",\"@type\":\"PostalAddress\",\"streetAddress\":\"san antonio 4,\",\"postalCode\":\"33430\",\"addressLocality\":\"Cand\\u00e1s\",\"addressRegion\":\"Asturias\",\"addressCountry\":\"ES\"}},{\"@type\":\"Person\",\"@id\":\"https:\\\/\\\/www.eldigitaldeasturias.com\\\/noticias\\\/author\\\/admin\\\/#author\",\"url\":\"https:\\\/\\\/www.eldigitaldeasturias.com\\\/noticias\\\/author\\\/admin\\\/\",\"name\":\"El Digital de Asturias\",\"image\":{\"@type\":\"ImageObject\",\"@id\":\"https:\\\/\\\/www.eldigitaldeasturias.com\\\/noticias\\\/adidas-celebra-este-mes-su-70-aniversario\\\/#authorImage\",\"url\":\"https:\\\/\\\/www.eldigitaldeasturias.com\\\/noticias\\\/wp-content\\\/litespeed\\\/avatar\\\/18677e78aa0546b92d9dbf31ec7d7668.jpg?ver=1777290358\",\"width\":96,\"height\":96,\"caption\":\"El Digital de Asturias\"}},{\"@type\":\"WebPage\",\"@id\":\"https:\\\/\\\/www.eldigitaldeasturias.com\\\/noticias\\\/adidas-celebra-este-mes-su-70-aniversario\\\/#webpage\",\"url\":\"https:\\\/\\\/www.eldigitaldeasturias.com\\\/noticias\\\/adidas-celebra-este-mes-su-70-aniversario\\\/\",\"name\":\"Adidas celebra este mes su 70 aniversario - El Digital de Asturias\",\"description\":\"Herzogenaurach (Alemania), 12 ago (dpa) - El fabricante alem\\u00e1n de art\\u00edculos deportivos Adidas de la ciudad b\\u00e1vara de Herzogenaurach celebra este mes su 70 aniversario e inaugura su espectacular nueva sede, la llamada \\\"arena\\\", la que tuvo un costo de alrededor de 350 millones de euros. La \\\"arena\\\" de Adidas es la nueva sede corporativa\",\"inLanguage\":\"es-ES\",\"isPartOf\":{\"@id\":\"https:\\\/\\\/www.eldigitaldeasturias.com\\\/noticias\\\/#website\"},\"breadcrumb\":{\"@id\":\"https:\\\/\\\/www.eldigitaldeasturias.com\\\/noticias\\\/adidas-celebra-este-mes-su-70-aniversario\\\/#breadcrumblist\"},\"author\":{\"@id\":\"https:\\\/\\\/www.eldigitaldeasturias.com\\\/noticias\\\/author\\\/admin\\\/#author\"},\"creator\":{\"@id\":\"https:\\\/\\\/www.eldigitaldeasturias.com\\\/noticias\\\/author\\\/admin\\\/#author\"},\"image\":{\"@type\":\"ImageObject\",\"url\":\"https:\\\/\\\/www.eldigitaldeasturias.com\\\/noticias\\\/wp-content\\\/uploads\\\/2019\\\/08\\\/Adidas-70-aniversario.jpg\",\"@id\":\"https:\\\/\\\/www.eldigitaldeasturias.com\\\/noticias\\\/adidas-celebra-este-mes-su-70-aniversario\\\/#mainImage\",\"width\":999,\"height\":666,\"caption\":\"Nueva sede corporativa del fabricante de art\\u00edculos deportivos Adidas Foto: Daniel Karmann\\\/dpa\"},\"primaryImageOfPage\":{\"@id\":\"https:\\\/\\\/www.eldigitaldeasturias.com\\\/noticias\\\/adidas-celebra-este-mes-su-70-aniversario\\\/#mainImage\"},\"datePublished\":\"2019-08-13T17:31:53+02:00\",\"dateModified\":\"2019-08-13T17:31:53+02:00\"},{\"@type\":\"WebSite\",\"@id\":\"https:\\\/\\\/www.eldigitaldeasturias.com\\\/noticias\\\/#website\",\"url\":\"https:\\\/\\\/www.eldigitaldeasturias.com\\\/noticias\\\/\",\"name\":\"El Digital de Asturias - Diario de actualidad y noticias\",\"alternateName\":\"El Digital de Asturias - Diario de actualidad y noticias\",\"description\":\"Hemeroteca\",\"inLanguage\":\"es-ES\",\"publisher\":{\"@id\":\"https:\\\/\\\/www.eldigitaldeasturias.com\\\/noticias\\\/#organization\"}}]}\n\t\t<\/script>\n\t\t<!-- All in One SEO Pro -->\r\n\t\t<title>Adidas celebra este mes su 70 aniversario - El Digital de Asturias<\/title>\n\n","aioseo_head_json":{"title":"Adidas celebra este mes su 70 aniversario - El Digital de Asturias","description":"Herzogenaurach (Alemania), 12 ago (dpa) - El fabricante alem\u00e1n de art\u00edculos deportivos Adidas de la ciudad b\u00e1vara de Herzogenaurach celebra este mes su 70 aniversario e inaugura su espectacular nueva sede, la llamada \"arena\", la que tuvo un costo de alrededor de 350 millones de euros. La \"arena\" de Adidas es la nueva sede corporativa","canonical_url":"https:\/\/www.eldigitaldeasturias.com\/noticias\/adidas-celebra-este-mes-su-70-aniversario\/","robots":"max-image-preview:large","keywords":"destacadas,negocios y empresas","webmasterTools":{"google-site-verification":"UA-38556648-1","msvalidate.01":"7dfe9f3f1b24437ab69f4f2559babe99","miscellaneous":""},"schema":{"@context":"https:\/\/schema.org","@graph":[{"@type":"BlogPosting","@id":"https:\/\/www.eldigitaldeasturias.com\/noticias\/adidas-celebra-este-mes-su-70-aniversario\/#blogposting","name":"Adidas celebra este mes su 70 aniversario - El Digital de Asturias","headline":"Adidas celebra este mes su 70 aniversario","author":{"@id":"https:\/\/www.eldigitaldeasturias.com\/noticias\/author\/admin\/#author"},"publisher":{"@id":"https:\/\/www.eldigitaldeasturias.com\/noticias\/#organization"},"image":{"@type":"ImageObject","url":"https:\/\/www.eldigitaldeasturias.com\/noticias\/wp-content\/uploads\/2019\/08\/Adidas-70-aniversario.jpg","width":999,"height":666,"caption":"Nueva sede corporativa del fabricante de art\u00edculos deportivos Adidas Foto: Daniel Karmann\/dpa"},"datePublished":"2019-08-13T17:31:53+02:00","dateModified":"2019-08-13T17:31:53+02:00","inLanguage":"es-ES","mainEntityOfPage":{"@id":"https:\/\/www.eldigitaldeasturias.com\/noticias\/adidas-celebra-este-mes-su-70-aniversario\/#webpage"},"isPartOf":{"@id":"https:\/\/www.eldigitaldeasturias.com\/noticias\/adidas-celebra-este-mes-su-70-aniversario\/#webpage"},"articleSection":"Destacadas, Negocios y Empresas"},{"@type":"BreadcrumbList","@id":"https:\/\/www.eldigitaldeasturias.com\/noticias\/adidas-celebra-este-mes-su-70-aniversario\/#breadcrumblist","itemListElement":[{"@type":"ListItem","@id":"https:\/\/www.eldigitaldeasturias.com\/noticias#listItem","position":1,"name":"Home","item":"https:\/\/www.eldigitaldeasturias.com\/noticias","nextItem":{"@type":"ListItem","@id":"https:\/\/www.eldigitaldeasturias.com\/noticias\/category\/destacadas\/#listItem","name":"Destacadas"}},{"@type":"ListItem","@id":"https:\/\/www.eldigitaldeasturias.com\/noticias\/category\/destacadas\/#listItem","position":2,"name":"Destacadas","item":"https:\/\/www.eldigitaldeasturias.com\/noticias\/category\/destacadas\/","nextItem":{"@type":"ListItem","@id":"https:\/\/www.eldigitaldeasturias.com\/noticias\/adidas-celebra-este-mes-su-70-aniversario\/#listItem","name":"Adidas celebra este mes su 70 aniversario"},"previousItem":{"@type":"ListItem","@id":"https:\/\/www.eldigitaldeasturias.com\/noticias#listItem","name":"Home"}},{"@type":"ListItem","@id":"https:\/\/www.eldigitaldeasturias.com\/noticias\/adidas-celebra-este-mes-su-70-aniversario\/#listItem","position":3,"name":"Adidas celebra este mes su 70 aniversario","previousItem":{"@type":"ListItem","@id":"https:\/\/www.eldigitaldeasturias.com\/noticias\/category\/destacadas\/#listItem","name":"Destacadas"}}]},{"@type":"Organization","@id":"https:\/\/www.eldigitaldeasturias.com\/noticias\/#organization","name":"El Digital de Asturias","description":"Hemeroteca","url":"https:\/\/www.eldigitaldeasturias.com\/noticias\/","email":"info@eldigitaldeasturias.com","telephone":"+34652131393","logo":{"@type":"ImageObject","url":"https:\/\/www.eldigitaldeasturias.com\/noticias\/wp-content\/uploads\/2020\/12\/EDA.jpg","@id":"https:\/\/www.eldigitaldeasturias.com\/noticias\/adidas-celebra-este-mes-su-70-aniversario\/#organizationLogo","width":649,"height":297},"image":{"@id":"https:\/\/www.eldigitaldeasturias.com\/noticias\/adidas-celebra-este-mes-su-70-aniversario\/#organizationLogo"},"sameAs":["https:\/\/facebook.com\/eldigitaldeasturias","https:\/\/www.youtube.com\/channel\/UCZP-2wLEB9Rv6erhFmqVnvg"],"address":{"@id":"https:\/\/www.eldigitaldeasturias.com\/noticias\/#postaladdress","@type":"PostalAddress","streetAddress":"san antonio 4,","postalCode":"33430","addressLocality":"Cand\u00e1s","addressRegion":"Asturias","addressCountry":"ES"}},{"@type":"Person","@id":"https:\/\/www.eldigitaldeasturias.com\/noticias\/author\/admin\/#author","url":"https:\/\/www.eldigitaldeasturias.com\/noticias\/author\/admin\/","name":"El Digital de Asturias","image":{"@type":"ImageObject","@id":"https:\/\/www.eldigitaldeasturias.com\/noticias\/adidas-celebra-este-mes-su-70-aniversario\/#authorImage","url":"https:\/\/www.eldigitaldeasturias.com\/noticias\/wp-content\/litespeed\/avatar\/18677e78aa0546b92d9dbf31ec7d7668.jpg?ver=1777290358","width":96,"height":96,"caption":"El Digital de Asturias"}},{"@type":"WebPage","@id":"https:\/\/www.eldigitaldeasturias.com\/noticias\/adidas-celebra-este-mes-su-70-aniversario\/#webpage","url":"https:\/\/www.eldigitaldeasturias.com\/noticias\/adidas-celebra-este-mes-su-70-aniversario\/","name":"Adidas celebra este mes su 70 aniversario - El Digital de Asturias","description":"Herzogenaurach (Alemania), 12 ago (dpa) - El fabricante alem\u00e1n de art\u00edculos deportivos Adidas de la ciudad b\u00e1vara de Herzogenaurach celebra este mes su 70 aniversario e inaugura su espectacular nueva sede, la llamada \"arena\", la que tuvo un costo de alrededor de 350 millones de euros. La \"arena\" de Adidas es la nueva sede corporativa","inLanguage":"es-ES","isPartOf":{"@id":"https:\/\/www.eldigitaldeasturias.com\/noticias\/#website"},"breadcrumb":{"@id":"https:\/\/www.eldigitaldeasturias.com\/noticias\/adidas-celebra-este-mes-su-70-aniversario\/#breadcrumblist"},"author":{"@id":"https:\/\/www.eldigitaldeasturias.com\/noticias\/author\/admin\/#author"},"creator":{"@id":"https:\/\/www.eldigitaldeasturias.com\/noticias\/author\/admin\/#author"},"image":{"@type":"ImageObject","url":"https:\/\/www.eldigitaldeasturias.com\/noticias\/wp-content\/uploads\/2019\/08\/Adidas-70-aniversario.jpg","@id":"https:\/\/www.eldigitaldeasturias.com\/noticias\/adidas-celebra-este-mes-su-70-aniversario\/#mainImage","width":999,"height":666,"caption":"Nueva sede corporativa del fabricante de art\u00edculos deportivos Adidas Foto: Daniel Karmann\/dpa"},"primaryImageOfPage":{"@id":"https:\/\/www.eldigitaldeasturias.com\/noticias\/adidas-celebra-este-mes-su-70-aniversario\/#mainImage"},"datePublished":"2019-08-13T17:31:53+02:00","dateModified":"2019-08-13T17:31:53+02:00"},{"@type":"WebSite","@id":"https:\/\/www.eldigitaldeasturias.com\/noticias\/#website","url":"https:\/\/www.eldigitaldeasturias.com\/noticias\/","name":"El Digital de Asturias - Diario de actualidad y noticias","alternateName":"El Digital de Asturias - Diario de actualidad y noticias","description":"Hemeroteca","inLanguage":"es-ES","publisher":{"@id":"https:\/\/www.eldigitaldeasturias.com\/noticias\/#organization"}}]},"og:locale":"es_ES","og:site_name":"El Digital de Asturias","og:type":"article","og:title":"Adidas celebra este mes su 70 aniversario - El Digital de Asturias","og:description":"Herzogenaurach (Alemania), 12 ago (dpa) - El fabricante alem\u00e1n de art\u00edculos deportivos Adidas de la ciudad b\u00e1vara de Herzogenaurach celebra este mes su 70 aniversario e inaugura su espectacular nueva sede, la llamada &quot;arena&quot;, la que tuvo un costo de alrededor de 350 millones de euros. La &quot;arena&quot; de Adidas es la nueva sede corporativa","og:url":"https:\/\/www.eldigitaldeasturias.com\/noticias\/adidas-celebra-este-mes-su-70-aniversario\/","og:image":"https:\/\/www.eldigitaldeasturias.com\/noticias\/wp-content\/uploads\/2019\/08\/Adidas-70-aniversario.jpg","og:image:secure_url":"https:\/\/www.eldigitaldeasturias.com\/noticias\/wp-content\/uploads\/2019\/08\/Adidas-70-aniversario.jpg","og:image:width":999,"og:image:height":666,"article:tag":["destacadas","negocios y empresas"],"article:published_time":"2019-08-13T17:31:53+00:00","article:modified_time":"2019-08-13T17:31:53+00:00","article:publisher":"https:\/\/facebook.com\/eldigitaldeasturias","twitter:card":"summary_large_image","twitter:title":"Adidas celebra este mes su 70 aniversario - El Digital de Asturias","twitter:description":"Herzogenaurach (Alemania), 12 ago (dpa) - El fabricante alem\u00e1n de art\u00edculos deportivos Adidas de la ciudad b\u00e1vara de Herzogenaurach celebra este mes su 70 aniversario e inaugura su espectacular nueva sede, la llamada &quot;arena&quot;, la que tuvo un costo de alrededor de 350 millones de euros. La &quot;arena&quot; de Adidas es la nueva sede corporativa","twitter:image":"https:\/\/www.eldigitaldeasturias.com\/noticias\/wp-content\/uploads\/2019\/08\/Adidas-70-aniversario.jpg","twitter:label1":"Escrito por","twitter:data1":"El Digital de Asturias","twitter:label2":"Tiempo de lectura estimado","twitter:data2":"1 minuto"},"aioseo_meta_data":{"post_id":"1037785","title":null,"description":null,"keywords":null,"keyphrases":null,"primary_term":null,"canonical_url":null,"og_title":null,"og_description":null,"og_object_type":"default","og_image_type":"default","og_image_url":null,"og_image_width":null,"og_image_height":null,"og_image_custom_url":null,"og_image_custom_fields":null,"og_video":null,"og_custom_url":null,"og_article_section":null,"og_article_tags":null,"twitter_use_og":false,"twitter_card":"default","twitter_image_type":"default","twitter_image_url":null,"twitter_image_custom_url":null,"twitter_image_custom_fields":null,"twitter_title":null,"twitter_description":null,"schema":{"blockGraphs":[],"customGraphs":[],"default":{"data":{"Article":[],"Course":[],"Dataset":[],"FAQPage":[],"Movie":[],"Person":[],"Product":[],"ProductReview":[],"Car":[],"Recipe":[],"Service":[],"SoftwareApplication":[],"WebPage":[]},"graphName":"","isEnabled":true},"graphs":[],"defaultGraph":"","defaultPostTypeGraph":""},"schema_type":null,"schema_type_options":null,"pillar_content":false,"robots_default":true,"robots_noindex":false,"robots_noarchive":false,"robots_nosnippet":false,"robots_nofollow":false,"robots_noimageindex":false,"robots_noodp":false,"robots_notranslate":false,"robots_max_snippet":null,"robots_max_videopreview":null,"robots_max_imagepreview":"large","priority":null,"frequency":null,"local_seo":null,"seo_analyzer_scan_date":"2025-10-22 19:25:14","breadcrumb_settings":null,"limit_modified_date":false,"open_ai":null,"ai":null,"created":"2020-12-21 11:06:52","updated":"2025-10-22 19:25:14"},"aioseo_breadcrumb":"<div class=\"aioseo-breadcrumbs\"><span class=\"aioseo-breadcrumb\">\n\t<a href=\"https:\/\/www.eldigitaldeasturias.com\/noticias\" title=\"Home\">Home<\/a>\n<\/span><span class=\"aioseo-breadcrumb-separator\">\u2013<\/span><span class=\"aioseo-breadcrumb\">\n\t<a href=\"https:\/\/www.eldigitaldeasturias.com\/noticias\/category\/destacadas\/\" title=\"Destacadas\">Destacadas<\/a>\n<\/span><span class=\"aioseo-breadcrumb-separator\">\u2013<\/span><span class=\"aioseo-breadcrumb\">\n\t<a href=\"https:\/\/www.eldigitaldeasturias.com\/noticias\/adidas-celebra-este-mes-su-70-aniversario\/\" title=\"Adidas celebra este mes su 70 aniversario\">Adidas celebra este mes su 70 aniversario<\/a>\n<\/span><\/div>","aioseo_breadcrumb_json":[{"label":"Home","link":"https:\/\/www.eldigitaldeasturias.com\/noticias"},{"label":"Destacadas","link":"https:\/\/www.eldigitaldeasturias.com\/noticias\/category\/destacadas\/"},{"label":"Adidas celebra este mes su 70 aniversario","link":"https:\/\/www.eldigitaldeasturias.com\/noticias\/adidas-celebra-este-mes-su-70-aniversario\/"}],"_links":{"self":[{"href":"https:\/\/www.eldigitaldeasturias.com\/noticias\/wp-json\/wp\/v2\/posts\/1037785","targetHints":{"allow":["GET"]}}],"collection":[{"href":"https:\/\/www.eldigitaldeasturias.com\/noticias\/wp-json\/wp\/v2\/posts"}],"about":[{"href":"https:\/\/www.eldigitaldeasturias.com\/noticias\/wp-json\/wp\/v2\/types\/post"}],"author":[{"embeddable":true,"href":"https:\/\/www.eldigitaldeasturias.com\/noticias\/wp-json\/wp\/v2\/users\/1"}],"replies":[{"embeddable":true,"href":"https:\/\/www.eldigitaldeasturias.com\/noticias\/wp-json\/wp\/v2\/comments?post=1037785"}],"version-history":[{"count":0,"href":"https:\/\/www.eldigitaldeasturias.com\/noticias\/wp-json\/wp\/v2\/posts\/1037785\/revisions"}],"wp:featuredmedia":[{"embeddable":true,"href":"https:\/\/www.eldigitaldeasturias.com\/noticias\/wp-json\/wp\/v2\/media\/1037786"}],"wp:attachment":[{"href":"https:\/\/www.eldigitaldeasturias.com\/noticias\/wp-json\/wp\/v2\/media?parent=1037785"}],"wp:term":[{"taxonomy":"category","embeddable":true,"href":"https:\/\/www.eldigitaldeasturias.com\/noticias\/wp-json\/wp\/v2\/categories?post=1037785"},{"taxonomy":"post_tag","embeddable":true,"href":"https:\/\/www.eldigitaldeasturias.com\/noticias\/wp-json\/wp\/v2\/tags?post=1037785"}],"curies":[{"name":"wp","href":"https:\/\/api.w.org\/{rel}","templated":true}]}}