{"id":1037381,"date":"2019-08-09T14:07:10","date_gmt":"2019-08-09T14:07:10","guid":{"rendered":"https:\/\/www.eldigitaldeasturias.com\/noticias\/?p=1037381"},"modified":"2019-08-09T14:07:10","modified_gmt":"2019-08-09T14:07:10","slug":"limpiezapulido-conciencia-sobre-las-penalizaciones-a-colegios-por-falta-de-higiene","status":"publish","type":"post","link":"https:\/\/www.eldigitaldeasturias.com\/noticias\/limpiezapulido-conciencia-sobre-las-penalizaciones-a-colegios-por-falta-de-higiene\/","title":{"rendered":"LimpiezaPulido conciencia sobre las \u2018penalizaciones a colegios por falta de higiene\u2019"},"content":{"rendered":"<p><img loading=\"lazy\" decoding=\"async\" class=\"alignleft size-medium wp-image-1037382\" src=\"https:\/\/www.eldigitaldeasturias.com\/noticias\/wp-content\/uploads\/2019\/08\/1565262227_376164_PBFTCP_436-360x240.jpg\" alt=\"\" width=\"360\" height=\"240\" srcset=\"https:\/\/www.eldigitaldeasturias.com\/noticias\/wp-content\/uploads\/2019\/08\/1565262227_376164_PBFTCP_436-360x240.jpg 360w, https:\/\/www.eldigitaldeasturias.com\/noticias\/wp-content\/uploads\/2019\/08\/1565262227_376164_PBFTCP_436-768x512.jpg 768w, https:\/\/www.eldigitaldeasturias.com\/noticias\/wp-content\/uploads\/2019\/08\/1565262227_376164_PBFTCP_436-650x433.jpg 650w, https:\/\/www.eldigitaldeasturias.com\/noticias\/wp-content\/uploads\/2019\/08\/1565262227_376164_PBFTCP_436-1536x1020.jpg 1536w, https:\/\/www.eldigitaldeasturias.com\/noticias\/wp-content\/uploads\/2019\/08\/1565262227_376164_PBFTCP_436-1024x683.jpg 1024w, https:\/\/www.eldigitaldeasturias.com\/noticias\/wp-content\/uploads\/2019\/08\/1565262227_376164_PBFTCP_436-675x450.jpg 675w, https:\/\/www.eldigitaldeasturias.com\/noticias\/wp-content\/uploads\/2019\/08\/1565262227_376164_PBFTCP_436.jpg 1800w\" sizes=\"auto, (max-width: 360px) 100vw, 360px\" \/>As\u00ed lo expone el Real Decreto 732\/1995 de 5 de mayo en su punto 4, al establecer los Derechos de los alumnos y alumnas que estudian en los centros educativos p\u00fablicos y privados. Esta norma, adem\u00e1s, especifica al mismo tiempo que tanto alumnos como padres y profesores pueden denunciar en cualquier momento a la Administraci\u00f3n correspondiente la falta de higiene o mantenimiento que reciben sus instalaciones.<\/p>\n<p>\u00abEl problema surge en aquellos centros educativos cuyo tama\u00f1o y cantidad de estudiantes sean menores que en otros colegios m\u00e1s grandes, ya que el presupuesto que pueden destinar a la limpieza y el mantenimiento de sus instalaciones suele ser mucho m\u00e1s reducido, circunstancia que les obliga a contratar personal de limpieza poco cualificado o por menos horas de las que deber\u00edan debido a que resulta menos costoso\u00bb, mantienen los expertos de\u00a0<span style=\"color: #ff6600;\"><a style=\"color: #ff6600;\" href=\"https:\/\/limpiezapulido.es\/\" target=\"_blank\" rel=\"nofollow noopener noreferrer\"><strong>Limpiezapulido.e<\/strong>s<\/a><\/span>.<\/p>\n<p>En el momento en que se detecte un problema de higiene o de mantenimiento en cualquier centro educativo, el procedimiento que suele seguirse es la presentaci\u00f3n de una denuncia por el AMPA ante la Delegaci\u00f3n de Educaci\u00f3n del Ayuntamiento al que pertenece el colegio. Si por cualquier motivo este organismo no fuera capaz de poner soluci\u00f3n al problema, los interesados pueden acudir a la Direcci\u00f3n Provincial de Educaci\u00f3n.<\/p>\n<p>En este tipo de casos, la Administraci\u00f3n correspondiente tiene la obligaci\u00f3n de enviar a un Inspector del Departamento de Sanidad que se encargar\u00e1 de verificar si las condiciones de higiene y mantenimiento que recibe el centro pueden representar un riesgo para la salud de sus alumnos.<\/p>\n<p>\u00abSi dicha inspecci\u00f3n pone de manifiesto que existe una falta de higiene, ser\u00e1 abierto un expediente sancionador contra el colegio objeto de la denuncia en el que se describir\u00e1n las consecuencias legales que el colegio deber\u00e1 a asumir, que habitualmente cristalizan en una penalizaci\u00f3n o sanci\u00f3n econ\u00f3mica, adem\u00e1s de en el compromiso del colegio de que tomar\u00e1 las medidas oportunas para garantizar que en adelante las condiciones de higiene y mantenimiento de sus instalaciones ser\u00e1n id\u00f3neas\u00bb, explican.<\/p>\n<p>La higiene, no obstante, no s\u00f3lo se refiere a las condiciones de limpieza de las aulas y otras \u00e1reas del centro. El propio reglamento especifica que la alimentaci\u00f3n de los alumnos es tambi\u00e9n un derecho b\u00e1sico que deben recibir en condiciones de completa higiene y salubridad, y prueba de ello han sido las sanciones impuestas a colegios estos \u00faltimos a\u00f1os debido a que su men\u00fa escolar era poco sano hasta el punto de que pod\u00eda poner en peligro la salud de sus estudiantes.<\/p>\n<p>\u00abLos alumnos que cada d\u00eda acuden a cualquier centro educativo con el objetivo de aprender deben poder hacerlo en unas instalaciones que reciban una limpieza y un mantenimiento adecuados, y cada colegio de nuestro pa\u00eds debe preocuparse de poder ofrecer a sus estudiantes todos los derechos b\u00e1sicos que prev\u00e9 el Real Decreto 732\/1995\u00bb, concluyen los expertos de LimpiezaPulido.es.<\/p>\n<p>&nbsp;<\/p>\n","protected":false},"excerpt":{"rendered":"<p>As\u00ed lo expone el Real Decreto 732\/1995 de 5 de mayo en su punto 4, al establecer los Derechos de los alumnos y alumnas que estudian en los centros educativos p\u00fablicos y privados. Esta norma, adem\u00e1s, especifica al mismo tiempo que tanto alumnos como padres y profesores pueden denunciar en cualquier momento a la Administraci\u00f3n [&hellip;]<\/p>\n","protected":false},"author":1,"featured_media":1037382,"comment_status":"closed","ping_status":"closed","sticky":false,"template":"","format":"standard","meta":{"footnotes":""},"categories":[219],"tags":[],"class_list":["post-1037381","post","type-post","status-publish","format-standard","has-post-thumbnail","hentry","category-negocios-y-empresas"],"aioseo_notices":[],"aioseo_head":"\n\t\t<!-- All in One SEO Pro 4.9.6.2 - aioseo.com -->\n\t<meta name=\"description\" content=\"As\u00ed lo expone el Real Decreto 732\/1995 de 5 de mayo en su punto 4, al establecer los Derechos de los alumnos y alumnas que estudian en los centros educativos p\u00fablicos y privados. Esta norma, adem\u00e1s, especifica al mismo tiempo que tanto alumnos como padres y profesores pueden denunciar en cualquier momento a la Administraci\u00f3n\" \/>\n\t<meta name=\"robots\" content=\"max-image-preview:large\" \/>\n\t<meta name=\"author\" content=\"El Digital de Asturias\"\/>\n\t<meta name=\"google-site-verification\" content=\"UA-38556648-1\" \/>\n\t<meta name=\"msvalidate.01\" content=\"7dfe9f3f1b24437ab69f4f2559babe99\" \/>\n\t<meta name=\"keywords\" content=\"negocios y empresas\" \/>\n\t<link rel=\"canonical\" href=\"https:\/\/www.eldigitaldeasturias.com\/noticias\/limpiezapulido-conciencia-sobre-las-penalizaciones-a-colegios-por-falta-de-higiene\/\" \/>\n\t<meta name=\"generator\" content=\"All in One SEO Pro (AIOSEO) 4.9.6.2\" \/>\n\t\t<meta property=\"og:locale\" content=\"es_ES\" \/>\n\t\t<meta property=\"og:site_name\" content=\"El Digital de Asturias\" \/>\n\t\t<meta property=\"og:type\" content=\"article\" \/>\n\t\t<meta property=\"og:title\" content=\"LimpiezaPulido conciencia sobre las \u2018penalizaciones a colegios por falta de higiene\u2019 - El Digital de Asturias\" \/>\n\t\t<meta property=\"og:description\" content=\"As\u00ed lo expone el Real Decreto 732\/1995 de 5 de mayo en su punto 4, al establecer los Derechos de los alumnos y alumnas que estudian en los centros educativos p\u00fablicos y privados. Esta norma, adem\u00e1s, especifica al mismo tiempo que tanto alumnos como padres y profesores pueden denunciar en cualquier momento a la Administraci\u00f3n\" \/>\n\t\t<meta property=\"og:url\" content=\"https:\/\/www.eldigitaldeasturias.com\/noticias\/limpiezapulido-conciencia-sobre-las-penalizaciones-a-colegios-por-falta-de-higiene\/\" \/>\n\t\t<meta property=\"og:image\" content=\"https:\/\/www.eldigitaldeasturias.com\/noticias\/wp-content\/uploads\/2019\/08\/1565262227_376164_PBFTCP_436.jpg\" \/>\n\t\t<meta property=\"og:image:secure_url\" content=\"https:\/\/www.eldigitaldeasturias.com\/noticias\/wp-content\/uploads\/2019\/08\/1565262227_376164_PBFTCP_436.jpg\" \/>\n\t\t<meta property=\"og:image:width\" content=\"1800\" \/>\n\t\t<meta property=\"og:image:height\" content=\"1200\" \/>\n\t\t<meta property=\"article:tag\" content=\"negocios y empresas\" \/>\n\t\t<meta property=\"article:published_time\" content=\"2019-08-09T14:07:10+00:00\" \/>\n\t\t<meta property=\"article:modified_time\" content=\"2019-08-09T14:07:10+00:00\" \/>\n\t\t<meta property=\"article:publisher\" content=\"https:\/\/facebook.com\/eldigitaldeasturias\" \/>\n\t\t<meta name=\"twitter:card\" content=\"summary_large_image\" \/>\n\t\t<meta name=\"twitter:title\" content=\"LimpiezaPulido conciencia sobre las \u2018penalizaciones a colegios por falta de higiene\u2019 - El Digital de Asturias\" \/>\n\t\t<meta name=\"twitter:description\" content=\"As\u00ed lo expone el Real Decreto 732\/1995 de 5 de mayo en su punto 4, al establecer los Derechos de los alumnos y alumnas que estudian en los centros educativos p\u00fablicos y privados. Esta norma, adem\u00e1s, especifica al mismo tiempo que tanto alumnos como padres y profesores pueden denunciar en cualquier momento a la Administraci\u00f3n\" \/>\n\t\t<meta name=\"twitter:image\" content=\"https:\/\/www.eldigitaldeasturias.com\/noticias\/wp-content\/uploads\/2019\/08\/1565262227_376164_PBFTCP_436.jpg\" \/>\n\t\t<meta name=\"twitter:label1\" content=\"Escrito por\" \/>\n\t\t<meta name=\"twitter:data1\" content=\"El Digital de Asturias\" \/>\n\t\t<meta name=\"twitter:label2\" content=\"Tiempo de lectura estimado\" \/>\n\t\t<meta name=\"twitter:data2\" content=\"3 minutos\" \/>\n\t\t<script type=\"application\/ld+json\" class=\"aioseo-schema\">\n\t\t\t{\"@context\":\"https:\\\/\\\/schema.org\",\"@graph\":[{\"@type\":\"BlogPosting\",\"@id\":\"https:\\\/\\\/www.eldigitaldeasturias.com\\\/noticias\\\/limpiezapulido-conciencia-sobre-las-penalizaciones-a-colegios-por-falta-de-higiene\\\/#blogposting\",\"name\":\"LimpiezaPulido conciencia sobre las \\u2018penalizaciones a colegios por falta de higiene\\u2019 - El Digital de Asturias\",\"headline\":\"LimpiezaPulido conciencia sobre las \\u2018penalizaciones a colegios por falta de higiene\\u2019\",\"author\":{\"@id\":\"https:\\\/\\\/www.eldigitaldeasturias.com\\\/noticias\\\/author\\\/admin\\\/#author\"},\"publisher\":{\"@id\":\"https:\\\/\\\/www.eldigitaldeasturias.com\\\/noticias\\\/#organization\"},\"image\":{\"@type\":\"ImageObject\",\"url\":\"https:\\\/\\\/www.eldigitaldeasturias.com\\\/noticias\\\/wp-content\\\/uploads\\\/2019\\\/08\\\/1565262227_376164_PBFTCP_436.jpg\",\"width\":1800,\"height\":1200},\"datePublished\":\"2019-08-09T14:07:10+02:00\",\"dateModified\":\"2019-08-09T14:07:10+02:00\",\"inLanguage\":\"es-ES\",\"mainEntityOfPage\":{\"@id\":\"https:\\\/\\\/www.eldigitaldeasturias.com\\\/noticias\\\/limpiezapulido-conciencia-sobre-las-penalizaciones-a-colegios-por-falta-de-higiene\\\/#webpage\"},\"isPartOf\":{\"@id\":\"https:\\\/\\\/www.eldigitaldeasturias.com\\\/noticias\\\/limpiezapulido-conciencia-sobre-las-penalizaciones-a-colegios-por-falta-de-higiene\\\/#webpage\"},\"articleSection\":\"Negocios y Empresas\"},{\"@type\":\"BreadcrumbList\",\"@id\":\"https:\\\/\\\/www.eldigitaldeasturias.com\\\/noticias\\\/limpiezapulido-conciencia-sobre-las-penalizaciones-a-colegios-por-falta-de-higiene\\\/#breadcrumblist\",\"itemListElement\":[{\"@type\":\"ListItem\",\"@id\":\"https:\\\/\\\/www.eldigitaldeasturias.com\\\/noticias#listItem\",\"position\":1,\"name\":\"Home\",\"item\":\"https:\\\/\\\/www.eldigitaldeasturias.com\\\/noticias\",\"nextItem\":{\"@type\":\"ListItem\",\"@id\":\"https:\\\/\\\/www.eldigitaldeasturias.com\\\/noticias\\\/category\\\/negocios-y-empresas\\\/#listItem\",\"name\":\"Negocios y Empresas\"}},{\"@type\":\"ListItem\",\"@id\":\"https:\\\/\\\/www.eldigitaldeasturias.com\\\/noticias\\\/category\\\/negocios-y-empresas\\\/#listItem\",\"position\":2,\"name\":\"Negocios y Empresas\",\"item\":\"https:\\\/\\\/www.eldigitaldeasturias.com\\\/noticias\\\/category\\\/negocios-y-empresas\\\/\",\"nextItem\":{\"@type\":\"ListItem\",\"@id\":\"https:\\\/\\\/www.eldigitaldeasturias.com\\\/noticias\\\/limpiezapulido-conciencia-sobre-las-penalizaciones-a-colegios-por-falta-de-higiene\\\/#listItem\",\"name\":\"LimpiezaPulido conciencia sobre las \\u2018penalizaciones a colegios por falta de higiene\\u2019\"},\"previousItem\":{\"@type\":\"ListItem\",\"@id\":\"https:\\\/\\\/www.eldigitaldeasturias.com\\\/noticias#listItem\",\"name\":\"Home\"}},{\"@type\":\"ListItem\",\"@id\":\"https:\\\/\\\/www.eldigitaldeasturias.com\\\/noticias\\\/limpiezapulido-conciencia-sobre-las-penalizaciones-a-colegios-por-falta-de-higiene\\\/#listItem\",\"position\":3,\"name\":\"LimpiezaPulido conciencia sobre las \\u2018penalizaciones a colegios por falta de higiene\\u2019\",\"previousItem\":{\"@type\":\"ListItem\",\"@id\":\"https:\\\/\\\/www.eldigitaldeasturias.com\\\/noticias\\\/category\\\/negocios-y-empresas\\\/#listItem\",\"name\":\"Negocios y Empresas\"}}]},{\"@type\":\"Organization\",\"@id\":\"https:\\\/\\\/www.eldigitaldeasturias.com\\\/noticias\\\/#organization\",\"name\":\"El Digital de Asturias\",\"description\":\"Hemeroteca\",\"url\":\"https:\\\/\\\/www.eldigitaldeasturias.com\\\/noticias\\\/\",\"email\":\"info@eldigitaldeasturias.com\",\"telephone\":\"+34652131393\",\"logo\":{\"@type\":\"ImageObject\",\"url\":\"https:\\\/\\\/www.eldigitaldeasturias.com\\\/noticias\\\/wp-content\\\/uploads\\\/2020\\\/12\\\/EDA.jpg\",\"@id\":\"https:\\\/\\\/www.eldigitaldeasturias.com\\\/noticias\\\/limpiezapulido-conciencia-sobre-las-penalizaciones-a-colegios-por-falta-de-higiene\\\/#organizationLogo\",\"width\":649,\"height\":297},\"image\":{\"@id\":\"https:\\\/\\\/www.eldigitaldeasturias.com\\\/noticias\\\/limpiezapulido-conciencia-sobre-las-penalizaciones-a-colegios-por-falta-de-higiene\\\/#organizationLogo\"},\"sameAs\":[\"https:\\\/\\\/facebook.com\\\/eldigitaldeasturias\",\"https:\\\/\\\/www.youtube.com\\\/channel\\\/UCZP-2wLEB9Rv6erhFmqVnvg\"],\"address\":{\"@id\":\"https:\\\/\\\/www.eldigitaldeasturias.com\\\/noticias\\\/#postaladdress\",\"@type\":\"PostalAddress\",\"streetAddress\":\"san antonio 4,\",\"postalCode\":\"33430\",\"addressLocality\":\"Cand\\u00e1s\",\"addressRegion\":\"Asturias\",\"addressCountry\":\"ES\"}},{\"@type\":\"Person\",\"@id\":\"https:\\\/\\\/www.eldigitaldeasturias.com\\\/noticias\\\/author\\\/admin\\\/#author\",\"url\":\"https:\\\/\\\/www.eldigitaldeasturias.com\\\/noticias\\\/author\\\/admin\\\/\",\"name\":\"El Digital de Asturias\",\"image\":{\"@type\":\"ImageObject\",\"@id\":\"https:\\\/\\\/www.eldigitaldeasturias.com\\\/noticias\\\/limpiezapulido-conciencia-sobre-las-penalizaciones-a-colegios-por-falta-de-higiene\\\/#authorImage\",\"url\":\"https:\\\/\\\/www.eldigitaldeasturias.com\\\/noticias\\\/wp-content\\\/litespeed\\\/avatar\\\/18677e78aa0546b92d9dbf31ec7d7668.jpg?ver=1777290358\",\"width\":96,\"height\":96,\"caption\":\"El Digital de Asturias\"}},{\"@type\":\"WebPage\",\"@id\":\"https:\\\/\\\/www.eldigitaldeasturias.com\\\/noticias\\\/limpiezapulido-conciencia-sobre-las-penalizaciones-a-colegios-por-falta-de-higiene\\\/#webpage\",\"url\":\"https:\\\/\\\/www.eldigitaldeasturias.com\\\/noticias\\\/limpiezapulido-conciencia-sobre-las-penalizaciones-a-colegios-por-falta-de-higiene\\\/\",\"name\":\"LimpiezaPulido conciencia sobre las \\u2018penalizaciones a colegios por falta de higiene\\u2019 - El Digital de Asturias\",\"description\":\"As\\u00ed lo expone el Real Decreto 732\\\/1995 de 5 de mayo en su punto 4, al establecer los Derechos de los alumnos y alumnas que estudian en los centros educativos p\\u00fablicos y privados. Esta norma, adem\\u00e1s, especifica al mismo tiempo que tanto alumnos como padres y profesores pueden denunciar en cualquier momento a la Administraci\\u00f3n\",\"inLanguage\":\"es-ES\",\"isPartOf\":{\"@id\":\"https:\\\/\\\/www.eldigitaldeasturias.com\\\/noticias\\\/#website\"},\"breadcrumb\":{\"@id\":\"https:\\\/\\\/www.eldigitaldeasturias.com\\\/noticias\\\/limpiezapulido-conciencia-sobre-las-penalizaciones-a-colegios-por-falta-de-higiene\\\/#breadcrumblist\"},\"author\":{\"@id\":\"https:\\\/\\\/www.eldigitaldeasturias.com\\\/noticias\\\/author\\\/admin\\\/#author\"},\"creator\":{\"@id\":\"https:\\\/\\\/www.eldigitaldeasturias.com\\\/noticias\\\/author\\\/admin\\\/#author\"},\"image\":{\"@type\":\"ImageObject\",\"url\":\"https:\\\/\\\/www.eldigitaldeasturias.com\\\/noticias\\\/wp-content\\\/uploads\\\/2019\\\/08\\\/1565262227_376164_PBFTCP_436.jpg\",\"@id\":\"https:\\\/\\\/www.eldigitaldeasturias.com\\\/noticias\\\/limpiezapulido-conciencia-sobre-las-penalizaciones-a-colegios-por-falta-de-higiene\\\/#mainImage\",\"width\":1800,\"height\":1200},\"primaryImageOfPage\":{\"@id\":\"https:\\\/\\\/www.eldigitaldeasturias.com\\\/noticias\\\/limpiezapulido-conciencia-sobre-las-penalizaciones-a-colegios-por-falta-de-higiene\\\/#mainImage\"},\"datePublished\":\"2019-08-09T14:07:10+02:00\",\"dateModified\":\"2019-08-09T14:07:10+02:00\"},{\"@type\":\"WebSite\",\"@id\":\"https:\\\/\\\/www.eldigitaldeasturias.com\\\/noticias\\\/#website\",\"url\":\"https:\\\/\\\/www.eldigitaldeasturias.com\\\/noticias\\\/\",\"name\":\"El Digital de Asturias - Diario de actualidad y noticias\",\"alternateName\":\"El Digital de Asturias - Diario de actualidad y noticias\",\"description\":\"Hemeroteca\",\"inLanguage\":\"es-ES\",\"publisher\":{\"@id\":\"https:\\\/\\\/www.eldigitaldeasturias.com\\\/noticias\\\/#organization\"}}]}\n\t\t<\/script>\n\t\t<!-- All in One SEO Pro -->\r\n\t\t<title>LimpiezaPulido conciencia sobre las \u2018penalizaciones a colegios por falta de higiene\u2019 - El Digital de Asturias<\/title>\n\n","aioseo_head_json":{"title":"LimpiezaPulido conciencia sobre las \u2018penalizaciones a colegios por falta de higiene\u2019 - El Digital de Asturias","description":"As\u00ed lo expone el Real Decreto 732\/1995 de 5 de mayo en su punto 4, al establecer los Derechos de los alumnos y alumnas que estudian en los centros educativos p\u00fablicos y privados. Esta norma, adem\u00e1s, especifica al mismo tiempo que tanto alumnos como padres y profesores pueden denunciar en cualquier momento a la Administraci\u00f3n","canonical_url":"https:\/\/www.eldigitaldeasturias.com\/noticias\/limpiezapulido-conciencia-sobre-las-penalizaciones-a-colegios-por-falta-de-higiene\/","robots":"max-image-preview:large","keywords":"negocios y empresas","webmasterTools":{"google-site-verification":"UA-38556648-1","msvalidate.01":"7dfe9f3f1b24437ab69f4f2559babe99","miscellaneous":""},"schema":{"@context":"https:\/\/schema.org","@graph":[{"@type":"BlogPosting","@id":"https:\/\/www.eldigitaldeasturias.com\/noticias\/limpiezapulido-conciencia-sobre-las-penalizaciones-a-colegios-por-falta-de-higiene\/#blogposting","name":"LimpiezaPulido conciencia sobre las \u2018penalizaciones a colegios por falta de higiene\u2019 - El Digital de Asturias","headline":"LimpiezaPulido conciencia sobre las \u2018penalizaciones a colegios por falta de higiene\u2019","author":{"@id":"https:\/\/www.eldigitaldeasturias.com\/noticias\/author\/admin\/#author"},"publisher":{"@id":"https:\/\/www.eldigitaldeasturias.com\/noticias\/#organization"},"image":{"@type":"ImageObject","url":"https:\/\/www.eldigitaldeasturias.com\/noticias\/wp-content\/uploads\/2019\/08\/1565262227_376164_PBFTCP_436.jpg","width":1800,"height":1200},"datePublished":"2019-08-09T14:07:10+02:00","dateModified":"2019-08-09T14:07:10+02:00","inLanguage":"es-ES","mainEntityOfPage":{"@id":"https:\/\/www.eldigitaldeasturias.com\/noticias\/limpiezapulido-conciencia-sobre-las-penalizaciones-a-colegios-por-falta-de-higiene\/#webpage"},"isPartOf":{"@id":"https:\/\/www.eldigitaldeasturias.com\/noticias\/limpiezapulido-conciencia-sobre-las-penalizaciones-a-colegios-por-falta-de-higiene\/#webpage"},"articleSection":"Negocios y Empresas"},{"@type":"BreadcrumbList","@id":"https:\/\/www.eldigitaldeasturias.com\/noticias\/limpiezapulido-conciencia-sobre-las-penalizaciones-a-colegios-por-falta-de-higiene\/#breadcrumblist","itemListElement":[{"@type":"ListItem","@id":"https:\/\/www.eldigitaldeasturias.com\/noticias#listItem","position":1,"name":"Home","item":"https:\/\/www.eldigitaldeasturias.com\/noticias","nextItem":{"@type":"ListItem","@id":"https:\/\/www.eldigitaldeasturias.com\/noticias\/category\/negocios-y-empresas\/#listItem","name":"Negocios y Empresas"}},{"@type":"ListItem","@id":"https:\/\/www.eldigitaldeasturias.com\/noticias\/category\/negocios-y-empresas\/#listItem","position":2,"name":"Negocios y Empresas","item":"https:\/\/www.eldigitaldeasturias.com\/noticias\/category\/negocios-y-empresas\/","nextItem":{"@type":"ListItem","@id":"https:\/\/www.eldigitaldeasturias.com\/noticias\/limpiezapulido-conciencia-sobre-las-penalizaciones-a-colegios-por-falta-de-higiene\/#listItem","name":"LimpiezaPulido conciencia sobre las \u2018penalizaciones a colegios por falta de higiene\u2019"},"previousItem":{"@type":"ListItem","@id":"https:\/\/www.eldigitaldeasturias.com\/noticias#listItem","name":"Home"}},{"@type":"ListItem","@id":"https:\/\/www.eldigitaldeasturias.com\/noticias\/limpiezapulido-conciencia-sobre-las-penalizaciones-a-colegios-por-falta-de-higiene\/#listItem","position":3,"name":"LimpiezaPulido conciencia sobre las \u2018penalizaciones a colegios por falta de higiene\u2019","previousItem":{"@type":"ListItem","@id":"https:\/\/www.eldigitaldeasturias.com\/noticias\/category\/negocios-y-empresas\/#listItem","name":"Negocios y Empresas"}}]},{"@type":"Organization","@id":"https:\/\/www.eldigitaldeasturias.com\/noticias\/#organization","name":"El Digital de Asturias","description":"Hemeroteca","url":"https:\/\/www.eldigitaldeasturias.com\/noticias\/","email":"info@eldigitaldeasturias.com","telephone":"+34652131393","logo":{"@type":"ImageObject","url":"https:\/\/www.eldigitaldeasturias.com\/noticias\/wp-content\/uploads\/2020\/12\/EDA.jpg","@id":"https:\/\/www.eldigitaldeasturias.com\/noticias\/limpiezapulido-conciencia-sobre-las-penalizaciones-a-colegios-por-falta-de-higiene\/#organizationLogo","width":649,"height":297},"image":{"@id":"https:\/\/www.eldigitaldeasturias.com\/noticias\/limpiezapulido-conciencia-sobre-las-penalizaciones-a-colegios-por-falta-de-higiene\/#organizationLogo"},"sameAs":["https:\/\/facebook.com\/eldigitaldeasturias","https:\/\/www.youtube.com\/channel\/UCZP-2wLEB9Rv6erhFmqVnvg"],"address":{"@id":"https:\/\/www.eldigitaldeasturias.com\/noticias\/#postaladdress","@type":"PostalAddress","streetAddress":"san antonio 4,","postalCode":"33430","addressLocality":"Cand\u00e1s","addressRegion":"Asturias","addressCountry":"ES"}},{"@type":"Person","@id":"https:\/\/www.eldigitaldeasturias.com\/noticias\/author\/admin\/#author","url":"https:\/\/www.eldigitaldeasturias.com\/noticias\/author\/admin\/","name":"El Digital de Asturias","image":{"@type":"ImageObject","@id":"https:\/\/www.eldigitaldeasturias.com\/noticias\/limpiezapulido-conciencia-sobre-las-penalizaciones-a-colegios-por-falta-de-higiene\/#authorImage","url":"https:\/\/www.eldigitaldeasturias.com\/noticias\/wp-content\/litespeed\/avatar\/18677e78aa0546b92d9dbf31ec7d7668.jpg?ver=1777290358","width":96,"height":96,"caption":"El Digital de Asturias"}},{"@type":"WebPage","@id":"https:\/\/www.eldigitaldeasturias.com\/noticias\/limpiezapulido-conciencia-sobre-las-penalizaciones-a-colegios-por-falta-de-higiene\/#webpage","url":"https:\/\/www.eldigitaldeasturias.com\/noticias\/limpiezapulido-conciencia-sobre-las-penalizaciones-a-colegios-por-falta-de-higiene\/","name":"LimpiezaPulido conciencia sobre las \u2018penalizaciones a colegios por falta de higiene\u2019 - El Digital de Asturias","description":"As\u00ed lo expone el Real Decreto 732\/1995 de 5 de mayo en su punto 4, al establecer los Derechos de los alumnos y alumnas que estudian en los centros educativos p\u00fablicos y privados. Esta norma, adem\u00e1s, especifica al mismo tiempo que tanto alumnos como padres y profesores pueden denunciar en cualquier momento a la Administraci\u00f3n","inLanguage":"es-ES","isPartOf":{"@id":"https:\/\/www.eldigitaldeasturias.com\/noticias\/#website"},"breadcrumb":{"@id":"https:\/\/www.eldigitaldeasturias.com\/noticias\/limpiezapulido-conciencia-sobre-las-penalizaciones-a-colegios-por-falta-de-higiene\/#breadcrumblist"},"author":{"@id":"https:\/\/www.eldigitaldeasturias.com\/noticias\/author\/admin\/#author"},"creator":{"@id":"https:\/\/www.eldigitaldeasturias.com\/noticias\/author\/admin\/#author"},"image":{"@type":"ImageObject","url":"https:\/\/www.eldigitaldeasturias.com\/noticias\/wp-content\/uploads\/2019\/08\/1565262227_376164_PBFTCP_436.jpg","@id":"https:\/\/www.eldigitaldeasturias.com\/noticias\/limpiezapulido-conciencia-sobre-las-penalizaciones-a-colegios-por-falta-de-higiene\/#mainImage","width":1800,"height":1200},"primaryImageOfPage":{"@id":"https:\/\/www.eldigitaldeasturias.com\/noticias\/limpiezapulido-conciencia-sobre-las-penalizaciones-a-colegios-por-falta-de-higiene\/#mainImage"},"datePublished":"2019-08-09T14:07:10+02:00","dateModified":"2019-08-09T14:07:10+02:00"},{"@type":"WebSite","@id":"https:\/\/www.eldigitaldeasturias.com\/noticias\/#website","url":"https:\/\/www.eldigitaldeasturias.com\/noticias\/","name":"El Digital de Asturias - Diario de actualidad y noticias","alternateName":"El Digital de Asturias - Diario de actualidad y noticias","description":"Hemeroteca","inLanguage":"es-ES","publisher":{"@id":"https:\/\/www.eldigitaldeasturias.com\/noticias\/#organization"}}]},"og:locale":"es_ES","og:site_name":"El Digital de Asturias","og:type":"article","og:title":"LimpiezaPulido conciencia sobre las \u2018penalizaciones a colegios por falta de higiene\u2019 - El Digital de Asturias","og:description":"As\u00ed lo expone el Real Decreto 732\/1995 de 5 de mayo en su punto 4, al establecer los Derechos de los alumnos y alumnas que estudian en los centros educativos p\u00fablicos y privados. Esta norma, adem\u00e1s, especifica al mismo tiempo que tanto alumnos como padres y profesores pueden denunciar en cualquier momento a la Administraci\u00f3n","og:url":"https:\/\/www.eldigitaldeasturias.com\/noticias\/limpiezapulido-conciencia-sobre-las-penalizaciones-a-colegios-por-falta-de-higiene\/","og:image":"https:\/\/www.eldigitaldeasturias.com\/noticias\/wp-content\/uploads\/2019\/08\/1565262227_376164_PBFTCP_436.jpg","og:image:secure_url":"https:\/\/www.eldigitaldeasturias.com\/noticias\/wp-content\/uploads\/2019\/08\/1565262227_376164_PBFTCP_436.jpg","og:image:width":1800,"og:image:height":1200,"article:tag":["negocios y empresas"],"article:published_time":"2019-08-09T14:07:10+00:00","article:modified_time":"2019-08-09T14:07:10+00:00","article:publisher":"https:\/\/facebook.com\/eldigitaldeasturias","twitter:card":"summary_large_image","twitter:title":"LimpiezaPulido conciencia sobre las \u2018penalizaciones a colegios por falta de higiene\u2019 - El Digital de Asturias","twitter:description":"As\u00ed lo expone el Real Decreto 732\/1995 de 5 de mayo en su punto 4, al establecer los Derechos de los alumnos y alumnas que estudian en los centros educativos p\u00fablicos y privados. Esta norma, adem\u00e1s, especifica al mismo tiempo que tanto alumnos como padres y profesores pueden denunciar en cualquier momento a la Administraci\u00f3n","twitter:image":"https:\/\/www.eldigitaldeasturias.com\/noticias\/wp-content\/uploads\/2019\/08\/1565262227_376164_PBFTCP_436.jpg","twitter:label1":"Escrito por","twitter:data1":"El Digital de Asturias","twitter:label2":"Tiempo de lectura estimado","twitter:data2":"3 minutos"},"aioseo_meta_data":{"post_id":"1037381","title":null,"description":null,"keywords":null,"keyphrases":null,"primary_term":null,"canonical_url":null,"og_title":null,"og_description":null,"og_object_type":"default","og_image_type":"default","og_image_url":null,"og_image_width":null,"og_image_height":null,"og_image_custom_url":null,"og_image_custom_fields":null,"og_video":null,"og_custom_url":null,"og_article_section":null,"og_article_tags":null,"twitter_use_og":false,"twitter_card":"default","twitter_image_type":"default","twitter_image_url":null,"twitter_image_custom_url":null,"twitter_image_custom_fields":null,"twitter_title":null,"twitter_description":null,"schema":{"blockGraphs":[],"customGraphs":[],"default":{"data":{"Article":[],"Course":[],"Dataset":[],"FAQPage":[],"Movie":[],"Person":[],"Product":[],"ProductReview":[],"Car":[],"Recipe":[],"Service":[],"SoftwareApplication":[],"WebPage":[]},"graphName":"","isEnabled":true},"graphs":[],"defaultGraph":"","defaultPostTypeGraph":""},"schema_type":null,"schema_type_options":null,"pillar_content":false,"robots_default":true,"robots_noindex":false,"robots_noarchive":false,"robots_nosnippet":false,"robots_nofollow":false,"robots_noimageindex":false,"robots_noodp":false,"robots_notranslate":false,"robots_max_snippet":null,"robots_max_videopreview":null,"robots_max_imagepreview":"large","priority":null,"frequency":null,"local_seo":null,"seo_analyzer_scan_date":"2025-10-22 17:58:10","breadcrumb_settings":null,"limit_modified_date":false,"open_ai":null,"ai":null,"created":"2020-12-21 11:06:59","updated":"2025-10-22 17:58:10"},"aioseo_breadcrumb":"<div class=\"aioseo-breadcrumbs\"><span class=\"aioseo-breadcrumb\">\n\t<a href=\"https:\/\/www.eldigitaldeasturias.com\/noticias\" title=\"Home\">Home<\/a>\n<\/span><span class=\"aioseo-breadcrumb-separator\">\u2013<\/span><span class=\"aioseo-breadcrumb\">\n\t<a href=\"https:\/\/www.eldigitaldeasturias.com\/noticias\/category\/negocios-y-empresas\/\" title=\"Negocios y Empresas\">Negocios y Empresas<\/a>\n<\/span><span class=\"aioseo-breadcrumb-separator\">\u2013<\/span><span class=\"aioseo-breadcrumb\">\n\t<a href=\"https:\/\/www.eldigitaldeasturias.com\/noticias\/limpiezapulido-conciencia-sobre-las-penalizaciones-a-colegios-por-falta-de-higiene\/\" title=\"LimpiezaPulido conciencia sobre las \u2018penalizaciones a colegios por falta de higiene\u2019\">LimpiezaPulido conciencia sobre las \u2018penalizaciones a colegios por falta de higiene\u2019<\/a>\n<\/span><\/div>","aioseo_breadcrumb_json":[{"label":"Home","link":"https:\/\/www.eldigitaldeasturias.com\/noticias"},{"label":"Negocios y Empresas","link":"https:\/\/www.eldigitaldeasturias.com\/noticias\/category\/negocios-y-empresas\/"},{"label":"LimpiezaPulido conciencia sobre las \u2018penalizaciones a colegios por falta de higiene\u2019","link":"https:\/\/www.eldigitaldeasturias.com\/noticias\/limpiezapulido-conciencia-sobre-las-penalizaciones-a-colegios-por-falta-de-higiene\/"}],"_links":{"self":[{"href":"https:\/\/www.eldigitaldeasturias.com\/noticias\/wp-json\/wp\/v2\/posts\/1037381","targetHints":{"allow":["GET"]}}],"collection":[{"href":"https:\/\/www.eldigitaldeasturias.com\/noticias\/wp-json\/wp\/v2\/posts"}],"about":[{"href":"https:\/\/www.eldigitaldeasturias.com\/noticias\/wp-json\/wp\/v2\/types\/post"}],"author":[{"embeddable":true,"href":"https:\/\/www.eldigitaldeasturias.com\/noticias\/wp-json\/wp\/v2\/users\/1"}],"replies":[{"embeddable":true,"href":"https:\/\/www.eldigitaldeasturias.com\/noticias\/wp-json\/wp\/v2\/comments?post=1037381"}],"version-history":[{"count":0,"href":"https:\/\/www.eldigitaldeasturias.com\/noticias\/wp-json\/wp\/v2\/posts\/1037381\/revisions"}],"wp:featuredmedia":[{"embeddable":true,"href":"https:\/\/www.eldigitaldeasturias.com\/noticias\/wp-json\/wp\/v2\/media\/1037382"}],"wp:attachment":[{"href":"https:\/\/www.eldigitaldeasturias.com\/noticias\/wp-json\/wp\/v2\/media?parent=1037381"}],"wp:term":[{"taxonomy":"category","embeddable":true,"href":"https:\/\/www.eldigitaldeasturias.com\/noticias\/wp-json\/wp\/v2\/categories?post=1037381"},{"taxonomy":"post_tag","embeddable":true,"href":"https:\/\/www.eldigitaldeasturias.com\/noticias\/wp-json\/wp\/v2\/tags?post=1037381"}],"curies":[{"name":"wp","href":"https:\/\/api.w.org\/{rel}","templated":true}]}}