{"id":1037378,"date":"2019-08-09T14:05:17","date_gmt":"2019-08-09T14:05:17","guid":{"rendered":"https:\/\/www.eldigitaldeasturias.com\/noticias\/?p=1037378"},"modified":"2019-08-09T14:05:17","modified_gmt":"2019-08-09T14:05:17","slug":"depilacion-laser-en-la-clinica-aroka-de-bilbao","status":"publish","type":"post","link":"https:\/\/www.eldigitaldeasturias.com\/noticias\/depilacion-laser-en-la-clinica-aroka-de-bilbao\/","title":{"rendered":"Depilaci\u00f3n l\u00e1ser en la Cl\u00ednica Aroka de Bilbao"},"content":{"rendered":"<p><img loading=\"lazy\" decoding=\"async\" class=\"alignleft size-medium wp-image-1037379\" src=\"https:\/\/www.eldigitaldeasturias.com\/noticias\/wp-content\/uploads\/2019\/08\/1565264374_swim_suit-240x320.jpg\" alt=\"\" width=\"240\" height=\"320\" srcset=\"https:\/\/www.eldigitaldeasturias.com\/noticias\/wp-content\/uploads\/2019\/08\/1565264374_swim_suit-240x320.jpg 240w, https:\/\/www.eldigitaldeasturias.com\/noticias\/wp-content\/uploads\/2019\/08\/1565264374_swim_suit-360x480.jpg 360w, https:\/\/www.eldigitaldeasturias.com\/noticias\/wp-content\/uploads\/2019\/08\/1565264374_swim_suit.jpg 540w\" sizes=\"auto, (max-width: 240px) 100vw, 240px\" \/>Los tratamientos con l\u00e1ser para la depilaci\u00f3n se encuentran asociados a la est\u00e9tica y la belleza. Seg\u00fan el doctor Jose Aroka, lo mas importante es consultar con un profesional m\u00e9dico antes de realizar el procedimiento, por lo que se recomienda siempre acudir a un centro est\u00e9tico de confianza. En la\u00a0<a href=\"http:\/\/www.clinicaaroka.com\/\" target=\"_blank\" rel=\"nofollow noopener noreferrer\"><span style=\"color: #ff6600;\"><strong>Cl\u00ednica Aroka<\/strong><\/span>\u00a0<\/a>de Bilbao son especialistas desde hace m\u00e1s de 20 a\u00f1os en este tipo de tratamientos.<\/p>\n<h3><strong>Beneficios del L\u00e1ser de Depilaci\u00f3n<\/strong><\/h3>\n<p>La depilaci\u00f3n l\u00e1ser, es el mejor m\u00e9todo para eliminar de forma r\u00e1pida y permanente el vello no deseado.<\/p>\n<p>Mejora la calidad de la piel: aumenta la producci\u00f3n de elastina y col\u00e1geno, dando como resultado un aspecto rejuvenecido en la zona y que la piel se vea m\u00e1s suave y flexible.<\/p>\n<ul>\n<li>Es el tratamiento de depilaci\u00f3n m\u00e1s seguro, eficaz y c\u00f3modo.<\/li>\n<li>Se puede aplicar en cualquier zona del cuerpo.<\/li>\n<li>Se puede realizar en ambos sexos.<\/li>\n<\/ul>\n<p>Es una excelente soluci\u00f3n para las personas que padecen\u00a0<em>foliculitis<\/em>\u00a0y vellos encarnados de ingles, piernas y cara: el tratamiento con l\u00e1ser elimina tanto del vello que crece normalmente como aquel que se encuentra con\u00a0<em>foliculitis<\/em>\u00a0por debajo de la piel.<\/p>\n<p>Muy eficaz para mujeres con problemas hormonales: el\u00a0<em>hirsutismo<\/em>\u00a0es una cantidad excesiva de vello que afecta a algunas mujeres. Es debido a un nivel muy alto de andr\u00f3genos, las hormonas masculinas. Se ve en el s\u00edndrome de ovario poliqu\u00edstico o por tratamientos hormonales. Este trastorno puede ser tratado con buenos resultados si se realizan varias sesiones.<\/p>\n<p>En comparaci\u00f3n el coste de depilarse con l\u00e1ser vs. rasurarse, utilizar cera u otros m\u00e9todos que finalmente no eliminan permanentemente el vello, es un gran ahorro para el bolsillo.<\/p>\n<p>Si bien genera algunas incomodidades, la depilaci\u00f3n laser es menos dolorosa que otras t\u00e9cnicas de depilaci\u00f3n como la cera.<\/p>\n<p>Ayuda a aclarar las manchas que puede haber en la piel, siendo muy comunes en las ingles, las axilas y las piernas, provocadas por las depilaciones tradicionales.<\/p>\n<p>Mejora los s\u00edntomas en la\u00a0<em>hidrosadenitis<\/em>: es una enfermedad inflamatoria de la piel que se caracteriza por la inflamaci\u00f3n de las gl\u00e1ndulas sudor\u00edparas que se encuentran en axilas, ingles, debajo de los senos y en las nalgas, provocando que se desarrollen unos bultos que suelen ser dolorosos al tacto. La depilaci\u00f3n definitiva ayuda considerablemente a que los s\u00edntomas no sean tan severos.<\/p>\n<p>Algunas regiones de la piel pueden mostrarse rebeldes al tratamiento y necesitar mas sesiones de laser para eliminarse de forma definitiva.<\/p>\n<p>&nbsp;<\/p>\n","protected":false},"excerpt":{"rendered":"<p>Los tratamientos con l\u00e1ser para la depilaci\u00f3n se encuentran asociados a la est\u00e9tica y la belleza. Seg\u00fan el doctor Jose Aroka, lo mas importante es consultar con un profesional m\u00e9dico antes de realizar el procedimiento, por lo que se recomienda siempre acudir a un centro est\u00e9tico de confianza. En la\u00a0Cl\u00ednica Aroka\u00a0de Bilbao son especialistas desde [&hellip;]<\/p>\n","protected":false},"author":1,"featured_media":1037379,"comment_status":"closed","ping_status":"closed","sticky":false,"template":"","format":"standard","meta":{"footnotes":""},"categories":[219],"tags":[],"class_list":["post-1037378","post","type-post","status-publish","format-standard","has-post-thumbnail","hentry","category-negocios-y-empresas"],"aioseo_notices":[],"aioseo_head":"\n\t\t<!-- All in One SEO Pro 4.9.6.2 - aioseo.com -->\n\t<meta name=\"description\" content=\"Los tratamientos con l\u00e1ser para la depilaci\u00f3n se encuentran asociados a la est\u00e9tica y la belleza. Seg\u00fan el doctor Jose Aroka, lo mas importante es consultar con un profesional m\u00e9dico antes de realizar el procedimiento, por lo que se recomienda siempre acudir a un centro est\u00e9tico de confianza. En la Cl\u00ednica Aroka de Bilbao son especialistas desde\" \/>\n\t<meta name=\"robots\" content=\"max-image-preview:large\" \/>\n\t<meta name=\"author\" content=\"El Digital de Asturias\"\/>\n\t<meta name=\"google-site-verification\" content=\"UA-38556648-1\" \/>\n\t<meta name=\"msvalidate.01\" content=\"7dfe9f3f1b24437ab69f4f2559babe99\" \/>\n\t<meta name=\"keywords\" content=\"negocios y empresas\" \/>\n\t<link rel=\"canonical\" href=\"https:\/\/www.eldigitaldeasturias.com\/noticias\/depilacion-laser-en-la-clinica-aroka-de-bilbao\/\" \/>\n\t<meta name=\"generator\" content=\"All in One SEO Pro (AIOSEO) 4.9.6.2\" \/>\n\t\t<meta property=\"og:locale\" content=\"es_ES\" \/>\n\t\t<meta property=\"og:site_name\" content=\"El Digital de Asturias\" \/>\n\t\t<meta property=\"og:type\" content=\"article\" \/>\n\t\t<meta property=\"og:title\" content=\"Depilaci\u00f3n l\u00e1ser en la Cl\u00ednica Aroka de Bilbao - El Digital de Asturias\" \/>\n\t\t<meta property=\"og:description\" content=\"Los tratamientos con l\u00e1ser para la depilaci\u00f3n se encuentran asociados a la est\u00e9tica y la belleza. Seg\u00fan el doctor Jose Aroka, lo mas importante es consultar con un profesional m\u00e9dico antes de realizar el procedimiento, por lo que se recomienda siempre acudir a un centro est\u00e9tico de confianza. En la Cl\u00ednica Aroka de Bilbao son especialistas desde\" \/>\n\t\t<meta property=\"og:url\" content=\"https:\/\/www.eldigitaldeasturias.com\/noticias\/depilacion-laser-en-la-clinica-aroka-de-bilbao\/\" \/>\n\t\t<meta property=\"og:image\" content=\"https:\/\/www.eldigitaldeasturias.com\/noticias\/wp-content\/uploads\/2019\/08\/1565264374_swim_suit.jpg\" \/>\n\t\t<meta property=\"og:image:secure_url\" content=\"https:\/\/www.eldigitaldeasturias.com\/noticias\/wp-content\/uploads\/2019\/08\/1565264374_swim_suit.jpg\" \/>\n\t\t<meta property=\"og:image:width\" content=\"540\" \/>\n\t\t<meta property=\"og:image:height\" content=\"720\" \/>\n\t\t<meta property=\"article:tag\" content=\"negocios y empresas\" \/>\n\t\t<meta property=\"article:published_time\" content=\"2019-08-09T14:05:17+00:00\" \/>\n\t\t<meta property=\"article:modified_time\" content=\"2019-08-09T14:05:17+00:00\" \/>\n\t\t<meta property=\"article:publisher\" content=\"https:\/\/facebook.com\/eldigitaldeasturias\" \/>\n\t\t<meta name=\"twitter:card\" content=\"summary_large_image\" \/>\n\t\t<meta name=\"twitter:title\" content=\"Depilaci\u00f3n l\u00e1ser en la Cl\u00ednica Aroka de Bilbao - El Digital de Asturias\" \/>\n\t\t<meta name=\"twitter:description\" content=\"Los tratamientos con l\u00e1ser para la depilaci\u00f3n se encuentran asociados a la est\u00e9tica y la belleza. Seg\u00fan el doctor Jose Aroka, lo mas importante es consultar con un profesional m\u00e9dico antes de realizar el procedimiento, por lo que se recomienda siempre acudir a un centro est\u00e9tico de confianza. En la Cl\u00ednica Aroka de Bilbao son especialistas desde\" \/>\n\t\t<meta name=\"twitter:image\" content=\"https:\/\/www.eldigitaldeasturias.com\/noticias\/wp-content\/uploads\/2019\/08\/1565264374_swim_suit.jpg\" \/>\n\t\t<meta name=\"twitter:label1\" content=\"Escrito por\" \/>\n\t\t<meta name=\"twitter:data1\" content=\"El Digital de Asturias\" \/>\n\t\t<meta name=\"twitter:label2\" content=\"Tiempo de lectura estimado\" \/>\n\t\t<meta name=\"twitter:data2\" content=\"2 minutos\" \/>\n\t\t<script type=\"application\/ld+json\" class=\"aioseo-schema\">\n\t\t\t{\"@context\":\"https:\\\/\\\/schema.org\",\"@graph\":[{\"@type\":\"BlogPosting\",\"@id\":\"https:\\\/\\\/www.eldigitaldeasturias.com\\\/noticias\\\/depilacion-laser-en-la-clinica-aroka-de-bilbao\\\/#blogposting\",\"name\":\"Depilaci\\u00f3n l\\u00e1ser en la Cl\\u00ednica Aroka de Bilbao - El Digital de Asturias\",\"headline\":\"Depilaci\\u00f3n l\\u00e1ser en la Cl\\u00ednica Aroka de Bilbao\",\"author\":{\"@id\":\"https:\\\/\\\/www.eldigitaldeasturias.com\\\/noticias\\\/author\\\/admin\\\/#author\"},\"publisher\":{\"@id\":\"https:\\\/\\\/www.eldigitaldeasturias.com\\\/noticias\\\/#organization\"},\"image\":{\"@type\":\"ImageObject\",\"url\":\"https:\\\/\\\/www.eldigitaldeasturias.com\\\/noticias\\\/wp-content\\\/uploads\\\/2019\\\/08\\\/1565264374_swim_suit.jpg\",\"width\":540,\"height\":720},\"datePublished\":\"2019-08-09T14:05:17+02:00\",\"dateModified\":\"2019-08-09T14:05:17+02:00\",\"inLanguage\":\"es-ES\",\"mainEntityOfPage\":{\"@id\":\"https:\\\/\\\/www.eldigitaldeasturias.com\\\/noticias\\\/depilacion-laser-en-la-clinica-aroka-de-bilbao\\\/#webpage\"},\"isPartOf\":{\"@id\":\"https:\\\/\\\/www.eldigitaldeasturias.com\\\/noticias\\\/depilacion-laser-en-la-clinica-aroka-de-bilbao\\\/#webpage\"},\"articleSection\":\"Negocios y Empresas\"},{\"@type\":\"BreadcrumbList\",\"@id\":\"https:\\\/\\\/www.eldigitaldeasturias.com\\\/noticias\\\/depilacion-laser-en-la-clinica-aroka-de-bilbao\\\/#breadcrumblist\",\"itemListElement\":[{\"@type\":\"ListItem\",\"@id\":\"https:\\\/\\\/www.eldigitaldeasturias.com\\\/noticias#listItem\",\"position\":1,\"name\":\"Home\",\"item\":\"https:\\\/\\\/www.eldigitaldeasturias.com\\\/noticias\",\"nextItem\":{\"@type\":\"ListItem\",\"@id\":\"https:\\\/\\\/www.eldigitaldeasturias.com\\\/noticias\\\/category\\\/negocios-y-empresas\\\/#listItem\",\"name\":\"Negocios y Empresas\"}},{\"@type\":\"ListItem\",\"@id\":\"https:\\\/\\\/www.eldigitaldeasturias.com\\\/noticias\\\/category\\\/negocios-y-empresas\\\/#listItem\",\"position\":2,\"name\":\"Negocios y Empresas\",\"item\":\"https:\\\/\\\/www.eldigitaldeasturias.com\\\/noticias\\\/category\\\/negocios-y-empresas\\\/\",\"nextItem\":{\"@type\":\"ListItem\",\"@id\":\"https:\\\/\\\/www.eldigitaldeasturias.com\\\/noticias\\\/depilacion-laser-en-la-clinica-aroka-de-bilbao\\\/#listItem\",\"name\":\"Depilaci\\u00f3n l\\u00e1ser en la Cl\\u00ednica Aroka de Bilbao\"},\"previousItem\":{\"@type\":\"ListItem\",\"@id\":\"https:\\\/\\\/www.eldigitaldeasturias.com\\\/noticias#listItem\",\"name\":\"Home\"}},{\"@type\":\"ListItem\",\"@id\":\"https:\\\/\\\/www.eldigitaldeasturias.com\\\/noticias\\\/depilacion-laser-en-la-clinica-aroka-de-bilbao\\\/#listItem\",\"position\":3,\"name\":\"Depilaci\\u00f3n l\\u00e1ser en la Cl\\u00ednica Aroka de Bilbao\",\"previousItem\":{\"@type\":\"ListItem\",\"@id\":\"https:\\\/\\\/www.eldigitaldeasturias.com\\\/noticias\\\/category\\\/negocios-y-empresas\\\/#listItem\",\"name\":\"Negocios y Empresas\"}}]},{\"@type\":\"Organization\",\"@id\":\"https:\\\/\\\/www.eldigitaldeasturias.com\\\/noticias\\\/#organization\",\"name\":\"El Digital de Asturias\",\"description\":\"Hemeroteca\",\"url\":\"https:\\\/\\\/www.eldigitaldeasturias.com\\\/noticias\\\/\",\"email\":\"info@eldigitaldeasturias.com\",\"telephone\":\"+34652131393\",\"logo\":{\"@type\":\"ImageObject\",\"url\":\"https:\\\/\\\/www.eldigitaldeasturias.com\\\/noticias\\\/wp-content\\\/uploads\\\/2020\\\/12\\\/EDA.jpg\",\"@id\":\"https:\\\/\\\/www.eldigitaldeasturias.com\\\/noticias\\\/depilacion-laser-en-la-clinica-aroka-de-bilbao\\\/#organizationLogo\",\"width\":649,\"height\":297},\"image\":{\"@id\":\"https:\\\/\\\/www.eldigitaldeasturias.com\\\/noticias\\\/depilacion-laser-en-la-clinica-aroka-de-bilbao\\\/#organizationLogo\"},\"sameAs\":[\"https:\\\/\\\/facebook.com\\\/eldigitaldeasturias\",\"https:\\\/\\\/www.youtube.com\\\/channel\\\/UCZP-2wLEB9Rv6erhFmqVnvg\"],\"address\":{\"@id\":\"https:\\\/\\\/www.eldigitaldeasturias.com\\\/noticias\\\/#postaladdress\",\"@type\":\"PostalAddress\",\"streetAddress\":\"san antonio 4,\",\"postalCode\":\"33430\",\"addressLocality\":\"Cand\\u00e1s\",\"addressRegion\":\"Asturias\",\"addressCountry\":\"ES\"}},{\"@type\":\"Person\",\"@id\":\"https:\\\/\\\/www.eldigitaldeasturias.com\\\/noticias\\\/author\\\/admin\\\/#author\",\"url\":\"https:\\\/\\\/www.eldigitaldeasturias.com\\\/noticias\\\/author\\\/admin\\\/\",\"name\":\"El Digital de Asturias\",\"image\":{\"@type\":\"ImageObject\",\"@id\":\"https:\\\/\\\/www.eldigitaldeasturias.com\\\/noticias\\\/depilacion-laser-en-la-clinica-aroka-de-bilbao\\\/#authorImage\",\"url\":\"https:\\\/\\\/www.eldigitaldeasturias.com\\\/noticias\\\/wp-content\\\/litespeed\\\/avatar\\\/18677e78aa0546b92d9dbf31ec7d7668.jpg?ver=1777290358\",\"width\":96,\"height\":96,\"caption\":\"El Digital de Asturias\"}},{\"@type\":\"WebPage\",\"@id\":\"https:\\\/\\\/www.eldigitaldeasturias.com\\\/noticias\\\/depilacion-laser-en-la-clinica-aroka-de-bilbao\\\/#webpage\",\"url\":\"https:\\\/\\\/www.eldigitaldeasturias.com\\\/noticias\\\/depilacion-laser-en-la-clinica-aroka-de-bilbao\\\/\",\"name\":\"Depilaci\\u00f3n l\\u00e1ser en la Cl\\u00ednica Aroka de Bilbao - El Digital de Asturias\",\"description\":\"Los tratamientos con l\\u00e1ser para la depilaci\\u00f3n se encuentran asociados a la est\\u00e9tica y la belleza. Seg\\u00fan el doctor Jose Aroka, lo mas importante es consultar con un profesional m\\u00e9dico antes de realizar el procedimiento, por lo que se recomienda siempre acudir a un centro est\\u00e9tico de confianza. En la Cl\\u00ednica Aroka de Bilbao son especialistas desde\",\"inLanguage\":\"es-ES\",\"isPartOf\":{\"@id\":\"https:\\\/\\\/www.eldigitaldeasturias.com\\\/noticias\\\/#website\"},\"breadcrumb\":{\"@id\":\"https:\\\/\\\/www.eldigitaldeasturias.com\\\/noticias\\\/depilacion-laser-en-la-clinica-aroka-de-bilbao\\\/#breadcrumblist\"},\"author\":{\"@id\":\"https:\\\/\\\/www.eldigitaldeasturias.com\\\/noticias\\\/author\\\/admin\\\/#author\"},\"creator\":{\"@id\":\"https:\\\/\\\/www.eldigitaldeasturias.com\\\/noticias\\\/author\\\/admin\\\/#author\"},\"image\":{\"@type\":\"ImageObject\",\"url\":\"https:\\\/\\\/www.eldigitaldeasturias.com\\\/noticias\\\/wp-content\\\/uploads\\\/2019\\\/08\\\/1565264374_swim_suit.jpg\",\"@id\":\"https:\\\/\\\/www.eldigitaldeasturias.com\\\/noticias\\\/depilacion-laser-en-la-clinica-aroka-de-bilbao\\\/#mainImage\",\"width\":540,\"height\":720},\"primaryImageOfPage\":{\"@id\":\"https:\\\/\\\/www.eldigitaldeasturias.com\\\/noticias\\\/depilacion-laser-en-la-clinica-aroka-de-bilbao\\\/#mainImage\"},\"datePublished\":\"2019-08-09T14:05:17+02:00\",\"dateModified\":\"2019-08-09T14:05:17+02:00\"},{\"@type\":\"WebSite\",\"@id\":\"https:\\\/\\\/www.eldigitaldeasturias.com\\\/noticias\\\/#website\",\"url\":\"https:\\\/\\\/www.eldigitaldeasturias.com\\\/noticias\\\/\",\"name\":\"El Digital de Asturias - Diario de actualidad y noticias\",\"alternateName\":\"El Digital de Asturias - Diario de actualidad y noticias\",\"description\":\"Hemeroteca\",\"inLanguage\":\"es-ES\",\"publisher\":{\"@id\":\"https:\\\/\\\/www.eldigitaldeasturias.com\\\/noticias\\\/#organization\"}}]}\n\t\t<\/script>\n\t\t<!-- All in One SEO Pro -->\r\n\t\t<title>Depilaci\u00f3n l\u00e1ser en la Cl\u00ednica Aroka de Bilbao - El Digital de Asturias<\/title>\n\n","aioseo_head_json":{"title":"Depilaci\u00f3n l\u00e1ser en la Cl\u00ednica Aroka de Bilbao - El Digital de Asturias","description":"Los tratamientos con l\u00e1ser para la depilaci\u00f3n se encuentran asociados a la est\u00e9tica y la belleza. Seg\u00fan el doctor Jose Aroka, lo mas importante es consultar con un profesional m\u00e9dico antes de realizar el procedimiento, por lo que se recomienda siempre acudir a un centro est\u00e9tico de confianza. En la Cl\u00ednica Aroka de Bilbao son especialistas desde","canonical_url":"https:\/\/www.eldigitaldeasturias.com\/noticias\/depilacion-laser-en-la-clinica-aroka-de-bilbao\/","robots":"max-image-preview:large","keywords":"negocios y empresas","webmasterTools":{"google-site-verification":"UA-38556648-1","msvalidate.01":"7dfe9f3f1b24437ab69f4f2559babe99","miscellaneous":""},"schema":{"@context":"https:\/\/schema.org","@graph":[{"@type":"BlogPosting","@id":"https:\/\/www.eldigitaldeasturias.com\/noticias\/depilacion-laser-en-la-clinica-aroka-de-bilbao\/#blogposting","name":"Depilaci\u00f3n l\u00e1ser en la Cl\u00ednica Aroka de Bilbao - El Digital de Asturias","headline":"Depilaci\u00f3n l\u00e1ser en la Cl\u00ednica Aroka de Bilbao","author":{"@id":"https:\/\/www.eldigitaldeasturias.com\/noticias\/author\/admin\/#author"},"publisher":{"@id":"https:\/\/www.eldigitaldeasturias.com\/noticias\/#organization"},"image":{"@type":"ImageObject","url":"https:\/\/www.eldigitaldeasturias.com\/noticias\/wp-content\/uploads\/2019\/08\/1565264374_swim_suit.jpg","width":540,"height":720},"datePublished":"2019-08-09T14:05:17+02:00","dateModified":"2019-08-09T14:05:17+02:00","inLanguage":"es-ES","mainEntityOfPage":{"@id":"https:\/\/www.eldigitaldeasturias.com\/noticias\/depilacion-laser-en-la-clinica-aroka-de-bilbao\/#webpage"},"isPartOf":{"@id":"https:\/\/www.eldigitaldeasturias.com\/noticias\/depilacion-laser-en-la-clinica-aroka-de-bilbao\/#webpage"},"articleSection":"Negocios y Empresas"},{"@type":"BreadcrumbList","@id":"https:\/\/www.eldigitaldeasturias.com\/noticias\/depilacion-laser-en-la-clinica-aroka-de-bilbao\/#breadcrumblist","itemListElement":[{"@type":"ListItem","@id":"https:\/\/www.eldigitaldeasturias.com\/noticias#listItem","position":1,"name":"Home","item":"https:\/\/www.eldigitaldeasturias.com\/noticias","nextItem":{"@type":"ListItem","@id":"https:\/\/www.eldigitaldeasturias.com\/noticias\/category\/negocios-y-empresas\/#listItem","name":"Negocios y Empresas"}},{"@type":"ListItem","@id":"https:\/\/www.eldigitaldeasturias.com\/noticias\/category\/negocios-y-empresas\/#listItem","position":2,"name":"Negocios y Empresas","item":"https:\/\/www.eldigitaldeasturias.com\/noticias\/category\/negocios-y-empresas\/","nextItem":{"@type":"ListItem","@id":"https:\/\/www.eldigitaldeasturias.com\/noticias\/depilacion-laser-en-la-clinica-aroka-de-bilbao\/#listItem","name":"Depilaci\u00f3n l\u00e1ser en la Cl\u00ednica Aroka de Bilbao"},"previousItem":{"@type":"ListItem","@id":"https:\/\/www.eldigitaldeasturias.com\/noticias#listItem","name":"Home"}},{"@type":"ListItem","@id":"https:\/\/www.eldigitaldeasturias.com\/noticias\/depilacion-laser-en-la-clinica-aroka-de-bilbao\/#listItem","position":3,"name":"Depilaci\u00f3n l\u00e1ser en la Cl\u00ednica Aroka de Bilbao","previousItem":{"@type":"ListItem","@id":"https:\/\/www.eldigitaldeasturias.com\/noticias\/category\/negocios-y-empresas\/#listItem","name":"Negocios y Empresas"}}]},{"@type":"Organization","@id":"https:\/\/www.eldigitaldeasturias.com\/noticias\/#organization","name":"El Digital de Asturias","description":"Hemeroteca","url":"https:\/\/www.eldigitaldeasturias.com\/noticias\/","email":"info@eldigitaldeasturias.com","telephone":"+34652131393","logo":{"@type":"ImageObject","url":"https:\/\/www.eldigitaldeasturias.com\/noticias\/wp-content\/uploads\/2020\/12\/EDA.jpg","@id":"https:\/\/www.eldigitaldeasturias.com\/noticias\/depilacion-laser-en-la-clinica-aroka-de-bilbao\/#organizationLogo","width":649,"height":297},"image":{"@id":"https:\/\/www.eldigitaldeasturias.com\/noticias\/depilacion-laser-en-la-clinica-aroka-de-bilbao\/#organizationLogo"},"sameAs":["https:\/\/facebook.com\/eldigitaldeasturias","https:\/\/www.youtube.com\/channel\/UCZP-2wLEB9Rv6erhFmqVnvg"],"address":{"@id":"https:\/\/www.eldigitaldeasturias.com\/noticias\/#postaladdress","@type":"PostalAddress","streetAddress":"san antonio 4,","postalCode":"33430","addressLocality":"Cand\u00e1s","addressRegion":"Asturias","addressCountry":"ES"}},{"@type":"Person","@id":"https:\/\/www.eldigitaldeasturias.com\/noticias\/author\/admin\/#author","url":"https:\/\/www.eldigitaldeasturias.com\/noticias\/author\/admin\/","name":"El Digital de Asturias","image":{"@type":"ImageObject","@id":"https:\/\/www.eldigitaldeasturias.com\/noticias\/depilacion-laser-en-la-clinica-aroka-de-bilbao\/#authorImage","url":"https:\/\/www.eldigitaldeasturias.com\/noticias\/wp-content\/litespeed\/avatar\/18677e78aa0546b92d9dbf31ec7d7668.jpg?ver=1777290358","width":96,"height":96,"caption":"El Digital de Asturias"}},{"@type":"WebPage","@id":"https:\/\/www.eldigitaldeasturias.com\/noticias\/depilacion-laser-en-la-clinica-aroka-de-bilbao\/#webpage","url":"https:\/\/www.eldigitaldeasturias.com\/noticias\/depilacion-laser-en-la-clinica-aroka-de-bilbao\/","name":"Depilaci\u00f3n l\u00e1ser en la Cl\u00ednica Aroka de Bilbao - El Digital de Asturias","description":"Los tratamientos con l\u00e1ser para la depilaci\u00f3n se encuentran asociados a la est\u00e9tica y la belleza. Seg\u00fan el doctor Jose Aroka, lo mas importante es consultar con un profesional m\u00e9dico antes de realizar el procedimiento, por lo que se recomienda siempre acudir a un centro est\u00e9tico de confianza. En la Cl\u00ednica Aroka de Bilbao son especialistas desde","inLanguage":"es-ES","isPartOf":{"@id":"https:\/\/www.eldigitaldeasturias.com\/noticias\/#website"},"breadcrumb":{"@id":"https:\/\/www.eldigitaldeasturias.com\/noticias\/depilacion-laser-en-la-clinica-aroka-de-bilbao\/#breadcrumblist"},"author":{"@id":"https:\/\/www.eldigitaldeasturias.com\/noticias\/author\/admin\/#author"},"creator":{"@id":"https:\/\/www.eldigitaldeasturias.com\/noticias\/author\/admin\/#author"},"image":{"@type":"ImageObject","url":"https:\/\/www.eldigitaldeasturias.com\/noticias\/wp-content\/uploads\/2019\/08\/1565264374_swim_suit.jpg","@id":"https:\/\/www.eldigitaldeasturias.com\/noticias\/depilacion-laser-en-la-clinica-aroka-de-bilbao\/#mainImage","width":540,"height":720},"primaryImageOfPage":{"@id":"https:\/\/www.eldigitaldeasturias.com\/noticias\/depilacion-laser-en-la-clinica-aroka-de-bilbao\/#mainImage"},"datePublished":"2019-08-09T14:05:17+02:00","dateModified":"2019-08-09T14:05:17+02:00"},{"@type":"WebSite","@id":"https:\/\/www.eldigitaldeasturias.com\/noticias\/#website","url":"https:\/\/www.eldigitaldeasturias.com\/noticias\/","name":"El Digital de Asturias - Diario de actualidad y noticias","alternateName":"El Digital de Asturias - Diario de actualidad y noticias","description":"Hemeroteca","inLanguage":"es-ES","publisher":{"@id":"https:\/\/www.eldigitaldeasturias.com\/noticias\/#organization"}}]},"og:locale":"es_ES","og:site_name":"El Digital de Asturias","og:type":"article","og:title":"Depilaci\u00f3n l\u00e1ser en la Cl\u00ednica Aroka de Bilbao - El Digital de Asturias","og:description":"Los tratamientos con l\u00e1ser para la depilaci\u00f3n se encuentran asociados a la est\u00e9tica y la belleza. Seg\u00fan el doctor Jose Aroka, lo mas importante es consultar con un profesional m\u00e9dico antes de realizar el procedimiento, por lo que se recomienda siempre acudir a un centro est\u00e9tico de confianza. En la Cl\u00ednica Aroka de Bilbao son especialistas desde","og:url":"https:\/\/www.eldigitaldeasturias.com\/noticias\/depilacion-laser-en-la-clinica-aroka-de-bilbao\/","og:image":"https:\/\/www.eldigitaldeasturias.com\/noticias\/wp-content\/uploads\/2019\/08\/1565264374_swim_suit.jpg","og:image:secure_url":"https:\/\/www.eldigitaldeasturias.com\/noticias\/wp-content\/uploads\/2019\/08\/1565264374_swim_suit.jpg","og:image:width":540,"og:image:height":720,"article:tag":["negocios y empresas"],"article:published_time":"2019-08-09T14:05:17+00:00","article:modified_time":"2019-08-09T14:05:17+00:00","article:publisher":"https:\/\/facebook.com\/eldigitaldeasturias","twitter:card":"summary_large_image","twitter:title":"Depilaci\u00f3n l\u00e1ser en la Cl\u00ednica Aroka de Bilbao - El Digital de Asturias","twitter:description":"Los tratamientos con l\u00e1ser para la depilaci\u00f3n se encuentran asociados a la est\u00e9tica y la belleza. Seg\u00fan el doctor Jose Aroka, lo mas importante es consultar con un profesional m\u00e9dico antes de realizar el procedimiento, por lo que se recomienda siempre acudir a un centro est\u00e9tico de confianza. En la Cl\u00ednica Aroka de Bilbao son especialistas desde","twitter:image":"https:\/\/www.eldigitaldeasturias.com\/noticias\/wp-content\/uploads\/2019\/08\/1565264374_swim_suit.jpg","twitter:label1":"Escrito por","twitter:data1":"El Digital de Asturias","twitter:label2":"Tiempo de lectura estimado","twitter:data2":"2 minutos"},"aioseo_meta_data":{"post_id":"1037378","title":null,"description":null,"keywords":null,"keyphrases":null,"primary_term":null,"canonical_url":null,"og_title":null,"og_description":null,"og_object_type":"default","og_image_type":"default","og_image_url":null,"og_image_width":null,"og_image_height":null,"og_image_custom_url":null,"og_image_custom_fields":null,"og_video":null,"og_custom_url":null,"og_article_section":null,"og_article_tags":null,"twitter_use_og":false,"twitter_card":"default","twitter_image_type":"default","twitter_image_url":null,"twitter_image_custom_url":null,"twitter_image_custom_fields":null,"twitter_title":null,"twitter_description":null,"schema":{"blockGraphs":[],"customGraphs":[],"default":{"data":{"Article":[],"Course":[],"Dataset":[],"FAQPage":[],"Movie":[],"Person":[],"Product":[],"ProductReview":[],"Car":[],"Recipe":[],"Service":[],"SoftwareApplication":[],"WebPage":[]},"graphName":"","isEnabled":true},"graphs":[],"defaultGraph":"","defaultPostTypeGraph":""},"schema_type":null,"schema_type_options":null,"pillar_content":false,"robots_default":true,"robots_noindex":false,"robots_noarchive":false,"robots_nosnippet":false,"robots_nofollow":false,"robots_noimageindex":false,"robots_noodp":false,"robots_notranslate":false,"robots_max_snippet":null,"robots_max_videopreview":null,"robots_max_imagepreview":"large","priority":null,"frequency":null,"local_seo":null,"seo_analyzer_scan_date":"2025-10-22 17:58:07","breadcrumb_settings":null,"limit_modified_date":false,"open_ai":null,"ai":null,"created":"2020-12-21 11:06:59","updated":"2025-10-22 17:58:07"},"aioseo_breadcrumb":"<div class=\"aioseo-breadcrumbs\"><span class=\"aioseo-breadcrumb\">\n\t<a href=\"https:\/\/www.eldigitaldeasturias.com\/noticias\" title=\"Home\">Home<\/a>\n<\/span><span class=\"aioseo-breadcrumb-separator\">\u2013<\/span><span class=\"aioseo-breadcrumb\">\n\t<a href=\"https:\/\/www.eldigitaldeasturias.com\/noticias\/category\/negocios-y-empresas\/\" title=\"Negocios y Empresas\">Negocios y Empresas<\/a>\n<\/span><span class=\"aioseo-breadcrumb-separator\">\u2013<\/span><span class=\"aioseo-breadcrumb\">\n\t<a href=\"https:\/\/www.eldigitaldeasturias.com\/noticias\/depilacion-laser-en-la-clinica-aroka-de-bilbao\/\" title=\"Depilaci\u00f3n l\u00e1ser en la Cl\u00ednica Aroka de Bilbao\">Depilaci\u00f3n l\u00e1ser en la Cl\u00ednica Aroka de Bilbao<\/a>\n<\/span><\/div>","aioseo_breadcrumb_json":[{"label":"Home","link":"https:\/\/www.eldigitaldeasturias.com\/noticias"},{"label":"Negocios y Empresas","link":"https:\/\/www.eldigitaldeasturias.com\/noticias\/category\/negocios-y-empresas\/"},{"label":"Depilaci\u00f3n l\u00e1ser en la Cl\u00ednica Aroka de Bilbao","link":"https:\/\/www.eldigitaldeasturias.com\/noticias\/depilacion-laser-en-la-clinica-aroka-de-bilbao\/"}],"_links":{"self":[{"href":"https:\/\/www.eldigitaldeasturias.com\/noticias\/wp-json\/wp\/v2\/posts\/1037378","targetHints":{"allow":["GET"]}}],"collection":[{"href":"https:\/\/www.eldigitaldeasturias.com\/noticias\/wp-json\/wp\/v2\/posts"}],"about":[{"href":"https:\/\/www.eldigitaldeasturias.com\/noticias\/wp-json\/wp\/v2\/types\/post"}],"author":[{"embeddable":true,"href":"https:\/\/www.eldigitaldeasturias.com\/noticias\/wp-json\/wp\/v2\/users\/1"}],"replies":[{"embeddable":true,"href":"https:\/\/www.eldigitaldeasturias.com\/noticias\/wp-json\/wp\/v2\/comments?post=1037378"}],"version-history":[{"count":0,"href":"https:\/\/www.eldigitaldeasturias.com\/noticias\/wp-json\/wp\/v2\/posts\/1037378\/revisions"}],"wp:featuredmedia":[{"embeddable":true,"href":"https:\/\/www.eldigitaldeasturias.com\/noticias\/wp-json\/wp\/v2\/media\/1037379"}],"wp:attachment":[{"href":"https:\/\/www.eldigitaldeasturias.com\/noticias\/wp-json\/wp\/v2\/media?parent=1037378"}],"wp:term":[{"taxonomy":"category","embeddable":true,"href":"https:\/\/www.eldigitaldeasturias.com\/noticias\/wp-json\/wp\/v2\/categories?post=1037378"},{"taxonomy":"post_tag","embeddable":true,"href":"https:\/\/www.eldigitaldeasturias.com\/noticias\/wp-json\/wp\/v2\/tags?post=1037378"}],"curies":[{"name":"wp","href":"https:\/\/api.w.org\/{rel}","templated":true}]}}