{"id":1037154,"date":"2019-08-07T19:09:50","date_gmt":"2019-08-07T19:09:50","guid":{"rendered":"https:\/\/www.eldigitaldeasturias.com\/noticias\/?p=1037154"},"modified":"2019-08-07T19:09:50","modified_gmt":"2019-08-07T19:09:50","slug":"mas-de-la-mitad-de-los-pedidos-online-de-material-escolar-del-ano-se-realiza-en-veran","status":"publish","type":"post","link":"https:\/\/www.eldigitaldeasturias.com\/noticias\/mas-de-la-mitad-de-los-pedidos-online-de-material-escolar-del-ano-se-realiza-en-veran\/","title":{"rendered":"M\u00e1s de la mitad de los pedidos online de material escolar del a\u00f1o se realiza en veran"},"content":{"rendered":"<p><img loading=\"lazy\" decoding=\"async\" class=\"alignleft size-medium wp-image-801268\" src=\"https:\/\/www.eldigitaldeasturias.com\/noticias\/wp-content\/uploads\/2015\/08\/aula-360x270.jpg\" alt=\"\" width=\"360\" height=\"270\" srcset=\"https:\/\/www.eldigitaldeasturias.com\/noticias\/wp-content\/uploads\/2015\/08\/aula-360x270.jpg 360w, https:\/\/www.eldigitaldeasturias.com\/noticias\/wp-content\/uploads\/2015\/08\/aula-400x300.jpg 400w, https:\/\/www.eldigitaldeasturias.com\/noticias\/wp-content\/uploads\/2015\/08\/aula-768x576.jpg 768w, https:\/\/www.eldigitaldeasturias.com\/noticias\/wp-content\/uploads\/2015\/08\/aula-640x480.jpg 640w, https:\/\/www.eldigitaldeasturias.com\/noticias\/wp-content\/uploads\/2015\/08\/aula-20x15.jpg 20w, https:\/\/www.eldigitaldeasturias.com\/noticias\/wp-content\/uploads\/2015\/08\/aula.jpg 800w\" sizes=\"auto, (max-width: 360px) 100vw, 360px\" \/>La \u2018vuelta al cole\u2019 es siempre un momento de ilusi\u00f3n para grandes y peque\u00f1os que, desde semanas antes del inicio de las clases, ya piensan en libros que forrar, cuadernos que huelen a nuevo, l\u00e1pices de madera, bol\u00edgrafos de tinta borrable y mochilas con ruedas para transportar todo ese material sin que la espalda se resienta.<\/p>\n<p>El tiempo libre del que disfrutan padres e hijos durante las vacaciones de verano convierte a este periodo en la mejor \u00e9poca para adquirir estos art\u00edculos, seg\u00fan confirma la tienda online de productos escolares\u00a0<a href=\"https:\/\/www.vivaelcole.com\/\" target=\"_blank\" rel=\"nofollow noopener noreferrer\"><span style=\"color: #ff6600;\"><strong>Vivaelcole.com<\/strong><\/span><\/a>, que en los meses de julio, agosto y septiembre concentra casi la mitad del total de pedidos de todo el a\u00f1o.<\/p>\n<p>Se trata, pues, del mayor pico de trabajo para este ecommerce que ha encontrado en\u00a0<span style=\"color: #ff6600;\"><strong><a style=\"color: #ff6600;\" href=\"https:\/\/www.directialogistica.es\/\" target=\"_blank\" rel=\"nofollow noopener noreferrer\">Directia<\/a><\/strong><\/span>, la unidad de negocio de\u00a0<span style=\"color: #ff6600;\"><strong><a style=\"color: #ff6600;\" href=\"https:\/\/www.mediapost.es\/\" target=\"_blank\" rel=\"nofollow noopener noreferrer\">Mediapost<\/a><\/strong><\/span>\u00a0especializada en log\u00edstica relacional, el mejor aliado para dar a sus clientes la respuesta inmediata que exigen.<\/p>\n<p>El a\u00f1o pasado, la suma del n\u00famero de pedidos de los tres meses de verano (13.455) super\u00f3 en casi 1.700 al c\u00f3mputo total de pedidos del resto del a\u00f1o (que fue de 11.757). No en vano, julio, agosto y septiembre concentran el 46% de la venta en t\u00e9rminos econ\u00f3micos y suponen el 50% de las referencias enviadas durante todo el ejercicio.<\/p>\n<p>Por ello, una correcta preparaci\u00f3n de los pedidos, un exhaustivo control de stock y un excelente servicio de entrega son fundamentales a la hora de satisfacer la demanda y, sobre todo, fidelizar al cliente final.<\/p>\n<p>\u00abConfiamos en Directia porque nos aporta una flexibilidad y una capacidad de adaptaci\u00f3n sin las que no podr\u00edamos atender el volumen de pedidos que tenemos en nuestro mayor periodo de ventas, que es bastante estacional y que requiere de la m\u00e1xima eficiencia en esos meses previos al inicio de las clases\u00bb, se\u00f1ala\u00a0<strong>Jes\u00fas Mu\u00f1oz, CEO de Vivaelcole.com<\/strong>. En su opini\u00f3n, lo m\u00e1s importante en estos meses es &#8216;tenerlo todo dispuesto para no fallar en la ejecuci\u00f3n de la campa\u00f1a&#8217;, por lo que gestionar con eficacia y rigurosidad la log\u00edstica es fundamental para un sector con una competencia tan alta como es el de la venta y distribuci\u00f3n de material escolar.<\/p>\n<p>Por su parte, para el responsable global de Directia,\u00a0<strong>David Arteaga<\/strong>, la misi\u00f3n de su unidad de negocio \u00abes conseguir que el material que distribuye Vivaelcole.com a trav\u00e9s de su tienda online est\u00e9 en todos los hogares justo a tiempo para la vuelta al cole\u00bb. \u00abSe trata de la campa\u00f1a m\u00e1s importante del a\u00f1o para nuestro cliente y, por ello, trabajamos con rapidez y eficiencia, con el objetivo no solo de dar el mejor servicio al usuario, sino tambi\u00e9n de posicionar la marca frente a otros \u2018gigantes\u2019 del sector de las plataformas de comercio electr\u00f3nico, como Amazon o AliExpress\u00bb<em>.<\/em><\/p>\n<p>&nbsp;<\/p>\n","protected":false},"excerpt":{"rendered":"<p>La \u2018vuelta al cole\u2019 es siempre un momento de ilusi\u00f3n para grandes y peque\u00f1os que, desde semanas antes del inicio de las clases, ya piensan en libros que forrar, cuadernos que huelen a nuevo, l\u00e1pices de madera, bol\u00edgrafos de tinta borrable y mochilas con ruedas para transportar todo ese material sin que la espalda se [&hellip;]<\/p>\n","protected":false},"author":1,"featured_media":801268,"comment_status":"closed","ping_status":"closed","sticky":false,"template":"","format":"standard","meta":{"footnotes":""},"categories":[219],"tags":[],"class_list":["post-1037154","post","type-post","status-publish","format-standard","has-post-thumbnail","hentry","category-negocios-y-empresas"],"aioseo_notices":[],"aioseo_head":"\n\t\t<!-- All in One SEO Pro 4.9.6.2 - aioseo.com -->\n\t<meta name=\"description\" content=\"La \u2018vuelta al cole\u2019 es siempre un momento de ilusi\u00f3n para grandes y peque\u00f1os que, desde semanas antes del inicio de las clases, ya piensan en libros que forrar, cuadernos que huelen a nuevo, l\u00e1pices de madera, bol\u00edgrafos de tinta borrable y mochilas con ruedas para transportar todo ese material sin que la espalda se\" \/>\n\t<meta name=\"robots\" content=\"max-image-preview:large\" \/>\n\t<meta name=\"author\" content=\"El Digital de Asturias\"\/>\n\t<meta name=\"google-site-verification\" content=\"UA-38556648-1\" \/>\n\t<meta name=\"msvalidate.01\" content=\"7dfe9f3f1b24437ab69f4f2559babe99\" \/>\n\t<meta name=\"keywords\" content=\"negocios y empresas\" \/>\n\t<link rel=\"canonical\" href=\"https:\/\/www.eldigitaldeasturias.com\/noticias\/mas-de-la-mitad-de-los-pedidos-online-de-material-escolar-del-ano-se-realiza-en-veran\/\" \/>\n\t<meta name=\"generator\" content=\"All in One SEO Pro (AIOSEO) 4.9.6.2\" \/>\n\t\t<meta property=\"og:locale\" content=\"es_ES\" \/>\n\t\t<meta property=\"og:site_name\" content=\"El Digital de Asturias\" \/>\n\t\t<meta property=\"og:type\" content=\"article\" \/>\n\t\t<meta property=\"og:title\" content=\"M\u00e1s de la mitad de los pedidos online de material escolar del a\u00f1o se realiza en veran - El Digital de Asturias\" \/>\n\t\t<meta property=\"og:description\" content=\"La \u2018vuelta al cole\u2019 es siempre un momento de ilusi\u00f3n para grandes y peque\u00f1os que, desde semanas antes del inicio de las clases, ya piensan en libros que forrar, cuadernos que huelen a nuevo, l\u00e1pices de madera, bol\u00edgrafos de tinta borrable y mochilas con ruedas para transportar todo ese material sin que la espalda se\" \/>\n\t\t<meta property=\"og:url\" content=\"https:\/\/www.eldigitaldeasturias.com\/noticias\/mas-de-la-mitad-de-los-pedidos-online-de-material-escolar-del-ano-se-realiza-en-veran\/\" \/>\n\t\t<meta property=\"og:image\" content=\"https:\/\/www.eldigitaldeasturias.com\/noticias\/wp-content\/uploads\/2015\/08\/aula.jpg\" \/>\n\t\t<meta property=\"og:image:secure_url\" content=\"https:\/\/www.eldigitaldeasturias.com\/noticias\/wp-content\/uploads\/2015\/08\/aula.jpg\" \/>\n\t\t<meta property=\"og:image:width\" content=\"800\" \/>\n\t\t<meta property=\"og:image:height\" content=\"600\" \/>\n\t\t<meta property=\"article:tag\" content=\"negocios y empresas\" \/>\n\t\t<meta property=\"article:published_time\" content=\"2019-08-07T19:09:50+00:00\" \/>\n\t\t<meta property=\"article:modified_time\" content=\"2019-08-07T19:09:50+00:00\" \/>\n\t\t<meta property=\"article:publisher\" content=\"https:\/\/facebook.com\/eldigitaldeasturias\" \/>\n\t\t<meta name=\"twitter:card\" content=\"summary_large_image\" \/>\n\t\t<meta name=\"twitter:title\" content=\"M\u00e1s de la mitad de los pedidos online de material escolar del a\u00f1o se realiza en veran - El Digital de Asturias\" \/>\n\t\t<meta name=\"twitter:description\" content=\"La \u2018vuelta al cole\u2019 es siempre un momento de ilusi\u00f3n para grandes y peque\u00f1os que, desde semanas antes del inicio de las clases, ya piensan en libros que forrar, cuadernos que huelen a nuevo, l\u00e1pices de madera, bol\u00edgrafos de tinta borrable y mochilas con ruedas para transportar todo ese material sin que la espalda se\" \/>\n\t\t<meta name=\"twitter:image\" content=\"https:\/\/www.eldigitaldeasturias.com\/noticias\/wp-content\/uploads\/2015\/08\/aula.jpg\" \/>\n\t\t<meta name=\"twitter:label1\" content=\"Escrito por\" \/>\n\t\t<meta name=\"twitter:data1\" content=\"El Digital de Asturias\" \/>\n\t\t<meta name=\"twitter:label2\" content=\"Tiempo de lectura estimado\" \/>\n\t\t<meta name=\"twitter:data2\" content=\"2 minutos\" \/>\n\t\t<script type=\"application\/ld+json\" class=\"aioseo-schema\">\n\t\t\t{\"@context\":\"https:\\\/\\\/schema.org\",\"@graph\":[{\"@type\":\"BlogPosting\",\"@id\":\"https:\\\/\\\/www.eldigitaldeasturias.com\\\/noticias\\\/mas-de-la-mitad-de-los-pedidos-online-de-material-escolar-del-ano-se-realiza-en-veran\\\/#blogposting\",\"name\":\"M\\u00e1s de la mitad de los pedidos online de material escolar del a\\u00f1o se realiza en veran - El Digital de Asturias\",\"headline\":\"M\\u00e1s de la mitad de los pedidos online de material escolar del a\\u00f1o se realiza en veran\",\"author\":{\"@id\":\"https:\\\/\\\/www.eldigitaldeasturias.com\\\/noticias\\\/author\\\/admin\\\/#author\"},\"publisher\":{\"@id\":\"https:\\\/\\\/www.eldigitaldeasturias.com\\\/noticias\\\/#organization\"},\"image\":{\"@type\":\"ImageObject\",\"url\":\"https:\\\/\\\/www.eldigitaldeasturias.com\\\/noticias\\\/wp-content\\\/uploads\\\/2015\\\/08\\\/aula.jpg\",\"width\":800,\"height\":600},\"datePublished\":\"2019-08-07T19:09:50+02:00\",\"dateModified\":\"2019-08-07T19:09:50+02:00\",\"inLanguage\":\"es-ES\",\"mainEntityOfPage\":{\"@id\":\"https:\\\/\\\/www.eldigitaldeasturias.com\\\/noticias\\\/mas-de-la-mitad-de-los-pedidos-online-de-material-escolar-del-ano-se-realiza-en-veran\\\/#webpage\"},\"isPartOf\":{\"@id\":\"https:\\\/\\\/www.eldigitaldeasturias.com\\\/noticias\\\/mas-de-la-mitad-de-los-pedidos-online-de-material-escolar-del-ano-se-realiza-en-veran\\\/#webpage\"},\"articleSection\":\"Negocios y Empresas\"},{\"@type\":\"BreadcrumbList\",\"@id\":\"https:\\\/\\\/www.eldigitaldeasturias.com\\\/noticias\\\/mas-de-la-mitad-de-los-pedidos-online-de-material-escolar-del-ano-se-realiza-en-veran\\\/#breadcrumblist\",\"itemListElement\":[{\"@type\":\"ListItem\",\"@id\":\"https:\\\/\\\/www.eldigitaldeasturias.com\\\/noticias#listItem\",\"position\":1,\"name\":\"Home\",\"item\":\"https:\\\/\\\/www.eldigitaldeasturias.com\\\/noticias\",\"nextItem\":{\"@type\":\"ListItem\",\"@id\":\"https:\\\/\\\/www.eldigitaldeasturias.com\\\/noticias\\\/category\\\/negocios-y-empresas\\\/#listItem\",\"name\":\"Negocios y Empresas\"}},{\"@type\":\"ListItem\",\"@id\":\"https:\\\/\\\/www.eldigitaldeasturias.com\\\/noticias\\\/category\\\/negocios-y-empresas\\\/#listItem\",\"position\":2,\"name\":\"Negocios y Empresas\",\"item\":\"https:\\\/\\\/www.eldigitaldeasturias.com\\\/noticias\\\/category\\\/negocios-y-empresas\\\/\",\"nextItem\":{\"@type\":\"ListItem\",\"@id\":\"https:\\\/\\\/www.eldigitaldeasturias.com\\\/noticias\\\/mas-de-la-mitad-de-los-pedidos-online-de-material-escolar-del-ano-se-realiza-en-veran\\\/#listItem\",\"name\":\"M\\u00e1s de la mitad de los pedidos online de material escolar del a\\u00f1o se realiza en veran\"},\"previousItem\":{\"@type\":\"ListItem\",\"@id\":\"https:\\\/\\\/www.eldigitaldeasturias.com\\\/noticias#listItem\",\"name\":\"Home\"}},{\"@type\":\"ListItem\",\"@id\":\"https:\\\/\\\/www.eldigitaldeasturias.com\\\/noticias\\\/mas-de-la-mitad-de-los-pedidos-online-de-material-escolar-del-ano-se-realiza-en-veran\\\/#listItem\",\"position\":3,\"name\":\"M\\u00e1s de la mitad de los pedidos online de material escolar del a\\u00f1o se realiza en veran\",\"previousItem\":{\"@type\":\"ListItem\",\"@id\":\"https:\\\/\\\/www.eldigitaldeasturias.com\\\/noticias\\\/category\\\/negocios-y-empresas\\\/#listItem\",\"name\":\"Negocios y Empresas\"}}]},{\"@type\":\"Organization\",\"@id\":\"https:\\\/\\\/www.eldigitaldeasturias.com\\\/noticias\\\/#organization\",\"name\":\"El Digital de Asturias\",\"description\":\"Hemeroteca\",\"url\":\"https:\\\/\\\/www.eldigitaldeasturias.com\\\/noticias\\\/\",\"email\":\"info@eldigitaldeasturias.com\",\"telephone\":\"+34652131393\",\"logo\":{\"@type\":\"ImageObject\",\"url\":\"https:\\\/\\\/www.eldigitaldeasturias.com\\\/noticias\\\/wp-content\\\/uploads\\\/2020\\\/12\\\/EDA.jpg\",\"@id\":\"https:\\\/\\\/www.eldigitaldeasturias.com\\\/noticias\\\/mas-de-la-mitad-de-los-pedidos-online-de-material-escolar-del-ano-se-realiza-en-veran\\\/#organizationLogo\",\"width\":649,\"height\":297},\"image\":{\"@id\":\"https:\\\/\\\/www.eldigitaldeasturias.com\\\/noticias\\\/mas-de-la-mitad-de-los-pedidos-online-de-material-escolar-del-ano-se-realiza-en-veran\\\/#organizationLogo\"},\"sameAs\":[\"https:\\\/\\\/facebook.com\\\/eldigitaldeasturias\",\"https:\\\/\\\/www.youtube.com\\\/channel\\\/UCZP-2wLEB9Rv6erhFmqVnvg\"],\"address\":{\"@id\":\"https:\\\/\\\/www.eldigitaldeasturias.com\\\/noticias\\\/#postaladdress\",\"@type\":\"PostalAddress\",\"streetAddress\":\"san antonio 4,\",\"postalCode\":\"33430\",\"addressLocality\":\"Cand\\u00e1s\",\"addressRegion\":\"Asturias\",\"addressCountry\":\"ES\"}},{\"@type\":\"Person\",\"@id\":\"https:\\\/\\\/www.eldigitaldeasturias.com\\\/noticias\\\/author\\\/admin\\\/#author\",\"url\":\"https:\\\/\\\/www.eldigitaldeasturias.com\\\/noticias\\\/author\\\/admin\\\/\",\"name\":\"El Digital de Asturias\",\"image\":{\"@type\":\"ImageObject\",\"@id\":\"https:\\\/\\\/www.eldigitaldeasturias.com\\\/noticias\\\/mas-de-la-mitad-de-los-pedidos-online-de-material-escolar-del-ano-se-realiza-en-veran\\\/#authorImage\",\"url\":\"https:\\\/\\\/www.eldigitaldeasturias.com\\\/noticias\\\/wp-content\\\/litespeed\\\/avatar\\\/18677e78aa0546b92d9dbf31ec7d7668.jpg?ver=1777290358\",\"width\":96,\"height\":96,\"caption\":\"El Digital de Asturias\"}},{\"@type\":\"WebPage\",\"@id\":\"https:\\\/\\\/www.eldigitaldeasturias.com\\\/noticias\\\/mas-de-la-mitad-de-los-pedidos-online-de-material-escolar-del-ano-se-realiza-en-veran\\\/#webpage\",\"url\":\"https:\\\/\\\/www.eldigitaldeasturias.com\\\/noticias\\\/mas-de-la-mitad-de-los-pedidos-online-de-material-escolar-del-ano-se-realiza-en-veran\\\/\",\"name\":\"M\\u00e1s de la mitad de los pedidos online de material escolar del a\\u00f1o se realiza en veran - El Digital de Asturias\",\"description\":\"La \\u2018vuelta al cole\\u2019 es siempre un momento de ilusi\\u00f3n para grandes y peque\\u00f1os que, desde semanas antes del inicio de las clases, ya piensan en libros que forrar, cuadernos que huelen a nuevo, l\\u00e1pices de madera, bol\\u00edgrafos de tinta borrable y mochilas con ruedas para transportar todo ese material sin que la espalda se\",\"inLanguage\":\"es-ES\",\"isPartOf\":{\"@id\":\"https:\\\/\\\/www.eldigitaldeasturias.com\\\/noticias\\\/#website\"},\"breadcrumb\":{\"@id\":\"https:\\\/\\\/www.eldigitaldeasturias.com\\\/noticias\\\/mas-de-la-mitad-de-los-pedidos-online-de-material-escolar-del-ano-se-realiza-en-veran\\\/#breadcrumblist\"},\"author\":{\"@id\":\"https:\\\/\\\/www.eldigitaldeasturias.com\\\/noticias\\\/author\\\/admin\\\/#author\"},\"creator\":{\"@id\":\"https:\\\/\\\/www.eldigitaldeasturias.com\\\/noticias\\\/author\\\/admin\\\/#author\"},\"image\":{\"@type\":\"ImageObject\",\"url\":\"https:\\\/\\\/www.eldigitaldeasturias.com\\\/noticias\\\/wp-content\\\/uploads\\\/2015\\\/08\\\/aula.jpg\",\"@id\":\"https:\\\/\\\/www.eldigitaldeasturias.com\\\/noticias\\\/mas-de-la-mitad-de-los-pedidos-online-de-material-escolar-del-ano-se-realiza-en-veran\\\/#mainImage\",\"width\":800,\"height\":600},\"primaryImageOfPage\":{\"@id\":\"https:\\\/\\\/www.eldigitaldeasturias.com\\\/noticias\\\/mas-de-la-mitad-de-los-pedidos-online-de-material-escolar-del-ano-se-realiza-en-veran\\\/#mainImage\"},\"datePublished\":\"2019-08-07T19:09:50+02:00\",\"dateModified\":\"2019-08-07T19:09:50+02:00\"},{\"@type\":\"WebSite\",\"@id\":\"https:\\\/\\\/www.eldigitaldeasturias.com\\\/noticias\\\/#website\",\"url\":\"https:\\\/\\\/www.eldigitaldeasturias.com\\\/noticias\\\/\",\"name\":\"El Digital de Asturias - Diario de actualidad y noticias\",\"alternateName\":\"El Digital de Asturias - Diario de actualidad y noticias\",\"description\":\"Hemeroteca\",\"inLanguage\":\"es-ES\",\"publisher\":{\"@id\":\"https:\\\/\\\/www.eldigitaldeasturias.com\\\/noticias\\\/#organization\"}}]}\n\t\t<\/script>\n\t\t<!-- All in One SEO Pro -->\r\n\t\t<title>M\u00e1s de la mitad de los pedidos online de material escolar del a\u00f1o se realiza en veran - El Digital de Asturias<\/title>\n\n","aioseo_head_json":{"title":"M\u00e1s de la mitad de los pedidos online de material escolar del a\u00f1o se realiza en veran - El Digital de Asturias","description":"La \u2018vuelta al cole\u2019 es siempre un momento de ilusi\u00f3n para grandes y peque\u00f1os que, desde semanas antes del inicio de las clases, ya piensan en libros que forrar, cuadernos que huelen a nuevo, l\u00e1pices de madera, bol\u00edgrafos de tinta borrable y mochilas con ruedas para transportar todo ese material sin que la espalda se","canonical_url":"https:\/\/www.eldigitaldeasturias.com\/noticias\/mas-de-la-mitad-de-los-pedidos-online-de-material-escolar-del-ano-se-realiza-en-veran\/","robots":"max-image-preview:large","keywords":"negocios y empresas","webmasterTools":{"google-site-verification":"UA-38556648-1","msvalidate.01":"7dfe9f3f1b24437ab69f4f2559babe99","miscellaneous":""},"schema":{"@context":"https:\/\/schema.org","@graph":[{"@type":"BlogPosting","@id":"https:\/\/www.eldigitaldeasturias.com\/noticias\/mas-de-la-mitad-de-los-pedidos-online-de-material-escolar-del-ano-se-realiza-en-veran\/#blogposting","name":"M\u00e1s de la mitad de los pedidos online de material escolar del a\u00f1o se realiza en veran - El Digital de Asturias","headline":"M\u00e1s de la mitad de los pedidos online de material escolar del a\u00f1o se realiza en veran","author":{"@id":"https:\/\/www.eldigitaldeasturias.com\/noticias\/author\/admin\/#author"},"publisher":{"@id":"https:\/\/www.eldigitaldeasturias.com\/noticias\/#organization"},"image":{"@type":"ImageObject","url":"https:\/\/www.eldigitaldeasturias.com\/noticias\/wp-content\/uploads\/2015\/08\/aula.jpg","width":800,"height":600},"datePublished":"2019-08-07T19:09:50+02:00","dateModified":"2019-08-07T19:09:50+02:00","inLanguage":"es-ES","mainEntityOfPage":{"@id":"https:\/\/www.eldigitaldeasturias.com\/noticias\/mas-de-la-mitad-de-los-pedidos-online-de-material-escolar-del-ano-se-realiza-en-veran\/#webpage"},"isPartOf":{"@id":"https:\/\/www.eldigitaldeasturias.com\/noticias\/mas-de-la-mitad-de-los-pedidos-online-de-material-escolar-del-ano-se-realiza-en-veran\/#webpage"},"articleSection":"Negocios y Empresas"},{"@type":"BreadcrumbList","@id":"https:\/\/www.eldigitaldeasturias.com\/noticias\/mas-de-la-mitad-de-los-pedidos-online-de-material-escolar-del-ano-se-realiza-en-veran\/#breadcrumblist","itemListElement":[{"@type":"ListItem","@id":"https:\/\/www.eldigitaldeasturias.com\/noticias#listItem","position":1,"name":"Home","item":"https:\/\/www.eldigitaldeasturias.com\/noticias","nextItem":{"@type":"ListItem","@id":"https:\/\/www.eldigitaldeasturias.com\/noticias\/category\/negocios-y-empresas\/#listItem","name":"Negocios y Empresas"}},{"@type":"ListItem","@id":"https:\/\/www.eldigitaldeasturias.com\/noticias\/category\/negocios-y-empresas\/#listItem","position":2,"name":"Negocios y Empresas","item":"https:\/\/www.eldigitaldeasturias.com\/noticias\/category\/negocios-y-empresas\/","nextItem":{"@type":"ListItem","@id":"https:\/\/www.eldigitaldeasturias.com\/noticias\/mas-de-la-mitad-de-los-pedidos-online-de-material-escolar-del-ano-se-realiza-en-veran\/#listItem","name":"M\u00e1s de la mitad de los pedidos online de material escolar del a\u00f1o se realiza en veran"},"previousItem":{"@type":"ListItem","@id":"https:\/\/www.eldigitaldeasturias.com\/noticias#listItem","name":"Home"}},{"@type":"ListItem","@id":"https:\/\/www.eldigitaldeasturias.com\/noticias\/mas-de-la-mitad-de-los-pedidos-online-de-material-escolar-del-ano-se-realiza-en-veran\/#listItem","position":3,"name":"M\u00e1s de la mitad de los pedidos online de material escolar del a\u00f1o se realiza en veran","previousItem":{"@type":"ListItem","@id":"https:\/\/www.eldigitaldeasturias.com\/noticias\/category\/negocios-y-empresas\/#listItem","name":"Negocios y Empresas"}}]},{"@type":"Organization","@id":"https:\/\/www.eldigitaldeasturias.com\/noticias\/#organization","name":"El Digital de Asturias","description":"Hemeroteca","url":"https:\/\/www.eldigitaldeasturias.com\/noticias\/","email":"info@eldigitaldeasturias.com","telephone":"+34652131393","logo":{"@type":"ImageObject","url":"https:\/\/www.eldigitaldeasturias.com\/noticias\/wp-content\/uploads\/2020\/12\/EDA.jpg","@id":"https:\/\/www.eldigitaldeasturias.com\/noticias\/mas-de-la-mitad-de-los-pedidos-online-de-material-escolar-del-ano-se-realiza-en-veran\/#organizationLogo","width":649,"height":297},"image":{"@id":"https:\/\/www.eldigitaldeasturias.com\/noticias\/mas-de-la-mitad-de-los-pedidos-online-de-material-escolar-del-ano-se-realiza-en-veran\/#organizationLogo"},"sameAs":["https:\/\/facebook.com\/eldigitaldeasturias","https:\/\/www.youtube.com\/channel\/UCZP-2wLEB9Rv6erhFmqVnvg"],"address":{"@id":"https:\/\/www.eldigitaldeasturias.com\/noticias\/#postaladdress","@type":"PostalAddress","streetAddress":"san antonio 4,","postalCode":"33430","addressLocality":"Cand\u00e1s","addressRegion":"Asturias","addressCountry":"ES"}},{"@type":"Person","@id":"https:\/\/www.eldigitaldeasturias.com\/noticias\/author\/admin\/#author","url":"https:\/\/www.eldigitaldeasturias.com\/noticias\/author\/admin\/","name":"El Digital de Asturias","image":{"@type":"ImageObject","@id":"https:\/\/www.eldigitaldeasturias.com\/noticias\/mas-de-la-mitad-de-los-pedidos-online-de-material-escolar-del-ano-se-realiza-en-veran\/#authorImage","url":"https:\/\/www.eldigitaldeasturias.com\/noticias\/wp-content\/litespeed\/avatar\/18677e78aa0546b92d9dbf31ec7d7668.jpg?ver=1777290358","width":96,"height":96,"caption":"El Digital de Asturias"}},{"@type":"WebPage","@id":"https:\/\/www.eldigitaldeasturias.com\/noticias\/mas-de-la-mitad-de-los-pedidos-online-de-material-escolar-del-ano-se-realiza-en-veran\/#webpage","url":"https:\/\/www.eldigitaldeasturias.com\/noticias\/mas-de-la-mitad-de-los-pedidos-online-de-material-escolar-del-ano-se-realiza-en-veran\/","name":"M\u00e1s de la mitad de los pedidos online de material escolar del a\u00f1o se realiza en veran - El Digital de Asturias","description":"La \u2018vuelta al cole\u2019 es siempre un momento de ilusi\u00f3n para grandes y peque\u00f1os que, desde semanas antes del inicio de las clases, ya piensan en libros que forrar, cuadernos que huelen a nuevo, l\u00e1pices de madera, bol\u00edgrafos de tinta borrable y mochilas con ruedas para transportar todo ese material sin que la espalda se","inLanguage":"es-ES","isPartOf":{"@id":"https:\/\/www.eldigitaldeasturias.com\/noticias\/#website"},"breadcrumb":{"@id":"https:\/\/www.eldigitaldeasturias.com\/noticias\/mas-de-la-mitad-de-los-pedidos-online-de-material-escolar-del-ano-se-realiza-en-veran\/#breadcrumblist"},"author":{"@id":"https:\/\/www.eldigitaldeasturias.com\/noticias\/author\/admin\/#author"},"creator":{"@id":"https:\/\/www.eldigitaldeasturias.com\/noticias\/author\/admin\/#author"},"image":{"@type":"ImageObject","url":"https:\/\/www.eldigitaldeasturias.com\/noticias\/wp-content\/uploads\/2015\/08\/aula.jpg","@id":"https:\/\/www.eldigitaldeasturias.com\/noticias\/mas-de-la-mitad-de-los-pedidos-online-de-material-escolar-del-ano-se-realiza-en-veran\/#mainImage","width":800,"height":600},"primaryImageOfPage":{"@id":"https:\/\/www.eldigitaldeasturias.com\/noticias\/mas-de-la-mitad-de-los-pedidos-online-de-material-escolar-del-ano-se-realiza-en-veran\/#mainImage"},"datePublished":"2019-08-07T19:09:50+02:00","dateModified":"2019-08-07T19:09:50+02:00"},{"@type":"WebSite","@id":"https:\/\/www.eldigitaldeasturias.com\/noticias\/#website","url":"https:\/\/www.eldigitaldeasturias.com\/noticias\/","name":"El Digital de Asturias - Diario de actualidad y noticias","alternateName":"El Digital de Asturias - Diario de actualidad y noticias","description":"Hemeroteca","inLanguage":"es-ES","publisher":{"@id":"https:\/\/www.eldigitaldeasturias.com\/noticias\/#organization"}}]},"og:locale":"es_ES","og:site_name":"El Digital de Asturias","og:type":"article","og:title":"M\u00e1s de la mitad de los pedidos online de material escolar del a\u00f1o se realiza en veran - El Digital de Asturias","og:description":"La \u2018vuelta al cole\u2019 es siempre un momento de ilusi\u00f3n para grandes y peque\u00f1os que, desde semanas antes del inicio de las clases, ya piensan en libros que forrar, cuadernos que huelen a nuevo, l\u00e1pices de madera, bol\u00edgrafos de tinta borrable y mochilas con ruedas para transportar todo ese material sin que la espalda se","og:url":"https:\/\/www.eldigitaldeasturias.com\/noticias\/mas-de-la-mitad-de-los-pedidos-online-de-material-escolar-del-ano-se-realiza-en-veran\/","og:image":"https:\/\/www.eldigitaldeasturias.com\/noticias\/wp-content\/uploads\/2015\/08\/aula.jpg","og:image:secure_url":"https:\/\/www.eldigitaldeasturias.com\/noticias\/wp-content\/uploads\/2015\/08\/aula.jpg","og:image:width":800,"og:image:height":600,"article:tag":["negocios y empresas"],"article:published_time":"2019-08-07T19:09:50+00:00","article:modified_time":"2019-08-07T19:09:50+00:00","article:publisher":"https:\/\/facebook.com\/eldigitaldeasturias","twitter:card":"summary_large_image","twitter:title":"M\u00e1s de la mitad de los pedidos online de material escolar del a\u00f1o se realiza en veran - El Digital de Asturias","twitter:description":"La \u2018vuelta al cole\u2019 es siempre un momento de ilusi\u00f3n para grandes y peque\u00f1os que, desde semanas antes del inicio de las clases, ya piensan en libros que forrar, cuadernos que huelen a nuevo, l\u00e1pices de madera, bol\u00edgrafos de tinta borrable y mochilas con ruedas para transportar todo ese material sin que la espalda se","twitter:image":"https:\/\/www.eldigitaldeasturias.com\/noticias\/wp-content\/uploads\/2015\/08\/aula.jpg","twitter:label1":"Escrito por","twitter:data1":"El Digital de Asturias","twitter:label2":"Tiempo de lectura estimado","twitter:data2":"2 minutos"},"aioseo_meta_data":{"post_id":"1037154","title":null,"description":null,"keywords":null,"keyphrases":null,"primary_term":null,"canonical_url":null,"og_title":null,"og_description":null,"og_object_type":"default","og_image_type":"default","og_image_url":null,"og_image_width":null,"og_image_height":null,"og_image_custom_url":null,"og_image_custom_fields":null,"og_video":null,"og_custom_url":null,"og_article_section":null,"og_article_tags":null,"twitter_use_og":false,"twitter_card":"default","twitter_image_type":"default","twitter_image_url":null,"twitter_image_custom_url":null,"twitter_image_custom_fields":null,"twitter_title":null,"twitter_description":null,"schema":{"blockGraphs":[],"customGraphs":[],"default":{"data":{"Article":[],"Course":[],"Dataset":[],"FAQPage":[],"Movie":[],"Person":[],"Product":[],"ProductReview":[],"Car":[],"Recipe":[],"Service":[],"SoftwareApplication":[],"WebPage":[]},"graphName":"","isEnabled":true},"graphs":[],"defaultGraph":"","defaultPostTypeGraph":""},"schema_type":null,"schema_type_options":null,"pillar_content":false,"robots_default":true,"robots_noindex":false,"robots_noarchive":false,"robots_nosnippet":false,"robots_nofollow":false,"robots_noimageindex":false,"robots_noodp":false,"robots_notranslate":false,"robots_max_snippet":null,"robots_max_videopreview":null,"robots_max_imagepreview":"large","priority":null,"frequency":null,"local_seo":null,"seo_analyzer_scan_date":"2025-10-22 16:47:07","breadcrumb_settings":null,"limit_modified_date":false,"open_ai":null,"ai":null,"created":"2020-12-21 11:07:07","updated":"2025-10-22 16:47:07"},"aioseo_breadcrumb":"<div class=\"aioseo-breadcrumbs\"><span class=\"aioseo-breadcrumb\">\n\t<a href=\"https:\/\/www.eldigitaldeasturias.com\/noticias\" title=\"Home\">Home<\/a>\n<\/span><span class=\"aioseo-breadcrumb-separator\">\u2013<\/span><span class=\"aioseo-breadcrumb\">\n\t<a href=\"https:\/\/www.eldigitaldeasturias.com\/noticias\/category\/negocios-y-empresas\/\" title=\"Negocios y Empresas\">Negocios y Empresas<\/a>\n<\/span><span class=\"aioseo-breadcrumb-separator\">\u2013<\/span><span class=\"aioseo-breadcrumb\">\n\t<a href=\"https:\/\/www.eldigitaldeasturias.com\/noticias\/mas-de-la-mitad-de-los-pedidos-online-de-material-escolar-del-ano-se-realiza-en-veran\/\" title=\"M\u00e1s de la mitad de los pedidos online de material escolar del a\u00f1o se realiza en veran\">M\u00e1s de la mitad de los pedidos online de material escolar del a\u00f1o se realiza en veran<\/a>\n<\/span><\/div>","aioseo_breadcrumb_json":[{"label":"Home","link":"https:\/\/www.eldigitaldeasturias.com\/noticias"},{"label":"Negocios y Empresas","link":"https:\/\/www.eldigitaldeasturias.com\/noticias\/category\/negocios-y-empresas\/"},{"label":"M\u00e1s de la mitad de los pedidos online de material escolar del a\u00f1o se realiza en veran","link":"https:\/\/www.eldigitaldeasturias.com\/noticias\/mas-de-la-mitad-de-los-pedidos-online-de-material-escolar-del-ano-se-realiza-en-veran\/"}],"_links":{"self":[{"href":"https:\/\/www.eldigitaldeasturias.com\/noticias\/wp-json\/wp\/v2\/posts\/1037154","targetHints":{"allow":["GET"]}}],"collection":[{"href":"https:\/\/www.eldigitaldeasturias.com\/noticias\/wp-json\/wp\/v2\/posts"}],"about":[{"href":"https:\/\/www.eldigitaldeasturias.com\/noticias\/wp-json\/wp\/v2\/types\/post"}],"author":[{"embeddable":true,"href":"https:\/\/www.eldigitaldeasturias.com\/noticias\/wp-json\/wp\/v2\/users\/1"}],"replies":[{"embeddable":true,"href":"https:\/\/www.eldigitaldeasturias.com\/noticias\/wp-json\/wp\/v2\/comments?post=1037154"}],"version-history":[{"count":0,"href":"https:\/\/www.eldigitaldeasturias.com\/noticias\/wp-json\/wp\/v2\/posts\/1037154\/revisions"}],"wp:featuredmedia":[{"embeddable":true,"href":"https:\/\/www.eldigitaldeasturias.com\/noticias\/wp-json\/wp\/v2\/media\/801268"}],"wp:attachment":[{"href":"https:\/\/www.eldigitaldeasturias.com\/noticias\/wp-json\/wp\/v2\/media?parent=1037154"}],"wp:term":[{"taxonomy":"category","embeddable":true,"href":"https:\/\/www.eldigitaldeasturias.com\/noticias\/wp-json\/wp\/v2\/categories?post=1037154"},{"taxonomy":"post_tag","embeddable":true,"href":"https:\/\/www.eldigitaldeasturias.com\/noticias\/wp-json\/wp\/v2\/tags?post=1037154"}],"curies":[{"name":"wp","href":"https:\/\/api.w.org\/{rel}","templated":true}]}}