{"id":1037146,"date":"2019-08-07T17:13:51","date_gmt":"2019-08-07T17:13:51","guid":{"rendered":"https:\/\/www.eldigitaldeasturias.com\/noticias\/?p=1037146"},"modified":"2019-08-07T17:13:51","modified_gmt":"2019-08-07T17:13:51","slug":"de-ruta-por-oviedo-que-ver-y-hacer","status":"publish","type":"post","link":"https:\/\/www.eldigitaldeasturias.com\/noticias\/de-ruta-por-oviedo-que-ver-y-hacer\/","title":{"rendered":"De ruta por Oviedo: \u00bfQu\u00e9 ver y hacer?"},"content":{"rendered":"<p><img loading=\"lazy\" decoding=\"async\" class=\"alignleft size-medium wp-image-1037147\" src=\"https:\/\/www.eldigitaldeasturias.com\/noticias\/wp-content\/uploads\/2019\/08\/catedral-oviedo-360x240.jpg\" alt=\"\" width=\"360\" height=\"240\" srcset=\"https:\/\/www.eldigitaldeasturias.com\/noticias\/wp-content\/uploads\/2019\/08\/catedral-oviedo-360x240.jpg 360w, https:\/\/www.eldigitaldeasturias.com\/noticias\/wp-content\/uploads\/2019\/08\/catedral-oviedo-768x512.jpg 768w, https:\/\/www.eldigitaldeasturias.com\/noticias\/wp-content\/uploads\/2019\/08\/catedral-oviedo-650x433.jpg 650w, https:\/\/www.eldigitaldeasturias.com\/noticias\/wp-content\/uploads\/2019\/08\/catedral-oviedo-675x450.jpg 675w, https:\/\/www.eldigitaldeasturias.com\/noticias\/wp-content\/uploads\/2019\/08\/catedral-oviedo.jpg 960w\" sizes=\"auto, (max-width: 360px) 100vw, 360px\" \/>La capital de Asturias es uno de los lugares m\u00e1s hermosos para conocer dentro de Espa\u00f1a. Reconocida mundialmente por su impresionante casco antiguo medieval, donde se encuentra la catedral de Oviedo, de estilo g\u00f3tico, que se caracteriza por su C\u00e1mara Santa, que data del siglo IX y tantas otros lugares de gran relevancia tur\u00edstica y cultural.<\/p>\n<p>A continuaci\u00f3n, te mencionaremos algunos de los lugares que no debes dejar de visitar en Oviedo por nada del mundo si tienes el tiempo limitado. As\u00ed que toma nota de la siguiente lista:<\/p>\n<p><strong>Visitar la Plaza del Font\u00e1n<\/strong><\/p>\n<p>La plaza del Font\u00e1n siempre ha sido un lugar especial para Oviedo, y tambi\u00e9n un punto neur\u00e1lgico de la ciudad. Hace siglos all\u00ed hab\u00eda una laguna natural nutrida por manantiales y fuentes &#8211; de ah\u00ed el nombre de esta plaza -, pero muy pronto se convirti\u00f3 en el lugar de recreo de los nobles ovetenses. Esta circunstancia hizo que los campesinos de la zona acudiesen al lugar a vender sus productos &#8211; leche, verduras, quesos, gallinas, etc. -. Y fue as\u00ed como surgi\u00f3 uno de los mercados m\u00e1s antiguos que recuerda la memoria asturiana.<\/p>\n<p><strong>El Casco Hist\u00f3rico<\/strong><\/p>\n<p>Otro de los lugares de mayor significado tur\u00edstico es el casco hist\u00f3rico de Oviedo. Una vuelta por la ciudad antigua es un mano a mano con la historia. Entre las estrechas y sinuosas calles del \u201cAntiguo\u201d muchos siglos de historia nos contemplan.<\/p>\n<p>All\u00ed se encuentra la famosa Catedral de Oviedo de estilo g\u00f3tico, que te dejar\u00e1 con la boca abierta. Por ello, esta visita debe ser una parada obligatoria.<\/p>\n<p><strong>El Museo de Bellas Artes de Asturias<\/strong><\/p>\n<p>El Museo de Bellas Artes, emplazado en pleno casco hist\u00f3rico, y con una parte de su fachada asomada a la plaza de la Catedral es arte en s\u00ed mismo.<\/p>\n<p>Este museo es una mezcla de arquitectura cl\u00e1sica y contempor\u00e1nea que expone actualmente 782 obras, que constituyen un recorrido por la historia del arte desde el siglo XIV al siglo XXI.<\/p>\n<p>As\u00ed que, si visitas Oviedo por poco tiempo, estos tres sitios que te mencionamos anteriormente son los lugares de mayor relevancia dentro de la capital de Asturias. No puedes perd\u00e9rtelos.<\/p>\n<p><strong><em>Por Soraya Andreina P\u00e9rez Mohammed<\/em> <\/strong><\/p>\n","protected":false},"excerpt":{"rendered":"<p>La capital de Asturias es uno de los lugares m\u00e1s hermosos para conocer dentro de Espa\u00f1a. Reconocida mundialmente por su impresionante casco antiguo medieval, donde se encuentra la catedral de Oviedo, de estilo g\u00f3tico, que se caracteriza por su C\u00e1mara Santa, que data del siglo IX y tantas otros lugares de gran relevancia tur\u00edstica y [&hellip;]<\/p>\n","protected":false},"author":1,"featured_media":1037147,"comment_status":"closed","ping_status":"closed","sticky":false,"template":"","format":"standard","meta":{"footnotes":""},"categories":[148],"tags":[],"class_list":["post-1037146","post","type-post","status-publish","format-standard","has-post-thumbnail","hentry","category-turismo"],"aioseo_notices":[],"aioseo_head":"\n\t\t<!-- All in One SEO Pro 4.9.6.2 - aioseo.com -->\n\t<meta name=\"description\" content=\"La capital de Asturias es uno de los lugares m\u00e1s hermosos para conocer dentro de Espa\u00f1a. Reconocida mundialmente por su impresionante casco antiguo medieval, donde se encuentra la catedral de Oviedo, de estilo g\u00f3tico, que se caracteriza por su C\u00e1mara Santa, que data del siglo IX y tantas otros lugares de gran relevancia tur\u00edstica y\" \/>\n\t<meta name=\"robots\" content=\"max-image-preview:large\" \/>\n\t<meta name=\"author\" content=\"El Digital de Asturias\"\/>\n\t<meta name=\"google-site-verification\" content=\"UA-38556648-1\" \/>\n\t<meta name=\"msvalidate.01\" content=\"7dfe9f3f1b24437ab69f4f2559babe99\" \/>\n\t<meta name=\"keywords\" content=\"turismo\" \/>\n\t<link rel=\"canonical\" href=\"https:\/\/www.eldigitaldeasturias.com\/noticias\/de-ruta-por-oviedo-que-ver-y-hacer\/\" \/>\n\t<meta name=\"generator\" content=\"All in One SEO Pro (AIOSEO) 4.9.6.2\" \/>\n\t\t<meta property=\"og:locale\" content=\"es_ES\" \/>\n\t\t<meta property=\"og:site_name\" content=\"El Digital de Asturias\" \/>\n\t\t<meta property=\"og:type\" content=\"article\" \/>\n\t\t<meta property=\"og:title\" content=\"De ruta por Oviedo: \u00bfQu\u00e9 ver y hacer? - El Digital de Asturias\" \/>\n\t\t<meta property=\"og:description\" content=\"La capital de Asturias es uno de los lugares m\u00e1s hermosos para conocer dentro de Espa\u00f1a. Reconocida mundialmente por su impresionante casco antiguo medieval, donde se encuentra la catedral de Oviedo, de estilo g\u00f3tico, que se caracteriza por su C\u00e1mara Santa, que data del siglo IX y tantas otros lugares de gran relevancia tur\u00edstica y\" \/>\n\t\t<meta property=\"og:url\" content=\"https:\/\/www.eldigitaldeasturias.com\/noticias\/de-ruta-por-oviedo-que-ver-y-hacer\/\" \/>\n\t\t<meta property=\"og:image\" content=\"https:\/\/www.eldigitaldeasturias.com\/noticias\/wp-content\/uploads\/2019\/08\/catedral-oviedo.jpg\" \/>\n\t\t<meta property=\"og:image:secure_url\" content=\"https:\/\/www.eldigitaldeasturias.com\/noticias\/wp-content\/uploads\/2019\/08\/catedral-oviedo.jpg\" \/>\n\t\t<meta property=\"og:image:width\" content=\"960\" \/>\n\t\t<meta property=\"og:image:height\" content=\"640\" \/>\n\t\t<meta property=\"article:tag\" content=\"turismo\" \/>\n\t\t<meta property=\"article:published_time\" content=\"2019-08-07T17:13:51+00:00\" \/>\n\t\t<meta property=\"article:modified_time\" content=\"2019-08-07T17:13:51+00:00\" \/>\n\t\t<meta property=\"article:publisher\" content=\"https:\/\/facebook.com\/eldigitaldeasturias\" \/>\n\t\t<meta name=\"twitter:card\" content=\"summary_large_image\" \/>\n\t\t<meta name=\"twitter:title\" content=\"De ruta por Oviedo: \u00bfQu\u00e9 ver y hacer? - El Digital de Asturias\" \/>\n\t\t<meta name=\"twitter:description\" content=\"La capital de Asturias es uno de los lugares m\u00e1s hermosos para conocer dentro de Espa\u00f1a. Reconocida mundialmente por su impresionante casco antiguo medieval, donde se encuentra la catedral de Oviedo, de estilo g\u00f3tico, que se caracteriza por su C\u00e1mara Santa, que data del siglo IX y tantas otros lugares de gran relevancia tur\u00edstica y\" \/>\n\t\t<meta name=\"twitter:image\" content=\"https:\/\/www.eldigitaldeasturias.com\/noticias\/wp-content\/uploads\/2019\/08\/catedral-oviedo.jpg\" \/>\n\t\t<meta name=\"twitter:label1\" content=\"Escrito por\" \/>\n\t\t<meta name=\"twitter:data1\" content=\"El Digital de Asturias\" \/>\n\t\t<meta name=\"twitter:label2\" content=\"Tiempo de lectura estimado\" \/>\n\t\t<meta name=\"twitter:data2\" content=\"2 minutos\" \/>\n\t\t<script type=\"application\/ld+json\" class=\"aioseo-schema\">\n\t\t\t{\"@context\":\"https:\\\/\\\/schema.org\",\"@graph\":[{\"@type\":\"BlogPosting\",\"@id\":\"https:\\\/\\\/www.eldigitaldeasturias.com\\\/noticias\\\/de-ruta-por-oviedo-que-ver-y-hacer\\\/#blogposting\",\"name\":\"De ruta por Oviedo: \\u00bfQu\\u00e9 ver y hacer? - El Digital de Asturias\",\"headline\":\"De ruta por Oviedo: \\u00bfQu\\u00e9 ver y hacer?\",\"author\":{\"@id\":\"https:\\\/\\\/www.eldigitaldeasturias.com\\\/noticias\\\/author\\\/admin\\\/#author\"},\"publisher\":{\"@id\":\"https:\\\/\\\/www.eldigitaldeasturias.com\\\/noticias\\\/#organization\"},\"image\":{\"@type\":\"ImageObject\",\"url\":\"https:\\\/\\\/www.eldigitaldeasturias.com\\\/noticias\\\/wp-content\\\/uploads\\\/2019\\\/08\\\/catedral-oviedo.jpg\",\"width\":960,\"height\":640},\"datePublished\":\"2019-08-07T17:13:51+02:00\",\"dateModified\":\"2019-08-07T17:13:51+02:00\",\"inLanguage\":\"es-ES\",\"mainEntityOfPage\":{\"@id\":\"https:\\\/\\\/www.eldigitaldeasturias.com\\\/noticias\\\/de-ruta-por-oviedo-que-ver-y-hacer\\\/#webpage\"},\"isPartOf\":{\"@id\":\"https:\\\/\\\/www.eldigitaldeasturias.com\\\/noticias\\\/de-ruta-por-oviedo-que-ver-y-hacer\\\/#webpage\"},\"articleSection\":\"Turismo\"},{\"@type\":\"BreadcrumbList\",\"@id\":\"https:\\\/\\\/www.eldigitaldeasturias.com\\\/noticias\\\/de-ruta-por-oviedo-que-ver-y-hacer\\\/#breadcrumblist\",\"itemListElement\":[{\"@type\":\"ListItem\",\"@id\":\"https:\\\/\\\/www.eldigitaldeasturias.com\\\/noticias#listItem\",\"position\":1,\"name\":\"Home\",\"item\":\"https:\\\/\\\/www.eldigitaldeasturias.com\\\/noticias\",\"nextItem\":{\"@type\":\"ListItem\",\"@id\":\"https:\\\/\\\/www.eldigitaldeasturias.com\\\/noticias\\\/category\\\/turismo\\\/#listItem\",\"name\":\"Turismo\"}},{\"@type\":\"ListItem\",\"@id\":\"https:\\\/\\\/www.eldigitaldeasturias.com\\\/noticias\\\/category\\\/turismo\\\/#listItem\",\"position\":2,\"name\":\"Turismo\",\"item\":\"https:\\\/\\\/www.eldigitaldeasturias.com\\\/noticias\\\/category\\\/turismo\\\/\",\"nextItem\":{\"@type\":\"ListItem\",\"@id\":\"https:\\\/\\\/www.eldigitaldeasturias.com\\\/noticias\\\/de-ruta-por-oviedo-que-ver-y-hacer\\\/#listItem\",\"name\":\"De ruta por Oviedo: \\u00bfQu\\u00e9 ver y hacer?\"},\"previousItem\":{\"@type\":\"ListItem\",\"@id\":\"https:\\\/\\\/www.eldigitaldeasturias.com\\\/noticias#listItem\",\"name\":\"Home\"}},{\"@type\":\"ListItem\",\"@id\":\"https:\\\/\\\/www.eldigitaldeasturias.com\\\/noticias\\\/de-ruta-por-oviedo-que-ver-y-hacer\\\/#listItem\",\"position\":3,\"name\":\"De ruta por Oviedo: \\u00bfQu\\u00e9 ver y hacer?\",\"previousItem\":{\"@type\":\"ListItem\",\"@id\":\"https:\\\/\\\/www.eldigitaldeasturias.com\\\/noticias\\\/category\\\/turismo\\\/#listItem\",\"name\":\"Turismo\"}}]},{\"@type\":\"Organization\",\"@id\":\"https:\\\/\\\/www.eldigitaldeasturias.com\\\/noticias\\\/#organization\",\"name\":\"El Digital de Asturias\",\"description\":\"Hemeroteca\",\"url\":\"https:\\\/\\\/www.eldigitaldeasturias.com\\\/noticias\\\/\",\"email\":\"info@eldigitaldeasturias.com\",\"telephone\":\"+34652131393\",\"logo\":{\"@type\":\"ImageObject\",\"url\":\"https:\\\/\\\/www.eldigitaldeasturias.com\\\/noticias\\\/wp-content\\\/uploads\\\/2020\\\/12\\\/EDA.jpg\",\"@id\":\"https:\\\/\\\/www.eldigitaldeasturias.com\\\/noticias\\\/de-ruta-por-oviedo-que-ver-y-hacer\\\/#organizationLogo\",\"width\":649,\"height\":297},\"image\":{\"@id\":\"https:\\\/\\\/www.eldigitaldeasturias.com\\\/noticias\\\/de-ruta-por-oviedo-que-ver-y-hacer\\\/#organizationLogo\"},\"sameAs\":[\"https:\\\/\\\/facebook.com\\\/eldigitaldeasturias\",\"https:\\\/\\\/www.youtube.com\\\/channel\\\/UCZP-2wLEB9Rv6erhFmqVnvg\"],\"address\":{\"@id\":\"https:\\\/\\\/www.eldigitaldeasturias.com\\\/noticias\\\/#postaladdress\",\"@type\":\"PostalAddress\",\"streetAddress\":\"san antonio 4,\",\"postalCode\":\"33430\",\"addressLocality\":\"Cand\\u00e1s\",\"addressRegion\":\"Asturias\",\"addressCountry\":\"ES\"}},{\"@type\":\"Person\",\"@id\":\"https:\\\/\\\/www.eldigitaldeasturias.com\\\/noticias\\\/author\\\/admin\\\/#author\",\"url\":\"https:\\\/\\\/www.eldigitaldeasturias.com\\\/noticias\\\/author\\\/admin\\\/\",\"name\":\"El Digital de Asturias\",\"image\":{\"@type\":\"ImageObject\",\"@id\":\"https:\\\/\\\/www.eldigitaldeasturias.com\\\/noticias\\\/de-ruta-por-oviedo-que-ver-y-hacer\\\/#authorImage\",\"url\":\"https:\\\/\\\/www.eldigitaldeasturias.com\\\/noticias\\\/wp-content\\\/litespeed\\\/avatar\\\/18677e78aa0546b92d9dbf31ec7d7668.jpg?ver=1777290358\",\"width\":96,\"height\":96,\"caption\":\"El Digital de Asturias\"}},{\"@type\":\"WebPage\",\"@id\":\"https:\\\/\\\/www.eldigitaldeasturias.com\\\/noticias\\\/de-ruta-por-oviedo-que-ver-y-hacer\\\/#webpage\",\"url\":\"https:\\\/\\\/www.eldigitaldeasturias.com\\\/noticias\\\/de-ruta-por-oviedo-que-ver-y-hacer\\\/\",\"name\":\"De ruta por Oviedo: \\u00bfQu\\u00e9 ver y hacer? - El Digital de Asturias\",\"description\":\"La capital de Asturias es uno de los lugares m\\u00e1s hermosos para conocer dentro de Espa\\u00f1a. Reconocida mundialmente por su impresionante casco antiguo medieval, donde se encuentra la catedral de Oviedo, de estilo g\\u00f3tico, que se caracteriza por su C\\u00e1mara Santa, que data del siglo IX y tantas otros lugares de gran relevancia tur\\u00edstica y\",\"inLanguage\":\"es-ES\",\"isPartOf\":{\"@id\":\"https:\\\/\\\/www.eldigitaldeasturias.com\\\/noticias\\\/#website\"},\"breadcrumb\":{\"@id\":\"https:\\\/\\\/www.eldigitaldeasturias.com\\\/noticias\\\/de-ruta-por-oviedo-que-ver-y-hacer\\\/#breadcrumblist\"},\"author\":{\"@id\":\"https:\\\/\\\/www.eldigitaldeasturias.com\\\/noticias\\\/author\\\/admin\\\/#author\"},\"creator\":{\"@id\":\"https:\\\/\\\/www.eldigitaldeasturias.com\\\/noticias\\\/author\\\/admin\\\/#author\"},\"image\":{\"@type\":\"ImageObject\",\"url\":\"https:\\\/\\\/www.eldigitaldeasturias.com\\\/noticias\\\/wp-content\\\/uploads\\\/2019\\\/08\\\/catedral-oviedo.jpg\",\"@id\":\"https:\\\/\\\/www.eldigitaldeasturias.com\\\/noticias\\\/de-ruta-por-oviedo-que-ver-y-hacer\\\/#mainImage\",\"width\":960,\"height\":640},\"primaryImageOfPage\":{\"@id\":\"https:\\\/\\\/www.eldigitaldeasturias.com\\\/noticias\\\/de-ruta-por-oviedo-que-ver-y-hacer\\\/#mainImage\"},\"datePublished\":\"2019-08-07T17:13:51+02:00\",\"dateModified\":\"2019-08-07T17:13:51+02:00\"},{\"@type\":\"WebSite\",\"@id\":\"https:\\\/\\\/www.eldigitaldeasturias.com\\\/noticias\\\/#website\",\"url\":\"https:\\\/\\\/www.eldigitaldeasturias.com\\\/noticias\\\/\",\"name\":\"El Digital de Asturias - Diario de actualidad y noticias\",\"alternateName\":\"El Digital de Asturias - Diario de actualidad y noticias\",\"description\":\"Hemeroteca\",\"inLanguage\":\"es-ES\",\"publisher\":{\"@id\":\"https:\\\/\\\/www.eldigitaldeasturias.com\\\/noticias\\\/#organization\"}}]}\n\t\t<\/script>\n\t\t<!-- All in One SEO Pro -->\r\n\t\t<title>De ruta por Oviedo: \u00bfQu\u00e9 ver y hacer? - El Digital de Asturias<\/title>\n\n","aioseo_head_json":{"title":"De ruta por Oviedo: \u00bfQu\u00e9 ver y hacer? - El Digital de Asturias","description":"La capital de Asturias es uno de los lugares m\u00e1s hermosos para conocer dentro de Espa\u00f1a. Reconocida mundialmente por su impresionante casco antiguo medieval, donde se encuentra la catedral de Oviedo, de estilo g\u00f3tico, que se caracteriza por su C\u00e1mara Santa, que data del siglo IX y tantas otros lugares de gran relevancia tur\u00edstica y","canonical_url":"https:\/\/www.eldigitaldeasturias.com\/noticias\/de-ruta-por-oviedo-que-ver-y-hacer\/","robots":"max-image-preview:large","keywords":"turismo","webmasterTools":{"google-site-verification":"UA-38556648-1","msvalidate.01":"7dfe9f3f1b24437ab69f4f2559babe99","miscellaneous":""},"schema":{"@context":"https:\/\/schema.org","@graph":[{"@type":"BlogPosting","@id":"https:\/\/www.eldigitaldeasturias.com\/noticias\/de-ruta-por-oviedo-que-ver-y-hacer\/#blogposting","name":"De ruta por Oviedo: \u00bfQu\u00e9 ver y hacer? - El Digital de Asturias","headline":"De ruta por Oviedo: \u00bfQu\u00e9 ver y hacer?","author":{"@id":"https:\/\/www.eldigitaldeasturias.com\/noticias\/author\/admin\/#author"},"publisher":{"@id":"https:\/\/www.eldigitaldeasturias.com\/noticias\/#organization"},"image":{"@type":"ImageObject","url":"https:\/\/www.eldigitaldeasturias.com\/noticias\/wp-content\/uploads\/2019\/08\/catedral-oviedo.jpg","width":960,"height":640},"datePublished":"2019-08-07T17:13:51+02:00","dateModified":"2019-08-07T17:13:51+02:00","inLanguage":"es-ES","mainEntityOfPage":{"@id":"https:\/\/www.eldigitaldeasturias.com\/noticias\/de-ruta-por-oviedo-que-ver-y-hacer\/#webpage"},"isPartOf":{"@id":"https:\/\/www.eldigitaldeasturias.com\/noticias\/de-ruta-por-oviedo-que-ver-y-hacer\/#webpage"},"articleSection":"Turismo"},{"@type":"BreadcrumbList","@id":"https:\/\/www.eldigitaldeasturias.com\/noticias\/de-ruta-por-oviedo-que-ver-y-hacer\/#breadcrumblist","itemListElement":[{"@type":"ListItem","@id":"https:\/\/www.eldigitaldeasturias.com\/noticias#listItem","position":1,"name":"Home","item":"https:\/\/www.eldigitaldeasturias.com\/noticias","nextItem":{"@type":"ListItem","@id":"https:\/\/www.eldigitaldeasturias.com\/noticias\/category\/turismo\/#listItem","name":"Turismo"}},{"@type":"ListItem","@id":"https:\/\/www.eldigitaldeasturias.com\/noticias\/category\/turismo\/#listItem","position":2,"name":"Turismo","item":"https:\/\/www.eldigitaldeasturias.com\/noticias\/category\/turismo\/","nextItem":{"@type":"ListItem","@id":"https:\/\/www.eldigitaldeasturias.com\/noticias\/de-ruta-por-oviedo-que-ver-y-hacer\/#listItem","name":"De ruta por Oviedo: \u00bfQu\u00e9 ver y hacer?"},"previousItem":{"@type":"ListItem","@id":"https:\/\/www.eldigitaldeasturias.com\/noticias#listItem","name":"Home"}},{"@type":"ListItem","@id":"https:\/\/www.eldigitaldeasturias.com\/noticias\/de-ruta-por-oviedo-que-ver-y-hacer\/#listItem","position":3,"name":"De ruta por Oviedo: \u00bfQu\u00e9 ver y hacer?","previousItem":{"@type":"ListItem","@id":"https:\/\/www.eldigitaldeasturias.com\/noticias\/category\/turismo\/#listItem","name":"Turismo"}}]},{"@type":"Organization","@id":"https:\/\/www.eldigitaldeasturias.com\/noticias\/#organization","name":"El Digital de Asturias","description":"Hemeroteca","url":"https:\/\/www.eldigitaldeasturias.com\/noticias\/","email":"info@eldigitaldeasturias.com","telephone":"+34652131393","logo":{"@type":"ImageObject","url":"https:\/\/www.eldigitaldeasturias.com\/noticias\/wp-content\/uploads\/2020\/12\/EDA.jpg","@id":"https:\/\/www.eldigitaldeasturias.com\/noticias\/de-ruta-por-oviedo-que-ver-y-hacer\/#organizationLogo","width":649,"height":297},"image":{"@id":"https:\/\/www.eldigitaldeasturias.com\/noticias\/de-ruta-por-oviedo-que-ver-y-hacer\/#organizationLogo"},"sameAs":["https:\/\/facebook.com\/eldigitaldeasturias","https:\/\/www.youtube.com\/channel\/UCZP-2wLEB9Rv6erhFmqVnvg"],"address":{"@id":"https:\/\/www.eldigitaldeasturias.com\/noticias\/#postaladdress","@type":"PostalAddress","streetAddress":"san antonio 4,","postalCode":"33430","addressLocality":"Cand\u00e1s","addressRegion":"Asturias","addressCountry":"ES"}},{"@type":"Person","@id":"https:\/\/www.eldigitaldeasturias.com\/noticias\/author\/admin\/#author","url":"https:\/\/www.eldigitaldeasturias.com\/noticias\/author\/admin\/","name":"El Digital de Asturias","image":{"@type":"ImageObject","@id":"https:\/\/www.eldigitaldeasturias.com\/noticias\/de-ruta-por-oviedo-que-ver-y-hacer\/#authorImage","url":"https:\/\/www.eldigitaldeasturias.com\/noticias\/wp-content\/litespeed\/avatar\/18677e78aa0546b92d9dbf31ec7d7668.jpg?ver=1777290358","width":96,"height":96,"caption":"El Digital de Asturias"}},{"@type":"WebPage","@id":"https:\/\/www.eldigitaldeasturias.com\/noticias\/de-ruta-por-oviedo-que-ver-y-hacer\/#webpage","url":"https:\/\/www.eldigitaldeasturias.com\/noticias\/de-ruta-por-oviedo-que-ver-y-hacer\/","name":"De ruta por Oviedo: \u00bfQu\u00e9 ver y hacer? - El Digital de Asturias","description":"La capital de Asturias es uno de los lugares m\u00e1s hermosos para conocer dentro de Espa\u00f1a. Reconocida mundialmente por su impresionante casco antiguo medieval, donde se encuentra la catedral de Oviedo, de estilo g\u00f3tico, que se caracteriza por su C\u00e1mara Santa, que data del siglo IX y tantas otros lugares de gran relevancia tur\u00edstica y","inLanguage":"es-ES","isPartOf":{"@id":"https:\/\/www.eldigitaldeasturias.com\/noticias\/#website"},"breadcrumb":{"@id":"https:\/\/www.eldigitaldeasturias.com\/noticias\/de-ruta-por-oviedo-que-ver-y-hacer\/#breadcrumblist"},"author":{"@id":"https:\/\/www.eldigitaldeasturias.com\/noticias\/author\/admin\/#author"},"creator":{"@id":"https:\/\/www.eldigitaldeasturias.com\/noticias\/author\/admin\/#author"},"image":{"@type":"ImageObject","url":"https:\/\/www.eldigitaldeasturias.com\/noticias\/wp-content\/uploads\/2019\/08\/catedral-oviedo.jpg","@id":"https:\/\/www.eldigitaldeasturias.com\/noticias\/de-ruta-por-oviedo-que-ver-y-hacer\/#mainImage","width":960,"height":640},"primaryImageOfPage":{"@id":"https:\/\/www.eldigitaldeasturias.com\/noticias\/de-ruta-por-oviedo-que-ver-y-hacer\/#mainImage"},"datePublished":"2019-08-07T17:13:51+02:00","dateModified":"2019-08-07T17:13:51+02:00"},{"@type":"WebSite","@id":"https:\/\/www.eldigitaldeasturias.com\/noticias\/#website","url":"https:\/\/www.eldigitaldeasturias.com\/noticias\/","name":"El Digital de Asturias - Diario de actualidad y noticias","alternateName":"El Digital de Asturias - Diario de actualidad y noticias","description":"Hemeroteca","inLanguage":"es-ES","publisher":{"@id":"https:\/\/www.eldigitaldeasturias.com\/noticias\/#organization"}}]},"og:locale":"es_ES","og:site_name":"El Digital de Asturias","og:type":"article","og:title":"De ruta por Oviedo: \u00bfQu\u00e9 ver y hacer? - El Digital de Asturias","og:description":"La capital de Asturias es uno de los lugares m\u00e1s hermosos para conocer dentro de Espa\u00f1a. Reconocida mundialmente por su impresionante casco antiguo medieval, donde se encuentra la catedral de Oviedo, de estilo g\u00f3tico, que se caracteriza por su C\u00e1mara Santa, que data del siglo IX y tantas otros lugares de gran relevancia tur\u00edstica y","og:url":"https:\/\/www.eldigitaldeasturias.com\/noticias\/de-ruta-por-oviedo-que-ver-y-hacer\/","og:image":"https:\/\/www.eldigitaldeasturias.com\/noticias\/wp-content\/uploads\/2019\/08\/catedral-oviedo.jpg","og:image:secure_url":"https:\/\/www.eldigitaldeasturias.com\/noticias\/wp-content\/uploads\/2019\/08\/catedral-oviedo.jpg","og:image:width":960,"og:image:height":640,"article:tag":["turismo"],"article:published_time":"2019-08-07T17:13:51+00:00","article:modified_time":"2019-08-07T17:13:51+00:00","article:publisher":"https:\/\/facebook.com\/eldigitaldeasturias","twitter:card":"summary_large_image","twitter:title":"De ruta por Oviedo: \u00bfQu\u00e9 ver y hacer? - El Digital de Asturias","twitter:description":"La capital de Asturias es uno de los lugares m\u00e1s hermosos para conocer dentro de Espa\u00f1a. Reconocida mundialmente por su impresionante casco antiguo medieval, donde se encuentra la catedral de Oviedo, de estilo g\u00f3tico, que se caracteriza por su C\u00e1mara Santa, que data del siglo IX y tantas otros lugares de gran relevancia tur\u00edstica y","twitter:image":"https:\/\/www.eldigitaldeasturias.com\/noticias\/wp-content\/uploads\/2019\/08\/catedral-oviedo.jpg","twitter:label1":"Escrito por","twitter:data1":"El Digital de Asturias","twitter:label2":"Tiempo de lectura estimado","twitter:data2":"2 minutos"},"aioseo_meta_data":{"post_id":"1037146","title":null,"description":null,"keywords":null,"keyphrases":null,"primary_term":null,"canonical_url":null,"og_title":null,"og_description":null,"og_object_type":"default","og_image_type":"default","og_image_url":null,"og_image_width":null,"og_image_height":null,"og_image_custom_url":null,"og_image_custom_fields":null,"og_video":null,"og_custom_url":null,"og_article_section":null,"og_article_tags":null,"twitter_use_og":false,"twitter_card":"default","twitter_image_type":"default","twitter_image_url":null,"twitter_image_custom_url":null,"twitter_image_custom_fields":null,"twitter_title":null,"twitter_description":null,"schema":{"blockGraphs":[],"customGraphs":[],"default":{"data":{"Article":[],"Course":[],"Dataset":[],"FAQPage":[],"Movie":[],"Person":[],"Product":[],"ProductReview":[],"Car":[],"Recipe":[],"Service":[],"SoftwareApplication":[],"WebPage":[]},"graphName":"","isEnabled":true},"graphs":[],"defaultGraph":"","defaultPostTypeGraph":""},"schema_type":null,"schema_type_options":null,"pillar_content":false,"robots_default":true,"robots_noindex":false,"robots_noarchive":false,"robots_nosnippet":false,"robots_nofollow":false,"robots_noimageindex":false,"robots_noodp":false,"robots_notranslate":false,"robots_max_snippet":null,"robots_max_videopreview":null,"robots_max_imagepreview":"large","priority":null,"frequency":null,"local_seo":null,"seo_analyzer_scan_date":"2025-10-22 16:44:08","breadcrumb_settings":null,"limit_modified_date":false,"open_ai":null,"ai":null,"created":"2020-12-21 11:07:07","updated":"2025-10-22 16:44:08"},"aioseo_breadcrumb":"<div class=\"aioseo-breadcrumbs\"><span class=\"aioseo-breadcrumb\">\n\t<a href=\"https:\/\/www.eldigitaldeasturias.com\/noticias\" title=\"Home\">Home<\/a>\n<\/span><span class=\"aioseo-breadcrumb-separator\">\u2013<\/span><span class=\"aioseo-breadcrumb\">\n\t<a href=\"https:\/\/www.eldigitaldeasturias.com\/noticias\/category\/turismo\/\" title=\"Turismo\">Turismo<\/a>\n<\/span><span class=\"aioseo-breadcrumb-separator\">\u2013<\/span><span class=\"aioseo-breadcrumb\">\n\t<a href=\"https:\/\/www.eldigitaldeasturias.com\/noticias\/de-ruta-por-oviedo-que-ver-y-hacer\/\" title=\"De ruta por Oviedo: \u00bfQu\u00e9 ver y hacer?\">De ruta por Oviedo: \u00bfQu\u00e9 ver y hacer?<\/a>\n<\/span><\/div>","aioseo_breadcrumb_json":[{"label":"Home","link":"https:\/\/www.eldigitaldeasturias.com\/noticias"},{"label":"Turismo","link":"https:\/\/www.eldigitaldeasturias.com\/noticias\/category\/turismo\/"},{"label":"De ruta por Oviedo: \u00bfQu\u00e9 ver y hacer?","link":"https:\/\/www.eldigitaldeasturias.com\/noticias\/de-ruta-por-oviedo-que-ver-y-hacer\/"}],"_links":{"self":[{"href":"https:\/\/www.eldigitaldeasturias.com\/noticias\/wp-json\/wp\/v2\/posts\/1037146","targetHints":{"allow":["GET"]}}],"collection":[{"href":"https:\/\/www.eldigitaldeasturias.com\/noticias\/wp-json\/wp\/v2\/posts"}],"about":[{"href":"https:\/\/www.eldigitaldeasturias.com\/noticias\/wp-json\/wp\/v2\/types\/post"}],"author":[{"embeddable":true,"href":"https:\/\/www.eldigitaldeasturias.com\/noticias\/wp-json\/wp\/v2\/users\/1"}],"replies":[{"embeddable":true,"href":"https:\/\/www.eldigitaldeasturias.com\/noticias\/wp-json\/wp\/v2\/comments?post=1037146"}],"version-history":[{"count":0,"href":"https:\/\/www.eldigitaldeasturias.com\/noticias\/wp-json\/wp\/v2\/posts\/1037146\/revisions"}],"wp:featuredmedia":[{"embeddable":true,"href":"https:\/\/www.eldigitaldeasturias.com\/noticias\/wp-json\/wp\/v2\/media\/1037147"}],"wp:attachment":[{"href":"https:\/\/www.eldigitaldeasturias.com\/noticias\/wp-json\/wp\/v2\/media?parent=1037146"}],"wp:term":[{"taxonomy":"category","embeddable":true,"href":"https:\/\/www.eldigitaldeasturias.com\/noticias\/wp-json\/wp\/v2\/categories?post=1037146"},{"taxonomy":"post_tag","embeddable":true,"href":"https:\/\/www.eldigitaldeasturias.com\/noticias\/wp-json\/wp\/v2\/tags?post=1037146"}],"curies":[{"name":"wp","href":"https:\/\/api.w.org\/{rel}","templated":true}]}}