{"id":1037139,"date":"2019-08-07T17:00:26","date_gmt":"2019-08-07T17:00:26","guid":{"rendered":"https:\/\/www.eldigitaldeasturias.com\/noticias\/?p=1037139"},"modified":"2019-08-07T17:00:26","modified_gmt":"2019-08-07T17:00:26","slug":"turismo-en-verano-tres-viajes-exclusivos","status":"publish","type":"post","link":"https:\/\/www.eldigitaldeasturias.com\/noticias\/turismo-en-verano-tres-viajes-exclusivos\/","title":{"rendered":"Turismo en verano: Tres viajes exclusivos"},"content":{"rendered":"<p><img loading=\"lazy\" decoding=\"async\" class=\"alignleft size-medium wp-image-1037140\" src=\"https:\/\/www.eldigitaldeasturias.com\/noticias\/wp-content\/uploads\/2019\/08\/BORA-BORA-360x240.jpg\" alt=\"\" width=\"360\" height=\"240\" srcset=\"https:\/\/www.eldigitaldeasturias.com\/noticias\/wp-content\/uploads\/2019\/08\/BORA-BORA-360x240.jpg 360w, https:\/\/www.eldigitaldeasturias.com\/noticias\/wp-content\/uploads\/2019\/08\/BORA-BORA-768x512.jpg 768w, https:\/\/www.eldigitaldeasturias.com\/noticias\/wp-content\/uploads\/2019\/08\/BORA-BORA-650x433.jpg 650w, https:\/\/www.eldigitaldeasturias.com\/noticias\/wp-content\/uploads\/2019\/08\/BORA-BORA-675x450.jpg 675w, https:\/\/www.eldigitaldeasturias.com\/noticias\/wp-content\/uploads\/2019\/08\/BORA-BORA.jpg 960w\" sizes=\"auto, (max-width: 360px) 100vw, 360px\" \/>A todos nos encanta viajar. Sin embargo, la \u00fanica raz\u00f3n por la que las personas no viajan m\u00e1s de lo que les gustar\u00eda es o por falta de dinero o por falta de tiempo. Y cuando se trata de falta de dinero, el no poder emprender un viaje, es incluso m\u00e1s frustrante.<\/p>\n<p>No obstante, tambi\u00e9n es verdad que viajar es m\u00e1s o menos costoso dependiendo del destino que escojamos conocer. As\u00ed que, si est\u00e1s pensando realizar un viaje en estas vacaciones de verano, a continuaci\u00f3n, te mencionaremos tres lugares que son extremadamente costosos si vas con un presupuesto muy limitado.<\/p>\n<p><strong>Par\u00eds<\/strong><\/p>\n<p>La capital de Francia es uno de los destinos m\u00e1s caros para viajar. La ciudad del amor puede convertirse en un destino repleto de lujos y exclusividad. Alojarse en algunos hoteles reconocidos, comprar en la Place Vendome o comer en los restaurantes de moda no sale nada barato. Incluso puedes ver la Torre Eiffel desde abajo o puedes alquilarla para un evento privado, todo depende del dinero que lleves contigo.<\/p>\n<p><strong>Islas Fiji<\/strong><\/p>\n<p>Este archipi\u00e9lago est\u00e1 formado por 332 islas situadas en el pac\u00edfico Sur. Son famosas por sus playas v\u00edrgenes y su mayor atractivo es que acceder a ellas no es f\u00e1cil. De hecho, muchas de estas islas son privadas. Por lo tanto, visitarlas es m\u00e1s que costoso.<\/p>\n<p><strong>Bora Bora<\/strong><\/p>\n<p>Este destino del continente asi\u00e1tico es el favorito de estrellas de la m\u00fasica y el cine, as\u00ed como de grandes magnates de los negocios. Bora Bora es otra de esas islas paradis\u00edacas que se ha convertido en uno de los destinos m\u00e1s caros para ir de vacaciones en todo el mundo. De nuevo, el lujo, la soledad y la exclusividad toman la forma de una isla. Por ello, conocerla requiere de mucho dinero.<\/p>\n<p>As\u00ed que ya lo sabes, si tienes un presupuesto muy limitado en estas vacaciones de verano, puedes dejar estos tres destinos que te mencionamos anteriormente para unas pr\u00f3ximas vacaciones en donde tu situaci\u00f3n econ\u00f3mica est\u00e9 m\u00e1s estable y puedas permitirte los lujos de gastar m\u00e1s dinero.<\/p>\n<p><strong><em>Por Soraya Andreina P\u00e9rez Mohammed <\/em><\/strong><\/p>\n","protected":false},"excerpt":{"rendered":"<p>A todos nos encanta viajar. Sin embargo, la \u00fanica raz\u00f3n por la que las personas no viajan m\u00e1s de lo que les gustar\u00eda es o por falta de dinero o por falta de tiempo. Y cuando se trata de falta de dinero, el no poder emprender un viaje, es incluso m\u00e1s frustrante. No obstante, tambi\u00e9n [&hellip;]<\/p>\n","protected":false},"author":1,"featured_media":1037140,"comment_status":"closed","ping_status":"closed","sticky":false,"template":"","format":"standard","meta":{"footnotes":""},"categories":[148],"tags":[],"class_list":["post-1037139","post","type-post","status-publish","format-standard","has-post-thumbnail","hentry","category-turismo"],"aioseo_notices":[],"aioseo_head":"\n\t\t<!-- All in One SEO Pro 4.9.6.2 - aioseo.com -->\n\t<meta name=\"description\" content=\"A todos nos encanta viajar. Sin embargo, la \u00fanica raz\u00f3n por la que las personas no viajan m\u00e1s de lo que les gustar\u00eda es o por falta de dinero o por falta de tiempo. Y cuando se trata de falta de dinero, el no poder emprender un viaje, es incluso m\u00e1s frustrante. No obstante, tambi\u00e9n\" \/>\n\t<meta name=\"robots\" content=\"max-image-preview:large\" \/>\n\t<meta name=\"author\" content=\"El Digital de Asturias\"\/>\n\t<meta name=\"google-site-verification\" content=\"UA-38556648-1\" \/>\n\t<meta name=\"msvalidate.01\" content=\"7dfe9f3f1b24437ab69f4f2559babe99\" \/>\n\t<meta name=\"keywords\" content=\"turismo\" \/>\n\t<link rel=\"canonical\" href=\"https:\/\/www.eldigitaldeasturias.com\/noticias\/turismo-en-verano-tres-viajes-exclusivos\/\" \/>\n\t<meta name=\"generator\" content=\"All in One SEO Pro (AIOSEO) 4.9.6.2\" \/>\n\t\t<meta property=\"og:locale\" content=\"es_ES\" \/>\n\t\t<meta property=\"og:site_name\" content=\"El Digital de Asturias\" \/>\n\t\t<meta property=\"og:type\" content=\"article\" \/>\n\t\t<meta property=\"og:title\" content=\"Turismo en verano: Tres viajes exclusivos - El Digital de Asturias\" \/>\n\t\t<meta property=\"og:description\" content=\"A todos nos encanta viajar. Sin embargo, la \u00fanica raz\u00f3n por la que las personas no viajan m\u00e1s de lo que les gustar\u00eda es o por falta de dinero o por falta de tiempo. Y cuando se trata de falta de dinero, el no poder emprender un viaje, es incluso m\u00e1s frustrante. No obstante, tambi\u00e9n\" \/>\n\t\t<meta property=\"og:url\" content=\"https:\/\/www.eldigitaldeasturias.com\/noticias\/turismo-en-verano-tres-viajes-exclusivos\/\" \/>\n\t\t<meta property=\"og:image\" content=\"https:\/\/www.eldigitaldeasturias.com\/noticias\/wp-content\/uploads\/2019\/08\/BORA-BORA.jpg\" \/>\n\t\t<meta property=\"og:image:secure_url\" content=\"https:\/\/www.eldigitaldeasturias.com\/noticias\/wp-content\/uploads\/2019\/08\/BORA-BORA.jpg\" \/>\n\t\t<meta property=\"og:image:width\" content=\"960\" \/>\n\t\t<meta property=\"og:image:height\" content=\"640\" \/>\n\t\t<meta property=\"article:tag\" content=\"turismo\" \/>\n\t\t<meta property=\"article:published_time\" content=\"2019-08-07T17:00:26+00:00\" \/>\n\t\t<meta property=\"article:modified_time\" content=\"2019-08-07T17:00:26+00:00\" \/>\n\t\t<meta property=\"article:publisher\" content=\"https:\/\/facebook.com\/eldigitaldeasturias\" \/>\n\t\t<meta name=\"twitter:card\" content=\"summary_large_image\" \/>\n\t\t<meta name=\"twitter:title\" content=\"Turismo en verano: Tres viajes exclusivos - El Digital de Asturias\" \/>\n\t\t<meta name=\"twitter:description\" content=\"A todos nos encanta viajar. Sin embargo, la \u00fanica raz\u00f3n por la que las personas no viajan m\u00e1s de lo que les gustar\u00eda es o por falta de dinero o por falta de tiempo. Y cuando se trata de falta de dinero, el no poder emprender un viaje, es incluso m\u00e1s frustrante. No obstante, tambi\u00e9n\" \/>\n\t\t<meta name=\"twitter:image\" content=\"https:\/\/www.eldigitaldeasturias.com\/noticias\/wp-content\/uploads\/2019\/08\/BORA-BORA.jpg\" \/>\n\t\t<meta name=\"twitter:label1\" content=\"Escrito por\" \/>\n\t\t<meta name=\"twitter:data1\" content=\"El Digital de Asturias\" \/>\n\t\t<meta name=\"twitter:label2\" content=\"Tiempo de lectura estimado\" \/>\n\t\t<meta name=\"twitter:data2\" content=\"2 minutos\" \/>\n\t\t<script type=\"application\/ld+json\" class=\"aioseo-schema\">\n\t\t\t{\"@context\":\"https:\\\/\\\/schema.org\",\"@graph\":[{\"@type\":\"BlogPosting\",\"@id\":\"https:\\\/\\\/www.eldigitaldeasturias.com\\\/noticias\\\/turismo-en-verano-tres-viajes-exclusivos\\\/#blogposting\",\"name\":\"Turismo en verano: Tres viajes exclusivos - El Digital de Asturias\",\"headline\":\"Turismo en verano: Tres viajes exclusivos\",\"author\":{\"@id\":\"https:\\\/\\\/www.eldigitaldeasturias.com\\\/noticias\\\/author\\\/admin\\\/#author\"},\"publisher\":{\"@id\":\"https:\\\/\\\/www.eldigitaldeasturias.com\\\/noticias\\\/#organization\"},\"image\":{\"@type\":\"ImageObject\",\"url\":\"https:\\\/\\\/www.eldigitaldeasturias.com\\\/noticias\\\/wp-content\\\/uploads\\\/2019\\\/08\\\/BORA-BORA.jpg\",\"width\":960,\"height\":640},\"datePublished\":\"2019-08-07T17:00:26+02:00\",\"dateModified\":\"2019-08-07T17:00:26+02:00\",\"inLanguage\":\"es-ES\",\"mainEntityOfPage\":{\"@id\":\"https:\\\/\\\/www.eldigitaldeasturias.com\\\/noticias\\\/turismo-en-verano-tres-viajes-exclusivos\\\/#webpage\"},\"isPartOf\":{\"@id\":\"https:\\\/\\\/www.eldigitaldeasturias.com\\\/noticias\\\/turismo-en-verano-tres-viajes-exclusivos\\\/#webpage\"},\"articleSection\":\"Turismo\"},{\"@type\":\"BreadcrumbList\",\"@id\":\"https:\\\/\\\/www.eldigitaldeasturias.com\\\/noticias\\\/turismo-en-verano-tres-viajes-exclusivos\\\/#breadcrumblist\",\"itemListElement\":[{\"@type\":\"ListItem\",\"@id\":\"https:\\\/\\\/www.eldigitaldeasturias.com\\\/noticias#listItem\",\"position\":1,\"name\":\"Home\",\"item\":\"https:\\\/\\\/www.eldigitaldeasturias.com\\\/noticias\",\"nextItem\":{\"@type\":\"ListItem\",\"@id\":\"https:\\\/\\\/www.eldigitaldeasturias.com\\\/noticias\\\/category\\\/turismo\\\/#listItem\",\"name\":\"Turismo\"}},{\"@type\":\"ListItem\",\"@id\":\"https:\\\/\\\/www.eldigitaldeasturias.com\\\/noticias\\\/category\\\/turismo\\\/#listItem\",\"position\":2,\"name\":\"Turismo\",\"item\":\"https:\\\/\\\/www.eldigitaldeasturias.com\\\/noticias\\\/category\\\/turismo\\\/\",\"nextItem\":{\"@type\":\"ListItem\",\"@id\":\"https:\\\/\\\/www.eldigitaldeasturias.com\\\/noticias\\\/turismo-en-verano-tres-viajes-exclusivos\\\/#listItem\",\"name\":\"Turismo en verano: Tres viajes exclusivos\"},\"previousItem\":{\"@type\":\"ListItem\",\"@id\":\"https:\\\/\\\/www.eldigitaldeasturias.com\\\/noticias#listItem\",\"name\":\"Home\"}},{\"@type\":\"ListItem\",\"@id\":\"https:\\\/\\\/www.eldigitaldeasturias.com\\\/noticias\\\/turismo-en-verano-tres-viajes-exclusivos\\\/#listItem\",\"position\":3,\"name\":\"Turismo en verano: Tres viajes exclusivos\",\"previousItem\":{\"@type\":\"ListItem\",\"@id\":\"https:\\\/\\\/www.eldigitaldeasturias.com\\\/noticias\\\/category\\\/turismo\\\/#listItem\",\"name\":\"Turismo\"}}]},{\"@type\":\"Organization\",\"@id\":\"https:\\\/\\\/www.eldigitaldeasturias.com\\\/noticias\\\/#organization\",\"name\":\"El Digital de Asturias\",\"description\":\"Hemeroteca\",\"url\":\"https:\\\/\\\/www.eldigitaldeasturias.com\\\/noticias\\\/\",\"email\":\"info@eldigitaldeasturias.com\",\"telephone\":\"+34652131393\",\"logo\":{\"@type\":\"ImageObject\",\"url\":\"https:\\\/\\\/www.eldigitaldeasturias.com\\\/noticias\\\/wp-content\\\/uploads\\\/2020\\\/12\\\/EDA.jpg\",\"@id\":\"https:\\\/\\\/www.eldigitaldeasturias.com\\\/noticias\\\/turismo-en-verano-tres-viajes-exclusivos\\\/#organizationLogo\",\"width\":649,\"height\":297},\"image\":{\"@id\":\"https:\\\/\\\/www.eldigitaldeasturias.com\\\/noticias\\\/turismo-en-verano-tres-viajes-exclusivos\\\/#organizationLogo\"},\"sameAs\":[\"https:\\\/\\\/facebook.com\\\/eldigitaldeasturias\",\"https:\\\/\\\/www.youtube.com\\\/channel\\\/UCZP-2wLEB9Rv6erhFmqVnvg\"],\"address\":{\"@id\":\"https:\\\/\\\/www.eldigitaldeasturias.com\\\/noticias\\\/#postaladdress\",\"@type\":\"PostalAddress\",\"streetAddress\":\"san antonio 4,\",\"postalCode\":\"33430\",\"addressLocality\":\"Cand\\u00e1s\",\"addressRegion\":\"Asturias\",\"addressCountry\":\"ES\"}},{\"@type\":\"Person\",\"@id\":\"https:\\\/\\\/www.eldigitaldeasturias.com\\\/noticias\\\/author\\\/admin\\\/#author\",\"url\":\"https:\\\/\\\/www.eldigitaldeasturias.com\\\/noticias\\\/author\\\/admin\\\/\",\"name\":\"El Digital de Asturias\",\"image\":{\"@type\":\"ImageObject\",\"@id\":\"https:\\\/\\\/www.eldigitaldeasturias.com\\\/noticias\\\/turismo-en-verano-tres-viajes-exclusivos\\\/#authorImage\",\"url\":\"https:\\\/\\\/www.eldigitaldeasturias.com\\\/noticias\\\/wp-content\\\/litespeed\\\/avatar\\\/18677e78aa0546b92d9dbf31ec7d7668.jpg?ver=1777290358\",\"width\":96,\"height\":96,\"caption\":\"El Digital de Asturias\"}},{\"@type\":\"WebPage\",\"@id\":\"https:\\\/\\\/www.eldigitaldeasturias.com\\\/noticias\\\/turismo-en-verano-tres-viajes-exclusivos\\\/#webpage\",\"url\":\"https:\\\/\\\/www.eldigitaldeasturias.com\\\/noticias\\\/turismo-en-verano-tres-viajes-exclusivos\\\/\",\"name\":\"Turismo en verano: Tres viajes exclusivos - El Digital de Asturias\",\"description\":\"A todos nos encanta viajar. Sin embargo, la \\u00fanica raz\\u00f3n por la que las personas no viajan m\\u00e1s de lo que les gustar\\u00eda es o por falta de dinero o por falta de tiempo. Y cuando se trata de falta de dinero, el no poder emprender un viaje, es incluso m\\u00e1s frustrante. No obstante, tambi\\u00e9n\",\"inLanguage\":\"es-ES\",\"isPartOf\":{\"@id\":\"https:\\\/\\\/www.eldigitaldeasturias.com\\\/noticias\\\/#website\"},\"breadcrumb\":{\"@id\":\"https:\\\/\\\/www.eldigitaldeasturias.com\\\/noticias\\\/turismo-en-verano-tres-viajes-exclusivos\\\/#breadcrumblist\"},\"author\":{\"@id\":\"https:\\\/\\\/www.eldigitaldeasturias.com\\\/noticias\\\/author\\\/admin\\\/#author\"},\"creator\":{\"@id\":\"https:\\\/\\\/www.eldigitaldeasturias.com\\\/noticias\\\/author\\\/admin\\\/#author\"},\"image\":{\"@type\":\"ImageObject\",\"url\":\"https:\\\/\\\/www.eldigitaldeasturias.com\\\/noticias\\\/wp-content\\\/uploads\\\/2019\\\/08\\\/BORA-BORA.jpg\",\"@id\":\"https:\\\/\\\/www.eldigitaldeasturias.com\\\/noticias\\\/turismo-en-verano-tres-viajes-exclusivos\\\/#mainImage\",\"width\":960,\"height\":640},\"primaryImageOfPage\":{\"@id\":\"https:\\\/\\\/www.eldigitaldeasturias.com\\\/noticias\\\/turismo-en-verano-tres-viajes-exclusivos\\\/#mainImage\"},\"datePublished\":\"2019-08-07T17:00:26+02:00\",\"dateModified\":\"2019-08-07T17:00:26+02:00\"},{\"@type\":\"WebSite\",\"@id\":\"https:\\\/\\\/www.eldigitaldeasturias.com\\\/noticias\\\/#website\",\"url\":\"https:\\\/\\\/www.eldigitaldeasturias.com\\\/noticias\\\/\",\"name\":\"El Digital de Asturias - Diario de actualidad y noticias\",\"alternateName\":\"El Digital de Asturias - Diario de actualidad y noticias\",\"description\":\"Hemeroteca\",\"inLanguage\":\"es-ES\",\"publisher\":{\"@id\":\"https:\\\/\\\/www.eldigitaldeasturias.com\\\/noticias\\\/#organization\"}}]}\n\t\t<\/script>\n\t\t<!-- All in One SEO Pro -->\r\n\t\t<title>Turismo en verano: Tres viajes exclusivos - El Digital de Asturias<\/title>\n\n","aioseo_head_json":{"title":"Turismo en verano: Tres viajes exclusivos - El Digital de Asturias","description":"A todos nos encanta viajar. Sin embargo, la \u00fanica raz\u00f3n por la que las personas no viajan m\u00e1s de lo que les gustar\u00eda es o por falta de dinero o por falta de tiempo. Y cuando se trata de falta de dinero, el no poder emprender un viaje, es incluso m\u00e1s frustrante. No obstante, tambi\u00e9n","canonical_url":"https:\/\/www.eldigitaldeasturias.com\/noticias\/turismo-en-verano-tres-viajes-exclusivos\/","robots":"max-image-preview:large","keywords":"turismo","webmasterTools":{"google-site-verification":"UA-38556648-1","msvalidate.01":"7dfe9f3f1b24437ab69f4f2559babe99","miscellaneous":""},"schema":{"@context":"https:\/\/schema.org","@graph":[{"@type":"BlogPosting","@id":"https:\/\/www.eldigitaldeasturias.com\/noticias\/turismo-en-verano-tres-viajes-exclusivos\/#blogposting","name":"Turismo en verano: Tres viajes exclusivos - El Digital de Asturias","headline":"Turismo en verano: Tres viajes exclusivos","author":{"@id":"https:\/\/www.eldigitaldeasturias.com\/noticias\/author\/admin\/#author"},"publisher":{"@id":"https:\/\/www.eldigitaldeasturias.com\/noticias\/#organization"},"image":{"@type":"ImageObject","url":"https:\/\/www.eldigitaldeasturias.com\/noticias\/wp-content\/uploads\/2019\/08\/BORA-BORA.jpg","width":960,"height":640},"datePublished":"2019-08-07T17:00:26+02:00","dateModified":"2019-08-07T17:00:26+02:00","inLanguage":"es-ES","mainEntityOfPage":{"@id":"https:\/\/www.eldigitaldeasturias.com\/noticias\/turismo-en-verano-tres-viajes-exclusivos\/#webpage"},"isPartOf":{"@id":"https:\/\/www.eldigitaldeasturias.com\/noticias\/turismo-en-verano-tres-viajes-exclusivos\/#webpage"},"articleSection":"Turismo"},{"@type":"BreadcrumbList","@id":"https:\/\/www.eldigitaldeasturias.com\/noticias\/turismo-en-verano-tres-viajes-exclusivos\/#breadcrumblist","itemListElement":[{"@type":"ListItem","@id":"https:\/\/www.eldigitaldeasturias.com\/noticias#listItem","position":1,"name":"Home","item":"https:\/\/www.eldigitaldeasturias.com\/noticias","nextItem":{"@type":"ListItem","@id":"https:\/\/www.eldigitaldeasturias.com\/noticias\/category\/turismo\/#listItem","name":"Turismo"}},{"@type":"ListItem","@id":"https:\/\/www.eldigitaldeasturias.com\/noticias\/category\/turismo\/#listItem","position":2,"name":"Turismo","item":"https:\/\/www.eldigitaldeasturias.com\/noticias\/category\/turismo\/","nextItem":{"@type":"ListItem","@id":"https:\/\/www.eldigitaldeasturias.com\/noticias\/turismo-en-verano-tres-viajes-exclusivos\/#listItem","name":"Turismo en verano: Tres viajes exclusivos"},"previousItem":{"@type":"ListItem","@id":"https:\/\/www.eldigitaldeasturias.com\/noticias#listItem","name":"Home"}},{"@type":"ListItem","@id":"https:\/\/www.eldigitaldeasturias.com\/noticias\/turismo-en-verano-tres-viajes-exclusivos\/#listItem","position":3,"name":"Turismo en verano: Tres viajes exclusivos","previousItem":{"@type":"ListItem","@id":"https:\/\/www.eldigitaldeasturias.com\/noticias\/category\/turismo\/#listItem","name":"Turismo"}}]},{"@type":"Organization","@id":"https:\/\/www.eldigitaldeasturias.com\/noticias\/#organization","name":"El Digital de Asturias","description":"Hemeroteca","url":"https:\/\/www.eldigitaldeasturias.com\/noticias\/","email":"info@eldigitaldeasturias.com","telephone":"+34652131393","logo":{"@type":"ImageObject","url":"https:\/\/www.eldigitaldeasturias.com\/noticias\/wp-content\/uploads\/2020\/12\/EDA.jpg","@id":"https:\/\/www.eldigitaldeasturias.com\/noticias\/turismo-en-verano-tres-viajes-exclusivos\/#organizationLogo","width":649,"height":297},"image":{"@id":"https:\/\/www.eldigitaldeasturias.com\/noticias\/turismo-en-verano-tres-viajes-exclusivos\/#organizationLogo"},"sameAs":["https:\/\/facebook.com\/eldigitaldeasturias","https:\/\/www.youtube.com\/channel\/UCZP-2wLEB9Rv6erhFmqVnvg"],"address":{"@id":"https:\/\/www.eldigitaldeasturias.com\/noticias\/#postaladdress","@type":"PostalAddress","streetAddress":"san antonio 4,","postalCode":"33430","addressLocality":"Cand\u00e1s","addressRegion":"Asturias","addressCountry":"ES"}},{"@type":"Person","@id":"https:\/\/www.eldigitaldeasturias.com\/noticias\/author\/admin\/#author","url":"https:\/\/www.eldigitaldeasturias.com\/noticias\/author\/admin\/","name":"El Digital de Asturias","image":{"@type":"ImageObject","@id":"https:\/\/www.eldigitaldeasturias.com\/noticias\/turismo-en-verano-tres-viajes-exclusivos\/#authorImage","url":"https:\/\/www.eldigitaldeasturias.com\/noticias\/wp-content\/litespeed\/avatar\/18677e78aa0546b92d9dbf31ec7d7668.jpg?ver=1777290358","width":96,"height":96,"caption":"El Digital de Asturias"}},{"@type":"WebPage","@id":"https:\/\/www.eldigitaldeasturias.com\/noticias\/turismo-en-verano-tres-viajes-exclusivos\/#webpage","url":"https:\/\/www.eldigitaldeasturias.com\/noticias\/turismo-en-verano-tres-viajes-exclusivos\/","name":"Turismo en verano: Tres viajes exclusivos - El Digital de Asturias","description":"A todos nos encanta viajar. Sin embargo, la \u00fanica raz\u00f3n por la que las personas no viajan m\u00e1s de lo que les gustar\u00eda es o por falta de dinero o por falta de tiempo. Y cuando se trata de falta de dinero, el no poder emprender un viaje, es incluso m\u00e1s frustrante. No obstante, tambi\u00e9n","inLanguage":"es-ES","isPartOf":{"@id":"https:\/\/www.eldigitaldeasturias.com\/noticias\/#website"},"breadcrumb":{"@id":"https:\/\/www.eldigitaldeasturias.com\/noticias\/turismo-en-verano-tres-viajes-exclusivos\/#breadcrumblist"},"author":{"@id":"https:\/\/www.eldigitaldeasturias.com\/noticias\/author\/admin\/#author"},"creator":{"@id":"https:\/\/www.eldigitaldeasturias.com\/noticias\/author\/admin\/#author"},"image":{"@type":"ImageObject","url":"https:\/\/www.eldigitaldeasturias.com\/noticias\/wp-content\/uploads\/2019\/08\/BORA-BORA.jpg","@id":"https:\/\/www.eldigitaldeasturias.com\/noticias\/turismo-en-verano-tres-viajes-exclusivos\/#mainImage","width":960,"height":640},"primaryImageOfPage":{"@id":"https:\/\/www.eldigitaldeasturias.com\/noticias\/turismo-en-verano-tres-viajes-exclusivos\/#mainImage"},"datePublished":"2019-08-07T17:00:26+02:00","dateModified":"2019-08-07T17:00:26+02:00"},{"@type":"WebSite","@id":"https:\/\/www.eldigitaldeasturias.com\/noticias\/#website","url":"https:\/\/www.eldigitaldeasturias.com\/noticias\/","name":"El Digital de Asturias - Diario de actualidad y noticias","alternateName":"El Digital de Asturias - Diario de actualidad y noticias","description":"Hemeroteca","inLanguage":"es-ES","publisher":{"@id":"https:\/\/www.eldigitaldeasturias.com\/noticias\/#organization"}}]},"og:locale":"es_ES","og:site_name":"El Digital de Asturias","og:type":"article","og:title":"Turismo en verano: Tres viajes exclusivos - El Digital de Asturias","og:description":"A todos nos encanta viajar. Sin embargo, la \u00fanica raz\u00f3n por la que las personas no viajan m\u00e1s de lo que les gustar\u00eda es o por falta de dinero o por falta de tiempo. Y cuando se trata de falta de dinero, el no poder emprender un viaje, es incluso m\u00e1s frustrante. No obstante, tambi\u00e9n","og:url":"https:\/\/www.eldigitaldeasturias.com\/noticias\/turismo-en-verano-tres-viajes-exclusivos\/","og:image":"https:\/\/www.eldigitaldeasturias.com\/noticias\/wp-content\/uploads\/2019\/08\/BORA-BORA.jpg","og:image:secure_url":"https:\/\/www.eldigitaldeasturias.com\/noticias\/wp-content\/uploads\/2019\/08\/BORA-BORA.jpg","og:image:width":960,"og:image:height":640,"article:tag":["turismo"],"article:published_time":"2019-08-07T17:00:26+00:00","article:modified_time":"2019-08-07T17:00:26+00:00","article:publisher":"https:\/\/facebook.com\/eldigitaldeasturias","twitter:card":"summary_large_image","twitter:title":"Turismo en verano: Tres viajes exclusivos - El Digital de Asturias","twitter:description":"A todos nos encanta viajar. Sin embargo, la \u00fanica raz\u00f3n por la que las personas no viajan m\u00e1s de lo que les gustar\u00eda es o por falta de dinero o por falta de tiempo. Y cuando se trata de falta de dinero, el no poder emprender un viaje, es incluso m\u00e1s frustrante. No obstante, tambi\u00e9n","twitter:image":"https:\/\/www.eldigitaldeasturias.com\/noticias\/wp-content\/uploads\/2019\/08\/BORA-BORA.jpg","twitter:label1":"Escrito por","twitter:data1":"El Digital de Asturias","twitter:label2":"Tiempo de lectura estimado","twitter:data2":"2 minutos"},"aioseo_meta_data":{"post_id":"1037139","title":null,"description":null,"keywords":null,"keyphrases":null,"primary_term":null,"canonical_url":null,"og_title":null,"og_description":null,"og_object_type":"default","og_image_type":"default","og_image_url":null,"og_image_width":null,"og_image_height":null,"og_image_custom_url":null,"og_image_custom_fields":null,"og_video":null,"og_custom_url":null,"og_article_section":null,"og_article_tags":null,"twitter_use_og":false,"twitter_card":"default","twitter_image_type":"default","twitter_image_url":null,"twitter_image_custom_url":null,"twitter_image_custom_fields":null,"twitter_title":null,"twitter_description":null,"schema":{"blockGraphs":[],"customGraphs":[],"default":{"data":{"Article":[],"Course":[],"Dataset":[],"FAQPage":[],"Movie":[],"Person":[],"Product":[],"ProductReview":[],"Car":[],"Recipe":[],"Service":[],"SoftwareApplication":[],"WebPage":[]},"graphName":"","isEnabled":true},"graphs":[],"defaultGraph":"","defaultPostTypeGraph":""},"schema_type":null,"schema_type_options":null,"pillar_content":false,"robots_default":true,"robots_noindex":false,"robots_noarchive":false,"robots_nosnippet":false,"robots_nofollow":false,"robots_noimageindex":false,"robots_noodp":false,"robots_notranslate":false,"robots_max_snippet":null,"robots_max_videopreview":null,"robots_max_imagepreview":"large","priority":null,"frequency":null,"local_seo":null,"seo_analyzer_scan_date":"2025-10-22 16:40:12","breadcrumb_settings":null,"limit_modified_date":false,"open_ai":null,"ai":null,"created":"2020-12-21 11:07:07","updated":"2025-10-22 16:40:12"},"aioseo_breadcrumb":"<div class=\"aioseo-breadcrumbs\"><span class=\"aioseo-breadcrumb\">\n\t<a href=\"https:\/\/www.eldigitaldeasturias.com\/noticias\" title=\"Home\">Home<\/a>\n<\/span><span class=\"aioseo-breadcrumb-separator\">\u2013<\/span><span class=\"aioseo-breadcrumb\">\n\t<a href=\"https:\/\/www.eldigitaldeasturias.com\/noticias\/category\/turismo\/\" title=\"Turismo\">Turismo<\/a>\n<\/span><span class=\"aioseo-breadcrumb-separator\">\u2013<\/span><span class=\"aioseo-breadcrumb\">\n\t<a href=\"https:\/\/www.eldigitaldeasturias.com\/noticias\/turismo-en-verano-tres-viajes-exclusivos\/\" title=\"Turismo en verano: Tres viajes exclusivos\">Turismo en verano: Tres viajes exclusivos<\/a>\n<\/span><\/div>","aioseo_breadcrumb_json":[{"label":"Home","link":"https:\/\/www.eldigitaldeasturias.com\/noticias"},{"label":"Turismo","link":"https:\/\/www.eldigitaldeasturias.com\/noticias\/category\/turismo\/"},{"label":"Turismo en verano: Tres viajes exclusivos","link":"https:\/\/www.eldigitaldeasturias.com\/noticias\/turismo-en-verano-tres-viajes-exclusivos\/"}],"_links":{"self":[{"href":"https:\/\/www.eldigitaldeasturias.com\/noticias\/wp-json\/wp\/v2\/posts\/1037139","targetHints":{"allow":["GET"]}}],"collection":[{"href":"https:\/\/www.eldigitaldeasturias.com\/noticias\/wp-json\/wp\/v2\/posts"}],"about":[{"href":"https:\/\/www.eldigitaldeasturias.com\/noticias\/wp-json\/wp\/v2\/types\/post"}],"author":[{"embeddable":true,"href":"https:\/\/www.eldigitaldeasturias.com\/noticias\/wp-json\/wp\/v2\/users\/1"}],"replies":[{"embeddable":true,"href":"https:\/\/www.eldigitaldeasturias.com\/noticias\/wp-json\/wp\/v2\/comments?post=1037139"}],"version-history":[{"count":0,"href":"https:\/\/www.eldigitaldeasturias.com\/noticias\/wp-json\/wp\/v2\/posts\/1037139\/revisions"}],"wp:featuredmedia":[{"embeddable":true,"href":"https:\/\/www.eldigitaldeasturias.com\/noticias\/wp-json\/wp\/v2\/media\/1037140"}],"wp:attachment":[{"href":"https:\/\/www.eldigitaldeasturias.com\/noticias\/wp-json\/wp\/v2\/media?parent=1037139"}],"wp:term":[{"taxonomy":"category","embeddable":true,"href":"https:\/\/www.eldigitaldeasturias.com\/noticias\/wp-json\/wp\/v2\/categories?post=1037139"},{"taxonomy":"post_tag","embeddable":true,"href":"https:\/\/www.eldigitaldeasturias.com\/noticias\/wp-json\/wp\/v2\/tags?post=1037139"}],"curies":[{"name":"wp","href":"https:\/\/api.w.org\/{rel}","templated":true}]}}