{"id":1037065,"date":"2019-08-07T10:29:51","date_gmt":"2019-08-07T10:29:51","guid":{"rendered":"https:\/\/www.eldigitaldeasturias.com\/noticias\/?p=1037065"},"modified":"2019-08-07T10:29:51","modified_gmt":"2019-08-07T10:29:51","slug":"en-bici-por-las-praderas-de-alemania","status":"publish","type":"post","link":"https:\/\/www.eldigitaldeasturias.com\/noticias\/en-bici-por-las-praderas-de-alemania\/","title":{"rendered":"En bici por las praderas de Alemania"},"content":{"rendered":"<p><img loading=\"lazy\" decoding=\"async\" class=\"alignleft size-medium wp-image-1037066\" src=\"https:\/\/www.eldigitaldeasturias.com\/noticias\/wp-content\/uploads\/2019\/08\/bicycle-1838605_960_720-360x240.jpg\" alt=\"\" width=\"360\" height=\"240\" srcset=\"https:\/\/www.eldigitaldeasturias.com\/noticias\/wp-content\/uploads\/2019\/08\/bicycle-1838605_960_720-360x240.jpg 360w, https:\/\/www.eldigitaldeasturias.com\/noticias\/wp-content\/uploads\/2019\/08\/bicycle-1838605_960_720-768x512.jpg 768w, https:\/\/www.eldigitaldeasturias.com\/noticias\/wp-content\/uploads\/2019\/08\/bicycle-1838605_960_720-650x433.jpg 650w, https:\/\/www.eldigitaldeasturias.com\/noticias\/wp-content\/uploads\/2019\/08\/bicycle-1838605_960_720-675x450.jpg 675w, https:\/\/www.eldigitaldeasturias.com\/noticias\/wp-content\/uploads\/2019\/08\/bicycle-1838605_960_720.jpg 960w\" sizes=\"auto, (max-width: 360px) 100vw, 360px\" \/>(dpa) &#8211; Para quienes disfrutan de las vacaciones en movimiento, <strong>no hay mejor lugar para recorrer en bici que los lagos de Franconia<\/strong>, en el sur de Alemania. Las orillas son pr\u00e1cticamente planas en todo el recorrido, que tiene aproximadamente 460 kil\u00f3metros y atraviesa el parque Altm\u00fchltal y regiones rom\u00e1nticas de Baviera.<\/p>\n<p>El sendero pasa por lagos y un afluente del Danubio. Los ciclistas podr\u00e1n hacer paradas en pueblos emblem\u00e1ticos como Rothenburg ob der Tauber y conocer castillos barrocos como el Colmberg.<\/p>\n<p>&nbsp;<\/p>\n","protected":false},"excerpt":{"rendered":"<p>(dpa) &#8211; Para quienes disfrutan de las vacaciones en movimiento, no hay mejor lugar para recorrer en bici que los lagos de Franconia, en el sur de Alemania. Las orillas son pr\u00e1cticamente planas en todo el recorrido, que tiene aproximadamente 460 kil\u00f3metros y atraviesa el parque Altm\u00fchltal y regiones rom\u00e1nticas de Baviera. El sendero pasa [&hellip;]<\/p>\n","protected":false},"author":1,"featured_media":1037066,"comment_status":"closed","ping_status":"closed","sticky":false,"template":"","format":"standard","meta":{"footnotes":""},"categories":[148],"tags":[],"class_list":["post-1037065","post","type-post","status-publish","format-standard","has-post-thumbnail","hentry","category-turismo"],"aioseo_notices":[],"aioseo_head":"\n\t\t<!-- All in One SEO Pro 4.9.6.2 - aioseo.com -->\n\t<meta name=\"description\" content=\"(dpa) - Para quienes disfrutan de las vacaciones en movimiento, no hay mejor lugar para recorrer en bici que los lagos de Franconia, en el sur de Alemania. Las orillas son pr\u00e1cticamente planas en todo el recorrido, que tiene aproximadamente 460 kil\u00f3metros y atraviesa el parque Altm\u00fchltal y regiones rom\u00e1nticas de Baviera. El sendero pasa\" \/>\n\t<meta name=\"robots\" content=\"max-image-preview:large\" \/>\n\t<meta name=\"author\" content=\"El Digital de Asturias\"\/>\n\t<meta name=\"google-site-verification\" content=\"UA-38556648-1\" \/>\n\t<meta name=\"msvalidate.01\" content=\"7dfe9f3f1b24437ab69f4f2559babe99\" \/>\n\t<meta name=\"keywords\" content=\"turismo\" \/>\n\t<link rel=\"canonical\" href=\"https:\/\/www.eldigitaldeasturias.com\/noticias\/en-bici-por-las-praderas-de-alemania\/\" \/>\n\t<meta name=\"generator\" content=\"All in One SEO Pro (AIOSEO) 4.9.6.2\" \/>\n\t\t<meta property=\"og:locale\" content=\"es_ES\" \/>\n\t\t<meta property=\"og:site_name\" content=\"El Digital de Asturias\" \/>\n\t\t<meta property=\"og:type\" content=\"article\" \/>\n\t\t<meta property=\"og:title\" content=\"En bici por las praderas de Alemania - El Digital de Asturias\" \/>\n\t\t<meta property=\"og:description\" content=\"(dpa) - Para quienes disfrutan de las vacaciones en movimiento, no hay mejor lugar para recorrer en bici que los lagos de Franconia, en el sur de Alemania. Las orillas son pr\u00e1cticamente planas en todo el recorrido, que tiene aproximadamente 460 kil\u00f3metros y atraviesa el parque Altm\u00fchltal y regiones rom\u00e1nticas de Baviera. El sendero pasa\" \/>\n\t\t<meta property=\"og:url\" content=\"https:\/\/www.eldigitaldeasturias.com\/noticias\/en-bici-por-las-praderas-de-alemania\/\" \/>\n\t\t<meta property=\"og:image\" content=\"https:\/\/www.eldigitaldeasturias.com\/noticias\/wp-content\/uploads\/2019\/08\/bicycle-1838605_960_720.jpg\" \/>\n\t\t<meta property=\"og:image:secure_url\" content=\"https:\/\/www.eldigitaldeasturias.com\/noticias\/wp-content\/uploads\/2019\/08\/bicycle-1838605_960_720.jpg\" \/>\n\t\t<meta property=\"og:image:width\" content=\"960\" \/>\n\t\t<meta property=\"og:image:height\" content=\"640\" \/>\n\t\t<meta property=\"article:tag\" content=\"turismo\" \/>\n\t\t<meta property=\"article:published_time\" content=\"2019-08-07T10:29:51+00:00\" \/>\n\t\t<meta property=\"article:modified_time\" content=\"2019-08-07T10:29:51+00:00\" \/>\n\t\t<meta property=\"article:publisher\" content=\"https:\/\/facebook.com\/eldigitaldeasturias\" \/>\n\t\t<meta name=\"twitter:card\" content=\"summary_large_image\" \/>\n\t\t<meta name=\"twitter:title\" content=\"En bici por las praderas de Alemania - El Digital de Asturias\" \/>\n\t\t<meta name=\"twitter:description\" content=\"(dpa) - Para quienes disfrutan de las vacaciones en movimiento, no hay mejor lugar para recorrer en bici que los lagos de Franconia, en el sur de Alemania. Las orillas son pr\u00e1cticamente planas en todo el recorrido, que tiene aproximadamente 460 kil\u00f3metros y atraviesa el parque Altm\u00fchltal y regiones rom\u00e1nticas de Baviera. El sendero pasa\" \/>\n\t\t<meta name=\"twitter:image\" content=\"https:\/\/www.eldigitaldeasturias.com\/noticias\/wp-content\/uploads\/2019\/08\/bicycle-1838605_960_720.jpg\" \/>\n\t\t<meta name=\"twitter:label1\" content=\"Escrito por\" \/>\n\t\t<meta name=\"twitter:data1\" content=\"El Digital de Asturias\" \/>\n\t\t<script type=\"application\/ld+json\" class=\"aioseo-schema\">\n\t\t\t{\"@context\":\"https:\\\/\\\/schema.org\",\"@graph\":[{\"@type\":\"BlogPosting\",\"@id\":\"https:\\\/\\\/www.eldigitaldeasturias.com\\\/noticias\\\/en-bici-por-las-praderas-de-alemania\\\/#blogposting\",\"name\":\"En bici por las praderas de Alemania - El Digital de Asturias\",\"headline\":\"En bici por las praderas de Alemania\",\"author\":{\"@id\":\"https:\\\/\\\/www.eldigitaldeasturias.com\\\/noticias\\\/author\\\/admin\\\/#author\"},\"publisher\":{\"@id\":\"https:\\\/\\\/www.eldigitaldeasturias.com\\\/noticias\\\/#organization\"},\"image\":{\"@type\":\"ImageObject\",\"url\":\"https:\\\/\\\/www.eldigitaldeasturias.com\\\/noticias\\\/wp-content\\\/uploads\\\/2019\\\/08\\\/bicycle-1838605_960_720.jpg\",\"width\":960,\"height\":640},\"datePublished\":\"2019-08-07T10:29:51+02:00\",\"dateModified\":\"2019-08-07T10:29:51+02:00\",\"inLanguage\":\"es-ES\",\"mainEntityOfPage\":{\"@id\":\"https:\\\/\\\/www.eldigitaldeasturias.com\\\/noticias\\\/en-bici-por-las-praderas-de-alemania\\\/#webpage\"},\"isPartOf\":{\"@id\":\"https:\\\/\\\/www.eldigitaldeasturias.com\\\/noticias\\\/en-bici-por-las-praderas-de-alemania\\\/#webpage\"},\"articleSection\":\"Turismo\"},{\"@type\":\"BreadcrumbList\",\"@id\":\"https:\\\/\\\/www.eldigitaldeasturias.com\\\/noticias\\\/en-bici-por-las-praderas-de-alemania\\\/#breadcrumblist\",\"itemListElement\":[{\"@type\":\"ListItem\",\"@id\":\"https:\\\/\\\/www.eldigitaldeasturias.com\\\/noticias#listItem\",\"position\":1,\"name\":\"Home\",\"item\":\"https:\\\/\\\/www.eldigitaldeasturias.com\\\/noticias\",\"nextItem\":{\"@type\":\"ListItem\",\"@id\":\"https:\\\/\\\/www.eldigitaldeasturias.com\\\/noticias\\\/category\\\/turismo\\\/#listItem\",\"name\":\"Turismo\"}},{\"@type\":\"ListItem\",\"@id\":\"https:\\\/\\\/www.eldigitaldeasturias.com\\\/noticias\\\/category\\\/turismo\\\/#listItem\",\"position\":2,\"name\":\"Turismo\",\"item\":\"https:\\\/\\\/www.eldigitaldeasturias.com\\\/noticias\\\/category\\\/turismo\\\/\",\"nextItem\":{\"@type\":\"ListItem\",\"@id\":\"https:\\\/\\\/www.eldigitaldeasturias.com\\\/noticias\\\/en-bici-por-las-praderas-de-alemania\\\/#listItem\",\"name\":\"En bici por las praderas de Alemania\"},\"previousItem\":{\"@type\":\"ListItem\",\"@id\":\"https:\\\/\\\/www.eldigitaldeasturias.com\\\/noticias#listItem\",\"name\":\"Home\"}},{\"@type\":\"ListItem\",\"@id\":\"https:\\\/\\\/www.eldigitaldeasturias.com\\\/noticias\\\/en-bici-por-las-praderas-de-alemania\\\/#listItem\",\"position\":3,\"name\":\"En bici por las praderas de Alemania\",\"previousItem\":{\"@type\":\"ListItem\",\"@id\":\"https:\\\/\\\/www.eldigitaldeasturias.com\\\/noticias\\\/category\\\/turismo\\\/#listItem\",\"name\":\"Turismo\"}}]},{\"@type\":\"Organization\",\"@id\":\"https:\\\/\\\/www.eldigitaldeasturias.com\\\/noticias\\\/#organization\",\"name\":\"El Digital de Asturias\",\"description\":\"Hemeroteca\",\"url\":\"https:\\\/\\\/www.eldigitaldeasturias.com\\\/noticias\\\/\",\"email\":\"info@eldigitaldeasturias.com\",\"telephone\":\"+34652131393\",\"logo\":{\"@type\":\"ImageObject\",\"url\":\"https:\\\/\\\/www.eldigitaldeasturias.com\\\/noticias\\\/wp-content\\\/uploads\\\/2020\\\/12\\\/EDA.jpg\",\"@id\":\"https:\\\/\\\/www.eldigitaldeasturias.com\\\/noticias\\\/en-bici-por-las-praderas-de-alemania\\\/#organizationLogo\",\"width\":649,\"height\":297},\"image\":{\"@id\":\"https:\\\/\\\/www.eldigitaldeasturias.com\\\/noticias\\\/en-bici-por-las-praderas-de-alemania\\\/#organizationLogo\"},\"sameAs\":[\"https:\\\/\\\/facebook.com\\\/eldigitaldeasturias\",\"https:\\\/\\\/www.youtube.com\\\/channel\\\/UCZP-2wLEB9Rv6erhFmqVnvg\"],\"address\":{\"@id\":\"https:\\\/\\\/www.eldigitaldeasturias.com\\\/noticias\\\/#postaladdress\",\"@type\":\"PostalAddress\",\"streetAddress\":\"san antonio 4,\",\"postalCode\":\"33430\",\"addressLocality\":\"Cand\\u00e1s\",\"addressRegion\":\"Asturias\",\"addressCountry\":\"ES\"}},{\"@type\":\"Person\",\"@id\":\"https:\\\/\\\/www.eldigitaldeasturias.com\\\/noticias\\\/author\\\/admin\\\/#author\",\"url\":\"https:\\\/\\\/www.eldigitaldeasturias.com\\\/noticias\\\/author\\\/admin\\\/\",\"name\":\"El Digital de Asturias\",\"image\":{\"@type\":\"ImageObject\",\"@id\":\"https:\\\/\\\/www.eldigitaldeasturias.com\\\/noticias\\\/en-bici-por-las-praderas-de-alemania\\\/#authorImage\",\"url\":\"https:\\\/\\\/www.eldigitaldeasturias.com\\\/noticias\\\/wp-content\\\/litespeed\\\/avatar\\\/18677e78aa0546b92d9dbf31ec7d7668.jpg?ver=1777290358\",\"width\":96,\"height\":96,\"caption\":\"El Digital de Asturias\"}},{\"@type\":\"WebPage\",\"@id\":\"https:\\\/\\\/www.eldigitaldeasturias.com\\\/noticias\\\/en-bici-por-las-praderas-de-alemania\\\/#webpage\",\"url\":\"https:\\\/\\\/www.eldigitaldeasturias.com\\\/noticias\\\/en-bici-por-las-praderas-de-alemania\\\/\",\"name\":\"En bici por las praderas de Alemania - El Digital de Asturias\",\"description\":\"(dpa) - Para quienes disfrutan de las vacaciones en movimiento, no hay mejor lugar para recorrer en bici que los lagos de Franconia, en el sur de Alemania. Las orillas son pr\\u00e1cticamente planas en todo el recorrido, que tiene aproximadamente 460 kil\\u00f3metros y atraviesa el parque Altm\\u00fchltal y regiones rom\\u00e1nticas de Baviera. El sendero pasa\",\"inLanguage\":\"es-ES\",\"isPartOf\":{\"@id\":\"https:\\\/\\\/www.eldigitaldeasturias.com\\\/noticias\\\/#website\"},\"breadcrumb\":{\"@id\":\"https:\\\/\\\/www.eldigitaldeasturias.com\\\/noticias\\\/en-bici-por-las-praderas-de-alemania\\\/#breadcrumblist\"},\"author\":{\"@id\":\"https:\\\/\\\/www.eldigitaldeasturias.com\\\/noticias\\\/author\\\/admin\\\/#author\"},\"creator\":{\"@id\":\"https:\\\/\\\/www.eldigitaldeasturias.com\\\/noticias\\\/author\\\/admin\\\/#author\"},\"image\":{\"@type\":\"ImageObject\",\"url\":\"https:\\\/\\\/www.eldigitaldeasturias.com\\\/noticias\\\/wp-content\\\/uploads\\\/2019\\\/08\\\/bicycle-1838605_960_720.jpg\",\"@id\":\"https:\\\/\\\/www.eldigitaldeasturias.com\\\/noticias\\\/en-bici-por-las-praderas-de-alemania\\\/#mainImage\",\"width\":960,\"height\":640},\"primaryImageOfPage\":{\"@id\":\"https:\\\/\\\/www.eldigitaldeasturias.com\\\/noticias\\\/en-bici-por-las-praderas-de-alemania\\\/#mainImage\"},\"datePublished\":\"2019-08-07T10:29:51+02:00\",\"dateModified\":\"2019-08-07T10:29:51+02:00\"},{\"@type\":\"WebSite\",\"@id\":\"https:\\\/\\\/www.eldigitaldeasturias.com\\\/noticias\\\/#website\",\"url\":\"https:\\\/\\\/www.eldigitaldeasturias.com\\\/noticias\\\/\",\"name\":\"El Digital de Asturias - Diario de actualidad y noticias\",\"alternateName\":\"El Digital de Asturias - Diario de actualidad y noticias\",\"description\":\"Hemeroteca\",\"inLanguage\":\"es-ES\",\"publisher\":{\"@id\":\"https:\\\/\\\/www.eldigitaldeasturias.com\\\/noticias\\\/#organization\"}}]}\n\t\t<\/script>\n\t\t<!-- All in One SEO Pro -->\r\n\t\t<title>En bici por las praderas de Alemania - El Digital de Asturias<\/title>\n\n","aioseo_head_json":{"title":"En bici por las praderas de Alemania - El Digital de Asturias","description":"(dpa) - Para quienes disfrutan de las vacaciones en movimiento, no hay mejor lugar para recorrer en bici que los lagos de Franconia, en el sur de Alemania. Las orillas son pr\u00e1cticamente planas en todo el recorrido, que tiene aproximadamente 460 kil\u00f3metros y atraviesa el parque Altm\u00fchltal y regiones rom\u00e1nticas de Baviera. El sendero pasa","canonical_url":"https:\/\/www.eldigitaldeasturias.com\/noticias\/en-bici-por-las-praderas-de-alemania\/","robots":"max-image-preview:large","keywords":"turismo","webmasterTools":{"google-site-verification":"UA-38556648-1","msvalidate.01":"7dfe9f3f1b24437ab69f4f2559babe99","miscellaneous":""},"schema":{"@context":"https:\/\/schema.org","@graph":[{"@type":"BlogPosting","@id":"https:\/\/www.eldigitaldeasturias.com\/noticias\/en-bici-por-las-praderas-de-alemania\/#blogposting","name":"En bici por las praderas de Alemania - El Digital de Asturias","headline":"En bici por las praderas de Alemania","author":{"@id":"https:\/\/www.eldigitaldeasturias.com\/noticias\/author\/admin\/#author"},"publisher":{"@id":"https:\/\/www.eldigitaldeasturias.com\/noticias\/#organization"},"image":{"@type":"ImageObject","url":"https:\/\/www.eldigitaldeasturias.com\/noticias\/wp-content\/uploads\/2019\/08\/bicycle-1838605_960_720.jpg","width":960,"height":640},"datePublished":"2019-08-07T10:29:51+02:00","dateModified":"2019-08-07T10:29:51+02:00","inLanguage":"es-ES","mainEntityOfPage":{"@id":"https:\/\/www.eldigitaldeasturias.com\/noticias\/en-bici-por-las-praderas-de-alemania\/#webpage"},"isPartOf":{"@id":"https:\/\/www.eldigitaldeasturias.com\/noticias\/en-bici-por-las-praderas-de-alemania\/#webpage"},"articleSection":"Turismo"},{"@type":"BreadcrumbList","@id":"https:\/\/www.eldigitaldeasturias.com\/noticias\/en-bici-por-las-praderas-de-alemania\/#breadcrumblist","itemListElement":[{"@type":"ListItem","@id":"https:\/\/www.eldigitaldeasturias.com\/noticias#listItem","position":1,"name":"Home","item":"https:\/\/www.eldigitaldeasturias.com\/noticias","nextItem":{"@type":"ListItem","@id":"https:\/\/www.eldigitaldeasturias.com\/noticias\/category\/turismo\/#listItem","name":"Turismo"}},{"@type":"ListItem","@id":"https:\/\/www.eldigitaldeasturias.com\/noticias\/category\/turismo\/#listItem","position":2,"name":"Turismo","item":"https:\/\/www.eldigitaldeasturias.com\/noticias\/category\/turismo\/","nextItem":{"@type":"ListItem","@id":"https:\/\/www.eldigitaldeasturias.com\/noticias\/en-bici-por-las-praderas-de-alemania\/#listItem","name":"En bici por las praderas de Alemania"},"previousItem":{"@type":"ListItem","@id":"https:\/\/www.eldigitaldeasturias.com\/noticias#listItem","name":"Home"}},{"@type":"ListItem","@id":"https:\/\/www.eldigitaldeasturias.com\/noticias\/en-bici-por-las-praderas-de-alemania\/#listItem","position":3,"name":"En bici por las praderas de Alemania","previousItem":{"@type":"ListItem","@id":"https:\/\/www.eldigitaldeasturias.com\/noticias\/category\/turismo\/#listItem","name":"Turismo"}}]},{"@type":"Organization","@id":"https:\/\/www.eldigitaldeasturias.com\/noticias\/#organization","name":"El Digital de Asturias","description":"Hemeroteca","url":"https:\/\/www.eldigitaldeasturias.com\/noticias\/","email":"info@eldigitaldeasturias.com","telephone":"+34652131393","logo":{"@type":"ImageObject","url":"https:\/\/www.eldigitaldeasturias.com\/noticias\/wp-content\/uploads\/2020\/12\/EDA.jpg","@id":"https:\/\/www.eldigitaldeasturias.com\/noticias\/en-bici-por-las-praderas-de-alemania\/#organizationLogo","width":649,"height":297},"image":{"@id":"https:\/\/www.eldigitaldeasturias.com\/noticias\/en-bici-por-las-praderas-de-alemania\/#organizationLogo"},"sameAs":["https:\/\/facebook.com\/eldigitaldeasturias","https:\/\/www.youtube.com\/channel\/UCZP-2wLEB9Rv6erhFmqVnvg"],"address":{"@id":"https:\/\/www.eldigitaldeasturias.com\/noticias\/#postaladdress","@type":"PostalAddress","streetAddress":"san antonio 4,","postalCode":"33430","addressLocality":"Cand\u00e1s","addressRegion":"Asturias","addressCountry":"ES"}},{"@type":"Person","@id":"https:\/\/www.eldigitaldeasturias.com\/noticias\/author\/admin\/#author","url":"https:\/\/www.eldigitaldeasturias.com\/noticias\/author\/admin\/","name":"El Digital de Asturias","image":{"@type":"ImageObject","@id":"https:\/\/www.eldigitaldeasturias.com\/noticias\/en-bici-por-las-praderas-de-alemania\/#authorImage","url":"https:\/\/www.eldigitaldeasturias.com\/noticias\/wp-content\/litespeed\/avatar\/18677e78aa0546b92d9dbf31ec7d7668.jpg?ver=1777290358","width":96,"height":96,"caption":"El Digital de Asturias"}},{"@type":"WebPage","@id":"https:\/\/www.eldigitaldeasturias.com\/noticias\/en-bici-por-las-praderas-de-alemania\/#webpage","url":"https:\/\/www.eldigitaldeasturias.com\/noticias\/en-bici-por-las-praderas-de-alemania\/","name":"En bici por las praderas de Alemania - El Digital de Asturias","description":"(dpa) - Para quienes disfrutan de las vacaciones en movimiento, no hay mejor lugar para recorrer en bici que los lagos de Franconia, en el sur de Alemania. Las orillas son pr\u00e1cticamente planas en todo el recorrido, que tiene aproximadamente 460 kil\u00f3metros y atraviesa el parque Altm\u00fchltal y regiones rom\u00e1nticas de Baviera. El sendero pasa","inLanguage":"es-ES","isPartOf":{"@id":"https:\/\/www.eldigitaldeasturias.com\/noticias\/#website"},"breadcrumb":{"@id":"https:\/\/www.eldigitaldeasturias.com\/noticias\/en-bici-por-las-praderas-de-alemania\/#breadcrumblist"},"author":{"@id":"https:\/\/www.eldigitaldeasturias.com\/noticias\/author\/admin\/#author"},"creator":{"@id":"https:\/\/www.eldigitaldeasturias.com\/noticias\/author\/admin\/#author"},"image":{"@type":"ImageObject","url":"https:\/\/www.eldigitaldeasturias.com\/noticias\/wp-content\/uploads\/2019\/08\/bicycle-1838605_960_720.jpg","@id":"https:\/\/www.eldigitaldeasturias.com\/noticias\/en-bici-por-las-praderas-de-alemania\/#mainImage","width":960,"height":640},"primaryImageOfPage":{"@id":"https:\/\/www.eldigitaldeasturias.com\/noticias\/en-bici-por-las-praderas-de-alemania\/#mainImage"},"datePublished":"2019-08-07T10:29:51+02:00","dateModified":"2019-08-07T10:29:51+02:00"},{"@type":"WebSite","@id":"https:\/\/www.eldigitaldeasturias.com\/noticias\/#website","url":"https:\/\/www.eldigitaldeasturias.com\/noticias\/","name":"El Digital de Asturias - Diario de actualidad y noticias","alternateName":"El Digital de Asturias - Diario de actualidad y noticias","description":"Hemeroteca","inLanguage":"es-ES","publisher":{"@id":"https:\/\/www.eldigitaldeasturias.com\/noticias\/#organization"}}]},"og:locale":"es_ES","og:site_name":"El Digital de Asturias","og:type":"article","og:title":"En bici por las praderas de Alemania - El Digital de Asturias","og:description":"(dpa) - Para quienes disfrutan de las vacaciones en movimiento, no hay mejor lugar para recorrer en bici que los lagos de Franconia, en el sur de Alemania. Las orillas son pr\u00e1cticamente planas en todo el recorrido, que tiene aproximadamente 460 kil\u00f3metros y atraviesa el parque Altm\u00fchltal y regiones rom\u00e1nticas de Baviera. El sendero pasa","og:url":"https:\/\/www.eldigitaldeasturias.com\/noticias\/en-bici-por-las-praderas-de-alemania\/","og:image":"https:\/\/www.eldigitaldeasturias.com\/noticias\/wp-content\/uploads\/2019\/08\/bicycle-1838605_960_720.jpg","og:image:secure_url":"https:\/\/www.eldigitaldeasturias.com\/noticias\/wp-content\/uploads\/2019\/08\/bicycle-1838605_960_720.jpg","og:image:width":960,"og:image:height":640,"article:tag":["turismo"],"article:published_time":"2019-08-07T10:29:51+00:00","article:modified_time":"2019-08-07T10:29:51+00:00","article:publisher":"https:\/\/facebook.com\/eldigitaldeasturias","twitter:card":"summary_large_image","twitter:title":"En bici por las praderas de Alemania - El Digital de Asturias","twitter:description":"(dpa) - Para quienes disfrutan de las vacaciones en movimiento, no hay mejor lugar para recorrer en bici que los lagos de Franconia, en el sur de Alemania. Las orillas son pr\u00e1cticamente planas en todo el recorrido, que tiene aproximadamente 460 kil\u00f3metros y atraviesa el parque Altm\u00fchltal y regiones rom\u00e1nticas de Baviera. El sendero pasa","twitter:image":"https:\/\/www.eldigitaldeasturias.com\/noticias\/wp-content\/uploads\/2019\/08\/bicycle-1838605_960_720.jpg","twitter:label1":"Escrito por","twitter:data1":"El Digital de Asturias"},"aioseo_meta_data":{"post_id":"1037065","title":null,"description":null,"keywords":null,"keyphrases":null,"primary_term":null,"canonical_url":null,"og_title":null,"og_description":null,"og_object_type":"default","og_image_type":"default","og_image_url":null,"og_image_width":null,"og_image_height":null,"og_image_custom_url":null,"og_image_custom_fields":null,"og_video":null,"og_custom_url":null,"og_article_section":null,"og_article_tags":null,"twitter_use_og":false,"twitter_card":"default","twitter_image_type":"default","twitter_image_url":null,"twitter_image_custom_url":null,"twitter_image_custom_fields":null,"twitter_title":null,"twitter_description":null,"schema":{"blockGraphs":[],"customGraphs":[],"default":{"data":{"Article":[],"Course":[],"Dataset":[],"FAQPage":[],"Movie":[],"Person":[],"Product":[],"ProductReview":[],"Car":[],"Recipe":[],"Service":[],"SoftwareApplication":[],"WebPage":[]},"graphName":"","isEnabled":true},"graphs":[],"defaultGraph":"","defaultPostTypeGraph":""},"schema_type":null,"schema_type_options":null,"pillar_content":false,"robots_default":true,"robots_noindex":false,"robots_noarchive":false,"robots_nosnippet":false,"robots_nofollow":false,"robots_noimageindex":false,"robots_noodp":false,"robots_notranslate":false,"robots_max_snippet":null,"robots_max_videopreview":null,"robots_max_imagepreview":"large","priority":null,"frequency":null,"local_seo":null,"seo_analyzer_scan_date":"2025-10-22 16:21:26","breadcrumb_settings":null,"limit_modified_date":false,"open_ai":null,"ai":null,"created":"2020-12-21 11:07:07","updated":"2025-10-22 16:21:26"},"aioseo_breadcrumb":"<div class=\"aioseo-breadcrumbs\"><span class=\"aioseo-breadcrumb\">\n\t<a href=\"https:\/\/www.eldigitaldeasturias.com\/noticias\" title=\"Home\">Home<\/a>\n<\/span><span class=\"aioseo-breadcrumb-separator\">\u2013<\/span><span class=\"aioseo-breadcrumb\">\n\t<a href=\"https:\/\/www.eldigitaldeasturias.com\/noticias\/category\/turismo\/\" title=\"Turismo\">Turismo<\/a>\n<\/span><span class=\"aioseo-breadcrumb-separator\">\u2013<\/span><span class=\"aioseo-breadcrumb\">\n\t<a href=\"https:\/\/www.eldigitaldeasturias.com\/noticias\/en-bici-por-las-praderas-de-alemania\/\" title=\"En bici por las praderas de Alemania\">En bici por las praderas de Alemania<\/a>\n<\/span><\/div>","aioseo_breadcrumb_json":[{"label":"Home","link":"https:\/\/www.eldigitaldeasturias.com\/noticias"},{"label":"Turismo","link":"https:\/\/www.eldigitaldeasturias.com\/noticias\/category\/turismo\/"},{"label":"En bici por las praderas de Alemania","link":"https:\/\/www.eldigitaldeasturias.com\/noticias\/en-bici-por-las-praderas-de-alemania\/"}],"_links":{"self":[{"href":"https:\/\/www.eldigitaldeasturias.com\/noticias\/wp-json\/wp\/v2\/posts\/1037065","targetHints":{"allow":["GET"]}}],"collection":[{"href":"https:\/\/www.eldigitaldeasturias.com\/noticias\/wp-json\/wp\/v2\/posts"}],"about":[{"href":"https:\/\/www.eldigitaldeasturias.com\/noticias\/wp-json\/wp\/v2\/types\/post"}],"author":[{"embeddable":true,"href":"https:\/\/www.eldigitaldeasturias.com\/noticias\/wp-json\/wp\/v2\/users\/1"}],"replies":[{"embeddable":true,"href":"https:\/\/www.eldigitaldeasturias.com\/noticias\/wp-json\/wp\/v2\/comments?post=1037065"}],"version-history":[{"count":0,"href":"https:\/\/www.eldigitaldeasturias.com\/noticias\/wp-json\/wp\/v2\/posts\/1037065\/revisions"}],"wp:featuredmedia":[{"embeddable":true,"href":"https:\/\/www.eldigitaldeasturias.com\/noticias\/wp-json\/wp\/v2\/media\/1037066"}],"wp:attachment":[{"href":"https:\/\/www.eldigitaldeasturias.com\/noticias\/wp-json\/wp\/v2\/media?parent=1037065"}],"wp:term":[{"taxonomy":"category","embeddable":true,"href":"https:\/\/www.eldigitaldeasturias.com\/noticias\/wp-json\/wp\/v2\/categories?post=1037065"},{"taxonomy":"post_tag","embeddable":true,"href":"https:\/\/www.eldigitaldeasturias.com\/noticias\/wp-json\/wp\/v2\/tags?post=1037065"}],"curies":[{"name":"wp","href":"https:\/\/api.w.org\/{rel}","templated":true}]}}