{"id":1036614,"date":"2019-08-01T22:10:26","date_gmt":"2019-08-01T22:10:26","guid":{"rendered":"https:\/\/www.eldigitaldeasturias.com\/noticias\/?p=1036614"},"modified":"2019-08-01T22:10:26","modified_gmt":"2019-08-01T22:10:26","slug":"siemens-se-muestra-pesimista-a-causa-de-los-riesgos-geopoliticos","status":"publish","type":"post","link":"https:\/\/www.eldigitaldeasturias.com\/noticias\/siemens-se-muestra-pesimista-a-causa-de-los-riesgos-geopoliticos\/","title":{"rendered":"Siemens se muestra pesimista a causa de los riesgos geopol\u00edticos"},"content":{"rendered":"<p><img loading=\"lazy\" decoding=\"async\" class=\"alignleft size-medium wp-image-984057\" src=\"https:\/\/www.eldigitaldeasturias.com\/noticias\/wp-content\/uploads\/2018\/06\/global-3385060_960_720-360x216.jpg\" alt=\"\" width=\"360\" height=\"216\" srcset=\"https:\/\/www.eldigitaldeasturias.com\/noticias\/wp-content\/uploads\/2018\/06\/global-3385060_960_720-360x216.jpg 360w, https:\/\/www.eldigitaldeasturias.com\/noticias\/wp-content\/uploads\/2018\/06\/global-3385060_960_720-480x288.jpg 480w, https:\/\/www.eldigitaldeasturias.com\/noticias\/wp-content\/uploads\/2018\/06\/global-3385060_960_720-768x461.jpg 768w, https:\/\/www.eldigitaldeasturias.com\/noticias\/wp-content\/uploads\/2018\/06\/global-3385060_960_720-690x414.jpg 690w, https:\/\/www.eldigitaldeasturias.com\/noticias\/wp-content\/uploads\/2018\/06\/global-3385060_960_720-20x12.jpg 20w, https:\/\/www.eldigitaldeasturias.com\/noticias\/wp-content\/uploads\/2018\/06\/global-3385060_960_720.jpg 960w\" sizes=\"auto, (max-width: 360px) 100vw, 360px\" \/>M\u00fanich, 1 ago (dpa) &#8211; El grupo tecnol\u00f3gico alem\u00e1n Siemens se mostr\u00f3 algo m\u00e1s pesimista para el a\u00f1o fiscal en curso 2018\/19 en vista de los riesgos globales, al presentar hoy las cifras para el tercer trimestre fiscal.<\/p>\n<p>Joe Kaeser, presidente ejecutivo de Siemens, se\u00f1al\u00f3 que la geopol\u00edtica y sus efectos en la econom\u00eda mundial da\u00f1an una propensi\u00f3n a invertir en s\u00ed positiva.<\/p>\n<p>El beneficio neto del grupo disminuy\u00f3 ligeramente en dicho tercer trimestre, de 1.100 millones de euros (1.224 millones de d\u00f3lares) a 1.000 millones de euros (1.112 millones de d\u00f3lares).<\/p>\n<p>Sin embargo, a pesar de este contexto algo turbio, Siemens aument\u00f3 sus ventas en un 4 por ciento, hasta ubicarse en aproximadamente 21.300 millones de euros, principalmente gracias al aumento de los ingresos de las dos filiales Siemens Gamesa y Siemens Healthineers.<\/p>\n<p>Adem\u00e1s, Siemens sigue teniendo una cartera de pedidos completa gracias a varios encargos importantes en Siemens Gamesa y en la divisi\u00f3n de tecnolog\u00eda ferroviaria.<\/p>\n<p>La empresa con sede en M\u00fanich confirm\u00f3 su previsi\u00f3n para el ejercicio en curso. Sin embargo, el Grupo asume ahora que el margen operativo (Ebita) esperado para el sector industrial alcanzar\u00e1 solo el extremo inferior del rango del 11 al 12 por ciento. Siemens tambi\u00e9n anunci\u00f3 que se espera que las ventas crezcan de manera moderada.<\/p>\n<p>El grupo germano se encuentra en medio de la mayor reestructuraci\u00f3n en a\u00f1os y tiene la intenci\u00f3n, a medio plazo, de desprenderse de sus actividades en el sector energ\u00e9tico y concentrarse en la digitalizaci\u00f3n.<\/p>\n<p>&nbsp;<\/p>\n","protected":false},"excerpt":{"rendered":"<p>M\u00fanich, 1 ago (dpa) &#8211; El grupo tecnol\u00f3gico alem\u00e1n Siemens se mostr\u00f3 algo m\u00e1s pesimista para el a\u00f1o fiscal en curso 2018\/19 en vista de los riesgos globales, al presentar hoy las cifras para el tercer trimestre fiscal. Joe Kaeser, presidente ejecutivo de Siemens, se\u00f1al\u00f3 que la geopol\u00edtica y sus efectos en la econom\u00eda mundial [&hellip;]<\/p>\n","protected":false},"author":1,"featured_media":984057,"comment_status":"closed","ping_status":"closed","sticky":false,"template":"","format":"standard","meta":{"footnotes":""},"categories":[219],"tags":[],"class_list":["post-1036614","post","type-post","status-publish","format-standard","has-post-thumbnail","hentry","category-negocios-y-empresas"],"aioseo_notices":[],"aioseo_head":"\n\t\t<!-- All in One SEO Pro 4.9.6.2 - aioseo.com -->\n\t<meta name=\"description\" content=\"M\u00fanich, 1 ago (dpa) - El grupo tecnol\u00f3gico alem\u00e1n Siemens se mostr\u00f3 algo m\u00e1s pesimista para el a\u00f1o fiscal en curso 2018\/19 en vista de los riesgos globales, al presentar hoy las cifras para el tercer trimestre fiscal. Joe Kaeser, presidente ejecutivo de Siemens, se\u00f1al\u00f3 que la geopol\u00edtica y sus efectos en la econom\u00eda mundial\" \/>\n\t<meta name=\"robots\" content=\"max-image-preview:large\" \/>\n\t<meta name=\"author\" content=\"El Digital de Asturias\"\/>\n\t<meta name=\"google-site-verification\" content=\"UA-38556648-1\" \/>\n\t<meta name=\"msvalidate.01\" content=\"7dfe9f3f1b24437ab69f4f2559babe99\" \/>\n\t<meta name=\"keywords\" content=\"negocios y empresas\" \/>\n\t<link rel=\"canonical\" href=\"https:\/\/www.eldigitaldeasturias.com\/noticias\/siemens-se-muestra-pesimista-a-causa-de-los-riesgos-geopoliticos\/\" \/>\n\t<meta name=\"generator\" content=\"All in One SEO Pro (AIOSEO) 4.9.6.2\" \/>\n\t\t<meta property=\"og:locale\" content=\"es_ES\" \/>\n\t\t<meta property=\"og:site_name\" content=\"El Digital de Asturias\" \/>\n\t\t<meta property=\"og:type\" content=\"article\" \/>\n\t\t<meta property=\"og:title\" content=\"Siemens se muestra pesimista a causa de los riesgos geopol\u00edticos - El Digital de Asturias\" \/>\n\t\t<meta property=\"og:description\" content=\"M\u00fanich, 1 ago (dpa) - El grupo tecnol\u00f3gico alem\u00e1n Siemens se mostr\u00f3 algo m\u00e1s pesimista para el a\u00f1o fiscal en curso 2018\/19 en vista de los riesgos globales, al presentar hoy las cifras para el tercer trimestre fiscal. Joe Kaeser, presidente ejecutivo de Siemens, se\u00f1al\u00f3 que la geopol\u00edtica y sus efectos en la econom\u00eda mundial\" \/>\n\t\t<meta property=\"og:url\" content=\"https:\/\/www.eldigitaldeasturias.com\/noticias\/siemens-se-muestra-pesimista-a-causa-de-los-riesgos-geopoliticos\/\" \/>\n\t\t<meta property=\"og:image\" content=\"https:\/\/www.eldigitaldeasturias.com\/noticias\/wp-content\/uploads\/2018\/06\/global-3385060_960_720.jpg\" \/>\n\t\t<meta property=\"og:image:secure_url\" content=\"https:\/\/www.eldigitaldeasturias.com\/noticias\/wp-content\/uploads\/2018\/06\/global-3385060_960_720.jpg\" \/>\n\t\t<meta property=\"og:image:width\" content=\"960\" \/>\n\t\t<meta property=\"og:image:height\" content=\"576\" \/>\n\t\t<meta property=\"article:tag\" content=\"negocios y empresas\" \/>\n\t\t<meta property=\"article:published_time\" content=\"2019-08-01T22:10:26+00:00\" \/>\n\t\t<meta property=\"article:modified_time\" content=\"2019-08-01T22:10:26+00:00\" \/>\n\t\t<meta property=\"article:publisher\" content=\"https:\/\/facebook.com\/eldigitaldeasturias\" \/>\n\t\t<meta name=\"twitter:card\" content=\"summary_large_image\" \/>\n\t\t<meta name=\"twitter:title\" content=\"Siemens se muestra pesimista a causa de los riesgos geopol\u00edticos - El Digital de Asturias\" \/>\n\t\t<meta name=\"twitter:description\" content=\"M\u00fanich, 1 ago (dpa) - El grupo tecnol\u00f3gico alem\u00e1n Siemens se mostr\u00f3 algo m\u00e1s pesimista para el a\u00f1o fiscal en curso 2018\/19 en vista de los riesgos globales, al presentar hoy las cifras para el tercer trimestre fiscal. Joe Kaeser, presidente ejecutivo de Siemens, se\u00f1al\u00f3 que la geopol\u00edtica y sus efectos en la econom\u00eda mundial\" \/>\n\t\t<meta name=\"twitter:image\" content=\"https:\/\/www.eldigitaldeasturias.com\/noticias\/wp-content\/uploads\/2018\/06\/global-3385060_960_720.jpg\" \/>\n\t\t<meta name=\"twitter:label1\" content=\"Escrito por\" \/>\n\t\t<meta name=\"twitter:data1\" content=\"El Digital de Asturias\" \/>\n\t\t<meta name=\"twitter:label2\" content=\"Tiempo de lectura estimado\" \/>\n\t\t<meta name=\"twitter:data2\" content=\"1 minuto\" \/>\n\t\t<script type=\"application\/ld+json\" class=\"aioseo-schema\">\n\t\t\t{\"@context\":\"https:\\\/\\\/schema.org\",\"@graph\":[{\"@type\":\"BlogPosting\",\"@id\":\"https:\\\/\\\/www.eldigitaldeasturias.com\\\/noticias\\\/siemens-se-muestra-pesimista-a-causa-de-los-riesgos-geopoliticos\\\/#blogposting\",\"name\":\"Siemens se muestra pesimista a causa de los riesgos geopol\\u00edticos - El Digital de Asturias\",\"headline\":\"Siemens se muestra pesimista a causa de los riesgos geopol\\u00edticos\",\"author\":{\"@id\":\"https:\\\/\\\/www.eldigitaldeasturias.com\\\/noticias\\\/author\\\/admin\\\/#author\"},\"publisher\":{\"@id\":\"https:\\\/\\\/www.eldigitaldeasturias.com\\\/noticias\\\/#organization\"},\"image\":{\"@type\":\"ImageObject\",\"url\":\"https:\\\/\\\/www.eldigitaldeasturias.com\\\/noticias\\\/wp-content\\\/uploads\\\/2018\\\/06\\\/global-3385060_960_720.jpg\",\"width\":960,\"height\":576},\"datePublished\":\"2019-08-01T22:10:26+02:00\",\"dateModified\":\"2019-08-01T22:10:26+02:00\",\"inLanguage\":\"es-ES\",\"mainEntityOfPage\":{\"@id\":\"https:\\\/\\\/www.eldigitaldeasturias.com\\\/noticias\\\/siemens-se-muestra-pesimista-a-causa-de-los-riesgos-geopoliticos\\\/#webpage\"},\"isPartOf\":{\"@id\":\"https:\\\/\\\/www.eldigitaldeasturias.com\\\/noticias\\\/siemens-se-muestra-pesimista-a-causa-de-los-riesgos-geopoliticos\\\/#webpage\"},\"articleSection\":\"Negocios y Empresas\"},{\"@type\":\"BreadcrumbList\",\"@id\":\"https:\\\/\\\/www.eldigitaldeasturias.com\\\/noticias\\\/siemens-se-muestra-pesimista-a-causa-de-los-riesgos-geopoliticos\\\/#breadcrumblist\",\"itemListElement\":[{\"@type\":\"ListItem\",\"@id\":\"https:\\\/\\\/www.eldigitaldeasturias.com\\\/noticias#listItem\",\"position\":1,\"name\":\"Home\",\"item\":\"https:\\\/\\\/www.eldigitaldeasturias.com\\\/noticias\",\"nextItem\":{\"@type\":\"ListItem\",\"@id\":\"https:\\\/\\\/www.eldigitaldeasturias.com\\\/noticias\\\/category\\\/negocios-y-empresas\\\/#listItem\",\"name\":\"Negocios y Empresas\"}},{\"@type\":\"ListItem\",\"@id\":\"https:\\\/\\\/www.eldigitaldeasturias.com\\\/noticias\\\/category\\\/negocios-y-empresas\\\/#listItem\",\"position\":2,\"name\":\"Negocios y Empresas\",\"item\":\"https:\\\/\\\/www.eldigitaldeasturias.com\\\/noticias\\\/category\\\/negocios-y-empresas\\\/\",\"nextItem\":{\"@type\":\"ListItem\",\"@id\":\"https:\\\/\\\/www.eldigitaldeasturias.com\\\/noticias\\\/siemens-se-muestra-pesimista-a-causa-de-los-riesgos-geopoliticos\\\/#listItem\",\"name\":\"Siemens se muestra pesimista a causa de los riesgos geopol\\u00edticos\"},\"previousItem\":{\"@type\":\"ListItem\",\"@id\":\"https:\\\/\\\/www.eldigitaldeasturias.com\\\/noticias#listItem\",\"name\":\"Home\"}},{\"@type\":\"ListItem\",\"@id\":\"https:\\\/\\\/www.eldigitaldeasturias.com\\\/noticias\\\/siemens-se-muestra-pesimista-a-causa-de-los-riesgos-geopoliticos\\\/#listItem\",\"position\":3,\"name\":\"Siemens se muestra pesimista a causa de los riesgos geopol\\u00edticos\",\"previousItem\":{\"@type\":\"ListItem\",\"@id\":\"https:\\\/\\\/www.eldigitaldeasturias.com\\\/noticias\\\/category\\\/negocios-y-empresas\\\/#listItem\",\"name\":\"Negocios y Empresas\"}}]},{\"@type\":\"Organization\",\"@id\":\"https:\\\/\\\/www.eldigitaldeasturias.com\\\/noticias\\\/#organization\",\"name\":\"El Digital de Asturias\",\"description\":\"Hemeroteca\",\"url\":\"https:\\\/\\\/www.eldigitaldeasturias.com\\\/noticias\\\/\",\"email\":\"info@eldigitaldeasturias.com\",\"telephone\":\"+34652131393\",\"logo\":{\"@type\":\"ImageObject\",\"url\":\"https:\\\/\\\/www.eldigitaldeasturias.com\\\/noticias\\\/wp-content\\\/uploads\\\/2020\\\/12\\\/EDA.jpg\",\"@id\":\"https:\\\/\\\/www.eldigitaldeasturias.com\\\/noticias\\\/siemens-se-muestra-pesimista-a-causa-de-los-riesgos-geopoliticos\\\/#organizationLogo\",\"width\":649,\"height\":297},\"image\":{\"@id\":\"https:\\\/\\\/www.eldigitaldeasturias.com\\\/noticias\\\/siemens-se-muestra-pesimista-a-causa-de-los-riesgos-geopoliticos\\\/#organizationLogo\"},\"sameAs\":[\"https:\\\/\\\/facebook.com\\\/eldigitaldeasturias\",\"https:\\\/\\\/www.youtube.com\\\/channel\\\/UCZP-2wLEB9Rv6erhFmqVnvg\"],\"address\":{\"@id\":\"https:\\\/\\\/www.eldigitaldeasturias.com\\\/noticias\\\/#postaladdress\",\"@type\":\"PostalAddress\",\"streetAddress\":\"san antonio 4,\",\"postalCode\":\"33430\",\"addressLocality\":\"Cand\\u00e1s\",\"addressRegion\":\"Asturias\",\"addressCountry\":\"ES\"}},{\"@type\":\"Person\",\"@id\":\"https:\\\/\\\/www.eldigitaldeasturias.com\\\/noticias\\\/author\\\/admin\\\/#author\",\"url\":\"https:\\\/\\\/www.eldigitaldeasturias.com\\\/noticias\\\/author\\\/admin\\\/\",\"name\":\"El Digital de Asturias\",\"image\":{\"@type\":\"ImageObject\",\"@id\":\"https:\\\/\\\/www.eldigitaldeasturias.com\\\/noticias\\\/siemens-se-muestra-pesimista-a-causa-de-los-riesgos-geopoliticos\\\/#authorImage\",\"url\":\"https:\\\/\\\/www.eldigitaldeasturias.com\\\/noticias\\\/wp-content\\\/litespeed\\\/avatar\\\/18677e78aa0546b92d9dbf31ec7d7668.jpg?ver=1777290358\",\"width\":96,\"height\":96,\"caption\":\"El Digital de Asturias\"}},{\"@type\":\"WebPage\",\"@id\":\"https:\\\/\\\/www.eldigitaldeasturias.com\\\/noticias\\\/siemens-se-muestra-pesimista-a-causa-de-los-riesgos-geopoliticos\\\/#webpage\",\"url\":\"https:\\\/\\\/www.eldigitaldeasturias.com\\\/noticias\\\/siemens-se-muestra-pesimista-a-causa-de-los-riesgos-geopoliticos\\\/\",\"name\":\"Siemens se muestra pesimista a causa de los riesgos geopol\\u00edticos - El Digital de Asturias\",\"description\":\"M\\u00fanich, 1 ago (dpa) - El grupo tecnol\\u00f3gico alem\\u00e1n Siemens se mostr\\u00f3 algo m\\u00e1s pesimista para el a\\u00f1o fiscal en curso 2018\\\/19 en vista de los riesgos globales, al presentar hoy las cifras para el tercer trimestre fiscal. Joe Kaeser, presidente ejecutivo de Siemens, se\\u00f1al\\u00f3 que la geopol\\u00edtica y sus efectos en la econom\\u00eda mundial\",\"inLanguage\":\"es-ES\",\"isPartOf\":{\"@id\":\"https:\\\/\\\/www.eldigitaldeasturias.com\\\/noticias\\\/#website\"},\"breadcrumb\":{\"@id\":\"https:\\\/\\\/www.eldigitaldeasturias.com\\\/noticias\\\/siemens-se-muestra-pesimista-a-causa-de-los-riesgos-geopoliticos\\\/#breadcrumblist\"},\"author\":{\"@id\":\"https:\\\/\\\/www.eldigitaldeasturias.com\\\/noticias\\\/author\\\/admin\\\/#author\"},\"creator\":{\"@id\":\"https:\\\/\\\/www.eldigitaldeasturias.com\\\/noticias\\\/author\\\/admin\\\/#author\"},\"image\":{\"@type\":\"ImageObject\",\"url\":\"https:\\\/\\\/www.eldigitaldeasturias.com\\\/noticias\\\/wp-content\\\/uploads\\\/2018\\\/06\\\/global-3385060_960_720.jpg\",\"@id\":\"https:\\\/\\\/www.eldigitaldeasturias.com\\\/noticias\\\/siemens-se-muestra-pesimista-a-causa-de-los-riesgos-geopoliticos\\\/#mainImage\",\"width\":960,\"height\":576},\"primaryImageOfPage\":{\"@id\":\"https:\\\/\\\/www.eldigitaldeasturias.com\\\/noticias\\\/siemens-se-muestra-pesimista-a-causa-de-los-riesgos-geopoliticos\\\/#mainImage\"},\"datePublished\":\"2019-08-01T22:10:26+02:00\",\"dateModified\":\"2019-08-01T22:10:26+02:00\"},{\"@type\":\"WebSite\",\"@id\":\"https:\\\/\\\/www.eldigitaldeasturias.com\\\/noticias\\\/#website\",\"url\":\"https:\\\/\\\/www.eldigitaldeasturias.com\\\/noticias\\\/\",\"name\":\"El Digital de Asturias - Diario de actualidad y noticias\",\"alternateName\":\"El Digital de Asturias - Diario de actualidad y noticias\",\"description\":\"Hemeroteca\",\"inLanguage\":\"es-ES\",\"publisher\":{\"@id\":\"https:\\\/\\\/www.eldigitaldeasturias.com\\\/noticias\\\/#organization\"}}]}\n\t\t<\/script>\n\t\t<!-- All in One SEO Pro -->\r\n\t\t<title>Siemens se muestra pesimista a causa de los riesgos geopol\u00edticos - El Digital de Asturias<\/title>\n\n","aioseo_head_json":{"title":"Siemens se muestra pesimista a causa de los riesgos geopol\u00edticos - El Digital de Asturias","description":"M\u00fanich, 1 ago (dpa) - El grupo tecnol\u00f3gico alem\u00e1n Siemens se mostr\u00f3 algo m\u00e1s pesimista para el a\u00f1o fiscal en curso 2018\/19 en vista de los riesgos globales, al presentar hoy las cifras para el tercer trimestre fiscal. Joe Kaeser, presidente ejecutivo de Siemens, se\u00f1al\u00f3 que la geopol\u00edtica y sus efectos en la econom\u00eda mundial","canonical_url":"https:\/\/www.eldigitaldeasturias.com\/noticias\/siemens-se-muestra-pesimista-a-causa-de-los-riesgos-geopoliticos\/","robots":"max-image-preview:large","keywords":"negocios y empresas","webmasterTools":{"google-site-verification":"UA-38556648-1","msvalidate.01":"7dfe9f3f1b24437ab69f4f2559babe99","miscellaneous":""},"schema":{"@context":"https:\/\/schema.org","@graph":[{"@type":"BlogPosting","@id":"https:\/\/www.eldigitaldeasturias.com\/noticias\/siemens-se-muestra-pesimista-a-causa-de-los-riesgos-geopoliticos\/#blogposting","name":"Siemens se muestra pesimista a causa de los riesgos geopol\u00edticos - El Digital de Asturias","headline":"Siemens se muestra pesimista a causa de los riesgos geopol\u00edticos","author":{"@id":"https:\/\/www.eldigitaldeasturias.com\/noticias\/author\/admin\/#author"},"publisher":{"@id":"https:\/\/www.eldigitaldeasturias.com\/noticias\/#organization"},"image":{"@type":"ImageObject","url":"https:\/\/www.eldigitaldeasturias.com\/noticias\/wp-content\/uploads\/2018\/06\/global-3385060_960_720.jpg","width":960,"height":576},"datePublished":"2019-08-01T22:10:26+02:00","dateModified":"2019-08-01T22:10:26+02:00","inLanguage":"es-ES","mainEntityOfPage":{"@id":"https:\/\/www.eldigitaldeasturias.com\/noticias\/siemens-se-muestra-pesimista-a-causa-de-los-riesgos-geopoliticos\/#webpage"},"isPartOf":{"@id":"https:\/\/www.eldigitaldeasturias.com\/noticias\/siemens-se-muestra-pesimista-a-causa-de-los-riesgos-geopoliticos\/#webpage"},"articleSection":"Negocios y Empresas"},{"@type":"BreadcrumbList","@id":"https:\/\/www.eldigitaldeasturias.com\/noticias\/siemens-se-muestra-pesimista-a-causa-de-los-riesgos-geopoliticos\/#breadcrumblist","itemListElement":[{"@type":"ListItem","@id":"https:\/\/www.eldigitaldeasturias.com\/noticias#listItem","position":1,"name":"Home","item":"https:\/\/www.eldigitaldeasturias.com\/noticias","nextItem":{"@type":"ListItem","@id":"https:\/\/www.eldigitaldeasturias.com\/noticias\/category\/negocios-y-empresas\/#listItem","name":"Negocios y Empresas"}},{"@type":"ListItem","@id":"https:\/\/www.eldigitaldeasturias.com\/noticias\/category\/negocios-y-empresas\/#listItem","position":2,"name":"Negocios y Empresas","item":"https:\/\/www.eldigitaldeasturias.com\/noticias\/category\/negocios-y-empresas\/","nextItem":{"@type":"ListItem","@id":"https:\/\/www.eldigitaldeasturias.com\/noticias\/siemens-se-muestra-pesimista-a-causa-de-los-riesgos-geopoliticos\/#listItem","name":"Siemens se muestra pesimista a causa de los riesgos geopol\u00edticos"},"previousItem":{"@type":"ListItem","@id":"https:\/\/www.eldigitaldeasturias.com\/noticias#listItem","name":"Home"}},{"@type":"ListItem","@id":"https:\/\/www.eldigitaldeasturias.com\/noticias\/siemens-se-muestra-pesimista-a-causa-de-los-riesgos-geopoliticos\/#listItem","position":3,"name":"Siemens se muestra pesimista a causa de los riesgos geopol\u00edticos","previousItem":{"@type":"ListItem","@id":"https:\/\/www.eldigitaldeasturias.com\/noticias\/category\/negocios-y-empresas\/#listItem","name":"Negocios y Empresas"}}]},{"@type":"Organization","@id":"https:\/\/www.eldigitaldeasturias.com\/noticias\/#organization","name":"El Digital de Asturias","description":"Hemeroteca","url":"https:\/\/www.eldigitaldeasturias.com\/noticias\/","email":"info@eldigitaldeasturias.com","telephone":"+34652131393","logo":{"@type":"ImageObject","url":"https:\/\/www.eldigitaldeasturias.com\/noticias\/wp-content\/uploads\/2020\/12\/EDA.jpg","@id":"https:\/\/www.eldigitaldeasturias.com\/noticias\/siemens-se-muestra-pesimista-a-causa-de-los-riesgos-geopoliticos\/#organizationLogo","width":649,"height":297},"image":{"@id":"https:\/\/www.eldigitaldeasturias.com\/noticias\/siemens-se-muestra-pesimista-a-causa-de-los-riesgos-geopoliticos\/#organizationLogo"},"sameAs":["https:\/\/facebook.com\/eldigitaldeasturias","https:\/\/www.youtube.com\/channel\/UCZP-2wLEB9Rv6erhFmqVnvg"],"address":{"@id":"https:\/\/www.eldigitaldeasturias.com\/noticias\/#postaladdress","@type":"PostalAddress","streetAddress":"san antonio 4,","postalCode":"33430","addressLocality":"Cand\u00e1s","addressRegion":"Asturias","addressCountry":"ES"}},{"@type":"Person","@id":"https:\/\/www.eldigitaldeasturias.com\/noticias\/author\/admin\/#author","url":"https:\/\/www.eldigitaldeasturias.com\/noticias\/author\/admin\/","name":"El Digital de Asturias","image":{"@type":"ImageObject","@id":"https:\/\/www.eldigitaldeasturias.com\/noticias\/siemens-se-muestra-pesimista-a-causa-de-los-riesgos-geopoliticos\/#authorImage","url":"https:\/\/www.eldigitaldeasturias.com\/noticias\/wp-content\/litespeed\/avatar\/18677e78aa0546b92d9dbf31ec7d7668.jpg?ver=1777290358","width":96,"height":96,"caption":"El Digital de Asturias"}},{"@type":"WebPage","@id":"https:\/\/www.eldigitaldeasturias.com\/noticias\/siemens-se-muestra-pesimista-a-causa-de-los-riesgos-geopoliticos\/#webpage","url":"https:\/\/www.eldigitaldeasturias.com\/noticias\/siemens-se-muestra-pesimista-a-causa-de-los-riesgos-geopoliticos\/","name":"Siemens se muestra pesimista a causa de los riesgos geopol\u00edticos - El Digital de Asturias","description":"M\u00fanich, 1 ago (dpa) - El grupo tecnol\u00f3gico alem\u00e1n Siemens se mostr\u00f3 algo m\u00e1s pesimista para el a\u00f1o fiscal en curso 2018\/19 en vista de los riesgos globales, al presentar hoy las cifras para el tercer trimestre fiscal. Joe Kaeser, presidente ejecutivo de Siemens, se\u00f1al\u00f3 que la geopol\u00edtica y sus efectos en la econom\u00eda mundial","inLanguage":"es-ES","isPartOf":{"@id":"https:\/\/www.eldigitaldeasturias.com\/noticias\/#website"},"breadcrumb":{"@id":"https:\/\/www.eldigitaldeasturias.com\/noticias\/siemens-se-muestra-pesimista-a-causa-de-los-riesgos-geopoliticos\/#breadcrumblist"},"author":{"@id":"https:\/\/www.eldigitaldeasturias.com\/noticias\/author\/admin\/#author"},"creator":{"@id":"https:\/\/www.eldigitaldeasturias.com\/noticias\/author\/admin\/#author"},"image":{"@type":"ImageObject","url":"https:\/\/www.eldigitaldeasturias.com\/noticias\/wp-content\/uploads\/2018\/06\/global-3385060_960_720.jpg","@id":"https:\/\/www.eldigitaldeasturias.com\/noticias\/siemens-se-muestra-pesimista-a-causa-de-los-riesgos-geopoliticos\/#mainImage","width":960,"height":576},"primaryImageOfPage":{"@id":"https:\/\/www.eldigitaldeasturias.com\/noticias\/siemens-se-muestra-pesimista-a-causa-de-los-riesgos-geopoliticos\/#mainImage"},"datePublished":"2019-08-01T22:10:26+02:00","dateModified":"2019-08-01T22:10:26+02:00"},{"@type":"WebSite","@id":"https:\/\/www.eldigitaldeasturias.com\/noticias\/#website","url":"https:\/\/www.eldigitaldeasturias.com\/noticias\/","name":"El Digital de Asturias - Diario de actualidad y noticias","alternateName":"El Digital de Asturias - Diario de actualidad y noticias","description":"Hemeroteca","inLanguage":"es-ES","publisher":{"@id":"https:\/\/www.eldigitaldeasturias.com\/noticias\/#organization"}}]},"og:locale":"es_ES","og:site_name":"El Digital de Asturias","og:type":"article","og:title":"Siemens se muestra pesimista a causa de los riesgos geopol\u00edticos - El Digital de Asturias","og:description":"M\u00fanich, 1 ago (dpa) - El grupo tecnol\u00f3gico alem\u00e1n Siemens se mostr\u00f3 algo m\u00e1s pesimista para el a\u00f1o fiscal en curso 2018\/19 en vista de los riesgos globales, al presentar hoy las cifras para el tercer trimestre fiscal. Joe Kaeser, presidente ejecutivo de Siemens, se\u00f1al\u00f3 que la geopol\u00edtica y sus efectos en la econom\u00eda mundial","og:url":"https:\/\/www.eldigitaldeasturias.com\/noticias\/siemens-se-muestra-pesimista-a-causa-de-los-riesgos-geopoliticos\/","og:image":"https:\/\/www.eldigitaldeasturias.com\/noticias\/wp-content\/uploads\/2018\/06\/global-3385060_960_720.jpg","og:image:secure_url":"https:\/\/www.eldigitaldeasturias.com\/noticias\/wp-content\/uploads\/2018\/06\/global-3385060_960_720.jpg","og:image:width":960,"og:image:height":576,"article:tag":["negocios y empresas"],"article:published_time":"2019-08-01T22:10:26+00:00","article:modified_time":"2019-08-01T22:10:26+00:00","article:publisher":"https:\/\/facebook.com\/eldigitaldeasturias","twitter:card":"summary_large_image","twitter:title":"Siemens se muestra pesimista a causa de los riesgos geopol\u00edticos - El Digital de Asturias","twitter:description":"M\u00fanich, 1 ago (dpa) - El grupo tecnol\u00f3gico alem\u00e1n Siemens se mostr\u00f3 algo m\u00e1s pesimista para el a\u00f1o fiscal en curso 2018\/19 en vista de los riesgos globales, al presentar hoy las cifras para el tercer trimestre fiscal. Joe Kaeser, presidente ejecutivo de Siemens, se\u00f1al\u00f3 que la geopol\u00edtica y sus efectos en la econom\u00eda mundial","twitter:image":"https:\/\/www.eldigitaldeasturias.com\/noticias\/wp-content\/uploads\/2018\/06\/global-3385060_960_720.jpg","twitter:label1":"Escrito por","twitter:data1":"El Digital de Asturias","twitter:label2":"Tiempo de lectura estimado","twitter:data2":"1 minuto"},"aioseo_meta_data":{"post_id":"1036614","title":null,"description":null,"keywords":null,"keyphrases":null,"primary_term":null,"canonical_url":null,"og_title":null,"og_description":null,"og_object_type":"default","og_image_type":"default","og_image_url":null,"og_image_width":null,"og_image_height":null,"og_image_custom_url":null,"og_image_custom_fields":null,"og_video":null,"og_custom_url":null,"og_article_section":null,"og_article_tags":null,"twitter_use_og":false,"twitter_card":"default","twitter_image_type":"default","twitter_image_url":null,"twitter_image_custom_url":null,"twitter_image_custom_fields":null,"twitter_title":null,"twitter_description":null,"schema":{"blockGraphs":[],"customGraphs":[],"default":{"data":{"Article":[],"Course":[],"Dataset":[],"FAQPage":[],"Movie":[],"Person":[],"Product":[],"ProductReview":[],"Car":[],"Recipe":[],"Service":[],"SoftwareApplication":[],"WebPage":[]},"graphName":"","isEnabled":true},"graphs":[],"defaultGraph":"","defaultPostTypeGraph":""},"schema_type":null,"schema_type_options":null,"pillar_content":false,"robots_default":true,"robots_noindex":false,"robots_noarchive":false,"robots_nosnippet":false,"robots_nofollow":false,"robots_noimageindex":false,"robots_noodp":false,"robots_notranslate":false,"robots_max_snippet":null,"robots_max_videopreview":null,"robots_max_imagepreview":"large","priority":null,"frequency":null,"local_seo":null,"seo_analyzer_scan_date":"2025-10-22 14:11:30","breadcrumb_settings":null,"limit_modified_date":false,"open_ai":null,"ai":null,"created":"2020-12-21 11:07:14","updated":"2025-10-22 14:11:30"},"aioseo_breadcrumb":"<div class=\"aioseo-breadcrumbs\"><span class=\"aioseo-breadcrumb\">\n\t<a href=\"https:\/\/www.eldigitaldeasturias.com\/noticias\" title=\"Home\">Home<\/a>\n<\/span><span class=\"aioseo-breadcrumb-separator\">\u2013<\/span><span class=\"aioseo-breadcrumb\">\n\t<a href=\"https:\/\/www.eldigitaldeasturias.com\/noticias\/category\/negocios-y-empresas\/\" title=\"Negocios y Empresas\">Negocios y Empresas<\/a>\n<\/span><span class=\"aioseo-breadcrumb-separator\">\u2013<\/span><span class=\"aioseo-breadcrumb\">\n\t<a href=\"https:\/\/www.eldigitaldeasturias.com\/noticias\/siemens-se-muestra-pesimista-a-causa-de-los-riesgos-geopoliticos\/\" title=\"Siemens se muestra pesimista a causa de los riesgos geopol\u00edticos\">Siemens se muestra pesimista a causa de los riesgos geopol\u00edticos<\/a>\n<\/span><\/div>","aioseo_breadcrumb_json":[{"label":"Home","link":"https:\/\/www.eldigitaldeasturias.com\/noticias"},{"label":"Negocios y Empresas","link":"https:\/\/www.eldigitaldeasturias.com\/noticias\/category\/negocios-y-empresas\/"},{"label":"Siemens se muestra pesimista a causa de los riesgos geopol\u00edticos","link":"https:\/\/www.eldigitaldeasturias.com\/noticias\/siemens-se-muestra-pesimista-a-causa-de-los-riesgos-geopoliticos\/"}],"_links":{"self":[{"href":"https:\/\/www.eldigitaldeasturias.com\/noticias\/wp-json\/wp\/v2\/posts\/1036614","targetHints":{"allow":["GET"]}}],"collection":[{"href":"https:\/\/www.eldigitaldeasturias.com\/noticias\/wp-json\/wp\/v2\/posts"}],"about":[{"href":"https:\/\/www.eldigitaldeasturias.com\/noticias\/wp-json\/wp\/v2\/types\/post"}],"author":[{"embeddable":true,"href":"https:\/\/www.eldigitaldeasturias.com\/noticias\/wp-json\/wp\/v2\/users\/1"}],"replies":[{"embeddable":true,"href":"https:\/\/www.eldigitaldeasturias.com\/noticias\/wp-json\/wp\/v2\/comments?post=1036614"}],"version-history":[{"count":0,"href":"https:\/\/www.eldigitaldeasturias.com\/noticias\/wp-json\/wp\/v2\/posts\/1036614\/revisions"}],"wp:featuredmedia":[{"embeddable":true,"href":"https:\/\/www.eldigitaldeasturias.com\/noticias\/wp-json\/wp\/v2\/media\/984057"}],"wp:attachment":[{"href":"https:\/\/www.eldigitaldeasturias.com\/noticias\/wp-json\/wp\/v2\/media?parent=1036614"}],"wp:term":[{"taxonomy":"category","embeddable":true,"href":"https:\/\/www.eldigitaldeasturias.com\/noticias\/wp-json\/wp\/v2\/categories?post=1036614"},{"taxonomy":"post_tag","embeddable":true,"href":"https:\/\/www.eldigitaldeasturias.com\/noticias\/wp-json\/wp\/v2\/tags?post=1036614"}],"curies":[{"name":"wp","href":"https:\/\/api.w.org\/{rel}","templated":true}]}}