{"id":1036611,"date":"2019-08-01T22:01:57","date_gmt":"2019-08-01T22:01:57","guid":{"rendered":"https:\/\/www.eldigitaldeasturias.com\/noticias\/?p=1036611"},"modified":"2019-08-01T22:01:57","modified_gmt":"2019-08-01T22:01:57","slug":"aumenta-la-presencia-femenina-en-cargos-directivos-empresariales-en-alemania","status":"publish","type":"post","link":"https:\/\/www.eldigitaldeasturias.com\/noticias\/aumenta-la-presencia-femenina-en-cargos-directivos-empresariales-en-alemania\/","title":{"rendered":"Aumenta la presencia femenina en cargos directivos empresariales en Alemania"},"content":{"rendered":"<p><img loading=\"lazy\" decoding=\"async\" class=\"alignleft size-medium wp-image-1036612\" src=\"https:\/\/www.eldigitaldeasturias.com\/noticias\/wp-content\/uploads\/2019\/08\/cargos-directivos-360x238.jpg\" alt=\"\" width=\"360\" height=\"238\" srcset=\"https:\/\/www.eldigitaldeasturias.com\/noticias\/wp-content\/uploads\/2019\/08\/cargos-directivos-360x238.jpg 360w, https:\/\/www.eldigitaldeasturias.com\/noticias\/wp-content\/uploads\/2019\/08\/cargos-directivos-768x507.jpg 768w, https:\/\/www.eldigitaldeasturias.com\/noticias\/wp-content\/uploads\/2019\/08\/cargos-directivos-650x429.jpg 650w, https:\/\/www.eldigitaldeasturias.com\/noticias\/wp-content\/uploads\/2019\/08\/cargos-directivos.jpg 1009w\" sizes=\"auto, (max-width: 360px) 100vw, 360px\" \/>Fr\u00e1ncfort, 1 ago (dpa) &#8211; El n\u00famero de mujeres en los cargos de direcci\u00f3n de empresas que cotizan en bolsa en Alemania aument\u00f3 por octava vez consecutiva, revela un an\u00e1lisis publicado hoy por la consultor\u00eda Ernst&amp;Young (EY).<\/p>\n<p>En el primer semestre del a\u00f1o hab\u00eda 61 mujeres en las juntas directivas de las 160 empresas que cotizan en los \u00edndices burs\u00e1tiles Dax, MDax y SDax, seg\u00fan el estudio.<\/p>\n<p>De acuerdo con estas cifras, la participaci\u00f3n femenina en los comit\u00e9s ejecutivos alcanz\u00f3 un nuevo nivel r\u00e9cord de 8,7 por ciento.<\/p>\n<p>Sin embargo, los hombres siguen dominando estos altos cargos: 640 de los 701 miembros de juntas directivas son hombres, dos de cada tres empresas est\u00e1n dirigidas exclusivamente por directivos de sexo masculino.<\/p>\n<p>\u00abSi el n\u00famero de mujeres en juntas directivas contin\u00faa aumentando tan lentamente como en la primera mitad de este a\u00f1o, se necesitar\u00e1 hasta 2048 para que un tercio de estos puestos est\u00e9n ocupados por mujeres\u00bb, calcul\u00f3 Markus Heinen de EY.<\/p>\n<p>Seg\u00fan el experto, el hecho de que actualmente no haya m\u00e1s mujeres en los puestos directivos se debe tambi\u00e9n a que, a diferencia de los consejos de supervisi\u00f3n, no hay para este \u00e1mbito una cuota femenina establecida por ley. \u00abComo resultado, la presi\u00f3n de colocar a mujeres en las juntas directivas no es tan grande\u00bb, explic\u00f3.<\/p>\n<p>Las aproximadamente 100 mayores empresas que cotizan en bolsa deben garantizar que al menos el 30 por ciento de los puestos del consejo de supervisi\u00f3n sean ocupados por mujeres. En cambio, no hay una cuota femenina para los miembros de juntas directivas.<\/p>\n<p><em>Foto: Oliver Berg\/dpa\u00a0<\/em><\/p>\n<p>&nbsp;<\/p>\n","protected":false},"excerpt":{"rendered":"<p>Fr\u00e1ncfort, 1 ago (dpa) &#8211; El n\u00famero de mujeres en los cargos de direcci\u00f3n de empresas que cotizan en bolsa en Alemania aument\u00f3 por octava vez consecutiva, revela un an\u00e1lisis publicado hoy por la consultor\u00eda Ernst&amp;Young (EY). En el primer semestre del a\u00f1o hab\u00eda 61 mujeres en las juntas directivas de las 160 empresas que [&hellip;]<\/p>\n","protected":false},"author":1,"featured_media":1036612,"comment_status":"closed","ping_status":"closed","sticky":false,"template":"","format":"standard","meta":{"footnotes":""},"categories":[219],"tags":[],"class_list":["post-1036611","post","type-post","status-publish","format-standard","has-post-thumbnail","hentry","category-negocios-y-empresas"],"aioseo_notices":[],"aioseo_head":"\n\t\t<!-- All in One SEO Pro 4.9.6.2 - aioseo.com -->\n\t<meta name=\"description\" content=\"Fr\u00e1ncfort, 1 ago (dpa) - El n\u00famero de mujeres en los cargos de direcci\u00f3n de empresas que cotizan en bolsa en Alemania aument\u00f3 por octava vez consecutiva, revela un an\u00e1lisis publicado hoy por la consultor\u00eda Ernst&amp;Young (EY). En el primer semestre del a\u00f1o hab\u00eda 61 mujeres en las juntas directivas de las 160 empresas que\" \/>\n\t<meta name=\"robots\" content=\"max-image-preview:large\" \/>\n\t<meta name=\"author\" content=\"El Digital de Asturias\"\/>\n\t<meta name=\"google-site-verification\" content=\"UA-38556648-1\" \/>\n\t<meta name=\"msvalidate.01\" content=\"7dfe9f3f1b24437ab69f4f2559babe99\" \/>\n\t<meta name=\"keywords\" content=\"negocios y empresas\" \/>\n\t<link rel=\"canonical\" href=\"https:\/\/www.eldigitaldeasturias.com\/noticias\/aumenta-la-presencia-femenina-en-cargos-directivos-empresariales-en-alemania\/\" \/>\n\t<meta name=\"generator\" content=\"All in One SEO Pro (AIOSEO) 4.9.6.2\" \/>\n\t\t<meta property=\"og:locale\" content=\"es_ES\" \/>\n\t\t<meta property=\"og:site_name\" content=\"El Digital de Asturias\" \/>\n\t\t<meta property=\"og:type\" content=\"article\" \/>\n\t\t<meta property=\"og:title\" content=\"Aumenta la presencia femenina en cargos directivos empresariales en Alemania - El Digital de Asturias\" \/>\n\t\t<meta property=\"og:description\" content=\"Fr\u00e1ncfort, 1 ago (dpa) - El n\u00famero de mujeres en los cargos de direcci\u00f3n de empresas que cotizan en bolsa en Alemania aument\u00f3 por octava vez consecutiva, revela un an\u00e1lisis publicado hoy por la consultor\u00eda Ernst&amp;Young (EY). En el primer semestre del a\u00f1o hab\u00eda 61 mujeres en las juntas directivas de las 160 empresas que\" \/>\n\t\t<meta property=\"og:url\" content=\"https:\/\/www.eldigitaldeasturias.com\/noticias\/aumenta-la-presencia-femenina-en-cargos-directivos-empresariales-en-alemania\/\" \/>\n\t\t<meta property=\"og:image\" content=\"https:\/\/www.eldigitaldeasturias.com\/noticias\/wp-content\/uploads\/2019\/08\/cargos-directivos.jpg\" \/>\n\t\t<meta property=\"og:image:secure_url\" content=\"https:\/\/www.eldigitaldeasturias.com\/noticias\/wp-content\/uploads\/2019\/08\/cargos-directivos.jpg\" \/>\n\t\t<meta property=\"og:image:width\" content=\"1009\" \/>\n\t\t<meta property=\"og:image:height\" content=\"666\" \/>\n\t\t<meta property=\"article:tag\" content=\"negocios y empresas\" \/>\n\t\t<meta property=\"article:published_time\" content=\"2019-08-01T22:01:57+00:00\" \/>\n\t\t<meta property=\"article:modified_time\" content=\"2019-08-01T22:01:57+00:00\" \/>\n\t\t<meta property=\"article:publisher\" content=\"https:\/\/facebook.com\/eldigitaldeasturias\" \/>\n\t\t<meta name=\"twitter:card\" content=\"summary_large_image\" \/>\n\t\t<meta name=\"twitter:title\" content=\"Aumenta la presencia femenina en cargos directivos empresariales en Alemania - El Digital de Asturias\" \/>\n\t\t<meta name=\"twitter:description\" content=\"Fr\u00e1ncfort, 1 ago (dpa) - El n\u00famero de mujeres en los cargos de direcci\u00f3n de empresas que cotizan en bolsa en Alemania aument\u00f3 por octava vez consecutiva, revela un an\u00e1lisis publicado hoy por la consultor\u00eda Ernst&amp;Young (EY). En el primer semestre del a\u00f1o hab\u00eda 61 mujeres en las juntas directivas de las 160 empresas que\" \/>\n\t\t<meta name=\"twitter:image\" content=\"https:\/\/www.eldigitaldeasturias.com\/noticias\/wp-content\/uploads\/2019\/08\/cargos-directivos.jpg\" \/>\n\t\t<meta name=\"twitter:label1\" content=\"Escrito por\" \/>\n\t\t<meta name=\"twitter:data1\" content=\"El Digital de Asturias\" \/>\n\t\t<meta name=\"twitter:label2\" content=\"Tiempo de lectura estimado\" \/>\n\t\t<meta name=\"twitter:data2\" content=\"1 minuto\" \/>\n\t\t<script type=\"application\/ld+json\" class=\"aioseo-schema\">\n\t\t\t{\"@context\":\"https:\\\/\\\/schema.org\",\"@graph\":[{\"@type\":\"BlogPosting\",\"@id\":\"https:\\\/\\\/www.eldigitaldeasturias.com\\\/noticias\\\/aumenta-la-presencia-femenina-en-cargos-directivos-empresariales-en-alemania\\\/#blogposting\",\"name\":\"Aumenta la presencia femenina en cargos directivos empresariales en Alemania - El Digital de Asturias\",\"headline\":\"Aumenta la presencia femenina en cargos directivos empresariales en Alemania\",\"author\":{\"@id\":\"https:\\\/\\\/www.eldigitaldeasturias.com\\\/noticias\\\/author\\\/admin\\\/#author\"},\"publisher\":{\"@id\":\"https:\\\/\\\/www.eldigitaldeasturias.com\\\/noticias\\\/#organization\"},\"image\":{\"@type\":\"ImageObject\",\"url\":\"https:\\\/\\\/www.eldigitaldeasturias.com\\\/noticias\\\/wp-content\\\/uploads\\\/2019\\\/08\\\/cargos-directivos.jpg\",\"width\":1009,\"height\":666},\"datePublished\":\"2019-08-01T22:01:57+02:00\",\"dateModified\":\"2019-08-01T22:01:57+02:00\",\"inLanguage\":\"es-ES\",\"mainEntityOfPage\":{\"@id\":\"https:\\\/\\\/www.eldigitaldeasturias.com\\\/noticias\\\/aumenta-la-presencia-femenina-en-cargos-directivos-empresariales-en-alemania\\\/#webpage\"},\"isPartOf\":{\"@id\":\"https:\\\/\\\/www.eldigitaldeasturias.com\\\/noticias\\\/aumenta-la-presencia-femenina-en-cargos-directivos-empresariales-en-alemania\\\/#webpage\"},\"articleSection\":\"Negocios y Empresas\"},{\"@type\":\"BreadcrumbList\",\"@id\":\"https:\\\/\\\/www.eldigitaldeasturias.com\\\/noticias\\\/aumenta-la-presencia-femenina-en-cargos-directivos-empresariales-en-alemania\\\/#breadcrumblist\",\"itemListElement\":[{\"@type\":\"ListItem\",\"@id\":\"https:\\\/\\\/www.eldigitaldeasturias.com\\\/noticias#listItem\",\"position\":1,\"name\":\"Home\",\"item\":\"https:\\\/\\\/www.eldigitaldeasturias.com\\\/noticias\",\"nextItem\":{\"@type\":\"ListItem\",\"@id\":\"https:\\\/\\\/www.eldigitaldeasturias.com\\\/noticias\\\/category\\\/negocios-y-empresas\\\/#listItem\",\"name\":\"Negocios y Empresas\"}},{\"@type\":\"ListItem\",\"@id\":\"https:\\\/\\\/www.eldigitaldeasturias.com\\\/noticias\\\/category\\\/negocios-y-empresas\\\/#listItem\",\"position\":2,\"name\":\"Negocios y Empresas\",\"item\":\"https:\\\/\\\/www.eldigitaldeasturias.com\\\/noticias\\\/category\\\/negocios-y-empresas\\\/\",\"nextItem\":{\"@type\":\"ListItem\",\"@id\":\"https:\\\/\\\/www.eldigitaldeasturias.com\\\/noticias\\\/aumenta-la-presencia-femenina-en-cargos-directivos-empresariales-en-alemania\\\/#listItem\",\"name\":\"Aumenta la presencia femenina en cargos directivos empresariales en Alemania\"},\"previousItem\":{\"@type\":\"ListItem\",\"@id\":\"https:\\\/\\\/www.eldigitaldeasturias.com\\\/noticias#listItem\",\"name\":\"Home\"}},{\"@type\":\"ListItem\",\"@id\":\"https:\\\/\\\/www.eldigitaldeasturias.com\\\/noticias\\\/aumenta-la-presencia-femenina-en-cargos-directivos-empresariales-en-alemania\\\/#listItem\",\"position\":3,\"name\":\"Aumenta la presencia femenina en cargos directivos empresariales en Alemania\",\"previousItem\":{\"@type\":\"ListItem\",\"@id\":\"https:\\\/\\\/www.eldigitaldeasturias.com\\\/noticias\\\/category\\\/negocios-y-empresas\\\/#listItem\",\"name\":\"Negocios y Empresas\"}}]},{\"@type\":\"Organization\",\"@id\":\"https:\\\/\\\/www.eldigitaldeasturias.com\\\/noticias\\\/#organization\",\"name\":\"El Digital de Asturias\",\"description\":\"Hemeroteca\",\"url\":\"https:\\\/\\\/www.eldigitaldeasturias.com\\\/noticias\\\/\",\"email\":\"info@eldigitaldeasturias.com\",\"telephone\":\"+34652131393\",\"logo\":{\"@type\":\"ImageObject\",\"url\":\"https:\\\/\\\/www.eldigitaldeasturias.com\\\/noticias\\\/wp-content\\\/uploads\\\/2020\\\/12\\\/EDA.jpg\",\"@id\":\"https:\\\/\\\/www.eldigitaldeasturias.com\\\/noticias\\\/aumenta-la-presencia-femenina-en-cargos-directivos-empresariales-en-alemania\\\/#organizationLogo\",\"width\":649,\"height\":297},\"image\":{\"@id\":\"https:\\\/\\\/www.eldigitaldeasturias.com\\\/noticias\\\/aumenta-la-presencia-femenina-en-cargos-directivos-empresariales-en-alemania\\\/#organizationLogo\"},\"sameAs\":[\"https:\\\/\\\/facebook.com\\\/eldigitaldeasturias\",\"https:\\\/\\\/www.youtube.com\\\/channel\\\/UCZP-2wLEB9Rv6erhFmqVnvg\"],\"address\":{\"@id\":\"https:\\\/\\\/www.eldigitaldeasturias.com\\\/noticias\\\/#postaladdress\",\"@type\":\"PostalAddress\",\"streetAddress\":\"san antonio 4,\",\"postalCode\":\"33430\",\"addressLocality\":\"Cand\\u00e1s\",\"addressRegion\":\"Asturias\",\"addressCountry\":\"ES\"}},{\"@type\":\"Person\",\"@id\":\"https:\\\/\\\/www.eldigitaldeasturias.com\\\/noticias\\\/author\\\/admin\\\/#author\",\"url\":\"https:\\\/\\\/www.eldigitaldeasturias.com\\\/noticias\\\/author\\\/admin\\\/\",\"name\":\"El Digital de Asturias\",\"image\":{\"@type\":\"ImageObject\",\"@id\":\"https:\\\/\\\/www.eldigitaldeasturias.com\\\/noticias\\\/aumenta-la-presencia-femenina-en-cargos-directivos-empresariales-en-alemania\\\/#authorImage\",\"url\":\"https:\\\/\\\/www.eldigitaldeasturias.com\\\/noticias\\\/wp-content\\\/litespeed\\\/avatar\\\/18677e78aa0546b92d9dbf31ec7d7668.jpg?ver=1777290358\",\"width\":96,\"height\":96,\"caption\":\"El Digital de Asturias\"}},{\"@type\":\"WebPage\",\"@id\":\"https:\\\/\\\/www.eldigitaldeasturias.com\\\/noticias\\\/aumenta-la-presencia-femenina-en-cargos-directivos-empresariales-en-alemania\\\/#webpage\",\"url\":\"https:\\\/\\\/www.eldigitaldeasturias.com\\\/noticias\\\/aumenta-la-presencia-femenina-en-cargos-directivos-empresariales-en-alemania\\\/\",\"name\":\"Aumenta la presencia femenina en cargos directivos empresariales en Alemania - El Digital de Asturias\",\"description\":\"Fr\\u00e1ncfort, 1 ago (dpa) - El n\\u00famero de mujeres en los cargos de direcci\\u00f3n de empresas que cotizan en bolsa en Alemania aument\\u00f3 por octava vez consecutiva, revela un an\\u00e1lisis publicado hoy por la consultor\\u00eda Ernst&Young (EY). En el primer semestre del a\\u00f1o hab\\u00eda 61 mujeres en las juntas directivas de las 160 empresas que\",\"inLanguage\":\"es-ES\",\"isPartOf\":{\"@id\":\"https:\\\/\\\/www.eldigitaldeasturias.com\\\/noticias\\\/#website\"},\"breadcrumb\":{\"@id\":\"https:\\\/\\\/www.eldigitaldeasturias.com\\\/noticias\\\/aumenta-la-presencia-femenina-en-cargos-directivos-empresariales-en-alemania\\\/#breadcrumblist\"},\"author\":{\"@id\":\"https:\\\/\\\/www.eldigitaldeasturias.com\\\/noticias\\\/author\\\/admin\\\/#author\"},\"creator\":{\"@id\":\"https:\\\/\\\/www.eldigitaldeasturias.com\\\/noticias\\\/author\\\/admin\\\/#author\"},\"image\":{\"@type\":\"ImageObject\",\"url\":\"https:\\\/\\\/www.eldigitaldeasturias.com\\\/noticias\\\/wp-content\\\/uploads\\\/2019\\\/08\\\/cargos-directivos.jpg\",\"@id\":\"https:\\\/\\\/www.eldigitaldeasturias.com\\\/noticias\\\/aumenta-la-presencia-femenina-en-cargos-directivos-empresariales-en-alemania\\\/#mainImage\",\"width\":1009,\"height\":666},\"primaryImageOfPage\":{\"@id\":\"https:\\\/\\\/www.eldigitaldeasturias.com\\\/noticias\\\/aumenta-la-presencia-femenina-en-cargos-directivos-empresariales-en-alemania\\\/#mainImage\"},\"datePublished\":\"2019-08-01T22:01:57+02:00\",\"dateModified\":\"2019-08-01T22:01:57+02:00\"},{\"@type\":\"WebSite\",\"@id\":\"https:\\\/\\\/www.eldigitaldeasturias.com\\\/noticias\\\/#website\",\"url\":\"https:\\\/\\\/www.eldigitaldeasturias.com\\\/noticias\\\/\",\"name\":\"El Digital de Asturias - Diario de actualidad y noticias\",\"alternateName\":\"El Digital de Asturias - Diario de actualidad y noticias\",\"description\":\"Hemeroteca\",\"inLanguage\":\"es-ES\",\"publisher\":{\"@id\":\"https:\\\/\\\/www.eldigitaldeasturias.com\\\/noticias\\\/#organization\"}}]}\n\t\t<\/script>\n\t\t<!-- All in One SEO Pro -->\r\n\t\t<title>Aumenta la presencia femenina en cargos directivos empresariales en Alemania - El Digital de Asturias<\/title>\n\n","aioseo_head_json":{"title":"Aumenta la presencia femenina en cargos directivos empresariales en Alemania - El Digital de Asturias","description":"Fr\u00e1ncfort, 1 ago (dpa) - El n\u00famero de mujeres en los cargos de direcci\u00f3n de empresas que cotizan en bolsa en Alemania aument\u00f3 por octava vez consecutiva, revela un an\u00e1lisis publicado hoy por la consultor\u00eda Ernst&Young (EY). En el primer semestre del a\u00f1o hab\u00eda 61 mujeres en las juntas directivas de las 160 empresas que","canonical_url":"https:\/\/www.eldigitaldeasturias.com\/noticias\/aumenta-la-presencia-femenina-en-cargos-directivos-empresariales-en-alemania\/","robots":"max-image-preview:large","keywords":"negocios y empresas","webmasterTools":{"google-site-verification":"UA-38556648-1","msvalidate.01":"7dfe9f3f1b24437ab69f4f2559babe99","miscellaneous":""},"schema":{"@context":"https:\/\/schema.org","@graph":[{"@type":"BlogPosting","@id":"https:\/\/www.eldigitaldeasturias.com\/noticias\/aumenta-la-presencia-femenina-en-cargos-directivos-empresariales-en-alemania\/#blogposting","name":"Aumenta la presencia femenina en cargos directivos empresariales en Alemania - El Digital de Asturias","headline":"Aumenta la presencia femenina en cargos directivos empresariales en Alemania","author":{"@id":"https:\/\/www.eldigitaldeasturias.com\/noticias\/author\/admin\/#author"},"publisher":{"@id":"https:\/\/www.eldigitaldeasturias.com\/noticias\/#organization"},"image":{"@type":"ImageObject","url":"https:\/\/www.eldigitaldeasturias.com\/noticias\/wp-content\/uploads\/2019\/08\/cargos-directivos.jpg","width":1009,"height":666},"datePublished":"2019-08-01T22:01:57+02:00","dateModified":"2019-08-01T22:01:57+02:00","inLanguage":"es-ES","mainEntityOfPage":{"@id":"https:\/\/www.eldigitaldeasturias.com\/noticias\/aumenta-la-presencia-femenina-en-cargos-directivos-empresariales-en-alemania\/#webpage"},"isPartOf":{"@id":"https:\/\/www.eldigitaldeasturias.com\/noticias\/aumenta-la-presencia-femenina-en-cargos-directivos-empresariales-en-alemania\/#webpage"},"articleSection":"Negocios y Empresas"},{"@type":"BreadcrumbList","@id":"https:\/\/www.eldigitaldeasturias.com\/noticias\/aumenta-la-presencia-femenina-en-cargos-directivos-empresariales-en-alemania\/#breadcrumblist","itemListElement":[{"@type":"ListItem","@id":"https:\/\/www.eldigitaldeasturias.com\/noticias#listItem","position":1,"name":"Home","item":"https:\/\/www.eldigitaldeasturias.com\/noticias","nextItem":{"@type":"ListItem","@id":"https:\/\/www.eldigitaldeasturias.com\/noticias\/category\/negocios-y-empresas\/#listItem","name":"Negocios y Empresas"}},{"@type":"ListItem","@id":"https:\/\/www.eldigitaldeasturias.com\/noticias\/category\/negocios-y-empresas\/#listItem","position":2,"name":"Negocios y Empresas","item":"https:\/\/www.eldigitaldeasturias.com\/noticias\/category\/negocios-y-empresas\/","nextItem":{"@type":"ListItem","@id":"https:\/\/www.eldigitaldeasturias.com\/noticias\/aumenta-la-presencia-femenina-en-cargos-directivos-empresariales-en-alemania\/#listItem","name":"Aumenta la presencia femenina en cargos directivos empresariales en Alemania"},"previousItem":{"@type":"ListItem","@id":"https:\/\/www.eldigitaldeasturias.com\/noticias#listItem","name":"Home"}},{"@type":"ListItem","@id":"https:\/\/www.eldigitaldeasturias.com\/noticias\/aumenta-la-presencia-femenina-en-cargos-directivos-empresariales-en-alemania\/#listItem","position":3,"name":"Aumenta la presencia femenina en cargos directivos empresariales en Alemania","previousItem":{"@type":"ListItem","@id":"https:\/\/www.eldigitaldeasturias.com\/noticias\/category\/negocios-y-empresas\/#listItem","name":"Negocios y Empresas"}}]},{"@type":"Organization","@id":"https:\/\/www.eldigitaldeasturias.com\/noticias\/#organization","name":"El Digital de Asturias","description":"Hemeroteca","url":"https:\/\/www.eldigitaldeasturias.com\/noticias\/","email":"info@eldigitaldeasturias.com","telephone":"+34652131393","logo":{"@type":"ImageObject","url":"https:\/\/www.eldigitaldeasturias.com\/noticias\/wp-content\/uploads\/2020\/12\/EDA.jpg","@id":"https:\/\/www.eldigitaldeasturias.com\/noticias\/aumenta-la-presencia-femenina-en-cargos-directivos-empresariales-en-alemania\/#organizationLogo","width":649,"height":297},"image":{"@id":"https:\/\/www.eldigitaldeasturias.com\/noticias\/aumenta-la-presencia-femenina-en-cargos-directivos-empresariales-en-alemania\/#organizationLogo"},"sameAs":["https:\/\/facebook.com\/eldigitaldeasturias","https:\/\/www.youtube.com\/channel\/UCZP-2wLEB9Rv6erhFmqVnvg"],"address":{"@id":"https:\/\/www.eldigitaldeasturias.com\/noticias\/#postaladdress","@type":"PostalAddress","streetAddress":"san antonio 4,","postalCode":"33430","addressLocality":"Cand\u00e1s","addressRegion":"Asturias","addressCountry":"ES"}},{"@type":"Person","@id":"https:\/\/www.eldigitaldeasturias.com\/noticias\/author\/admin\/#author","url":"https:\/\/www.eldigitaldeasturias.com\/noticias\/author\/admin\/","name":"El Digital de Asturias","image":{"@type":"ImageObject","@id":"https:\/\/www.eldigitaldeasturias.com\/noticias\/aumenta-la-presencia-femenina-en-cargos-directivos-empresariales-en-alemania\/#authorImage","url":"https:\/\/www.eldigitaldeasturias.com\/noticias\/wp-content\/litespeed\/avatar\/18677e78aa0546b92d9dbf31ec7d7668.jpg?ver=1777290358","width":96,"height":96,"caption":"El Digital de Asturias"}},{"@type":"WebPage","@id":"https:\/\/www.eldigitaldeasturias.com\/noticias\/aumenta-la-presencia-femenina-en-cargos-directivos-empresariales-en-alemania\/#webpage","url":"https:\/\/www.eldigitaldeasturias.com\/noticias\/aumenta-la-presencia-femenina-en-cargos-directivos-empresariales-en-alemania\/","name":"Aumenta la presencia femenina en cargos directivos empresariales en Alemania - El Digital de Asturias","description":"Fr\u00e1ncfort, 1 ago (dpa) - El n\u00famero de mujeres en los cargos de direcci\u00f3n de empresas que cotizan en bolsa en Alemania aument\u00f3 por octava vez consecutiva, revela un an\u00e1lisis publicado hoy por la consultor\u00eda Ernst&Young (EY). En el primer semestre del a\u00f1o hab\u00eda 61 mujeres en las juntas directivas de las 160 empresas que","inLanguage":"es-ES","isPartOf":{"@id":"https:\/\/www.eldigitaldeasturias.com\/noticias\/#website"},"breadcrumb":{"@id":"https:\/\/www.eldigitaldeasturias.com\/noticias\/aumenta-la-presencia-femenina-en-cargos-directivos-empresariales-en-alemania\/#breadcrumblist"},"author":{"@id":"https:\/\/www.eldigitaldeasturias.com\/noticias\/author\/admin\/#author"},"creator":{"@id":"https:\/\/www.eldigitaldeasturias.com\/noticias\/author\/admin\/#author"},"image":{"@type":"ImageObject","url":"https:\/\/www.eldigitaldeasturias.com\/noticias\/wp-content\/uploads\/2019\/08\/cargos-directivos.jpg","@id":"https:\/\/www.eldigitaldeasturias.com\/noticias\/aumenta-la-presencia-femenina-en-cargos-directivos-empresariales-en-alemania\/#mainImage","width":1009,"height":666},"primaryImageOfPage":{"@id":"https:\/\/www.eldigitaldeasturias.com\/noticias\/aumenta-la-presencia-femenina-en-cargos-directivos-empresariales-en-alemania\/#mainImage"},"datePublished":"2019-08-01T22:01:57+02:00","dateModified":"2019-08-01T22:01:57+02:00"},{"@type":"WebSite","@id":"https:\/\/www.eldigitaldeasturias.com\/noticias\/#website","url":"https:\/\/www.eldigitaldeasturias.com\/noticias\/","name":"El Digital de Asturias - Diario de actualidad y noticias","alternateName":"El Digital de Asturias - Diario de actualidad y noticias","description":"Hemeroteca","inLanguage":"es-ES","publisher":{"@id":"https:\/\/www.eldigitaldeasturias.com\/noticias\/#organization"}}]},"og:locale":"es_ES","og:site_name":"El Digital de Asturias","og:type":"article","og:title":"Aumenta la presencia femenina en cargos directivos empresariales en Alemania - El Digital de Asturias","og:description":"Fr\u00e1ncfort, 1 ago (dpa) - El n\u00famero de mujeres en los cargos de direcci\u00f3n de empresas que cotizan en bolsa en Alemania aument\u00f3 por octava vez consecutiva, revela un an\u00e1lisis publicado hoy por la consultor\u00eda Ernst&amp;Young (EY). En el primer semestre del a\u00f1o hab\u00eda 61 mujeres en las juntas directivas de las 160 empresas que","og:url":"https:\/\/www.eldigitaldeasturias.com\/noticias\/aumenta-la-presencia-femenina-en-cargos-directivos-empresariales-en-alemania\/","og:image":"https:\/\/www.eldigitaldeasturias.com\/noticias\/wp-content\/uploads\/2019\/08\/cargos-directivos.jpg","og:image:secure_url":"https:\/\/www.eldigitaldeasturias.com\/noticias\/wp-content\/uploads\/2019\/08\/cargos-directivos.jpg","og:image:width":1009,"og:image:height":666,"article:tag":["negocios y empresas"],"article:published_time":"2019-08-01T22:01:57+00:00","article:modified_time":"2019-08-01T22:01:57+00:00","article:publisher":"https:\/\/facebook.com\/eldigitaldeasturias","twitter:card":"summary_large_image","twitter:title":"Aumenta la presencia femenina en cargos directivos empresariales en Alemania - El Digital de Asturias","twitter:description":"Fr\u00e1ncfort, 1 ago (dpa) - El n\u00famero de mujeres en los cargos de direcci\u00f3n de empresas que cotizan en bolsa en Alemania aument\u00f3 por octava vez consecutiva, revela un an\u00e1lisis publicado hoy por la consultor\u00eda Ernst&amp;Young (EY). En el primer semestre del a\u00f1o hab\u00eda 61 mujeres en las juntas directivas de las 160 empresas que","twitter:image":"https:\/\/www.eldigitaldeasturias.com\/noticias\/wp-content\/uploads\/2019\/08\/cargos-directivos.jpg","twitter:label1":"Escrito por","twitter:data1":"El Digital de Asturias","twitter:label2":"Tiempo de lectura estimado","twitter:data2":"1 minuto"},"aioseo_meta_data":{"post_id":"1036611","title":null,"description":null,"keywords":null,"keyphrases":null,"primary_term":null,"canonical_url":null,"og_title":null,"og_description":null,"og_object_type":"default","og_image_type":"default","og_image_url":null,"og_image_width":null,"og_image_height":null,"og_image_custom_url":null,"og_image_custom_fields":null,"og_video":null,"og_custom_url":null,"og_article_section":null,"og_article_tags":null,"twitter_use_og":false,"twitter_card":"default","twitter_image_type":"default","twitter_image_url":null,"twitter_image_custom_url":null,"twitter_image_custom_fields":null,"twitter_title":null,"twitter_description":null,"schema":{"blockGraphs":[],"customGraphs":[],"default":{"data":{"Article":[],"Course":[],"Dataset":[],"FAQPage":[],"Movie":[],"Person":[],"Product":[],"ProductReview":[],"Car":[],"Recipe":[],"Service":[],"SoftwareApplication":[],"WebPage":[]},"graphName":"","isEnabled":true},"graphs":[],"defaultGraph":"","defaultPostTypeGraph":""},"schema_type":null,"schema_type_options":null,"pillar_content":false,"robots_default":true,"robots_noindex":false,"robots_noarchive":false,"robots_nosnippet":false,"robots_nofollow":false,"robots_noimageindex":false,"robots_noodp":false,"robots_notranslate":false,"robots_max_snippet":null,"robots_max_videopreview":null,"robots_max_imagepreview":"large","priority":null,"frequency":null,"local_seo":null,"seo_analyzer_scan_date":"2025-10-22 14:11:29","breadcrumb_settings":null,"limit_modified_date":false,"open_ai":null,"ai":null,"created":"2020-12-21 11:07:14","updated":"2025-10-22 14:11:29"},"aioseo_breadcrumb":"<div class=\"aioseo-breadcrumbs\"><span class=\"aioseo-breadcrumb\">\n\t<a href=\"https:\/\/www.eldigitaldeasturias.com\/noticias\" title=\"Home\">Home<\/a>\n<\/span><span class=\"aioseo-breadcrumb-separator\">\u2013<\/span><span class=\"aioseo-breadcrumb\">\n\t<a href=\"https:\/\/www.eldigitaldeasturias.com\/noticias\/category\/negocios-y-empresas\/\" title=\"Negocios y Empresas\">Negocios y Empresas<\/a>\n<\/span><span class=\"aioseo-breadcrumb-separator\">\u2013<\/span><span class=\"aioseo-breadcrumb\">\n\t<a href=\"https:\/\/www.eldigitaldeasturias.com\/noticias\/aumenta-la-presencia-femenina-en-cargos-directivos-empresariales-en-alemania\/\" title=\"Aumenta la presencia femenina en cargos directivos empresariales en Alemania\">Aumenta la presencia femenina en cargos directivos empresariales en Alemania<\/a>\n<\/span><\/div>","aioseo_breadcrumb_json":[{"label":"Home","link":"https:\/\/www.eldigitaldeasturias.com\/noticias"},{"label":"Negocios y Empresas","link":"https:\/\/www.eldigitaldeasturias.com\/noticias\/category\/negocios-y-empresas\/"},{"label":"Aumenta la presencia femenina en cargos directivos empresariales en Alemania","link":"https:\/\/www.eldigitaldeasturias.com\/noticias\/aumenta-la-presencia-femenina-en-cargos-directivos-empresariales-en-alemania\/"}],"_links":{"self":[{"href":"https:\/\/www.eldigitaldeasturias.com\/noticias\/wp-json\/wp\/v2\/posts\/1036611","targetHints":{"allow":["GET"]}}],"collection":[{"href":"https:\/\/www.eldigitaldeasturias.com\/noticias\/wp-json\/wp\/v2\/posts"}],"about":[{"href":"https:\/\/www.eldigitaldeasturias.com\/noticias\/wp-json\/wp\/v2\/types\/post"}],"author":[{"embeddable":true,"href":"https:\/\/www.eldigitaldeasturias.com\/noticias\/wp-json\/wp\/v2\/users\/1"}],"replies":[{"embeddable":true,"href":"https:\/\/www.eldigitaldeasturias.com\/noticias\/wp-json\/wp\/v2\/comments?post=1036611"}],"version-history":[{"count":0,"href":"https:\/\/www.eldigitaldeasturias.com\/noticias\/wp-json\/wp\/v2\/posts\/1036611\/revisions"}],"wp:featuredmedia":[{"embeddable":true,"href":"https:\/\/www.eldigitaldeasturias.com\/noticias\/wp-json\/wp\/v2\/media\/1036612"}],"wp:attachment":[{"href":"https:\/\/www.eldigitaldeasturias.com\/noticias\/wp-json\/wp\/v2\/media?parent=1036611"}],"wp:term":[{"taxonomy":"category","embeddable":true,"href":"https:\/\/www.eldigitaldeasturias.com\/noticias\/wp-json\/wp\/v2\/categories?post=1036611"},{"taxonomy":"post_tag","embeddable":true,"href":"https:\/\/www.eldigitaldeasturias.com\/noticias\/wp-json\/wp\/v2\/tags?post=1036611"}],"curies":[{"name":"wp","href":"https:\/\/api.w.org\/{rel}","templated":true}]}}