{"id":1036573,"date":"2019-08-01T18:58:32","date_gmt":"2019-08-01T18:58:32","guid":{"rendered":"https:\/\/www.eldigitaldeasturias.com\/noticias\/?p=1036573"},"modified":"2019-08-01T18:58:32","modified_gmt":"2019-08-01T18:58:32","slug":"euronics-inaugura-un-nuevo-espacio-en-valencia","status":"publish","type":"post","link":"https:\/\/www.eldigitaldeasturias.com\/noticias\/euronics-inaugura-un-nuevo-espacio-en-valencia\/","title":{"rendered":"Euronics inaugura un nuevo espacio en Valencia"},"content":{"rendered":"<p><img loading=\"lazy\" decoding=\"async\" class=\"alignleft size-medium wp-image-1036574\" src=\"https:\/\/www.eldigitaldeasturias.com\/noticias\/wp-content\/uploads\/2019\/08\/1564559230_Fachada_2-360x270.jpg\" alt=\"\" width=\"360\" height=\"270\" srcset=\"https:\/\/www.eldigitaldeasturias.com\/noticias\/wp-content\/uploads\/2019\/08\/1564559230_Fachada_2-360x270.jpg 360w, https:\/\/www.eldigitaldeasturias.com\/noticias\/wp-content\/uploads\/2019\/08\/1564559230_Fachada_2-768x576.jpg 768w, https:\/\/www.eldigitaldeasturias.com\/noticias\/wp-content\/uploads\/2019\/08\/1564559230_Fachada_2-640x480.jpg 640w, https:\/\/www.eldigitaldeasturias.com\/noticias\/wp-content\/uploads\/2019\/08\/1564559230_Fachada_2.jpg 1000w\" sizes=\"auto, (max-width: 360px) 100vw, 360px\" \/>Divelsa Euronics, el distribuidor y centro log\u00edstico de Euronics en la Comunidad Valenciana, ha inaugurado un nuevo espacio de exposici\u00f3n en la capital valenciana. Situada en la calle Alboraya 31, esta tienda muestra las \u00faltimas novedades de aparatos para el hogar, tecnolog\u00eda, telefon\u00eda e inform\u00e1tica, convirtiendo los m\u00e1s de 450 metros cuadrados de exposici\u00f3n en uno de los comercios de proximidad m\u00e1s grandes de la ciudad.<\/p>\n<p>La incorporaci\u00f3n de este nuevo punto de venta y distribuci\u00f3n se enmarca en el plan estrat\u00e9gico que Divelsa Euronics comenz\u00f3 el pasado a\u00f1o y que supone ampliar la capilaridad de su red e impulsar la transformaci\u00f3n digital y la diferenciaci\u00f3n a partir de la gesti\u00f3n eficiente y el trato experiencial. Fruto de dicha expansi\u00f3n, Divelsa comercializa desde el pasado mes de abril la ense\u00f1a Tien21 para Valencia y provincia.<\/p>\n<p>En la actualidad, el cat\u00e1logo de Divelsa Euronics, que distribuye, adem\u00e1s de en la Comunidad Valenciana, en Catalu\u00f1a, Murcia, Almer\u00eda y Baleares, se compone de m\u00e1s de 18.000 referencias, entre las que se pueden encontrar electrodom\u00e9sticos, electr\u00f3nica de consumo, peque\u00f1o electrodom\u00e9stico, multimedia, telefon\u00eda y climatizaci\u00f3n.<\/p>\n<p><strong>EURONICS<\/strong>\u00a0es la mayor cadena europea de electrodom\u00e9sticos que opera bajo el formato de Central de Compras y est\u00e1 presente en m\u00e1s de 34 pa\u00edses con m\u00e1s de 8.000 puntos de venta. Tiene m\u00e1s de 300 tiendas en Espa\u00f1a.<\/p>\n<p><strong>EURONICS\u00a0<\/strong>pertenece a\u00a0<strong>SINERSIS<\/strong>, grupo empresarial que aglutina a tres ense\u00f1as distribuidoras del sector electrodom\u00e9sticos y electr\u00f3nica de consumo, gestionando m\u00e1s de 1.600 puntos de venta repartidos por todo el territorio nacional, lo que la convierte en la mayor organizaci\u00f3n de tiendas especializadas en la venta de electrodom\u00e9sticos y electr\u00f3nica de consumo en Espa\u00f1a.<\/p>\n<p>&nbsp;<\/p>\n","protected":false},"excerpt":{"rendered":"<p>Divelsa Euronics, el distribuidor y centro log\u00edstico de Euronics en la Comunidad Valenciana, ha inaugurado un nuevo espacio de exposici\u00f3n en la capital valenciana. Situada en la calle Alboraya 31, esta tienda muestra las \u00faltimas novedades de aparatos para el hogar, tecnolog\u00eda, telefon\u00eda e inform\u00e1tica, convirtiendo los m\u00e1s de 450 metros cuadrados de exposici\u00f3n en [&hellip;]<\/p>\n","protected":false},"author":1,"featured_media":1036574,"comment_status":"closed","ping_status":"closed","sticky":false,"template":"","format":"standard","meta":{"footnotes":""},"categories":[219],"tags":[],"class_list":["post-1036573","post","type-post","status-publish","format-standard","has-post-thumbnail","hentry","category-negocios-y-empresas"],"aioseo_notices":[],"aioseo_head":"\n\t\t<!-- All in One SEO Pro 4.9.6.2 - aioseo.com -->\n\t<meta name=\"description\" content=\"Divelsa Euronics, el distribuidor y centro log\u00edstico de Euronics en la Comunidad Valenciana, ha inaugurado un nuevo espacio de exposici\u00f3n en la capital valenciana. Situada en la calle Alboraya 31, esta tienda muestra las \u00faltimas novedades de aparatos para el hogar, tecnolog\u00eda, telefon\u00eda e inform\u00e1tica, convirtiendo los m\u00e1s de 450 metros cuadrados de exposici\u00f3n en\" \/>\n\t<meta name=\"robots\" content=\"max-image-preview:large\" \/>\n\t<meta name=\"author\" content=\"El Digital de Asturias\"\/>\n\t<meta name=\"google-site-verification\" content=\"UA-38556648-1\" \/>\n\t<meta name=\"msvalidate.01\" content=\"7dfe9f3f1b24437ab69f4f2559babe99\" \/>\n\t<meta name=\"keywords\" content=\"negocios y empresas\" \/>\n\t<link rel=\"canonical\" href=\"https:\/\/www.eldigitaldeasturias.com\/noticias\/euronics-inaugura-un-nuevo-espacio-en-valencia\/\" \/>\n\t<meta name=\"generator\" content=\"All in One SEO Pro (AIOSEO) 4.9.6.2\" \/>\n\t\t<meta property=\"og:locale\" content=\"es_ES\" \/>\n\t\t<meta property=\"og:site_name\" content=\"El Digital de Asturias\" \/>\n\t\t<meta property=\"og:type\" content=\"article\" \/>\n\t\t<meta property=\"og:title\" content=\"Euronics inaugura un nuevo espacio en Valencia - El Digital de Asturias\" \/>\n\t\t<meta property=\"og:description\" content=\"Divelsa Euronics, el distribuidor y centro log\u00edstico de Euronics en la Comunidad Valenciana, ha inaugurado un nuevo espacio de exposici\u00f3n en la capital valenciana. Situada en la calle Alboraya 31, esta tienda muestra las \u00faltimas novedades de aparatos para el hogar, tecnolog\u00eda, telefon\u00eda e inform\u00e1tica, convirtiendo los m\u00e1s de 450 metros cuadrados de exposici\u00f3n en\" \/>\n\t\t<meta property=\"og:url\" content=\"https:\/\/www.eldigitaldeasturias.com\/noticias\/euronics-inaugura-un-nuevo-espacio-en-valencia\/\" \/>\n\t\t<meta property=\"og:image\" content=\"https:\/\/www.eldigitaldeasturias.com\/noticias\/wp-content\/uploads\/2019\/08\/1564559230_Fachada_2.jpg\" \/>\n\t\t<meta property=\"og:image:secure_url\" content=\"https:\/\/www.eldigitaldeasturias.com\/noticias\/wp-content\/uploads\/2019\/08\/1564559230_Fachada_2.jpg\" \/>\n\t\t<meta property=\"og:image:width\" content=\"1000\" \/>\n\t\t<meta property=\"og:image:height\" content=\"750\" \/>\n\t\t<meta property=\"article:tag\" content=\"negocios y empresas\" \/>\n\t\t<meta property=\"article:published_time\" content=\"2019-08-01T18:58:32+00:00\" \/>\n\t\t<meta property=\"article:modified_time\" content=\"2019-08-01T18:58:32+00:00\" \/>\n\t\t<meta property=\"article:publisher\" content=\"https:\/\/facebook.com\/eldigitaldeasturias\" \/>\n\t\t<meta name=\"twitter:card\" content=\"summary_large_image\" \/>\n\t\t<meta name=\"twitter:title\" content=\"Euronics inaugura un nuevo espacio en Valencia - El Digital de Asturias\" \/>\n\t\t<meta name=\"twitter:description\" content=\"Divelsa Euronics, el distribuidor y centro log\u00edstico de Euronics en la Comunidad Valenciana, ha inaugurado un nuevo espacio de exposici\u00f3n en la capital valenciana. Situada en la calle Alboraya 31, esta tienda muestra las \u00faltimas novedades de aparatos para el hogar, tecnolog\u00eda, telefon\u00eda e inform\u00e1tica, convirtiendo los m\u00e1s de 450 metros cuadrados de exposici\u00f3n en\" \/>\n\t\t<meta name=\"twitter:image\" content=\"https:\/\/www.eldigitaldeasturias.com\/noticias\/wp-content\/uploads\/2019\/08\/1564559230_Fachada_2.jpg\" \/>\n\t\t<meta name=\"twitter:label1\" content=\"Escrito por\" \/>\n\t\t<meta name=\"twitter:data1\" content=\"El Digital de Asturias\" \/>\n\t\t<meta name=\"twitter:label2\" content=\"Tiempo de lectura estimado\" \/>\n\t\t<meta name=\"twitter:data2\" content=\"2 minutos\" \/>\n\t\t<script type=\"application\/ld+json\" class=\"aioseo-schema\">\n\t\t\t{\"@context\":\"https:\\\/\\\/schema.org\",\"@graph\":[{\"@type\":\"BlogPosting\",\"@id\":\"https:\\\/\\\/www.eldigitaldeasturias.com\\\/noticias\\\/euronics-inaugura-un-nuevo-espacio-en-valencia\\\/#blogposting\",\"name\":\"Euronics inaugura un nuevo espacio en Valencia - El Digital de Asturias\",\"headline\":\"Euronics inaugura un nuevo espacio en Valencia\",\"author\":{\"@id\":\"https:\\\/\\\/www.eldigitaldeasturias.com\\\/noticias\\\/author\\\/admin\\\/#author\"},\"publisher\":{\"@id\":\"https:\\\/\\\/www.eldigitaldeasturias.com\\\/noticias\\\/#organization\"},\"image\":{\"@type\":\"ImageObject\",\"url\":\"https:\\\/\\\/www.eldigitaldeasturias.com\\\/noticias\\\/wp-content\\\/uploads\\\/2019\\\/08\\\/1564559230_Fachada_2.jpg\",\"width\":1000,\"height\":750},\"datePublished\":\"2019-08-01T18:58:32+02:00\",\"dateModified\":\"2019-08-01T18:58:32+02:00\",\"inLanguage\":\"es-ES\",\"mainEntityOfPage\":{\"@id\":\"https:\\\/\\\/www.eldigitaldeasturias.com\\\/noticias\\\/euronics-inaugura-un-nuevo-espacio-en-valencia\\\/#webpage\"},\"isPartOf\":{\"@id\":\"https:\\\/\\\/www.eldigitaldeasturias.com\\\/noticias\\\/euronics-inaugura-un-nuevo-espacio-en-valencia\\\/#webpage\"},\"articleSection\":\"Negocios y Empresas\"},{\"@type\":\"BreadcrumbList\",\"@id\":\"https:\\\/\\\/www.eldigitaldeasturias.com\\\/noticias\\\/euronics-inaugura-un-nuevo-espacio-en-valencia\\\/#breadcrumblist\",\"itemListElement\":[{\"@type\":\"ListItem\",\"@id\":\"https:\\\/\\\/www.eldigitaldeasturias.com\\\/noticias#listItem\",\"position\":1,\"name\":\"Home\",\"item\":\"https:\\\/\\\/www.eldigitaldeasturias.com\\\/noticias\",\"nextItem\":{\"@type\":\"ListItem\",\"@id\":\"https:\\\/\\\/www.eldigitaldeasturias.com\\\/noticias\\\/category\\\/negocios-y-empresas\\\/#listItem\",\"name\":\"Negocios y Empresas\"}},{\"@type\":\"ListItem\",\"@id\":\"https:\\\/\\\/www.eldigitaldeasturias.com\\\/noticias\\\/category\\\/negocios-y-empresas\\\/#listItem\",\"position\":2,\"name\":\"Negocios y Empresas\",\"item\":\"https:\\\/\\\/www.eldigitaldeasturias.com\\\/noticias\\\/category\\\/negocios-y-empresas\\\/\",\"nextItem\":{\"@type\":\"ListItem\",\"@id\":\"https:\\\/\\\/www.eldigitaldeasturias.com\\\/noticias\\\/euronics-inaugura-un-nuevo-espacio-en-valencia\\\/#listItem\",\"name\":\"Euronics inaugura un nuevo espacio en Valencia\"},\"previousItem\":{\"@type\":\"ListItem\",\"@id\":\"https:\\\/\\\/www.eldigitaldeasturias.com\\\/noticias#listItem\",\"name\":\"Home\"}},{\"@type\":\"ListItem\",\"@id\":\"https:\\\/\\\/www.eldigitaldeasturias.com\\\/noticias\\\/euronics-inaugura-un-nuevo-espacio-en-valencia\\\/#listItem\",\"position\":3,\"name\":\"Euronics inaugura un nuevo espacio en Valencia\",\"previousItem\":{\"@type\":\"ListItem\",\"@id\":\"https:\\\/\\\/www.eldigitaldeasturias.com\\\/noticias\\\/category\\\/negocios-y-empresas\\\/#listItem\",\"name\":\"Negocios y Empresas\"}}]},{\"@type\":\"Organization\",\"@id\":\"https:\\\/\\\/www.eldigitaldeasturias.com\\\/noticias\\\/#organization\",\"name\":\"El Digital de Asturias\",\"description\":\"Hemeroteca\",\"url\":\"https:\\\/\\\/www.eldigitaldeasturias.com\\\/noticias\\\/\",\"email\":\"info@eldigitaldeasturias.com\",\"telephone\":\"+34652131393\",\"logo\":{\"@type\":\"ImageObject\",\"url\":\"https:\\\/\\\/www.eldigitaldeasturias.com\\\/noticias\\\/wp-content\\\/uploads\\\/2020\\\/12\\\/EDA.jpg\",\"@id\":\"https:\\\/\\\/www.eldigitaldeasturias.com\\\/noticias\\\/euronics-inaugura-un-nuevo-espacio-en-valencia\\\/#organizationLogo\",\"width\":649,\"height\":297},\"image\":{\"@id\":\"https:\\\/\\\/www.eldigitaldeasturias.com\\\/noticias\\\/euronics-inaugura-un-nuevo-espacio-en-valencia\\\/#organizationLogo\"},\"sameAs\":[\"https:\\\/\\\/facebook.com\\\/eldigitaldeasturias\",\"https:\\\/\\\/www.youtube.com\\\/channel\\\/UCZP-2wLEB9Rv6erhFmqVnvg\"],\"address\":{\"@id\":\"https:\\\/\\\/www.eldigitaldeasturias.com\\\/noticias\\\/#postaladdress\",\"@type\":\"PostalAddress\",\"streetAddress\":\"san antonio 4,\",\"postalCode\":\"33430\",\"addressLocality\":\"Cand\\u00e1s\",\"addressRegion\":\"Asturias\",\"addressCountry\":\"ES\"}},{\"@type\":\"Person\",\"@id\":\"https:\\\/\\\/www.eldigitaldeasturias.com\\\/noticias\\\/author\\\/admin\\\/#author\",\"url\":\"https:\\\/\\\/www.eldigitaldeasturias.com\\\/noticias\\\/author\\\/admin\\\/\",\"name\":\"El Digital de Asturias\",\"image\":{\"@type\":\"ImageObject\",\"@id\":\"https:\\\/\\\/www.eldigitaldeasturias.com\\\/noticias\\\/euronics-inaugura-un-nuevo-espacio-en-valencia\\\/#authorImage\",\"url\":\"https:\\\/\\\/www.eldigitaldeasturias.com\\\/noticias\\\/wp-content\\\/litespeed\\\/avatar\\\/18677e78aa0546b92d9dbf31ec7d7668.jpg?ver=1777290358\",\"width\":96,\"height\":96,\"caption\":\"El Digital de Asturias\"}},{\"@type\":\"WebPage\",\"@id\":\"https:\\\/\\\/www.eldigitaldeasturias.com\\\/noticias\\\/euronics-inaugura-un-nuevo-espacio-en-valencia\\\/#webpage\",\"url\":\"https:\\\/\\\/www.eldigitaldeasturias.com\\\/noticias\\\/euronics-inaugura-un-nuevo-espacio-en-valencia\\\/\",\"name\":\"Euronics inaugura un nuevo espacio en Valencia - El Digital de Asturias\",\"description\":\"Divelsa Euronics, el distribuidor y centro log\\u00edstico de Euronics en la Comunidad Valenciana, ha inaugurado un nuevo espacio de exposici\\u00f3n en la capital valenciana. Situada en la calle Alboraya 31, esta tienda muestra las \\u00faltimas novedades de aparatos para el hogar, tecnolog\\u00eda, telefon\\u00eda e inform\\u00e1tica, convirtiendo los m\\u00e1s de 450 metros cuadrados de exposici\\u00f3n en\",\"inLanguage\":\"es-ES\",\"isPartOf\":{\"@id\":\"https:\\\/\\\/www.eldigitaldeasturias.com\\\/noticias\\\/#website\"},\"breadcrumb\":{\"@id\":\"https:\\\/\\\/www.eldigitaldeasturias.com\\\/noticias\\\/euronics-inaugura-un-nuevo-espacio-en-valencia\\\/#breadcrumblist\"},\"author\":{\"@id\":\"https:\\\/\\\/www.eldigitaldeasturias.com\\\/noticias\\\/author\\\/admin\\\/#author\"},\"creator\":{\"@id\":\"https:\\\/\\\/www.eldigitaldeasturias.com\\\/noticias\\\/author\\\/admin\\\/#author\"},\"image\":{\"@type\":\"ImageObject\",\"url\":\"https:\\\/\\\/www.eldigitaldeasturias.com\\\/noticias\\\/wp-content\\\/uploads\\\/2019\\\/08\\\/1564559230_Fachada_2.jpg\",\"@id\":\"https:\\\/\\\/www.eldigitaldeasturias.com\\\/noticias\\\/euronics-inaugura-un-nuevo-espacio-en-valencia\\\/#mainImage\",\"width\":1000,\"height\":750},\"primaryImageOfPage\":{\"@id\":\"https:\\\/\\\/www.eldigitaldeasturias.com\\\/noticias\\\/euronics-inaugura-un-nuevo-espacio-en-valencia\\\/#mainImage\"},\"datePublished\":\"2019-08-01T18:58:32+02:00\",\"dateModified\":\"2019-08-01T18:58:32+02:00\"},{\"@type\":\"WebSite\",\"@id\":\"https:\\\/\\\/www.eldigitaldeasturias.com\\\/noticias\\\/#website\",\"url\":\"https:\\\/\\\/www.eldigitaldeasturias.com\\\/noticias\\\/\",\"name\":\"El Digital de Asturias - Diario de actualidad y noticias\",\"alternateName\":\"El Digital de Asturias - Diario de actualidad y noticias\",\"description\":\"Hemeroteca\",\"inLanguage\":\"es-ES\",\"publisher\":{\"@id\":\"https:\\\/\\\/www.eldigitaldeasturias.com\\\/noticias\\\/#organization\"}}]}\n\t\t<\/script>\n\t\t<!-- All in One SEO Pro -->\r\n\t\t<title>Euronics inaugura un nuevo espacio en Valencia - El Digital de Asturias<\/title>\n\n","aioseo_head_json":{"title":"Euronics inaugura un nuevo espacio en Valencia - El Digital de Asturias","description":"Divelsa Euronics, el distribuidor y centro log\u00edstico de Euronics en la Comunidad Valenciana, ha inaugurado un nuevo espacio de exposici\u00f3n en la capital valenciana. Situada en la calle Alboraya 31, esta tienda muestra las \u00faltimas novedades de aparatos para el hogar, tecnolog\u00eda, telefon\u00eda e inform\u00e1tica, convirtiendo los m\u00e1s de 450 metros cuadrados de exposici\u00f3n en","canonical_url":"https:\/\/www.eldigitaldeasturias.com\/noticias\/euronics-inaugura-un-nuevo-espacio-en-valencia\/","robots":"max-image-preview:large","keywords":"negocios y empresas","webmasterTools":{"google-site-verification":"UA-38556648-1","msvalidate.01":"7dfe9f3f1b24437ab69f4f2559babe99","miscellaneous":""},"schema":{"@context":"https:\/\/schema.org","@graph":[{"@type":"BlogPosting","@id":"https:\/\/www.eldigitaldeasturias.com\/noticias\/euronics-inaugura-un-nuevo-espacio-en-valencia\/#blogposting","name":"Euronics inaugura un nuevo espacio en Valencia - El Digital de Asturias","headline":"Euronics inaugura un nuevo espacio en Valencia","author":{"@id":"https:\/\/www.eldigitaldeasturias.com\/noticias\/author\/admin\/#author"},"publisher":{"@id":"https:\/\/www.eldigitaldeasturias.com\/noticias\/#organization"},"image":{"@type":"ImageObject","url":"https:\/\/www.eldigitaldeasturias.com\/noticias\/wp-content\/uploads\/2019\/08\/1564559230_Fachada_2.jpg","width":1000,"height":750},"datePublished":"2019-08-01T18:58:32+02:00","dateModified":"2019-08-01T18:58:32+02:00","inLanguage":"es-ES","mainEntityOfPage":{"@id":"https:\/\/www.eldigitaldeasturias.com\/noticias\/euronics-inaugura-un-nuevo-espacio-en-valencia\/#webpage"},"isPartOf":{"@id":"https:\/\/www.eldigitaldeasturias.com\/noticias\/euronics-inaugura-un-nuevo-espacio-en-valencia\/#webpage"},"articleSection":"Negocios y Empresas"},{"@type":"BreadcrumbList","@id":"https:\/\/www.eldigitaldeasturias.com\/noticias\/euronics-inaugura-un-nuevo-espacio-en-valencia\/#breadcrumblist","itemListElement":[{"@type":"ListItem","@id":"https:\/\/www.eldigitaldeasturias.com\/noticias#listItem","position":1,"name":"Home","item":"https:\/\/www.eldigitaldeasturias.com\/noticias","nextItem":{"@type":"ListItem","@id":"https:\/\/www.eldigitaldeasturias.com\/noticias\/category\/negocios-y-empresas\/#listItem","name":"Negocios y Empresas"}},{"@type":"ListItem","@id":"https:\/\/www.eldigitaldeasturias.com\/noticias\/category\/negocios-y-empresas\/#listItem","position":2,"name":"Negocios y Empresas","item":"https:\/\/www.eldigitaldeasturias.com\/noticias\/category\/negocios-y-empresas\/","nextItem":{"@type":"ListItem","@id":"https:\/\/www.eldigitaldeasturias.com\/noticias\/euronics-inaugura-un-nuevo-espacio-en-valencia\/#listItem","name":"Euronics inaugura un nuevo espacio en Valencia"},"previousItem":{"@type":"ListItem","@id":"https:\/\/www.eldigitaldeasturias.com\/noticias#listItem","name":"Home"}},{"@type":"ListItem","@id":"https:\/\/www.eldigitaldeasturias.com\/noticias\/euronics-inaugura-un-nuevo-espacio-en-valencia\/#listItem","position":3,"name":"Euronics inaugura un nuevo espacio en Valencia","previousItem":{"@type":"ListItem","@id":"https:\/\/www.eldigitaldeasturias.com\/noticias\/category\/negocios-y-empresas\/#listItem","name":"Negocios y Empresas"}}]},{"@type":"Organization","@id":"https:\/\/www.eldigitaldeasturias.com\/noticias\/#organization","name":"El Digital de Asturias","description":"Hemeroteca","url":"https:\/\/www.eldigitaldeasturias.com\/noticias\/","email":"info@eldigitaldeasturias.com","telephone":"+34652131393","logo":{"@type":"ImageObject","url":"https:\/\/www.eldigitaldeasturias.com\/noticias\/wp-content\/uploads\/2020\/12\/EDA.jpg","@id":"https:\/\/www.eldigitaldeasturias.com\/noticias\/euronics-inaugura-un-nuevo-espacio-en-valencia\/#organizationLogo","width":649,"height":297},"image":{"@id":"https:\/\/www.eldigitaldeasturias.com\/noticias\/euronics-inaugura-un-nuevo-espacio-en-valencia\/#organizationLogo"},"sameAs":["https:\/\/facebook.com\/eldigitaldeasturias","https:\/\/www.youtube.com\/channel\/UCZP-2wLEB9Rv6erhFmqVnvg"],"address":{"@id":"https:\/\/www.eldigitaldeasturias.com\/noticias\/#postaladdress","@type":"PostalAddress","streetAddress":"san antonio 4,","postalCode":"33430","addressLocality":"Cand\u00e1s","addressRegion":"Asturias","addressCountry":"ES"}},{"@type":"Person","@id":"https:\/\/www.eldigitaldeasturias.com\/noticias\/author\/admin\/#author","url":"https:\/\/www.eldigitaldeasturias.com\/noticias\/author\/admin\/","name":"El Digital de Asturias","image":{"@type":"ImageObject","@id":"https:\/\/www.eldigitaldeasturias.com\/noticias\/euronics-inaugura-un-nuevo-espacio-en-valencia\/#authorImage","url":"https:\/\/www.eldigitaldeasturias.com\/noticias\/wp-content\/litespeed\/avatar\/18677e78aa0546b92d9dbf31ec7d7668.jpg?ver=1777290358","width":96,"height":96,"caption":"El Digital de Asturias"}},{"@type":"WebPage","@id":"https:\/\/www.eldigitaldeasturias.com\/noticias\/euronics-inaugura-un-nuevo-espacio-en-valencia\/#webpage","url":"https:\/\/www.eldigitaldeasturias.com\/noticias\/euronics-inaugura-un-nuevo-espacio-en-valencia\/","name":"Euronics inaugura un nuevo espacio en Valencia - El Digital de Asturias","description":"Divelsa Euronics, el distribuidor y centro log\u00edstico de Euronics en la Comunidad Valenciana, ha inaugurado un nuevo espacio de exposici\u00f3n en la capital valenciana. Situada en la calle Alboraya 31, esta tienda muestra las \u00faltimas novedades de aparatos para el hogar, tecnolog\u00eda, telefon\u00eda e inform\u00e1tica, convirtiendo los m\u00e1s de 450 metros cuadrados de exposici\u00f3n en","inLanguage":"es-ES","isPartOf":{"@id":"https:\/\/www.eldigitaldeasturias.com\/noticias\/#website"},"breadcrumb":{"@id":"https:\/\/www.eldigitaldeasturias.com\/noticias\/euronics-inaugura-un-nuevo-espacio-en-valencia\/#breadcrumblist"},"author":{"@id":"https:\/\/www.eldigitaldeasturias.com\/noticias\/author\/admin\/#author"},"creator":{"@id":"https:\/\/www.eldigitaldeasturias.com\/noticias\/author\/admin\/#author"},"image":{"@type":"ImageObject","url":"https:\/\/www.eldigitaldeasturias.com\/noticias\/wp-content\/uploads\/2019\/08\/1564559230_Fachada_2.jpg","@id":"https:\/\/www.eldigitaldeasturias.com\/noticias\/euronics-inaugura-un-nuevo-espacio-en-valencia\/#mainImage","width":1000,"height":750},"primaryImageOfPage":{"@id":"https:\/\/www.eldigitaldeasturias.com\/noticias\/euronics-inaugura-un-nuevo-espacio-en-valencia\/#mainImage"},"datePublished":"2019-08-01T18:58:32+02:00","dateModified":"2019-08-01T18:58:32+02:00"},{"@type":"WebSite","@id":"https:\/\/www.eldigitaldeasturias.com\/noticias\/#website","url":"https:\/\/www.eldigitaldeasturias.com\/noticias\/","name":"El Digital de Asturias - Diario de actualidad y noticias","alternateName":"El Digital de Asturias - Diario de actualidad y noticias","description":"Hemeroteca","inLanguage":"es-ES","publisher":{"@id":"https:\/\/www.eldigitaldeasturias.com\/noticias\/#organization"}}]},"og:locale":"es_ES","og:site_name":"El Digital de Asturias","og:type":"article","og:title":"Euronics inaugura un nuevo espacio en Valencia - El Digital de Asturias","og:description":"Divelsa Euronics, el distribuidor y centro log\u00edstico de Euronics en la Comunidad Valenciana, ha inaugurado un nuevo espacio de exposici\u00f3n en la capital valenciana. Situada en la calle Alboraya 31, esta tienda muestra las \u00faltimas novedades de aparatos para el hogar, tecnolog\u00eda, telefon\u00eda e inform\u00e1tica, convirtiendo los m\u00e1s de 450 metros cuadrados de exposici\u00f3n en","og:url":"https:\/\/www.eldigitaldeasturias.com\/noticias\/euronics-inaugura-un-nuevo-espacio-en-valencia\/","og:image":"https:\/\/www.eldigitaldeasturias.com\/noticias\/wp-content\/uploads\/2019\/08\/1564559230_Fachada_2.jpg","og:image:secure_url":"https:\/\/www.eldigitaldeasturias.com\/noticias\/wp-content\/uploads\/2019\/08\/1564559230_Fachada_2.jpg","og:image:width":1000,"og:image:height":750,"article:tag":["negocios y empresas"],"article:published_time":"2019-08-01T18:58:32+00:00","article:modified_time":"2019-08-01T18:58:32+00:00","article:publisher":"https:\/\/facebook.com\/eldigitaldeasturias","twitter:card":"summary_large_image","twitter:title":"Euronics inaugura un nuevo espacio en Valencia - El Digital de Asturias","twitter:description":"Divelsa Euronics, el distribuidor y centro log\u00edstico de Euronics en la Comunidad Valenciana, ha inaugurado un nuevo espacio de exposici\u00f3n en la capital valenciana. Situada en la calle Alboraya 31, esta tienda muestra las \u00faltimas novedades de aparatos para el hogar, tecnolog\u00eda, telefon\u00eda e inform\u00e1tica, convirtiendo los m\u00e1s de 450 metros cuadrados de exposici\u00f3n en","twitter:image":"https:\/\/www.eldigitaldeasturias.com\/noticias\/wp-content\/uploads\/2019\/08\/1564559230_Fachada_2.jpg","twitter:label1":"Escrito por","twitter:data1":"El Digital de Asturias","twitter:label2":"Tiempo de lectura estimado","twitter:data2":"2 minutos"},"aioseo_meta_data":{"post_id":"1036573","title":null,"description":null,"keywords":null,"keyphrases":null,"primary_term":null,"canonical_url":null,"og_title":null,"og_description":null,"og_object_type":"default","og_image_type":"default","og_image_url":null,"og_image_width":null,"og_image_height":null,"og_image_custom_url":null,"og_image_custom_fields":null,"og_video":null,"og_custom_url":null,"og_article_section":null,"og_article_tags":null,"twitter_use_og":false,"twitter_card":"default","twitter_image_type":"default","twitter_image_url":null,"twitter_image_custom_url":null,"twitter_image_custom_fields":null,"twitter_title":null,"twitter_description":null,"schema":{"blockGraphs":[],"customGraphs":[],"default":{"data":{"Article":[],"Course":[],"Dataset":[],"FAQPage":[],"Movie":[],"Person":[],"Product":[],"ProductReview":[],"Car":[],"Recipe":[],"Service":[],"SoftwareApplication":[],"WebPage":[]},"graphName":"","isEnabled":true},"graphs":[],"defaultGraph":"","defaultPostTypeGraph":""},"schema_type":null,"schema_type_options":null,"pillar_content":false,"robots_default":true,"robots_noindex":false,"robots_noarchive":false,"robots_nosnippet":false,"robots_nofollow":false,"robots_noimageindex":false,"robots_noodp":false,"robots_notranslate":false,"robots_max_snippet":null,"robots_max_videopreview":null,"robots_max_imagepreview":"large","priority":null,"frequency":null,"local_seo":null,"seo_analyzer_scan_date":"2025-10-22 14:01:57","breadcrumb_settings":null,"limit_modified_date":false,"open_ai":null,"ai":null,"created":"2020-12-21 11:07:14","updated":"2025-10-22 14:01:57"},"aioseo_breadcrumb":"<div class=\"aioseo-breadcrumbs\"><span class=\"aioseo-breadcrumb\">\n\t<a href=\"https:\/\/www.eldigitaldeasturias.com\/noticias\" title=\"Home\">Home<\/a>\n<\/span><span class=\"aioseo-breadcrumb-separator\">\u2013<\/span><span class=\"aioseo-breadcrumb\">\n\t<a href=\"https:\/\/www.eldigitaldeasturias.com\/noticias\/category\/negocios-y-empresas\/\" title=\"Negocios y Empresas\">Negocios y Empresas<\/a>\n<\/span><span class=\"aioseo-breadcrumb-separator\">\u2013<\/span><span class=\"aioseo-breadcrumb\">\n\t<a href=\"https:\/\/www.eldigitaldeasturias.com\/noticias\/euronics-inaugura-un-nuevo-espacio-en-valencia\/\" title=\"Euronics inaugura un nuevo espacio en Valencia\">Euronics inaugura un nuevo espacio en Valencia<\/a>\n<\/span><\/div>","aioseo_breadcrumb_json":[{"label":"Home","link":"https:\/\/www.eldigitaldeasturias.com\/noticias"},{"label":"Negocios y Empresas","link":"https:\/\/www.eldigitaldeasturias.com\/noticias\/category\/negocios-y-empresas\/"},{"label":"Euronics inaugura un nuevo espacio en Valencia","link":"https:\/\/www.eldigitaldeasturias.com\/noticias\/euronics-inaugura-un-nuevo-espacio-en-valencia\/"}],"_links":{"self":[{"href":"https:\/\/www.eldigitaldeasturias.com\/noticias\/wp-json\/wp\/v2\/posts\/1036573","targetHints":{"allow":["GET"]}}],"collection":[{"href":"https:\/\/www.eldigitaldeasturias.com\/noticias\/wp-json\/wp\/v2\/posts"}],"about":[{"href":"https:\/\/www.eldigitaldeasturias.com\/noticias\/wp-json\/wp\/v2\/types\/post"}],"author":[{"embeddable":true,"href":"https:\/\/www.eldigitaldeasturias.com\/noticias\/wp-json\/wp\/v2\/users\/1"}],"replies":[{"embeddable":true,"href":"https:\/\/www.eldigitaldeasturias.com\/noticias\/wp-json\/wp\/v2\/comments?post=1036573"}],"version-history":[{"count":0,"href":"https:\/\/www.eldigitaldeasturias.com\/noticias\/wp-json\/wp\/v2\/posts\/1036573\/revisions"}],"wp:featuredmedia":[{"embeddable":true,"href":"https:\/\/www.eldigitaldeasturias.com\/noticias\/wp-json\/wp\/v2\/media\/1036574"}],"wp:attachment":[{"href":"https:\/\/www.eldigitaldeasturias.com\/noticias\/wp-json\/wp\/v2\/media?parent=1036573"}],"wp:term":[{"taxonomy":"category","embeddable":true,"href":"https:\/\/www.eldigitaldeasturias.com\/noticias\/wp-json\/wp\/v2\/categories?post=1036573"},{"taxonomy":"post_tag","embeddable":true,"href":"https:\/\/www.eldigitaldeasturias.com\/noticias\/wp-json\/wp\/v2\/tags?post=1036573"}],"curies":[{"name":"wp","href":"https:\/\/api.w.org\/{rel}","templated":true}]}}