{"id":1036570,"date":"2019-08-01T18:56:49","date_gmt":"2019-08-01T18:56:49","guid":{"rendered":"https:\/\/www.eldigitaldeasturias.com\/noticias\/?p=1036570"},"modified":"2019-08-01T18:56:49","modified_gmt":"2019-08-01T18:56:49","slug":"fece-se-reune-con-el-presidente-de-la-ceoe","status":"publish","type":"post","link":"https:\/\/www.eldigitaldeasturias.com\/noticias\/fece-se-reune-con-el-presidente-de-la-ceoe\/","title":{"rendered":"FECE se re\u00fane con el presidente de la CEOE"},"content":{"rendered":"<p><img loading=\"lazy\" decoding=\"async\" class=\"alignleft size-medium wp-image-1036571\" src=\"https:\/\/www.eldigitaldeasturias.com\/noticias\/wp-content\/uploads\/2019\/08\/1564560378_ReunionFECECEOE-360x203.jpg\" alt=\"\" width=\"360\" height=\"203\" srcset=\"https:\/\/www.eldigitaldeasturias.com\/noticias\/wp-content\/uploads\/2019\/08\/1564560378_ReunionFECECEOE-360x203.jpg 360w, https:\/\/www.eldigitaldeasturias.com\/noticias\/wp-content\/uploads\/2019\/08\/1564560378_ReunionFECECEOE-768x432.jpg 768w, https:\/\/www.eldigitaldeasturias.com\/noticias\/wp-content\/uploads\/2019\/08\/1564560378_ReunionFECECEOE-650x366.jpg 650w, https:\/\/www.eldigitaldeasturias.com\/noticias\/wp-content\/uploads\/2019\/08\/1564560378_ReunionFECECEOE.jpg 1024w\" sizes=\"auto, (max-width: 360px) 100vw, 360px\" \/>El presidente de FECE, Diego Gim\u00e9nez, acompa\u00f1ado de Carlos Moreno-Figueroa, actual secretario general, y Marta P\u00e9rez Dorao, directora general, debatieron con Antonio Garamendi y Javier Calder\u00f3n, responsable de Organizaciones y Empresas, acerca de la situaci\u00f3n del sector y su aportaci\u00f3n al desarrollo econ\u00f3mico y capilaridad del tejido empresarial de nuestro pa\u00eds.<\/p>\n<p>Entre los principales temas abordados, desde FECE se trasladaron algunas inquietudes que preocupan a los m\u00e1s de 6.000 asociados que integran esta patronal, como la competencia desleal que practican algunas tiendas de comercio electr\u00f3nico, que ofrecen bajos precios al incumplir, por citar s\u00f3lo un ejemplo, la normativa que obliga a recoger de forma gratuita el aparato usado sin coste para el cliente. Durante el encuentro se record\u00f3 adem\u00e1s la necesidad de activaci\u00f3n de nuevos Planes Renove, que generan no s\u00f3lo un impulso al consumo, sino una contribuci\u00f3n a la eficiencia energ\u00e9tica y optimizaci\u00f3n de los procesos de recogida de residuos de aparatos el\u00e9ctricos y electr\u00f3nicos (RAEE).<\/p>\n<p>La patronal comparti\u00f3 con Garamendi los principales proyectos en que se encuentra inmersa para impulsar la digitalizaci\u00f3n, la transformaci\u00f3n del sector y la formaci\u00f3n a trav\u00e9s de nuevas tecnolog\u00edas que permitan convertir los puntos de venta y sus representantes en una referencia de consulta y trato personalizado para el cliente frente al comercio digital.<\/p>\n<p>FECE es miembro de la CEOE, CEPYME, CONFEMETAL y la Confederaci\u00f3n Espa\u00f1ola de Comercio CEC y participa activamente en la nueva Comisi\u00f3n de Competitividad, Comercio y Consumo de CEOE, as\u00ed como en las de Legislaci\u00f3n, Desarrollo Sostenible y Medio Ambiente; I+D+I; Asuntos Europeos; Industria y Energ\u00eda; Igualdad y Diversidad; Sociedad Digital, el Comit\u00e9 de Propiedad Industrial e Intelectual, el Consejo del Transporte y la Log\u00edstica, el Grupo de Trabajo Marco de Energ\u00eda y Clima de CEOE y de Trabajo de Residuos, entre otros.<\/p>\n<h3><strong>Sobre FECE<\/strong><\/h3>\n<p><strong>FECE<\/strong>\u00a0o\u00a0<strong>Federaci\u00f3n Espa\u00f1ola de Comerciantes de Electrodom\u00e9sticos<\/strong>agrupa a m\u00e1s de 6.000 comercios espa\u00f1oles que generan empleo directo a m\u00e1s de 35 mil personas. Fue fundada en Madrid en 1980 por las diferentes asociaciones regionales de comerciantes del sector para representar a escala nacional los intereses de los comerciantes de electrodom\u00e9sticos. Las Centrales de los Grupos de Distribuci\u00f3n adscritas a FECE son CEMEVISA, CONZENTRIA, SEGESA-REDDER y SINERSIS. La Federaci\u00f3n est\u00e1 presente en diferentes organismos a nivel nacional como la Confederaci\u00f3n Espa\u00f1ola de Comercio (CEC), Cepyme, Confemetal y CEOE, y a nivel internacional Business Europe y EuroCommerce.<\/p>\n<p>&nbsp;<\/p>\n","protected":false},"excerpt":{"rendered":"<p>El presidente de FECE, Diego Gim\u00e9nez, acompa\u00f1ado de Carlos Moreno-Figueroa, actual secretario general, y Marta P\u00e9rez Dorao, directora general, debatieron con Antonio Garamendi y Javier Calder\u00f3n, responsable de Organizaciones y Empresas, acerca de la situaci\u00f3n del sector y su aportaci\u00f3n al desarrollo econ\u00f3mico y capilaridad del tejido empresarial de nuestro pa\u00eds. Entre los principales temas [&hellip;]<\/p>\n","protected":false},"author":1,"featured_media":1036571,"comment_status":"closed","ping_status":"closed","sticky":false,"template":"","format":"standard","meta":{"footnotes":""},"categories":[219],"tags":[],"class_list":["post-1036570","post","type-post","status-publish","format-standard","has-post-thumbnail","hentry","category-negocios-y-empresas"],"aioseo_notices":[],"aioseo_head":"\n\t\t<!-- All in One SEO Pro 4.9.6.2 - aioseo.com -->\n\t<meta name=\"description\" content=\"El presidente de FECE, Diego Gim\u00e9nez, acompa\u00f1ado de Carlos Moreno-Figueroa, actual secretario general, y Marta P\u00e9rez Dorao, directora general, debatieron con Antonio Garamendi y Javier Calder\u00f3n, responsable de Organizaciones y Empresas, acerca de la situaci\u00f3n del sector y su aportaci\u00f3n al desarrollo econ\u00f3mico y capilaridad del tejido empresarial de nuestro pa\u00eds. Entre los principales temas\" \/>\n\t<meta name=\"robots\" content=\"max-image-preview:large\" \/>\n\t<meta name=\"author\" content=\"El Digital de Asturias\"\/>\n\t<meta name=\"google-site-verification\" content=\"UA-38556648-1\" \/>\n\t<meta name=\"msvalidate.01\" content=\"7dfe9f3f1b24437ab69f4f2559babe99\" \/>\n\t<meta name=\"keywords\" content=\"negocios y empresas\" \/>\n\t<link rel=\"canonical\" href=\"https:\/\/www.eldigitaldeasturias.com\/noticias\/fece-se-reune-con-el-presidente-de-la-ceoe\/\" \/>\n\t<meta name=\"generator\" content=\"All in One SEO Pro (AIOSEO) 4.9.6.2\" \/>\n\t\t<meta property=\"og:locale\" content=\"es_ES\" \/>\n\t\t<meta property=\"og:site_name\" content=\"El Digital de Asturias\" \/>\n\t\t<meta property=\"og:type\" content=\"article\" \/>\n\t\t<meta property=\"og:title\" content=\"FECE se re\u00fane con el presidente de la CEOE - El Digital de Asturias\" \/>\n\t\t<meta property=\"og:description\" content=\"El presidente de FECE, Diego Gim\u00e9nez, acompa\u00f1ado de Carlos Moreno-Figueroa, actual secretario general, y Marta P\u00e9rez Dorao, directora general, debatieron con Antonio Garamendi y Javier Calder\u00f3n, responsable de Organizaciones y Empresas, acerca de la situaci\u00f3n del sector y su aportaci\u00f3n al desarrollo econ\u00f3mico y capilaridad del tejido empresarial de nuestro pa\u00eds. Entre los principales temas\" \/>\n\t\t<meta property=\"og:url\" content=\"https:\/\/www.eldigitaldeasturias.com\/noticias\/fece-se-reune-con-el-presidente-de-la-ceoe\/\" \/>\n\t\t<meta property=\"og:image\" content=\"https:\/\/www.eldigitaldeasturias.com\/noticias\/wp-content\/uploads\/2019\/08\/1564560378_ReunionFECECEOE.jpg\" \/>\n\t\t<meta property=\"og:image:secure_url\" content=\"https:\/\/www.eldigitaldeasturias.com\/noticias\/wp-content\/uploads\/2019\/08\/1564560378_ReunionFECECEOE.jpg\" \/>\n\t\t<meta property=\"og:image:width\" content=\"1024\" \/>\n\t\t<meta property=\"og:image:height\" content=\"576\" \/>\n\t\t<meta property=\"article:tag\" content=\"negocios y empresas\" \/>\n\t\t<meta property=\"article:published_time\" content=\"2019-08-01T18:56:49+00:00\" \/>\n\t\t<meta property=\"article:modified_time\" content=\"2019-08-01T18:56:49+00:00\" \/>\n\t\t<meta property=\"article:publisher\" content=\"https:\/\/facebook.com\/eldigitaldeasturias\" \/>\n\t\t<meta name=\"twitter:card\" content=\"summary_large_image\" \/>\n\t\t<meta name=\"twitter:title\" content=\"FECE se re\u00fane con el presidente de la CEOE - El Digital de Asturias\" \/>\n\t\t<meta name=\"twitter:description\" content=\"El presidente de FECE, Diego Gim\u00e9nez, acompa\u00f1ado de Carlos Moreno-Figueroa, actual secretario general, y Marta P\u00e9rez Dorao, directora general, debatieron con Antonio Garamendi y Javier Calder\u00f3n, responsable de Organizaciones y Empresas, acerca de la situaci\u00f3n del sector y su aportaci\u00f3n al desarrollo econ\u00f3mico y capilaridad del tejido empresarial de nuestro pa\u00eds. Entre los principales temas\" \/>\n\t\t<meta name=\"twitter:image\" content=\"https:\/\/www.eldigitaldeasturias.com\/noticias\/wp-content\/uploads\/2019\/08\/1564560378_ReunionFECECEOE.jpg\" \/>\n\t\t<meta name=\"twitter:label1\" content=\"Escrito por\" \/>\n\t\t<meta name=\"twitter:data1\" content=\"El Digital de Asturias\" \/>\n\t\t<meta name=\"twitter:label2\" content=\"Tiempo de lectura estimado\" \/>\n\t\t<meta name=\"twitter:data2\" content=\"2 minutos\" \/>\n\t\t<script type=\"application\/ld+json\" class=\"aioseo-schema\">\n\t\t\t{\"@context\":\"https:\\\/\\\/schema.org\",\"@graph\":[{\"@type\":\"BlogPosting\",\"@id\":\"https:\\\/\\\/www.eldigitaldeasturias.com\\\/noticias\\\/fece-se-reune-con-el-presidente-de-la-ceoe\\\/#blogposting\",\"name\":\"FECE se re\\u00fane con el presidente de la CEOE - El Digital de Asturias\",\"headline\":\"FECE se re\\u00fane con el presidente de la CEOE\",\"author\":{\"@id\":\"https:\\\/\\\/www.eldigitaldeasturias.com\\\/noticias\\\/author\\\/admin\\\/#author\"},\"publisher\":{\"@id\":\"https:\\\/\\\/www.eldigitaldeasturias.com\\\/noticias\\\/#organization\"},\"image\":{\"@type\":\"ImageObject\",\"url\":\"https:\\\/\\\/www.eldigitaldeasturias.com\\\/noticias\\\/wp-content\\\/uploads\\\/2019\\\/08\\\/1564560378_ReunionFECECEOE.jpg\",\"width\":1024,\"height\":576},\"datePublished\":\"2019-08-01T18:56:49+02:00\",\"dateModified\":\"2019-08-01T18:56:49+02:00\",\"inLanguage\":\"es-ES\",\"mainEntityOfPage\":{\"@id\":\"https:\\\/\\\/www.eldigitaldeasturias.com\\\/noticias\\\/fece-se-reune-con-el-presidente-de-la-ceoe\\\/#webpage\"},\"isPartOf\":{\"@id\":\"https:\\\/\\\/www.eldigitaldeasturias.com\\\/noticias\\\/fece-se-reune-con-el-presidente-de-la-ceoe\\\/#webpage\"},\"articleSection\":\"Negocios y Empresas\"},{\"@type\":\"BreadcrumbList\",\"@id\":\"https:\\\/\\\/www.eldigitaldeasturias.com\\\/noticias\\\/fece-se-reune-con-el-presidente-de-la-ceoe\\\/#breadcrumblist\",\"itemListElement\":[{\"@type\":\"ListItem\",\"@id\":\"https:\\\/\\\/www.eldigitaldeasturias.com\\\/noticias#listItem\",\"position\":1,\"name\":\"Home\",\"item\":\"https:\\\/\\\/www.eldigitaldeasturias.com\\\/noticias\",\"nextItem\":{\"@type\":\"ListItem\",\"@id\":\"https:\\\/\\\/www.eldigitaldeasturias.com\\\/noticias\\\/category\\\/negocios-y-empresas\\\/#listItem\",\"name\":\"Negocios y Empresas\"}},{\"@type\":\"ListItem\",\"@id\":\"https:\\\/\\\/www.eldigitaldeasturias.com\\\/noticias\\\/category\\\/negocios-y-empresas\\\/#listItem\",\"position\":2,\"name\":\"Negocios y Empresas\",\"item\":\"https:\\\/\\\/www.eldigitaldeasturias.com\\\/noticias\\\/category\\\/negocios-y-empresas\\\/\",\"nextItem\":{\"@type\":\"ListItem\",\"@id\":\"https:\\\/\\\/www.eldigitaldeasturias.com\\\/noticias\\\/fece-se-reune-con-el-presidente-de-la-ceoe\\\/#listItem\",\"name\":\"FECE se re\\u00fane con el presidente de la CEOE\"},\"previousItem\":{\"@type\":\"ListItem\",\"@id\":\"https:\\\/\\\/www.eldigitaldeasturias.com\\\/noticias#listItem\",\"name\":\"Home\"}},{\"@type\":\"ListItem\",\"@id\":\"https:\\\/\\\/www.eldigitaldeasturias.com\\\/noticias\\\/fece-se-reune-con-el-presidente-de-la-ceoe\\\/#listItem\",\"position\":3,\"name\":\"FECE se re\\u00fane con el presidente de la CEOE\",\"previousItem\":{\"@type\":\"ListItem\",\"@id\":\"https:\\\/\\\/www.eldigitaldeasturias.com\\\/noticias\\\/category\\\/negocios-y-empresas\\\/#listItem\",\"name\":\"Negocios y Empresas\"}}]},{\"@type\":\"Organization\",\"@id\":\"https:\\\/\\\/www.eldigitaldeasturias.com\\\/noticias\\\/#organization\",\"name\":\"El Digital de Asturias\",\"description\":\"Hemeroteca\",\"url\":\"https:\\\/\\\/www.eldigitaldeasturias.com\\\/noticias\\\/\",\"email\":\"info@eldigitaldeasturias.com\",\"telephone\":\"+34652131393\",\"logo\":{\"@type\":\"ImageObject\",\"url\":\"https:\\\/\\\/www.eldigitaldeasturias.com\\\/noticias\\\/wp-content\\\/uploads\\\/2020\\\/12\\\/EDA.jpg\",\"@id\":\"https:\\\/\\\/www.eldigitaldeasturias.com\\\/noticias\\\/fece-se-reune-con-el-presidente-de-la-ceoe\\\/#organizationLogo\",\"width\":649,\"height\":297},\"image\":{\"@id\":\"https:\\\/\\\/www.eldigitaldeasturias.com\\\/noticias\\\/fece-se-reune-con-el-presidente-de-la-ceoe\\\/#organizationLogo\"},\"sameAs\":[\"https:\\\/\\\/facebook.com\\\/eldigitaldeasturias\",\"https:\\\/\\\/www.youtube.com\\\/channel\\\/UCZP-2wLEB9Rv6erhFmqVnvg\"],\"address\":{\"@id\":\"https:\\\/\\\/www.eldigitaldeasturias.com\\\/noticias\\\/#postaladdress\",\"@type\":\"PostalAddress\",\"streetAddress\":\"san antonio 4,\",\"postalCode\":\"33430\",\"addressLocality\":\"Cand\\u00e1s\",\"addressRegion\":\"Asturias\",\"addressCountry\":\"ES\"}},{\"@type\":\"Person\",\"@id\":\"https:\\\/\\\/www.eldigitaldeasturias.com\\\/noticias\\\/author\\\/admin\\\/#author\",\"url\":\"https:\\\/\\\/www.eldigitaldeasturias.com\\\/noticias\\\/author\\\/admin\\\/\",\"name\":\"El Digital de Asturias\",\"image\":{\"@type\":\"ImageObject\",\"@id\":\"https:\\\/\\\/www.eldigitaldeasturias.com\\\/noticias\\\/fece-se-reune-con-el-presidente-de-la-ceoe\\\/#authorImage\",\"url\":\"https:\\\/\\\/www.eldigitaldeasturias.com\\\/noticias\\\/wp-content\\\/litespeed\\\/avatar\\\/18677e78aa0546b92d9dbf31ec7d7668.jpg?ver=1777290358\",\"width\":96,\"height\":96,\"caption\":\"El Digital de Asturias\"}},{\"@type\":\"WebPage\",\"@id\":\"https:\\\/\\\/www.eldigitaldeasturias.com\\\/noticias\\\/fece-se-reune-con-el-presidente-de-la-ceoe\\\/#webpage\",\"url\":\"https:\\\/\\\/www.eldigitaldeasturias.com\\\/noticias\\\/fece-se-reune-con-el-presidente-de-la-ceoe\\\/\",\"name\":\"FECE se re\\u00fane con el presidente de la CEOE - El Digital de Asturias\",\"description\":\"El presidente de FECE, Diego Gim\\u00e9nez, acompa\\u00f1ado de Carlos Moreno-Figueroa, actual secretario general, y Marta P\\u00e9rez Dorao, directora general, debatieron con Antonio Garamendi y Javier Calder\\u00f3n, responsable de Organizaciones y Empresas, acerca de la situaci\\u00f3n del sector y su aportaci\\u00f3n al desarrollo econ\\u00f3mico y capilaridad del tejido empresarial de nuestro pa\\u00eds. Entre los principales temas\",\"inLanguage\":\"es-ES\",\"isPartOf\":{\"@id\":\"https:\\\/\\\/www.eldigitaldeasturias.com\\\/noticias\\\/#website\"},\"breadcrumb\":{\"@id\":\"https:\\\/\\\/www.eldigitaldeasturias.com\\\/noticias\\\/fece-se-reune-con-el-presidente-de-la-ceoe\\\/#breadcrumblist\"},\"author\":{\"@id\":\"https:\\\/\\\/www.eldigitaldeasturias.com\\\/noticias\\\/author\\\/admin\\\/#author\"},\"creator\":{\"@id\":\"https:\\\/\\\/www.eldigitaldeasturias.com\\\/noticias\\\/author\\\/admin\\\/#author\"},\"image\":{\"@type\":\"ImageObject\",\"url\":\"https:\\\/\\\/www.eldigitaldeasturias.com\\\/noticias\\\/wp-content\\\/uploads\\\/2019\\\/08\\\/1564560378_ReunionFECECEOE.jpg\",\"@id\":\"https:\\\/\\\/www.eldigitaldeasturias.com\\\/noticias\\\/fece-se-reune-con-el-presidente-de-la-ceoe\\\/#mainImage\",\"width\":1024,\"height\":576},\"primaryImageOfPage\":{\"@id\":\"https:\\\/\\\/www.eldigitaldeasturias.com\\\/noticias\\\/fece-se-reune-con-el-presidente-de-la-ceoe\\\/#mainImage\"},\"datePublished\":\"2019-08-01T18:56:49+02:00\",\"dateModified\":\"2019-08-01T18:56:49+02:00\"},{\"@type\":\"WebSite\",\"@id\":\"https:\\\/\\\/www.eldigitaldeasturias.com\\\/noticias\\\/#website\",\"url\":\"https:\\\/\\\/www.eldigitaldeasturias.com\\\/noticias\\\/\",\"name\":\"El Digital de Asturias - Diario de actualidad y noticias\",\"alternateName\":\"El Digital de Asturias - Diario de actualidad y noticias\",\"description\":\"Hemeroteca\",\"inLanguage\":\"es-ES\",\"publisher\":{\"@id\":\"https:\\\/\\\/www.eldigitaldeasturias.com\\\/noticias\\\/#organization\"}}]}\n\t\t<\/script>\n\t\t<!-- All in One SEO Pro -->\r\n\t\t<title>FECE se re\u00fane con el presidente de la CEOE - El Digital de Asturias<\/title>\n\n","aioseo_head_json":{"title":"FECE se re\u00fane con el presidente de la CEOE - El Digital de Asturias","description":"El presidente de FECE, Diego Gim\u00e9nez, acompa\u00f1ado de Carlos Moreno-Figueroa, actual secretario general, y Marta P\u00e9rez Dorao, directora general, debatieron con Antonio Garamendi y Javier Calder\u00f3n, responsable de Organizaciones y Empresas, acerca de la situaci\u00f3n del sector y su aportaci\u00f3n al desarrollo econ\u00f3mico y capilaridad del tejido empresarial de nuestro pa\u00eds. Entre los principales temas","canonical_url":"https:\/\/www.eldigitaldeasturias.com\/noticias\/fece-se-reune-con-el-presidente-de-la-ceoe\/","robots":"max-image-preview:large","keywords":"negocios y empresas","webmasterTools":{"google-site-verification":"UA-38556648-1","msvalidate.01":"7dfe9f3f1b24437ab69f4f2559babe99","miscellaneous":""},"schema":{"@context":"https:\/\/schema.org","@graph":[{"@type":"BlogPosting","@id":"https:\/\/www.eldigitaldeasturias.com\/noticias\/fece-se-reune-con-el-presidente-de-la-ceoe\/#blogposting","name":"FECE se re\u00fane con el presidente de la CEOE - El Digital de Asturias","headline":"FECE se re\u00fane con el presidente de la CEOE","author":{"@id":"https:\/\/www.eldigitaldeasturias.com\/noticias\/author\/admin\/#author"},"publisher":{"@id":"https:\/\/www.eldigitaldeasturias.com\/noticias\/#organization"},"image":{"@type":"ImageObject","url":"https:\/\/www.eldigitaldeasturias.com\/noticias\/wp-content\/uploads\/2019\/08\/1564560378_ReunionFECECEOE.jpg","width":1024,"height":576},"datePublished":"2019-08-01T18:56:49+02:00","dateModified":"2019-08-01T18:56:49+02:00","inLanguage":"es-ES","mainEntityOfPage":{"@id":"https:\/\/www.eldigitaldeasturias.com\/noticias\/fece-se-reune-con-el-presidente-de-la-ceoe\/#webpage"},"isPartOf":{"@id":"https:\/\/www.eldigitaldeasturias.com\/noticias\/fece-se-reune-con-el-presidente-de-la-ceoe\/#webpage"},"articleSection":"Negocios y Empresas"},{"@type":"BreadcrumbList","@id":"https:\/\/www.eldigitaldeasturias.com\/noticias\/fece-se-reune-con-el-presidente-de-la-ceoe\/#breadcrumblist","itemListElement":[{"@type":"ListItem","@id":"https:\/\/www.eldigitaldeasturias.com\/noticias#listItem","position":1,"name":"Home","item":"https:\/\/www.eldigitaldeasturias.com\/noticias","nextItem":{"@type":"ListItem","@id":"https:\/\/www.eldigitaldeasturias.com\/noticias\/category\/negocios-y-empresas\/#listItem","name":"Negocios y Empresas"}},{"@type":"ListItem","@id":"https:\/\/www.eldigitaldeasturias.com\/noticias\/category\/negocios-y-empresas\/#listItem","position":2,"name":"Negocios y Empresas","item":"https:\/\/www.eldigitaldeasturias.com\/noticias\/category\/negocios-y-empresas\/","nextItem":{"@type":"ListItem","@id":"https:\/\/www.eldigitaldeasturias.com\/noticias\/fece-se-reune-con-el-presidente-de-la-ceoe\/#listItem","name":"FECE se re\u00fane con el presidente de la CEOE"},"previousItem":{"@type":"ListItem","@id":"https:\/\/www.eldigitaldeasturias.com\/noticias#listItem","name":"Home"}},{"@type":"ListItem","@id":"https:\/\/www.eldigitaldeasturias.com\/noticias\/fece-se-reune-con-el-presidente-de-la-ceoe\/#listItem","position":3,"name":"FECE se re\u00fane con el presidente de la CEOE","previousItem":{"@type":"ListItem","@id":"https:\/\/www.eldigitaldeasturias.com\/noticias\/category\/negocios-y-empresas\/#listItem","name":"Negocios y Empresas"}}]},{"@type":"Organization","@id":"https:\/\/www.eldigitaldeasturias.com\/noticias\/#organization","name":"El Digital de Asturias","description":"Hemeroteca","url":"https:\/\/www.eldigitaldeasturias.com\/noticias\/","email":"info@eldigitaldeasturias.com","telephone":"+34652131393","logo":{"@type":"ImageObject","url":"https:\/\/www.eldigitaldeasturias.com\/noticias\/wp-content\/uploads\/2020\/12\/EDA.jpg","@id":"https:\/\/www.eldigitaldeasturias.com\/noticias\/fece-se-reune-con-el-presidente-de-la-ceoe\/#organizationLogo","width":649,"height":297},"image":{"@id":"https:\/\/www.eldigitaldeasturias.com\/noticias\/fece-se-reune-con-el-presidente-de-la-ceoe\/#organizationLogo"},"sameAs":["https:\/\/facebook.com\/eldigitaldeasturias","https:\/\/www.youtube.com\/channel\/UCZP-2wLEB9Rv6erhFmqVnvg"],"address":{"@id":"https:\/\/www.eldigitaldeasturias.com\/noticias\/#postaladdress","@type":"PostalAddress","streetAddress":"san antonio 4,","postalCode":"33430","addressLocality":"Cand\u00e1s","addressRegion":"Asturias","addressCountry":"ES"}},{"@type":"Person","@id":"https:\/\/www.eldigitaldeasturias.com\/noticias\/author\/admin\/#author","url":"https:\/\/www.eldigitaldeasturias.com\/noticias\/author\/admin\/","name":"El Digital de Asturias","image":{"@type":"ImageObject","@id":"https:\/\/www.eldigitaldeasturias.com\/noticias\/fece-se-reune-con-el-presidente-de-la-ceoe\/#authorImage","url":"https:\/\/www.eldigitaldeasturias.com\/noticias\/wp-content\/litespeed\/avatar\/18677e78aa0546b92d9dbf31ec7d7668.jpg?ver=1777290358","width":96,"height":96,"caption":"El Digital de Asturias"}},{"@type":"WebPage","@id":"https:\/\/www.eldigitaldeasturias.com\/noticias\/fece-se-reune-con-el-presidente-de-la-ceoe\/#webpage","url":"https:\/\/www.eldigitaldeasturias.com\/noticias\/fece-se-reune-con-el-presidente-de-la-ceoe\/","name":"FECE se re\u00fane con el presidente de la CEOE - El Digital de Asturias","description":"El presidente de FECE, Diego Gim\u00e9nez, acompa\u00f1ado de Carlos Moreno-Figueroa, actual secretario general, y Marta P\u00e9rez Dorao, directora general, debatieron con Antonio Garamendi y Javier Calder\u00f3n, responsable de Organizaciones y Empresas, acerca de la situaci\u00f3n del sector y su aportaci\u00f3n al desarrollo econ\u00f3mico y capilaridad del tejido empresarial de nuestro pa\u00eds. Entre los principales temas","inLanguage":"es-ES","isPartOf":{"@id":"https:\/\/www.eldigitaldeasturias.com\/noticias\/#website"},"breadcrumb":{"@id":"https:\/\/www.eldigitaldeasturias.com\/noticias\/fece-se-reune-con-el-presidente-de-la-ceoe\/#breadcrumblist"},"author":{"@id":"https:\/\/www.eldigitaldeasturias.com\/noticias\/author\/admin\/#author"},"creator":{"@id":"https:\/\/www.eldigitaldeasturias.com\/noticias\/author\/admin\/#author"},"image":{"@type":"ImageObject","url":"https:\/\/www.eldigitaldeasturias.com\/noticias\/wp-content\/uploads\/2019\/08\/1564560378_ReunionFECECEOE.jpg","@id":"https:\/\/www.eldigitaldeasturias.com\/noticias\/fece-se-reune-con-el-presidente-de-la-ceoe\/#mainImage","width":1024,"height":576},"primaryImageOfPage":{"@id":"https:\/\/www.eldigitaldeasturias.com\/noticias\/fece-se-reune-con-el-presidente-de-la-ceoe\/#mainImage"},"datePublished":"2019-08-01T18:56:49+02:00","dateModified":"2019-08-01T18:56:49+02:00"},{"@type":"WebSite","@id":"https:\/\/www.eldigitaldeasturias.com\/noticias\/#website","url":"https:\/\/www.eldigitaldeasturias.com\/noticias\/","name":"El Digital de Asturias - Diario de actualidad y noticias","alternateName":"El Digital de Asturias - Diario de actualidad y noticias","description":"Hemeroteca","inLanguage":"es-ES","publisher":{"@id":"https:\/\/www.eldigitaldeasturias.com\/noticias\/#organization"}}]},"og:locale":"es_ES","og:site_name":"El Digital de Asturias","og:type":"article","og:title":"FECE se re\u00fane con el presidente de la CEOE - El Digital de Asturias","og:description":"El presidente de FECE, Diego Gim\u00e9nez, acompa\u00f1ado de Carlos Moreno-Figueroa, actual secretario general, y Marta P\u00e9rez Dorao, directora general, debatieron con Antonio Garamendi y Javier Calder\u00f3n, responsable de Organizaciones y Empresas, acerca de la situaci\u00f3n del sector y su aportaci\u00f3n al desarrollo econ\u00f3mico y capilaridad del tejido empresarial de nuestro pa\u00eds. Entre los principales temas","og:url":"https:\/\/www.eldigitaldeasturias.com\/noticias\/fece-se-reune-con-el-presidente-de-la-ceoe\/","og:image":"https:\/\/www.eldigitaldeasturias.com\/noticias\/wp-content\/uploads\/2019\/08\/1564560378_ReunionFECECEOE.jpg","og:image:secure_url":"https:\/\/www.eldigitaldeasturias.com\/noticias\/wp-content\/uploads\/2019\/08\/1564560378_ReunionFECECEOE.jpg","og:image:width":1024,"og:image:height":576,"article:tag":["negocios y empresas"],"article:published_time":"2019-08-01T18:56:49+00:00","article:modified_time":"2019-08-01T18:56:49+00:00","article:publisher":"https:\/\/facebook.com\/eldigitaldeasturias","twitter:card":"summary_large_image","twitter:title":"FECE se re\u00fane con el presidente de la CEOE - El Digital de Asturias","twitter:description":"El presidente de FECE, Diego Gim\u00e9nez, acompa\u00f1ado de Carlos Moreno-Figueroa, actual secretario general, y Marta P\u00e9rez Dorao, directora general, debatieron con Antonio Garamendi y Javier Calder\u00f3n, responsable de Organizaciones y Empresas, acerca de la situaci\u00f3n del sector y su aportaci\u00f3n al desarrollo econ\u00f3mico y capilaridad del tejido empresarial de nuestro pa\u00eds. Entre los principales temas","twitter:image":"https:\/\/www.eldigitaldeasturias.com\/noticias\/wp-content\/uploads\/2019\/08\/1564560378_ReunionFECECEOE.jpg","twitter:label1":"Escrito por","twitter:data1":"El Digital de Asturias","twitter:label2":"Tiempo de lectura estimado","twitter:data2":"2 minutos"},"aioseo_meta_data":{"post_id":"1036570","title":null,"description":null,"keywords":null,"keyphrases":null,"primary_term":null,"canonical_url":null,"og_title":null,"og_description":null,"og_object_type":"default","og_image_type":"default","og_image_url":null,"og_image_width":null,"og_image_height":null,"og_image_custom_url":null,"og_image_custom_fields":null,"og_video":null,"og_custom_url":null,"og_article_section":null,"og_article_tags":null,"twitter_use_og":false,"twitter_card":"default","twitter_image_type":"default","twitter_image_url":null,"twitter_image_custom_url":null,"twitter_image_custom_fields":null,"twitter_title":null,"twitter_description":null,"schema":{"blockGraphs":[],"customGraphs":[],"default":{"data":{"Article":[],"Course":[],"Dataset":[],"FAQPage":[],"Movie":[],"Person":[],"Product":[],"ProductReview":[],"Car":[],"Recipe":[],"Service":[],"SoftwareApplication":[],"WebPage":[]},"graphName":"","isEnabled":true},"graphs":[],"defaultGraph":"","defaultPostTypeGraph":""},"schema_type":null,"schema_type_options":null,"pillar_content":false,"robots_default":true,"robots_noindex":false,"robots_noarchive":false,"robots_nosnippet":false,"robots_nofollow":false,"robots_noimageindex":false,"robots_noodp":false,"robots_notranslate":false,"robots_max_snippet":null,"robots_max_videopreview":null,"robots_max_imagepreview":"large","priority":null,"frequency":null,"local_seo":null,"seo_analyzer_scan_date":"2025-10-22 14:01:56","breadcrumb_settings":null,"limit_modified_date":false,"open_ai":null,"ai":null,"created":"2020-12-21 11:07:14","updated":"2025-10-22 14:01:56"},"aioseo_breadcrumb":"<div class=\"aioseo-breadcrumbs\"><span class=\"aioseo-breadcrumb\">\n\t<a href=\"https:\/\/www.eldigitaldeasturias.com\/noticias\" title=\"Home\">Home<\/a>\n<\/span><span class=\"aioseo-breadcrumb-separator\">\u2013<\/span><span class=\"aioseo-breadcrumb\">\n\t<a href=\"https:\/\/www.eldigitaldeasturias.com\/noticias\/category\/negocios-y-empresas\/\" title=\"Negocios y Empresas\">Negocios y Empresas<\/a>\n<\/span><span class=\"aioseo-breadcrumb-separator\">\u2013<\/span><span class=\"aioseo-breadcrumb\">\n\t<a href=\"https:\/\/www.eldigitaldeasturias.com\/noticias\/fece-se-reune-con-el-presidente-de-la-ceoe\/\" title=\"FECE se re\u00fane con el presidente de la CEOE\">FECE se re\u00fane con el presidente de la CEOE<\/a>\n<\/span><\/div>","aioseo_breadcrumb_json":[{"label":"Home","link":"https:\/\/www.eldigitaldeasturias.com\/noticias"},{"label":"Negocios y Empresas","link":"https:\/\/www.eldigitaldeasturias.com\/noticias\/category\/negocios-y-empresas\/"},{"label":"FECE se re\u00fane con el presidente de la CEOE","link":"https:\/\/www.eldigitaldeasturias.com\/noticias\/fece-se-reune-con-el-presidente-de-la-ceoe\/"}],"_links":{"self":[{"href":"https:\/\/www.eldigitaldeasturias.com\/noticias\/wp-json\/wp\/v2\/posts\/1036570","targetHints":{"allow":["GET"]}}],"collection":[{"href":"https:\/\/www.eldigitaldeasturias.com\/noticias\/wp-json\/wp\/v2\/posts"}],"about":[{"href":"https:\/\/www.eldigitaldeasturias.com\/noticias\/wp-json\/wp\/v2\/types\/post"}],"author":[{"embeddable":true,"href":"https:\/\/www.eldigitaldeasturias.com\/noticias\/wp-json\/wp\/v2\/users\/1"}],"replies":[{"embeddable":true,"href":"https:\/\/www.eldigitaldeasturias.com\/noticias\/wp-json\/wp\/v2\/comments?post=1036570"}],"version-history":[{"count":0,"href":"https:\/\/www.eldigitaldeasturias.com\/noticias\/wp-json\/wp\/v2\/posts\/1036570\/revisions"}],"wp:featuredmedia":[{"embeddable":true,"href":"https:\/\/www.eldigitaldeasturias.com\/noticias\/wp-json\/wp\/v2\/media\/1036571"}],"wp:attachment":[{"href":"https:\/\/www.eldigitaldeasturias.com\/noticias\/wp-json\/wp\/v2\/media?parent=1036570"}],"wp:term":[{"taxonomy":"category","embeddable":true,"href":"https:\/\/www.eldigitaldeasturias.com\/noticias\/wp-json\/wp\/v2\/categories?post=1036570"},{"taxonomy":"post_tag","embeddable":true,"href":"https:\/\/www.eldigitaldeasturias.com\/noticias\/wp-json\/wp\/v2\/tags?post=1036570"}],"curies":[{"name":"wp","href":"https:\/\/api.w.org\/{rel}","templated":true}]}}