{"id":1036478,"date":"2019-08-01T10:48:59","date_gmt":"2019-08-01T10:48:59","guid":{"rendered":"https:\/\/www.eldigitaldeasturias.com\/noticias\/?p=1036478"},"modified":"2019-08-01T10:48:59","modified_gmt":"2019-08-01T10:48:59","slug":"aleasoft-los-50-anos-de-la-llegada-a-la-luna-y-la-revolucion-de-la-fotovoltaica","status":"publish","type":"post","link":"https:\/\/www.eldigitaldeasturias.com\/noticias\/aleasoft-los-50-anos-de-la-llegada-a-la-luna-y-la-revolucion-de-la-fotovoltaica\/","title":{"rendered":"AleaSoft: Los 50 a\u00f1os de la llegada a la Luna y la revoluci\u00f3n de la fotovoltaica"},"content":{"rendered":"<p><img loading=\"lazy\" decoding=\"async\" class=\"alignleft size-medium wp-image-1036481\" src=\"https:\/\/www.eldigitaldeasturias.com\/noticias\/wp-content\/uploads\/2019\/08\/1564579047_aleasoft-360x238.jpg\" alt=\"\" width=\"360\" height=\"238\" srcset=\"https:\/\/www.eldigitaldeasturias.com\/noticias\/wp-content\/uploads\/2019\/08\/1564579047_aleasoft-360x238.jpg 360w, https:\/\/www.eldigitaldeasturias.com\/noticias\/wp-content\/uploads\/2019\/08\/1564579047_aleasoft-768x508.jpg 768w, https:\/\/www.eldigitaldeasturias.com\/noticias\/wp-content\/uploads\/2019\/08\/1564579047_aleasoft-650x430.jpg 650w, https:\/\/www.eldigitaldeasturias.com\/noticias\/wp-content\/uploads\/2019\/08\/1564579047_aleasoft-1536x1020.jpg 1536w, https:\/\/www.eldigitaldeasturias.com\/noticias\/wp-content\/uploads\/2019\/08\/1564579047_aleasoft-1024x678.jpg 1024w, https:\/\/www.eldigitaldeasturias.com\/noticias\/wp-content\/uploads\/2019\/08\/1564579047_aleasoft.jpg 1800w\" sizes=\"auto, (max-width: 360px) 100vw, 360px\" \/>Entre los temas m\u00e1s discutidos en este momento en el campo de la energ\u00eda y del\u00a0<strong>medio ambiente<\/strong>se encuentran las\u00a0<strong>renovables<\/strong>, la\u00a0<span style=\"color: #ff6600;\"><strong><a style=\"color: #ff6600;\" href=\"https:\/\/aleasoft.com\/es\/fotovoltaica-autoconsumo-dos-palabras-mas-mencionadas-primera-mitad-de-2019\/\" target=\"_blank\" rel=\"nofollow noopener noreferrer\">fotovoltaica<\/a><\/strong><\/span>, los veh\u00edculos el\u00e9ctricos o las\u00a0<strong>pilas de combustible<\/strong>\u00a0que usan\u00a0<strong>hidr\u00f3geno<\/strong>\u00a0para producir electricidad. Todas estas tecnolog\u00edas se perciben como novedosas, al menos en el uso y aplicaciones en las que se est\u00e1n implementado en la actualidad. Pero, si bien \u00faltimamente han evolucionado mucho, estas tecnolog\u00edas llevan ya mucho tiempo existiendo, funcionando y mejorando en el contexto de los viajes espaciales pr\u00e1cticamente desde sus inicios a mitad del siglo XX. Pero parece que ahora les ha llegado su momento, el de su adopci\u00f3n a gran escala, incluso en el \u00e1mbito dom\u00e9stico.<\/p>\n<p>La pregunta que surge inmediatamente es por qu\u00e9, si estas tecnolog\u00edas ya se utilizaban como tecnolog\u00eda espacial hace tanto tiempo, no se han adoptado a nivel industrial o dom\u00e9stico hasta ahora. En unas condiciones tan duras y extremas como las que se experimentan en el espacio exterior, fuera de la protecci\u00f3n de la atm\u00f3sfera, o durante las fuertes aceleraciones del despegue de un cohete espacial, se requieren tecnolog\u00edas con caracter\u00edsticas algo distintas de las que se usaban hasta ahora en la vida cotidiana y terrestre. Seguramente, esas tecnolog\u00edas conllevaban algunos inconvenientes o incomodidades que, hasta ahora, se percib\u00edan como poco rentables como para invertir en su implantaci\u00f3n. Porque, por otro lado, se dispon\u00eda de\u00a0<strong>combustibles f\u00f3siles<\/strong>\u00a0\u201cbaratos\u201d y para los que ya existe una infraestructura para su distribuci\u00f3n.<\/p>\n<p>Pero, con el agravamiento y la visibilidad de los efectos del\u00a0<strong>cambio clim\u00e1tico<\/strong>, superar esas incomodidades e invertir en su implantaci\u00f3n ya parece tener todo el sentido y, en el fondo, todo el mundo entiende que ahora s\u00ed vale la pena y esperar que no sea demasiado tarde.<\/p>\n<p>Una de las tecnolog\u00edas m\u00e1s presentes en el imaginario colectivo cuando se trata de tecnolog\u00eda espacial son las\u00a0<strong>placas solares<\/strong>\u00a0en sat\u00e9lites, estaciones y sondas espaciales y, en general, en cualquier objeto que tenga que permanecer durante mucho tiempo en el espacio y necesite energ\u00eda. En casos como estos, la mejor opci\u00f3n es no tener que cargar con el combustible, que supone un inconveniente importante sobre todo durante el despegue. Adem\u00e1s, cuanto m\u00e1s tiempo se va a permanecer en el espacio o cuanto m\u00e1s tiempo se necesite disponer de energ\u00eda, m\u00e1s combustible hay que cargar.<\/p>\n<p>Si no se quiere tener que cargar con el combustible, entonces la \u00fanica opci\u00f3n es usar la energ\u00eda de que se disponga en ese entorno, y eso se reduce pr\u00e1cticamente a la \u00fanica opci\u00f3n de usar la\u00a0<strong>energ\u00eda solar<\/strong>. La estructura de paneles fotovoltaicos m\u00e1s grande usada en el espacio son los 2500 metros cuadrados de\u00a0<strong>paneles fotovoltaicos<\/strong>\u00a0de la Estaci\u00f3n Espacial Internacional (ISS, por sus siglas en ingl\u00e9s). Estos paneles proporcionan hasta 120 kW, que son los necesarios para hacer funcionar todos los sistemas de la estaci\u00f3n y cargar las bater\u00edas que proporcionan electricidad cuando la estaci\u00f3n se encuentra en la sombra de la Tierra.<\/p>\n<p>Pero el inicio del uso de la\u00a0<strong>tecnolog\u00eda fotovoltaica<\/strong>\u00a0en el espacio se remonta mucho m\u00e1s atr\u00e1s, a los primeros sat\u00e9lites artificiales que se lanzaron en los a\u00f1os 50 del siglo pasado. El Vanguard I fue el cuarto sat\u00e9lite artificial puesto en \u00f3rbita. Eso ocurri\u00f3 el 17 de marzo de 1957, tan solo cinco meses despu\u00e9s del primer Sputnik. En esos momentos las celdas de silicio ten\u00edan un coste de unos $300 por W, por lo que solamente era sensato usarlas en entornos donde se necesitara poca potencia, poco peso y donde se requiriera energ\u00eda durante mucho tiempo sin tener que cargar con el combustible. Un sat\u00e9lite en \u00f3rbita alrededor de la Tierra o una sonda espacial que viajara dentro del Sistema Solar eran las aplicaciones id\u00f3neas. El Vanguard I a\u00fan sigue orbitando alrededor de la Tierra y, gracias a esos primeros paneles espaciales, funcion\u00e1ndose mantuvieron las comunicaciones hasta 1964, mientras que las bater\u00edas que llevaba a bordo le proporcionaron energ\u00eda tan solo durante los primeros veinte d\u00edas.<\/p>\n<p>Pero volviendo a poner los pies en la Tierra. Aqu\u00ed, en esos primeros instantes de la carrera espacial, generar energ\u00eda, ya fuera el\u00e9ctrica, cin\u00e9tica o en forma de calor, a partir de los combustibles f\u00f3siles era mucho m\u00e1s sencillo y econ\u00f3mico, porque la tecnolog\u00eda ya estaba desarrollada, el combustible f\u00f3sil era asequible y la infraestructura de distribuci\u00f3n del combustible ya estaba implementada y funcionaba sin m\u00e1s. Y fue as\u00ed durante los siguientes cincuenta a\u00f1os.<\/p>\n<p>Pero mientras, la tecnolog\u00eda fotovoltaica se fue desarrollando, sus costes disminuyendo y su eficiencia aumentando. Hasta el d\u00eda de hoy, que los costes de los paneles solares son mil veces menores y ya han ca\u00eddo por debajo de los $0,30 por W, un precio a a\u00f1os luz de esos $300 de las placas del Vanguard I.<\/p>\n<p>Con esos costes, la tecnolog\u00eda fotovoltaica ha alcanzado el punto donde puede competir directamente en el mercado, sin ayudas, ni primas, ni subvenciones con las plantas t\u00e9rmicas de gas y carb\u00f3n. Y este es uno de los factores clave que hacen pensar en que una\u00a0<strong>revoluci\u00f3n fotovoltaica<\/strong>\u00a0est\u00e1 al caer.\u00a0<span style=\"color: #ff6600;\"><strong><a style=\"color: #ff6600;\" href=\"https:\/\/aleasoft.com\/es\/pniec-apuesta-fotovoltaica-eolica-liderar-transicion-energetica\/\" target=\"_blank\" rel=\"nofollow noopener noreferrer\">Los planes para el desarrollo de las renovables<\/a><\/strong><\/span>\u00a0descritos en el\u00a0<strong>Plan Nacional Integrado de Energ\u00eda y Clima\u00a0<\/strong>(PNIEC) prev\u00e9n instalar casi 3 GW de fotovoltaica al a\u00f1o hasta 2030. Los datos de Red El\u00e9ctrica de Espa\u00f1a (REE) muestran que durante la primera mitad de 2019 se han instalado 660 MW de fotovoltaica, frente a los 434 MW que se instalaron entre 2011 y 2018. De hecho, se puede decir que\u00a0<span style=\"color: #ff6600;\"><strong><a style=\"color: #ff6600;\" href=\"https:\/\/aleasoft.com\/es\/momento-revolucion-fotovoltaica-espana-ahora\/\" target=\"_blank\" rel=\"nofollow noopener noreferrer\">la revoluci\u00f3n ya ha empezado<\/a><\/strong><\/span>.<\/p>\n<p>La principal caracter\u00edstica y tambi\u00e9n ventaja de la tecnolog\u00eda fotovoltaica es que no es emisora\u00a0<strong>CO2<\/strong>\u00a0ni\u00a0<strong>gases de efecto invernadero<\/strong>\u00a0al generar electricidad, lo que hace que esta tecnolog\u00eda sea id\u00f3nea para avanzar hacia los objetivos de reducci\u00f3n de las emisiones de la Uni\u00f3n Europea para 2030. Pero esa es una caracter\u00edstica que comparte con la otra apuesta del PNIEC: la\u00a0<strong>e\u00f3lica<\/strong>. Lo que hace particularmente atractiva la fotovoltaica es su car\u00e1cter modular.<\/p>\n<p>Las instalaciones fotovoltaicas est\u00e1n formadas b\u00e1sicamente por la uni\u00f3n de muchas peque\u00f1as celdas. Eso permite la construcci\u00f3n desde los grandes paneles de la ISS o las grandes plantas sobre suelo, hasta peque\u00f1as instalaciones sobre el techo de una nave industrial o de una casa. Ese aspecto modular y la ca\u00edda de los precios de las celdas hacen posible y rentable el\u00a0<strong>autoconsumo<\/strong>.<\/p>\n<p>El autoconsumo se puede realizar a cualquier nivel: desde una casa unifamiliar, a una comunidad de vecinos de un edificio o una instalaci\u00f3n industrial. Es por esa raz\u00f3n que se espera que el autoconsumo sea un\u00a0<span style=\"color: #ff6600;\"><strong><a style=\"color: #ff6600;\" href=\"https:\/\/aleasoft.com\/es\/autoconsumo-pilar-fundamental-revolucion-fotovoltaica\/\" target=\"_blank\" rel=\"nofollow noopener noreferrer\">pilar fundamental de la revoluci\u00f3n fotovoltaica<\/a><\/strong><\/span>. El autoconsumo comportar\u00e1 una\u00a0<strong>descentralizaci\u00f3n de la generaci\u00f3n el\u00e9ctrica<\/strong>, y ser\u00e1 necesario\u00a0<span style=\"color: #ff6600;\"><strong><a style=\"color: #ff6600;\" href=\"https:\/\/aleasoft.com\/es\/reforma-mercado-electrico-europeo-imprescindible-revolucion-fotovoltaica\/\" target=\"_blank\" rel=\"nofollow noopener noreferrer\">adecuar el mercado el\u00e9ctrico y el sistema de distribuci\u00f3n de electricidad<\/a><\/strong><\/span>, pensados y dise\u00f1ados para una producci\u00f3n centralizada y un consumo descentralizado.<\/p>\n<p>La revoluci\u00f3n fotovoltaica tambi\u00e9n ser\u00e1\u00a0<span style=\"color: #ff6600;\"><strong><a style=\"color: #ff6600;\" href=\"https:\/\/aleasoft.com\/es\/fotovoltaica-cambiar-region\/\" target=\"_blank\" rel=\"nofollow noopener noreferrer\">una oportunidad para regiones o pa\u00edses enteros<\/a><\/strong><\/span>, como la mitad sur de la pen\u00ednsula ib\u00e9rica, que disponen de cuantioso recurso solar y de un gran potencial de desarrollo econ\u00f3mico.<\/p>\n<p>Han pasado m\u00e1s de sesenta a\u00f1os desde que la tecnolog\u00eda fotovoltaica comenz\u00f3 a participar de la carrera espacial que llevar\u00eda al ser humano a la Luna, hasta hoy, momento en que la fotovoltaica protagoniza la revoluci\u00f3n en el sector de la producci\u00f3n de electricidad.<\/p>\n<p>&nbsp;<\/p>\n","protected":false},"excerpt":{"rendered":"<p>Entre los temas m\u00e1s discutidos en este momento en el campo de la energ\u00eda y del\u00a0medio ambientese encuentran las\u00a0renovables, la\u00a0fotovoltaica, los veh\u00edculos el\u00e9ctricos o las\u00a0pilas de combustible\u00a0que usan\u00a0hidr\u00f3geno\u00a0para producir electricidad. Todas estas tecnolog\u00edas se perciben como novedosas, al menos en el uso y aplicaciones en las que se est\u00e1n implementado en la actualidad. Pero, si [&hellip;]<\/p>\n","protected":false},"author":1,"featured_media":1036481,"comment_status":"closed","ping_status":"closed","sticky":false,"template":"","format":"standard","meta":{"footnotes":""},"categories":[219],"tags":[],"class_list":["post-1036478","post","type-post","status-publish","format-standard","has-post-thumbnail","hentry","category-negocios-y-empresas"],"aioseo_notices":[],"aioseo_head":"\n\t\t<!-- All in One SEO Pro 4.9.6.2 - aioseo.com -->\n\t<meta name=\"description\" content=\"Entre los temas m\u00e1s discutidos en este momento en el campo de la energ\u00eda y del medio ambientese encuentran las renovables, la fotovoltaica, los veh\u00edculos el\u00e9ctricos o las pilas de combustible que usan hidr\u00f3geno para producir electricidad. Todas estas tecnolog\u00edas se perciben como novedosas, al menos en el uso y aplicaciones en las que se est\u00e1n implementado en la actualidad. Pero, si\" \/>\n\t<meta name=\"robots\" content=\"max-image-preview:large\" \/>\n\t<meta name=\"author\" content=\"El Digital de Asturias\"\/>\n\t<meta name=\"google-site-verification\" content=\"UA-38556648-1\" \/>\n\t<meta name=\"msvalidate.01\" content=\"7dfe9f3f1b24437ab69f4f2559babe99\" \/>\n\t<meta name=\"keywords\" content=\"negocios y empresas\" \/>\n\t<link rel=\"canonical\" href=\"https:\/\/www.eldigitaldeasturias.com\/noticias\/aleasoft-los-50-anos-de-la-llegada-a-la-luna-y-la-revolucion-de-la-fotovoltaica\/\" \/>\n\t<meta name=\"generator\" content=\"All in One SEO Pro (AIOSEO) 4.9.6.2\" \/>\n\t\t<meta property=\"og:locale\" content=\"es_ES\" \/>\n\t\t<meta property=\"og:site_name\" content=\"El Digital de Asturias\" \/>\n\t\t<meta property=\"og:type\" content=\"article\" \/>\n\t\t<meta property=\"og:title\" content=\"AleaSoft: Los 50 a\u00f1os de la llegada a la Luna y la revoluci\u00f3n de la fotovoltaica - El Digital de Asturias\" \/>\n\t\t<meta property=\"og:description\" content=\"Entre los temas m\u00e1s discutidos en este momento en el campo de la energ\u00eda y del medio ambientese encuentran las renovables, la fotovoltaica, los veh\u00edculos el\u00e9ctricos o las pilas de combustible que usan hidr\u00f3geno para producir electricidad. Todas estas tecnolog\u00edas se perciben como novedosas, al menos en el uso y aplicaciones en las que se est\u00e1n implementado en la actualidad. Pero, si\" \/>\n\t\t<meta property=\"og:url\" content=\"https:\/\/www.eldigitaldeasturias.com\/noticias\/aleasoft-los-50-anos-de-la-llegada-a-la-luna-y-la-revolucion-de-la-fotovoltaica\/\" \/>\n\t\t<meta property=\"og:image\" content=\"https:\/\/www.eldigitaldeasturias.com\/noticias\/wp-content\/uploads\/2019\/08\/1564579047_aleasoft.jpg\" \/>\n\t\t<meta property=\"og:image:secure_url\" content=\"https:\/\/www.eldigitaldeasturias.com\/noticias\/wp-content\/uploads\/2019\/08\/1564579047_aleasoft.jpg\" \/>\n\t\t<meta property=\"og:image:width\" content=\"1800\" \/>\n\t\t<meta property=\"og:image:height\" content=\"1191\" \/>\n\t\t<meta property=\"article:tag\" content=\"negocios y empresas\" \/>\n\t\t<meta property=\"article:published_time\" content=\"2019-08-01T10:48:59+00:00\" \/>\n\t\t<meta property=\"article:modified_time\" content=\"2019-08-01T10:48:59+00:00\" \/>\n\t\t<meta property=\"article:publisher\" content=\"https:\/\/facebook.com\/eldigitaldeasturias\" \/>\n\t\t<meta name=\"twitter:card\" content=\"summary_large_image\" \/>\n\t\t<meta name=\"twitter:title\" content=\"AleaSoft: Los 50 a\u00f1os de la llegada a la Luna y la revoluci\u00f3n de la fotovoltaica - El Digital de Asturias\" \/>\n\t\t<meta name=\"twitter:description\" content=\"Entre los temas m\u00e1s discutidos en este momento en el campo de la energ\u00eda y del medio ambientese encuentran las renovables, la fotovoltaica, los veh\u00edculos el\u00e9ctricos o las pilas de combustible que usan hidr\u00f3geno para producir electricidad. Todas estas tecnolog\u00edas se perciben como novedosas, al menos en el uso y aplicaciones en las que se est\u00e1n implementado en la actualidad. Pero, si\" \/>\n\t\t<meta name=\"twitter:image\" content=\"https:\/\/www.eldigitaldeasturias.com\/noticias\/wp-content\/uploads\/2019\/08\/1564579047_aleasoft.jpg\" \/>\n\t\t<meta name=\"twitter:label1\" content=\"Escrito por\" \/>\n\t\t<meta name=\"twitter:data1\" content=\"El Digital de Asturias\" \/>\n\t\t<meta name=\"twitter:label2\" content=\"Tiempo de lectura estimado\" \/>\n\t\t<meta name=\"twitter:data2\" content=\"7 minutos\" \/>\n\t\t<script type=\"application\/ld+json\" class=\"aioseo-schema\">\n\t\t\t{\"@context\":\"https:\\\/\\\/schema.org\",\"@graph\":[{\"@type\":\"BlogPosting\",\"@id\":\"https:\\\/\\\/www.eldigitaldeasturias.com\\\/noticias\\\/aleasoft-los-50-anos-de-la-llegada-a-la-luna-y-la-revolucion-de-la-fotovoltaica\\\/#blogposting\",\"name\":\"AleaSoft: Los 50 a\\u00f1os de la llegada a la Luna y la revoluci\\u00f3n de la fotovoltaica - El Digital de Asturias\",\"headline\":\"AleaSoft: Los 50 a\\u00f1os de la llegada a la Luna y la revoluci\\u00f3n de la fotovoltaica\",\"author\":{\"@id\":\"https:\\\/\\\/www.eldigitaldeasturias.com\\\/noticias\\\/author\\\/admin\\\/#author\"},\"publisher\":{\"@id\":\"https:\\\/\\\/www.eldigitaldeasturias.com\\\/noticias\\\/#organization\"},\"image\":{\"@type\":\"ImageObject\",\"url\":\"https:\\\/\\\/www.eldigitaldeasturias.com\\\/noticias\\\/wp-content\\\/uploads\\\/2019\\\/08\\\/1564579047_aleasoft.jpg\",\"width\":1800,\"height\":1191},\"datePublished\":\"2019-08-01T10:48:59+02:00\",\"dateModified\":\"2019-08-01T10:48:59+02:00\",\"inLanguage\":\"es-ES\",\"mainEntityOfPage\":{\"@id\":\"https:\\\/\\\/www.eldigitaldeasturias.com\\\/noticias\\\/aleasoft-los-50-anos-de-la-llegada-a-la-luna-y-la-revolucion-de-la-fotovoltaica\\\/#webpage\"},\"isPartOf\":{\"@id\":\"https:\\\/\\\/www.eldigitaldeasturias.com\\\/noticias\\\/aleasoft-los-50-anos-de-la-llegada-a-la-luna-y-la-revolucion-de-la-fotovoltaica\\\/#webpage\"},\"articleSection\":\"Negocios y Empresas\"},{\"@type\":\"BreadcrumbList\",\"@id\":\"https:\\\/\\\/www.eldigitaldeasturias.com\\\/noticias\\\/aleasoft-los-50-anos-de-la-llegada-a-la-luna-y-la-revolucion-de-la-fotovoltaica\\\/#breadcrumblist\",\"itemListElement\":[{\"@type\":\"ListItem\",\"@id\":\"https:\\\/\\\/www.eldigitaldeasturias.com\\\/noticias#listItem\",\"position\":1,\"name\":\"Home\",\"item\":\"https:\\\/\\\/www.eldigitaldeasturias.com\\\/noticias\",\"nextItem\":{\"@type\":\"ListItem\",\"@id\":\"https:\\\/\\\/www.eldigitaldeasturias.com\\\/noticias\\\/category\\\/negocios-y-empresas\\\/#listItem\",\"name\":\"Negocios y Empresas\"}},{\"@type\":\"ListItem\",\"@id\":\"https:\\\/\\\/www.eldigitaldeasturias.com\\\/noticias\\\/category\\\/negocios-y-empresas\\\/#listItem\",\"position\":2,\"name\":\"Negocios y Empresas\",\"item\":\"https:\\\/\\\/www.eldigitaldeasturias.com\\\/noticias\\\/category\\\/negocios-y-empresas\\\/\",\"nextItem\":{\"@type\":\"ListItem\",\"@id\":\"https:\\\/\\\/www.eldigitaldeasturias.com\\\/noticias\\\/aleasoft-los-50-anos-de-la-llegada-a-la-luna-y-la-revolucion-de-la-fotovoltaica\\\/#listItem\",\"name\":\"AleaSoft: Los 50 a\\u00f1os de la llegada a la Luna y la revoluci\\u00f3n de la fotovoltaica\"},\"previousItem\":{\"@type\":\"ListItem\",\"@id\":\"https:\\\/\\\/www.eldigitaldeasturias.com\\\/noticias#listItem\",\"name\":\"Home\"}},{\"@type\":\"ListItem\",\"@id\":\"https:\\\/\\\/www.eldigitaldeasturias.com\\\/noticias\\\/aleasoft-los-50-anos-de-la-llegada-a-la-luna-y-la-revolucion-de-la-fotovoltaica\\\/#listItem\",\"position\":3,\"name\":\"AleaSoft: Los 50 a\\u00f1os de la llegada a la Luna y la revoluci\\u00f3n de la fotovoltaica\",\"previousItem\":{\"@type\":\"ListItem\",\"@id\":\"https:\\\/\\\/www.eldigitaldeasturias.com\\\/noticias\\\/category\\\/negocios-y-empresas\\\/#listItem\",\"name\":\"Negocios y Empresas\"}}]},{\"@type\":\"Organization\",\"@id\":\"https:\\\/\\\/www.eldigitaldeasturias.com\\\/noticias\\\/#organization\",\"name\":\"El Digital de Asturias\",\"description\":\"Hemeroteca\",\"url\":\"https:\\\/\\\/www.eldigitaldeasturias.com\\\/noticias\\\/\",\"email\":\"info@eldigitaldeasturias.com\",\"telephone\":\"+34652131393\",\"logo\":{\"@type\":\"ImageObject\",\"url\":\"https:\\\/\\\/www.eldigitaldeasturias.com\\\/noticias\\\/wp-content\\\/uploads\\\/2020\\\/12\\\/EDA.jpg\",\"@id\":\"https:\\\/\\\/www.eldigitaldeasturias.com\\\/noticias\\\/aleasoft-los-50-anos-de-la-llegada-a-la-luna-y-la-revolucion-de-la-fotovoltaica\\\/#organizationLogo\",\"width\":649,\"height\":297},\"image\":{\"@id\":\"https:\\\/\\\/www.eldigitaldeasturias.com\\\/noticias\\\/aleasoft-los-50-anos-de-la-llegada-a-la-luna-y-la-revolucion-de-la-fotovoltaica\\\/#organizationLogo\"},\"sameAs\":[\"https:\\\/\\\/facebook.com\\\/eldigitaldeasturias\",\"https:\\\/\\\/www.youtube.com\\\/channel\\\/UCZP-2wLEB9Rv6erhFmqVnvg\"],\"address\":{\"@id\":\"https:\\\/\\\/www.eldigitaldeasturias.com\\\/noticias\\\/#postaladdress\",\"@type\":\"PostalAddress\",\"streetAddress\":\"san antonio 4,\",\"postalCode\":\"33430\",\"addressLocality\":\"Cand\\u00e1s\",\"addressRegion\":\"Asturias\",\"addressCountry\":\"ES\"}},{\"@type\":\"Person\",\"@id\":\"https:\\\/\\\/www.eldigitaldeasturias.com\\\/noticias\\\/author\\\/admin\\\/#author\",\"url\":\"https:\\\/\\\/www.eldigitaldeasturias.com\\\/noticias\\\/author\\\/admin\\\/\",\"name\":\"El Digital de Asturias\",\"image\":{\"@type\":\"ImageObject\",\"@id\":\"https:\\\/\\\/www.eldigitaldeasturias.com\\\/noticias\\\/aleasoft-los-50-anos-de-la-llegada-a-la-luna-y-la-revolucion-de-la-fotovoltaica\\\/#authorImage\",\"url\":\"https:\\\/\\\/www.eldigitaldeasturias.com\\\/noticias\\\/wp-content\\\/litespeed\\\/avatar\\\/18677e78aa0546b92d9dbf31ec7d7668.jpg?ver=1777290358\",\"width\":96,\"height\":96,\"caption\":\"El Digital de Asturias\"}},{\"@type\":\"WebPage\",\"@id\":\"https:\\\/\\\/www.eldigitaldeasturias.com\\\/noticias\\\/aleasoft-los-50-anos-de-la-llegada-a-la-luna-y-la-revolucion-de-la-fotovoltaica\\\/#webpage\",\"url\":\"https:\\\/\\\/www.eldigitaldeasturias.com\\\/noticias\\\/aleasoft-los-50-anos-de-la-llegada-a-la-luna-y-la-revolucion-de-la-fotovoltaica\\\/\",\"name\":\"AleaSoft: Los 50 a\\u00f1os de la llegada a la Luna y la revoluci\\u00f3n de la fotovoltaica - El Digital de Asturias\",\"description\":\"Entre los temas m\\u00e1s discutidos en este momento en el campo de la energ\\u00eda y del medio ambientese encuentran las renovables, la fotovoltaica, los veh\\u00edculos el\\u00e9ctricos o las pilas de combustible que usan hidr\\u00f3geno para producir electricidad. Todas estas tecnolog\\u00edas se perciben como novedosas, al menos en el uso y aplicaciones en las que se est\\u00e1n implementado en la actualidad. Pero, si\",\"inLanguage\":\"es-ES\",\"isPartOf\":{\"@id\":\"https:\\\/\\\/www.eldigitaldeasturias.com\\\/noticias\\\/#website\"},\"breadcrumb\":{\"@id\":\"https:\\\/\\\/www.eldigitaldeasturias.com\\\/noticias\\\/aleasoft-los-50-anos-de-la-llegada-a-la-luna-y-la-revolucion-de-la-fotovoltaica\\\/#breadcrumblist\"},\"author\":{\"@id\":\"https:\\\/\\\/www.eldigitaldeasturias.com\\\/noticias\\\/author\\\/admin\\\/#author\"},\"creator\":{\"@id\":\"https:\\\/\\\/www.eldigitaldeasturias.com\\\/noticias\\\/author\\\/admin\\\/#author\"},\"image\":{\"@type\":\"ImageObject\",\"url\":\"https:\\\/\\\/www.eldigitaldeasturias.com\\\/noticias\\\/wp-content\\\/uploads\\\/2019\\\/08\\\/1564579047_aleasoft.jpg\",\"@id\":\"https:\\\/\\\/www.eldigitaldeasturias.com\\\/noticias\\\/aleasoft-los-50-anos-de-la-llegada-a-la-luna-y-la-revolucion-de-la-fotovoltaica\\\/#mainImage\",\"width\":1800,\"height\":1191},\"primaryImageOfPage\":{\"@id\":\"https:\\\/\\\/www.eldigitaldeasturias.com\\\/noticias\\\/aleasoft-los-50-anos-de-la-llegada-a-la-luna-y-la-revolucion-de-la-fotovoltaica\\\/#mainImage\"},\"datePublished\":\"2019-08-01T10:48:59+02:00\",\"dateModified\":\"2019-08-01T10:48:59+02:00\"},{\"@type\":\"WebSite\",\"@id\":\"https:\\\/\\\/www.eldigitaldeasturias.com\\\/noticias\\\/#website\",\"url\":\"https:\\\/\\\/www.eldigitaldeasturias.com\\\/noticias\\\/\",\"name\":\"El Digital de Asturias - Diario de actualidad y noticias\",\"alternateName\":\"El Digital de Asturias - Diario de actualidad y noticias\",\"description\":\"Hemeroteca\",\"inLanguage\":\"es-ES\",\"publisher\":{\"@id\":\"https:\\\/\\\/www.eldigitaldeasturias.com\\\/noticias\\\/#organization\"}}]}\n\t\t<\/script>\n\t\t<!-- All in One SEO Pro -->\r\n\t\t<title>AleaSoft: Los 50 a\u00f1os de la llegada a la Luna y la revoluci\u00f3n de la fotovoltaica - El Digital de Asturias<\/title>\n\n","aioseo_head_json":{"title":"AleaSoft: Los 50 a\u00f1os de la llegada a la Luna y la revoluci\u00f3n de la fotovoltaica - El Digital de Asturias","description":"Entre los temas m\u00e1s discutidos en este momento en el campo de la energ\u00eda y del medio ambientese encuentran las renovables, la fotovoltaica, los veh\u00edculos el\u00e9ctricos o las pilas de combustible que usan hidr\u00f3geno para producir electricidad. Todas estas tecnolog\u00edas se perciben como novedosas, al menos en el uso y aplicaciones en las que se est\u00e1n implementado en la actualidad. Pero, si","canonical_url":"https:\/\/www.eldigitaldeasturias.com\/noticias\/aleasoft-los-50-anos-de-la-llegada-a-la-luna-y-la-revolucion-de-la-fotovoltaica\/","robots":"max-image-preview:large","keywords":"negocios y empresas","webmasterTools":{"google-site-verification":"UA-38556648-1","msvalidate.01":"7dfe9f3f1b24437ab69f4f2559babe99","miscellaneous":""},"schema":{"@context":"https:\/\/schema.org","@graph":[{"@type":"BlogPosting","@id":"https:\/\/www.eldigitaldeasturias.com\/noticias\/aleasoft-los-50-anos-de-la-llegada-a-la-luna-y-la-revolucion-de-la-fotovoltaica\/#blogposting","name":"AleaSoft: Los 50 a\u00f1os de la llegada a la Luna y la revoluci\u00f3n de la fotovoltaica - El Digital de Asturias","headline":"AleaSoft: Los 50 a\u00f1os de la llegada a la Luna y la revoluci\u00f3n de la fotovoltaica","author":{"@id":"https:\/\/www.eldigitaldeasturias.com\/noticias\/author\/admin\/#author"},"publisher":{"@id":"https:\/\/www.eldigitaldeasturias.com\/noticias\/#organization"},"image":{"@type":"ImageObject","url":"https:\/\/www.eldigitaldeasturias.com\/noticias\/wp-content\/uploads\/2019\/08\/1564579047_aleasoft.jpg","width":1800,"height":1191},"datePublished":"2019-08-01T10:48:59+02:00","dateModified":"2019-08-01T10:48:59+02:00","inLanguage":"es-ES","mainEntityOfPage":{"@id":"https:\/\/www.eldigitaldeasturias.com\/noticias\/aleasoft-los-50-anos-de-la-llegada-a-la-luna-y-la-revolucion-de-la-fotovoltaica\/#webpage"},"isPartOf":{"@id":"https:\/\/www.eldigitaldeasturias.com\/noticias\/aleasoft-los-50-anos-de-la-llegada-a-la-luna-y-la-revolucion-de-la-fotovoltaica\/#webpage"},"articleSection":"Negocios y Empresas"},{"@type":"BreadcrumbList","@id":"https:\/\/www.eldigitaldeasturias.com\/noticias\/aleasoft-los-50-anos-de-la-llegada-a-la-luna-y-la-revolucion-de-la-fotovoltaica\/#breadcrumblist","itemListElement":[{"@type":"ListItem","@id":"https:\/\/www.eldigitaldeasturias.com\/noticias#listItem","position":1,"name":"Home","item":"https:\/\/www.eldigitaldeasturias.com\/noticias","nextItem":{"@type":"ListItem","@id":"https:\/\/www.eldigitaldeasturias.com\/noticias\/category\/negocios-y-empresas\/#listItem","name":"Negocios y Empresas"}},{"@type":"ListItem","@id":"https:\/\/www.eldigitaldeasturias.com\/noticias\/category\/negocios-y-empresas\/#listItem","position":2,"name":"Negocios y Empresas","item":"https:\/\/www.eldigitaldeasturias.com\/noticias\/category\/negocios-y-empresas\/","nextItem":{"@type":"ListItem","@id":"https:\/\/www.eldigitaldeasturias.com\/noticias\/aleasoft-los-50-anos-de-la-llegada-a-la-luna-y-la-revolucion-de-la-fotovoltaica\/#listItem","name":"AleaSoft: Los 50 a\u00f1os de la llegada a la Luna y la revoluci\u00f3n de la fotovoltaica"},"previousItem":{"@type":"ListItem","@id":"https:\/\/www.eldigitaldeasturias.com\/noticias#listItem","name":"Home"}},{"@type":"ListItem","@id":"https:\/\/www.eldigitaldeasturias.com\/noticias\/aleasoft-los-50-anos-de-la-llegada-a-la-luna-y-la-revolucion-de-la-fotovoltaica\/#listItem","position":3,"name":"AleaSoft: Los 50 a\u00f1os de la llegada a la Luna y la revoluci\u00f3n de la fotovoltaica","previousItem":{"@type":"ListItem","@id":"https:\/\/www.eldigitaldeasturias.com\/noticias\/category\/negocios-y-empresas\/#listItem","name":"Negocios y Empresas"}}]},{"@type":"Organization","@id":"https:\/\/www.eldigitaldeasturias.com\/noticias\/#organization","name":"El Digital de Asturias","description":"Hemeroteca","url":"https:\/\/www.eldigitaldeasturias.com\/noticias\/","email":"info@eldigitaldeasturias.com","telephone":"+34652131393","logo":{"@type":"ImageObject","url":"https:\/\/www.eldigitaldeasturias.com\/noticias\/wp-content\/uploads\/2020\/12\/EDA.jpg","@id":"https:\/\/www.eldigitaldeasturias.com\/noticias\/aleasoft-los-50-anos-de-la-llegada-a-la-luna-y-la-revolucion-de-la-fotovoltaica\/#organizationLogo","width":649,"height":297},"image":{"@id":"https:\/\/www.eldigitaldeasturias.com\/noticias\/aleasoft-los-50-anos-de-la-llegada-a-la-luna-y-la-revolucion-de-la-fotovoltaica\/#organizationLogo"},"sameAs":["https:\/\/facebook.com\/eldigitaldeasturias","https:\/\/www.youtube.com\/channel\/UCZP-2wLEB9Rv6erhFmqVnvg"],"address":{"@id":"https:\/\/www.eldigitaldeasturias.com\/noticias\/#postaladdress","@type":"PostalAddress","streetAddress":"san antonio 4,","postalCode":"33430","addressLocality":"Cand\u00e1s","addressRegion":"Asturias","addressCountry":"ES"}},{"@type":"Person","@id":"https:\/\/www.eldigitaldeasturias.com\/noticias\/author\/admin\/#author","url":"https:\/\/www.eldigitaldeasturias.com\/noticias\/author\/admin\/","name":"El Digital de Asturias","image":{"@type":"ImageObject","@id":"https:\/\/www.eldigitaldeasturias.com\/noticias\/aleasoft-los-50-anos-de-la-llegada-a-la-luna-y-la-revolucion-de-la-fotovoltaica\/#authorImage","url":"https:\/\/www.eldigitaldeasturias.com\/noticias\/wp-content\/litespeed\/avatar\/18677e78aa0546b92d9dbf31ec7d7668.jpg?ver=1777290358","width":96,"height":96,"caption":"El Digital de Asturias"}},{"@type":"WebPage","@id":"https:\/\/www.eldigitaldeasturias.com\/noticias\/aleasoft-los-50-anos-de-la-llegada-a-la-luna-y-la-revolucion-de-la-fotovoltaica\/#webpage","url":"https:\/\/www.eldigitaldeasturias.com\/noticias\/aleasoft-los-50-anos-de-la-llegada-a-la-luna-y-la-revolucion-de-la-fotovoltaica\/","name":"AleaSoft: Los 50 a\u00f1os de la llegada a la Luna y la revoluci\u00f3n de la fotovoltaica - El Digital de Asturias","description":"Entre los temas m\u00e1s discutidos en este momento en el campo de la energ\u00eda y del medio ambientese encuentran las renovables, la fotovoltaica, los veh\u00edculos el\u00e9ctricos o las pilas de combustible que usan hidr\u00f3geno para producir electricidad. Todas estas tecnolog\u00edas se perciben como novedosas, al menos en el uso y aplicaciones en las que se est\u00e1n implementado en la actualidad. Pero, si","inLanguage":"es-ES","isPartOf":{"@id":"https:\/\/www.eldigitaldeasturias.com\/noticias\/#website"},"breadcrumb":{"@id":"https:\/\/www.eldigitaldeasturias.com\/noticias\/aleasoft-los-50-anos-de-la-llegada-a-la-luna-y-la-revolucion-de-la-fotovoltaica\/#breadcrumblist"},"author":{"@id":"https:\/\/www.eldigitaldeasturias.com\/noticias\/author\/admin\/#author"},"creator":{"@id":"https:\/\/www.eldigitaldeasturias.com\/noticias\/author\/admin\/#author"},"image":{"@type":"ImageObject","url":"https:\/\/www.eldigitaldeasturias.com\/noticias\/wp-content\/uploads\/2019\/08\/1564579047_aleasoft.jpg","@id":"https:\/\/www.eldigitaldeasturias.com\/noticias\/aleasoft-los-50-anos-de-la-llegada-a-la-luna-y-la-revolucion-de-la-fotovoltaica\/#mainImage","width":1800,"height":1191},"primaryImageOfPage":{"@id":"https:\/\/www.eldigitaldeasturias.com\/noticias\/aleasoft-los-50-anos-de-la-llegada-a-la-luna-y-la-revolucion-de-la-fotovoltaica\/#mainImage"},"datePublished":"2019-08-01T10:48:59+02:00","dateModified":"2019-08-01T10:48:59+02:00"},{"@type":"WebSite","@id":"https:\/\/www.eldigitaldeasturias.com\/noticias\/#website","url":"https:\/\/www.eldigitaldeasturias.com\/noticias\/","name":"El Digital de Asturias - Diario de actualidad y noticias","alternateName":"El Digital de Asturias - Diario de actualidad y noticias","description":"Hemeroteca","inLanguage":"es-ES","publisher":{"@id":"https:\/\/www.eldigitaldeasturias.com\/noticias\/#organization"}}]},"og:locale":"es_ES","og:site_name":"El Digital de Asturias","og:type":"article","og:title":"AleaSoft: Los 50 a\u00f1os de la llegada a la Luna y la revoluci\u00f3n de la fotovoltaica - El Digital de Asturias","og:description":"Entre los temas m\u00e1s discutidos en este momento en el campo de la energ\u00eda y del medio ambientese encuentran las renovables, la fotovoltaica, los veh\u00edculos el\u00e9ctricos o las pilas de combustible que usan hidr\u00f3geno para producir electricidad. Todas estas tecnolog\u00edas se perciben como novedosas, al menos en el uso y aplicaciones en las que se est\u00e1n implementado en la actualidad. Pero, si","og:url":"https:\/\/www.eldigitaldeasturias.com\/noticias\/aleasoft-los-50-anos-de-la-llegada-a-la-luna-y-la-revolucion-de-la-fotovoltaica\/","og:image":"https:\/\/www.eldigitaldeasturias.com\/noticias\/wp-content\/uploads\/2019\/08\/1564579047_aleasoft.jpg","og:image:secure_url":"https:\/\/www.eldigitaldeasturias.com\/noticias\/wp-content\/uploads\/2019\/08\/1564579047_aleasoft.jpg","og:image:width":1800,"og:image:height":1191,"article:tag":["negocios y empresas"],"article:published_time":"2019-08-01T10:48:59+00:00","article:modified_time":"2019-08-01T10:48:59+00:00","article:publisher":"https:\/\/facebook.com\/eldigitaldeasturias","twitter:card":"summary_large_image","twitter:title":"AleaSoft: Los 50 a\u00f1os de la llegada a la Luna y la revoluci\u00f3n de la fotovoltaica - El Digital de Asturias","twitter:description":"Entre los temas m\u00e1s discutidos en este momento en el campo de la energ\u00eda y del medio ambientese encuentran las renovables, la fotovoltaica, los veh\u00edculos el\u00e9ctricos o las pilas de combustible que usan hidr\u00f3geno para producir electricidad. Todas estas tecnolog\u00edas se perciben como novedosas, al menos en el uso y aplicaciones en las que se est\u00e1n implementado en la actualidad. Pero, si","twitter:image":"https:\/\/www.eldigitaldeasturias.com\/noticias\/wp-content\/uploads\/2019\/08\/1564579047_aleasoft.jpg","twitter:label1":"Escrito por","twitter:data1":"El Digital de Asturias","twitter:label2":"Tiempo de lectura estimado","twitter:data2":"7 minutos"},"aioseo_meta_data":{"post_id":"1036478","title":null,"description":null,"keywords":null,"keyphrases":null,"primary_term":null,"canonical_url":null,"og_title":null,"og_description":null,"og_object_type":"default","og_image_type":"default","og_image_url":null,"og_image_width":null,"og_image_height":null,"og_image_custom_url":null,"og_image_custom_fields":null,"og_video":null,"og_custom_url":null,"og_article_section":null,"og_article_tags":null,"twitter_use_og":false,"twitter_card":"default","twitter_image_type":"default","twitter_image_url":null,"twitter_image_custom_url":null,"twitter_image_custom_fields":null,"twitter_title":null,"twitter_description":null,"schema":{"blockGraphs":[],"customGraphs":[],"default":{"data":{"Article":[],"Course":[],"Dataset":[],"FAQPage":[],"Movie":[],"Person":[],"Product":[],"ProductReview":[],"Car":[],"Recipe":[],"Service":[],"SoftwareApplication":[],"WebPage":[]},"graphName":"","isEnabled":true},"graphs":[],"defaultGraph":"","defaultPostTypeGraph":""},"schema_type":null,"schema_type_options":null,"pillar_content":false,"robots_default":true,"robots_noindex":false,"robots_noarchive":false,"robots_nosnippet":false,"robots_nofollow":false,"robots_noimageindex":false,"robots_noodp":false,"robots_notranslate":false,"robots_max_snippet":null,"robots_max_videopreview":null,"robots_max_imagepreview":"large","priority":null,"frequency":null,"local_seo":null,"seo_analyzer_scan_date":"2025-10-22 13:37:58","breadcrumb_settings":null,"limit_modified_date":false,"open_ai":null,"ai":null,"created":"2020-12-21 11:07:20","updated":"2025-10-22 13:37:58"},"aioseo_breadcrumb":"<div class=\"aioseo-breadcrumbs\"><span class=\"aioseo-breadcrumb\">\n\t<a href=\"https:\/\/www.eldigitaldeasturias.com\/noticias\" title=\"Home\">Home<\/a>\n<\/span><span class=\"aioseo-breadcrumb-separator\">\u2013<\/span><span class=\"aioseo-breadcrumb\">\n\t<a href=\"https:\/\/www.eldigitaldeasturias.com\/noticias\/category\/negocios-y-empresas\/\" title=\"Negocios y Empresas\">Negocios y Empresas<\/a>\n<\/span><span class=\"aioseo-breadcrumb-separator\">\u2013<\/span><span class=\"aioseo-breadcrumb\">\n\t<a href=\"https:\/\/www.eldigitaldeasturias.com\/noticias\/aleasoft-los-50-anos-de-la-llegada-a-la-luna-y-la-revolucion-de-la-fotovoltaica\/\" title=\"AleaSoft: Los 50 a\u00f1os de la llegada a la Luna y la revoluci\u00f3n de la fotovoltaica\">AleaSoft: Los 50 a\u00f1os de la llegada a la Luna y la revoluci\u00f3n de la fotovoltaica<\/a>\n<\/span><\/div>","aioseo_breadcrumb_json":[{"label":"Home","link":"https:\/\/www.eldigitaldeasturias.com\/noticias"},{"label":"Negocios y Empresas","link":"https:\/\/www.eldigitaldeasturias.com\/noticias\/category\/negocios-y-empresas\/"},{"label":"AleaSoft: Los 50 a\u00f1os de la llegada a la Luna y la revoluci\u00f3n de la fotovoltaica","link":"https:\/\/www.eldigitaldeasturias.com\/noticias\/aleasoft-los-50-anos-de-la-llegada-a-la-luna-y-la-revolucion-de-la-fotovoltaica\/"}],"_links":{"self":[{"href":"https:\/\/www.eldigitaldeasturias.com\/noticias\/wp-json\/wp\/v2\/posts\/1036478","targetHints":{"allow":["GET"]}}],"collection":[{"href":"https:\/\/www.eldigitaldeasturias.com\/noticias\/wp-json\/wp\/v2\/posts"}],"about":[{"href":"https:\/\/www.eldigitaldeasturias.com\/noticias\/wp-json\/wp\/v2\/types\/post"}],"author":[{"embeddable":true,"href":"https:\/\/www.eldigitaldeasturias.com\/noticias\/wp-json\/wp\/v2\/users\/1"}],"replies":[{"embeddable":true,"href":"https:\/\/www.eldigitaldeasturias.com\/noticias\/wp-json\/wp\/v2\/comments?post=1036478"}],"version-history":[{"count":0,"href":"https:\/\/www.eldigitaldeasturias.com\/noticias\/wp-json\/wp\/v2\/posts\/1036478\/revisions"}],"wp:featuredmedia":[{"embeddable":true,"href":"https:\/\/www.eldigitaldeasturias.com\/noticias\/wp-json\/wp\/v2\/media\/1036481"}],"wp:attachment":[{"href":"https:\/\/www.eldigitaldeasturias.com\/noticias\/wp-json\/wp\/v2\/media?parent=1036478"}],"wp:term":[{"taxonomy":"category","embeddable":true,"href":"https:\/\/www.eldigitaldeasturias.com\/noticias\/wp-json\/wp\/v2\/categories?post=1036478"},{"taxonomy":"post_tag","embeddable":true,"href":"https:\/\/www.eldigitaldeasturias.com\/noticias\/wp-json\/wp\/v2\/tags?post=1036478"}],"curies":[{"name":"wp","href":"https:\/\/api.w.org\/{rel}","templated":true}]}}