{"id":1036142,"date":"2019-07-29T09:33:14","date_gmt":"2019-07-29T09:33:14","guid":{"rendered":"https:\/\/www.eldigitaldeasturias.com\/noticias\/?p=1036142"},"modified":"2019-07-29T09:33:14","modified_gmt":"2019-07-29T09:33:14","slug":"bmw-contrata-a-ex-marines-en-estados-unidos","status":"publish","type":"post","link":"https:\/\/www.eldigitaldeasturias.com\/noticias\/bmw-contrata-a-ex-marines-en-estados-unidos\/","title":{"rendered":"BMW contrata a ex Marines en Estados Unidos"},"content":{"rendered":"<p><img loading=\"lazy\" decoding=\"async\" class=\"alignleft size-medium wp-image-1008086\" src=\"https:\/\/www.eldigitaldeasturias.com\/noticias\/wp-content\/uploads\/2018\/11\/traffic-332857_960_720-360x240.jpg\" alt=\"\" width=\"360\" height=\"240\" srcset=\"https:\/\/www.eldigitaldeasturias.com\/noticias\/wp-content\/uploads\/2018\/11\/traffic-332857_960_720-360x240.jpg 360w, https:\/\/www.eldigitaldeasturias.com\/noticias\/wp-content\/uploads\/2018\/11\/traffic-332857_960_720-768x512.jpg 768w, https:\/\/www.eldigitaldeasturias.com\/noticias\/wp-content\/uploads\/2018\/11\/traffic-332857_960_720-650x433.jpg 650w, https:\/\/www.eldigitaldeasturias.com\/noticias\/wp-content\/uploads\/2018\/11\/traffic-332857_960_720.jpg 960w\" sizes=\"auto, (max-width: 360px) 100vw, 360px\" \/>M\u00fanich, 28 jul (dpa) &#8211; La automotriz alemana BMW contrata en Estados Unidos a antiguos soldados de \u00e9lite para trabajar en los concesionarios de coches debido a la escasez de personal cualificado, de acuerdo con un informe de prensa publicado hoy.<\/p>\n<p>\u00abLos veteranos de los Marines son exactamente los candidatos adecuados para nuestra formaci\u00f3n\u00bb, dijo un portavoz de BMW al peri\u00f3dico alem\u00e1n \u00abFrankfurter Allgemeine Sonntagszeitung\u00bb.<\/p>\n<p>Los Marines, que a menudo abandonan las fuerzas armadas con cerca de 25 a\u00f1os de edad, se encargar\u00e1n ahora de cambiar neum\u00e1ticos, ajustar d\u00ednamos o centrar los componentes electr\u00f3nicos de las carrocer\u00edas de los concesionarios de BMW.<\/p>\n<p>Seg\u00fan las informaciones, los veteranos est\u00e1n recibiendo capacitaci\u00f3n del Ej\u00e9rcito estadounidense como apoyo para su reintegraci\u00f3n laboral y BMW se ha adherido a este programa.<\/p>\n<p>Desde el a\u00f1o pasado, la empresa b\u00e1vara colabora con las fuerzas armadas estadounidenses a la hora de ofrecer perspectivas profesionales a los soldados que se retiran, escribe el diario germano. Un portavoz de BMW indic\u00f3 que el proyecto va a ser ampliado.<\/p>\n<p>Los fabricantes alemanes de autom\u00f3viles con sede en Estados Unidos est\u00e1n sufriendo actualmente los efectos de los conflictos comerciales entre ese pa\u00eds y China. Adem\u00e1s, la industria automotriz sufre la amenaza de aranceles especiales por parte de Estados Unidos sobre las importaciones de autom\u00f3viles procedentes de la Uni\u00f3n Europea (UE) y posibles contramedidas que adopten los europeos.<\/p>\n<p>El presidente de Estados Unidos, Donald Trump, podr\u00eda elevar los aranceles de importaci\u00f3n de autom\u00f3viles al 25 por ciento o m\u00e1s. Los fabricantes de autom\u00f3viles alemanes llevan meses advirtiendo al respecto y subrayan su compromiso con el mercado estadounidense y el n\u00famero de empleados en sus plantas.<\/p>\n<p>BMW tiene en Estados Unidos su planta m\u00e1s grande del mundo en Spartanburg (Carolina del Sur). Los principales modelos producidos all\u00ed son los SUV (veh\u00edculos utilitarios deportivos) de la serie X. El fabricante b\u00e1varo inform\u00f3 que en 2017 export\u00f3 m\u00e1s de 272.000 autom\u00f3viles producidos en Estados Unidos a la vez que import\u00f3 algo menos de 248.000.<\/p>\n<p>Hasta la fecha, el grupo germano ha invertido casi nueve mil millones de d\u00f3lares en la planta de Spartanburg y est\u00e1 ampliando la capacidad de producci\u00f3n. Esta planta proporciona -de manera directa y a trav\u00e9s de proveedores- m\u00e1s de 36.000 puestos de trabajo.<\/p>\n","protected":false},"excerpt":{"rendered":"<p>M\u00fanich, 28 jul (dpa) &#8211; La automotriz alemana BMW contrata en Estados Unidos a antiguos soldados de \u00e9lite para trabajar en los concesionarios de coches debido a la escasez de personal cualificado, de acuerdo con un informe de prensa publicado hoy. \u00abLos veteranos de los Marines son exactamente los candidatos adecuados para nuestra formaci\u00f3n\u00bb, dijo [&hellip;]<\/p>\n","protected":false},"author":1,"featured_media":1008086,"comment_status":"closed","ping_status":"closed","sticky":false,"template":"","format":"standard","meta":{"footnotes":""},"categories":[219],"tags":[],"class_list":["post-1036142","post","type-post","status-publish","format-standard","has-post-thumbnail","hentry","category-negocios-y-empresas"],"aioseo_notices":[],"aioseo_head":"\n\t\t<!-- All in One SEO Pro 4.9.6.2 - aioseo.com -->\n\t<meta name=\"description\" content=\"M\u00fanich, 28 jul (dpa) - La automotriz alemana BMW contrata en Estados Unidos a antiguos soldados de \u00e9lite para trabajar en los concesionarios de coches debido a la escasez de personal cualificado, de acuerdo con un informe de prensa publicado hoy. &quot;Los veteranos de los Marines son exactamente los candidatos adecuados para nuestra formaci\u00f3n&quot;, dijo\" \/>\n\t<meta name=\"robots\" content=\"max-image-preview:large\" \/>\n\t<meta name=\"author\" content=\"El Digital de Asturias\"\/>\n\t<meta name=\"google-site-verification\" content=\"UA-38556648-1\" \/>\n\t<meta name=\"msvalidate.01\" content=\"7dfe9f3f1b24437ab69f4f2559babe99\" \/>\n\t<meta name=\"keywords\" content=\"negocios y empresas\" \/>\n\t<link rel=\"canonical\" href=\"https:\/\/www.eldigitaldeasturias.com\/noticias\/bmw-contrata-a-ex-marines-en-estados-unidos\/\" \/>\n\t<meta name=\"generator\" content=\"All in One SEO Pro (AIOSEO) 4.9.6.2\" \/>\n\t\t<meta property=\"og:locale\" content=\"es_ES\" \/>\n\t\t<meta property=\"og:site_name\" content=\"El Digital de Asturias\" \/>\n\t\t<meta property=\"og:type\" content=\"article\" \/>\n\t\t<meta property=\"og:title\" content=\"BMW contrata a ex Marines en Estados Unidos - El Digital de Asturias\" \/>\n\t\t<meta property=\"og:description\" content=\"M\u00fanich, 28 jul (dpa) - La automotriz alemana BMW contrata en Estados Unidos a antiguos soldados de \u00e9lite para trabajar en los concesionarios de coches debido a la escasez de personal cualificado, de acuerdo con un informe de prensa publicado hoy. &quot;Los veteranos de los Marines son exactamente los candidatos adecuados para nuestra formaci\u00f3n&quot;, dijo\" \/>\n\t\t<meta property=\"og:url\" content=\"https:\/\/www.eldigitaldeasturias.com\/noticias\/bmw-contrata-a-ex-marines-en-estados-unidos\/\" \/>\n\t\t<meta property=\"og:image\" content=\"https:\/\/www.eldigitaldeasturias.com\/noticias\/wp-content\/uploads\/2018\/11\/traffic-332857_960_720.jpg\" \/>\n\t\t<meta property=\"og:image:secure_url\" content=\"https:\/\/www.eldigitaldeasturias.com\/noticias\/wp-content\/uploads\/2018\/11\/traffic-332857_960_720.jpg\" \/>\n\t\t<meta property=\"og:image:width\" content=\"960\" \/>\n\t\t<meta property=\"og:image:height\" content=\"640\" \/>\n\t\t<meta property=\"article:tag\" content=\"negocios y empresas\" \/>\n\t\t<meta property=\"article:published_time\" content=\"2019-07-29T09:33:14+00:00\" \/>\n\t\t<meta property=\"article:modified_time\" content=\"2019-07-29T09:33:14+00:00\" \/>\n\t\t<meta property=\"article:publisher\" content=\"https:\/\/facebook.com\/eldigitaldeasturias\" \/>\n\t\t<meta name=\"twitter:card\" content=\"summary_large_image\" \/>\n\t\t<meta name=\"twitter:title\" content=\"BMW contrata a ex Marines en Estados Unidos - El Digital de Asturias\" \/>\n\t\t<meta name=\"twitter:description\" content=\"M\u00fanich, 28 jul (dpa) - La automotriz alemana BMW contrata en Estados Unidos a antiguos soldados de \u00e9lite para trabajar en los concesionarios de coches debido a la escasez de personal cualificado, de acuerdo con un informe de prensa publicado hoy. &quot;Los veteranos de los Marines son exactamente los candidatos adecuados para nuestra formaci\u00f3n&quot;, dijo\" \/>\n\t\t<meta name=\"twitter:image\" content=\"https:\/\/www.eldigitaldeasturias.com\/noticias\/wp-content\/uploads\/2018\/11\/traffic-332857_960_720.jpg\" \/>\n\t\t<meta name=\"twitter:label1\" content=\"Escrito por\" \/>\n\t\t<meta name=\"twitter:data1\" content=\"El Digital de Asturias\" \/>\n\t\t<meta name=\"twitter:label2\" content=\"Tiempo de lectura estimado\" \/>\n\t\t<meta name=\"twitter:data2\" content=\"2 minutos\" \/>\n\t\t<script type=\"application\/ld+json\" class=\"aioseo-schema\">\n\t\t\t{\"@context\":\"https:\\\/\\\/schema.org\",\"@graph\":[{\"@type\":\"BlogPosting\",\"@id\":\"https:\\\/\\\/www.eldigitaldeasturias.com\\\/noticias\\\/bmw-contrata-a-ex-marines-en-estados-unidos\\\/#blogposting\",\"name\":\"BMW contrata a ex Marines en Estados Unidos - El Digital de Asturias\",\"headline\":\"BMW contrata a ex Marines en Estados Unidos\",\"author\":{\"@id\":\"https:\\\/\\\/www.eldigitaldeasturias.com\\\/noticias\\\/author\\\/admin\\\/#author\"},\"publisher\":{\"@id\":\"https:\\\/\\\/www.eldigitaldeasturias.com\\\/noticias\\\/#organization\"},\"image\":{\"@type\":\"ImageObject\",\"url\":\"https:\\\/\\\/www.eldigitaldeasturias.com\\\/noticias\\\/wp-content\\\/uploads\\\/2018\\\/11\\\/traffic-332857_960_720.jpg\",\"width\":960,\"height\":640,\"caption\":\"traffic\"},\"datePublished\":\"2019-07-29T09:33:14+02:00\",\"dateModified\":\"2019-07-29T09:33:14+02:00\",\"inLanguage\":\"es-ES\",\"mainEntityOfPage\":{\"@id\":\"https:\\\/\\\/www.eldigitaldeasturias.com\\\/noticias\\\/bmw-contrata-a-ex-marines-en-estados-unidos\\\/#webpage\"},\"isPartOf\":{\"@id\":\"https:\\\/\\\/www.eldigitaldeasturias.com\\\/noticias\\\/bmw-contrata-a-ex-marines-en-estados-unidos\\\/#webpage\"},\"articleSection\":\"Negocios y Empresas\"},{\"@type\":\"BreadcrumbList\",\"@id\":\"https:\\\/\\\/www.eldigitaldeasturias.com\\\/noticias\\\/bmw-contrata-a-ex-marines-en-estados-unidos\\\/#breadcrumblist\",\"itemListElement\":[{\"@type\":\"ListItem\",\"@id\":\"https:\\\/\\\/www.eldigitaldeasturias.com\\\/noticias#listItem\",\"position\":1,\"name\":\"Home\",\"item\":\"https:\\\/\\\/www.eldigitaldeasturias.com\\\/noticias\",\"nextItem\":{\"@type\":\"ListItem\",\"@id\":\"https:\\\/\\\/www.eldigitaldeasturias.com\\\/noticias\\\/category\\\/negocios-y-empresas\\\/#listItem\",\"name\":\"Negocios y Empresas\"}},{\"@type\":\"ListItem\",\"@id\":\"https:\\\/\\\/www.eldigitaldeasturias.com\\\/noticias\\\/category\\\/negocios-y-empresas\\\/#listItem\",\"position\":2,\"name\":\"Negocios y Empresas\",\"item\":\"https:\\\/\\\/www.eldigitaldeasturias.com\\\/noticias\\\/category\\\/negocios-y-empresas\\\/\",\"nextItem\":{\"@type\":\"ListItem\",\"@id\":\"https:\\\/\\\/www.eldigitaldeasturias.com\\\/noticias\\\/bmw-contrata-a-ex-marines-en-estados-unidos\\\/#listItem\",\"name\":\"BMW contrata a ex Marines en Estados Unidos\"},\"previousItem\":{\"@type\":\"ListItem\",\"@id\":\"https:\\\/\\\/www.eldigitaldeasturias.com\\\/noticias#listItem\",\"name\":\"Home\"}},{\"@type\":\"ListItem\",\"@id\":\"https:\\\/\\\/www.eldigitaldeasturias.com\\\/noticias\\\/bmw-contrata-a-ex-marines-en-estados-unidos\\\/#listItem\",\"position\":3,\"name\":\"BMW contrata a ex Marines en Estados Unidos\",\"previousItem\":{\"@type\":\"ListItem\",\"@id\":\"https:\\\/\\\/www.eldigitaldeasturias.com\\\/noticias\\\/category\\\/negocios-y-empresas\\\/#listItem\",\"name\":\"Negocios y Empresas\"}}]},{\"@type\":\"Organization\",\"@id\":\"https:\\\/\\\/www.eldigitaldeasturias.com\\\/noticias\\\/#organization\",\"name\":\"El Digital de Asturias\",\"description\":\"Hemeroteca\",\"url\":\"https:\\\/\\\/www.eldigitaldeasturias.com\\\/noticias\\\/\",\"email\":\"info@eldigitaldeasturias.com\",\"telephone\":\"+34652131393\",\"logo\":{\"@type\":\"ImageObject\",\"url\":\"https:\\\/\\\/www.eldigitaldeasturias.com\\\/noticias\\\/wp-content\\\/uploads\\\/2020\\\/12\\\/EDA.jpg\",\"@id\":\"https:\\\/\\\/www.eldigitaldeasturias.com\\\/noticias\\\/bmw-contrata-a-ex-marines-en-estados-unidos\\\/#organizationLogo\",\"width\":649,\"height\":297},\"image\":{\"@id\":\"https:\\\/\\\/www.eldigitaldeasturias.com\\\/noticias\\\/bmw-contrata-a-ex-marines-en-estados-unidos\\\/#organizationLogo\"},\"sameAs\":[\"https:\\\/\\\/facebook.com\\\/eldigitaldeasturias\",\"https:\\\/\\\/www.youtube.com\\\/channel\\\/UCZP-2wLEB9Rv6erhFmqVnvg\"],\"address\":{\"@id\":\"https:\\\/\\\/www.eldigitaldeasturias.com\\\/noticias\\\/#postaladdress\",\"@type\":\"PostalAddress\",\"streetAddress\":\"san antonio 4,\",\"postalCode\":\"33430\",\"addressLocality\":\"Cand\\u00e1s\",\"addressRegion\":\"Asturias\",\"addressCountry\":\"ES\"}},{\"@type\":\"Person\",\"@id\":\"https:\\\/\\\/www.eldigitaldeasturias.com\\\/noticias\\\/author\\\/admin\\\/#author\",\"url\":\"https:\\\/\\\/www.eldigitaldeasturias.com\\\/noticias\\\/author\\\/admin\\\/\",\"name\":\"El Digital de Asturias\",\"image\":{\"@type\":\"ImageObject\",\"@id\":\"https:\\\/\\\/www.eldigitaldeasturias.com\\\/noticias\\\/bmw-contrata-a-ex-marines-en-estados-unidos\\\/#authorImage\",\"url\":\"https:\\\/\\\/www.eldigitaldeasturias.com\\\/noticias\\\/wp-content\\\/litespeed\\\/avatar\\\/18677e78aa0546b92d9dbf31ec7d7668.jpg?ver=1777290358\",\"width\":96,\"height\":96,\"caption\":\"El Digital de Asturias\"}},{\"@type\":\"WebPage\",\"@id\":\"https:\\\/\\\/www.eldigitaldeasturias.com\\\/noticias\\\/bmw-contrata-a-ex-marines-en-estados-unidos\\\/#webpage\",\"url\":\"https:\\\/\\\/www.eldigitaldeasturias.com\\\/noticias\\\/bmw-contrata-a-ex-marines-en-estados-unidos\\\/\",\"name\":\"BMW contrata a ex Marines en Estados Unidos - El Digital de Asturias\",\"description\":\"M\\u00fanich, 28 jul (dpa) - La automotriz alemana BMW contrata en Estados Unidos a antiguos soldados de \\u00e9lite para trabajar en los concesionarios de coches debido a la escasez de personal cualificado, de acuerdo con un informe de prensa publicado hoy. \\\"Los veteranos de los Marines son exactamente los candidatos adecuados para nuestra formaci\\u00f3n\\\", dijo\",\"inLanguage\":\"es-ES\",\"isPartOf\":{\"@id\":\"https:\\\/\\\/www.eldigitaldeasturias.com\\\/noticias\\\/#website\"},\"breadcrumb\":{\"@id\":\"https:\\\/\\\/www.eldigitaldeasturias.com\\\/noticias\\\/bmw-contrata-a-ex-marines-en-estados-unidos\\\/#breadcrumblist\"},\"author\":{\"@id\":\"https:\\\/\\\/www.eldigitaldeasturias.com\\\/noticias\\\/author\\\/admin\\\/#author\"},\"creator\":{\"@id\":\"https:\\\/\\\/www.eldigitaldeasturias.com\\\/noticias\\\/author\\\/admin\\\/#author\"},\"image\":{\"@type\":\"ImageObject\",\"url\":\"https:\\\/\\\/www.eldigitaldeasturias.com\\\/noticias\\\/wp-content\\\/uploads\\\/2018\\\/11\\\/traffic-332857_960_720.jpg\",\"@id\":\"https:\\\/\\\/www.eldigitaldeasturias.com\\\/noticias\\\/bmw-contrata-a-ex-marines-en-estados-unidos\\\/#mainImage\",\"width\":960,\"height\":640,\"caption\":\"traffic\"},\"primaryImageOfPage\":{\"@id\":\"https:\\\/\\\/www.eldigitaldeasturias.com\\\/noticias\\\/bmw-contrata-a-ex-marines-en-estados-unidos\\\/#mainImage\"},\"datePublished\":\"2019-07-29T09:33:14+02:00\",\"dateModified\":\"2019-07-29T09:33:14+02:00\"},{\"@type\":\"WebSite\",\"@id\":\"https:\\\/\\\/www.eldigitaldeasturias.com\\\/noticias\\\/#website\",\"url\":\"https:\\\/\\\/www.eldigitaldeasturias.com\\\/noticias\\\/\",\"name\":\"El Digital de Asturias - Diario de actualidad y noticias\",\"alternateName\":\"El Digital de Asturias - Diario de actualidad y noticias\",\"description\":\"Hemeroteca\",\"inLanguage\":\"es-ES\",\"publisher\":{\"@id\":\"https:\\\/\\\/www.eldigitaldeasturias.com\\\/noticias\\\/#organization\"}}]}\n\t\t<\/script>\n\t\t<!-- All in One SEO Pro -->\r\n\t\t<title>BMW contrata a ex Marines en Estados Unidos - El Digital de Asturias<\/title>\n\n","aioseo_head_json":{"title":"BMW contrata a ex Marines en Estados Unidos - El Digital de Asturias","description":"M\u00fanich, 28 jul (dpa) - La automotriz alemana BMW contrata en Estados Unidos a antiguos soldados de \u00e9lite para trabajar en los concesionarios de coches debido a la escasez de personal cualificado, de acuerdo con un informe de prensa publicado hoy. \"Los veteranos de los Marines son exactamente los candidatos adecuados para nuestra formaci\u00f3n\", dijo","canonical_url":"https:\/\/www.eldigitaldeasturias.com\/noticias\/bmw-contrata-a-ex-marines-en-estados-unidos\/","robots":"max-image-preview:large","keywords":"negocios y empresas","webmasterTools":{"google-site-verification":"UA-38556648-1","msvalidate.01":"7dfe9f3f1b24437ab69f4f2559babe99","miscellaneous":""},"schema":{"@context":"https:\/\/schema.org","@graph":[{"@type":"BlogPosting","@id":"https:\/\/www.eldigitaldeasturias.com\/noticias\/bmw-contrata-a-ex-marines-en-estados-unidos\/#blogposting","name":"BMW contrata a ex Marines en Estados Unidos - El Digital de Asturias","headline":"BMW contrata a ex Marines en Estados Unidos","author":{"@id":"https:\/\/www.eldigitaldeasturias.com\/noticias\/author\/admin\/#author"},"publisher":{"@id":"https:\/\/www.eldigitaldeasturias.com\/noticias\/#organization"},"image":{"@type":"ImageObject","url":"https:\/\/www.eldigitaldeasturias.com\/noticias\/wp-content\/uploads\/2018\/11\/traffic-332857_960_720.jpg","width":960,"height":640,"caption":"traffic"},"datePublished":"2019-07-29T09:33:14+02:00","dateModified":"2019-07-29T09:33:14+02:00","inLanguage":"es-ES","mainEntityOfPage":{"@id":"https:\/\/www.eldigitaldeasturias.com\/noticias\/bmw-contrata-a-ex-marines-en-estados-unidos\/#webpage"},"isPartOf":{"@id":"https:\/\/www.eldigitaldeasturias.com\/noticias\/bmw-contrata-a-ex-marines-en-estados-unidos\/#webpage"},"articleSection":"Negocios y Empresas"},{"@type":"BreadcrumbList","@id":"https:\/\/www.eldigitaldeasturias.com\/noticias\/bmw-contrata-a-ex-marines-en-estados-unidos\/#breadcrumblist","itemListElement":[{"@type":"ListItem","@id":"https:\/\/www.eldigitaldeasturias.com\/noticias#listItem","position":1,"name":"Home","item":"https:\/\/www.eldigitaldeasturias.com\/noticias","nextItem":{"@type":"ListItem","@id":"https:\/\/www.eldigitaldeasturias.com\/noticias\/category\/negocios-y-empresas\/#listItem","name":"Negocios y Empresas"}},{"@type":"ListItem","@id":"https:\/\/www.eldigitaldeasturias.com\/noticias\/category\/negocios-y-empresas\/#listItem","position":2,"name":"Negocios y Empresas","item":"https:\/\/www.eldigitaldeasturias.com\/noticias\/category\/negocios-y-empresas\/","nextItem":{"@type":"ListItem","@id":"https:\/\/www.eldigitaldeasturias.com\/noticias\/bmw-contrata-a-ex-marines-en-estados-unidos\/#listItem","name":"BMW contrata a ex Marines en Estados Unidos"},"previousItem":{"@type":"ListItem","@id":"https:\/\/www.eldigitaldeasturias.com\/noticias#listItem","name":"Home"}},{"@type":"ListItem","@id":"https:\/\/www.eldigitaldeasturias.com\/noticias\/bmw-contrata-a-ex-marines-en-estados-unidos\/#listItem","position":3,"name":"BMW contrata a ex Marines en Estados Unidos","previousItem":{"@type":"ListItem","@id":"https:\/\/www.eldigitaldeasturias.com\/noticias\/category\/negocios-y-empresas\/#listItem","name":"Negocios y Empresas"}}]},{"@type":"Organization","@id":"https:\/\/www.eldigitaldeasturias.com\/noticias\/#organization","name":"El Digital de Asturias","description":"Hemeroteca","url":"https:\/\/www.eldigitaldeasturias.com\/noticias\/","email":"info@eldigitaldeasturias.com","telephone":"+34652131393","logo":{"@type":"ImageObject","url":"https:\/\/www.eldigitaldeasturias.com\/noticias\/wp-content\/uploads\/2020\/12\/EDA.jpg","@id":"https:\/\/www.eldigitaldeasturias.com\/noticias\/bmw-contrata-a-ex-marines-en-estados-unidos\/#organizationLogo","width":649,"height":297},"image":{"@id":"https:\/\/www.eldigitaldeasturias.com\/noticias\/bmw-contrata-a-ex-marines-en-estados-unidos\/#organizationLogo"},"sameAs":["https:\/\/facebook.com\/eldigitaldeasturias","https:\/\/www.youtube.com\/channel\/UCZP-2wLEB9Rv6erhFmqVnvg"],"address":{"@id":"https:\/\/www.eldigitaldeasturias.com\/noticias\/#postaladdress","@type":"PostalAddress","streetAddress":"san antonio 4,","postalCode":"33430","addressLocality":"Cand\u00e1s","addressRegion":"Asturias","addressCountry":"ES"}},{"@type":"Person","@id":"https:\/\/www.eldigitaldeasturias.com\/noticias\/author\/admin\/#author","url":"https:\/\/www.eldigitaldeasturias.com\/noticias\/author\/admin\/","name":"El Digital de Asturias","image":{"@type":"ImageObject","@id":"https:\/\/www.eldigitaldeasturias.com\/noticias\/bmw-contrata-a-ex-marines-en-estados-unidos\/#authorImage","url":"https:\/\/www.eldigitaldeasturias.com\/noticias\/wp-content\/litespeed\/avatar\/18677e78aa0546b92d9dbf31ec7d7668.jpg?ver=1777290358","width":96,"height":96,"caption":"El Digital de Asturias"}},{"@type":"WebPage","@id":"https:\/\/www.eldigitaldeasturias.com\/noticias\/bmw-contrata-a-ex-marines-en-estados-unidos\/#webpage","url":"https:\/\/www.eldigitaldeasturias.com\/noticias\/bmw-contrata-a-ex-marines-en-estados-unidos\/","name":"BMW contrata a ex Marines en Estados Unidos - El Digital de Asturias","description":"M\u00fanich, 28 jul (dpa) - La automotriz alemana BMW contrata en Estados Unidos a antiguos soldados de \u00e9lite para trabajar en los concesionarios de coches debido a la escasez de personal cualificado, de acuerdo con un informe de prensa publicado hoy. \"Los veteranos de los Marines son exactamente los candidatos adecuados para nuestra formaci\u00f3n\", dijo","inLanguage":"es-ES","isPartOf":{"@id":"https:\/\/www.eldigitaldeasturias.com\/noticias\/#website"},"breadcrumb":{"@id":"https:\/\/www.eldigitaldeasturias.com\/noticias\/bmw-contrata-a-ex-marines-en-estados-unidos\/#breadcrumblist"},"author":{"@id":"https:\/\/www.eldigitaldeasturias.com\/noticias\/author\/admin\/#author"},"creator":{"@id":"https:\/\/www.eldigitaldeasturias.com\/noticias\/author\/admin\/#author"},"image":{"@type":"ImageObject","url":"https:\/\/www.eldigitaldeasturias.com\/noticias\/wp-content\/uploads\/2018\/11\/traffic-332857_960_720.jpg","@id":"https:\/\/www.eldigitaldeasturias.com\/noticias\/bmw-contrata-a-ex-marines-en-estados-unidos\/#mainImage","width":960,"height":640,"caption":"traffic"},"primaryImageOfPage":{"@id":"https:\/\/www.eldigitaldeasturias.com\/noticias\/bmw-contrata-a-ex-marines-en-estados-unidos\/#mainImage"},"datePublished":"2019-07-29T09:33:14+02:00","dateModified":"2019-07-29T09:33:14+02:00"},{"@type":"WebSite","@id":"https:\/\/www.eldigitaldeasturias.com\/noticias\/#website","url":"https:\/\/www.eldigitaldeasturias.com\/noticias\/","name":"El Digital de Asturias - Diario de actualidad y noticias","alternateName":"El Digital de Asturias - Diario de actualidad y noticias","description":"Hemeroteca","inLanguage":"es-ES","publisher":{"@id":"https:\/\/www.eldigitaldeasturias.com\/noticias\/#organization"}}]},"og:locale":"es_ES","og:site_name":"El Digital de Asturias","og:type":"article","og:title":"BMW contrata a ex Marines en Estados Unidos - El Digital de Asturias","og:description":"M\u00fanich, 28 jul (dpa) - La automotriz alemana BMW contrata en Estados Unidos a antiguos soldados de \u00e9lite para trabajar en los concesionarios de coches debido a la escasez de personal cualificado, de acuerdo con un informe de prensa publicado hoy. &quot;Los veteranos de los Marines son exactamente los candidatos adecuados para nuestra formaci\u00f3n&quot;, dijo","og:url":"https:\/\/www.eldigitaldeasturias.com\/noticias\/bmw-contrata-a-ex-marines-en-estados-unidos\/","og:image":"https:\/\/www.eldigitaldeasturias.com\/noticias\/wp-content\/uploads\/2018\/11\/traffic-332857_960_720.jpg","og:image:secure_url":"https:\/\/www.eldigitaldeasturias.com\/noticias\/wp-content\/uploads\/2018\/11\/traffic-332857_960_720.jpg","og:image:width":960,"og:image:height":640,"article:tag":["negocios y empresas"],"article:published_time":"2019-07-29T09:33:14+00:00","article:modified_time":"2019-07-29T09:33:14+00:00","article:publisher":"https:\/\/facebook.com\/eldigitaldeasturias","twitter:card":"summary_large_image","twitter:title":"BMW contrata a ex Marines en Estados Unidos - El Digital de Asturias","twitter:description":"M\u00fanich, 28 jul (dpa) - La automotriz alemana BMW contrata en Estados Unidos a antiguos soldados de \u00e9lite para trabajar en los concesionarios de coches debido a la escasez de personal cualificado, de acuerdo con un informe de prensa publicado hoy. &quot;Los veteranos de los Marines son exactamente los candidatos adecuados para nuestra formaci\u00f3n&quot;, dijo","twitter:image":"https:\/\/www.eldigitaldeasturias.com\/noticias\/wp-content\/uploads\/2018\/11\/traffic-332857_960_720.jpg","twitter:label1":"Escrito por","twitter:data1":"El Digital de Asturias","twitter:label2":"Tiempo de lectura estimado","twitter:data2":"2 minutos"},"aioseo_meta_data":{"post_id":"1036142","title":null,"description":null,"keywords":null,"keyphrases":null,"primary_term":null,"canonical_url":null,"og_title":null,"og_description":null,"og_object_type":"default","og_image_type":"default","og_image_url":null,"og_image_width":null,"og_image_height":null,"og_image_custom_url":null,"og_image_custom_fields":null,"og_video":null,"og_custom_url":null,"og_article_section":null,"og_article_tags":null,"twitter_use_og":false,"twitter_card":"default","twitter_image_type":"default","twitter_image_url":null,"twitter_image_custom_url":null,"twitter_image_custom_fields":null,"twitter_title":null,"twitter_description":null,"schema":{"blockGraphs":[],"customGraphs":[],"default":{"data":{"Article":[],"Course":[],"Dataset":[],"FAQPage":[],"Movie":[],"Person":[],"Product":[],"ProductReview":[],"Car":[],"Recipe":[],"Service":[],"SoftwareApplication":[],"WebPage":[]},"graphName":"","isEnabled":true},"graphs":[],"defaultGraph":"","defaultPostTypeGraph":""},"schema_type":null,"schema_type_options":null,"pillar_content":false,"robots_default":true,"robots_noindex":false,"robots_noarchive":false,"robots_nosnippet":false,"robots_nofollow":false,"robots_noimageindex":false,"robots_noodp":false,"robots_notranslate":false,"robots_max_snippet":null,"robots_max_videopreview":null,"robots_max_imagepreview":"large","priority":null,"frequency":null,"local_seo":null,"seo_analyzer_scan_date":"2025-10-22 12:12:07","breadcrumb_settings":null,"limit_modified_date":false,"open_ai":null,"ai":null,"created":"2020-12-21 11:07:53","updated":"2025-10-22 12:12:07"},"aioseo_breadcrumb":"<div class=\"aioseo-breadcrumbs\"><span class=\"aioseo-breadcrumb\">\n\t<a href=\"https:\/\/www.eldigitaldeasturias.com\/noticias\" title=\"Home\">Home<\/a>\n<\/span><span class=\"aioseo-breadcrumb-separator\">\u2013<\/span><span class=\"aioseo-breadcrumb\">\n\t<a href=\"https:\/\/www.eldigitaldeasturias.com\/noticias\/category\/negocios-y-empresas\/\" title=\"Negocios y Empresas\">Negocios y Empresas<\/a>\n<\/span><span class=\"aioseo-breadcrumb-separator\">\u2013<\/span><span class=\"aioseo-breadcrumb\">\n\t<a href=\"https:\/\/www.eldigitaldeasturias.com\/noticias\/bmw-contrata-a-ex-marines-en-estados-unidos\/\" title=\"BMW contrata a ex Marines en Estados Unidos\">BMW contrata a ex Marines en Estados Unidos<\/a>\n<\/span><\/div>","aioseo_breadcrumb_json":[{"label":"Home","link":"https:\/\/www.eldigitaldeasturias.com\/noticias"},{"label":"Negocios y Empresas","link":"https:\/\/www.eldigitaldeasturias.com\/noticias\/category\/negocios-y-empresas\/"},{"label":"BMW contrata a ex Marines en Estados Unidos","link":"https:\/\/www.eldigitaldeasturias.com\/noticias\/bmw-contrata-a-ex-marines-en-estados-unidos\/"}],"_links":{"self":[{"href":"https:\/\/www.eldigitaldeasturias.com\/noticias\/wp-json\/wp\/v2\/posts\/1036142","targetHints":{"allow":["GET"]}}],"collection":[{"href":"https:\/\/www.eldigitaldeasturias.com\/noticias\/wp-json\/wp\/v2\/posts"}],"about":[{"href":"https:\/\/www.eldigitaldeasturias.com\/noticias\/wp-json\/wp\/v2\/types\/post"}],"author":[{"embeddable":true,"href":"https:\/\/www.eldigitaldeasturias.com\/noticias\/wp-json\/wp\/v2\/users\/1"}],"replies":[{"embeddable":true,"href":"https:\/\/www.eldigitaldeasturias.com\/noticias\/wp-json\/wp\/v2\/comments?post=1036142"}],"version-history":[{"count":0,"href":"https:\/\/www.eldigitaldeasturias.com\/noticias\/wp-json\/wp\/v2\/posts\/1036142\/revisions"}],"wp:featuredmedia":[{"embeddable":true,"href":"https:\/\/www.eldigitaldeasturias.com\/noticias\/wp-json\/wp\/v2\/media\/1008086"}],"wp:attachment":[{"href":"https:\/\/www.eldigitaldeasturias.com\/noticias\/wp-json\/wp\/v2\/media?parent=1036142"}],"wp:term":[{"taxonomy":"category","embeddable":true,"href":"https:\/\/www.eldigitaldeasturias.com\/noticias\/wp-json\/wp\/v2\/categories?post=1036142"},{"taxonomy":"post_tag","embeddable":true,"href":"https:\/\/www.eldigitaldeasturias.com\/noticias\/wp-json\/wp\/v2\/tags?post=1036142"}],"curies":[{"name":"wp","href":"https:\/\/api.w.org\/{rel}","templated":true}]}}