{"id":1036110,"date":"2019-07-29T07:08:05","date_gmt":"2019-07-29T07:08:05","guid":{"rendered":"https:\/\/www.eldigitaldeasturias.com\/noticias\/?p=1036110"},"modified":"2019-07-29T07:08:05","modified_gmt":"2019-07-29T07:08:05","slug":"xxvi-descenso-del-sella-adaptado","status":"publish","type":"post","link":"https:\/\/www.eldigitaldeasturias.com\/noticias\/xxvi-descenso-del-sella-adaptado\/","title":{"rendered":"XXVI Descenso del Sella Adaptado"},"content":{"rendered":"<p><img loading=\"lazy\" decoding=\"async\" class=\"alignleft size-medium wp-image-1036111\" src=\"https:\/\/www.eldigitaldeasturias.com\/noticias\/wp-content\/uploads\/2019\/07\/XXVI-Descenso-del-Sella-Adaptado-360x229.jpg\" alt=\"\" width=\"360\" height=\"229\" srcset=\"https:\/\/www.eldigitaldeasturias.com\/noticias\/wp-content\/uploads\/2019\/07\/XXVI-Descenso-del-Sella-Adaptado-360x229.jpg 360w, https:\/\/www.eldigitaldeasturias.com\/noticias\/wp-content\/uploads\/2019\/07\/XXVI-Descenso-del-Sella-Adaptado-768x489.jpg 768w, https:\/\/www.eldigitaldeasturias.com\/noticias\/wp-content\/uploads\/2019\/07\/XXVI-Descenso-del-Sella-Adaptado-650x414.jpg 650w, https:\/\/www.eldigitaldeasturias.com\/noticias\/wp-content\/uploads\/2019\/07\/XXVI-Descenso-del-Sella-Adaptado-1024x652.jpg 1024w, https:\/\/www.eldigitaldeasturias.com\/noticias\/wp-content\/uploads\/2019\/07\/XXVI-Descenso-del-Sella-Adaptado.jpg 1079w\" sizes=\"auto, (max-width: 360px) 100vw, 360px\" \/>Las consejeras de Derechos Sociales y Bienestar, Melania \u00c1lvarez, y de Cultura, Pol\u00edtica Lling\u00fc\u00edstica y Turismo, Berta Pi\u00f1\u00e1n, que han asistido el domingo al XXVI Descenso del Sella Adaptado para personas con discapacidad f\u00edsica.<\/p>\n<p>En la prueba, con salida desde Arriondas, participan deportistas de casi todas las comunidades aut\u00f3nomas que realizan el descenso en un total de 102 canoas.<\/p>\n<p>La Federaci\u00f3n de Deportes para Personas con Discapacidad F\u00edsica del Principado de Asturias (Fedema) organiza la prueba con la colaboraci\u00f3n de la Direcci\u00f3n General de Deportes y la Federaci\u00f3n de Pirag\u00fcismo del Principado, entre otras instituciones y entidades.<\/p>\n","protected":false},"excerpt":{"rendered":"<p>Las consejeras de Derechos Sociales y Bienestar, Melania \u00c1lvarez, y de Cultura, Pol\u00edtica Lling\u00fc\u00edstica y Turismo, Berta Pi\u00f1\u00e1n, que han asistido el domingo al XXVI Descenso del Sella Adaptado para personas con discapacidad f\u00edsica. En la prueba, con salida desde Arriondas, participan deportistas de casi todas las comunidades aut\u00f3nomas que realizan el descenso en un [&hellip;]<\/p>\n","protected":false},"author":1,"featured_media":1036111,"comment_status":"closed","ping_status":"closed","sticky":false,"template":"","format":"standard","meta":{"footnotes":""},"categories":[190],"tags":[],"class_list":["post-1036110","post","type-post","status-publish","format-standard","has-post-thumbnail","hentry","category-deportes"],"aioseo_notices":[],"aioseo_head":"\n\t\t<!-- All in One SEO Pro 4.9.6.2 - aioseo.com -->\n\t<meta name=\"description\" content=\"Las consejeras de Derechos Sociales y Bienestar, Melania \u00c1lvarez, y de Cultura, Pol\u00edtica Lling\u00fc\u00edstica y Turismo, Berta Pi\u00f1\u00e1n, que han asistido el domingo al XXVI Descenso del Sella Adaptado para personas con discapacidad f\u00edsica. En la prueba, con salida desde Arriondas, participan deportistas de casi todas las comunidades aut\u00f3nomas que realizan el descenso en un\" \/>\n\t<meta name=\"robots\" content=\"max-image-preview:large\" \/>\n\t<meta name=\"author\" content=\"El Digital de Asturias\"\/>\n\t<meta name=\"google-site-verification\" content=\"UA-38556648-1\" \/>\n\t<meta name=\"msvalidate.01\" content=\"7dfe9f3f1b24437ab69f4f2559babe99\" \/>\n\t<meta name=\"keywords\" content=\"deportes\" \/>\n\t<link rel=\"canonical\" href=\"https:\/\/www.eldigitaldeasturias.com\/noticias\/xxvi-descenso-del-sella-adaptado\/\" \/>\n\t<meta name=\"generator\" content=\"All in One SEO Pro (AIOSEO) 4.9.6.2\" \/>\n\t\t<meta property=\"og:locale\" content=\"es_ES\" \/>\n\t\t<meta property=\"og:site_name\" content=\"El Digital de Asturias\" \/>\n\t\t<meta property=\"og:type\" content=\"article\" \/>\n\t\t<meta property=\"og:title\" content=\"XXVI Descenso del Sella Adaptado - El Digital de Asturias\" \/>\n\t\t<meta property=\"og:description\" content=\"Las consejeras de Derechos Sociales y Bienestar, Melania \u00c1lvarez, y de Cultura, Pol\u00edtica Lling\u00fc\u00edstica y Turismo, Berta Pi\u00f1\u00e1n, que han asistido el domingo al XXVI Descenso del Sella Adaptado para personas con discapacidad f\u00edsica. En la prueba, con salida desde Arriondas, participan deportistas de casi todas las comunidades aut\u00f3nomas que realizan el descenso en un\" \/>\n\t\t<meta property=\"og:url\" content=\"https:\/\/www.eldigitaldeasturias.com\/noticias\/xxvi-descenso-del-sella-adaptado\/\" \/>\n\t\t<meta property=\"og:image\" content=\"https:\/\/www.eldigitaldeasturias.com\/noticias\/wp-content\/uploads\/2019\/07\/XXVI-Descenso-del-Sella-Adaptado.jpg\" \/>\n\t\t<meta property=\"og:image:secure_url\" content=\"https:\/\/www.eldigitaldeasturias.com\/noticias\/wp-content\/uploads\/2019\/07\/XXVI-Descenso-del-Sella-Adaptado.jpg\" \/>\n\t\t<meta property=\"og:image:width\" content=\"1079\" \/>\n\t\t<meta property=\"og:image:height\" content=\"687\" \/>\n\t\t<meta property=\"article:tag\" content=\"deportes\" \/>\n\t\t<meta property=\"article:published_time\" content=\"2019-07-29T07:08:05+00:00\" \/>\n\t\t<meta property=\"article:modified_time\" content=\"2019-07-29T07:08:05+00:00\" \/>\n\t\t<meta property=\"article:publisher\" content=\"https:\/\/facebook.com\/eldigitaldeasturias\" \/>\n\t\t<meta name=\"twitter:card\" content=\"summary_large_image\" \/>\n\t\t<meta name=\"twitter:title\" content=\"XXVI Descenso del Sella Adaptado - El Digital de Asturias\" \/>\n\t\t<meta name=\"twitter:description\" content=\"Las consejeras de Derechos Sociales y Bienestar, Melania \u00c1lvarez, y de Cultura, Pol\u00edtica Lling\u00fc\u00edstica y Turismo, Berta Pi\u00f1\u00e1n, que han asistido el domingo al XXVI Descenso del Sella Adaptado para personas con discapacidad f\u00edsica. En la prueba, con salida desde Arriondas, participan deportistas de casi todas las comunidades aut\u00f3nomas que realizan el descenso en un\" \/>\n\t\t<meta name=\"twitter:image\" content=\"https:\/\/www.eldigitaldeasturias.com\/noticias\/wp-content\/uploads\/2019\/07\/XXVI-Descenso-del-Sella-Adaptado.jpg\" \/>\n\t\t<meta name=\"twitter:label1\" content=\"Escrito por\" \/>\n\t\t<meta name=\"twitter:data1\" content=\"El Digital de Asturias\" \/>\n\t\t<meta name=\"twitter:label2\" content=\"Tiempo de lectura estimado\" \/>\n\t\t<meta name=\"twitter:data2\" content=\"1 minuto\" \/>\n\t\t<script type=\"application\/ld+json\" class=\"aioseo-schema\">\n\t\t\t{\"@context\":\"https:\\\/\\\/schema.org\",\"@graph\":[{\"@type\":\"BlogPosting\",\"@id\":\"https:\\\/\\\/www.eldigitaldeasturias.com\\\/noticias\\\/xxvi-descenso-del-sella-adaptado\\\/#blogposting\",\"name\":\"XXVI Descenso del Sella Adaptado - El Digital de Asturias\",\"headline\":\"XXVI Descenso del Sella Adaptado\",\"author\":{\"@id\":\"https:\\\/\\\/www.eldigitaldeasturias.com\\\/noticias\\\/author\\\/admin\\\/#author\"},\"publisher\":{\"@id\":\"https:\\\/\\\/www.eldigitaldeasturias.com\\\/noticias\\\/#organization\"},\"image\":{\"@type\":\"ImageObject\",\"url\":\"https:\\\/\\\/www.eldigitaldeasturias.com\\\/noticias\\\/wp-content\\\/uploads\\\/2019\\\/07\\\/XXVI-Descenso-del-Sella-Adaptado.jpg\",\"width\":1079,\"height\":687},\"datePublished\":\"2019-07-29T07:08:05+02:00\",\"dateModified\":\"2019-07-29T07:08:05+02:00\",\"inLanguage\":\"es-ES\",\"mainEntityOfPage\":{\"@id\":\"https:\\\/\\\/www.eldigitaldeasturias.com\\\/noticias\\\/xxvi-descenso-del-sella-adaptado\\\/#webpage\"},\"isPartOf\":{\"@id\":\"https:\\\/\\\/www.eldigitaldeasturias.com\\\/noticias\\\/xxvi-descenso-del-sella-adaptado\\\/#webpage\"},\"articleSection\":\"Deportes\"},{\"@type\":\"BreadcrumbList\",\"@id\":\"https:\\\/\\\/www.eldigitaldeasturias.com\\\/noticias\\\/xxvi-descenso-del-sella-adaptado\\\/#breadcrumblist\",\"itemListElement\":[{\"@type\":\"ListItem\",\"@id\":\"https:\\\/\\\/www.eldigitaldeasturias.com\\\/noticias#listItem\",\"position\":1,\"name\":\"Home\",\"item\":\"https:\\\/\\\/www.eldigitaldeasturias.com\\\/noticias\",\"nextItem\":{\"@type\":\"ListItem\",\"@id\":\"https:\\\/\\\/www.eldigitaldeasturias.com\\\/noticias\\\/category\\\/deportes\\\/#listItem\",\"name\":\"Deportes\"}},{\"@type\":\"ListItem\",\"@id\":\"https:\\\/\\\/www.eldigitaldeasturias.com\\\/noticias\\\/category\\\/deportes\\\/#listItem\",\"position\":2,\"name\":\"Deportes\",\"item\":\"https:\\\/\\\/www.eldigitaldeasturias.com\\\/noticias\\\/category\\\/deportes\\\/\",\"nextItem\":{\"@type\":\"ListItem\",\"@id\":\"https:\\\/\\\/www.eldigitaldeasturias.com\\\/noticias\\\/xxvi-descenso-del-sella-adaptado\\\/#listItem\",\"name\":\"XXVI Descenso del Sella Adaptado\"},\"previousItem\":{\"@type\":\"ListItem\",\"@id\":\"https:\\\/\\\/www.eldigitaldeasturias.com\\\/noticias#listItem\",\"name\":\"Home\"}},{\"@type\":\"ListItem\",\"@id\":\"https:\\\/\\\/www.eldigitaldeasturias.com\\\/noticias\\\/xxvi-descenso-del-sella-adaptado\\\/#listItem\",\"position\":3,\"name\":\"XXVI Descenso del Sella Adaptado\",\"previousItem\":{\"@type\":\"ListItem\",\"@id\":\"https:\\\/\\\/www.eldigitaldeasturias.com\\\/noticias\\\/category\\\/deportes\\\/#listItem\",\"name\":\"Deportes\"}}]},{\"@type\":\"Organization\",\"@id\":\"https:\\\/\\\/www.eldigitaldeasturias.com\\\/noticias\\\/#organization\",\"name\":\"El Digital de Asturias\",\"description\":\"Hemeroteca\",\"url\":\"https:\\\/\\\/www.eldigitaldeasturias.com\\\/noticias\\\/\",\"email\":\"info@eldigitaldeasturias.com\",\"telephone\":\"+34652131393\",\"logo\":{\"@type\":\"ImageObject\",\"url\":\"https:\\\/\\\/www.eldigitaldeasturias.com\\\/noticias\\\/wp-content\\\/uploads\\\/2020\\\/12\\\/EDA.jpg\",\"@id\":\"https:\\\/\\\/www.eldigitaldeasturias.com\\\/noticias\\\/xxvi-descenso-del-sella-adaptado\\\/#organizationLogo\",\"width\":649,\"height\":297},\"image\":{\"@id\":\"https:\\\/\\\/www.eldigitaldeasturias.com\\\/noticias\\\/xxvi-descenso-del-sella-adaptado\\\/#organizationLogo\"},\"sameAs\":[\"https:\\\/\\\/facebook.com\\\/eldigitaldeasturias\",\"https:\\\/\\\/www.youtube.com\\\/channel\\\/UCZP-2wLEB9Rv6erhFmqVnvg\"],\"address\":{\"@id\":\"https:\\\/\\\/www.eldigitaldeasturias.com\\\/noticias\\\/#postaladdress\",\"@type\":\"PostalAddress\",\"streetAddress\":\"san antonio 4,\",\"postalCode\":\"33430\",\"addressLocality\":\"Cand\\u00e1s\",\"addressRegion\":\"Asturias\",\"addressCountry\":\"ES\"}},{\"@type\":\"Person\",\"@id\":\"https:\\\/\\\/www.eldigitaldeasturias.com\\\/noticias\\\/author\\\/admin\\\/#author\",\"url\":\"https:\\\/\\\/www.eldigitaldeasturias.com\\\/noticias\\\/author\\\/admin\\\/\",\"name\":\"El Digital de Asturias\",\"image\":{\"@type\":\"ImageObject\",\"@id\":\"https:\\\/\\\/www.eldigitaldeasturias.com\\\/noticias\\\/xxvi-descenso-del-sella-adaptado\\\/#authorImage\",\"url\":\"https:\\\/\\\/www.eldigitaldeasturias.com\\\/noticias\\\/wp-content\\\/litespeed\\\/avatar\\\/18677e78aa0546b92d9dbf31ec7d7668.jpg?ver=1776685526\",\"width\":96,\"height\":96,\"caption\":\"El Digital de Asturias\"}},{\"@type\":\"WebPage\",\"@id\":\"https:\\\/\\\/www.eldigitaldeasturias.com\\\/noticias\\\/xxvi-descenso-del-sella-adaptado\\\/#webpage\",\"url\":\"https:\\\/\\\/www.eldigitaldeasturias.com\\\/noticias\\\/xxvi-descenso-del-sella-adaptado\\\/\",\"name\":\"XXVI Descenso del Sella Adaptado - El Digital de Asturias\",\"description\":\"Las consejeras de Derechos Sociales y Bienestar, Melania \\u00c1lvarez, y de Cultura, Pol\\u00edtica Lling\\u00fc\\u00edstica y Turismo, Berta Pi\\u00f1\\u00e1n, que han asistido el domingo al XXVI Descenso del Sella Adaptado para personas con discapacidad f\\u00edsica. En la prueba, con salida desde Arriondas, participan deportistas de casi todas las comunidades aut\\u00f3nomas que realizan el descenso en un\",\"inLanguage\":\"es-ES\",\"isPartOf\":{\"@id\":\"https:\\\/\\\/www.eldigitaldeasturias.com\\\/noticias\\\/#website\"},\"breadcrumb\":{\"@id\":\"https:\\\/\\\/www.eldigitaldeasturias.com\\\/noticias\\\/xxvi-descenso-del-sella-adaptado\\\/#breadcrumblist\"},\"author\":{\"@id\":\"https:\\\/\\\/www.eldigitaldeasturias.com\\\/noticias\\\/author\\\/admin\\\/#author\"},\"creator\":{\"@id\":\"https:\\\/\\\/www.eldigitaldeasturias.com\\\/noticias\\\/author\\\/admin\\\/#author\"},\"image\":{\"@type\":\"ImageObject\",\"url\":\"https:\\\/\\\/www.eldigitaldeasturias.com\\\/noticias\\\/wp-content\\\/uploads\\\/2019\\\/07\\\/XXVI-Descenso-del-Sella-Adaptado.jpg\",\"@id\":\"https:\\\/\\\/www.eldigitaldeasturias.com\\\/noticias\\\/xxvi-descenso-del-sella-adaptado\\\/#mainImage\",\"width\":1079,\"height\":687},\"primaryImageOfPage\":{\"@id\":\"https:\\\/\\\/www.eldigitaldeasturias.com\\\/noticias\\\/xxvi-descenso-del-sella-adaptado\\\/#mainImage\"},\"datePublished\":\"2019-07-29T07:08:05+02:00\",\"dateModified\":\"2019-07-29T07:08:05+02:00\"},{\"@type\":\"WebSite\",\"@id\":\"https:\\\/\\\/www.eldigitaldeasturias.com\\\/noticias\\\/#website\",\"url\":\"https:\\\/\\\/www.eldigitaldeasturias.com\\\/noticias\\\/\",\"name\":\"El Digital de Asturias - Diario de actualidad y noticias\",\"alternateName\":\"El Digital de Asturias - Diario de actualidad y noticias\",\"description\":\"Hemeroteca\",\"inLanguage\":\"es-ES\",\"publisher\":{\"@id\":\"https:\\\/\\\/www.eldigitaldeasturias.com\\\/noticias\\\/#organization\"}}]}\n\t\t<\/script>\n\t\t<!-- All in One SEO Pro -->\r\n\t\t<title>XXVI Descenso del Sella Adaptado - El Digital de Asturias<\/title>\n\n","aioseo_head_json":{"title":"XXVI Descenso del Sella Adaptado - El Digital de Asturias","description":"Las consejeras de Derechos Sociales y Bienestar, Melania \u00c1lvarez, y de Cultura, Pol\u00edtica Lling\u00fc\u00edstica y Turismo, Berta Pi\u00f1\u00e1n, que han asistido el domingo al XXVI Descenso del Sella Adaptado para personas con discapacidad f\u00edsica. En la prueba, con salida desde Arriondas, participan deportistas de casi todas las comunidades aut\u00f3nomas que realizan el descenso en un","canonical_url":"https:\/\/www.eldigitaldeasturias.com\/noticias\/xxvi-descenso-del-sella-adaptado\/","robots":"max-image-preview:large","keywords":"deportes","webmasterTools":{"google-site-verification":"UA-38556648-1","msvalidate.01":"7dfe9f3f1b24437ab69f4f2559babe99","miscellaneous":""},"schema":{"@context":"https:\/\/schema.org","@graph":[{"@type":"BlogPosting","@id":"https:\/\/www.eldigitaldeasturias.com\/noticias\/xxvi-descenso-del-sella-adaptado\/#blogposting","name":"XXVI Descenso del Sella Adaptado - El Digital de Asturias","headline":"XXVI Descenso del Sella Adaptado","author":{"@id":"https:\/\/www.eldigitaldeasturias.com\/noticias\/author\/admin\/#author"},"publisher":{"@id":"https:\/\/www.eldigitaldeasturias.com\/noticias\/#organization"},"image":{"@type":"ImageObject","url":"https:\/\/www.eldigitaldeasturias.com\/noticias\/wp-content\/uploads\/2019\/07\/XXVI-Descenso-del-Sella-Adaptado.jpg","width":1079,"height":687},"datePublished":"2019-07-29T07:08:05+02:00","dateModified":"2019-07-29T07:08:05+02:00","inLanguage":"es-ES","mainEntityOfPage":{"@id":"https:\/\/www.eldigitaldeasturias.com\/noticias\/xxvi-descenso-del-sella-adaptado\/#webpage"},"isPartOf":{"@id":"https:\/\/www.eldigitaldeasturias.com\/noticias\/xxvi-descenso-del-sella-adaptado\/#webpage"},"articleSection":"Deportes"},{"@type":"BreadcrumbList","@id":"https:\/\/www.eldigitaldeasturias.com\/noticias\/xxvi-descenso-del-sella-adaptado\/#breadcrumblist","itemListElement":[{"@type":"ListItem","@id":"https:\/\/www.eldigitaldeasturias.com\/noticias#listItem","position":1,"name":"Home","item":"https:\/\/www.eldigitaldeasturias.com\/noticias","nextItem":{"@type":"ListItem","@id":"https:\/\/www.eldigitaldeasturias.com\/noticias\/category\/deportes\/#listItem","name":"Deportes"}},{"@type":"ListItem","@id":"https:\/\/www.eldigitaldeasturias.com\/noticias\/category\/deportes\/#listItem","position":2,"name":"Deportes","item":"https:\/\/www.eldigitaldeasturias.com\/noticias\/category\/deportes\/","nextItem":{"@type":"ListItem","@id":"https:\/\/www.eldigitaldeasturias.com\/noticias\/xxvi-descenso-del-sella-adaptado\/#listItem","name":"XXVI Descenso del Sella Adaptado"},"previousItem":{"@type":"ListItem","@id":"https:\/\/www.eldigitaldeasturias.com\/noticias#listItem","name":"Home"}},{"@type":"ListItem","@id":"https:\/\/www.eldigitaldeasturias.com\/noticias\/xxvi-descenso-del-sella-adaptado\/#listItem","position":3,"name":"XXVI Descenso del Sella Adaptado","previousItem":{"@type":"ListItem","@id":"https:\/\/www.eldigitaldeasturias.com\/noticias\/category\/deportes\/#listItem","name":"Deportes"}}]},{"@type":"Organization","@id":"https:\/\/www.eldigitaldeasturias.com\/noticias\/#organization","name":"El Digital de Asturias","description":"Hemeroteca","url":"https:\/\/www.eldigitaldeasturias.com\/noticias\/","email":"info@eldigitaldeasturias.com","telephone":"+34652131393","logo":{"@type":"ImageObject","url":"https:\/\/www.eldigitaldeasturias.com\/noticias\/wp-content\/uploads\/2020\/12\/EDA.jpg","@id":"https:\/\/www.eldigitaldeasturias.com\/noticias\/xxvi-descenso-del-sella-adaptado\/#organizationLogo","width":649,"height":297},"image":{"@id":"https:\/\/www.eldigitaldeasturias.com\/noticias\/xxvi-descenso-del-sella-adaptado\/#organizationLogo"},"sameAs":["https:\/\/facebook.com\/eldigitaldeasturias","https:\/\/www.youtube.com\/channel\/UCZP-2wLEB9Rv6erhFmqVnvg"],"address":{"@id":"https:\/\/www.eldigitaldeasturias.com\/noticias\/#postaladdress","@type":"PostalAddress","streetAddress":"san antonio 4,","postalCode":"33430","addressLocality":"Cand\u00e1s","addressRegion":"Asturias","addressCountry":"ES"}},{"@type":"Person","@id":"https:\/\/www.eldigitaldeasturias.com\/noticias\/author\/admin\/#author","url":"https:\/\/www.eldigitaldeasturias.com\/noticias\/author\/admin\/","name":"El Digital de Asturias","image":{"@type":"ImageObject","@id":"https:\/\/www.eldigitaldeasturias.com\/noticias\/xxvi-descenso-del-sella-adaptado\/#authorImage","url":"https:\/\/www.eldigitaldeasturias.com\/noticias\/wp-content\/litespeed\/avatar\/18677e78aa0546b92d9dbf31ec7d7668.jpg?ver=1776685526","width":96,"height":96,"caption":"El Digital de Asturias"}},{"@type":"WebPage","@id":"https:\/\/www.eldigitaldeasturias.com\/noticias\/xxvi-descenso-del-sella-adaptado\/#webpage","url":"https:\/\/www.eldigitaldeasturias.com\/noticias\/xxvi-descenso-del-sella-adaptado\/","name":"XXVI Descenso del Sella Adaptado - El Digital de Asturias","description":"Las consejeras de Derechos Sociales y Bienestar, Melania \u00c1lvarez, y de Cultura, Pol\u00edtica Lling\u00fc\u00edstica y Turismo, Berta Pi\u00f1\u00e1n, que han asistido el domingo al XXVI Descenso del Sella Adaptado para personas con discapacidad f\u00edsica. En la prueba, con salida desde Arriondas, participan deportistas de casi todas las comunidades aut\u00f3nomas que realizan el descenso en un","inLanguage":"es-ES","isPartOf":{"@id":"https:\/\/www.eldigitaldeasturias.com\/noticias\/#website"},"breadcrumb":{"@id":"https:\/\/www.eldigitaldeasturias.com\/noticias\/xxvi-descenso-del-sella-adaptado\/#breadcrumblist"},"author":{"@id":"https:\/\/www.eldigitaldeasturias.com\/noticias\/author\/admin\/#author"},"creator":{"@id":"https:\/\/www.eldigitaldeasturias.com\/noticias\/author\/admin\/#author"},"image":{"@type":"ImageObject","url":"https:\/\/www.eldigitaldeasturias.com\/noticias\/wp-content\/uploads\/2019\/07\/XXVI-Descenso-del-Sella-Adaptado.jpg","@id":"https:\/\/www.eldigitaldeasturias.com\/noticias\/xxvi-descenso-del-sella-adaptado\/#mainImage","width":1079,"height":687},"primaryImageOfPage":{"@id":"https:\/\/www.eldigitaldeasturias.com\/noticias\/xxvi-descenso-del-sella-adaptado\/#mainImage"},"datePublished":"2019-07-29T07:08:05+02:00","dateModified":"2019-07-29T07:08:05+02:00"},{"@type":"WebSite","@id":"https:\/\/www.eldigitaldeasturias.com\/noticias\/#website","url":"https:\/\/www.eldigitaldeasturias.com\/noticias\/","name":"El Digital de Asturias - Diario de actualidad y noticias","alternateName":"El Digital de Asturias - Diario de actualidad y noticias","description":"Hemeroteca","inLanguage":"es-ES","publisher":{"@id":"https:\/\/www.eldigitaldeasturias.com\/noticias\/#organization"}}]},"og:locale":"es_ES","og:site_name":"El Digital de Asturias","og:type":"article","og:title":"XXVI Descenso del Sella Adaptado - El Digital de Asturias","og:description":"Las consejeras de Derechos Sociales y Bienestar, Melania \u00c1lvarez, y de Cultura, Pol\u00edtica Lling\u00fc\u00edstica y Turismo, Berta Pi\u00f1\u00e1n, que han asistido el domingo al XXVI Descenso del Sella Adaptado para personas con discapacidad f\u00edsica. En la prueba, con salida desde Arriondas, participan deportistas de casi todas las comunidades aut\u00f3nomas que realizan el descenso en un","og:url":"https:\/\/www.eldigitaldeasturias.com\/noticias\/xxvi-descenso-del-sella-adaptado\/","og:image":"https:\/\/www.eldigitaldeasturias.com\/noticias\/wp-content\/uploads\/2019\/07\/XXVI-Descenso-del-Sella-Adaptado.jpg","og:image:secure_url":"https:\/\/www.eldigitaldeasturias.com\/noticias\/wp-content\/uploads\/2019\/07\/XXVI-Descenso-del-Sella-Adaptado.jpg","og:image:width":1079,"og:image:height":687,"article:tag":["deportes"],"article:published_time":"2019-07-29T07:08:05+00:00","article:modified_time":"2019-07-29T07:08:05+00:00","article:publisher":"https:\/\/facebook.com\/eldigitaldeasturias","twitter:card":"summary_large_image","twitter:title":"XXVI Descenso del Sella Adaptado - El Digital de Asturias","twitter:description":"Las consejeras de Derechos Sociales y Bienestar, Melania \u00c1lvarez, y de Cultura, Pol\u00edtica Lling\u00fc\u00edstica y Turismo, Berta Pi\u00f1\u00e1n, que han asistido el domingo al XXVI Descenso del Sella Adaptado para personas con discapacidad f\u00edsica. En la prueba, con salida desde Arriondas, participan deportistas de casi todas las comunidades aut\u00f3nomas que realizan el descenso en un","twitter:image":"https:\/\/www.eldigitaldeasturias.com\/noticias\/wp-content\/uploads\/2019\/07\/XXVI-Descenso-del-Sella-Adaptado.jpg","twitter:label1":"Escrito por","twitter:data1":"El Digital de Asturias","twitter:label2":"Tiempo de lectura estimado","twitter:data2":"1 minuto"},"aioseo_meta_data":{"post_id":"1036110","title":null,"description":null,"keywords":null,"keyphrases":null,"primary_term":null,"canonical_url":null,"og_title":null,"og_description":null,"og_object_type":"default","og_image_type":"default","og_image_url":null,"og_image_width":null,"og_image_height":null,"og_image_custom_url":null,"og_image_custom_fields":null,"og_video":null,"og_custom_url":null,"og_article_section":null,"og_article_tags":null,"twitter_use_og":false,"twitter_card":"default","twitter_image_type":"default","twitter_image_url":null,"twitter_image_custom_url":null,"twitter_image_custom_fields":null,"twitter_title":null,"twitter_description":null,"schema":{"blockGraphs":[],"customGraphs":[],"default":{"data":{"Article":[],"Course":[],"Dataset":[],"FAQPage":[],"Movie":[],"Person":[],"Product":[],"ProductReview":[],"Car":[],"Recipe":[],"Service":[],"SoftwareApplication":[],"WebPage":[]},"graphName":"","isEnabled":true},"graphs":[],"defaultGraph":"","defaultPostTypeGraph":""},"schema_type":null,"schema_type_options":null,"pillar_content":false,"robots_default":true,"robots_noindex":false,"robots_noarchive":false,"robots_nosnippet":false,"robots_nofollow":false,"robots_noimageindex":false,"robots_noodp":false,"robots_notranslate":false,"robots_max_snippet":null,"robots_max_videopreview":null,"robots_max_imagepreview":"large","priority":null,"frequency":null,"local_seo":null,"seo_analyzer_scan_date":"2025-10-22 12:04:30","breadcrumb_settings":null,"limit_modified_date":false,"open_ai":null,"ai":null,"created":"2020-12-21 11:07:53","updated":"2025-10-22 12:04:30"},"aioseo_breadcrumb":"<div class=\"aioseo-breadcrumbs\"><span class=\"aioseo-breadcrumb\">\n\t<a href=\"https:\/\/www.eldigitaldeasturias.com\/noticias\" title=\"Home\">Home<\/a>\n<\/span><span class=\"aioseo-breadcrumb-separator\">\u2013<\/span><span class=\"aioseo-breadcrumb\">\n\t<a href=\"https:\/\/www.eldigitaldeasturias.com\/noticias\/category\/deportes\/\" title=\"Deportes\">Deportes<\/a>\n<\/span><span class=\"aioseo-breadcrumb-separator\">\u2013<\/span><span class=\"aioseo-breadcrumb\">\n\t<a href=\"https:\/\/www.eldigitaldeasturias.com\/noticias\/xxvi-descenso-del-sella-adaptado\/\" title=\"XXVI Descenso del Sella Adaptado\">XXVI Descenso del Sella Adaptado<\/a>\n<\/span><\/div>","aioseo_breadcrumb_json":[{"label":"Home","link":"https:\/\/www.eldigitaldeasturias.com\/noticias"},{"label":"Deportes","link":"https:\/\/www.eldigitaldeasturias.com\/noticias\/category\/deportes\/"},{"label":"XXVI Descenso del Sella Adaptado","link":"https:\/\/www.eldigitaldeasturias.com\/noticias\/xxvi-descenso-del-sella-adaptado\/"}],"_links":{"self":[{"href":"https:\/\/www.eldigitaldeasturias.com\/noticias\/wp-json\/wp\/v2\/posts\/1036110","targetHints":{"allow":["GET"]}}],"collection":[{"href":"https:\/\/www.eldigitaldeasturias.com\/noticias\/wp-json\/wp\/v2\/posts"}],"about":[{"href":"https:\/\/www.eldigitaldeasturias.com\/noticias\/wp-json\/wp\/v2\/types\/post"}],"author":[{"embeddable":true,"href":"https:\/\/www.eldigitaldeasturias.com\/noticias\/wp-json\/wp\/v2\/users\/1"}],"replies":[{"embeddable":true,"href":"https:\/\/www.eldigitaldeasturias.com\/noticias\/wp-json\/wp\/v2\/comments?post=1036110"}],"version-history":[{"count":0,"href":"https:\/\/www.eldigitaldeasturias.com\/noticias\/wp-json\/wp\/v2\/posts\/1036110\/revisions"}],"wp:featuredmedia":[{"embeddable":true,"href":"https:\/\/www.eldigitaldeasturias.com\/noticias\/wp-json\/wp\/v2\/media\/1036111"}],"wp:attachment":[{"href":"https:\/\/www.eldigitaldeasturias.com\/noticias\/wp-json\/wp\/v2\/media?parent=1036110"}],"wp:term":[{"taxonomy":"category","embeddable":true,"href":"https:\/\/www.eldigitaldeasturias.com\/noticias\/wp-json\/wp\/v2\/categories?post=1036110"},{"taxonomy":"post_tag","embeddable":true,"href":"https:\/\/www.eldigitaldeasturias.com\/noticias\/wp-json\/wp\/v2\/tags?post=1036110"}],"curies":[{"name":"wp","href":"https:\/\/api.w.org\/{rel}","templated":true}]}}