{"id":1035875,"date":"2019-07-25T01:23:45","date_gmt":"2019-07-25T01:23:45","guid":{"rendered":"https:\/\/www.eldigitaldeasturias.com\/noticias\/?p=1035875"},"modified":"2019-07-25T01:23:45","modified_gmt":"2019-07-25T01:23:45","slug":"deutsche-bank-registra-perdidas-debido-a-su-reestructuracion","status":"publish","type":"post","link":"https:\/\/www.eldigitaldeasturias.com\/noticias\/deutsche-bank-registra-perdidas-debido-a-su-reestructuracion\/","title":{"rendered":"Deutsche Bank registra p\u00e9rdidas debido a su reestructuraci\u00f3n"},"content":{"rendered":"<p><img loading=\"lazy\" decoding=\"async\" class=\"alignleft size-medium wp-image-780683\" src=\"https:\/\/www.eldigitaldeasturias.com\/noticias\/wp-content\/uploads\/2015\/04\/euros1-360x198.jpg\" alt=\"\" width=\"360\" height=\"198\" srcset=\"https:\/\/www.eldigitaldeasturias.com\/noticias\/wp-content\/uploads\/2015\/04\/euros1-360x198.jpg 360w, https:\/\/www.eldigitaldeasturias.com\/noticias\/wp-content\/uploads\/2015\/04\/euros1-480x264.jpg 480w, https:\/\/www.eldigitaldeasturias.com\/noticias\/wp-content\/uploads\/2015\/04\/euros1-20x11.jpg 20w, https:\/\/www.eldigitaldeasturias.com\/noticias\/wp-content\/uploads\/2015\/04\/euros1.jpg 655w\" sizes=\"auto, (max-width: 360px) 100vw, 360px\" \/>Fr\u00e1ncfort, 24 jul (dpa) &#8211; El <strong>Deutsche Bank<\/strong> registr\u00f3 p\u00e9rdidas por 3.150 millones de euros (3.519 millones de d\u00f3lares) en el segundo trimestre de 2019, tras haber obtenido un beneficio de 401 millones de euros en el mismo per\u00edodo del a\u00f1o anterior, comunic\u00f3 hoy el mayor banco alem\u00e1n en Fr\u00e1ncfort.<\/p>\n<p>La radical <strong>reestructuraci\u00f3n<\/strong> que implic\u00f3 la eliminaci\u00f3n de 18.000 puestos de trabajo ocasion\u00f3 m\u00e1s p\u00e9rdidas de lo esperado, detall\u00f3 la entidad.<\/p>\n<p>Al anunciar los planes a principios de julio, el banco hab\u00eda estimado un importe negativo de 2.800 millones de euros. Sin embargo, el Deutsche Bank contabiliz\u00f3, con 3.400 millones de euros, ya gran parte de los costes de reestructuraci\u00f3n en el segundo trimestre.<\/p>\n<p>\u00abYa contabilizamos una parte considerable de los costes de reestructuraci\u00f3n en el segundo trimestre\u00bb, indic\u00f3 <strong>Christian Sewing<\/strong>, presidente de la junta directiva del banco. \u00abSin estos costes generados por la reestructuraci\u00f3n, el Deutsche Bank habr\u00eda obtenido ganancias\u00bb, a\u00f1adi\u00f3.<\/p>\n<p>&nbsp;<\/p>\n","protected":false},"excerpt":{"rendered":"<p>Fr\u00e1ncfort, 24 jul (dpa) &#8211; El Deutsche Bank registr\u00f3 p\u00e9rdidas por 3.150 millones de euros (3.519 millones de d\u00f3lares) en el segundo trimestre de 2019, tras haber obtenido un beneficio de 401 millones de euros en el mismo per\u00edodo del a\u00f1o anterior, comunic\u00f3 hoy el mayor banco alem\u00e1n en Fr\u00e1ncfort. La radical reestructuraci\u00f3n que implic\u00f3 [&hellip;]<\/p>\n","protected":false},"author":1,"featured_media":780683,"comment_status":"closed","ping_status":"closed","sticky":false,"template":"","format":"standard","meta":{"footnotes":""},"categories":[219],"tags":[],"class_list":["post-1035875","post","type-post","status-publish","format-standard","has-post-thumbnail","hentry","category-negocios-y-empresas"],"aioseo_notices":[],"aioseo_head":"\n\t\t<!-- All in One SEO Pro 4.9.6.2 - aioseo.com -->\n\t<meta name=\"description\" content=\"Fr\u00e1ncfort, 24 jul (dpa) - El Deutsche Bank registr\u00f3 p\u00e9rdidas por 3.150 millones de euros (3.519 millones de d\u00f3lares) en el segundo trimestre de 2019, tras haber obtenido un beneficio de 401 millones de euros en el mismo per\u00edodo del a\u00f1o anterior, comunic\u00f3 hoy el mayor banco alem\u00e1n en Fr\u00e1ncfort. La radical reestructuraci\u00f3n que implic\u00f3\" \/>\n\t<meta name=\"robots\" content=\"max-image-preview:large\" \/>\n\t<meta name=\"author\" content=\"El Digital de Asturias\"\/>\n\t<meta name=\"google-site-verification\" content=\"UA-38556648-1\" \/>\n\t<meta name=\"msvalidate.01\" content=\"7dfe9f3f1b24437ab69f4f2559babe99\" \/>\n\t<meta name=\"keywords\" content=\"negocios y empresas\" \/>\n\t<link rel=\"canonical\" href=\"https:\/\/www.eldigitaldeasturias.com\/noticias\/deutsche-bank-registra-perdidas-debido-a-su-reestructuracion\/\" \/>\n\t<meta name=\"generator\" content=\"All in One SEO Pro (AIOSEO) 4.9.6.2\" \/>\n\t\t<meta property=\"og:locale\" content=\"es_ES\" \/>\n\t\t<meta property=\"og:site_name\" content=\"El Digital de Asturias\" \/>\n\t\t<meta property=\"og:type\" content=\"article\" \/>\n\t\t<meta property=\"og:title\" content=\"Deutsche Bank registra p\u00e9rdidas debido a su reestructuraci\u00f3n - El Digital de Asturias\" \/>\n\t\t<meta property=\"og:description\" content=\"Fr\u00e1ncfort, 24 jul (dpa) - El Deutsche Bank registr\u00f3 p\u00e9rdidas por 3.150 millones de euros (3.519 millones de d\u00f3lares) en el segundo trimestre de 2019, tras haber obtenido un beneficio de 401 millones de euros en el mismo per\u00edodo del a\u00f1o anterior, comunic\u00f3 hoy el mayor banco alem\u00e1n en Fr\u00e1ncfort. La radical reestructuraci\u00f3n que implic\u00f3\" \/>\n\t\t<meta property=\"og:url\" content=\"https:\/\/www.eldigitaldeasturias.com\/noticias\/deutsche-bank-registra-perdidas-debido-a-su-reestructuracion\/\" \/>\n\t\t<meta property=\"og:image\" content=\"https:\/\/www.eldigitaldeasturias.com\/noticias\/wp-content\/uploads\/2015\/04\/euros1.jpg\" \/>\n\t\t<meta property=\"og:image:secure_url\" content=\"https:\/\/www.eldigitaldeasturias.com\/noticias\/wp-content\/uploads\/2015\/04\/euros1.jpg\" \/>\n\t\t<meta property=\"og:image:width\" content=\"655\" \/>\n\t\t<meta property=\"og:image:height\" content=\"360\" \/>\n\t\t<meta property=\"article:tag\" content=\"negocios y empresas\" \/>\n\t\t<meta property=\"article:published_time\" content=\"2019-07-25T01:23:45+00:00\" \/>\n\t\t<meta property=\"article:modified_time\" content=\"2019-07-25T01:23:45+00:00\" \/>\n\t\t<meta property=\"article:publisher\" content=\"https:\/\/facebook.com\/eldigitaldeasturias\" \/>\n\t\t<meta name=\"twitter:card\" content=\"summary_large_image\" \/>\n\t\t<meta name=\"twitter:title\" content=\"Deutsche Bank registra p\u00e9rdidas debido a su reestructuraci\u00f3n - El Digital de Asturias\" \/>\n\t\t<meta name=\"twitter:description\" content=\"Fr\u00e1ncfort, 24 jul (dpa) - El Deutsche Bank registr\u00f3 p\u00e9rdidas por 3.150 millones de euros (3.519 millones de d\u00f3lares) en el segundo trimestre de 2019, tras haber obtenido un beneficio de 401 millones de euros en el mismo per\u00edodo del a\u00f1o anterior, comunic\u00f3 hoy el mayor banco alem\u00e1n en Fr\u00e1ncfort. La radical reestructuraci\u00f3n que implic\u00f3\" \/>\n\t\t<meta name=\"twitter:image\" content=\"https:\/\/www.eldigitaldeasturias.com\/noticias\/wp-content\/uploads\/2015\/04\/euros1.jpg\" \/>\n\t\t<meta name=\"twitter:label1\" content=\"Escrito por\" \/>\n\t\t<meta name=\"twitter:data1\" content=\"El Digital de Asturias\" \/>\n\t\t<meta name=\"twitter:label2\" content=\"Tiempo de lectura estimado\" \/>\n\t\t<meta name=\"twitter:data2\" content=\"1 minuto\" \/>\n\t\t<script type=\"application\/ld+json\" class=\"aioseo-schema\">\n\t\t\t{\"@context\":\"https:\\\/\\\/schema.org\",\"@graph\":[{\"@type\":\"BlogPosting\",\"@id\":\"https:\\\/\\\/www.eldigitaldeasturias.com\\\/noticias\\\/deutsche-bank-registra-perdidas-debido-a-su-reestructuracion\\\/#blogposting\",\"name\":\"Deutsche Bank registra p\\u00e9rdidas debido a su reestructuraci\\u00f3n - El Digital de Asturias\",\"headline\":\"Deutsche Bank registra p\\u00e9rdidas debido a su reestructuraci\\u00f3n\",\"author\":{\"@id\":\"https:\\\/\\\/www.eldigitaldeasturias.com\\\/noticias\\\/author\\\/admin\\\/#author\"},\"publisher\":{\"@id\":\"https:\\\/\\\/www.eldigitaldeasturias.com\\\/noticias\\\/#organization\"},\"image\":{\"@type\":\"ImageObject\",\"url\":\"https:\\\/\\\/www.eldigitaldeasturias.com\\\/noticias\\\/wp-content\\\/uploads\\\/2015\\\/04\\\/euros1.jpg\",\"width\":655,\"height\":360,\"caption\":\"euros\"},\"datePublished\":\"2019-07-25T01:23:45+02:00\",\"dateModified\":\"2019-07-25T01:23:45+02:00\",\"inLanguage\":\"es-ES\",\"mainEntityOfPage\":{\"@id\":\"https:\\\/\\\/www.eldigitaldeasturias.com\\\/noticias\\\/deutsche-bank-registra-perdidas-debido-a-su-reestructuracion\\\/#webpage\"},\"isPartOf\":{\"@id\":\"https:\\\/\\\/www.eldigitaldeasturias.com\\\/noticias\\\/deutsche-bank-registra-perdidas-debido-a-su-reestructuracion\\\/#webpage\"},\"articleSection\":\"Negocios y Empresas\"},{\"@type\":\"BreadcrumbList\",\"@id\":\"https:\\\/\\\/www.eldigitaldeasturias.com\\\/noticias\\\/deutsche-bank-registra-perdidas-debido-a-su-reestructuracion\\\/#breadcrumblist\",\"itemListElement\":[{\"@type\":\"ListItem\",\"@id\":\"https:\\\/\\\/www.eldigitaldeasturias.com\\\/noticias#listItem\",\"position\":1,\"name\":\"Home\",\"item\":\"https:\\\/\\\/www.eldigitaldeasturias.com\\\/noticias\",\"nextItem\":{\"@type\":\"ListItem\",\"@id\":\"https:\\\/\\\/www.eldigitaldeasturias.com\\\/noticias\\\/category\\\/negocios-y-empresas\\\/#listItem\",\"name\":\"Negocios y Empresas\"}},{\"@type\":\"ListItem\",\"@id\":\"https:\\\/\\\/www.eldigitaldeasturias.com\\\/noticias\\\/category\\\/negocios-y-empresas\\\/#listItem\",\"position\":2,\"name\":\"Negocios y Empresas\",\"item\":\"https:\\\/\\\/www.eldigitaldeasturias.com\\\/noticias\\\/category\\\/negocios-y-empresas\\\/\",\"nextItem\":{\"@type\":\"ListItem\",\"@id\":\"https:\\\/\\\/www.eldigitaldeasturias.com\\\/noticias\\\/deutsche-bank-registra-perdidas-debido-a-su-reestructuracion\\\/#listItem\",\"name\":\"Deutsche Bank registra p\\u00e9rdidas debido a su reestructuraci\\u00f3n\"},\"previousItem\":{\"@type\":\"ListItem\",\"@id\":\"https:\\\/\\\/www.eldigitaldeasturias.com\\\/noticias#listItem\",\"name\":\"Home\"}},{\"@type\":\"ListItem\",\"@id\":\"https:\\\/\\\/www.eldigitaldeasturias.com\\\/noticias\\\/deutsche-bank-registra-perdidas-debido-a-su-reestructuracion\\\/#listItem\",\"position\":3,\"name\":\"Deutsche Bank registra p\\u00e9rdidas debido a su reestructuraci\\u00f3n\",\"previousItem\":{\"@type\":\"ListItem\",\"@id\":\"https:\\\/\\\/www.eldigitaldeasturias.com\\\/noticias\\\/category\\\/negocios-y-empresas\\\/#listItem\",\"name\":\"Negocios y Empresas\"}}]},{\"@type\":\"Organization\",\"@id\":\"https:\\\/\\\/www.eldigitaldeasturias.com\\\/noticias\\\/#organization\",\"name\":\"El Digital de Asturias\",\"description\":\"Hemeroteca\",\"url\":\"https:\\\/\\\/www.eldigitaldeasturias.com\\\/noticias\\\/\",\"email\":\"info@eldigitaldeasturias.com\",\"telephone\":\"+34652131393\",\"logo\":{\"@type\":\"ImageObject\",\"url\":\"https:\\\/\\\/www.eldigitaldeasturias.com\\\/noticias\\\/wp-content\\\/uploads\\\/2020\\\/12\\\/EDA.jpg\",\"@id\":\"https:\\\/\\\/www.eldigitaldeasturias.com\\\/noticias\\\/deutsche-bank-registra-perdidas-debido-a-su-reestructuracion\\\/#organizationLogo\",\"width\":649,\"height\":297},\"image\":{\"@id\":\"https:\\\/\\\/www.eldigitaldeasturias.com\\\/noticias\\\/deutsche-bank-registra-perdidas-debido-a-su-reestructuracion\\\/#organizationLogo\"},\"sameAs\":[\"https:\\\/\\\/facebook.com\\\/eldigitaldeasturias\",\"https:\\\/\\\/www.youtube.com\\\/channel\\\/UCZP-2wLEB9Rv6erhFmqVnvg\"],\"address\":{\"@id\":\"https:\\\/\\\/www.eldigitaldeasturias.com\\\/noticias\\\/#postaladdress\",\"@type\":\"PostalAddress\",\"streetAddress\":\"san antonio 4,\",\"postalCode\":\"33430\",\"addressLocality\":\"Cand\\u00e1s\",\"addressRegion\":\"Asturias\",\"addressCountry\":\"ES\"}},{\"@type\":\"Person\",\"@id\":\"https:\\\/\\\/www.eldigitaldeasturias.com\\\/noticias\\\/author\\\/admin\\\/#author\",\"url\":\"https:\\\/\\\/www.eldigitaldeasturias.com\\\/noticias\\\/author\\\/admin\\\/\",\"name\":\"El Digital de Asturias\",\"image\":{\"@type\":\"ImageObject\",\"@id\":\"https:\\\/\\\/www.eldigitaldeasturias.com\\\/noticias\\\/deutsche-bank-registra-perdidas-debido-a-su-reestructuracion\\\/#authorImage\",\"url\":\"https:\\\/\\\/www.eldigitaldeasturias.com\\\/noticias\\\/wp-content\\\/litespeed\\\/avatar\\\/18677e78aa0546b92d9dbf31ec7d7668.jpg?ver=1777290358\",\"width\":96,\"height\":96,\"caption\":\"El Digital de Asturias\"}},{\"@type\":\"WebPage\",\"@id\":\"https:\\\/\\\/www.eldigitaldeasturias.com\\\/noticias\\\/deutsche-bank-registra-perdidas-debido-a-su-reestructuracion\\\/#webpage\",\"url\":\"https:\\\/\\\/www.eldigitaldeasturias.com\\\/noticias\\\/deutsche-bank-registra-perdidas-debido-a-su-reestructuracion\\\/\",\"name\":\"Deutsche Bank registra p\\u00e9rdidas debido a su reestructuraci\\u00f3n - El Digital de Asturias\",\"description\":\"Fr\\u00e1ncfort, 24 jul (dpa) - El Deutsche Bank registr\\u00f3 p\\u00e9rdidas por 3.150 millones de euros (3.519 millones de d\\u00f3lares) en el segundo trimestre de 2019, tras haber obtenido un beneficio de 401 millones de euros en el mismo per\\u00edodo del a\\u00f1o anterior, comunic\\u00f3 hoy el mayor banco alem\\u00e1n en Fr\\u00e1ncfort. La radical reestructuraci\\u00f3n que implic\\u00f3\",\"inLanguage\":\"es-ES\",\"isPartOf\":{\"@id\":\"https:\\\/\\\/www.eldigitaldeasturias.com\\\/noticias\\\/#website\"},\"breadcrumb\":{\"@id\":\"https:\\\/\\\/www.eldigitaldeasturias.com\\\/noticias\\\/deutsche-bank-registra-perdidas-debido-a-su-reestructuracion\\\/#breadcrumblist\"},\"author\":{\"@id\":\"https:\\\/\\\/www.eldigitaldeasturias.com\\\/noticias\\\/author\\\/admin\\\/#author\"},\"creator\":{\"@id\":\"https:\\\/\\\/www.eldigitaldeasturias.com\\\/noticias\\\/author\\\/admin\\\/#author\"},\"image\":{\"@type\":\"ImageObject\",\"url\":\"https:\\\/\\\/www.eldigitaldeasturias.com\\\/noticias\\\/wp-content\\\/uploads\\\/2015\\\/04\\\/euros1.jpg\",\"@id\":\"https:\\\/\\\/www.eldigitaldeasturias.com\\\/noticias\\\/deutsche-bank-registra-perdidas-debido-a-su-reestructuracion\\\/#mainImage\",\"width\":655,\"height\":360,\"caption\":\"euros\"},\"primaryImageOfPage\":{\"@id\":\"https:\\\/\\\/www.eldigitaldeasturias.com\\\/noticias\\\/deutsche-bank-registra-perdidas-debido-a-su-reestructuracion\\\/#mainImage\"},\"datePublished\":\"2019-07-25T01:23:45+02:00\",\"dateModified\":\"2019-07-25T01:23:45+02:00\"},{\"@type\":\"WebSite\",\"@id\":\"https:\\\/\\\/www.eldigitaldeasturias.com\\\/noticias\\\/#website\",\"url\":\"https:\\\/\\\/www.eldigitaldeasturias.com\\\/noticias\\\/\",\"name\":\"El Digital de Asturias - Diario de actualidad y noticias\",\"alternateName\":\"El Digital de Asturias - Diario de actualidad y noticias\",\"description\":\"Hemeroteca\",\"inLanguage\":\"es-ES\",\"publisher\":{\"@id\":\"https:\\\/\\\/www.eldigitaldeasturias.com\\\/noticias\\\/#organization\"}}]}\n\t\t<\/script>\n\t\t<!-- All in One SEO Pro -->\r\n\t\t<title>Deutsche Bank registra p\u00e9rdidas debido a su reestructuraci\u00f3n - El Digital de Asturias<\/title>\n\n","aioseo_head_json":{"title":"Deutsche Bank registra p\u00e9rdidas debido a su reestructuraci\u00f3n - El Digital de Asturias","description":"Fr\u00e1ncfort, 24 jul (dpa) - El Deutsche Bank registr\u00f3 p\u00e9rdidas por 3.150 millones de euros (3.519 millones de d\u00f3lares) en el segundo trimestre de 2019, tras haber obtenido un beneficio de 401 millones de euros en el mismo per\u00edodo del a\u00f1o anterior, comunic\u00f3 hoy el mayor banco alem\u00e1n en Fr\u00e1ncfort. La radical reestructuraci\u00f3n que implic\u00f3","canonical_url":"https:\/\/www.eldigitaldeasturias.com\/noticias\/deutsche-bank-registra-perdidas-debido-a-su-reestructuracion\/","robots":"max-image-preview:large","keywords":"negocios y empresas","webmasterTools":{"google-site-verification":"UA-38556648-1","msvalidate.01":"7dfe9f3f1b24437ab69f4f2559babe99","miscellaneous":""},"schema":{"@context":"https:\/\/schema.org","@graph":[{"@type":"BlogPosting","@id":"https:\/\/www.eldigitaldeasturias.com\/noticias\/deutsche-bank-registra-perdidas-debido-a-su-reestructuracion\/#blogposting","name":"Deutsche Bank registra p\u00e9rdidas debido a su reestructuraci\u00f3n - El Digital de Asturias","headline":"Deutsche Bank registra p\u00e9rdidas debido a su reestructuraci\u00f3n","author":{"@id":"https:\/\/www.eldigitaldeasturias.com\/noticias\/author\/admin\/#author"},"publisher":{"@id":"https:\/\/www.eldigitaldeasturias.com\/noticias\/#organization"},"image":{"@type":"ImageObject","url":"https:\/\/www.eldigitaldeasturias.com\/noticias\/wp-content\/uploads\/2015\/04\/euros1.jpg","width":655,"height":360,"caption":"euros"},"datePublished":"2019-07-25T01:23:45+02:00","dateModified":"2019-07-25T01:23:45+02:00","inLanguage":"es-ES","mainEntityOfPage":{"@id":"https:\/\/www.eldigitaldeasturias.com\/noticias\/deutsche-bank-registra-perdidas-debido-a-su-reestructuracion\/#webpage"},"isPartOf":{"@id":"https:\/\/www.eldigitaldeasturias.com\/noticias\/deutsche-bank-registra-perdidas-debido-a-su-reestructuracion\/#webpage"},"articleSection":"Negocios y Empresas"},{"@type":"BreadcrumbList","@id":"https:\/\/www.eldigitaldeasturias.com\/noticias\/deutsche-bank-registra-perdidas-debido-a-su-reestructuracion\/#breadcrumblist","itemListElement":[{"@type":"ListItem","@id":"https:\/\/www.eldigitaldeasturias.com\/noticias#listItem","position":1,"name":"Home","item":"https:\/\/www.eldigitaldeasturias.com\/noticias","nextItem":{"@type":"ListItem","@id":"https:\/\/www.eldigitaldeasturias.com\/noticias\/category\/negocios-y-empresas\/#listItem","name":"Negocios y Empresas"}},{"@type":"ListItem","@id":"https:\/\/www.eldigitaldeasturias.com\/noticias\/category\/negocios-y-empresas\/#listItem","position":2,"name":"Negocios y Empresas","item":"https:\/\/www.eldigitaldeasturias.com\/noticias\/category\/negocios-y-empresas\/","nextItem":{"@type":"ListItem","@id":"https:\/\/www.eldigitaldeasturias.com\/noticias\/deutsche-bank-registra-perdidas-debido-a-su-reestructuracion\/#listItem","name":"Deutsche Bank registra p\u00e9rdidas debido a su reestructuraci\u00f3n"},"previousItem":{"@type":"ListItem","@id":"https:\/\/www.eldigitaldeasturias.com\/noticias#listItem","name":"Home"}},{"@type":"ListItem","@id":"https:\/\/www.eldigitaldeasturias.com\/noticias\/deutsche-bank-registra-perdidas-debido-a-su-reestructuracion\/#listItem","position":3,"name":"Deutsche Bank registra p\u00e9rdidas debido a su reestructuraci\u00f3n","previousItem":{"@type":"ListItem","@id":"https:\/\/www.eldigitaldeasturias.com\/noticias\/category\/negocios-y-empresas\/#listItem","name":"Negocios y Empresas"}}]},{"@type":"Organization","@id":"https:\/\/www.eldigitaldeasturias.com\/noticias\/#organization","name":"El Digital de Asturias","description":"Hemeroteca","url":"https:\/\/www.eldigitaldeasturias.com\/noticias\/","email":"info@eldigitaldeasturias.com","telephone":"+34652131393","logo":{"@type":"ImageObject","url":"https:\/\/www.eldigitaldeasturias.com\/noticias\/wp-content\/uploads\/2020\/12\/EDA.jpg","@id":"https:\/\/www.eldigitaldeasturias.com\/noticias\/deutsche-bank-registra-perdidas-debido-a-su-reestructuracion\/#organizationLogo","width":649,"height":297},"image":{"@id":"https:\/\/www.eldigitaldeasturias.com\/noticias\/deutsche-bank-registra-perdidas-debido-a-su-reestructuracion\/#organizationLogo"},"sameAs":["https:\/\/facebook.com\/eldigitaldeasturias","https:\/\/www.youtube.com\/channel\/UCZP-2wLEB9Rv6erhFmqVnvg"],"address":{"@id":"https:\/\/www.eldigitaldeasturias.com\/noticias\/#postaladdress","@type":"PostalAddress","streetAddress":"san antonio 4,","postalCode":"33430","addressLocality":"Cand\u00e1s","addressRegion":"Asturias","addressCountry":"ES"}},{"@type":"Person","@id":"https:\/\/www.eldigitaldeasturias.com\/noticias\/author\/admin\/#author","url":"https:\/\/www.eldigitaldeasturias.com\/noticias\/author\/admin\/","name":"El Digital de Asturias","image":{"@type":"ImageObject","@id":"https:\/\/www.eldigitaldeasturias.com\/noticias\/deutsche-bank-registra-perdidas-debido-a-su-reestructuracion\/#authorImage","url":"https:\/\/www.eldigitaldeasturias.com\/noticias\/wp-content\/litespeed\/avatar\/18677e78aa0546b92d9dbf31ec7d7668.jpg?ver=1777290358","width":96,"height":96,"caption":"El Digital de Asturias"}},{"@type":"WebPage","@id":"https:\/\/www.eldigitaldeasturias.com\/noticias\/deutsche-bank-registra-perdidas-debido-a-su-reestructuracion\/#webpage","url":"https:\/\/www.eldigitaldeasturias.com\/noticias\/deutsche-bank-registra-perdidas-debido-a-su-reestructuracion\/","name":"Deutsche Bank registra p\u00e9rdidas debido a su reestructuraci\u00f3n - El Digital de Asturias","description":"Fr\u00e1ncfort, 24 jul (dpa) - El Deutsche Bank registr\u00f3 p\u00e9rdidas por 3.150 millones de euros (3.519 millones de d\u00f3lares) en el segundo trimestre de 2019, tras haber obtenido un beneficio de 401 millones de euros en el mismo per\u00edodo del a\u00f1o anterior, comunic\u00f3 hoy el mayor banco alem\u00e1n en Fr\u00e1ncfort. La radical reestructuraci\u00f3n que implic\u00f3","inLanguage":"es-ES","isPartOf":{"@id":"https:\/\/www.eldigitaldeasturias.com\/noticias\/#website"},"breadcrumb":{"@id":"https:\/\/www.eldigitaldeasturias.com\/noticias\/deutsche-bank-registra-perdidas-debido-a-su-reestructuracion\/#breadcrumblist"},"author":{"@id":"https:\/\/www.eldigitaldeasturias.com\/noticias\/author\/admin\/#author"},"creator":{"@id":"https:\/\/www.eldigitaldeasturias.com\/noticias\/author\/admin\/#author"},"image":{"@type":"ImageObject","url":"https:\/\/www.eldigitaldeasturias.com\/noticias\/wp-content\/uploads\/2015\/04\/euros1.jpg","@id":"https:\/\/www.eldigitaldeasturias.com\/noticias\/deutsche-bank-registra-perdidas-debido-a-su-reestructuracion\/#mainImage","width":655,"height":360,"caption":"euros"},"primaryImageOfPage":{"@id":"https:\/\/www.eldigitaldeasturias.com\/noticias\/deutsche-bank-registra-perdidas-debido-a-su-reestructuracion\/#mainImage"},"datePublished":"2019-07-25T01:23:45+02:00","dateModified":"2019-07-25T01:23:45+02:00"},{"@type":"WebSite","@id":"https:\/\/www.eldigitaldeasturias.com\/noticias\/#website","url":"https:\/\/www.eldigitaldeasturias.com\/noticias\/","name":"El Digital de Asturias - Diario de actualidad y noticias","alternateName":"El Digital de Asturias - Diario de actualidad y noticias","description":"Hemeroteca","inLanguage":"es-ES","publisher":{"@id":"https:\/\/www.eldigitaldeasturias.com\/noticias\/#organization"}}]},"og:locale":"es_ES","og:site_name":"El Digital de Asturias","og:type":"article","og:title":"Deutsche Bank registra p\u00e9rdidas debido a su reestructuraci\u00f3n - El Digital de Asturias","og:description":"Fr\u00e1ncfort, 24 jul (dpa) - El Deutsche Bank registr\u00f3 p\u00e9rdidas por 3.150 millones de euros (3.519 millones de d\u00f3lares) en el segundo trimestre de 2019, tras haber obtenido un beneficio de 401 millones de euros en el mismo per\u00edodo del a\u00f1o anterior, comunic\u00f3 hoy el mayor banco alem\u00e1n en Fr\u00e1ncfort. La radical reestructuraci\u00f3n que implic\u00f3","og:url":"https:\/\/www.eldigitaldeasturias.com\/noticias\/deutsche-bank-registra-perdidas-debido-a-su-reestructuracion\/","og:image":"https:\/\/www.eldigitaldeasturias.com\/noticias\/wp-content\/uploads\/2015\/04\/euros1.jpg","og:image:secure_url":"https:\/\/www.eldigitaldeasturias.com\/noticias\/wp-content\/uploads\/2015\/04\/euros1.jpg","og:image:width":655,"og:image:height":360,"article:tag":["negocios y empresas"],"article:published_time":"2019-07-25T01:23:45+00:00","article:modified_time":"2019-07-25T01:23:45+00:00","article:publisher":"https:\/\/facebook.com\/eldigitaldeasturias","twitter:card":"summary_large_image","twitter:title":"Deutsche Bank registra p\u00e9rdidas debido a su reestructuraci\u00f3n - El Digital de Asturias","twitter:description":"Fr\u00e1ncfort, 24 jul (dpa) - El Deutsche Bank registr\u00f3 p\u00e9rdidas por 3.150 millones de euros (3.519 millones de d\u00f3lares) en el segundo trimestre de 2019, tras haber obtenido un beneficio de 401 millones de euros en el mismo per\u00edodo del a\u00f1o anterior, comunic\u00f3 hoy el mayor banco alem\u00e1n en Fr\u00e1ncfort. La radical reestructuraci\u00f3n que implic\u00f3","twitter:image":"https:\/\/www.eldigitaldeasturias.com\/noticias\/wp-content\/uploads\/2015\/04\/euros1.jpg","twitter:label1":"Escrito por","twitter:data1":"El Digital de Asturias","twitter:label2":"Tiempo de lectura estimado","twitter:data2":"1 minuto"},"aioseo_meta_data":{"post_id":"1035875","title":null,"description":null,"keywords":null,"keyphrases":null,"primary_term":null,"canonical_url":null,"og_title":null,"og_description":null,"og_object_type":"default","og_image_type":"default","og_image_url":null,"og_image_width":null,"og_image_height":null,"og_image_custom_url":null,"og_image_custom_fields":null,"og_video":null,"og_custom_url":null,"og_article_section":null,"og_article_tags":null,"twitter_use_og":false,"twitter_card":"default","twitter_image_type":"default","twitter_image_url":null,"twitter_image_custom_url":null,"twitter_image_custom_fields":null,"twitter_title":null,"twitter_description":null,"schema":{"blockGraphs":[],"customGraphs":[],"default":{"data":{"Article":[],"Course":[],"Dataset":[],"FAQPage":[],"Movie":[],"Person":[],"Product":[],"ProductReview":[],"Car":[],"Recipe":[],"Service":[],"SoftwareApplication":[],"WebPage":[]},"graphName":"","isEnabled":true},"graphs":[],"defaultGraph":"","defaultPostTypeGraph":""},"schema_type":null,"schema_type_options":null,"pillar_content":false,"robots_default":true,"robots_noindex":false,"robots_noarchive":false,"robots_nosnippet":false,"robots_nofollow":false,"robots_noimageindex":false,"robots_noodp":false,"robots_notranslate":false,"robots_max_snippet":null,"robots_max_videopreview":null,"robots_max_imagepreview":"large","priority":null,"frequency":null,"local_seo":null,"seo_analyzer_scan_date":"2025-10-22 10:44:17","breadcrumb_settings":null,"limit_modified_date":false,"open_ai":null,"ai":null,"created":"2020-12-21 11:07:54","updated":"2025-10-22 10:44:17"},"aioseo_breadcrumb":"<div class=\"aioseo-breadcrumbs\"><span class=\"aioseo-breadcrumb\">\n\t<a href=\"https:\/\/www.eldigitaldeasturias.com\/noticias\" title=\"Home\">Home<\/a>\n<\/span><span class=\"aioseo-breadcrumb-separator\">\u2013<\/span><span class=\"aioseo-breadcrumb\">\n\t<a href=\"https:\/\/www.eldigitaldeasturias.com\/noticias\/category\/negocios-y-empresas\/\" title=\"Negocios y Empresas\">Negocios y Empresas<\/a>\n<\/span><span class=\"aioseo-breadcrumb-separator\">\u2013<\/span><span class=\"aioseo-breadcrumb\">\n\t<a href=\"https:\/\/www.eldigitaldeasturias.com\/noticias\/deutsche-bank-registra-perdidas-debido-a-su-reestructuracion\/\" title=\"Deutsche Bank registra p\u00e9rdidas debido a su reestructuraci\u00f3n\">Deutsche Bank registra p\u00e9rdidas debido a su reestructuraci\u00f3n<\/a>\n<\/span><\/div>","aioseo_breadcrumb_json":[{"label":"Home","link":"https:\/\/www.eldigitaldeasturias.com\/noticias"},{"label":"Negocios y Empresas","link":"https:\/\/www.eldigitaldeasturias.com\/noticias\/category\/negocios-y-empresas\/"},{"label":"Deutsche Bank registra p\u00e9rdidas debido a su reestructuraci\u00f3n","link":"https:\/\/www.eldigitaldeasturias.com\/noticias\/deutsche-bank-registra-perdidas-debido-a-su-reestructuracion\/"}],"_links":{"self":[{"href":"https:\/\/www.eldigitaldeasturias.com\/noticias\/wp-json\/wp\/v2\/posts\/1035875","targetHints":{"allow":["GET"]}}],"collection":[{"href":"https:\/\/www.eldigitaldeasturias.com\/noticias\/wp-json\/wp\/v2\/posts"}],"about":[{"href":"https:\/\/www.eldigitaldeasturias.com\/noticias\/wp-json\/wp\/v2\/types\/post"}],"author":[{"embeddable":true,"href":"https:\/\/www.eldigitaldeasturias.com\/noticias\/wp-json\/wp\/v2\/users\/1"}],"replies":[{"embeddable":true,"href":"https:\/\/www.eldigitaldeasturias.com\/noticias\/wp-json\/wp\/v2\/comments?post=1035875"}],"version-history":[{"count":0,"href":"https:\/\/www.eldigitaldeasturias.com\/noticias\/wp-json\/wp\/v2\/posts\/1035875\/revisions"}],"wp:featuredmedia":[{"embeddable":true,"href":"https:\/\/www.eldigitaldeasturias.com\/noticias\/wp-json\/wp\/v2\/media\/780683"}],"wp:attachment":[{"href":"https:\/\/www.eldigitaldeasturias.com\/noticias\/wp-json\/wp\/v2\/media?parent=1035875"}],"wp:term":[{"taxonomy":"category","embeddable":true,"href":"https:\/\/www.eldigitaldeasturias.com\/noticias\/wp-json\/wp\/v2\/categories?post=1035875"},{"taxonomy":"post_tag","embeddable":true,"href":"https:\/\/www.eldigitaldeasturias.com\/noticias\/wp-json\/wp\/v2\/tags?post=1035875"}],"curies":[{"name":"wp","href":"https:\/\/api.w.org\/{rel}","templated":true}]}}