{"id":1035862,"date":"2019-07-25T00:09:52","date_gmt":"2019-07-25T00:09:52","guid":{"rendered":"https:\/\/www.eldigitaldeasturias.com\/noticias\/?p=1035862"},"modified":"2019-07-25T00:09:52","modified_gmt":"2019-07-25T00:09:52","slug":"adelaviki-presenta-su-coleccion-todas","status":"publish","type":"post","link":"https:\/\/www.eldigitaldeasturias.com\/noticias\/adelaviki-presenta-su-coleccion-todas\/","title":{"rendered":"Adela&#038;Viki presenta su colecci\u00f3n \u2018TODAS\u2019"},"content":{"rendered":"<p><img loading=\"lazy\" decoding=\"async\" class=\"alignleft size-medium wp-image-1035863\" src=\"https:\/\/www.eldigitaldeasturias.com\/noticias\/wp-content\/uploads\/2019\/07\/1563957918_ADELA_Y_VIKI_TRIO1_copia-360x240.jpg\" alt=\"\" width=\"360\" height=\"240\" srcset=\"https:\/\/www.eldigitaldeasturias.com\/noticias\/wp-content\/uploads\/2019\/07\/1563957918_ADELA_Y_VIKI_TRIO1_copia-360x240.jpg 360w, https:\/\/www.eldigitaldeasturias.com\/noticias\/wp-content\/uploads\/2019\/07\/1563957918_ADELA_Y_VIKI_TRIO1_copia-768x512.jpg 768w, https:\/\/www.eldigitaldeasturias.com\/noticias\/wp-content\/uploads\/2019\/07\/1563957918_ADELA_Y_VIKI_TRIO1_copia-650x433.jpg 650w, https:\/\/www.eldigitaldeasturias.com\/noticias\/wp-content\/uploads\/2019\/07\/1563957918_ADELA_Y_VIKI_TRIO1_copia-1536x1020.jpg 1536w, https:\/\/www.eldigitaldeasturias.com\/noticias\/wp-content\/uploads\/2019\/07\/1563957918_ADELA_Y_VIKI_TRIO1_copia-1024x682.jpg 1024w, https:\/\/www.eldigitaldeasturias.com\/noticias\/wp-content\/uploads\/2019\/07\/1563957918_ADELA_Y_VIKI_TRIO1_copia-675x450.jpg 675w, https:\/\/www.eldigitaldeasturias.com\/noticias\/wp-content\/uploads\/2019\/07\/1563957918_ADELA_Y_VIKI_TRIO1_copia.jpg 1772w\" sizes=\"auto, (max-width: 360px) 100vw, 360px\" \/>Vuelve el verano. Y con \u00e9l, vuelve tambi\u00e9n Adela&amp;Viki, la primera marca 100% espa\u00f1ola de trajes de ba\u00f1o para mujeres reales, que esta temporada llega con su colecci\u00f3n primavera\/verano 2019: \u2018TODAS\u2019<\/p>\n<p>Han sido m\u00e1s de cinco veranos los que han transcurrido desde que\u00a0<span style=\"color: #ff6600;\"><strong><a style=\"color: #ff6600;\" href=\"http:\/\/www.adelayviki.com\/\" target=\"_blank\" rel=\"nofollow noopener noreferrer\">Adela&amp;Viki<\/a><\/strong><\/span>\u00a0fue relanzada como marca de trajes de ba\u00f1o para \u2018curvys\u2019. Tiempo a lo largo del cual\u00a0<span style=\"color: #ff6600;\"><strong><a style=\"color: #ff6600;\" href=\"http:\/\/www.adelayviki.com\/\" target=\"_blank\" rel=\"nofollow noopener noreferrer\">Adela&amp;Viki<\/a><\/strong><\/span>\u00a0tenido la oportunidad de conocer a distintos tipos de mujeres, con cuerpos muy diferentes entre s\u00ed, cada una con su una mentalidad, unas inseguridades y unas necesidades propias, algunas con historias realmente inspiradoras.<\/p>\n<p>Fruto de esta experiencia, con ocasi\u00f3n del lanzamiento de su nueva colecci\u00f3n Primavera\/Verano 2019, la marca ha decidido ampliar sus horizontes y llevar a cabo una serie de ajustes en el dise\u00f1o de sus trajes de ba\u00f1o de manera que sigan cumpliendo la misma funci\u00f3n para la que fueron concebidos y al mismo tiempo se adapten a cualquier figura. Independientemente de su estatura, ya sean altas o bajas, y de las medidas de su pecho, cintura o caderas, sin importar que tengan m\u00e1s o menos,\u00a0<strong>TODAS<\/strong>\u00a0las mujeres reales encontrar\u00e1n su talla perfecta en\u00a0<strong>TODOS<\/strong>\u00a0los modelos.<\/p>\n<p>Gracias a esta innovaci\u00f3n, a diferencia de lo que ocurr\u00eda en colecciones anteriores de\u00a0<strong>Adela&amp;Viki<\/strong>, donde cada modelo hab\u00eda sido dise\u00f1ado para un determinado tipo de cuerpo, esta temporada las mujeres reales tendr\u00e1n a su elecci\u00f3n un abanico de mucho m\u00e1s amplio de opciones entre las que elegir. Ahora es el traje de ba\u00f1o el que se adapta a cada mujer, no al rev\u00e9s.<\/p>\n<p>Tras la revoluci\u00f3n \u2018curvy\u2019, la colecci\u00f3n \u2018<strong>TODAS\u2019<\/strong>\u00a0de primavera\/verano 2019 constituye para\u00a0<strong>Adela&amp;Viki<\/strong>\u00a0una evoluci\u00f3n hacia la diversidad y una apuesta por la versatilidad, pero con la lycra de secado r\u00e1pido de m\u00e1xima calidad y el patr\u00f3n de corseter\u00eda que siempre han distinguido a la marca.<\/p>\n<p>A las versiones actualizadas de los b\u00e1sicos de\u00a0<strong>Adela&amp;Viki<\/strong>, entre los que se encuentran el modelo \u2018<strong><span style=\"color: #ff6600;\"><a style=\"color: #ff6600;\" href=\"https:\/\/www.adelayviki.com\/collections\/verano\/products\/arancha-one-piece-swimwear\" target=\"_blank\" rel=\"nofollow noopener noreferrer\">Arancha<\/a><\/span>\u2019<\/strong>\u00a0o el revolucionario\u00a0<strong>\u2018<span style=\"color: #ff6600;\"><a style=\"color: #ff6600;\" href=\"https:\/\/www.adelayviki.com\/products\/carmen-topkini\" target=\"_blank\" rel=\"nofollow noopener noreferrer\">Topkini<\/a><\/span>\u2019<\/strong>, dise\u00f1os 100% originales de la marca, se unen en esta ocasi\u00f3n novedades como el modelo\u00a0<strong>\u2018<span style=\"color: #ff6600;\"><a style=\"color: #ff6600;\" href=\"https:\/\/www.adelayviki.com\/products\/silvia-one-piece-swimwear\" target=\"_blank\" rel=\"nofollow noopener noreferrer\">Silvia<\/a><\/span>\u2019<\/strong>, que presenta paneles delanteros tricolor disponibles en rojo\/rosa\/vainilla, chocolate\/cereza\/vainilla y gris\/lima\/vainilla;\u00a0<strong>\u2018<span style=\"color: #ff6600;\"><a style=\"color: #ff6600;\" href=\"https:\/\/www.adelayviki.com\/products\/ana-one-piece-swimwear-rojo\" target=\"_blank\" rel=\"nofollow noopener noreferrer\">Ana<\/a><\/span>\u2019<\/strong>, un elegante 3 en 1 que incorpora unos tirantes ajustables en altura y posici\u00f3n y una hebilla de carey del escote que le aportan un sinf\u00edn de posibilidades; y\u00a0<strong>\u2018<span style=\"color: #ff6600;\"><a style=\"color: #ff6600;\" href=\"https:\/\/www.adelayviki.com\/products\/susana-one-piece-swimwear-azul\" target=\"_blank\" rel=\"nofollow noopener noreferrer\">Susana<\/a><\/span>\u2019<\/strong>, un modelo monocolor destinado a convertirse en el bestseller de la temporada.<\/p>\n<p>Efecto reductor, sujeci\u00f3n o reafirmante en\u00a0<span style=\"color: #ff6600;\"><a style=\"color: #ff6600;\" href=\"https:\/\/www.adelayviki.com\/collections\/verano\" target=\"_blank\" rel=\"nofollow noopener noreferrer\"><strong>TODOS<\/strong><\/a><\/span>\u00a0los trajes de ba\u00f1o.<\/p>\n<p>Una colecci\u00f3n para\u00a0<strong>TODAS<\/strong>\u00a0las mujeres reales.<\/p>\n<p>&nbsp;<\/p>\n","protected":false},"excerpt":{"rendered":"<p>Vuelve el verano. Y con \u00e9l, vuelve tambi\u00e9n Adela&amp;Viki, la primera marca 100% espa\u00f1ola de trajes de ba\u00f1o para mujeres reales, que esta temporada llega con su colecci\u00f3n primavera\/verano 2019: \u2018TODAS\u2019 Han sido m\u00e1s de cinco veranos los que han transcurrido desde que\u00a0Adela&amp;Viki\u00a0fue relanzada como marca de trajes de ba\u00f1o para \u2018curvys\u2019. Tiempo a lo [&hellip;]<\/p>\n","protected":false},"author":1,"featured_media":1035863,"comment_status":"closed","ping_status":"closed","sticky":false,"template":"","format":"standard","meta":{"footnotes":""},"categories":[219],"tags":[],"class_list":["post-1035862","post","type-post","status-publish","format-standard","has-post-thumbnail","hentry","category-negocios-y-empresas"],"aioseo_notices":[],"aioseo_head":"\n\t\t<!-- All in One SEO Pro 4.9.6.2 - aioseo.com -->\n\t<meta name=\"description\" content=\"Vuelve el verano. Y con \u00e9l, vuelve tambi\u00e9n Adela&amp;Viki, la primera marca 100% espa\u00f1ola de trajes de ba\u00f1o para mujeres reales, que esta temporada llega con su colecci\u00f3n primavera\/verano 2019: \u2018TODAS\u2019 Han sido m\u00e1s de cinco veranos los que han transcurrido desde que Adela&amp;Viki fue relanzada como marca de trajes de ba\u00f1o para \u2018curvys\u2019. Tiempo a lo\" \/>\n\t<meta name=\"robots\" content=\"max-image-preview:large\" \/>\n\t<meta name=\"author\" content=\"El Digital de Asturias\"\/>\n\t<meta name=\"google-site-verification\" content=\"UA-38556648-1\" \/>\n\t<meta name=\"msvalidate.01\" content=\"7dfe9f3f1b24437ab69f4f2559babe99\" \/>\n\t<meta name=\"keywords\" content=\"negocios y empresas\" \/>\n\t<link rel=\"canonical\" href=\"https:\/\/www.eldigitaldeasturias.com\/noticias\/adelaviki-presenta-su-coleccion-todas\/\" \/>\n\t<meta name=\"generator\" content=\"All in One SEO Pro (AIOSEO) 4.9.6.2\" \/>\n\t\t<meta property=\"og:locale\" content=\"es_ES\" \/>\n\t\t<meta property=\"og:site_name\" content=\"El Digital de Asturias\" \/>\n\t\t<meta property=\"og:type\" content=\"article\" \/>\n\t\t<meta property=\"og:title\" content=\"Adela&amp;Viki presenta su colecci\u00f3n \u2018TODAS\u2019 - El Digital de Asturias\" \/>\n\t\t<meta property=\"og:description\" content=\"Vuelve el verano. Y con \u00e9l, vuelve tambi\u00e9n Adela&amp;Viki, la primera marca 100% espa\u00f1ola de trajes de ba\u00f1o para mujeres reales, que esta temporada llega con su colecci\u00f3n primavera\/verano 2019: \u2018TODAS\u2019 Han sido m\u00e1s de cinco veranos los que han transcurrido desde que Adela&amp;Viki fue relanzada como marca de trajes de ba\u00f1o para \u2018curvys\u2019. Tiempo a lo\" \/>\n\t\t<meta property=\"og:url\" content=\"https:\/\/www.eldigitaldeasturias.com\/noticias\/adelaviki-presenta-su-coleccion-todas\/\" \/>\n\t\t<meta property=\"og:image\" content=\"https:\/\/www.eldigitaldeasturias.com\/noticias\/wp-content\/uploads\/2019\/07\/1563957918_ADELA_Y_VIKI_TRIO1_copia.jpg\" \/>\n\t\t<meta property=\"og:image:secure_url\" content=\"https:\/\/www.eldigitaldeasturias.com\/noticias\/wp-content\/uploads\/2019\/07\/1563957918_ADELA_Y_VIKI_TRIO1_copia.jpg\" \/>\n\t\t<meta property=\"og:image:width\" content=\"1772\" \/>\n\t\t<meta property=\"og:image:height\" content=\"1181\" \/>\n\t\t<meta property=\"article:tag\" content=\"negocios y empresas\" \/>\n\t\t<meta property=\"article:published_time\" content=\"2019-07-25T00:09:52+00:00\" \/>\n\t\t<meta property=\"article:modified_time\" content=\"2019-07-25T00:09:52+00:00\" \/>\n\t\t<meta property=\"article:publisher\" content=\"https:\/\/facebook.com\/eldigitaldeasturias\" \/>\n\t\t<meta name=\"twitter:card\" content=\"summary_large_image\" \/>\n\t\t<meta name=\"twitter:title\" content=\"Adela&amp;Viki presenta su colecci\u00f3n \u2018TODAS\u2019 - El Digital de Asturias\" \/>\n\t\t<meta name=\"twitter:description\" content=\"Vuelve el verano. Y con \u00e9l, vuelve tambi\u00e9n Adela&amp;Viki, la primera marca 100% espa\u00f1ola de trajes de ba\u00f1o para mujeres reales, que esta temporada llega con su colecci\u00f3n primavera\/verano 2019: \u2018TODAS\u2019 Han sido m\u00e1s de cinco veranos los que han transcurrido desde que Adela&amp;Viki fue relanzada como marca de trajes de ba\u00f1o para \u2018curvys\u2019. Tiempo a lo\" \/>\n\t\t<meta name=\"twitter:image\" content=\"https:\/\/www.eldigitaldeasturias.com\/noticias\/wp-content\/uploads\/2019\/07\/1563957918_ADELA_Y_VIKI_TRIO1_copia.jpg\" \/>\n\t\t<meta name=\"twitter:label1\" content=\"Escrito por\" \/>\n\t\t<meta name=\"twitter:data1\" content=\"El Digital de Asturias\" \/>\n\t\t<meta name=\"twitter:label2\" content=\"Tiempo de lectura estimado\" \/>\n\t\t<meta name=\"twitter:data2\" content=\"2 minutos\" \/>\n\t\t<script type=\"application\/ld+json\" class=\"aioseo-schema\">\n\t\t\t{\"@context\":\"https:\\\/\\\/schema.org\",\"@graph\":[{\"@type\":\"BlogPosting\",\"@id\":\"https:\\\/\\\/www.eldigitaldeasturias.com\\\/noticias\\\/adelaviki-presenta-su-coleccion-todas\\\/#blogposting\",\"name\":\"Adela&Viki presenta su colecci\\u00f3n \\u2018TODAS\\u2019 - El Digital de Asturias\",\"headline\":\"Adela&#038;Viki presenta su colecci\\u00f3n \\u2018TODAS\\u2019\",\"author\":{\"@id\":\"https:\\\/\\\/www.eldigitaldeasturias.com\\\/noticias\\\/author\\\/admin\\\/#author\"},\"publisher\":{\"@id\":\"https:\\\/\\\/www.eldigitaldeasturias.com\\\/noticias\\\/#organization\"},\"image\":{\"@type\":\"ImageObject\",\"url\":\"https:\\\/\\\/www.eldigitaldeasturias.com\\\/noticias\\\/wp-content\\\/uploads\\\/2019\\\/07\\\/1563957918_ADELA_Y_VIKI_TRIO1_copia.jpg\",\"width\":1772,\"height\":1181},\"datePublished\":\"2019-07-25T00:09:52+02:00\",\"dateModified\":\"2019-07-25T00:09:52+02:00\",\"inLanguage\":\"es-ES\",\"mainEntityOfPage\":{\"@id\":\"https:\\\/\\\/www.eldigitaldeasturias.com\\\/noticias\\\/adelaviki-presenta-su-coleccion-todas\\\/#webpage\"},\"isPartOf\":{\"@id\":\"https:\\\/\\\/www.eldigitaldeasturias.com\\\/noticias\\\/adelaviki-presenta-su-coleccion-todas\\\/#webpage\"},\"articleSection\":\"Negocios y Empresas\"},{\"@type\":\"BreadcrumbList\",\"@id\":\"https:\\\/\\\/www.eldigitaldeasturias.com\\\/noticias\\\/adelaviki-presenta-su-coleccion-todas\\\/#breadcrumblist\",\"itemListElement\":[{\"@type\":\"ListItem\",\"@id\":\"https:\\\/\\\/www.eldigitaldeasturias.com\\\/noticias#listItem\",\"position\":1,\"name\":\"Home\",\"item\":\"https:\\\/\\\/www.eldigitaldeasturias.com\\\/noticias\",\"nextItem\":{\"@type\":\"ListItem\",\"@id\":\"https:\\\/\\\/www.eldigitaldeasturias.com\\\/noticias\\\/category\\\/negocios-y-empresas\\\/#listItem\",\"name\":\"Negocios y Empresas\"}},{\"@type\":\"ListItem\",\"@id\":\"https:\\\/\\\/www.eldigitaldeasturias.com\\\/noticias\\\/category\\\/negocios-y-empresas\\\/#listItem\",\"position\":2,\"name\":\"Negocios y Empresas\",\"item\":\"https:\\\/\\\/www.eldigitaldeasturias.com\\\/noticias\\\/category\\\/negocios-y-empresas\\\/\",\"nextItem\":{\"@type\":\"ListItem\",\"@id\":\"https:\\\/\\\/www.eldigitaldeasturias.com\\\/noticias\\\/adelaviki-presenta-su-coleccion-todas\\\/#listItem\",\"name\":\"Adela&#038;Viki presenta su colecci\\u00f3n \\u2018TODAS\\u2019\"},\"previousItem\":{\"@type\":\"ListItem\",\"@id\":\"https:\\\/\\\/www.eldigitaldeasturias.com\\\/noticias#listItem\",\"name\":\"Home\"}},{\"@type\":\"ListItem\",\"@id\":\"https:\\\/\\\/www.eldigitaldeasturias.com\\\/noticias\\\/adelaviki-presenta-su-coleccion-todas\\\/#listItem\",\"position\":3,\"name\":\"Adela&#038;Viki presenta su colecci\\u00f3n \\u2018TODAS\\u2019\",\"previousItem\":{\"@type\":\"ListItem\",\"@id\":\"https:\\\/\\\/www.eldigitaldeasturias.com\\\/noticias\\\/category\\\/negocios-y-empresas\\\/#listItem\",\"name\":\"Negocios y Empresas\"}}]},{\"@type\":\"Organization\",\"@id\":\"https:\\\/\\\/www.eldigitaldeasturias.com\\\/noticias\\\/#organization\",\"name\":\"El Digital de Asturias\",\"description\":\"Hemeroteca\",\"url\":\"https:\\\/\\\/www.eldigitaldeasturias.com\\\/noticias\\\/\",\"email\":\"info@eldigitaldeasturias.com\",\"telephone\":\"+34652131393\",\"logo\":{\"@type\":\"ImageObject\",\"url\":\"https:\\\/\\\/www.eldigitaldeasturias.com\\\/noticias\\\/wp-content\\\/uploads\\\/2020\\\/12\\\/EDA.jpg\",\"@id\":\"https:\\\/\\\/www.eldigitaldeasturias.com\\\/noticias\\\/adelaviki-presenta-su-coleccion-todas\\\/#organizationLogo\",\"width\":649,\"height\":297},\"image\":{\"@id\":\"https:\\\/\\\/www.eldigitaldeasturias.com\\\/noticias\\\/adelaviki-presenta-su-coleccion-todas\\\/#organizationLogo\"},\"sameAs\":[\"https:\\\/\\\/facebook.com\\\/eldigitaldeasturias\",\"https:\\\/\\\/www.youtube.com\\\/channel\\\/UCZP-2wLEB9Rv6erhFmqVnvg\"],\"address\":{\"@id\":\"https:\\\/\\\/www.eldigitaldeasturias.com\\\/noticias\\\/#postaladdress\",\"@type\":\"PostalAddress\",\"streetAddress\":\"san antonio 4,\",\"postalCode\":\"33430\",\"addressLocality\":\"Cand\\u00e1s\",\"addressRegion\":\"Asturias\",\"addressCountry\":\"ES\"}},{\"@type\":\"Person\",\"@id\":\"https:\\\/\\\/www.eldigitaldeasturias.com\\\/noticias\\\/author\\\/admin\\\/#author\",\"url\":\"https:\\\/\\\/www.eldigitaldeasturias.com\\\/noticias\\\/author\\\/admin\\\/\",\"name\":\"El Digital de Asturias\",\"image\":{\"@type\":\"ImageObject\",\"@id\":\"https:\\\/\\\/www.eldigitaldeasturias.com\\\/noticias\\\/adelaviki-presenta-su-coleccion-todas\\\/#authorImage\",\"url\":\"https:\\\/\\\/www.eldigitaldeasturias.com\\\/noticias\\\/wp-content\\\/litespeed\\\/avatar\\\/18677e78aa0546b92d9dbf31ec7d7668.jpg?ver=1777290358\",\"width\":96,\"height\":96,\"caption\":\"El Digital de Asturias\"}},{\"@type\":\"WebPage\",\"@id\":\"https:\\\/\\\/www.eldigitaldeasturias.com\\\/noticias\\\/adelaviki-presenta-su-coleccion-todas\\\/#webpage\",\"url\":\"https:\\\/\\\/www.eldigitaldeasturias.com\\\/noticias\\\/adelaviki-presenta-su-coleccion-todas\\\/\",\"name\":\"Adela&Viki presenta su colecci\\u00f3n \\u2018TODAS\\u2019 - El Digital de Asturias\",\"description\":\"Vuelve el verano. Y con \\u00e9l, vuelve tambi\\u00e9n Adela&Viki, la primera marca 100% espa\\u00f1ola de trajes de ba\\u00f1o para mujeres reales, que esta temporada llega con su colecci\\u00f3n primavera\\\/verano 2019: \\u2018TODAS\\u2019 Han sido m\\u00e1s de cinco veranos los que han transcurrido desde que Adela&Viki fue relanzada como marca de trajes de ba\\u00f1o para \\u2018curvys\\u2019. Tiempo a lo\",\"inLanguage\":\"es-ES\",\"isPartOf\":{\"@id\":\"https:\\\/\\\/www.eldigitaldeasturias.com\\\/noticias\\\/#website\"},\"breadcrumb\":{\"@id\":\"https:\\\/\\\/www.eldigitaldeasturias.com\\\/noticias\\\/adelaviki-presenta-su-coleccion-todas\\\/#breadcrumblist\"},\"author\":{\"@id\":\"https:\\\/\\\/www.eldigitaldeasturias.com\\\/noticias\\\/author\\\/admin\\\/#author\"},\"creator\":{\"@id\":\"https:\\\/\\\/www.eldigitaldeasturias.com\\\/noticias\\\/author\\\/admin\\\/#author\"},\"image\":{\"@type\":\"ImageObject\",\"url\":\"https:\\\/\\\/www.eldigitaldeasturias.com\\\/noticias\\\/wp-content\\\/uploads\\\/2019\\\/07\\\/1563957918_ADELA_Y_VIKI_TRIO1_copia.jpg\",\"@id\":\"https:\\\/\\\/www.eldigitaldeasturias.com\\\/noticias\\\/adelaviki-presenta-su-coleccion-todas\\\/#mainImage\",\"width\":1772,\"height\":1181},\"primaryImageOfPage\":{\"@id\":\"https:\\\/\\\/www.eldigitaldeasturias.com\\\/noticias\\\/adelaviki-presenta-su-coleccion-todas\\\/#mainImage\"},\"datePublished\":\"2019-07-25T00:09:52+02:00\",\"dateModified\":\"2019-07-25T00:09:52+02:00\"},{\"@type\":\"WebSite\",\"@id\":\"https:\\\/\\\/www.eldigitaldeasturias.com\\\/noticias\\\/#website\",\"url\":\"https:\\\/\\\/www.eldigitaldeasturias.com\\\/noticias\\\/\",\"name\":\"El Digital de Asturias - Diario de actualidad y noticias\",\"alternateName\":\"El Digital de Asturias - Diario de actualidad y noticias\",\"description\":\"Hemeroteca\",\"inLanguage\":\"es-ES\",\"publisher\":{\"@id\":\"https:\\\/\\\/www.eldigitaldeasturias.com\\\/noticias\\\/#organization\"}}]}\n\t\t<\/script>\n\t\t<!-- All in One SEO Pro -->\r\n\t\t<title>Adela&amp;Viki presenta su colecci\u00f3n \u2018TODAS\u2019 - El Digital de Asturias<\/title>\n\n","aioseo_head_json":{"title":"Adela&Viki presenta su colecci\u00f3n \u2018TODAS\u2019 - El Digital de Asturias","description":"Vuelve el verano. Y con \u00e9l, vuelve tambi\u00e9n Adela&Viki, la primera marca 100% espa\u00f1ola de trajes de ba\u00f1o para mujeres reales, que esta temporada llega con su colecci\u00f3n primavera\/verano 2019: \u2018TODAS\u2019 Han sido m\u00e1s de cinco veranos los que han transcurrido desde que Adela&Viki fue relanzada como marca de trajes de ba\u00f1o para \u2018curvys\u2019. Tiempo a lo","canonical_url":"https:\/\/www.eldigitaldeasturias.com\/noticias\/adelaviki-presenta-su-coleccion-todas\/","robots":"max-image-preview:large","keywords":"negocios y empresas","webmasterTools":{"google-site-verification":"UA-38556648-1","msvalidate.01":"7dfe9f3f1b24437ab69f4f2559babe99","miscellaneous":""},"schema":{"@context":"https:\/\/schema.org","@graph":[{"@type":"BlogPosting","@id":"https:\/\/www.eldigitaldeasturias.com\/noticias\/adelaviki-presenta-su-coleccion-todas\/#blogposting","name":"Adela&Viki presenta su colecci\u00f3n \u2018TODAS\u2019 - El Digital de Asturias","headline":"Adela&#038;Viki presenta su colecci\u00f3n \u2018TODAS\u2019","author":{"@id":"https:\/\/www.eldigitaldeasturias.com\/noticias\/author\/admin\/#author"},"publisher":{"@id":"https:\/\/www.eldigitaldeasturias.com\/noticias\/#organization"},"image":{"@type":"ImageObject","url":"https:\/\/www.eldigitaldeasturias.com\/noticias\/wp-content\/uploads\/2019\/07\/1563957918_ADELA_Y_VIKI_TRIO1_copia.jpg","width":1772,"height":1181},"datePublished":"2019-07-25T00:09:52+02:00","dateModified":"2019-07-25T00:09:52+02:00","inLanguage":"es-ES","mainEntityOfPage":{"@id":"https:\/\/www.eldigitaldeasturias.com\/noticias\/adelaviki-presenta-su-coleccion-todas\/#webpage"},"isPartOf":{"@id":"https:\/\/www.eldigitaldeasturias.com\/noticias\/adelaviki-presenta-su-coleccion-todas\/#webpage"},"articleSection":"Negocios y Empresas"},{"@type":"BreadcrumbList","@id":"https:\/\/www.eldigitaldeasturias.com\/noticias\/adelaviki-presenta-su-coleccion-todas\/#breadcrumblist","itemListElement":[{"@type":"ListItem","@id":"https:\/\/www.eldigitaldeasturias.com\/noticias#listItem","position":1,"name":"Home","item":"https:\/\/www.eldigitaldeasturias.com\/noticias","nextItem":{"@type":"ListItem","@id":"https:\/\/www.eldigitaldeasturias.com\/noticias\/category\/negocios-y-empresas\/#listItem","name":"Negocios y Empresas"}},{"@type":"ListItem","@id":"https:\/\/www.eldigitaldeasturias.com\/noticias\/category\/negocios-y-empresas\/#listItem","position":2,"name":"Negocios y Empresas","item":"https:\/\/www.eldigitaldeasturias.com\/noticias\/category\/negocios-y-empresas\/","nextItem":{"@type":"ListItem","@id":"https:\/\/www.eldigitaldeasturias.com\/noticias\/adelaviki-presenta-su-coleccion-todas\/#listItem","name":"Adela&#038;Viki presenta su colecci\u00f3n \u2018TODAS\u2019"},"previousItem":{"@type":"ListItem","@id":"https:\/\/www.eldigitaldeasturias.com\/noticias#listItem","name":"Home"}},{"@type":"ListItem","@id":"https:\/\/www.eldigitaldeasturias.com\/noticias\/adelaviki-presenta-su-coleccion-todas\/#listItem","position":3,"name":"Adela&#038;Viki presenta su colecci\u00f3n \u2018TODAS\u2019","previousItem":{"@type":"ListItem","@id":"https:\/\/www.eldigitaldeasturias.com\/noticias\/category\/negocios-y-empresas\/#listItem","name":"Negocios y Empresas"}}]},{"@type":"Organization","@id":"https:\/\/www.eldigitaldeasturias.com\/noticias\/#organization","name":"El Digital de Asturias","description":"Hemeroteca","url":"https:\/\/www.eldigitaldeasturias.com\/noticias\/","email":"info@eldigitaldeasturias.com","telephone":"+34652131393","logo":{"@type":"ImageObject","url":"https:\/\/www.eldigitaldeasturias.com\/noticias\/wp-content\/uploads\/2020\/12\/EDA.jpg","@id":"https:\/\/www.eldigitaldeasturias.com\/noticias\/adelaviki-presenta-su-coleccion-todas\/#organizationLogo","width":649,"height":297},"image":{"@id":"https:\/\/www.eldigitaldeasturias.com\/noticias\/adelaviki-presenta-su-coleccion-todas\/#organizationLogo"},"sameAs":["https:\/\/facebook.com\/eldigitaldeasturias","https:\/\/www.youtube.com\/channel\/UCZP-2wLEB9Rv6erhFmqVnvg"],"address":{"@id":"https:\/\/www.eldigitaldeasturias.com\/noticias\/#postaladdress","@type":"PostalAddress","streetAddress":"san antonio 4,","postalCode":"33430","addressLocality":"Cand\u00e1s","addressRegion":"Asturias","addressCountry":"ES"}},{"@type":"Person","@id":"https:\/\/www.eldigitaldeasturias.com\/noticias\/author\/admin\/#author","url":"https:\/\/www.eldigitaldeasturias.com\/noticias\/author\/admin\/","name":"El Digital de Asturias","image":{"@type":"ImageObject","@id":"https:\/\/www.eldigitaldeasturias.com\/noticias\/adelaviki-presenta-su-coleccion-todas\/#authorImage","url":"https:\/\/www.eldigitaldeasturias.com\/noticias\/wp-content\/litespeed\/avatar\/18677e78aa0546b92d9dbf31ec7d7668.jpg?ver=1777290358","width":96,"height":96,"caption":"El Digital de Asturias"}},{"@type":"WebPage","@id":"https:\/\/www.eldigitaldeasturias.com\/noticias\/adelaviki-presenta-su-coleccion-todas\/#webpage","url":"https:\/\/www.eldigitaldeasturias.com\/noticias\/adelaviki-presenta-su-coleccion-todas\/","name":"Adela&Viki presenta su colecci\u00f3n \u2018TODAS\u2019 - El Digital de Asturias","description":"Vuelve el verano. Y con \u00e9l, vuelve tambi\u00e9n Adela&Viki, la primera marca 100% espa\u00f1ola de trajes de ba\u00f1o para mujeres reales, que esta temporada llega con su colecci\u00f3n primavera\/verano 2019: \u2018TODAS\u2019 Han sido m\u00e1s de cinco veranos los que han transcurrido desde que Adela&Viki fue relanzada como marca de trajes de ba\u00f1o para \u2018curvys\u2019. Tiempo a lo","inLanguage":"es-ES","isPartOf":{"@id":"https:\/\/www.eldigitaldeasturias.com\/noticias\/#website"},"breadcrumb":{"@id":"https:\/\/www.eldigitaldeasturias.com\/noticias\/adelaviki-presenta-su-coleccion-todas\/#breadcrumblist"},"author":{"@id":"https:\/\/www.eldigitaldeasturias.com\/noticias\/author\/admin\/#author"},"creator":{"@id":"https:\/\/www.eldigitaldeasturias.com\/noticias\/author\/admin\/#author"},"image":{"@type":"ImageObject","url":"https:\/\/www.eldigitaldeasturias.com\/noticias\/wp-content\/uploads\/2019\/07\/1563957918_ADELA_Y_VIKI_TRIO1_copia.jpg","@id":"https:\/\/www.eldigitaldeasturias.com\/noticias\/adelaviki-presenta-su-coleccion-todas\/#mainImage","width":1772,"height":1181},"primaryImageOfPage":{"@id":"https:\/\/www.eldigitaldeasturias.com\/noticias\/adelaviki-presenta-su-coleccion-todas\/#mainImage"},"datePublished":"2019-07-25T00:09:52+02:00","dateModified":"2019-07-25T00:09:52+02:00"},{"@type":"WebSite","@id":"https:\/\/www.eldigitaldeasturias.com\/noticias\/#website","url":"https:\/\/www.eldigitaldeasturias.com\/noticias\/","name":"El Digital de Asturias - Diario de actualidad y noticias","alternateName":"El Digital de Asturias - Diario de actualidad y noticias","description":"Hemeroteca","inLanguage":"es-ES","publisher":{"@id":"https:\/\/www.eldigitaldeasturias.com\/noticias\/#organization"}}]},"og:locale":"es_ES","og:site_name":"El Digital de Asturias","og:type":"article","og:title":"Adela&amp;Viki presenta su colecci\u00f3n \u2018TODAS\u2019 - El Digital de Asturias","og:description":"Vuelve el verano. Y con \u00e9l, vuelve tambi\u00e9n Adela&amp;Viki, la primera marca 100% espa\u00f1ola de trajes de ba\u00f1o para mujeres reales, que esta temporada llega con su colecci\u00f3n primavera\/verano 2019: \u2018TODAS\u2019 Han sido m\u00e1s de cinco veranos los que han transcurrido desde que Adela&amp;Viki fue relanzada como marca de trajes de ba\u00f1o para \u2018curvys\u2019. Tiempo a lo","og:url":"https:\/\/www.eldigitaldeasturias.com\/noticias\/adelaviki-presenta-su-coleccion-todas\/","og:image":"https:\/\/www.eldigitaldeasturias.com\/noticias\/wp-content\/uploads\/2019\/07\/1563957918_ADELA_Y_VIKI_TRIO1_copia.jpg","og:image:secure_url":"https:\/\/www.eldigitaldeasturias.com\/noticias\/wp-content\/uploads\/2019\/07\/1563957918_ADELA_Y_VIKI_TRIO1_copia.jpg","og:image:width":1772,"og:image:height":1181,"article:tag":["negocios y empresas"],"article:published_time":"2019-07-25T00:09:52+00:00","article:modified_time":"2019-07-25T00:09:52+00:00","article:publisher":"https:\/\/facebook.com\/eldigitaldeasturias","twitter:card":"summary_large_image","twitter:title":"Adela&amp;Viki presenta su colecci\u00f3n \u2018TODAS\u2019 - El Digital de Asturias","twitter:description":"Vuelve el verano. Y con \u00e9l, vuelve tambi\u00e9n Adela&amp;Viki, la primera marca 100% espa\u00f1ola de trajes de ba\u00f1o para mujeres reales, que esta temporada llega con su colecci\u00f3n primavera\/verano 2019: \u2018TODAS\u2019 Han sido m\u00e1s de cinco veranos los que han transcurrido desde que Adela&amp;Viki fue relanzada como marca de trajes de ba\u00f1o para \u2018curvys\u2019. Tiempo a lo","twitter:image":"https:\/\/www.eldigitaldeasturias.com\/noticias\/wp-content\/uploads\/2019\/07\/1563957918_ADELA_Y_VIKI_TRIO1_copia.jpg","twitter:label1":"Escrito por","twitter:data1":"El Digital de Asturias","twitter:label2":"Tiempo de lectura estimado","twitter:data2":"2 minutos"},"aioseo_meta_data":{"post_id":"1035862","title":null,"description":null,"keywords":null,"keyphrases":null,"primary_term":null,"canonical_url":null,"og_title":null,"og_description":null,"og_object_type":"default","og_image_type":"default","og_image_url":null,"og_image_width":null,"og_image_height":null,"og_image_custom_url":null,"og_image_custom_fields":null,"og_video":null,"og_custom_url":null,"og_article_section":null,"og_article_tags":null,"twitter_use_og":false,"twitter_card":"default","twitter_image_type":"default","twitter_image_url":null,"twitter_image_custom_url":null,"twitter_image_custom_fields":null,"twitter_title":null,"twitter_description":null,"schema":{"blockGraphs":[],"customGraphs":[],"default":{"data":{"Article":[],"Course":[],"Dataset":[],"FAQPage":[],"Movie":[],"Person":[],"Product":[],"ProductReview":[],"Car":[],"Recipe":[],"Service":[],"SoftwareApplication":[],"WebPage":[]},"graphName":"","isEnabled":true},"graphs":[],"defaultGraph":"","defaultPostTypeGraph":""},"schema_type":null,"schema_type_options":null,"pillar_content":false,"robots_default":true,"robots_noindex":false,"robots_noarchive":false,"robots_nosnippet":false,"robots_nofollow":false,"robots_noimageindex":false,"robots_noodp":false,"robots_notranslate":false,"robots_max_snippet":null,"robots_max_videopreview":null,"robots_max_imagepreview":"large","priority":null,"frequency":null,"local_seo":null,"seo_analyzer_scan_date":"2025-10-22 10:42:03","breadcrumb_settings":null,"limit_modified_date":false,"open_ai":null,"ai":null,"created":"2020-12-21 11:07:54","updated":"2025-10-22 10:42:03"},"aioseo_breadcrumb":"<div class=\"aioseo-breadcrumbs\"><span class=\"aioseo-breadcrumb\">\n\t<a href=\"https:\/\/www.eldigitaldeasturias.com\/noticias\" title=\"Home\">Home<\/a>\n<\/span><span class=\"aioseo-breadcrumb-separator\">\u2013<\/span><span class=\"aioseo-breadcrumb\">\n\t<a href=\"https:\/\/www.eldigitaldeasturias.com\/noticias\/category\/negocios-y-empresas\/\" title=\"Negocios y Empresas\">Negocios y Empresas<\/a>\n<\/span><span class=\"aioseo-breadcrumb-separator\">\u2013<\/span><span class=\"aioseo-breadcrumb\">\n\t<a href=\"https:\/\/www.eldigitaldeasturias.com\/noticias\/adelaviki-presenta-su-coleccion-todas\/\" title=\"Adela&amp;Viki presenta su colecci\u00f3n \u2018TODAS\u2019\">Adela&amp;Viki presenta su colecci\u00f3n \u2018TODAS\u2019<\/a>\n<\/span><\/div>","aioseo_breadcrumb_json":[{"label":"Home","link":"https:\/\/www.eldigitaldeasturias.com\/noticias"},{"label":"Negocios y Empresas","link":"https:\/\/www.eldigitaldeasturias.com\/noticias\/category\/negocios-y-empresas\/"},{"label":"Adela&#038;Viki presenta su colecci\u00f3n \u2018TODAS\u2019","link":"https:\/\/www.eldigitaldeasturias.com\/noticias\/adelaviki-presenta-su-coleccion-todas\/"}],"_links":{"self":[{"href":"https:\/\/www.eldigitaldeasturias.com\/noticias\/wp-json\/wp\/v2\/posts\/1035862","targetHints":{"allow":["GET"]}}],"collection":[{"href":"https:\/\/www.eldigitaldeasturias.com\/noticias\/wp-json\/wp\/v2\/posts"}],"about":[{"href":"https:\/\/www.eldigitaldeasturias.com\/noticias\/wp-json\/wp\/v2\/types\/post"}],"author":[{"embeddable":true,"href":"https:\/\/www.eldigitaldeasturias.com\/noticias\/wp-json\/wp\/v2\/users\/1"}],"replies":[{"embeddable":true,"href":"https:\/\/www.eldigitaldeasturias.com\/noticias\/wp-json\/wp\/v2\/comments?post=1035862"}],"version-history":[{"count":0,"href":"https:\/\/www.eldigitaldeasturias.com\/noticias\/wp-json\/wp\/v2\/posts\/1035862\/revisions"}],"wp:featuredmedia":[{"embeddable":true,"href":"https:\/\/www.eldigitaldeasturias.com\/noticias\/wp-json\/wp\/v2\/media\/1035863"}],"wp:attachment":[{"href":"https:\/\/www.eldigitaldeasturias.com\/noticias\/wp-json\/wp\/v2\/media?parent=1035862"}],"wp:term":[{"taxonomy":"category","embeddable":true,"href":"https:\/\/www.eldigitaldeasturias.com\/noticias\/wp-json\/wp\/v2\/categories?post=1035862"},{"taxonomy":"post_tag","embeddable":true,"href":"https:\/\/www.eldigitaldeasturias.com\/noticias\/wp-json\/wp\/v2\/tags?post=1035862"}],"curies":[{"name":"wp","href":"https:\/\/api.w.org\/{rel}","templated":true}]}}