{"id":1035859,"date":"2019-07-25T00:06:15","date_gmt":"2019-07-25T00:06:15","guid":{"rendered":"https:\/\/www.eldigitaldeasturias.com\/noticias\/?p=1035859"},"modified":"2019-07-25T00:06:15","modified_gmt":"2019-07-25T00:06:15","slug":"volkswagen-polo-el-coche-compacto-mas-demandado-de-renting-en-swipcar","status":"publish","type":"post","link":"https:\/\/www.eldigitaldeasturias.com\/noticias\/volkswagen-polo-el-coche-compacto-mas-demandado-de-renting-en-swipcar\/","title":{"rendered":"Volkswagen Polo: el coche compacto m\u00e1s demandado de renting en Swipcar"},"content":{"rendered":"<p>La situaci\u00f3n econ\u00f3mica y social actual est\u00e1n marcando las preferencias de consumo, y esto tambi\u00e9n se ve reflejado en la demanda de veh\u00edculos. Seg\u00fan\u00a0<strong><a href=\"https:\/\/swipcar.com\/es\/\" target=\"_blank\" rel=\"nofollow noopener noreferrer\"><span style=\"color: #ff6600;\">Swipcar, la empresa online de renting<\/span><\/a><\/strong>\u00a0lider en Espa\u00f1a, el Volkswagen Polo va en camino de convertirse en un icono de los veh\u00edculos compactos, pues en lo que va de a\u00f1o, ya es el coche urbano m\u00e1s demandado en su plataforma de renting.<\/p>\n<p><iframe loading=\"lazy\" src=\"https:\/\/www.youtube.com\/embed\/qKHvImHfpDQ\" width=\"640\" height=\"398\" frameborder=\"0\" allowfullscreen=\"allowfullscreen\"><span data-mce-type=\"bookmark\" style=\"display: inline-block; width: 0px; overflow: hidden; line-height: 0;\" class=\"mce_SELRES_start\">\ufeff<\/span><\/iframe><\/p>\n<p>En 1975, la marca alemana Volkswagen lanz\u00f3 al mercado su primer Polo, 44 a\u00f1os despu\u00e9s, se ha presentado la sexta (y \u00faltima) generaci\u00f3n de este modelo, que es, sin duda,\u00a0<strong>el m\u00e1s avanzado en prestaciones y tecnolog\u00eda\u00a0<\/strong>de toda la saga.<\/p>\n<p>Parece ser que a la hora de adquirir un coche compacto para realizar desplazamientos por la ciudad, los conductores tienen muy claro lo que quieren: que sea econ\u00f3mico, que tenga un dise\u00f1o atractivo y que cuente con los \u00faltimos avances en tecnolog\u00eda.<\/p>\n<p>Volkswagen ha sabido leer muy bien estas necesidades y ha dado con la f\u00f3rmula del \u00e9xito. En Swipcar se puede adquirir de renting\u00a0<a href=\"https:\/\/swipcar.com\/es\/blog\/review-volkswagen-polo-de-renting\/\" target=\"_blank\" rel=\"nofollow noopener noreferrer\"><span style=\"color: #ff6600;\"><strong>a partir de 238\u20ac al mes con todo incluido<\/strong>.<\/span><\/a><\/p>\n<p>Poco tiene que envidiarle el nuevo Polo a su hermano mayor, el Volkswagen Golf, est\u00e9ticamente son muy similares.\u00a0<strong>Tiene un aspecto m\u00e1s din\u00e1mico y deportivo que en versiones anteriores.<\/strong>\u00a0Marcado por l\u00edneas horizontales y anchas, transmite un estilo m\u00e1s deportivo y vers\u00e1til.<\/p>\n<p>Pese a ser un veh\u00edculo compacto, el cliente final quiere que sea espacioso y aprovechable. En este sentido, el nuevo Polo ha crecido 8 cm de largo y 6 cm de ancho, llegando as\u00ed hasta los 4 metros de largo por primera vez en este modelo.<\/p>\n<p>Su interior permite una<strong>\u00a0habitabilidad m\u00e1s c\u00f3moda, y esto se traduce en m\u00e1s espacio para los pies y cabeza\u00a0<\/strong>de los ocupantes. El maletero es un 30% m\u00e1s grande, elevando el volumen de carga hasta los 350 litros.<\/p>\n<p>Acabados de gran calidad, asientos ergon\u00f3micos y un sistema de climatizaci\u00f3n ya no son argumentos suficientes para convencer al gran p\u00fablico, el cliente quiere m\u00e1s. Fieles a la actual era digital, los conductores tambi\u00e9n quieren disfrutar de la \u00faltima tecnolog\u00eda, y\u00a0<strong>el nuevo Volkswagen Polo cuenta con avances en infoentretenimiento y asistentes a la conducci\u00f3n a la altura de coches de gama superior.<\/strong><\/p>\n<p>Cuadros de mandos digitalizados, integraci\u00f3n total con el tel\u00e9fono m\u00f3vil e informaci\u00f3n detallada del trayecto y el veh\u00edculo son algunas muestras de la evoluci\u00f3n tecnol\u00f3gica que ha experimentado el m\u00edtico Polo.<\/p>\n<p>Del mismo modo, distintos asistentes de conducci\u00f3n integrados en este modelo facilitan el aparcamiento, advierten de posibles colisiones y facilitan el arranque en subidas. Sin duda, ventajas muy valiosas para la seguridad y confort.<\/p>\n<p>Est\u00e1 claro que el Volkswagen Polo tiene argumentos de sobra para convertirse en el coche m\u00e1s demandado en el sector de veh\u00edculos compactos, pero \u00bfPor qu\u00e9 sucede en el renting y no en la compra? Simple, al tratarse de un coche econ\u00f3mico,\u00a0<strong>el cliente final prefiere pagar por una cuota que lo incluya todo y olvidarse as\u00ed de gastos imprevistos y gestiones varias<\/strong>.<\/p>\n<p>Una cuota de renting incluye todos los gastos vinculados al veh\u00edculo: el seguro a todo riesgo, asistencia en carretera, el mantenimiento y revisiones, aver\u00edas y reparaciones, impuestos, cambio de neum\u00e1ticos etc. adem\u00e1s no hay que pagar ninguna entrada.<\/p>\n","protected":false},"excerpt":{"rendered":"<p>La situaci\u00f3n econ\u00f3mica y social actual est\u00e1n marcando las preferencias de consumo, y esto tambi\u00e9n se ve reflejado en la demanda de veh\u00edculos. Seg\u00fan\u00a0Swipcar, la empresa online de renting\u00a0lider en Espa\u00f1a, el Volkswagen Polo va en camino de convertirse en un icono de los veh\u00edculos compactos, pues en lo que va de a\u00f1o, ya es [&hellip;]<\/p>\n","protected":false},"author":1,"featured_media":1035860,"comment_status":"closed","ping_status":"closed","sticky":false,"template":"","format":"standard","meta":{"footnotes":""},"categories":[219],"tags":[],"class_list":["post-1035859","post","type-post","status-publish","format-standard","has-post-thumbnail","hentry","category-negocios-y-empresas"],"aioseo_notices":[],"aioseo_head":"\n\t\t<!-- All in One SEO Pro 4.9.6.2 - aioseo.com -->\n\t<meta name=\"description\" content=\"La situaci\u00f3n econ\u00f3mica y social actual est\u00e1n marcando las preferencias de consumo, y esto tambi\u00e9n se ve reflejado en la demanda de veh\u00edculos. Seg\u00fan Swipcar, la empresa online de renting lider en Espa\u00f1a, el Volkswagen Polo va en camino de convertirse en un icono de los veh\u00edculos compactos, pues en lo que va de a\u00f1o, ya es\" \/>\n\t<meta name=\"robots\" content=\"max-image-preview:large\" \/>\n\t<meta name=\"author\" content=\"El Digital de Asturias\"\/>\n\t<meta name=\"google-site-verification\" content=\"UA-38556648-1\" \/>\n\t<meta name=\"msvalidate.01\" content=\"7dfe9f3f1b24437ab69f4f2559babe99\" \/>\n\t<meta name=\"keywords\" content=\"negocios y empresas\" \/>\n\t<link rel=\"canonical\" href=\"https:\/\/www.eldigitaldeasturias.com\/noticias\/volkswagen-polo-el-coche-compacto-mas-demandado-de-renting-en-swipcar\/\" \/>\n\t<meta name=\"generator\" content=\"All in One SEO Pro (AIOSEO) 4.9.6.2\" \/>\n\t\t<meta property=\"og:locale\" content=\"es_ES\" \/>\n\t\t<meta property=\"og:site_name\" content=\"El Digital de Asturias\" \/>\n\t\t<meta property=\"og:type\" content=\"article\" \/>\n\t\t<meta property=\"og:title\" content=\"Volkswagen Polo: el coche compacto m\u00e1s demandado de renting en Swipcar - El Digital de Asturias\" \/>\n\t\t<meta property=\"og:description\" content=\"La situaci\u00f3n econ\u00f3mica y social actual est\u00e1n marcando las preferencias de consumo, y esto tambi\u00e9n se ve reflejado en la demanda de veh\u00edculos. Seg\u00fan Swipcar, la empresa online de renting lider en Espa\u00f1a, el Volkswagen Polo va en camino de convertirse en un icono de los veh\u00edculos compactos, pues en lo que va de a\u00f1o, ya es\" \/>\n\t\t<meta property=\"og:url\" content=\"https:\/\/www.eldigitaldeasturias.com\/noticias\/volkswagen-polo-el-coche-compacto-mas-demandado-de-renting-en-swipcar\/\" \/>\n\t\t<meta property=\"og:image\" content=\"https:\/\/www.eldigitaldeasturias.com\/noticias\/wp-content\/uploads\/2019\/07\/1563961266_Polo_portada.jpg\" \/>\n\t\t<meta property=\"og:image:secure_url\" content=\"https:\/\/www.eldigitaldeasturias.com\/noticias\/wp-content\/uploads\/2019\/07\/1563961266_Polo_portada.jpg\" \/>\n\t\t<meta property=\"og:image:width\" content=\"1920\" \/>\n\t\t<meta property=\"og:image:height\" content=\"1080\" \/>\n\t\t<meta property=\"article:tag\" content=\"negocios y empresas\" \/>\n\t\t<meta property=\"article:published_time\" content=\"2019-07-25T00:06:15+00:00\" \/>\n\t\t<meta property=\"article:modified_time\" content=\"2019-07-25T00:06:15+00:00\" \/>\n\t\t<meta property=\"article:publisher\" content=\"https:\/\/facebook.com\/eldigitaldeasturias\" \/>\n\t\t<meta name=\"twitter:card\" content=\"summary_large_image\" \/>\n\t\t<meta name=\"twitter:title\" content=\"Volkswagen Polo: el coche compacto m\u00e1s demandado de renting en Swipcar - El Digital de Asturias\" \/>\n\t\t<meta name=\"twitter:description\" content=\"La situaci\u00f3n econ\u00f3mica y social actual est\u00e1n marcando las preferencias de consumo, y esto tambi\u00e9n se ve reflejado en la demanda de veh\u00edculos. Seg\u00fan Swipcar, la empresa online de renting lider en Espa\u00f1a, el Volkswagen Polo va en camino de convertirse en un icono de los veh\u00edculos compactos, pues en lo que va de a\u00f1o, ya es\" \/>\n\t\t<meta name=\"twitter:image\" content=\"https:\/\/www.eldigitaldeasturias.com\/noticias\/wp-content\/uploads\/2019\/07\/1563961266_Polo_portada.jpg\" \/>\n\t\t<meta name=\"twitter:label1\" content=\"Escrito por\" \/>\n\t\t<meta name=\"twitter:data1\" content=\"El Digital de Asturias\" \/>\n\t\t<meta name=\"twitter:label2\" content=\"Tiempo de lectura estimado\" \/>\n\t\t<meta name=\"twitter:data2\" content=\"3 minutos\" \/>\n\t\t<script type=\"application\/ld+json\" class=\"aioseo-schema\">\n\t\t\t{\"@context\":\"https:\\\/\\\/schema.org\",\"@graph\":[{\"@type\":\"BlogPosting\",\"@id\":\"https:\\\/\\\/www.eldigitaldeasturias.com\\\/noticias\\\/volkswagen-polo-el-coche-compacto-mas-demandado-de-renting-en-swipcar\\\/#blogposting\",\"name\":\"Volkswagen Polo: el coche compacto m\\u00e1s demandado de renting en Swipcar - El Digital de Asturias\",\"headline\":\"Volkswagen Polo: el coche compacto m\\u00e1s demandado de renting en Swipcar\",\"author\":{\"@id\":\"https:\\\/\\\/www.eldigitaldeasturias.com\\\/noticias\\\/author\\\/admin\\\/#author\"},\"publisher\":{\"@id\":\"https:\\\/\\\/www.eldigitaldeasturias.com\\\/noticias\\\/#organization\"},\"image\":{\"@type\":\"ImageObject\",\"url\":\"https:\\\/\\\/www.eldigitaldeasturias.com\\\/noticias\\\/wp-content\\\/uploads\\\/2019\\\/07\\\/1563961266_Polo_portada.jpg\",\"width\":1920,\"height\":1080},\"datePublished\":\"2019-07-25T00:06:15+02:00\",\"dateModified\":\"2019-07-25T00:06:15+02:00\",\"inLanguage\":\"es-ES\",\"mainEntityOfPage\":{\"@id\":\"https:\\\/\\\/www.eldigitaldeasturias.com\\\/noticias\\\/volkswagen-polo-el-coche-compacto-mas-demandado-de-renting-en-swipcar\\\/#webpage\"},\"isPartOf\":{\"@id\":\"https:\\\/\\\/www.eldigitaldeasturias.com\\\/noticias\\\/volkswagen-polo-el-coche-compacto-mas-demandado-de-renting-en-swipcar\\\/#webpage\"},\"articleSection\":\"Negocios y Empresas\"},{\"@type\":\"BreadcrumbList\",\"@id\":\"https:\\\/\\\/www.eldigitaldeasturias.com\\\/noticias\\\/volkswagen-polo-el-coche-compacto-mas-demandado-de-renting-en-swipcar\\\/#breadcrumblist\",\"itemListElement\":[{\"@type\":\"ListItem\",\"@id\":\"https:\\\/\\\/www.eldigitaldeasturias.com\\\/noticias#listItem\",\"position\":1,\"name\":\"Home\",\"item\":\"https:\\\/\\\/www.eldigitaldeasturias.com\\\/noticias\",\"nextItem\":{\"@type\":\"ListItem\",\"@id\":\"https:\\\/\\\/www.eldigitaldeasturias.com\\\/noticias\\\/category\\\/negocios-y-empresas\\\/#listItem\",\"name\":\"Negocios y Empresas\"}},{\"@type\":\"ListItem\",\"@id\":\"https:\\\/\\\/www.eldigitaldeasturias.com\\\/noticias\\\/category\\\/negocios-y-empresas\\\/#listItem\",\"position\":2,\"name\":\"Negocios y Empresas\",\"item\":\"https:\\\/\\\/www.eldigitaldeasturias.com\\\/noticias\\\/category\\\/negocios-y-empresas\\\/\",\"nextItem\":{\"@type\":\"ListItem\",\"@id\":\"https:\\\/\\\/www.eldigitaldeasturias.com\\\/noticias\\\/volkswagen-polo-el-coche-compacto-mas-demandado-de-renting-en-swipcar\\\/#listItem\",\"name\":\"Volkswagen Polo: el coche compacto m\\u00e1s demandado de renting en Swipcar\"},\"previousItem\":{\"@type\":\"ListItem\",\"@id\":\"https:\\\/\\\/www.eldigitaldeasturias.com\\\/noticias#listItem\",\"name\":\"Home\"}},{\"@type\":\"ListItem\",\"@id\":\"https:\\\/\\\/www.eldigitaldeasturias.com\\\/noticias\\\/volkswagen-polo-el-coche-compacto-mas-demandado-de-renting-en-swipcar\\\/#listItem\",\"position\":3,\"name\":\"Volkswagen Polo: el coche compacto m\\u00e1s demandado de renting en Swipcar\",\"previousItem\":{\"@type\":\"ListItem\",\"@id\":\"https:\\\/\\\/www.eldigitaldeasturias.com\\\/noticias\\\/category\\\/negocios-y-empresas\\\/#listItem\",\"name\":\"Negocios y Empresas\"}}]},{\"@type\":\"Organization\",\"@id\":\"https:\\\/\\\/www.eldigitaldeasturias.com\\\/noticias\\\/#organization\",\"name\":\"El Digital de Asturias\",\"description\":\"Hemeroteca\",\"url\":\"https:\\\/\\\/www.eldigitaldeasturias.com\\\/noticias\\\/\",\"email\":\"info@eldigitaldeasturias.com\",\"telephone\":\"+34652131393\",\"logo\":{\"@type\":\"ImageObject\",\"url\":\"https:\\\/\\\/www.eldigitaldeasturias.com\\\/noticias\\\/wp-content\\\/uploads\\\/2020\\\/12\\\/EDA.jpg\",\"@id\":\"https:\\\/\\\/www.eldigitaldeasturias.com\\\/noticias\\\/volkswagen-polo-el-coche-compacto-mas-demandado-de-renting-en-swipcar\\\/#organizationLogo\",\"width\":649,\"height\":297},\"image\":{\"@id\":\"https:\\\/\\\/www.eldigitaldeasturias.com\\\/noticias\\\/volkswagen-polo-el-coche-compacto-mas-demandado-de-renting-en-swipcar\\\/#organizationLogo\"},\"sameAs\":[\"https:\\\/\\\/facebook.com\\\/eldigitaldeasturias\",\"https:\\\/\\\/www.youtube.com\\\/channel\\\/UCZP-2wLEB9Rv6erhFmqVnvg\"],\"address\":{\"@id\":\"https:\\\/\\\/www.eldigitaldeasturias.com\\\/noticias\\\/#postaladdress\",\"@type\":\"PostalAddress\",\"streetAddress\":\"san antonio 4,\",\"postalCode\":\"33430\",\"addressLocality\":\"Cand\\u00e1s\",\"addressRegion\":\"Asturias\",\"addressCountry\":\"ES\"}},{\"@type\":\"Person\",\"@id\":\"https:\\\/\\\/www.eldigitaldeasturias.com\\\/noticias\\\/author\\\/admin\\\/#author\",\"url\":\"https:\\\/\\\/www.eldigitaldeasturias.com\\\/noticias\\\/author\\\/admin\\\/\",\"name\":\"El Digital de Asturias\",\"image\":{\"@type\":\"ImageObject\",\"@id\":\"https:\\\/\\\/www.eldigitaldeasturias.com\\\/noticias\\\/volkswagen-polo-el-coche-compacto-mas-demandado-de-renting-en-swipcar\\\/#authorImage\",\"url\":\"https:\\\/\\\/www.eldigitaldeasturias.com\\\/noticias\\\/wp-content\\\/litespeed\\\/avatar\\\/18677e78aa0546b92d9dbf31ec7d7668.jpg?ver=1777290358\",\"width\":96,\"height\":96,\"caption\":\"El Digital de Asturias\"}},{\"@type\":\"WebPage\",\"@id\":\"https:\\\/\\\/www.eldigitaldeasturias.com\\\/noticias\\\/volkswagen-polo-el-coche-compacto-mas-demandado-de-renting-en-swipcar\\\/#webpage\",\"url\":\"https:\\\/\\\/www.eldigitaldeasturias.com\\\/noticias\\\/volkswagen-polo-el-coche-compacto-mas-demandado-de-renting-en-swipcar\\\/\",\"name\":\"Volkswagen Polo: el coche compacto m\\u00e1s demandado de renting en Swipcar - El Digital de Asturias\",\"description\":\"La situaci\\u00f3n econ\\u00f3mica y social actual est\\u00e1n marcando las preferencias de consumo, y esto tambi\\u00e9n se ve reflejado en la demanda de veh\\u00edculos. Seg\\u00fan Swipcar, la empresa online de renting lider en Espa\\u00f1a, el Volkswagen Polo va en camino de convertirse en un icono de los veh\\u00edculos compactos, pues en lo que va de a\\u00f1o, ya es\",\"inLanguage\":\"es-ES\",\"isPartOf\":{\"@id\":\"https:\\\/\\\/www.eldigitaldeasturias.com\\\/noticias\\\/#website\"},\"breadcrumb\":{\"@id\":\"https:\\\/\\\/www.eldigitaldeasturias.com\\\/noticias\\\/volkswagen-polo-el-coche-compacto-mas-demandado-de-renting-en-swipcar\\\/#breadcrumblist\"},\"author\":{\"@id\":\"https:\\\/\\\/www.eldigitaldeasturias.com\\\/noticias\\\/author\\\/admin\\\/#author\"},\"creator\":{\"@id\":\"https:\\\/\\\/www.eldigitaldeasturias.com\\\/noticias\\\/author\\\/admin\\\/#author\"},\"image\":{\"@type\":\"ImageObject\",\"url\":\"https:\\\/\\\/www.eldigitaldeasturias.com\\\/noticias\\\/wp-content\\\/uploads\\\/2019\\\/07\\\/1563961266_Polo_portada.jpg\",\"@id\":\"https:\\\/\\\/www.eldigitaldeasturias.com\\\/noticias\\\/volkswagen-polo-el-coche-compacto-mas-demandado-de-renting-en-swipcar\\\/#mainImage\",\"width\":1920,\"height\":1080},\"primaryImageOfPage\":{\"@id\":\"https:\\\/\\\/www.eldigitaldeasturias.com\\\/noticias\\\/volkswagen-polo-el-coche-compacto-mas-demandado-de-renting-en-swipcar\\\/#mainImage\"},\"datePublished\":\"2019-07-25T00:06:15+02:00\",\"dateModified\":\"2019-07-25T00:06:15+02:00\"},{\"@type\":\"WebSite\",\"@id\":\"https:\\\/\\\/www.eldigitaldeasturias.com\\\/noticias\\\/#website\",\"url\":\"https:\\\/\\\/www.eldigitaldeasturias.com\\\/noticias\\\/\",\"name\":\"El Digital de Asturias - Diario de actualidad y noticias\",\"alternateName\":\"El Digital de Asturias - Diario de actualidad y noticias\",\"description\":\"Hemeroteca\",\"inLanguage\":\"es-ES\",\"publisher\":{\"@id\":\"https:\\\/\\\/www.eldigitaldeasturias.com\\\/noticias\\\/#organization\"}}]}\n\t\t<\/script>\n\t\t<!-- All in One SEO Pro -->\r\n\t\t<title>Volkswagen Polo: el coche compacto m\u00e1s demandado de renting en Swipcar - El Digital de Asturias<\/title>\n\n","aioseo_head_json":{"title":"Volkswagen Polo: el coche compacto m\u00e1s demandado de renting en Swipcar - El Digital de Asturias","description":"La situaci\u00f3n econ\u00f3mica y social actual est\u00e1n marcando las preferencias de consumo, y esto tambi\u00e9n se ve reflejado en la demanda de veh\u00edculos. Seg\u00fan Swipcar, la empresa online de renting lider en Espa\u00f1a, el Volkswagen Polo va en camino de convertirse en un icono de los veh\u00edculos compactos, pues en lo que va de a\u00f1o, ya es","canonical_url":"https:\/\/www.eldigitaldeasturias.com\/noticias\/volkswagen-polo-el-coche-compacto-mas-demandado-de-renting-en-swipcar\/","robots":"max-image-preview:large","keywords":"negocios y empresas","webmasterTools":{"google-site-verification":"UA-38556648-1","msvalidate.01":"7dfe9f3f1b24437ab69f4f2559babe99","miscellaneous":""},"schema":{"@context":"https:\/\/schema.org","@graph":[{"@type":"BlogPosting","@id":"https:\/\/www.eldigitaldeasturias.com\/noticias\/volkswagen-polo-el-coche-compacto-mas-demandado-de-renting-en-swipcar\/#blogposting","name":"Volkswagen Polo: el coche compacto m\u00e1s demandado de renting en Swipcar - El Digital de Asturias","headline":"Volkswagen Polo: el coche compacto m\u00e1s demandado de renting en Swipcar","author":{"@id":"https:\/\/www.eldigitaldeasturias.com\/noticias\/author\/admin\/#author"},"publisher":{"@id":"https:\/\/www.eldigitaldeasturias.com\/noticias\/#organization"},"image":{"@type":"ImageObject","url":"https:\/\/www.eldigitaldeasturias.com\/noticias\/wp-content\/uploads\/2019\/07\/1563961266_Polo_portada.jpg","width":1920,"height":1080},"datePublished":"2019-07-25T00:06:15+02:00","dateModified":"2019-07-25T00:06:15+02:00","inLanguage":"es-ES","mainEntityOfPage":{"@id":"https:\/\/www.eldigitaldeasturias.com\/noticias\/volkswagen-polo-el-coche-compacto-mas-demandado-de-renting-en-swipcar\/#webpage"},"isPartOf":{"@id":"https:\/\/www.eldigitaldeasturias.com\/noticias\/volkswagen-polo-el-coche-compacto-mas-demandado-de-renting-en-swipcar\/#webpage"},"articleSection":"Negocios y Empresas"},{"@type":"BreadcrumbList","@id":"https:\/\/www.eldigitaldeasturias.com\/noticias\/volkswagen-polo-el-coche-compacto-mas-demandado-de-renting-en-swipcar\/#breadcrumblist","itemListElement":[{"@type":"ListItem","@id":"https:\/\/www.eldigitaldeasturias.com\/noticias#listItem","position":1,"name":"Home","item":"https:\/\/www.eldigitaldeasturias.com\/noticias","nextItem":{"@type":"ListItem","@id":"https:\/\/www.eldigitaldeasturias.com\/noticias\/category\/negocios-y-empresas\/#listItem","name":"Negocios y Empresas"}},{"@type":"ListItem","@id":"https:\/\/www.eldigitaldeasturias.com\/noticias\/category\/negocios-y-empresas\/#listItem","position":2,"name":"Negocios y Empresas","item":"https:\/\/www.eldigitaldeasturias.com\/noticias\/category\/negocios-y-empresas\/","nextItem":{"@type":"ListItem","@id":"https:\/\/www.eldigitaldeasturias.com\/noticias\/volkswagen-polo-el-coche-compacto-mas-demandado-de-renting-en-swipcar\/#listItem","name":"Volkswagen Polo: el coche compacto m\u00e1s demandado de renting en Swipcar"},"previousItem":{"@type":"ListItem","@id":"https:\/\/www.eldigitaldeasturias.com\/noticias#listItem","name":"Home"}},{"@type":"ListItem","@id":"https:\/\/www.eldigitaldeasturias.com\/noticias\/volkswagen-polo-el-coche-compacto-mas-demandado-de-renting-en-swipcar\/#listItem","position":3,"name":"Volkswagen Polo: el coche compacto m\u00e1s demandado de renting en Swipcar","previousItem":{"@type":"ListItem","@id":"https:\/\/www.eldigitaldeasturias.com\/noticias\/category\/negocios-y-empresas\/#listItem","name":"Negocios y Empresas"}}]},{"@type":"Organization","@id":"https:\/\/www.eldigitaldeasturias.com\/noticias\/#organization","name":"El Digital de Asturias","description":"Hemeroteca","url":"https:\/\/www.eldigitaldeasturias.com\/noticias\/","email":"info@eldigitaldeasturias.com","telephone":"+34652131393","logo":{"@type":"ImageObject","url":"https:\/\/www.eldigitaldeasturias.com\/noticias\/wp-content\/uploads\/2020\/12\/EDA.jpg","@id":"https:\/\/www.eldigitaldeasturias.com\/noticias\/volkswagen-polo-el-coche-compacto-mas-demandado-de-renting-en-swipcar\/#organizationLogo","width":649,"height":297},"image":{"@id":"https:\/\/www.eldigitaldeasturias.com\/noticias\/volkswagen-polo-el-coche-compacto-mas-demandado-de-renting-en-swipcar\/#organizationLogo"},"sameAs":["https:\/\/facebook.com\/eldigitaldeasturias","https:\/\/www.youtube.com\/channel\/UCZP-2wLEB9Rv6erhFmqVnvg"],"address":{"@id":"https:\/\/www.eldigitaldeasturias.com\/noticias\/#postaladdress","@type":"PostalAddress","streetAddress":"san antonio 4,","postalCode":"33430","addressLocality":"Cand\u00e1s","addressRegion":"Asturias","addressCountry":"ES"}},{"@type":"Person","@id":"https:\/\/www.eldigitaldeasturias.com\/noticias\/author\/admin\/#author","url":"https:\/\/www.eldigitaldeasturias.com\/noticias\/author\/admin\/","name":"El Digital de Asturias","image":{"@type":"ImageObject","@id":"https:\/\/www.eldigitaldeasturias.com\/noticias\/volkswagen-polo-el-coche-compacto-mas-demandado-de-renting-en-swipcar\/#authorImage","url":"https:\/\/www.eldigitaldeasturias.com\/noticias\/wp-content\/litespeed\/avatar\/18677e78aa0546b92d9dbf31ec7d7668.jpg?ver=1777290358","width":96,"height":96,"caption":"El Digital de Asturias"}},{"@type":"WebPage","@id":"https:\/\/www.eldigitaldeasturias.com\/noticias\/volkswagen-polo-el-coche-compacto-mas-demandado-de-renting-en-swipcar\/#webpage","url":"https:\/\/www.eldigitaldeasturias.com\/noticias\/volkswagen-polo-el-coche-compacto-mas-demandado-de-renting-en-swipcar\/","name":"Volkswagen Polo: el coche compacto m\u00e1s demandado de renting en Swipcar - El Digital de Asturias","description":"La situaci\u00f3n econ\u00f3mica y social actual est\u00e1n marcando las preferencias de consumo, y esto tambi\u00e9n se ve reflejado en la demanda de veh\u00edculos. Seg\u00fan Swipcar, la empresa online de renting lider en Espa\u00f1a, el Volkswagen Polo va en camino de convertirse en un icono de los veh\u00edculos compactos, pues en lo que va de a\u00f1o, ya es","inLanguage":"es-ES","isPartOf":{"@id":"https:\/\/www.eldigitaldeasturias.com\/noticias\/#website"},"breadcrumb":{"@id":"https:\/\/www.eldigitaldeasturias.com\/noticias\/volkswagen-polo-el-coche-compacto-mas-demandado-de-renting-en-swipcar\/#breadcrumblist"},"author":{"@id":"https:\/\/www.eldigitaldeasturias.com\/noticias\/author\/admin\/#author"},"creator":{"@id":"https:\/\/www.eldigitaldeasturias.com\/noticias\/author\/admin\/#author"},"image":{"@type":"ImageObject","url":"https:\/\/www.eldigitaldeasturias.com\/noticias\/wp-content\/uploads\/2019\/07\/1563961266_Polo_portada.jpg","@id":"https:\/\/www.eldigitaldeasturias.com\/noticias\/volkswagen-polo-el-coche-compacto-mas-demandado-de-renting-en-swipcar\/#mainImage","width":1920,"height":1080},"primaryImageOfPage":{"@id":"https:\/\/www.eldigitaldeasturias.com\/noticias\/volkswagen-polo-el-coche-compacto-mas-demandado-de-renting-en-swipcar\/#mainImage"},"datePublished":"2019-07-25T00:06:15+02:00","dateModified":"2019-07-25T00:06:15+02:00"},{"@type":"WebSite","@id":"https:\/\/www.eldigitaldeasturias.com\/noticias\/#website","url":"https:\/\/www.eldigitaldeasturias.com\/noticias\/","name":"El Digital de Asturias - Diario de actualidad y noticias","alternateName":"El Digital de Asturias - Diario de actualidad y noticias","description":"Hemeroteca","inLanguage":"es-ES","publisher":{"@id":"https:\/\/www.eldigitaldeasturias.com\/noticias\/#organization"}}]},"og:locale":"es_ES","og:site_name":"El Digital de Asturias","og:type":"article","og:title":"Volkswagen Polo: el coche compacto m\u00e1s demandado de renting en Swipcar - El Digital de Asturias","og:description":"La situaci\u00f3n econ\u00f3mica y social actual est\u00e1n marcando las preferencias de consumo, y esto tambi\u00e9n se ve reflejado en la demanda de veh\u00edculos. Seg\u00fan Swipcar, la empresa online de renting lider en Espa\u00f1a, el Volkswagen Polo va en camino de convertirse en un icono de los veh\u00edculos compactos, pues en lo que va de a\u00f1o, ya es","og:url":"https:\/\/www.eldigitaldeasturias.com\/noticias\/volkswagen-polo-el-coche-compacto-mas-demandado-de-renting-en-swipcar\/","og:image":"https:\/\/www.eldigitaldeasturias.com\/noticias\/wp-content\/uploads\/2019\/07\/1563961266_Polo_portada.jpg","og:image:secure_url":"https:\/\/www.eldigitaldeasturias.com\/noticias\/wp-content\/uploads\/2019\/07\/1563961266_Polo_portada.jpg","og:image:width":1920,"og:image:height":1080,"article:tag":["negocios y empresas"],"article:published_time":"2019-07-25T00:06:15+00:00","article:modified_time":"2019-07-25T00:06:15+00:00","article:publisher":"https:\/\/facebook.com\/eldigitaldeasturias","twitter:card":"summary_large_image","twitter:title":"Volkswagen Polo: el coche compacto m\u00e1s demandado de renting en Swipcar - El Digital de Asturias","twitter:description":"La situaci\u00f3n econ\u00f3mica y social actual est\u00e1n marcando las preferencias de consumo, y esto tambi\u00e9n se ve reflejado en la demanda de veh\u00edculos. Seg\u00fan Swipcar, la empresa online de renting lider en Espa\u00f1a, el Volkswagen Polo va en camino de convertirse en un icono de los veh\u00edculos compactos, pues en lo que va de a\u00f1o, ya es","twitter:image":"https:\/\/www.eldigitaldeasturias.com\/noticias\/wp-content\/uploads\/2019\/07\/1563961266_Polo_portada.jpg","twitter:label1":"Escrito por","twitter:data1":"El Digital de Asturias","twitter:label2":"Tiempo de lectura estimado","twitter:data2":"3 minutos"},"aioseo_meta_data":{"post_id":"1035859","title":null,"description":null,"keywords":null,"keyphrases":null,"primary_term":null,"canonical_url":null,"og_title":null,"og_description":null,"og_object_type":"default","og_image_type":"default","og_image_url":null,"og_image_width":null,"og_image_height":null,"og_image_custom_url":null,"og_image_custom_fields":null,"og_video":null,"og_custom_url":null,"og_article_section":null,"og_article_tags":null,"twitter_use_og":false,"twitter_card":"default","twitter_image_type":"default","twitter_image_url":null,"twitter_image_custom_url":null,"twitter_image_custom_fields":null,"twitter_title":null,"twitter_description":null,"schema":{"blockGraphs":[],"customGraphs":[],"default":{"data":{"Article":[],"Course":[],"Dataset":[],"FAQPage":[],"Movie":[],"Person":[],"Product":[],"ProductReview":[],"Car":[],"Recipe":[],"Service":[],"SoftwareApplication":[],"WebPage":[]},"graphName":"","isEnabled":true},"graphs":[],"defaultGraph":"","defaultPostTypeGraph":""},"schema_type":null,"schema_type_options":null,"pillar_content":false,"robots_default":true,"robots_noindex":false,"robots_noarchive":false,"robots_nosnippet":false,"robots_nofollow":false,"robots_noimageindex":false,"robots_noodp":false,"robots_notranslate":false,"robots_max_snippet":null,"robots_max_videopreview":null,"robots_max_imagepreview":"large","priority":null,"frequency":null,"local_seo":null,"seo_analyzer_scan_date":"2025-10-22 10:42:02","breadcrumb_settings":null,"limit_modified_date":false,"open_ai":null,"ai":null,"created":"2020-12-21 11:07:54","updated":"2025-10-22 10:42:02"},"aioseo_breadcrumb":"<div class=\"aioseo-breadcrumbs\"><span class=\"aioseo-breadcrumb\">\n\t<a href=\"https:\/\/www.eldigitaldeasturias.com\/noticias\" title=\"Home\">Home<\/a>\n<\/span><span class=\"aioseo-breadcrumb-separator\">\u2013<\/span><span class=\"aioseo-breadcrumb\">\n\t<a href=\"https:\/\/www.eldigitaldeasturias.com\/noticias\/category\/negocios-y-empresas\/\" title=\"Negocios y Empresas\">Negocios y Empresas<\/a>\n<\/span><span class=\"aioseo-breadcrumb-separator\">\u2013<\/span><span class=\"aioseo-breadcrumb\">\n\t<a href=\"https:\/\/www.eldigitaldeasturias.com\/noticias\/volkswagen-polo-el-coche-compacto-mas-demandado-de-renting-en-swipcar\/\" title=\"Volkswagen Polo: el coche compacto m\u00e1s demandado de renting en Swipcar\">Volkswagen Polo: el coche compacto m\u00e1s demandado de renting en Swipcar<\/a>\n<\/span><\/div>","aioseo_breadcrumb_json":[{"label":"Home","link":"https:\/\/www.eldigitaldeasturias.com\/noticias"},{"label":"Negocios y Empresas","link":"https:\/\/www.eldigitaldeasturias.com\/noticias\/category\/negocios-y-empresas\/"},{"label":"Volkswagen Polo: el coche compacto m\u00e1s demandado de renting en Swipcar","link":"https:\/\/www.eldigitaldeasturias.com\/noticias\/volkswagen-polo-el-coche-compacto-mas-demandado-de-renting-en-swipcar\/"}],"_links":{"self":[{"href":"https:\/\/www.eldigitaldeasturias.com\/noticias\/wp-json\/wp\/v2\/posts\/1035859","targetHints":{"allow":["GET"]}}],"collection":[{"href":"https:\/\/www.eldigitaldeasturias.com\/noticias\/wp-json\/wp\/v2\/posts"}],"about":[{"href":"https:\/\/www.eldigitaldeasturias.com\/noticias\/wp-json\/wp\/v2\/types\/post"}],"author":[{"embeddable":true,"href":"https:\/\/www.eldigitaldeasturias.com\/noticias\/wp-json\/wp\/v2\/users\/1"}],"replies":[{"embeddable":true,"href":"https:\/\/www.eldigitaldeasturias.com\/noticias\/wp-json\/wp\/v2\/comments?post=1035859"}],"version-history":[{"count":0,"href":"https:\/\/www.eldigitaldeasturias.com\/noticias\/wp-json\/wp\/v2\/posts\/1035859\/revisions"}],"wp:featuredmedia":[{"embeddable":true,"href":"https:\/\/www.eldigitaldeasturias.com\/noticias\/wp-json\/wp\/v2\/media\/1035860"}],"wp:attachment":[{"href":"https:\/\/www.eldigitaldeasturias.com\/noticias\/wp-json\/wp\/v2\/media?parent=1035859"}],"wp:term":[{"taxonomy":"category","embeddable":true,"href":"https:\/\/www.eldigitaldeasturias.com\/noticias\/wp-json\/wp\/v2\/categories?post=1035859"},{"taxonomy":"post_tag","embeddable":true,"href":"https:\/\/www.eldigitaldeasturias.com\/noticias\/wp-json\/wp\/v2\/tags?post=1035859"}],"curies":[{"name":"wp","href":"https:\/\/api.w.org\/{rel}","templated":true}]}}