{"id":1035856,"date":"2019-07-24T23:58:33","date_gmt":"2019-07-24T23:58:33","guid":{"rendered":"https:\/\/www.eldigitaldeasturias.com\/noticias\/?p=1035856"},"modified":"2019-07-24T23:58:33","modified_gmt":"2019-07-24T23:58:33","slug":"el-compromiso-de-dck-con-la-sostenibilidad","status":"publish","type":"post","link":"https:\/\/www.eldigitaldeasturias.com\/noticias\/el-compromiso-de-dck-con-la-sostenibilidad\/","title":{"rendered":"El compromiso de DCK con la sostenibilidad"},"content":{"rendered":"<p><img loading=\"lazy\" decoding=\"async\" class=\"alignleft size-medium wp-image-1035857\" src=\"https:\/\/www.eldigitaldeasturias.com\/noticias\/wp-content\/uploads\/2019\/07\/1563794292_DCK_day_2_2190-360x240.jpg\" alt=\"\" width=\"360\" height=\"240\" srcset=\"https:\/\/www.eldigitaldeasturias.com\/noticias\/wp-content\/uploads\/2019\/07\/1563794292_DCK_day_2_2190-360x240.jpg 360w, https:\/\/www.eldigitaldeasturias.com\/noticias\/wp-content\/uploads\/2019\/07\/1563794292_DCK_day_2_2190.jpg 600w\" sizes=\"auto, (max-width: 360px) 100vw, 360px\" \/>\u00bfPodr\u00e1n las generaciones futuras ser testigos de la belleza del planeta Tierra? \u00bfPodr\u00e1n saber qu\u00e9 se siente al respirar aire fresco, comer comida sin procesar o nadar en aguas cristalinas? \u00c9stos son s\u00f3lo algunos de los interrogantes que siempre han preocupado a DCK, la marca de trajes de ba\u00f1o para hombre n\u00famero 1 en Portugal y presente en Espa\u00f1a desde 2019<\/p>\n<p>Interrogantes que ha contribuido en despejar con una respuesta positiva, como demuestra la incorporaci\u00f3n de la sostenibilidad a una filosof\u00eda y unos valores de marca que\u00a0<a href=\"https:\/\/dckboardshorts.com\/\" target=\"_blank\" rel=\"nofollow noopener noreferrer\"><span style=\"color: #ff6600;\"><strong>DCK<\/strong><\/span><\/a>\u00a0han mantenido inalterables desde el momento de su creaci\u00f3n.<\/p>\n<p>El compromiso con la protecci\u00f3n del medio ambiente constituye un desaf\u00edo al que DCK ha dedicado la mayor parte de su tiempo, su esfuerzo, su inversi\u00f3n y su estrategia en I+D. Especialmente, a la hora de hacerlo compatible con el cumplimiento de los rigurosos est\u00e1ndares de calidad que la marca establece para sus tejidos.<\/p>\n<p>Recursos que han acabado dando como resultado \u20184-Way Strecht Boardshorts\u2019, los trajes de ba\u00f1o de su l\u00ednea \u2018Sport\u2019 \u00edntegramente fabricados a partir de material reciclado, certificado por Global Recycled Standard y reconocido con la etiqueta Green Mark, procedente de botellas de pl\u00e1stico PET, un material que a lo largo de los \u00faltimos a\u00f1os ha multiplicado su presencia contaminante en los mares y oc\u00e9anos de todo el mundo, con la amenaza para la vida que \u00e9sto conlleva.<\/p>\n<p>DCK busca as\u00ed alcanzar su objetivo de ser totalmente sostenible. Una iniciativa a la que ha tambi\u00e9n ha contribuido implementando un\u00a0<em>packaging<\/em>\u00a0hecho de pl\u00e1stico biodegradable, como parte de un desaf\u00edo personal consistente en dejar de trabajar con pl\u00e1sticos de un solo uso.<\/p>\n<p>En palabras de Marco Juncadella, socio de DCK: \u201cQueremos ser la marca de trajes de ba\u00f1o n\u00famero 1 en el mundo. Y, al menos para DCK, este objetivo pasa por demostrar un firme compromiso con el medio ambiente. El agua de los mares y los oc\u00e9anos constituye nuestra raz\u00f3n de ser, por lo que invertir en su protecci\u00f3n, su recuperaci\u00f3n y su sostenibilidad es nuestro deber\u201d.<\/p>\n<p>\u201cNo s\u00f3lo de cara al planeta, sino tambi\u00e9n de cara a nosotros mismos, en la medida que tambi\u00e9n tenemos un compromiso adquirido con la calidad. La intenci\u00f3n es ser capaces de que el 100% de la producci\u00f3n de DCK se lleve a cabo a partir de material reciclado, para lo cual tenemos que seguir trabajando en mantener el excepcional nivel de calidad que hemos alcanzado en estos trajes de ba\u00f1o\u201d, afirma.<\/p>\n<p>\u201cConcienciar a la gente de la importancia de asumir este compromiso con la sostenibilidad de manera global es, literalmente, vital. Tiene que ser con todos y con todo. Es una forma de sentir, de pensar y de actuar en la que se educa ense\u00f1ando a tener presente en todo momento las consecuencias de cada gesto hacia el medio ambiente. Desde llevar prendas de material reciclado hasta algo tan primordial como recoger cualquier botella de pl\u00e1stico que nos encontremos por el suelo\u201d, concluye Marco.<\/p>\n<p>DCK produce en las mejores f\u00e1bricas swimwear del mundo. Concretamente, el tejido de sus \u20184-Way Strecht Boardshorts\u2019 ha sido desarrollado en Indonesia, un pa\u00eds que cuenta con una experiencia e innovaciones en materia de confecci\u00f3n textil de ropa de ba\u00f1o que les confieren unas caracter\u00edsticas t\u00e9cnicas (secado r\u00e1pido, ligereza, flexibilidad y durabilidad) que resultan id\u00f3neas para surfear y realizar cualquier actividad deportiva tanto dentro como fuera del agua.<\/p>\n<p>Salir, disfrutar de cada d\u00eda y aprovechar cada momento ha sido, desde el inicio, el lema de DCK. Ahora, conscientes de que preservar los mares y el medio ambiente es primordial para que los futuros habitantes del planeta puedan hacer lo mismo, han creado esta l\u00ednea de trajes de ba\u00f1o, disponibles entre sus m\u00e1s de 300 modelos de edici\u00f3n limitada.<\/p>\n<p><strong>Descubrir m\u00e1s sobre el compromiso de DCK con el medio ambiente<\/strong><strong>\u00a0con el v\u00eddeo de su campa\u00f1a \u2018A new step!\u2019:\u00a0<span style=\"color: #ff6600;\"><a style=\"color: #ff6600;\" href=\"https:\/\/youtu.be\/X__t0Y7D6I4\" target=\"_blank\" rel=\"nofollow noopener noreferrer\">https:\/\/youtu.be\/X__t0Y7D6I4<\/a><\/span><\/strong><\/p>\n","protected":false},"excerpt":{"rendered":"<p>\u00bfPodr\u00e1n las generaciones futuras ser testigos de la belleza del planeta Tierra? \u00bfPodr\u00e1n saber qu\u00e9 se siente al respirar aire fresco, comer comida sin procesar o nadar en aguas cristalinas? \u00c9stos son s\u00f3lo algunos de los interrogantes que siempre han preocupado a DCK, la marca de trajes de ba\u00f1o para hombre n\u00famero 1 en Portugal [&hellip;]<\/p>\n","protected":false},"author":1,"featured_media":1035857,"comment_status":"closed","ping_status":"closed","sticky":false,"template":"","format":"standard","meta":{"footnotes":""},"categories":[219],"tags":[],"class_list":["post-1035856","post","type-post","status-publish","format-standard","has-post-thumbnail","hentry","category-negocios-y-empresas"],"aioseo_notices":[],"aioseo_head":"\n\t\t<!-- All in One SEO Pro 4.9.6.2 - aioseo.com -->\n\t<meta name=\"description\" content=\"\u00bfPodr\u00e1n las generaciones futuras ser testigos de la belleza del planeta Tierra? \u00bfPodr\u00e1n saber qu\u00e9 se siente al respirar aire fresco, comer comida sin procesar o nadar en aguas cristalinas? \u00c9stos son s\u00f3lo algunos de los interrogantes que siempre han preocupado a DCK, la marca de trajes de ba\u00f1o para hombre n\u00famero 1 en Portugal\" \/>\n\t<meta name=\"robots\" content=\"max-image-preview:large\" \/>\n\t<meta name=\"author\" content=\"El Digital de Asturias\"\/>\n\t<meta name=\"google-site-verification\" content=\"UA-38556648-1\" \/>\n\t<meta name=\"msvalidate.01\" content=\"7dfe9f3f1b24437ab69f4f2559babe99\" \/>\n\t<meta name=\"keywords\" content=\"negocios y empresas\" \/>\n\t<link rel=\"canonical\" href=\"https:\/\/www.eldigitaldeasturias.com\/noticias\/el-compromiso-de-dck-con-la-sostenibilidad\/\" \/>\n\t<meta name=\"generator\" content=\"All in One SEO Pro (AIOSEO) 4.9.6.2\" \/>\n\t\t<meta property=\"og:locale\" content=\"es_ES\" \/>\n\t\t<meta property=\"og:site_name\" content=\"El Digital de Asturias\" \/>\n\t\t<meta property=\"og:type\" content=\"article\" \/>\n\t\t<meta property=\"og:title\" content=\"El compromiso de DCK con la sostenibilidad - El Digital de Asturias\" \/>\n\t\t<meta property=\"og:description\" content=\"\u00bfPodr\u00e1n las generaciones futuras ser testigos de la belleza del planeta Tierra? \u00bfPodr\u00e1n saber qu\u00e9 se siente al respirar aire fresco, comer comida sin procesar o nadar en aguas cristalinas? \u00c9stos son s\u00f3lo algunos de los interrogantes que siempre han preocupado a DCK, la marca de trajes de ba\u00f1o para hombre n\u00famero 1 en Portugal\" \/>\n\t\t<meta property=\"og:url\" content=\"https:\/\/www.eldigitaldeasturias.com\/noticias\/el-compromiso-de-dck-con-la-sostenibilidad\/\" \/>\n\t\t<meta property=\"og:image\" content=\"https:\/\/www.eldigitaldeasturias.com\/noticias\/wp-content\/uploads\/2019\/07\/1563794292_DCK_day_2_2190.jpg\" \/>\n\t\t<meta property=\"og:image:secure_url\" content=\"https:\/\/www.eldigitaldeasturias.com\/noticias\/wp-content\/uploads\/2019\/07\/1563794292_DCK_day_2_2190.jpg\" \/>\n\t\t<meta property=\"og:image:width\" content=\"600\" \/>\n\t\t<meta property=\"og:image:height\" content=\"400\" \/>\n\t\t<meta property=\"article:tag\" content=\"negocios y empresas\" \/>\n\t\t<meta property=\"article:published_time\" content=\"2019-07-24T23:58:33+00:00\" \/>\n\t\t<meta property=\"article:modified_time\" content=\"2019-07-24T23:58:33+00:00\" \/>\n\t\t<meta property=\"article:publisher\" content=\"https:\/\/facebook.com\/eldigitaldeasturias\" \/>\n\t\t<meta name=\"twitter:card\" content=\"summary_large_image\" \/>\n\t\t<meta name=\"twitter:title\" content=\"El compromiso de DCK con la sostenibilidad - El Digital de Asturias\" \/>\n\t\t<meta name=\"twitter:description\" content=\"\u00bfPodr\u00e1n las generaciones futuras ser testigos de la belleza del planeta Tierra? \u00bfPodr\u00e1n saber qu\u00e9 se siente al respirar aire fresco, comer comida sin procesar o nadar en aguas cristalinas? \u00c9stos son s\u00f3lo algunos de los interrogantes que siempre han preocupado a DCK, la marca de trajes de ba\u00f1o para hombre n\u00famero 1 en Portugal\" \/>\n\t\t<meta name=\"twitter:image\" content=\"https:\/\/www.eldigitaldeasturias.com\/noticias\/wp-content\/uploads\/2019\/07\/1563794292_DCK_day_2_2190.jpg\" \/>\n\t\t<meta name=\"twitter:label1\" content=\"Escrito por\" \/>\n\t\t<meta name=\"twitter:data1\" content=\"El Digital de Asturias\" \/>\n\t\t<meta name=\"twitter:label2\" content=\"Tiempo de lectura estimado\" \/>\n\t\t<meta name=\"twitter:data2\" content=\"3 minutos\" \/>\n\t\t<script type=\"application\/ld+json\" class=\"aioseo-schema\">\n\t\t\t{\"@context\":\"https:\\\/\\\/schema.org\",\"@graph\":[{\"@type\":\"BlogPosting\",\"@id\":\"https:\\\/\\\/www.eldigitaldeasturias.com\\\/noticias\\\/el-compromiso-de-dck-con-la-sostenibilidad\\\/#blogposting\",\"name\":\"El compromiso de DCK con la sostenibilidad - El Digital de Asturias\",\"headline\":\"El compromiso de DCK con la sostenibilidad\",\"author\":{\"@id\":\"https:\\\/\\\/www.eldigitaldeasturias.com\\\/noticias\\\/author\\\/admin\\\/#author\"},\"publisher\":{\"@id\":\"https:\\\/\\\/www.eldigitaldeasturias.com\\\/noticias\\\/#organization\"},\"image\":{\"@type\":\"ImageObject\",\"url\":\"https:\\\/\\\/www.eldigitaldeasturias.com\\\/noticias\\\/wp-content\\\/uploads\\\/2019\\\/07\\\/1563794292_DCK_day_2_2190.jpg\",\"width\":600,\"height\":400},\"datePublished\":\"2019-07-24T23:58:33+02:00\",\"dateModified\":\"2019-07-24T23:58:33+02:00\",\"inLanguage\":\"es-ES\",\"mainEntityOfPage\":{\"@id\":\"https:\\\/\\\/www.eldigitaldeasturias.com\\\/noticias\\\/el-compromiso-de-dck-con-la-sostenibilidad\\\/#webpage\"},\"isPartOf\":{\"@id\":\"https:\\\/\\\/www.eldigitaldeasturias.com\\\/noticias\\\/el-compromiso-de-dck-con-la-sostenibilidad\\\/#webpage\"},\"articleSection\":\"Negocios y Empresas\"},{\"@type\":\"BreadcrumbList\",\"@id\":\"https:\\\/\\\/www.eldigitaldeasturias.com\\\/noticias\\\/el-compromiso-de-dck-con-la-sostenibilidad\\\/#breadcrumblist\",\"itemListElement\":[{\"@type\":\"ListItem\",\"@id\":\"https:\\\/\\\/www.eldigitaldeasturias.com\\\/noticias#listItem\",\"position\":1,\"name\":\"Home\",\"item\":\"https:\\\/\\\/www.eldigitaldeasturias.com\\\/noticias\",\"nextItem\":{\"@type\":\"ListItem\",\"@id\":\"https:\\\/\\\/www.eldigitaldeasturias.com\\\/noticias\\\/category\\\/negocios-y-empresas\\\/#listItem\",\"name\":\"Negocios y Empresas\"}},{\"@type\":\"ListItem\",\"@id\":\"https:\\\/\\\/www.eldigitaldeasturias.com\\\/noticias\\\/category\\\/negocios-y-empresas\\\/#listItem\",\"position\":2,\"name\":\"Negocios y Empresas\",\"item\":\"https:\\\/\\\/www.eldigitaldeasturias.com\\\/noticias\\\/category\\\/negocios-y-empresas\\\/\",\"nextItem\":{\"@type\":\"ListItem\",\"@id\":\"https:\\\/\\\/www.eldigitaldeasturias.com\\\/noticias\\\/el-compromiso-de-dck-con-la-sostenibilidad\\\/#listItem\",\"name\":\"El compromiso de DCK con la sostenibilidad\"},\"previousItem\":{\"@type\":\"ListItem\",\"@id\":\"https:\\\/\\\/www.eldigitaldeasturias.com\\\/noticias#listItem\",\"name\":\"Home\"}},{\"@type\":\"ListItem\",\"@id\":\"https:\\\/\\\/www.eldigitaldeasturias.com\\\/noticias\\\/el-compromiso-de-dck-con-la-sostenibilidad\\\/#listItem\",\"position\":3,\"name\":\"El compromiso de DCK con la sostenibilidad\",\"previousItem\":{\"@type\":\"ListItem\",\"@id\":\"https:\\\/\\\/www.eldigitaldeasturias.com\\\/noticias\\\/category\\\/negocios-y-empresas\\\/#listItem\",\"name\":\"Negocios y Empresas\"}}]},{\"@type\":\"Organization\",\"@id\":\"https:\\\/\\\/www.eldigitaldeasturias.com\\\/noticias\\\/#organization\",\"name\":\"El Digital de Asturias\",\"description\":\"Hemeroteca\",\"url\":\"https:\\\/\\\/www.eldigitaldeasturias.com\\\/noticias\\\/\",\"email\":\"info@eldigitaldeasturias.com\",\"telephone\":\"+34652131393\",\"logo\":{\"@type\":\"ImageObject\",\"url\":\"https:\\\/\\\/www.eldigitaldeasturias.com\\\/noticias\\\/wp-content\\\/uploads\\\/2020\\\/12\\\/EDA.jpg\",\"@id\":\"https:\\\/\\\/www.eldigitaldeasturias.com\\\/noticias\\\/el-compromiso-de-dck-con-la-sostenibilidad\\\/#organizationLogo\",\"width\":649,\"height\":297},\"image\":{\"@id\":\"https:\\\/\\\/www.eldigitaldeasturias.com\\\/noticias\\\/el-compromiso-de-dck-con-la-sostenibilidad\\\/#organizationLogo\"},\"sameAs\":[\"https:\\\/\\\/facebook.com\\\/eldigitaldeasturias\",\"https:\\\/\\\/www.youtube.com\\\/channel\\\/UCZP-2wLEB9Rv6erhFmqVnvg\"],\"address\":{\"@id\":\"https:\\\/\\\/www.eldigitaldeasturias.com\\\/noticias\\\/#postaladdress\",\"@type\":\"PostalAddress\",\"streetAddress\":\"san antonio 4,\",\"postalCode\":\"33430\",\"addressLocality\":\"Cand\\u00e1s\",\"addressRegion\":\"Asturias\",\"addressCountry\":\"ES\"}},{\"@type\":\"Person\",\"@id\":\"https:\\\/\\\/www.eldigitaldeasturias.com\\\/noticias\\\/author\\\/admin\\\/#author\",\"url\":\"https:\\\/\\\/www.eldigitaldeasturias.com\\\/noticias\\\/author\\\/admin\\\/\",\"name\":\"El Digital de Asturias\",\"image\":{\"@type\":\"ImageObject\",\"@id\":\"https:\\\/\\\/www.eldigitaldeasturias.com\\\/noticias\\\/el-compromiso-de-dck-con-la-sostenibilidad\\\/#authorImage\",\"url\":\"https:\\\/\\\/www.eldigitaldeasturias.com\\\/noticias\\\/wp-content\\\/litespeed\\\/avatar\\\/18677e78aa0546b92d9dbf31ec7d7668.jpg?ver=1777290358\",\"width\":96,\"height\":96,\"caption\":\"El Digital de Asturias\"}},{\"@type\":\"WebPage\",\"@id\":\"https:\\\/\\\/www.eldigitaldeasturias.com\\\/noticias\\\/el-compromiso-de-dck-con-la-sostenibilidad\\\/#webpage\",\"url\":\"https:\\\/\\\/www.eldigitaldeasturias.com\\\/noticias\\\/el-compromiso-de-dck-con-la-sostenibilidad\\\/\",\"name\":\"El compromiso de DCK con la sostenibilidad - El Digital de Asturias\",\"description\":\"\\u00bfPodr\\u00e1n las generaciones futuras ser testigos de la belleza del planeta Tierra? \\u00bfPodr\\u00e1n saber qu\\u00e9 se siente al respirar aire fresco, comer comida sin procesar o nadar en aguas cristalinas? \\u00c9stos son s\\u00f3lo algunos de los interrogantes que siempre han preocupado a DCK, la marca de trajes de ba\\u00f1o para hombre n\\u00famero 1 en Portugal\",\"inLanguage\":\"es-ES\",\"isPartOf\":{\"@id\":\"https:\\\/\\\/www.eldigitaldeasturias.com\\\/noticias\\\/#website\"},\"breadcrumb\":{\"@id\":\"https:\\\/\\\/www.eldigitaldeasturias.com\\\/noticias\\\/el-compromiso-de-dck-con-la-sostenibilidad\\\/#breadcrumblist\"},\"author\":{\"@id\":\"https:\\\/\\\/www.eldigitaldeasturias.com\\\/noticias\\\/author\\\/admin\\\/#author\"},\"creator\":{\"@id\":\"https:\\\/\\\/www.eldigitaldeasturias.com\\\/noticias\\\/author\\\/admin\\\/#author\"},\"image\":{\"@type\":\"ImageObject\",\"url\":\"https:\\\/\\\/www.eldigitaldeasturias.com\\\/noticias\\\/wp-content\\\/uploads\\\/2019\\\/07\\\/1563794292_DCK_day_2_2190.jpg\",\"@id\":\"https:\\\/\\\/www.eldigitaldeasturias.com\\\/noticias\\\/el-compromiso-de-dck-con-la-sostenibilidad\\\/#mainImage\",\"width\":600,\"height\":400},\"primaryImageOfPage\":{\"@id\":\"https:\\\/\\\/www.eldigitaldeasturias.com\\\/noticias\\\/el-compromiso-de-dck-con-la-sostenibilidad\\\/#mainImage\"},\"datePublished\":\"2019-07-24T23:58:33+02:00\",\"dateModified\":\"2019-07-24T23:58:33+02:00\"},{\"@type\":\"WebSite\",\"@id\":\"https:\\\/\\\/www.eldigitaldeasturias.com\\\/noticias\\\/#website\",\"url\":\"https:\\\/\\\/www.eldigitaldeasturias.com\\\/noticias\\\/\",\"name\":\"El Digital de Asturias - Diario de actualidad y noticias\",\"alternateName\":\"El Digital de Asturias - Diario de actualidad y noticias\",\"description\":\"Hemeroteca\",\"inLanguage\":\"es-ES\",\"publisher\":{\"@id\":\"https:\\\/\\\/www.eldigitaldeasturias.com\\\/noticias\\\/#organization\"}}]}\n\t\t<\/script>\n\t\t<!-- All in One SEO Pro -->\r\n\t\t<title>El compromiso de DCK con la sostenibilidad - El Digital de Asturias<\/title>\n\n","aioseo_head_json":{"title":"El compromiso de DCK con la sostenibilidad - El Digital de Asturias","description":"\u00bfPodr\u00e1n las generaciones futuras ser testigos de la belleza del planeta Tierra? \u00bfPodr\u00e1n saber qu\u00e9 se siente al respirar aire fresco, comer comida sin procesar o nadar en aguas cristalinas? \u00c9stos son s\u00f3lo algunos de los interrogantes que siempre han preocupado a DCK, la marca de trajes de ba\u00f1o para hombre n\u00famero 1 en Portugal","canonical_url":"https:\/\/www.eldigitaldeasturias.com\/noticias\/el-compromiso-de-dck-con-la-sostenibilidad\/","robots":"max-image-preview:large","keywords":"negocios y empresas","webmasterTools":{"google-site-verification":"UA-38556648-1","msvalidate.01":"7dfe9f3f1b24437ab69f4f2559babe99","miscellaneous":""},"schema":{"@context":"https:\/\/schema.org","@graph":[{"@type":"BlogPosting","@id":"https:\/\/www.eldigitaldeasturias.com\/noticias\/el-compromiso-de-dck-con-la-sostenibilidad\/#blogposting","name":"El compromiso de DCK con la sostenibilidad - El Digital de Asturias","headline":"El compromiso de DCK con la sostenibilidad","author":{"@id":"https:\/\/www.eldigitaldeasturias.com\/noticias\/author\/admin\/#author"},"publisher":{"@id":"https:\/\/www.eldigitaldeasturias.com\/noticias\/#organization"},"image":{"@type":"ImageObject","url":"https:\/\/www.eldigitaldeasturias.com\/noticias\/wp-content\/uploads\/2019\/07\/1563794292_DCK_day_2_2190.jpg","width":600,"height":400},"datePublished":"2019-07-24T23:58:33+02:00","dateModified":"2019-07-24T23:58:33+02:00","inLanguage":"es-ES","mainEntityOfPage":{"@id":"https:\/\/www.eldigitaldeasturias.com\/noticias\/el-compromiso-de-dck-con-la-sostenibilidad\/#webpage"},"isPartOf":{"@id":"https:\/\/www.eldigitaldeasturias.com\/noticias\/el-compromiso-de-dck-con-la-sostenibilidad\/#webpage"},"articleSection":"Negocios y Empresas"},{"@type":"BreadcrumbList","@id":"https:\/\/www.eldigitaldeasturias.com\/noticias\/el-compromiso-de-dck-con-la-sostenibilidad\/#breadcrumblist","itemListElement":[{"@type":"ListItem","@id":"https:\/\/www.eldigitaldeasturias.com\/noticias#listItem","position":1,"name":"Home","item":"https:\/\/www.eldigitaldeasturias.com\/noticias","nextItem":{"@type":"ListItem","@id":"https:\/\/www.eldigitaldeasturias.com\/noticias\/category\/negocios-y-empresas\/#listItem","name":"Negocios y Empresas"}},{"@type":"ListItem","@id":"https:\/\/www.eldigitaldeasturias.com\/noticias\/category\/negocios-y-empresas\/#listItem","position":2,"name":"Negocios y Empresas","item":"https:\/\/www.eldigitaldeasturias.com\/noticias\/category\/negocios-y-empresas\/","nextItem":{"@type":"ListItem","@id":"https:\/\/www.eldigitaldeasturias.com\/noticias\/el-compromiso-de-dck-con-la-sostenibilidad\/#listItem","name":"El compromiso de DCK con la sostenibilidad"},"previousItem":{"@type":"ListItem","@id":"https:\/\/www.eldigitaldeasturias.com\/noticias#listItem","name":"Home"}},{"@type":"ListItem","@id":"https:\/\/www.eldigitaldeasturias.com\/noticias\/el-compromiso-de-dck-con-la-sostenibilidad\/#listItem","position":3,"name":"El compromiso de DCK con la sostenibilidad","previousItem":{"@type":"ListItem","@id":"https:\/\/www.eldigitaldeasturias.com\/noticias\/category\/negocios-y-empresas\/#listItem","name":"Negocios y Empresas"}}]},{"@type":"Organization","@id":"https:\/\/www.eldigitaldeasturias.com\/noticias\/#organization","name":"El Digital de Asturias","description":"Hemeroteca","url":"https:\/\/www.eldigitaldeasturias.com\/noticias\/","email":"info@eldigitaldeasturias.com","telephone":"+34652131393","logo":{"@type":"ImageObject","url":"https:\/\/www.eldigitaldeasturias.com\/noticias\/wp-content\/uploads\/2020\/12\/EDA.jpg","@id":"https:\/\/www.eldigitaldeasturias.com\/noticias\/el-compromiso-de-dck-con-la-sostenibilidad\/#organizationLogo","width":649,"height":297},"image":{"@id":"https:\/\/www.eldigitaldeasturias.com\/noticias\/el-compromiso-de-dck-con-la-sostenibilidad\/#organizationLogo"},"sameAs":["https:\/\/facebook.com\/eldigitaldeasturias","https:\/\/www.youtube.com\/channel\/UCZP-2wLEB9Rv6erhFmqVnvg"],"address":{"@id":"https:\/\/www.eldigitaldeasturias.com\/noticias\/#postaladdress","@type":"PostalAddress","streetAddress":"san antonio 4,","postalCode":"33430","addressLocality":"Cand\u00e1s","addressRegion":"Asturias","addressCountry":"ES"}},{"@type":"Person","@id":"https:\/\/www.eldigitaldeasturias.com\/noticias\/author\/admin\/#author","url":"https:\/\/www.eldigitaldeasturias.com\/noticias\/author\/admin\/","name":"El Digital de Asturias","image":{"@type":"ImageObject","@id":"https:\/\/www.eldigitaldeasturias.com\/noticias\/el-compromiso-de-dck-con-la-sostenibilidad\/#authorImage","url":"https:\/\/www.eldigitaldeasturias.com\/noticias\/wp-content\/litespeed\/avatar\/18677e78aa0546b92d9dbf31ec7d7668.jpg?ver=1777290358","width":96,"height":96,"caption":"El Digital de Asturias"}},{"@type":"WebPage","@id":"https:\/\/www.eldigitaldeasturias.com\/noticias\/el-compromiso-de-dck-con-la-sostenibilidad\/#webpage","url":"https:\/\/www.eldigitaldeasturias.com\/noticias\/el-compromiso-de-dck-con-la-sostenibilidad\/","name":"El compromiso de DCK con la sostenibilidad - El Digital de Asturias","description":"\u00bfPodr\u00e1n las generaciones futuras ser testigos de la belleza del planeta Tierra? \u00bfPodr\u00e1n saber qu\u00e9 se siente al respirar aire fresco, comer comida sin procesar o nadar en aguas cristalinas? \u00c9stos son s\u00f3lo algunos de los interrogantes que siempre han preocupado a DCK, la marca de trajes de ba\u00f1o para hombre n\u00famero 1 en Portugal","inLanguage":"es-ES","isPartOf":{"@id":"https:\/\/www.eldigitaldeasturias.com\/noticias\/#website"},"breadcrumb":{"@id":"https:\/\/www.eldigitaldeasturias.com\/noticias\/el-compromiso-de-dck-con-la-sostenibilidad\/#breadcrumblist"},"author":{"@id":"https:\/\/www.eldigitaldeasturias.com\/noticias\/author\/admin\/#author"},"creator":{"@id":"https:\/\/www.eldigitaldeasturias.com\/noticias\/author\/admin\/#author"},"image":{"@type":"ImageObject","url":"https:\/\/www.eldigitaldeasturias.com\/noticias\/wp-content\/uploads\/2019\/07\/1563794292_DCK_day_2_2190.jpg","@id":"https:\/\/www.eldigitaldeasturias.com\/noticias\/el-compromiso-de-dck-con-la-sostenibilidad\/#mainImage","width":600,"height":400},"primaryImageOfPage":{"@id":"https:\/\/www.eldigitaldeasturias.com\/noticias\/el-compromiso-de-dck-con-la-sostenibilidad\/#mainImage"},"datePublished":"2019-07-24T23:58:33+02:00","dateModified":"2019-07-24T23:58:33+02:00"},{"@type":"WebSite","@id":"https:\/\/www.eldigitaldeasturias.com\/noticias\/#website","url":"https:\/\/www.eldigitaldeasturias.com\/noticias\/","name":"El Digital de Asturias - Diario de actualidad y noticias","alternateName":"El Digital de Asturias - Diario de actualidad y noticias","description":"Hemeroteca","inLanguage":"es-ES","publisher":{"@id":"https:\/\/www.eldigitaldeasturias.com\/noticias\/#organization"}}]},"og:locale":"es_ES","og:site_name":"El Digital de Asturias","og:type":"article","og:title":"El compromiso de DCK con la sostenibilidad - El Digital de Asturias","og:description":"\u00bfPodr\u00e1n las generaciones futuras ser testigos de la belleza del planeta Tierra? \u00bfPodr\u00e1n saber qu\u00e9 se siente al respirar aire fresco, comer comida sin procesar o nadar en aguas cristalinas? \u00c9stos son s\u00f3lo algunos de los interrogantes que siempre han preocupado a DCK, la marca de trajes de ba\u00f1o para hombre n\u00famero 1 en Portugal","og:url":"https:\/\/www.eldigitaldeasturias.com\/noticias\/el-compromiso-de-dck-con-la-sostenibilidad\/","og:image":"https:\/\/www.eldigitaldeasturias.com\/noticias\/wp-content\/uploads\/2019\/07\/1563794292_DCK_day_2_2190.jpg","og:image:secure_url":"https:\/\/www.eldigitaldeasturias.com\/noticias\/wp-content\/uploads\/2019\/07\/1563794292_DCK_day_2_2190.jpg","og:image:width":600,"og:image:height":400,"article:tag":["negocios y empresas"],"article:published_time":"2019-07-24T23:58:33+00:00","article:modified_time":"2019-07-24T23:58:33+00:00","article:publisher":"https:\/\/facebook.com\/eldigitaldeasturias","twitter:card":"summary_large_image","twitter:title":"El compromiso de DCK con la sostenibilidad - El Digital de Asturias","twitter:description":"\u00bfPodr\u00e1n las generaciones futuras ser testigos de la belleza del planeta Tierra? \u00bfPodr\u00e1n saber qu\u00e9 se siente al respirar aire fresco, comer comida sin procesar o nadar en aguas cristalinas? \u00c9stos son s\u00f3lo algunos de los interrogantes que siempre han preocupado a DCK, la marca de trajes de ba\u00f1o para hombre n\u00famero 1 en Portugal","twitter:image":"https:\/\/www.eldigitaldeasturias.com\/noticias\/wp-content\/uploads\/2019\/07\/1563794292_DCK_day_2_2190.jpg","twitter:label1":"Escrito por","twitter:data1":"El Digital de Asturias","twitter:label2":"Tiempo de lectura estimado","twitter:data2":"3 minutos"},"aioseo_meta_data":{"post_id":"1035856","title":null,"description":null,"keywords":null,"keyphrases":null,"primary_term":null,"canonical_url":null,"og_title":null,"og_description":null,"og_object_type":"default","og_image_type":"default","og_image_url":null,"og_image_width":null,"og_image_height":null,"og_image_custom_url":null,"og_image_custom_fields":null,"og_video":null,"og_custom_url":null,"og_article_section":null,"og_article_tags":null,"twitter_use_og":false,"twitter_card":"default","twitter_image_type":"default","twitter_image_url":null,"twitter_image_custom_url":null,"twitter_image_custom_fields":null,"twitter_title":null,"twitter_description":null,"schema":{"blockGraphs":[],"customGraphs":[],"default":{"data":{"Article":[],"Course":[],"Dataset":[],"FAQPage":[],"Movie":[],"Person":[],"Product":[],"ProductReview":[],"Car":[],"Recipe":[],"Service":[],"SoftwareApplication":[],"WebPage":[]},"graphName":"","isEnabled":true},"graphs":[],"defaultGraph":"","defaultPostTypeGraph":""},"schema_type":null,"schema_type_options":null,"pillar_content":false,"robots_default":true,"robots_noindex":false,"robots_noarchive":false,"robots_nosnippet":false,"robots_nofollow":false,"robots_noimageindex":false,"robots_noodp":false,"robots_notranslate":false,"robots_max_snippet":null,"robots_max_videopreview":null,"robots_max_imagepreview":"large","priority":null,"frequency":null,"local_seo":null,"seo_analyzer_scan_date":"2025-10-22 10:42:01","breadcrumb_settings":null,"limit_modified_date":false,"open_ai":null,"ai":null,"created":"2020-12-21 11:07:54","updated":"2025-10-22 10:42:01"},"aioseo_breadcrumb":"<div class=\"aioseo-breadcrumbs\"><span class=\"aioseo-breadcrumb\">\n\t<a href=\"https:\/\/www.eldigitaldeasturias.com\/noticias\" title=\"Home\">Home<\/a>\n<\/span><span class=\"aioseo-breadcrumb-separator\">\u2013<\/span><span class=\"aioseo-breadcrumb\">\n\t<a href=\"https:\/\/www.eldigitaldeasturias.com\/noticias\/category\/negocios-y-empresas\/\" title=\"Negocios y Empresas\">Negocios y Empresas<\/a>\n<\/span><span class=\"aioseo-breadcrumb-separator\">\u2013<\/span><span class=\"aioseo-breadcrumb\">\n\t<a href=\"https:\/\/www.eldigitaldeasturias.com\/noticias\/el-compromiso-de-dck-con-la-sostenibilidad\/\" title=\"El compromiso de DCK con la sostenibilidad\">El compromiso de DCK con la sostenibilidad<\/a>\n<\/span><\/div>","aioseo_breadcrumb_json":[{"label":"Home","link":"https:\/\/www.eldigitaldeasturias.com\/noticias"},{"label":"Negocios y Empresas","link":"https:\/\/www.eldigitaldeasturias.com\/noticias\/category\/negocios-y-empresas\/"},{"label":"El compromiso de DCK con la sostenibilidad","link":"https:\/\/www.eldigitaldeasturias.com\/noticias\/el-compromiso-de-dck-con-la-sostenibilidad\/"}],"_links":{"self":[{"href":"https:\/\/www.eldigitaldeasturias.com\/noticias\/wp-json\/wp\/v2\/posts\/1035856","targetHints":{"allow":["GET"]}}],"collection":[{"href":"https:\/\/www.eldigitaldeasturias.com\/noticias\/wp-json\/wp\/v2\/posts"}],"about":[{"href":"https:\/\/www.eldigitaldeasturias.com\/noticias\/wp-json\/wp\/v2\/types\/post"}],"author":[{"embeddable":true,"href":"https:\/\/www.eldigitaldeasturias.com\/noticias\/wp-json\/wp\/v2\/users\/1"}],"replies":[{"embeddable":true,"href":"https:\/\/www.eldigitaldeasturias.com\/noticias\/wp-json\/wp\/v2\/comments?post=1035856"}],"version-history":[{"count":0,"href":"https:\/\/www.eldigitaldeasturias.com\/noticias\/wp-json\/wp\/v2\/posts\/1035856\/revisions"}],"wp:featuredmedia":[{"embeddable":true,"href":"https:\/\/www.eldigitaldeasturias.com\/noticias\/wp-json\/wp\/v2\/media\/1035857"}],"wp:attachment":[{"href":"https:\/\/www.eldigitaldeasturias.com\/noticias\/wp-json\/wp\/v2\/media?parent=1035856"}],"wp:term":[{"taxonomy":"category","embeddable":true,"href":"https:\/\/www.eldigitaldeasturias.com\/noticias\/wp-json\/wp\/v2\/categories?post=1035856"},{"taxonomy":"post_tag","embeddable":true,"href":"https:\/\/www.eldigitaldeasturias.com\/noticias\/wp-json\/wp\/v2\/tags?post=1035856"}],"curies":[{"name":"wp","href":"https:\/\/api.w.org\/{rel}","templated":true}]}}