{"id":1035787,"date":"2019-07-24T13:05:17","date_gmt":"2019-07-24T13:05:17","guid":{"rendered":"https:\/\/www.eldigitaldeasturias.com\/noticias\/?p=1035787"},"modified":"2019-07-24T13:05:17","modified_gmt":"2019-07-24T13:05:17","slug":"20-anos-del-primer-recrecido-de-gruas-de-zeuko","status":"publish","type":"post","link":"https:\/\/www.eldigitaldeasturias.com\/noticias\/20-anos-del-primer-recrecido-de-gruas-de-zeuko\/","title":{"rendered":"20 a\u00f1os del primer recrecido de gr\u00faas de Zeuko"},"content":{"rendered":"<p><img loading=\"lazy\" decoding=\"async\" class=\"alignleft size-medium wp-image-1035788\" src=\"https:\/\/www.eldigitaldeasturias.com\/noticias\/wp-content\/uploads\/2019\/07\/1563794794_Recrecido_gruas_Zeuko-360x270.jpg\" alt=\"\" width=\"360\" height=\"270\" srcset=\"https:\/\/www.eldigitaldeasturias.com\/noticias\/wp-content\/uploads\/2019\/07\/1563794794_Recrecido_gruas_Zeuko-360x270.jpg 360w, https:\/\/www.eldigitaldeasturias.com\/noticias\/wp-content\/uploads\/2019\/07\/1563794794_Recrecido_gruas_Zeuko-768x576.jpg 768w, https:\/\/www.eldigitaldeasturias.com\/noticias\/wp-content\/uploads\/2019\/07\/1563794794_Recrecido_gruas_Zeuko-640x480.jpg 640w, https:\/\/www.eldigitaldeasturias.com\/noticias\/wp-content\/uploads\/2019\/07\/1563794794_Recrecido_gruas_Zeuko-1024x768.jpg 1024w, https:\/\/www.eldigitaldeasturias.com\/noticias\/wp-content\/uploads\/2019\/07\/1563794794_Recrecido_gruas_Zeuko.jpg 1600w\" sizes=\"auto, (max-width: 360px) 100vw, 360px\" \/>La ingenier\u00eda Zeuko celebra los 20 a\u00f1os de su primer proyecto de\u00a0<span style=\"color: #ff6600;\"><strong><a style=\"color: #ff6600;\" href=\"https:\/\/www.zeuko.com\/es\/sectores\/\" target=\"_blank\" rel=\"nofollow noopener noreferrer\">recrecido de gr\u00faas<\/a><\/strong><\/span>, que dio inicio a su especializaci\u00f3n en esta actividad. Era el a\u00f1o 1999 y se realiz\u00f3 una adaptaci\u00f3n de unas gr\u00faas RTG para CAPSA en Santa Cruz de Tenerife. Posteriormente se abordar\u00edan proyectos similares -sobre todo en gr\u00faas STS- en otros puntos como Barcelona, Algeciras o Valencia y con operadores como APMT, TCB y MSC o NOATUM<strong>.<\/strong><\/p>\n<p>Desde aquellos primeros proyectos el recrecido de gr\u00faas se ha convertido en una\u00a0<strong>modificaci\u00f3n muy com\u00fan<\/strong>, ya que es la forma m\u00e1s r\u00e1pida de adaptar la capacidad al continuo gigantismo de los buques y permite obtener mayor rentabilidad a los activos disponibles, dot\u00e1ndolas de mayor altura y alcance.<\/p>\n<p>El proceso de recrecido de gr\u00faas se gest\u00f3 por primera vez en los a\u00f1os 90 y se desarrolla a partir del a\u00f1o 2000 debido a la necesidad de mejorar la\u00a0<strong>competitividad en las terminales de contenedores<\/strong>. Las gr\u00faas existentes no eran suficientemente grandes ni ten\u00edan la capacidad requerida para este tipo de megabuques. En los puertos donde deb\u00edan atracar estos barcos se procedi\u00f3 a adquirir nuevas gr\u00faas adecuadas a las nuevas necesidades o realizar cambios en su estructura para poder seguir siendo funcionales.<\/p>\n<p>La obra de recrecido incluye diferentes disciplinas y\u00a0<strong>conlleva una gran complejidad<\/strong>. Los trabajos de ingenier\u00eda que Zeuko realiza para acometer el recrecido\u00a0<strong>abordan todas las fases del proyecto<\/strong><strong>.<\/strong>\u00a0Este se basa principalmente en desmontar la gr\u00faa por la base, proceder seguidamente a su izado e implementar los suplementos necesarios para su aumento de altura. Del mismo modo se alarga la estructura de la pluma con la finalidad de mejorar su alcance en manga del buque. A la complejidad del trabajo se le a\u00f1aden las dimensiones de estas estructuras y su peso, que imposibilita su acometimiento de una sola pieza.<\/p>\n<p>Seg\u00fan Calixto Fern\u00e1ndez, CEO de Zeuko y participante en aquel primer recrecido hace 20 a\u00f1os, \u201cGracias a este tipo de trabajos estas grandes estructuras pueden tener una vida \u00fatil que puede llegar a los 50 a\u00f1os; mucho m\u00e1s all\u00e1 de la previsi\u00f3n inicial\u201d. Seg\u00fan este profesional actualmente no es sencillo encontrar una compa\u00f1\u00eda que aglutine todos los oficios implicados para realizar recrecidos, por lo que \u201cla subcontrataci\u00f3n de diferentes cap\u00edtulos es una opci\u00f3n cada vez m\u00e1s interesante\u201d. Despu\u00e9s de dos d\u00e9cadas realizando este tipo de proyectos Zeuko acumula un conocimiento que le aporta diferenciaci\u00f3n en su sector. \u201cSomos una de las 3 o 4 empresas capaces de hacer este tipo de trabajos a nivel mundial, y la \u00fanica empresa vasca y espa\u00f1ola\u201d.<\/p>\n<h3><strong>Fases de los recrecidos de gr\u00faas<\/strong><\/h3>\n<p>Previo a comenzar la ejecuci\u00f3n del proyecto, el equipo de Zeuko procede a la desconexi\u00f3n inicial de partes el\u00e9ctricas, mec\u00e1nicas y de seguridad de la gr\u00faa. Es entonces cuando entra en juego el verdadero proceso de recrecido en <strong>cuatro fases<\/strong>\u00a0que corresponden a cuatro especialidades diferentes, pero complementarias.<\/p>\n<p>En la<strong>\u00a0fase de ingenier\u00eda\u00a0<\/strong>se establecen los c\u00e1lculos justificativos relativos a las modificaciones estructurales y mec\u00e1nicas. Se somete a la gr\u00faa a las diferentes condiciones de operaci\u00f3n, as\u00ed como a situaciones excepcionales, ejecut\u00e1ndose diversos an\u00e1lisis. As\u00ed se valida el dise\u00f1o, previamente a la fase de fabricaci\u00f3n.<\/p>\n<p>En la\u00a0<strong>fase de fabricaci\u00f3n\u00a0<\/strong>de las piezas que sustituir\u00e1n y\/o complementar\u00e1n a las anteriores se traza con antelaci\u00f3n la calidad de los materiales y de los procesos de fabricaci\u00f3n, dado el coste que implica la falta de definici\u00f3n de los mismos una vez fabricados.<\/p>\n<p>Posteriormente se realiza el<strong>\u00a0izado de la gr\u00faa<\/strong>, un trabajo de riesgo que el equipo de Zeuko define en funci\u00f3n de cada caso, utilizando diversas soluciones, como gr\u00faas m\u00f3viles, p\u00f3rticos y monorrieles.<\/p>\n<p>Por \u00faltimo, en la<strong>\u00a0fase de montaje\u00a0<\/strong>se realizan diversos trabajos como refuerzos estructurales, soldadura, atornillamiento, etc., as\u00ed como los posibles cambios mec\u00e1nicos a realizar debido a que la gr\u00faa tiene una altura mayor y unas caracter\u00edsticas diferentes tras la modificaci\u00f3n.<\/p>\n<p>Despu\u00e9s de haber participado con Zeuko en obras de recrecido desde diferentes perspectivas -c\u00f3mo propiedad, como adjudicatario y como supervisor de las obras-, Calixto Fern\u00e1ndez apunta algunos\u00a0<strong>errores comunes<\/strong>\u00a0f\u00e1cilmente subsanables y que la terminal probablemente desconoce al ser la primera vez que se enfrenta a este tipo de retos. \u201cUn error frecuente es no realizar an\u00e1lisis previos del material de la gr\u00faa en la zona a recrecer, lo que puede impedir la correcta uni\u00f3n de las inserciones en caso de haber una diferente composici\u00f3n\u201d afirma. Tambi\u00e9n el momento de la elevaci\u00f3n de la gr\u00faa es cr\u00edtico y un posible fallo puede implicar la deformaci\u00f3n de la viga portal, lo que resulta muy costoso y laborioso de subsanar. \u201cUn error habitual es no pensar que la zona de apoyo entre el sistema de elevaci\u00f3n y la gr\u00faa debe soportar unas cargas para las que no est\u00e1 dise\u00f1ada y que requiere de un c\u00e1lculo local preciso. Casi con toda seguridad un refuerzo estructural local evitar\u00e1 desagradables sorpresas en forma de abolladuras\u201d.<\/p>\n<p>Bas\u00e1ndose en esta experiencia acumulada, Zeuko dise\u00f1a las obras de recrecido de gr\u00faas teniendo en cuenta todos los factores que inciden en el proceso.<\/p>\n<p>Fuente:\u00a0<span style=\"color: #ff6600;\"><strong><a style=\"color: #ff6600;\" href=\"https:\/\/serviciosperiodisticos.info\/\" target=\"_blank\" rel=\"nofollow noopener noreferrer\">Servicios Period\u00edsticos<\/a><\/strong><\/span><\/p>\n","protected":false},"excerpt":{"rendered":"<p>La ingenier\u00eda Zeuko celebra los 20 a\u00f1os de su primer proyecto de\u00a0recrecido de gr\u00faas, que dio inicio a su especializaci\u00f3n en esta actividad. Era el a\u00f1o 1999 y se realiz\u00f3 una adaptaci\u00f3n de unas gr\u00faas RTG para CAPSA en Santa Cruz de Tenerife. Posteriormente se abordar\u00edan proyectos similares -sobre todo en gr\u00faas STS- en otros [&hellip;]<\/p>\n","protected":false},"author":1,"featured_media":1035788,"comment_status":"closed","ping_status":"closed","sticky":false,"template":"","format":"standard","meta":{"footnotes":""},"categories":[219],"tags":[],"class_list":["post-1035787","post","type-post","status-publish","format-standard","has-post-thumbnail","hentry","category-negocios-y-empresas"],"aioseo_notices":[],"aioseo_head":"\n\t\t<!-- All in One SEO Pro 4.9.6.2 - aioseo.com -->\n\t<meta name=\"description\" content=\"La ingenier\u00eda Zeuko celebra los 20 a\u00f1os de su primer proyecto de recrecido de gr\u00faas, que dio inicio a su especializaci\u00f3n en esta actividad. Era el a\u00f1o 1999 y se realiz\u00f3 una adaptaci\u00f3n de unas gr\u00faas RTG para CAPSA en Santa Cruz de Tenerife. Posteriormente se abordar\u00edan proyectos similares -sobre todo en gr\u00faas STS- en otros\" \/>\n\t<meta name=\"robots\" content=\"max-image-preview:large\" \/>\n\t<meta name=\"author\" content=\"El Digital de Asturias\"\/>\n\t<meta name=\"google-site-verification\" content=\"UA-38556648-1\" \/>\n\t<meta name=\"msvalidate.01\" content=\"7dfe9f3f1b24437ab69f4f2559babe99\" \/>\n\t<meta name=\"keywords\" content=\"negocios y empresas\" \/>\n\t<link rel=\"canonical\" href=\"https:\/\/www.eldigitaldeasturias.com\/noticias\/20-anos-del-primer-recrecido-de-gruas-de-zeuko\/\" \/>\n\t<meta name=\"generator\" content=\"All in One SEO Pro (AIOSEO) 4.9.6.2\" \/>\n\t\t<meta property=\"og:locale\" content=\"es_ES\" \/>\n\t\t<meta property=\"og:site_name\" content=\"El Digital de Asturias\" \/>\n\t\t<meta property=\"og:type\" content=\"article\" \/>\n\t\t<meta property=\"og:title\" content=\"20 a\u00f1os del primer recrecido de gr\u00faas de Zeuko - El Digital de Asturias\" \/>\n\t\t<meta property=\"og:description\" content=\"La ingenier\u00eda Zeuko celebra los 20 a\u00f1os de su primer proyecto de recrecido de gr\u00faas, que dio inicio a su especializaci\u00f3n en esta actividad. Era el a\u00f1o 1999 y se realiz\u00f3 una adaptaci\u00f3n de unas gr\u00faas RTG para CAPSA en Santa Cruz de Tenerife. Posteriormente se abordar\u00edan proyectos similares -sobre todo en gr\u00faas STS- en otros\" \/>\n\t\t<meta property=\"og:url\" content=\"https:\/\/www.eldigitaldeasturias.com\/noticias\/20-anos-del-primer-recrecido-de-gruas-de-zeuko\/\" \/>\n\t\t<meta property=\"og:image\" content=\"https:\/\/www.eldigitaldeasturias.com\/noticias\/wp-content\/uploads\/2019\/07\/1563794794_Recrecido_gruas_Zeuko.jpg\" \/>\n\t\t<meta property=\"og:image:secure_url\" content=\"https:\/\/www.eldigitaldeasturias.com\/noticias\/wp-content\/uploads\/2019\/07\/1563794794_Recrecido_gruas_Zeuko.jpg\" \/>\n\t\t<meta property=\"og:image:width\" content=\"1600\" \/>\n\t\t<meta property=\"og:image:height\" content=\"1200\" \/>\n\t\t<meta property=\"article:tag\" content=\"negocios y empresas\" \/>\n\t\t<meta property=\"article:published_time\" content=\"2019-07-24T13:05:17+00:00\" \/>\n\t\t<meta property=\"article:modified_time\" content=\"2019-07-24T13:05:17+00:00\" \/>\n\t\t<meta property=\"article:publisher\" content=\"https:\/\/facebook.com\/eldigitaldeasturias\" \/>\n\t\t<meta name=\"twitter:card\" content=\"summary_large_image\" \/>\n\t\t<meta name=\"twitter:title\" content=\"20 a\u00f1os del primer recrecido de gr\u00faas de Zeuko - El Digital de Asturias\" \/>\n\t\t<meta name=\"twitter:description\" content=\"La ingenier\u00eda Zeuko celebra los 20 a\u00f1os de su primer proyecto de recrecido de gr\u00faas, que dio inicio a su especializaci\u00f3n en esta actividad. Era el a\u00f1o 1999 y se realiz\u00f3 una adaptaci\u00f3n de unas gr\u00faas RTG para CAPSA en Santa Cruz de Tenerife. Posteriormente se abordar\u00edan proyectos similares -sobre todo en gr\u00faas STS- en otros\" \/>\n\t\t<meta name=\"twitter:image\" content=\"https:\/\/www.eldigitaldeasturias.com\/noticias\/wp-content\/uploads\/2019\/07\/1563794794_Recrecido_gruas_Zeuko.jpg\" \/>\n\t\t<meta name=\"twitter:label1\" content=\"Escrito por\" \/>\n\t\t<meta name=\"twitter:data1\" content=\"El Digital de Asturias\" \/>\n\t\t<meta name=\"twitter:label2\" content=\"Tiempo de lectura estimado\" \/>\n\t\t<meta name=\"twitter:data2\" content=\"5 minutos\" \/>\n\t\t<script type=\"application\/ld+json\" class=\"aioseo-schema\">\n\t\t\t{\"@context\":\"https:\\\/\\\/schema.org\",\"@graph\":[{\"@type\":\"BlogPosting\",\"@id\":\"https:\\\/\\\/www.eldigitaldeasturias.com\\\/noticias\\\/20-anos-del-primer-recrecido-de-gruas-de-zeuko\\\/#blogposting\",\"name\":\"20 a\\u00f1os del primer recrecido de gr\\u00faas de Zeuko - El Digital de Asturias\",\"headline\":\"20 a\\u00f1os del primer recrecido de gr\\u00faas de Zeuko\",\"author\":{\"@id\":\"https:\\\/\\\/www.eldigitaldeasturias.com\\\/noticias\\\/author\\\/admin\\\/#author\"},\"publisher\":{\"@id\":\"https:\\\/\\\/www.eldigitaldeasturias.com\\\/noticias\\\/#organization\"},\"image\":{\"@type\":\"ImageObject\",\"url\":\"https:\\\/\\\/www.eldigitaldeasturias.com\\\/noticias\\\/wp-content\\\/uploads\\\/2019\\\/07\\\/1563794794_Recrecido_gruas_Zeuko.jpg\",\"width\":1600,\"height\":1200},\"datePublished\":\"2019-07-24T13:05:17+02:00\",\"dateModified\":\"2019-07-24T13:05:17+02:00\",\"inLanguage\":\"es-ES\",\"mainEntityOfPage\":{\"@id\":\"https:\\\/\\\/www.eldigitaldeasturias.com\\\/noticias\\\/20-anos-del-primer-recrecido-de-gruas-de-zeuko\\\/#webpage\"},\"isPartOf\":{\"@id\":\"https:\\\/\\\/www.eldigitaldeasturias.com\\\/noticias\\\/20-anos-del-primer-recrecido-de-gruas-de-zeuko\\\/#webpage\"},\"articleSection\":\"Negocios y Empresas\"},{\"@type\":\"BreadcrumbList\",\"@id\":\"https:\\\/\\\/www.eldigitaldeasturias.com\\\/noticias\\\/20-anos-del-primer-recrecido-de-gruas-de-zeuko\\\/#breadcrumblist\",\"itemListElement\":[{\"@type\":\"ListItem\",\"@id\":\"https:\\\/\\\/www.eldigitaldeasturias.com\\\/noticias#listItem\",\"position\":1,\"name\":\"Home\",\"item\":\"https:\\\/\\\/www.eldigitaldeasturias.com\\\/noticias\",\"nextItem\":{\"@type\":\"ListItem\",\"@id\":\"https:\\\/\\\/www.eldigitaldeasturias.com\\\/noticias\\\/category\\\/negocios-y-empresas\\\/#listItem\",\"name\":\"Negocios y Empresas\"}},{\"@type\":\"ListItem\",\"@id\":\"https:\\\/\\\/www.eldigitaldeasturias.com\\\/noticias\\\/category\\\/negocios-y-empresas\\\/#listItem\",\"position\":2,\"name\":\"Negocios y Empresas\",\"item\":\"https:\\\/\\\/www.eldigitaldeasturias.com\\\/noticias\\\/category\\\/negocios-y-empresas\\\/\",\"nextItem\":{\"@type\":\"ListItem\",\"@id\":\"https:\\\/\\\/www.eldigitaldeasturias.com\\\/noticias\\\/20-anos-del-primer-recrecido-de-gruas-de-zeuko\\\/#listItem\",\"name\":\"20 a\\u00f1os del primer recrecido de gr\\u00faas de Zeuko\"},\"previousItem\":{\"@type\":\"ListItem\",\"@id\":\"https:\\\/\\\/www.eldigitaldeasturias.com\\\/noticias#listItem\",\"name\":\"Home\"}},{\"@type\":\"ListItem\",\"@id\":\"https:\\\/\\\/www.eldigitaldeasturias.com\\\/noticias\\\/20-anos-del-primer-recrecido-de-gruas-de-zeuko\\\/#listItem\",\"position\":3,\"name\":\"20 a\\u00f1os del primer recrecido de gr\\u00faas de Zeuko\",\"previousItem\":{\"@type\":\"ListItem\",\"@id\":\"https:\\\/\\\/www.eldigitaldeasturias.com\\\/noticias\\\/category\\\/negocios-y-empresas\\\/#listItem\",\"name\":\"Negocios y Empresas\"}}]},{\"@type\":\"Organization\",\"@id\":\"https:\\\/\\\/www.eldigitaldeasturias.com\\\/noticias\\\/#organization\",\"name\":\"El Digital de Asturias\",\"description\":\"Hemeroteca\",\"url\":\"https:\\\/\\\/www.eldigitaldeasturias.com\\\/noticias\\\/\",\"email\":\"info@eldigitaldeasturias.com\",\"telephone\":\"+34652131393\",\"logo\":{\"@type\":\"ImageObject\",\"url\":\"https:\\\/\\\/www.eldigitaldeasturias.com\\\/noticias\\\/wp-content\\\/uploads\\\/2020\\\/12\\\/EDA.jpg\",\"@id\":\"https:\\\/\\\/www.eldigitaldeasturias.com\\\/noticias\\\/20-anos-del-primer-recrecido-de-gruas-de-zeuko\\\/#organizationLogo\",\"width\":649,\"height\":297},\"image\":{\"@id\":\"https:\\\/\\\/www.eldigitaldeasturias.com\\\/noticias\\\/20-anos-del-primer-recrecido-de-gruas-de-zeuko\\\/#organizationLogo\"},\"sameAs\":[\"https:\\\/\\\/facebook.com\\\/eldigitaldeasturias\",\"https:\\\/\\\/www.youtube.com\\\/channel\\\/UCZP-2wLEB9Rv6erhFmqVnvg\"],\"address\":{\"@id\":\"https:\\\/\\\/www.eldigitaldeasturias.com\\\/noticias\\\/#postaladdress\",\"@type\":\"PostalAddress\",\"streetAddress\":\"san antonio 4,\",\"postalCode\":\"33430\",\"addressLocality\":\"Cand\\u00e1s\",\"addressRegion\":\"Asturias\",\"addressCountry\":\"ES\"}},{\"@type\":\"Person\",\"@id\":\"https:\\\/\\\/www.eldigitaldeasturias.com\\\/noticias\\\/author\\\/admin\\\/#author\",\"url\":\"https:\\\/\\\/www.eldigitaldeasturias.com\\\/noticias\\\/author\\\/admin\\\/\",\"name\":\"El Digital de Asturias\",\"image\":{\"@type\":\"ImageObject\",\"@id\":\"https:\\\/\\\/www.eldigitaldeasturias.com\\\/noticias\\\/20-anos-del-primer-recrecido-de-gruas-de-zeuko\\\/#authorImage\",\"url\":\"https:\\\/\\\/www.eldigitaldeasturias.com\\\/noticias\\\/wp-content\\\/litespeed\\\/avatar\\\/18677e78aa0546b92d9dbf31ec7d7668.jpg?ver=1777290358\",\"width\":96,\"height\":96,\"caption\":\"El Digital de Asturias\"}},{\"@type\":\"WebPage\",\"@id\":\"https:\\\/\\\/www.eldigitaldeasturias.com\\\/noticias\\\/20-anos-del-primer-recrecido-de-gruas-de-zeuko\\\/#webpage\",\"url\":\"https:\\\/\\\/www.eldigitaldeasturias.com\\\/noticias\\\/20-anos-del-primer-recrecido-de-gruas-de-zeuko\\\/\",\"name\":\"20 a\\u00f1os del primer recrecido de gr\\u00faas de Zeuko - El Digital de Asturias\",\"description\":\"La ingenier\\u00eda Zeuko celebra los 20 a\\u00f1os de su primer proyecto de recrecido de gr\\u00faas, que dio inicio a su especializaci\\u00f3n en esta actividad. Era el a\\u00f1o 1999 y se realiz\\u00f3 una adaptaci\\u00f3n de unas gr\\u00faas RTG para CAPSA en Santa Cruz de Tenerife. Posteriormente se abordar\\u00edan proyectos similares -sobre todo en gr\\u00faas STS- en otros\",\"inLanguage\":\"es-ES\",\"isPartOf\":{\"@id\":\"https:\\\/\\\/www.eldigitaldeasturias.com\\\/noticias\\\/#website\"},\"breadcrumb\":{\"@id\":\"https:\\\/\\\/www.eldigitaldeasturias.com\\\/noticias\\\/20-anos-del-primer-recrecido-de-gruas-de-zeuko\\\/#breadcrumblist\"},\"author\":{\"@id\":\"https:\\\/\\\/www.eldigitaldeasturias.com\\\/noticias\\\/author\\\/admin\\\/#author\"},\"creator\":{\"@id\":\"https:\\\/\\\/www.eldigitaldeasturias.com\\\/noticias\\\/author\\\/admin\\\/#author\"},\"image\":{\"@type\":\"ImageObject\",\"url\":\"https:\\\/\\\/www.eldigitaldeasturias.com\\\/noticias\\\/wp-content\\\/uploads\\\/2019\\\/07\\\/1563794794_Recrecido_gruas_Zeuko.jpg\",\"@id\":\"https:\\\/\\\/www.eldigitaldeasturias.com\\\/noticias\\\/20-anos-del-primer-recrecido-de-gruas-de-zeuko\\\/#mainImage\",\"width\":1600,\"height\":1200},\"primaryImageOfPage\":{\"@id\":\"https:\\\/\\\/www.eldigitaldeasturias.com\\\/noticias\\\/20-anos-del-primer-recrecido-de-gruas-de-zeuko\\\/#mainImage\"},\"datePublished\":\"2019-07-24T13:05:17+02:00\",\"dateModified\":\"2019-07-24T13:05:17+02:00\"},{\"@type\":\"WebSite\",\"@id\":\"https:\\\/\\\/www.eldigitaldeasturias.com\\\/noticias\\\/#website\",\"url\":\"https:\\\/\\\/www.eldigitaldeasturias.com\\\/noticias\\\/\",\"name\":\"El Digital de Asturias - Diario de actualidad y noticias\",\"alternateName\":\"El Digital de Asturias - Diario de actualidad y noticias\",\"description\":\"Hemeroteca\",\"inLanguage\":\"es-ES\",\"publisher\":{\"@id\":\"https:\\\/\\\/www.eldigitaldeasturias.com\\\/noticias\\\/#organization\"}}]}\n\t\t<\/script>\n\t\t<!-- All in One SEO Pro -->\r\n\t\t<title>20 a\u00f1os del primer recrecido de gr\u00faas de Zeuko - El Digital de Asturias<\/title>\n\n","aioseo_head_json":{"title":"20 a\u00f1os del primer recrecido de gr\u00faas de Zeuko - El Digital de Asturias","description":"La ingenier\u00eda Zeuko celebra los 20 a\u00f1os de su primer proyecto de recrecido de gr\u00faas, que dio inicio a su especializaci\u00f3n en esta actividad. Era el a\u00f1o 1999 y se realiz\u00f3 una adaptaci\u00f3n de unas gr\u00faas RTG para CAPSA en Santa Cruz de Tenerife. Posteriormente se abordar\u00edan proyectos similares -sobre todo en gr\u00faas STS- en otros","canonical_url":"https:\/\/www.eldigitaldeasturias.com\/noticias\/20-anos-del-primer-recrecido-de-gruas-de-zeuko\/","robots":"max-image-preview:large","keywords":"negocios y empresas","webmasterTools":{"google-site-verification":"UA-38556648-1","msvalidate.01":"7dfe9f3f1b24437ab69f4f2559babe99","miscellaneous":""},"schema":{"@context":"https:\/\/schema.org","@graph":[{"@type":"BlogPosting","@id":"https:\/\/www.eldigitaldeasturias.com\/noticias\/20-anos-del-primer-recrecido-de-gruas-de-zeuko\/#blogposting","name":"20 a\u00f1os del primer recrecido de gr\u00faas de Zeuko - El Digital de Asturias","headline":"20 a\u00f1os del primer recrecido de gr\u00faas de Zeuko","author":{"@id":"https:\/\/www.eldigitaldeasturias.com\/noticias\/author\/admin\/#author"},"publisher":{"@id":"https:\/\/www.eldigitaldeasturias.com\/noticias\/#organization"},"image":{"@type":"ImageObject","url":"https:\/\/www.eldigitaldeasturias.com\/noticias\/wp-content\/uploads\/2019\/07\/1563794794_Recrecido_gruas_Zeuko.jpg","width":1600,"height":1200},"datePublished":"2019-07-24T13:05:17+02:00","dateModified":"2019-07-24T13:05:17+02:00","inLanguage":"es-ES","mainEntityOfPage":{"@id":"https:\/\/www.eldigitaldeasturias.com\/noticias\/20-anos-del-primer-recrecido-de-gruas-de-zeuko\/#webpage"},"isPartOf":{"@id":"https:\/\/www.eldigitaldeasturias.com\/noticias\/20-anos-del-primer-recrecido-de-gruas-de-zeuko\/#webpage"},"articleSection":"Negocios y Empresas"},{"@type":"BreadcrumbList","@id":"https:\/\/www.eldigitaldeasturias.com\/noticias\/20-anos-del-primer-recrecido-de-gruas-de-zeuko\/#breadcrumblist","itemListElement":[{"@type":"ListItem","@id":"https:\/\/www.eldigitaldeasturias.com\/noticias#listItem","position":1,"name":"Home","item":"https:\/\/www.eldigitaldeasturias.com\/noticias","nextItem":{"@type":"ListItem","@id":"https:\/\/www.eldigitaldeasturias.com\/noticias\/category\/negocios-y-empresas\/#listItem","name":"Negocios y Empresas"}},{"@type":"ListItem","@id":"https:\/\/www.eldigitaldeasturias.com\/noticias\/category\/negocios-y-empresas\/#listItem","position":2,"name":"Negocios y Empresas","item":"https:\/\/www.eldigitaldeasturias.com\/noticias\/category\/negocios-y-empresas\/","nextItem":{"@type":"ListItem","@id":"https:\/\/www.eldigitaldeasturias.com\/noticias\/20-anos-del-primer-recrecido-de-gruas-de-zeuko\/#listItem","name":"20 a\u00f1os del primer recrecido de gr\u00faas de Zeuko"},"previousItem":{"@type":"ListItem","@id":"https:\/\/www.eldigitaldeasturias.com\/noticias#listItem","name":"Home"}},{"@type":"ListItem","@id":"https:\/\/www.eldigitaldeasturias.com\/noticias\/20-anos-del-primer-recrecido-de-gruas-de-zeuko\/#listItem","position":3,"name":"20 a\u00f1os del primer recrecido de gr\u00faas de Zeuko","previousItem":{"@type":"ListItem","@id":"https:\/\/www.eldigitaldeasturias.com\/noticias\/category\/negocios-y-empresas\/#listItem","name":"Negocios y Empresas"}}]},{"@type":"Organization","@id":"https:\/\/www.eldigitaldeasturias.com\/noticias\/#organization","name":"El Digital de Asturias","description":"Hemeroteca","url":"https:\/\/www.eldigitaldeasturias.com\/noticias\/","email":"info@eldigitaldeasturias.com","telephone":"+34652131393","logo":{"@type":"ImageObject","url":"https:\/\/www.eldigitaldeasturias.com\/noticias\/wp-content\/uploads\/2020\/12\/EDA.jpg","@id":"https:\/\/www.eldigitaldeasturias.com\/noticias\/20-anos-del-primer-recrecido-de-gruas-de-zeuko\/#organizationLogo","width":649,"height":297},"image":{"@id":"https:\/\/www.eldigitaldeasturias.com\/noticias\/20-anos-del-primer-recrecido-de-gruas-de-zeuko\/#organizationLogo"},"sameAs":["https:\/\/facebook.com\/eldigitaldeasturias","https:\/\/www.youtube.com\/channel\/UCZP-2wLEB9Rv6erhFmqVnvg"],"address":{"@id":"https:\/\/www.eldigitaldeasturias.com\/noticias\/#postaladdress","@type":"PostalAddress","streetAddress":"san antonio 4,","postalCode":"33430","addressLocality":"Cand\u00e1s","addressRegion":"Asturias","addressCountry":"ES"}},{"@type":"Person","@id":"https:\/\/www.eldigitaldeasturias.com\/noticias\/author\/admin\/#author","url":"https:\/\/www.eldigitaldeasturias.com\/noticias\/author\/admin\/","name":"El Digital de Asturias","image":{"@type":"ImageObject","@id":"https:\/\/www.eldigitaldeasturias.com\/noticias\/20-anos-del-primer-recrecido-de-gruas-de-zeuko\/#authorImage","url":"https:\/\/www.eldigitaldeasturias.com\/noticias\/wp-content\/litespeed\/avatar\/18677e78aa0546b92d9dbf31ec7d7668.jpg?ver=1777290358","width":96,"height":96,"caption":"El Digital de Asturias"}},{"@type":"WebPage","@id":"https:\/\/www.eldigitaldeasturias.com\/noticias\/20-anos-del-primer-recrecido-de-gruas-de-zeuko\/#webpage","url":"https:\/\/www.eldigitaldeasturias.com\/noticias\/20-anos-del-primer-recrecido-de-gruas-de-zeuko\/","name":"20 a\u00f1os del primer recrecido de gr\u00faas de Zeuko - El Digital de Asturias","description":"La ingenier\u00eda Zeuko celebra los 20 a\u00f1os de su primer proyecto de recrecido de gr\u00faas, que dio inicio a su especializaci\u00f3n en esta actividad. Era el a\u00f1o 1999 y se realiz\u00f3 una adaptaci\u00f3n de unas gr\u00faas RTG para CAPSA en Santa Cruz de Tenerife. Posteriormente se abordar\u00edan proyectos similares -sobre todo en gr\u00faas STS- en otros","inLanguage":"es-ES","isPartOf":{"@id":"https:\/\/www.eldigitaldeasturias.com\/noticias\/#website"},"breadcrumb":{"@id":"https:\/\/www.eldigitaldeasturias.com\/noticias\/20-anos-del-primer-recrecido-de-gruas-de-zeuko\/#breadcrumblist"},"author":{"@id":"https:\/\/www.eldigitaldeasturias.com\/noticias\/author\/admin\/#author"},"creator":{"@id":"https:\/\/www.eldigitaldeasturias.com\/noticias\/author\/admin\/#author"},"image":{"@type":"ImageObject","url":"https:\/\/www.eldigitaldeasturias.com\/noticias\/wp-content\/uploads\/2019\/07\/1563794794_Recrecido_gruas_Zeuko.jpg","@id":"https:\/\/www.eldigitaldeasturias.com\/noticias\/20-anos-del-primer-recrecido-de-gruas-de-zeuko\/#mainImage","width":1600,"height":1200},"primaryImageOfPage":{"@id":"https:\/\/www.eldigitaldeasturias.com\/noticias\/20-anos-del-primer-recrecido-de-gruas-de-zeuko\/#mainImage"},"datePublished":"2019-07-24T13:05:17+02:00","dateModified":"2019-07-24T13:05:17+02:00"},{"@type":"WebSite","@id":"https:\/\/www.eldigitaldeasturias.com\/noticias\/#website","url":"https:\/\/www.eldigitaldeasturias.com\/noticias\/","name":"El Digital de Asturias - Diario de actualidad y noticias","alternateName":"El Digital de Asturias - Diario de actualidad y noticias","description":"Hemeroteca","inLanguage":"es-ES","publisher":{"@id":"https:\/\/www.eldigitaldeasturias.com\/noticias\/#organization"}}]},"og:locale":"es_ES","og:site_name":"El Digital de Asturias","og:type":"article","og:title":"20 a\u00f1os del primer recrecido de gr\u00faas de Zeuko - El Digital de Asturias","og:description":"La ingenier\u00eda Zeuko celebra los 20 a\u00f1os de su primer proyecto de recrecido de gr\u00faas, que dio inicio a su especializaci\u00f3n en esta actividad. Era el a\u00f1o 1999 y se realiz\u00f3 una adaptaci\u00f3n de unas gr\u00faas RTG para CAPSA en Santa Cruz de Tenerife. Posteriormente se abordar\u00edan proyectos similares -sobre todo en gr\u00faas STS- en otros","og:url":"https:\/\/www.eldigitaldeasturias.com\/noticias\/20-anos-del-primer-recrecido-de-gruas-de-zeuko\/","og:image":"https:\/\/www.eldigitaldeasturias.com\/noticias\/wp-content\/uploads\/2019\/07\/1563794794_Recrecido_gruas_Zeuko.jpg","og:image:secure_url":"https:\/\/www.eldigitaldeasturias.com\/noticias\/wp-content\/uploads\/2019\/07\/1563794794_Recrecido_gruas_Zeuko.jpg","og:image:width":1600,"og:image:height":1200,"article:tag":["negocios y empresas"],"article:published_time":"2019-07-24T13:05:17+00:00","article:modified_time":"2019-07-24T13:05:17+00:00","article:publisher":"https:\/\/facebook.com\/eldigitaldeasturias","twitter:card":"summary_large_image","twitter:title":"20 a\u00f1os del primer recrecido de gr\u00faas de Zeuko - El Digital de Asturias","twitter:description":"La ingenier\u00eda Zeuko celebra los 20 a\u00f1os de su primer proyecto de recrecido de gr\u00faas, que dio inicio a su especializaci\u00f3n en esta actividad. Era el a\u00f1o 1999 y se realiz\u00f3 una adaptaci\u00f3n de unas gr\u00faas RTG para CAPSA en Santa Cruz de Tenerife. Posteriormente se abordar\u00edan proyectos similares -sobre todo en gr\u00faas STS- en otros","twitter:image":"https:\/\/www.eldigitaldeasturias.com\/noticias\/wp-content\/uploads\/2019\/07\/1563794794_Recrecido_gruas_Zeuko.jpg","twitter:label1":"Escrito por","twitter:data1":"El Digital de Asturias","twitter:label2":"Tiempo de lectura estimado","twitter:data2":"5 minutos"},"aioseo_meta_data":{"post_id":"1035787","title":null,"description":null,"keywords":null,"keyphrases":null,"primary_term":null,"canonical_url":null,"og_title":null,"og_description":null,"og_object_type":"default","og_image_type":"default","og_image_url":null,"og_image_width":null,"og_image_height":null,"og_image_custom_url":null,"og_image_custom_fields":null,"og_video":null,"og_custom_url":null,"og_article_section":null,"og_article_tags":null,"twitter_use_og":false,"twitter_card":"default","twitter_image_type":"default","twitter_image_url":null,"twitter_image_custom_url":null,"twitter_image_custom_fields":null,"twitter_title":null,"twitter_description":null,"schema":{"blockGraphs":[],"customGraphs":[],"default":{"data":{"Article":[],"Course":[],"Dataset":[],"FAQPage":[],"Movie":[],"Person":[],"Product":[],"ProductReview":[],"Car":[],"Recipe":[],"Service":[],"SoftwareApplication":[],"WebPage":[]},"graphName":"","isEnabled":true},"graphs":[],"defaultGraph":"","defaultPostTypeGraph":""},"schema_type":null,"schema_type_options":null,"pillar_content":false,"robots_default":true,"robots_noindex":false,"robots_noarchive":false,"robots_nosnippet":false,"robots_nofollow":false,"robots_noimageindex":false,"robots_noodp":false,"robots_notranslate":false,"robots_max_snippet":null,"robots_max_videopreview":null,"robots_max_imagepreview":"large","priority":null,"frequency":null,"local_seo":null,"seo_analyzer_scan_date":"2025-10-22 10:25:02","breadcrumb_settings":null,"limit_modified_date":false,"open_ai":null,"ai":null,"created":"2020-12-21 11:08:00","updated":"2025-10-22 10:25:02"},"aioseo_breadcrumb":"<div class=\"aioseo-breadcrumbs\"><span class=\"aioseo-breadcrumb\">\n\t<a href=\"https:\/\/www.eldigitaldeasturias.com\/noticias\" title=\"Home\">Home<\/a>\n<\/span><span class=\"aioseo-breadcrumb-separator\">\u2013<\/span><span class=\"aioseo-breadcrumb\">\n\t<a href=\"https:\/\/www.eldigitaldeasturias.com\/noticias\/category\/negocios-y-empresas\/\" title=\"Negocios y Empresas\">Negocios y Empresas<\/a>\n<\/span><span class=\"aioseo-breadcrumb-separator\">\u2013<\/span><span class=\"aioseo-breadcrumb\">\n\t<a href=\"https:\/\/www.eldigitaldeasturias.com\/noticias\/20-anos-del-primer-recrecido-de-gruas-de-zeuko\/\" title=\"20 a\u00f1os del primer recrecido de gr\u00faas de Zeuko\">20 a\u00f1os del primer recrecido de gr\u00faas de Zeuko<\/a>\n<\/span><\/div>","aioseo_breadcrumb_json":[{"label":"Home","link":"https:\/\/www.eldigitaldeasturias.com\/noticias"},{"label":"Negocios y Empresas","link":"https:\/\/www.eldigitaldeasturias.com\/noticias\/category\/negocios-y-empresas\/"},{"label":"20 a\u00f1os del primer recrecido de gr\u00faas de Zeuko","link":"https:\/\/www.eldigitaldeasturias.com\/noticias\/20-anos-del-primer-recrecido-de-gruas-de-zeuko\/"}],"_links":{"self":[{"href":"https:\/\/www.eldigitaldeasturias.com\/noticias\/wp-json\/wp\/v2\/posts\/1035787","targetHints":{"allow":["GET"]}}],"collection":[{"href":"https:\/\/www.eldigitaldeasturias.com\/noticias\/wp-json\/wp\/v2\/posts"}],"about":[{"href":"https:\/\/www.eldigitaldeasturias.com\/noticias\/wp-json\/wp\/v2\/types\/post"}],"author":[{"embeddable":true,"href":"https:\/\/www.eldigitaldeasturias.com\/noticias\/wp-json\/wp\/v2\/users\/1"}],"replies":[{"embeddable":true,"href":"https:\/\/www.eldigitaldeasturias.com\/noticias\/wp-json\/wp\/v2\/comments?post=1035787"}],"version-history":[{"count":0,"href":"https:\/\/www.eldigitaldeasturias.com\/noticias\/wp-json\/wp\/v2\/posts\/1035787\/revisions"}],"wp:featuredmedia":[{"embeddable":true,"href":"https:\/\/www.eldigitaldeasturias.com\/noticias\/wp-json\/wp\/v2\/media\/1035788"}],"wp:attachment":[{"href":"https:\/\/www.eldigitaldeasturias.com\/noticias\/wp-json\/wp\/v2\/media?parent=1035787"}],"wp:term":[{"taxonomy":"category","embeddable":true,"href":"https:\/\/www.eldigitaldeasturias.com\/noticias\/wp-json\/wp\/v2\/categories?post=1035787"},{"taxonomy":"post_tag","embeddable":true,"href":"https:\/\/www.eldigitaldeasturias.com\/noticias\/wp-json\/wp\/v2\/tags?post=1035787"}],"curies":[{"name":"wp","href":"https:\/\/api.w.org\/{rel}","templated":true}]}}