{"id":1035783,"date":"2019-07-24T12:36:34","date_gmt":"2019-07-24T12:36:34","guid":{"rendered":"https:\/\/www.eldigitaldeasturias.com\/noticias\/?p=1035783"},"modified":"2019-07-24T12:36:34","modified_gmt":"2019-07-24T12:36:34","slug":"mkd-automotive-group-suma-a-su-equipo-a-miguel-martinez","status":"publish","type":"post","link":"https:\/\/www.eldigitaldeasturias.com\/noticias\/mkd-automotive-group-suma-a-su-equipo-a-miguel-martinez\/","title":{"rendered":"MKD Automotive Group suma a su equipo a Miguel Mart\u00ednez"},"content":{"rendered":"<p><img loading=\"lazy\" decoding=\"async\" class=\"alignleft size-medium wp-image-1035784\" src=\"https:\/\/www.eldigitaldeasturias.com\/noticias\/wp-content\/uploads\/2019\/07\/1563790642_Miguel_Mart_nez-240x320.jpg\" alt=\"\" width=\"240\" height=\"320\" srcset=\"https:\/\/www.eldigitaldeasturias.com\/noticias\/wp-content\/uploads\/2019\/07\/1563790642_Miguel_Mart_nez-240x320.jpg 240w, https:\/\/www.eldigitaldeasturias.com\/noticias\/wp-content\/uploads\/2019\/07\/1563790642_Miguel_Mart_nez-768x1024.jpg 768w, https:\/\/www.eldigitaldeasturias.com\/noticias\/wp-content\/uploads\/2019\/07\/1563790642_Miguel_Mart_nez-360x480.jpg 360w, https:\/\/www.eldigitaldeasturias.com\/noticias\/wp-content\/uploads\/2019\/07\/1563790642_Miguel_Mart_nez-1024x1365.jpg 1024w, https:\/\/www.eldigitaldeasturias.com\/noticias\/wp-content\/uploads\/2019\/07\/1563790642_Miguel_Mart_nez.jpg 1200w\" sizes=\"auto, (max-width: 240px) 100vw, 240px\" \/>La plataforma tecnol\u00f3gica para la gesti\u00f3n eficiente del mantenimiento y la reparaci\u00f3n de veh\u00edculos particulares y flotas, conf\u00eda en Miguel Mart\u00ednez, conocido profesional del sector de la automoci\u00f3n y la posventa y experto en la generaci\u00f3n de redes de talleres, su \u00e1rea de Desarrollo de Negocio<\/p>\n<p><a href=\"https:\/\/www.mkdautomotive.com\/\" target=\"_blank\" rel=\"nofollow noopener noreferrer\"><span style=\"color: #ff6600;\"><strong>MKD Automotive Group<\/strong><\/span><\/a>, la compa\u00f1\u00eda l\u00edder en servicios auxiliares de movilidad tanto para particulares, como para compa\u00f1\u00edas de renting, rent a car, aseguradoras y empresas de movilidad compartida, ha anunciado la incorporaci\u00f3n de Miguel Mart\u00ednez como Director de Desarrollo de Negocio.<\/p>\n<p>La incorporaci\u00f3n de Miguel se suma a la recientemente realizada de Agust\u00edn Mart\u00edn, exconcejal del Ayuntamiento de Alcobendas, con las que MKD Automotive continua postul\u00e1ndose como uno de los principales partners estrat\u00e9gicos para todas las compa\u00f1\u00edas relacionadas con el mundo de la movilidad gracias a su apuesta por la innovaci\u00f3n y la influencia tecnol\u00f3gica en el sector de la automoci\u00f3n. De este modo, la incorporaci\u00f3n de Miguel dar\u00e1 un nuevo empuje al grupo, gracias al planteamiento de nuevas v\u00edas de negocio y el desarrollo de nuevos proyectos que ya ponen en marcha los m\u00e1s de 90 empleados que la compa\u00f1\u00eda suma entre sus sedes de Zaragoza y Madrid.<\/p>\n<p>Miguel Mart\u00ednez es Diplomado en Ciencias Empresariales por la Escuela Universitaria de Estudios Empresariales de Valencia. Comenz\u00f3 su andadura profesional como Coordinador del Servicio al Cliente en 3M ESPA\u00d1A para, cinco a\u00f1os m\u00e1s tarde, desarrollar sus funciones como Delegado de Ventas de Productos para la Reparaci\u00f3n de Carrocer\u00edas del Autom\u00f3vil en la misma compa\u00f1\u00eda y, ya en 1998, convertirse en Jefe de Ventas. En 2013 Miguel se incorpora como Director Comercial en PRO&amp;CAR, formando parte del desarrollo de DISPROCAR, compa\u00f1\u00eda para la que configura una red de talleres de reparaci\u00f3n de carrocer\u00eda y pintura, as\u00ed como distintos acuerdos para mantenimiento de imagen de flotas y gesti\u00f3n de siniestros de compa\u00f1\u00edas de renting.<\/p>\n<p><strong>Jos\u00e9 Pi\u00f1era<\/strong>, presidente y Fundador de MKD Automotive, aseguraba que \u201cesta nueva incorporaci\u00f3n como responsable del \u00c1rea de Desarrollo de Negocio y dada la experiencia de Miguel en el sector, aportar\u00e1 un valor a\u00f1adido tremendo para el grupo, en su empe\u00f1o incansable de proveer de soluciones efectivas a todas las compa\u00f1\u00edas relacionadas con la movilidad y, sobre todo, desarrollar el proyecto Fidelia para apoyar y proporcionar ayudas a nuestros partners estrat\u00e9gicos los talleres\u201d.<\/p>\n<p>Y es que, Grupo MKD desarrolla un proyecto propio centrado en aportar valor a los talleres que colaboran con cada una de las cuatro compa\u00f1\u00edas del Grupo. En palabras de\u00a0<strong>Fernando P\u00e9rez Granero<\/strong>, Director General Corporativo, \u201clos nuevos tiempos exigen una continua innovaci\u00f3n en los talleres en t\u00e9rminos de nuevas propuestas de proveedores de recambio, pintura y maquinaria, nuevas tecnolog\u00edas y procesos de trabajo aplicados en el d\u00eda a d\u00eda adem\u00e1s de nuevas exigencias tanto normativas como de certificaci\u00f3n de calidad. En todo ello, Grupo MKD pretende ser un colaborador y aliado leal del taller\u201d.<\/p>\n<p>No es de extra\u00f1ar pues, que\u00a0<strong>Miguel Mart\u00ednez<\/strong>\u00a0se muestre \u201corgulloso\u201d de haber podido unirse \u201ca MKD Automotive, una compa\u00f1\u00eda referente en su sector y con un buen n\u00famero de profesionales\u201d. Asegura haber encontrado en MKD \u201cuna empresa din\u00e1mica que permite desarrollar nuevos proyectos con vistas a cubrir las necesidades que se est\u00e1n originando por los cambios sufridos en el sector a causa de los nuevos sistemas de movilidad\u201d.<\/p>\n<p><strong>Sobre\u00a0MKDAUTOMOTIVE.COM\u00a0<\/strong><\/p>\n<p>MKD Automotive Integral Solutions es la plataforma tecnol\u00f3gica para la gesti\u00f3n eficiente del mantenimiento y reparaci\u00f3n de veh\u00edculos particulares y flotas, tanto de compa\u00f1\u00edas de renting, como rent a car, aseguradoras y empresas de movilidad compartida.<\/p>\n<p>MKD Automotive es un grupo empresarial formado por la entidad matriz, MKD Automotive, enfocada al negocio B2B, Reparatucoche.com cuyo foco es el cliente final (B2C), y las nuevas incorporaciones de Fortius y PTRZ. Desde 2018 el grupo cuenta con el apoyo del principal fondo de inversi\u00f3n europeo, ARDIAN.<\/p>\n<p>Por su parte, Reparatucoche.com es la mejor soluci\u00f3n de servicios auxiliares de movilidad existente en el mercado. Junto a MKD Automotive, la empresa matriz nacida en \u00e1mbito B2B, lidera la reparaci\u00f3n de veh\u00edculos del mundo online, habiendo gestionado conjuntamente m\u00e1s de 500.000 reparaciones hasta el momento, lo que les lleva a conseguir grandes ventajas en precio de mano de obra y recambios, as\u00ed como excelentes condiciones en cuanto a los tiempos de reparaci\u00f3n y permanencia del veh\u00edculo en taller.<\/p>\n<p>Expertos adem\u00e1s en adaptaciones a GLP y peritaci\u00f3n de da\u00f1os, el grupo cuenta con una red de talleres con cobertura en todo el territorio nacional para los que se erigen en una gran central de compras y suministro del recambio ofreciendo, de forma paralela, servicios de consultor\u00eda y asesor\u00eda a la peque\u00f1a y mediana empresa.<\/p>\n","protected":false},"excerpt":{"rendered":"<p>La plataforma tecnol\u00f3gica para la gesti\u00f3n eficiente del mantenimiento y la reparaci\u00f3n de veh\u00edculos particulares y flotas, conf\u00eda en Miguel Mart\u00ednez, conocido profesional del sector de la automoci\u00f3n y la posventa y experto en la generaci\u00f3n de redes de talleres, su \u00e1rea de Desarrollo de Negocio MKD Automotive Group, la compa\u00f1\u00eda l\u00edder en servicios auxiliares [&hellip;]<\/p>\n","protected":false},"author":1,"featured_media":1035784,"comment_status":"closed","ping_status":"closed","sticky":false,"template":"","format":"standard","meta":{"footnotes":""},"categories":[219],"tags":[],"class_list":["post-1035783","post","type-post","status-publish","format-standard","has-post-thumbnail","hentry","category-negocios-y-empresas"],"aioseo_notices":[],"aioseo_head":"\n\t\t<!-- All in One SEO Pro 4.9.6.2 - aioseo.com -->\n\t<meta name=\"description\" content=\"La plataforma tecnol\u00f3gica para la gesti\u00f3n eficiente del mantenimiento y la reparaci\u00f3n de veh\u00edculos particulares y flotas, conf\u00eda en Miguel Mart\u00ednez, conocido profesional del sector de la automoci\u00f3n y la posventa y experto en la generaci\u00f3n de redes de talleres, su \u00e1rea de Desarrollo de Negocio MKD Automotive Group, la compa\u00f1\u00eda l\u00edder en servicios auxiliares\" \/>\n\t<meta name=\"robots\" content=\"max-image-preview:large\" \/>\n\t<meta name=\"author\" content=\"El Digital de Asturias\"\/>\n\t<meta name=\"google-site-verification\" content=\"UA-38556648-1\" \/>\n\t<meta name=\"msvalidate.01\" content=\"7dfe9f3f1b24437ab69f4f2559babe99\" \/>\n\t<meta name=\"keywords\" content=\"negocios y empresas\" \/>\n\t<link rel=\"canonical\" href=\"https:\/\/www.eldigitaldeasturias.com\/noticias\/mkd-automotive-group-suma-a-su-equipo-a-miguel-martinez\/\" \/>\n\t<meta name=\"generator\" content=\"All in One SEO Pro (AIOSEO) 4.9.6.2\" \/>\n\t\t<meta property=\"og:locale\" content=\"es_ES\" \/>\n\t\t<meta property=\"og:site_name\" content=\"El Digital de Asturias\" \/>\n\t\t<meta property=\"og:type\" content=\"article\" \/>\n\t\t<meta property=\"og:title\" content=\"MKD Automotive Group suma a su equipo a Miguel Mart\u00ednez - El Digital de Asturias\" \/>\n\t\t<meta property=\"og:description\" content=\"La plataforma tecnol\u00f3gica para la gesti\u00f3n eficiente del mantenimiento y la reparaci\u00f3n de veh\u00edculos particulares y flotas, conf\u00eda en Miguel Mart\u00ednez, conocido profesional del sector de la automoci\u00f3n y la posventa y experto en la generaci\u00f3n de redes de talleres, su \u00e1rea de Desarrollo de Negocio MKD Automotive Group, la compa\u00f1\u00eda l\u00edder en servicios auxiliares\" \/>\n\t\t<meta property=\"og:url\" content=\"https:\/\/www.eldigitaldeasturias.com\/noticias\/mkd-automotive-group-suma-a-su-equipo-a-miguel-martinez\/\" \/>\n\t\t<meta property=\"og:image\" content=\"https:\/\/www.eldigitaldeasturias.com\/noticias\/wp-content\/uploads\/2019\/07\/1563790642_Miguel_Mart_nez.jpg\" \/>\n\t\t<meta property=\"og:image:secure_url\" content=\"https:\/\/www.eldigitaldeasturias.com\/noticias\/wp-content\/uploads\/2019\/07\/1563790642_Miguel_Mart_nez.jpg\" \/>\n\t\t<meta property=\"og:image:width\" content=\"1200\" \/>\n\t\t<meta property=\"og:image:height\" content=\"1600\" \/>\n\t\t<meta property=\"article:tag\" content=\"negocios y empresas\" \/>\n\t\t<meta property=\"article:published_time\" content=\"2019-07-24T12:36:34+00:00\" \/>\n\t\t<meta property=\"article:modified_time\" content=\"2019-07-24T12:36:34+00:00\" \/>\n\t\t<meta property=\"article:publisher\" content=\"https:\/\/facebook.com\/eldigitaldeasturias\" \/>\n\t\t<meta name=\"twitter:card\" content=\"summary_large_image\" \/>\n\t\t<meta name=\"twitter:title\" content=\"MKD Automotive Group suma a su equipo a Miguel Mart\u00ednez - El Digital de Asturias\" \/>\n\t\t<meta name=\"twitter:description\" content=\"La plataforma tecnol\u00f3gica para la gesti\u00f3n eficiente del mantenimiento y la reparaci\u00f3n de veh\u00edculos particulares y flotas, conf\u00eda en Miguel Mart\u00ednez, conocido profesional del sector de la automoci\u00f3n y la posventa y experto en la generaci\u00f3n de redes de talleres, su \u00e1rea de Desarrollo de Negocio MKD Automotive Group, la compa\u00f1\u00eda l\u00edder en servicios auxiliares\" \/>\n\t\t<meta name=\"twitter:image\" content=\"https:\/\/www.eldigitaldeasturias.com\/noticias\/wp-content\/uploads\/2019\/07\/1563790642_Miguel_Mart_nez.jpg\" \/>\n\t\t<meta name=\"twitter:label1\" content=\"Escrito por\" \/>\n\t\t<meta name=\"twitter:data1\" content=\"El Digital de Asturias\" \/>\n\t\t<meta name=\"twitter:label2\" content=\"Tiempo de lectura estimado\" \/>\n\t\t<meta name=\"twitter:data2\" content=\"4 minutos\" \/>\n\t\t<script type=\"application\/ld+json\" class=\"aioseo-schema\">\n\t\t\t{\"@context\":\"https:\\\/\\\/schema.org\",\"@graph\":[{\"@type\":\"BlogPosting\",\"@id\":\"https:\\\/\\\/www.eldigitaldeasturias.com\\\/noticias\\\/mkd-automotive-group-suma-a-su-equipo-a-miguel-martinez\\\/#blogposting\",\"name\":\"MKD Automotive Group suma a su equipo a Miguel Mart\\u00ednez - El Digital de Asturias\",\"headline\":\"MKD Automotive Group suma a su equipo a Miguel Mart\\u00ednez\",\"author\":{\"@id\":\"https:\\\/\\\/www.eldigitaldeasturias.com\\\/noticias\\\/author\\\/admin\\\/#author\"},\"publisher\":{\"@id\":\"https:\\\/\\\/www.eldigitaldeasturias.com\\\/noticias\\\/#organization\"},\"image\":{\"@type\":\"ImageObject\",\"url\":\"https:\\\/\\\/www.eldigitaldeasturias.com\\\/noticias\\\/wp-content\\\/uploads\\\/2019\\\/07\\\/1563790642_Miguel_Mart_nez.jpg\",\"width\":1200,\"height\":1600},\"datePublished\":\"2019-07-24T12:36:34+02:00\",\"dateModified\":\"2019-07-24T12:36:34+02:00\",\"inLanguage\":\"es-ES\",\"mainEntityOfPage\":{\"@id\":\"https:\\\/\\\/www.eldigitaldeasturias.com\\\/noticias\\\/mkd-automotive-group-suma-a-su-equipo-a-miguel-martinez\\\/#webpage\"},\"isPartOf\":{\"@id\":\"https:\\\/\\\/www.eldigitaldeasturias.com\\\/noticias\\\/mkd-automotive-group-suma-a-su-equipo-a-miguel-martinez\\\/#webpage\"},\"articleSection\":\"Negocios y Empresas\"},{\"@type\":\"BreadcrumbList\",\"@id\":\"https:\\\/\\\/www.eldigitaldeasturias.com\\\/noticias\\\/mkd-automotive-group-suma-a-su-equipo-a-miguel-martinez\\\/#breadcrumblist\",\"itemListElement\":[{\"@type\":\"ListItem\",\"@id\":\"https:\\\/\\\/www.eldigitaldeasturias.com\\\/noticias#listItem\",\"position\":1,\"name\":\"Home\",\"item\":\"https:\\\/\\\/www.eldigitaldeasturias.com\\\/noticias\",\"nextItem\":{\"@type\":\"ListItem\",\"@id\":\"https:\\\/\\\/www.eldigitaldeasturias.com\\\/noticias\\\/category\\\/negocios-y-empresas\\\/#listItem\",\"name\":\"Negocios y Empresas\"}},{\"@type\":\"ListItem\",\"@id\":\"https:\\\/\\\/www.eldigitaldeasturias.com\\\/noticias\\\/category\\\/negocios-y-empresas\\\/#listItem\",\"position\":2,\"name\":\"Negocios y Empresas\",\"item\":\"https:\\\/\\\/www.eldigitaldeasturias.com\\\/noticias\\\/category\\\/negocios-y-empresas\\\/\",\"nextItem\":{\"@type\":\"ListItem\",\"@id\":\"https:\\\/\\\/www.eldigitaldeasturias.com\\\/noticias\\\/mkd-automotive-group-suma-a-su-equipo-a-miguel-martinez\\\/#listItem\",\"name\":\"MKD Automotive Group suma a su equipo a Miguel Mart\\u00ednez\"},\"previousItem\":{\"@type\":\"ListItem\",\"@id\":\"https:\\\/\\\/www.eldigitaldeasturias.com\\\/noticias#listItem\",\"name\":\"Home\"}},{\"@type\":\"ListItem\",\"@id\":\"https:\\\/\\\/www.eldigitaldeasturias.com\\\/noticias\\\/mkd-automotive-group-suma-a-su-equipo-a-miguel-martinez\\\/#listItem\",\"position\":3,\"name\":\"MKD Automotive Group suma a su equipo a Miguel Mart\\u00ednez\",\"previousItem\":{\"@type\":\"ListItem\",\"@id\":\"https:\\\/\\\/www.eldigitaldeasturias.com\\\/noticias\\\/category\\\/negocios-y-empresas\\\/#listItem\",\"name\":\"Negocios y Empresas\"}}]},{\"@type\":\"Organization\",\"@id\":\"https:\\\/\\\/www.eldigitaldeasturias.com\\\/noticias\\\/#organization\",\"name\":\"El Digital de Asturias\",\"description\":\"Hemeroteca\",\"url\":\"https:\\\/\\\/www.eldigitaldeasturias.com\\\/noticias\\\/\",\"email\":\"info@eldigitaldeasturias.com\",\"telephone\":\"+34652131393\",\"logo\":{\"@type\":\"ImageObject\",\"url\":\"https:\\\/\\\/www.eldigitaldeasturias.com\\\/noticias\\\/wp-content\\\/uploads\\\/2020\\\/12\\\/EDA.jpg\",\"@id\":\"https:\\\/\\\/www.eldigitaldeasturias.com\\\/noticias\\\/mkd-automotive-group-suma-a-su-equipo-a-miguel-martinez\\\/#organizationLogo\",\"width\":649,\"height\":297},\"image\":{\"@id\":\"https:\\\/\\\/www.eldigitaldeasturias.com\\\/noticias\\\/mkd-automotive-group-suma-a-su-equipo-a-miguel-martinez\\\/#organizationLogo\"},\"sameAs\":[\"https:\\\/\\\/facebook.com\\\/eldigitaldeasturias\",\"https:\\\/\\\/www.youtube.com\\\/channel\\\/UCZP-2wLEB9Rv6erhFmqVnvg\"],\"address\":{\"@id\":\"https:\\\/\\\/www.eldigitaldeasturias.com\\\/noticias\\\/#postaladdress\",\"@type\":\"PostalAddress\",\"streetAddress\":\"san antonio 4,\",\"postalCode\":\"33430\",\"addressLocality\":\"Cand\\u00e1s\",\"addressRegion\":\"Asturias\",\"addressCountry\":\"ES\"}},{\"@type\":\"Person\",\"@id\":\"https:\\\/\\\/www.eldigitaldeasturias.com\\\/noticias\\\/author\\\/admin\\\/#author\",\"url\":\"https:\\\/\\\/www.eldigitaldeasturias.com\\\/noticias\\\/author\\\/admin\\\/\",\"name\":\"El Digital de Asturias\",\"image\":{\"@type\":\"ImageObject\",\"@id\":\"https:\\\/\\\/www.eldigitaldeasturias.com\\\/noticias\\\/mkd-automotive-group-suma-a-su-equipo-a-miguel-martinez\\\/#authorImage\",\"url\":\"https:\\\/\\\/www.eldigitaldeasturias.com\\\/noticias\\\/wp-content\\\/litespeed\\\/avatar\\\/18677e78aa0546b92d9dbf31ec7d7668.jpg?ver=1777290358\",\"width\":96,\"height\":96,\"caption\":\"El Digital de Asturias\"}},{\"@type\":\"WebPage\",\"@id\":\"https:\\\/\\\/www.eldigitaldeasturias.com\\\/noticias\\\/mkd-automotive-group-suma-a-su-equipo-a-miguel-martinez\\\/#webpage\",\"url\":\"https:\\\/\\\/www.eldigitaldeasturias.com\\\/noticias\\\/mkd-automotive-group-suma-a-su-equipo-a-miguel-martinez\\\/\",\"name\":\"MKD Automotive Group suma a su equipo a Miguel Mart\\u00ednez - El Digital de Asturias\",\"description\":\"La plataforma tecnol\\u00f3gica para la gesti\\u00f3n eficiente del mantenimiento y la reparaci\\u00f3n de veh\\u00edculos particulares y flotas, conf\\u00eda en Miguel Mart\\u00ednez, conocido profesional del sector de la automoci\\u00f3n y la posventa y experto en la generaci\\u00f3n de redes de talleres, su \\u00e1rea de Desarrollo de Negocio MKD Automotive Group, la compa\\u00f1\\u00eda l\\u00edder en servicios auxiliares\",\"inLanguage\":\"es-ES\",\"isPartOf\":{\"@id\":\"https:\\\/\\\/www.eldigitaldeasturias.com\\\/noticias\\\/#website\"},\"breadcrumb\":{\"@id\":\"https:\\\/\\\/www.eldigitaldeasturias.com\\\/noticias\\\/mkd-automotive-group-suma-a-su-equipo-a-miguel-martinez\\\/#breadcrumblist\"},\"author\":{\"@id\":\"https:\\\/\\\/www.eldigitaldeasturias.com\\\/noticias\\\/author\\\/admin\\\/#author\"},\"creator\":{\"@id\":\"https:\\\/\\\/www.eldigitaldeasturias.com\\\/noticias\\\/author\\\/admin\\\/#author\"},\"image\":{\"@type\":\"ImageObject\",\"url\":\"https:\\\/\\\/www.eldigitaldeasturias.com\\\/noticias\\\/wp-content\\\/uploads\\\/2019\\\/07\\\/1563790642_Miguel_Mart_nez.jpg\",\"@id\":\"https:\\\/\\\/www.eldigitaldeasturias.com\\\/noticias\\\/mkd-automotive-group-suma-a-su-equipo-a-miguel-martinez\\\/#mainImage\",\"width\":1200,\"height\":1600},\"primaryImageOfPage\":{\"@id\":\"https:\\\/\\\/www.eldigitaldeasturias.com\\\/noticias\\\/mkd-automotive-group-suma-a-su-equipo-a-miguel-martinez\\\/#mainImage\"},\"datePublished\":\"2019-07-24T12:36:34+02:00\",\"dateModified\":\"2019-07-24T12:36:34+02:00\"},{\"@type\":\"WebSite\",\"@id\":\"https:\\\/\\\/www.eldigitaldeasturias.com\\\/noticias\\\/#website\",\"url\":\"https:\\\/\\\/www.eldigitaldeasturias.com\\\/noticias\\\/\",\"name\":\"El Digital de Asturias - Diario de actualidad y noticias\",\"alternateName\":\"El Digital de Asturias - Diario de actualidad y noticias\",\"description\":\"Hemeroteca\",\"inLanguage\":\"es-ES\",\"publisher\":{\"@id\":\"https:\\\/\\\/www.eldigitaldeasturias.com\\\/noticias\\\/#organization\"}}]}\n\t\t<\/script>\n\t\t<!-- All in One SEO Pro -->\r\n\t\t<title>MKD Automotive Group suma a su equipo a Miguel Mart\u00ednez - El Digital de Asturias<\/title>\n\n","aioseo_head_json":{"title":"MKD Automotive Group suma a su equipo a Miguel Mart\u00ednez - El Digital de Asturias","description":"La plataforma tecnol\u00f3gica para la gesti\u00f3n eficiente del mantenimiento y la reparaci\u00f3n de veh\u00edculos particulares y flotas, conf\u00eda en Miguel Mart\u00ednez, conocido profesional del sector de la automoci\u00f3n y la posventa y experto en la generaci\u00f3n de redes de talleres, su \u00e1rea de Desarrollo de Negocio MKD Automotive Group, la compa\u00f1\u00eda l\u00edder en servicios auxiliares","canonical_url":"https:\/\/www.eldigitaldeasturias.com\/noticias\/mkd-automotive-group-suma-a-su-equipo-a-miguel-martinez\/","robots":"max-image-preview:large","keywords":"negocios y empresas","webmasterTools":{"google-site-verification":"UA-38556648-1","msvalidate.01":"7dfe9f3f1b24437ab69f4f2559babe99","miscellaneous":""},"schema":{"@context":"https:\/\/schema.org","@graph":[{"@type":"BlogPosting","@id":"https:\/\/www.eldigitaldeasturias.com\/noticias\/mkd-automotive-group-suma-a-su-equipo-a-miguel-martinez\/#blogposting","name":"MKD Automotive Group suma a su equipo a Miguel Mart\u00ednez - El Digital de Asturias","headline":"MKD Automotive Group suma a su equipo a Miguel Mart\u00ednez","author":{"@id":"https:\/\/www.eldigitaldeasturias.com\/noticias\/author\/admin\/#author"},"publisher":{"@id":"https:\/\/www.eldigitaldeasturias.com\/noticias\/#organization"},"image":{"@type":"ImageObject","url":"https:\/\/www.eldigitaldeasturias.com\/noticias\/wp-content\/uploads\/2019\/07\/1563790642_Miguel_Mart_nez.jpg","width":1200,"height":1600},"datePublished":"2019-07-24T12:36:34+02:00","dateModified":"2019-07-24T12:36:34+02:00","inLanguage":"es-ES","mainEntityOfPage":{"@id":"https:\/\/www.eldigitaldeasturias.com\/noticias\/mkd-automotive-group-suma-a-su-equipo-a-miguel-martinez\/#webpage"},"isPartOf":{"@id":"https:\/\/www.eldigitaldeasturias.com\/noticias\/mkd-automotive-group-suma-a-su-equipo-a-miguel-martinez\/#webpage"},"articleSection":"Negocios y Empresas"},{"@type":"BreadcrumbList","@id":"https:\/\/www.eldigitaldeasturias.com\/noticias\/mkd-automotive-group-suma-a-su-equipo-a-miguel-martinez\/#breadcrumblist","itemListElement":[{"@type":"ListItem","@id":"https:\/\/www.eldigitaldeasturias.com\/noticias#listItem","position":1,"name":"Home","item":"https:\/\/www.eldigitaldeasturias.com\/noticias","nextItem":{"@type":"ListItem","@id":"https:\/\/www.eldigitaldeasturias.com\/noticias\/category\/negocios-y-empresas\/#listItem","name":"Negocios y Empresas"}},{"@type":"ListItem","@id":"https:\/\/www.eldigitaldeasturias.com\/noticias\/category\/negocios-y-empresas\/#listItem","position":2,"name":"Negocios y Empresas","item":"https:\/\/www.eldigitaldeasturias.com\/noticias\/category\/negocios-y-empresas\/","nextItem":{"@type":"ListItem","@id":"https:\/\/www.eldigitaldeasturias.com\/noticias\/mkd-automotive-group-suma-a-su-equipo-a-miguel-martinez\/#listItem","name":"MKD Automotive Group suma a su equipo a Miguel Mart\u00ednez"},"previousItem":{"@type":"ListItem","@id":"https:\/\/www.eldigitaldeasturias.com\/noticias#listItem","name":"Home"}},{"@type":"ListItem","@id":"https:\/\/www.eldigitaldeasturias.com\/noticias\/mkd-automotive-group-suma-a-su-equipo-a-miguel-martinez\/#listItem","position":3,"name":"MKD Automotive Group suma a su equipo a Miguel Mart\u00ednez","previousItem":{"@type":"ListItem","@id":"https:\/\/www.eldigitaldeasturias.com\/noticias\/category\/negocios-y-empresas\/#listItem","name":"Negocios y Empresas"}}]},{"@type":"Organization","@id":"https:\/\/www.eldigitaldeasturias.com\/noticias\/#organization","name":"El Digital de Asturias","description":"Hemeroteca","url":"https:\/\/www.eldigitaldeasturias.com\/noticias\/","email":"info@eldigitaldeasturias.com","telephone":"+34652131393","logo":{"@type":"ImageObject","url":"https:\/\/www.eldigitaldeasturias.com\/noticias\/wp-content\/uploads\/2020\/12\/EDA.jpg","@id":"https:\/\/www.eldigitaldeasturias.com\/noticias\/mkd-automotive-group-suma-a-su-equipo-a-miguel-martinez\/#organizationLogo","width":649,"height":297},"image":{"@id":"https:\/\/www.eldigitaldeasturias.com\/noticias\/mkd-automotive-group-suma-a-su-equipo-a-miguel-martinez\/#organizationLogo"},"sameAs":["https:\/\/facebook.com\/eldigitaldeasturias","https:\/\/www.youtube.com\/channel\/UCZP-2wLEB9Rv6erhFmqVnvg"],"address":{"@id":"https:\/\/www.eldigitaldeasturias.com\/noticias\/#postaladdress","@type":"PostalAddress","streetAddress":"san antonio 4,","postalCode":"33430","addressLocality":"Cand\u00e1s","addressRegion":"Asturias","addressCountry":"ES"}},{"@type":"Person","@id":"https:\/\/www.eldigitaldeasturias.com\/noticias\/author\/admin\/#author","url":"https:\/\/www.eldigitaldeasturias.com\/noticias\/author\/admin\/","name":"El Digital de Asturias","image":{"@type":"ImageObject","@id":"https:\/\/www.eldigitaldeasturias.com\/noticias\/mkd-automotive-group-suma-a-su-equipo-a-miguel-martinez\/#authorImage","url":"https:\/\/www.eldigitaldeasturias.com\/noticias\/wp-content\/litespeed\/avatar\/18677e78aa0546b92d9dbf31ec7d7668.jpg?ver=1777290358","width":96,"height":96,"caption":"El Digital de Asturias"}},{"@type":"WebPage","@id":"https:\/\/www.eldigitaldeasturias.com\/noticias\/mkd-automotive-group-suma-a-su-equipo-a-miguel-martinez\/#webpage","url":"https:\/\/www.eldigitaldeasturias.com\/noticias\/mkd-automotive-group-suma-a-su-equipo-a-miguel-martinez\/","name":"MKD Automotive Group suma a su equipo a Miguel Mart\u00ednez - El Digital de Asturias","description":"La plataforma tecnol\u00f3gica para la gesti\u00f3n eficiente del mantenimiento y la reparaci\u00f3n de veh\u00edculos particulares y flotas, conf\u00eda en Miguel Mart\u00ednez, conocido profesional del sector de la automoci\u00f3n y la posventa y experto en la generaci\u00f3n de redes de talleres, su \u00e1rea de Desarrollo de Negocio MKD Automotive Group, la compa\u00f1\u00eda l\u00edder en servicios auxiliares","inLanguage":"es-ES","isPartOf":{"@id":"https:\/\/www.eldigitaldeasturias.com\/noticias\/#website"},"breadcrumb":{"@id":"https:\/\/www.eldigitaldeasturias.com\/noticias\/mkd-automotive-group-suma-a-su-equipo-a-miguel-martinez\/#breadcrumblist"},"author":{"@id":"https:\/\/www.eldigitaldeasturias.com\/noticias\/author\/admin\/#author"},"creator":{"@id":"https:\/\/www.eldigitaldeasturias.com\/noticias\/author\/admin\/#author"},"image":{"@type":"ImageObject","url":"https:\/\/www.eldigitaldeasturias.com\/noticias\/wp-content\/uploads\/2019\/07\/1563790642_Miguel_Mart_nez.jpg","@id":"https:\/\/www.eldigitaldeasturias.com\/noticias\/mkd-automotive-group-suma-a-su-equipo-a-miguel-martinez\/#mainImage","width":1200,"height":1600},"primaryImageOfPage":{"@id":"https:\/\/www.eldigitaldeasturias.com\/noticias\/mkd-automotive-group-suma-a-su-equipo-a-miguel-martinez\/#mainImage"},"datePublished":"2019-07-24T12:36:34+02:00","dateModified":"2019-07-24T12:36:34+02:00"},{"@type":"WebSite","@id":"https:\/\/www.eldigitaldeasturias.com\/noticias\/#website","url":"https:\/\/www.eldigitaldeasturias.com\/noticias\/","name":"El Digital de Asturias - Diario de actualidad y noticias","alternateName":"El Digital de Asturias - Diario de actualidad y noticias","description":"Hemeroteca","inLanguage":"es-ES","publisher":{"@id":"https:\/\/www.eldigitaldeasturias.com\/noticias\/#organization"}}]},"og:locale":"es_ES","og:site_name":"El Digital de Asturias","og:type":"article","og:title":"MKD Automotive Group suma a su equipo a Miguel Mart\u00ednez - El Digital de Asturias","og:description":"La plataforma tecnol\u00f3gica para la gesti\u00f3n eficiente del mantenimiento y la reparaci\u00f3n de veh\u00edculos particulares y flotas, conf\u00eda en Miguel Mart\u00ednez, conocido profesional del sector de la automoci\u00f3n y la posventa y experto en la generaci\u00f3n de redes de talleres, su \u00e1rea de Desarrollo de Negocio MKD Automotive Group, la compa\u00f1\u00eda l\u00edder en servicios auxiliares","og:url":"https:\/\/www.eldigitaldeasturias.com\/noticias\/mkd-automotive-group-suma-a-su-equipo-a-miguel-martinez\/","og:image":"https:\/\/www.eldigitaldeasturias.com\/noticias\/wp-content\/uploads\/2019\/07\/1563790642_Miguel_Mart_nez.jpg","og:image:secure_url":"https:\/\/www.eldigitaldeasturias.com\/noticias\/wp-content\/uploads\/2019\/07\/1563790642_Miguel_Mart_nez.jpg","og:image:width":1200,"og:image:height":1600,"article:tag":["negocios y empresas"],"article:published_time":"2019-07-24T12:36:34+00:00","article:modified_time":"2019-07-24T12:36:34+00:00","article:publisher":"https:\/\/facebook.com\/eldigitaldeasturias","twitter:card":"summary_large_image","twitter:title":"MKD Automotive Group suma a su equipo a Miguel Mart\u00ednez - El Digital de Asturias","twitter:description":"La plataforma tecnol\u00f3gica para la gesti\u00f3n eficiente del mantenimiento y la reparaci\u00f3n de veh\u00edculos particulares y flotas, conf\u00eda en Miguel Mart\u00ednez, conocido profesional del sector de la automoci\u00f3n y la posventa y experto en la generaci\u00f3n de redes de talleres, su \u00e1rea de Desarrollo de Negocio MKD Automotive Group, la compa\u00f1\u00eda l\u00edder en servicios auxiliares","twitter:image":"https:\/\/www.eldigitaldeasturias.com\/noticias\/wp-content\/uploads\/2019\/07\/1563790642_Miguel_Mart_nez.jpg","twitter:label1":"Escrito por","twitter:data1":"El Digital de Asturias","twitter:label2":"Tiempo de lectura estimado","twitter:data2":"4 minutos"},"aioseo_meta_data":{"post_id":"1035783","title":null,"description":null,"keywords":null,"keyphrases":null,"primary_term":null,"canonical_url":null,"og_title":null,"og_description":null,"og_object_type":"default","og_image_type":"default","og_image_url":null,"og_image_width":null,"og_image_height":null,"og_image_custom_url":null,"og_image_custom_fields":null,"og_video":null,"og_custom_url":null,"og_article_section":null,"og_article_tags":null,"twitter_use_og":false,"twitter_card":"default","twitter_image_type":"default","twitter_image_url":null,"twitter_image_custom_url":null,"twitter_image_custom_fields":null,"twitter_title":null,"twitter_description":null,"schema":{"blockGraphs":[],"customGraphs":[],"default":{"data":{"Article":[],"Course":[],"Dataset":[],"FAQPage":[],"Movie":[],"Person":[],"Product":[],"ProductReview":[],"Car":[],"Recipe":[],"Service":[],"SoftwareApplication":[],"WebPage":[]},"graphName":"","isEnabled":true},"graphs":[],"defaultGraph":"","defaultPostTypeGraph":""},"schema_type":null,"schema_type_options":null,"pillar_content":false,"robots_default":true,"robots_noindex":false,"robots_noarchive":false,"robots_nosnippet":false,"robots_nofollow":false,"robots_noimageindex":false,"robots_noodp":false,"robots_notranslate":false,"robots_max_snippet":null,"robots_max_videopreview":null,"robots_max_imagepreview":"large","priority":null,"frequency":null,"local_seo":null,"seo_analyzer_scan_date":"2025-10-22 10:25:02","breadcrumb_settings":null,"limit_modified_date":false,"open_ai":null,"ai":null,"created":"2020-12-21 11:08:00","updated":"2025-10-22 10:25:02"},"aioseo_breadcrumb":"<div class=\"aioseo-breadcrumbs\"><span class=\"aioseo-breadcrumb\">\n\t<a href=\"https:\/\/www.eldigitaldeasturias.com\/noticias\" title=\"Home\">Home<\/a>\n<\/span><span class=\"aioseo-breadcrumb-separator\">\u2013<\/span><span class=\"aioseo-breadcrumb\">\n\t<a href=\"https:\/\/www.eldigitaldeasturias.com\/noticias\/category\/negocios-y-empresas\/\" title=\"Negocios y Empresas\">Negocios y Empresas<\/a>\n<\/span><span class=\"aioseo-breadcrumb-separator\">\u2013<\/span><span class=\"aioseo-breadcrumb\">\n\t<a href=\"https:\/\/www.eldigitaldeasturias.com\/noticias\/mkd-automotive-group-suma-a-su-equipo-a-miguel-martinez\/\" title=\"MKD Automotive Group suma a su equipo a Miguel Mart\u00ednez\">MKD Automotive Group suma a su equipo a Miguel Mart\u00ednez<\/a>\n<\/span><\/div>","aioseo_breadcrumb_json":[{"label":"Home","link":"https:\/\/www.eldigitaldeasturias.com\/noticias"},{"label":"Negocios y Empresas","link":"https:\/\/www.eldigitaldeasturias.com\/noticias\/category\/negocios-y-empresas\/"},{"label":"MKD Automotive Group suma a su equipo a Miguel Mart\u00ednez","link":"https:\/\/www.eldigitaldeasturias.com\/noticias\/mkd-automotive-group-suma-a-su-equipo-a-miguel-martinez\/"}],"_links":{"self":[{"href":"https:\/\/www.eldigitaldeasturias.com\/noticias\/wp-json\/wp\/v2\/posts\/1035783","targetHints":{"allow":["GET"]}}],"collection":[{"href":"https:\/\/www.eldigitaldeasturias.com\/noticias\/wp-json\/wp\/v2\/posts"}],"about":[{"href":"https:\/\/www.eldigitaldeasturias.com\/noticias\/wp-json\/wp\/v2\/types\/post"}],"author":[{"embeddable":true,"href":"https:\/\/www.eldigitaldeasturias.com\/noticias\/wp-json\/wp\/v2\/users\/1"}],"replies":[{"embeddable":true,"href":"https:\/\/www.eldigitaldeasturias.com\/noticias\/wp-json\/wp\/v2\/comments?post=1035783"}],"version-history":[{"count":0,"href":"https:\/\/www.eldigitaldeasturias.com\/noticias\/wp-json\/wp\/v2\/posts\/1035783\/revisions"}],"wp:featuredmedia":[{"embeddable":true,"href":"https:\/\/www.eldigitaldeasturias.com\/noticias\/wp-json\/wp\/v2\/media\/1035784"}],"wp:attachment":[{"href":"https:\/\/www.eldigitaldeasturias.com\/noticias\/wp-json\/wp\/v2\/media?parent=1035783"}],"wp:term":[{"taxonomy":"category","embeddable":true,"href":"https:\/\/www.eldigitaldeasturias.com\/noticias\/wp-json\/wp\/v2\/categories?post=1035783"},{"taxonomy":"post_tag","embeddable":true,"href":"https:\/\/www.eldigitaldeasturias.com\/noticias\/wp-json\/wp\/v2\/tags?post=1035783"}],"curies":[{"name":"wp","href":"https:\/\/api.w.org\/{rel}","templated":true}]}}