{"id":1035774,"date":"2019-07-24T12:25:12","date_gmt":"2019-07-24T12:25:12","guid":{"rendered":"https:\/\/www.eldigitaldeasturias.com\/noticias\/?p=1035774"},"modified":"2019-07-24T12:25:12","modified_gmt":"2019-07-24T12:25:12","slug":"globalia-colaborara-en-la-gran-gira-espanola-de-las-reliquias-de-lourdes","status":"publish","type":"post","link":"https:\/\/www.eldigitaldeasturias.com\/noticias\/globalia-colaborara-en-la-gran-gira-espanola-de-las-reliquias-de-lourdes\/","title":{"rendered":"Globalia colaborar\u00e1 en la gran gira espa\u00f1ola de las reliquias de Lourdes"},"content":{"rendered":"<p><img loading=\"lazy\" decoding=\"async\" class=\"alignleft size-medium wp-image-1035775\" src=\"https:\/\/www.eldigitaldeasturias.com\/noticias\/wp-content\/uploads\/2019\/07\/UMB1668-360x246.jpg\" alt=\"\" width=\"360\" height=\"246\" srcset=\"https:\/\/www.eldigitaldeasturias.com\/noticias\/wp-content\/uploads\/2019\/07\/UMB1668-360x246.jpg 360w, https:\/\/www.eldigitaldeasturias.com\/noticias\/wp-content\/uploads\/2019\/07\/UMB1668-768x524.jpg 768w, https:\/\/www.eldigitaldeasturias.com\/noticias\/wp-content\/uploads\/2019\/07\/UMB1668-650x444.jpg 650w, https:\/\/www.eldigitaldeasturias.com\/noticias\/wp-content\/uploads\/2019\/07\/UMB1668-1024x699.jpg 1024w, https:\/\/www.eldigitaldeasturias.com\/noticias\/wp-content\/uploads\/2019\/07\/UMB1668.jpg 1280w\" sizes=\"auto, (max-width: 360px) 100vw, 360px\" \/>El grupo Globalia ha llegado a un acuerdo con la Federaci\u00f3n Espa\u00f1ola de Hospitalidades de Lourdes para apoyarles en la ruta de las Reliquias de Santa Bernadette, la santa conocida por haber recibido en Lourdes las apariciones de la Virgen entre febrero y julio de 1858.<\/p>\n<p>Se trata de una gira nacional que comenzar\u00e1 el 1 de septiembre, que tendr\u00e1 una duraci\u00f3n de tres meses y que espera movilizar a m\u00e1s de 50.000 personas en 46 di\u00f3cesis espa\u00f1olas.<\/p>\n<p>\u201cGracias a Globalia, Halc\u00f3n Viajes Peregrinaciones, y concretamente a su presidente, don Juan Jos\u00e9 Hidalgo, este proyecto saldr\u00e1 adelante. A partir del mes de septiembre y durante tres meses y medio, se recorrer\u00e1n 46 di\u00f3cesis de nuestro pa\u00eds\u201d, explic\u00f3 el presidente de la Federaci\u00f3n, Pablo Garamendi.<\/p>\n<p>\u201cEs un placer para Halc\u00f3n Viajes Peregrinaciones colaborar con la Federaci\u00f3n Espa\u00f1ola de Hospitalidades de Lourdes, que hace un trabajo extraordinario de voluntariado hospitalario y acompa\u00f1amiento a los enfermos, en un proyecto tan se\u00f1alado y que recorrer\u00e1 buena parte de la geograf\u00eda nacional\u201d, se\u00f1al\u00f3 por su parte el presidente de Globalia, Juan Jos\u00e9 Hidalgo.<\/p>\n<p>Desde su fundaci\u00f3n, las Hospitalidades espa\u00f1olas de Nuestra Se\u00f1ora de Lourdes han llevado al Santuario a miles y miles de peregrinos que han encontrado el consuelo y la alegr\u00eda para convivir con su enfermedad.<\/p>\n<p>\u201cNuestras peregrinaciones al Santuario de Lourdes nos proporcionan d\u00edas de convivencia en los que la fraternidad y el ambiente festivo consiguen crear un clima de paz y tranquilidad que posibilita una mejora en nuestro esp\u00edritu y la aceptaci\u00f3n de nuestras propias limitaciones\u201d, explic\u00f3 Garamendi.<\/p>\n<p>El presidente de la Federaci\u00f3n subray\u00f3 que \u201cel prop\u00f3sito de las Hospitalidades no se reduce a nuestras peregrinaciones anuales, nuestra vocaci\u00f3n de servicio se ampl\u00eda al resto del a\u00f1o, atendiendo a nuestros enfermos y peregrinos que lo necesitan, colaborando con distintos proyectos y poniendo en contacto nuestro voluntariado con otros de nuestro entorno\u201d.<\/p>\n<h3>Sobre la Federaci\u00f3n Espa\u00f1ola de Hospitalidades de Nuestra Se\u00f1ora de Lourdes<\/h3>\n<p>La Federaci\u00f3n Espa\u00f1ola de Hospitalidades Lourdes naci\u00f3 con la finalidad de coordinar y facilitar las peregrinaciones diocesanas a Lourdes y difundir el mensaje de Lourdes en la Iglesia y en la sociedad.<\/p>\n<h3>Sobre Halc\u00f3n Peregrinaciones<\/h3>\n<p>Halc\u00f3n Peregrinaciones es la divisi\u00f3n de Halc\u00f3n Viajes especializada en peregrinaciones y turismo religioso desde hace 15 a\u00f1os. Se dedica a ofrecer un producto diferenciador para nuestra red de oficinas y para el cliente final, con destinos en los que somos pioneros como Tierra Santa con los franciscanos, Italia , Polonia, F\u00e1tima, Lourdes y otros mucho<\/p>\n<p>&nbsp;<\/p>\n","protected":false},"excerpt":{"rendered":"<p>El grupo Globalia ha llegado a un acuerdo con la Federaci\u00f3n Espa\u00f1ola de Hospitalidades de Lourdes para apoyarles en la ruta de las Reliquias de Santa Bernadette, la santa conocida por haber recibido en Lourdes las apariciones de la Virgen entre febrero y julio de 1858. Se trata de una gira nacional que comenzar\u00e1 el [&hellip;]<\/p>\n","protected":false},"author":1,"featured_media":1035775,"comment_status":"closed","ping_status":"closed","sticky":false,"template":"","format":"standard","meta":{"footnotes":""},"categories":[219],"tags":[],"class_list":["post-1035774","post","type-post","status-publish","format-standard","has-post-thumbnail","hentry","category-negocios-y-empresas"],"aioseo_notices":[],"aioseo_head":"\n\t\t<!-- All in One SEO Pro 4.9.6.2 - aioseo.com -->\n\t<meta name=\"description\" content=\"El grupo Globalia ha llegado a un acuerdo con la Federaci\u00f3n Espa\u00f1ola de Hospitalidades de Lourdes para apoyarles en la ruta de las Reliquias de Santa Bernadette, la santa conocida por haber recibido en Lourdes las apariciones de la Virgen entre febrero y julio de 1858. Se trata de una gira nacional que comenzar\u00e1 el\" \/>\n\t<meta name=\"robots\" content=\"max-image-preview:large\" \/>\n\t<meta name=\"author\" content=\"El Digital de Asturias\"\/>\n\t<meta name=\"google-site-verification\" content=\"UA-38556648-1\" \/>\n\t<meta name=\"msvalidate.01\" content=\"7dfe9f3f1b24437ab69f4f2559babe99\" \/>\n\t<meta name=\"keywords\" content=\"negocios y empresas\" \/>\n\t<link rel=\"canonical\" href=\"https:\/\/www.eldigitaldeasturias.com\/noticias\/globalia-colaborara-en-la-gran-gira-espanola-de-las-reliquias-de-lourdes\/\" \/>\n\t<meta name=\"generator\" content=\"All in One SEO Pro (AIOSEO) 4.9.6.2\" \/>\n\t\t<meta property=\"og:locale\" content=\"es_ES\" \/>\n\t\t<meta property=\"og:site_name\" content=\"El Digital de Asturias\" \/>\n\t\t<meta property=\"og:type\" content=\"article\" \/>\n\t\t<meta property=\"og:title\" content=\"Globalia colaborar\u00e1 en la gran gira espa\u00f1ola de las reliquias de Lourdes - El Digital de Asturias\" \/>\n\t\t<meta property=\"og:description\" content=\"El grupo Globalia ha llegado a un acuerdo con la Federaci\u00f3n Espa\u00f1ola de Hospitalidades de Lourdes para apoyarles en la ruta de las Reliquias de Santa Bernadette, la santa conocida por haber recibido en Lourdes las apariciones de la Virgen entre febrero y julio de 1858. Se trata de una gira nacional que comenzar\u00e1 el\" \/>\n\t\t<meta property=\"og:url\" content=\"https:\/\/www.eldigitaldeasturias.com\/noticias\/globalia-colaborara-en-la-gran-gira-espanola-de-las-reliquias-de-lourdes\/\" \/>\n\t\t<meta property=\"og:image\" content=\"https:\/\/www.eldigitaldeasturias.com\/noticias\/wp-content\/uploads\/2019\/07\/UMB1668.jpg\" \/>\n\t\t<meta property=\"og:image:secure_url\" content=\"https:\/\/www.eldigitaldeasturias.com\/noticias\/wp-content\/uploads\/2019\/07\/UMB1668.jpg\" \/>\n\t\t<meta property=\"og:image:width\" content=\"1280\" \/>\n\t\t<meta property=\"og:image:height\" content=\"874\" \/>\n\t\t<meta property=\"article:tag\" content=\"negocios y empresas\" \/>\n\t\t<meta property=\"article:published_time\" content=\"2019-07-24T12:25:12+00:00\" \/>\n\t\t<meta property=\"article:modified_time\" content=\"2019-07-24T12:25:12+00:00\" \/>\n\t\t<meta property=\"article:publisher\" content=\"https:\/\/facebook.com\/eldigitaldeasturias\" \/>\n\t\t<meta name=\"twitter:card\" content=\"summary_large_image\" \/>\n\t\t<meta name=\"twitter:title\" content=\"Globalia colaborar\u00e1 en la gran gira espa\u00f1ola de las reliquias de Lourdes - El Digital de Asturias\" \/>\n\t\t<meta name=\"twitter:description\" content=\"El grupo Globalia ha llegado a un acuerdo con la Federaci\u00f3n Espa\u00f1ola de Hospitalidades de Lourdes para apoyarles en la ruta de las Reliquias de Santa Bernadette, la santa conocida por haber recibido en Lourdes las apariciones de la Virgen entre febrero y julio de 1858. Se trata de una gira nacional que comenzar\u00e1 el\" \/>\n\t\t<meta name=\"twitter:image\" content=\"https:\/\/www.eldigitaldeasturias.com\/noticias\/wp-content\/uploads\/2019\/07\/UMB1668.jpg\" \/>\n\t\t<meta name=\"twitter:label1\" content=\"Escrito por\" \/>\n\t\t<meta name=\"twitter:data1\" content=\"El Digital de Asturias\" \/>\n\t\t<meta name=\"twitter:label2\" content=\"Tiempo de lectura estimado\" \/>\n\t\t<meta name=\"twitter:data2\" content=\"2 minutos\" \/>\n\t\t<script type=\"application\/ld+json\" class=\"aioseo-schema\">\n\t\t\t{\"@context\":\"https:\\\/\\\/schema.org\",\"@graph\":[{\"@type\":\"BlogPosting\",\"@id\":\"https:\\\/\\\/www.eldigitaldeasturias.com\\\/noticias\\\/globalia-colaborara-en-la-gran-gira-espanola-de-las-reliquias-de-lourdes\\\/#blogposting\",\"name\":\"Globalia colaborar\\u00e1 en la gran gira espa\\u00f1ola de las reliquias de Lourdes - El Digital de Asturias\",\"headline\":\"Globalia colaborar\\u00e1 en la gran gira espa\\u00f1ola de las reliquias de Lourdes\",\"author\":{\"@id\":\"https:\\\/\\\/www.eldigitaldeasturias.com\\\/noticias\\\/author\\\/admin\\\/#author\"},\"publisher\":{\"@id\":\"https:\\\/\\\/www.eldigitaldeasturias.com\\\/noticias\\\/#organization\"},\"image\":{\"@type\":\"ImageObject\",\"url\":\"https:\\\/\\\/www.eldigitaldeasturias.com\\\/noticias\\\/wp-content\\\/uploads\\\/2019\\\/07\\\/UMB1668.jpg\",\"width\":1280,\"height\":874},\"datePublished\":\"2019-07-24T12:25:12+02:00\",\"dateModified\":\"2019-07-24T12:25:12+02:00\",\"inLanguage\":\"es-ES\",\"mainEntityOfPage\":{\"@id\":\"https:\\\/\\\/www.eldigitaldeasturias.com\\\/noticias\\\/globalia-colaborara-en-la-gran-gira-espanola-de-las-reliquias-de-lourdes\\\/#webpage\"},\"isPartOf\":{\"@id\":\"https:\\\/\\\/www.eldigitaldeasturias.com\\\/noticias\\\/globalia-colaborara-en-la-gran-gira-espanola-de-las-reliquias-de-lourdes\\\/#webpage\"},\"articleSection\":\"Negocios y Empresas\"},{\"@type\":\"BreadcrumbList\",\"@id\":\"https:\\\/\\\/www.eldigitaldeasturias.com\\\/noticias\\\/globalia-colaborara-en-la-gran-gira-espanola-de-las-reliquias-de-lourdes\\\/#breadcrumblist\",\"itemListElement\":[{\"@type\":\"ListItem\",\"@id\":\"https:\\\/\\\/www.eldigitaldeasturias.com\\\/noticias#listItem\",\"position\":1,\"name\":\"Home\",\"item\":\"https:\\\/\\\/www.eldigitaldeasturias.com\\\/noticias\",\"nextItem\":{\"@type\":\"ListItem\",\"@id\":\"https:\\\/\\\/www.eldigitaldeasturias.com\\\/noticias\\\/category\\\/negocios-y-empresas\\\/#listItem\",\"name\":\"Negocios y Empresas\"}},{\"@type\":\"ListItem\",\"@id\":\"https:\\\/\\\/www.eldigitaldeasturias.com\\\/noticias\\\/category\\\/negocios-y-empresas\\\/#listItem\",\"position\":2,\"name\":\"Negocios y Empresas\",\"item\":\"https:\\\/\\\/www.eldigitaldeasturias.com\\\/noticias\\\/category\\\/negocios-y-empresas\\\/\",\"nextItem\":{\"@type\":\"ListItem\",\"@id\":\"https:\\\/\\\/www.eldigitaldeasturias.com\\\/noticias\\\/globalia-colaborara-en-la-gran-gira-espanola-de-las-reliquias-de-lourdes\\\/#listItem\",\"name\":\"Globalia colaborar\\u00e1 en la gran gira espa\\u00f1ola de las reliquias de Lourdes\"},\"previousItem\":{\"@type\":\"ListItem\",\"@id\":\"https:\\\/\\\/www.eldigitaldeasturias.com\\\/noticias#listItem\",\"name\":\"Home\"}},{\"@type\":\"ListItem\",\"@id\":\"https:\\\/\\\/www.eldigitaldeasturias.com\\\/noticias\\\/globalia-colaborara-en-la-gran-gira-espanola-de-las-reliquias-de-lourdes\\\/#listItem\",\"position\":3,\"name\":\"Globalia colaborar\\u00e1 en la gran gira espa\\u00f1ola de las reliquias de Lourdes\",\"previousItem\":{\"@type\":\"ListItem\",\"@id\":\"https:\\\/\\\/www.eldigitaldeasturias.com\\\/noticias\\\/category\\\/negocios-y-empresas\\\/#listItem\",\"name\":\"Negocios y Empresas\"}}]},{\"@type\":\"Organization\",\"@id\":\"https:\\\/\\\/www.eldigitaldeasturias.com\\\/noticias\\\/#organization\",\"name\":\"El Digital de Asturias\",\"description\":\"Hemeroteca\",\"url\":\"https:\\\/\\\/www.eldigitaldeasturias.com\\\/noticias\\\/\",\"email\":\"info@eldigitaldeasturias.com\",\"telephone\":\"+34652131393\",\"logo\":{\"@type\":\"ImageObject\",\"url\":\"https:\\\/\\\/www.eldigitaldeasturias.com\\\/noticias\\\/wp-content\\\/uploads\\\/2020\\\/12\\\/EDA.jpg\",\"@id\":\"https:\\\/\\\/www.eldigitaldeasturias.com\\\/noticias\\\/globalia-colaborara-en-la-gran-gira-espanola-de-las-reliquias-de-lourdes\\\/#organizationLogo\",\"width\":649,\"height\":297},\"image\":{\"@id\":\"https:\\\/\\\/www.eldigitaldeasturias.com\\\/noticias\\\/globalia-colaborara-en-la-gran-gira-espanola-de-las-reliquias-de-lourdes\\\/#organizationLogo\"},\"sameAs\":[\"https:\\\/\\\/facebook.com\\\/eldigitaldeasturias\",\"https:\\\/\\\/www.youtube.com\\\/channel\\\/UCZP-2wLEB9Rv6erhFmqVnvg\"],\"address\":{\"@id\":\"https:\\\/\\\/www.eldigitaldeasturias.com\\\/noticias\\\/#postaladdress\",\"@type\":\"PostalAddress\",\"streetAddress\":\"san antonio 4,\",\"postalCode\":\"33430\",\"addressLocality\":\"Cand\\u00e1s\",\"addressRegion\":\"Asturias\",\"addressCountry\":\"ES\"}},{\"@type\":\"Person\",\"@id\":\"https:\\\/\\\/www.eldigitaldeasturias.com\\\/noticias\\\/author\\\/admin\\\/#author\",\"url\":\"https:\\\/\\\/www.eldigitaldeasturias.com\\\/noticias\\\/author\\\/admin\\\/\",\"name\":\"El Digital de Asturias\",\"image\":{\"@type\":\"ImageObject\",\"@id\":\"https:\\\/\\\/www.eldigitaldeasturias.com\\\/noticias\\\/globalia-colaborara-en-la-gran-gira-espanola-de-las-reliquias-de-lourdes\\\/#authorImage\",\"url\":\"https:\\\/\\\/www.eldigitaldeasturias.com\\\/noticias\\\/wp-content\\\/litespeed\\\/avatar\\\/18677e78aa0546b92d9dbf31ec7d7668.jpg?ver=1777290358\",\"width\":96,\"height\":96,\"caption\":\"El Digital de Asturias\"}},{\"@type\":\"WebPage\",\"@id\":\"https:\\\/\\\/www.eldigitaldeasturias.com\\\/noticias\\\/globalia-colaborara-en-la-gran-gira-espanola-de-las-reliquias-de-lourdes\\\/#webpage\",\"url\":\"https:\\\/\\\/www.eldigitaldeasturias.com\\\/noticias\\\/globalia-colaborara-en-la-gran-gira-espanola-de-las-reliquias-de-lourdes\\\/\",\"name\":\"Globalia colaborar\\u00e1 en la gran gira espa\\u00f1ola de las reliquias de Lourdes - El Digital de Asturias\",\"description\":\"El grupo Globalia ha llegado a un acuerdo con la Federaci\\u00f3n Espa\\u00f1ola de Hospitalidades de Lourdes para apoyarles en la ruta de las Reliquias de Santa Bernadette, la santa conocida por haber recibido en Lourdes las apariciones de la Virgen entre febrero y julio de 1858. Se trata de una gira nacional que comenzar\\u00e1 el\",\"inLanguage\":\"es-ES\",\"isPartOf\":{\"@id\":\"https:\\\/\\\/www.eldigitaldeasturias.com\\\/noticias\\\/#website\"},\"breadcrumb\":{\"@id\":\"https:\\\/\\\/www.eldigitaldeasturias.com\\\/noticias\\\/globalia-colaborara-en-la-gran-gira-espanola-de-las-reliquias-de-lourdes\\\/#breadcrumblist\"},\"author\":{\"@id\":\"https:\\\/\\\/www.eldigitaldeasturias.com\\\/noticias\\\/author\\\/admin\\\/#author\"},\"creator\":{\"@id\":\"https:\\\/\\\/www.eldigitaldeasturias.com\\\/noticias\\\/author\\\/admin\\\/#author\"},\"image\":{\"@type\":\"ImageObject\",\"url\":\"https:\\\/\\\/www.eldigitaldeasturias.com\\\/noticias\\\/wp-content\\\/uploads\\\/2019\\\/07\\\/UMB1668.jpg\",\"@id\":\"https:\\\/\\\/www.eldigitaldeasturias.com\\\/noticias\\\/globalia-colaborara-en-la-gran-gira-espanola-de-las-reliquias-de-lourdes\\\/#mainImage\",\"width\":1280,\"height\":874},\"primaryImageOfPage\":{\"@id\":\"https:\\\/\\\/www.eldigitaldeasturias.com\\\/noticias\\\/globalia-colaborara-en-la-gran-gira-espanola-de-las-reliquias-de-lourdes\\\/#mainImage\"},\"datePublished\":\"2019-07-24T12:25:12+02:00\",\"dateModified\":\"2019-07-24T12:25:12+02:00\"},{\"@type\":\"WebSite\",\"@id\":\"https:\\\/\\\/www.eldigitaldeasturias.com\\\/noticias\\\/#website\",\"url\":\"https:\\\/\\\/www.eldigitaldeasturias.com\\\/noticias\\\/\",\"name\":\"El Digital de Asturias - Diario de actualidad y noticias\",\"alternateName\":\"El Digital de Asturias - Diario de actualidad y noticias\",\"description\":\"Hemeroteca\",\"inLanguage\":\"es-ES\",\"publisher\":{\"@id\":\"https:\\\/\\\/www.eldigitaldeasturias.com\\\/noticias\\\/#organization\"}}]}\n\t\t<\/script>\n\t\t<!-- All in One SEO Pro -->\r\n\t\t<title>Globalia colaborar\u00e1 en la gran gira espa\u00f1ola de las reliquias de Lourdes - El Digital de Asturias<\/title>\n\n","aioseo_head_json":{"title":"Globalia colaborar\u00e1 en la gran gira espa\u00f1ola de las reliquias de Lourdes - El Digital de Asturias","description":"El grupo Globalia ha llegado a un acuerdo con la Federaci\u00f3n Espa\u00f1ola de Hospitalidades de Lourdes para apoyarles en la ruta de las Reliquias de Santa Bernadette, la santa conocida por haber recibido en Lourdes las apariciones de la Virgen entre febrero y julio de 1858. Se trata de una gira nacional que comenzar\u00e1 el","canonical_url":"https:\/\/www.eldigitaldeasturias.com\/noticias\/globalia-colaborara-en-la-gran-gira-espanola-de-las-reliquias-de-lourdes\/","robots":"max-image-preview:large","keywords":"negocios y empresas","webmasterTools":{"google-site-verification":"UA-38556648-1","msvalidate.01":"7dfe9f3f1b24437ab69f4f2559babe99","miscellaneous":""},"schema":{"@context":"https:\/\/schema.org","@graph":[{"@type":"BlogPosting","@id":"https:\/\/www.eldigitaldeasturias.com\/noticias\/globalia-colaborara-en-la-gran-gira-espanola-de-las-reliquias-de-lourdes\/#blogposting","name":"Globalia colaborar\u00e1 en la gran gira espa\u00f1ola de las reliquias de Lourdes - El Digital de Asturias","headline":"Globalia colaborar\u00e1 en la gran gira espa\u00f1ola de las reliquias de Lourdes","author":{"@id":"https:\/\/www.eldigitaldeasturias.com\/noticias\/author\/admin\/#author"},"publisher":{"@id":"https:\/\/www.eldigitaldeasturias.com\/noticias\/#organization"},"image":{"@type":"ImageObject","url":"https:\/\/www.eldigitaldeasturias.com\/noticias\/wp-content\/uploads\/2019\/07\/UMB1668.jpg","width":1280,"height":874},"datePublished":"2019-07-24T12:25:12+02:00","dateModified":"2019-07-24T12:25:12+02:00","inLanguage":"es-ES","mainEntityOfPage":{"@id":"https:\/\/www.eldigitaldeasturias.com\/noticias\/globalia-colaborara-en-la-gran-gira-espanola-de-las-reliquias-de-lourdes\/#webpage"},"isPartOf":{"@id":"https:\/\/www.eldigitaldeasturias.com\/noticias\/globalia-colaborara-en-la-gran-gira-espanola-de-las-reliquias-de-lourdes\/#webpage"},"articleSection":"Negocios y Empresas"},{"@type":"BreadcrumbList","@id":"https:\/\/www.eldigitaldeasturias.com\/noticias\/globalia-colaborara-en-la-gran-gira-espanola-de-las-reliquias-de-lourdes\/#breadcrumblist","itemListElement":[{"@type":"ListItem","@id":"https:\/\/www.eldigitaldeasturias.com\/noticias#listItem","position":1,"name":"Home","item":"https:\/\/www.eldigitaldeasturias.com\/noticias","nextItem":{"@type":"ListItem","@id":"https:\/\/www.eldigitaldeasturias.com\/noticias\/category\/negocios-y-empresas\/#listItem","name":"Negocios y Empresas"}},{"@type":"ListItem","@id":"https:\/\/www.eldigitaldeasturias.com\/noticias\/category\/negocios-y-empresas\/#listItem","position":2,"name":"Negocios y Empresas","item":"https:\/\/www.eldigitaldeasturias.com\/noticias\/category\/negocios-y-empresas\/","nextItem":{"@type":"ListItem","@id":"https:\/\/www.eldigitaldeasturias.com\/noticias\/globalia-colaborara-en-la-gran-gira-espanola-de-las-reliquias-de-lourdes\/#listItem","name":"Globalia colaborar\u00e1 en la gran gira espa\u00f1ola de las reliquias de Lourdes"},"previousItem":{"@type":"ListItem","@id":"https:\/\/www.eldigitaldeasturias.com\/noticias#listItem","name":"Home"}},{"@type":"ListItem","@id":"https:\/\/www.eldigitaldeasturias.com\/noticias\/globalia-colaborara-en-la-gran-gira-espanola-de-las-reliquias-de-lourdes\/#listItem","position":3,"name":"Globalia colaborar\u00e1 en la gran gira espa\u00f1ola de las reliquias de Lourdes","previousItem":{"@type":"ListItem","@id":"https:\/\/www.eldigitaldeasturias.com\/noticias\/category\/negocios-y-empresas\/#listItem","name":"Negocios y Empresas"}}]},{"@type":"Organization","@id":"https:\/\/www.eldigitaldeasturias.com\/noticias\/#organization","name":"El Digital de Asturias","description":"Hemeroteca","url":"https:\/\/www.eldigitaldeasturias.com\/noticias\/","email":"info@eldigitaldeasturias.com","telephone":"+34652131393","logo":{"@type":"ImageObject","url":"https:\/\/www.eldigitaldeasturias.com\/noticias\/wp-content\/uploads\/2020\/12\/EDA.jpg","@id":"https:\/\/www.eldigitaldeasturias.com\/noticias\/globalia-colaborara-en-la-gran-gira-espanola-de-las-reliquias-de-lourdes\/#organizationLogo","width":649,"height":297},"image":{"@id":"https:\/\/www.eldigitaldeasturias.com\/noticias\/globalia-colaborara-en-la-gran-gira-espanola-de-las-reliquias-de-lourdes\/#organizationLogo"},"sameAs":["https:\/\/facebook.com\/eldigitaldeasturias","https:\/\/www.youtube.com\/channel\/UCZP-2wLEB9Rv6erhFmqVnvg"],"address":{"@id":"https:\/\/www.eldigitaldeasturias.com\/noticias\/#postaladdress","@type":"PostalAddress","streetAddress":"san antonio 4,","postalCode":"33430","addressLocality":"Cand\u00e1s","addressRegion":"Asturias","addressCountry":"ES"}},{"@type":"Person","@id":"https:\/\/www.eldigitaldeasturias.com\/noticias\/author\/admin\/#author","url":"https:\/\/www.eldigitaldeasturias.com\/noticias\/author\/admin\/","name":"El Digital de Asturias","image":{"@type":"ImageObject","@id":"https:\/\/www.eldigitaldeasturias.com\/noticias\/globalia-colaborara-en-la-gran-gira-espanola-de-las-reliquias-de-lourdes\/#authorImage","url":"https:\/\/www.eldigitaldeasturias.com\/noticias\/wp-content\/litespeed\/avatar\/18677e78aa0546b92d9dbf31ec7d7668.jpg?ver=1777290358","width":96,"height":96,"caption":"El Digital de Asturias"}},{"@type":"WebPage","@id":"https:\/\/www.eldigitaldeasturias.com\/noticias\/globalia-colaborara-en-la-gran-gira-espanola-de-las-reliquias-de-lourdes\/#webpage","url":"https:\/\/www.eldigitaldeasturias.com\/noticias\/globalia-colaborara-en-la-gran-gira-espanola-de-las-reliquias-de-lourdes\/","name":"Globalia colaborar\u00e1 en la gran gira espa\u00f1ola de las reliquias de Lourdes - El Digital de Asturias","description":"El grupo Globalia ha llegado a un acuerdo con la Federaci\u00f3n Espa\u00f1ola de Hospitalidades de Lourdes para apoyarles en la ruta de las Reliquias de Santa Bernadette, la santa conocida por haber recibido en Lourdes las apariciones de la Virgen entre febrero y julio de 1858. Se trata de una gira nacional que comenzar\u00e1 el","inLanguage":"es-ES","isPartOf":{"@id":"https:\/\/www.eldigitaldeasturias.com\/noticias\/#website"},"breadcrumb":{"@id":"https:\/\/www.eldigitaldeasturias.com\/noticias\/globalia-colaborara-en-la-gran-gira-espanola-de-las-reliquias-de-lourdes\/#breadcrumblist"},"author":{"@id":"https:\/\/www.eldigitaldeasturias.com\/noticias\/author\/admin\/#author"},"creator":{"@id":"https:\/\/www.eldigitaldeasturias.com\/noticias\/author\/admin\/#author"},"image":{"@type":"ImageObject","url":"https:\/\/www.eldigitaldeasturias.com\/noticias\/wp-content\/uploads\/2019\/07\/UMB1668.jpg","@id":"https:\/\/www.eldigitaldeasturias.com\/noticias\/globalia-colaborara-en-la-gran-gira-espanola-de-las-reliquias-de-lourdes\/#mainImage","width":1280,"height":874},"primaryImageOfPage":{"@id":"https:\/\/www.eldigitaldeasturias.com\/noticias\/globalia-colaborara-en-la-gran-gira-espanola-de-las-reliquias-de-lourdes\/#mainImage"},"datePublished":"2019-07-24T12:25:12+02:00","dateModified":"2019-07-24T12:25:12+02:00"},{"@type":"WebSite","@id":"https:\/\/www.eldigitaldeasturias.com\/noticias\/#website","url":"https:\/\/www.eldigitaldeasturias.com\/noticias\/","name":"El Digital de Asturias - Diario de actualidad y noticias","alternateName":"El Digital de Asturias - Diario de actualidad y noticias","description":"Hemeroteca","inLanguage":"es-ES","publisher":{"@id":"https:\/\/www.eldigitaldeasturias.com\/noticias\/#organization"}}]},"og:locale":"es_ES","og:site_name":"El Digital de Asturias","og:type":"article","og:title":"Globalia colaborar\u00e1 en la gran gira espa\u00f1ola de las reliquias de Lourdes - El Digital de Asturias","og:description":"El grupo Globalia ha llegado a un acuerdo con la Federaci\u00f3n Espa\u00f1ola de Hospitalidades de Lourdes para apoyarles en la ruta de las Reliquias de Santa Bernadette, la santa conocida por haber recibido en Lourdes las apariciones de la Virgen entre febrero y julio de 1858. Se trata de una gira nacional que comenzar\u00e1 el","og:url":"https:\/\/www.eldigitaldeasturias.com\/noticias\/globalia-colaborara-en-la-gran-gira-espanola-de-las-reliquias-de-lourdes\/","og:image":"https:\/\/www.eldigitaldeasturias.com\/noticias\/wp-content\/uploads\/2019\/07\/UMB1668.jpg","og:image:secure_url":"https:\/\/www.eldigitaldeasturias.com\/noticias\/wp-content\/uploads\/2019\/07\/UMB1668.jpg","og:image:width":1280,"og:image:height":874,"article:tag":["negocios y empresas"],"article:published_time":"2019-07-24T12:25:12+00:00","article:modified_time":"2019-07-24T12:25:12+00:00","article:publisher":"https:\/\/facebook.com\/eldigitaldeasturias","twitter:card":"summary_large_image","twitter:title":"Globalia colaborar\u00e1 en la gran gira espa\u00f1ola de las reliquias de Lourdes - El Digital de Asturias","twitter:description":"El grupo Globalia ha llegado a un acuerdo con la Federaci\u00f3n Espa\u00f1ola de Hospitalidades de Lourdes para apoyarles en la ruta de las Reliquias de Santa Bernadette, la santa conocida por haber recibido en Lourdes las apariciones de la Virgen entre febrero y julio de 1858. Se trata de una gira nacional que comenzar\u00e1 el","twitter:image":"https:\/\/www.eldigitaldeasturias.com\/noticias\/wp-content\/uploads\/2019\/07\/UMB1668.jpg","twitter:label1":"Escrito por","twitter:data1":"El Digital de Asturias","twitter:label2":"Tiempo de lectura estimado","twitter:data2":"2 minutos"},"aioseo_meta_data":{"post_id":"1035774","title":null,"description":null,"keywords":null,"keyphrases":null,"primary_term":null,"canonical_url":null,"og_title":null,"og_description":null,"og_object_type":"default","og_image_type":"default","og_image_url":null,"og_image_width":null,"og_image_height":null,"og_image_custom_url":null,"og_image_custom_fields":null,"og_video":null,"og_custom_url":null,"og_article_section":null,"og_article_tags":null,"twitter_use_og":false,"twitter_card":"default","twitter_image_type":"default","twitter_image_url":null,"twitter_image_custom_url":null,"twitter_image_custom_fields":null,"twitter_title":null,"twitter_description":null,"schema":{"blockGraphs":[],"customGraphs":[],"default":{"data":{"Article":[],"Course":[],"Dataset":[],"FAQPage":[],"Movie":[],"Person":[],"Product":[],"ProductReview":[],"Car":[],"Recipe":[],"Service":[],"SoftwareApplication":[],"WebPage":[]},"graphName":"","isEnabled":true},"graphs":[],"defaultGraph":"","defaultPostTypeGraph":""},"schema_type":null,"schema_type_options":null,"pillar_content":false,"robots_default":true,"robots_noindex":false,"robots_noarchive":false,"robots_nosnippet":false,"robots_nofollow":false,"robots_noimageindex":false,"robots_noodp":false,"robots_notranslate":false,"robots_max_snippet":null,"robots_max_videopreview":null,"robots_max_imagepreview":"large","priority":null,"frequency":null,"local_seo":null,"seo_analyzer_scan_date":"2025-10-22 10:22:46","breadcrumb_settings":null,"limit_modified_date":false,"open_ai":null,"ai":null,"created":"2020-12-21 11:08:00","updated":"2025-10-22 10:22:46"},"aioseo_breadcrumb":"<div class=\"aioseo-breadcrumbs\"><span class=\"aioseo-breadcrumb\">\n\t<a href=\"https:\/\/www.eldigitaldeasturias.com\/noticias\" title=\"Home\">Home<\/a>\n<\/span><span class=\"aioseo-breadcrumb-separator\">\u2013<\/span><span class=\"aioseo-breadcrumb\">\n\t<a href=\"https:\/\/www.eldigitaldeasturias.com\/noticias\/category\/negocios-y-empresas\/\" title=\"Negocios y Empresas\">Negocios y Empresas<\/a>\n<\/span><span class=\"aioseo-breadcrumb-separator\">\u2013<\/span><span class=\"aioseo-breadcrumb\">\n\t<a href=\"https:\/\/www.eldigitaldeasturias.com\/noticias\/globalia-colaborara-en-la-gran-gira-espanola-de-las-reliquias-de-lourdes\/\" title=\"Globalia colaborar\u00e1 en la gran gira espa\u00f1ola de las reliquias de Lourdes\">Globalia colaborar\u00e1 en la gran gira espa\u00f1ola de las reliquias de Lourdes<\/a>\n<\/span><\/div>","aioseo_breadcrumb_json":[{"label":"Home","link":"https:\/\/www.eldigitaldeasturias.com\/noticias"},{"label":"Negocios y Empresas","link":"https:\/\/www.eldigitaldeasturias.com\/noticias\/category\/negocios-y-empresas\/"},{"label":"Globalia colaborar\u00e1 en la gran gira espa\u00f1ola de las reliquias de Lourdes","link":"https:\/\/www.eldigitaldeasturias.com\/noticias\/globalia-colaborara-en-la-gran-gira-espanola-de-las-reliquias-de-lourdes\/"}],"_links":{"self":[{"href":"https:\/\/www.eldigitaldeasturias.com\/noticias\/wp-json\/wp\/v2\/posts\/1035774","targetHints":{"allow":["GET"]}}],"collection":[{"href":"https:\/\/www.eldigitaldeasturias.com\/noticias\/wp-json\/wp\/v2\/posts"}],"about":[{"href":"https:\/\/www.eldigitaldeasturias.com\/noticias\/wp-json\/wp\/v2\/types\/post"}],"author":[{"embeddable":true,"href":"https:\/\/www.eldigitaldeasturias.com\/noticias\/wp-json\/wp\/v2\/users\/1"}],"replies":[{"embeddable":true,"href":"https:\/\/www.eldigitaldeasturias.com\/noticias\/wp-json\/wp\/v2\/comments?post=1035774"}],"version-history":[{"count":0,"href":"https:\/\/www.eldigitaldeasturias.com\/noticias\/wp-json\/wp\/v2\/posts\/1035774\/revisions"}],"wp:featuredmedia":[{"embeddable":true,"href":"https:\/\/www.eldigitaldeasturias.com\/noticias\/wp-json\/wp\/v2\/media\/1035775"}],"wp:attachment":[{"href":"https:\/\/www.eldigitaldeasturias.com\/noticias\/wp-json\/wp\/v2\/media?parent=1035774"}],"wp:term":[{"taxonomy":"category","embeddable":true,"href":"https:\/\/www.eldigitaldeasturias.com\/noticias\/wp-json\/wp\/v2\/categories?post=1035774"},{"taxonomy":"post_tag","embeddable":true,"href":"https:\/\/www.eldigitaldeasturias.com\/noticias\/wp-json\/wp\/v2\/tags?post=1035774"}],"curies":[{"name":"wp","href":"https:\/\/api.w.org\/{rel}","templated":true}]}}