{"id":1035680,"date":"2019-07-23T16:49:57","date_gmt":"2019-07-23T16:49:57","guid":{"rendered":"https:\/\/www.eldigitaldeasturias.com\/noticias\/?p=1035680"},"modified":"2019-07-23T16:51:13","modified_gmt":"2019-07-23T16:51:13","slug":"de-ruta-por-bruselas-tres-sitios-que-debes-visitar","status":"publish","type":"post","link":"https:\/\/www.eldigitaldeasturias.com\/noticias\/de-ruta-por-bruselas-tres-sitios-que-debes-visitar\/","title":{"rendered":"De ruta por Bruselas: Siete sitios que debes visitar"},"content":{"rendered":"<p><img loading=\"lazy\" decoding=\"async\" class=\"alignleft size-medium wp-image-1035681\" src=\"https:\/\/www.eldigitaldeasturias.com\/noticias\/wp-content\/uploads\/2019\/07\/BRUSELAS-360x240.jpg\" alt=\"\" width=\"360\" height=\"240\" srcset=\"https:\/\/www.eldigitaldeasturias.com\/noticias\/wp-content\/uploads\/2019\/07\/BRUSELAS-360x240.jpg 360w, https:\/\/www.eldigitaldeasturias.com\/noticias\/wp-content\/uploads\/2019\/07\/BRUSELAS-768x512.jpg 768w, https:\/\/www.eldigitaldeasturias.com\/noticias\/wp-content\/uploads\/2019\/07\/BRUSELAS-650x433.jpg 650w, https:\/\/www.eldigitaldeasturias.com\/noticias\/wp-content\/uploads\/2019\/07\/BRUSELAS-675x450.jpg 675w, https:\/\/www.eldigitaldeasturias.com\/noticias\/wp-content\/uploads\/2019\/07\/BRUSELAS.jpg 960w\" sizes=\"auto, (max-width: 360px) 100vw, 360px\" \/>Uno de los destinos europeos m\u00e1s emblem\u00e1ticos y visitados por los turistas cada a\u00f1o es, sin duda, la capital de B\u00e9lgica, Bruselas. Y es que, Bruselas no guarda solamente historia, cultura y belleza, sino que adem\u00e1s es la principal sede administrativa de la Uni\u00f3n Europea.<\/p>\n<p>As\u00ed que, si decides escaparte estas vacaciones de verano a este fascinante destino tur\u00edstico, a continuaci\u00f3n, te mencionaremos algunos de los lugares m\u00e1s simb\u00f3licos de Bruselas que por nada del mundo te puedes perder.<\/p>\n<p><strong>La Grand Place<\/strong><\/p>\n<p>La Grand Place de Bruselas, es el lugar m\u00e1s emblem\u00e1tico de la ciudad, ya que, est\u00e1 considerada la plaza m\u00e1s bonita del mundo. As\u00ed que esta debe ser, sin duda, una parada obligatoria durante tus vacaciones de verano.<\/p>\n<p><strong>El Palacio Real<\/strong><\/p>\n<p>Se trata del palacio m\u00e1s conocido de Bruselas que est\u00e1 ubicado en el centro de la capital. Actualmente, es tambi\u00e9n sede de la Monarqu\u00eda Belga y desde el a\u00f1o 1831 el palacio no es la residencia real, sino que los reyes viven en el Palacio de Laeken.<\/p>\n<p><strong>El Palacio de la Bolsa<\/strong><\/p>\n<p>El Palacio de la Bolsa de Bruselas, es un maravilloso edificio estilo renacentista construido entre 1868 y 1873. Situado en la Avenida Anspach de Bruselas, es uno de los emblemas m\u00e1s reconocibles de la capital europea.<\/p>\n<p><strong>La Catedral de Bruselas<\/strong><\/p>\n<p>Esta catedral es el monumento religioso m\u00e1s importante de Bruselas. La conocida catedral de \u201cSanta G\u00fadula y San Miguel\u201d es una muestra del g\u00f3tico Brabantino. Por lo tanto, se convierte en otra visita imprescindible de la capital.<\/p>\n<p><strong>El Parque del Cincuentenario<\/strong><\/p>\n<p>Este parque se encuentra ubicado en el Barrio Europeo y es uno de los m\u00e1s famosos de Bruselas. Fue construido para celebrar el 50 aniversario de la independencia de B\u00e9lgica y dentro de sus instalaciones se encuentra el Museo del Ej\u00e9rcito, Autoworld y Museo del Cincuentenario.<\/p>\n<p><strong>El Barrio Europeo<\/strong><\/p>\n<p>Multiculturalismo es la definici\u00f3n del barrio europeo. Bruselas es la capital de Europa y aqu\u00ed est\u00e1 su coraz\u00f3n. Un escenario privilegiado de cosmopolitismo sin complejos.<\/p>\n<p><strong>El Mercado de las Pulgas<\/strong><\/p>\n<p>El Mercado de las Pulgas es otra de las partes m\u00e1s maravillosas de la ciudad de Bruselas y seguramente tambi\u00e9n la m\u00e1s desconocida para el resto del mundo, pero es definitivamente la m\u00e1s aut\u00e9ntica y tradicional.<\/p>\n<p>Como ves, Bruselas tiene muchas cosas para conocer y que te har\u00e1n mantenerte bien entretenido durante este verano. No te pierdas la oportunidad de vislumbrar en primera fila todos sus encantos.<\/p>\n<p>Por: Soraya Andreina P\u00e9rez Mohammed<\/p>\n","protected":false},"excerpt":{"rendered":"<p>Uno de los destinos europeos m\u00e1s emblem\u00e1ticos y visitados por los turistas cada a\u00f1o es, sin duda, la capital de B\u00e9lgica, Bruselas. Y es que, Bruselas no guarda solamente historia, cultura y belleza, sino que adem\u00e1s es la principal sede administrativa de la Uni\u00f3n Europea. As\u00ed que, si decides escaparte estas vacaciones de verano a [&hellip;]<\/p>\n","protected":false},"author":1,"featured_media":1035681,"comment_status":"closed","ping_status":"closed","sticky":false,"template":"","format":"standard","meta":{"footnotes":""},"categories":[148],"tags":[],"class_list":["post-1035680","post","type-post","status-publish","format-standard","has-post-thumbnail","hentry","category-turismo"],"aioseo_notices":[],"aioseo_head":"\n\t\t<!-- All in One SEO Pro 4.9.6.2 - aioseo.com -->\n\t<meta name=\"description\" content=\"Uno de los destinos europeos m\u00e1s emblem\u00e1ticos y visitados por los turistas cada a\u00f1o es, sin duda, la capital de B\u00e9lgica, Bruselas. Y es que, Bruselas no guarda solamente historia, cultura y belleza, sino que adem\u00e1s es la principal sede administrativa de la Uni\u00f3n Europea. As\u00ed que, si decides escaparte estas vacaciones de verano a\" \/>\n\t<meta name=\"robots\" content=\"max-image-preview:large\" \/>\n\t<meta name=\"author\" content=\"El Digital de Asturias\"\/>\n\t<meta name=\"google-site-verification\" content=\"UA-38556648-1\" \/>\n\t<meta name=\"msvalidate.01\" content=\"7dfe9f3f1b24437ab69f4f2559babe99\" \/>\n\t<meta name=\"keywords\" content=\"turismo\" \/>\n\t<link rel=\"canonical\" href=\"https:\/\/www.eldigitaldeasturias.com\/noticias\/de-ruta-por-bruselas-tres-sitios-que-debes-visitar\/\" \/>\n\t<meta name=\"generator\" content=\"All in One SEO Pro (AIOSEO) 4.9.6.2\" \/>\n\t\t<meta property=\"og:locale\" content=\"es_ES\" \/>\n\t\t<meta property=\"og:site_name\" content=\"El Digital de Asturias\" \/>\n\t\t<meta property=\"og:type\" content=\"article\" \/>\n\t\t<meta property=\"og:title\" content=\"De ruta por Bruselas: Siete sitios que debes visitar - El Digital de Asturias\" \/>\n\t\t<meta property=\"og:description\" content=\"Uno de los destinos europeos m\u00e1s emblem\u00e1ticos y visitados por los turistas cada a\u00f1o es, sin duda, la capital de B\u00e9lgica, Bruselas. Y es que, Bruselas no guarda solamente historia, cultura y belleza, sino que adem\u00e1s es la principal sede administrativa de la Uni\u00f3n Europea. As\u00ed que, si decides escaparte estas vacaciones de verano a\" \/>\n\t\t<meta property=\"og:url\" content=\"https:\/\/www.eldigitaldeasturias.com\/noticias\/de-ruta-por-bruselas-tres-sitios-que-debes-visitar\/\" \/>\n\t\t<meta property=\"og:image\" content=\"https:\/\/www.eldigitaldeasturias.com\/noticias\/wp-content\/uploads\/2019\/07\/BRUSELAS.jpg\" \/>\n\t\t<meta property=\"og:image:secure_url\" content=\"https:\/\/www.eldigitaldeasturias.com\/noticias\/wp-content\/uploads\/2019\/07\/BRUSELAS.jpg\" \/>\n\t\t<meta property=\"og:image:width\" content=\"960\" \/>\n\t\t<meta property=\"og:image:height\" content=\"640\" \/>\n\t\t<meta property=\"article:tag\" content=\"turismo\" \/>\n\t\t<meta property=\"article:published_time\" content=\"2019-07-23T16:49:57+00:00\" \/>\n\t\t<meta property=\"article:modified_time\" content=\"2019-07-23T16:51:13+00:00\" \/>\n\t\t<meta property=\"article:publisher\" content=\"https:\/\/facebook.com\/eldigitaldeasturias\" \/>\n\t\t<meta name=\"twitter:card\" content=\"summary_large_image\" \/>\n\t\t<meta name=\"twitter:title\" content=\"De ruta por Bruselas: Siete sitios que debes visitar - El Digital de Asturias\" \/>\n\t\t<meta name=\"twitter:description\" content=\"Uno de los destinos europeos m\u00e1s emblem\u00e1ticos y visitados por los turistas cada a\u00f1o es, sin duda, la capital de B\u00e9lgica, Bruselas. Y es que, Bruselas no guarda solamente historia, cultura y belleza, sino que adem\u00e1s es la principal sede administrativa de la Uni\u00f3n Europea. As\u00ed que, si decides escaparte estas vacaciones de verano a\" \/>\n\t\t<meta name=\"twitter:image\" content=\"https:\/\/www.eldigitaldeasturias.com\/noticias\/wp-content\/uploads\/2019\/07\/BRUSELAS.jpg\" \/>\n\t\t<meta name=\"twitter:label1\" content=\"Escrito por\" \/>\n\t\t<meta name=\"twitter:data1\" content=\"El Digital de Asturias\" \/>\n\t\t<meta name=\"twitter:label2\" content=\"Tiempo de lectura estimado\" \/>\n\t\t<meta name=\"twitter:data2\" content=\"2 minutos\" \/>\n\t\t<script type=\"application\/ld+json\" class=\"aioseo-schema\">\n\t\t\t{\"@context\":\"https:\\\/\\\/schema.org\",\"@graph\":[{\"@type\":\"BlogPosting\",\"@id\":\"https:\\\/\\\/www.eldigitaldeasturias.com\\\/noticias\\\/de-ruta-por-bruselas-tres-sitios-que-debes-visitar\\\/#blogposting\",\"name\":\"De ruta por Bruselas: Siete sitios que debes visitar - El Digital de Asturias\",\"headline\":\"De ruta por Bruselas: Siete sitios que debes visitar\",\"author\":{\"@id\":\"https:\\\/\\\/www.eldigitaldeasturias.com\\\/noticias\\\/author\\\/admin\\\/#author\"},\"publisher\":{\"@id\":\"https:\\\/\\\/www.eldigitaldeasturias.com\\\/noticias\\\/#organization\"},\"image\":{\"@type\":\"ImageObject\",\"url\":\"https:\\\/\\\/www.eldigitaldeasturias.com\\\/noticias\\\/wp-content\\\/uploads\\\/2019\\\/07\\\/BRUSELAS.jpg\",\"width\":960,\"height\":640},\"datePublished\":\"2019-07-23T16:49:57+02:00\",\"dateModified\":\"2019-07-23T16:51:13+02:00\",\"inLanguage\":\"es-ES\",\"mainEntityOfPage\":{\"@id\":\"https:\\\/\\\/www.eldigitaldeasturias.com\\\/noticias\\\/de-ruta-por-bruselas-tres-sitios-que-debes-visitar\\\/#webpage\"},\"isPartOf\":{\"@id\":\"https:\\\/\\\/www.eldigitaldeasturias.com\\\/noticias\\\/de-ruta-por-bruselas-tres-sitios-que-debes-visitar\\\/#webpage\"},\"articleSection\":\"Turismo\"},{\"@type\":\"BreadcrumbList\",\"@id\":\"https:\\\/\\\/www.eldigitaldeasturias.com\\\/noticias\\\/de-ruta-por-bruselas-tres-sitios-que-debes-visitar\\\/#breadcrumblist\",\"itemListElement\":[{\"@type\":\"ListItem\",\"@id\":\"https:\\\/\\\/www.eldigitaldeasturias.com\\\/noticias#listItem\",\"position\":1,\"name\":\"Home\",\"item\":\"https:\\\/\\\/www.eldigitaldeasturias.com\\\/noticias\",\"nextItem\":{\"@type\":\"ListItem\",\"@id\":\"https:\\\/\\\/www.eldigitaldeasturias.com\\\/noticias\\\/category\\\/turismo\\\/#listItem\",\"name\":\"Turismo\"}},{\"@type\":\"ListItem\",\"@id\":\"https:\\\/\\\/www.eldigitaldeasturias.com\\\/noticias\\\/category\\\/turismo\\\/#listItem\",\"position\":2,\"name\":\"Turismo\",\"item\":\"https:\\\/\\\/www.eldigitaldeasturias.com\\\/noticias\\\/category\\\/turismo\\\/\",\"nextItem\":{\"@type\":\"ListItem\",\"@id\":\"https:\\\/\\\/www.eldigitaldeasturias.com\\\/noticias\\\/de-ruta-por-bruselas-tres-sitios-que-debes-visitar\\\/#listItem\",\"name\":\"De ruta por Bruselas: Siete sitios que debes visitar\"},\"previousItem\":{\"@type\":\"ListItem\",\"@id\":\"https:\\\/\\\/www.eldigitaldeasturias.com\\\/noticias#listItem\",\"name\":\"Home\"}},{\"@type\":\"ListItem\",\"@id\":\"https:\\\/\\\/www.eldigitaldeasturias.com\\\/noticias\\\/de-ruta-por-bruselas-tres-sitios-que-debes-visitar\\\/#listItem\",\"position\":3,\"name\":\"De ruta por Bruselas: Siete sitios que debes visitar\",\"previousItem\":{\"@type\":\"ListItem\",\"@id\":\"https:\\\/\\\/www.eldigitaldeasturias.com\\\/noticias\\\/category\\\/turismo\\\/#listItem\",\"name\":\"Turismo\"}}]},{\"@type\":\"Organization\",\"@id\":\"https:\\\/\\\/www.eldigitaldeasturias.com\\\/noticias\\\/#organization\",\"name\":\"El Digital de Asturias\",\"description\":\"Hemeroteca\",\"url\":\"https:\\\/\\\/www.eldigitaldeasturias.com\\\/noticias\\\/\",\"email\":\"info@eldigitaldeasturias.com\",\"telephone\":\"+34652131393\",\"logo\":{\"@type\":\"ImageObject\",\"url\":\"https:\\\/\\\/www.eldigitaldeasturias.com\\\/noticias\\\/wp-content\\\/uploads\\\/2020\\\/12\\\/EDA.jpg\",\"@id\":\"https:\\\/\\\/www.eldigitaldeasturias.com\\\/noticias\\\/de-ruta-por-bruselas-tres-sitios-que-debes-visitar\\\/#organizationLogo\",\"width\":649,\"height\":297},\"image\":{\"@id\":\"https:\\\/\\\/www.eldigitaldeasturias.com\\\/noticias\\\/de-ruta-por-bruselas-tres-sitios-que-debes-visitar\\\/#organizationLogo\"},\"sameAs\":[\"https:\\\/\\\/facebook.com\\\/eldigitaldeasturias\",\"https:\\\/\\\/www.youtube.com\\\/channel\\\/UCZP-2wLEB9Rv6erhFmqVnvg\"],\"address\":{\"@id\":\"https:\\\/\\\/www.eldigitaldeasturias.com\\\/noticias\\\/#postaladdress\",\"@type\":\"PostalAddress\",\"streetAddress\":\"san antonio 4,\",\"postalCode\":\"33430\",\"addressLocality\":\"Cand\\u00e1s\",\"addressRegion\":\"Asturias\",\"addressCountry\":\"ES\"}},{\"@type\":\"Person\",\"@id\":\"https:\\\/\\\/www.eldigitaldeasturias.com\\\/noticias\\\/author\\\/admin\\\/#author\",\"url\":\"https:\\\/\\\/www.eldigitaldeasturias.com\\\/noticias\\\/author\\\/admin\\\/\",\"name\":\"El Digital de Asturias\",\"image\":{\"@type\":\"ImageObject\",\"@id\":\"https:\\\/\\\/www.eldigitaldeasturias.com\\\/noticias\\\/de-ruta-por-bruselas-tres-sitios-que-debes-visitar\\\/#authorImage\",\"url\":\"https:\\\/\\\/www.eldigitaldeasturias.com\\\/noticias\\\/wp-content\\\/litespeed\\\/avatar\\\/18677e78aa0546b92d9dbf31ec7d7668.jpg?ver=1777290358\",\"width\":96,\"height\":96,\"caption\":\"El Digital de Asturias\"}},{\"@type\":\"WebPage\",\"@id\":\"https:\\\/\\\/www.eldigitaldeasturias.com\\\/noticias\\\/de-ruta-por-bruselas-tres-sitios-que-debes-visitar\\\/#webpage\",\"url\":\"https:\\\/\\\/www.eldigitaldeasturias.com\\\/noticias\\\/de-ruta-por-bruselas-tres-sitios-que-debes-visitar\\\/\",\"name\":\"De ruta por Bruselas: Siete sitios que debes visitar - El Digital de Asturias\",\"description\":\"Uno de los destinos europeos m\\u00e1s emblem\\u00e1ticos y visitados por los turistas cada a\\u00f1o es, sin duda, la capital de B\\u00e9lgica, Bruselas. Y es que, Bruselas no guarda solamente historia, cultura y belleza, sino que adem\\u00e1s es la principal sede administrativa de la Uni\\u00f3n Europea. As\\u00ed que, si decides escaparte estas vacaciones de verano a\",\"inLanguage\":\"es-ES\",\"isPartOf\":{\"@id\":\"https:\\\/\\\/www.eldigitaldeasturias.com\\\/noticias\\\/#website\"},\"breadcrumb\":{\"@id\":\"https:\\\/\\\/www.eldigitaldeasturias.com\\\/noticias\\\/de-ruta-por-bruselas-tres-sitios-que-debes-visitar\\\/#breadcrumblist\"},\"author\":{\"@id\":\"https:\\\/\\\/www.eldigitaldeasturias.com\\\/noticias\\\/author\\\/admin\\\/#author\"},\"creator\":{\"@id\":\"https:\\\/\\\/www.eldigitaldeasturias.com\\\/noticias\\\/author\\\/admin\\\/#author\"},\"image\":{\"@type\":\"ImageObject\",\"url\":\"https:\\\/\\\/www.eldigitaldeasturias.com\\\/noticias\\\/wp-content\\\/uploads\\\/2019\\\/07\\\/BRUSELAS.jpg\",\"@id\":\"https:\\\/\\\/www.eldigitaldeasturias.com\\\/noticias\\\/de-ruta-por-bruselas-tres-sitios-que-debes-visitar\\\/#mainImage\",\"width\":960,\"height\":640},\"primaryImageOfPage\":{\"@id\":\"https:\\\/\\\/www.eldigitaldeasturias.com\\\/noticias\\\/de-ruta-por-bruselas-tres-sitios-que-debes-visitar\\\/#mainImage\"},\"datePublished\":\"2019-07-23T16:49:57+02:00\",\"dateModified\":\"2019-07-23T16:51:13+02:00\"},{\"@type\":\"WebSite\",\"@id\":\"https:\\\/\\\/www.eldigitaldeasturias.com\\\/noticias\\\/#website\",\"url\":\"https:\\\/\\\/www.eldigitaldeasturias.com\\\/noticias\\\/\",\"name\":\"El Digital de Asturias - Diario de actualidad y noticias\",\"alternateName\":\"El Digital de Asturias - Diario de actualidad y noticias\",\"description\":\"Hemeroteca\",\"inLanguage\":\"es-ES\",\"publisher\":{\"@id\":\"https:\\\/\\\/www.eldigitaldeasturias.com\\\/noticias\\\/#organization\"}}]}\n\t\t<\/script>\n\t\t<!-- All in One SEO Pro -->\r\n\t\t<title>De ruta por Bruselas: Siete sitios que debes visitar - El Digital de Asturias<\/title>\n\n","aioseo_head_json":{"title":"De ruta por Bruselas: Siete sitios que debes visitar - El Digital de Asturias","description":"Uno de los destinos europeos m\u00e1s emblem\u00e1ticos y visitados por los turistas cada a\u00f1o es, sin duda, la capital de B\u00e9lgica, Bruselas. Y es que, Bruselas no guarda solamente historia, cultura y belleza, sino que adem\u00e1s es la principal sede administrativa de la Uni\u00f3n Europea. As\u00ed que, si decides escaparte estas vacaciones de verano a","canonical_url":"https:\/\/www.eldigitaldeasturias.com\/noticias\/de-ruta-por-bruselas-tres-sitios-que-debes-visitar\/","robots":"max-image-preview:large","keywords":"turismo","webmasterTools":{"google-site-verification":"UA-38556648-1","msvalidate.01":"7dfe9f3f1b24437ab69f4f2559babe99","miscellaneous":""},"schema":{"@context":"https:\/\/schema.org","@graph":[{"@type":"BlogPosting","@id":"https:\/\/www.eldigitaldeasturias.com\/noticias\/de-ruta-por-bruselas-tres-sitios-que-debes-visitar\/#blogposting","name":"De ruta por Bruselas: Siete sitios que debes visitar - El Digital de Asturias","headline":"De ruta por Bruselas: Siete sitios que debes visitar","author":{"@id":"https:\/\/www.eldigitaldeasturias.com\/noticias\/author\/admin\/#author"},"publisher":{"@id":"https:\/\/www.eldigitaldeasturias.com\/noticias\/#organization"},"image":{"@type":"ImageObject","url":"https:\/\/www.eldigitaldeasturias.com\/noticias\/wp-content\/uploads\/2019\/07\/BRUSELAS.jpg","width":960,"height":640},"datePublished":"2019-07-23T16:49:57+02:00","dateModified":"2019-07-23T16:51:13+02:00","inLanguage":"es-ES","mainEntityOfPage":{"@id":"https:\/\/www.eldigitaldeasturias.com\/noticias\/de-ruta-por-bruselas-tres-sitios-que-debes-visitar\/#webpage"},"isPartOf":{"@id":"https:\/\/www.eldigitaldeasturias.com\/noticias\/de-ruta-por-bruselas-tres-sitios-que-debes-visitar\/#webpage"},"articleSection":"Turismo"},{"@type":"BreadcrumbList","@id":"https:\/\/www.eldigitaldeasturias.com\/noticias\/de-ruta-por-bruselas-tres-sitios-que-debes-visitar\/#breadcrumblist","itemListElement":[{"@type":"ListItem","@id":"https:\/\/www.eldigitaldeasturias.com\/noticias#listItem","position":1,"name":"Home","item":"https:\/\/www.eldigitaldeasturias.com\/noticias","nextItem":{"@type":"ListItem","@id":"https:\/\/www.eldigitaldeasturias.com\/noticias\/category\/turismo\/#listItem","name":"Turismo"}},{"@type":"ListItem","@id":"https:\/\/www.eldigitaldeasturias.com\/noticias\/category\/turismo\/#listItem","position":2,"name":"Turismo","item":"https:\/\/www.eldigitaldeasturias.com\/noticias\/category\/turismo\/","nextItem":{"@type":"ListItem","@id":"https:\/\/www.eldigitaldeasturias.com\/noticias\/de-ruta-por-bruselas-tres-sitios-que-debes-visitar\/#listItem","name":"De ruta por Bruselas: Siete sitios que debes visitar"},"previousItem":{"@type":"ListItem","@id":"https:\/\/www.eldigitaldeasturias.com\/noticias#listItem","name":"Home"}},{"@type":"ListItem","@id":"https:\/\/www.eldigitaldeasturias.com\/noticias\/de-ruta-por-bruselas-tres-sitios-que-debes-visitar\/#listItem","position":3,"name":"De ruta por Bruselas: Siete sitios que debes visitar","previousItem":{"@type":"ListItem","@id":"https:\/\/www.eldigitaldeasturias.com\/noticias\/category\/turismo\/#listItem","name":"Turismo"}}]},{"@type":"Organization","@id":"https:\/\/www.eldigitaldeasturias.com\/noticias\/#organization","name":"El Digital de Asturias","description":"Hemeroteca","url":"https:\/\/www.eldigitaldeasturias.com\/noticias\/","email":"info@eldigitaldeasturias.com","telephone":"+34652131393","logo":{"@type":"ImageObject","url":"https:\/\/www.eldigitaldeasturias.com\/noticias\/wp-content\/uploads\/2020\/12\/EDA.jpg","@id":"https:\/\/www.eldigitaldeasturias.com\/noticias\/de-ruta-por-bruselas-tres-sitios-que-debes-visitar\/#organizationLogo","width":649,"height":297},"image":{"@id":"https:\/\/www.eldigitaldeasturias.com\/noticias\/de-ruta-por-bruselas-tres-sitios-que-debes-visitar\/#organizationLogo"},"sameAs":["https:\/\/facebook.com\/eldigitaldeasturias","https:\/\/www.youtube.com\/channel\/UCZP-2wLEB9Rv6erhFmqVnvg"],"address":{"@id":"https:\/\/www.eldigitaldeasturias.com\/noticias\/#postaladdress","@type":"PostalAddress","streetAddress":"san antonio 4,","postalCode":"33430","addressLocality":"Cand\u00e1s","addressRegion":"Asturias","addressCountry":"ES"}},{"@type":"Person","@id":"https:\/\/www.eldigitaldeasturias.com\/noticias\/author\/admin\/#author","url":"https:\/\/www.eldigitaldeasturias.com\/noticias\/author\/admin\/","name":"El Digital de Asturias","image":{"@type":"ImageObject","@id":"https:\/\/www.eldigitaldeasturias.com\/noticias\/de-ruta-por-bruselas-tres-sitios-que-debes-visitar\/#authorImage","url":"https:\/\/www.eldigitaldeasturias.com\/noticias\/wp-content\/litespeed\/avatar\/18677e78aa0546b92d9dbf31ec7d7668.jpg?ver=1777290358","width":96,"height":96,"caption":"El Digital de Asturias"}},{"@type":"WebPage","@id":"https:\/\/www.eldigitaldeasturias.com\/noticias\/de-ruta-por-bruselas-tres-sitios-que-debes-visitar\/#webpage","url":"https:\/\/www.eldigitaldeasturias.com\/noticias\/de-ruta-por-bruselas-tres-sitios-que-debes-visitar\/","name":"De ruta por Bruselas: Siete sitios que debes visitar - El Digital de Asturias","description":"Uno de los destinos europeos m\u00e1s emblem\u00e1ticos y visitados por los turistas cada a\u00f1o es, sin duda, la capital de B\u00e9lgica, Bruselas. Y es que, Bruselas no guarda solamente historia, cultura y belleza, sino que adem\u00e1s es la principal sede administrativa de la Uni\u00f3n Europea. As\u00ed que, si decides escaparte estas vacaciones de verano a","inLanguage":"es-ES","isPartOf":{"@id":"https:\/\/www.eldigitaldeasturias.com\/noticias\/#website"},"breadcrumb":{"@id":"https:\/\/www.eldigitaldeasturias.com\/noticias\/de-ruta-por-bruselas-tres-sitios-que-debes-visitar\/#breadcrumblist"},"author":{"@id":"https:\/\/www.eldigitaldeasturias.com\/noticias\/author\/admin\/#author"},"creator":{"@id":"https:\/\/www.eldigitaldeasturias.com\/noticias\/author\/admin\/#author"},"image":{"@type":"ImageObject","url":"https:\/\/www.eldigitaldeasturias.com\/noticias\/wp-content\/uploads\/2019\/07\/BRUSELAS.jpg","@id":"https:\/\/www.eldigitaldeasturias.com\/noticias\/de-ruta-por-bruselas-tres-sitios-que-debes-visitar\/#mainImage","width":960,"height":640},"primaryImageOfPage":{"@id":"https:\/\/www.eldigitaldeasturias.com\/noticias\/de-ruta-por-bruselas-tres-sitios-que-debes-visitar\/#mainImage"},"datePublished":"2019-07-23T16:49:57+02:00","dateModified":"2019-07-23T16:51:13+02:00"},{"@type":"WebSite","@id":"https:\/\/www.eldigitaldeasturias.com\/noticias\/#website","url":"https:\/\/www.eldigitaldeasturias.com\/noticias\/","name":"El Digital de Asturias - Diario de actualidad y noticias","alternateName":"El Digital de Asturias - Diario de actualidad y noticias","description":"Hemeroteca","inLanguage":"es-ES","publisher":{"@id":"https:\/\/www.eldigitaldeasturias.com\/noticias\/#organization"}}]},"og:locale":"es_ES","og:site_name":"El Digital de Asturias","og:type":"article","og:title":"De ruta por Bruselas: Siete sitios que debes visitar - El Digital de Asturias","og:description":"Uno de los destinos europeos m\u00e1s emblem\u00e1ticos y visitados por los turistas cada a\u00f1o es, sin duda, la capital de B\u00e9lgica, Bruselas. Y es que, Bruselas no guarda solamente historia, cultura y belleza, sino que adem\u00e1s es la principal sede administrativa de la Uni\u00f3n Europea. As\u00ed que, si decides escaparte estas vacaciones de verano a","og:url":"https:\/\/www.eldigitaldeasturias.com\/noticias\/de-ruta-por-bruselas-tres-sitios-que-debes-visitar\/","og:image":"https:\/\/www.eldigitaldeasturias.com\/noticias\/wp-content\/uploads\/2019\/07\/BRUSELAS.jpg","og:image:secure_url":"https:\/\/www.eldigitaldeasturias.com\/noticias\/wp-content\/uploads\/2019\/07\/BRUSELAS.jpg","og:image:width":960,"og:image:height":640,"article:tag":["turismo"],"article:published_time":"2019-07-23T16:49:57+00:00","article:modified_time":"2019-07-23T16:51:13+00:00","article:publisher":"https:\/\/facebook.com\/eldigitaldeasturias","twitter:card":"summary_large_image","twitter:title":"De ruta por Bruselas: Siete sitios que debes visitar - El Digital de Asturias","twitter:description":"Uno de los destinos europeos m\u00e1s emblem\u00e1ticos y visitados por los turistas cada a\u00f1o es, sin duda, la capital de B\u00e9lgica, Bruselas. Y es que, Bruselas no guarda solamente historia, cultura y belleza, sino que adem\u00e1s es la principal sede administrativa de la Uni\u00f3n Europea. As\u00ed que, si decides escaparte estas vacaciones de verano a","twitter:image":"https:\/\/www.eldigitaldeasturias.com\/noticias\/wp-content\/uploads\/2019\/07\/BRUSELAS.jpg","twitter:label1":"Escrito por","twitter:data1":"El Digital de Asturias","twitter:label2":"Tiempo de lectura estimado","twitter:data2":"2 minutos"},"aioseo_meta_data":{"post_id":"1035680","title":null,"description":null,"keywords":null,"keyphrases":null,"primary_term":null,"canonical_url":null,"og_title":null,"og_description":null,"og_object_type":"default","og_image_type":"default","og_image_url":null,"og_image_width":null,"og_image_height":null,"og_image_custom_url":null,"og_image_custom_fields":null,"og_video":null,"og_custom_url":null,"og_article_section":null,"og_article_tags":null,"twitter_use_og":false,"twitter_card":"default","twitter_image_type":"default","twitter_image_url":null,"twitter_image_custom_url":null,"twitter_image_custom_fields":null,"twitter_title":null,"twitter_description":null,"schema":{"blockGraphs":[],"customGraphs":[],"default":{"data":{"Article":[],"Course":[],"Dataset":[],"FAQPage":[],"Movie":[],"Person":[],"Product":[],"ProductReview":[],"Car":[],"Recipe":[],"Service":[],"SoftwareApplication":[],"WebPage":[]},"graphName":"","isEnabled":true},"graphs":[],"defaultGraph":"","defaultPostTypeGraph":""},"schema_type":null,"schema_type_options":null,"pillar_content":false,"robots_default":true,"robots_noindex":false,"robots_noarchive":false,"robots_nosnippet":false,"robots_nofollow":false,"robots_noimageindex":false,"robots_noodp":false,"robots_notranslate":false,"robots_max_snippet":null,"robots_max_videopreview":null,"robots_max_imagepreview":"large","priority":null,"frequency":null,"local_seo":null,"seo_analyzer_scan_date":"2025-10-22 09:59:09","breadcrumb_settings":null,"limit_modified_date":false,"open_ai":null,"ai":null,"created":"2020-12-21 11:08:01","updated":"2025-10-22 09:59:09"},"aioseo_breadcrumb":"<div class=\"aioseo-breadcrumbs\"><span class=\"aioseo-breadcrumb\">\n\t<a href=\"https:\/\/www.eldigitaldeasturias.com\/noticias\" title=\"Home\">Home<\/a>\n<\/span><span class=\"aioseo-breadcrumb-separator\">\u2013<\/span><span class=\"aioseo-breadcrumb\">\n\t<a href=\"https:\/\/www.eldigitaldeasturias.com\/noticias\/category\/turismo\/\" title=\"Turismo\">Turismo<\/a>\n<\/span><span class=\"aioseo-breadcrumb-separator\">\u2013<\/span><span class=\"aioseo-breadcrumb\">\n\t<a href=\"https:\/\/www.eldigitaldeasturias.com\/noticias\/de-ruta-por-bruselas-tres-sitios-que-debes-visitar\/\" title=\"De ruta por Bruselas: Siete sitios que debes visitar\">De ruta por Bruselas: Siete sitios que debes visitar<\/a>\n<\/span><\/div>","aioseo_breadcrumb_json":[{"label":"Home","link":"https:\/\/www.eldigitaldeasturias.com\/noticias"},{"label":"Turismo","link":"https:\/\/www.eldigitaldeasturias.com\/noticias\/category\/turismo\/"},{"label":"De ruta por Bruselas: Siete sitios que debes visitar","link":"https:\/\/www.eldigitaldeasturias.com\/noticias\/de-ruta-por-bruselas-tres-sitios-que-debes-visitar\/"}],"_links":{"self":[{"href":"https:\/\/www.eldigitaldeasturias.com\/noticias\/wp-json\/wp\/v2\/posts\/1035680","targetHints":{"allow":["GET"]}}],"collection":[{"href":"https:\/\/www.eldigitaldeasturias.com\/noticias\/wp-json\/wp\/v2\/posts"}],"about":[{"href":"https:\/\/www.eldigitaldeasturias.com\/noticias\/wp-json\/wp\/v2\/types\/post"}],"author":[{"embeddable":true,"href":"https:\/\/www.eldigitaldeasturias.com\/noticias\/wp-json\/wp\/v2\/users\/1"}],"replies":[{"embeddable":true,"href":"https:\/\/www.eldigitaldeasturias.com\/noticias\/wp-json\/wp\/v2\/comments?post=1035680"}],"version-history":[{"count":0,"href":"https:\/\/www.eldigitaldeasturias.com\/noticias\/wp-json\/wp\/v2\/posts\/1035680\/revisions"}],"wp:featuredmedia":[{"embeddable":true,"href":"https:\/\/www.eldigitaldeasturias.com\/noticias\/wp-json\/wp\/v2\/media\/1035681"}],"wp:attachment":[{"href":"https:\/\/www.eldigitaldeasturias.com\/noticias\/wp-json\/wp\/v2\/media?parent=1035680"}],"wp:term":[{"taxonomy":"category","embeddable":true,"href":"https:\/\/www.eldigitaldeasturias.com\/noticias\/wp-json\/wp\/v2\/categories?post=1035680"},{"taxonomy":"post_tag","embeddable":true,"href":"https:\/\/www.eldigitaldeasturias.com\/noticias\/wp-json\/wp\/v2\/tags?post=1035680"}],"curies":[{"name":"wp","href":"https:\/\/api.w.org\/{rel}","templated":true}]}}