{"id":1035611,"date":"2019-07-22T21:39:13","date_gmt":"2019-07-22T21:39:13","guid":{"rendered":"https:\/\/www.eldigitaldeasturias.com\/noticias\/?p=1035611"},"modified":"2019-07-22T21:39:13","modified_gmt":"2019-07-22T21:39:13","slug":"de-ruta-por-el-parque-nacional-bieszczady-en-polonia","status":"publish","type":"post","link":"https:\/\/www.eldigitaldeasturias.com\/noticias\/de-ruta-por-el-parque-nacional-bieszczady-en-polonia\/","title":{"rendered":"De ruta por el Parque Nacional Bieszczady en Polonia"},"content":{"rendered":"<p><img loading=\"lazy\" decoding=\"async\" class=\"alignleft size-medium wp-image-1035612\" src=\"https:\/\/www.eldigitaldeasturias.com\/noticias\/wp-content\/uploads\/2019\/07\/El-Parque-Nacional-Bieszczady-en-Polonia-360x239.jpg\" alt=\"\" width=\"360\" height=\"239\" srcset=\"https:\/\/www.eldigitaldeasturias.com\/noticias\/wp-content\/uploads\/2019\/07\/El-Parque-Nacional-Bieszczady-en-Polonia-360x239.jpg 360w, https:\/\/www.eldigitaldeasturias.com\/noticias\/wp-content\/uploads\/2019\/07\/El-Parque-Nacional-Bieszczady-en-Polonia-768x510.jpg 768w, https:\/\/www.eldigitaldeasturias.com\/noticias\/wp-content\/uploads\/2019\/07\/El-Parque-Nacional-Bieszczady-en-Polonia-650x432.jpg 650w, https:\/\/www.eldigitaldeasturias.com\/noticias\/wp-content\/uploads\/2019\/07\/El-Parque-Nacional-Bieszczady-en-Polonia-675x450.jpg 675w, https:\/\/www.eldigitaldeasturias.com\/noticias\/wp-content\/uploads\/2019\/07\/El-Parque-Nacional-Bieszczady-en-Polonia.jpg 1005w\" sizes=\"auto, (max-width: 360px) 100vw, 360px\" \/>(dpa) &#8211; Con calma baja la cabeza y pasta, vuelve a levantar la vista, olfatea brevemente y sigue pastando. El joven ciervo se encuentra en un claro, a menos de 200 metros de distancia. No parece tener miedo de los humanos, incluso cuando la distancia se reduzca a unos pocos metros. \u00abSe llama Karol\u00bb, dice un hombre, cuchillo en mano, sentado delante de una caba\u00f1a de madera en las inmediaciones.<\/p>\n<p>El joven ciervo est\u00e1 domesticado, cuenta Waldemar Witkowski, y agrega que conoce hace mucho a su madre. Muy cerca est\u00e1 una cierva. \u00abKaterine\u00bb, llama Witkowski. El animal se aproxima m\u00e1s. Nos encontramos en el sudeste de Polonia, cerca de la localidad de Wetlina. Witkowski vive a m\u00e1s de 40 kil\u00f3metros, cerca del embalse de Solina. Igualmente el hombre de m\u00e1s de 60 a\u00f1os viene seguido a la caba\u00f1a, atra\u00eddo por la inmensidad de la naturaleza.<\/p>\n<p>Porque aqu\u00ed, muy cerca de la frontera con Ucrania y Eslovaquia, en el Voivodato de Subcarpacia, se encuentra desde 1973 el Parque Nacional Bieszczady. Con m\u00e1s de 29.000 hect\u00e1reas, es el parque nacional m\u00e1s grande de las monta\u00f1as polacas.<\/p>\n<p>Desde 1992 el Parque pas\u00f3 a pertenecer a la denominada Reserva de la Biosfera Carp\u00e1tica Oriental de la UNESCO. Su nombre, Bieszczady, hace referencia a una cadena monta\u00f1osa de los C\u00e1rpatos. F\u00e1cilmente se divisa al Tarnica: la monta\u00f1a m\u00e1s elevada de Bieszczady llega hasta los 1.346 metros de altura.<\/p>\n<h4>ARTISTAS EN LAS MONTA\u00d1AS<\/h4>\n<p>Witkowski est\u00e1 sentado al aire libre. Mientras su cuchillo se desliza r\u00e1pidamente sobre la madera de tilo, sus lentes se ubican bien abajo en su nariz. Las astillas vuelan al suelo. Poco a poco el artista va haciendo emerger una figura de la madera.<\/p>\n<p>En el techo de la caba\u00f1a se encuentra un letrero, donde se lee en letras rojas \u00abGaleria nad Berehami\u00bb. La galer\u00eda fue fundada hace a\u00f1os por varios artistas. Los visitantes pueden adquirir aqu\u00ed esculturas, m\u00e1scaras e im\u00e1genes, as\u00ed como mapas de la regi\u00f3n.<\/p>\n<h4>LOBO, BISONTE, OSO Y COMPA\u00d1\u00cdA<\/h4>\n<p>Por supuesto hay lobos en la zona, comenta Witkowski. Por lo general estos animales atraviesan los bosques como sombras. Y, junto a los lobos, tambi\u00e9n viven osos pardos, linces, gatos monteses, castores, nutrias e incluso bisontes en el Parque Nacional.<\/p>\n<p>El bisonte europeo fue reintroducido nuevamente en la naturaleza en el a\u00f1o 1963 en Polonia, luego de que los \u00faltimos ejemplares que viv\u00edan en libertad fueran pr\u00e1cticamente exterminados poco despu\u00e9s de la Primera Guerra Mundial. Hoy por hoy, se reproducen de nuevo espl\u00e9ndidamente.<\/p>\n<p>Quien desee observar estos enormes animales a una distancia segura puede visitar un \u00e1rea cercada de reintroducci\u00f3n, por ejemplo cerca de la ciudad de Muczne. All\u00ed los bisontes son preparados para la vida en libertad, examinados m\u00e9dicamente y equipados con transmisores GPS.<\/p>\n<p>Los bisontes en general son mansos. \u00abEn caso que los excursionistas se topen en la naturaleza con un animal o una manada, deben comportarse con tranquilidad y mantener distancia\u00bb, recomienda Kaja Hrabal, quien brinda explicaciones a los visitantes en el \u00e1rea.<\/p>\n<p>Los bisontes colaboran para la diversidad de la flora y la fauna: como necesitan abundante alimento, mantienen grandes superficies libres en las zonas boscosas. De esta manera, hay bosques mixtos, en parte con reservas selv\u00e1ticas, praderas abiertas y prados alpinos.<\/p>\n<h4>UN CAP\u00cdTULO OSCURO DE LA HISTORIA<\/h4>\n<p>En algunas zonas solo hay naturaleza, sin presencia casi de pobladores. Y esto tiene que ver con un cap\u00edtulo oscuro de la historia polaca, la denominada \u00abOperaci\u00f3n V\u00edstula\u00bb: despu\u00e9s de la Segunda Guerra Mundial la Polonia comunista decidi\u00f3 que no tolerar\u00eda m\u00e1s minor\u00edas en la zona.<\/p>\n<p>Por lo tanto, en abril de 1947 muchos ucranianos, as\u00ed como boykos y lemkos, debieron abandonar sus hogares para ser trasladados a otras regiones. Los militares polacos buscaban a quienes se negaban a partir.<\/p>\n<p>Los ucranianos, entre ellos seguidores del Ej\u00e9rcito Insurgente Ucraniano (UPA), se escondieron tambi\u00e9n en los bosques. Sus suministros fueron cortados, gran parte de la regi\u00f3n fue despoblada y despu\u00e9s del reasentamiento forzado muchas casas e iglesias fueron quemadas.<\/p>\n<p>De manera ocasional los excursionistas encuentran todav\u00eda hoy en d\u00eda vestigios de viejos cementerios o de antiguos asentamientos. En la localidad de Ulucz solamente una vieja iglesia ortodoxa de madera sobrevivi\u00f3 a estos incendios.<\/p>\n<h4>PASEOS A CABALLO, CICLISMO, RAFTING Y M\u00c1S<\/h4>\n<p>Los visitantes pueden explorar el pasaje de diferentes maneras: a trav\u00e9s de numerosos senderos, en bicicleta, en un tren de trocha angosta de 100 a\u00f1os de antig\u00fcedad o sobre el lomo de un caballo.<\/p>\n<p>La regi\u00f3n es conocida por sus caballos huzules. Estos ponys de monta\u00f1a son considerados especialmente apacibles y seguros en su andar. Algunos establecimientos ofrecen paseos a caballo o en carruaje.<\/p>\n<p>Los visitantes tambi\u00e9n pueden apreciar la naturaleza desde el agua. El San es un afluente del r\u00edo V\u00edstula. Cuando el nivel del agua lo permite, los turistas pueden alquilar una canoa y dejarse llevar por la corriente r\u00edo abajo, disfrutando del verde intenso del valle.<\/p>\n<p>Al norte, el San desemboca en el embalse de Solina, el m\u00e1s grande de Polonia. All\u00ed tambi\u00e9n hay campings, complejos hoteleros as\u00ed como numerosas ofertas de wellness y deportes.<\/p>\n<h4>IGLESIAS DE MADERA, \u00cdCONOS E HISTORIA CULTURAL<\/h4>\n<p>Esta regi\u00f3n asimismo es atractiva para quienes se interesan por la cultura. En Sanok un museo expone la historia de la zona fronteriza polaco-ucraniana. Mientras tanto, el casco antiguo medieval domina el id\u00edlico valle del San. En el Museo Hist\u00f3rico en un castillo del siglo XVI se despliega una gran colecci\u00f3n de \u00edconos.<\/p>\n<p>M\u00e1s al norte hay numerosas iglesias de madera, que en 2003 fueron incluidas en la lista de Patrimonio de la Humanidad de la Unesco. En Haczow se encuentra la iglesia g\u00f3tica de madera m\u00e1s grande de Europa, construida en 1388.<\/p>\n<p><i class=\"lang-es\"><span class=\" readonly\" title=\"\">Por Isabelle Modler (dpa)<\/span><\/i><\/p>\n<p><em>Foto: Isabelle Modler\/dpa-tmn\u00a0<\/em><\/p>\n","protected":false},"excerpt":{"rendered":"<p>(dpa) &#8211; Con calma baja la cabeza y pasta, vuelve a levantar la vista, olfatea brevemente y sigue pastando. El joven ciervo se encuentra en un claro, a menos de 200 metros de distancia. No parece tener miedo de los humanos, incluso cuando la distancia se reduzca a unos pocos metros. \u00abSe llama Karol\u00bb, dice [&hellip;]<\/p>\n","protected":false},"author":1,"featured_media":1035612,"comment_status":"closed","ping_status":"closed","sticky":false,"template":"","format":"standard","meta":{"footnotes":""},"categories":[148],"tags":[],"class_list":["post-1035611","post","type-post","status-publish","format-standard","has-post-thumbnail","hentry","category-turismo"],"aioseo_notices":[],"aioseo_head":"\n\t\t<!-- All in One SEO Pro 4.9.6.2 - aioseo.com -->\n\t<meta name=\"description\" content=\"(dpa) - Con calma baja la cabeza y pasta, vuelve a levantar la vista, olfatea brevemente y sigue pastando. El joven ciervo se encuentra en un claro, a menos de 200 metros de distancia. No parece tener miedo de los humanos, incluso cuando la distancia se reduzca a unos pocos metros. &quot;Se llama Karol&quot;, dice\" \/>\n\t<meta name=\"robots\" content=\"max-image-preview:large\" \/>\n\t<meta name=\"author\" content=\"El Digital de Asturias\"\/>\n\t<meta name=\"google-site-verification\" content=\"UA-38556648-1\" \/>\n\t<meta name=\"msvalidate.01\" content=\"7dfe9f3f1b24437ab69f4f2559babe99\" \/>\n\t<meta name=\"keywords\" content=\"turismo\" \/>\n\t<link rel=\"canonical\" href=\"https:\/\/www.eldigitaldeasturias.com\/noticias\/de-ruta-por-el-parque-nacional-bieszczady-en-polonia\/\" \/>\n\t<meta name=\"generator\" content=\"All in One SEO Pro (AIOSEO) 4.9.6.2\" \/>\n\t\t<meta property=\"og:locale\" content=\"es_ES\" \/>\n\t\t<meta property=\"og:site_name\" content=\"El Digital de Asturias\" \/>\n\t\t<meta property=\"og:type\" content=\"article\" \/>\n\t\t<meta property=\"og:title\" content=\"De ruta por el Parque Nacional Bieszczady en Polonia - El Digital de Asturias\" \/>\n\t\t<meta property=\"og:description\" content=\"(dpa) - Con calma baja la cabeza y pasta, vuelve a levantar la vista, olfatea brevemente y sigue pastando. El joven ciervo se encuentra en un claro, a menos de 200 metros de distancia. No parece tener miedo de los humanos, incluso cuando la distancia se reduzca a unos pocos metros. &quot;Se llama Karol&quot;, dice\" \/>\n\t\t<meta property=\"og:url\" content=\"https:\/\/www.eldigitaldeasturias.com\/noticias\/de-ruta-por-el-parque-nacional-bieszczady-en-polonia\/\" \/>\n\t\t<meta property=\"og:image\" content=\"https:\/\/www.eldigitaldeasturias.com\/noticias\/wp-content\/uploads\/2019\/07\/El-Parque-Nacional-Bieszczady-en-Polonia.jpg\" \/>\n\t\t<meta property=\"og:image:secure_url\" content=\"https:\/\/www.eldigitaldeasturias.com\/noticias\/wp-content\/uploads\/2019\/07\/El-Parque-Nacional-Bieszczady-en-Polonia.jpg\" \/>\n\t\t<meta property=\"og:image:width\" content=\"1005\" \/>\n\t\t<meta property=\"og:image:height\" content=\"668\" \/>\n\t\t<meta property=\"article:tag\" content=\"turismo\" \/>\n\t\t<meta property=\"article:published_time\" content=\"2019-07-22T21:39:13+00:00\" \/>\n\t\t<meta property=\"article:modified_time\" content=\"2019-07-22T21:39:13+00:00\" \/>\n\t\t<meta property=\"article:publisher\" content=\"https:\/\/facebook.com\/eldigitaldeasturias\" \/>\n\t\t<meta name=\"twitter:card\" content=\"summary_large_image\" \/>\n\t\t<meta name=\"twitter:title\" content=\"De ruta por el Parque Nacional Bieszczady en Polonia - El Digital de Asturias\" \/>\n\t\t<meta name=\"twitter:description\" content=\"(dpa) - Con calma baja la cabeza y pasta, vuelve a levantar la vista, olfatea brevemente y sigue pastando. El joven ciervo se encuentra en un claro, a menos de 200 metros de distancia. No parece tener miedo de los humanos, incluso cuando la distancia se reduzca a unos pocos metros. &quot;Se llama Karol&quot;, dice\" \/>\n\t\t<meta name=\"twitter:image\" content=\"https:\/\/www.eldigitaldeasturias.com\/noticias\/wp-content\/uploads\/2019\/07\/El-Parque-Nacional-Bieszczady-en-Polonia.jpg\" \/>\n\t\t<meta name=\"twitter:label1\" content=\"Escrito por\" \/>\n\t\t<meta name=\"twitter:data1\" content=\"El Digital de Asturias\" \/>\n\t\t<meta name=\"twitter:label2\" content=\"Tiempo de lectura estimado\" \/>\n\t\t<meta name=\"twitter:data2\" content=\"5 minutos\" \/>\n\t\t<script type=\"application\/ld+json\" class=\"aioseo-schema\">\n\t\t\t{\"@context\":\"https:\\\/\\\/schema.org\",\"@graph\":[{\"@type\":\"BlogPosting\",\"@id\":\"https:\\\/\\\/www.eldigitaldeasturias.com\\\/noticias\\\/de-ruta-por-el-parque-nacional-bieszczady-en-polonia\\\/#blogposting\",\"name\":\"De ruta por el Parque Nacional Bieszczady en Polonia - El Digital de Asturias\",\"headline\":\"De ruta por el Parque Nacional Bieszczady en Polonia\",\"author\":{\"@id\":\"https:\\\/\\\/www.eldigitaldeasturias.com\\\/noticias\\\/author\\\/admin\\\/#author\"},\"publisher\":{\"@id\":\"https:\\\/\\\/www.eldigitaldeasturias.com\\\/noticias\\\/#organization\"},\"image\":{\"@type\":\"ImageObject\",\"url\":\"https:\\\/\\\/www.eldigitaldeasturias.com\\\/noticias\\\/wp-content\\\/uploads\\\/2019\\\/07\\\/El-Parque-Nacional-Bieszczady-en-Polonia.jpg\",\"width\":1005,\"height\":668},\"datePublished\":\"2019-07-22T21:39:13+02:00\",\"dateModified\":\"2019-07-22T21:39:13+02:00\",\"inLanguage\":\"es-ES\",\"mainEntityOfPage\":{\"@id\":\"https:\\\/\\\/www.eldigitaldeasturias.com\\\/noticias\\\/de-ruta-por-el-parque-nacional-bieszczady-en-polonia\\\/#webpage\"},\"isPartOf\":{\"@id\":\"https:\\\/\\\/www.eldigitaldeasturias.com\\\/noticias\\\/de-ruta-por-el-parque-nacional-bieszczady-en-polonia\\\/#webpage\"},\"articleSection\":\"Turismo\"},{\"@type\":\"BreadcrumbList\",\"@id\":\"https:\\\/\\\/www.eldigitaldeasturias.com\\\/noticias\\\/de-ruta-por-el-parque-nacional-bieszczady-en-polonia\\\/#breadcrumblist\",\"itemListElement\":[{\"@type\":\"ListItem\",\"@id\":\"https:\\\/\\\/www.eldigitaldeasturias.com\\\/noticias#listItem\",\"position\":1,\"name\":\"Home\",\"item\":\"https:\\\/\\\/www.eldigitaldeasturias.com\\\/noticias\",\"nextItem\":{\"@type\":\"ListItem\",\"@id\":\"https:\\\/\\\/www.eldigitaldeasturias.com\\\/noticias\\\/category\\\/turismo\\\/#listItem\",\"name\":\"Turismo\"}},{\"@type\":\"ListItem\",\"@id\":\"https:\\\/\\\/www.eldigitaldeasturias.com\\\/noticias\\\/category\\\/turismo\\\/#listItem\",\"position\":2,\"name\":\"Turismo\",\"item\":\"https:\\\/\\\/www.eldigitaldeasturias.com\\\/noticias\\\/category\\\/turismo\\\/\",\"nextItem\":{\"@type\":\"ListItem\",\"@id\":\"https:\\\/\\\/www.eldigitaldeasturias.com\\\/noticias\\\/de-ruta-por-el-parque-nacional-bieszczady-en-polonia\\\/#listItem\",\"name\":\"De ruta por el Parque Nacional Bieszczady en Polonia\"},\"previousItem\":{\"@type\":\"ListItem\",\"@id\":\"https:\\\/\\\/www.eldigitaldeasturias.com\\\/noticias#listItem\",\"name\":\"Home\"}},{\"@type\":\"ListItem\",\"@id\":\"https:\\\/\\\/www.eldigitaldeasturias.com\\\/noticias\\\/de-ruta-por-el-parque-nacional-bieszczady-en-polonia\\\/#listItem\",\"position\":3,\"name\":\"De ruta por el Parque Nacional Bieszczady en Polonia\",\"previousItem\":{\"@type\":\"ListItem\",\"@id\":\"https:\\\/\\\/www.eldigitaldeasturias.com\\\/noticias\\\/category\\\/turismo\\\/#listItem\",\"name\":\"Turismo\"}}]},{\"@type\":\"Organization\",\"@id\":\"https:\\\/\\\/www.eldigitaldeasturias.com\\\/noticias\\\/#organization\",\"name\":\"El Digital de Asturias\",\"description\":\"Hemeroteca\",\"url\":\"https:\\\/\\\/www.eldigitaldeasturias.com\\\/noticias\\\/\",\"email\":\"info@eldigitaldeasturias.com\",\"telephone\":\"+34652131393\",\"logo\":{\"@type\":\"ImageObject\",\"url\":\"https:\\\/\\\/www.eldigitaldeasturias.com\\\/noticias\\\/wp-content\\\/uploads\\\/2020\\\/12\\\/EDA.jpg\",\"@id\":\"https:\\\/\\\/www.eldigitaldeasturias.com\\\/noticias\\\/de-ruta-por-el-parque-nacional-bieszczady-en-polonia\\\/#organizationLogo\",\"width\":649,\"height\":297},\"image\":{\"@id\":\"https:\\\/\\\/www.eldigitaldeasturias.com\\\/noticias\\\/de-ruta-por-el-parque-nacional-bieszczady-en-polonia\\\/#organizationLogo\"},\"sameAs\":[\"https:\\\/\\\/facebook.com\\\/eldigitaldeasturias\",\"https:\\\/\\\/www.youtube.com\\\/channel\\\/UCZP-2wLEB9Rv6erhFmqVnvg\"],\"address\":{\"@id\":\"https:\\\/\\\/www.eldigitaldeasturias.com\\\/noticias\\\/#postaladdress\",\"@type\":\"PostalAddress\",\"streetAddress\":\"san antonio 4,\",\"postalCode\":\"33430\",\"addressLocality\":\"Cand\\u00e1s\",\"addressRegion\":\"Asturias\",\"addressCountry\":\"ES\"}},{\"@type\":\"Person\",\"@id\":\"https:\\\/\\\/www.eldigitaldeasturias.com\\\/noticias\\\/author\\\/admin\\\/#author\",\"url\":\"https:\\\/\\\/www.eldigitaldeasturias.com\\\/noticias\\\/author\\\/admin\\\/\",\"name\":\"El Digital de Asturias\",\"image\":{\"@type\":\"ImageObject\",\"@id\":\"https:\\\/\\\/www.eldigitaldeasturias.com\\\/noticias\\\/de-ruta-por-el-parque-nacional-bieszczady-en-polonia\\\/#authorImage\",\"url\":\"https:\\\/\\\/www.eldigitaldeasturias.com\\\/noticias\\\/wp-content\\\/litespeed\\\/avatar\\\/18677e78aa0546b92d9dbf31ec7d7668.jpg?ver=1777290358\",\"width\":96,\"height\":96,\"caption\":\"El Digital de Asturias\"}},{\"@type\":\"WebPage\",\"@id\":\"https:\\\/\\\/www.eldigitaldeasturias.com\\\/noticias\\\/de-ruta-por-el-parque-nacional-bieszczady-en-polonia\\\/#webpage\",\"url\":\"https:\\\/\\\/www.eldigitaldeasturias.com\\\/noticias\\\/de-ruta-por-el-parque-nacional-bieszczady-en-polonia\\\/\",\"name\":\"De ruta por el Parque Nacional Bieszczady en Polonia - El Digital de Asturias\",\"description\":\"(dpa) - Con calma baja la cabeza y pasta, vuelve a levantar la vista, olfatea brevemente y sigue pastando. El joven ciervo se encuentra en un claro, a menos de 200 metros de distancia. No parece tener miedo de los humanos, incluso cuando la distancia se reduzca a unos pocos metros. \\\"Se llama Karol\\\", dice\",\"inLanguage\":\"es-ES\",\"isPartOf\":{\"@id\":\"https:\\\/\\\/www.eldigitaldeasturias.com\\\/noticias\\\/#website\"},\"breadcrumb\":{\"@id\":\"https:\\\/\\\/www.eldigitaldeasturias.com\\\/noticias\\\/de-ruta-por-el-parque-nacional-bieszczady-en-polonia\\\/#breadcrumblist\"},\"author\":{\"@id\":\"https:\\\/\\\/www.eldigitaldeasturias.com\\\/noticias\\\/author\\\/admin\\\/#author\"},\"creator\":{\"@id\":\"https:\\\/\\\/www.eldigitaldeasturias.com\\\/noticias\\\/author\\\/admin\\\/#author\"},\"image\":{\"@type\":\"ImageObject\",\"url\":\"https:\\\/\\\/www.eldigitaldeasturias.com\\\/noticias\\\/wp-content\\\/uploads\\\/2019\\\/07\\\/El-Parque-Nacional-Bieszczady-en-Polonia.jpg\",\"@id\":\"https:\\\/\\\/www.eldigitaldeasturias.com\\\/noticias\\\/de-ruta-por-el-parque-nacional-bieszczady-en-polonia\\\/#mainImage\",\"width\":1005,\"height\":668},\"primaryImageOfPage\":{\"@id\":\"https:\\\/\\\/www.eldigitaldeasturias.com\\\/noticias\\\/de-ruta-por-el-parque-nacional-bieszczady-en-polonia\\\/#mainImage\"},\"datePublished\":\"2019-07-22T21:39:13+02:00\",\"dateModified\":\"2019-07-22T21:39:13+02:00\"},{\"@type\":\"WebSite\",\"@id\":\"https:\\\/\\\/www.eldigitaldeasturias.com\\\/noticias\\\/#website\",\"url\":\"https:\\\/\\\/www.eldigitaldeasturias.com\\\/noticias\\\/\",\"name\":\"El Digital de Asturias - Diario de actualidad y noticias\",\"alternateName\":\"El Digital de Asturias - Diario de actualidad y noticias\",\"description\":\"Hemeroteca\",\"inLanguage\":\"es-ES\",\"publisher\":{\"@id\":\"https:\\\/\\\/www.eldigitaldeasturias.com\\\/noticias\\\/#organization\"}}]}\n\t\t<\/script>\n\t\t<!-- All in One SEO Pro -->\r\n\t\t<title>De ruta por el Parque Nacional Bieszczady en Polonia - El Digital de Asturias<\/title>\n\n","aioseo_head_json":{"title":"De ruta por el Parque Nacional Bieszczady en Polonia - El Digital de Asturias","description":"(dpa) - Con calma baja la cabeza y pasta, vuelve a levantar la vista, olfatea brevemente y sigue pastando. El joven ciervo se encuentra en un claro, a menos de 200 metros de distancia. No parece tener miedo de los humanos, incluso cuando la distancia se reduzca a unos pocos metros. \"Se llama Karol\", dice","canonical_url":"https:\/\/www.eldigitaldeasturias.com\/noticias\/de-ruta-por-el-parque-nacional-bieszczady-en-polonia\/","robots":"max-image-preview:large","keywords":"turismo","webmasterTools":{"google-site-verification":"UA-38556648-1","msvalidate.01":"7dfe9f3f1b24437ab69f4f2559babe99","miscellaneous":""},"schema":{"@context":"https:\/\/schema.org","@graph":[{"@type":"BlogPosting","@id":"https:\/\/www.eldigitaldeasturias.com\/noticias\/de-ruta-por-el-parque-nacional-bieszczady-en-polonia\/#blogposting","name":"De ruta por el Parque Nacional Bieszczady en Polonia - El Digital de Asturias","headline":"De ruta por el Parque Nacional Bieszczady en Polonia","author":{"@id":"https:\/\/www.eldigitaldeasturias.com\/noticias\/author\/admin\/#author"},"publisher":{"@id":"https:\/\/www.eldigitaldeasturias.com\/noticias\/#organization"},"image":{"@type":"ImageObject","url":"https:\/\/www.eldigitaldeasturias.com\/noticias\/wp-content\/uploads\/2019\/07\/El-Parque-Nacional-Bieszczady-en-Polonia.jpg","width":1005,"height":668},"datePublished":"2019-07-22T21:39:13+02:00","dateModified":"2019-07-22T21:39:13+02:00","inLanguage":"es-ES","mainEntityOfPage":{"@id":"https:\/\/www.eldigitaldeasturias.com\/noticias\/de-ruta-por-el-parque-nacional-bieszczady-en-polonia\/#webpage"},"isPartOf":{"@id":"https:\/\/www.eldigitaldeasturias.com\/noticias\/de-ruta-por-el-parque-nacional-bieszczady-en-polonia\/#webpage"},"articleSection":"Turismo"},{"@type":"BreadcrumbList","@id":"https:\/\/www.eldigitaldeasturias.com\/noticias\/de-ruta-por-el-parque-nacional-bieszczady-en-polonia\/#breadcrumblist","itemListElement":[{"@type":"ListItem","@id":"https:\/\/www.eldigitaldeasturias.com\/noticias#listItem","position":1,"name":"Home","item":"https:\/\/www.eldigitaldeasturias.com\/noticias","nextItem":{"@type":"ListItem","@id":"https:\/\/www.eldigitaldeasturias.com\/noticias\/category\/turismo\/#listItem","name":"Turismo"}},{"@type":"ListItem","@id":"https:\/\/www.eldigitaldeasturias.com\/noticias\/category\/turismo\/#listItem","position":2,"name":"Turismo","item":"https:\/\/www.eldigitaldeasturias.com\/noticias\/category\/turismo\/","nextItem":{"@type":"ListItem","@id":"https:\/\/www.eldigitaldeasturias.com\/noticias\/de-ruta-por-el-parque-nacional-bieszczady-en-polonia\/#listItem","name":"De ruta por el Parque Nacional Bieszczady en Polonia"},"previousItem":{"@type":"ListItem","@id":"https:\/\/www.eldigitaldeasturias.com\/noticias#listItem","name":"Home"}},{"@type":"ListItem","@id":"https:\/\/www.eldigitaldeasturias.com\/noticias\/de-ruta-por-el-parque-nacional-bieszczady-en-polonia\/#listItem","position":3,"name":"De ruta por el Parque Nacional Bieszczady en Polonia","previousItem":{"@type":"ListItem","@id":"https:\/\/www.eldigitaldeasturias.com\/noticias\/category\/turismo\/#listItem","name":"Turismo"}}]},{"@type":"Organization","@id":"https:\/\/www.eldigitaldeasturias.com\/noticias\/#organization","name":"El Digital de Asturias","description":"Hemeroteca","url":"https:\/\/www.eldigitaldeasturias.com\/noticias\/","email":"info@eldigitaldeasturias.com","telephone":"+34652131393","logo":{"@type":"ImageObject","url":"https:\/\/www.eldigitaldeasturias.com\/noticias\/wp-content\/uploads\/2020\/12\/EDA.jpg","@id":"https:\/\/www.eldigitaldeasturias.com\/noticias\/de-ruta-por-el-parque-nacional-bieszczady-en-polonia\/#organizationLogo","width":649,"height":297},"image":{"@id":"https:\/\/www.eldigitaldeasturias.com\/noticias\/de-ruta-por-el-parque-nacional-bieszczady-en-polonia\/#organizationLogo"},"sameAs":["https:\/\/facebook.com\/eldigitaldeasturias","https:\/\/www.youtube.com\/channel\/UCZP-2wLEB9Rv6erhFmqVnvg"],"address":{"@id":"https:\/\/www.eldigitaldeasturias.com\/noticias\/#postaladdress","@type":"PostalAddress","streetAddress":"san antonio 4,","postalCode":"33430","addressLocality":"Cand\u00e1s","addressRegion":"Asturias","addressCountry":"ES"}},{"@type":"Person","@id":"https:\/\/www.eldigitaldeasturias.com\/noticias\/author\/admin\/#author","url":"https:\/\/www.eldigitaldeasturias.com\/noticias\/author\/admin\/","name":"El Digital de Asturias","image":{"@type":"ImageObject","@id":"https:\/\/www.eldigitaldeasturias.com\/noticias\/de-ruta-por-el-parque-nacional-bieszczady-en-polonia\/#authorImage","url":"https:\/\/www.eldigitaldeasturias.com\/noticias\/wp-content\/litespeed\/avatar\/18677e78aa0546b92d9dbf31ec7d7668.jpg?ver=1777290358","width":96,"height":96,"caption":"El Digital de Asturias"}},{"@type":"WebPage","@id":"https:\/\/www.eldigitaldeasturias.com\/noticias\/de-ruta-por-el-parque-nacional-bieszczady-en-polonia\/#webpage","url":"https:\/\/www.eldigitaldeasturias.com\/noticias\/de-ruta-por-el-parque-nacional-bieszczady-en-polonia\/","name":"De ruta por el Parque Nacional Bieszczady en Polonia - El Digital de Asturias","description":"(dpa) - Con calma baja la cabeza y pasta, vuelve a levantar la vista, olfatea brevemente y sigue pastando. El joven ciervo se encuentra en un claro, a menos de 200 metros de distancia. No parece tener miedo de los humanos, incluso cuando la distancia se reduzca a unos pocos metros. \"Se llama Karol\", dice","inLanguage":"es-ES","isPartOf":{"@id":"https:\/\/www.eldigitaldeasturias.com\/noticias\/#website"},"breadcrumb":{"@id":"https:\/\/www.eldigitaldeasturias.com\/noticias\/de-ruta-por-el-parque-nacional-bieszczady-en-polonia\/#breadcrumblist"},"author":{"@id":"https:\/\/www.eldigitaldeasturias.com\/noticias\/author\/admin\/#author"},"creator":{"@id":"https:\/\/www.eldigitaldeasturias.com\/noticias\/author\/admin\/#author"},"image":{"@type":"ImageObject","url":"https:\/\/www.eldigitaldeasturias.com\/noticias\/wp-content\/uploads\/2019\/07\/El-Parque-Nacional-Bieszczady-en-Polonia.jpg","@id":"https:\/\/www.eldigitaldeasturias.com\/noticias\/de-ruta-por-el-parque-nacional-bieszczady-en-polonia\/#mainImage","width":1005,"height":668},"primaryImageOfPage":{"@id":"https:\/\/www.eldigitaldeasturias.com\/noticias\/de-ruta-por-el-parque-nacional-bieszczady-en-polonia\/#mainImage"},"datePublished":"2019-07-22T21:39:13+02:00","dateModified":"2019-07-22T21:39:13+02:00"},{"@type":"WebSite","@id":"https:\/\/www.eldigitaldeasturias.com\/noticias\/#website","url":"https:\/\/www.eldigitaldeasturias.com\/noticias\/","name":"El Digital de Asturias - Diario de actualidad y noticias","alternateName":"El Digital de Asturias - Diario de actualidad y noticias","description":"Hemeroteca","inLanguage":"es-ES","publisher":{"@id":"https:\/\/www.eldigitaldeasturias.com\/noticias\/#organization"}}]},"og:locale":"es_ES","og:site_name":"El Digital de Asturias","og:type":"article","og:title":"De ruta por el Parque Nacional Bieszczady en Polonia - El Digital de Asturias","og:description":"(dpa) - Con calma baja la cabeza y pasta, vuelve a levantar la vista, olfatea brevemente y sigue pastando. El joven ciervo se encuentra en un claro, a menos de 200 metros de distancia. No parece tener miedo de los humanos, incluso cuando la distancia se reduzca a unos pocos metros. &quot;Se llama Karol&quot;, dice","og:url":"https:\/\/www.eldigitaldeasturias.com\/noticias\/de-ruta-por-el-parque-nacional-bieszczady-en-polonia\/","og:image":"https:\/\/www.eldigitaldeasturias.com\/noticias\/wp-content\/uploads\/2019\/07\/El-Parque-Nacional-Bieszczady-en-Polonia.jpg","og:image:secure_url":"https:\/\/www.eldigitaldeasturias.com\/noticias\/wp-content\/uploads\/2019\/07\/El-Parque-Nacional-Bieszczady-en-Polonia.jpg","og:image:width":1005,"og:image:height":668,"article:tag":["turismo"],"article:published_time":"2019-07-22T21:39:13+00:00","article:modified_time":"2019-07-22T21:39:13+00:00","article:publisher":"https:\/\/facebook.com\/eldigitaldeasturias","twitter:card":"summary_large_image","twitter:title":"De ruta por el Parque Nacional Bieszczady en Polonia - El Digital de Asturias","twitter:description":"(dpa) - Con calma baja la cabeza y pasta, vuelve a levantar la vista, olfatea brevemente y sigue pastando. El joven ciervo se encuentra en un claro, a menos de 200 metros de distancia. No parece tener miedo de los humanos, incluso cuando la distancia se reduzca a unos pocos metros. &quot;Se llama Karol&quot;, dice","twitter:image":"https:\/\/www.eldigitaldeasturias.com\/noticias\/wp-content\/uploads\/2019\/07\/El-Parque-Nacional-Bieszczady-en-Polonia.jpg","twitter:label1":"Escrito por","twitter:data1":"El Digital de Asturias","twitter:label2":"Tiempo de lectura estimado","twitter:data2":"5 minutos"},"aioseo_meta_data":{"post_id":"1035611","title":null,"description":null,"keywords":null,"keyphrases":null,"primary_term":null,"canonical_url":null,"og_title":null,"og_description":null,"og_object_type":"default","og_image_type":"default","og_image_url":null,"og_image_width":null,"og_image_height":null,"og_image_custom_url":null,"og_image_custom_fields":null,"og_video":null,"og_custom_url":null,"og_article_section":null,"og_article_tags":null,"twitter_use_og":false,"twitter_card":"default","twitter_image_type":"default","twitter_image_url":null,"twitter_image_custom_url":null,"twitter_image_custom_fields":null,"twitter_title":null,"twitter_description":null,"schema":{"blockGraphs":[],"customGraphs":[],"default":{"data":{"Article":[],"Course":[],"Dataset":[],"FAQPage":[],"Movie":[],"Person":[],"Product":[],"ProductReview":[],"Car":[],"Recipe":[],"Service":[],"SoftwareApplication":[],"WebPage":[]},"graphName":"","isEnabled":true},"graphs":[],"defaultGraph":"","defaultPostTypeGraph":""},"schema_type":null,"schema_type_options":null,"pillar_content":false,"robots_default":true,"robots_noindex":false,"robots_noarchive":false,"robots_nosnippet":false,"robots_nofollow":false,"robots_noimageindex":false,"robots_noodp":false,"robots_notranslate":false,"robots_max_snippet":null,"robots_max_videopreview":null,"robots_max_imagepreview":"large","priority":null,"frequency":null,"local_seo":null,"seo_analyzer_scan_date":"2025-10-22 09:42:08","breadcrumb_settings":null,"limit_modified_date":false,"open_ai":null,"ai":null,"created":"2020-12-21 11:08:01","updated":"2025-10-22 09:42:08"},"aioseo_breadcrumb":"<div class=\"aioseo-breadcrumbs\"><span class=\"aioseo-breadcrumb\">\n\t<a href=\"https:\/\/www.eldigitaldeasturias.com\/noticias\" title=\"Home\">Home<\/a>\n<\/span><span class=\"aioseo-breadcrumb-separator\">\u2013<\/span><span class=\"aioseo-breadcrumb\">\n\t<a href=\"https:\/\/www.eldigitaldeasturias.com\/noticias\/category\/turismo\/\" title=\"Turismo\">Turismo<\/a>\n<\/span><span class=\"aioseo-breadcrumb-separator\">\u2013<\/span><span class=\"aioseo-breadcrumb\">\n\t<a href=\"https:\/\/www.eldigitaldeasturias.com\/noticias\/de-ruta-por-el-parque-nacional-bieszczady-en-polonia\/\" title=\"De ruta por el Parque Nacional Bieszczady en Polonia\">De ruta por el Parque Nacional Bieszczady en Polonia<\/a>\n<\/span><\/div>","aioseo_breadcrumb_json":[{"label":"Home","link":"https:\/\/www.eldigitaldeasturias.com\/noticias"},{"label":"Turismo","link":"https:\/\/www.eldigitaldeasturias.com\/noticias\/category\/turismo\/"},{"label":"De ruta por el Parque Nacional Bieszczady en Polonia","link":"https:\/\/www.eldigitaldeasturias.com\/noticias\/de-ruta-por-el-parque-nacional-bieszczady-en-polonia\/"}],"_links":{"self":[{"href":"https:\/\/www.eldigitaldeasturias.com\/noticias\/wp-json\/wp\/v2\/posts\/1035611","targetHints":{"allow":["GET"]}}],"collection":[{"href":"https:\/\/www.eldigitaldeasturias.com\/noticias\/wp-json\/wp\/v2\/posts"}],"about":[{"href":"https:\/\/www.eldigitaldeasturias.com\/noticias\/wp-json\/wp\/v2\/types\/post"}],"author":[{"embeddable":true,"href":"https:\/\/www.eldigitaldeasturias.com\/noticias\/wp-json\/wp\/v2\/users\/1"}],"replies":[{"embeddable":true,"href":"https:\/\/www.eldigitaldeasturias.com\/noticias\/wp-json\/wp\/v2\/comments?post=1035611"}],"version-history":[{"count":0,"href":"https:\/\/www.eldigitaldeasturias.com\/noticias\/wp-json\/wp\/v2\/posts\/1035611\/revisions"}],"wp:featuredmedia":[{"embeddable":true,"href":"https:\/\/www.eldigitaldeasturias.com\/noticias\/wp-json\/wp\/v2\/media\/1035612"}],"wp:attachment":[{"href":"https:\/\/www.eldigitaldeasturias.com\/noticias\/wp-json\/wp\/v2\/media?parent=1035611"}],"wp:term":[{"taxonomy":"category","embeddable":true,"href":"https:\/\/www.eldigitaldeasturias.com\/noticias\/wp-json\/wp\/v2\/categories?post=1035611"},{"taxonomy":"post_tag","embeddable":true,"href":"https:\/\/www.eldigitaldeasturias.com\/noticias\/wp-json\/wp\/v2\/tags?post=1035611"}],"curies":[{"name":"wp","href":"https:\/\/api.w.org\/{rel}","templated":true}]}}