{"id":1035506,"date":"2019-07-22T05:42:36","date_gmt":"2019-07-22T05:42:36","guid":{"rendered":"https:\/\/www.eldigitaldeasturias.com\/noticias\/?p=1035506"},"modified":"2019-07-22T05:42:36","modified_gmt":"2019-07-22T05:42:36","slug":"jardines-en-el-corazon-de-europa","status":"publish","type":"post","link":"https:\/\/www.eldigitaldeasturias.com\/noticias\/jardines-en-el-corazon-de-europa\/","title":{"rendered":"Jardines en el coraz\u00f3n de Europa"},"content":{"rendered":"<p><img loading=\"lazy\" decoding=\"async\" class=\"size-medium wp-image-1035507 alignleft\" src=\"https:\/\/www.eldigitaldeasturias.com\/noticias\/wp-content\/uploads\/2019\/07\/jardides-europa-360x273.jpg\" alt=\"\" width=\"360\" height=\"273\" srcset=\"https:\/\/www.eldigitaldeasturias.com\/noticias\/wp-content\/uploads\/2019\/07\/jardides-europa-360x273.jpg 360w, https:\/\/www.eldigitaldeasturias.com\/noticias\/wp-content\/uploads\/2019\/07\/jardides-europa-768x582.jpg 768w, https:\/\/www.eldigitaldeasturias.com\/noticias\/wp-content\/uploads\/2019\/07\/jardides-europa-634x480.jpg 634w, https:\/\/www.eldigitaldeasturias.com\/noticias\/wp-content\/uploads\/2019\/07\/jardides-europa-100x75.jpg 100w, https:\/\/www.eldigitaldeasturias.com\/noticias\/wp-content\/uploads\/2019\/07\/jardides-europa.jpg 898w\" sizes=\"auto, (max-width: 360px) 100vw, 360px\" \/>(dpa) &#8211; No todos se apuntan los jardines bot\u00e1nicos de cada sitio antes de viajar, pero es una experiencia que vale la pena. Nos ense\u00f1a las ciudades desde otro lugar. <strong>En Europa, particularmente, hay jardines deslumbrantes para visitar<\/strong>, sea porque despliegan una ola de flores de amapolas en medio de Par\u00eds, enormes magnolias en el Tesino o limones en pleno ajetreo de Londres. En muchos uno siente que est\u00e1 contemplando una pintura. <strong>Veamos algunos de ellos<\/strong>:<\/p>\n<h3>Jardines Reales de fama mundial: el \u00abKew Garden\u00bb de Londres<\/h3>\n<p>Imposible no ir, y eso vale no s\u00f3lo para los amantes de la plantas. El \u00abKew Garden\u00bb, en el barrio Richmond, cuenta con 80 hect\u00e1reas y es uno de los jardines m\u00e1s importantes que existen en el mundo. All\u00ed pueden contemplarse especies de todas partes del planeta. Es m\u00e1s, muchas de las plantas que se encuentran en este jard\u00edn est\u00e1n en riesgo de extinci\u00f3n, apunta Scott Taylor, director del predio. \u00abPor eso intentamos poner a resguardo semillas de la mayor cantidad de especies posible\u00bb, explica.<\/p>\n<h3>Escondido en pleno barrio residencial: el Chelsea Physic Garden<\/h3>\n<p>Este jard\u00edn tambi\u00e9n se encuentra en Londres. Es el jard\u00edn bot\u00e1nico m\u00e1s antiguo de la ciudad. Est\u00e1 casi oculto entre varias casas del elegante barrio de Chelsea. Cuando uno est\u00e1 all\u00ed, siente que est\u00e1 en un microclima gracias al T\u00e1mesis, que se encuentra muy cerca, y una muralla que lo contiene. Ideal para que crezcan los c\u00edtricos como el pomelo, la bergamota y el lim\u00f3n.<\/p>\n<h3>El esplendor de las magnolias: el \u00abParco Botanico\u00bb del Tesino<\/h3>\n<p>Este jard\u00edn con vistas al Lago Maggiore es famoso por una flor en particular: la magnolia. \u00abAl tener 600 especies, nuestra colecci\u00f3n de magnolias es la m\u00e1s grande del mundo\u00bb, asegura su due\u00f1o, Rito Eisenhut. Ubicado en el soleado cant\u00f3n suizo del Tesino, en la cara sur de los Alpes, las magnolias crecen y alcanzan en algunos casos m\u00e1s de diez metros.<\/p>\n<h3>Geometr\u00eda en el \u00abJardim Bot\u00e1nico\u00bb de Madeira<\/h3>\n<p>Un telef\u00e9rico lleva de la parte antigua de Funchal hacia el \u00abJardim Botanico\u00bb de Madeira, ubicado a 300 metros sobre el nivel del mar en esta deliciosa regi\u00f3n de Portugal. All\u00ed la geometr\u00eda y los colores se abren paso con el Atl\u00e1ntico como tel\u00f3n de fondo. \u00abAqu\u00ed se dan muy bien las plantas ex\u00f3ticas\u00bb, explica la gu\u00eda Am\u00e9lia Carvalho se\u00f1alando las strelitzias y una dracaena enorme. Tambi\u00e9n hay especies nativas como el laurel de Madeira, que antiguamente cubr\u00eda gran parte de la isla.<\/p>\n<h3>Amapolas como en un \u00f3leo: el \u00abJardin des Plantes\u00bb de Par\u00eds<\/h3>\n<p>Como un mar de amapolas se abren los colores en el \u00abJardin des Plantes\u00bb en medio de Par\u00eds. Sus delicados p\u00e9talos parecen tomados de un cuadro impresionista. Los turistas se toman fotos debajo de los cerezos japoneses que arrojan una sombra rosa, mientras uno imagina, muy cerca, las serenas aguas del Sena. Este jard\u00edn bot\u00e1nico forma parte del Museo de Historia Natural franc\u00e9s.<\/p>\n<h3>Tilos embriagadores: los \u00abJardins de Coursiana\u00bb en Francia<\/h3>\n<p>Los \u00abJardins de Coursiana\u00bb est\u00e1n en un sitio menos frecuentado pero no menos merecedor de visitas: La Romieu, en el sudoeste del pa\u00eds. \u00abNosotros no decimos que somos un jard\u00edn bot\u00e1nico, a ver si la gente piensa que aqu\u00ed se aburrir\u00e1\u00bb, bromea su due\u00f1a, V\u00e9ronique Delannoy. En estos jardines se pueden ver 700 \u00e1rboles ex\u00f3ticos de cinco continentes, entre otros, 60 especies de tilo.<\/p>\n<h3>Flora asi\u00e1tica: El jard\u00edn m\u00e1s antiguo de Holanda<\/h3>\n<p>El jard\u00edn bot\u00e1nico de Leiden tiene 400 a\u00f1os de historia. Se encuentra entre La Haya y \u00c1msterdam y fue fundado en 1590 como jard\u00edn acad\u00e9mico de la universidad. Se reunieron plantas ex\u00f3ticas dels tr\u00f3pico, sobre todo especies del sudeste asi\u00e1tico.<\/p>\n<h3>Arte entre hojas: el Real Jard\u00edn Bot\u00e1nico de Madrid<\/h3>\n<p>El Real Jard\u00edn Bot\u00e1nico de Madrid est\u00e1 al lado del Museo del Prado y entre sus plantas tambi\u00e9n destacan importantes obras de arte: las estatuas asoman entre las borlas de los escobillones rojos, los cardos de huerta y de las plantas de granados.<\/p>\n<p><i class=\"lang-es\"><span class=\" readonly\" title=\"\">Por Daniela David (dpa)<\/span><\/i><\/p>\n<p><em>Foto: Daniela David\/dpa-tmn\u00a0<\/em><\/p>\n<p>&nbsp;<\/p>\n","protected":false},"excerpt":{"rendered":"<p>(dpa) &#8211; No todos se apuntan los jardines bot\u00e1nicos de cada sitio antes de viajar, pero es una experiencia que vale la pena. Nos ense\u00f1a las ciudades desde otro lugar. En Europa, particularmente, hay jardines deslumbrantes para visitar, sea porque despliegan una ola de flores de amapolas en medio de Par\u00eds, enormes magnolias en el [&hellip;]<\/p>\n","protected":false},"author":1,"featured_media":1035507,"comment_status":"closed","ping_status":"closed","sticky":false,"template":"","format":"standard","meta":{"footnotes":""},"categories":[148],"tags":[],"class_list":["post-1035506","post","type-post","status-publish","format-standard","has-post-thumbnail","hentry","category-turismo"],"aioseo_notices":[],"aioseo_head":"\n\t\t<!-- All in One SEO Pro 4.9.6.2 - aioseo.com -->\n\t<meta name=\"description\" content=\"(dpa) - No todos se apuntan los jardines bot\u00e1nicos de cada sitio antes de viajar, pero es una experiencia que vale la pena. Nos ense\u00f1a las ciudades desde otro lugar. En Europa, particularmente, hay jardines deslumbrantes para visitar, sea porque despliegan una ola de flores de amapolas en medio de Par\u00eds, enormes magnolias en el\" \/>\n\t<meta name=\"robots\" content=\"max-image-preview:large\" \/>\n\t<meta name=\"author\" content=\"El Digital de Asturias\"\/>\n\t<meta name=\"google-site-verification\" content=\"UA-38556648-1\" \/>\n\t<meta name=\"msvalidate.01\" content=\"7dfe9f3f1b24437ab69f4f2559babe99\" \/>\n\t<meta name=\"keywords\" content=\"turismo\" \/>\n\t<link rel=\"canonical\" href=\"https:\/\/www.eldigitaldeasturias.com\/noticias\/jardines-en-el-corazon-de-europa\/\" \/>\n\t<meta name=\"generator\" content=\"All in One SEO Pro (AIOSEO) 4.9.6.2\" \/>\n\t\t<meta property=\"og:locale\" content=\"es_ES\" \/>\n\t\t<meta property=\"og:site_name\" content=\"El Digital de Asturias\" \/>\n\t\t<meta property=\"og:type\" content=\"article\" \/>\n\t\t<meta property=\"og:title\" content=\"Jardines en el coraz\u00f3n de Europa - El Digital de Asturias\" \/>\n\t\t<meta property=\"og:description\" content=\"(dpa) - No todos se apuntan los jardines bot\u00e1nicos de cada sitio antes de viajar, pero es una experiencia que vale la pena. Nos ense\u00f1a las ciudades desde otro lugar. En Europa, particularmente, hay jardines deslumbrantes para visitar, sea porque despliegan una ola de flores de amapolas en medio de Par\u00eds, enormes magnolias en el\" \/>\n\t\t<meta property=\"og:url\" content=\"https:\/\/www.eldigitaldeasturias.com\/noticias\/jardines-en-el-corazon-de-europa\/\" \/>\n\t\t<meta property=\"og:image\" content=\"https:\/\/www.eldigitaldeasturias.com\/noticias\/wp-content\/uploads\/2019\/07\/jardides-europa.jpg\" \/>\n\t\t<meta property=\"og:image:secure_url\" content=\"https:\/\/www.eldigitaldeasturias.com\/noticias\/wp-content\/uploads\/2019\/07\/jardides-europa.jpg\" \/>\n\t\t<meta property=\"og:image:width\" content=\"898\" \/>\n\t\t<meta property=\"og:image:height\" content=\"680\" \/>\n\t\t<meta property=\"article:tag\" content=\"turismo\" \/>\n\t\t<meta property=\"article:published_time\" content=\"2019-07-22T05:42:36+00:00\" \/>\n\t\t<meta property=\"article:modified_time\" content=\"2019-07-22T05:42:36+00:00\" \/>\n\t\t<meta property=\"article:publisher\" content=\"https:\/\/facebook.com\/eldigitaldeasturias\" \/>\n\t\t<meta name=\"twitter:card\" content=\"summary_large_image\" \/>\n\t\t<meta name=\"twitter:title\" content=\"Jardines en el coraz\u00f3n de Europa - El Digital de Asturias\" \/>\n\t\t<meta name=\"twitter:description\" content=\"(dpa) - No todos se apuntan los jardines bot\u00e1nicos de cada sitio antes de viajar, pero es una experiencia que vale la pena. Nos ense\u00f1a las ciudades desde otro lugar. En Europa, particularmente, hay jardines deslumbrantes para visitar, sea porque despliegan una ola de flores de amapolas en medio de Par\u00eds, enormes magnolias en el\" \/>\n\t\t<meta name=\"twitter:image\" content=\"https:\/\/www.eldigitaldeasturias.com\/noticias\/wp-content\/uploads\/2019\/07\/jardides-europa.jpg\" \/>\n\t\t<meta name=\"twitter:label1\" content=\"Escrito por\" \/>\n\t\t<meta name=\"twitter:data1\" content=\"El Digital de Asturias\" \/>\n\t\t<meta name=\"twitter:label2\" content=\"Tiempo de lectura estimado\" \/>\n\t\t<meta name=\"twitter:data2\" content=\"4 minutos\" \/>\n\t\t<script type=\"application\/ld+json\" class=\"aioseo-schema\">\n\t\t\t{\"@context\":\"https:\\\/\\\/schema.org\",\"@graph\":[{\"@type\":\"BlogPosting\",\"@id\":\"https:\\\/\\\/www.eldigitaldeasturias.com\\\/noticias\\\/jardines-en-el-corazon-de-europa\\\/#blogposting\",\"name\":\"Jardines en el coraz\\u00f3n de Europa - El Digital de Asturias\",\"headline\":\"Jardines en el coraz\\u00f3n de Europa\",\"author\":{\"@id\":\"https:\\\/\\\/www.eldigitaldeasturias.com\\\/noticias\\\/author\\\/admin\\\/#author\"},\"publisher\":{\"@id\":\"https:\\\/\\\/www.eldigitaldeasturias.com\\\/noticias\\\/#organization\"},\"image\":{\"@type\":\"ImageObject\",\"url\":\"https:\\\/\\\/www.eldigitaldeasturias.com\\\/noticias\\\/wp-content\\\/uploads\\\/2019\\\/07\\\/jardides-europa.jpg\",\"width\":898,\"height\":680},\"datePublished\":\"2019-07-22T05:42:36+02:00\",\"dateModified\":\"2019-07-22T05:42:36+02:00\",\"inLanguage\":\"es-ES\",\"mainEntityOfPage\":{\"@id\":\"https:\\\/\\\/www.eldigitaldeasturias.com\\\/noticias\\\/jardines-en-el-corazon-de-europa\\\/#webpage\"},\"isPartOf\":{\"@id\":\"https:\\\/\\\/www.eldigitaldeasturias.com\\\/noticias\\\/jardines-en-el-corazon-de-europa\\\/#webpage\"},\"articleSection\":\"Turismo\"},{\"@type\":\"BreadcrumbList\",\"@id\":\"https:\\\/\\\/www.eldigitaldeasturias.com\\\/noticias\\\/jardines-en-el-corazon-de-europa\\\/#breadcrumblist\",\"itemListElement\":[{\"@type\":\"ListItem\",\"@id\":\"https:\\\/\\\/www.eldigitaldeasturias.com\\\/noticias#listItem\",\"position\":1,\"name\":\"Home\",\"item\":\"https:\\\/\\\/www.eldigitaldeasturias.com\\\/noticias\",\"nextItem\":{\"@type\":\"ListItem\",\"@id\":\"https:\\\/\\\/www.eldigitaldeasturias.com\\\/noticias\\\/category\\\/turismo\\\/#listItem\",\"name\":\"Turismo\"}},{\"@type\":\"ListItem\",\"@id\":\"https:\\\/\\\/www.eldigitaldeasturias.com\\\/noticias\\\/category\\\/turismo\\\/#listItem\",\"position\":2,\"name\":\"Turismo\",\"item\":\"https:\\\/\\\/www.eldigitaldeasturias.com\\\/noticias\\\/category\\\/turismo\\\/\",\"nextItem\":{\"@type\":\"ListItem\",\"@id\":\"https:\\\/\\\/www.eldigitaldeasturias.com\\\/noticias\\\/jardines-en-el-corazon-de-europa\\\/#listItem\",\"name\":\"Jardines en el coraz\\u00f3n de Europa\"},\"previousItem\":{\"@type\":\"ListItem\",\"@id\":\"https:\\\/\\\/www.eldigitaldeasturias.com\\\/noticias#listItem\",\"name\":\"Home\"}},{\"@type\":\"ListItem\",\"@id\":\"https:\\\/\\\/www.eldigitaldeasturias.com\\\/noticias\\\/jardines-en-el-corazon-de-europa\\\/#listItem\",\"position\":3,\"name\":\"Jardines en el coraz\\u00f3n de Europa\",\"previousItem\":{\"@type\":\"ListItem\",\"@id\":\"https:\\\/\\\/www.eldigitaldeasturias.com\\\/noticias\\\/category\\\/turismo\\\/#listItem\",\"name\":\"Turismo\"}}]},{\"@type\":\"Organization\",\"@id\":\"https:\\\/\\\/www.eldigitaldeasturias.com\\\/noticias\\\/#organization\",\"name\":\"El Digital de Asturias\",\"description\":\"Hemeroteca\",\"url\":\"https:\\\/\\\/www.eldigitaldeasturias.com\\\/noticias\\\/\",\"email\":\"info@eldigitaldeasturias.com\",\"telephone\":\"+34652131393\",\"logo\":{\"@type\":\"ImageObject\",\"url\":\"https:\\\/\\\/www.eldigitaldeasturias.com\\\/noticias\\\/wp-content\\\/uploads\\\/2020\\\/12\\\/EDA.jpg\",\"@id\":\"https:\\\/\\\/www.eldigitaldeasturias.com\\\/noticias\\\/jardines-en-el-corazon-de-europa\\\/#organizationLogo\",\"width\":649,\"height\":297},\"image\":{\"@id\":\"https:\\\/\\\/www.eldigitaldeasturias.com\\\/noticias\\\/jardines-en-el-corazon-de-europa\\\/#organizationLogo\"},\"sameAs\":[\"https:\\\/\\\/facebook.com\\\/eldigitaldeasturias\",\"https:\\\/\\\/www.youtube.com\\\/channel\\\/UCZP-2wLEB9Rv6erhFmqVnvg\"],\"address\":{\"@id\":\"https:\\\/\\\/www.eldigitaldeasturias.com\\\/noticias\\\/#postaladdress\",\"@type\":\"PostalAddress\",\"streetAddress\":\"san antonio 4,\",\"postalCode\":\"33430\",\"addressLocality\":\"Cand\\u00e1s\",\"addressRegion\":\"Asturias\",\"addressCountry\":\"ES\"}},{\"@type\":\"Person\",\"@id\":\"https:\\\/\\\/www.eldigitaldeasturias.com\\\/noticias\\\/author\\\/admin\\\/#author\",\"url\":\"https:\\\/\\\/www.eldigitaldeasturias.com\\\/noticias\\\/author\\\/admin\\\/\",\"name\":\"El Digital de Asturias\",\"image\":{\"@type\":\"ImageObject\",\"@id\":\"https:\\\/\\\/www.eldigitaldeasturias.com\\\/noticias\\\/jardines-en-el-corazon-de-europa\\\/#authorImage\",\"url\":\"https:\\\/\\\/www.eldigitaldeasturias.com\\\/noticias\\\/wp-content\\\/litespeed\\\/avatar\\\/18677e78aa0546b92d9dbf31ec7d7668.jpg?ver=1777290358\",\"width\":96,\"height\":96,\"caption\":\"El Digital de Asturias\"}},{\"@type\":\"WebPage\",\"@id\":\"https:\\\/\\\/www.eldigitaldeasturias.com\\\/noticias\\\/jardines-en-el-corazon-de-europa\\\/#webpage\",\"url\":\"https:\\\/\\\/www.eldigitaldeasturias.com\\\/noticias\\\/jardines-en-el-corazon-de-europa\\\/\",\"name\":\"Jardines en el coraz\\u00f3n de Europa - El Digital de Asturias\",\"description\":\"(dpa) - No todos se apuntan los jardines bot\\u00e1nicos de cada sitio antes de viajar, pero es una experiencia que vale la pena. Nos ense\\u00f1a las ciudades desde otro lugar. En Europa, particularmente, hay jardines deslumbrantes para visitar, sea porque despliegan una ola de flores de amapolas en medio de Par\\u00eds, enormes magnolias en el\",\"inLanguage\":\"es-ES\",\"isPartOf\":{\"@id\":\"https:\\\/\\\/www.eldigitaldeasturias.com\\\/noticias\\\/#website\"},\"breadcrumb\":{\"@id\":\"https:\\\/\\\/www.eldigitaldeasturias.com\\\/noticias\\\/jardines-en-el-corazon-de-europa\\\/#breadcrumblist\"},\"author\":{\"@id\":\"https:\\\/\\\/www.eldigitaldeasturias.com\\\/noticias\\\/author\\\/admin\\\/#author\"},\"creator\":{\"@id\":\"https:\\\/\\\/www.eldigitaldeasturias.com\\\/noticias\\\/author\\\/admin\\\/#author\"},\"image\":{\"@type\":\"ImageObject\",\"url\":\"https:\\\/\\\/www.eldigitaldeasturias.com\\\/noticias\\\/wp-content\\\/uploads\\\/2019\\\/07\\\/jardides-europa.jpg\",\"@id\":\"https:\\\/\\\/www.eldigitaldeasturias.com\\\/noticias\\\/jardines-en-el-corazon-de-europa\\\/#mainImage\",\"width\":898,\"height\":680},\"primaryImageOfPage\":{\"@id\":\"https:\\\/\\\/www.eldigitaldeasturias.com\\\/noticias\\\/jardines-en-el-corazon-de-europa\\\/#mainImage\"},\"datePublished\":\"2019-07-22T05:42:36+02:00\",\"dateModified\":\"2019-07-22T05:42:36+02:00\"},{\"@type\":\"WebSite\",\"@id\":\"https:\\\/\\\/www.eldigitaldeasturias.com\\\/noticias\\\/#website\",\"url\":\"https:\\\/\\\/www.eldigitaldeasturias.com\\\/noticias\\\/\",\"name\":\"El Digital de Asturias - Diario de actualidad y noticias\",\"alternateName\":\"El Digital de Asturias - Diario de actualidad y noticias\",\"description\":\"Hemeroteca\",\"inLanguage\":\"es-ES\",\"publisher\":{\"@id\":\"https:\\\/\\\/www.eldigitaldeasturias.com\\\/noticias\\\/#organization\"}}]}\n\t\t<\/script>\n\t\t<!-- All in One SEO Pro -->\r\n\t\t<title>Jardines en el coraz\u00f3n de Europa - El Digital de Asturias<\/title>\n\n","aioseo_head_json":{"title":"Jardines en el coraz\u00f3n de Europa - El Digital de Asturias","description":"(dpa) - No todos se apuntan los jardines bot\u00e1nicos de cada sitio antes de viajar, pero es una experiencia que vale la pena. Nos ense\u00f1a las ciudades desde otro lugar. En Europa, particularmente, hay jardines deslumbrantes para visitar, sea porque despliegan una ola de flores de amapolas en medio de Par\u00eds, enormes magnolias en el","canonical_url":"https:\/\/www.eldigitaldeasturias.com\/noticias\/jardines-en-el-corazon-de-europa\/","robots":"max-image-preview:large","keywords":"turismo","webmasterTools":{"google-site-verification":"UA-38556648-1","msvalidate.01":"7dfe9f3f1b24437ab69f4f2559babe99","miscellaneous":""},"schema":{"@context":"https:\/\/schema.org","@graph":[{"@type":"BlogPosting","@id":"https:\/\/www.eldigitaldeasturias.com\/noticias\/jardines-en-el-corazon-de-europa\/#blogposting","name":"Jardines en el coraz\u00f3n de Europa - El Digital de Asturias","headline":"Jardines en el coraz\u00f3n de Europa","author":{"@id":"https:\/\/www.eldigitaldeasturias.com\/noticias\/author\/admin\/#author"},"publisher":{"@id":"https:\/\/www.eldigitaldeasturias.com\/noticias\/#organization"},"image":{"@type":"ImageObject","url":"https:\/\/www.eldigitaldeasturias.com\/noticias\/wp-content\/uploads\/2019\/07\/jardides-europa.jpg","width":898,"height":680},"datePublished":"2019-07-22T05:42:36+02:00","dateModified":"2019-07-22T05:42:36+02:00","inLanguage":"es-ES","mainEntityOfPage":{"@id":"https:\/\/www.eldigitaldeasturias.com\/noticias\/jardines-en-el-corazon-de-europa\/#webpage"},"isPartOf":{"@id":"https:\/\/www.eldigitaldeasturias.com\/noticias\/jardines-en-el-corazon-de-europa\/#webpage"},"articleSection":"Turismo"},{"@type":"BreadcrumbList","@id":"https:\/\/www.eldigitaldeasturias.com\/noticias\/jardines-en-el-corazon-de-europa\/#breadcrumblist","itemListElement":[{"@type":"ListItem","@id":"https:\/\/www.eldigitaldeasturias.com\/noticias#listItem","position":1,"name":"Home","item":"https:\/\/www.eldigitaldeasturias.com\/noticias","nextItem":{"@type":"ListItem","@id":"https:\/\/www.eldigitaldeasturias.com\/noticias\/category\/turismo\/#listItem","name":"Turismo"}},{"@type":"ListItem","@id":"https:\/\/www.eldigitaldeasturias.com\/noticias\/category\/turismo\/#listItem","position":2,"name":"Turismo","item":"https:\/\/www.eldigitaldeasturias.com\/noticias\/category\/turismo\/","nextItem":{"@type":"ListItem","@id":"https:\/\/www.eldigitaldeasturias.com\/noticias\/jardines-en-el-corazon-de-europa\/#listItem","name":"Jardines en el coraz\u00f3n de Europa"},"previousItem":{"@type":"ListItem","@id":"https:\/\/www.eldigitaldeasturias.com\/noticias#listItem","name":"Home"}},{"@type":"ListItem","@id":"https:\/\/www.eldigitaldeasturias.com\/noticias\/jardines-en-el-corazon-de-europa\/#listItem","position":3,"name":"Jardines en el coraz\u00f3n de Europa","previousItem":{"@type":"ListItem","@id":"https:\/\/www.eldigitaldeasturias.com\/noticias\/category\/turismo\/#listItem","name":"Turismo"}}]},{"@type":"Organization","@id":"https:\/\/www.eldigitaldeasturias.com\/noticias\/#organization","name":"El Digital de Asturias","description":"Hemeroteca","url":"https:\/\/www.eldigitaldeasturias.com\/noticias\/","email":"info@eldigitaldeasturias.com","telephone":"+34652131393","logo":{"@type":"ImageObject","url":"https:\/\/www.eldigitaldeasturias.com\/noticias\/wp-content\/uploads\/2020\/12\/EDA.jpg","@id":"https:\/\/www.eldigitaldeasturias.com\/noticias\/jardines-en-el-corazon-de-europa\/#organizationLogo","width":649,"height":297},"image":{"@id":"https:\/\/www.eldigitaldeasturias.com\/noticias\/jardines-en-el-corazon-de-europa\/#organizationLogo"},"sameAs":["https:\/\/facebook.com\/eldigitaldeasturias","https:\/\/www.youtube.com\/channel\/UCZP-2wLEB9Rv6erhFmqVnvg"],"address":{"@id":"https:\/\/www.eldigitaldeasturias.com\/noticias\/#postaladdress","@type":"PostalAddress","streetAddress":"san antonio 4,","postalCode":"33430","addressLocality":"Cand\u00e1s","addressRegion":"Asturias","addressCountry":"ES"}},{"@type":"Person","@id":"https:\/\/www.eldigitaldeasturias.com\/noticias\/author\/admin\/#author","url":"https:\/\/www.eldigitaldeasturias.com\/noticias\/author\/admin\/","name":"El Digital de Asturias","image":{"@type":"ImageObject","@id":"https:\/\/www.eldigitaldeasturias.com\/noticias\/jardines-en-el-corazon-de-europa\/#authorImage","url":"https:\/\/www.eldigitaldeasturias.com\/noticias\/wp-content\/litespeed\/avatar\/18677e78aa0546b92d9dbf31ec7d7668.jpg?ver=1777290358","width":96,"height":96,"caption":"El Digital de Asturias"}},{"@type":"WebPage","@id":"https:\/\/www.eldigitaldeasturias.com\/noticias\/jardines-en-el-corazon-de-europa\/#webpage","url":"https:\/\/www.eldigitaldeasturias.com\/noticias\/jardines-en-el-corazon-de-europa\/","name":"Jardines en el coraz\u00f3n de Europa - El Digital de Asturias","description":"(dpa) - No todos se apuntan los jardines bot\u00e1nicos de cada sitio antes de viajar, pero es una experiencia que vale la pena. Nos ense\u00f1a las ciudades desde otro lugar. En Europa, particularmente, hay jardines deslumbrantes para visitar, sea porque despliegan una ola de flores de amapolas en medio de Par\u00eds, enormes magnolias en el","inLanguage":"es-ES","isPartOf":{"@id":"https:\/\/www.eldigitaldeasturias.com\/noticias\/#website"},"breadcrumb":{"@id":"https:\/\/www.eldigitaldeasturias.com\/noticias\/jardines-en-el-corazon-de-europa\/#breadcrumblist"},"author":{"@id":"https:\/\/www.eldigitaldeasturias.com\/noticias\/author\/admin\/#author"},"creator":{"@id":"https:\/\/www.eldigitaldeasturias.com\/noticias\/author\/admin\/#author"},"image":{"@type":"ImageObject","url":"https:\/\/www.eldigitaldeasturias.com\/noticias\/wp-content\/uploads\/2019\/07\/jardides-europa.jpg","@id":"https:\/\/www.eldigitaldeasturias.com\/noticias\/jardines-en-el-corazon-de-europa\/#mainImage","width":898,"height":680},"primaryImageOfPage":{"@id":"https:\/\/www.eldigitaldeasturias.com\/noticias\/jardines-en-el-corazon-de-europa\/#mainImage"},"datePublished":"2019-07-22T05:42:36+02:00","dateModified":"2019-07-22T05:42:36+02:00"},{"@type":"WebSite","@id":"https:\/\/www.eldigitaldeasturias.com\/noticias\/#website","url":"https:\/\/www.eldigitaldeasturias.com\/noticias\/","name":"El Digital de Asturias - Diario de actualidad y noticias","alternateName":"El Digital de Asturias - Diario de actualidad y noticias","description":"Hemeroteca","inLanguage":"es-ES","publisher":{"@id":"https:\/\/www.eldigitaldeasturias.com\/noticias\/#organization"}}]},"og:locale":"es_ES","og:site_name":"El Digital de Asturias","og:type":"article","og:title":"Jardines en el coraz\u00f3n de Europa - El Digital de Asturias","og:description":"(dpa) - No todos se apuntan los jardines bot\u00e1nicos de cada sitio antes de viajar, pero es una experiencia que vale la pena. Nos ense\u00f1a las ciudades desde otro lugar. En Europa, particularmente, hay jardines deslumbrantes para visitar, sea porque despliegan una ola de flores de amapolas en medio de Par\u00eds, enormes magnolias en el","og:url":"https:\/\/www.eldigitaldeasturias.com\/noticias\/jardines-en-el-corazon-de-europa\/","og:image":"https:\/\/www.eldigitaldeasturias.com\/noticias\/wp-content\/uploads\/2019\/07\/jardides-europa.jpg","og:image:secure_url":"https:\/\/www.eldigitaldeasturias.com\/noticias\/wp-content\/uploads\/2019\/07\/jardides-europa.jpg","og:image:width":898,"og:image:height":680,"article:tag":["turismo"],"article:published_time":"2019-07-22T05:42:36+00:00","article:modified_time":"2019-07-22T05:42:36+00:00","article:publisher":"https:\/\/facebook.com\/eldigitaldeasturias","twitter:card":"summary_large_image","twitter:title":"Jardines en el coraz\u00f3n de Europa - El Digital de Asturias","twitter:description":"(dpa) - No todos se apuntan los jardines bot\u00e1nicos de cada sitio antes de viajar, pero es una experiencia que vale la pena. Nos ense\u00f1a las ciudades desde otro lugar. En Europa, particularmente, hay jardines deslumbrantes para visitar, sea porque despliegan una ola de flores de amapolas en medio de Par\u00eds, enormes magnolias en el","twitter:image":"https:\/\/www.eldigitaldeasturias.com\/noticias\/wp-content\/uploads\/2019\/07\/jardides-europa.jpg","twitter:label1":"Escrito por","twitter:data1":"El Digital de Asturias","twitter:label2":"Tiempo de lectura estimado","twitter:data2":"4 minutos"},"aioseo_meta_data":{"post_id":"1035506","title":null,"description":null,"keywords":null,"keyphrases":null,"primary_term":null,"canonical_url":null,"og_title":null,"og_description":null,"og_object_type":"default","og_image_type":"default","og_image_url":null,"og_image_width":null,"og_image_height":null,"og_image_custom_url":null,"og_image_custom_fields":null,"og_video":null,"og_custom_url":null,"og_article_section":null,"og_article_tags":null,"twitter_use_og":false,"twitter_card":"default","twitter_image_type":"default","twitter_image_url":null,"twitter_image_custom_url":null,"twitter_image_custom_fields":null,"twitter_title":null,"twitter_description":null,"schema":{"blockGraphs":[],"customGraphs":[],"default":{"data":{"Article":[],"Course":[],"Dataset":[],"FAQPage":[],"Movie":[],"Person":[],"Product":[],"ProductReview":[],"Car":[],"Recipe":[],"Service":[],"SoftwareApplication":[],"WebPage":[]},"graphName":"","isEnabled":true},"graphs":[],"defaultGraph":"","defaultPostTypeGraph":""},"schema_type":null,"schema_type_options":null,"pillar_content":false,"robots_default":true,"robots_noindex":false,"robots_noarchive":false,"robots_nosnippet":false,"robots_nofollow":false,"robots_noimageindex":false,"robots_noodp":false,"robots_notranslate":false,"robots_max_snippet":null,"robots_max_videopreview":null,"robots_max_imagepreview":"large","priority":null,"frequency":null,"local_seo":null,"seo_analyzer_scan_date":"2025-10-22 09:10:09","breadcrumb_settings":null,"limit_modified_date":false,"open_ai":null,"ai":null,"created":"2020-12-21 11:08:01","updated":"2025-10-22 09:10:09"},"aioseo_breadcrumb":"<div class=\"aioseo-breadcrumbs\"><span class=\"aioseo-breadcrumb\">\n\t<a href=\"https:\/\/www.eldigitaldeasturias.com\/noticias\" title=\"Home\">Home<\/a>\n<\/span><span class=\"aioseo-breadcrumb-separator\">\u2013<\/span><span class=\"aioseo-breadcrumb\">\n\t<a href=\"https:\/\/www.eldigitaldeasturias.com\/noticias\/category\/turismo\/\" title=\"Turismo\">Turismo<\/a>\n<\/span><span class=\"aioseo-breadcrumb-separator\">\u2013<\/span><span class=\"aioseo-breadcrumb\">\n\t<a href=\"https:\/\/www.eldigitaldeasturias.com\/noticias\/jardines-en-el-corazon-de-europa\/\" title=\"Jardines en el coraz\u00f3n de Europa\">Jardines en el coraz\u00f3n de Europa<\/a>\n<\/span><\/div>","aioseo_breadcrumb_json":[{"label":"Home","link":"https:\/\/www.eldigitaldeasturias.com\/noticias"},{"label":"Turismo","link":"https:\/\/www.eldigitaldeasturias.com\/noticias\/category\/turismo\/"},{"label":"Jardines en el coraz\u00f3n de Europa","link":"https:\/\/www.eldigitaldeasturias.com\/noticias\/jardines-en-el-corazon-de-europa\/"}],"_links":{"self":[{"href":"https:\/\/www.eldigitaldeasturias.com\/noticias\/wp-json\/wp\/v2\/posts\/1035506","targetHints":{"allow":["GET"]}}],"collection":[{"href":"https:\/\/www.eldigitaldeasturias.com\/noticias\/wp-json\/wp\/v2\/posts"}],"about":[{"href":"https:\/\/www.eldigitaldeasturias.com\/noticias\/wp-json\/wp\/v2\/types\/post"}],"author":[{"embeddable":true,"href":"https:\/\/www.eldigitaldeasturias.com\/noticias\/wp-json\/wp\/v2\/users\/1"}],"replies":[{"embeddable":true,"href":"https:\/\/www.eldigitaldeasturias.com\/noticias\/wp-json\/wp\/v2\/comments?post=1035506"}],"version-history":[{"count":0,"href":"https:\/\/www.eldigitaldeasturias.com\/noticias\/wp-json\/wp\/v2\/posts\/1035506\/revisions"}],"wp:featuredmedia":[{"embeddable":true,"href":"https:\/\/www.eldigitaldeasturias.com\/noticias\/wp-json\/wp\/v2\/media\/1035507"}],"wp:attachment":[{"href":"https:\/\/www.eldigitaldeasturias.com\/noticias\/wp-json\/wp\/v2\/media?parent=1035506"}],"wp:term":[{"taxonomy":"category","embeddable":true,"href":"https:\/\/www.eldigitaldeasturias.com\/noticias\/wp-json\/wp\/v2\/categories?post=1035506"},{"taxonomy":"post_tag","embeddable":true,"href":"https:\/\/www.eldigitaldeasturias.com\/noticias\/wp-json\/wp\/v2\/tags?post=1035506"}],"curies":[{"name":"wp","href":"https:\/\/api.w.org\/{rel}","templated":true}]}}