{"id":1034884,"date":"2019-07-15T17:12:59","date_gmt":"2019-07-15T17:12:59","guid":{"rendered":"https:\/\/www.eldigitaldeasturias.com\/noticias\/?p=1034884"},"modified":"2019-07-15T17:14:21","modified_gmt":"2019-07-15T17:14:21","slug":"un-dia-de-verano-en-gijon","status":"publish","type":"post","link":"https:\/\/www.eldigitaldeasturias.com\/noticias\/un-dia-de-verano-en-gijon\/","title":{"rendered":"Un d\u00eda de verano en Gij\u00f3n"},"content":{"rendered":"<p><img loading=\"lazy\" decoding=\"async\" class=\"alignleft size-medium wp-image-1034885\" src=\"https:\/\/www.eldigitaldeasturias.com\/noticias\/wp-content\/uploads\/2019\/07\/GIJON-1-360x223.jpg\" alt=\"\" width=\"360\" height=\"223\" srcset=\"https:\/\/www.eldigitaldeasturias.com\/noticias\/wp-content\/uploads\/2019\/07\/GIJON-1-360x223.jpg 360w, https:\/\/www.eldigitaldeasturias.com\/noticias\/wp-content\/uploads\/2019\/07\/GIJON-1-768x475.jpg 768w, https:\/\/www.eldigitaldeasturias.com\/noticias\/wp-content\/uploads\/2019\/07\/GIJON-1-650x402.jpg 650w, https:\/\/www.eldigitaldeasturias.com\/noticias\/wp-content\/uploads\/2019\/07\/GIJON-1.jpg 960w\" sizes=\"auto, (max-width: 360px) 100vw, 360px\" \/>Si quieres pasar unos inolvidables d\u00edas de verano en Asturias, visitar Gij\u00f3n es una parada estrictamente obligatoria. Esta ciudad se localiza en la zona central-septentrional de Asturias, a 28 km de Oviedo y 26 km de Avil\u00e9s, formando parte de una gran \u00e1rea metropolitana que abarca veinte concejos del centro de la regi\u00f3n y que est\u00e1 compuesta por una densa red de carreteras, autopistas y ferrocarriles.<\/p>\n<p>Pero adem\u00e1s de ser una de las ciudades m\u00e1s importantes de Espa\u00f1a, Gij\u00f3n posee un encanto y una belleza especial que puede ser contemplada, especialmente en la temporada veraniega.<\/p>\n<p>Por esto, a continuaci\u00f3n, te mencionaremos tres lugares que puedes visitar en un d\u00eda de verano en Gij\u00f3n o, incluso, en un fin de semana:<\/p>\n<p><strong>La playa de San Lorenzo<\/strong><\/p>\n<p>Esta impetuosa playa, es mas bien un arenal que posee 1,5 kil\u00f3metros de longitud, pero su paseo mar\u00edtimo (Paseo del Muro) tiene m\u00e1s de 2 kil\u00f3metros. Por lo tanto, si visitas Gij\u00f3n durante un d\u00eda de verano es recomendable recorrer todo este paseo, que incluye ba\u00f1arte en la playa de San Lorenzo, andar en bicicleta, ir en patines o simplemente caminando.<\/p>\n<p><strong>El Cerro de Santa Catalina y el Elogio del Horizonte<\/strong><\/p>\n<p>Siguiendo el mismo orden, en un extremo de la playa de San Lorenzo, encontrar\u00e1s la Iglesia de San Pedro que tambi\u00e9n debes visitar y si subes su cuesta empinada, llegar\u00e1s al Cerro de Santa Catalina.<\/p>\n<p>Al terminar la cuesta, un poco m\u00e1s arriba, ver\u00e1s un parque elevado, a pie de costa, desde el que divisar la ciudad y la costa. \u00c9ste es un sitio perfecto para hacer fotos y conocer al \u201cElogio del Horizonte\u201d, uno de los s\u00edmbolos de la ciudad.<\/p>\n<p><strong>El barrio de Cimadevilla <\/strong><\/p>\n<p>Finalmente, y continuando con la misma ruta, cuando bajes del Cerro de Santa Catalina, te encontrar\u00e1s directamente con el barrio de aire antiguo y marinero que tendr\u00e1s a tus pies que recibe el nombre de Cimadevilla y cuenta con vestigios arqueol\u00f3gicos romanos, como una muralla o unas termas, que se pueden visitar.<\/p>\n<p>Adem\u00e1s, este barrio vivi\u00f3 una transformaci\u00f3n de zona amurallada y protegida de las mareas a zona marinera en el Siglo XVI, tras la construcci\u00f3n de un puerto comercial.<\/p>\n<p>Estos tres planes pueden ser llevados a cabo en un mismo d\u00eda, y, si llegas temprano, todav\u00eda te quedar\u00e1 tiempo de sobra para comer en alguno de los restaurantes de Gij\u00f3n y deleitar tu paladar con comida t\u00edpica asturiana o cualquier cantidad de restaurantes de comida internacional.<\/p>\n<p>Por: Soraya Andreina P\u00e9rez Mohammed<\/p>\n","protected":false},"excerpt":{"rendered":"<p>Si quieres pasar unos inolvidables d\u00edas de verano en Asturias, visitar Gij\u00f3n es una parada estrictamente obligatoria. Esta ciudad se localiza en la zona central-septentrional de Asturias, a 28 km de Oviedo y 26 km de Avil\u00e9s, formando parte de una gran \u00e1rea metropolitana que abarca veinte concejos del centro de la regi\u00f3n y que [&hellip;]<\/p>\n","protected":false},"author":1,"featured_media":1034885,"comment_status":"closed","ping_status":"closed","sticky":false,"template":"","format":"standard","meta":{"footnotes":""},"categories":[148],"tags":[],"class_list":["post-1034884","post","type-post","status-publish","format-standard","has-post-thumbnail","hentry","category-turismo"],"aioseo_notices":[],"aioseo_head":"\n\t\t<!-- All in One SEO Pro 4.9.6.2 - aioseo.com -->\n\t<meta name=\"description\" content=\"Si quieres pasar unos inolvidables d\u00edas de verano en Asturias, visitar Gij\u00f3n es una parada estrictamente obligatoria. Esta ciudad se localiza en la zona central-septentrional de Asturias, a 28 km de Oviedo y 26 km de Avil\u00e9s, formando parte de una gran \u00e1rea metropolitana que abarca veinte concejos del centro de la regi\u00f3n y que\" \/>\n\t<meta name=\"robots\" content=\"max-image-preview:large\" \/>\n\t<meta name=\"author\" content=\"El Digital de Asturias\"\/>\n\t<meta name=\"google-site-verification\" content=\"UA-38556648-1\" \/>\n\t<meta name=\"msvalidate.01\" content=\"7dfe9f3f1b24437ab69f4f2559babe99\" \/>\n\t<meta name=\"keywords\" content=\"turismo\" \/>\n\t<link rel=\"canonical\" href=\"https:\/\/www.eldigitaldeasturias.com\/noticias\/un-dia-de-verano-en-gijon\/\" \/>\n\t<meta name=\"generator\" content=\"All in One SEO Pro (AIOSEO) 4.9.6.2\" \/>\n\t\t<meta property=\"og:locale\" content=\"es_ES\" \/>\n\t\t<meta property=\"og:site_name\" content=\"El Digital de Asturias\" \/>\n\t\t<meta property=\"og:type\" content=\"article\" \/>\n\t\t<meta property=\"og:title\" content=\"Un d\u00eda de verano en Gij\u00f3n - El Digital de Asturias\" \/>\n\t\t<meta property=\"og:description\" content=\"Si quieres pasar unos inolvidables d\u00edas de verano en Asturias, visitar Gij\u00f3n es una parada estrictamente obligatoria. Esta ciudad se localiza en la zona central-septentrional de Asturias, a 28 km de Oviedo y 26 km de Avil\u00e9s, formando parte de una gran \u00e1rea metropolitana que abarca veinte concejos del centro de la regi\u00f3n y que\" \/>\n\t\t<meta property=\"og:url\" content=\"https:\/\/www.eldigitaldeasturias.com\/noticias\/un-dia-de-verano-en-gijon\/\" \/>\n\t\t<meta property=\"og:image\" content=\"https:\/\/www.eldigitaldeasturias.com\/noticias\/wp-content\/uploads\/2019\/07\/GIJON-1.jpg\" \/>\n\t\t<meta property=\"og:image:secure_url\" content=\"https:\/\/www.eldigitaldeasturias.com\/noticias\/wp-content\/uploads\/2019\/07\/GIJON-1.jpg\" \/>\n\t\t<meta property=\"og:image:width\" content=\"960\" \/>\n\t\t<meta property=\"og:image:height\" content=\"594\" \/>\n\t\t<meta property=\"article:tag\" content=\"turismo\" \/>\n\t\t<meta property=\"article:published_time\" content=\"2019-07-15T17:12:59+00:00\" \/>\n\t\t<meta property=\"article:modified_time\" content=\"2019-07-15T17:14:21+00:00\" \/>\n\t\t<meta property=\"article:publisher\" content=\"https:\/\/facebook.com\/eldigitaldeasturias\" \/>\n\t\t<meta name=\"twitter:card\" content=\"summary_large_image\" \/>\n\t\t<meta name=\"twitter:title\" content=\"Un d\u00eda de verano en Gij\u00f3n - El Digital de Asturias\" \/>\n\t\t<meta name=\"twitter:description\" content=\"Si quieres pasar unos inolvidables d\u00edas de verano en Asturias, visitar Gij\u00f3n es una parada estrictamente obligatoria. Esta ciudad se localiza en la zona central-septentrional de Asturias, a 28 km de Oviedo y 26 km de Avil\u00e9s, formando parte de una gran \u00e1rea metropolitana que abarca veinte concejos del centro de la regi\u00f3n y que\" \/>\n\t\t<meta name=\"twitter:image\" content=\"https:\/\/www.eldigitaldeasturias.com\/noticias\/wp-content\/uploads\/2019\/07\/GIJON-1.jpg\" \/>\n\t\t<meta name=\"twitter:label1\" content=\"Escrito por\" \/>\n\t\t<meta name=\"twitter:data1\" content=\"El Digital de Asturias\" \/>\n\t\t<meta name=\"twitter:label2\" content=\"Tiempo de lectura estimado\" \/>\n\t\t<meta name=\"twitter:data2\" content=\"2 minutos\" \/>\n\t\t<script type=\"application\/ld+json\" class=\"aioseo-schema\">\n\t\t\t{\"@context\":\"https:\\\/\\\/schema.org\",\"@graph\":[{\"@type\":\"BlogPosting\",\"@id\":\"https:\\\/\\\/www.eldigitaldeasturias.com\\\/noticias\\\/un-dia-de-verano-en-gijon\\\/#blogposting\",\"name\":\"Un d\\u00eda de verano en Gij\\u00f3n - El Digital de Asturias\",\"headline\":\"Un d\\u00eda de verano en Gij\\u00f3n\",\"author\":{\"@id\":\"https:\\\/\\\/www.eldigitaldeasturias.com\\\/noticias\\\/author\\\/admin\\\/#author\"},\"publisher\":{\"@id\":\"https:\\\/\\\/www.eldigitaldeasturias.com\\\/noticias\\\/#organization\"},\"image\":{\"@type\":\"ImageObject\",\"url\":\"https:\\\/\\\/www.eldigitaldeasturias.com\\\/noticias\\\/wp-content\\\/uploads\\\/2019\\\/07\\\/GIJON-1.jpg\",\"width\":960,\"height\":594},\"datePublished\":\"2019-07-15T17:12:59+02:00\",\"dateModified\":\"2019-07-15T17:14:21+02:00\",\"inLanguage\":\"es-ES\",\"mainEntityOfPage\":{\"@id\":\"https:\\\/\\\/www.eldigitaldeasturias.com\\\/noticias\\\/un-dia-de-verano-en-gijon\\\/#webpage\"},\"isPartOf\":{\"@id\":\"https:\\\/\\\/www.eldigitaldeasturias.com\\\/noticias\\\/un-dia-de-verano-en-gijon\\\/#webpage\"},\"articleSection\":\"Turismo\"},{\"@type\":\"BreadcrumbList\",\"@id\":\"https:\\\/\\\/www.eldigitaldeasturias.com\\\/noticias\\\/un-dia-de-verano-en-gijon\\\/#breadcrumblist\",\"itemListElement\":[{\"@type\":\"ListItem\",\"@id\":\"https:\\\/\\\/www.eldigitaldeasturias.com\\\/noticias#listItem\",\"position\":1,\"name\":\"Home\",\"item\":\"https:\\\/\\\/www.eldigitaldeasturias.com\\\/noticias\",\"nextItem\":{\"@type\":\"ListItem\",\"@id\":\"https:\\\/\\\/www.eldigitaldeasturias.com\\\/noticias\\\/category\\\/turismo\\\/#listItem\",\"name\":\"Turismo\"}},{\"@type\":\"ListItem\",\"@id\":\"https:\\\/\\\/www.eldigitaldeasturias.com\\\/noticias\\\/category\\\/turismo\\\/#listItem\",\"position\":2,\"name\":\"Turismo\",\"item\":\"https:\\\/\\\/www.eldigitaldeasturias.com\\\/noticias\\\/category\\\/turismo\\\/\",\"nextItem\":{\"@type\":\"ListItem\",\"@id\":\"https:\\\/\\\/www.eldigitaldeasturias.com\\\/noticias\\\/un-dia-de-verano-en-gijon\\\/#listItem\",\"name\":\"Un d\\u00eda de verano en Gij\\u00f3n\"},\"previousItem\":{\"@type\":\"ListItem\",\"@id\":\"https:\\\/\\\/www.eldigitaldeasturias.com\\\/noticias#listItem\",\"name\":\"Home\"}},{\"@type\":\"ListItem\",\"@id\":\"https:\\\/\\\/www.eldigitaldeasturias.com\\\/noticias\\\/un-dia-de-verano-en-gijon\\\/#listItem\",\"position\":3,\"name\":\"Un d\\u00eda de verano en Gij\\u00f3n\",\"previousItem\":{\"@type\":\"ListItem\",\"@id\":\"https:\\\/\\\/www.eldigitaldeasturias.com\\\/noticias\\\/category\\\/turismo\\\/#listItem\",\"name\":\"Turismo\"}}]},{\"@type\":\"Organization\",\"@id\":\"https:\\\/\\\/www.eldigitaldeasturias.com\\\/noticias\\\/#organization\",\"name\":\"El Digital de Asturias\",\"description\":\"Hemeroteca\",\"url\":\"https:\\\/\\\/www.eldigitaldeasturias.com\\\/noticias\\\/\",\"email\":\"info@eldigitaldeasturias.com\",\"telephone\":\"+34652131393\",\"logo\":{\"@type\":\"ImageObject\",\"url\":\"https:\\\/\\\/www.eldigitaldeasturias.com\\\/noticias\\\/wp-content\\\/uploads\\\/2020\\\/12\\\/EDA.jpg\",\"@id\":\"https:\\\/\\\/www.eldigitaldeasturias.com\\\/noticias\\\/un-dia-de-verano-en-gijon\\\/#organizationLogo\",\"width\":649,\"height\":297},\"image\":{\"@id\":\"https:\\\/\\\/www.eldigitaldeasturias.com\\\/noticias\\\/un-dia-de-verano-en-gijon\\\/#organizationLogo\"},\"sameAs\":[\"https:\\\/\\\/facebook.com\\\/eldigitaldeasturias\",\"https:\\\/\\\/www.youtube.com\\\/channel\\\/UCZP-2wLEB9Rv6erhFmqVnvg\"],\"address\":{\"@id\":\"https:\\\/\\\/www.eldigitaldeasturias.com\\\/noticias\\\/#postaladdress\",\"@type\":\"PostalAddress\",\"streetAddress\":\"san antonio 4,\",\"postalCode\":\"33430\",\"addressLocality\":\"Cand\\u00e1s\",\"addressRegion\":\"Asturias\",\"addressCountry\":\"ES\"}},{\"@type\":\"Person\",\"@id\":\"https:\\\/\\\/www.eldigitaldeasturias.com\\\/noticias\\\/author\\\/admin\\\/#author\",\"url\":\"https:\\\/\\\/www.eldigitaldeasturias.com\\\/noticias\\\/author\\\/admin\\\/\",\"name\":\"El Digital de Asturias\",\"image\":{\"@type\":\"ImageObject\",\"@id\":\"https:\\\/\\\/www.eldigitaldeasturias.com\\\/noticias\\\/un-dia-de-verano-en-gijon\\\/#authorImage\",\"url\":\"https:\\\/\\\/www.eldigitaldeasturias.com\\\/noticias\\\/wp-content\\\/litespeed\\\/avatar\\\/18677e78aa0546b92d9dbf31ec7d7668.jpg?ver=1777290358\",\"width\":96,\"height\":96,\"caption\":\"El Digital de Asturias\"}},{\"@type\":\"WebPage\",\"@id\":\"https:\\\/\\\/www.eldigitaldeasturias.com\\\/noticias\\\/un-dia-de-verano-en-gijon\\\/#webpage\",\"url\":\"https:\\\/\\\/www.eldigitaldeasturias.com\\\/noticias\\\/un-dia-de-verano-en-gijon\\\/\",\"name\":\"Un d\\u00eda de verano en Gij\\u00f3n - El Digital de Asturias\",\"description\":\"Si quieres pasar unos inolvidables d\\u00edas de verano en Asturias, visitar Gij\\u00f3n es una parada estrictamente obligatoria. Esta ciudad se localiza en la zona central-septentrional de Asturias, a 28 km de Oviedo y 26 km de Avil\\u00e9s, formando parte de una gran \\u00e1rea metropolitana que abarca veinte concejos del centro de la regi\\u00f3n y que\",\"inLanguage\":\"es-ES\",\"isPartOf\":{\"@id\":\"https:\\\/\\\/www.eldigitaldeasturias.com\\\/noticias\\\/#website\"},\"breadcrumb\":{\"@id\":\"https:\\\/\\\/www.eldigitaldeasturias.com\\\/noticias\\\/un-dia-de-verano-en-gijon\\\/#breadcrumblist\"},\"author\":{\"@id\":\"https:\\\/\\\/www.eldigitaldeasturias.com\\\/noticias\\\/author\\\/admin\\\/#author\"},\"creator\":{\"@id\":\"https:\\\/\\\/www.eldigitaldeasturias.com\\\/noticias\\\/author\\\/admin\\\/#author\"},\"image\":{\"@type\":\"ImageObject\",\"url\":\"https:\\\/\\\/www.eldigitaldeasturias.com\\\/noticias\\\/wp-content\\\/uploads\\\/2019\\\/07\\\/GIJON-1.jpg\",\"@id\":\"https:\\\/\\\/www.eldigitaldeasturias.com\\\/noticias\\\/un-dia-de-verano-en-gijon\\\/#mainImage\",\"width\":960,\"height\":594},\"primaryImageOfPage\":{\"@id\":\"https:\\\/\\\/www.eldigitaldeasturias.com\\\/noticias\\\/un-dia-de-verano-en-gijon\\\/#mainImage\"},\"datePublished\":\"2019-07-15T17:12:59+02:00\",\"dateModified\":\"2019-07-15T17:14:21+02:00\"},{\"@type\":\"WebSite\",\"@id\":\"https:\\\/\\\/www.eldigitaldeasturias.com\\\/noticias\\\/#website\",\"url\":\"https:\\\/\\\/www.eldigitaldeasturias.com\\\/noticias\\\/\",\"name\":\"El Digital de Asturias - Diario de actualidad y noticias\",\"alternateName\":\"El Digital de Asturias - Diario de actualidad y noticias\",\"description\":\"Hemeroteca\",\"inLanguage\":\"es-ES\",\"publisher\":{\"@id\":\"https:\\\/\\\/www.eldigitaldeasturias.com\\\/noticias\\\/#organization\"}}]}\n\t\t<\/script>\n\t\t<!-- All in One SEO Pro -->\r\n\t\t<title>Un d\u00eda de verano en Gij\u00f3n - El Digital de Asturias<\/title>\n\n","aioseo_head_json":{"title":"Un d\u00eda de verano en Gij\u00f3n - El Digital de Asturias","description":"Si quieres pasar unos inolvidables d\u00edas de verano en Asturias, visitar Gij\u00f3n es una parada estrictamente obligatoria. Esta ciudad se localiza en la zona central-septentrional de Asturias, a 28 km de Oviedo y 26 km de Avil\u00e9s, formando parte de una gran \u00e1rea metropolitana que abarca veinte concejos del centro de la regi\u00f3n y que","canonical_url":"https:\/\/www.eldigitaldeasturias.com\/noticias\/un-dia-de-verano-en-gijon\/","robots":"max-image-preview:large","keywords":"turismo","webmasterTools":{"google-site-verification":"UA-38556648-1","msvalidate.01":"7dfe9f3f1b24437ab69f4f2559babe99","miscellaneous":""},"schema":{"@context":"https:\/\/schema.org","@graph":[{"@type":"BlogPosting","@id":"https:\/\/www.eldigitaldeasturias.com\/noticias\/un-dia-de-verano-en-gijon\/#blogposting","name":"Un d\u00eda de verano en Gij\u00f3n - El Digital de Asturias","headline":"Un d\u00eda de verano en Gij\u00f3n","author":{"@id":"https:\/\/www.eldigitaldeasturias.com\/noticias\/author\/admin\/#author"},"publisher":{"@id":"https:\/\/www.eldigitaldeasturias.com\/noticias\/#organization"},"image":{"@type":"ImageObject","url":"https:\/\/www.eldigitaldeasturias.com\/noticias\/wp-content\/uploads\/2019\/07\/GIJON-1.jpg","width":960,"height":594},"datePublished":"2019-07-15T17:12:59+02:00","dateModified":"2019-07-15T17:14:21+02:00","inLanguage":"es-ES","mainEntityOfPage":{"@id":"https:\/\/www.eldigitaldeasturias.com\/noticias\/un-dia-de-verano-en-gijon\/#webpage"},"isPartOf":{"@id":"https:\/\/www.eldigitaldeasturias.com\/noticias\/un-dia-de-verano-en-gijon\/#webpage"},"articleSection":"Turismo"},{"@type":"BreadcrumbList","@id":"https:\/\/www.eldigitaldeasturias.com\/noticias\/un-dia-de-verano-en-gijon\/#breadcrumblist","itemListElement":[{"@type":"ListItem","@id":"https:\/\/www.eldigitaldeasturias.com\/noticias#listItem","position":1,"name":"Home","item":"https:\/\/www.eldigitaldeasturias.com\/noticias","nextItem":{"@type":"ListItem","@id":"https:\/\/www.eldigitaldeasturias.com\/noticias\/category\/turismo\/#listItem","name":"Turismo"}},{"@type":"ListItem","@id":"https:\/\/www.eldigitaldeasturias.com\/noticias\/category\/turismo\/#listItem","position":2,"name":"Turismo","item":"https:\/\/www.eldigitaldeasturias.com\/noticias\/category\/turismo\/","nextItem":{"@type":"ListItem","@id":"https:\/\/www.eldigitaldeasturias.com\/noticias\/un-dia-de-verano-en-gijon\/#listItem","name":"Un d\u00eda de verano en Gij\u00f3n"},"previousItem":{"@type":"ListItem","@id":"https:\/\/www.eldigitaldeasturias.com\/noticias#listItem","name":"Home"}},{"@type":"ListItem","@id":"https:\/\/www.eldigitaldeasturias.com\/noticias\/un-dia-de-verano-en-gijon\/#listItem","position":3,"name":"Un d\u00eda de verano en Gij\u00f3n","previousItem":{"@type":"ListItem","@id":"https:\/\/www.eldigitaldeasturias.com\/noticias\/category\/turismo\/#listItem","name":"Turismo"}}]},{"@type":"Organization","@id":"https:\/\/www.eldigitaldeasturias.com\/noticias\/#organization","name":"El Digital de Asturias","description":"Hemeroteca","url":"https:\/\/www.eldigitaldeasturias.com\/noticias\/","email":"info@eldigitaldeasturias.com","telephone":"+34652131393","logo":{"@type":"ImageObject","url":"https:\/\/www.eldigitaldeasturias.com\/noticias\/wp-content\/uploads\/2020\/12\/EDA.jpg","@id":"https:\/\/www.eldigitaldeasturias.com\/noticias\/un-dia-de-verano-en-gijon\/#organizationLogo","width":649,"height":297},"image":{"@id":"https:\/\/www.eldigitaldeasturias.com\/noticias\/un-dia-de-verano-en-gijon\/#organizationLogo"},"sameAs":["https:\/\/facebook.com\/eldigitaldeasturias","https:\/\/www.youtube.com\/channel\/UCZP-2wLEB9Rv6erhFmqVnvg"],"address":{"@id":"https:\/\/www.eldigitaldeasturias.com\/noticias\/#postaladdress","@type":"PostalAddress","streetAddress":"san antonio 4,","postalCode":"33430","addressLocality":"Cand\u00e1s","addressRegion":"Asturias","addressCountry":"ES"}},{"@type":"Person","@id":"https:\/\/www.eldigitaldeasturias.com\/noticias\/author\/admin\/#author","url":"https:\/\/www.eldigitaldeasturias.com\/noticias\/author\/admin\/","name":"El Digital de Asturias","image":{"@type":"ImageObject","@id":"https:\/\/www.eldigitaldeasturias.com\/noticias\/un-dia-de-verano-en-gijon\/#authorImage","url":"https:\/\/www.eldigitaldeasturias.com\/noticias\/wp-content\/litespeed\/avatar\/18677e78aa0546b92d9dbf31ec7d7668.jpg?ver=1777290358","width":96,"height":96,"caption":"El Digital de Asturias"}},{"@type":"WebPage","@id":"https:\/\/www.eldigitaldeasturias.com\/noticias\/un-dia-de-verano-en-gijon\/#webpage","url":"https:\/\/www.eldigitaldeasturias.com\/noticias\/un-dia-de-verano-en-gijon\/","name":"Un d\u00eda de verano en Gij\u00f3n - El Digital de Asturias","description":"Si quieres pasar unos inolvidables d\u00edas de verano en Asturias, visitar Gij\u00f3n es una parada estrictamente obligatoria. Esta ciudad se localiza en la zona central-septentrional de Asturias, a 28 km de Oviedo y 26 km de Avil\u00e9s, formando parte de una gran \u00e1rea metropolitana que abarca veinte concejos del centro de la regi\u00f3n y que","inLanguage":"es-ES","isPartOf":{"@id":"https:\/\/www.eldigitaldeasturias.com\/noticias\/#website"},"breadcrumb":{"@id":"https:\/\/www.eldigitaldeasturias.com\/noticias\/un-dia-de-verano-en-gijon\/#breadcrumblist"},"author":{"@id":"https:\/\/www.eldigitaldeasturias.com\/noticias\/author\/admin\/#author"},"creator":{"@id":"https:\/\/www.eldigitaldeasturias.com\/noticias\/author\/admin\/#author"},"image":{"@type":"ImageObject","url":"https:\/\/www.eldigitaldeasturias.com\/noticias\/wp-content\/uploads\/2019\/07\/GIJON-1.jpg","@id":"https:\/\/www.eldigitaldeasturias.com\/noticias\/un-dia-de-verano-en-gijon\/#mainImage","width":960,"height":594},"primaryImageOfPage":{"@id":"https:\/\/www.eldigitaldeasturias.com\/noticias\/un-dia-de-verano-en-gijon\/#mainImage"},"datePublished":"2019-07-15T17:12:59+02:00","dateModified":"2019-07-15T17:14:21+02:00"},{"@type":"WebSite","@id":"https:\/\/www.eldigitaldeasturias.com\/noticias\/#website","url":"https:\/\/www.eldigitaldeasturias.com\/noticias\/","name":"El Digital de Asturias - Diario de actualidad y noticias","alternateName":"El Digital de Asturias - Diario de actualidad y noticias","description":"Hemeroteca","inLanguage":"es-ES","publisher":{"@id":"https:\/\/www.eldigitaldeasturias.com\/noticias\/#organization"}}]},"og:locale":"es_ES","og:site_name":"El Digital de Asturias","og:type":"article","og:title":"Un d\u00eda de verano en Gij\u00f3n - El Digital de Asturias","og:description":"Si quieres pasar unos inolvidables d\u00edas de verano en Asturias, visitar Gij\u00f3n es una parada estrictamente obligatoria. Esta ciudad se localiza en la zona central-septentrional de Asturias, a 28 km de Oviedo y 26 km de Avil\u00e9s, formando parte de una gran \u00e1rea metropolitana que abarca veinte concejos del centro de la regi\u00f3n y que","og:url":"https:\/\/www.eldigitaldeasturias.com\/noticias\/un-dia-de-verano-en-gijon\/","og:image":"https:\/\/www.eldigitaldeasturias.com\/noticias\/wp-content\/uploads\/2019\/07\/GIJON-1.jpg","og:image:secure_url":"https:\/\/www.eldigitaldeasturias.com\/noticias\/wp-content\/uploads\/2019\/07\/GIJON-1.jpg","og:image:width":960,"og:image:height":594,"article:tag":["turismo"],"article:published_time":"2019-07-15T17:12:59+00:00","article:modified_time":"2019-07-15T17:14:21+00:00","article:publisher":"https:\/\/facebook.com\/eldigitaldeasturias","twitter:card":"summary_large_image","twitter:title":"Un d\u00eda de verano en Gij\u00f3n - El Digital de Asturias","twitter:description":"Si quieres pasar unos inolvidables d\u00edas de verano en Asturias, visitar Gij\u00f3n es una parada estrictamente obligatoria. Esta ciudad se localiza en la zona central-septentrional de Asturias, a 28 km de Oviedo y 26 km de Avil\u00e9s, formando parte de una gran \u00e1rea metropolitana que abarca veinte concejos del centro de la regi\u00f3n y que","twitter:image":"https:\/\/www.eldigitaldeasturias.com\/noticias\/wp-content\/uploads\/2019\/07\/GIJON-1.jpg","twitter:label1":"Escrito por","twitter:data1":"El Digital de Asturias","twitter:label2":"Tiempo de lectura estimado","twitter:data2":"2 minutos"},"aioseo_meta_data":{"post_id":"1034884","title":null,"description":null,"keywords":null,"keyphrases":null,"primary_term":null,"canonical_url":null,"og_title":null,"og_description":null,"og_object_type":"default","og_image_type":"default","og_image_url":null,"og_image_width":null,"og_image_height":null,"og_image_custom_url":null,"og_image_custom_fields":null,"og_video":null,"og_custom_url":null,"og_article_section":null,"og_article_tags":null,"twitter_use_og":false,"twitter_card":"default","twitter_image_type":"default","twitter_image_url":null,"twitter_image_custom_url":null,"twitter_image_custom_fields":null,"twitter_title":null,"twitter_description":null,"schema":{"blockGraphs":[],"customGraphs":[],"default":{"data":{"Article":[],"Course":[],"Dataset":[],"FAQPage":[],"Movie":[],"Person":[],"Product":[],"ProductReview":[],"Car":[],"Recipe":[],"Service":[],"SoftwareApplication":[],"WebPage":[]},"graphName":"","isEnabled":true},"graphs":[],"defaultGraph":"","defaultPostTypeGraph":""},"schema_type":null,"schema_type_options":null,"pillar_content":false,"robots_default":true,"robots_noindex":false,"robots_noarchive":false,"robots_nosnippet":false,"robots_nofollow":false,"robots_noimageindex":false,"robots_noodp":false,"robots_notranslate":false,"robots_max_snippet":null,"robots_max_videopreview":null,"robots_max_imagepreview":"large","priority":null,"frequency":null,"local_seo":null,"seo_analyzer_scan_date":"2025-10-22 06:37:14","breadcrumb_settings":null,"limit_modified_date":false,"open_ai":null,"ai":null,"created":"2020-12-21 11:08:16","updated":"2025-10-22 06:37:14"},"aioseo_breadcrumb":"<div class=\"aioseo-breadcrumbs\"><span class=\"aioseo-breadcrumb\">\n\t<a href=\"https:\/\/www.eldigitaldeasturias.com\/noticias\" title=\"Home\">Home<\/a>\n<\/span><span class=\"aioseo-breadcrumb-separator\">\u2013<\/span><span class=\"aioseo-breadcrumb\">\n\t<a href=\"https:\/\/www.eldigitaldeasturias.com\/noticias\/category\/turismo\/\" title=\"Turismo\">Turismo<\/a>\n<\/span><span class=\"aioseo-breadcrumb-separator\">\u2013<\/span><span class=\"aioseo-breadcrumb\">\n\t<a href=\"https:\/\/www.eldigitaldeasturias.com\/noticias\/un-dia-de-verano-en-gijon\/\" title=\"Un d\u00eda de verano en Gij\u00f3n\">Un d\u00eda de verano en Gij\u00f3n<\/a>\n<\/span><\/div>","aioseo_breadcrumb_json":[{"label":"Home","link":"https:\/\/www.eldigitaldeasturias.com\/noticias"},{"label":"Turismo","link":"https:\/\/www.eldigitaldeasturias.com\/noticias\/category\/turismo\/"},{"label":"Un d\u00eda de verano en Gij\u00f3n","link":"https:\/\/www.eldigitaldeasturias.com\/noticias\/un-dia-de-verano-en-gijon\/"}],"_links":{"self":[{"href":"https:\/\/www.eldigitaldeasturias.com\/noticias\/wp-json\/wp\/v2\/posts\/1034884","targetHints":{"allow":["GET"]}}],"collection":[{"href":"https:\/\/www.eldigitaldeasturias.com\/noticias\/wp-json\/wp\/v2\/posts"}],"about":[{"href":"https:\/\/www.eldigitaldeasturias.com\/noticias\/wp-json\/wp\/v2\/types\/post"}],"author":[{"embeddable":true,"href":"https:\/\/www.eldigitaldeasturias.com\/noticias\/wp-json\/wp\/v2\/users\/1"}],"replies":[{"embeddable":true,"href":"https:\/\/www.eldigitaldeasturias.com\/noticias\/wp-json\/wp\/v2\/comments?post=1034884"}],"version-history":[{"count":0,"href":"https:\/\/www.eldigitaldeasturias.com\/noticias\/wp-json\/wp\/v2\/posts\/1034884\/revisions"}],"wp:featuredmedia":[{"embeddable":true,"href":"https:\/\/www.eldigitaldeasturias.com\/noticias\/wp-json\/wp\/v2\/media\/1034885"}],"wp:attachment":[{"href":"https:\/\/www.eldigitaldeasturias.com\/noticias\/wp-json\/wp\/v2\/media?parent=1034884"}],"wp:term":[{"taxonomy":"category","embeddable":true,"href":"https:\/\/www.eldigitaldeasturias.com\/noticias\/wp-json\/wp\/v2\/categories?post=1034884"},{"taxonomy":"post_tag","embeddable":true,"href":"https:\/\/www.eldigitaldeasturias.com\/noticias\/wp-json\/wp\/v2\/tags?post=1034884"}],"curies":[{"name":"wp","href":"https:\/\/api.w.org\/{rel}","templated":true}]}}