{"id":1034789,"date":"2019-07-14T21:56:03","date_gmt":"2019-07-14T21:56:03","guid":{"rendered":"https:\/\/www.eldigitaldeasturias.com\/noticias\/?p=1034789"},"modified":"2019-07-14T21:56:03","modified_gmt":"2019-07-14T21:56:03","slug":"amazon-creara-mas-de-2-800-puestos-de-trabajo-en-alemania","status":"publish","type":"post","link":"https:\/\/www.eldigitaldeasturias.com\/noticias\/amazon-creara-mas-de-2-800-puestos-de-trabajo-en-alemania\/","title":{"rendered":"Amazon crear\u00e1 m\u00e1s de 2.800 puestos de trabajo en Alemania"},"content":{"rendered":"<p><img loading=\"lazy\" decoding=\"async\" class=\"alignleft size-medium wp-image-1034790\" src=\"https:\/\/www.eldigitaldeasturias.com\/noticias\/wp-content\/uploads\/2019\/07\/Amazon-empleo-Alemania-360x241.jpg\" alt=\"\" width=\"360\" height=\"241\" srcset=\"https:\/\/www.eldigitaldeasturias.com\/noticias\/wp-content\/uploads\/2019\/07\/Amazon-empleo-Alemania-360x241.jpg 360w, https:\/\/www.eldigitaldeasturias.com\/noticias\/wp-content\/uploads\/2019\/07\/Amazon-empleo-Alemania-768x514.jpg 768w, https:\/\/www.eldigitaldeasturias.com\/noticias\/wp-content\/uploads\/2019\/07\/Amazon-empleo-Alemania-650x435.jpg 650w, https:\/\/www.eldigitaldeasturias.com\/noticias\/wp-content\/uploads\/2019\/07\/Amazon-empleo-Alemania-675x450.jpg 675w, https:\/\/www.eldigitaldeasturias.com\/noticias\/wp-content\/uploads\/2019\/07\/Amazon-empleo-Alemania.jpg 1013w\" sizes=\"auto, (max-width: 360px) 100vw, 360px\" \/>M\u00fanich (Alemania), 14 jul (dpa) &#8211; El servicio de ventas online estadounidense Amazon anunci\u00f3 hoy que crear\u00e1 en sus m\u00e1s de 35 sedes en Alemania m\u00e1s de 2.800 nuevos puestos de trabajo hasta fines de 2019 con lo que su n\u00famero de empleados aumentar\u00e1 a m\u00e1s de 20.000.<\/p>\n<p>Adem\u00e1s, se prev\u00e9 para este a\u00f1o la apertura del decimotercer centro de log\u00edstica en la ciudad de M\u00f6nchengladbach. El jefe de Amazon en Alemania, Ralf Kleber, promete \u00abun pago excelente, posibilidades de hacer carrera fabulosas y atractivas prestaciones adicionales\u00bb. La empresa se encuentra desde hace a\u00f1os en una disputa con el sindicato de servicios Verdi por el convenio colectivo.<\/p>\n<p>Amazon busca \u00abpersonas que se entusiasmen con las innovaciones digitales y quieran inventar cosas nuevas\u00bb, afirma.<\/p>\n<p>La empresa busca profesionales que reci\u00e9n comienzan su carrera as\u00ed como trabajadores especializados con experiencia como desarrolladores de software, ling\u00fcistas y especialistas en tecnolog\u00edas de la informaci\u00f3n.<\/p>\n<p>De acuerdo con la empresa, los puestos de trabajo se crear\u00e1n en nuevos centros de log\u00edstica y en los ya existentes donde los empleados trabajan con la m\u00e1s moderna tecnolog\u00eda.<\/p>\n<p>El gigante online se encuentra en disputa desde hace a\u00f1os con el sindicato Verdi, que hace unas cuatro semanas llam\u00f3 a la huelga en la ciudad alemana de Leipzig.<\/p>\n<p>El sindicato exige en tensas luchas la negociaci\u00f3n del convenio colectivo, a lo que se niega la empresa estadounidense, que afirma ofrecer \u00abmuy buenos salarios y atractivas condiciones de trabajo\u00bb.<\/p>\n<p>Mientras Verdi exige al comercio online que pague de acuerdo con el convenio colectivo del sector de ventas al por menor, Amazon paga de acuerdo con el convenio del sector de log\u00edstica.<\/p>\n<p>Amazon afirma que paga a sus empleados en los centros de log\u00edstica de Alemania al menos 10,78 euros (12,15 d\u00f3lares) brutos la hora. Despu\u00e9s de dos a\u00f1os se obtiene en promedio un sueldo mensual de 2.397 euros incluyendo otros extras como planes de jubilaci\u00f3n empresariales y cantinas subvencionadas.<\/p>\n<p>De acuerdo con un c\u00e1lculo hecho por la Fundaci\u00f3n Hans B\u00f6ckler, una vendedora gana en promedio en el comercio minorista, sujeta al convenio colectivo, 2.050 euros.<\/p>\n<p><em>Foto: Peter Steffen\/dpa<\/em><\/p>\n<p>&nbsp;<\/p>\n","protected":false},"excerpt":{"rendered":"<p>M\u00fanich (Alemania), 14 jul (dpa) &#8211; El servicio de ventas online estadounidense Amazon anunci\u00f3 hoy que crear\u00e1 en sus m\u00e1s de 35 sedes en Alemania m\u00e1s de 2.800 nuevos puestos de trabajo hasta fines de 2019 con lo que su n\u00famero de empleados aumentar\u00e1 a m\u00e1s de 20.000. Adem\u00e1s, se prev\u00e9 para este a\u00f1o la [&hellip;]<\/p>\n","protected":false},"author":1,"featured_media":1034790,"comment_status":"closed","ping_status":"closed","sticky":false,"template":"","format":"standard","meta":{"footnotes":""},"categories":[219],"tags":[],"class_list":["post-1034789","post","type-post","status-publish","format-standard","has-post-thumbnail","hentry","category-negocios-y-empresas"],"aioseo_notices":[],"aioseo_head":"\n\t\t<!-- All in One SEO Pro 4.9.6.2 - aioseo.com -->\n\t<meta name=\"description\" content=\"M\u00fanich (Alemania), 14 jul (dpa) - El servicio de ventas online estadounidense Amazon anunci\u00f3 hoy que crear\u00e1 en sus m\u00e1s de 35 sedes en Alemania m\u00e1s de 2.800 nuevos puestos de trabajo hasta fines de 2019 con lo que su n\u00famero de empleados aumentar\u00e1 a m\u00e1s de 20.000. Adem\u00e1s, se prev\u00e9 para este a\u00f1o la\" \/>\n\t<meta name=\"robots\" content=\"max-image-preview:large\" \/>\n\t<meta name=\"author\" content=\"El Digital de Asturias\"\/>\n\t<meta name=\"google-site-verification\" content=\"UA-38556648-1\" \/>\n\t<meta name=\"msvalidate.01\" content=\"7dfe9f3f1b24437ab69f4f2559babe99\" \/>\n\t<meta name=\"keywords\" content=\"negocios y empresas\" \/>\n\t<link rel=\"canonical\" href=\"https:\/\/www.eldigitaldeasturias.com\/noticias\/amazon-creara-mas-de-2-800-puestos-de-trabajo-en-alemania\/\" \/>\n\t<meta name=\"generator\" content=\"All in One SEO Pro (AIOSEO) 4.9.6.2\" \/>\n\t\t<meta property=\"og:locale\" content=\"es_ES\" \/>\n\t\t<meta property=\"og:site_name\" content=\"El Digital de Asturias\" \/>\n\t\t<meta property=\"og:type\" content=\"article\" \/>\n\t\t<meta property=\"og:title\" content=\"Amazon crear\u00e1 m\u00e1s de 2.800 puestos de trabajo en Alemania - El Digital de Asturias\" \/>\n\t\t<meta property=\"og:description\" content=\"M\u00fanich (Alemania), 14 jul (dpa) - El servicio de ventas online estadounidense Amazon anunci\u00f3 hoy que crear\u00e1 en sus m\u00e1s de 35 sedes en Alemania m\u00e1s de 2.800 nuevos puestos de trabajo hasta fines de 2019 con lo que su n\u00famero de empleados aumentar\u00e1 a m\u00e1s de 20.000. Adem\u00e1s, se prev\u00e9 para este a\u00f1o la\" \/>\n\t\t<meta property=\"og:url\" content=\"https:\/\/www.eldigitaldeasturias.com\/noticias\/amazon-creara-mas-de-2-800-puestos-de-trabajo-en-alemania\/\" \/>\n\t\t<meta property=\"og:image\" content=\"https:\/\/www.eldigitaldeasturias.com\/noticias\/wp-content\/uploads\/2019\/07\/Amazon-empleo-Alemania.jpg\" \/>\n\t\t<meta property=\"og:image:secure_url\" content=\"https:\/\/www.eldigitaldeasturias.com\/noticias\/wp-content\/uploads\/2019\/07\/Amazon-empleo-Alemania.jpg\" \/>\n\t\t<meta property=\"og:image:width\" content=\"1013\" \/>\n\t\t<meta property=\"og:image:height\" content=\"678\" \/>\n\t\t<meta property=\"article:tag\" content=\"negocios y empresas\" \/>\n\t\t<meta property=\"article:published_time\" content=\"2019-07-14T21:56:03+00:00\" \/>\n\t\t<meta property=\"article:modified_time\" content=\"2019-07-14T21:56:03+00:00\" \/>\n\t\t<meta property=\"article:publisher\" content=\"https:\/\/facebook.com\/eldigitaldeasturias\" \/>\n\t\t<meta name=\"twitter:card\" content=\"summary_large_image\" \/>\n\t\t<meta name=\"twitter:title\" content=\"Amazon crear\u00e1 m\u00e1s de 2.800 puestos de trabajo en Alemania - El Digital de Asturias\" \/>\n\t\t<meta name=\"twitter:description\" content=\"M\u00fanich (Alemania), 14 jul (dpa) - El servicio de ventas online estadounidense Amazon anunci\u00f3 hoy que crear\u00e1 en sus m\u00e1s de 35 sedes en Alemania m\u00e1s de 2.800 nuevos puestos de trabajo hasta fines de 2019 con lo que su n\u00famero de empleados aumentar\u00e1 a m\u00e1s de 20.000. Adem\u00e1s, se prev\u00e9 para este a\u00f1o la\" \/>\n\t\t<meta name=\"twitter:image\" content=\"https:\/\/www.eldigitaldeasturias.com\/noticias\/wp-content\/uploads\/2019\/07\/Amazon-empleo-Alemania.jpg\" \/>\n\t\t<meta name=\"twitter:label1\" content=\"Escrito por\" \/>\n\t\t<meta name=\"twitter:data1\" content=\"El Digital de Asturias\" \/>\n\t\t<meta name=\"twitter:label2\" content=\"Tiempo de lectura estimado\" \/>\n\t\t<meta name=\"twitter:data2\" content=\"2 minutos\" \/>\n\t\t<script type=\"application\/ld+json\" class=\"aioseo-schema\">\n\t\t\t{\"@context\":\"https:\\\/\\\/schema.org\",\"@graph\":[{\"@type\":\"BlogPosting\",\"@id\":\"https:\\\/\\\/www.eldigitaldeasturias.com\\\/noticias\\\/amazon-creara-mas-de-2-800-puestos-de-trabajo-en-alemania\\\/#blogposting\",\"name\":\"Amazon crear\\u00e1 m\\u00e1s de 2.800 puestos de trabajo en Alemania - El Digital de Asturias\",\"headline\":\"Amazon crear\\u00e1 m\\u00e1s de 2.800 puestos de trabajo en Alemania\",\"author\":{\"@id\":\"https:\\\/\\\/www.eldigitaldeasturias.com\\\/noticias\\\/author\\\/admin\\\/#author\"},\"publisher\":{\"@id\":\"https:\\\/\\\/www.eldigitaldeasturias.com\\\/noticias\\\/#organization\"},\"image\":{\"@type\":\"ImageObject\",\"url\":\"https:\\\/\\\/www.eldigitaldeasturias.com\\\/noticias\\\/wp-content\\\/uploads\\\/2019\\\/07\\\/Amazon-empleo-Alemania.jpg\",\"width\":1013,\"height\":678},\"datePublished\":\"2019-07-14T21:56:03+02:00\",\"dateModified\":\"2019-07-14T21:56:03+02:00\",\"inLanguage\":\"es-ES\",\"mainEntityOfPage\":{\"@id\":\"https:\\\/\\\/www.eldigitaldeasturias.com\\\/noticias\\\/amazon-creara-mas-de-2-800-puestos-de-trabajo-en-alemania\\\/#webpage\"},\"isPartOf\":{\"@id\":\"https:\\\/\\\/www.eldigitaldeasturias.com\\\/noticias\\\/amazon-creara-mas-de-2-800-puestos-de-trabajo-en-alemania\\\/#webpage\"},\"articleSection\":\"Negocios y Empresas\"},{\"@type\":\"BreadcrumbList\",\"@id\":\"https:\\\/\\\/www.eldigitaldeasturias.com\\\/noticias\\\/amazon-creara-mas-de-2-800-puestos-de-trabajo-en-alemania\\\/#breadcrumblist\",\"itemListElement\":[{\"@type\":\"ListItem\",\"@id\":\"https:\\\/\\\/www.eldigitaldeasturias.com\\\/noticias#listItem\",\"position\":1,\"name\":\"Home\",\"item\":\"https:\\\/\\\/www.eldigitaldeasturias.com\\\/noticias\",\"nextItem\":{\"@type\":\"ListItem\",\"@id\":\"https:\\\/\\\/www.eldigitaldeasturias.com\\\/noticias\\\/category\\\/negocios-y-empresas\\\/#listItem\",\"name\":\"Negocios y Empresas\"}},{\"@type\":\"ListItem\",\"@id\":\"https:\\\/\\\/www.eldigitaldeasturias.com\\\/noticias\\\/category\\\/negocios-y-empresas\\\/#listItem\",\"position\":2,\"name\":\"Negocios y Empresas\",\"item\":\"https:\\\/\\\/www.eldigitaldeasturias.com\\\/noticias\\\/category\\\/negocios-y-empresas\\\/\",\"nextItem\":{\"@type\":\"ListItem\",\"@id\":\"https:\\\/\\\/www.eldigitaldeasturias.com\\\/noticias\\\/amazon-creara-mas-de-2-800-puestos-de-trabajo-en-alemania\\\/#listItem\",\"name\":\"Amazon crear\\u00e1 m\\u00e1s de 2.800 puestos de trabajo en Alemania\"},\"previousItem\":{\"@type\":\"ListItem\",\"@id\":\"https:\\\/\\\/www.eldigitaldeasturias.com\\\/noticias#listItem\",\"name\":\"Home\"}},{\"@type\":\"ListItem\",\"@id\":\"https:\\\/\\\/www.eldigitaldeasturias.com\\\/noticias\\\/amazon-creara-mas-de-2-800-puestos-de-trabajo-en-alemania\\\/#listItem\",\"position\":3,\"name\":\"Amazon crear\\u00e1 m\\u00e1s de 2.800 puestos de trabajo en Alemania\",\"previousItem\":{\"@type\":\"ListItem\",\"@id\":\"https:\\\/\\\/www.eldigitaldeasturias.com\\\/noticias\\\/category\\\/negocios-y-empresas\\\/#listItem\",\"name\":\"Negocios y Empresas\"}}]},{\"@type\":\"Organization\",\"@id\":\"https:\\\/\\\/www.eldigitaldeasturias.com\\\/noticias\\\/#organization\",\"name\":\"El Digital de Asturias\",\"description\":\"Hemeroteca\",\"url\":\"https:\\\/\\\/www.eldigitaldeasturias.com\\\/noticias\\\/\",\"email\":\"info@eldigitaldeasturias.com\",\"telephone\":\"+34652131393\",\"logo\":{\"@type\":\"ImageObject\",\"url\":\"https:\\\/\\\/www.eldigitaldeasturias.com\\\/noticias\\\/wp-content\\\/uploads\\\/2020\\\/12\\\/EDA.jpg\",\"@id\":\"https:\\\/\\\/www.eldigitaldeasturias.com\\\/noticias\\\/amazon-creara-mas-de-2-800-puestos-de-trabajo-en-alemania\\\/#organizationLogo\",\"width\":649,\"height\":297},\"image\":{\"@id\":\"https:\\\/\\\/www.eldigitaldeasturias.com\\\/noticias\\\/amazon-creara-mas-de-2-800-puestos-de-trabajo-en-alemania\\\/#organizationLogo\"},\"sameAs\":[\"https:\\\/\\\/facebook.com\\\/eldigitaldeasturias\",\"https:\\\/\\\/www.youtube.com\\\/channel\\\/UCZP-2wLEB9Rv6erhFmqVnvg\"],\"address\":{\"@id\":\"https:\\\/\\\/www.eldigitaldeasturias.com\\\/noticias\\\/#postaladdress\",\"@type\":\"PostalAddress\",\"streetAddress\":\"san antonio 4,\",\"postalCode\":\"33430\",\"addressLocality\":\"Cand\\u00e1s\",\"addressRegion\":\"Asturias\",\"addressCountry\":\"ES\"}},{\"@type\":\"Person\",\"@id\":\"https:\\\/\\\/www.eldigitaldeasturias.com\\\/noticias\\\/author\\\/admin\\\/#author\",\"url\":\"https:\\\/\\\/www.eldigitaldeasturias.com\\\/noticias\\\/author\\\/admin\\\/\",\"name\":\"El Digital de Asturias\",\"image\":{\"@type\":\"ImageObject\",\"@id\":\"https:\\\/\\\/www.eldigitaldeasturias.com\\\/noticias\\\/amazon-creara-mas-de-2-800-puestos-de-trabajo-en-alemania\\\/#authorImage\",\"url\":\"https:\\\/\\\/www.eldigitaldeasturias.com\\\/noticias\\\/wp-content\\\/litespeed\\\/avatar\\\/18677e78aa0546b92d9dbf31ec7d7668.jpg?ver=1777290358\",\"width\":96,\"height\":96,\"caption\":\"El Digital de Asturias\"}},{\"@type\":\"WebPage\",\"@id\":\"https:\\\/\\\/www.eldigitaldeasturias.com\\\/noticias\\\/amazon-creara-mas-de-2-800-puestos-de-trabajo-en-alemania\\\/#webpage\",\"url\":\"https:\\\/\\\/www.eldigitaldeasturias.com\\\/noticias\\\/amazon-creara-mas-de-2-800-puestos-de-trabajo-en-alemania\\\/\",\"name\":\"Amazon crear\\u00e1 m\\u00e1s de 2.800 puestos de trabajo en Alemania - El Digital de Asturias\",\"description\":\"M\\u00fanich (Alemania), 14 jul (dpa) - El servicio de ventas online estadounidense Amazon anunci\\u00f3 hoy que crear\\u00e1 en sus m\\u00e1s de 35 sedes en Alemania m\\u00e1s de 2.800 nuevos puestos de trabajo hasta fines de 2019 con lo que su n\\u00famero de empleados aumentar\\u00e1 a m\\u00e1s de 20.000. Adem\\u00e1s, se prev\\u00e9 para este a\\u00f1o la\",\"inLanguage\":\"es-ES\",\"isPartOf\":{\"@id\":\"https:\\\/\\\/www.eldigitaldeasturias.com\\\/noticias\\\/#website\"},\"breadcrumb\":{\"@id\":\"https:\\\/\\\/www.eldigitaldeasturias.com\\\/noticias\\\/amazon-creara-mas-de-2-800-puestos-de-trabajo-en-alemania\\\/#breadcrumblist\"},\"author\":{\"@id\":\"https:\\\/\\\/www.eldigitaldeasturias.com\\\/noticias\\\/author\\\/admin\\\/#author\"},\"creator\":{\"@id\":\"https:\\\/\\\/www.eldigitaldeasturias.com\\\/noticias\\\/author\\\/admin\\\/#author\"},\"image\":{\"@type\":\"ImageObject\",\"url\":\"https:\\\/\\\/www.eldigitaldeasturias.com\\\/noticias\\\/wp-content\\\/uploads\\\/2019\\\/07\\\/Amazon-empleo-Alemania.jpg\",\"@id\":\"https:\\\/\\\/www.eldigitaldeasturias.com\\\/noticias\\\/amazon-creara-mas-de-2-800-puestos-de-trabajo-en-alemania\\\/#mainImage\",\"width\":1013,\"height\":678},\"primaryImageOfPage\":{\"@id\":\"https:\\\/\\\/www.eldigitaldeasturias.com\\\/noticias\\\/amazon-creara-mas-de-2-800-puestos-de-trabajo-en-alemania\\\/#mainImage\"},\"datePublished\":\"2019-07-14T21:56:03+02:00\",\"dateModified\":\"2019-07-14T21:56:03+02:00\"},{\"@type\":\"WebSite\",\"@id\":\"https:\\\/\\\/www.eldigitaldeasturias.com\\\/noticias\\\/#website\",\"url\":\"https:\\\/\\\/www.eldigitaldeasturias.com\\\/noticias\\\/\",\"name\":\"El Digital de Asturias - Diario de actualidad y noticias\",\"alternateName\":\"El Digital de Asturias - Diario de actualidad y noticias\",\"description\":\"Hemeroteca\",\"inLanguage\":\"es-ES\",\"publisher\":{\"@id\":\"https:\\\/\\\/www.eldigitaldeasturias.com\\\/noticias\\\/#organization\"}}]}\n\t\t<\/script>\n\t\t<!-- All in One SEO Pro -->\r\n\t\t<title>Amazon crear\u00e1 m\u00e1s de 2.800 puestos de trabajo en Alemania - El Digital de Asturias<\/title>\n\n","aioseo_head_json":{"title":"Amazon crear\u00e1 m\u00e1s de 2.800 puestos de trabajo en Alemania - El Digital de Asturias","description":"M\u00fanich (Alemania), 14 jul (dpa) - El servicio de ventas online estadounidense Amazon anunci\u00f3 hoy que crear\u00e1 en sus m\u00e1s de 35 sedes en Alemania m\u00e1s de 2.800 nuevos puestos de trabajo hasta fines de 2019 con lo que su n\u00famero de empleados aumentar\u00e1 a m\u00e1s de 20.000. Adem\u00e1s, se prev\u00e9 para este a\u00f1o la","canonical_url":"https:\/\/www.eldigitaldeasturias.com\/noticias\/amazon-creara-mas-de-2-800-puestos-de-trabajo-en-alemania\/","robots":"max-image-preview:large","keywords":"negocios y empresas","webmasterTools":{"google-site-verification":"UA-38556648-1","msvalidate.01":"7dfe9f3f1b24437ab69f4f2559babe99","miscellaneous":""},"schema":{"@context":"https:\/\/schema.org","@graph":[{"@type":"BlogPosting","@id":"https:\/\/www.eldigitaldeasturias.com\/noticias\/amazon-creara-mas-de-2-800-puestos-de-trabajo-en-alemania\/#blogposting","name":"Amazon crear\u00e1 m\u00e1s de 2.800 puestos de trabajo en Alemania - El Digital de Asturias","headline":"Amazon crear\u00e1 m\u00e1s de 2.800 puestos de trabajo en Alemania","author":{"@id":"https:\/\/www.eldigitaldeasturias.com\/noticias\/author\/admin\/#author"},"publisher":{"@id":"https:\/\/www.eldigitaldeasturias.com\/noticias\/#organization"},"image":{"@type":"ImageObject","url":"https:\/\/www.eldigitaldeasturias.com\/noticias\/wp-content\/uploads\/2019\/07\/Amazon-empleo-Alemania.jpg","width":1013,"height":678},"datePublished":"2019-07-14T21:56:03+02:00","dateModified":"2019-07-14T21:56:03+02:00","inLanguage":"es-ES","mainEntityOfPage":{"@id":"https:\/\/www.eldigitaldeasturias.com\/noticias\/amazon-creara-mas-de-2-800-puestos-de-trabajo-en-alemania\/#webpage"},"isPartOf":{"@id":"https:\/\/www.eldigitaldeasturias.com\/noticias\/amazon-creara-mas-de-2-800-puestos-de-trabajo-en-alemania\/#webpage"},"articleSection":"Negocios y Empresas"},{"@type":"BreadcrumbList","@id":"https:\/\/www.eldigitaldeasturias.com\/noticias\/amazon-creara-mas-de-2-800-puestos-de-trabajo-en-alemania\/#breadcrumblist","itemListElement":[{"@type":"ListItem","@id":"https:\/\/www.eldigitaldeasturias.com\/noticias#listItem","position":1,"name":"Home","item":"https:\/\/www.eldigitaldeasturias.com\/noticias","nextItem":{"@type":"ListItem","@id":"https:\/\/www.eldigitaldeasturias.com\/noticias\/category\/negocios-y-empresas\/#listItem","name":"Negocios y Empresas"}},{"@type":"ListItem","@id":"https:\/\/www.eldigitaldeasturias.com\/noticias\/category\/negocios-y-empresas\/#listItem","position":2,"name":"Negocios y Empresas","item":"https:\/\/www.eldigitaldeasturias.com\/noticias\/category\/negocios-y-empresas\/","nextItem":{"@type":"ListItem","@id":"https:\/\/www.eldigitaldeasturias.com\/noticias\/amazon-creara-mas-de-2-800-puestos-de-trabajo-en-alemania\/#listItem","name":"Amazon crear\u00e1 m\u00e1s de 2.800 puestos de trabajo en Alemania"},"previousItem":{"@type":"ListItem","@id":"https:\/\/www.eldigitaldeasturias.com\/noticias#listItem","name":"Home"}},{"@type":"ListItem","@id":"https:\/\/www.eldigitaldeasturias.com\/noticias\/amazon-creara-mas-de-2-800-puestos-de-trabajo-en-alemania\/#listItem","position":3,"name":"Amazon crear\u00e1 m\u00e1s de 2.800 puestos de trabajo en Alemania","previousItem":{"@type":"ListItem","@id":"https:\/\/www.eldigitaldeasturias.com\/noticias\/category\/negocios-y-empresas\/#listItem","name":"Negocios y Empresas"}}]},{"@type":"Organization","@id":"https:\/\/www.eldigitaldeasturias.com\/noticias\/#organization","name":"El Digital de Asturias","description":"Hemeroteca","url":"https:\/\/www.eldigitaldeasturias.com\/noticias\/","email":"info@eldigitaldeasturias.com","telephone":"+34652131393","logo":{"@type":"ImageObject","url":"https:\/\/www.eldigitaldeasturias.com\/noticias\/wp-content\/uploads\/2020\/12\/EDA.jpg","@id":"https:\/\/www.eldigitaldeasturias.com\/noticias\/amazon-creara-mas-de-2-800-puestos-de-trabajo-en-alemania\/#organizationLogo","width":649,"height":297},"image":{"@id":"https:\/\/www.eldigitaldeasturias.com\/noticias\/amazon-creara-mas-de-2-800-puestos-de-trabajo-en-alemania\/#organizationLogo"},"sameAs":["https:\/\/facebook.com\/eldigitaldeasturias","https:\/\/www.youtube.com\/channel\/UCZP-2wLEB9Rv6erhFmqVnvg"],"address":{"@id":"https:\/\/www.eldigitaldeasturias.com\/noticias\/#postaladdress","@type":"PostalAddress","streetAddress":"san antonio 4,","postalCode":"33430","addressLocality":"Cand\u00e1s","addressRegion":"Asturias","addressCountry":"ES"}},{"@type":"Person","@id":"https:\/\/www.eldigitaldeasturias.com\/noticias\/author\/admin\/#author","url":"https:\/\/www.eldigitaldeasturias.com\/noticias\/author\/admin\/","name":"El Digital de Asturias","image":{"@type":"ImageObject","@id":"https:\/\/www.eldigitaldeasturias.com\/noticias\/amazon-creara-mas-de-2-800-puestos-de-trabajo-en-alemania\/#authorImage","url":"https:\/\/www.eldigitaldeasturias.com\/noticias\/wp-content\/litespeed\/avatar\/18677e78aa0546b92d9dbf31ec7d7668.jpg?ver=1777290358","width":96,"height":96,"caption":"El Digital de Asturias"}},{"@type":"WebPage","@id":"https:\/\/www.eldigitaldeasturias.com\/noticias\/amazon-creara-mas-de-2-800-puestos-de-trabajo-en-alemania\/#webpage","url":"https:\/\/www.eldigitaldeasturias.com\/noticias\/amazon-creara-mas-de-2-800-puestos-de-trabajo-en-alemania\/","name":"Amazon crear\u00e1 m\u00e1s de 2.800 puestos de trabajo en Alemania - El Digital de Asturias","description":"M\u00fanich (Alemania), 14 jul (dpa) - El servicio de ventas online estadounidense Amazon anunci\u00f3 hoy que crear\u00e1 en sus m\u00e1s de 35 sedes en Alemania m\u00e1s de 2.800 nuevos puestos de trabajo hasta fines de 2019 con lo que su n\u00famero de empleados aumentar\u00e1 a m\u00e1s de 20.000. Adem\u00e1s, se prev\u00e9 para este a\u00f1o la","inLanguage":"es-ES","isPartOf":{"@id":"https:\/\/www.eldigitaldeasturias.com\/noticias\/#website"},"breadcrumb":{"@id":"https:\/\/www.eldigitaldeasturias.com\/noticias\/amazon-creara-mas-de-2-800-puestos-de-trabajo-en-alemania\/#breadcrumblist"},"author":{"@id":"https:\/\/www.eldigitaldeasturias.com\/noticias\/author\/admin\/#author"},"creator":{"@id":"https:\/\/www.eldigitaldeasturias.com\/noticias\/author\/admin\/#author"},"image":{"@type":"ImageObject","url":"https:\/\/www.eldigitaldeasturias.com\/noticias\/wp-content\/uploads\/2019\/07\/Amazon-empleo-Alemania.jpg","@id":"https:\/\/www.eldigitaldeasturias.com\/noticias\/amazon-creara-mas-de-2-800-puestos-de-trabajo-en-alemania\/#mainImage","width":1013,"height":678},"primaryImageOfPage":{"@id":"https:\/\/www.eldigitaldeasturias.com\/noticias\/amazon-creara-mas-de-2-800-puestos-de-trabajo-en-alemania\/#mainImage"},"datePublished":"2019-07-14T21:56:03+02:00","dateModified":"2019-07-14T21:56:03+02:00"},{"@type":"WebSite","@id":"https:\/\/www.eldigitaldeasturias.com\/noticias\/#website","url":"https:\/\/www.eldigitaldeasturias.com\/noticias\/","name":"El Digital de Asturias - Diario de actualidad y noticias","alternateName":"El Digital de Asturias - Diario de actualidad y noticias","description":"Hemeroteca","inLanguage":"es-ES","publisher":{"@id":"https:\/\/www.eldigitaldeasturias.com\/noticias\/#organization"}}]},"og:locale":"es_ES","og:site_name":"El Digital de Asturias","og:type":"article","og:title":"Amazon crear\u00e1 m\u00e1s de 2.800 puestos de trabajo en Alemania - El Digital de Asturias","og:description":"M\u00fanich (Alemania), 14 jul (dpa) - El servicio de ventas online estadounidense Amazon anunci\u00f3 hoy que crear\u00e1 en sus m\u00e1s de 35 sedes en Alemania m\u00e1s de 2.800 nuevos puestos de trabajo hasta fines de 2019 con lo que su n\u00famero de empleados aumentar\u00e1 a m\u00e1s de 20.000. Adem\u00e1s, se prev\u00e9 para este a\u00f1o la","og:url":"https:\/\/www.eldigitaldeasturias.com\/noticias\/amazon-creara-mas-de-2-800-puestos-de-trabajo-en-alemania\/","og:image":"https:\/\/www.eldigitaldeasturias.com\/noticias\/wp-content\/uploads\/2019\/07\/Amazon-empleo-Alemania.jpg","og:image:secure_url":"https:\/\/www.eldigitaldeasturias.com\/noticias\/wp-content\/uploads\/2019\/07\/Amazon-empleo-Alemania.jpg","og:image:width":1013,"og:image:height":678,"article:tag":["negocios y empresas"],"article:published_time":"2019-07-14T21:56:03+00:00","article:modified_time":"2019-07-14T21:56:03+00:00","article:publisher":"https:\/\/facebook.com\/eldigitaldeasturias","twitter:card":"summary_large_image","twitter:title":"Amazon crear\u00e1 m\u00e1s de 2.800 puestos de trabajo en Alemania - El Digital de Asturias","twitter:description":"M\u00fanich (Alemania), 14 jul (dpa) - El servicio de ventas online estadounidense Amazon anunci\u00f3 hoy que crear\u00e1 en sus m\u00e1s de 35 sedes en Alemania m\u00e1s de 2.800 nuevos puestos de trabajo hasta fines de 2019 con lo que su n\u00famero de empleados aumentar\u00e1 a m\u00e1s de 20.000. Adem\u00e1s, se prev\u00e9 para este a\u00f1o la","twitter:image":"https:\/\/www.eldigitaldeasturias.com\/noticias\/wp-content\/uploads\/2019\/07\/Amazon-empleo-Alemania.jpg","twitter:label1":"Escrito por","twitter:data1":"El Digital de Asturias","twitter:label2":"Tiempo de lectura estimado","twitter:data2":"2 minutos"},"aioseo_meta_data":{"post_id":"1034789","title":null,"description":null,"keywords":null,"keyphrases":null,"primary_term":null,"canonical_url":null,"og_title":null,"og_description":null,"og_object_type":"default","og_image_type":"default","og_image_url":null,"og_image_width":null,"og_image_height":null,"og_image_custom_url":null,"og_image_custom_fields":null,"og_video":null,"og_custom_url":null,"og_article_section":null,"og_article_tags":null,"twitter_use_og":false,"twitter_card":"default","twitter_image_type":"default","twitter_image_url":null,"twitter_image_custom_url":null,"twitter_image_custom_fields":null,"twitter_title":null,"twitter_description":null,"schema":{"blockGraphs":[],"customGraphs":[],"default":{"data":{"Article":[],"Course":[],"Dataset":[],"FAQPage":[],"Movie":[],"Person":[],"Product":[],"ProductReview":[],"Car":[],"Recipe":[],"Service":[],"SoftwareApplication":[],"WebPage":[]},"graphName":"","isEnabled":true},"graphs":[],"defaultGraph":"","defaultPostTypeGraph":""},"schema_type":null,"schema_type_options":null,"pillar_content":false,"robots_default":true,"robots_noindex":false,"robots_noarchive":false,"robots_nosnippet":false,"robots_nofollow":false,"robots_noimageindex":false,"robots_noodp":false,"robots_notranslate":false,"robots_max_snippet":null,"robots_max_videopreview":null,"robots_max_imagepreview":"large","priority":null,"frequency":null,"local_seo":null,"seo_analyzer_scan_date":"2025-10-22 06:17:33","breadcrumb_settings":null,"limit_modified_date":false,"open_ai":null,"ai":null,"created":"2020-12-21 11:08:16","updated":"2025-10-22 06:17:33"},"aioseo_breadcrumb":"<div class=\"aioseo-breadcrumbs\"><span class=\"aioseo-breadcrumb\">\n\t<a href=\"https:\/\/www.eldigitaldeasturias.com\/noticias\" title=\"Home\">Home<\/a>\n<\/span><span class=\"aioseo-breadcrumb-separator\">\u2013<\/span><span class=\"aioseo-breadcrumb\">\n\t<a href=\"https:\/\/www.eldigitaldeasturias.com\/noticias\/category\/negocios-y-empresas\/\" title=\"Negocios y Empresas\">Negocios y Empresas<\/a>\n<\/span><span class=\"aioseo-breadcrumb-separator\">\u2013<\/span><span class=\"aioseo-breadcrumb\">\n\t<a href=\"https:\/\/www.eldigitaldeasturias.com\/noticias\/amazon-creara-mas-de-2-800-puestos-de-trabajo-en-alemania\/\" title=\"Amazon crear\u00e1 m\u00e1s de 2.800 puestos de trabajo en Alemania\">Amazon crear\u00e1 m\u00e1s de 2.800 puestos de trabajo en Alemania<\/a>\n<\/span><\/div>","aioseo_breadcrumb_json":[{"label":"Home","link":"https:\/\/www.eldigitaldeasturias.com\/noticias"},{"label":"Negocios y Empresas","link":"https:\/\/www.eldigitaldeasturias.com\/noticias\/category\/negocios-y-empresas\/"},{"label":"Amazon crear\u00e1 m\u00e1s de 2.800 puestos de trabajo en Alemania","link":"https:\/\/www.eldigitaldeasturias.com\/noticias\/amazon-creara-mas-de-2-800-puestos-de-trabajo-en-alemania\/"}],"_links":{"self":[{"href":"https:\/\/www.eldigitaldeasturias.com\/noticias\/wp-json\/wp\/v2\/posts\/1034789","targetHints":{"allow":["GET"]}}],"collection":[{"href":"https:\/\/www.eldigitaldeasturias.com\/noticias\/wp-json\/wp\/v2\/posts"}],"about":[{"href":"https:\/\/www.eldigitaldeasturias.com\/noticias\/wp-json\/wp\/v2\/types\/post"}],"author":[{"embeddable":true,"href":"https:\/\/www.eldigitaldeasturias.com\/noticias\/wp-json\/wp\/v2\/users\/1"}],"replies":[{"embeddable":true,"href":"https:\/\/www.eldigitaldeasturias.com\/noticias\/wp-json\/wp\/v2\/comments?post=1034789"}],"version-history":[{"count":0,"href":"https:\/\/www.eldigitaldeasturias.com\/noticias\/wp-json\/wp\/v2\/posts\/1034789\/revisions"}],"wp:featuredmedia":[{"embeddable":true,"href":"https:\/\/www.eldigitaldeasturias.com\/noticias\/wp-json\/wp\/v2\/media\/1034790"}],"wp:attachment":[{"href":"https:\/\/www.eldigitaldeasturias.com\/noticias\/wp-json\/wp\/v2\/media?parent=1034789"}],"wp:term":[{"taxonomy":"category","embeddable":true,"href":"https:\/\/www.eldigitaldeasturias.com\/noticias\/wp-json\/wp\/v2\/categories?post=1034789"},{"taxonomy":"post_tag","embeddable":true,"href":"https:\/\/www.eldigitaldeasturias.com\/noticias\/wp-json\/wp\/v2\/tags?post=1034789"}],"curies":[{"name":"wp","href":"https:\/\/api.w.org\/{rel}","templated":true}]}}