{"id":1034777,"date":"2019-07-14T19:38:14","date_gmt":"2019-07-14T19:38:14","guid":{"rendered":"https:\/\/www.eldigitaldeasturias.com\/noticias\/?p=1034777"},"modified":"2019-07-14T19:38:14","modified_gmt":"2019-07-14T19:38:14","slug":"nowitzki-espera-que-alemania-sea-sede-del-eurobasket-2021","status":"publish","type":"post","link":"https:\/\/www.eldigitaldeasturias.com\/noticias\/nowitzki-espera-que-alemania-sea-sede-del-eurobasket-2021\/","title":{"rendered":"Nowitzki espera que Alemania sea sede del Eurobasket 2021"},"content":{"rendered":"<p><img loading=\"lazy\" decoding=\"async\" class=\"alignleft size-medium wp-image-977711\" src=\"https:\/\/www.eldigitaldeasturias.com\/noticias\/wp-content\/uploads\/2018\/04\/basketball-824112_960_720-360x203.jpg\" alt=\"\" width=\"360\" height=\"203\" srcset=\"https:\/\/www.eldigitaldeasturias.com\/noticias\/wp-content\/uploads\/2018\/04\/basketball-824112_960_720-360x203.jpg 360w, https:\/\/www.eldigitaldeasturias.com\/noticias\/wp-content\/uploads\/2018\/04\/basketball-824112_960_720-768x432.jpg 768w, https:\/\/www.eldigitaldeasturias.com\/noticias\/wp-content\/uploads\/2018\/04\/basketball-824112_960_720-650x366.jpg 650w, https:\/\/www.eldigitaldeasturias.com\/noticias\/wp-content\/uploads\/2018\/04\/basketball-824112_960_720-499x280.jpg 499w, https:\/\/www.eldigitaldeasturias.com\/noticias\/wp-content\/uploads\/2018\/04\/basketball-824112_960_720.jpg 960w\" sizes=\"auto, (max-width: 360px) 100vw, 360px\" \/>M\u00fanich, 14 jul (dpa) &#8211; El ex jugador alem\u00e1n de baloncesto Dirk Nowitzki desea que Alemania sea elegida como sede del Campeonato Europeo de baloncesto 2021, seg\u00fan declaraciones del legendario jugador de 41 a\u00f1os al dominical \u00abBild am Sonntag\u00bb publicadas hoy.<\/p>\n<p>\u00abMe alegrar\u00eda much\u00edsimo y ser\u00eda una gran cosa para el baloncesto alem\u00e1n\u00bb, se\u00f1al\u00f3 Nowitzki al peri\u00f3dico alem\u00e1n y record\u00f3 a la vez su \u00faltima presentaci\u00f3n como jugador activo frente al p\u00fablico germano.<\/p>\n<p>\u00abEn Berl\u00edn 2015 vimos el incre\u00edble ambiente y lo bien que recibieron a nuestro deporte. Por eso, ser\u00eda un evento grandioso\u00bb, indic\u00f3 el exjugador estrella con entusiasmo.<\/p>\n<p>La definici\u00f3n sobre las sedes del pr\u00f3ximo Eurobasket tendr\u00e1 lugar ma\u00f1ana en M\u00fanich.<\/p>\n<p>La Federaci\u00f3n Alemana de Baloncesto (DBB, por sus siglas en alem\u00e1n) postul\u00f3 a la ciudad de Colonia para los partidos de uno los cuatro grupos de la ronda preliminar y a Berl\u00edn para las eliminatorias. La \u00faltima vez que se llev\u00f3 a cabo una ronda final en Alemania fue en 1993.<\/p>\n<p>Adem\u00e1s de Alemania tambi\u00e9n se postularon oficialmente la Rep\u00fablica Checa, Estonia, Georgia, Hungr\u00eda, Italia y Eslovenia, precis\u00f3 la filial europea de la Federaci\u00f3n Internacional de Baloncesto (FIBA).<\/p>\n<p>\u00abAl deporte del baloncesto en Alemania le esperan buenos tiempos, tenemos una gran generaci\u00f3n de talentos\u00bb, agreg\u00f3 Nowitzki en alusi\u00f3n al equipo en torno al profesional de la Liga de Baloncesto de Estados Unidos (NBA, por sus siglas en ingl\u00e9s) Dennis Schr\u00f6der.<\/p>\n<p>\u00abUn campeonato europeo en casa puede impulsar y promover el deporte en nuestro pa\u00eds\u00bb, indic\u00f3.<\/p>\n<p>Nowitzki finaliz\u00f3 su exitosa carrera con los Dallas Mavericks en la liga profesional norteamericana de la NBA en abril.<\/p>\n<p>&nbsp;<\/p>\n","protected":false},"excerpt":{"rendered":"<p>M\u00fanich, 14 jul (dpa) &#8211; El ex jugador alem\u00e1n de baloncesto Dirk Nowitzki desea que Alemania sea elegida como sede del Campeonato Europeo de baloncesto 2021, seg\u00fan declaraciones del legendario jugador de 41 a\u00f1os al dominical \u00abBild am Sonntag\u00bb publicadas hoy. \u00abMe alegrar\u00eda much\u00edsimo y ser\u00eda una gran cosa para el baloncesto alem\u00e1n\u00bb, se\u00f1al\u00f3 Nowitzki [&hellip;]<\/p>\n","protected":false},"author":1,"featured_media":977711,"comment_status":"closed","ping_status":"closed","sticky":false,"template":"","format":"standard","meta":{"footnotes":""},"categories":[190],"tags":[],"class_list":["post-1034777","post","type-post","status-publish","format-standard","has-post-thumbnail","hentry","category-deportes"],"aioseo_notices":[],"aioseo_head":"\n\t\t<!-- All in One SEO Pro 4.9.6.2 - aioseo.com -->\n\t<meta name=\"description\" content=\"M\u00fanich, 14 jul (dpa) - El ex jugador alem\u00e1n de baloncesto Dirk Nowitzki desea que Alemania sea elegida como sede del Campeonato Europeo de baloncesto 2021, seg\u00fan declaraciones del legendario jugador de 41 a\u00f1os al dominical &quot;Bild am Sonntag&quot; publicadas hoy. &quot;Me alegrar\u00eda much\u00edsimo y ser\u00eda una gran cosa para el baloncesto alem\u00e1n&quot;, se\u00f1al\u00f3 Nowitzki\" \/>\n\t<meta name=\"robots\" content=\"max-image-preview:large\" \/>\n\t<meta name=\"author\" content=\"El Digital de Asturias\"\/>\n\t<meta name=\"google-site-verification\" content=\"UA-38556648-1\" \/>\n\t<meta name=\"msvalidate.01\" content=\"7dfe9f3f1b24437ab69f4f2559babe99\" \/>\n\t<meta name=\"keywords\" content=\"deportes\" \/>\n\t<link rel=\"canonical\" href=\"https:\/\/www.eldigitaldeasturias.com\/noticias\/nowitzki-espera-que-alemania-sea-sede-del-eurobasket-2021\/\" \/>\n\t<meta name=\"generator\" content=\"All in One SEO Pro (AIOSEO) 4.9.6.2\" \/>\n\t\t<meta property=\"og:locale\" content=\"es_ES\" \/>\n\t\t<meta property=\"og:site_name\" content=\"El Digital de Asturias\" \/>\n\t\t<meta property=\"og:type\" content=\"article\" \/>\n\t\t<meta property=\"og:title\" content=\"Nowitzki espera que Alemania sea sede del Eurobasket 2021 - El Digital de Asturias\" \/>\n\t\t<meta property=\"og:description\" content=\"M\u00fanich, 14 jul (dpa) - El ex jugador alem\u00e1n de baloncesto Dirk Nowitzki desea que Alemania sea elegida como sede del Campeonato Europeo de baloncesto 2021, seg\u00fan declaraciones del legendario jugador de 41 a\u00f1os al dominical &quot;Bild am Sonntag&quot; publicadas hoy. &quot;Me alegrar\u00eda much\u00edsimo y ser\u00eda una gran cosa para el baloncesto alem\u00e1n&quot;, se\u00f1al\u00f3 Nowitzki\" \/>\n\t\t<meta property=\"og:url\" content=\"https:\/\/www.eldigitaldeasturias.com\/noticias\/nowitzki-espera-que-alemania-sea-sede-del-eurobasket-2021\/\" \/>\n\t\t<meta property=\"og:image\" content=\"https:\/\/www.eldigitaldeasturias.com\/noticias\/wp-content\/uploads\/2018\/04\/basketball-824112_960_720.jpg\" \/>\n\t\t<meta property=\"og:image:secure_url\" content=\"https:\/\/www.eldigitaldeasturias.com\/noticias\/wp-content\/uploads\/2018\/04\/basketball-824112_960_720.jpg\" \/>\n\t\t<meta property=\"og:image:width\" content=\"960\" \/>\n\t\t<meta property=\"og:image:height\" content=\"540\" \/>\n\t\t<meta property=\"article:tag\" content=\"deportes\" \/>\n\t\t<meta property=\"article:published_time\" content=\"2019-07-14T19:38:14+00:00\" \/>\n\t\t<meta property=\"article:modified_time\" content=\"2019-07-14T19:38:14+00:00\" \/>\n\t\t<meta property=\"article:publisher\" content=\"https:\/\/facebook.com\/eldigitaldeasturias\" \/>\n\t\t<meta name=\"twitter:card\" content=\"summary_large_image\" \/>\n\t\t<meta name=\"twitter:title\" content=\"Nowitzki espera que Alemania sea sede del Eurobasket 2021 - El Digital de Asturias\" \/>\n\t\t<meta name=\"twitter:description\" content=\"M\u00fanich, 14 jul (dpa) - El ex jugador alem\u00e1n de baloncesto Dirk Nowitzki desea que Alemania sea elegida como sede del Campeonato Europeo de baloncesto 2021, seg\u00fan declaraciones del legendario jugador de 41 a\u00f1os al dominical &quot;Bild am Sonntag&quot; publicadas hoy. &quot;Me alegrar\u00eda much\u00edsimo y ser\u00eda una gran cosa para el baloncesto alem\u00e1n&quot;, se\u00f1al\u00f3 Nowitzki\" \/>\n\t\t<meta name=\"twitter:image\" content=\"https:\/\/www.eldigitaldeasturias.com\/noticias\/wp-content\/uploads\/2018\/04\/basketball-824112_960_720.jpg\" \/>\n\t\t<meta name=\"twitter:label1\" content=\"Escrito por\" \/>\n\t\t<meta name=\"twitter:data1\" content=\"El Digital de Asturias\" \/>\n\t\t<meta name=\"twitter:label2\" content=\"Tiempo de lectura estimado\" \/>\n\t\t<meta name=\"twitter:data2\" content=\"1 minuto\" \/>\n\t\t<script type=\"application\/ld+json\" class=\"aioseo-schema\">\n\t\t\t{\"@context\":\"https:\\\/\\\/schema.org\",\"@graph\":[{\"@type\":\"BlogPosting\",\"@id\":\"https:\\\/\\\/www.eldigitaldeasturias.com\\\/noticias\\\/nowitzki-espera-que-alemania-sea-sede-del-eurobasket-2021\\\/#blogposting\",\"name\":\"Nowitzki espera que Alemania sea sede del Eurobasket 2021 - El Digital de Asturias\",\"headline\":\"Nowitzki espera que Alemania sea sede del Eurobasket 2021\",\"author\":{\"@id\":\"https:\\\/\\\/www.eldigitaldeasturias.com\\\/noticias\\\/author\\\/admin\\\/#author\"},\"publisher\":{\"@id\":\"https:\\\/\\\/www.eldigitaldeasturias.com\\\/noticias\\\/#organization\"},\"image\":{\"@type\":\"ImageObject\",\"url\":\"https:\\\/\\\/www.eldigitaldeasturias.com\\\/noticias\\\/wp-content\\\/uploads\\\/2018\\\/04\\\/basketball-824112_960_720.jpg\",\"width\":960,\"height\":540},\"datePublished\":\"2019-07-14T19:38:14+02:00\",\"dateModified\":\"2019-07-14T19:38:14+02:00\",\"inLanguage\":\"es-ES\",\"mainEntityOfPage\":{\"@id\":\"https:\\\/\\\/www.eldigitaldeasturias.com\\\/noticias\\\/nowitzki-espera-que-alemania-sea-sede-del-eurobasket-2021\\\/#webpage\"},\"isPartOf\":{\"@id\":\"https:\\\/\\\/www.eldigitaldeasturias.com\\\/noticias\\\/nowitzki-espera-que-alemania-sea-sede-del-eurobasket-2021\\\/#webpage\"},\"articleSection\":\"Deportes\"},{\"@type\":\"BreadcrumbList\",\"@id\":\"https:\\\/\\\/www.eldigitaldeasturias.com\\\/noticias\\\/nowitzki-espera-que-alemania-sea-sede-del-eurobasket-2021\\\/#breadcrumblist\",\"itemListElement\":[{\"@type\":\"ListItem\",\"@id\":\"https:\\\/\\\/www.eldigitaldeasturias.com\\\/noticias#listItem\",\"position\":1,\"name\":\"Home\",\"item\":\"https:\\\/\\\/www.eldigitaldeasturias.com\\\/noticias\",\"nextItem\":{\"@type\":\"ListItem\",\"@id\":\"https:\\\/\\\/www.eldigitaldeasturias.com\\\/noticias\\\/category\\\/deportes\\\/#listItem\",\"name\":\"Deportes\"}},{\"@type\":\"ListItem\",\"@id\":\"https:\\\/\\\/www.eldigitaldeasturias.com\\\/noticias\\\/category\\\/deportes\\\/#listItem\",\"position\":2,\"name\":\"Deportes\",\"item\":\"https:\\\/\\\/www.eldigitaldeasturias.com\\\/noticias\\\/category\\\/deportes\\\/\",\"nextItem\":{\"@type\":\"ListItem\",\"@id\":\"https:\\\/\\\/www.eldigitaldeasturias.com\\\/noticias\\\/nowitzki-espera-que-alemania-sea-sede-del-eurobasket-2021\\\/#listItem\",\"name\":\"Nowitzki espera que Alemania sea sede del Eurobasket 2021\"},\"previousItem\":{\"@type\":\"ListItem\",\"@id\":\"https:\\\/\\\/www.eldigitaldeasturias.com\\\/noticias#listItem\",\"name\":\"Home\"}},{\"@type\":\"ListItem\",\"@id\":\"https:\\\/\\\/www.eldigitaldeasturias.com\\\/noticias\\\/nowitzki-espera-que-alemania-sea-sede-del-eurobasket-2021\\\/#listItem\",\"position\":3,\"name\":\"Nowitzki espera que Alemania sea sede del Eurobasket 2021\",\"previousItem\":{\"@type\":\"ListItem\",\"@id\":\"https:\\\/\\\/www.eldigitaldeasturias.com\\\/noticias\\\/category\\\/deportes\\\/#listItem\",\"name\":\"Deportes\"}}]},{\"@type\":\"Organization\",\"@id\":\"https:\\\/\\\/www.eldigitaldeasturias.com\\\/noticias\\\/#organization\",\"name\":\"El Digital de Asturias\",\"description\":\"Hemeroteca\",\"url\":\"https:\\\/\\\/www.eldigitaldeasturias.com\\\/noticias\\\/\",\"email\":\"info@eldigitaldeasturias.com\",\"telephone\":\"+34652131393\",\"logo\":{\"@type\":\"ImageObject\",\"url\":\"https:\\\/\\\/www.eldigitaldeasturias.com\\\/noticias\\\/wp-content\\\/uploads\\\/2020\\\/12\\\/EDA.jpg\",\"@id\":\"https:\\\/\\\/www.eldigitaldeasturias.com\\\/noticias\\\/nowitzki-espera-que-alemania-sea-sede-del-eurobasket-2021\\\/#organizationLogo\",\"width\":649,\"height\":297},\"image\":{\"@id\":\"https:\\\/\\\/www.eldigitaldeasturias.com\\\/noticias\\\/nowitzki-espera-que-alemania-sea-sede-del-eurobasket-2021\\\/#organizationLogo\"},\"sameAs\":[\"https:\\\/\\\/facebook.com\\\/eldigitaldeasturias\",\"https:\\\/\\\/www.youtube.com\\\/channel\\\/UCZP-2wLEB9Rv6erhFmqVnvg\"],\"address\":{\"@id\":\"https:\\\/\\\/www.eldigitaldeasturias.com\\\/noticias\\\/#postaladdress\",\"@type\":\"PostalAddress\",\"streetAddress\":\"san antonio 4,\",\"postalCode\":\"33430\",\"addressLocality\":\"Cand\\u00e1s\",\"addressRegion\":\"Asturias\",\"addressCountry\":\"ES\"}},{\"@type\":\"Person\",\"@id\":\"https:\\\/\\\/www.eldigitaldeasturias.com\\\/noticias\\\/author\\\/admin\\\/#author\",\"url\":\"https:\\\/\\\/www.eldigitaldeasturias.com\\\/noticias\\\/author\\\/admin\\\/\",\"name\":\"El Digital de Asturias\",\"image\":{\"@type\":\"ImageObject\",\"@id\":\"https:\\\/\\\/www.eldigitaldeasturias.com\\\/noticias\\\/nowitzki-espera-que-alemania-sea-sede-del-eurobasket-2021\\\/#authorImage\",\"url\":\"https:\\\/\\\/www.eldigitaldeasturias.com\\\/noticias\\\/wp-content\\\/litespeed\\\/avatar\\\/18677e78aa0546b92d9dbf31ec7d7668.jpg?ver=1776685526\",\"width\":96,\"height\":96,\"caption\":\"El Digital de Asturias\"}},{\"@type\":\"WebPage\",\"@id\":\"https:\\\/\\\/www.eldigitaldeasturias.com\\\/noticias\\\/nowitzki-espera-que-alemania-sea-sede-del-eurobasket-2021\\\/#webpage\",\"url\":\"https:\\\/\\\/www.eldigitaldeasturias.com\\\/noticias\\\/nowitzki-espera-que-alemania-sea-sede-del-eurobasket-2021\\\/\",\"name\":\"Nowitzki espera que Alemania sea sede del Eurobasket 2021 - El Digital de Asturias\",\"description\":\"M\\u00fanich, 14 jul (dpa) - El ex jugador alem\\u00e1n de baloncesto Dirk Nowitzki desea que Alemania sea elegida como sede del Campeonato Europeo de baloncesto 2021, seg\\u00fan declaraciones del legendario jugador de 41 a\\u00f1os al dominical \\\"Bild am Sonntag\\\" publicadas hoy. \\\"Me alegrar\\u00eda much\\u00edsimo y ser\\u00eda una gran cosa para el baloncesto alem\\u00e1n\\\", se\\u00f1al\\u00f3 Nowitzki\",\"inLanguage\":\"es-ES\",\"isPartOf\":{\"@id\":\"https:\\\/\\\/www.eldigitaldeasturias.com\\\/noticias\\\/#website\"},\"breadcrumb\":{\"@id\":\"https:\\\/\\\/www.eldigitaldeasturias.com\\\/noticias\\\/nowitzki-espera-que-alemania-sea-sede-del-eurobasket-2021\\\/#breadcrumblist\"},\"author\":{\"@id\":\"https:\\\/\\\/www.eldigitaldeasturias.com\\\/noticias\\\/author\\\/admin\\\/#author\"},\"creator\":{\"@id\":\"https:\\\/\\\/www.eldigitaldeasturias.com\\\/noticias\\\/author\\\/admin\\\/#author\"},\"image\":{\"@type\":\"ImageObject\",\"url\":\"https:\\\/\\\/www.eldigitaldeasturias.com\\\/noticias\\\/wp-content\\\/uploads\\\/2018\\\/04\\\/basketball-824112_960_720.jpg\",\"@id\":\"https:\\\/\\\/www.eldigitaldeasturias.com\\\/noticias\\\/nowitzki-espera-que-alemania-sea-sede-del-eurobasket-2021\\\/#mainImage\",\"width\":960,\"height\":540},\"primaryImageOfPage\":{\"@id\":\"https:\\\/\\\/www.eldigitaldeasturias.com\\\/noticias\\\/nowitzki-espera-que-alemania-sea-sede-del-eurobasket-2021\\\/#mainImage\"},\"datePublished\":\"2019-07-14T19:38:14+02:00\",\"dateModified\":\"2019-07-14T19:38:14+02:00\"},{\"@type\":\"WebSite\",\"@id\":\"https:\\\/\\\/www.eldigitaldeasturias.com\\\/noticias\\\/#website\",\"url\":\"https:\\\/\\\/www.eldigitaldeasturias.com\\\/noticias\\\/\",\"name\":\"El Digital de Asturias - Diario de actualidad y noticias\",\"alternateName\":\"El Digital de Asturias - Diario de actualidad y noticias\",\"description\":\"Hemeroteca\",\"inLanguage\":\"es-ES\",\"publisher\":{\"@id\":\"https:\\\/\\\/www.eldigitaldeasturias.com\\\/noticias\\\/#organization\"}}]}\n\t\t<\/script>\n\t\t<!-- All in One SEO Pro -->\r\n\t\t<title>Nowitzki espera que Alemania sea sede del Eurobasket 2021 - El Digital de Asturias<\/title>\n\n","aioseo_head_json":{"title":"Nowitzki espera que Alemania sea sede del Eurobasket 2021 - El Digital de Asturias","description":"M\u00fanich, 14 jul (dpa) - El ex jugador alem\u00e1n de baloncesto Dirk Nowitzki desea que Alemania sea elegida como sede del Campeonato Europeo de baloncesto 2021, seg\u00fan declaraciones del legendario jugador de 41 a\u00f1os al dominical \"Bild am Sonntag\" publicadas hoy. \"Me alegrar\u00eda much\u00edsimo y ser\u00eda una gran cosa para el baloncesto alem\u00e1n\", se\u00f1al\u00f3 Nowitzki","canonical_url":"https:\/\/www.eldigitaldeasturias.com\/noticias\/nowitzki-espera-que-alemania-sea-sede-del-eurobasket-2021\/","robots":"max-image-preview:large","keywords":"deportes","webmasterTools":{"google-site-verification":"UA-38556648-1","msvalidate.01":"7dfe9f3f1b24437ab69f4f2559babe99","miscellaneous":""},"schema":{"@context":"https:\/\/schema.org","@graph":[{"@type":"BlogPosting","@id":"https:\/\/www.eldigitaldeasturias.com\/noticias\/nowitzki-espera-que-alemania-sea-sede-del-eurobasket-2021\/#blogposting","name":"Nowitzki espera que Alemania sea sede del Eurobasket 2021 - El Digital de Asturias","headline":"Nowitzki espera que Alemania sea sede del Eurobasket 2021","author":{"@id":"https:\/\/www.eldigitaldeasturias.com\/noticias\/author\/admin\/#author"},"publisher":{"@id":"https:\/\/www.eldigitaldeasturias.com\/noticias\/#organization"},"image":{"@type":"ImageObject","url":"https:\/\/www.eldigitaldeasturias.com\/noticias\/wp-content\/uploads\/2018\/04\/basketball-824112_960_720.jpg","width":960,"height":540},"datePublished":"2019-07-14T19:38:14+02:00","dateModified":"2019-07-14T19:38:14+02:00","inLanguage":"es-ES","mainEntityOfPage":{"@id":"https:\/\/www.eldigitaldeasturias.com\/noticias\/nowitzki-espera-que-alemania-sea-sede-del-eurobasket-2021\/#webpage"},"isPartOf":{"@id":"https:\/\/www.eldigitaldeasturias.com\/noticias\/nowitzki-espera-que-alemania-sea-sede-del-eurobasket-2021\/#webpage"},"articleSection":"Deportes"},{"@type":"BreadcrumbList","@id":"https:\/\/www.eldigitaldeasturias.com\/noticias\/nowitzki-espera-que-alemania-sea-sede-del-eurobasket-2021\/#breadcrumblist","itemListElement":[{"@type":"ListItem","@id":"https:\/\/www.eldigitaldeasturias.com\/noticias#listItem","position":1,"name":"Home","item":"https:\/\/www.eldigitaldeasturias.com\/noticias","nextItem":{"@type":"ListItem","@id":"https:\/\/www.eldigitaldeasturias.com\/noticias\/category\/deportes\/#listItem","name":"Deportes"}},{"@type":"ListItem","@id":"https:\/\/www.eldigitaldeasturias.com\/noticias\/category\/deportes\/#listItem","position":2,"name":"Deportes","item":"https:\/\/www.eldigitaldeasturias.com\/noticias\/category\/deportes\/","nextItem":{"@type":"ListItem","@id":"https:\/\/www.eldigitaldeasturias.com\/noticias\/nowitzki-espera-que-alemania-sea-sede-del-eurobasket-2021\/#listItem","name":"Nowitzki espera que Alemania sea sede del Eurobasket 2021"},"previousItem":{"@type":"ListItem","@id":"https:\/\/www.eldigitaldeasturias.com\/noticias#listItem","name":"Home"}},{"@type":"ListItem","@id":"https:\/\/www.eldigitaldeasturias.com\/noticias\/nowitzki-espera-que-alemania-sea-sede-del-eurobasket-2021\/#listItem","position":3,"name":"Nowitzki espera que Alemania sea sede del Eurobasket 2021","previousItem":{"@type":"ListItem","@id":"https:\/\/www.eldigitaldeasturias.com\/noticias\/category\/deportes\/#listItem","name":"Deportes"}}]},{"@type":"Organization","@id":"https:\/\/www.eldigitaldeasturias.com\/noticias\/#organization","name":"El Digital de Asturias","description":"Hemeroteca","url":"https:\/\/www.eldigitaldeasturias.com\/noticias\/","email":"info@eldigitaldeasturias.com","telephone":"+34652131393","logo":{"@type":"ImageObject","url":"https:\/\/www.eldigitaldeasturias.com\/noticias\/wp-content\/uploads\/2020\/12\/EDA.jpg","@id":"https:\/\/www.eldigitaldeasturias.com\/noticias\/nowitzki-espera-que-alemania-sea-sede-del-eurobasket-2021\/#organizationLogo","width":649,"height":297},"image":{"@id":"https:\/\/www.eldigitaldeasturias.com\/noticias\/nowitzki-espera-que-alemania-sea-sede-del-eurobasket-2021\/#organizationLogo"},"sameAs":["https:\/\/facebook.com\/eldigitaldeasturias","https:\/\/www.youtube.com\/channel\/UCZP-2wLEB9Rv6erhFmqVnvg"],"address":{"@id":"https:\/\/www.eldigitaldeasturias.com\/noticias\/#postaladdress","@type":"PostalAddress","streetAddress":"san antonio 4,","postalCode":"33430","addressLocality":"Cand\u00e1s","addressRegion":"Asturias","addressCountry":"ES"}},{"@type":"Person","@id":"https:\/\/www.eldigitaldeasturias.com\/noticias\/author\/admin\/#author","url":"https:\/\/www.eldigitaldeasturias.com\/noticias\/author\/admin\/","name":"El Digital de Asturias","image":{"@type":"ImageObject","@id":"https:\/\/www.eldigitaldeasturias.com\/noticias\/nowitzki-espera-que-alemania-sea-sede-del-eurobasket-2021\/#authorImage","url":"https:\/\/www.eldigitaldeasturias.com\/noticias\/wp-content\/litespeed\/avatar\/18677e78aa0546b92d9dbf31ec7d7668.jpg?ver=1776685526","width":96,"height":96,"caption":"El Digital de Asturias"}},{"@type":"WebPage","@id":"https:\/\/www.eldigitaldeasturias.com\/noticias\/nowitzki-espera-que-alemania-sea-sede-del-eurobasket-2021\/#webpage","url":"https:\/\/www.eldigitaldeasturias.com\/noticias\/nowitzki-espera-que-alemania-sea-sede-del-eurobasket-2021\/","name":"Nowitzki espera que Alemania sea sede del Eurobasket 2021 - El Digital de Asturias","description":"M\u00fanich, 14 jul (dpa) - El ex jugador alem\u00e1n de baloncesto Dirk Nowitzki desea que Alemania sea elegida como sede del Campeonato Europeo de baloncesto 2021, seg\u00fan declaraciones del legendario jugador de 41 a\u00f1os al dominical \"Bild am Sonntag\" publicadas hoy. \"Me alegrar\u00eda much\u00edsimo y ser\u00eda una gran cosa para el baloncesto alem\u00e1n\", se\u00f1al\u00f3 Nowitzki","inLanguage":"es-ES","isPartOf":{"@id":"https:\/\/www.eldigitaldeasturias.com\/noticias\/#website"},"breadcrumb":{"@id":"https:\/\/www.eldigitaldeasturias.com\/noticias\/nowitzki-espera-que-alemania-sea-sede-del-eurobasket-2021\/#breadcrumblist"},"author":{"@id":"https:\/\/www.eldigitaldeasturias.com\/noticias\/author\/admin\/#author"},"creator":{"@id":"https:\/\/www.eldigitaldeasturias.com\/noticias\/author\/admin\/#author"},"image":{"@type":"ImageObject","url":"https:\/\/www.eldigitaldeasturias.com\/noticias\/wp-content\/uploads\/2018\/04\/basketball-824112_960_720.jpg","@id":"https:\/\/www.eldigitaldeasturias.com\/noticias\/nowitzki-espera-que-alemania-sea-sede-del-eurobasket-2021\/#mainImage","width":960,"height":540},"primaryImageOfPage":{"@id":"https:\/\/www.eldigitaldeasturias.com\/noticias\/nowitzki-espera-que-alemania-sea-sede-del-eurobasket-2021\/#mainImage"},"datePublished":"2019-07-14T19:38:14+02:00","dateModified":"2019-07-14T19:38:14+02:00"},{"@type":"WebSite","@id":"https:\/\/www.eldigitaldeasturias.com\/noticias\/#website","url":"https:\/\/www.eldigitaldeasturias.com\/noticias\/","name":"El Digital de Asturias - Diario de actualidad y noticias","alternateName":"El Digital de Asturias - Diario de actualidad y noticias","description":"Hemeroteca","inLanguage":"es-ES","publisher":{"@id":"https:\/\/www.eldigitaldeasturias.com\/noticias\/#organization"}}]},"og:locale":"es_ES","og:site_name":"El Digital de Asturias","og:type":"article","og:title":"Nowitzki espera que Alemania sea sede del Eurobasket 2021 - El Digital de Asturias","og:description":"M\u00fanich, 14 jul (dpa) - El ex jugador alem\u00e1n de baloncesto Dirk Nowitzki desea que Alemania sea elegida como sede del Campeonato Europeo de baloncesto 2021, seg\u00fan declaraciones del legendario jugador de 41 a\u00f1os al dominical &quot;Bild am Sonntag&quot; publicadas hoy. &quot;Me alegrar\u00eda much\u00edsimo y ser\u00eda una gran cosa para el baloncesto alem\u00e1n&quot;, se\u00f1al\u00f3 Nowitzki","og:url":"https:\/\/www.eldigitaldeasturias.com\/noticias\/nowitzki-espera-que-alemania-sea-sede-del-eurobasket-2021\/","og:image":"https:\/\/www.eldigitaldeasturias.com\/noticias\/wp-content\/uploads\/2018\/04\/basketball-824112_960_720.jpg","og:image:secure_url":"https:\/\/www.eldigitaldeasturias.com\/noticias\/wp-content\/uploads\/2018\/04\/basketball-824112_960_720.jpg","og:image:width":960,"og:image:height":540,"article:tag":["deportes"],"article:published_time":"2019-07-14T19:38:14+00:00","article:modified_time":"2019-07-14T19:38:14+00:00","article:publisher":"https:\/\/facebook.com\/eldigitaldeasturias","twitter:card":"summary_large_image","twitter:title":"Nowitzki espera que Alemania sea sede del Eurobasket 2021 - El Digital de Asturias","twitter:description":"M\u00fanich, 14 jul (dpa) - El ex jugador alem\u00e1n de baloncesto Dirk Nowitzki desea que Alemania sea elegida como sede del Campeonato Europeo de baloncesto 2021, seg\u00fan declaraciones del legendario jugador de 41 a\u00f1os al dominical &quot;Bild am Sonntag&quot; publicadas hoy. &quot;Me alegrar\u00eda much\u00edsimo y ser\u00eda una gran cosa para el baloncesto alem\u00e1n&quot;, se\u00f1al\u00f3 Nowitzki","twitter:image":"https:\/\/www.eldigitaldeasturias.com\/noticias\/wp-content\/uploads\/2018\/04\/basketball-824112_960_720.jpg","twitter:label1":"Escrito por","twitter:data1":"El Digital de Asturias","twitter:label2":"Tiempo de lectura estimado","twitter:data2":"1 minuto"},"aioseo_meta_data":{"post_id":"1034777","title":null,"description":null,"keywords":null,"keyphrases":null,"primary_term":null,"canonical_url":null,"og_title":null,"og_description":null,"og_object_type":"default","og_image_type":"default","og_image_url":null,"og_image_width":null,"og_image_height":null,"og_image_custom_url":null,"og_image_custom_fields":null,"og_video":null,"og_custom_url":null,"og_article_section":null,"og_article_tags":null,"twitter_use_og":false,"twitter_card":"default","twitter_image_type":"default","twitter_image_url":null,"twitter_image_custom_url":null,"twitter_image_custom_fields":null,"twitter_title":null,"twitter_description":null,"schema":{"blockGraphs":[],"customGraphs":[],"default":{"data":{"Article":[],"Course":[],"Dataset":[],"FAQPage":[],"Movie":[],"Person":[],"Product":[],"ProductReview":[],"Car":[],"Recipe":[],"Service":[],"SoftwareApplication":[],"WebPage":[]},"graphName":"","isEnabled":true},"graphs":[],"defaultGraph":"","defaultPostTypeGraph":""},"schema_type":null,"schema_type_options":null,"pillar_content":false,"robots_default":true,"robots_noindex":false,"robots_noarchive":false,"robots_nosnippet":false,"robots_nofollow":false,"robots_noimageindex":false,"robots_noodp":false,"robots_notranslate":false,"robots_max_snippet":null,"robots_max_videopreview":null,"robots_max_imagepreview":"large","priority":null,"frequency":null,"local_seo":null,"seo_analyzer_scan_date":"2025-10-22 06:14:48","breadcrumb_settings":null,"limit_modified_date":false,"open_ai":null,"ai":null,"created":"2020-12-21 11:08:16","updated":"2025-10-22 06:14:48"},"aioseo_breadcrumb":"<div class=\"aioseo-breadcrumbs\"><span class=\"aioseo-breadcrumb\">\n\t<a href=\"https:\/\/www.eldigitaldeasturias.com\/noticias\" title=\"Home\">Home<\/a>\n<\/span><span class=\"aioseo-breadcrumb-separator\">\u2013<\/span><span class=\"aioseo-breadcrumb\">\n\t<a href=\"https:\/\/www.eldigitaldeasturias.com\/noticias\/category\/deportes\/\" title=\"Deportes\">Deportes<\/a>\n<\/span><span class=\"aioseo-breadcrumb-separator\">\u2013<\/span><span class=\"aioseo-breadcrumb\">\n\t<a href=\"https:\/\/www.eldigitaldeasturias.com\/noticias\/nowitzki-espera-que-alemania-sea-sede-del-eurobasket-2021\/\" title=\"Nowitzki espera que Alemania sea sede del Eurobasket 2021\">Nowitzki espera que Alemania sea sede del Eurobasket 2021<\/a>\n<\/span><\/div>","aioseo_breadcrumb_json":[{"label":"Home","link":"https:\/\/www.eldigitaldeasturias.com\/noticias"},{"label":"Deportes","link":"https:\/\/www.eldigitaldeasturias.com\/noticias\/category\/deportes\/"},{"label":"Nowitzki espera que Alemania sea sede del Eurobasket 2021","link":"https:\/\/www.eldigitaldeasturias.com\/noticias\/nowitzki-espera-que-alemania-sea-sede-del-eurobasket-2021\/"}],"_links":{"self":[{"href":"https:\/\/www.eldigitaldeasturias.com\/noticias\/wp-json\/wp\/v2\/posts\/1034777","targetHints":{"allow":["GET"]}}],"collection":[{"href":"https:\/\/www.eldigitaldeasturias.com\/noticias\/wp-json\/wp\/v2\/posts"}],"about":[{"href":"https:\/\/www.eldigitaldeasturias.com\/noticias\/wp-json\/wp\/v2\/types\/post"}],"author":[{"embeddable":true,"href":"https:\/\/www.eldigitaldeasturias.com\/noticias\/wp-json\/wp\/v2\/users\/1"}],"replies":[{"embeddable":true,"href":"https:\/\/www.eldigitaldeasturias.com\/noticias\/wp-json\/wp\/v2\/comments?post=1034777"}],"version-history":[{"count":0,"href":"https:\/\/www.eldigitaldeasturias.com\/noticias\/wp-json\/wp\/v2\/posts\/1034777\/revisions"}],"wp:featuredmedia":[{"embeddable":true,"href":"https:\/\/www.eldigitaldeasturias.com\/noticias\/wp-json\/wp\/v2\/media\/977711"}],"wp:attachment":[{"href":"https:\/\/www.eldigitaldeasturias.com\/noticias\/wp-json\/wp\/v2\/media?parent=1034777"}],"wp:term":[{"taxonomy":"category","embeddable":true,"href":"https:\/\/www.eldigitaldeasturias.com\/noticias\/wp-json\/wp\/v2\/categories?post=1034777"},{"taxonomy":"post_tag","embeddable":true,"href":"https:\/\/www.eldigitaldeasturias.com\/noticias\/wp-json\/wp\/v2\/tags?post=1034777"}],"curies":[{"name":"wp","href":"https:\/\/api.w.org\/{rel}","templated":true}]}}