{"id":1034729,"date":"2019-07-14T00:17:52","date_gmt":"2019-07-14T00:17:52","guid":{"rendered":"https:\/\/www.eldigitaldeasturias.com\/noticias\/?p=1034729"},"modified":"2019-07-14T00:17:52","modified_gmt":"2019-07-14T00:17:52","slug":"andreas-seidl-pide-poner-un-limite-a-los-presupuestos-en-la-f1","status":"publish","type":"post","link":"https:\/\/www.eldigitaldeasturias.com\/noticias\/andreas-seidl-pide-poner-un-limite-a-los-presupuestos-en-la-f1\/","title":{"rendered":"Andreas Seidl pide poner un l\u00edmite a los presupuestos en la F1"},"content":{"rendered":"<p><img loading=\"lazy\" decoding=\"async\" class=\"alignleft size-medium wp-image-991450\" src=\"https:\/\/www.eldigitaldeasturias.com\/noticias\/wp-content\/uploads\/2018\/07\/flag-1645262_960_720-360x239.jpg\" alt=\"\" width=\"360\" height=\"239\" srcset=\"https:\/\/www.eldigitaldeasturias.com\/noticias\/wp-content\/uploads\/2018\/07\/flag-1645262_960_720-360x239.jpg 360w, https:\/\/www.eldigitaldeasturias.com\/noticias\/wp-content\/uploads\/2018\/07\/flag-1645262_960_720-768x510.jpg 768w, https:\/\/www.eldigitaldeasturias.com\/noticias\/wp-content\/uploads\/2018\/07\/flag-1645262_960_720-650x432.jpg 650w, https:\/\/www.eldigitaldeasturias.com\/noticias\/wp-content\/uploads\/2018\/07\/flag-1645262_960_720.jpg 960w\" sizes=\"auto, (max-width: 360px) 100vw, 360px\" \/>Silverstone (Reino Unido), 13 jul (dpa) &#8211; El alem\u00e1n Andreas Seidl, jefe de la escuder\u00eda brit\u00e1nica McLaren de la F\u00f3rmula 1, destac\u00f3 hoy la importancia de fijar un techo a los presupuestos de todos los equipos a partir de 2021.<\/p>\n<p>Esto \u00abdebe convertirse en realidad\u00bb, dijo Seidl, de 43 a\u00f1os, en declaraciones que public\u00f3 hoy el portal deportivo \u00abSportbuzzer\u00bb.<\/p>\n<p>\u00abEsta es la \u00fanica oportunidad de volver a tener de alguna forma condiciones bastante similares con los tres grandes y volver a ser competitivos a largo plazo\u00bb, sostuvo. Seidl se refiri\u00f3 as\u00ed espec\u00edficamente a Mercedes, Ferrari y Red Bull.<\/p>\n<p>\u00abSe deben realizar cambios reglamentarios, en particular en el aspecto financiero\u00bb, afirm\u00f3.<\/p>\n<p>En 2021 comenzar\u00e1 a regir un nuevo c\u00f3digo reglamentario en la categor\u00eda reina del automovilismo, que debe ser presentado oficialmente hacia fines de octubre.<\/p>\n<p>Los pilotos tienen permiso para opinar, pero a\u00fan restan muchas cuestiones abiertas e intereses muy dispares. Se trata del marco de condiciones t\u00e9cnicas, deportivas y financieras para el futuro, en particular se busca una soluci\u00f3n a la pelea por la explosi\u00f3n de costos de la categor\u00eda. Tambi\u00e9n se debaten cambios en el calendario de competencias.<\/p>\n<p>Seidl, nacido en Baviera, quiere volver a llevar a la tradicional escuder\u00eda McLaren a lo m\u00e1s alto, luego de atravesar a\u00f1os muy dif\u00edciles.<\/p>\n<p>\u00abEl a\u00f1o pasado ya se iniciaron importantes cambios de rumbo. El coche es mejor, hay un estado de \u00e1nimo positivo en el equipo\u00bb, dijo Seidl, que asumi\u00f3 el cargo durante la temporada.<\/p>\n<p>\u00abTenemos que mejorar paso a paso como equipo, porque est\u00e1 claro que con la diferencia actual de casi 1,5 segundos con respecto a la punta no estamos explotando el potencial que ya tenemos\u00bb, declar\u00f3.<\/p>\n<p>&nbsp;<\/p>\n<p>&nbsp;<\/p>\n","protected":false},"excerpt":{"rendered":"<p>Silverstone (Reino Unido), 13 jul (dpa) &#8211; El alem\u00e1n Andreas Seidl, jefe de la escuder\u00eda brit\u00e1nica McLaren de la F\u00f3rmula 1, destac\u00f3 hoy la importancia de fijar un techo a los presupuestos de todos los equipos a partir de 2021. Esto \u00abdebe convertirse en realidad\u00bb, dijo Seidl, de 43 a\u00f1os, en declaraciones que public\u00f3 hoy [&hellip;]<\/p>\n","protected":false},"author":1,"featured_media":991450,"comment_status":"closed","ping_status":"closed","sticky":false,"template":"","format":"standard","meta":{"footnotes":""},"categories":[190],"tags":[],"class_list":["post-1034729","post","type-post","status-publish","format-standard","has-post-thumbnail","hentry","category-deportes"],"aioseo_notices":[],"aioseo_head":"\n\t\t<!-- All in One SEO Pro 4.9.6.2 - aioseo.com -->\n\t<meta name=\"description\" content=\"Silverstone (Reino Unido), 13 jul (dpa) - El alem\u00e1n Andreas Seidl, jefe de la escuder\u00eda brit\u00e1nica McLaren de la F\u00f3rmula 1, destac\u00f3 hoy la importancia de fijar un techo a los presupuestos de todos los equipos a partir de 2021. Esto &quot;debe convertirse en realidad&quot;, dijo Seidl, de 43 a\u00f1os, en declaraciones que public\u00f3 hoy\" \/>\n\t<meta name=\"robots\" content=\"max-image-preview:large\" \/>\n\t<meta name=\"author\" content=\"El Digital de Asturias\"\/>\n\t<meta name=\"google-site-verification\" content=\"UA-38556648-1\" \/>\n\t<meta name=\"msvalidate.01\" content=\"7dfe9f3f1b24437ab69f4f2559babe99\" \/>\n\t<meta name=\"keywords\" content=\"deportes\" \/>\n\t<link rel=\"canonical\" href=\"https:\/\/www.eldigitaldeasturias.com\/noticias\/andreas-seidl-pide-poner-un-limite-a-los-presupuestos-en-la-f1\/\" \/>\n\t<meta name=\"generator\" content=\"All in One SEO Pro (AIOSEO) 4.9.6.2\" \/>\n\t\t<meta property=\"og:locale\" content=\"es_ES\" \/>\n\t\t<meta property=\"og:site_name\" content=\"El Digital de Asturias\" \/>\n\t\t<meta property=\"og:type\" content=\"article\" \/>\n\t\t<meta property=\"og:title\" content=\"Andreas Seidl pide poner un l\u00edmite a los presupuestos en la F1 - El Digital de Asturias\" \/>\n\t\t<meta property=\"og:description\" content=\"Silverstone (Reino Unido), 13 jul (dpa) - El alem\u00e1n Andreas Seidl, jefe de la escuder\u00eda brit\u00e1nica McLaren de la F\u00f3rmula 1, destac\u00f3 hoy la importancia de fijar un techo a los presupuestos de todos los equipos a partir de 2021. Esto &quot;debe convertirse en realidad&quot;, dijo Seidl, de 43 a\u00f1os, en declaraciones que public\u00f3 hoy\" \/>\n\t\t<meta property=\"og:url\" content=\"https:\/\/www.eldigitaldeasturias.com\/noticias\/andreas-seidl-pide-poner-un-limite-a-los-presupuestos-en-la-f1\/\" \/>\n\t\t<meta property=\"og:image\" content=\"https:\/\/www.eldigitaldeasturias.com\/noticias\/wp-content\/uploads\/2018\/07\/flag-1645262_960_720.jpg\" \/>\n\t\t<meta property=\"og:image:secure_url\" content=\"https:\/\/www.eldigitaldeasturias.com\/noticias\/wp-content\/uploads\/2018\/07\/flag-1645262_960_720.jpg\" \/>\n\t\t<meta property=\"og:image:width\" content=\"960\" \/>\n\t\t<meta property=\"og:image:height\" content=\"638\" \/>\n\t\t<meta property=\"article:tag\" content=\"deportes\" \/>\n\t\t<meta property=\"article:published_time\" content=\"2019-07-14T00:17:52+00:00\" \/>\n\t\t<meta property=\"article:modified_time\" content=\"2019-07-14T00:17:52+00:00\" \/>\n\t\t<meta property=\"article:publisher\" content=\"https:\/\/facebook.com\/eldigitaldeasturias\" \/>\n\t\t<meta name=\"twitter:card\" content=\"summary_large_image\" \/>\n\t\t<meta name=\"twitter:title\" content=\"Andreas Seidl pide poner un l\u00edmite a los presupuestos en la F1 - El Digital de Asturias\" \/>\n\t\t<meta name=\"twitter:description\" content=\"Silverstone (Reino Unido), 13 jul (dpa) - El alem\u00e1n Andreas Seidl, jefe de la escuder\u00eda brit\u00e1nica McLaren de la F\u00f3rmula 1, destac\u00f3 hoy la importancia de fijar un techo a los presupuestos de todos los equipos a partir de 2021. Esto &quot;debe convertirse en realidad&quot;, dijo Seidl, de 43 a\u00f1os, en declaraciones que public\u00f3 hoy\" \/>\n\t\t<meta name=\"twitter:image\" content=\"https:\/\/www.eldigitaldeasturias.com\/noticias\/wp-content\/uploads\/2018\/07\/flag-1645262_960_720.jpg\" \/>\n\t\t<meta name=\"twitter:label1\" content=\"Escrito por\" \/>\n\t\t<meta name=\"twitter:data1\" content=\"El Digital de Asturias\" \/>\n\t\t<meta name=\"twitter:label2\" content=\"Tiempo de lectura estimado\" \/>\n\t\t<meta name=\"twitter:data2\" content=\"1 minuto\" \/>\n\t\t<script type=\"application\/ld+json\" class=\"aioseo-schema\">\n\t\t\t{\"@context\":\"https:\\\/\\\/schema.org\",\"@graph\":[{\"@type\":\"BlogPosting\",\"@id\":\"https:\\\/\\\/www.eldigitaldeasturias.com\\\/noticias\\\/andreas-seidl-pide-poner-un-limite-a-los-presupuestos-en-la-f1\\\/#blogposting\",\"name\":\"Andreas Seidl pide poner un l\\u00edmite a los presupuestos en la F1 - El Digital de Asturias\",\"headline\":\"Andreas Seidl pide poner un l\\u00edmite a los presupuestos en la F1\",\"author\":{\"@id\":\"https:\\\/\\\/www.eldigitaldeasturias.com\\\/noticias\\\/author\\\/admin\\\/#author\"},\"publisher\":{\"@id\":\"https:\\\/\\\/www.eldigitaldeasturias.com\\\/noticias\\\/#organization\"},\"image\":{\"@type\":\"ImageObject\",\"url\":\"https:\\\/\\\/www.eldigitaldeasturias.com\\\/noticias\\\/wp-content\\\/uploads\\\/2018\\\/07\\\/flag-1645262_960_720.jpg\",\"width\":960,\"height\":638},\"datePublished\":\"2019-07-14T00:17:52+02:00\",\"dateModified\":\"2019-07-14T00:17:52+02:00\",\"inLanguage\":\"es-ES\",\"mainEntityOfPage\":{\"@id\":\"https:\\\/\\\/www.eldigitaldeasturias.com\\\/noticias\\\/andreas-seidl-pide-poner-un-limite-a-los-presupuestos-en-la-f1\\\/#webpage\"},\"isPartOf\":{\"@id\":\"https:\\\/\\\/www.eldigitaldeasturias.com\\\/noticias\\\/andreas-seidl-pide-poner-un-limite-a-los-presupuestos-en-la-f1\\\/#webpage\"},\"articleSection\":\"Deportes\"},{\"@type\":\"BreadcrumbList\",\"@id\":\"https:\\\/\\\/www.eldigitaldeasturias.com\\\/noticias\\\/andreas-seidl-pide-poner-un-limite-a-los-presupuestos-en-la-f1\\\/#breadcrumblist\",\"itemListElement\":[{\"@type\":\"ListItem\",\"@id\":\"https:\\\/\\\/www.eldigitaldeasturias.com\\\/noticias#listItem\",\"position\":1,\"name\":\"Home\",\"item\":\"https:\\\/\\\/www.eldigitaldeasturias.com\\\/noticias\",\"nextItem\":{\"@type\":\"ListItem\",\"@id\":\"https:\\\/\\\/www.eldigitaldeasturias.com\\\/noticias\\\/category\\\/deportes\\\/#listItem\",\"name\":\"Deportes\"}},{\"@type\":\"ListItem\",\"@id\":\"https:\\\/\\\/www.eldigitaldeasturias.com\\\/noticias\\\/category\\\/deportes\\\/#listItem\",\"position\":2,\"name\":\"Deportes\",\"item\":\"https:\\\/\\\/www.eldigitaldeasturias.com\\\/noticias\\\/category\\\/deportes\\\/\",\"nextItem\":{\"@type\":\"ListItem\",\"@id\":\"https:\\\/\\\/www.eldigitaldeasturias.com\\\/noticias\\\/andreas-seidl-pide-poner-un-limite-a-los-presupuestos-en-la-f1\\\/#listItem\",\"name\":\"Andreas Seidl pide poner un l\\u00edmite a los presupuestos en la F1\"},\"previousItem\":{\"@type\":\"ListItem\",\"@id\":\"https:\\\/\\\/www.eldigitaldeasturias.com\\\/noticias#listItem\",\"name\":\"Home\"}},{\"@type\":\"ListItem\",\"@id\":\"https:\\\/\\\/www.eldigitaldeasturias.com\\\/noticias\\\/andreas-seidl-pide-poner-un-limite-a-los-presupuestos-en-la-f1\\\/#listItem\",\"position\":3,\"name\":\"Andreas Seidl pide poner un l\\u00edmite a los presupuestos en la F1\",\"previousItem\":{\"@type\":\"ListItem\",\"@id\":\"https:\\\/\\\/www.eldigitaldeasturias.com\\\/noticias\\\/category\\\/deportes\\\/#listItem\",\"name\":\"Deportes\"}}]},{\"@type\":\"Organization\",\"@id\":\"https:\\\/\\\/www.eldigitaldeasturias.com\\\/noticias\\\/#organization\",\"name\":\"El Digital de Asturias\",\"description\":\"Hemeroteca\",\"url\":\"https:\\\/\\\/www.eldigitaldeasturias.com\\\/noticias\\\/\",\"email\":\"info@eldigitaldeasturias.com\",\"telephone\":\"+34652131393\",\"logo\":{\"@type\":\"ImageObject\",\"url\":\"https:\\\/\\\/www.eldigitaldeasturias.com\\\/noticias\\\/wp-content\\\/uploads\\\/2020\\\/12\\\/EDA.jpg\",\"@id\":\"https:\\\/\\\/www.eldigitaldeasturias.com\\\/noticias\\\/andreas-seidl-pide-poner-un-limite-a-los-presupuestos-en-la-f1\\\/#organizationLogo\",\"width\":649,\"height\":297},\"image\":{\"@id\":\"https:\\\/\\\/www.eldigitaldeasturias.com\\\/noticias\\\/andreas-seidl-pide-poner-un-limite-a-los-presupuestos-en-la-f1\\\/#organizationLogo\"},\"sameAs\":[\"https:\\\/\\\/facebook.com\\\/eldigitaldeasturias\",\"https:\\\/\\\/www.youtube.com\\\/channel\\\/UCZP-2wLEB9Rv6erhFmqVnvg\"],\"address\":{\"@id\":\"https:\\\/\\\/www.eldigitaldeasturias.com\\\/noticias\\\/#postaladdress\",\"@type\":\"PostalAddress\",\"streetAddress\":\"san antonio 4,\",\"postalCode\":\"33430\",\"addressLocality\":\"Cand\\u00e1s\",\"addressRegion\":\"Asturias\",\"addressCountry\":\"ES\"}},{\"@type\":\"Person\",\"@id\":\"https:\\\/\\\/www.eldigitaldeasturias.com\\\/noticias\\\/author\\\/admin\\\/#author\",\"url\":\"https:\\\/\\\/www.eldigitaldeasturias.com\\\/noticias\\\/author\\\/admin\\\/\",\"name\":\"El Digital de Asturias\",\"image\":{\"@type\":\"ImageObject\",\"@id\":\"https:\\\/\\\/www.eldigitaldeasturias.com\\\/noticias\\\/andreas-seidl-pide-poner-un-limite-a-los-presupuestos-en-la-f1\\\/#authorImage\",\"url\":\"https:\\\/\\\/www.eldigitaldeasturias.com\\\/noticias\\\/wp-content\\\/litespeed\\\/avatar\\\/18677e78aa0546b92d9dbf31ec7d7668.jpg?ver=1776685526\",\"width\":96,\"height\":96,\"caption\":\"El Digital de Asturias\"}},{\"@type\":\"WebPage\",\"@id\":\"https:\\\/\\\/www.eldigitaldeasturias.com\\\/noticias\\\/andreas-seidl-pide-poner-un-limite-a-los-presupuestos-en-la-f1\\\/#webpage\",\"url\":\"https:\\\/\\\/www.eldigitaldeasturias.com\\\/noticias\\\/andreas-seidl-pide-poner-un-limite-a-los-presupuestos-en-la-f1\\\/\",\"name\":\"Andreas Seidl pide poner un l\\u00edmite a los presupuestos en la F1 - El Digital de Asturias\",\"description\":\"Silverstone (Reino Unido), 13 jul (dpa) - El alem\\u00e1n Andreas Seidl, jefe de la escuder\\u00eda brit\\u00e1nica McLaren de la F\\u00f3rmula 1, destac\\u00f3 hoy la importancia de fijar un techo a los presupuestos de todos los equipos a partir de 2021. Esto \\\"debe convertirse en realidad\\\", dijo Seidl, de 43 a\\u00f1os, en declaraciones que public\\u00f3 hoy\",\"inLanguage\":\"es-ES\",\"isPartOf\":{\"@id\":\"https:\\\/\\\/www.eldigitaldeasturias.com\\\/noticias\\\/#website\"},\"breadcrumb\":{\"@id\":\"https:\\\/\\\/www.eldigitaldeasturias.com\\\/noticias\\\/andreas-seidl-pide-poner-un-limite-a-los-presupuestos-en-la-f1\\\/#breadcrumblist\"},\"author\":{\"@id\":\"https:\\\/\\\/www.eldigitaldeasturias.com\\\/noticias\\\/author\\\/admin\\\/#author\"},\"creator\":{\"@id\":\"https:\\\/\\\/www.eldigitaldeasturias.com\\\/noticias\\\/author\\\/admin\\\/#author\"},\"image\":{\"@type\":\"ImageObject\",\"url\":\"https:\\\/\\\/www.eldigitaldeasturias.com\\\/noticias\\\/wp-content\\\/uploads\\\/2018\\\/07\\\/flag-1645262_960_720.jpg\",\"@id\":\"https:\\\/\\\/www.eldigitaldeasturias.com\\\/noticias\\\/andreas-seidl-pide-poner-un-limite-a-los-presupuestos-en-la-f1\\\/#mainImage\",\"width\":960,\"height\":638},\"primaryImageOfPage\":{\"@id\":\"https:\\\/\\\/www.eldigitaldeasturias.com\\\/noticias\\\/andreas-seidl-pide-poner-un-limite-a-los-presupuestos-en-la-f1\\\/#mainImage\"},\"datePublished\":\"2019-07-14T00:17:52+02:00\",\"dateModified\":\"2019-07-14T00:17:52+02:00\"},{\"@type\":\"WebSite\",\"@id\":\"https:\\\/\\\/www.eldigitaldeasturias.com\\\/noticias\\\/#website\",\"url\":\"https:\\\/\\\/www.eldigitaldeasturias.com\\\/noticias\\\/\",\"name\":\"El Digital de Asturias - Diario de actualidad y noticias\",\"alternateName\":\"El Digital de Asturias - Diario de actualidad y noticias\",\"description\":\"Hemeroteca\",\"inLanguage\":\"es-ES\",\"publisher\":{\"@id\":\"https:\\\/\\\/www.eldigitaldeasturias.com\\\/noticias\\\/#organization\"}}]}\n\t\t<\/script>\n\t\t<!-- All in One SEO Pro -->\r\n\t\t<title>Andreas Seidl pide poner un l\u00edmite a los presupuestos en la F1 - El Digital de Asturias<\/title>\n\n","aioseo_head_json":{"title":"Andreas Seidl pide poner un l\u00edmite a los presupuestos en la F1 - El Digital de Asturias","description":"Silverstone (Reino Unido), 13 jul (dpa) - El alem\u00e1n Andreas Seidl, jefe de la escuder\u00eda brit\u00e1nica McLaren de la F\u00f3rmula 1, destac\u00f3 hoy la importancia de fijar un techo a los presupuestos de todos los equipos a partir de 2021. Esto \"debe convertirse en realidad\", dijo Seidl, de 43 a\u00f1os, en declaraciones que public\u00f3 hoy","canonical_url":"https:\/\/www.eldigitaldeasturias.com\/noticias\/andreas-seidl-pide-poner-un-limite-a-los-presupuestos-en-la-f1\/","robots":"max-image-preview:large","keywords":"deportes","webmasterTools":{"google-site-verification":"UA-38556648-1","msvalidate.01":"7dfe9f3f1b24437ab69f4f2559babe99","miscellaneous":""},"schema":{"@context":"https:\/\/schema.org","@graph":[{"@type":"BlogPosting","@id":"https:\/\/www.eldigitaldeasturias.com\/noticias\/andreas-seidl-pide-poner-un-limite-a-los-presupuestos-en-la-f1\/#blogposting","name":"Andreas Seidl pide poner un l\u00edmite a los presupuestos en la F1 - El Digital de Asturias","headline":"Andreas Seidl pide poner un l\u00edmite a los presupuestos en la F1","author":{"@id":"https:\/\/www.eldigitaldeasturias.com\/noticias\/author\/admin\/#author"},"publisher":{"@id":"https:\/\/www.eldigitaldeasturias.com\/noticias\/#organization"},"image":{"@type":"ImageObject","url":"https:\/\/www.eldigitaldeasturias.com\/noticias\/wp-content\/uploads\/2018\/07\/flag-1645262_960_720.jpg","width":960,"height":638},"datePublished":"2019-07-14T00:17:52+02:00","dateModified":"2019-07-14T00:17:52+02:00","inLanguage":"es-ES","mainEntityOfPage":{"@id":"https:\/\/www.eldigitaldeasturias.com\/noticias\/andreas-seidl-pide-poner-un-limite-a-los-presupuestos-en-la-f1\/#webpage"},"isPartOf":{"@id":"https:\/\/www.eldigitaldeasturias.com\/noticias\/andreas-seidl-pide-poner-un-limite-a-los-presupuestos-en-la-f1\/#webpage"},"articleSection":"Deportes"},{"@type":"BreadcrumbList","@id":"https:\/\/www.eldigitaldeasturias.com\/noticias\/andreas-seidl-pide-poner-un-limite-a-los-presupuestos-en-la-f1\/#breadcrumblist","itemListElement":[{"@type":"ListItem","@id":"https:\/\/www.eldigitaldeasturias.com\/noticias#listItem","position":1,"name":"Home","item":"https:\/\/www.eldigitaldeasturias.com\/noticias","nextItem":{"@type":"ListItem","@id":"https:\/\/www.eldigitaldeasturias.com\/noticias\/category\/deportes\/#listItem","name":"Deportes"}},{"@type":"ListItem","@id":"https:\/\/www.eldigitaldeasturias.com\/noticias\/category\/deportes\/#listItem","position":2,"name":"Deportes","item":"https:\/\/www.eldigitaldeasturias.com\/noticias\/category\/deportes\/","nextItem":{"@type":"ListItem","@id":"https:\/\/www.eldigitaldeasturias.com\/noticias\/andreas-seidl-pide-poner-un-limite-a-los-presupuestos-en-la-f1\/#listItem","name":"Andreas Seidl pide poner un l\u00edmite a los presupuestos en la F1"},"previousItem":{"@type":"ListItem","@id":"https:\/\/www.eldigitaldeasturias.com\/noticias#listItem","name":"Home"}},{"@type":"ListItem","@id":"https:\/\/www.eldigitaldeasturias.com\/noticias\/andreas-seidl-pide-poner-un-limite-a-los-presupuestos-en-la-f1\/#listItem","position":3,"name":"Andreas Seidl pide poner un l\u00edmite a los presupuestos en la F1","previousItem":{"@type":"ListItem","@id":"https:\/\/www.eldigitaldeasturias.com\/noticias\/category\/deportes\/#listItem","name":"Deportes"}}]},{"@type":"Organization","@id":"https:\/\/www.eldigitaldeasturias.com\/noticias\/#organization","name":"El Digital de Asturias","description":"Hemeroteca","url":"https:\/\/www.eldigitaldeasturias.com\/noticias\/","email":"info@eldigitaldeasturias.com","telephone":"+34652131393","logo":{"@type":"ImageObject","url":"https:\/\/www.eldigitaldeasturias.com\/noticias\/wp-content\/uploads\/2020\/12\/EDA.jpg","@id":"https:\/\/www.eldigitaldeasturias.com\/noticias\/andreas-seidl-pide-poner-un-limite-a-los-presupuestos-en-la-f1\/#organizationLogo","width":649,"height":297},"image":{"@id":"https:\/\/www.eldigitaldeasturias.com\/noticias\/andreas-seidl-pide-poner-un-limite-a-los-presupuestos-en-la-f1\/#organizationLogo"},"sameAs":["https:\/\/facebook.com\/eldigitaldeasturias","https:\/\/www.youtube.com\/channel\/UCZP-2wLEB9Rv6erhFmqVnvg"],"address":{"@id":"https:\/\/www.eldigitaldeasturias.com\/noticias\/#postaladdress","@type":"PostalAddress","streetAddress":"san antonio 4,","postalCode":"33430","addressLocality":"Cand\u00e1s","addressRegion":"Asturias","addressCountry":"ES"}},{"@type":"Person","@id":"https:\/\/www.eldigitaldeasturias.com\/noticias\/author\/admin\/#author","url":"https:\/\/www.eldigitaldeasturias.com\/noticias\/author\/admin\/","name":"El Digital de Asturias","image":{"@type":"ImageObject","@id":"https:\/\/www.eldigitaldeasturias.com\/noticias\/andreas-seidl-pide-poner-un-limite-a-los-presupuestos-en-la-f1\/#authorImage","url":"https:\/\/www.eldigitaldeasturias.com\/noticias\/wp-content\/litespeed\/avatar\/18677e78aa0546b92d9dbf31ec7d7668.jpg?ver=1776685526","width":96,"height":96,"caption":"El Digital de Asturias"}},{"@type":"WebPage","@id":"https:\/\/www.eldigitaldeasturias.com\/noticias\/andreas-seidl-pide-poner-un-limite-a-los-presupuestos-en-la-f1\/#webpage","url":"https:\/\/www.eldigitaldeasturias.com\/noticias\/andreas-seidl-pide-poner-un-limite-a-los-presupuestos-en-la-f1\/","name":"Andreas Seidl pide poner un l\u00edmite a los presupuestos en la F1 - El Digital de Asturias","description":"Silverstone (Reino Unido), 13 jul (dpa) - El alem\u00e1n Andreas Seidl, jefe de la escuder\u00eda brit\u00e1nica McLaren de la F\u00f3rmula 1, destac\u00f3 hoy la importancia de fijar un techo a los presupuestos de todos los equipos a partir de 2021. Esto \"debe convertirse en realidad\", dijo Seidl, de 43 a\u00f1os, en declaraciones que public\u00f3 hoy","inLanguage":"es-ES","isPartOf":{"@id":"https:\/\/www.eldigitaldeasturias.com\/noticias\/#website"},"breadcrumb":{"@id":"https:\/\/www.eldigitaldeasturias.com\/noticias\/andreas-seidl-pide-poner-un-limite-a-los-presupuestos-en-la-f1\/#breadcrumblist"},"author":{"@id":"https:\/\/www.eldigitaldeasturias.com\/noticias\/author\/admin\/#author"},"creator":{"@id":"https:\/\/www.eldigitaldeasturias.com\/noticias\/author\/admin\/#author"},"image":{"@type":"ImageObject","url":"https:\/\/www.eldigitaldeasturias.com\/noticias\/wp-content\/uploads\/2018\/07\/flag-1645262_960_720.jpg","@id":"https:\/\/www.eldigitaldeasturias.com\/noticias\/andreas-seidl-pide-poner-un-limite-a-los-presupuestos-en-la-f1\/#mainImage","width":960,"height":638},"primaryImageOfPage":{"@id":"https:\/\/www.eldigitaldeasturias.com\/noticias\/andreas-seidl-pide-poner-un-limite-a-los-presupuestos-en-la-f1\/#mainImage"},"datePublished":"2019-07-14T00:17:52+02:00","dateModified":"2019-07-14T00:17:52+02:00"},{"@type":"WebSite","@id":"https:\/\/www.eldigitaldeasturias.com\/noticias\/#website","url":"https:\/\/www.eldigitaldeasturias.com\/noticias\/","name":"El Digital de Asturias - Diario de actualidad y noticias","alternateName":"El Digital de Asturias - Diario de actualidad y noticias","description":"Hemeroteca","inLanguage":"es-ES","publisher":{"@id":"https:\/\/www.eldigitaldeasturias.com\/noticias\/#organization"}}]},"og:locale":"es_ES","og:site_name":"El Digital de Asturias","og:type":"article","og:title":"Andreas Seidl pide poner un l\u00edmite a los presupuestos en la F1 - El Digital de Asturias","og:description":"Silverstone (Reino Unido), 13 jul (dpa) - El alem\u00e1n Andreas Seidl, jefe de la escuder\u00eda brit\u00e1nica McLaren de la F\u00f3rmula 1, destac\u00f3 hoy la importancia de fijar un techo a los presupuestos de todos los equipos a partir de 2021. Esto &quot;debe convertirse en realidad&quot;, dijo Seidl, de 43 a\u00f1os, en declaraciones que public\u00f3 hoy","og:url":"https:\/\/www.eldigitaldeasturias.com\/noticias\/andreas-seidl-pide-poner-un-limite-a-los-presupuestos-en-la-f1\/","og:image":"https:\/\/www.eldigitaldeasturias.com\/noticias\/wp-content\/uploads\/2018\/07\/flag-1645262_960_720.jpg","og:image:secure_url":"https:\/\/www.eldigitaldeasturias.com\/noticias\/wp-content\/uploads\/2018\/07\/flag-1645262_960_720.jpg","og:image:width":960,"og:image:height":638,"article:tag":["deportes"],"article:published_time":"2019-07-14T00:17:52+00:00","article:modified_time":"2019-07-14T00:17:52+00:00","article:publisher":"https:\/\/facebook.com\/eldigitaldeasturias","twitter:card":"summary_large_image","twitter:title":"Andreas Seidl pide poner un l\u00edmite a los presupuestos en la F1 - El Digital de Asturias","twitter:description":"Silverstone (Reino Unido), 13 jul (dpa) - El alem\u00e1n Andreas Seidl, jefe de la escuder\u00eda brit\u00e1nica McLaren de la F\u00f3rmula 1, destac\u00f3 hoy la importancia de fijar un techo a los presupuestos de todos los equipos a partir de 2021. Esto &quot;debe convertirse en realidad&quot;, dijo Seidl, de 43 a\u00f1os, en declaraciones que public\u00f3 hoy","twitter:image":"https:\/\/www.eldigitaldeasturias.com\/noticias\/wp-content\/uploads\/2018\/07\/flag-1645262_960_720.jpg","twitter:label1":"Escrito por","twitter:data1":"El Digital de Asturias","twitter:label2":"Tiempo de lectura estimado","twitter:data2":"1 minuto"},"aioseo_meta_data":{"post_id":"1034729","title":null,"description":null,"keywords":null,"keyphrases":null,"primary_term":null,"canonical_url":null,"og_title":null,"og_description":null,"og_object_type":"default","og_image_type":"default","og_image_url":null,"og_image_width":null,"og_image_height":null,"og_image_custom_url":null,"og_image_custom_fields":null,"og_video":null,"og_custom_url":null,"og_article_section":null,"og_article_tags":null,"twitter_use_og":false,"twitter_card":"default","twitter_image_type":"default","twitter_image_url":null,"twitter_image_custom_url":null,"twitter_image_custom_fields":null,"twitter_title":null,"twitter_description":null,"schema":{"blockGraphs":[],"customGraphs":[],"default":{"data":{"Article":[],"Course":[],"Dataset":[],"FAQPage":[],"Movie":[],"Person":[],"Product":[],"ProductReview":[],"Car":[],"Recipe":[],"Service":[],"SoftwareApplication":[],"WebPage":[]},"graphName":"","isEnabled":true},"graphs":[],"defaultGraph":"","defaultPostTypeGraph":""},"schema_type":null,"schema_type_options":null,"pillar_content":false,"robots_default":true,"robots_noindex":false,"robots_noarchive":false,"robots_nosnippet":false,"robots_nofollow":false,"robots_noimageindex":false,"robots_noodp":false,"robots_notranslate":false,"robots_max_snippet":null,"robots_max_videopreview":null,"robots_max_imagepreview":"large","priority":null,"frequency":null,"local_seo":null,"seo_analyzer_scan_date":"2025-10-22 06:01:49","breadcrumb_settings":null,"limit_modified_date":false,"open_ai":null,"ai":null,"created":"2020-12-21 11:08:17","updated":"2025-10-22 06:01:49"},"aioseo_breadcrumb":"<div class=\"aioseo-breadcrumbs\"><span class=\"aioseo-breadcrumb\">\n\t<a href=\"https:\/\/www.eldigitaldeasturias.com\/noticias\" title=\"Home\">Home<\/a>\n<\/span><span class=\"aioseo-breadcrumb-separator\">\u2013<\/span><span class=\"aioseo-breadcrumb\">\n\t<a href=\"https:\/\/www.eldigitaldeasturias.com\/noticias\/category\/deportes\/\" title=\"Deportes\">Deportes<\/a>\n<\/span><span class=\"aioseo-breadcrumb-separator\">\u2013<\/span><span class=\"aioseo-breadcrumb\">\n\t<a href=\"https:\/\/www.eldigitaldeasturias.com\/noticias\/andreas-seidl-pide-poner-un-limite-a-los-presupuestos-en-la-f1\/\" title=\"Andreas Seidl pide poner un l\u00edmite a los presupuestos en la F1\">Andreas Seidl pide poner un l\u00edmite a los presupuestos en la F1<\/a>\n<\/span><\/div>","aioseo_breadcrumb_json":[{"label":"Home","link":"https:\/\/www.eldigitaldeasturias.com\/noticias"},{"label":"Deportes","link":"https:\/\/www.eldigitaldeasturias.com\/noticias\/category\/deportes\/"},{"label":"Andreas Seidl pide poner un l\u00edmite a los presupuestos en la F1","link":"https:\/\/www.eldigitaldeasturias.com\/noticias\/andreas-seidl-pide-poner-un-limite-a-los-presupuestos-en-la-f1\/"}],"_links":{"self":[{"href":"https:\/\/www.eldigitaldeasturias.com\/noticias\/wp-json\/wp\/v2\/posts\/1034729","targetHints":{"allow":["GET"]}}],"collection":[{"href":"https:\/\/www.eldigitaldeasturias.com\/noticias\/wp-json\/wp\/v2\/posts"}],"about":[{"href":"https:\/\/www.eldigitaldeasturias.com\/noticias\/wp-json\/wp\/v2\/types\/post"}],"author":[{"embeddable":true,"href":"https:\/\/www.eldigitaldeasturias.com\/noticias\/wp-json\/wp\/v2\/users\/1"}],"replies":[{"embeddable":true,"href":"https:\/\/www.eldigitaldeasturias.com\/noticias\/wp-json\/wp\/v2\/comments?post=1034729"}],"version-history":[{"count":0,"href":"https:\/\/www.eldigitaldeasturias.com\/noticias\/wp-json\/wp\/v2\/posts\/1034729\/revisions"}],"wp:featuredmedia":[{"embeddable":true,"href":"https:\/\/www.eldigitaldeasturias.com\/noticias\/wp-json\/wp\/v2\/media\/991450"}],"wp:attachment":[{"href":"https:\/\/www.eldigitaldeasturias.com\/noticias\/wp-json\/wp\/v2\/media?parent=1034729"}],"wp:term":[{"taxonomy":"category","embeddable":true,"href":"https:\/\/www.eldigitaldeasturias.com\/noticias\/wp-json\/wp\/v2\/categories?post=1034729"},{"taxonomy":"post_tag","embeddable":true,"href":"https:\/\/www.eldigitaldeasturias.com\/noticias\/wp-json\/wp\/v2\/tags?post=1034729"}],"curies":[{"name":"wp","href":"https:\/\/api.w.org\/{rel}","templated":true}]}}