{"id":1034726,"date":"2019-07-13T23:16:29","date_gmt":"2019-07-13T23:16:29","guid":{"rendered":"https:\/\/www.eldigitaldeasturias.com\/noticias\/?p=1034726"},"modified":"2019-07-13T23:16:29","modified_gmt":"2019-07-13T23:16:29","slug":"expertos-alemanes-elogian-el-inicio-de-zona-de-libre-comercio-en-africa","status":"publish","type":"post","link":"https:\/\/www.eldigitaldeasturias.com\/noticias\/expertos-alemanes-elogian-el-inicio-de-zona-de-libre-comercio-en-africa\/","title":{"rendered":"Expertos alemanes elogian el inicio de Zona de Libre Comercio en \u00c1frica"},"content":{"rendered":"<p><img loading=\"lazy\" decoding=\"async\" class=\"alignleft size-medium wp-image-1034727\" src=\"https:\/\/www.eldigitaldeasturias.com\/noticias\/wp-content\/uploads\/2019\/07\/carguero-360x237.jpg\" alt=\"\" width=\"360\" height=\"237\" srcset=\"https:\/\/www.eldigitaldeasturias.com\/noticias\/wp-content\/uploads\/2019\/07\/carguero-360x237.jpg 360w, https:\/\/www.eldigitaldeasturias.com\/noticias\/wp-content\/uploads\/2019\/07\/carguero-768x506.jpg 768w, https:\/\/www.eldigitaldeasturias.com\/noticias\/wp-content\/uploads\/2019\/07\/carguero-650x429.jpg 650w, https:\/\/www.eldigitaldeasturias.com\/noticias\/wp-content\/uploads\/2019\/07\/carguero.jpg 1010w\" sizes=\"auto, (max-width: 360px) 100vw, 360px\" \/>Johannesburgo, 13 jul (dpa) &#8211; Los inversores alemanes podr\u00e1n beneficiarse de la Zona de Libre Comercio Continental (AfcFTA) acordada por la Uni\u00f3n Africana (UE), opinaron hoy diversos expertos germanos.<\/p>\n<p>El pasado domingo, los jefes de Estado de los principales pa\u00edses africanos acordaron poner en marcha la fase operacional de la AfCFTA, tras la adhesi\u00f3n de Nigeria. Su implementaci\u00f3n integral est\u00e1 prevista para julio de 2020, creando as\u00ed la mayor zona de libre comercio del mundo, con un mercado de 1.200 millones de personas.<\/p>\n<p>\u00abLa zona de libre comercio abre oportunidades m\u00e1s all\u00e1 de las fonteras nacionales con un mercado significativamente m\u00e1s amplio\u00bb, asegur\u00f3 <strong>Thomas Sch\u00e4fer<\/strong>, jefe de la divisi\u00f3n del fabricante alem\u00e1n Volkswagen en Sud\u00e1frica.<\/p>\n<p>Sch\u00e4fer consider\u00f3 el tratado como \u00abun acuerdo hist\u00f3rico en la direcci\u00f3n correcta\u00bb, al tiempo que opin\u00f3 que \u00ablas inversiones tienen sentido en esta fase inicial, especialmente para las compa\u00f1\u00edas alemanas\u00bb.<\/p>\n<p>En t\u00e9rminos similares se pronunci\u00f3 <strong>Joachim Lang<\/strong>, gerente general de la Federaci\u00f3n de la Industria Alemana (BDI), al valorar que \u00abla nueva zona de libre comercio podr\u00eda aumentar el comercio interno africano entre un 15 y un 25 por ciento\u00bb.<\/p>\n<p>Tambi\u00e9n mostr\u00f3 su convencimiento de que \u00abuna zona de libre comercio panafricana simplificar\u00e1 a largo plazo la inversi\u00f3n y el comercio de empresas alemanas con m\u00e1s de 50 pa\u00edses africanos\u00bb.<\/p>\n<p>La responsable para el continente africano de la propia BDI, J<strong>ennifer Howe<\/strong>, destac\u00f3 que hasta ahora el mayor freno para las empresas alemanas eran los elevados aranceles de importaci\u00f3n y los obst\u00e1culos burocr\u00e1ticos. Tambi\u00e9n el hecho de que el peque\u00f1o mercado de cada pa\u00eds las disuad\u00eda de invertir en ellos.<\/p>\n<p>Sobre la entrada en vigor de la AfCFTA, <strong>Howe<\/strong> dijo: \u00abVemos un gran potencial, en especial en \u00c1frica oriental y occidental\u00bb.<\/p>\n<p>\u00abLa libre circulaci\u00f3n de bienes, servicios y personas, combinada con una digitalizaci\u00f3n extremadamente r\u00e1pida, ofrece a \u00c1frica la oportunidad de generar un crecimiento considerable\u00bb, a\u00f1adi\u00f3 <strong>Sch\u00e4fer<\/strong>, quien tambi\u00e9n apunt\u00f3 que la industria automovil\u00edstica puede ser clave.<\/p>\n<p>Sin embargo, otras voces se mostraron algo m\u00e1s esc\u00e9pticas. \u00abAcordar el libre comercio y firmar un acuerdo de adhesi\u00f3n siempre es m\u00e1s f\u00e1cil que implementarlo\u00bb, advirti\u00f3 <strong>Gary van Staden<\/strong>, un analista sudafricano.<\/p>\n<p>El abogado <strong>Jos\u00e9 Campos Nave<\/strong>, del bufete alem\u00e1n especializado en comercio internacional R\u00f6dl y Partner, opin\u00f3 de manera similar: \u00abHasta ahora, la zona de libre comercio solo se ha creado sobre el papel. El tiempo dir\u00e1 si los estados africanos participantes pueden dotarlo de vida\u00bb.<\/p>\n<p><em>Foto: Gioia Forster\/dpa <\/em><\/p>\n","protected":false},"excerpt":{"rendered":"<p>Johannesburgo, 13 jul (dpa) &#8211; Los inversores alemanes podr\u00e1n beneficiarse de la Zona de Libre Comercio Continental (AfcFTA) acordada por la Uni\u00f3n Africana (UE), opinaron hoy diversos expertos germanos. El pasado domingo, los jefes de Estado de los principales pa\u00edses africanos acordaron poner en marcha la fase operacional de la AfCFTA, tras la adhesi\u00f3n de [&hellip;]<\/p>\n","protected":false},"author":1,"featured_media":1034727,"comment_status":"closed","ping_status":"closed","sticky":false,"template":"","format":"standard","meta":{"footnotes":""},"categories":[219],"tags":[],"class_list":["post-1034726","post","type-post","status-publish","format-standard","has-post-thumbnail","hentry","category-negocios-y-empresas"],"aioseo_notices":[],"aioseo_head":"\n\t\t<!-- All in One SEO Pro 4.9.6.2 - aioseo.com -->\n\t<meta name=\"description\" content=\"Johannesburgo, 13 jul (dpa) - Los inversores alemanes podr\u00e1n beneficiarse de la Zona de Libre Comercio Continental (AfcFTA) acordada por la Uni\u00f3n Africana (UE), opinaron hoy diversos expertos germanos. El pasado domingo, los jefes de Estado de los principales pa\u00edses africanos acordaron poner en marcha la fase operacional de la AfCFTA, tras la adhesi\u00f3n de\" \/>\n\t<meta name=\"robots\" content=\"max-image-preview:large\" \/>\n\t<meta name=\"author\" content=\"El Digital de Asturias\"\/>\n\t<meta name=\"google-site-verification\" content=\"UA-38556648-1\" \/>\n\t<meta name=\"msvalidate.01\" content=\"7dfe9f3f1b24437ab69f4f2559babe99\" \/>\n\t<meta name=\"keywords\" content=\"negocios y empresas\" \/>\n\t<link rel=\"canonical\" href=\"https:\/\/www.eldigitaldeasturias.com\/noticias\/expertos-alemanes-elogian-el-inicio-de-zona-de-libre-comercio-en-africa\/\" \/>\n\t<meta name=\"generator\" content=\"All in One SEO Pro (AIOSEO) 4.9.6.2\" \/>\n\t\t<meta property=\"og:locale\" content=\"es_ES\" \/>\n\t\t<meta property=\"og:site_name\" content=\"El Digital de Asturias\" \/>\n\t\t<meta property=\"og:type\" content=\"article\" \/>\n\t\t<meta property=\"og:title\" content=\"Expertos alemanes elogian el inicio de Zona de Libre Comercio en \u00c1frica - El Digital de Asturias\" \/>\n\t\t<meta property=\"og:description\" content=\"Johannesburgo, 13 jul (dpa) - Los inversores alemanes podr\u00e1n beneficiarse de la Zona de Libre Comercio Continental (AfcFTA) acordada por la Uni\u00f3n Africana (UE), opinaron hoy diversos expertos germanos. El pasado domingo, los jefes de Estado de los principales pa\u00edses africanos acordaron poner en marcha la fase operacional de la AfCFTA, tras la adhesi\u00f3n de\" \/>\n\t\t<meta property=\"og:url\" content=\"https:\/\/www.eldigitaldeasturias.com\/noticias\/expertos-alemanes-elogian-el-inicio-de-zona-de-libre-comercio-en-africa\/\" \/>\n\t\t<meta property=\"og:image\" content=\"https:\/\/www.eldigitaldeasturias.com\/noticias\/wp-content\/uploads\/2019\/07\/carguero.jpg\" \/>\n\t\t<meta property=\"og:image:secure_url\" content=\"https:\/\/www.eldigitaldeasturias.com\/noticias\/wp-content\/uploads\/2019\/07\/carguero.jpg\" \/>\n\t\t<meta property=\"og:image:width\" content=\"1010\" \/>\n\t\t<meta property=\"og:image:height\" content=\"666\" \/>\n\t\t<meta property=\"article:tag\" content=\"negocios y empresas\" \/>\n\t\t<meta property=\"article:published_time\" content=\"2019-07-13T23:16:29+00:00\" \/>\n\t\t<meta property=\"article:modified_time\" content=\"2019-07-13T23:16:29+00:00\" \/>\n\t\t<meta property=\"article:publisher\" content=\"https:\/\/facebook.com\/eldigitaldeasturias\" \/>\n\t\t<meta name=\"twitter:card\" content=\"summary_large_image\" \/>\n\t\t<meta name=\"twitter:title\" content=\"Expertos alemanes elogian el inicio de Zona de Libre Comercio en \u00c1frica - El Digital de Asturias\" \/>\n\t\t<meta name=\"twitter:description\" content=\"Johannesburgo, 13 jul (dpa) - Los inversores alemanes podr\u00e1n beneficiarse de la Zona de Libre Comercio Continental (AfcFTA) acordada por la Uni\u00f3n Africana (UE), opinaron hoy diversos expertos germanos. El pasado domingo, los jefes de Estado de los principales pa\u00edses africanos acordaron poner en marcha la fase operacional de la AfCFTA, tras la adhesi\u00f3n de\" \/>\n\t\t<meta name=\"twitter:image\" content=\"https:\/\/www.eldigitaldeasturias.com\/noticias\/wp-content\/uploads\/2019\/07\/carguero.jpg\" \/>\n\t\t<meta name=\"twitter:label1\" content=\"Escrito por\" \/>\n\t\t<meta name=\"twitter:data1\" content=\"El Digital de Asturias\" \/>\n\t\t<meta name=\"twitter:label2\" content=\"Tiempo de lectura estimado\" \/>\n\t\t<meta name=\"twitter:data2\" content=\"2 minutos\" \/>\n\t\t<script type=\"application\/ld+json\" class=\"aioseo-schema\">\n\t\t\t{\"@context\":\"https:\\\/\\\/schema.org\",\"@graph\":[{\"@type\":\"BlogPosting\",\"@id\":\"https:\\\/\\\/www.eldigitaldeasturias.com\\\/noticias\\\/expertos-alemanes-elogian-el-inicio-de-zona-de-libre-comercio-en-africa\\\/#blogposting\",\"name\":\"Expertos alemanes elogian el inicio de Zona de Libre Comercio en \\u00c1frica - El Digital de Asturias\",\"headline\":\"Expertos alemanes elogian el inicio de Zona de Libre Comercio en \\u00c1frica\",\"author\":{\"@id\":\"https:\\\/\\\/www.eldigitaldeasturias.com\\\/noticias\\\/author\\\/admin\\\/#author\"},\"publisher\":{\"@id\":\"https:\\\/\\\/www.eldigitaldeasturias.com\\\/noticias\\\/#organization\"},\"image\":{\"@type\":\"ImageObject\",\"url\":\"https:\\\/\\\/www.eldigitaldeasturias.com\\\/noticias\\\/wp-content\\\/uploads\\\/2019\\\/07\\\/carguero.jpg\",\"width\":1010,\"height\":666},\"datePublished\":\"2019-07-13T23:16:29+02:00\",\"dateModified\":\"2019-07-13T23:16:29+02:00\",\"inLanguage\":\"es-ES\",\"mainEntityOfPage\":{\"@id\":\"https:\\\/\\\/www.eldigitaldeasturias.com\\\/noticias\\\/expertos-alemanes-elogian-el-inicio-de-zona-de-libre-comercio-en-africa\\\/#webpage\"},\"isPartOf\":{\"@id\":\"https:\\\/\\\/www.eldigitaldeasturias.com\\\/noticias\\\/expertos-alemanes-elogian-el-inicio-de-zona-de-libre-comercio-en-africa\\\/#webpage\"},\"articleSection\":\"Negocios y Empresas\"},{\"@type\":\"BreadcrumbList\",\"@id\":\"https:\\\/\\\/www.eldigitaldeasturias.com\\\/noticias\\\/expertos-alemanes-elogian-el-inicio-de-zona-de-libre-comercio-en-africa\\\/#breadcrumblist\",\"itemListElement\":[{\"@type\":\"ListItem\",\"@id\":\"https:\\\/\\\/www.eldigitaldeasturias.com\\\/noticias#listItem\",\"position\":1,\"name\":\"Home\",\"item\":\"https:\\\/\\\/www.eldigitaldeasturias.com\\\/noticias\",\"nextItem\":{\"@type\":\"ListItem\",\"@id\":\"https:\\\/\\\/www.eldigitaldeasturias.com\\\/noticias\\\/category\\\/negocios-y-empresas\\\/#listItem\",\"name\":\"Negocios y Empresas\"}},{\"@type\":\"ListItem\",\"@id\":\"https:\\\/\\\/www.eldigitaldeasturias.com\\\/noticias\\\/category\\\/negocios-y-empresas\\\/#listItem\",\"position\":2,\"name\":\"Negocios y Empresas\",\"item\":\"https:\\\/\\\/www.eldigitaldeasturias.com\\\/noticias\\\/category\\\/negocios-y-empresas\\\/\",\"nextItem\":{\"@type\":\"ListItem\",\"@id\":\"https:\\\/\\\/www.eldigitaldeasturias.com\\\/noticias\\\/expertos-alemanes-elogian-el-inicio-de-zona-de-libre-comercio-en-africa\\\/#listItem\",\"name\":\"Expertos alemanes elogian el inicio de Zona de Libre Comercio en \\u00c1frica\"},\"previousItem\":{\"@type\":\"ListItem\",\"@id\":\"https:\\\/\\\/www.eldigitaldeasturias.com\\\/noticias#listItem\",\"name\":\"Home\"}},{\"@type\":\"ListItem\",\"@id\":\"https:\\\/\\\/www.eldigitaldeasturias.com\\\/noticias\\\/expertos-alemanes-elogian-el-inicio-de-zona-de-libre-comercio-en-africa\\\/#listItem\",\"position\":3,\"name\":\"Expertos alemanes elogian el inicio de Zona de Libre Comercio en \\u00c1frica\",\"previousItem\":{\"@type\":\"ListItem\",\"@id\":\"https:\\\/\\\/www.eldigitaldeasturias.com\\\/noticias\\\/category\\\/negocios-y-empresas\\\/#listItem\",\"name\":\"Negocios y Empresas\"}}]},{\"@type\":\"Organization\",\"@id\":\"https:\\\/\\\/www.eldigitaldeasturias.com\\\/noticias\\\/#organization\",\"name\":\"El Digital de Asturias\",\"description\":\"Hemeroteca\",\"url\":\"https:\\\/\\\/www.eldigitaldeasturias.com\\\/noticias\\\/\",\"email\":\"info@eldigitaldeasturias.com\",\"telephone\":\"+34652131393\",\"logo\":{\"@type\":\"ImageObject\",\"url\":\"https:\\\/\\\/www.eldigitaldeasturias.com\\\/noticias\\\/wp-content\\\/uploads\\\/2020\\\/12\\\/EDA.jpg\",\"@id\":\"https:\\\/\\\/www.eldigitaldeasturias.com\\\/noticias\\\/expertos-alemanes-elogian-el-inicio-de-zona-de-libre-comercio-en-africa\\\/#organizationLogo\",\"width\":649,\"height\":297},\"image\":{\"@id\":\"https:\\\/\\\/www.eldigitaldeasturias.com\\\/noticias\\\/expertos-alemanes-elogian-el-inicio-de-zona-de-libre-comercio-en-africa\\\/#organizationLogo\"},\"sameAs\":[\"https:\\\/\\\/facebook.com\\\/eldigitaldeasturias\",\"https:\\\/\\\/www.youtube.com\\\/channel\\\/UCZP-2wLEB9Rv6erhFmqVnvg\"],\"address\":{\"@id\":\"https:\\\/\\\/www.eldigitaldeasturias.com\\\/noticias\\\/#postaladdress\",\"@type\":\"PostalAddress\",\"streetAddress\":\"san antonio 4,\",\"postalCode\":\"33430\",\"addressLocality\":\"Cand\\u00e1s\",\"addressRegion\":\"Asturias\",\"addressCountry\":\"ES\"}},{\"@type\":\"Person\",\"@id\":\"https:\\\/\\\/www.eldigitaldeasturias.com\\\/noticias\\\/author\\\/admin\\\/#author\",\"url\":\"https:\\\/\\\/www.eldigitaldeasturias.com\\\/noticias\\\/author\\\/admin\\\/\",\"name\":\"El Digital de Asturias\",\"image\":{\"@type\":\"ImageObject\",\"@id\":\"https:\\\/\\\/www.eldigitaldeasturias.com\\\/noticias\\\/expertos-alemanes-elogian-el-inicio-de-zona-de-libre-comercio-en-africa\\\/#authorImage\",\"url\":\"https:\\\/\\\/www.eldigitaldeasturias.com\\\/noticias\\\/wp-content\\\/litespeed\\\/avatar\\\/18677e78aa0546b92d9dbf31ec7d7668.jpg?ver=1777290358\",\"width\":96,\"height\":96,\"caption\":\"El Digital de Asturias\"}},{\"@type\":\"WebPage\",\"@id\":\"https:\\\/\\\/www.eldigitaldeasturias.com\\\/noticias\\\/expertos-alemanes-elogian-el-inicio-de-zona-de-libre-comercio-en-africa\\\/#webpage\",\"url\":\"https:\\\/\\\/www.eldigitaldeasturias.com\\\/noticias\\\/expertos-alemanes-elogian-el-inicio-de-zona-de-libre-comercio-en-africa\\\/\",\"name\":\"Expertos alemanes elogian el inicio de Zona de Libre Comercio en \\u00c1frica - El Digital de Asturias\",\"description\":\"Johannesburgo, 13 jul (dpa) - Los inversores alemanes podr\\u00e1n beneficiarse de la Zona de Libre Comercio Continental (AfcFTA) acordada por la Uni\\u00f3n Africana (UE), opinaron hoy diversos expertos germanos. El pasado domingo, los jefes de Estado de los principales pa\\u00edses africanos acordaron poner en marcha la fase operacional de la AfCFTA, tras la adhesi\\u00f3n de\",\"inLanguage\":\"es-ES\",\"isPartOf\":{\"@id\":\"https:\\\/\\\/www.eldigitaldeasturias.com\\\/noticias\\\/#website\"},\"breadcrumb\":{\"@id\":\"https:\\\/\\\/www.eldigitaldeasturias.com\\\/noticias\\\/expertos-alemanes-elogian-el-inicio-de-zona-de-libre-comercio-en-africa\\\/#breadcrumblist\"},\"author\":{\"@id\":\"https:\\\/\\\/www.eldigitaldeasturias.com\\\/noticias\\\/author\\\/admin\\\/#author\"},\"creator\":{\"@id\":\"https:\\\/\\\/www.eldigitaldeasturias.com\\\/noticias\\\/author\\\/admin\\\/#author\"},\"image\":{\"@type\":\"ImageObject\",\"url\":\"https:\\\/\\\/www.eldigitaldeasturias.com\\\/noticias\\\/wp-content\\\/uploads\\\/2019\\\/07\\\/carguero.jpg\",\"@id\":\"https:\\\/\\\/www.eldigitaldeasturias.com\\\/noticias\\\/expertos-alemanes-elogian-el-inicio-de-zona-de-libre-comercio-en-africa\\\/#mainImage\",\"width\":1010,\"height\":666},\"primaryImageOfPage\":{\"@id\":\"https:\\\/\\\/www.eldigitaldeasturias.com\\\/noticias\\\/expertos-alemanes-elogian-el-inicio-de-zona-de-libre-comercio-en-africa\\\/#mainImage\"},\"datePublished\":\"2019-07-13T23:16:29+02:00\",\"dateModified\":\"2019-07-13T23:16:29+02:00\"},{\"@type\":\"WebSite\",\"@id\":\"https:\\\/\\\/www.eldigitaldeasturias.com\\\/noticias\\\/#website\",\"url\":\"https:\\\/\\\/www.eldigitaldeasturias.com\\\/noticias\\\/\",\"name\":\"El Digital de Asturias - Diario de actualidad y noticias\",\"alternateName\":\"El Digital de Asturias - Diario de actualidad y noticias\",\"description\":\"Hemeroteca\",\"inLanguage\":\"es-ES\",\"publisher\":{\"@id\":\"https:\\\/\\\/www.eldigitaldeasturias.com\\\/noticias\\\/#organization\"}}]}\n\t\t<\/script>\n\t\t<!-- All in One SEO Pro -->\r\n\t\t<title>Expertos alemanes elogian el inicio de Zona de Libre Comercio en \u00c1frica - El Digital de Asturias<\/title>\n\n","aioseo_head_json":{"title":"Expertos alemanes elogian el inicio de Zona de Libre Comercio en \u00c1frica - El Digital de Asturias","description":"Johannesburgo, 13 jul (dpa) - Los inversores alemanes podr\u00e1n beneficiarse de la Zona de Libre Comercio Continental (AfcFTA) acordada por la Uni\u00f3n Africana (UE), opinaron hoy diversos expertos germanos. El pasado domingo, los jefes de Estado de los principales pa\u00edses africanos acordaron poner en marcha la fase operacional de la AfCFTA, tras la adhesi\u00f3n de","canonical_url":"https:\/\/www.eldigitaldeasturias.com\/noticias\/expertos-alemanes-elogian-el-inicio-de-zona-de-libre-comercio-en-africa\/","robots":"max-image-preview:large","keywords":"negocios y empresas","webmasterTools":{"google-site-verification":"UA-38556648-1","msvalidate.01":"7dfe9f3f1b24437ab69f4f2559babe99","miscellaneous":""},"schema":{"@context":"https:\/\/schema.org","@graph":[{"@type":"BlogPosting","@id":"https:\/\/www.eldigitaldeasturias.com\/noticias\/expertos-alemanes-elogian-el-inicio-de-zona-de-libre-comercio-en-africa\/#blogposting","name":"Expertos alemanes elogian el inicio de Zona de Libre Comercio en \u00c1frica - El Digital de Asturias","headline":"Expertos alemanes elogian el inicio de Zona de Libre Comercio en \u00c1frica","author":{"@id":"https:\/\/www.eldigitaldeasturias.com\/noticias\/author\/admin\/#author"},"publisher":{"@id":"https:\/\/www.eldigitaldeasturias.com\/noticias\/#organization"},"image":{"@type":"ImageObject","url":"https:\/\/www.eldigitaldeasturias.com\/noticias\/wp-content\/uploads\/2019\/07\/carguero.jpg","width":1010,"height":666},"datePublished":"2019-07-13T23:16:29+02:00","dateModified":"2019-07-13T23:16:29+02:00","inLanguage":"es-ES","mainEntityOfPage":{"@id":"https:\/\/www.eldigitaldeasturias.com\/noticias\/expertos-alemanes-elogian-el-inicio-de-zona-de-libre-comercio-en-africa\/#webpage"},"isPartOf":{"@id":"https:\/\/www.eldigitaldeasturias.com\/noticias\/expertos-alemanes-elogian-el-inicio-de-zona-de-libre-comercio-en-africa\/#webpage"},"articleSection":"Negocios y Empresas"},{"@type":"BreadcrumbList","@id":"https:\/\/www.eldigitaldeasturias.com\/noticias\/expertos-alemanes-elogian-el-inicio-de-zona-de-libre-comercio-en-africa\/#breadcrumblist","itemListElement":[{"@type":"ListItem","@id":"https:\/\/www.eldigitaldeasturias.com\/noticias#listItem","position":1,"name":"Home","item":"https:\/\/www.eldigitaldeasturias.com\/noticias","nextItem":{"@type":"ListItem","@id":"https:\/\/www.eldigitaldeasturias.com\/noticias\/category\/negocios-y-empresas\/#listItem","name":"Negocios y Empresas"}},{"@type":"ListItem","@id":"https:\/\/www.eldigitaldeasturias.com\/noticias\/category\/negocios-y-empresas\/#listItem","position":2,"name":"Negocios y Empresas","item":"https:\/\/www.eldigitaldeasturias.com\/noticias\/category\/negocios-y-empresas\/","nextItem":{"@type":"ListItem","@id":"https:\/\/www.eldigitaldeasturias.com\/noticias\/expertos-alemanes-elogian-el-inicio-de-zona-de-libre-comercio-en-africa\/#listItem","name":"Expertos alemanes elogian el inicio de Zona de Libre Comercio en \u00c1frica"},"previousItem":{"@type":"ListItem","@id":"https:\/\/www.eldigitaldeasturias.com\/noticias#listItem","name":"Home"}},{"@type":"ListItem","@id":"https:\/\/www.eldigitaldeasturias.com\/noticias\/expertos-alemanes-elogian-el-inicio-de-zona-de-libre-comercio-en-africa\/#listItem","position":3,"name":"Expertos alemanes elogian el inicio de Zona de Libre Comercio en \u00c1frica","previousItem":{"@type":"ListItem","@id":"https:\/\/www.eldigitaldeasturias.com\/noticias\/category\/negocios-y-empresas\/#listItem","name":"Negocios y Empresas"}}]},{"@type":"Organization","@id":"https:\/\/www.eldigitaldeasturias.com\/noticias\/#organization","name":"El Digital de Asturias","description":"Hemeroteca","url":"https:\/\/www.eldigitaldeasturias.com\/noticias\/","email":"info@eldigitaldeasturias.com","telephone":"+34652131393","logo":{"@type":"ImageObject","url":"https:\/\/www.eldigitaldeasturias.com\/noticias\/wp-content\/uploads\/2020\/12\/EDA.jpg","@id":"https:\/\/www.eldigitaldeasturias.com\/noticias\/expertos-alemanes-elogian-el-inicio-de-zona-de-libre-comercio-en-africa\/#organizationLogo","width":649,"height":297},"image":{"@id":"https:\/\/www.eldigitaldeasturias.com\/noticias\/expertos-alemanes-elogian-el-inicio-de-zona-de-libre-comercio-en-africa\/#organizationLogo"},"sameAs":["https:\/\/facebook.com\/eldigitaldeasturias","https:\/\/www.youtube.com\/channel\/UCZP-2wLEB9Rv6erhFmqVnvg"],"address":{"@id":"https:\/\/www.eldigitaldeasturias.com\/noticias\/#postaladdress","@type":"PostalAddress","streetAddress":"san antonio 4,","postalCode":"33430","addressLocality":"Cand\u00e1s","addressRegion":"Asturias","addressCountry":"ES"}},{"@type":"Person","@id":"https:\/\/www.eldigitaldeasturias.com\/noticias\/author\/admin\/#author","url":"https:\/\/www.eldigitaldeasturias.com\/noticias\/author\/admin\/","name":"El Digital de Asturias","image":{"@type":"ImageObject","@id":"https:\/\/www.eldigitaldeasturias.com\/noticias\/expertos-alemanes-elogian-el-inicio-de-zona-de-libre-comercio-en-africa\/#authorImage","url":"https:\/\/www.eldigitaldeasturias.com\/noticias\/wp-content\/litespeed\/avatar\/18677e78aa0546b92d9dbf31ec7d7668.jpg?ver=1777290358","width":96,"height":96,"caption":"El Digital de Asturias"}},{"@type":"WebPage","@id":"https:\/\/www.eldigitaldeasturias.com\/noticias\/expertos-alemanes-elogian-el-inicio-de-zona-de-libre-comercio-en-africa\/#webpage","url":"https:\/\/www.eldigitaldeasturias.com\/noticias\/expertos-alemanes-elogian-el-inicio-de-zona-de-libre-comercio-en-africa\/","name":"Expertos alemanes elogian el inicio de Zona de Libre Comercio en \u00c1frica - El Digital de Asturias","description":"Johannesburgo, 13 jul (dpa) - Los inversores alemanes podr\u00e1n beneficiarse de la Zona de Libre Comercio Continental (AfcFTA) acordada por la Uni\u00f3n Africana (UE), opinaron hoy diversos expertos germanos. El pasado domingo, los jefes de Estado de los principales pa\u00edses africanos acordaron poner en marcha la fase operacional de la AfCFTA, tras la adhesi\u00f3n de","inLanguage":"es-ES","isPartOf":{"@id":"https:\/\/www.eldigitaldeasturias.com\/noticias\/#website"},"breadcrumb":{"@id":"https:\/\/www.eldigitaldeasturias.com\/noticias\/expertos-alemanes-elogian-el-inicio-de-zona-de-libre-comercio-en-africa\/#breadcrumblist"},"author":{"@id":"https:\/\/www.eldigitaldeasturias.com\/noticias\/author\/admin\/#author"},"creator":{"@id":"https:\/\/www.eldigitaldeasturias.com\/noticias\/author\/admin\/#author"},"image":{"@type":"ImageObject","url":"https:\/\/www.eldigitaldeasturias.com\/noticias\/wp-content\/uploads\/2019\/07\/carguero.jpg","@id":"https:\/\/www.eldigitaldeasturias.com\/noticias\/expertos-alemanes-elogian-el-inicio-de-zona-de-libre-comercio-en-africa\/#mainImage","width":1010,"height":666},"primaryImageOfPage":{"@id":"https:\/\/www.eldigitaldeasturias.com\/noticias\/expertos-alemanes-elogian-el-inicio-de-zona-de-libre-comercio-en-africa\/#mainImage"},"datePublished":"2019-07-13T23:16:29+02:00","dateModified":"2019-07-13T23:16:29+02:00"},{"@type":"WebSite","@id":"https:\/\/www.eldigitaldeasturias.com\/noticias\/#website","url":"https:\/\/www.eldigitaldeasturias.com\/noticias\/","name":"El Digital de Asturias - Diario de actualidad y noticias","alternateName":"El Digital de Asturias - Diario de actualidad y noticias","description":"Hemeroteca","inLanguage":"es-ES","publisher":{"@id":"https:\/\/www.eldigitaldeasturias.com\/noticias\/#organization"}}]},"og:locale":"es_ES","og:site_name":"El Digital de Asturias","og:type":"article","og:title":"Expertos alemanes elogian el inicio de Zona de Libre Comercio en \u00c1frica - El Digital de Asturias","og:description":"Johannesburgo, 13 jul (dpa) - Los inversores alemanes podr\u00e1n beneficiarse de la Zona de Libre Comercio Continental (AfcFTA) acordada por la Uni\u00f3n Africana (UE), opinaron hoy diversos expertos germanos. El pasado domingo, los jefes de Estado de los principales pa\u00edses africanos acordaron poner en marcha la fase operacional de la AfCFTA, tras la adhesi\u00f3n de","og:url":"https:\/\/www.eldigitaldeasturias.com\/noticias\/expertos-alemanes-elogian-el-inicio-de-zona-de-libre-comercio-en-africa\/","og:image":"https:\/\/www.eldigitaldeasturias.com\/noticias\/wp-content\/uploads\/2019\/07\/carguero.jpg","og:image:secure_url":"https:\/\/www.eldigitaldeasturias.com\/noticias\/wp-content\/uploads\/2019\/07\/carguero.jpg","og:image:width":1010,"og:image:height":666,"article:tag":["negocios y empresas"],"article:published_time":"2019-07-13T23:16:29+00:00","article:modified_time":"2019-07-13T23:16:29+00:00","article:publisher":"https:\/\/facebook.com\/eldigitaldeasturias","twitter:card":"summary_large_image","twitter:title":"Expertos alemanes elogian el inicio de Zona de Libre Comercio en \u00c1frica - El Digital de Asturias","twitter:description":"Johannesburgo, 13 jul (dpa) - Los inversores alemanes podr\u00e1n beneficiarse de la Zona de Libre Comercio Continental (AfcFTA) acordada por la Uni\u00f3n Africana (UE), opinaron hoy diversos expertos germanos. El pasado domingo, los jefes de Estado de los principales pa\u00edses africanos acordaron poner en marcha la fase operacional de la AfCFTA, tras la adhesi\u00f3n de","twitter:image":"https:\/\/www.eldigitaldeasturias.com\/noticias\/wp-content\/uploads\/2019\/07\/carguero.jpg","twitter:label1":"Escrito por","twitter:data1":"El Digital de Asturias","twitter:label2":"Tiempo de lectura estimado","twitter:data2":"2 minutos"},"aioseo_meta_data":{"post_id":"1034726","title":null,"description":null,"keywords":null,"keyphrases":null,"primary_term":null,"canonical_url":null,"og_title":null,"og_description":null,"og_object_type":"default","og_image_type":"default","og_image_url":null,"og_image_width":null,"og_image_height":null,"og_image_custom_url":null,"og_image_custom_fields":null,"og_video":null,"og_custom_url":null,"og_article_section":null,"og_article_tags":null,"twitter_use_og":false,"twitter_card":"default","twitter_image_type":"default","twitter_image_url":null,"twitter_image_custom_url":null,"twitter_image_custom_fields":null,"twitter_title":null,"twitter_description":null,"schema":{"blockGraphs":[],"customGraphs":[],"default":{"data":{"Article":[],"Course":[],"Dataset":[],"FAQPage":[],"Movie":[],"Person":[],"Product":[],"ProductReview":[],"Car":[],"Recipe":[],"Service":[],"SoftwareApplication":[],"WebPage":[]},"graphName":"","isEnabled":true},"graphs":[],"defaultGraph":"","defaultPostTypeGraph":""},"schema_type":null,"schema_type_options":null,"pillar_content":false,"robots_default":true,"robots_noindex":false,"robots_noarchive":false,"robots_nosnippet":false,"robots_nofollow":false,"robots_noimageindex":false,"robots_noodp":false,"robots_notranslate":false,"robots_max_snippet":null,"robots_max_videopreview":null,"robots_max_imagepreview":"large","priority":null,"frequency":null,"local_seo":null,"seo_analyzer_scan_date":"2025-10-22 05:59:13","breadcrumb_settings":null,"limit_modified_date":false,"open_ai":null,"ai":null,"created":"2020-12-21 11:08:17","updated":"2025-10-22 05:59:13"},"aioseo_breadcrumb":"<div class=\"aioseo-breadcrumbs\"><span class=\"aioseo-breadcrumb\">\n\t<a href=\"https:\/\/www.eldigitaldeasturias.com\/noticias\" title=\"Home\">Home<\/a>\n<\/span><span class=\"aioseo-breadcrumb-separator\">\u2013<\/span><span class=\"aioseo-breadcrumb\">\n\t<a href=\"https:\/\/www.eldigitaldeasturias.com\/noticias\/category\/negocios-y-empresas\/\" title=\"Negocios y Empresas\">Negocios y Empresas<\/a>\n<\/span><span class=\"aioseo-breadcrumb-separator\">\u2013<\/span><span class=\"aioseo-breadcrumb\">\n\t<a href=\"https:\/\/www.eldigitaldeasturias.com\/noticias\/expertos-alemanes-elogian-el-inicio-de-zona-de-libre-comercio-en-africa\/\" title=\"Expertos alemanes elogian el inicio de Zona de Libre Comercio en \u00c1frica\">Expertos alemanes elogian el inicio de Zona de Libre Comercio en \u00c1frica<\/a>\n<\/span><\/div>","aioseo_breadcrumb_json":[{"label":"Home","link":"https:\/\/www.eldigitaldeasturias.com\/noticias"},{"label":"Negocios y Empresas","link":"https:\/\/www.eldigitaldeasturias.com\/noticias\/category\/negocios-y-empresas\/"},{"label":"Expertos alemanes elogian el inicio de Zona de Libre Comercio en \u00c1frica","link":"https:\/\/www.eldigitaldeasturias.com\/noticias\/expertos-alemanes-elogian-el-inicio-de-zona-de-libre-comercio-en-africa\/"}],"_links":{"self":[{"href":"https:\/\/www.eldigitaldeasturias.com\/noticias\/wp-json\/wp\/v2\/posts\/1034726","targetHints":{"allow":["GET"]}}],"collection":[{"href":"https:\/\/www.eldigitaldeasturias.com\/noticias\/wp-json\/wp\/v2\/posts"}],"about":[{"href":"https:\/\/www.eldigitaldeasturias.com\/noticias\/wp-json\/wp\/v2\/types\/post"}],"author":[{"embeddable":true,"href":"https:\/\/www.eldigitaldeasturias.com\/noticias\/wp-json\/wp\/v2\/users\/1"}],"replies":[{"embeddable":true,"href":"https:\/\/www.eldigitaldeasturias.com\/noticias\/wp-json\/wp\/v2\/comments?post=1034726"}],"version-history":[{"count":0,"href":"https:\/\/www.eldigitaldeasturias.com\/noticias\/wp-json\/wp\/v2\/posts\/1034726\/revisions"}],"wp:featuredmedia":[{"embeddable":true,"href":"https:\/\/www.eldigitaldeasturias.com\/noticias\/wp-json\/wp\/v2\/media\/1034727"}],"wp:attachment":[{"href":"https:\/\/www.eldigitaldeasturias.com\/noticias\/wp-json\/wp\/v2\/media?parent=1034726"}],"wp:term":[{"taxonomy":"category","embeddable":true,"href":"https:\/\/www.eldigitaldeasturias.com\/noticias\/wp-json\/wp\/v2\/categories?post=1034726"},{"taxonomy":"post_tag","embeddable":true,"href":"https:\/\/www.eldigitaldeasturias.com\/noticias\/wp-json\/wp\/v2\/tags?post=1034726"}],"curies":[{"name":"wp","href":"https:\/\/api.w.org\/{rel}","templated":true}]}}