{"id":1034576,"date":"2019-07-12T17:08:12","date_gmt":"2019-07-12T17:08:12","guid":{"rendered":"https:\/\/www.eldigitaldeasturias.com\/noticias\/?p=1034576"},"modified":"2019-07-12T17:08:12","modified_gmt":"2019-07-12T17:08:12","slug":"rummenigge-el-bayern-munich-es-competitivo-en-el-mercado-de-fichajes","status":"publish","type":"post","link":"https:\/\/www.eldigitaldeasturias.com\/noticias\/rummenigge-el-bayern-munich-es-competitivo-en-el-mercado-de-fichajes\/","title":{"rendered":"Rummenigge: \u00abEl Bayern M\u00fanich es competitivo en el mercado de fichajes\u00bb"},"content":{"rendered":"<p><img loading=\"lazy\" decoding=\"async\" class=\"alignleft size-medium wp-image-1034577\" src=\"https:\/\/www.eldigitaldeasturias.com\/noticias\/wp-content\/uploads\/2019\/07\/Rummenigge-360x238.jpg\" alt=\"\" width=\"360\" height=\"238\" srcset=\"https:\/\/www.eldigitaldeasturias.com\/noticias\/wp-content\/uploads\/2019\/07\/Rummenigge-360x238.jpg 360w, https:\/\/www.eldigitaldeasturias.com\/noticias\/wp-content\/uploads\/2019\/07\/Rummenigge-768x508.jpg 768w, https:\/\/www.eldigitaldeasturias.com\/noticias\/wp-content\/uploads\/2019\/07\/Rummenigge-650x430.jpg 650w, https:\/\/www.eldigitaldeasturias.com\/noticias\/wp-content\/uploads\/2019\/07\/Rummenigge.jpg 997w\" sizes=\"auto, (max-width: 360px) 100vw, 360px\" \/>M\u00fanich, 12 jul (dpa) \u2013 Karl-Heinz Rummenigge, director general del Bayern M\u00fanich, considera que el campe\u00f3n alem\u00e1n sigue siendo competitivo en la lucha por fichar a los mejores jugadores, seg\u00fan dijo en un acto promocional en el Allianz Arena.<\/p>\n<p>\u00abLa situaci\u00f3n financiera del Bayern M\u00fanich es absolutamente buena, por lo que no me preocupa su competitividad en el mercado de fichajes\u00bb, dijo con motivo de la presentaci\u00f3n del acuerdo comercial del club muniqu\u00e9s con Konami, fabricante y editor japon\u00e9s de videojuegos.<\/p>\n<p>Rummenigge destac\u00f3 que los responsables de la pol\u00edtica de fichajes del Bayern M\u00fanich tienen la intenci\u00f3n de actuar con mayor moderaci\u00f3n a la hora de comentar nombres y planes en el futuro.<\/p>\n<p>\u00abSomos menos agresivos en p\u00fablico con los asuntos de traspasos. Estamos trabajando, y si hay algo que anunciar, lo haremos\u00bb, dijo el directivo.<\/p>\n<p>Durante el acto surgi\u00f3 una pregunta sobre el internacional alem\u00e1n del Manchester City Leroy San\u00e9, al que el club b\u00e1varo pretende, a la que Rummenigge respondi\u00f3 diciendo que no ten\u00eda nada que decir.<\/p>\n<p>Serge Gnabry, compa\u00f1ero de San\u00e9 en la selecci\u00f3n alemana, se mantuvo fiel a la l\u00ednea del club durante el acto. \u00abLeroy y yo tenemos contacto normal\u00bb, dijo Gnabry sin querer revelar m\u00e1s.<\/p>\n<p>El plazo para cerrar traspasos en la Bundesliga finaliza el 2 de septiembre.<\/p>\n<p><em>Foto: Matthias Balk\/dpa<\/em><\/p>\n<p>&nbsp;<\/p>\n","protected":false},"excerpt":{"rendered":"<p>M\u00fanich, 12 jul (dpa) \u2013 Karl-Heinz Rummenigge, director general del Bayern M\u00fanich, considera que el campe\u00f3n alem\u00e1n sigue siendo competitivo en la lucha por fichar a los mejores jugadores, seg\u00fan dijo en un acto promocional en el Allianz Arena. \u00abLa situaci\u00f3n financiera del Bayern M\u00fanich es absolutamente buena, por lo que no me preocupa su [&hellip;]<\/p>\n","protected":false},"author":1,"featured_media":1034577,"comment_status":"closed","ping_status":"closed","sticky":false,"template":"","format":"standard","meta":{"footnotes":""},"categories":[190],"tags":[],"class_list":["post-1034576","post","type-post","status-publish","format-standard","has-post-thumbnail","hentry","category-deportes"],"aioseo_notices":[],"aioseo_head":"\n\t\t<!-- All in One SEO Pro 4.9.6.2 - aioseo.com -->\n\t<meta name=\"description\" content=\"M\u00fanich, 12 jul (dpa) \u2013 Karl-Heinz Rummenigge, director general del Bayern M\u00fanich, considera que el campe\u00f3n alem\u00e1n sigue siendo competitivo en la lucha por fichar a los mejores jugadores, seg\u00fan dijo en un acto promocional en el Allianz Arena. &quot;La situaci\u00f3n financiera del Bayern M\u00fanich es absolutamente buena, por lo que no me preocupa su\" \/>\n\t<meta name=\"robots\" content=\"max-image-preview:large\" \/>\n\t<meta name=\"author\" content=\"El Digital de Asturias\"\/>\n\t<meta name=\"google-site-verification\" content=\"UA-38556648-1\" \/>\n\t<meta name=\"msvalidate.01\" content=\"7dfe9f3f1b24437ab69f4f2559babe99\" \/>\n\t<meta name=\"keywords\" content=\"deportes\" \/>\n\t<link rel=\"canonical\" href=\"https:\/\/www.eldigitaldeasturias.com\/noticias\/rummenigge-el-bayern-munich-es-competitivo-en-el-mercado-de-fichajes\/\" \/>\n\t<meta name=\"generator\" content=\"All in One SEO Pro (AIOSEO) 4.9.6.2\" \/>\n\t\t<meta property=\"og:locale\" content=\"es_ES\" \/>\n\t\t<meta property=\"og:site_name\" content=\"El Digital de Asturias\" \/>\n\t\t<meta property=\"og:type\" content=\"article\" \/>\n\t\t<meta property=\"og:title\" content=\"Rummenigge: \u00abEl Bayern M\u00fanich es competitivo en el mercado de fichajes\u00bb - El Digital de Asturias\" \/>\n\t\t<meta property=\"og:description\" content=\"M\u00fanich, 12 jul (dpa) \u2013 Karl-Heinz Rummenigge, director general del Bayern M\u00fanich, considera que el campe\u00f3n alem\u00e1n sigue siendo competitivo en la lucha por fichar a los mejores jugadores, seg\u00fan dijo en un acto promocional en el Allianz Arena. &quot;La situaci\u00f3n financiera del Bayern M\u00fanich es absolutamente buena, por lo que no me preocupa su\" \/>\n\t\t<meta property=\"og:url\" content=\"https:\/\/www.eldigitaldeasturias.com\/noticias\/rummenigge-el-bayern-munich-es-competitivo-en-el-mercado-de-fichajes\/\" \/>\n\t\t<meta property=\"og:image\" content=\"https:\/\/www.eldigitaldeasturias.com\/noticias\/wp-content\/uploads\/2019\/07\/Rummenigge.jpg\" \/>\n\t\t<meta property=\"og:image:secure_url\" content=\"https:\/\/www.eldigitaldeasturias.com\/noticias\/wp-content\/uploads\/2019\/07\/Rummenigge.jpg\" \/>\n\t\t<meta property=\"og:image:width\" content=\"997\" \/>\n\t\t<meta property=\"og:image:height\" content=\"659\" \/>\n\t\t<meta property=\"article:tag\" content=\"deportes\" \/>\n\t\t<meta property=\"article:published_time\" content=\"2019-07-12T17:08:12+00:00\" \/>\n\t\t<meta property=\"article:modified_time\" content=\"2019-07-12T17:08:12+00:00\" \/>\n\t\t<meta property=\"article:publisher\" content=\"https:\/\/facebook.com\/eldigitaldeasturias\" \/>\n\t\t<meta name=\"twitter:card\" content=\"summary_large_image\" \/>\n\t\t<meta name=\"twitter:title\" content=\"Rummenigge: \u00abEl Bayern M\u00fanich es competitivo en el mercado de fichajes\u00bb - El Digital de Asturias\" \/>\n\t\t<meta name=\"twitter:description\" content=\"M\u00fanich, 12 jul (dpa) \u2013 Karl-Heinz Rummenigge, director general del Bayern M\u00fanich, considera que el campe\u00f3n alem\u00e1n sigue siendo competitivo en la lucha por fichar a los mejores jugadores, seg\u00fan dijo en un acto promocional en el Allianz Arena. &quot;La situaci\u00f3n financiera del Bayern M\u00fanich es absolutamente buena, por lo que no me preocupa su\" \/>\n\t\t<meta name=\"twitter:image\" content=\"https:\/\/www.eldigitaldeasturias.com\/noticias\/wp-content\/uploads\/2019\/07\/Rummenigge.jpg\" \/>\n\t\t<meta name=\"twitter:label1\" content=\"Escrito por\" \/>\n\t\t<meta name=\"twitter:data1\" content=\"El Digital de Asturias\" \/>\n\t\t<meta name=\"twitter:label2\" content=\"Tiempo de lectura estimado\" \/>\n\t\t<meta name=\"twitter:data2\" content=\"1 minuto\" \/>\n\t\t<script type=\"application\/ld+json\" class=\"aioseo-schema\">\n\t\t\t{\"@context\":\"https:\\\/\\\/schema.org\",\"@graph\":[{\"@type\":\"BlogPosting\",\"@id\":\"https:\\\/\\\/www.eldigitaldeasturias.com\\\/noticias\\\/rummenigge-el-bayern-munich-es-competitivo-en-el-mercado-de-fichajes\\\/#blogposting\",\"name\":\"Rummenigge: \\u00abEl Bayern M\\u00fanich es competitivo en el mercado de fichajes\\u00bb - El Digital de Asturias\",\"headline\":\"Rummenigge: \\u00abEl Bayern M\\u00fanich es competitivo en el mercado de fichajes\\u00bb\",\"author\":{\"@id\":\"https:\\\/\\\/www.eldigitaldeasturias.com\\\/noticias\\\/author\\\/admin\\\/#author\"},\"publisher\":{\"@id\":\"https:\\\/\\\/www.eldigitaldeasturias.com\\\/noticias\\\/#organization\"},\"image\":{\"@type\":\"ImageObject\",\"url\":\"https:\\\/\\\/www.eldigitaldeasturias.com\\\/noticias\\\/wp-content\\\/uploads\\\/2019\\\/07\\\/Rummenigge.jpg\",\"width\":997,\"height\":659},\"datePublished\":\"2019-07-12T17:08:12+02:00\",\"dateModified\":\"2019-07-12T17:08:12+02:00\",\"inLanguage\":\"es-ES\",\"mainEntityOfPage\":{\"@id\":\"https:\\\/\\\/www.eldigitaldeasturias.com\\\/noticias\\\/rummenigge-el-bayern-munich-es-competitivo-en-el-mercado-de-fichajes\\\/#webpage\"},\"isPartOf\":{\"@id\":\"https:\\\/\\\/www.eldigitaldeasturias.com\\\/noticias\\\/rummenigge-el-bayern-munich-es-competitivo-en-el-mercado-de-fichajes\\\/#webpage\"},\"articleSection\":\"Deportes\"},{\"@type\":\"BreadcrumbList\",\"@id\":\"https:\\\/\\\/www.eldigitaldeasturias.com\\\/noticias\\\/rummenigge-el-bayern-munich-es-competitivo-en-el-mercado-de-fichajes\\\/#breadcrumblist\",\"itemListElement\":[{\"@type\":\"ListItem\",\"@id\":\"https:\\\/\\\/www.eldigitaldeasturias.com\\\/noticias#listItem\",\"position\":1,\"name\":\"Home\",\"item\":\"https:\\\/\\\/www.eldigitaldeasturias.com\\\/noticias\",\"nextItem\":{\"@type\":\"ListItem\",\"@id\":\"https:\\\/\\\/www.eldigitaldeasturias.com\\\/noticias\\\/category\\\/deportes\\\/#listItem\",\"name\":\"Deportes\"}},{\"@type\":\"ListItem\",\"@id\":\"https:\\\/\\\/www.eldigitaldeasturias.com\\\/noticias\\\/category\\\/deportes\\\/#listItem\",\"position\":2,\"name\":\"Deportes\",\"item\":\"https:\\\/\\\/www.eldigitaldeasturias.com\\\/noticias\\\/category\\\/deportes\\\/\",\"nextItem\":{\"@type\":\"ListItem\",\"@id\":\"https:\\\/\\\/www.eldigitaldeasturias.com\\\/noticias\\\/rummenigge-el-bayern-munich-es-competitivo-en-el-mercado-de-fichajes\\\/#listItem\",\"name\":\"Rummenigge: \\u00abEl Bayern M\\u00fanich es competitivo en el mercado de fichajes\\u00bb\"},\"previousItem\":{\"@type\":\"ListItem\",\"@id\":\"https:\\\/\\\/www.eldigitaldeasturias.com\\\/noticias#listItem\",\"name\":\"Home\"}},{\"@type\":\"ListItem\",\"@id\":\"https:\\\/\\\/www.eldigitaldeasturias.com\\\/noticias\\\/rummenigge-el-bayern-munich-es-competitivo-en-el-mercado-de-fichajes\\\/#listItem\",\"position\":3,\"name\":\"Rummenigge: \\u00abEl Bayern M\\u00fanich es competitivo en el mercado de fichajes\\u00bb\",\"previousItem\":{\"@type\":\"ListItem\",\"@id\":\"https:\\\/\\\/www.eldigitaldeasturias.com\\\/noticias\\\/category\\\/deportes\\\/#listItem\",\"name\":\"Deportes\"}}]},{\"@type\":\"Organization\",\"@id\":\"https:\\\/\\\/www.eldigitaldeasturias.com\\\/noticias\\\/#organization\",\"name\":\"El Digital de Asturias\",\"description\":\"Hemeroteca\",\"url\":\"https:\\\/\\\/www.eldigitaldeasturias.com\\\/noticias\\\/\",\"email\":\"info@eldigitaldeasturias.com\",\"telephone\":\"+34652131393\",\"logo\":{\"@type\":\"ImageObject\",\"url\":\"https:\\\/\\\/www.eldigitaldeasturias.com\\\/noticias\\\/wp-content\\\/uploads\\\/2020\\\/12\\\/EDA.jpg\",\"@id\":\"https:\\\/\\\/www.eldigitaldeasturias.com\\\/noticias\\\/rummenigge-el-bayern-munich-es-competitivo-en-el-mercado-de-fichajes\\\/#organizationLogo\",\"width\":649,\"height\":297},\"image\":{\"@id\":\"https:\\\/\\\/www.eldigitaldeasturias.com\\\/noticias\\\/rummenigge-el-bayern-munich-es-competitivo-en-el-mercado-de-fichajes\\\/#organizationLogo\"},\"sameAs\":[\"https:\\\/\\\/facebook.com\\\/eldigitaldeasturias\",\"https:\\\/\\\/www.youtube.com\\\/channel\\\/UCZP-2wLEB9Rv6erhFmqVnvg\"],\"address\":{\"@id\":\"https:\\\/\\\/www.eldigitaldeasturias.com\\\/noticias\\\/#postaladdress\",\"@type\":\"PostalAddress\",\"streetAddress\":\"san antonio 4,\",\"postalCode\":\"33430\",\"addressLocality\":\"Cand\\u00e1s\",\"addressRegion\":\"Asturias\",\"addressCountry\":\"ES\"}},{\"@type\":\"Person\",\"@id\":\"https:\\\/\\\/www.eldigitaldeasturias.com\\\/noticias\\\/author\\\/admin\\\/#author\",\"url\":\"https:\\\/\\\/www.eldigitaldeasturias.com\\\/noticias\\\/author\\\/admin\\\/\",\"name\":\"El Digital de Asturias\",\"image\":{\"@type\":\"ImageObject\",\"@id\":\"https:\\\/\\\/www.eldigitaldeasturias.com\\\/noticias\\\/rummenigge-el-bayern-munich-es-competitivo-en-el-mercado-de-fichajes\\\/#authorImage\",\"url\":\"https:\\\/\\\/www.eldigitaldeasturias.com\\\/noticias\\\/wp-content\\\/litespeed\\\/avatar\\\/18677e78aa0546b92d9dbf31ec7d7668.jpg?ver=1776685526\",\"width\":96,\"height\":96,\"caption\":\"El Digital de Asturias\"}},{\"@type\":\"WebPage\",\"@id\":\"https:\\\/\\\/www.eldigitaldeasturias.com\\\/noticias\\\/rummenigge-el-bayern-munich-es-competitivo-en-el-mercado-de-fichajes\\\/#webpage\",\"url\":\"https:\\\/\\\/www.eldigitaldeasturias.com\\\/noticias\\\/rummenigge-el-bayern-munich-es-competitivo-en-el-mercado-de-fichajes\\\/\",\"name\":\"Rummenigge: \\u00abEl Bayern M\\u00fanich es competitivo en el mercado de fichajes\\u00bb - El Digital de Asturias\",\"description\":\"M\\u00fanich, 12 jul (dpa) \\u2013 Karl-Heinz Rummenigge, director general del Bayern M\\u00fanich, considera que el campe\\u00f3n alem\\u00e1n sigue siendo competitivo en la lucha por fichar a los mejores jugadores, seg\\u00fan dijo en un acto promocional en el Allianz Arena. \\\"La situaci\\u00f3n financiera del Bayern M\\u00fanich es absolutamente buena, por lo que no me preocupa su\",\"inLanguage\":\"es-ES\",\"isPartOf\":{\"@id\":\"https:\\\/\\\/www.eldigitaldeasturias.com\\\/noticias\\\/#website\"},\"breadcrumb\":{\"@id\":\"https:\\\/\\\/www.eldigitaldeasturias.com\\\/noticias\\\/rummenigge-el-bayern-munich-es-competitivo-en-el-mercado-de-fichajes\\\/#breadcrumblist\"},\"author\":{\"@id\":\"https:\\\/\\\/www.eldigitaldeasturias.com\\\/noticias\\\/author\\\/admin\\\/#author\"},\"creator\":{\"@id\":\"https:\\\/\\\/www.eldigitaldeasturias.com\\\/noticias\\\/author\\\/admin\\\/#author\"},\"image\":{\"@type\":\"ImageObject\",\"url\":\"https:\\\/\\\/www.eldigitaldeasturias.com\\\/noticias\\\/wp-content\\\/uploads\\\/2019\\\/07\\\/Rummenigge.jpg\",\"@id\":\"https:\\\/\\\/www.eldigitaldeasturias.com\\\/noticias\\\/rummenigge-el-bayern-munich-es-competitivo-en-el-mercado-de-fichajes\\\/#mainImage\",\"width\":997,\"height\":659},\"primaryImageOfPage\":{\"@id\":\"https:\\\/\\\/www.eldigitaldeasturias.com\\\/noticias\\\/rummenigge-el-bayern-munich-es-competitivo-en-el-mercado-de-fichajes\\\/#mainImage\"},\"datePublished\":\"2019-07-12T17:08:12+02:00\",\"dateModified\":\"2019-07-12T17:08:12+02:00\"},{\"@type\":\"WebSite\",\"@id\":\"https:\\\/\\\/www.eldigitaldeasturias.com\\\/noticias\\\/#website\",\"url\":\"https:\\\/\\\/www.eldigitaldeasturias.com\\\/noticias\\\/\",\"name\":\"El Digital de Asturias - Diario de actualidad y noticias\",\"alternateName\":\"El Digital de Asturias - Diario de actualidad y noticias\",\"description\":\"Hemeroteca\",\"inLanguage\":\"es-ES\",\"publisher\":{\"@id\":\"https:\\\/\\\/www.eldigitaldeasturias.com\\\/noticias\\\/#organization\"}}]}\n\t\t<\/script>\n\t\t<!-- All in One SEO Pro -->\r\n\t\t<title>Rummenigge: \u00abEl Bayern M\u00fanich es competitivo en el mercado de fichajes\u00bb - El Digital de Asturias<\/title>\n\n","aioseo_head_json":{"title":"Rummenigge: \u00abEl Bayern M\u00fanich es competitivo en el mercado de fichajes\u00bb - El Digital de Asturias","description":"M\u00fanich, 12 jul (dpa) \u2013 Karl-Heinz Rummenigge, director general del Bayern M\u00fanich, considera que el campe\u00f3n alem\u00e1n sigue siendo competitivo en la lucha por fichar a los mejores jugadores, seg\u00fan dijo en un acto promocional en el Allianz Arena. \"La situaci\u00f3n financiera del Bayern M\u00fanich es absolutamente buena, por lo que no me preocupa su","canonical_url":"https:\/\/www.eldigitaldeasturias.com\/noticias\/rummenigge-el-bayern-munich-es-competitivo-en-el-mercado-de-fichajes\/","robots":"max-image-preview:large","keywords":"deportes","webmasterTools":{"google-site-verification":"UA-38556648-1","msvalidate.01":"7dfe9f3f1b24437ab69f4f2559babe99","miscellaneous":""},"schema":{"@context":"https:\/\/schema.org","@graph":[{"@type":"BlogPosting","@id":"https:\/\/www.eldigitaldeasturias.com\/noticias\/rummenigge-el-bayern-munich-es-competitivo-en-el-mercado-de-fichajes\/#blogposting","name":"Rummenigge: \u00abEl Bayern M\u00fanich es competitivo en el mercado de fichajes\u00bb - El Digital de Asturias","headline":"Rummenigge: \u00abEl Bayern M\u00fanich es competitivo en el mercado de fichajes\u00bb","author":{"@id":"https:\/\/www.eldigitaldeasturias.com\/noticias\/author\/admin\/#author"},"publisher":{"@id":"https:\/\/www.eldigitaldeasturias.com\/noticias\/#organization"},"image":{"@type":"ImageObject","url":"https:\/\/www.eldigitaldeasturias.com\/noticias\/wp-content\/uploads\/2019\/07\/Rummenigge.jpg","width":997,"height":659},"datePublished":"2019-07-12T17:08:12+02:00","dateModified":"2019-07-12T17:08:12+02:00","inLanguage":"es-ES","mainEntityOfPage":{"@id":"https:\/\/www.eldigitaldeasturias.com\/noticias\/rummenigge-el-bayern-munich-es-competitivo-en-el-mercado-de-fichajes\/#webpage"},"isPartOf":{"@id":"https:\/\/www.eldigitaldeasturias.com\/noticias\/rummenigge-el-bayern-munich-es-competitivo-en-el-mercado-de-fichajes\/#webpage"},"articleSection":"Deportes"},{"@type":"BreadcrumbList","@id":"https:\/\/www.eldigitaldeasturias.com\/noticias\/rummenigge-el-bayern-munich-es-competitivo-en-el-mercado-de-fichajes\/#breadcrumblist","itemListElement":[{"@type":"ListItem","@id":"https:\/\/www.eldigitaldeasturias.com\/noticias#listItem","position":1,"name":"Home","item":"https:\/\/www.eldigitaldeasturias.com\/noticias","nextItem":{"@type":"ListItem","@id":"https:\/\/www.eldigitaldeasturias.com\/noticias\/category\/deportes\/#listItem","name":"Deportes"}},{"@type":"ListItem","@id":"https:\/\/www.eldigitaldeasturias.com\/noticias\/category\/deportes\/#listItem","position":2,"name":"Deportes","item":"https:\/\/www.eldigitaldeasturias.com\/noticias\/category\/deportes\/","nextItem":{"@type":"ListItem","@id":"https:\/\/www.eldigitaldeasturias.com\/noticias\/rummenigge-el-bayern-munich-es-competitivo-en-el-mercado-de-fichajes\/#listItem","name":"Rummenigge: \u00abEl Bayern M\u00fanich es competitivo en el mercado de fichajes\u00bb"},"previousItem":{"@type":"ListItem","@id":"https:\/\/www.eldigitaldeasturias.com\/noticias#listItem","name":"Home"}},{"@type":"ListItem","@id":"https:\/\/www.eldigitaldeasturias.com\/noticias\/rummenigge-el-bayern-munich-es-competitivo-en-el-mercado-de-fichajes\/#listItem","position":3,"name":"Rummenigge: \u00abEl Bayern M\u00fanich es competitivo en el mercado de fichajes\u00bb","previousItem":{"@type":"ListItem","@id":"https:\/\/www.eldigitaldeasturias.com\/noticias\/category\/deportes\/#listItem","name":"Deportes"}}]},{"@type":"Organization","@id":"https:\/\/www.eldigitaldeasturias.com\/noticias\/#organization","name":"El Digital de Asturias","description":"Hemeroteca","url":"https:\/\/www.eldigitaldeasturias.com\/noticias\/","email":"info@eldigitaldeasturias.com","telephone":"+34652131393","logo":{"@type":"ImageObject","url":"https:\/\/www.eldigitaldeasturias.com\/noticias\/wp-content\/uploads\/2020\/12\/EDA.jpg","@id":"https:\/\/www.eldigitaldeasturias.com\/noticias\/rummenigge-el-bayern-munich-es-competitivo-en-el-mercado-de-fichajes\/#organizationLogo","width":649,"height":297},"image":{"@id":"https:\/\/www.eldigitaldeasturias.com\/noticias\/rummenigge-el-bayern-munich-es-competitivo-en-el-mercado-de-fichajes\/#organizationLogo"},"sameAs":["https:\/\/facebook.com\/eldigitaldeasturias","https:\/\/www.youtube.com\/channel\/UCZP-2wLEB9Rv6erhFmqVnvg"],"address":{"@id":"https:\/\/www.eldigitaldeasturias.com\/noticias\/#postaladdress","@type":"PostalAddress","streetAddress":"san antonio 4,","postalCode":"33430","addressLocality":"Cand\u00e1s","addressRegion":"Asturias","addressCountry":"ES"}},{"@type":"Person","@id":"https:\/\/www.eldigitaldeasturias.com\/noticias\/author\/admin\/#author","url":"https:\/\/www.eldigitaldeasturias.com\/noticias\/author\/admin\/","name":"El Digital de Asturias","image":{"@type":"ImageObject","@id":"https:\/\/www.eldigitaldeasturias.com\/noticias\/rummenigge-el-bayern-munich-es-competitivo-en-el-mercado-de-fichajes\/#authorImage","url":"https:\/\/www.eldigitaldeasturias.com\/noticias\/wp-content\/litespeed\/avatar\/18677e78aa0546b92d9dbf31ec7d7668.jpg?ver=1776685526","width":96,"height":96,"caption":"El Digital de Asturias"}},{"@type":"WebPage","@id":"https:\/\/www.eldigitaldeasturias.com\/noticias\/rummenigge-el-bayern-munich-es-competitivo-en-el-mercado-de-fichajes\/#webpage","url":"https:\/\/www.eldigitaldeasturias.com\/noticias\/rummenigge-el-bayern-munich-es-competitivo-en-el-mercado-de-fichajes\/","name":"Rummenigge: \u00abEl Bayern M\u00fanich es competitivo en el mercado de fichajes\u00bb - El Digital de Asturias","description":"M\u00fanich, 12 jul (dpa) \u2013 Karl-Heinz Rummenigge, director general del Bayern M\u00fanich, considera que el campe\u00f3n alem\u00e1n sigue siendo competitivo en la lucha por fichar a los mejores jugadores, seg\u00fan dijo en un acto promocional en el Allianz Arena. \"La situaci\u00f3n financiera del Bayern M\u00fanich es absolutamente buena, por lo que no me preocupa su","inLanguage":"es-ES","isPartOf":{"@id":"https:\/\/www.eldigitaldeasturias.com\/noticias\/#website"},"breadcrumb":{"@id":"https:\/\/www.eldigitaldeasturias.com\/noticias\/rummenigge-el-bayern-munich-es-competitivo-en-el-mercado-de-fichajes\/#breadcrumblist"},"author":{"@id":"https:\/\/www.eldigitaldeasturias.com\/noticias\/author\/admin\/#author"},"creator":{"@id":"https:\/\/www.eldigitaldeasturias.com\/noticias\/author\/admin\/#author"},"image":{"@type":"ImageObject","url":"https:\/\/www.eldigitaldeasturias.com\/noticias\/wp-content\/uploads\/2019\/07\/Rummenigge.jpg","@id":"https:\/\/www.eldigitaldeasturias.com\/noticias\/rummenigge-el-bayern-munich-es-competitivo-en-el-mercado-de-fichajes\/#mainImage","width":997,"height":659},"primaryImageOfPage":{"@id":"https:\/\/www.eldigitaldeasturias.com\/noticias\/rummenigge-el-bayern-munich-es-competitivo-en-el-mercado-de-fichajes\/#mainImage"},"datePublished":"2019-07-12T17:08:12+02:00","dateModified":"2019-07-12T17:08:12+02:00"},{"@type":"WebSite","@id":"https:\/\/www.eldigitaldeasturias.com\/noticias\/#website","url":"https:\/\/www.eldigitaldeasturias.com\/noticias\/","name":"El Digital de Asturias - Diario de actualidad y noticias","alternateName":"El Digital de Asturias - Diario de actualidad y noticias","description":"Hemeroteca","inLanguage":"es-ES","publisher":{"@id":"https:\/\/www.eldigitaldeasturias.com\/noticias\/#organization"}}]},"og:locale":"es_ES","og:site_name":"El Digital de Asturias","og:type":"article","og:title":"Rummenigge: \u00abEl Bayern M\u00fanich es competitivo en el mercado de fichajes\u00bb - El Digital de Asturias","og:description":"M\u00fanich, 12 jul (dpa) \u2013 Karl-Heinz Rummenigge, director general del Bayern M\u00fanich, considera que el campe\u00f3n alem\u00e1n sigue siendo competitivo en la lucha por fichar a los mejores jugadores, seg\u00fan dijo en un acto promocional en el Allianz Arena. &quot;La situaci\u00f3n financiera del Bayern M\u00fanich es absolutamente buena, por lo que no me preocupa su","og:url":"https:\/\/www.eldigitaldeasturias.com\/noticias\/rummenigge-el-bayern-munich-es-competitivo-en-el-mercado-de-fichajes\/","og:image":"https:\/\/www.eldigitaldeasturias.com\/noticias\/wp-content\/uploads\/2019\/07\/Rummenigge.jpg","og:image:secure_url":"https:\/\/www.eldigitaldeasturias.com\/noticias\/wp-content\/uploads\/2019\/07\/Rummenigge.jpg","og:image:width":997,"og:image:height":659,"article:tag":["deportes"],"article:published_time":"2019-07-12T17:08:12+00:00","article:modified_time":"2019-07-12T17:08:12+00:00","article:publisher":"https:\/\/facebook.com\/eldigitaldeasturias","twitter:card":"summary_large_image","twitter:title":"Rummenigge: \u00abEl Bayern M\u00fanich es competitivo en el mercado de fichajes\u00bb - El Digital de Asturias","twitter:description":"M\u00fanich, 12 jul (dpa) \u2013 Karl-Heinz Rummenigge, director general del Bayern M\u00fanich, considera que el campe\u00f3n alem\u00e1n sigue siendo competitivo en la lucha por fichar a los mejores jugadores, seg\u00fan dijo en un acto promocional en el Allianz Arena. &quot;La situaci\u00f3n financiera del Bayern M\u00fanich es absolutamente buena, por lo que no me preocupa su","twitter:image":"https:\/\/www.eldigitaldeasturias.com\/noticias\/wp-content\/uploads\/2019\/07\/Rummenigge.jpg","twitter:label1":"Escrito por","twitter:data1":"El Digital de Asturias","twitter:label2":"Tiempo de lectura estimado","twitter:data2":"1 minuto"},"aioseo_meta_data":{"post_id":"1034576","title":null,"description":null,"keywords":null,"keyphrases":null,"primary_term":null,"canonical_url":null,"og_title":null,"og_description":null,"og_object_type":"default","og_image_type":"default","og_image_url":null,"og_image_width":null,"og_image_height":null,"og_image_custom_url":null,"og_image_custom_fields":null,"og_video":null,"og_custom_url":null,"og_article_section":null,"og_article_tags":null,"twitter_use_og":false,"twitter_card":"default","twitter_image_type":"default","twitter_image_url":null,"twitter_image_custom_url":null,"twitter_image_custom_fields":null,"twitter_title":null,"twitter_description":null,"schema":{"blockGraphs":[],"customGraphs":[],"default":{"data":{"Article":[],"Course":[],"Dataset":[],"FAQPage":[],"Movie":[],"Person":[],"Product":[],"ProductReview":[],"Car":[],"Recipe":[],"Service":[],"SoftwareApplication":[],"WebPage":[]},"graphName":"","isEnabled":true},"graphs":[]},"schema_type":null,"schema_type_options":null,"pillar_content":false,"robots_default":true,"robots_noindex":false,"robots_noarchive":false,"robots_nosnippet":false,"robots_nofollow":false,"robots_noimageindex":false,"robots_noodp":false,"robots_notranslate":false,"robots_max_snippet":null,"robots_max_videopreview":null,"robots_max_imagepreview":"large","priority":null,"frequency":null,"local_seo":null,"seo_analyzer_scan_date":"2025-10-22 05:24:13","breadcrumb_settings":null,"limit_modified_date":false,"open_ai":null,"ai":null,"created":"2020-12-21 11:08:23","updated":"2025-10-22 05:24:13"},"aioseo_breadcrumb":"<div class=\"aioseo-breadcrumbs\"><span class=\"aioseo-breadcrumb\">\n\t<a href=\"https:\/\/www.eldigitaldeasturias.com\/noticias\" title=\"Home\">Home<\/a>\n<\/span><span class=\"aioseo-breadcrumb-separator\">\u2013<\/span><span class=\"aioseo-breadcrumb\">\n\t<a href=\"https:\/\/www.eldigitaldeasturias.com\/noticias\/category\/deportes\/\" title=\"Deportes\">Deportes<\/a>\n<\/span><span class=\"aioseo-breadcrumb-separator\">\u2013<\/span><span class=\"aioseo-breadcrumb\">\n\t<a href=\"https:\/\/www.eldigitaldeasturias.com\/noticias\/rummenigge-el-bayern-munich-es-competitivo-en-el-mercado-de-fichajes\/\" title=\"Rummenigge: \u00abEl Bayern M\u00fanich es competitivo en el mercado de fichajes\u00bb\">Rummenigge: \u00abEl Bayern M\u00fanich es competitivo en el mercado de fichajes\u00bb<\/a>\n<\/span><\/div>","aioseo_breadcrumb_json":[{"label":"Home","link":"https:\/\/www.eldigitaldeasturias.com\/noticias"},{"label":"Deportes","link":"https:\/\/www.eldigitaldeasturias.com\/noticias\/category\/deportes\/"},{"label":"Rummenigge: \u00abEl Bayern M\u00fanich es competitivo en el mercado de fichajes\u00bb","link":"https:\/\/www.eldigitaldeasturias.com\/noticias\/rummenigge-el-bayern-munich-es-competitivo-en-el-mercado-de-fichajes\/"}],"_links":{"self":[{"href":"https:\/\/www.eldigitaldeasturias.com\/noticias\/wp-json\/wp\/v2\/posts\/1034576","targetHints":{"allow":["GET"]}}],"collection":[{"href":"https:\/\/www.eldigitaldeasturias.com\/noticias\/wp-json\/wp\/v2\/posts"}],"about":[{"href":"https:\/\/www.eldigitaldeasturias.com\/noticias\/wp-json\/wp\/v2\/types\/post"}],"author":[{"embeddable":true,"href":"https:\/\/www.eldigitaldeasturias.com\/noticias\/wp-json\/wp\/v2\/users\/1"}],"replies":[{"embeddable":true,"href":"https:\/\/www.eldigitaldeasturias.com\/noticias\/wp-json\/wp\/v2\/comments?post=1034576"}],"version-history":[{"count":0,"href":"https:\/\/www.eldigitaldeasturias.com\/noticias\/wp-json\/wp\/v2\/posts\/1034576\/revisions"}],"wp:featuredmedia":[{"embeddable":true,"href":"https:\/\/www.eldigitaldeasturias.com\/noticias\/wp-json\/wp\/v2\/media\/1034577"}],"wp:attachment":[{"href":"https:\/\/www.eldigitaldeasturias.com\/noticias\/wp-json\/wp\/v2\/media?parent=1034576"}],"wp:term":[{"taxonomy":"category","embeddable":true,"href":"https:\/\/www.eldigitaldeasturias.com\/noticias\/wp-json\/wp\/v2\/categories?post=1034576"},{"taxonomy":"post_tag","embeddable":true,"href":"https:\/\/www.eldigitaldeasturias.com\/noticias\/wp-json\/wp\/v2\/tags?post=1034576"}],"curies":[{"name":"wp","href":"https:\/\/api.w.org\/{rel}","templated":true}]}}