{"id":1034555,"date":"2019-07-12T15:44:05","date_gmt":"2019-07-12T15:44:05","guid":{"rendered":"https:\/\/www.eldigitaldeasturias.com\/noticias\/?p=1034555"},"modified":"2019-07-12T15:44:05","modified_gmt":"2019-07-12T15:44:05","slug":"praga-el-corazon-de-europa","status":"publish","type":"post","link":"https:\/\/www.eldigitaldeasturias.com\/noticias\/praga-el-corazon-de-europa\/","title":{"rendered":"Praga, el coraz\u00f3n de Europa"},"content":{"rendered":"<p><img loading=\"lazy\" decoding=\"async\" class=\"alignleft size-medium wp-image-1034556\" src=\"https:\/\/www.eldigitaldeasturias.com\/noticias\/wp-content\/uploads\/2019\/07\/prague-1119791_960_720-360x203.jpg\" alt=\"\" width=\"360\" height=\"203\" srcset=\"https:\/\/www.eldigitaldeasturias.com\/noticias\/wp-content\/uploads\/2019\/07\/prague-1119791_960_720-360x203.jpg 360w, https:\/\/www.eldigitaldeasturias.com\/noticias\/wp-content\/uploads\/2019\/07\/prague-1119791_960_720-768x432.jpg 768w, https:\/\/www.eldigitaldeasturias.com\/noticias\/wp-content\/uploads\/2019\/07\/prague-1119791_960_720-650x366.jpg 650w, https:\/\/www.eldigitaldeasturias.com\/noticias\/wp-content\/uploads\/2019\/07\/prague-1119791_960_720.jpg 960w\" sizes=\"auto, (max-width: 360px) 100vw, 360px\" \/>Uno de los destinos tur\u00edsticos m\u00e1s hermosos que existen en Europa se encuentra en la Rep\u00fablica Checa. Se trata de Praga, la capital del pa\u00eds, antiguamente capital del Reino de Bohemia y de Checoslovaquia.<\/p>\n<p>Praga, tambi\u00e9n conocida como \u201cel coraz\u00f3n de Europa\u201d o \u201cla ciudad dorada\u201d alberga dentro de s\u00ed, uno de los centros culturales m\u00e1s importantes de la Europa Central, reconocida mundialmente por sus museos, arquitectura, m\u00fasica y literatura. No obstante, tambi\u00e9n es desde hace muchos a\u00f1os, una de las ciudades m\u00e1s visitadas por los turistas de todas partes del mundo.<\/p>\n<p>Por esto, ahora que han llegado las vacaciones verano, en el sitio web: <a title=\"https:\/\/memarchodeviaje.com\" href=\"https:\/\/memarchodeviaje.com\/\" target=\"_blank\" rel=\"noopener noreferrer\"><span style=\"color: #ff6600;\"><strong>https:\/\/memarchodeviaje.com<\/strong><\/span><\/a> tendr\u00e1s la oportunidad de consultar de manera instant\u00e1nea todas las gu\u00edas de viaje que necesites sobre diversos pa\u00edses y ciudades de Europa. Adem\u00e1s, estas gu\u00edas de viaje te incluir\u00e1n informaci\u00f3n y sugerencias sobre excursiones que puedes llevar a cabo y sobre los alojamientos en donde puedes hospedarte, dependiendo del lugar que escojas como destino.<\/p>\n<p>As\u00ed que, si decides conocer esta bella ciudad europea, tambi\u00e9n encontrar\u00e1s una perfecta <strong><a title=\"gu\u00eda de Praga\" href=\"https:\/\/memarchodeviaje.com\/hoteles-praga-republica-checa\/\" target=\"_blank\" rel=\"noopener noreferrer\"><span style=\"color: #ff6600;\">gu\u00eda de Praga<\/span><\/a> <\/strong>en la que tendr\u00e1s informaci\u00f3n sobre todo lo que puedes hacer y visitar en estas vacaciones.<\/p>\n<p>De igual manera, a continuaci\u00f3n, te mencionaremos, algunos de los lugares m\u00e1s visitados anualmente por los turistas en Praga:<\/p>\n<h3><strong>El Barrio Star\u00e9 Mesto<\/strong><\/h3>\n<p>Este lugar, conocido como \u201cla ciudad vieja\u201d es un barrio antiqu\u00edsimo de Praga que a lo largo de los siglos ha acogido a viajeros de todas partes del mundo en busca de fortuna. Hoy en d\u00eda, es un laberinto de calles peque\u00f1as y callejones llenos de iglesias y plazas, perfecto para vagar con la mirada perdida mientras te dejas guiar por la fascinaci\u00f3n de los palacios y la atm\u00f3sfera atemporal que reina por todas partes.<\/p>\n<h3><strong>El Castillo de Praga<\/strong><\/h3>\n<p>El Castillo de Praga es uno de los sitios m\u00e1s visitados por los turistas. Aunque llamarlo simplemente \u00abcastillo\u00bb se queda corto, ya que, este vasto complejo que domina la ciudad est\u00e1 considerado la fortaleza m\u00e1s grande del mundo y alberga en su interior much\u00edsimas atracciones que no te puedes perder. Una de las m\u00e1s destacadas es la hermosa Catedral de San Vito, una maravilla g\u00f3tica que sobresale sobre todos los tejados desde hace casi un milenio.<\/p>\n<h3><strong>El Puente Carlos<\/strong><\/h3>\n<p>El Puente Carlos de Praga es uno de los s\u00edmbolos m\u00e1s conocidos de la Rep\u00fablica Checa. Este puente de piedra decorado con 30 estatuas barrocas une los dos barrios centrales de la ciudad desde la mitad del siglo XIV y todav\u00eda est\u00e1 en una forma estupenda.<\/p>\n<h3><strong>El Barrio Mal\u00e1Strana<\/strong><\/h3>\n<p>El tambi\u00e9n conocido \u201cbarrio peque\u00f1o\u201d, a lo largo de los siglos ha acogido a emigrantes, nobles y nuevos burgueses en una mezcla de culturas y tradiciones que se ha traducido en la existencia de una gran variedad de lugares que visitar que muestran una espl\u00e9ndida arquitectura. La perla que no puede faltar en tu visita a Mal\u00e1Strana es la Iglesia de San Nicol\u00e1s, una inmensa obra maestra del Barroco llena de frescos y esculturas, adem\u00e1s del gran \u00f3rgano que Mozart toc\u00f3 durante su estancia en Praga.<\/p>\n<p>Por \u00faltimo, debes saber que el alojamiento en Praga es muy amplio con varios hoteles y hostales de diversas calidades y tarifas, por lo cual, si decides visitar esta ciudad, podr\u00e1s acomodar tu presupuesto seg\u00fan tus comodidades. As\u00ed que no te olvides de consultar el sitio web <em>memarchodeviaje.com<\/em>, donde encontrar\u00e1s toda la informaci\u00f3n que necesitas saber acerca de Praga de manera amplia y detallada.<\/p>\n<p>&nbsp;<\/p>\n","protected":false},"excerpt":{"rendered":"<p>Uno de los destinos tur\u00edsticos m\u00e1s hermosos que existen en Europa se encuentra en la Rep\u00fablica Checa. Se trata de Praga, la capital del pa\u00eds, antiguamente capital del Reino de Bohemia y de Checoslovaquia. Praga, tambi\u00e9n conocida como \u201cel coraz\u00f3n de Europa\u201d o \u201cla ciudad dorada\u201d alberga dentro de s\u00ed, uno de los centros culturales [&hellip;]<\/p>\n","protected":false},"author":1,"featured_media":1034556,"comment_status":"closed","ping_status":"closed","sticky":false,"template":"","format":"standard","meta":{"footnotes":""},"categories":[148],"tags":[],"class_list":["post-1034555","post","type-post","status-publish","format-standard","has-post-thumbnail","hentry","category-turismo"],"aioseo_notices":[],"aioseo_head":"\n\t\t<!-- All in One SEO Pro 4.9.6.2 - aioseo.com -->\n\t<meta name=\"description\" content=\"Uno de los destinos tur\u00edsticos m\u00e1s hermosos que existen en Europa se encuentra en la Rep\u00fablica Checa. Se trata de Praga, la capital del pa\u00eds, antiguamente capital del Reino de Bohemia y de Checoslovaquia. Praga, tambi\u00e9n conocida como \u201cel coraz\u00f3n de Europa\u201d o \u201cla ciudad dorada\u201d alberga dentro de s\u00ed, uno de los centros culturales\" \/>\n\t<meta name=\"robots\" content=\"max-image-preview:large\" \/>\n\t<meta name=\"author\" content=\"El Digital de Asturias\"\/>\n\t<meta name=\"google-site-verification\" content=\"UA-38556648-1\" \/>\n\t<meta name=\"msvalidate.01\" content=\"7dfe9f3f1b24437ab69f4f2559babe99\" \/>\n\t<meta name=\"keywords\" content=\"turismo\" \/>\n\t<link rel=\"canonical\" href=\"https:\/\/www.eldigitaldeasturias.com\/noticias\/praga-el-corazon-de-europa\/\" \/>\n\t<meta name=\"generator\" content=\"All in One SEO Pro (AIOSEO) 4.9.6.2\" \/>\n\t\t<meta property=\"og:locale\" content=\"es_ES\" \/>\n\t\t<meta property=\"og:site_name\" content=\"El Digital de Asturias\" \/>\n\t\t<meta property=\"og:type\" content=\"article\" \/>\n\t\t<meta property=\"og:title\" content=\"Praga, el coraz\u00f3n de Europa - El Digital de Asturias\" \/>\n\t\t<meta property=\"og:description\" content=\"Uno de los destinos tur\u00edsticos m\u00e1s hermosos que existen en Europa se encuentra en la Rep\u00fablica Checa. Se trata de Praga, la capital del pa\u00eds, antiguamente capital del Reino de Bohemia y de Checoslovaquia. Praga, tambi\u00e9n conocida como \u201cel coraz\u00f3n de Europa\u201d o \u201cla ciudad dorada\u201d alberga dentro de s\u00ed, uno de los centros culturales\" \/>\n\t\t<meta property=\"og:url\" content=\"https:\/\/www.eldigitaldeasturias.com\/noticias\/praga-el-corazon-de-europa\/\" \/>\n\t\t<meta property=\"og:image\" content=\"https:\/\/www.eldigitaldeasturias.com\/noticias\/wp-content\/uploads\/2019\/07\/prague-1119791_960_720.jpg\" \/>\n\t\t<meta property=\"og:image:secure_url\" content=\"https:\/\/www.eldigitaldeasturias.com\/noticias\/wp-content\/uploads\/2019\/07\/prague-1119791_960_720.jpg\" \/>\n\t\t<meta property=\"og:image:width\" content=\"960\" \/>\n\t\t<meta property=\"og:image:height\" content=\"540\" \/>\n\t\t<meta property=\"article:tag\" content=\"turismo\" \/>\n\t\t<meta property=\"article:published_time\" content=\"2019-07-12T15:44:05+00:00\" \/>\n\t\t<meta property=\"article:modified_time\" content=\"2019-07-12T15:44:05+00:00\" \/>\n\t\t<meta property=\"article:publisher\" content=\"https:\/\/facebook.com\/eldigitaldeasturias\" \/>\n\t\t<meta name=\"twitter:card\" content=\"summary_large_image\" \/>\n\t\t<meta name=\"twitter:title\" content=\"Praga, el coraz\u00f3n de Europa - El Digital de Asturias\" \/>\n\t\t<meta name=\"twitter:description\" content=\"Uno de los destinos tur\u00edsticos m\u00e1s hermosos que existen en Europa se encuentra en la Rep\u00fablica Checa. Se trata de Praga, la capital del pa\u00eds, antiguamente capital del Reino de Bohemia y de Checoslovaquia. Praga, tambi\u00e9n conocida como \u201cel coraz\u00f3n de Europa\u201d o \u201cla ciudad dorada\u201d alberga dentro de s\u00ed, uno de los centros culturales\" \/>\n\t\t<meta name=\"twitter:image\" content=\"https:\/\/www.eldigitaldeasturias.com\/noticias\/wp-content\/uploads\/2019\/07\/prague-1119791_960_720.jpg\" \/>\n\t\t<meta name=\"twitter:label1\" content=\"Escrito por\" \/>\n\t\t<meta name=\"twitter:data1\" content=\"El Digital de Asturias\" \/>\n\t\t<meta name=\"twitter:label2\" content=\"Tiempo de lectura estimado\" \/>\n\t\t<meta name=\"twitter:data2\" content=\"3 minutos\" \/>\n\t\t<script type=\"application\/ld+json\" class=\"aioseo-schema\">\n\t\t\t{\"@context\":\"https:\\\/\\\/schema.org\",\"@graph\":[{\"@type\":\"BlogPosting\",\"@id\":\"https:\\\/\\\/www.eldigitaldeasturias.com\\\/noticias\\\/praga-el-corazon-de-europa\\\/#blogposting\",\"name\":\"Praga, el coraz\\u00f3n de Europa - El Digital de Asturias\",\"headline\":\"Praga, el coraz\\u00f3n de Europa\",\"author\":{\"@id\":\"https:\\\/\\\/www.eldigitaldeasturias.com\\\/noticias\\\/author\\\/admin\\\/#author\"},\"publisher\":{\"@id\":\"https:\\\/\\\/www.eldigitaldeasturias.com\\\/noticias\\\/#organization\"},\"image\":{\"@type\":\"ImageObject\",\"url\":\"https:\\\/\\\/www.eldigitaldeasturias.com\\\/noticias\\\/wp-content\\\/uploads\\\/2019\\\/07\\\/prague-1119791_960_720.jpg\",\"width\":960,\"height\":540},\"datePublished\":\"2019-07-12T15:44:05+02:00\",\"dateModified\":\"2019-07-12T15:44:05+02:00\",\"inLanguage\":\"es-ES\",\"mainEntityOfPage\":{\"@id\":\"https:\\\/\\\/www.eldigitaldeasturias.com\\\/noticias\\\/praga-el-corazon-de-europa\\\/#webpage\"},\"isPartOf\":{\"@id\":\"https:\\\/\\\/www.eldigitaldeasturias.com\\\/noticias\\\/praga-el-corazon-de-europa\\\/#webpage\"},\"articleSection\":\"Turismo\"},{\"@type\":\"BreadcrumbList\",\"@id\":\"https:\\\/\\\/www.eldigitaldeasturias.com\\\/noticias\\\/praga-el-corazon-de-europa\\\/#breadcrumblist\",\"itemListElement\":[{\"@type\":\"ListItem\",\"@id\":\"https:\\\/\\\/www.eldigitaldeasturias.com\\\/noticias#listItem\",\"position\":1,\"name\":\"Home\",\"item\":\"https:\\\/\\\/www.eldigitaldeasturias.com\\\/noticias\",\"nextItem\":{\"@type\":\"ListItem\",\"@id\":\"https:\\\/\\\/www.eldigitaldeasturias.com\\\/noticias\\\/category\\\/turismo\\\/#listItem\",\"name\":\"Turismo\"}},{\"@type\":\"ListItem\",\"@id\":\"https:\\\/\\\/www.eldigitaldeasturias.com\\\/noticias\\\/category\\\/turismo\\\/#listItem\",\"position\":2,\"name\":\"Turismo\",\"item\":\"https:\\\/\\\/www.eldigitaldeasturias.com\\\/noticias\\\/category\\\/turismo\\\/\",\"nextItem\":{\"@type\":\"ListItem\",\"@id\":\"https:\\\/\\\/www.eldigitaldeasturias.com\\\/noticias\\\/praga-el-corazon-de-europa\\\/#listItem\",\"name\":\"Praga, el coraz\\u00f3n de Europa\"},\"previousItem\":{\"@type\":\"ListItem\",\"@id\":\"https:\\\/\\\/www.eldigitaldeasturias.com\\\/noticias#listItem\",\"name\":\"Home\"}},{\"@type\":\"ListItem\",\"@id\":\"https:\\\/\\\/www.eldigitaldeasturias.com\\\/noticias\\\/praga-el-corazon-de-europa\\\/#listItem\",\"position\":3,\"name\":\"Praga, el coraz\\u00f3n de Europa\",\"previousItem\":{\"@type\":\"ListItem\",\"@id\":\"https:\\\/\\\/www.eldigitaldeasturias.com\\\/noticias\\\/category\\\/turismo\\\/#listItem\",\"name\":\"Turismo\"}}]},{\"@type\":\"Organization\",\"@id\":\"https:\\\/\\\/www.eldigitaldeasturias.com\\\/noticias\\\/#organization\",\"name\":\"El Digital de Asturias\",\"description\":\"Hemeroteca\",\"url\":\"https:\\\/\\\/www.eldigitaldeasturias.com\\\/noticias\\\/\",\"email\":\"info@eldigitaldeasturias.com\",\"telephone\":\"+34652131393\",\"logo\":{\"@type\":\"ImageObject\",\"url\":\"https:\\\/\\\/www.eldigitaldeasturias.com\\\/noticias\\\/wp-content\\\/uploads\\\/2020\\\/12\\\/EDA.jpg\",\"@id\":\"https:\\\/\\\/www.eldigitaldeasturias.com\\\/noticias\\\/praga-el-corazon-de-europa\\\/#organizationLogo\",\"width\":649,\"height\":297},\"image\":{\"@id\":\"https:\\\/\\\/www.eldigitaldeasturias.com\\\/noticias\\\/praga-el-corazon-de-europa\\\/#organizationLogo\"},\"sameAs\":[\"https:\\\/\\\/facebook.com\\\/eldigitaldeasturias\",\"https:\\\/\\\/www.youtube.com\\\/channel\\\/UCZP-2wLEB9Rv6erhFmqVnvg\"],\"address\":{\"@id\":\"https:\\\/\\\/www.eldigitaldeasturias.com\\\/noticias\\\/#postaladdress\",\"@type\":\"PostalAddress\",\"streetAddress\":\"san antonio 4,\",\"postalCode\":\"33430\",\"addressLocality\":\"Cand\\u00e1s\",\"addressRegion\":\"Asturias\",\"addressCountry\":\"ES\"}},{\"@type\":\"Person\",\"@id\":\"https:\\\/\\\/www.eldigitaldeasturias.com\\\/noticias\\\/author\\\/admin\\\/#author\",\"url\":\"https:\\\/\\\/www.eldigitaldeasturias.com\\\/noticias\\\/author\\\/admin\\\/\",\"name\":\"El Digital de Asturias\",\"image\":{\"@type\":\"ImageObject\",\"@id\":\"https:\\\/\\\/www.eldigitaldeasturias.com\\\/noticias\\\/praga-el-corazon-de-europa\\\/#authorImage\",\"url\":\"https:\\\/\\\/www.eldigitaldeasturias.com\\\/noticias\\\/wp-content\\\/litespeed\\\/avatar\\\/18677e78aa0546b92d9dbf31ec7d7668.jpg?ver=1777290358\",\"width\":96,\"height\":96,\"caption\":\"El Digital de Asturias\"}},{\"@type\":\"WebPage\",\"@id\":\"https:\\\/\\\/www.eldigitaldeasturias.com\\\/noticias\\\/praga-el-corazon-de-europa\\\/#webpage\",\"url\":\"https:\\\/\\\/www.eldigitaldeasturias.com\\\/noticias\\\/praga-el-corazon-de-europa\\\/\",\"name\":\"Praga, el coraz\\u00f3n de Europa - El Digital de Asturias\",\"description\":\"Uno de los destinos tur\\u00edsticos m\\u00e1s hermosos que existen en Europa se encuentra en la Rep\\u00fablica Checa. Se trata de Praga, la capital del pa\\u00eds, antiguamente capital del Reino de Bohemia y de Checoslovaquia. Praga, tambi\\u00e9n conocida como \\u201cel coraz\\u00f3n de Europa\\u201d o \\u201cla ciudad dorada\\u201d alberga dentro de s\\u00ed, uno de los centros culturales\",\"inLanguage\":\"es-ES\",\"isPartOf\":{\"@id\":\"https:\\\/\\\/www.eldigitaldeasturias.com\\\/noticias\\\/#website\"},\"breadcrumb\":{\"@id\":\"https:\\\/\\\/www.eldigitaldeasturias.com\\\/noticias\\\/praga-el-corazon-de-europa\\\/#breadcrumblist\"},\"author\":{\"@id\":\"https:\\\/\\\/www.eldigitaldeasturias.com\\\/noticias\\\/author\\\/admin\\\/#author\"},\"creator\":{\"@id\":\"https:\\\/\\\/www.eldigitaldeasturias.com\\\/noticias\\\/author\\\/admin\\\/#author\"},\"image\":{\"@type\":\"ImageObject\",\"url\":\"https:\\\/\\\/www.eldigitaldeasturias.com\\\/noticias\\\/wp-content\\\/uploads\\\/2019\\\/07\\\/prague-1119791_960_720.jpg\",\"@id\":\"https:\\\/\\\/www.eldigitaldeasturias.com\\\/noticias\\\/praga-el-corazon-de-europa\\\/#mainImage\",\"width\":960,\"height\":540},\"primaryImageOfPage\":{\"@id\":\"https:\\\/\\\/www.eldigitaldeasturias.com\\\/noticias\\\/praga-el-corazon-de-europa\\\/#mainImage\"},\"datePublished\":\"2019-07-12T15:44:05+02:00\",\"dateModified\":\"2019-07-12T15:44:05+02:00\"},{\"@type\":\"WebSite\",\"@id\":\"https:\\\/\\\/www.eldigitaldeasturias.com\\\/noticias\\\/#website\",\"url\":\"https:\\\/\\\/www.eldigitaldeasturias.com\\\/noticias\\\/\",\"name\":\"El Digital de Asturias - Diario de actualidad y noticias\",\"alternateName\":\"El Digital de Asturias - Diario de actualidad y noticias\",\"description\":\"Hemeroteca\",\"inLanguage\":\"es-ES\",\"publisher\":{\"@id\":\"https:\\\/\\\/www.eldigitaldeasturias.com\\\/noticias\\\/#organization\"}}]}\n\t\t<\/script>\n\t\t<!-- All in One SEO Pro -->\r\n\t\t<title>Praga, el coraz\u00f3n de Europa - El Digital de Asturias<\/title>\n\n","aioseo_head_json":{"title":"Praga, el coraz\u00f3n de Europa - El Digital de Asturias","description":"Uno de los destinos tur\u00edsticos m\u00e1s hermosos que existen en Europa se encuentra en la Rep\u00fablica Checa. Se trata de Praga, la capital del pa\u00eds, antiguamente capital del Reino de Bohemia y de Checoslovaquia. Praga, tambi\u00e9n conocida como \u201cel coraz\u00f3n de Europa\u201d o \u201cla ciudad dorada\u201d alberga dentro de s\u00ed, uno de los centros culturales","canonical_url":"https:\/\/www.eldigitaldeasturias.com\/noticias\/praga-el-corazon-de-europa\/","robots":"max-image-preview:large","keywords":"turismo","webmasterTools":{"google-site-verification":"UA-38556648-1","msvalidate.01":"7dfe9f3f1b24437ab69f4f2559babe99","miscellaneous":""},"schema":{"@context":"https:\/\/schema.org","@graph":[{"@type":"BlogPosting","@id":"https:\/\/www.eldigitaldeasturias.com\/noticias\/praga-el-corazon-de-europa\/#blogposting","name":"Praga, el coraz\u00f3n de Europa - El Digital de Asturias","headline":"Praga, el coraz\u00f3n de Europa","author":{"@id":"https:\/\/www.eldigitaldeasturias.com\/noticias\/author\/admin\/#author"},"publisher":{"@id":"https:\/\/www.eldigitaldeasturias.com\/noticias\/#organization"},"image":{"@type":"ImageObject","url":"https:\/\/www.eldigitaldeasturias.com\/noticias\/wp-content\/uploads\/2019\/07\/prague-1119791_960_720.jpg","width":960,"height":540},"datePublished":"2019-07-12T15:44:05+02:00","dateModified":"2019-07-12T15:44:05+02:00","inLanguage":"es-ES","mainEntityOfPage":{"@id":"https:\/\/www.eldigitaldeasturias.com\/noticias\/praga-el-corazon-de-europa\/#webpage"},"isPartOf":{"@id":"https:\/\/www.eldigitaldeasturias.com\/noticias\/praga-el-corazon-de-europa\/#webpage"},"articleSection":"Turismo"},{"@type":"BreadcrumbList","@id":"https:\/\/www.eldigitaldeasturias.com\/noticias\/praga-el-corazon-de-europa\/#breadcrumblist","itemListElement":[{"@type":"ListItem","@id":"https:\/\/www.eldigitaldeasturias.com\/noticias#listItem","position":1,"name":"Home","item":"https:\/\/www.eldigitaldeasturias.com\/noticias","nextItem":{"@type":"ListItem","@id":"https:\/\/www.eldigitaldeasturias.com\/noticias\/category\/turismo\/#listItem","name":"Turismo"}},{"@type":"ListItem","@id":"https:\/\/www.eldigitaldeasturias.com\/noticias\/category\/turismo\/#listItem","position":2,"name":"Turismo","item":"https:\/\/www.eldigitaldeasturias.com\/noticias\/category\/turismo\/","nextItem":{"@type":"ListItem","@id":"https:\/\/www.eldigitaldeasturias.com\/noticias\/praga-el-corazon-de-europa\/#listItem","name":"Praga, el coraz\u00f3n de Europa"},"previousItem":{"@type":"ListItem","@id":"https:\/\/www.eldigitaldeasturias.com\/noticias#listItem","name":"Home"}},{"@type":"ListItem","@id":"https:\/\/www.eldigitaldeasturias.com\/noticias\/praga-el-corazon-de-europa\/#listItem","position":3,"name":"Praga, el coraz\u00f3n de Europa","previousItem":{"@type":"ListItem","@id":"https:\/\/www.eldigitaldeasturias.com\/noticias\/category\/turismo\/#listItem","name":"Turismo"}}]},{"@type":"Organization","@id":"https:\/\/www.eldigitaldeasturias.com\/noticias\/#organization","name":"El Digital de Asturias","description":"Hemeroteca","url":"https:\/\/www.eldigitaldeasturias.com\/noticias\/","email":"info@eldigitaldeasturias.com","telephone":"+34652131393","logo":{"@type":"ImageObject","url":"https:\/\/www.eldigitaldeasturias.com\/noticias\/wp-content\/uploads\/2020\/12\/EDA.jpg","@id":"https:\/\/www.eldigitaldeasturias.com\/noticias\/praga-el-corazon-de-europa\/#organizationLogo","width":649,"height":297},"image":{"@id":"https:\/\/www.eldigitaldeasturias.com\/noticias\/praga-el-corazon-de-europa\/#organizationLogo"},"sameAs":["https:\/\/facebook.com\/eldigitaldeasturias","https:\/\/www.youtube.com\/channel\/UCZP-2wLEB9Rv6erhFmqVnvg"],"address":{"@id":"https:\/\/www.eldigitaldeasturias.com\/noticias\/#postaladdress","@type":"PostalAddress","streetAddress":"san antonio 4,","postalCode":"33430","addressLocality":"Cand\u00e1s","addressRegion":"Asturias","addressCountry":"ES"}},{"@type":"Person","@id":"https:\/\/www.eldigitaldeasturias.com\/noticias\/author\/admin\/#author","url":"https:\/\/www.eldigitaldeasturias.com\/noticias\/author\/admin\/","name":"El Digital de Asturias","image":{"@type":"ImageObject","@id":"https:\/\/www.eldigitaldeasturias.com\/noticias\/praga-el-corazon-de-europa\/#authorImage","url":"https:\/\/www.eldigitaldeasturias.com\/noticias\/wp-content\/litespeed\/avatar\/18677e78aa0546b92d9dbf31ec7d7668.jpg?ver=1777290358","width":96,"height":96,"caption":"El Digital de Asturias"}},{"@type":"WebPage","@id":"https:\/\/www.eldigitaldeasturias.com\/noticias\/praga-el-corazon-de-europa\/#webpage","url":"https:\/\/www.eldigitaldeasturias.com\/noticias\/praga-el-corazon-de-europa\/","name":"Praga, el coraz\u00f3n de Europa - El Digital de Asturias","description":"Uno de los destinos tur\u00edsticos m\u00e1s hermosos que existen en Europa se encuentra en la Rep\u00fablica Checa. Se trata de Praga, la capital del pa\u00eds, antiguamente capital del Reino de Bohemia y de Checoslovaquia. Praga, tambi\u00e9n conocida como \u201cel coraz\u00f3n de Europa\u201d o \u201cla ciudad dorada\u201d alberga dentro de s\u00ed, uno de los centros culturales","inLanguage":"es-ES","isPartOf":{"@id":"https:\/\/www.eldigitaldeasturias.com\/noticias\/#website"},"breadcrumb":{"@id":"https:\/\/www.eldigitaldeasturias.com\/noticias\/praga-el-corazon-de-europa\/#breadcrumblist"},"author":{"@id":"https:\/\/www.eldigitaldeasturias.com\/noticias\/author\/admin\/#author"},"creator":{"@id":"https:\/\/www.eldigitaldeasturias.com\/noticias\/author\/admin\/#author"},"image":{"@type":"ImageObject","url":"https:\/\/www.eldigitaldeasturias.com\/noticias\/wp-content\/uploads\/2019\/07\/prague-1119791_960_720.jpg","@id":"https:\/\/www.eldigitaldeasturias.com\/noticias\/praga-el-corazon-de-europa\/#mainImage","width":960,"height":540},"primaryImageOfPage":{"@id":"https:\/\/www.eldigitaldeasturias.com\/noticias\/praga-el-corazon-de-europa\/#mainImage"},"datePublished":"2019-07-12T15:44:05+02:00","dateModified":"2019-07-12T15:44:05+02:00"},{"@type":"WebSite","@id":"https:\/\/www.eldigitaldeasturias.com\/noticias\/#website","url":"https:\/\/www.eldigitaldeasturias.com\/noticias\/","name":"El Digital de Asturias - Diario de actualidad y noticias","alternateName":"El Digital de Asturias - Diario de actualidad y noticias","description":"Hemeroteca","inLanguage":"es-ES","publisher":{"@id":"https:\/\/www.eldigitaldeasturias.com\/noticias\/#organization"}}]},"og:locale":"es_ES","og:site_name":"El Digital de Asturias","og:type":"article","og:title":"Praga, el coraz\u00f3n de Europa - El Digital de Asturias","og:description":"Uno de los destinos tur\u00edsticos m\u00e1s hermosos que existen en Europa se encuentra en la Rep\u00fablica Checa. Se trata de Praga, la capital del pa\u00eds, antiguamente capital del Reino de Bohemia y de Checoslovaquia. Praga, tambi\u00e9n conocida como \u201cel coraz\u00f3n de Europa\u201d o \u201cla ciudad dorada\u201d alberga dentro de s\u00ed, uno de los centros culturales","og:url":"https:\/\/www.eldigitaldeasturias.com\/noticias\/praga-el-corazon-de-europa\/","og:image":"https:\/\/www.eldigitaldeasturias.com\/noticias\/wp-content\/uploads\/2019\/07\/prague-1119791_960_720.jpg","og:image:secure_url":"https:\/\/www.eldigitaldeasturias.com\/noticias\/wp-content\/uploads\/2019\/07\/prague-1119791_960_720.jpg","og:image:width":960,"og:image:height":540,"article:tag":["turismo"],"article:published_time":"2019-07-12T15:44:05+00:00","article:modified_time":"2019-07-12T15:44:05+00:00","article:publisher":"https:\/\/facebook.com\/eldigitaldeasturias","twitter:card":"summary_large_image","twitter:title":"Praga, el coraz\u00f3n de Europa - El Digital de Asturias","twitter:description":"Uno de los destinos tur\u00edsticos m\u00e1s hermosos que existen en Europa se encuentra en la Rep\u00fablica Checa. Se trata de Praga, la capital del pa\u00eds, antiguamente capital del Reino de Bohemia y de Checoslovaquia. Praga, tambi\u00e9n conocida como \u201cel coraz\u00f3n de Europa\u201d o \u201cla ciudad dorada\u201d alberga dentro de s\u00ed, uno de los centros culturales","twitter:image":"https:\/\/www.eldigitaldeasturias.com\/noticias\/wp-content\/uploads\/2019\/07\/prague-1119791_960_720.jpg","twitter:label1":"Escrito por","twitter:data1":"El Digital de Asturias","twitter:label2":"Tiempo de lectura estimado","twitter:data2":"3 minutos"},"aioseo_meta_data":{"post_id":"1034555","title":null,"description":null,"keywords":null,"keyphrases":null,"primary_term":null,"canonical_url":null,"og_title":null,"og_description":null,"og_object_type":"default","og_image_type":"default","og_image_url":null,"og_image_width":null,"og_image_height":null,"og_image_custom_url":null,"og_image_custom_fields":null,"og_video":null,"og_custom_url":null,"og_article_section":null,"og_article_tags":null,"twitter_use_og":false,"twitter_card":"default","twitter_image_type":"default","twitter_image_url":null,"twitter_image_custom_url":null,"twitter_image_custom_fields":null,"twitter_title":null,"twitter_description":null,"schema":{"blockGraphs":[],"customGraphs":[],"default":{"data":{"Article":[],"Course":[],"Dataset":[],"FAQPage":[],"Movie":[],"Person":[],"Product":[],"ProductReview":[],"Car":[],"Recipe":[],"Service":[],"SoftwareApplication":[],"WebPage":[]},"graphName":"","isEnabled":true},"graphs":[],"defaultGraph":"","defaultPostTypeGraph":""},"schema_type":null,"schema_type_options":null,"pillar_content":false,"robots_default":true,"robots_noindex":false,"robots_noarchive":false,"robots_nosnippet":false,"robots_nofollow":false,"robots_noimageindex":false,"robots_noodp":false,"robots_notranslate":false,"robots_max_snippet":null,"robots_max_videopreview":null,"robots_max_imagepreview":"large","priority":null,"frequency":null,"local_seo":null,"seo_analyzer_scan_date":"2025-10-22 05:18:07","breadcrumb_settings":null,"limit_modified_date":false,"open_ai":null,"ai":null,"created":"2020-12-21 11:08:23","updated":"2025-10-22 05:18:07"},"aioseo_breadcrumb":"<div class=\"aioseo-breadcrumbs\"><span class=\"aioseo-breadcrumb\">\n\t<a href=\"https:\/\/www.eldigitaldeasturias.com\/noticias\" title=\"Home\">Home<\/a>\n<\/span><span class=\"aioseo-breadcrumb-separator\">\u2013<\/span><span class=\"aioseo-breadcrumb\">\n\t<a href=\"https:\/\/www.eldigitaldeasturias.com\/noticias\/category\/turismo\/\" title=\"Turismo\">Turismo<\/a>\n<\/span><span class=\"aioseo-breadcrumb-separator\">\u2013<\/span><span class=\"aioseo-breadcrumb\">\n\t<a href=\"https:\/\/www.eldigitaldeasturias.com\/noticias\/praga-el-corazon-de-europa\/\" title=\"Praga, el coraz\u00f3n de Europa\">Praga, el coraz\u00f3n de Europa<\/a>\n<\/span><\/div>","aioseo_breadcrumb_json":[{"label":"Home","link":"https:\/\/www.eldigitaldeasturias.com\/noticias"},{"label":"Turismo","link":"https:\/\/www.eldigitaldeasturias.com\/noticias\/category\/turismo\/"},{"label":"Praga, el coraz\u00f3n de Europa","link":"https:\/\/www.eldigitaldeasturias.com\/noticias\/praga-el-corazon-de-europa\/"}],"_links":{"self":[{"href":"https:\/\/www.eldigitaldeasturias.com\/noticias\/wp-json\/wp\/v2\/posts\/1034555","targetHints":{"allow":["GET"]}}],"collection":[{"href":"https:\/\/www.eldigitaldeasturias.com\/noticias\/wp-json\/wp\/v2\/posts"}],"about":[{"href":"https:\/\/www.eldigitaldeasturias.com\/noticias\/wp-json\/wp\/v2\/types\/post"}],"author":[{"embeddable":true,"href":"https:\/\/www.eldigitaldeasturias.com\/noticias\/wp-json\/wp\/v2\/users\/1"}],"replies":[{"embeddable":true,"href":"https:\/\/www.eldigitaldeasturias.com\/noticias\/wp-json\/wp\/v2\/comments?post=1034555"}],"version-history":[{"count":0,"href":"https:\/\/www.eldigitaldeasturias.com\/noticias\/wp-json\/wp\/v2\/posts\/1034555\/revisions"}],"wp:featuredmedia":[{"embeddable":true,"href":"https:\/\/www.eldigitaldeasturias.com\/noticias\/wp-json\/wp\/v2\/media\/1034556"}],"wp:attachment":[{"href":"https:\/\/www.eldigitaldeasturias.com\/noticias\/wp-json\/wp\/v2\/media?parent=1034555"}],"wp:term":[{"taxonomy":"category","embeddable":true,"href":"https:\/\/www.eldigitaldeasturias.com\/noticias\/wp-json\/wp\/v2\/categories?post=1034555"},{"taxonomy":"post_tag","embeddable":true,"href":"https:\/\/www.eldigitaldeasturias.com\/noticias\/wp-json\/wp\/v2\/tags?post=1034555"}],"curies":[{"name":"wp","href":"https:\/\/api.w.org\/{rel}","templated":true}]}}