{"id":1034522,"date":"2019-07-12T12:18:02","date_gmt":"2019-07-12T12:18:02","guid":{"rendered":"https:\/\/www.eldigitaldeasturias.com\/noticias\/?p=1034522"},"modified":"2019-07-12T12:18:29","modified_gmt":"2019-07-12T12:18:29","slug":"de-ruta-por-edimburgo-este-verano","status":"publish","type":"post","link":"https:\/\/www.eldigitaldeasturias.com\/noticias\/de-ruta-por-edimburgo-este-verano\/","title":{"rendered":"De ruta por Edimburgo este verano"},"content":{"rendered":"<p><img loading=\"lazy\" decoding=\"async\" class=\"alignleft size-medium wp-image-1034523\" src=\"https:\/\/www.eldigitaldeasturias.com\/noticias\/wp-content\/uploads\/2019\/07\/edimburgo-360x227.jpg\" alt=\"\" width=\"360\" height=\"227\" srcset=\"https:\/\/www.eldigitaldeasturias.com\/noticias\/wp-content\/uploads\/2019\/07\/edimburgo-360x227.jpg 360w, https:\/\/www.eldigitaldeasturias.com\/noticias\/wp-content\/uploads\/2019\/07\/edimburgo-768x484.jpg 768w, https:\/\/www.eldigitaldeasturias.com\/noticias\/wp-content\/uploads\/2019\/07\/edimburgo-650x410.jpg 650w, https:\/\/www.eldigitaldeasturias.com\/noticias\/wp-content\/uploads\/2019\/07\/edimburgo.jpg 960w\" sizes=\"auto, (max-width: 360px) 100vw, 360px\" \/>Siempre resulta complejo escoger el lugar ideal para pasar las vacaciones de verano. No obstante, en Europa hay lugares de los que no se habla con frecuencia, que poseen un encanto y una belleza inigualable, y que, sin lugar a duda, te garantizar\u00e1n unas vacaciones de lujo.<\/p>\n<p>Ese es el caso de Escocia, la cual, es la m\u00e1s septentrional de las cuatro naciones constituyentes del Reino Unido y que junto con Inglaterra y Gales, forma parte de la isla de Gran Breta\u00f1a.<\/p>\n<p>Adem\u00e1s, si decides visitar Escocia no puedes dejar de visitar su capital Edimburgo que est\u00e1 repleta de opciones tur\u00edsticas que vale la pena conocer.<\/p>\n<p>A continuaci\u00f3n, te mencion\u00e1remos algunos lugares que no debes dejar de conocer si viajas a Edimburgo este verano:<\/p>\n<p>Para empezar, una de las actividades gratis en Edimburgo que <strong>ning\u00fan turista deja escapar son los tours gratis por la ciudad<\/strong>. Estos tours salen a diario de la Royal Mile, duran aproximadamente tres horas y te explican las historias que se esconden tras algunos de los lugares m\u00e1s emblem\u00e1ticos de la ciudad.<\/p>\n<p>Adem\u00e1s, los tours gratis cuentan con gu\u00edas profesionales que trabajan a cambio de propinas y al final del recorrido, t\u00fa mismo decides cu\u00e1nto quieres pagar.<\/p>\n<p>En segundo lugar, no puedes dejar de ver <strong>el Castillo de Edimburgo<\/strong>. Este castillo es una antigua fortaleza erigida sobre una roca de origen volc\u00e1nico ubicada en el centro de la ciudad de Edimburgo. Ha sido utilizado con fines de tipo militar desde el siglo XII, siendo destinado a usos civiles solo en \u00e9pocas muy recientes. Se encuentra emplazado en la cima de la calle Castlehill, una de las cuatro calles que forman la Royal Mile. El castillo est\u00e1 abierto a los visitantes y est\u00e1 gestionado por el organismo especializado Historic Scotland. Se trata de la atracci\u00f3n tur\u00edstica de pago m\u00e1s visitada de Escocia.<\/p>\n<p>Tambi\u00e9n debes visitar <strong>el Museo Nacional de Escocia<\/strong>. Este fabuloso museo es, sin duda, una de las visitas imprescindibles de Edimburgo. Din\u00e1mico y repleto de informaci\u00f3n, te llevar\u00e1 en un viaje a trav\u00e9s de los siglos. Antes de marcharte, no olvides subir a la terraza panor\u00e1mica para disfrutar de la silueta de la Old Town.<\/p>\n<p>Por otro lado, en Edimburgo podr\u00e1s visitar <strong>las locaciones donde la escritora de la saga de Harry Potter se inspir\u00f3<\/strong> para escribir sus libros. Puedes visitar las cafeter\u00edas donde escribi\u00f3 los primeros libros, contemplar la escuela que inspir\u00f3 Hogwarts o recorrer el cementerio de Greyfriars en busca de la tumba de Voldemort.<\/p>\n<p>Y, por \u00faltimo, no debes perderte <strong>el Jard\u00edn Bot\u00e1nico de Edimburgo<\/strong>. De todas las actividades gratis en Edimburgo, esta es sin duda una de las favoritas. El precioso y enorme Royal Botanic Garden, abierto todo el a\u00f1o, recrea paisajes de alrededor del mundo. Asimismo, este lugar cuenta con invernaderos, estanques, cafeter\u00edas, una tienda para los amantes de la jardiner\u00eda, e infinidad de ardillas hambrientas.<\/p>\n<p>Como ves, viajar a Escocia, y espec\u00edficamente a su capital, te ofrece gran cantidad de actividades y lugares tur\u00edsticos que visitar. As\u00ed que, si decides recorrerla este verano, te garantizamos que no te aburrir\u00e1s ni un solo d\u00eda.<\/p>\n<p>Por: Soraya Andreina P\u00e9rez Mohammed<\/p>\n","protected":false},"excerpt":{"rendered":"<p>Siempre resulta complejo escoger el lugar ideal para pasar las vacaciones de verano. No obstante, en Europa hay lugares de los que no se habla con frecuencia, que poseen un encanto y una belleza inigualable, y que, sin lugar a duda, te garantizar\u00e1n unas vacaciones de lujo. Ese es el caso de Escocia, la cual, [&hellip;]<\/p>\n","protected":false},"author":1,"featured_media":1034523,"comment_status":"closed","ping_status":"closed","sticky":false,"template":"","format":"standard","meta":{"footnotes":""},"categories":[148],"tags":[],"class_list":["post-1034522","post","type-post","status-publish","format-standard","has-post-thumbnail","hentry","category-turismo"],"aioseo_notices":[],"aioseo_head":"\n\t\t<!-- All in One SEO Pro 4.9.6.2 - aioseo.com -->\n\t<meta name=\"description\" content=\"Siempre resulta complejo escoger el lugar ideal para pasar las vacaciones de verano. No obstante, en Europa hay lugares de los que no se habla con frecuencia, que poseen un encanto y una belleza inigualable, y que, sin lugar a duda, te garantizar\u00e1n unas vacaciones de lujo. Ese es el caso de Escocia, la cual,\" \/>\n\t<meta name=\"robots\" content=\"max-image-preview:large\" \/>\n\t<meta name=\"author\" content=\"El Digital de Asturias\"\/>\n\t<meta name=\"google-site-verification\" content=\"UA-38556648-1\" \/>\n\t<meta name=\"msvalidate.01\" content=\"7dfe9f3f1b24437ab69f4f2559babe99\" \/>\n\t<meta name=\"keywords\" content=\"turismo\" \/>\n\t<link rel=\"canonical\" href=\"https:\/\/www.eldigitaldeasturias.com\/noticias\/de-ruta-por-edimburgo-este-verano\/\" \/>\n\t<meta name=\"generator\" content=\"All in One SEO Pro (AIOSEO) 4.9.6.2\" \/>\n\t\t<meta property=\"og:locale\" content=\"es_ES\" \/>\n\t\t<meta property=\"og:site_name\" content=\"El Digital de Asturias\" \/>\n\t\t<meta property=\"og:type\" content=\"article\" \/>\n\t\t<meta property=\"og:title\" content=\"De ruta por Edimburgo este verano - El Digital de Asturias\" \/>\n\t\t<meta property=\"og:description\" content=\"Siempre resulta complejo escoger el lugar ideal para pasar las vacaciones de verano. No obstante, en Europa hay lugares de los que no se habla con frecuencia, que poseen un encanto y una belleza inigualable, y que, sin lugar a duda, te garantizar\u00e1n unas vacaciones de lujo. Ese es el caso de Escocia, la cual,\" \/>\n\t\t<meta property=\"og:url\" content=\"https:\/\/www.eldigitaldeasturias.com\/noticias\/de-ruta-por-edimburgo-este-verano\/\" \/>\n\t\t<meta property=\"og:image\" content=\"https:\/\/www.eldigitaldeasturias.com\/noticias\/wp-content\/uploads\/2019\/07\/edimburgo.jpg\" \/>\n\t\t<meta property=\"og:image:secure_url\" content=\"https:\/\/www.eldigitaldeasturias.com\/noticias\/wp-content\/uploads\/2019\/07\/edimburgo.jpg\" \/>\n\t\t<meta property=\"og:image:width\" content=\"960\" \/>\n\t\t<meta property=\"og:image:height\" content=\"605\" \/>\n\t\t<meta property=\"article:tag\" content=\"turismo\" \/>\n\t\t<meta property=\"article:published_time\" content=\"2019-07-12T12:18:02+00:00\" \/>\n\t\t<meta property=\"article:modified_time\" content=\"2019-07-12T12:18:29+00:00\" \/>\n\t\t<meta property=\"article:publisher\" content=\"https:\/\/facebook.com\/eldigitaldeasturias\" \/>\n\t\t<meta name=\"twitter:card\" content=\"summary_large_image\" \/>\n\t\t<meta name=\"twitter:title\" content=\"De ruta por Edimburgo este verano - El Digital de Asturias\" \/>\n\t\t<meta name=\"twitter:description\" content=\"Siempre resulta complejo escoger el lugar ideal para pasar las vacaciones de verano. No obstante, en Europa hay lugares de los que no se habla con frecuencia, que poseen un encanto y una belleza inigualable, y que, sin lugar a duda, te garantizar\u00e1n unas vacaciones de lujo. Ese es el caso de Escocia, la cual,\" \/>\n\t\t<meta name=\"twitter:image\" content=\"https:\/\/www.eldigitaldeasturias.com\/noticias\/wp-content\/uploads\/2019\/07\/edimburgo.jpg\" \/>\n\t\t<meta name=\"twitter:label1\" content=\"Escrito por\" \/>\n\t\t<meta name=\"twitter:data1\" content=\"El Digital de Asturias\" \/>\n\t\t<meta name=\"twitter:label2\" content=\"Tiempo de lectura estimado\" \/>\n\t\t<meta name=\"twitter:data2\" content=\"3 minutos\" \/>\n\t\t<script type=\"application\/ld+json\" class=\"aioseo-schema\">\n\t\t\t{\"@context\":\"https:\\\/\\\/schema.org\",\"@graph\":[{\"@type\":\"BlogPosting\",\"@id\":\"https:\\\/\\\/www.eldigitaldeasturias.com\\\/noticias\\\/de-ruta-por-edimburgo-este-verano\\\/#blogposting\",\"name\":\"De ruta por Edimburgo este verano - El Digital de Asturias\",\"headline\":\"De ruta por Edimburgo este verano\",\"author\":{\"@id\":\"https:\\\/\\\/www.eldigitaldeasturias.com\\\/noticias\\\/author\\\/admin\\\/#author\"},\"publisher\":{\"@id\":\"https:\\\/\\\/www.eldigitaldeasturias.com\\\/noticias\\\/#organization\"},\"image\":{\"@type\":\"ImageObject\",\"url\":\"https:\\\/\\\/www.eldigitaldeasturias.com\\\/noticias\\\/wp-content\\\/uploads\\\/2019\\\/07\\\/edimburgo.jpg\",\"width\":960,\"height\":605},\"datePublished\":\"2019-07-12T12:18:02+02:00\",\"dateModified\":\"2019-07-12T12:18:29+02:00\",\"inLanguage\":\"es-ES\",\"mainEntityOfPage\":{\"@id\":\"https:\\\/\\\/www.eldigitaldeasturias.com\\\/noticias\\\/de-ruta-por-edimburgo-este-verano\\\/#webpage\"},\"isPartOf\":{\"@id\":\"https:\\\/\\\/www.eldigitaldeasturias.com\\\/noticias\\\/de-ruta-por-edimburgo-este-verano\\\/#webpage\"},\"articleSection\":\"Turismo\"},{\"@type\":\"BreadcrumbList\",\"@id\":\"https:\\\/\\\/www.eldigitaldeasturias.com\\\/noticias\\\/de-ruta-por-edimburgo-este-verano\\\/#breadcrumblist\",\"itemListElement\":[{\"@type\":\"ListItem\",\"@id\":\"https:\\\/\\\/www.eldigitaldeasturias.com\\\/noticias#listItem\",\"position\":1,\"name\":\"Home\",\"item\":\"https:\\\/\\\/www.eldigitaldeasturias.com\\\/noticias\",\"nextItem\":{\"@type\":\"ListItem\",\"@id\":\"https:\\\/\\\/www.eldigitaldeasturias.com\\\/noticias\\\/category\\\/turismo\\\/#listItem\",\"name\":\"Turismo\"}},{\"@type\":\"ListItem\",\"@id\":\"https:\\\/\\\/www.eldigitaldeasturias.com\\\/noticias\\\/category\\\/turismo\\\/#listItem\",\"position\":2,\"name\":\"Turismo\",\"item\":\"https:\\\/\\\/www.eldigitaldeasturias.com\\\/noticias\\\/category\\\/turismo\\\/\",\"nextItem\":{\"@type\":\"ListItem\",\"@id\":\"https:\\\/\\\/www.eldigitaldeasturias.com\\\/noticias\\\/de-ruta-por-edimburgo-este-verano\\\/#listItem\",\"name\":\"De ruta por Edimburgo este verano\"},\"previousItem\":{\"@type\":\"ListItem\",\"@id\":\"https:\\\/\\\/www.eldigitaldeasturias.com\\\/noticias#listItem\",\"name\":\"Home\"}},{\"@type\":\"ListItem\",\"@id\":\"https:\\\/\\\/www.eldigitaldeasturias.com\\\/noticias\\\/de-ruta-por-edimburgo-este-verano\\\/#listItem\",\"position\":3,\"name\":\"De ruta por Edimburgo este verano\",\"previousItem\":{\"@type\":\"ListItem\",\"@id\":\"https:\\\/\\\/www.eldigitaldeasturias.com\\\/noticias\\\/category\\\/turismo\\\/#listItem\",\"name\":\"Turismo\"}}]},{\"@type\":\"Organization\",\"@id\":\"https:\\\/\\\/www.eldigitaldeasturias.com\\\/noticias\\\/#organization\",\"name\":\"El Digital de Asturias\",\"description\":\"Hemeroteca\",\"url\":\"https:\\\/\\\/www.eldigitaldeasturias.com\\\/noticias\\\/\",\"email\":\"info@eldigitaldeasturias.com\",\"telephone\":\"+34652131393\",\"logo\":{\"@type\":\"ImageObject\",\"url\":\"https:\\\/\\\/www.eldigitaldeasturias.com\\\/noticias\\\/wp-content\\\/uploads\\\/2020\\\/12\\\/EDA.jpg\",\"@id\":\"https:\\\/\\\/www.eldigitaldeasturias.com\\\/noticias\\\/de-ruta-por-edimburgo-este-verano\\\/#organizationLogo\",\"width\":649,\"height\":297},\"image\":{\"@id\":\"https:\\\/\\\/www.eldigitaldeasturias.com\\\/noticias\\\/de-ruta-por-edimburgo-este-verano\\\/#organizationLogo\"},\"sameAs\":[\"https:\\\/\\\/facebook.com\\\/eldigitaldeasturias\",\"https:\\\/\\\/www.youtube.com\\\/channel\\\/UCZP-2wLEB9Rv6erhFmqVnvg\"],\"address\":{\"@id\":\"https:\\\/\\\/www.eldigitaldeasturias.com\\\/noticias\\\/#postaladdress\",\"@type\":\"PostalAddress\",\"streetAddress\":\"san antonio 4,\",\"postalCode\":\"33430\",\"addressLocality\":\"Cand\\u00e1s\",\"addressRegion\":\"Asturias\",\"addressCountry\":\"ES\"}},{\"@type\":\"Person\",\"@id\":\"https:\\\/\\\/www.eldigitaldeasturias.com\\\/noticias\\\/author\\\/admin\\\/#author\",\"url\":\"https:\\\/\\\/www.eldigitaldeasturias.com\\\/noticias\\\/author\\\/admin\\\/\",\"name\":\"El Digital de Asturias\",\"image\":{\"@type\":\"ImageObject\",\"@id\":\"https:\\\/\\\/www.eldigitaldeasturias.com\\\/noticias\\\/de-ruta-por-edimburgo-este-verano\\\/#authorImage\",\"url\":\"https:\\\/\\\/www.eldigitaldeasturias.com\\\/noticias\\\/wp-content\\\/litespeed\\\/avatar\\\/18677e78aa0546b92d9dbf31ec7d7668.jpg?ver=1777290358\",\"width\":96,\"height\":96,\"caption\":\"El Digital de Asturias\"}},{\"@type\":\"WebPage\",\"@id\":\"https:\\\/\\\/www.eldigitaldeasturias.com\\\/noticias\\\/de-ruta-por-edimburgo-este-verano\\\/#webpage\",\"url\":\"https:\\\/\\\/www.eldigitaldeasturias.com\\\/noticias\\\/de-ruta-por-edimburgo-este-verano\\\/\",\"name\":\"De ruta por Edimburgo este verano - El Digital de Asturias\",\"description\":\"Siempre resulta complejo escoger el lugar ideal para pasar las vacaciones de verano. No obstante, en Europa hay lugares de los que no se habla con frecuencia, que poseen un encanto y una belleza inigualable, y que, sin lugar a duda, te garantizar\\u00e1n unas vacaciones de lujo. Ese es el caso de Escocia, la cual,\",\"inLanguage\":\"es-ES\",\"isPartOf\":{\"@id\":\"https:\\\/\\\/www.eldigitaldeasturias.com\\\/noticias\\\/#website\"},\"breadcrumb\":{\"@id\":\"https:\\\/\\\/www.eldigitaldeasturias.com\\\/noticias\\\/de-ruta-por-edimburgo-este-verano\\\/#breadcrumblist\"},\"author\":{\"@id\":\"https:\\\/\\\/www.eldigitaldeasturias.com\\\/noticias\\\/author\\\/admin\\\/#author\"},\"creator\":{\"@id\":\"https:\\\/\\\/www.eldigitaldeasturias.com\\\/noticias\\\/author\\\/admin\\\/#author\"},\"image\":{\"@type\":\"ImageObject\",\"url\":\"https:\\\/\\\/www.eldigitaldeasturias.com\\\/noticias\\\/wp-content\\\/uploads\\\/2019\\\/07\\\/edimburgo.jpg\",\"@id\":\"https:\\\/\\\/www.eldigitaldeasturias.com\\\/noticias\\\/de-ruta-por-edimburgo-este-verano\\\/#mainImage\",\"width\":960,\"height\":605},\"primaryImageOfPage\":{\"@id\":\"https:\\\/\\\/www.eldigitaldeasturias.com\\\/noticias\\\/de-ruta-por-edimburgo-este-verano\\\/#mainImage\"},\"datePublished\":\"2019-07-12T12:18:02+02:00\",\"dateModified\":\"2019-07-12T12:18:29+02:00\"},{\"@type\":\"WebSite\",\"@id\":\"https:\\\/\\\/www.eldigitaldeasturias.com\\\/noticias\\\/#website\",\"url\":\"https:\\\/\\\/www.eldigitaldeasturias.com\\\/noticias\\\/\",\"name\":\"El Digital de Asturias - Diario de actualidad y noticias\",\"alternateName\":\"El Digital de Asturias - Diario de actualidad y noticias\",\"description\":\"Hemeroteca\",\"inLanguage\":\"es-ES\",\"publisher\":{\"@id\":\"https:\\\/\\\/www.eldigitaldeasturias.com\\\/noticias\\\/#organization\"}}]}\n\t\t<\/script>\n\t\t<!-- All in One SEO Pro -->\r\n\t\t<title>De ruta por Edimburgo este verano - El Digital de Asturias<\/title>\n\n","aioseo_head_json":{"title":"De ruta por Edimburgo este verano - El Digital de Asturias","description":"Siempre resulta complejo escoger el lugar ideal para pasar las vacaciones de verano. No obstante, en Europa hay lugares de los que no se habla con frecuencia, que poseen un encanto y una belleza inigualable, y que, sin lugar a duda, te garantizar\u00e1n unas vacaciones de lujo. Ese es el caso de Escocia, la cual,","canonical_url":"https:\/\/www.eldigitaldeasturias.com\/noticias\/de-ruta-por-edimburgo-este-verano\/","robots":"max-image-preview:large","keywords":"turismo","webmasterTools":{"google-site-verification":"UA-38556648-1","msvalidate.01":"7dfe9f3f1b24437ab69f4f2559babe99","miscellaneous":""},"schema":{"@context":"https:\/\/schema.org","@graph":[{"@type":"BlogPosting","@id":"https:\/\/www.eldigitaldeasturias.com\/noticias\/de-ruta-por-edimburgo-este-verano\/#blogposting","name":"De ruta por Edimburgo este verano - El Digital de Asturias","headline":"De ruta por Edimburgo este verano","author":{"@id":"https:\/\/www.eldigitaldeasturias.com\/noticias\/author\/admin\/#author"},"publisher":{"@id":"https:\/\/www.eldigitaldeasturias.com\/noticias\/#organization"},"image":{"@type":"ImageObject","url":"https:\/\/www.eldigitaldeasturias.com\/noticias\/wp-content\/uploads\/2019\/07\/edimburgo.jpg","width":960,"height":605},"datePublished":"2019-07-12T12:18:02+02:00","dateModified":"2019-07-12T12:18:29+02:00","inLanguage":"es-ES","mainEntityOfPage":{"@id":"https:\/\/www.eldigitaldeasturias.com\/noticias\/de-ruta-por-edimburgo-este-verano\/#webpage"},"isPartOf":{"@id":"https:\/\/www.eldigitaldeasturias.com\/noticias\/de-ruta-por-edimburgo-este-verano\/#webpage"},"articleSection":"Turismo"},{"@type":"BreadcrumbList","@id":"https:\/\/www.eldigitaldeasturias.com\/noticias\/de-ruta-por-edimburgo-este-verano\/#breadcrumblist","itemListElement":[{"@type":"ListItem","@id":"https:\/\/www.eldigitaldeasturias.com\/noticias#listItem","position":1,"name":"Home","item":"https:\/\/www.eldigitaldeasturias.com\/noticias","nextItem":{"@type":"ListItem","@id":"https:\/\/www.eldigitaldeasturias.com\/noticias\/category\/turismo\/#listItem","name":"Turismo"}},{"@type":"ListItem","@id":"https:\/\/www.eldigitaldeasturias.com\/noticias\/category\/turismo\/#listItem","position":2,"name":"Turismo","item":"https:\/\/www.eldigitaldeasturias.com\/noticias\/category\/turismo\/","nextItem":{"@type":"ListItem","@id":"https:\/\/www.eldigitaldeasturias.com\/noticias\/de-ruta-por-edimburgo-este-verano\/#listItem","name":"De ruta por Edimburgo este verano"},"previousItem":{"@type":"ListItem","@id":"https:\/\/www.eldigitaldeasturias.com\/noticias#listItem","name":"Home"}},{"@type":"ListItem","@id":"https:\/\/www.eldigitaldeasturias.com\/noticias\/de-ruta-por-edimburgo-este-verano\/#listItem","position":3,"name":"De ruta por Edimburgo este verano","previousItem":{"@type":"ListItem","@id":"https:\/\/www.eldigitaldeasturias.com\/noticias\/category\/turismo\/#listItem","name":"Turismo"}}]},{"@type":"Organization","@id":"https:\/\/www.eldigitaldeasturias.com\/noticias\/#organization","name":"El Digital de Asturias","description":"Hemeroteca","url":"https:\/\/www.eldigitaldeasturias.com\/noticias\/","email":"info@eldigitaldeasturias.com","telephone":"+34652131393","logo":{"@type":"ImageObject","url":"https:\/\/www.eldigitaldeasturias.com\/noticias\/wp-content\/uploads\/2020\/12\/EDA.jpg","@id":"https:\/\/www.eldigitaldeasturias.com\/noticias\/de-ruta-por-edimburgo-este-verano\/#organizationLogo","width":649,"height":297},"image":{"@id":"https:\/\/www.eldigitaldeasturias.com\/noticias\/de-ruta-por-edimburgo-este-verano\/#organizationLogo"},"sameAs":["https:\/\/facebook.com\/eldigitaldeasturias","https:\/\/www.youtube.com\/channel\/UCZP-2wLEB9Rv6erhFmqVnvg"],"address":{"@id":"https:\/\/www.eldigitaldeasturias.com\/noticias\/#postaladdress","@type":"PostalAddress","streetAddress":"san antonio 4,","postalCode":"33430","addressLocality":"Cand\u00e1s","addressRegion":"Asturias","addressCountry":"ES"}},{"@type":"Person","@id":"https:\/\/www.eldigitaldeasturias.com\/noticias\/author\/admin\/#author","url":"https:\/\/www.eldigitaldeasturias.com\/noticias\/author\/admin\/","name":"El Digital de Asturias","image":{"@type":"ImageObject","@id":"https:\/\/www.eldigitaldeasturias.com\/noticias\/de-ruta-por-edimburgo-este-verano\/#authorImage","url":"https:\/\/www.eldigitaldeasturias.com\/noticias\/wp-content\/litespeed\/avatar\/18677e78aa0546b92d9dbf31ec7d7668.jpg?ver=1777290358","width":96,"height":96,"caption":"El Digital de Asturias"}},{"@type":"WebPage","@id":"https:\/\/www.eldigitaldeasturias.com\/noticias\/de-ruta-por-edimburgo-este-verano\/#webpage","url":"https:\/\/www.eldigitaldeasturias.com\/noticias\/de-ruta-por-edimburgo-este-verano\/","name":"De ruta por Edimburgo este verano - El Digital de Asturias","description":"Siempre resulta complejo escoger el lugar ideal para pasar las vacaciones de verano. No obstante, en Europa hay lugares de los que no se habla con frecuencia, que poseen un encanto y una belleza inigualable, y que, sin lugar a duda, te garantizar\u00e1n unas vacaciones de lujo. Ese es el caso de Escocia, la cual,","inLanguage":"es-ES","isPartOf":{"@id":"https:\/\/www.eldigitaldeasturias.com\/noticias\/#website"},"breadcrumb":{"@id":"https:\/\/www.eldigitaldeasturias.com\/noticias\/de-ruta-por-edimburgo-este-verano\/#breadcrumblist"},"author":{"@id":"https:\/\/www.eldigitaldeasturias.com\/noticias\/author\/admin\/#author"},"creator":{"@id":"https:\/\/www.eldigitaldeasturias.com\/noticias\/author\/admin\/#author"},"image":{"@type":"ImageObject","url":"https:\/\/www.eldigitaldeasturias.com\/noticias\/wp-content\/uploads\/2019\/07\/edimburgo.jpg","@id":"https:\/\/www.eldigitaldeasturias.com\/noticias\/de-ruta-por-edimburgo-este-verano\/#mainImage","width":960,"height":605},"primaryImageOfPage":{"@id":"https:\/\/www.eldigitaldeasturias.com\/noticias\/de-ruta-por-edimburgo-este-verano\/#mainImage"},"datePublished":"2019-07-12T12:18:02+02:00","dateModified":"2019-07-12T12:18:29+02:00"},{"@type":"WebSite","@id":"https:\/\/www.eldigitaldeasturias.com\/noticias\/#website","url":"https:\/\/www.eldigitaldeasturias.com\/noticias\/","name":"El Digital de Asturias - Diario de actualidad y noticias","alternateName":"El Digital de Asturias - Diario de actualidad y noticias","description":"Hemeroteca","inLanguage":"es-ES","publisher":{"@id":"https:\/\/www.eldigitaldeasturias.com\/noticias\/#organization"}}]},"og:locale":"es_ES","og:site_name":"El Digital de Asturias","og:type":"article","og:title":"De ruta por Edimburgo este verano - El Digital de Asturias","og:description":"Siempre resulta complejo escoger el lugar ideal para pasar las vacaciones de verano. No obstante, en Europa hay lugares de los que no se habla con frecuencia, que poseen un encanto y una belleza inigualable, y que, sin lugar a duda, te garantizar\u00e1n unas vacaciones de lujo. Ese es el caso de Escocia, la cual,","og:url":"https:\/\/www.eldigitaldeasturias.com\/noticias\/de-ruta-por-edimburgo-este-verano\/","og:image":"https:\/\/www.eldigitaldeasturias.com\/noticias\/wp-content\/uploads\/2019\/07\/edimburgo.jpg","og:image:secure_url":"https:\/\/www.eldigitaldeasturias.com\/noticias\/wp-content\/uploads\/2019\/07\/edimburgo.jpg","og:image:width":960,"og:image:height":605,"article:tag":["turismo"],"article:published_time":"2019-07-12T12:18:02+00:00","article:modified_time":"2019-07-12T12:18:29+00:00","article:publisher":"https:\/\/facebook.com\/eldigitaldeasturias","twitter:card":"summary_large_image","twitter:title":"De ruta por Edimburgo este verano - El Digital de Asturias","twitter:description":"Siempre resulta complejo escoger el lugar ideal para pasar las vacaciones de verano. No obstante, en Europa hay lugares de los que no se habla con frecuencia, que poseen un encanto y una belleza inigualable, y que, sin lugar a duda, te garantizar\u00e1n unas vacaciones de lujo. Ese es el caso de Escocia, la cual,","twitter:image":"https:\/\/www.eldigitaldeasturias.com\/noticias\/wp-content\/uploads\/2019\/07\/edimburgo.jpg","twitter:label1":"Escrito por","twitter:data1":"El Digital de Asturias","twitter:label2":"Tiempo de lectura estimado","twitter:data2":"3 minutos"},"aioseo_meta_data":{"post_id":"1034522","title":null,"description":null,"keywords":null,"keyphrases":null,"primary_term":null,"canonical_url":null,"og_title":null,"og_description":null,"og_object_type":"default","og_image_type":"default","og_image_url":null,"og_image_width":null,"og_image_height":null,"og_image_custom_url":null,"og_image_custom_fields":null,"og_video":null,"og_custom_url":null,"og_article_section":null,"og_article_tags":null,"twitter_use_og":false,"twitter_card":"default","twitter_image_type":"default","twitter_image_url":null,"twitter_image_custom_url":null,"twitter_image_custom_fields":null,"twitter_title":null,"twitter_description":null,"schema":{"blockGraphs":[],"customGraphs":[],"default":{"data":{"Article":[],"Course":[],"Dataset":[],"FAQPage":[],"Movie":[],"Person":[],"Product":[],"ProductReview":[],"Car":[],"Recipe":[],"Service":[],"SoftwareApplication":[],"WebPage":[]},"graphName":"","isEnabled":true},"graphs":[],"defaultGraph":"","defaultPostTypeGraph":""},"schema_type":null,"schema_type_options":null,"pillar_content":false,"robots_default":true,"robots_noindex":false,"robots_noarchive":false,"robots_nosnippet":false,"robots_nofollow":false,"robots_noimageindex":false,"robots_noodp":false,"robots_notranslate":false,"robots_max_snippet":null,"robots_max_videopreview":null,"robots_max_imagepreview":"large","priority":null,"frequency":null,"local_seo":null,"seo_analyzer_scan_date":"2025-10-22 05:08:10","breadcrumb_settings":null,"limit_modified_date":false,"open_ai":null,"ai":null,"created":"2020-12-21 11:08:23","updated":"2025-10-22 05:08:10"},"aioseo_breadcrumb":"<div class=\"aioseo-breadcrumbs\"><span class=\"aioseo-breadcrumb\">\n\t<a href=\"https:\/\/www.eldigitaldeasturias.com\/noticias\" title=\"Home\">Home<\/a>\n<\/span><span class=\"aioseo-breadcrumb-separator\">\u2013<\/span><span class=\"aioseo-breadcrumb\">\n\t<a href=\"https:\/\/www.eldigitaldeasturias.com\/noticias\/category\/turismo\/\" title=\"Turismo\">Turismo<\/a>\n<\/span><span class=\"aioseo-breadcrumb-separator\">\u2013<\/span><span class=\"aioseo-breadcrumb\">\n\t<a href=\"https:\/\/www.eldigitaldeasturias.com\/noticias\/de-ruta-por-edimburgo-este-verano\/\" title=\"De ruta por Edimburgo este verano\">De ruta por Edimburgo este verano<\/a>\n<\/span><\/div>","aioseo_breadcrumb_json":[{"label":"Home","link":"https:\/\/www.eldigitaldeasturias.com\/noticias"},{"label":"Turismo","link":"https:\/\/www.eldigitaldeasturias.com\/noticias\/category\/turismo\/"},{"label":"De ruta por Edimburgo este verano","link":"https:\/\/www.eldigitaldeasturias.com\/noticias\/de-ruta-por-edimburgo-este-verano\/"}],"_links":{"self":[{"href":"https:\/\/www.eldigitaldeasturias.com\/noticias\/wp-json\/wp\/v2\/posts\/1034522","targetHints":{"allow":["GET"]}}],"collection":[{"href":"https:\/\/www.eldigitaldeasturias.com\/noticias\/wp-json\/wp\/v2\/posts"}],"about":[{"href":"https:\/\/www.eldigitaldeasturias.com\/noticias\/wp-json\/wp\/v2\/types\/post"}],"author":[{"embeddable":true,"href":"https:\/\/www.eldigitaldeasturias.com\/noticias\/wp-json\/wp\/v2\/users\/1"}],"replies":[{"embeddable":true,"href":"https:\/\/www.eldigitaldeasturias.com\/noticias\/wp-json\/wp\/v2\/comments?post=1034522"}],"version-history":[{"count":0,"href":"https:\/\/www.eldigitaldeasturias.com\/noticias\/wp-json\/wp\/v2\/posts\/1034522\/revisions"}],"wp:featuredmedia":[{"embeddable":true,"href":"https:\/\/www.eldigitaldeasturias.com\/noticias\/wp-json\/wp\/v2\/media\/1034523"}],"wp:attachment":[{"href":"https:\/\/www.eldigitaldeasturias.com\/noticias\/wp-json\/wp\/v2\/media?parent=1034522"}],"wp:term":[{"taxonomy":"category","embeddable":true,"href":"https:\/\/www.eldigitaldeasturias.com\/noticias\/wp-json\/wp\/v2\/categories?post=1034522"},{"taxonomy":"post_tag","embeddable":true,"href":"https:\/\/www.eldigitaldeasturias.com\/noticias\/wp-json\/wp\/v2\/tags?post=1034522"}],"curies":[{"name":"wp","href":"https:\/\/api.w.org\/{rel}","templated":true}]}}