{"id":1034435,"date":"2019-07-11T14:12:02","date_gmt":"2019-07-11T14:12:02","guid":{"rendered":"https:\/\/www.eldigitaldeasturias.com\/noticias\/?p=1034435"},"modified":"2019-07-11T14:12:02","modified_gmt":"2019-07-11T14:12:02","slug":"kleber-firma-un-nuevo-contrato-con-los-dallas-mavericks","status":"publish","type":"post","link":"https:\/\/www.eldigitaldeasturias.com\/noticias\/kleber-firma-un-nuevo-contrato-con-los-dallas-mavericks\/","title":{"rendered":"Kleber firma un nuevo contrato con los Dallas Mavericks"},"content":{"rendered":"<p><img loading=\"lazy\" decoding=\"async\" class=\"alignleft size-medium wp-image-1034436\" src=\"https:\/\/www.eldigitaldeasturias.com\/noticias\/wp-content\/uploads\/2019\/07\/Maximiliam-Kleber-dpa-360x241.jpg\" alt=\"\" width=\"360\" height=\"241\" srcset=\"https:\/\/www.eldigitaldeasturias.com\/noticias\/wp-content\/uploads\/2019\/07\/Maximiliam-Kleber-dpa-360x241.jpg 360w, https:\/\/www.eldigitaldeasturias.com\/noticias\/wp-content\/uploads\/2019\/07\/Maximiliam-Kleber-dpa-768x514.jpg 768w, https:\/\/www.eldigitaldeasturias.com\/noticias\/wp-content\/uploads\/2019\/07\/Maximiliam-Kleber-dpa-650x435.jpg 650w, https:\/\/www.eldigitaldeasturias.com\/noticias\/wp-content\/uploads\/2019\/07\/Maximiliam-Kleber-dpa-675x450.jpg 675w, https:\/\/www.eldigitaldeasturias.com\/noticias\/wp-content\/uploads\/2019\/07\/Maximiliam-Kleber-dpa.jpg 984w\" sizes=\"auto, (max-width: 360px) 100vw, 360px\" \/>Dallas (Estados Unidos), 11 jul (dpa) &#8211; El jugador de baloncesto alem\u00e1n Maximiliam Kleber firm\u00f3 un nuevo contrato con los Dallas Mavericks, anunci\u00f3 el club.<\/p>\n<p>El equipo de la ciudad tejana no ofreci\u00f3 detalles sobre las condiciones pactadas.<\/p>\n<p>Sin embargo, el peri\u00f3dico estadounidense \u00abThe New York Times\u00bb hab\u00eda informado con anterioridad que el jugador, de 27 a\u00f1os de edad, habr\u00eda firmado por cuatro a\u00f1os y una cantidad de 35 millones de d\u00f3lares.<\/p>\n<p>Kleber escribi\u00f3 en su cuenta de Instagram que se alegraba por jugar los pr\u00f3ximos a\u00f1os en los Dallas Mavericks.<\/p>\n<p>El jugador nacido en Wurzburgo fich\u00f3 por los Dallas en 2017, procedente del Bayern M\u00fanich. All\u00ed coincidi\u00f3 con la superestrella Dirk Nowitzi, quien se retir\u00f3 la temporada pasada.<\/p>\n<p>Kleber jugar\u00e1 en las pr\u00f3ximas temporadas con las j\u00f3venes estrellas Luka Doncic y Kristaps Porzingis.<\/p>\n<p>En sus dos temporadas en Dallas, el jugador alem\u00e1n promedi\u00f3 6,1 puntos en sus 143 partidos. Anteriormente, Kleber jug\u00f3 ocho temporadas como jugador profesional entre Alemania y Espa\u00f1a.<\/p>\n<p><em>Foto: Daniel Reinhardt\/dpa<\/em><\/p>\n<p>&nbsp;<\/p>\n","protected":false},"excerpt":{"rendered":"<p>Dallas (Estados Unidos), 11 jul (dpa) &#8211; El jugador de baloncesto alem\u00e1n Maximiliam Kleber firm\u00f3 un nuevo contrato con los Dallas Mavericks, anunci\u00f3 el club. El equipo de la ciudad tejana no ofreci\u00f3 detalles sobre las condiciones pactadas. Sin embargo, el peri\u00f3dico estadounidense \u00abThe New York Times\u00bb hab\u00eda informado con anterioridad que el jugador, de [&hellip;]<\/p>\n","protected":false},"author":1,"featured_media":1034436,"comment_status":"closed","ping_status":"closed","sticky":false,"template":"","format":"standard","meta":{"footnotes":""},"categories":[190],"tags":[],"class_list":["post-1034435","post","type-post","status-publish","format-standard","has-post-thumbnail","hentry","category-deportes"],"aioseo_notices":[],"aioseo_head":"\n\t\t<!-- All in One SEO Pro 4.9.6.2 - aioseo.com -->\n\t<meta name=\"description\" content=\"Dallas (Estados Unidos), 11 jul (dpa) - El jugador de baloncesto alem\u00e1n Maximiliam Kleber firm\u00f3 un nuevo contrato con los Dallas Mavericks, anunci\u00f3 el club. El equipo de la ciudad tejana no ofreci\u00f3 detalles sobre las condiciones pactadas. Sin embargo, el peri\u00f3dico estadounidense &quot;The New York Times&quot; hab\u00eda informado con anterioridad que el jugador, de\" \/>\n\t<meta name=\"robots\" content=\"max-image-preview:large\" \/>\n\t<meta name=\"author\" content=\"El Digital de Asturias\"\/>\n\t<meta name=\"google-site-verification\" content=\"UA-38556648-1\" \/>\n\t<meta name=\"msvalidate.01\" content=\"7dfe9f3f1b24437ab69f4f2559babe99\" \/>\n\t<meta name=\"keywords\" content=\"deportes\" \/>\n\t<link rel=\"canonical\" href=\"https:\/\/www.eldigitaldeasturias.com\/noticias\/kleber-firma-un-nuevo-contrato-con-los-dallas-mavericks\/\" \/>\n\t<meta name=\"generator\" content=\"All in One SEO Pro (AIOSEO) 4.9.6.2\" \/>\n\t\t<meta property=\"og:locale\" content=\"es_ES\" \/>\n\t\t<meta property=\"og:site_name\" content=\"El Digital de Asturias\" \/>\n\t\t<meta property=\"og:type\" content=\"article\" \/>\n\t\t<meta property=\"og:title\" content=\"Kleber firma un nuevo contrato con los Dallas Mavericks - El Digital de Asturias\" \/>\n\t\t<meta property=\"og:description\" content=\"Dallas (Estados Unidos), 11 jul (dpa) - El jugador de baloncesto alem\u00e1n Maximiliam Kleber firm\u00f3 un nuevo contrato con los Dallas Mavericks, anunci\u00f3 el club. El equipo de la ciudad tejana no ofreci\u00f3 detalles sobre las condiciones pactadas. Sin embargo, el peri\u00f3dico estadounidense &quot;The New York Times&quot; hab\u00eda informado con anterioridad que el jugador, de\" \/>\n\t\t<meta property=\"og:url\" content=\"https:\/\/www.eldigitaldeasturias.com\/noticias\/kleber-firma-un-nuevo-contrato-con-los-dallas-mavericks\/\" \/>\n\t\t<meta property=\"og:image\" content=\"https:\/\/www.eldigitaldeasturias.com\/noticias\/wp-content\/uploads\/2019\/07\/Maximiliam-Kleber-dpa.jpg\" \/>\n\t\t<meta property=\"og:image:secure_url\" content=\"https:\/\/www.eldigitaldeasturias.com\/noticias\/wp-content\/uploads\/2019\/07\/Maximiliam-Kleber-dpa.jpg\" \/>\n\t\t<meta property=\"og:image:width\" content=\"984\" \/>\n\t\t<meta property=\"og:image:height\" content=\"658\" \/>\n\t\t<meta property=\"article:tag\" content=\"deportes\" \/>\n\t\t<meta property=\"article:published_time\" content=\"2019-07-11T14:12:02+00:00\" \/>\n\t\t<meta property=\"article:modified_time\" content=\"2019-07-11T14:12:02+00:00\" \/>\n\t\t<meta property=\"article:publisher\" content=\"https:\/\/facebook.com\/eldigitaldeasturias\" \/>\n\t\t<meta name=\"twitter:card\" content=\"summary_large_image\" \/>\n\t\t<meta name=\"twitter:title\" content=\"Kleber firma un nuevo contrato con los Dallas Mavericks - El Digital de Asturias\" \/>\n\t\t<meta name=\"twitter:description\" content=\"Dallas (Estados Unidos), 11 jul (dpa) - El jugador de baloncesto alem\u00e1n Maximiliam Kleber firm\u00f3 un nuevo contrato con los Dallas Mavericks, anunci\u00f3 el club. El equipo de la ciudad tejana no ofreci\u00f3 detalles sobre las condiciones pactadas. Sin embargo, el peri\u00f3dico estadounidense &quot;The New York Times&quot; hab\u00eda informado con anterioridad que el jugador, de\" \/>\n\t\t<meta name=\"twitter:image\" content=\"https:\/\/www.eldigitaldeasturias.com\/noticias\/wp-content\/uploads\/2019\/07\/Maximiliam-Kleber-dpa.jpg\" \/>\n\t\t<meta name=\"twitter:label1\" content=\"Escrito por\" \/>\n\t\t<meta name=\"twitter:data1\" content=\"El Digital de Asturias\" \/>\n\t\t<meta name=\"twitter:label2\" content=\"Tiempo de lectura estimado\" \/>\n\t\t<meta name=\"twitter:data2\" content=\"1 minuto\" \/>\n\t\t<script type=\"application\/ld+json\" class=\"aioseo-schema\">\n\t\t\t{\"@context\":\"https:\\\/\\\/schema.org\",\"@graph\":[{\"@type\":\"BlogPosting\",\"@id\":\"https:\\\/\\\/www.eldigitaldeasturias.com\\\/noticias\\\/kleber-firma-un-nuevo-contrato-con-los-dallas-mavericks\\\/#blogposting\",\"name\":\"Kleber firma un nuevo contrato con los Dallas Mavericks - El Digital de Asturias\",\"headline\":\"Kleber firma un nuevo contrato con los Dallas Mavericks\",\"author\":{\"@id\":\"https:\\\/\\\/www.eldigitaldeasturias.com\\\/noticias\\\/author\\\/admin\\\/#author\"},\"publisher\":{\"@id\":\"https:\\\/\\\/www.eldigitaldeasturias.com\\\/noticias\\\/#organization\"},\"image\":{\"@type\":\"ImageObject\",\"url\":\"https:\\\/\\\/www.eldigitaldeasturias.com\\\/noticias\\\/wp-content\\\/uploads\\\/2019\\\/07\\\/Maximiliam-Kleber-dpa.jpg\",\"width\":984,\"height\":658},\"datePublished\":\"2019-07-11T14:12:02+02:00\",\"dateModified\":\"2019-07-11T14:12:02+02:00\",\"inLanguage\":\"es-ES\",\"mainEntityOfPage\":{\"@id\":\"https:\\\/\\\/www.eldigitaldeasturias.com\\\/noticias\\\/kleber-firma-un-nuevo-contrato-con-los-dallas-mavericks\\\/#webpage\"},\"isPartOf\":{\"@id\":\"https:\\\/\\\/www.eldigitaldeasturias.com\\\/noticias\\\/kleber-firma-un-nuevo-contrato-con-los-dallas-mavericks\\\/#webpage\"},\"articleSection\":\"Deportes\"},{\"@type\":\"BreadcrumbList\",\"@id\":\"https:\\\/\\\/www.eldigitaldeasturias.com\\\/noticias\\\/kleber-firma-un-nuevo-contrato-con-los-dallas-mavericks\\\/#breadcrumblist\",\"itemListElement\":[{\"@type\":\"ListItem\",\"@id\":\"https:\\\/\\\/www.eldigitaldeasturias.com\\\/noticias#listItem\",\"position\":1,\"name\":\"Home\",\"item\":\"https:\\\/\\\/www.eldigitaldeasturias.com\\\/noticias\",\"nextItem\":{\"@type\":\"ListItem\",\"@id\":\"https:\\\/\\\/www.eldigitaldeasturias.com\\\/noticias\\\/category\\\/deportes\\\/#listItem\",\"name\":\"Deportes\"}},{\"@type\":\"ListItem\",\"@id\":\"https:\\\/\\\/www.eldigitaldeasturias.com\\\/noticias\\\/category\\\/deportes\\\/#listItem\",\"position\":2,\"name\":\"Deportes\",\"item\":\"https:\\\/\\\/www.eldigitaldeasturias.com\\\/noticias\\\/category\\\/deportes\\\/\",\"nextItem\":{\"@type\":\"ListItem\",\"@id\":\"https:\\\/\\\/www.eldigitaldeasturias.com\\\/noticias\\\/kleber-firma-un-nuevo-contrato-con-los-dallas-mavericks\\\/#listItem\",\"name\":\"Kleber firma un nuevo contrato con los Dallas Mavericks\"},\"previousItem\":{\"@type\":\"ListItem\",\"@id\":\"https:\\\/\\\/www.eldigitaldeasturias.com\\\/noticias#listItem\",\"name\":\"Home\"}},{\"@type\":\"ListItem\",\"@id\":\"https:\\\/\\\/www.eldigitaldeasturias.com\\\/noticias\\\/kleber-firma-un-nuevo-contrato-con-los-dallas-mavericks\\\/#listItem\",\"position\":3,\"name\":\"Kleber firma un nuevo contrato con los Dallas Mavericks\",\"previousItem\":{\"@type\":\"ListItem\",\"@id\":\"https:\\\/\\\/www.eldigitaldeasturias.com\\\/noticias\\\/category\\\/deportes\\\/#listItem\",\"name\":\"Deportes\"}}]},{\"@type\":\"Organization\",\"@id\":\"https:\\\/\\\/www.eldigitaldeasturias.com\\\/noticias\\\/#organization\",\"name\":\"El Digital de Asturias\",\"description\":\"Hemeroteca\",\"url\":\"https:\\\/\\\/www.eldigitaldeasturias.com\\\/noticias\\\/\",\"email\":\"info@eldigitaldeasturias.com\",\"telephone\":\"+34652131393\",\"logo\":{\"@type\":\"ImageObject\",\"url\":\"https:\\\/\\\/www.eldigitaldeasturias.com\\\/noticias\\\/wp-content\\\/uploads\\\/2020\\\/12\\\/EDA.jpg\",\"@id\":\"https:\\\/\\\/www.eldigitaldeasturias.com\\\/noticias\\\/kleber-firma-un-nuevo-contrato-con-los-dallas-mavericks\\\/#organizationLogo\",\"width\":649,\"height\":297},\"image\":{\"@id\":\"https:\\\/\\\/www.eldigitaldeasturias.com\\\/noticias\\\/kleber-firma-un-nuevo-contrato-con-los-dallas-mavericks\\\/#organizationLogo\"},\"sameAs\":[\"https:\\\/\\\/facebook.com\\\/eldigitaldeasturias\",\"https:\\\/\\\/www.youtube.com\\\/channel\\\/UCZP-2wLEB9Rv6erhFmqVnvg\"],\"address\":{\"@id\":\"https:\\\/\\\/www.eldigitaldeasturias.com\\\/noticias\\\/#postaladdress\",\"@type\":\"PostalAddress\",\"streetAddress\":\"san antonio 4,\",\"postalCode\":\"33430\",\"addressLocality\":\"Cand\\u00e1s\",\"addressRegion\":\"Asturias\",\"addressCountry\":\"ES\"}},{\"@type\":\"Person\",\"@id\":\"https:\\\/\\\/www.eldigitaldeasturias.com\\\/noticias\\\/author\\\/admin\\\/#author\",\"url\":\"https:\\\/\\\/www.eldigitaldeasturias.com\\\/noticias\\\/author\\\/admin\\\/\",\"name\":\"El Digital de Asturias\",\"image\":{\"@type\":\"ImageObject\",\"@id\":\"https:\\\/\\\/www.eldigitaldeasturias.com\\\/noticias\\\/kleber-firma-un-nuevo-contrato-con-los-dallas-mavericks\\\/#authorImage\",\"url\":\"https:\\\/\\\/www.eldigitaldeasturias.com\\\/noticias\\\/wp-content\\\/litespeed\\\/avatar\\\/18677e78aa0546b92d9dbf31ec7d7668.jpg?ver=1776685526\",\"width\":96,\"height\":96,\"caption\":\"El Digital de Asturias\"}},{\"@type\":\"WebPage\",\"@id\":\"https:\\\/\\\/www.eldigitaldeasturias.com\\\/noticias\\\/kleber-firma-un-nuevo-contrato-con-los-dallas-mavericks\\\/#webpage\",\"url\":\"https:\\\/\\\/www.eldigitaldeasturias.com\\\/noticias\\\/kleber-firma-un-nuevo-contrato-con-los-dallas-mavericks\\\/\",\"name\":\"Kleber firma un nuevo contrato con los Dallas Mavericks - El Digital de Asturias\",\"description\":\"Dallas (Estados Unidos), 11 jul (dpa) - El jugador de baloncesto alem\\u00e1n Maximiliam Kleber firm\\u00f3 un nuevo contrato con los Dallas Mavericks, anunci\\u00f3 el club. El equipo de la ciudad tejana no ofreci\\u00f3 detalles sobre las condiciones pactadas. Sin embargo, el peri\\u00f3dico estadounidense \\\"The New York Times\\\" hab\\u00eda informado con anterioridad que el jugador, de\",\"inLanguage\":\"es-ES\",\"isPartOf\":{\"@id\":\"https:\\\/\\\/www.eldigitaldeasturias.com\\\/noticias\\\/#website\"},\"breadcrumb\":{\"@id\":\"https:\\\/\\\/www.eldigitaldeasturias.com\\\/noticias\\\/kleber-firma-un-nuevo-contrato-con-los-dallas-mavericks\\\/#breadcrumblist\"},\"author\":{\"@id\":\"https:\\\/\\\/www.eldigitaldeasturias.com\\\/noticias\\\/author\\\/admin\\\/#author\"},\"creator\":{\"@id\":\"https:\\\/\\\/www.eldigitaldeasturias.com\\\/noticias\\\/author\\\/admin\\\/#author\"},\"image\":{\"@type\":\"ImageObject\",\"url\":\"https:\\\/\\\/www.eldigitaldeasturias.com\\\/noticias\\\/wp-content\\\/uploads\\\/2019\\\/07\\\/Maximiliam-Kleber-dpa.jpg\",\"@id\":\"https:\\\/\\\/www.eldigitaldeasturias.com\\\/noticias\\\/kleber-firma-un-nuevo-contrato-con-los-dallas-mavericks\\\/#mainImage\",\"width\":984,\"height\":658},\"primaryImageOfPage\":{\"@id\":\"https:\\\/\\\/www.eldigitaldeasturias.com\\\/noticias\\\/kleber-firma-un-nuevo-contrato-con-los-dallas-mavericks\\\/#mainImage\"},\"datePublished\":\"2019-07-11T14:12:02+02:00\",\"dateModified\":\"2019-07-11T14:12:02+02:00\"},{\"@type\":\"WebSite\",\"@id\":\"https:\\\/\\\/www.eldigitaldeasturias.com\\\/noticias\\\/#website\",\"url\":\"https:\\\/\\\/www.eldigitaldeasturias.com\\\/noticias\\\/\",\"name\":\"El Digital de Asturias - Diario de actualidad y noticias\",\"alternateName\":\"El Digital de Asturias - Diario de actualidad y noticias\",\"description\":\"Hemeroteca\",\"inLanguage\":\"es-ES\",\"publisher\":{\"@id\":\"https:\\\/\\\/www.eldigitaldeasturias.com\\\/noticias\\\/#organization\"}}]}\n\t\t<\/script>\n\t\t<!-- All in One SEO Pro -->\r\n\t\t<title>Kleber firma un nuevo contrato con los Dallas Mavericks - El Digital de Asturias<\/title>\n\n","aioseo_head_json":{"title":"Kleber firma un nuevo contrato con los Dallas Mavericks - El Digital de Asturias","description":"Dallas (Estados Unidos), 11 jul (dpa) - El jugador de baloncesto alem\u00e1n Maximiliam Kleber firm\u00f3 un nuevo contrato con los Dallas Mavericks, anunci\u00f3 el club. El equipo de la ciudad tejana no ofreci\u00f3 detalles sobre las condiciones pactadas. Sin embargo, el peri\u00f3dico estadounidense \"The New York Times\" hab\u00eda informado con anterioridad que el jugador, de","canonical_url":"https:\/\/www.eldigitaldeasturias.com\/noticias\/kleber-firma-un-nuevo-contrato-con-los-dallas-mavericks\/","robots":"max-image-preview:large","keywords":"deportes","webmasterTools":{"google-site-verification":"UA-38556648-1","msvalidate.01":"7dfe9f3f1b24437ab69f4f2559babe99","miscellaneous":""},"schema":{"@context":"https:\/\/schema.org","@graph":[{"@type":"BlogPosting","@id":"https:\/\/www.eldigitaldeasturias.com\/noticias\/kleber-firma-un-nuevo-contrato-con-los-dallas-mavericks\/#blogposting","name":"Kleber firma un nuevo contrato con los Dallas Mavericks - El Digital de Asturias","headline":"Kleber firma un nuevo contrato con los Dallas Mavericks","author":{"@id":"https:\/\/www.eldigitaldeasturias.com\/noticias\/author\/admin\/#author"},"publisher":{"@id":"https:\/\/www.eldigitaldeasturias.com\/noticias\/#organization"},"image":{"@type":"ImageObject","url":"https:\/\/www.eldigitaldeasturias.com\/noticias\/wp-content\/uploads\/2019\/07\/Maximiliam-Kleber-dpa.jpg","width":984,"height":658},"datePublished":"2019-07-11T14:12:02+02:00","dateModified":"2019-07-11T14:12:02+02:00","inLanguage":"es-ES","mainEntityOfPage":{"@id":"https:\/\/www.eldigitaldeasturias.com\/noticias\/kleber-firma-un-nuevo-contrato-con-los-dallas-mavericks\/#webpage"},"isPartOf":{"@id":"https:\/\/www.eldigitaldeasturias.com\/noticias\/kleber-firma-un-nuevo-contrato-con-los-dallas-mavericks\/#webpage"},"articleSection":"Deportes"},{"@type":"BreadcrumbList","@id":"https:\/\/www.eldigitaldeasturias.com\/noticias\/kleber-firma-un-nuevo-contrato-con-los-dallas-mavericks\/#breadcrumblist","itemListElement":[{"@type":"ListItem","@id":"https:\/\/www.eldigitaldeasturias.com\/noticias#listItem","position":1,"name":"Home","item":"https:\/\/www.eldigitaldeasturias.com\/noticias","nextItem":{"@type":"ListItem","@id":"https:\/\/www.eldigitaldeasturias.com\/noticias\/category\/deportes\/#listItem","name":"Deportes"}},{"@type":"ListItem","@id":"https:\/\/www.eldigitaldeasturias.com\/noticias\/category\/deportes\/#listItem","position":2,"name":"Deportes","item":"https:\/\/www.eldigitaldeasturias.com\/noticias\/category\/deportes\/","nextItem":{"@type":"ListItem","@id":"https:\/\/www.eldigitaldeasturias.com\/noticias\/kleber-firma-un-nuevo-contrato-con-los-dallas-mavericks\/#listItem","name":"Kleber firma un nuevo contrato con los Dallas Mavericks"},"previousItem":{"@type":"ListItem","@id":"https:\/\/www.eldigitaldeasturias.com\/noticias#listItem","name":"Home"}},{"@type":"ListItem","@id":"https:\/\/www.eldigitaldeasturias.com\/noticias\/kleber-firma-un-nuevo-contrato-con-los-dallas-mavericks\/#listItem","position":3,"name":"Kleber firma un nuevo contrato con los Dallas Mavericks","previousItem":{"@type":"ListItem","@id":"https:\/\/www.eldigitaldeasturias.com\/noticias\/category\/deportes\/#listItem","name":"Deportes"}}]},{"@type":"Organization","@id":"https:\/\/www.eldigitaldeasturias.com\/noticias\/#organization","name":"El Digital de Asturias","description":"Hemeroteca","url":"https:\/\/www.eldigitaldeasturias.com\/noticias\/","email":"info@eldigitaldeasturias.com","telephone":"+34652131393","logo":{"@type":"ImageObject","url":"https:\/\/www.eldigitaldeasturias.com\/noticias\/wp-content\/uploads\/2020\/12\/EDA.jpg","@id":"https:\/\/www.eldigitaldeasturias.com\/noticias\/kleber-firma-un-nuevo-contrato-con-los-dallas-mavericks\/#organizationLogo","width":649,"height":297},"image":{"@id":"https:\/\/www.eldigitaldeasturias.com\/noticias\/kleber-firma-un-nuevo-contrato-con-los-dallas-mavericks\/#organizationLogo"},"sameAs":["https:\/\/facebook.com\/eldigitaldeasturias","https:\/\/www.youtube.com\/channel\/UCZP-2wLEB9Rv6erhFmqVnvg"],"address":{"@id":"https:\/\/www.eldigitaldeasturias.com\/noticias\/#postaladdress","@type":"PostalAddress","streetAddress":"san antonio 4,","postalCode":"33430","addressLocality":"Cand\u00e1s","addressRegion":"Asturias","addressCountry":"ES"}},{"@type":"Person","@id":"https:\/\/www.eldigitaldeasturias.com\/noticias\/author\/admin\/#author","url":"https:\/\/www.eldigitaldeasturias.com\/noticias\/author\/admin\/","name":"El Digital de Asturias","image":{"@type":"ImageObject","@id":"https:\/\/www.eldigitaldeasturias.com\/noticias\/kleber-firma-un-nuevo-contrato-con-los-dallas-mavericks\/#authorImage","url":"https:\/\/www.eldigitaldeasturias.com\/noticias\/wp-content\/litespeed\/avatar\/18677e78aa0546b92d9dbf31ec7d7668.jpg?ver=1776685526","width":96,"height":96,"caption":"El Digital de Asturias"}},{"@type":"WebPage","@id":"https:\/\/www.eldigitaldeasturias.com\/noticias\/kleber-firma-un-nuevo-contrato-con-los-dallas-mavericks\/#webpage","url":"https:\/\/www.eldigitaldeasturias.com\/noticias\/kleber-firma-un-nuevo-contrato-con-los-dallas-mavericks\/","name":"Kleber firma un nuevo contrato con los Dallas Mavericks - El Digital de Asturias","description":"Dallas (Estados Unidos), 11 jul (dpa) - El jugador de baloncesto alem\u00e1n Maximiliam Kleber firm\u00f3 un nuevo contrato con los Dallas Mavericks, anunci\u00f3 el club. El equipo de la ciudad tejana no ofreci\u00f3 detalles sobre las condiciones pactadas. Sin embargo, el peri\u00f3dico estadounidense \"The New York Times\" hab\u00eda informado con anterioridad que el jugador, de","inLanguage":"es-ES","isPartOf":{"@id":"https:\/\/www.eldigitaldeasturias.com\/noticias\/#website"},"breadcrumb":{"@id":"https:\/\/www.eldigitaldeasturias.com\/noticias\/kleber-firma-un-nuevo-contrato-con-los-dallas-mavericks\/#breadcrumblist"},"author":{"@id":"https:\/\/www.eldigitaldeasturias.com\/noticias\/author\/admin\/#author"},"creator":{"@id":"https:\/\/www.eldigitaldeasturias.com\/noticias\/author\/admin\/#author"},"image":{"@type":"ImageObject","url":"https:\/\/www.eldigitaldeasturias.com\/noticias\/wp-content\/uploads\/2019\/07\/Maximiliam-Kleber-dpa.jpg","@id":"https:\/\/www.eldigitaldeasturias.com\/noticias\/kleber-firma-un-nuevo-contrato-con-los-dallas-mavericks\/#mainImage","width":984,"height":658},"primaryImageOfPage":{"@id":"https:\/\/www.eldigitaldeasturias.com\/noticias\/kleber-firma-un-nuevo-contrato-con-los-dallas-mavericks\/#mainImage"},"datePublished":"2019-07-11T14:12:02+02:00","dateModified":"2019-07-11T14:12:02+02:00"},{"@type":"WebSite","@id":"https:\/\/www.eldigitaldeasturias.com\/noticias\/#website","url":"https:\/\/www.eldigitaldeasturias.com\/noticias\/","name":"El Digital de Asturias - Diario de actualidad y noticias","alternateName":"El Digital de Asturias - Diario de actualidad y noticias","description":"Hemeroteca","inLanguage":"es-ES","publisher":{"@id":"https:\/\/www.eldigitaldeasturias.com\/noticias\/#organization"}}]},"og:locale":"es_ES","og:site_name":"El Digital de Asturias","og:type":"article","og:title":"Kleber firma un nuevo contrato con los Dallas Mavericks - El Digital de Asturias","og:description":"Dallas (Estados Unidos), 11 jul (dpa) - El jugador de baloncesto alem\u00e1n Maximiliam Kleber firm\u00f3 un nuevo contrato con los Dallas Mavericks, anunci\u00f3 el club. El equipo de la ciudad tejana no ofreci\u00f3 detalles sobre las condiciones pactadas. Sin embargo, el peri\u00f3dico estadounidense &quot;The New York Times&quot; hab\u00eda informado con anterioridad que el jugador, de","og:url":"https:\/\/www.eldigitaldeasturias.com\/noticias\/kleber-firma-un-nuevo-contrato-con-los-dallas-mavericks\/","og:image":"https:\/\/www.eldigitaldeasturias.com\/noticias\/wp-content\/uploads\/2019\/07\/Maximiliam-Kleber-dpa.jpg","og:image:secure_url":"https:\/\/www.eldigitaldeasturias.com\/noticias\/wp-content\/uploads\/2019\/07\/Maximiliam-Kleber-dpa.jpg","og:image:width":984,"og:image:height":658,"article:tag":["deportes"],"article:published_time":"2019-07-11T14:12:02+00:00","article:modified_time":"2019-07-11T14:12:02+00:00","article:publisher":"https:\/\/facebook.com\/eldigitaldeasturias","twitter:card":"summary_large_image","twitter:title":"Kleber firma un nuevo contrato con los Dallas Mavericks - El Digital de Asturias","twitter:description":"Dallas (Estados Unidos), 11 jul (dpa) - El jugador de baloncesto alem\u00e1n Maximiliam Kleber firm\u00f3 un nuevo contrato con los Dallas Mavericks, anunci\u00f3 el club. El equipo de la ciudad tejana no ofreci\u00f3 detalles sobre las condiciones pactadas. Sin embargo, el peri\u00f3dico estadounidense &quot;The New York Times&quot; hab\u00eda informado con anterioridad que el jugador, de","twitter:image":"https:\/\/www.eldigitaldeasturias.com\/noticias\/wp-content\/uploads\/2019\/07\/Maximiliam-Kleber-dpa.jpg","twitter:label1":"Escrito por","twitter:data1":"El Digital de Asturias","twitter:label2":"Tiempo de lectura estimado","twitter:data2":"1 minuto"},"aioseo_meta_data":{"post_id":"1034435","title":null,"description":null,"keywords":null,"keyphrases":null,"primary_term":null,"canonical_url":null,"og_title":null,"og_description":null,"og_object_type":"default","og_image_type":"default","og_image_url":null,"og_image_width":null,"og_image_height":null,"og_image_custom_url":null,"og_image_custom_fields":null,"og_video":null,"og_custom_url":null,"og_article_section":null,"og_article_tags":null,"twitter_use_og":false,"twitter_card":"default","twitter_image_type":"default","twitter_image_url":null,"twitter_image_custom_url":null,"twitter_image_custom_fields":null,"twitter_title":null,"twitter_description":null,"schema":{"blockGraphs":[],"customGraphs":[],"default":{"data":{"Article":[],"Course":[],"Dataset":[],"FAQPage":[],"Movie":[],"Person":[],"Product":[],"ProductReview":[],"Car":[],"Recipe":[],"Service":[],"SoftwareApplication":[],"WebPage":[]},"graphName":"","isEnabled":true},"graphs":[]},"schema_type":null,"schema_type_options":null,"pillar_content":false,"robots_default":true,"robots_noindex":false,"robots_noarchive":false,"robots_nosnippet":false,"robots_nofollow":false,"robots_noimageindex":false,"robots_noodp":false,"robots_notranslate":false,"robots_max_snippet":null,"robots_max_videopreview":null,"robots_max_imagepreview":"large","priority":null,"frequency":null,"local_seo":null,"seo_analyzer_scan_date":"2025-10-22 04:40:53","breadcrumb_settings":null,"limit_modified_date":false,"open_ai":null,"ai":null,"created":"2020-12-21 11:08:24","updated":"2025-10-22 04:40:53"},"aioseo_breadcrumb":"<div class=\"aioseo-breadcrumbs\"><span class=\"aioseo-breadcrumb\">\n\t<a href=\"https:\/\/www.eldigitaldeasturias.com\/noticias\" title=\"Home\">Home<\/a>\n<\/span><span class=\"aioseo-breadcrumb-separator\">\u2013<\/span><span class=\"aioseo-breadcrumb\">\n\t<a href=\"https:\/\/www.eldigitaldeasturias.com\/noticias\/category\/deportes\/\" title=\"Deportes\">Deportes<\/a>\n<\/span><span class=\"aioseo-breadcrumb-separator\">\u2013<\/span><span class=\"aioseo-breadcrumb\">\n\t<a href=\"https:\/\/www.eldigitaldeasturias.com\/noticias\/kleber-firma-un-nuevo-contrato-con-los-dallas-mavericks\/\" title=\"Kleber firma un nuevo contrato con los Dallas Mavericks\">Kleber firma un nuevo contrato con los Dallas Mavericks<\/a>\n<\/span><\/div>","aioseo_breadcrumb_json":[{"label":"Home","link":"https:\/\/www.eldigitaldeasturias.com\/noticias"},{"label":"Deportes","link":"https:\/\/www.eldigitaldeasturias.com\/noticias\/category\/deportes\/"},{"label":"Kleber firma un nuevo contrato con los Dallas Mavericks","link":"https:\/\/www.eldigitaldeasturias.com\/noticias\/kleber-firma-un-nuevo-contrato-con-los-dallas-mavericks\/"}],"_links":{"self":[{"href":"https:\/\/www.eldigitaldeasturias.com\/noticias\/wp-json\/wp\/v2\/posts\/1034435","targetHints":{"allow":["GET"]}}],"collection":[{"href":"https:\/\/www.eldigitaldeasturias.com\/noticias\/wp-json\/wp\/v2\/posts"}],"about":[{"href":"https:\/\/www.eldigitaldeasturias.com\/noticias\/wp-json\/wp\/v2\/types\/post"}],"author":[{"embeddable":true,"href":"https:\/\/www.eldigitaldeasturias.com\/noticias\/wp-json\/wp\/v2\/users\/1"}],"replies":[{"embeddable":true,"href":"https:\/\/www.eldigitaldeasturias.com\/noticias\/wp-json\/wp\/v2\/comments?post=1034435"}],"version-history":[{"count":0,"href":"https:\/\/www.eldigitaldeasturias.com\/noticias\/wp-json\/wp\/v2\/posts\/1034435\/revisions"}],"wp:featuredmedia":[{"embeddable":true,"href":"https:\/\/www.eldigitaldeasturias.com\/noticias\/wp-json\/wp\/v2\/media\/1034436"}],"wp:attachment":[{"href":"https:\/\/www.eldigitaldeasturias.com\/noticias\/wp-json\/wp\/v2\/media?parent=1034435"}],"wp:term":[{"taxonomy":"category","embeddable":true,"href":"https:\/\/www.eldigitaldeasturias.com\/noticias\/wp-json\/wp\/v2\/categories?post=1034435"},{"taxonomy":"post_tag","embeddable":true,"href":"https:\/\/www.eldigitaldeasturias.com\/noticias\/wp-json\/wp\/v2\/tags?post=1034435"}],"curies":[{"name":"wp","href":"https:\/\/api.w.org\/{rel}","templated":true}]}}