{"id":1034078,"date":"2019-07-07T20:43:18","date_gmt":"2019-07-07T20:43:18","guid":{"rendered":"https:\/\/www.eldigitaldeasturias.com\/noticias\/?p=1034078"},"modified":"2019-07-07T20:43:18","modified_gmt":"2019-07-07T20:43:18","slug":"directivo-de-sap-pide-mas-valor-y-mas-rapidez-para-el-cambio-digital-en-alemania","status":"publish","type":"post","link":"https:\/\/www.eldigitaldeasturias.com\/noticias\/directivo-de-sap-pide-mas-valor-y-mas-rapidez-para-el-cambio-digital-en-alemania\/","title":{"rendered":"Directivo de SAP pide m\u00e1s valor y m\u00e1s rapidez para el cambio digital en Alemania"},"content":{"rendered":"<p><img loading=\"lazy\" decoding=\"async\" class=\"alignleft size-medium wp-image-969355\" src=\"https:\/\/www.eldigitaldeasturias.com\/noticias\/wp-content\/uploads\/2018\/02\/network-3148727_1280-360x240.jpg\" alt=\"\" width=\"360\" height=\"240\" srcset=\"https:\/\/www.eldigitaldeasturias.com\/noticias\/wp-content\/uploads\/2018\/02\/network-3148727_1280-360x240.jpg 360w, https:\/\/www.eldigitaldeasturias.com\/noticias\/wp-content\/uploads\/2018\/02\/network-3148727_1280-768x512.jpg 768w, https:\/\/www.eldigitaldeasturias.com\/noticias\/wp-content\/uploads\/2018\/02\/network-3148727_1280-650x433.jpg 650w, https:\/\/www.eldigitaldeasturias.com\/noticias\/wp-content\/uploads\/2018\/02\/network-3148727_1280.jpg 1280w\" sizes=\"auto, (max-width: 360px) 100vw, 360px\" \/>Walldorf (Alemania), 7 jul (dpa) &#8211; El cambio digital en Alemania requiere ser impulsado con m\u00e1s valor y celeridad, afirm\u00f3 Christian Klein, miembro de la junta directiva de la empresa de software SAP, en declaraciones a dpa.<\/p>\n<p>\u00abCreo que es muy importante abordar este cambio ahora y ver m\u00e1s los beneficios y menos los riesgos\u00bb, opin\u00f3. Tambi\u00e9n indic\u00f3 que muchos puntos importantes, como por ejemplo la construcci\u00f3n de infraestructura o el tema de la educaci\u00f3n digital, son reconocidos y debatidos.<\/p>\n<p>Pero la implementaci\u00f3n debe ser m\u00e1s r\u00e1pida, se\u00f1al\u00f3 Klein, quien es responsable en el directorio de la mayor empresa de software de Europa del negocio con las aplicaciones m\u00e1s importantes, pero tambi\u00e9n se encuentra a cargo del cambio interno que la propia SAP lleva a cabo.<\/p>\n<p>Klein sostuvo que para ello l\u00f3gicamente debe invertirse dinero. \u00abPero valor tambi\u00e9n significa invertir en nuevos temas, abordar nuevos temas\u00bb, subray\u00f3. \u00abEsto es algo en lo debe haber progresos ahora en Alemania\u00bb.<\/p>\n<p>En este sentido, consider\u00f3 que la pol\u00edtica y la econom\u00eda cuentan con las mismas obligaciones. El directivo germano indic\u00f3 que la pol\u00edtica debe fijar las condiciones marco, pero que tambi\u00e9n se ven presionadas a tomar medidas las empresas que ahora deben preguntarse d\u00f3nde invierten, c\u00f3mo pueden digitalizar y automatizar sus cadenas de valor a\u00f1adido y c\u00f3mo pueden encontrar a las personas que necesitan para ello.<\/p>\n<p>\u00abLo que me llama extremadamente la atenci\u00f3n en Alemania es la falta de especialistas\u00bb, dijo Klein, quien observ\u00f3 que antes compet\u00edan sobre todo las grandes empresas por los expertos en t\u00e9cnicas de la informaci\u00f3n, pero actualmente las peque\u00f1as compa\u00f1\u00edas tambi\u00e9n se sumaron a esta carrera. \u00abY comparado con este gran mercado de talentos en China o India, llama la atenci\u00f3n cu\u00e1nto m\u00e1s peque\u00f1o es en realidad el mercado aqu\u00ed\u00bb, analiz\u00f3.<\/p>\n<p>Adem\u00e1s, Klein inst\u00f3 entre otros puntos a que los planes de estudio en escuelas y universidades sean ajustados m\u00e1s r\u00e1pidamente al desarollo. \u00abA\u00fan veo universidades muy orgullosas porque adoptaron ahora la transformaci\u00f3n digital en su plan de estudios\u00bb, apunt\u00f3. Asimismo acot\u00f3 que debe mejorarse el equipamiento de las escuelas y la calificaci\u00f3n de los maestros.<\/p>\n<p>Klein destac\u00f3 que el emplazamiento de Alemania tiene ventajas decisivas a partir de su enorme know-how, sobre en las empresas medianas. \u00abEste conocimiento, estoy muy seguro, no se presenta nuevamente con esta constelaci\u00f3n por ejemplo en Estados Unidos o China\u00bb, remarc\u00f3 Klein. \u00abY sobre este conocimiento debemos construir, combinarlo con las capacidades digitales correctas y luego ver que realmente implementemos la digitalizaci\u00f3n\u00bb, asever\u00f3.<\/p>\n<p>La condici\u00f3n fundamental en las empresas es lograr una apertura y una cultura en favor de los cambios, consider\u00f3 Klein. \u00abEsto frecuentemente es m\u00e1s dif\u00edcil que introducir el cambio tecnol\u00f3gico\u00bb, concluy\u00f3.<\/p>\n<p>&nbsp;<\/p>\n","protected":false},"excerpt":{"rendered":"<p>Walldorf (Alemania), 7 jul (dpa) &#8211; El cambio digital en Alemania requiere ser impulsado con m\u00e1s valor y celeridad, afirm\u00f3 Christian Klein, miembro de la junta directiva de la empresa de software SAP, en declaraciones a dpa. \u00abCreo que es muy importante abordar este cambio ahora y ver m\u00e1s los beneficios y menos los riesgos\u00bb, [&hellip;]<\/p>\n","protected":false},"author":1,"featured_media":972961,"comment_status":"closed","ping_status":"closed","sticky":false,"template":"","format":"standard","meta":{"footnotes":""},"categories":[219],"tags":[],"class_list":["post-1034078","post","type-post","status-publish","format-standard","has-post-thumbnail","hentry","category-negocios-y-empresas"],"aioseo_notices":[],"aioseo_head":"\n\t\t<!-- All in One SEO Pro 4.9.6.2 - aioseo.com -->\n\t<meta name=\"description\" content=\"Walldorf (Alemania), 7 jul (dpa) - El cambio digital en Alemania requiere ser impulsado con m\u00e1s valor y celeridad, afirm\u00f3 Christian Klein, miembro de la junta directiva de la empresa de software SAP, en declaraciones a dpa. &quot;Creo que es muy importante abordar este cambio ahora y ver m\u00e1s los beneficios y menos los riesgos&quot;,\" \/>\n\t<meta name=\"robots\" content=\"max-image-preview:large\" \/>\n\t<meta name=\"author\" content=\"El Digital de Asturias\"\/>\n\t<meta name=\"google-site-verification\" content=\"UA-38556648-1\" \/>\n\t<meta name=\"msvalidate.01\" content=\"7dfe9f3f1b24437ab69f4f2559babe99\" \/>\n\t<meta name=\"keywords\" content=\"negocios y empresas\" \/>\n\t<link rel=\"canonical\" href=\"https:\/\/www.eldigitaldeasturias.com\/noticias\/directivo-de-sap-pide-mas-valor-y-mas-rapidez-para-el-cambio-digital-en-alemania\/\" \/>\n\t<meta name=\"generator\" content=\"All in One SEO Pro (AIOSEO) 4.9.6.2\" \/>\n\t\t<meta property=\"og:locale\" content=\"es_ES\" \/>\n\t\t<meta property=\"og:site_name\" content=\"El Digital de Asturias\" \/>\n\t\t<meta property=\"og:type\" content=\"article\" \/>\n\t\t<meta property=\"og:title\" content=\"Directivo de SAP pide m\u00e1s valor y m\u00e1s rapidez para el cambio digital en Alemania - El Digital de Asturias\" \/>\n\t\t<meta property=\"og:description\" content=\"Walldorf (Alemania), 7 jul (dpa) - El cambio digital en Alemania requiere ser impulsado con m\u00e1s valor y celeridad, afirm\u00f3 Christian Klein, miembro de la junta directiva de la empresa de software SAP, en declaraciones a dpa. &quot;Creo que es muy importante abordar este cambio ahora y ver m\u00e1s los beneficios y menos los riesgos&quot;,\" \/>\n\t\t<meta property=\"og:url\" content=\"https:\/\/www.eldigitaldeasturias.com\/noticias\/directivo-de-sap-pide-mas-valor-y-mas-rapidez-para-el-cambio-digital-en-alemania\/\" \/>\n\t\t<meta property=\"og:image\" content=\"https:\/\/www.eldigitaldeasturias.com\/noticias\/wp-content\/uploads\/2018\/03\/network-3148727_1280.jpg\" \/>\n\t\t<meta property=\"og:image:secure_url\" content=\"https:\/\/www.eldigitaldeasturias.com\/noticias\/wp-content\/uploads\/2018\/03\/network-3148727_1280.jpg\" \/>\n\t\t<meta property=\"og:image:width\" content=\"1280\" \/>\n\t\t<meta property=\"og:image:height\" content=\"853\" \/>\n\t\t<meta property=\"article:tag\" content=\"negocios y empresas\" \/>\n\t\t<meta property=\"article:published_time\" content=\"2019-07-07T20:43:18+00:00\" \/>\n\t\t<meta property=\"article:modified_time\" content=\"2019-07-07T20:43:18+00:00\" \/>\n\t\t<meta property=\"article:publisher\" content=\"https:\/\/facebook.com\/eldigitaldeasturias\" \/>\n\t\t<meta name=\"twitter:card\" content=\"summary_large_image\" \/>\n\t\t<meta name=\"twitter:title\" content=\"Directivo de SAP pide m\u00e1s valor y m\u00e1s rapidez para el cambio digital en Alemania - El Digital de Asturias\" \/>\n\t\t<meta name=\"twitter:description\" content=\"Walldorf (Alemania), 7 jul (dpa) - El cambio digital en Alemania requiere ser impulsado con m\u00e1s valor y celeridad, afirm\u00f3 Christian Klein, miembro de la junta directiva de la empresa de software SAP, en declaraciones a dpa. &quot;Creo que es muy importante abordar este cambio ahora y ver m\u00e1s los beneficios y menos los riesgos&quot;,\" \/>\n\t\t<meta name=\"twitter:image\" content=\"https:\/\/www.eldigitaldeasturias.com\/noticias\/wp-content\/uploads\/2018\/03\/network-3148727_1280.jpg\" \/>\n\t\t<meta name=\"twitter:label1\" content=\"Escrito por\" \/>\n\t\t<meta name=\"twitter:data1\" content=\"El Digital de Asturias\" \/>\n\t\t<meta name=\"twitter:label2\" content=\"Tiempo de lectura estimado\" \/>\n\t\t<meta name=\"twitter:data2\" content=\"2 minutos\" \/>\n\t\t<script type=\"application\/ld+json\" class=\"aioseo-schema\">\n\t\t\t{\"@context\":\"https:\\\/\\\/schema.org\",\"@graph\":[{\"@type\":\"BlogPosting\",\"@id\":\"https:\\\/\\\/www.eldigitaldeasturias.com\\\/noticias\\\/directivo-de-sap-pide-mas-valor-y-mas-rapidez-para-el-cambio-digital-en-alemania\\\/#blogposting\",\"name\":\"Directivo de SAP pide m\\u00e1s valor y m\\u00e1s rapidez para el cambio digital en Alemania - El Digital de Asturias\",\"headline\":\"Directivo de SAP pide m\\u00e1s valor y m\\u00e1s rapidez para el cambio digital en Alemania\",\"author\":{\"@id\":\"https:\\\/\\\/www.eldigitaldeasturias.com\\\/noticias\\\/author\\\/admin\\\/#author\"},\"publisher\":{\"@id\":\"https:\\\/\\\/www.eldigitaldeasturias.com\\\/noticias\\\/#organization\"},\"image\":{\"@type\":\"ImageObject\",\"url\":\"https:\\\/\\\/www.eldigitaldeasturias.com\\\/noticias\\\/wp-content\\\/uploads\\\/2018\\\/03\\\/network-3148727_1280.jpg\",\"width\":1280,\"height\":853},\"datePublished\":\"2019-07-07T20:43:18+02:00\",\"dateModified\":\"2019-07-07T20:43:18+02:00\",\"inLanguage\":\"es-ES\",\"mainEntityOfPage\":{\"@id\":\"https:\\\/\\\/www.eldigitaldeasturias.com\\\/noticias\\\/directivo-de-sap-pide-mas-valor-y-mas-rapidez-para-el-cambio-digital-en-alemania\\\/#webpage\"},\"isPartOf\":{\"@id\":\"https:\\\/\\\/www.eldigitaldeasturias.com\\\/noticias\\\/directivo-de-sap-pide-mas-valor-y-mas-rapidez-para-el-cambio-digital-en-alemania\\\/#webpage\"},\"articleSection\":\"Negocios y Empresas\"},{\"@type\":\"BreadcrumbList\",\"@id\":\"https:\\\/\\\/www.eldigitaldeasturias.com\\\/noticias\\\/directivo-de-sap-pide-mas-valor-y-mas-rapidez-para-el-cambio-digital-en-alemania\\\/#breadcrumblist\",\"itemListElement\":[{\"@type\":\"ListItem\",\"@id\":\"https:\\\/\\\/www.eldigitaldeasturias.com\\\/noticias#listItem\",\"position\":1,\"name\":\"Home\",\"item\":\"https:\\\/\\\/www.eldigitaldeasturias.com\\\/noticias\",\"nextItem\":{\"@type\":\"ListItem\",\"@id\":\"https:\\\/\\\/www.eldigitaldeasturias.com\\\/noticias\\\/category\\\/negocios-y-empresas\\\/#listItem\",\"name\":\"Negocios y Empresas\"}},{\"@type\":\"ListItem\",\"@id\":\"https:\\\/\\\/www.eldigitaldeasturias.com\\\/noticias\\\/category\\\/negocios-y-empresas\\\/#listItem\",\"position\":2,\"name\":\"Negocios y Empresas\",\"item\":\"https:\\\/\\\/www.eldigitaldeasturias.com\\\/noticias\\\/category\\\/negocios-y-empresas\\\/\",\"nextItem\":{\"@type\":\"ListItem\",\"@id\":\"https:\\\/\\\/www.eldigitaldeasturias.com\\\/noticias\\\/directivo-de-sap-pide-mas-valor-y-mas-rapidez-para-el-cambio-digital-en-alemania\\\/#listItem\",\"name\":\"Directivo de SAP pide m\\u00e1s valor y m\\u00e1s rapidez para el cambio digital en Alemania\"},\"previousItem\":{\"@type\":\"ListItem\",\"@id\":\"https:\\\/\\\/www.eldigitaldeasturias.com\\\/noticias#listItem\",\"name\":\"Home\"}},{\"@type\":\"ListItem\",\"@id\":\"https:\\\/\\\/www.eldigitaldeasturias.com\\\/noticias\\\/directivo-de-sap-pide-mas-valor-y-mas-rapidez-para-el-cambio-digital-en-alemania\\\/#listItem\",\"position\":3,\"name\":\"Directivo de SAP pide m\\u00e1s valor y m\\u00e1s rapidez para el cambio digital en Alemania\",\"previousItem\":{\"@type\":\"ListItem\",\"@id\":\"https:\\\/\\\/www.eldigitaldeasturias.com\\\/noticias\\\/category\\\/negocios-y-empresas\\\/#listItem\",\"name\":\"Negocios y Empresas\"}}]},{\"@type\":\"Organization\",\"@id\":\"https:\\\/\\\/www.eldigitaldeasturias.com\\\/noticias\\\/#organization\",\"name\":\"El Digital de Asturias\",\"description\":\"Hemeroteca\",\"url\":\"https:\\\/\\\/www.eldigitaldeasturias.com\\\/noticias\\\/\",\"email\":\"info@eldigitaldeasturias.com\",\"telephone\":\"+34652131393\",\"logo\":{\"@type\":\"ImageObject\",\"url\":\"https:\\\/\\\/www.eldigitaldeasturias.com\\\/noticias\\\/wp-content\\\/uploads\\\/2020\\\/12\\\/EDA.jpg\",\"@id\":\"https:\\\/\\\/www.eldigitaldeasturias.com\\\/noticias\\\/directivo-de-sap-pide-mas-valor-y-mas-rapidez-para-el-cambio-digital-en-alemania\\\/#organizationLogo\",\"width\":649,\"height\":297},\"image\":{\"@id\":\"https:\\\/\\\/www.eldigitaldeasturias.com\\\/noticias\\\/directivo-de-sap-pide-mas-valor-y-mas-rapidez-para-el-cambio-digital-en-alemania\\\/#organizationLogo\"},\"sameAs\":[\"https:\\\/\\\/facebook.com\\\/eldigitaldeasturias\",\"https:\\\/\\\/www.youtube.com\\\/channel\\\/UCZP-2wLEB9Rv6erhFmqVnvg\"],\"address\":{\"@id\":\"https:\\\/\\\/www.eldigitaldeasturias.com\\\/noticias\\\/#postaladdress\",\"@type\":\"PostalAddress\",\"streetAddress\":\"san antonio 4,\",\"postalCode\":\"33430\",\"addressLocality\":\"Cand\\u00e1s\",\"addressRegion\":\"Asturias\",\"addressCountry\":\"ES\"}},{\"@type\":\"Person\",\"@id\":\"https:\\\/\\\/www.eldigitaldeasturias.com\\\/noticias\\\/author\\\/admin\\\/#author\",\"url\":\"https:\\\/\\\/www.eldigitaldeasturias.com\\\/noticias\\\/author\\\/admin\\\/\",\"name\":\"El Digital de Asturias\",\"image\":{\"@type\":\"ImageObject\",\"@id\":\"https:\\\/\\\/www.eldigitaldeasturias.com\\\/noticias\\\/directivo-de-sap-pide-mas-valor-y-mas-rapidez-para-el-cambio-digital-en-alemania\\\/#authorImage\",\"url\":\"https:\\\/\\\/www.eldigitaldeasturias.com\\\/noticias\\\/wp-content\\\/litespeed\\\/avatar\\\/18677e78aa0546b92d9dbf31ec7d7668.jpg?ver=1777290358\",\"width\":96,\"height\":96,\"caption\":\"El Digital de Asturias\"}},{\"@type\":\"WebPage\",\"@id\":\"https:\\\/\\\/www.eldigitaldeasturias.com\\\/noticias\\\/directivo-de-sap-pide-mas-valor-y-mas-rapidez-para-el-cambio-digital-en-alemania\\\/#webpage\",\"url\":\"https:\\\/\\\/www.eldigitaldeasturias.com\\\/noticias\\\/directivo-de-sap-pide-mas-valor-y-mas-rapidez-para-el-cambio-digital-en-alemania\\\/\",\"name\":\"Directivo de SAP pide m\\u00e1s valor y m\\u00e1s rapidez para el cambio digital en Alemania - El Digital de Asturias\",\"description\":\"Walldorf (Alemania), 7 jul (dpa) - El cambio digital en Alemania requiere ser impulsado con m\\u00e1s valor y celeridad, afirm\\u00f3 Christian Klein, miembro de la junta directiva de la empresa de software SAP, en declaraciones a dpa. \\\"Creo que es muy importante abordar este cambio ahora y ver m\\u00e1s los beneficios y menos los riesgos\\\",\",\"inLanguage\":\"es-ES\",\"isPartOf\":{\"@id\":\"https:\\\/\\\/www.eldigitaldeasturias.com\\\/noticias\\\/#website\"},\"breadcrumb\":{\"@id\":\"https:\\\/\\\/www.eldigitaldeasturias.com\\\/noticias\\\/directivo-de-sap-pide-mas-valor-y-mas-rapidez-para-el-cambio-digital-en-alemania\\\/#breadcrumblist\"},\"author\":{\"@id\":\"https:\\\/\\\/www.eldigitaldeasturias.com\\\/noticias\\\/author\\\/admin\\\/#author\"},\"creator\":{\"@id\":\"https:\\\/\\\/www.eldigitaldeasturias.com\\\/noticias\\\/author\\\/admin\\\/#author\"},\"image\":{\"@type\":\"ImageObject\",\"url\":\"https:\\\/\\\/www.eldigitaldeasturias.com\\\/noticias\\\/wp-content\\\/uploads\\\/2018\\\/03\\\/network-3148727_1280.jpg\",\"@id\":\"https:\\\/\\\/www.eldigitaldeasturias.com\\\/noticias\\\/directivo-de-sap-pide-mas-valor-y-mas-rapidez-para-el-cambio-digital-en-alemania\\\/#mainImage\",\"width\":1280,\"height\":853},\"primaryImageOfPage\":{\"@id\":\"https:\\\/\\\/www.eldigitaldeasturias.com\\\/noticias\\\/directivo-de-sap-pide-mas-valor-y-mas-rapidez-para-el-cambio-digital-en-alemania\\\/#mainImage\"},\"datePublished\":\"2019-07-07T20:43:18+02:00\",\"dateModified\":\"2019-07-07T20:43:18+02:00\"},{\"@type\":\"WebSite\",\"@id\":\"https:\\\/\\\/www.eldigitaldeasturias.com\\\/noticias\\\/#website\",\"url\":\"https:\\\/\\\/www.eldigitaldeasturias.com\\\/noticias\\\/\",\"name\":\"El Digital de Asturias - Diario de actualidad y noticias\",\"alternateName\":\"El Digital de Asturias - Diario de actualidad y noticias\",\"description\":\"Hemeroteca\",\"inLanguage\":\"es-ES\",\"publisher\":{\"@id\":\"https:\\\/\\\/www.eldigitaldeasturias.com\\\/noticias\\\/#organization\"}}]}\n\t\t<\/script>\n\t\t<!-- All in One SEO Pro -->\r\n\t\t<title>Directivo de SAP pide m\u00e1s valor y m\u00e1s rapidez para el cambio digital en Alemania - El Digital de Asturias<\/title>\n\n","aioseo_head_json":{"title":"Directivo de SAP pide m\u00e1s valor y m\u00e1s rapidez para el cambio digital en Alemania - El Digital de Asturias","description":"Walldorf (Alemania), 7 jul (dpa) - El cambio digital en Alemania requiere ser impulsado con m\u00e1s valor y celeridad, afirm\u00f3 Christian Klein, miembro de la junta directiva de la empresa de software SAP, en declaraciones a dpa. \"Creo que es muy importante abordar este cambio ahora y ver m\u00e1s los beneficios y menos los riesgos\",","canonical_url":"https:\/\/www.eldigitaldeasturias.com\/noticias\/directivo-de-sap-pide-mas-valor-y-mas-rapidez-para-el-cambio-digital-en-alemania\/","robots":"max-image-preview:large","keywords":"negocios y empresas","webmasterTools":{"google-site-verification":"UA-38556648-1","msvalidate.01":"7dfe9f3f1b24437ab69f4f2559babe99","miscellaneous":""},"schema":{"@context":"https:\/\/schema.org","@graph":[{"@type":"BlogPosting","@id":"https:\/\/www.eldigitaldeasturias.com\/noticias\/directivo-de-sap-pide-mas-valor-y-mas-rapidez-para-el-cambio-digital-en-alemania\/#blogposting","name":"Directivo de SAP pide m\u00e1s valor y m\u00e1s rapidez para el cambio digital en Alemania - El Digital de Asturias","headline":"Directivo de SAP pide m\u00e1s valor y m\u00e1s rapidez para el cambio digital en Alemania","author":{"@id":"https:\/\/www.eldigitaldeasturias.com\/noticias\/author\/admin\/#author"},"publisher":{"@id":"https:\/\/www.eldigitaldeasturias.com\/noticias\/#organization"},"image":{"@type":"ImageObject","url":"https:\/\/www.eldigitaldeasturias.com\/noticias\/wp-content\/uploads\/2018\/03\/network-3148727_1280.jpg","width":1280,"height":853},"datePublished":"2019-07-07T20:43:18+02:00","dateModified":"2019-07-07T20:43:18+02:00","inLanguage":"es-ES","mainEntityOfPage":{"@id":"https:\/\/www.eldigitaldeasturias.com\/noticias\/directivo-de-sap-pide-mas-valor-y-mas-rapidez-para-el-cambio-digital-en-alemania\/#webpage"},"isPartOf":{"@id":"https:\/\/www.eldigitaldeasturias.com\/noticias\/directivo-de-sap-pide-mas-valor-y-mas-rapidez-para-el-cambio-digital-en-alemania\/#webpage"},"articleSection":"Negocios y Empresas"},{"@type":"BreadcrumbList","@id":"https:\/\/www.eldigitaldeasturias.com\/noticias\/directivo-de-sap-pide-mas-valor-y-mas-rapidez-para-el-cambio-digital-en-alemania\/#breadcrumblist","itemListElement":[{"@type":"ListItem","@id":"https:\/\/www.eldigitaldeasturias.com\/noticias#listItem","position":1,"name":"Home","item":"https:\/\/www.eldigitaldeasturias.com\/noticias","nextItem":{"@type":"ListItem","@id":"https:\/\/www.eldigitaldeasturias.com\/noticias\/category\/negocios-y-empresas\/#listItem","name":"Negocios y Empresas"}},{"@type":"ListItem","@id":"https:\/\/www.eldigitaldeasturias.com\/noticias\/category\/negocios-y-empresas\/#listItem","position":2,"name":"Negocios y Empresas","item":"https:\/\/www.eldigitaldeasturias.com\/noticias\/category\/negocios-y-empresas\/","nextItem":{"@type":"ListItem","@id":"https:\/\/www.eldigitaldeasturias.com\/noticias\/directivo-de-sap-pide-mas-valor-y-mas-rapidez-para-el-cambio-digital-en-alemania\/#listItem","name":"Directivo de SAP pide m\u00e1s valor y m\u00e1s rapidez para el cambio digital en Alemania"},"previousItem":{"@type":"ListItem","@id":"https:\/\/www.eldigitaldeasturias.com\/noticias#listItem","name":"Home"}},{"@type":"ListItem","@id":"https:\/\/www.eldigitaldeasturias.com\/noticias\/directivo-de-sap-pide-mas-valor-y-mas-rapidez-para-el-cambio-digital-en-alemania\/#listItem","position":3,"name":"Directivo de SAP pide m\u00e1s valor y m\u00e1s rapidez para el cambio digital en Alemania","previousItem":{"@type":"ListItem","@id":"https:\/\/www.eldigitaldeasturias.com\/noticias\/category\/negocios-y-empresas\/#listItem","name":"Negocios y Empresas"}}]},{"@type":"Organization","@id":"https:\/\/www.eldigitaldeasturias.com\/noticias\/#organization","name":"El Digital de Asturias","description":"Hemeroteca","url":"https:\/\/www.eldigitaldeasturias.com\/noticias\/","email":"info@eldigitaldeasturias.com","telephone":"+34652131393","logo":{"@type":"ImageObject","url":"https:\/\/www.eldigitaldeasturias.com\/noticias\/wp-content\/uploads\/2020\/12\/EDA.jpg","@id":"https:\/\/www.eldigitaldeasturias.com\/noticias\/directivo-de-sap-pide-mas-valor-y-mas-rapidez-para-el-cambio-digital-en-alemania\/#organizationLogo","width":649,"height":297},"image":{"@id":"https:\/\/www.eldigitaldeasturias.com\/noticias\/directivo-de-sap-pide-mas-valor-y-mas-rapidez-para-el-cambio-digital-en-alemania\/#organizationLogo"},"sameAs":["https:\/\/facebook.com\/eldigitaldeasturias","https:\/\/www.youtube.com\/channel\/UCZP-2wLEB9Rv6erhFmqVnvg"],"address":{"@id":"https:\/\/www.eldigitaldeasturias.com\/noticias\/#postaladdress","@type":"PostalAddress","streetAddress":"san antonio 4,","postalCode":"33430","addressLocality":"Cand\u00e1s","addressRegion":"Asturias","addressCountry":"ES"}},{"@type":"Person","@id":"https:\/\/www.eldigitaldeasturias.com\/noticias\/author\/admin\/#author","url":"https:\/\/www.eldigitaldeasturias.com\/noticias\/author\/admin\/","name":"El Digital de Asturias","image":{"@type":"ImageObject","@id":"https:\/\/www.eldigitaldeasturias.com\/noticias\/directivo-de-sap-pide-mas-valor-y-mas-rapidez-para-el-cambio-digital-en-alemania\/#authorImage","url":"https:\/\/www.eldigitaldeasturias.com\/noticias\/wp-content\/litespeed\/avatar\/18677e78aa0546b92d9dbf31ec7d7668.jpg?ver=1777290358","width":96,"height":96,"caption":"El Digital de Asturias"}},{"@type":"WebPage","@id":"https:\/\/www.eldigitaldeasturias.com\/noticias\/directivo-de-sap-pide-mas-valor-y-mas-rapidez-para-el-cambio-digital-en-alemania\/#webpage","url":"https:\/\/www.eldigitaldeasturias.com\/noticias\/directivo-de-sap-pide-mas-valor-y-mas-rapidez-para-el-cambio-digital-en-alemania\/","name":"Directivo de SAP pide m\u00e1s valor y m\u00e1s rapidez para el cambio digital en Alemania - El Digital de Asturias","description":"Walldorf (Alemania), 7 jul (dpa) - El cambio digital en Alemania requiere ser impulsado con m\u00e1s valor y celeridad, afirm\u00f3 Christian Klein, miembro de la junta directiva de la empresa de software SAP, en declaraciones a dpa. \"Creo que es muy importante abordar este cambio ahora y ver m\u00e1s los beneficios y menos los riesgos\",","inLanguage":"es-ES","isPartOf":{"@id":"https:\/\/www.eldigitaldeasturias.com\/noticias\/#website"},"breadcrumb":{"@id":"https:\/\/www.eldigitaldeasturias.com\/noticias\/directivo-de-sap-pide-mas-valor-y-mas-rapidez-para-el-cambio-digital-en-alemania\/#breadcrumblist"},"author":{"@id":"https:\/\/www.eldigitaldeasturias.com\/noticias\/author\/admin\/#author"},"creator":{"@id":"https:\/\/www.eldigitaldeasturias.com\/noticias\/author\/admin\/#author"},"image":{"@type":"ImageObject","url":"https:\/\/www.eldigitaldeasturias.com\/noticias\/wp-content\/uploads\/2018\/03\/network-3148727_1280.jpg","@id":"https:\/\/www.eldigitaldeasturias.com\/noticias\/directivo-de-sap-pide-mas-valor-y-mas-rapidez-para-el-cambio-digital-en-alemania\/#mainImage","width":1280,"height":853},"primaryImageOfPage":{"@id":"https:\/\/www.eldigitaldeasturias.com\/noticias\/directivo-de-sap-pide-mas-valor-y-mas-rapidez-para-el-cambio-digital-en-alemania\/#mainImage"},"datePublished":"2019-07-07T20:43:18+02:00","dateModified":"2019-07-07T20:43:18+02:00"},{"@type":"WebSite","@id":"https:\/\/www.eldigitaldeasturias.com\/noticias\/#website","url":"https:\/\/www.eldigitaldeasturias.com\/noticias\/","name":"El Digital de Asturias - Diario de actualidad y noticias","alternateName":"El Digital de Asturias - Diario de actualidad y noticias","description":"Hemeroteca","inLanguage":"es-ES","publisher":{"@id":"https:\/\/www.eldigitaldeasturias.com\/noticias\/#organization"}}]},"og:locale":"es_ES","og:site_name":"El Digital de Asturias","og:type":"article","og:title":"Directivo de SAP pide m\u00e1s valor y m\u00e1s rapidez para el cambio digital en Alemania - El Digital de Asturias","og:description":"Walldorf (Alemania), 7 jul (dpa) - El cambio digital en Alemania requiere ser impulsado con m\u00e1s valor y celeridad, afirm\u00f3 Christian Klein, miembro de la junta directiva de la empresa de software SAP, en declaraciones a dpa. &quot;Creo que es muy importante abordar este cambio ahora y ver m\u00e1s los beneficios y menos los riesgos&quot;,","og:url":"https:\/\/www.eldigitaldeasturias.com\/noticias\/directivo-de-sap-pide-mas-valor-y-mas-rapidez-para-el-cambio-digital-en-alemania\/","og:image":"https:\/\/www.eldigitaldeasturias.com\/noticias\/wp-content\/uploads\/2018\/03\/network-3148727_1280.jpg","og:image:secure_url":"https:\/\/www.eldigitaldeasturias.com\/noticias\/wp-content\/uploads\/2018\/03\/network-3148727_1280.jpg","og:image:width":1280,"og:image:height":853,"article:tag":["negocios y empresas"],"article:published_time":"2019-07-07T20:43:18+00:00","article:modified_time":"2019-07-07T20:43:18+00:00","article:publisher":"https:\/\/facebook.com\/eldigitaldeasturias","twitter:card":"summary_large_image","twitter:title":"Directivo de SAP pide m\u00e1s valor y m\u00e1s rapidez para el cambio digital en Alemania - El Digital de Asturias","twitter:description":"Walldorf (Alemania), 7 jul (dpa) - El cambio digital en Alemania requiere ser impulsado con m\u00e1s valor y celeridad, afirm\u00f3 Christian Klein, miembro de la junta directiva de la empresa de software SAP, en declaraciones a dpa. &quot;Creo que es muy importante abordar este cambio ahora y ver m\u00e1s los beneficios y menos los riesgos&quot;,","twitter:image":"https:\/\/www.eldigitaldeasturias.com\/noticias\/wp-content\/uploads\/2018\/03\/network-3148727_1280.jpg","twitter:label1":"Escrito por","twitter:data1":"El Digital de Asturias","twitter:label2":"Tiempo de lectura estimado","twitter:data2":"2 minutos"},"aioseo_meta_data":{"post_id":"1034078","title":null,"description":null,"keywords":null,"keyphrases":null,"primary_term":null,"canonical_url":null,"og_title":null,"og_description":null,"og_object_type":"default","og_image_type":"default","og_image_url":null,"og_image_width":null,"og_image_height":null,"og_image_custom_url":null,"og_image_custom_fields":null,"og_video":null,"og_custom_url":null,"og_article_section":null,"og_article_tags":null,"twitter_use_og":false,"twitter_card":"default","twitter_image_type":"default","twitter_image_url":null,"twitter_image_custom_url":null,"twitter_image_custom_fields":null,"twitter_title":null,"twitter_description":null,"schema":{"blockGraphs":[],"customGraphs":[],"default":{"data":{"Article":[],"Course":[],"Dataset":[],"FAQPage":[],"Movie":[],"Person":[],"Product":[],"ProductReview":[],"Car":[],"Recipe":[],"Service":[],"SoftwareApplication":[],"WebPage":[]},"graphName":"","isEnabled":true},"graphs":[],"defaultGraph":"","defaultPostTypeGraph":""},"schema_type":null,"schema_type_options":null,"pillar_content":false,"robots_default":true,"robots_noindex":false,"robots_noarchive":false,"robots_nosnippet":false,"robots_nofollow":false,"robots_noimageindex":false,"robots_noodp":false,"robots_notranslate":false,"robots_max_snippet":null,"robots_max_videopreview":null,"robots_max_imagepreview":"large","priority":null,"frequency":null,"local_seo":null,"seo_analyzer_scan_date":"2025-10-22 03:01:13","breadcrumb_settings":null,"limit_modified_date":false,"open_ai":null,"ai":null,"created":"2020-12-21 11:08:31","updated":"2025-10-22 03:01:13"},"aioseo_breadcrumb":"<div class=\"aioseo-breadcrumbs\"><span class=\"aioseo-breadcrumb\">\n\t<a href=\"https:\/\/www.eldigitaldeasturias.com\/noticias\" title=\"Home\">Home<\/a>\n<\/span><span class=\"aioseo-breadcrumb-separator\">\u2013<\/span><span class=\"aioseo-breadcrumb\">\n\t<a href=\"https:\/\/www.eldigitaldeasturias.com\/noticias\/category\/negocios-y-empresas\/\" title=\"Negocios y Empresas\">Negocios y Empresas<\/a>\n<\/span><span class=\"aioseo-breadcrumb-separator\">\u2013<\/span><span class=\"aioseo-breadcrumb\">\n\t<a href=\"https:\/\/www.eldigitaldeasturias.com\/noticias\/directivo-de-sap-pide-mas-valor-y-mas-rapidez-para-el-cambio-digital-en-alemania\/\" title=\"Directivo de SAP pide m\u00e1s valor y m\u00e1s rapidez para el cambio digital en Alemania\">Directivo de SAP pide m\u00e1s valor y m\u00e1s rapidez para el cambio digital en Alemania<\/a>\n<\/span><\/div>","aioseo_breadcrumb_json":[{"label":"Home","link":"https:\/\/www.eldigitaldeasturias.com\/noticias"},{"label":"Negocios y Empresas","link":"https:\/\/www.eldigitaldeasturias.com\/noticias\/category\/negocios-y-empresas\/"},{"label":"Directivo de SAP pide m\u00e1s valor y m\u00e1s rapidez para el cambio digital en Alemania","link":"https:\/\/www.eldigitaldeasturias.com\/noticias\/directivo-de-sap-pide-mas-valor-y-mas-rapidez-para-el-cambio-digital-en-alemania\/"}],"_links":{"self":[{"href":"https:\/\/www.eldigitaldeasturias.com\/noticias\/wp-json\/wp\/v2\/posts\/1034078","targetHints":{"allow":["GET"]}}],"collection":[{"href":"https:\/\/www.eldigitaldeasturias.com\/noticias\/wp-json\/wp\/v2\/posts"}],"about":[{"href":"https:\/\/www.eldigitaldeasturias.com\/noticias\/wp-json\/wp\/v2\/types\/post"}],"author":[{"embeddable":true,"href":"https:\/\/www.eldigitaldeasturias.com\/noticias\/wp-json\/wp\/v2\/users\/1"}],"replies":[{"embeddable":true,"href":"https:\/\/www.eldigitaldeasturias.com\/noticias\/wp-json\/wp\/v2\/comments?post=1034078"}],"version-history":[{"count":0,"href":"https:\/\/www.eldigitaldeasturias.com\/noticias\/wp-json\/wp\/v2\/posts\/1034078\/revisions"}],"wp:featuredmedia":[{"embeddable":true,"href":"https:\/\/www.eldigitaldeasturias.com\/noticias\/wp-json\/wp\/v2\/media\/972961"}],"wp:attachment":[{"href":"https:\/\/www.eldigitaldeasturias.com\/noticias\/wp-json\/wp\/v2\/media?parent=1034078"}],"wp:term":[{"taxonomy":"category","embeddable":true,"href":"https:\/\/www.eldigitaldeasturias.com\/noticias\/wp-json\/wp\/v2\/categories?post=1034078"},{"taxonomy":"post_tag","embeddable":true,"href":"https:\/\/www.eldigitaldeasturias.com\/noticias\/wp-json\/wp\/v2\/tags?post=1034078"}],"curies":[{"name":"wp","href":"https:\/\/api.w.org\/{rel}","templated":true}]}}