{"id":1034076,"date":"2019-07-07T20:41:29","date_gmt":"2019-07-07T20:41:29","guid":{"rendered":"https:\/\/www.eldigitaldeasturias.com\/noticias\/?p=1034076"},"modified":"2019-07-07T20:41:29","modified_gmt":"2019-07-07T20:41:29","slug":"ceo-de-adidas-advierte-de-la-sobresaturacion-en-los-aficionados-al-futbol","status":"publish","type":"post","link":"https:\/\/www.eldigitaldeasturias.com\/noticias\/ceo-de-adidas-advierte-de-la-sobresaturacion-en-los-aficionados-al-futbol\/","title":{"rendered":"CEO de Adidas advierte de la \u00absobresaturaci\u00f3n\u00bb en los aficionados al f\u00fatbol"},"content":{"rendered":"<p><img loading=\"lazy\" decoding=\"async\" class=\"alignleft size-medium wp-image-985209\" src=\"https:\/\/www.eldigitaldeasturias.com\/noticias\/wp-content\/uploads\/2018\/06\/football-1406106_960_720-360x241.jpg\" alt=\"\" width=\"360\" height=\"241\" srcset=\"https:\/\/www.eldigitaldeasturias.com\/noticias\/wp-content\/uploads\/2018\/06\/football-1406106_960_720-360x241.jpg 360w, https:\/\/www.eldigitaldeasturias.com\/noticias\/wp-content\/uploads\/2018\/06\/football-1406106_960_720-448x300.jpg 448w, https:\/\/www.eldigitaldeasturias.com\/noticias\/wp-content\/uploads\/2018\/06\/football-1406106_960_720-768x514.jpg 768w, https:\/\/www.eldigitaldeasturias.com\/noticias\/wp-content\/uploads\/2018\/06\/football-1406106_960_720-690x462.jpg 690w, https:\/\/www.eldigitaldeasturias.com\/noticias\/wp-content\/uploads\/2018\/06\/football-1406106_960_720-20x13.jpg 20w, https:\/\/www.eldigitaldeasturias.com\/noticias\/wp-content\/uploads\/2018\/06\/football-1406106_960_720.jpg 960w\" sizes=\"auto, (max-width: 360px) 100vw, 360px\" \/>Berl\u00edn, 7 jul (dpa) &#8211; Kasper Rorsted, presidente de la empresa alemana de art\u00edculos deportivos Adidas, advirti\u00f3 sobre una \u00absobresaturaci\u00f3n\u00bb en los aficionados al f\u00fatbol.<\/p>\n<p>\u00abSoy un amante del f\u00fatbol, pero despu\u00e9s de una temporada larga se llega a un punto en el que viene bien un descanso\u00bb, declar\u00f3 Rorsted al domincal alem\u00e1n \u00abWelt am Sonntag\u00bb.<\/p>\n<p>Por esta raz\u00f3n, el CEO de Adidas no vio la final de la Liga de las Naciones. \u00abEn alg\u00fan momento uno se satura. A muchos aficionados al f\u00fatbol les pasa esto\u00bb, se\u00f1al\u00f3.<\/p>\n<p>Rorsted dijo que ser\u00eda mejor para el deporte que se emitieran por televisi\u00f3n m\u00e1s encuentros de balonmano, biatl\u00f3n o tenis en vez de emitir partidos de f\u00fatbol de tercera divisi\u00f3n.<\/p>\n<p>\u00abMe parecer\u00eda bien, incluso aun cuando para nuestro negocio ser\u00eda tal vez mejor si esto siguiese as\u00ed\u00bb, indic\u00f3 el dan\u00e9s de 57 a\u00f1os.<\/p>\n<p>Rorsted aconseja abolir la llamada regla 50+1 a fin de que los clubes de f\u00fatbol alemanes puedan seguir el ritmo de la competencia internacional que impulsan Inglaterra y Espa\u00f1a en la contrataci\u00f3n de caras estrellas.<\/p>\n<p>La 50+1 establece que los socios de un club deben estar en posesi\u00f3n de un 51 por ciento de las acciones con derecho a voto, lo que impide que la entidad pueda ser controlada por financistas externos.<\/p>\n<p>El directivo opina que con la abolici\u00f3n de esta regla permitir\u00eda a inversores adquirir participaciones mayoritarias en clubes de f\u00fatbol.<\/p>\n<p>\u00abEsta ser\u00eda una mejor manera de crear un equilibrio financiero\u00bb, signaliz\u00f3 el dan\u00e9s.<\/p>\n<p>El Bayern M\u00fanich, del que la empresa Adidas es uno de los principales patrocinadores, est\u00e1 sufriendo las consecuencias de una Bundesliga debilitada.<\/p>\n<p>\u00abEsto se ha visto en la temporada pasada, los clubes alemanes han tenido un rendimiento internacional notablemente peor que en el pasado\u00bb, explic\u00f3.<\/p>\n<p>El directivo dijo que a Adidas le interesa que la Bundesliga sea lo m\u00e1s fuerte posible. \u00abEsto tambi\u00e9n har\u00e1 que nuestro club mejore\u00bb, se\u00f1al\u00f3.<\/p>\n<p>En caso de que la regla 50+1 fuera revocada, Rorsted indic\u00f3 que Adidas no comprar\u00eda un club de f\u00fatbol. \u00abSomos patrocinadores, no un club de f\u00fatbol. Como empresa, es importante saber cu\u00e1l es nuestra competencia principal\u00bb, agreg\u00f3.<\/p>\n<p>Rorsted afirm\u00f3 que no se ve capacitado para dirigir bien un club de f\u00fatbol.<\/p>\n<p>&nbsp;<\/p>\n","protected":false},"excerpt":{"rendered":"<p>Berl\u00edn, 7 jul (dpa) &#8211; Kasper Rorsted, presidente de la empresa alemana de art\u00edculos deportivos Adidas, advirti\u00f3 sobre una \u00absobresaturaci\u00f3n\u00bb en los aficionados al f\u00fatbol. \u00abSoy un amante del f\u00fatbol, pero despu\u00e9s de una temporada larga se llega a un punto en el que viene bien un descanso\u00bb, declar\u00f3 Rorsted al domincal alem\u00e1n \u00abWelt am [&hellip;]<\/p>\n","protected":false},"author":1,"featured_media":985209,"comment_status":"closed","ping_status":"closed","sticky":false,"template":"","format":"standard","meta":{"footnotes":""},"categories":[190],"tags":[],"class_list":["post-1034076","post","type-post","status-publish","format-standard","has-post-thumbnail","hentry","category-deportes"],"aioseo_notices":[],"aioseo_head":"\n\t\t<!-- All in One SEO Pro 4.9.6.2 - aioseo.com -->\n\t<meta name=\"description\" content=\"Berl\u00edn, 7 jul (dpa) - Kasper Rorsted, presidente de la empresa alemana de art\u00edculos deportivos Adidas, advirti\u00f3 sobre una &quot;sobresaturaci\u00f3n&quot; en los aficionados al f\u00fatbol. &quot;Soy un amante del f\u00fatbol, pero despu\u00e9s de una temporada larga se llega a un punto en el que viene bien un descanso&quot;, declar\u00f3 Rorsted al domincal alem\u00e1n &quot;Welt am\" \/>\n\t<meta name=\"robots\" content=\"max-image-preview:large\" \/>\n\t<meta name=\"author\" content=\"El Digital de Asturias\"\/>\n\t<meta name=\"google-site-verification\" content=\"UA-38556648-1\" \/>\n\t<meta name=\"msvalidate.01\" content=\"7dfe9f3f1b24437ab69f4f2559babe99\" \/>\n\t<meta name=\"keywords\" content=\"deportes\" \/>\n\t<link rel=\"canonical\" href=\"https:\/\/www.eldigitaldeasturias.com\/noticias\/ceo-de-adidas-advierte-de-la-sobresaturacion-en-los-aficionados-al-futbol\/\" \/>\n\t<meta name=\"generator\" content=\"All in One SEO Pro (AIOSEO) 4.9.6.2\" \/>\n\t\t<meta property=\"og:locale\" content=\"es_ES\" \/>\n\t\t<meta property=\"og:site_name\" content=\"El Digital de Asturias\" \/>\n\t\t<meta property=\"og:type\" content=\"article\" \/>\n\t\t<meta property=\"og:title\" content=\"CEO de Adidas advierte de la \u00absobresaturaci\u00f3n\u00bb en los aficionados al f\u00fatbol - El Digital de Asturias\" \/>\n\t\t<meta property=\"og:description\" content=\"Berl\u00edn, 7 jul (dpa) - Kasper Rorsted, presidente de la empresa alemana de art\u00edculos deportivos Adidas, advirti\u00f3 sobre una &quot;sobresaturaci\u00f3n&quot; en los aficionados al f\u00fatbol. &quot;Soy un amante del f\u00fatbol, pero despu\u00e9s de una temporada larga se llega a un punto en el que viene bien un descanso&quot;, declar\u00f3 Rorsted al domincal alem\u00e1n &quot;Welt am\" \/>\n\t\t<meta property=\"og:url\" content=\"https:\/\/www.eldigitaldeasturias.com\/noticias\/ceo-de-adidas-advierte-de-la-sobresaturacion-en-los-aficionados-al-futbol\/\" \/>\n\t\t<meta property=\"og:image\" content=\"https:\/\/www.eldigitaldeasturias.com\/noticias\/wp-content\/uploads\/2018\/06\/football-1406106_960_720.jpg\" \/>\n\t\t<meta property=\"og:image:secure_url\" content=\"https:\/\/www.eldigitaldeasturias.com\/noticias\/wp-content\/uploads\/2018\/06\/football-1406106_960_720.jpg\" \/>\n\t\t<meta property=\"og:image:width\" content=\"960\" \/>\n\t\t<meta property=\"og:image:height\" content=\"643\" \/>\n\t\t<meta property=\"article:tag\" content=\"deportes\" \/>\n\t\t<meta property=\"article:published_time\" content=\"2019-07-07T20:41:29+00:00\" \/>\n\t\t<meta property=\"article:modified_time\" content=\"2019-07-07T20:41:29+00:00\" \/>\n\t\t<meta property=\"article:publisher\" content=\"https:\/\/facebook.com\/eldigitaldeasturias\" \/>\n\t\t<meta name=\"twitter:card\" content=\"summary_large_image\" \/>\n\t\t<meta name=\"twitter:title\" content=\"CEO de Adidas advierte de la \u00absobresaturaci\u00f3n\u00bb en los aficionados al f\u00fatbol - El Digital de Asturias\" \/>\n\t\t<meta name=\"twitter:description\" content=\"Berl\u00edn, 7 jul (dpa) - Kasper Rorsted, presidente de la empresa alemana de art\u00edculos deportivos Adidas, advirti\u00f3 sobre una &quot;sobresaturaci\u00f3n&quot; en los aficionados al f\u00fatbol. &quot;Soy un amante del f\u00fatbol, pero despu\u00e9s de una temporada larga se llega a un punto en el que viene bien un descanso&quot;, declar\u00f3 Rorsted al domincal alem\u00e1n &quot;Welt am\" \/>\n\t\t<meta name=\"twitter:image\" content=\"https:\/\/www.eldigitaldeasturias.com\/noticias\/wp-content\/uploads\/2018\/06\/football-1406106_960_720.jpg\" \/>\n\t\t<meta name=\"twitter:label1\" content=\"Escrito por\" \/>\n\t\t<meta name=\"twitter:data1\" content=\"El Digital de Asturias\" \/>\n\t\t<meta name=\"twitter:label2\" content=\"Tiempo de lectura estimado\" \/>\n\t\t<meta name=\"twitter:data2\" content=\"2 minutos\" \/>\n\t\t<script type=\"application\/ld+json\" class=\"aioseo-schema\">\n\t\t\t{\"@context\":\"https:\\\/\\\/schema.org\",\"@graph\":[{\"@type\":\"BlogPosting\",\"@id\":\"https:\\\/\\\/www.eldigitaldeasturias.com\\\/noticias\\\/ceo-de-adidas-advierte-de-la-sobresaturacion-en-los-aficionados-al-futbol\\\/#blogposting\",\"name\":\"CEO de Adidas advierte de la \\u00absobresaturaci\\u00f3n\\u00bb en los aficionados al f\\u00fatbol - El Digital de Asturias\",\"headline\":\"CEO de Adidas advierte de la \\u00absobresaturaci\\u00f3n\\u00bb en los aficionados al f\\u00fatbol\",\"author\":{\"@id\":\"https:\\\/\\\/www.eldigitaldeasturias.com\\\/noticias\\\/author\\\/admin\\\/#author\"},\"publisher\":{\"@id\":\"https:\\\/\\\/www.eldigitaldeasturias.com\\\/noticias\\\/#organization\"},\"image\":{\"@type\":\"ImageObject\",\"url\":\"https:\\\/\\\/www.eldigitaldeasturias.com\\\/noticias\\\/wp-content\\\/uploads\\\/2018\\\/06\\\/football-1406106_960_720.jpg\",\"width\":960,\"height\":643},\"datePublished\":\"2019-07-07T20:41:29+02:00\",\"dateModified\":\"2019-07-07T20:41:29+02:00\",\"inLanguage\":\"es-ES\",\"mainEntityOfPage\":{\"@id\":\"https:\\\/\\\/www.eldigitaldeasturias.com\\\/noticias\\\/ceo-de-adidas-advierte-de-la-sobresaturacion-en-los-aficionados-al-futbol\\\/#webpage\"},\"isPartOf\":{\"@id\":\"https:\\\/\\\/www.eldigitaldeasturias.com\\\/noticias\\\/ceo-de-adidas-advierte-de-la-sobresaturacion-en-los-aficionados-al-futbol\\\/#webpage\"},\"articleSection\":\"Deportes\"},{\"@type\":\"BreadcrumbList\",\"@id\":\"https:\\\/\\\/www.eldigitaldeasturias.com\\\/noticias\\\/ceo-de-adidas-advierte-de-la-sobresaturacion-en-los-aficionados-al-futbol\\\/#breadcrumblist\",\"itemListElement\":[{\"@type\":\"ListItem\",\"@id\":\"https:\\\/\\\/www.eldigitaldeasturias.com\\\/noticias#listItem\",\"position\":1,\"name\":\"Home\",\"item\":\"https:\\\/\\\/www.eldigitaldeasturias.com\\\/noticias\",\"nextItem\":{\"@type\":\"ListItem\",\"@id\":\"https:\\\/\\\/www.eldigitaldeasturias.com\\\/noticias\\\/category\\\/deportes\\\/#listItem\",\"name\":\"Deportes\"}},{\"@type\":\"ListItem\",\"@id\":\"https:\\\/\\\/www.eldigitaldeasturias.com\\\/noticias\\\/category\\\/deportes\\\/#listItem\",\"position\":2,\"name\":\"Deportes\",\"item\":\"https:\\\/\\\/www.eldigitaldeasturias.com\\\/noticias\\\/category\\\/deportes\\\/\",\"nextItem\":{\"@type\":\"ListItem\",\"@id\":\"https:\\\/\\\/www.eldigitaldeasturias.com\\\/noticias\\\/ceo-de-adidas-advierte-de-la-sobresaturacion-en-los-aficionados-al-futbol\\\/#listItem\",\"name\":\"CEO de Adidas advierte de la \\u00absobresaturaci\\u00f3n\\u00bb en los aficionados al f\\u00fatbol\"},\"previousItem\":{\"@type\":\"ListItem\",\"@id\":\"https:\\\/\\\/www.eldigitaldeasturias.com\\\/noticias#listItem\",\"name\":\"Home\"}},{\"@type\":\"ListItem\",\"@id\":\"https:\\\/\\\/www.eldigitaldeasturias.com\\\/noticias\\\/ceo-de-adidas-advierte-de-la-sobresaturacion-en-los-aficionados-al-futbol\\\/#listItem\",\"position\":3,\"name\":\"CEO de Adidas advierte de la \\u00absobresaturaci\\u00f3n\\u00bb en los aficionados al f\\u00fatbol\",\"previousItem\":{\"@type\":\"ListItem\",\"@id\":\"https:\\\/\\\/www.eldigitaldeasturias.com\\\/noticias\\\/category\\\/deportes\\\/#listItem\",\"name\":\"Deportes\"}}]},{\"@type\":\"Organization\",\"@id\":\"https:\\\/\\\/www.eldigitaldeasturias.com\\\/noticias\\\/#organization\",\"name\":\"El Digital de Asturias\",\"description\":\"Hemeroteca\",\"url\":\"https:\\\/\\\/www.eldigitaldeasturias.com\\\/noticias\\\/\",\"email\":\"info@eldigitaldeasturias.com\",\"telephone\":\"+34652131393\",\"logo\":{\"@type\":\"ImageObject\",\"url\":\"https:\\\/\\\/www.eldigitaldeasturias.com\\\/noticias\\\/wp-content\\\/uploads\\\/2020\\\/12\\\/EDA.jpg\",\"@id\":\"https:\\\/\\\/www.eldigitaldeasturias.com\\\/noticias\\\/ceo-de-adidas-advierte-de-la-sobresaturacion-en-los-aficionados-al-futbol\\\/#organizationLogo\",\"width\":649,\"height\":297},\"image\":{\"@id\":\"https:\\\/\\\/www.eldigitaldeasturias.com\\\/noticias\\\/ceo-de-adidas-advierte-de-la-sobresaturacion-en-los-aficionados-al-futbol\\\/#organizationLogo\"},\"sameAs\":[\"https:\\\/\\\/facebook.com\\\/eldigitaldeasturias\",\"https:\\\/\\\/www.youtube.com\\\/channel\\\/UCZP-2wLEB9Rv6erhFmqVnvg\"],\"address\":{\"@id\":\"https:\\\/\\\/www.eldigitaldeasturias.com\\\/noticias\\\/#postaladdress\",\"@type\":\"PostalAddress\",\"streetAddress\":\"san antonio 4,\",\"postalCode\":\"33430\",\"addressLocality\":\"Cand\\u00e1s\",\"addressRegion\":\"Asturias\",\"addressCountry\":\"ES\"}},{\"@type\":\"Person\",\"@id\":\"https:\\\/\\\/www.eldigitaldeasturias.com\\\/noticias\\\/author\\\/admin\\\/#author\",\"url\":\"https:\\\/\\\/www.eldigitaldeasturias.com\\\/noticias\\\/author\\\/admin\\\/\",\"name\":\"El Digital de Asturias\",\"image\":{\"@type\":\"ImageObject\",\"@id\":\"https:\\\/\\\/www.eldigitaldeasturias.com\\\/noticias\\\/ceo-de-adidas-advierte-de-la-sobresaturacion-en-los-aficionados-al-futbol\\\/#authorImage\",\"url\":\"https:\\\/\\\/www.eldigitaldeasturias.com\\\/noticias\\\/wp-content\\\/litespeed\\\/avatar\\\/18677e78aa0546b92d9dbf31ec7d7668.jpg?ver=1776685526\",\"width\":96,\"height\":96,\"caption\":\"El Digital de Asturias\"}},{\"@type\":\"WebPage\",\"@id\":\"https:\\\/\\\/www.eldigitaldeasturias.com\\\/noticias\\\/ceo-de-adidas-advierte-de-la-sobresaturacion-en-los-aficionados-al-futbol\\\/#webpage\",\"url\":\"https:\\\/\\\/www.eldigitaldeasturias.com\\\/noticias\\\/ceo-de-adidas-advierte-de-la-sobresaturacion-en-los-aficionados-al-futbol\\\/\",\"name\":\"CEO de Adidas advierte de la \\u00absobresaturaci\\u00f3n\\u00bb en los aficionados al f\\u00fatbol - El Digital de Asturias\",\"description\":\"Berl\\u00edn, 7 jul (dpa) - Kasper Rorsted, presidente de la empresa alemana de art\\u00edculos deportivos Adidas, advirti\\u00f3 sobre una \\\"sobresaturaci\\u00f3n\\\" en los aficionados al f\\u00fatbol. \\\"Soy un amante del f\\u00fatbol, pero despu\\u00e9s de una temporada larga se llega a un punto en el que viene bien un descanso\\\", declar\\u00f3 Rorsted al domincal alem\\u00e1n \\\"Welt am\",\"inLanguage\":\"es-ES\",\"isPartOf\":{\"@id\":\"https:\\\/\\\/www.eldigitaldeasturias.com\\\/noticias\\\/#website\"},\"breadcrumb\":{\"@id\":\"https:\\\/\\\/www.eldigitaldeasturias.com\\\/noticias\\\/ceo-de-adidas-advierte-de-la-sobresaturacion-en-los-aficionados-al-futbol\\\/#breadcrumblist\"},\"author\":{\"@id\":\"https:\\\/\\\/www.eldigitaldeasturias.com\\\/noticias\\\/author\\\/admin\\\/#author\"},\"creator\":{\"@id\":\"https:\\\/\\\/www.eldigitaldeasturias.com\\\/noticias\\\/author\\\/admin\\\/#author\"},\"image\":{\"@type\":\"ImageObject\",\"url\":\"https:\\\/\\\/www.eldigitaldeasturias.com\\\/noticias\\\/wp-content\\\/uploads\\\/2018\\\/06\\\/football-1406106_960_720.jpg\",\"@id\":\"https:\\\/\\\/www.eldigitaldeasturias.com\\\/noticias\\\/ceo-de-adidas-advierte-de-la-sobresaturacion-en-los-aficionados-al-futbol\\\/#mainImage\",\"width\":960,\"height\":643},\"primaryImageOfPage\":{\"@id\":\"https:\\\/\\\/www.eldigitaldeasturias.com\\\/noticias\\\/ceo-de-adidas-advierte-de-la-sobresaturacion-en-los-aficionados-al-futbol\\\/#mainImage\"},\"datePublished\":\"2019-07-07T20:41:29+02:00\",\"dateModified\":\"2019-07-07T20:41:29+02:00\"},{\"@type\":\"WebSite\",\"@id\":\"https:\\\/\\\/www.eldigitaldeasturias.com\\\/noticias\\\/#website\",\"url\":\"https:\\\/\\\/www.eldigitaldeasturias.com\\\/noticias\\\/\",\"name\":\"El Digital de Asturias - Diario de actualidad y noticias\",\"alternateName\":\"El Digital de Asturias - Diario de actualidad y noticias\",\"description\":\"Hemeroteca\",\"inLanguage\":\"es-ES\",\"publisher\":{\"@id\":\"https:\\\/\\\/www.eldigitaldeasturias.com\\\/noticias\\\/#organization\"}}]}\n\t\t<\/script>\n\t\t<!-- All in One SEO Pro -->\r\n\t\t<title>CEO de Adidas advierte de la \u00absobresaturaci\u00f3n\u00bb en los aficionados al f\u00fatbol - El Digital de Asturias<\/title>\n\n","aioseo_head_json":{"title":"CEO de Adidas advierte de la \u00absobresaturaci\u00f3n\u00bb en los aficionados al f\u00fatbol - El Digital de Asturias","description":"Berl\u00edn, 7 jul (dpa) - Kasper Rorsted, presidente de la empresa alemana de art\u00edculos deportivos Adidas, advirti\u00f3 sobre una \"sobresaturaci\u00f3n\" en los aficionados al f\u00fatbol. \"Soy un amante del f\u00fatbol, pero despu\u00e9s de una temporada larga se llega a un punto en el que viene bien un descanso\", declar\u00f3 Rorsted al domincal alem\u00e1n \"Welt am","canonical_url":"https:\/\/www.eldigitaldeasturias.com\/noticias\/ceo-de-adidas-advierte-de-la-sobresaturacion-en-los-aficionados-al-futbol\/","robots":"max-image-preview:large","keywords":"deportes","webmasterTools":{"google-site-verification":"UA-38556648-1","msvalidate.01":"7dfe9f3f1b24437ab69f4f2559babe99","miscellaneous":""},"schema":{"@context":"https:\/\/schema.org","@graph":[{"@type":"BlogPosting","@id":"https:\/\/www.eldigitaldeasturias.com\/noticias\/ceo-de-adidas-advierte-de-la-sobresaturacion-en-los-aficionados-al-futbol\/#blogposting","name":"CEO de Adidas advierte de la \u00absobresaturaci\u00f3n\u00bb en los aficionados al f\u00fatbol - El Digital de Asturias","headline":"CEO de Adidas advierte de la \u00absobresaturaci\u00f3n\u00bb en los aficionados al f\u00fatbol","author":{"@id":"https:\/\/www.eldigitaldeasturias.com\/noticias\/author\/admin\/#author"},"publisher":{"@id":"https:\/\/www.eldigitaldeasturias.com\/noticias\/#organization"},"image":{"@type":"ImageObject","url":"https:\/\/www.eldigitaldeasturias.com\/noticias\/wp-content\/uploads\/2018\/06\/football-1406106_960_720.jpg","width":960,"height":643},"datePublished":"2019-07-07T20:41:29+02:00","dateModified":"2019-07-07T20:41:29+02:00","inLanguage":"es-ES","mainEntityOfPage":{"@id":"https:\/\/www.eldigitaldeasturias.com\/noticias\/ceo-de-adidas-advierte-de-la-sobresaturacion-en-los-aficionados-al-futbol\/#webpage"},"isPartOf":{"@id":"https:\/\/www.eldigitaldeasturias.com\/noticias\/ceo-de-adidas-advierte-de-la-sobresaturacion-en-los-aficionados-al-futbol\/#webpage"},"articleSection":"Deportes"},{"@type":"BreadcrumbList","@id":"https:\/\/www.eldigitaldeasturias.com\/noticias\/ceo-de-adidas-advierte-de-la-sobresaturacion-en-los-aficionados-al-futbol\/#breadcrumblist","itemListElement":[{"@type":"ListItem","@id":"https:\/\/www.eldigitaldeasturias.com\/noticias#listItem","position":1,"name":"Home","item":"https:\/\/www.eldigitaldeasturias.com\/noticias","nextItem":{"@type":"ListItem","@id":"https:\/\/www.eldigitaldeasturias.com\/noticias\/category\/deportes\/#listItem","name":"Deportes"}},{"@type":"ListItem","@id":"https:\/\/www.eldigitaldeasturias.com\/noticias\/category\/deportes\/#listItem","position":2,"name":"Deportes","item":"https:\/\/www.eldigitaldeasturias.com\/noticias\/category\/deportes\/","nextItem":{"@type":"ListItem","@id":"https:\/\/www.eldigitaldeasturias.com\/noticias\/ceo-de-adidas-advierte-de-la-sobresaturacion-en-los-aficionados-al-futbol\/#listItem","name":"CEO de Adidas advierte de la \u00absobresaturaci\u00f3n\u00bb en los aficionados al f\u00fatbol"},"previousItem":{"@type":"ListItem","@id":"https:\/\/www.eldigitaldeasturias.com\/noticias#listItem","name":"Home"}},{"@type":"ListItem","@id":"https:\/\/www.eldigitaldeasturias.com\/noticias\/ceo-de-adidas-advierte-de-la-sobresaturacion-en-los-aficionados-al-futbol\/#listItem","position":3,"name":"CEO de Adidas advierte de la \u00absobresaturaci\u00f3n\u00bb en los aficionados al f\u00fatbol","previousItem":{"@type":"ListItem","@id":"https:\/\/www.eldigitaldeasturias.com\/noticias\/category\/deportes\/#listItem","name":"Deportes"}}]},{"@type":"Organization","@id":"https:\/\/www.eldigitaldeasturias.com\/noticias\/#organization","name":"El Digital de Asturias","description":"Hemeroteca","url":"https:\/\/www.eldigitaldeasturias.com\/noticias\/","email":"info@eldigitaldeasturias.com","telephone":"+34652131393","logo":{"@type":"ImageObject","url":"https:\/\/www.eldigitaldeasturias.com\/noticias\/wp-content\/uploads\/2020\/12\/EDA.jpg","@id":"https:\/\/www.eldigitaldeasturias.com\/noticias\/ceo-de-adidas-advierte-de-la-sobresaturacion-en-los-aficionados-al-futbol\/#organizationLogo","width":649,"height":297},"image":{"@id":"https:\/\/www.eldigitaldeasturias.com\/noticias\/ceo-de-adidas-advierte-de-la-sobresaturacion-en-los-aficionados-al-futbol\/#organizationLogo"},"sameAs":["https:\/\/facebook.com\/eldigitaldeasturias","https:\/\/www.youtube.com\/channel\/UCZP-2wLEB9Rv6erhFmqVnvg"],"address":{"@id":"https:\/\/www.eldigitaldeasturias.com\/noticias\/#postaladdress","@type":"PostalAddress","streetAddress":"san antonio 4,","postalCode":"33430","addressLocality":"Cand\u00e1s","addressRegion":"Asturias","addressCountry":"ES"}},{"@type":"Person","@id":"https:\/\/www.eldigitaldeasturias.com\/noticias\/author\/admin\/#author","url":"https:\/\/www.eldigitaldeasturias.com\/noticias\/author\/admin\/","name":"El Digital de Asturias","image":{"@type":"ImageObject","@id":"https:\/\/www.eldigitaldeasturias.com\/noticias\/ceo-de-adidas-advierte-de-la-sobresaturacion-en-los-aficionados-al-futbol\/#authorImage","url":"https:\/\/www.eldigitaldeasturias.com\/noticias\/wp-content\/litespeed\/avatar\/18677e78aa0546b92d9dbf31ec7d7668.jpg?ver=1776685526","width":96,"height":96,"caption":"El Digital de Asturias"}},{"@type":"WebPage","@id":"https:\/\/www.eldigitaldeasturias.com\/noticias\/ceo-de-adidas-advierte-de-la-sobresaturacion-en-los-aficionados-al-futbol\/#webpage","url":"https:\/\/www.eldigitaldeasturias.com\/noticias\/ceo-de-adidas-advierte-de-la-sobresaturacion-en-los-aficionados-al-futbol\/","name":"CEO de Adidas advierte de la \u00absobresaturaci\u00f3n\u00bb en los aficionados al f\u00fatbol - El Digital de Asturias","description":"Berl\u00edn, 7 jul (dpa) - Kasper Rorsted, presidente de la empresa alemana de art\u00edculos deportivos Adidas, advirti\u00f3 sobre una \"sobresaturaci\u00f3n\" en los aficionados al f\u00fatbol. \"Soy un amante del f\u00fatbol, pero despu\u00e9s de una temporada larga se llega a un punto en el que viene bien un descanso\", declar\u00f3 Rorsted al domincal alem\u00e1n \"Welt am","inLanguage":"es-ES","isPartOf":{"@id":"https:\/\/www.eldigitaldeasturias.com\/noticias\/#website"},"breadcrumb":{"@id":"https:\/\/www.eldigitaldeasturias.com\/noticias\/ceo-de-adidas-advierte-de-la-sobresaturacion-en-los-aficionados-al-futbol\/#breadcrumblist"},"author":{"@id":"https:\/\/www.eldigitaldeasturias.com\/noticias\/author\/admin\/#author"},"creator":{"@id":"https:\/\/www.eldigitaldeasturias.com\/noticias\/author\/admin\/#author"},"image":{"@type":"ImageObject","url":"https:\/\/www.eldigitaldeasturias.com\/noticias\/wp-content\/uploads\/2018\/06\/football-1406106_960_720.jpg","@id":"https:\/\/www.eldigitaldeasturias.com\/noticias\/ceo-de-adidas-advierte-de-la-sobresaturacion-en-los-aficionados-al-futbol\/#mainImage","width":960,"height":643},"primaryImageOfPage":{"@id":"https:\/\/www.eldigitaldeasturias.com\/noticias\/ceo-de-adidas-advierte-de-la-sobresaturacion-en-los-aficionados-al-futbol\/#mainImage"},"datePublished":"2019-07-07T20:41:29+02:00","dateModified":"2019-07-07T20:41:29+02:00"},{"@type":"WebSite","@id":"https:\/\/www.eldigitaldeasturias.com\/noticias\/#website","url":"https:\/\/www.eldigitaldeasturias.com\/noticias\/","name":"El Digital de Asturias - Diario de actualidad y noticias","alternateName":"El Digital de Asturias - Diario de actualidad y noticias","description":"Hemeroteca","inLanguage":"es-ES","publisher":{"@id":"https:\/\/www.eldigitaldeasturias.com\/noticias\/#organization"}}]},"og:locale":"es_ES","og:site_name":"El Digital de Asturias","og:type":"article","og:title":"CEO de Adidas advierte de la \u00absobresaturaci\u00f3n\u00bb en los aficionados al f\u00fatbol - El Digital de Asturias","og:description":"Berl\u00edn, 7 jul (dpa) - Kasper Rorsted, presidente de la empresa alemana de art\u00edculos deportivos Adidas, advirti\u00f3 sobre una &quot;sobresaturaci\u00f3n&quot; en los aficionados al f\u00fatbol. &quot;Soy un amante del f\u00fatbol, pero despu\u00e9s de una temporada larga se llega a un punto en el que viene bien un descanso&quot;, declar\u00f3 Rorsted al domincal alem\u00e1n &quot;Welt am","og:url":"https:\/\/www.eldigitaldeasturias.com\/noticias\/ceo-de-adidas-advierte-de-la-sobresaturacion-en-los-aficionados-al-futbol\/","og:image":"https:\/\/www.eldigitaldeasturias.com\/noticias\/wp-content\/uploads\/2018\/06\/football-1406106_960_720.jpg","og:image:secure_url":"https:\/\/www.eldigitaldeasturias.com\/noticias\/wp-content\/uploads\/2018\/06\/football-1406106_960_720.jpg","og:image:width":960,"og:image:height":643,"article:tag":["deportes"],"article:published_time":"2019-07-07T20:41:29+00:00","article:modified_time":"2019-07-07T20:41:29+00:00","article:publisher":"https:\/\/facebook.com\/eldigitaldeasturias","twitter:card":"summary_large_image","twitter:title":"CEO de Adidas advierte de la \u00absobresaturaci\u00f3n\u00bb en los aficionados al f\u00fatbol - El Digital de Asturias","twitter:description":"Berl\u00edn, 7 jul (dpa) - Kasper Rorsted, presidente de la empresa alemana de art\u00edculos deportivos Adidas, advirti\u00f3 sobre una &quot;sobresaturaci\u00f3n&quot; en los aficionados al f\u00fatbol. &quot;Soy un amante del f\u00fatbol, pero despu\u00e9s de una temporada larga se llega a un punto en el que viene bien un descanso&quot;, declar\u00f3 Rorsted al domincal alem\u00e1n &quot;Welt am","twitter:image":"https:\/\/www.eldigitaldeasturias.com\/noticias\/wp-content\/uploads\/2018\/06\/football-1406106_960_720.jpg","twitter:label1":"Escrito por","twitter:data1":"El Digital de Asturias","twitter:label2":"Tiempo de lectura estimado","twitter:data2":"2 minutos"},"aioseo_meta_data":{"post_id":"1034076","title":null,"description":null,"keywords":null,"keyphrases":null,"primary_term":null,"canonical_url":null,"og_title":null,"og_description":null,"og_object_type":"default","og_image_type":"default","og_image_url":null,"og_image_width":null,"og_image_height":null,"og_image_custom_url":null,"og_image_custom_fields":null,"og_video":null,"og_custom_url":null,"og_article_section":null,"og_article_tags":null,"twitter_use_og":false,"twitter_card":"default","twitter_image_type":"default","twitter_image_url":null,"twitter_image_custom_url":null,"twitter_image_custom_fields":null,"twitter_title":null,"twitter_description":null,"schema":{"blockGraphs":[],"customGraphs":[],"default":{"data":{"Article":[],"Course":[],"Dataset":[],"FAQPage":[],"Movie":[],"Person":[],"Product":[],"ProductReview":[],"Car":[],"Recipe":[],"Service":[],"SoftwareApplication":[],"WebPage":[]},"graphName":"","isEnabled":true},"graphs":[],"defaultGraph":"","defaultPostTypeGraph":""},"schema_type":null,"schema_type_options":null,"pillar_content":false,"robots_default":true,"robots_noindex":false,"robots_noarchive":false,"robots_nosnippet":false,"robots_nofollow":false,"robots_noimageindex":false,"robots_noodp":false,"robots_notranslate":false,"robots_max_snippet":null,"robots_max_videopreview":null,"robots_max_imagepreview":"large","priority":null,"frequency":null,"local_seo":null,"seo_analyzer_scan_date":"2025-10-22 03:01:12","breadcrumb_settings":null,"limit_modified_date":false,"open_ai":null,"ai":null,"created":"2020-12-21 11:08:31","updated":"2025-10-22 03:01:12"},"aioseo_breadcrumb":"<div class=\"aioseo-breadcrumbs\"><span class=\"aioseo-breadcrumb\">\n\t<a href=\"https:\/\/www.eldigitaldeasturias.com\/noticias\" title=\"Home\">Home<\/a>\n<\/span><span class=\"aioseo-breadcrumb-separator\">\u2013<\/span><span class=\"aioseo-breadcrumb\">\n\t<a href=\"https:\/\/www.eldigitaldeasturias.com\/noticias\/category\/deportes\/\" title=\"Deportes\">Deportes<\/a>\n<\/span><span class=\"aioseo-breadcrumb-separator\">\u2013<\/span><span class=\"aioseo-breadcrumb\">\n\t<a href=\"https:\/\/www.eldigitaldeasturias.com\/noticias\/ceo-de-adidas-advierte-de-la-sobresaturacion-en-los-aficionados-al-futbol\/\" title=\"CEO de Adidas advierte de la \u00absobresaturaci\u00f3n\u00bb en los aficionados al f\u00fatbol\">CEO de Adidas advierte de la \u00absobresaturaci\u00f3n\u00bb en los aficionados al f\u00fatbol<\/a>\n<\/span><\/div>","aioseo_breadcrumb_json":[{"label":"Home","link":"https:\/\/www.eldigitaldeasturias.com\/noticias"},{"label":"Deportes","link":"https:\/\/www.eldigitaldeasturias.com\/noticias\/category\/deportes\/"},{"label":"CEO de Adidas advierte de la \u00absobresaturaci\u00f3n\u00bb en los aficionados al f\u00fatbol","link":"https:\/\/www.eldigitaldeasturias.com\/noticias\/ceo-de-adidas-advierte-de-la-sobresaturacion-en-los-aficionados-al-futbol\/"}],"_links":{"self":[{"href":"https:\/\/www.eldigitaldeasturias.com\/noticias\/wp-json\/wp\/v2\/posts\/1034076","targetHints":{"allow":["GET"]}}],"collection":[{"href":"https:\/\/www.eldigitaldeasturias.com\/noticias\/wp-json\/wp\/v2\/posts"}],"about":[{"href":"https:\/\/www.eldigitaldeasturias.com\/noticias\/wp-json\/wp\/v2\/types\/post"}],"author":[{"embeddable":true,"href":"https:\/\/www.eldigitaldeasturias.com\/noticias\/wp-json\/wp\/v2\/users\/1"}],"replies":[{"embeddable":true,"href":"https:\/\/www.eldigitaldeasturias.com\/noticias\/wp-json\/wp\/v2\/comments?post=1034076"}],"version-history":[{"count":0,"href":"https:\/\/www.eldigitaldeasturias.com\/noticias\/wp-json\/wp\/v2\/posts\/1034076\/revisions"}],"wp:featuredmedia":[{"embeddable":true,"href":"https:\/\/www.eldigitaldeasturias.com\/noticias\/wp-json\/wp\/v2\/media\/985209"}],"wp:attachment":[{"href":"https:\/\/www.eldigitaldeasturias.com\/noticias\/wp-json\/wp\/v2\/media?parent=1034076"}],"wp:term":[{"taxonomy":"category","embeddable":true,"href":"https:\/\/www.eldigitaldeasturias.com\/noticias\/wp-json\/wp\/v2\/categories?post=1034076"},{"taxonomy":"post_tag","embeddable":true,"href":"https:\/\/www.eldigitaldeasturias.com\/noticias\/wp-json\/wp\/v2\/tags?post=1034076"}],"curies":[{"name":"wp","href":"https:\/\/api.w.org\/{rel}","templated":true}]}}