{"id":1033988,"date":"2019-07-07T00:25:39","date_gmt":"2019-07-07T00:25:39","guid":{"rendered":"https:\/\/www.eldigitaldeasturias.com\/noticias\/?p=1033988"},"modified":"2019-07-07T00:25:39","modified_gmt":"2019-07-07T00:25:39","slug":"xv-congreso-internacional-de-turismo-religioso-y-sostenible-en-guarapuava","status":"publish","type":"post","link":"https:\/\/www.eldigitaldeasturias.com\/noticias\/xv-congreso-internacional-de-turismo-religioso-y-sostenible-en-guarapuava\/","title":{"rendered":"XV Congreso Internacional de Turismo Religioso y Sostenible en Guarapuava"},"content":{"rendered":"<p><img loading=\"lazy\" decoding=\"async\" class=\"alignleft size-medium wp-image-998646\" src=\"https:\/\/www.eldigitaldeasturias.com\/noticias\/wp-content\/uploads\/2018\/09\/airport-1822133_960_720-360x247.jpg\" alt=\"\" width=\"360\" height=\"247\" srcset=\"https:\/\/www.eldigitaldeasturias.com\/noticias\/wp-content\/uploads\/2018\/09\/airport-1822133_960_720-360x247.jpg 360w, https:\/\/www.eldigitaldeasturias.com\/noticias\/wp-content\/uploads\/2018\/09\/airport-1822133_960_720-768x526.jpg 768w, https:\/\/www.eldigitaldeasturias.com\/noticias\/wp-content\/uploads\/2018\/09\/airport-1822133_960_720-650x446.jpg 650w, https:\/\/www.eldigitaldeasturias.com\/noticias\/wp-content\/uploads\/2018\/09\/airport-1822133_960_720.jpg 960w\" sizes=\"auto, (max-width: 360px) 100vw, 360px\" \/>MADRID, 5 Jul. 2019 (Europa Press) &#8211;\u00a0El XV Congreso Internacional de Turismo Religioso y Sostenible se celebrar\u00e1 entre el <strong>10 y el 12 de julio en la ciudad brasile\u00f1a de Guarapuava<\/strong>, en el estado de Paran\u00e1 (Brasil)I, con motivo del 200 aniversario de la fundaci\u00f3n de la capital.<\/p>\n<p>La edici\u00f3n anterior se celebr\u00f3 en la ciudad de Comayagua, la m\u00e1s antigua de Honduras, fundada en 1537 por el capit\u00e1n Alonso de C\u00e1ceres, natural de Alc\u00e1ntara. En esta edici\u00f3n en la que se han inscrito congresistas de Am\u00e9rica y de Europa, se espera alcanzar los 1.000 asistentes.<\/p>\n<p>Promovido por la Fundaci\u00f3n San Jos\u00e9 de Campo Mourao, el evento ser\u00e1 organizado por la Prefeitura de Guarapuava. El congreso se desarrollar\u00e1 con diversas actividades, conferencias, talleres, mesas de debate, espacio de negocios, espect\u00e1culos culturales, degustaci\u00f3n de platos t\u00edpicos, visitas y excursiones.<\/p>\n<p>El objetivo es difundir este congreso de Turismo Religioso y Sostenible por diversos pa\u00edses de todo el mundo, por eso, adem\u00e1s de en Brasil, se han celebrado en Argentina, Bolivia y las pr\u00f3ximas ediciones tendr\u00e1n lugar en Rio de Janeiro en abril de 2020 y en Pamplona en septiembre.<\/p>\n<p>&nbsp;<\/p>\n","protected":false},"excerpt":{"rendered":"<p>MADRID, 5 Jul. 2019 (Europa Press) &#8211;\u00a0El XV Congreso Internacional de Turismo Religioso y Sostenible se celebrar\u00e1 entre el 10 y el 12 de julio en la ciudad brasile\u00f1a de Guarapuava, en el estado de Paran\u00e1 (Brasil)I, con motivo del 200 aniversario de la fundaci\u00f3n de la capital. La edici\u00f3n anterior se celebr\u00f3 en la [&hellip;]<\/p>\n","protected":false},"author":1,"featured_media":998646,"comment_status":"closed","ping_status":"closed","sticky":false,"template":"","format":"standard","meta":{"footnotes":""},"categories":[148],"tags":[],"class_list":["post-1033988","post","type-post","status-publish","format-standard","has-post-thumbnail","hentry","category-turismo"],"aioseo_notices":[],"aioseo_head":"\n\t\t<!-- All in One SEO Pro 4.9.6.2 - aioseo.com -->\n\t<meta name=\"description\" content=\"MADRID, 5 Jul. 2019 (Europa Press) - El XV Congreso Internacional de Turismo Religioso y Sostenible se celebrar\u00e1 entre el 10 y el 12 de julio en la ciudad brasile\u00f1a de Guarapuava, en el estado de Paran\u00e1 (Brasil)I, con motivo del 200 aniversario de la fundaci\u00f3n de la capital. La edici\u00f3n anterior se celebr\u00f3 en la\" \/>\n\t<meta name=\"robots\" content=\"max-image-preview:large\" \/>\n\t<meta name=\"author\" content=\"El Digital de Asturias\"\/>\n\t<meta name=\"google-site-verification\" content=\"UA-38556648-1\" \/>\n\t<meta name=\"msvalidate.01\" content=\"7dfe9f3f1b24437ab69f4f2559babe99\" \/>\n\t<meta name=\"keywords\" content=\"turismo\" \/>\n\t<link rel=\"canonical\" href=\"https:\/\/www.eldigitaldeasturias.com\/noticias\/xv-congreso-internacional-de-turismo-religioso-y-sostenible-en-guarapuava\/\" \/>\n\t<meta name=\"generator\" content=\"All in One SEO Pro (AIOSEO) 4.9.6.2\" \/>\n\t\t<meta property=\"og:locale\" content=\"es_ES\" \/>\n\t\t<meta property=\"og:site_name\" content=\"El Digital de Asturias\" \/>\n\t\t<meta property=\"og:type\" content=\"article\" \/>\n\t\t<meta property=\"og:title\" content=\"XV Congreso Internacional de Turismo Religioso y Sostenible en Guarapuava - El Digital de Asturias\" \/>\n\t\t<meta property=\"og:description\" content=\"MADRID, 5 Jul. 2019 (Europa Press) - El XV Congreso Internacional de Turismo Religioso y Sostenible se celebrar\u00e1 entre el 10 y el 12 de julio en la ciudad brasile\u00f1a de Guarapuava, en el estado de Paran\u00e1 (Brasil)I, con motivo del 200 aniversario de la fundaci\u00f3n de la capital. La edici\u00f3n anterior se celebr\u00f3 en la\" \/>\n\t\t<meta property=\"og:url\" content=\"https:\/\/www.eldigitaldeasturias.com\/noticias\/xv-congreso-internacional-de-turismo-religioso-y-sostenible-en-guarapuava\/\" \/>\n\t\t<meta property=\"og:image\" content=\"https:\/\/www.eldigitaldeasturias.com\/noticias\/wp-content\/uploads\/2018\/09\/airport-1822133_960_720.jpg\" \/>\n\t\t<meta property=\"og:image:secure_url\" content=\"https:\/\/www.eldigitaldeasturias.com\/noticias\/wp-content\/uploads\/2018\/09\/airport-1822133_960_720.jpg\" \/>\n\t\t<meta property=\"og:image:width\" content=\"960\" \/>\n\t\t<meta property=\"og:image:height\" content=\"658\" \/>\n\t\t<meta property=\"article:tag\" content=\"turismo\" \/>\n\t\t<meta property=\"article:published_time\" content=\"2019-07-07T00:25:39+00:00\" \/>\n\t\t<meta property=\"article:modified_time\" content=\"2019-07-07T00:25:39+00:00\" \/>\n\t\t<meta property=\"article:publisher\" content=\"https:\/\/facebook.com\/eldigitaldeasturias\" \/>\n\t\t<meta name=\"twitter:card\" content=\"summary_large_image\" \/>\n\t\t<meta name=\"twitter:title\" content=\"XV Congreso Internacional de Turismo Religioso y Sostenible en Guarapuava - El Digital de Asturias\" \/>\n\t\t<meta name=\"twitter:description\" content=\"MADRID, 5 Jul. 2019 (Europa Press) - El XV Congreso Internacional de Turismo Religioso y Sostenible se celebrar\u00e1 entre el 10 y el 12 de julio en la ciudad brasile\u00f1a de Guarapuava, en el estado de Paran\u00e1 (Brasil)I, con motivo del 200 aniversario de la fundaci\u00f3n de la capital. La edici\u00f3n anterior se celebr\u00f3 en la\" \/>\n\t\t<meta name=\"twitter:image\" content=\"https:\/\/www.eldigitaldeasturias.com\/noticias\/wp-content\/uploads\/2018\/09\/airport-1822133_960_720.jpg\" \/>\n\t\t<meta name=\"twitter:label1\" content=\"Escrito por\" \/>\n\t\t<meta name=\"twitter:data1\" content=\"El Digital de Asturias\" \/>\n\t\t<meta name=\"twitter:label2\" content=\"Tiempo de lectura estimado\" \/>\n\t\t<meta name=\"twitter:data2\" content=\"1 minuto\" \/>\n\t\t<script type=\"application\/ld+json\" class=\"aioseo-schema\">\n\t\t\t{\"@context\":\"https:\\\/\\\/schema.org\",\"@graph\":[{\"@type\":\"BlogPosting\",\"@id\":\"https:\\\/\\\/www.eldigitaldeasturias.com\\\/noticias\\\/xv-congreso-internacional-de-turismo-religioso-y-sostenible-en-guarapuava\\\/#blogposting\",\"name\":\"XV Congreso Internacional de Turismo Religioso y Sostenible en Guarapuava - El Digital de Asturias\",\"headline\":\"XV Congreso Internacional de Turismo Religioso y Sostenible en Guarapuava\",\"author\":{\"@id\":\"https:\\\/\\\/www.eldigitaldeasturias.com\\\/noticias\\\/author\\\/admin\\\/#author\"},\"publisher\":{\"@id\":\"https:\\\/\\\/www.eldigitaldeasturias.com\\\/noticias\\\/#organization\"},\"image\":{\"@type\":\"ImageObject\",\"url\":\"https:\\\/\\\/www.eldigitaldeasturias.com\\\/noticias\\\/wp-content\\\/uploads\\\/2018\\\/09\\\/airport-1822133_960_720.jpg\",\"width\":960,\"height\":658},\"datePublished\":\"2019-07-07T00:25:39+02:00\",\"dateModified\":\"2019-07-07T00:25:39+02:00\",\"inLanguage\":\"es-ES\",\"mainEntityOfPage\":{\"@id\":\"https:\\\/\\\/www.eldigitaldeasturias.com\\\/noticias\\\/xv-congreso-internacional-de-turismo-religioso-y-sostenible-en-guarapuava\\\/#webpage\"},\"isPartOf\":{\"@id\":\"https:\\\/\\\/www.eldigitaldeasturias.com\\\/noticias\\\/xv-congreso-internacional-de-turismo-religioso-y-sostenible-en-guarapuava\\\/#webpage\"},\"articleSection\":\"Turismo\"},{\"@type\":\"BreadcrumbList\",\"@id\":\"https:\\\/\\\/www.eldigitaldeasturias.com\\\/noticias\\\/xv-congreso-internacional-de-turismo-religioso-y-sostenible-en-guarapuava\\\/#breadcrumblist\",\"itemListElement\":[{\"@type\":\"ListItem\",\"@id\":\"https:\\\/\\\/www.eldigitaldeasturias.com\\\/noticias#listItem\",\"position\":1,\"name\":\"Home\",\"item\":\"https:\\\/\\\/www.eldigitaldeasturias.com\\\/noticias\",\"nextItem\":{\"@type\":\"ListItem\",\"@id\":\"https:\\\/\\\/www.eldigitaldeasturias.com\\\/noticias\\\/category\\\/turismo\\\/#listItem\",\"name\":\"Turismo\"}},{\"@type\":\"ListItem\",\"@id\":\"https:\\\/\\\/www.eldigitaldeasturias.com\\\/noticias\\\/category\\\/turismo\\\/#listItem\",\"position\":2,\"name\":\"Turismo\",\"item\":\"https:\\\/\\\/www.eldigitaldeasturias.com\\\/noticias\\\/category\\\/turismo\\\/\",\"nextItem\":{\"@type\":\"ListItem\",\"@id\":\"https:\\\/\\\/www.eldigitaldeasturias.com\\\/noticias\\\/xv-congreso-internacional-de-turismo-religioso-y-sostenible-en-guarapuava\\\/#listItem\",\"name\":\"XV Congreso Internacional de Turismo Religioso y Sostenible en Guarapuava\"},\"previousItem\":{\"@type\":\"ListItem\",\"@id\":\"https:\\\/\\\/www.eldigitaldeasturias.com\\\/noticias#listItem\",\"name\":\"Home\"}},{\"@type\":\"ListItem\",\"@id\":\"https:\\\/\\\/www.eldigitaldeasturias.com\\\/noticias\\\/xv-congreso-internacional-de-turismo-religioso-y-sostenible-en-guarapuava\\\/#listItem\",\"position\":3,\"name\":\"XV Congreso Internacional de Turismo Religioso y Sostenible en Guarapuava\",\"previousItem\":{\"@type\":\"ListItem\",\"@id\":\"https:\\\/\\\/www.eldigitaldeasturias.com\\\/noticias\\\/category\\\/turismo\\\/#listItem\",\"name\":\"Turismo\"}}]},{\"@type\":\"Organization\",\"@id\":\"https:\\\/\\\/www.eldigitaldeasturias.com\\\/noticias\\\/#organization\",\"name\":\"El Digital de Asturias\",\"description\":\"Hemeroteca\",\"url\":\"https:\\\/\\\/www.eldigitaldeasturias.com\\\/noticias\\\/\",\"email\":\"info@eldigitaldeasturias.com\",\"telephone\":\"+34652131393\",\"logo\":{\"@type\":\"ImageObject\",\"url\":\"https:\\\/\\\/www.eldigitaldeasturias.com\\\/noticias\\\/wp-content\\\/uploads\\\/2020\\\/12\\\/EDA.jpg\",\"@id\":\"https:\\\/\\\/www.eldigitaldeasturias.com\\\/noticias\\\/xv-congreso-internacional-de-turismo-religioso-y-sostenible-en-guarapuava\\\/#organizationLogo\",\"width\":649,\"height\":297},\"image\":{\"@id\":\"https:\\\/\\\/www.eldigitaldeasturias.com\\\/noticias\\\/xv-congreso-internacional-de-turismo-religioso-y-sostenible-en-guarapuava\\\/#organizationLogo\"},\"sameAs\":[\"https:\\\/\\\/facebook.com\\\/eldigitaldeasturias\",\"https:\\\/\\\/www.youtube.com\\\/channel\\\/UCZP-2wLEB9Rv6erhFmqVnvg\"],\"address\":{\"@id\":\"https:\\\/\\\/www.eldigitaldeasturias.com\\\/noticias\\\/#postaladdress\",\"@type\":\"PostalAddress\",\"streetAddress\":\"san antonio 4,\",\"postalCode\":\"33430\",\"addressLocality\":\"Cand\\u00e1s\",\"addressRegion\":\"Asturias\",\"addressCountry\":\"ES\"}},{\"@type\":\"Person\",\"@id\":\"https:\\\/\\\/www.eldigitaldeasturias.com\\\/noticias\\\/author\\\/admin\\\/#author\",\"url\":\"https:\\\/\\\/www.eldigitaldeasturias.com\\\/noticias\\\/author\\\/admin\\\/\",\"name\":\"El Digital de Asturias\",\"image\":{\"@type\":\"ImageObject\",\"@id\":\"https:\\\/\\\/www.eldigitaldeasturias.com\\\/noticias\\\/xv-congreso-internacional-de-turismo-religioso-y-sostenible-en-guarapuava\\\/#authorImage\",\"url\":\"https:\\\/\\\/www.eldigitaldeasturias.com\\\/noticias\\\/wp-content\\\/litespeed\\\/avatar\\\/18677e78aa0546b92d9dbf31ec7d7668.jpg?ver=1777290358\",\"width\":96,\"height\":96,\"caption\":\"El Digital de Asturias\"}},{\"@type\":\"WebPage\",\"@id\":\"https:\\\/\\\/www.eldigitaldeasturias.com\\\/noticias\\\/xv-congreso-internacional-de-turismo-religioso-y-sostenible-en-guarapuava\\\/#webpage\",\"url\":\"https:\\\/\\\/www.eldigitaldeasturias.com\\\/noticias\\\/xv-congreso-internacional-de-turismo-religioso-y-sostenible-en-guarapuava\\\/\",\"name\":\"XV Congreso Internacional de Turismo Religioso y Sostenible en Guarapuava - El Digital de Asturias\",\"description\":\"MADRID, 5 Jul. 2019 (Europa Press) - El XV Congreso Internacional de Turismo Religioso y Sostenible se celebrar\\u00e1 entre el 10 y el 12 de julio en la ciudad brasile\\u00f1a de Guarapuava, en el estado de Paran\\u00e1 (Brasil)I, con motivo del 200 aniversario de la fundaci\\u00f3n de la capital. La edici\\u00f3n anterior se celebr\\u00f3 en la\",\"inLanguage\":\"es-ES\",\"isPartOf\":{\"@id\":\"https:\\\/\\\/www.eldigitaldeasturias.com\\\/noticias\\\/#website\"},\"breadcrumb\":{\"@id\":\"https:\\\/\\\/www.eldigitaldeasturias.com\\\/noticias\\\/xv-congreso-internacional-de-turismo-religioso-y-sostenible-en-guarapuava\\\/#breadcrumblist\"},\"author\":{\"@id\":\"https:\\\/\\\/www.eldigitaldeasturias.com\\\/noticias\\\/author\\\/admin\\\/#author\"},\"creator\":{\"@id\":\"https:\\\/\\\/www.eldigitaldeasturias.com\\\/noticias\\\/author\\\/admin\\\/#author\"},\"image\":{\"@type\":\"ImageObject\",\"url\":\"https:\\\/\\\/www.eldigitaldeasturias.com\\\/noticias\\\/wp-content\\\/uploads\\\/2018\\\/09\\\/airport-1822133_960_720.jpg\",\"@id\":\"https:\\\/\\\/www.eldigitaldeasturias.com\\\/noticias\\\/xv-congreso-internacional-de-turismo-religioso-y-sostenible-en-guarapuava\\\/#mainImage\",\"width\":960,\"height\":658},\"primaryImageOfPage\":{\"@id\":\"https:\\\/\\\/www.eldigitaldeasturias.com\\\/noticias\\\/xv-congreso-internacional-de-turismo-religioso-y-sostenible-en-guarapuava\\\/#mainImage\"},\"datePublished\":\"2019-07-07T00:25:39+02:00\",\"dateModified\":\"2019-07-07T00:25:39+02:00\"},{\"@type\":\"WebSite\",\"@id\":\"https:\\\/\\\/www.eldigitaldeasturias.com\\\/noticias\\\/#website\",\"url\":\"https:\\\/\\\/www.eldigitaldeasturias.com\\\/noticias\\\/\",\"name\":\"El Digital de Asturias - Diario de actualidad y noticias\",\"alternateName\":\"El Digital de Asturias - Diario de actualidad y noticias\",\"description\":\"Hemeroteca\",\"inLanguage\":\"es-ES\",\"publisher\":{\"@id\":\"https:\\\/\\\/www.eldigitaldeasturias.com\\\/noticias\\\/#organization\"}}]}\n\t\t<\/script>\n\t\t<!-- All in One SEO Pro -->\r\n\t\t<title>XV Congreso Internacional de Turismo Religioso y Sostenible en Guarapuava - El Digital de Asturias<\/title>\n\n","aioseo_head_json":{"title":"XV Congreso Internacional de Turismo Religioso y Sostenible en Guarapuava - El Digital de Asturias","description":"MADRID, 5 Jul. 2019 (Europa Press) - El XV Congreso Internacional de Turismo Religioso y Sostenible se celebrar\u00e1 entre el 10 y el 12 de julio en la ciudad brasile\u00f1a de Guarapuava, en el estado de Paran\u00e1 (Brasil)I, con motivo del 200 aniversario de la fundaci\u00f3n de la capital. La edici\u00f3n anterior se celebr\u00f3 en la","canonical_url":"https:\/\/www.eldigitaldeasturias.com\/noticias\/xv-congreso-internacional-de-turismo-religioso-y-sostenible-en-guarapuava\/","robots":"max-image-preview:large","keywords":"turismo","webmasterTools":{"google-site-verification":"UA-38556648-1","msvalidate.01":"7dfe9f3f1b24437ab69f4f2559babe99","miscellaneous":""},"schema":{"@context":"https:\/\/schema.org","@graph":[{"@type":"BlogPosting","@id":"https:\/\/www.eldigitaldeasturias.com\/noticias\/xv-congreso-internacional-de-turismo-religioso-y-sostenible-en-guarapuava\/#blogposting","name":"XV Congreso Internacional de Turismo Religioso y Sostenible en Guarapuava - El Digital de Asturias","headline":"XV Congreso Internacional de Turismo Religioso y Sostenible en Guarapuava","author":{"@id":"https:\/\/www.eldigitaldeasturias.com\/noticias\/author\/admin\/#author"},"publisher":{"@id":"https:\/\/www.eldigitaldeasturias.com\/noticias\/#organization"},"image":{"@type":"ImageObject","url":"https:\/\/www.eldigitaldeasturias.com\/noticias\/wp-content\/uploads\/2018\/09\/airport-1822133_960_720.jpg","width":960,"height":658},"datePublished":"2019-07-07T00:25:39+02:00","dateModified":"2019-07-07T00:25:39+02:00","inLanguage":"es-ES","mainEntityOfPage":{"@id":"https:\/\/www.eldigitaldeasturias.com\/noticias\/xv-congreso-internacional-de-turismo-religioso-y-sostenible-en-guarapuava\/#webpage"},"isPartOf":{"@id":"https:\/\/www.eldigitaldeasturias.com\/noticias\/xv-congreso-internacional-de-turismo-religioso-y-sostenible-en-guarapuava\/#webpage"},"articleSection":"Turismo"},{"@type":"BreadcrumbList","@id":"https:\/\/www.eldigitaldeasturias.com\/noticias\/xv-congreso-internacional-de-turismo-religioso-y-sostenible-en-guarapuava\/#breadcrumblist","itemListElement":[{"@type":"ListItem","@id":"https:\/\/www.eldigitaldeasturias.com\/noticias#listItem","position":1,"name":"Home","item":"https:\/\/www.eldigitaldeasturias.com\/noticias","nextItem":{"@type":"ListItem","@id":"https:\/\/www.eldigitaldeasturias.com\/noticias\/category\/turismo\/#listItem","name":"Turismo"}},{"@type":"ListItem","@id":"https:\/\/www.eldigitaldeasturias.com\/noticias\/category\/turismo\/#listItem","position":2,"name":"Turismo","item":"https:\/\/www.eldigitaldeasturias.com\/noticias\/category\/turismo\/","nextItem":{"@type":"ListItem","@id":"https:\/\/www.eldigitaldeasturias.com\/noticias\/xv-congreso-internacional-de-turismo-religioso-y-sostenible-en-guarapuava\/#listItem","name":"XV Congreso Internacional de Turismo Religioso y Sostenible en Guarapuava"},"previousItem":{"@type":"ListItem","@id":"https:\/\/www.eldigitaldeasturias.com\/noticias#listItem","name":"Home"}},{"@type":"ListItem","@id":"https:\/\/www.eldigitaldeasturias.com\/noticias\/xv-congreso-internacional-de-turismo-religioso-y-sostenible-en-guarapuava\/#listItem","position":3,"name":"XV Congreso Internacional de Turismo Religioso y Sostenible en Guarapuava","previousItem":{"@type":"ListItem","@id":"https:\/\/www.eldigitaldeasturias.com\/noticias\/category\/turismo\/#listItem","name":"Turismo"}}]},{"@type":"Organization","@id":"https:\/\/www.eldigitaldeasturias.com\/noticias\/#organization","name":"El Digital de Asturias","description":"Hemeroteca","url":"https:\/\/www.eldigitaldeasturias.com\/noticias\/","email":"info@eldigitaldeasturias.com","telephone":"+34652131393","logo":{"@type":"ImageObject","url":"https:\/\/www.eldigitaldeasturias.com\/noticias\/wp-content\/uploads\/2020\/12\/EDA.jpg","@id":"https:\/\/www.eldigitaldeasturias.com\/noticias\/xv-congreso-internacional-de-turismo-religioso-y-sostenible-en-guarapuava\/#organizationLogo","width":649,"height":297},"image":{"@id":"https:\/\/www.eldigitaldeasturias.com\/noticias\/xv-congreso-internacional-de-turismo-religioso-y-sostenible-en-guarapuava\/#organizationLogo"},"sameAs":["https:\/\/facebook.com\/eldigitaldeasturias","https:\/\/www.youtube.com\/channel\/UCZP-2wLEB9Rv6erhFmqVnvg"],"address":{"@id":"https:\/\/www.eldigitaldeasturias.com\/noticias\/#postaladdress","@type":"PostalAddress","streetAddress":"san antonio 4,","postalCode":"33430","addressLocality":"Cand\u00e1s","addressRegion":"Asturias","addressCountry":"ES"}},{"@type":"Person","@id":"https:\/\/www.eldigitaldeasturias.com\/noticias\/author\/admin\/#author","url":"https:\/\/www.eldigitaldeasturias.com\/noticias\/author\/admin\/","name":"El Digital de Asturias","image":{"@type":"ImageObject","@id":"https:\/\/www.eldigitaldeasturias.com\/noticias\/xv-congreso-internacional-de-turismo-religioso-y-sostenible-en-guarapuava\/#authorImage","url":"https:\/\/www.eldigitaldeasturias.com\/noticias\/wp-content\/litespeed\/avatar\/18677e78aa0546b92d9dbf31ec7d7668.jpg?ver=1777290358","width":96,"height":96,"caption":"El Digital de Asturias"}},{"@type":"WebPage","@id":"https:\/\/www.eldigitaldeasturias.com\/noticias\/xv-congreso-internacional-de-turismo-religioso-y-sostenible-en-guarapuava\/#webpage","url":"https:\/\/www.eldigitaldeasturias.com\/noticias\/xv-congreso-internacional-de-turismo-religioso-y-sostenible-en-guarapuava\/","name":"XV Congreso Internacional de Turismo Religioso y Sostenible en Guarapuava - El Digital de Asturias","description":"MADRID, 5 Jul. 2019 (Europa Press) - El XV Congreso Internacional de Turismo Religioso y Sostenible se celebrar\u00e1 entre el 10 y el 12 de julio en la ciudad brasile\u00f1a de Guarapuava, en el estado de Paran\u00e1 (Brasil)I, con motivo del 200 aniversario de la fundaci\u00f3n de la capital. La edici\u00f3n anterior se celebr\u00f3 en la","inLanguage":"es-ES","isPartOf":{"@id":"https:\/\/www.eldigitaldeasturias.com\/noticias\/#website"},"breadcrumb":{"@id":"https:\/\/www.eldigitaldeasturias.com\/noticias\/xv-congreso-internacional-de-turismo-religioso-y-sostenible-en-guarapuava\/#breadcrumblist"},"author":{"@id":"https:\/\/www.eldigitaldeasturias.com\/noticias\/author\/admin\/#author"},"creator":{"@id":"https:\/\/www.eldigitaldeasturias.com\/noticias\/author\/admin\/#author"},"image":{"@type":"ImageObject","url":"https:\/\/www.eldigitaldeasturias.com\/noticias\/wp-content\/uploads\/2018\/09\/airport-1822133_960_720.jpg","@id":"https:\/\/www.eldigitaldeasturias.com\/noticias\/xv-congreso-internacional-de-turismo-religioso-y-sostenible-en-guarapuava\/#mainImage","width":960,"height":658},"primaryImageOfPage":{"@id":"https:\/\/www.eldigitaldeasturias.com\/noticias\/xv-congreso-internacional-de-turismo-religioso-y-sostenible-en-guarapuava\/#mainImage"},"datePublished":"2019-07-07T00:25:39+02:00","dateModified":"2019-07-07T00:25:39+02:00"},{"@type":"WebSite","@id":"https:\/\/www.eldigitaldeasturias.com\/noticias\/#website","url":"https:\/\/www.eldigitaldeasturias.com\/noticias\/","name":"El Digital de Asturias - Diario de actualidad y noticias","alternateName":"El Digital de Asturias - Diario de actualidad y noticias","description":"Hemeroteca","inLanguage":"es-ES","publisher":{"@id":"https:\/\/www.eldigitaldeasturias.com\/noticias\/#organization"}}]},"og:locale":"es_ES","og:site_name":"El Digital de Asturias","og:type":"article","og:title":"XV Congreso Internacional de Turismo Religioso y Sostenible en Guarapuava - El Digital de Asturias","og:description":"MADRID, 5 Jul. 2019 (Europa Press) - El XV Congreso Internacional de Turismo Religioso y Sostenible se celebrar\u00e1 entre el 10 y el 12 de julio en la ciudad brasile\u00f1a de Guarapuava, en el estado de Paran\u00e1 (Brasil)I, con motivo del 200 aniversario de la fundaci\u00f3n de la capital. La edici\u00f3n anterior se celebr\u00f3 en la","og:url":"https:\/\/www.eldigitaldeasturias.com\/noticias\/xv-congreso-internacional-de-turismo-religioso-y-sostenible-en-guarapuava\/","og:image":"https:\/\/www.eldigitaldeasturias.com\/noticias\/wp-content\/uploads\/2018\/09\/airport-1822133_960_720.jpg","og:image:secure_url":"https:\/\/www.eldigitaldeasturias.com\/noticias\/wp-content\/uploads\/2018\/09\/airport-1822133_960_720.jpg","og:image:width":960,"og:image:height":658,"article:tag":["turismo"],"article:published_time":"2019-07-07T00:25:39+00:00","article:modified_time":"2019-07-07T00:25:39+00:00","article:publisher":"https:\/\/facebook.com\/eldigitaldeasturias","twitter:card":"summary_large_image","twitter:title":"XV Congreso Internacional de Turismo Religioso y Sostenible en Guarapuava - El Digital de Asturias","twitter:description":"MADRID, 5 Jul. 2019 (Europa Press) - El XV Congreso Internacional de Turismo Religioso y Sostenible se celebrar\u00e1 entre el 10 y el 12 de julio en la ciudad brasile\u00f1a de Guarapuava, en el estado de Paran\u00e1 (Brasil)I, con motivo del 200 aniversario de la fundaci\u00f3n de la capital. La edici\u00f3n anterior se celebr\u00f3 en la","twitter:image":"https:\/\/www.eldigitaldeasturias.com\/noticias\/wp-content\/uploads\/2018\/09\/airport-1822133_960_720.jpg","twitter:label1":"Escrito por","twitter:data1":"El Digital de Asturias","twitter:label2":"Tiempo de lectura estimado","twitter:data2":"1 minuto"},"aioseo_meta_data":{"post_id":"1033988","title":null,"description":null,"keywords":null,"keyphrases":null,"primary_term":null,"canonical_url":null,"og_title":null,"og_description":null,"og_object_type":"default","og_image_type":"default","og_image_url":null,"og_image_width":null,"og_image_height":null,"og_image_custom_url":null,"og_image_custom_fields":null,"og_video":null,"og_custom_url":null,"og_article_section":null,"og_article_tags":null,"twitter_use_og":false,"twitter_card":"default","twitter_image_type":"default","twitter_image_url":null,"twitter_image_custom_url":null,"twitter_image_custom_fields":null,"twitter_title":null,"twitter_description":null,"schema":{"blockGraphs":[],"customGraphs":[],"default":{"data":{"Article":[],"Course":[],"Dataset":[],"FAQPage":[],"Movie":[],"Person":[],"Product":[],"ProductReview":[],"Car":[],"Recipe":[],"Service":[],"SoftwareApplication":[],"WebPage":[]},"graphName":"","isEnabled":true},"graphs":[]},"schema_type":null,"schema_type_options":null,"pillar_content":false,"robots_default":true,"robots_noindex":false,"robots_noarchive":false,"robots_nosnippet":false,"robots_nofollow":false,"robots_noimageindex":false,"robots_noodp":false,"robots_notranslate":false,"robots_max_snippet":null,"robots_max_videopreview":null,"robots_max_imagepreview":"large","priority":null,"frequency":null,"local_seo":null,"seo_analyzer_scan_date":"2025-10-22 02:29:47","breadcrumb_settings":null,"limit_modified_date":false,"open_ai":null,"ai":null,"created":"2020-12-21 11:08:31","updated":"2025-10-22 02:29:47"},"aioseo_breadcrumb":"<div class=\"aioseo-breadcrumbs\"><span class=\"aioseo-breadcrumb\">\n\t<a href=\"https:\/\/www.eldigitaldeasturias.com\/noticias\" title=\"Home\">Home<\/a>\n<\/span><span class=\"aioseo-breadcrumb-separator\">\u2013<\/span><span class=\"aioseo-breadcrumb\">\n\t<a href=\"https:\/\/www.eldigitaldeasturias.com\/noticias\/category\/turismo\/\" title=\"Turismo\">Turismo<\/a>\n<\/span><span class=\"aioseo-breadcrumb-separator\">\u2013<\/span><span class=\"aioseo-breadcrumb\">\n\t<a href=\"https:\/\/www.eldigitaldeasturias.com\/noticias\/xv-congreso-internacional-de-turismo-religioso-y-sostenible-en-guarapuava\/\" title=\"XV Congreso Internacional de Turismo Religioso y Sostenible en Guarapuava\">XV Congreso Internacional de Turismo Religioso y Sostenible en Guarapuava<\/a>\n<\/span><\/div>","aioseo_breadcrumb_json":[{"label":"Home","link":"https:\/\/www.eldigitaldeasturias.com\/noticias"},{"label":"Turismo","link":"https:\/\/www.eldigitaldeasturias.com\/noticias\/category\/turismo\/"},{"label":"XV Congreso Internacional de Turismo Religioso y Sostenible en Guarapuava","link":"https:\/\/www.eldigitaldeasturias.com\/noticias\/xv-congreso-internacional-de-turismo-religioso-y-sostenible-en-guarapuava\/"}],"_links":{"self":[{"href":"https:\/\/www.eldigitaldeasturias.com\/noticias\/wp-json\/wp\/v2\/posts\/1033988","targetHints":{"allow":["GET"]}}],"collection":[{"href":"https:\/\/www.eldigitaldeasturias.com\/noticias\/wp-json\/wp\/v2\/posts"}],"about":[{"href":"https:\/\/www.eldigitaldeasturias.com\/noticias\/wp-json\/wp\/v2\/types\/post"}],"author":[{"embeddable":true,"href":"https:\/\/www.eldigitaldeasturias.com\/noticias\/wp-json\/wp\/v2\/users\/1"}],"replies":[{"embeddable":true,"href":"https:\/\/www.eldigitaldeasturias.com\/noticias\/wp-json\/wp\/v2\/comments?post=1033988"}],"version-history":[{"count":0,"href":"https:\/\/www.eldigitaldeasturias.com\/noticias\/wp-json\/wp\/v2\/posts\/1033988\/revisions"}],"wp:featuredmedia":[{"embeddable":true,"href":"https:\/\/www.eldigitaldeasturias.com\/noticias\/wp-json\/wp\/v2\/media\/998646"}],"wp:attachment":[{"href":"https:\/\/www.eldigitaldeasturias.com\/noticias\/wp-json\/wp\/v2\/media?parent=1033988"}],"wp:term":[{"taxonomy":"category","embeddable":true,"href":"https:\/\/www.eldigitaldeasturias.com\/noticias\/wp-json\/wp\/v2\/categories?post=1033988"},{"taxonomy":"post_tag","embeddable":true,"href":"https:\/\/www.eldigitaldeasturias.com\/noticias\/wp-json\/wp\/v2\/tags?post=1033988"}],"curies":[{"name":"wp","href":"https:\/\/api.w.org\/{rel}","templated":true}]}}