{"id":1033768,"date":"2019-07-04T18:31:00","date_gmt":"2019-07-04T18:31:00","guid":{"rendered":"https:\/\/www.eldigitaldeasturias.com\/noticias\/?p=1033768"},"modified":"2019-07-04T18:31:00","modified_gmt":"2019-07-04T18:31:00","slug":"la-union-profesional-de-guadalajara-arranca-su-andadura","status":"publish","type":"post","link":"https:\/\/www.eldigitaldeasturias.com\/noticias\/la-union-profesional-de-guadalajara-arranca-su-andadura\/","title":{"rendered":"La Uni\u00f3n Profesional de Guadalajara arranca su andadura"},"content":{"rendered":"<p><img loading=\"lazy\" decoding=\"async\" class=\"alignleft size-medium wp-image-1033769\" src=\"https:\/\/www.eldigitaldeasturias.com\/noticias\/wp-content\/uploads\/2019\/07\/1562250400_union_profesional_guadalajara_7-360x240.jpg\" alt=\"\" width=\"360\" height=\"240\" srcset=\"https:\/\/www.eldigitaldeasturias.com\/noticias\/wp-content\/uploads\/2019\/07\/1562250400_union_profesional_guadalajara_7-360x240.jpg 360w, https:\/\/www.eldigitaldeasturias.com\/noticias\/wp-content\/uploads\/2019\/07\/1562250400_union_profesional_guadalajara_7-768x512.jpg 768w, https:\/\/www.eldigitaldeasturias.com\/noticias\/wp-content\/uploads\/2019\/07\/1562250400_union_profesional_guadalajara_7-650x433.jpg 650w, https:\/\/www.eldigitaldeasturias.com\/noticias\/wp-content\/uploads\/2019\/07\/1562250400_union_profesional_guadalajara_7-1536x1020.jpg 1536w, https:\/\/www.eldigitaldeasturias.com\/noticias\/wp-content\/uploads\/2019\/07\/1562250400_union_profesional_guadalajara_7-1024x682.jpg 1024w, https:\/\/www.eldigitaldeasturias.com\/noticias\/wp-content\/uploads\/2019\/07\/1562250400_union_profesional_guadalajara_7-675x450.jpg 675w, https:\/\/www.eldigitaldeasturias.com\/noticias\/wp-content\/uploads\/2019\/07\/1562250400_union_profesional_guadalajara_7.jpg 2000w\" sizes=\"auto, (max-width: 360px) 100vw, 360px\" \/>Un total de 12 Colegios Profesionales de la provincia de Guadalajara han constituido y fundado la llamada\u00a0<strong>Uni\u00f3n Profesional de la provincia de Guadalajara<\/strong>, una asociaci\u00f3n intercolegial que se ha venido gestando en los \u00faltimos meses y que ha contado con varias reuniones de trabajo previas.<\/p>\n<p>El pasado martes, 2 de julio, los representantes de estos Colegios Profesionales celebraron un acto p\u00fablico de firma de los estatutos de la misma, arrancando as\u00ed de forma efectiva la andadura de esta nueva entidad que nace \u201ccon unos objetivos muy b\u00e1sicos\u201d, como se\u00f1alaba el presidente de la misma, Aar\u00f3n Sanz.<\/p>\n<p>Estos objetivos son \u201cformular actuaciones de inter\u00e9s com\u00fan de nuestras profesiones tituladas, as\u00ed como disponer de una labor de orientaci\u00f3n social apoyada en los conocimientos, es decir, hacer valer nuestras titulaciones a nivel social, cogiendo estas determinaciones como la base de nuestros Estatutos\u201d.<\/p>\n<p>Asimismo, impulsar\u00e1 una \u201ccolaboraci\u00f3n con las Administraciones P\u00fablicas y cualquier otra entidad p\u00fablica o privada en relaci\u00f3n con la promoci\u00f3n de actividades de fomento y desarrollo de acciones profesionales\u201d.<\/p>\n<p>Otro de sus fines es \u201corganizar, participar y colaborar en congresos, seminarios, cursos, m\u00e1steres y actos an\u00e1logos referentes a las profesiones de sus asociados\u201d y tambi\u00e9n \u201cejercer funciones de mediaci\u00f3n y arbitraje entre sus socios o con terceros para la soluci\u00f3n de conflictos, cuando sea requerido para dichos cometidos\u201d.<\/p>\n<p>Adem\u00e1s, podr\u00e1 promover servicios asistenciales y, en general, los destinados a facilitar la adquisici\u00f3n de bienes o servicios para los profesionales colegiados, sin finalidad alguna de lucro.<\/p>\n<p><strong>Los 12 Colegios firmantes<\/strong><\/p>\n<p>A la firma de los mismos asistieron en representaci\u00f3n de los 12 colegios integrantes: Emilio Vega, presidente del Colegio Oficial de Abogados; C\u00e1ndida A. Guti\u00e9rrez, presidenta del Colegio de Agentes Comerciales; Jos\u00e9 A. Herce, presidente del Colegio de Arquitectos; Concepci\u00f3n S\u00e1nchez, presidenta del Colegio de Farmacia; Gabriel Mesquida, Delegado del Colegio de Ingenieros Agr\u00f3nomos de Centro y Canarias; Juan Jos\u00e9 Cruz, del de Ingenieros T\u00e9cnicos Industriales; Julio Cuevas, presidente del Colegio de M\u00e9dicos; Oscar Garc\u00e9s, presidente del Colegio Odont\u00f3logos; Andr\u00e9s Taberne, presidente del Colegio de Procuradores; Miguel \u00c1ngel Serrano, presidente del Colegio Veterinarios, y Aar\u00f3n Sanz, presidente del Colegio de Aparejadores.<\/p>\n<p>Sanz excus\u00f3 la ausencia del presidente de Enfermer\u00eda, Ra\u00fal Prieto, por motivos personales.<\/p>\n<p>Sanz record\u00f3 que esta uni\u00f3n \u201cnaci\u00f3 de la espontaneidad\u201d, cuando el Ayuntamiento de Guadalajara, en 2017 y en virtud de su Consejo Social y de Sostenibilidad, sorte\u00f3 entre los Colegios Oficiales quien ser\u00eda el representante ante este \u00f3rgano, siendo elegido el Colegio de Aparejadores.<\/p>\n<p>Posteriormente, con \u00e1nimo de lograr un consenso entre todos los \u00f3rganos colegiales, \u201cprovocamos el encuentro con los que actualmente estamos aqu\u00ed, y todos, con \u00e1nimos de trabajo y confianza, decidimos unir esfuerzos para algo m\u00e1s que una participaci\u00f3n municipal; decidimos ser una fuerza que representa a m\u00e1s de 4.500 profesionales colegiados de la provincia\u201d.<\/p>\n<p><strong>Una uni\u00f3n abierta a sumar a m\u00e1s profesionales<\/strong><\/p>\n<p>Actualmente, la Uni\u00f3n profesional est\u00e1 integrada por 12 colegios profesionales, pero, tal y como se\u00f1al\u00f3 Sanz, en nombre de todos los Colegios, \u201ceste grupo no es en absoluto cerrado; toda aquella agrupaci\u00f3n de profesionales titulados oficiales que represente a la provincia podr\u00e1 ser incorporado si as\u00ed lo desea\u201d.<\/p>\n<p>La Uni\u00f3n Profesional cuenta con la Asamblea como \u00f3rgano supremo de la asociaci\u00f3n y est\u00e1 conformada por la totalidad de los socios. Se reunir\u00e1 dos veces al a\u00f1o con car\u00e1cter ordinario y de ella depender\u00e1n el presupuesto anual y las actividades programadas.<\/p>\n<p>Por su parte, la Junta Directiva es el \u00f3rgano ejecutivo de la asociaci\u00f3n y ejercer\u00e1 la representaci\u00f3n, direcci\u00f3n y administraci\u00f3n de la misma.<\/p>\n<p>Estar\u00e1 integrada por cuatro miembros, entre los que Aar\u00f3n Sanz, el actual presidente del Colegio de Aparejadores, Arquitectos T\u00e9cnicos e Ingenieros de Edificaci\u00f3n de Guadalajara (COAATIE), ostentar\u00e1 el cargo de presidente; Concepci\u00f3n S\u00e1nchez Montero, presidenta del Colegio de Farmace\u00faticos, ser\u00e1 la vicepresidenta; Julio D\u00e1maso Cuevas, presidente del Colegio de M\u00e9dicos de Guadalajara, ser\u00e1 el secretario, mientras que la tesorera ser\u00e1 Mar\u00eda C\u00e1ndida Auxiliadora Guti\u00e9rrez, presidenta del Colegio de Agentes Comerciales de Guadalajara.<\/p>\n<p>&nbsp;<\/p>\n","protected":false},"excerpt":{"rendered":"<p>Un total de 12 Colegios Profesionales de la provincia de Guadalajara han constituido y fundado la llamada\u00a0Uni\u00f3n Profesional de la provincia de Guadalajara, una asociaci\u00f3n intercolegial que se ha venido gestando en los \u00faltimos meses y que ha contado con varias reuniones de trabajo previas. El pasado martes, 2 de julio, los representantes de estos [&hellip;]<\/p>\n","protected":false},"author":1,"featured_media":1033769,"comment_status":"closed","ping_status":"closed","sticky":false,"template":"","format":"standard","meta":{"footnotes":""},"categories":[219],"tags":[],"class_list":["post-1033768","post","type-post","status-publish","format-standard","has-post-thumbnail","hentry","category-negocios-y-empresas"],"aioseo_notices":[],"aioseo_head":"\n\t\t<!-- All in One SEO Pro 4.9.6.2 - aioseo.com -->\n\t<meta name=\"description\" content=\"Un total de 12 Colegios Profesionales de la provincia de Guadalajara han constituido y fundado la llamada Uni\u00f3n Profesional de la provincia de Guadalajara, una asociaci\u00f3n intercolegial que se ha venido gestando en los \u00faltimos meses y que ha contado con varias reuniones de trabajo previas. El pasado martes, 2 de julio, los representantes de estos\" \/>\n\t<meta name=\"robots\" content=\"max-image-preview:large\" \/>\n\t<meta name=\"author\" content=\"El Digital de Asturias\"\/>\n\t<meta name=\"google-site-verification\" content=\"UA-38556648-1\" \/>\n\t<meta name=\"msvalidate.01\" content=\"7dfe9f3f1b24437ab69f4f2559babe99\" \/>\n\t<meta name=\"keywords\" content=\"negocios y empresas\" \/>\n\t<link rel=\"canonical\" href=\"https:\/\/www.eldigitaldeasturias.com\/noticias\/la-union-profesional-de-guadalajara-arranca-su-andadura\/\" \/>\n\t<meta name=\"generator\" content=\"All in One SEO Pro (AIOSEO) 4.9.6.2\" \/>\n\t\t<meta property=\"og:locale\" content=\"es_ES\" \/>\n\t\t<meta property=\"og:site_name\" content=\"El Digital de Asturias\" \/>\n\t\t<meta property=\"og:type\" content=\"article\" \/>\n\t\t<meta property=\"og:title\" content=\"La Uni\u00f3n Profesional de Guadalajara arranca su andadura - El Digital de Asturias\" \/>\n\t\t<meta property=\"og:description\" content=\"Un total de 12 Colegios Profesionales de la provincia de Guadalajara han constituido y fundado la llamada Uni\u00f3n Profesional de la provincia de Guadalajara, una asociaci\u00f3n intercolegial que se ha venido gestando en los \u00faltimos meses y que ha contado con varias reuniones de trabajo previas. El pasado martes, 2 de julio, los representantes de estos\" \/>\n\t\t<meta property=\"og:url\" content=\"https:\/\/www.eldigitaldeasturias.com\/noticias\/la-union-profesional-de-guadalajara-arranca-su-andadura\/\" \/>\n\t\t<meta property=\"og:image\" content=\"https:\/\/www.eldigitaldeasturias.com\/noticias\/wp-content\/uploads\/2019\/07\/1562250400_union_profesional_guadalajara_7.jpg\" \/>\n\t\t<meta property=\"og:image:secure_url\" content=\"https:\/\/www.eldigitaldeasturias.com\/noticias\/wp-content\/uploads\/2019\/07\/1562250400_union_profesional_guadalajara_7.jpg\" \/>\n\t\t<meta property=\"og:image:width\" content=\"2000\" \/>\n\t\t<meta property=\"og:image:height\" content=\"1333\" \/>\n\t\t<meta property=\"article:tag\" content=\"negocios y empresas\" \/>\n\t\t<meta property=\"article:published_time\" content=\"2019-07-04T18:31:00+00:00\" \/>\n\t\t<meta property=\"article:modified_time\" content=\"2019-07-04T18:31:00+00:00\" \/>\n\t\t<meta property=\"article:publisher\" content=\"https:\/\/facebook.com\/eldigitaldeasturias\" \/>\n\t\t<meta name=\"twitter:card\" content=\"summary_large_image\" \/>\n\t\t<meta name=\"twitter:title\" content=\"La Uni\u00f3n Profesional de Guadalajara arranca su andadura - El Digital de Asturias\" \/>\n\t\t<meta name=\"twitter:description\" content=\"Un total de 12 Colegios Profesionales de la provincia de Guadalajara han constituido y fundado la llamada Uni\u00f3n Profesional de la provincia de Guadalajara, una asociaci\u00f3n intercolegial que se ha venido gestando en los \u00faltimos meses y que ha contado con varias reuniones de trabajo previas. El pasado martes, 2 de julio, los representantes de estos\" \/>\n\t\t<meta name=\"twitter:image\" content=\"https:\/\/www.eldigitaldeasturias.com\/noticias\/wp-content\/uploads\/2019\/07\/1562250400_union_profesional_guadalajara_7.jpg\" \/>\n\t\t<meta name=\"twitter:label1\" content=\"Escrito por\" \/>\n\t\t<meta name=\"twitter:data1\" content=\"El Digital de Asturias\" \/>\n\t\t<meta name=\"twitter:label2\" content=\"Tiempo de lectura estimado\" \/>\n\t\t<meta name=\"twitter:data2\" content=\"4 minutos\" \/>\n\t\t<script type=\"application\/ld+json\" class=\"aioseo-schema\">\n\t\t\t{\"@context\":\"https:\\\/\\\/schema.org\",\"@graph\":[{\"@type\":\"BlogPosting\",\"@id\":\"https:\\\/\\\/www.eldigitaldeasturias.com\\\/noticias\\\/la-union-profesional-de-guadalajara-arranca-su-andadura\\\/#blogposting\",\"name\":\"La Uni\\u00f3n Profesional de Guadalajara arranca su andadura - El Digital de Asturias\",\"headline\":\"La Uni\\u00f3n Profesional de Guadalajara arranca su andadura\",\"author\":{\"@id\":\"https:\\\/\\\/www.eldigitaldeasturias.com\\\/noticias\\\/author\\\/admin\\\/#author\"},\"publisher\":{\"@id\":\"https:\\\/\\\/www.eldigitaldeasturias.com\\\/noticias\\\/#organization\"},\"image\":{\"@type\":\"ImageObject\",\"url\":\"https:\\\/\\\/www.eldigitaldeasturias.com\\\/noticias\\\/wp-content\\\/uploads\\\/2019\\\/07\\\/1562250400_union_profesional_guadalajara_7.jpg\",\"width\":2000,\"height\":1333},\"datePublished\":\"2019-07-04T18:31:00+02:00\",\"dateModified\":\"2019-07-04T18:31:00+02:00\",\"inLanguage\":\"es-ES\",\"mainEntityOfPage\":{\"@id\":\"https:\\\/\\\/www.eldigitaldeasturias.com\\\/noticias\\\/la-union-profesional-de-guadalajara-arranca-su-andadura\\\/#webpage\"},\"isPartOf\":{\"@id\":\"https:\\\/\\\/www.eldigitaldeasturias.com\\\/noticias\\\/la-union-profesional-de-guadalajara-arranca-su-andadura\\\/#webpage\"},\"articleSection\":\"Negocios y Empresas\"},{\"@type\":\"BreadcrumbList\",\"@id\":\"https:\\\/\\\/www.eldigitaldeasturias.com\\\/noticias\\\/la-union-profesional-de-guadalajara-arranca-su-andadura\\\/#breadcrumblist\",\"itemListElement\":[{\"@type\":\"ListItem\",\"@id\":\"https:\\\/\\\/www.eldigitaldeasturias.com\\\/noticias#listItem\",\"position\":1,\"name\":\"Home\",\"item\":\"https:\\\/\\\/www.eldigitaldeasturias.com\\\/noticias\",\"nextItem\":{\"@type\":\"ListItem\",\"@id\":\"https:\\\/\\\/www.eldigitaldeasturias.com\\\/noticias\\\/category\\\/negocios-y-empresas\\\/#listItem\",\"name\":\"Negocios y Empresas\"}},{\"@type\":\"ListItem\",\"@id\":\"https:\\\/\\\/www.eldigitaldeasturias.com\\\/noticias\\\/category\\\/negocios-y-empresas\\\/#listItem\",\"position\":2,\"name\":\"Negocios y Empresas\",\"item\":\"https:\\\/\\\/www.eldigitaldeasturias.com\\\/noticias\\\/category\\\/negocios-y-empresas\\\/\",\"nextItem\":{\"@type\":\"ListItem\",\"@id\":\"https:\\\/\\\/www.eldigitaldeasturias.com\\\/noticias\\\/la-union-profesional-de-guadalajara-arranca-su-andadura\\\/#listItem\",\"name\":\"La Uni\\u00f3n Profesional de Guadalajara arranca su andadura\"},\"previousItem\":{\"@type\":\"ListItem\",\"@id\":\"https:\\\/\\\/www.eldigitaldeasturias.com\\\/noticias#listItem\",\"name\":\"Home\"}},{\"@type\":\"ListItem\",\"@id\":\"https:\\\/\\\/www.eldigitaldeasturias.com\\\/noticias\\\/la-union-profesional-de-guadalajara-arranca-su-andadura\\\/#listItem\",\"position\":3,\"name\":\"La Uni\\u00f3n Profesional de Guadalajara arranca su andadura\",\"previousItem\":{\"@type\":\"ListItem\",\"@id\":\"https:\\\/\\\/www.eldigitaldeasturias.com\\\/noticias\\\/category\\\/negocios-y-empresas\\\/#listItem\",\"name\":\"Negocios y Empresas\"}}]},{\"@type\":\"Organization\",\"@id\":\"https:\\\/\\\/www.eldigitaldeasturias.com\\\/noticias\\\/#organization\",\"name\":\"El Digital de Asturias\",\"description\":\"Hemeroteca\",\"url\":\"https:\\\/\\\/www.eldigitaldeasturias.com\\\/noticias\\\/\",\"email\":\"info@eldigitaldeasturias.com\",\"telephone\":\"+34652131393\",\"logo\":{\"@type\":\"ImageObject\",\"url\":\"https:\\\/\\\/www.eldigitaldeasturias.com\\\/noticias\\\/wp-content\\\/uploads\\\/2020\\\/12\\\/EDA.jpg\",\"@id\":\"https:\\\/\\\/www.eldigitaldeasturias.com\\\/noticias\\\/la-union-profesional-de-guadalajara-arranca-su-andadura\\\/#organizationLogo\",\"width\":649,\"height\":297},\"image\":{\"@id\":\"https:\\\/\\\/www.eldigitaldeasturias.com\\\/noticias\\\/la-union-profesional-de-guadalajara-arranca-su-andadura\\\/#organizationLogo\"},\"sameAs\":[\"https:\\\/\\\/facebook.com\\\/eldigitaldeasturias\",\"https:\\\/\\\/www.youtube.com\\\/channel\\\/UCZP-2wLEB9Rv6erhFmqVnvg\"],\"address\":{\"@id\":\"https:\\\/\\\/www.eldigitaldeasturias.com\\\/noticias\\\/#postaladdress\",\"@type\":\"PostalAddress\",\"streetAddress\":\"san antonio 4,\",\"postalCode\":\"33430\",\"addressLocality\":\"Cand\\u00e1s\",\"addressRegion\":\"Asturias\",\"addressCountry\":\"ES\"}},{\"@type\":\"Person\",\"@id\":\"https:\\\/\\\/www.eldigitaldeasturias.com\\\/noticias\\\/author\\\/admin\\\/#author\",\"url\":\"https:\\\/\\\/www.eldigitaldeasturias.com\\\/noticias\\\/author\\\/admin\\\/\",\"name\":\"El Digital de Asturias\",\"image\":{\"@type\":\"ImageObject\",\"@id\":\"https:\\\/\\\/www.eldigitaldeasturias.com\\\/noticias\\\/la-union-profesional-de-guadalajara-arranca-su-andadura\\\/#authorImage\",\"url\":\"https:\\\/\\\/www.eldigitaldeasturias.com\\\/noticias\\\/wp-content\\\/litespeed\\\/avatar\\\/18677e78aa0546b92d9dbf31ec7d7668.jpg?ver=1777290358\",\"width\":96,\"height\":96,\"caption\":\"El Digital de Asturias\"}},{\"@type\":\"WebPage\",\"@id\":\"https:\\\/\\\/www.eldigitaldeasturias.com\\\/noticias\\\/la-union-profesional-de-guadalajara-arranca-su-andadura\\\/#webpage\",\"url\":\"https:\\\/\\\/www.eldigitaldeasturias.com\\\/noticias\\\/la-union-profesional-de-guadalajara-arranca-su-andadura\\\/\",\"name\":\"La Uni\\u00f3n Profesional de Guadalajara arranca su andadura - El Digital de Asturias\",\"description\":\"Un total de 12 Colegios Profesionales de la provincia de Guadalajara han constituido y fundado la llamada Uni\\u00f3n Profesional de la provincia de Guadalajara, una asociaci\\u00f3n intercolegial que se ha venido gestando en los \\u00faltimos meses y que ha contado con varias reuniones de trabajo previas. El pasado martes, 2 de julio, los representantes de estos\",\"inLanguage\":\"es-ES\",\"isPartOf\":{\"@id\":\"https:\\\/\\\/www.eldigitaldeasturias.com\\\/noticias\\\/#website\"},\"breadcrumb\":{\"@id\":\"https:\\\/\\\/www.eldigitaldeasturias.com\\\/noticias\\\/la-union-profesional-de-guadalajara-arranca-su-andadura\\\/#breadcrumblist\"},\"author\":{\"@id\":\"https:\\\/\\\/www.eldigitaldeasturias.com\\\/noticias\\\/author\\\/admin\\\/#author\"},\"creator\":{\"@id\":\"https:\\\/\\\/www.eldigitaldeasturias.com\\\/noticias\\\/author\\\/admin\\\/#author\"},\"image\":{\"@type\":\"ImageObject\",\"url\":\"https:\\\/\\\/www.eldigitaldeasturias.com\\\/noticias\\\/wp-content\\\/uploads\\\/2019\\\/07\\\/1562250400_union_profesional_guadalajara_7.jpg\",\"@id\":\"https:\\\/\\\/www.eldigitaldeasturias.com\\\/noticias\\\/la-union-profesional-de-guadalajara-arranca-su-andadura\\\/#mainImage\",\"width\":2000,\"height\":1333},\"primaryImageOfPage\":{\"@id\":\"https:\\\/\\\/www.eldigitaldeasturias.com\\\/noticias\\\/la-union-profesional-de-guadalajara-arranca-su-andadura\\\/#mainImage\"},\"datePublished\":\"2019-07-04T18:31:00+02:00\",\"dateModified\":\"2019-07-04T18:31:00+02:00\"},{\"@type\":\"WebSite\",\"@id\":\"https:\\\/\\\/www.eldigitaldeasturias.com\\\/noticias\\\/#website\",\"url\":\"https:\\\/\\\/www.eldigitaldeasturias.com\\\/noticias\\\/\",\"name\":\"El Digital de Asturias - Diario de actualidad y noticias\",\"alternateName\":\"El Digital de Asturias - Diario de actualidad y noticias\",\"description\":\"Hemeroteca\",\"inLanguage\":\"es-ES\",\"publisher\":{\"@id\":\"https:\\\/\\\/www.eldigitaldeasturias.com\\\/noticias\\\/#organization\"}}]}\n\t\t<\/script>\n\t\t<!-- All in One SEO Pro -->\r\n\t\t<title>La Uni\u00f3n Profesional de Guadalajara arranca su andadura - El Digital de Asturias<\/title>\n\n","aioseo_head_json":{"title":"La Uni\u00f3n Profesional de Guadalajara arranca su andadura - El Digital de Asturias","description":"Un total de 12 Colegios Profesionales de la provincia de Guadalajara han constituido y fundado la llamada Uni\u00f3n Profesional de la provincia de Guadalajara, una asociaci\u00f3n intercolegial que se ha venido gestando en los \u00faltimos meses y que ha contado con varias reuniones de trabajo previas. El pasado martes, 2 de julio, los representantes de estos","canonical_url":"https:\/\/www.eldigitaldeasturias.com\/noticias\/la-union-profesional-de-guadalajara-arranca-su-andadura\/","robots":"max-image-preview:large","keywords":"negocios y empresas","webmasterTools":{"google-site-verification":"UA-38556648-1","msvalidate.01":"7dfe9f3f1b24437ab69f4f2559babe99","miscellaneous":""},"schema":{"@context":"https:\/\/schema.org","@graph":[{"@type":"BlogPosting","@id":"https:\/\/www.eldigitaldeasturias.com\/noticias\/la-union-profesional-de-guadalajara-arranca-su-andadura\/#blogposting","name":"La Uni\u00f3n Profesional de Guadalajara arranca su andadura - El Digital de Asturias","headline":"La Uni\u00f3n Profesional de Guadalajara arranca su andadura","author":{"@id":"https:\/\/www.eldigitaldeasturias.com\/noticias\/author\/admin\/#author"},"publisher":{"@id":"https:\/\/www.eldigitaldeasturias.com\/noticias\/#organization"},"image":{"@type":"ImageObject","url":"https:\/\/www.eldigitaldeasturias.com\/noticias\/wp-content\/uploads\/2019\/07\/1562250400_union_profesional_guadalajara_7.jpg","width":2000,"height":1333},"datePublished":"2019-07-04T18:31:00+02:00","dateModified":"2019-07-04T18:31:00+02:00","inLanguage":"es-ES","mainEntityOfPage":{"@id":"https:\/\/www.eldigitaldeasturias.com\/noticias\/la-union-profesional-de-guadalajara-arranca-su-andadura\/#webpage"},"isPartOf":{"@id":"https:\/\/www.eldigitaldeasturias.com\/noticias\/la-union-profesional-de-guadalajara-arranca-su-andadura\/#webpage"},"articleSection":"Negocios y Empresas"},{"@type":"BreadcrumbList","@id":"https:\/\/www.eldigitaldeasturias.com\/noticias\/la-union-profesional-de-guadalajara-arranca-su-andadura\/#breadcrumblist","itemListElement":[{"@type":"ListItem","@id":"https:\/\/www.eldigitaldeasturias.com\/noticias#listItem","position":1,"name":"Home","item":"https:\/\/www.eldigitaldeasturias.com\/noticias","nextItem":{"@type":"ListItem","@id":"https:\/\/www.eldigitaldeasturias.com\/noticias\/category\/negocios-y-empresas\/#listItem","name":"Negocios y Empresas"}},{"@type":"ListItem","@id":"https:\/\/www.eldigitaldeasturias.com\/noticias\/category\/negocios-y-empresas\/#listItem","position":2,"name":"Negocios y Empresas","item":"https:\/\/www.eldigitaldeasturias.com\/noticias\/category\/negocios-y-empresas\/","nextItem":{"@type":"ListItem","@id":"https:\/\/www.eldigitaldeasturias.com\/noticias\/la-union-profesional-de-guadalajara-arranca-su-andadura\/#listItem","name":"La Uni\u00f3n Profesional de Guadalajara arranca su andadura"},"previousItem":{"@type":"ListItem","@id":"https:\/\/www.eldigitaldeasturias.com\/noticias#listItem","name":"Home"}},{"@type":"ListItem","@id":"https:\/\/www.eldigitaldeasturias.com\/noticias\/la-union-profesional-de-guadalajara-arranca-su-andadura\/#listItem","position":3,"name":"La Uni\u00f3n Profesional de Guadalajara arranca su andadura","previousItem":{"@type":"ListItem","@id":"https:\/\/www.eldigitaldeasturias.com\/noticias\/category\/negocios-y-empresas\/#listItem","name":"Negocios y Empresas"}}]},{"@type":"Organization","@id":"https:\/\/www.eldigitaldeasturias.com\/noticias\/#organization","name":"El Digital de Asturias","description":"Hemeroteca","url":"https:\/\/www.eldigitaldeasturias.com\/noticias\/","email":"info@eldigitaldeasturias.com","telephone":"+34652131393","logo":{"@type":"ImageObject","url":"https:\/\/www.eldigitaldeasturias.com\/noticias\/wp-content\/uploads\/2020\/12\/EDA.jpg","@id":"https:\/\/www.eldigitaldeasturias.com\/noticias\/la-union-profesional-de-guadalajara-arranca-su-andadura\/#organizationLogo","width":649,"height":297},"image":{"@id":"https:\/\/www.eldigitaldeasturias.com\/noticias\/la-union-profesional-de-guadalajara-arranca-su-andadura\/#organizationLogo"},"sameAs":["https:\/\/facebook.com\/eldigitaldeasturias","https:\/\/www.youtube.com\/channel\/UCZP-2wLEB9Rv6erhFmqVnvg"],"address":{"@id":"https:\/\/www.eldigitaldeasturias.com\/noticias\/#postaladdress","@type":"PostalAddress","streetAddress":"san antonio 4,","postalCode":"33430","addressLocality":"Cand\u00e1s","addressRegion":"Asturias","addressCountry":"ES"}},{"@type":"Person","@id":"https:\/\/www.eldigitaldeasturias.com\/noticias\/author\/admin\/#author","url":"https:\/\/www.eldigitaldeasturias.com\/noticias\/author\/admin\/","name":"El Digital de Asturias","image":{"@type":"ImageObject","@id":"https:\/\/www.eldigitaldeasturias.com\/noticias\/la-union-profesional-de-guadalajara-arranca-su-andadura\/#authorImage","url":"https:\/\/www.eldigitaldeasturias.com\/noticias\/wp-content\/litespeed\/avatar\/18677e78aa0546b92d9dbf31ec7d7668.jpg?ver=1777290358","width":96,"height":96,"caption":"El Digital de Asturias"}},{"@type":"WebPage","@id":"https:\/\/www.eldigitaldeasturias.com\/noticias\/la-union-profesional-de-guadalajara-arranca-su-andadura\/#webpage","url":"https:\/\/www.eldigitaldeasturias.com\/noticias\/la-union-profesional-de-guadalajara-arranca-su-andadura\/","name":"La Uni\u00f3n Profesional de Guadalajara arranca su andadura - El Digital de Asturias","description":"Un total de 12 Colegios Profesionales de la provincia de Guadalajara han constituido y fundado la llamada Uni\u00f3n Profesional de la provincia de Guadalajara, una asociaci\u00f3n intercolegial que se ha venido gestando en los \u00faltimos meses y que ha contado con varias reuniones de trabajo previas. El pasado martes, 2 de julio, los representantes de estos","inLanguage":"es-ES","isPartOf":{"@id":"https:\/\/www.eldigitaldeasturias.com\/noticias\/#website"},"breadcrumb":{"@id":"https:\/\/www.eldigitaldeasturias.com\/noticias\/la-union-profesional-de-guadalajara-arranca-su-andadura\/#breadcrumblist"},"author":{"@id":"https:\/\/www.eldigitaldeasturias.com\/noticias\/author\/admin\/#author"},"creator":{"@id":"https:\/\/www.eldigitaldeasturias.com\/noticias\/author\/admin\/#author"},"image":{"@type":"ImageObject","url":"https:\/\/www.eldigitaldeasturias.com\/noticias\/wp-content\/uploads\/2019\/07\/1562250400_union_profesional_guadalajara_7.jpg","@id":"https:\/\/www.eldigitaldeasturias.com\/noticias\/la-union-profesional-de-guadalajara-arranca-su-andadura\/#mainImage","width":2000,"height":1333},"primaryImageOfPage":{"@id":"https:\/\/www.eldigitaldeasturias.com\/noticias\/la-union-profesional-de-guadalajara-arranca-su-andadura\/#mainImage"},"datePublished":"2019-07-04T18:31:00+02:00","dateModified":"2019-07-04T18:31:00+02:00"},{"@type":"WebSite","@id":"https:\/\/www.eldigitaldeasturias.com\/noticias\/#website","url":"https:\/\/www.eldigitaldeasturias.com\/noticias\/","name":"El Digital de Asturias - Diario de actualidad y noticias","alternateName":"El Digital de Asturias - Diario de actualidad y noticias","description":"Hemeroteca","inLanguage":"es-ES","publisher":{"@id":"https:\/\/www.eldigitaldeasturias.com\/noticias\/#organization"}}]},"og:locale":"es_ES","og:site_name":"El Digital de Asturias","og:type":"article","og:title":"La Uni\u00f3n Profesional de Guadalajara arranca su andadura - El Digital de Asturias","og:description":"Un total de 12 Colegios Profesionales de la provincia de Guadalajara han constituido y fundado la llamada Uni\u00f3n Profesional de la provincia de Guadalajara, una asociaci\u00f3n intercolegial que se ha venido gestando en los \u00faltimos meses y que ha contado con varias reuniones de trabajo previas. El pasado martes, 2 de julio, los representantes de estos","og:url":"https:\/\/www.eldigitaldeasturias.com\/noticias\/la-union-profesional-de-guadalajara-arranca-su-andadura\/","og:image":"https:\/\/www.eldigitaldeasturias.com\/noticias\/wp-content\/uploads\/2019\/07\/1562250400_union_profesional_guadalajara_7.jpg","og:image:secure_url":"https:\/\/www.eldigitaldeasturias.com\/noticias\/wp-content\/uploads\/2019\/07\/1562250400_union_profesional_guadalajara_7.jpg","og:image:width":2000,"og:image:height":1333,"article:tag":["negocios y empresas"],"article:published_time":"2019-07-04T18:31:00+00:00","article:modified_time":"2019-07-04T18:31:00+00:00","article:publisher":"https:\/\/facebook.com\/eldigitaldeasturias","twitter:card":"summary_large_image","twitter:title":"La Uni\u00f3n Profesional de Guadalajara arranca su andadura - El Digital de Asturias","twitter:description":"Un total de 12 Colegios Profesionales de la provincia de Guadalajara han constituido y fundado la llamada Uni\u00f3n Profesional de la provincia de Guadalajara, una asociaci\u00f3n intercolegial que se ha venido gestando en los \u00faltimos meses y que ha contado con varias reuniones de trabajo previas. El pasado martes, 2 de julio, los representantes de estos","twitter:image":"https:\/\/www.eldigitaldeasturias.com\/noticias\/wp-content\/uploads\/2019\/07\/1562250400_union_profesional_guadalajara_7.jpg","twitter:label1":"Escrito por","twitter:data1":"El Digital de Asturias","twitter:label2":"Tiempo de lectura estimado","twitter:data2":"4 minutos"},"aioseo_meta_data":{"post_id":"1033768","title":null,"description":null,"keywords":null,"keyphrases":null,"primary_term":null,"canonical_url":null,"og_title":null,"og_description":null,"og_object_type":"default","og_image_type":"default","og_image_url":null,"og_image_width":null,"og_image_height":null,"og_image_custom_url":null,"og_image_custom_fields":null,"og_video":null,"og_custom_url":null,"og_article_section":null,"og_article_tags":null,"twitter_use_og":false,"twitter_card":"default","twitter_image_type":"default","twitter_image_url":null,"twitter_image_custom_url":null,"twitter_image_custom_fields":null,"twitter_title":null,"twitter_description":null,"schema":{"blockGraphs":[],"customGraphs":[],"default":{"data":{"Article":[],"Course":[],"Dataset":[],"FAQPage":[],"Movie":[],"Person":[],"Product":[],"ProductReview":[],"Car":[],"Recipe":[],"Service":[],"SoftwareApplication":[],"WebPage":[]},"graphName":"","isEnabled":true},"graphs":[],"defaultGraph":"","defaultPostTypeGraph":""},"schema_type":null,"schema_type_options":null,"pillar_content":false,"robots_default":true,"robots_noindex":false,"robots_noarchive":false,"robots_nosnippet":false,"robots_nofollow":false,"robots_noimageindex":false,"robots_noodp":false,"robots_notranslate":false,"robots_max_snippet":null,"robots_max_videopreview":null,"robots_max_imagepreview":"large","priority":null,"frequency":null,"local_seo":null,"seo_analyzer_scan_date":"2025-10-22 01:15:06","breadcrumb_settings":null,"limit_modified_date":false,"open_ai":null,"ai":null,"created":"2020-12-21 11:08:38","updated":"2025-10-22 01:15:06"},"aioseo_breadcrumb":"<div class=\"aioseo-breadcrumbs\"><span class=\"aioseo-breadcrumb\">\n\t<a href=\"https:\/\/www.eldigitaldeasturias.com\/noticias\" title=\"Home\">Home<\/a>\n<\/span><span class=\"aioseo-breadcrumb-separator\">\u2013<\/span><span class=\"aioseo-breadcrumb\">\n\t<a href=\"https:\/\/www.eldigitaldeasturias.com\/noticias\/category\/negocios-y-empresas\/\" title=\"Negocios y Empresas\">Negocios y Empresas<\/a>\n<\/span><span class=\"aioseo-breadcrumb-separator\">\u2013<\/span><span class=\"aioseo-breadcrumb\">\n\t<a href=\"https:\/\/www.eldigitaldeasturias.com\/noticias\/la-union-profesional-de-guadalajara-arranca-su-andadura\/\" title=\"La Uni\u00f3n Profesional de Guadalajara arranca su andadura\">La Uni\u00f3n Profesional de Guadalajara arranca su andadura<\/a>\n<\/span><\/div>","aioseo_breadcrumb_json":[{"label":"Home","link":"https:\/\/www.eldigitaldeasturias.com\/noticias"},{"label":"Negocios y Empresas","link":"https:\/\/www.eldigitaldeasturias.com\/noticias\/category\/negocios-y-empresas\/"},{"label":"La Uni\u00f3n Profesional de Guadalajara arranca su andadura","link":"https:\/\/www.eldigitaldeasturias.com\/noticias\/la-union-profesional-de-guadalajara-arranca-su-andadura\/"}],"_links":{"self":[{"href":"https:\/\/www.eldigitaldeasturias.com\/noticias\/wp-json\/wp\/v2\/posts\/1033768","targetHints":{"allow":["GET"]}}],"collection":[{"href":"https:\/\/www.eldigitaldeasturias.com\/noticias\/wp-json\/wp\/v2\/posts"}],"about":[{"href":"https:\/\/www.eldigitaldeasturias.com\/noticias\/wp-json\/wp\/v2\/types\/post"}],"author":[{"embeddable":true,"href":"https:\/\/www.eldigitaldeasturias.com\/noticias\/wp-json\/wp\/v2\/users\/1"}],"replies":[{"embeddable":true,"href":"https:\/\/www.eldigitaldeasturias.com\/noticias\/wp-json\/wp\/v2\/comments?post=1033768"}],"version-history":[{"count":0,"href":"https:\/\/www.eldigitaldeasturias.com\/noticias\/wp-json\/wp\/v2\/posts\/1033768\/revisions"}],"wp:featuredmedia":[{"embeddable":true,"href":"https:\/\/www.eldigitaldeasturias.com\/noticias\/wp-json\/wp\/v2\/media\/1033769"}],"wp:attachment":[{"href":"https:\/\/www.eldigitaldeasturias.com\/noticias\/wp-json\/wp\/v2\/media?parent=1033768"}],"wp:term":[{"taxonomy":"category","embeddable":true,"href":"https:\/\/www.eldigitaldeasturias.com\/noticias\/wp-json\/wp\/v2\/categories?post=1033768"},{"taxonomy":"post_tag","embeddable":true,"href":"https:\/\/www.eldigitaldeasturias.com\/noticias\/wp-json\/wp\/v2\/tags?post=1033768"}],"curies":[{"name":"wp","href":"https:\/\/api.w.org\/{rel}","templated":true}]}}