{"id":1033739,"date":"2019-07-04T16:32:07","date_gmt":"2019-07-04T16:32:07","guid":{"rendered":"https:\/\/www.eldigitaldeasturias.com\/noticias\/?p=1033739"},"modified":"2019-07-04T16:32:07","modified_gmt":"2019-07-04T16:32:07","slug":"instituto-ifo-mas-trabajo-a-tiempo-parcial-en-la-industria-alemana","status":"publish","type":"post","link":"https:\/\/www.eldigitaldeasturias.com\/noticias\/instituto-ifo-mas-trabajo-a-tiempo-parcial-en-la-industria-alemana\/","title":{"rendered":"Instituto Ifo: M\u00e1s trabajo a tiempo parcial en la industria alemana"},"content":{"rendered":"<p><img loading=\"lazy\" decoding=\"async\" class=\"alignleft size-medium wp-image-1013387\" src=\"https:\/\/www.eldigitaldeasturias.com\/noticias\/wp-content\/uploads\/2019\/01\/work-791218_960_720-360x240.jpg\" alt=\"\" width=\"360\" height=\"240\" srcset=\"https:\/\/www.eldigitaldeasturias.com\/noticias\/wp-content\/uploads\/2019\/01\/work-791218_960_720-360x240.jpg 360w, https:\/\/www.eldigitaldeasturias.com\/noticias\/wp-content\/uploads\/2019\/01\/work-791218_960_720-768x512.jpg 768w, https:\/\/www.eldigitaldeasturias.com\/noticias\/wp-content\/uploads\/2019\/01\/work-791218_960_720-650x433.jpg 650w, https:\/\/www.eldigitaldeasturias.com\/noticias\/wp-content\/uploads\/2019\/01\/work-791218_960_720.jpg 960w\" sizes=\"auto, (max-width: 360px) 100vw, 360px\" \/>M\u00fanich, 4 jul (dpa) \u2013 Cada vez m\u00e1s empresas industriales alemanas ofrecen puestos de trabajo a tiempo parcial, seg\u00fan revela una encuesta del Instituto de investigaci\u00f3n econ\u00f3mica Ifo de M\u00fanich hecha p\u00fablica hoy.<\/p>\n<p>El estudio constata que el 3,8 por ciento de las empresas del sector ya emplean a trabajadores a tiempo parcial, mientras que el 8,5 por ciento espera optar por esta modalidad en los pr\u00f3ximos tres meses. Este es el \u00edndice m\u00e1s alto desde 2013.<\/p>\n<p>\u00abLa desaceleraci\u00f3n econ\u00f3mica est\u00e1 dejando su impronta en el mercado laboral\u00bb, explic\u00f3 el profesor Timo Wollmersh\u00e4user, responsable de previsiones econ\u00f3micas de Ifo.<\/p>\n<p>\u00abLa industria alemana est\u00e1 en recesi\u00f3n desde mediados del a\u00f1o pasado\u00bb, se\u00f1al\u00f3 el experto y acot\u00f3 que el trabajo a tiempo parcial ayuda a mantener a los trabajadores cualificados en tiempos dif\u00edciles.<\/p>\n<p>Si una empresa tiene que reducir sus horas de trabajo debido a la falta de pedidos, por ejemplo, la Agencia Federal de Empleo de Alemania paga prestaciones por jornada reducida a trabajadores asalariados. De este modo se evitan los despidos y se compensa parcialmente la p\u00e9rdida de ingresos.<\/p>\n","protected":false},"excerpt":{"rendered":"<p>M\u00fanich, 4 jul (dpa) \u2013 Cada vez m\u00e1s empresas industriales alemanas ofrecen puestos de trabajo a tiempo parcial, seg\u00fan revela una encuesta del Instituto de investigaci\u00f3n econ\u00f3mica Ifo de M\u00fanich hecha p\u00fablica hoy. El estudio constata que el 3,8 por ciento de las empresas del sector ya emplean a trabajadores a tiempo parcial, mientras que [&hellip;]<\/p>\n","protected":false},"author":1,"featured_media":1013387,"comment_status":"closed","ping_status":"closed","sticky":false,"template":"","format":"standard","meta":{"footnotes":""},"categories":[219],"tags":[],"class_list":["post-1033739","post","type-post","status-publish","format-standard","has-post-thumbnail","hentry","category-negocios-y-empresas"],"aioseo_notices":[],"aioseo_head":"\n\t\t<!-- All in One SEO Pro 4.9.6.2 - aioseo.com -->\n\t<meta name=\"description\" content=\"M\u00fanich, 4 jul (dpa) \u2013 Cada vez m\u00e1s empresas industriales alemanas ofrecen puestos de trabajo a tiempo parcial, seg\u00fan revela una encuesta del Instituto de investigaci\u00f3n econ\u00f3mica Ifo de M\u00fanich hecha p\u00fablica hoy. El estudio constata que el 3,8 por ciento de las empresas del sector ya emplean a trabajadores a tiempo parcial, mientras que\" \/>\n\t<meta name=\"robots\" content=\"max-image-preview:large\" \/>\n\t<meta name=\"author\" content=\"El Digital de Asturias\"\/>\n\t<meta name=\"google-site-verification\" content=\"UA-38556648-1\" \/>\n\t<meta name=\"msvalidate.01\" content=\"7dfe9f3f1b24437ab69f4f2559babe99\" \/>\n\t<meta name=\"keywords\" content=\"negocios y empresas\" \/>\n\t<link rel=\"canonical\" href=\"https:\/\/www.eldigitaldeasturias.com\/noticias\/instituto-ifo-mas-trabajo-a-tiempo-parcial-en-la-industria-alemana\/\" \/>\n\t<meta name=\"generator\" content=\"All in One SEO Pro (AIOSEO) 4.9.6.2\" \/>\n\t\t<meta property=\"og:locale\" content=\"es_ES\" \/>\n\t\t<meta property=\"og:site_name\" content=\"El Digital de Asturias\" \/>\n\t\t<meta property=\"og:type\" content=\"article\" \/>\n\t\t<meta property=\"og:title\" content=\"Instituto Ifo: M\u00e1s trabajo a tiempo parcial en la industria alemana - El Digital de Asturias\" \/>\n\t\t<meta property=\"og:description\" content=\"M\u00fanich, 4 jul (dpa) \u2013 Cada vez m\u00e1s empresas industriales alemanas ofrecen puestos de trabajo a tiempo parcial, seg\u00fan revela una encuesta del Instituto de investigaci\u00f3n econ\u00f3mica Ifo de M\u00fanich hecha p\u00fablica hoy. El estudio constata que el 3,8 por ciento de las empresas del sector ya emplean a trabajadores a tiempo parcial, mientras que\" \/>\n\t\t<meta property=\"og:url\" content=\"https:\/\/www.eldigitaldeasturias.com\/noticias\/instituto-ifo-mas-trabajo-a-tiempo-parcial-en-la-industria-alemana\/\" \/>\n\t\t<meta property=\"og:image\" content=\"https:\/\/www.eldigitaldeasturias.com\/noticias\/wp-content\/uploads\/2019\/01\/work-791218_960_720.jpg\" \/>\n\t\t<meta property=\"og:image:secure_url\" content=\"https:\/\/www.eldigitaldeasturias.com\/noticias\/wp-content\/uploads\/2019\/01\/work-791218_960_720.jpg\" \/>\n\t\t<meta property=\"og:image:width\" content=\"960\" \/>\n\t\t<meta property=\"og:image:height\" content=\"640\" \/>\n\t\t<meta property=\"article:tag\" content=\"negocios y empresas\" \/>\n\t\t<meta property=\"article:published_time\" content=\"2019-07-04T16:32:07+00:00\" \/>\n\t\t<meta property=\"article:modified_time\" content=\"2019-07-04T16:32:07+00:00\" \/>\n\t\t<meta property=\"article:publisher\" content=\"https:\/\/facebook.com\/eldigitaldeasturias\" \/>\n\t\t<meta name=\"twitter:card\" content=\"summary_large_image\" \/>\n\t\t<meta name=\"twitter:title\" content=\"Instituto Ifo: M\u00e1s trabajo a tiempo parcial en la industria alemana - El Digital de Asturias\" \/>\n\t\t<meta name=\"twitter:description\" content=\"M\u00fanich, 4 jul (dpa) \u2013 Cada vez m\u00e1s empresas industriales alemanas ofrecen puestos de trabajo a tiempo parcial, seg\u00fan revela una encuesta del Instituto de investigaci\u00f3n econ\u00f3mica Ifo de M\u00fanich hecha p\u00fablica hoy. El estudio constata que el 3,8 por ciento de las empresas del sector ya emplean a trabajadores a tiempo parcial, mientras que\" \/>\n\t\t<meta name=\"twitter:image\" content=\"https:\/\/www.eldigitaldeasturias.com\/noticias\/wp-content\/uploads\/2019\/01\/work-791218_960_720.jpg\" \/>\n\t\t<meta name=\"twitter:label1\" content=\"Escrito por\" \/>\n\t\t<meta name=\"twitter:data1\" content=\"El Digital de Asturias\" \/>\n\t\t<meta name=\"twitter:label2\" content=\"Tiempo de lectura estimado\" \/>\n\t\t<meta name=\"twitter:data2\" content=\"1 minuto\" \/>\n\t\t<script type=\"application\/ld+json\" class=\"aioseo-schema\">\n\t\t\t{\"@context\":\"https:\\\/\\\/schema.org\",\"@graph\":[{\"@type\":\"BlogPosting\",\"@id\":\"https:\\\/\\\/www.eldigitaldeasturias.com\\\/noticias\\\/instituto-ifo-mas-trabajo-a-tiempo-parcial-en-la-industria-alemana\\\/#blogposting\",\"name\":\"Instituto Ifo: M\\u00e1s trabajo a tiempo parcial en la industria alemana - El Digital de Asturias\",\"headline\":\"Instituto Ifo: M\\u00e1s trabajo a tiempo parcial en la industria alemana\",\"author\":{\"@id\":\"https:\\\/\\\/www.eldigitaldeasturias.com\\\/noticias\\\/author\\\/admin\\\/#author\"},\"publisher\":{\"@id\":\"https:\\\/\\\/www.eldigitaldeasturias.com\\\/noticias\\\/#organization\"},\"image\":{\"@type\":\"ImageObject\",\"url\":\"https:\\\/\\\/www.eldigitaldeasturias.com\\\/noticias\\\/wp-content\\\/uploads\\\/2019\\\/01\\\/work-791218_960_720.jpg\",\"width\":960,\"height\":640,\"caption\":\"Empleo\"},\"datePublished\":\"2019-07-04T16:32:07+02:00\",\"dateModified\":\"2019-07-04T16:32:07+02:00\",\"inLanguage\":\"es-ES\",\"mainEntityOfPage\":{\"@id\":\"https:\\\/\\\/www.eldigitaldeasturias.com\\\/noticias\\\/instituto-ifo-mas-trabajo-a-tiempo-parcial-en-la-industria-alemana\\\/#webpage\"},\"isPartOf\":{\"@id\":\"https:\\\/\\\/www.eldigitaldeasturias.com\\\/noticias\\\/instituto-ifo-mas-trabajo-a-tiempo-parcial-en-la-industria-alemana\\\/#webpage\"},\"articleSection\":\"Negocios y Empresas\"},{\"@type\":\"BreadcrumbList\",\"@id\":\"https:\\\/\\\/www.eldigitaldeasturias.com\\\/noticias\\\/instituto-ifo-mas-trabajo-a-tiempo-parcial-en-la-industria-alemana\\\/#breadcrumblist\",\"itemListElement\":[{\"@type\":\"ListItem\",\"@id\":\"https:\\\/\\\/www.eldigitaldeasturias.com\\\/noticias#listItem\",\"position\":1,\"name\":\"Home\",\"item\":\"https:\\\/\\\/www.eldigitaldeasturias.com\\\/noticias\",\"nextItem\":{\"@type\":\"ListItem\",\"@id\":\"https:\\\/\\\/www.eldigitaldeasturias.com\\\/noticias\\\/category\\\/negocios-y-empresas\\\/#listItem\",\"name\":\"Negocios y Empresas\"}},{\"@type\":\"ListItem\",\"@id\":\"https:\\\/\\\/www.eldigitaldeasturias.com\\\/noticias\\\/category\\\/negocios-y-empresas\\\/#listItem\",\"position\":2,\"name\":\"Negocios y Empresas\",\"item\":\"https:\\\/\\\/www.eldigitaldeasturias.com\\\/noticias\\\/category\\\/negocios-y-empresas\\\/\",\"nextItem\":{\"@type\":\"ListItem\",\"@id\":\"https:\\\/\\\/www.eldigitaldeasturias.com\\\/noticias\\\/instituto-ifo-mas-trabajo-a-tiempo-parcial-en-la-industria-alemana\\\/#listItem\",\"name\":\"Instituto Ifo: M\\u00e1s trabajo a tiempo parcial en la industria alemana\"},\"previousItem\":{\"@type\":\"ListItem\",\"@id\":\"https:\\\/\\\/www.eldigitaldeasturias.com\\\/noticias#listItem\",\"name\":\"Home\"}},{\"@type\":\"ListItem\",\"@id\":\"https:\\\/\\\/www.eldigitaldeasturias.com\\\/noticias\\\/instituto-ifo-mas-trabajo-a-tiempo-parcial-en-la-industria-alemana\\\/#listItem\",\"position\":3,\"name\":\"Instituto Ifo: M\\u00e1s trabajo a tiempo parcial en la industria alemana\",\"previousItem\":{\"@type\":\"ListItem\",\"@id\":\"https:\\\/\\\/www.eldigitaldeasturias.com\\\/noticias\\\/category\\\/negocios-y-empresas\\\/#listItem\",\"name\":\"Negocios y Empresas\"}}]},{\"@type\":\"Organization\",\"@id\":\"https:\\\/\\\/www.eldigitaldeasturias.com\\\/noticias\\\/#organization\",\"name\":\"El Digital de Asturias\",\"description\":\"Hemeroteca\",\"url\":\"https:\\\/\\\/www.eldigitaldeasturias.com\\\/noticias\\\/\",\"email\":\"info@eldigitaldeasturias.com\",\"telephone\":\"+34652131393\",\"logo\":{\"@type\":\"ImageObject\",\"url\":\"https:\\\/\\\/www.eldigitaldeasturias.com\\\/noticias\\\/wp-content\\\/uploads\\\/2020\\\/12\\\/EDA.jpg\",\"@id\":\"https:\\\/\\\/www.eldigitaldeasturias.com\\\/noticias\\\/instituto-ifo-mas-trabajo-a-tiempo-parcial-en-la-industria-alemana\\\/#organizationLogo\",\"width\":649,\"height\":297},\"image\":{\"@id\":\"https:\\\/\\\/www.eldigitaldeasturias.com\\\/noticias\\\/instituto-ifo-mas-trabajo-a-tiempo-parcial-en-la-industria-alemana\\\/#organizationLogo\"},\"sameAs\":[\"https:\\\/\\\/facebook.com\\\/eldigitaldeasturias\",\"https:\\\/\\\/www.youtube.com\\\/channel\\\/UCZP-2wLEB9Rv6erhFmqVnvg\"],\"address\":{\"@id\":\"https:\\\/\\\/www.eldigitaldeasturias.com\\\/noticias\\\/#postaladdress\",\"@type\":\"PostalAddress\",\"streetAddress\":\"san antonio 4,\",\"postalCode\":\"33430\",\"addressLocality\":\"Cand\\u00e1s\",\"addressRegion\":\"Asturias\",\"addressCountry\":\"ES\"}},{\"@type\":\"Person\",\"@id\":\"https:\\\/\\\/www.eldigitaldeasturias.com\\\/noticias\\\/author\\\/admin\\\/#author\",\"url\":\"https:\\\/\\\/www.eldigitaldeasturias.com\\\/noticias\\\/author\\\/admin\\\/\",\"name\":\"El Digital de Asturias\",\"image\":{\"@type\":\"ImageObject\",\"@id\":\"https:\\\/\\\/www.eldigitaldeasturias.com\\\/noticias\\\/instituto-ifo-mas-trabajo-a-tiempo-parcial-en-la-industria-alemana\\\/#authorImage\",\"url\":\"https:\\\/\\\/www.eldigitaldeasturias.com\\\/noticias\\\/wp-content\\\/litespeed\\\/avatar\\\/18677e78aa0546b92d9dbf31ec7d7668.jpg?ver=1777290358\",\"width\":96,\"height\":96,\"caption\":\"El Digital de Asturias\"}},{\"@type\":\"WebPage\",\"@id\":\"https:\\\/\\\/www.eldigitaldeasturias.com\\\/noticias\\\/instituto-ifo-mas-trabajo-a-tiempo-parcial-en-la-industria-alemana\\\/#webpage\",\"url\":\"https:\\\/\\\/www.eldigitaldeasturias.com\\\/noticias\\\/instituto-ifo-mas-trabajo-a-tiempo-parcial-en-la-industria-alemana\\\/\",\"name\":\"Instituto Ifo: M\\u00e1s trabajo a tiempo parcial en la industria alemana - El Digital de Asturias\",\"description\":\"M\\u00fanich, 4 jul (dpa) \\u2013 Cada vez m\\u00e1s empresas industriales alemanas ofrecen puestos de trabajo a tiempo parcial, seg\\u00fan revela una encuesta del Instituto de investigaci\\u00f3n econ\\u00f3mica Ifo de M\\u00fanich hecha p\\u00fablica hoy. El estudio constata que el 3,8 por ciento de las empresas del sector ya emplean a trabajadores a tiempo parcial, mientras que\",\"inLanguage\":\"es-ES\",\"isPartOf\":{\"@id\":\"https:\\\/\\\/www.eldigitaldeasturias.com\\\/noticias\\\/#website\"},\"breadcrumb\":{\"@id\":\"https:\\\/\\\/www.eldigitaldeasturias.com\\\/noticias\\\/instituto-ifo-mas-trabajo-a-tiempo-parcial-en-la-industria-alemana\\\/#breadcrumblist\"},\"author\":{\"@id\":\"https:\\\/\\\/www.eldigitaldeasturias.com\\\/noticias\\\/author\\\/admin\\\/#author\"},\"creator\":{\"@id\":\"https:\\\/\\\/www.eldigitaldeasturias.com\\\/noticias\\\/author\\\/admin\\\/#author\"},\"image\":{\"@type\":\"ImageObject\",\"url\":\"https:\\\/\\\/www.eldigitaldeasturias.com\\\/noticias\\\/wp-content\\\/uploads\\\/2019\\\/01\\\/work-791218_960_720.jpg\",\"@id\":\"https:\\\/\\\/www.eldigitaldeasturias.com\\\/noticias\\\/instituto-ifo-mas-trabajo-a-tiempo-parcial-en-la-industria-alemana\\\/#mainImage\",\"width\":960,\"height\":640,\"caption\":\"Empleo\"},\"primaryImageOfPage\":{\"@id\":\"https:\\\/\\\/www.eldigitaldeasturias.com\\\/noticias\\\/instituto-ifo-mas-trabajo-a-tiempo-parcial-en-la-industria-alemana\\\/#mainImage\"},\"datePublished\":\"2019-07-04T16:32:07+02:00\",\"dateModified\":\"2019-07-04T16:32:07+02:00\"},{\"@type\":\"WebSite\",\"@id\":\"https:\\\/\\\/www.eldigitaldeasturias.com\\\/noticias\\\/#website\",\"url\":\"https:\\\/\\\/www.eldigitaldeasturias.com\\\/noticias\\\/\",\"name\":\"El Digital de Asturias - Diario de actualidad y noticias\",\"alternateName\":\"El Digital de Asturias - Diario de actualidad y noticias\",\"description\":\"Hemeroteca\",\"inLanguage\":\"es-ES\",\"publisher\":{\"@id\":\"https:\\\/\\\/www.eldigitaldeasturias.com\\\/noticias\\\/#organization\"}}]}\n\t\t<\/script>\n\t\t<!-- All in One SEO Pro -->\r\n\t\t<title>Instituto Ifo: M\u00e1s trabajo a tiempo parcial en la industria alemana - El Digital de Asturias<\/title>\n\n","aioseo_head_json":{"title":"Instituto Ifo: M\u00e1s trabajo a tiempo parcial en la industria alemana - El Digital de Asturias","description":"M\u00fanich, 4 jul (dpa) \u2013 Cada vez m\u00e1s empresas industriales alemanas ofrecen puestos de trabajo a tiempo parcial, seg\u00fan revela una encuesta del Instituto de investigaci\u00f3n econ\u00f3mica Ifo de M\u00fanich hecha p\u00fablica hoy. El estudio constata que el 3,8 por ciento de las empresas del sector ya emplean a trabajadores a tiempo parcial, mientras que","canonical_url":"https:\/\/www.eldigitaldeasturias.com\/noticias\/instituto-ifo-mas-trabajo-a-tiempo-parcial-en-la-industria-alemana\/","robots":"max-image-preview:large","keywords":"negocios y empresas","webmasterTools":{"google-site-verification":"UA-38556648-1","msvalidate.01":"7dfe9f3f1b24437ab69f4f2559babe99","miscellaneous":""},"schema":{"@context":"https:\/\/schema.org","@graph":[{"@type":"BlogPosting","@id":"https:\/\/www.eldigitaldeasturias.com\/noticias\/instituto-ifo-mas-trabajo-a-tiempo-parcial-en-la-industria-alemana\/#blogposting","name":"Instituto Ifo: M\u00e1s trabajo a tiempo parcial en la industria alemana - El Digital de Asturias","headline":"Instituto Ifo: M\u00e1s trabajo a tiempo parcial en la industria alemana","author":{"@id":"https:\/\/www.eldigitaldeasturias.com\/noticias\/author\/admin\/#author"},"publisher":{"@id":"https:\/\/www.eldigitaldeasturias.com\/noticias\/#organization"},"image":{"@type":"ImageObject","url":"https:\/\/www.eldigitaldeasturias.com\/noticias\/wp-content\/uploads\/2019\/01\/work-791218_960_720.jpg","width":960,"height":640,"caption":"Empleo"},"datePublished":"2019-07-04T16:32:07+02:00","dateModified":"2019-07-04T16:32:07+02:00","inLanguage":"es-ES","mainEntityOfPage":{"@id":"https:\/\/www.eldigitaldeasturias.com\/noticias\/instituto-ifo-mas-trabajo-a-tiempo-parcial-en-la-industria-alemana\/#webpage"},"isPartOf":{"@id":"https:\/\/www.eldigitaldeasturias.com\/noticias\/instituto-ifo-mas-trabajo-a-tiempo-parcial-en-la-industria-alemana\/#webpage"},"articleSection":"Negocios y Empresas"},{"@type":"BreadcrumbList","@id":"https:\/\/www.eldigitaldeasturias.com\/noticias\/instituto-ifo-mas-trabajo-a-tiempo-parcial-en-la-industria-alemana\/#breadcrumblist","itemListElement":[{"@type":"ListItem","@id":"https:\/\/www.eldigitaldeasturias.com\/noticias#listItem","position":1,"name":"Home","item":"https:\/\/www.eldigitaldeasturias.com\/noticias","nextItem":{"@type":"ListItem","@id":"https:\/\/www.eldigitaldeasturias.com\/noticias\/category\/negocios-y-empresas\/#listItem","name":"Negocios y Empresas"}},{"@type":"ListItem","@id":"https:\/\/www.eldigitaldeasturias.com\/noticias\/category\/negocios-y-empresas\/#listItem","position":2,"name":"Negocios y Empresas","item":"https:\/\/www.eldigitaldeasturias.com\/noticias\/category\/negocios-y-empresas\/","nextItem":{"@type":"ListItem","@id":"https:\/\/www.eldigitaldeasturias.com\/noticias\/instituto-ifo-mas-trabajo-a-tiempo-parcial-en-la-industria-alemana\/#listItem","name":"Instituto Ifo: M\u00e1s trabajo a tiempo parcial en la industria alemana"},"previousItem":{"@type":"ListItem","@id":"https:\/\/www.eldigitaldeasturias.com\/noticias#listItem","name":"Home"}},{"@type":"ListItem","@id":"https:\/\/www.eldigitaldeasturias.com\/noticias\/instituto-ifo-mas-trabajo-a-tiempo-parcial-en-la-industria-alemana\/#listItem","position":3,"name":"Instituto Ifo: M\u00e1s trabajo a tiempo parcial en la industria alemana","previousItem":{"@type":"ListItem","@id":"https:\/\/www.eldigitaldeasturias.com\/noticias\/category\/negocios-y-empresas\/#listItem","name":"Negocios y Empresas"}}]},{"@type":"Organization","@id":"https:\/\/www.eldigitaldeasturias.com\/noticias\/#organization","name":"El Digital de Asturias","description":"Hemeroteca","url":"https:\/\/www.eldigitaldeasturias.com\/noticias\/","email":"info@eldigitaldeasturias.com","telephone":"+34652131393","logo":{"@type":"ImageObject","url":"https:\/\/www.eldigitaldeasturias.com\/noticias\/wp-content\/uploads\/2020\/12\/EDA.jpg","@id":"https:\/\/www.eldigitaldeasturias.com\/noticias\/instituto-ifo-mas-trabajo-a-tiempo-parcial-en-la-industria-alemana\/#organizationLogo","width":649,"height":297},"image":{"@id":"https:\/\/www.eldigitaldeasturias.com\/noticias\/instituto-ifo-mas-trabajo-a-tiempo-parcial-en-la-industria-alemana\/#organizationLogo"},"sameAs":["https:\/\/facebook.com\/eldigitaldeasturias","https:\/\/www.youtube.com\/channel\/UCZP-2wLEB9Rv6erhFmqVnvg"],"address":{"@id":"https:\/\/www.eldigitaldeasturias.com\/noticias\/#postaladdress","@type":"PostalAddress","streetAddress":"san antonio 4,","postalCode":"33430","addressLocality":"Cand\u00e1s","addressRegion":"Asturias","addressCountry":"ES"}},{"@type":"Person","@id":"https:\/\/www.eldigitaldeasturias.com\/noticias\/author\/admin\/#author","url":"https:\/\/www.eldigitaldeasturias.com\/noticias\/author\/admin\/","name":"El Digital de Asturias","image":{"@type":"ImageObject","@id":"https:\/\/www.eldigitaldeasturias.com\/noticias\/instituto-ifo-mas-trabajo-a-tiempo-parcial-en-la-industria-alemana\/#authorImage","url":"https:\/\/www.eldigitaldeasturias.com\/noticias\/wp-content\/litespeed\/avatar\/18677e78aa0546b92d9dbf31ec7d7668.jpg?ver=1777290358","width":96,"height":96,"caption":"El Digital de Asturias"}},{"@type":"WebPage","@id":"https:\/\/www.eldigitaldeasturias.com\/noticias\/instituto-ifo-mas-trabajo-a-tiempo-parcial-en-la-industria-alemana\/#webpage","url":"https:\/\/www.eldigitaldeasturias.com\/noticias\/instituto-ifo-mas-trabajo-a-tiempo-parcial-en-la-industria-alemana\/","name":"Instituto Ifo: M\u00e1s trabajo a tiempo parcial en la industria alemana - El Digital de Asturias","description":"M\u00fanich, 4 jul (dpa) \u2013 Cada vez m\u00e1s empresas industriales alemanas ofrecen puestos de trabajo a tiempo parcial, seg\u00fan revela una encuesta del Instituto de investigaci\u00f3n econ\u00f3mica Ifo de M\u00fanich hecha p\u00fablica hoy. El estudio constata que el 3,8 por ciento de las empresas del sector ya emplean a trabajadores a tiempo parcial, mientras que","inLanguage":"es-ES","isPartOf":{"@id":"https:\/\/www.eldigitaldeasturias.com\/noticias\/#website"},"breadcrumb":{"@id":"https:\/\/www.eldigitaldeasturias.com\/noticias\/instituto-ifo-mas-trabajo-a-tiempo-parcial-en-la-industria-alemana\/#breadcrumblist"},"author":{"@id":"https:\/\/www.eldigitaldeasturias.com\/noticias\/author\/admin\/#author"},"creator":{"@id":"https:\/\/www.eldigitaldeasturias.com\/noticias\/author\/admin\/#author"},"image":{"@type":"ImageObject","url":"https:\/\/www.eldigitaldeasturias.com\/noticias\/wp-content\/uploads\/2019\/01\/work-791218_960_720.jpg","@id":"https:\/\/www.eldigitaldeasturias.com\/noticias\/instituto-ifo-mas-trabajo-a-tiempo-parcial-en-la-industria-alemana\/#mainImage","width":960,"height":640,"caption":"Empleo"},"primaryImageOfPage":{"@id":"https:\/\/www.eldigitaldeasturias.com\/noticias\/instituto-ifo-mas-trabajo-a-tiempo-parcial-en-la-industria-alemana\/#mainImage"},"datePublished":"2019-07-04T16:32:07+02:00","dateModified":"2019-07-04T16:32:07+02:00"},{"@type":"WebSite","@id":"https:\/\/www.eldigitaldeasturias.com\/noticias\/#website","url":"https:\/\/www.eldigitaldeasturias.com\/noticias\/","name":"El Digital de Asturias - Diario de actualidad y noticias","alternateName":"El Digital de Asturias - Diario de actualidad y noticias","description":"Hemeroteca","inLanguage":"es-ES","publisher":{"@id":"https:\/\/www.eldigitaldeasturias.com\/noticias\/#organization"}}]},"og:locale":"es_ES","og:site_name":"El Digital de Asturias","og:type":"article","og:title":"Instituto Ifo: M\u00e1s trabajo a tiempo parcial en la industria alemana - El Digital de Asturias","og:description":"M\u00fanich, 4 jul (dpa) \u2013 Cada vez m\u00e1s empresas industriales alemanas ofrecen puestos de trabajo a tiempo parcial, seg\u00fan revela una encuesta del Instituto de investigaci\u00f3n econ\u00f3mica Ifo de M\u00fanich hecha p\u00fablica hoy. El estudio constata que el 3,8 por ciento de las empresas del sector ya emplean a trabajadores a tiempo parcial, mientras que","og:url":"https:\/\/www.eldigitaldeasturias.com\/noticias\/instituto-ifo-mas-trabajo-a-tiempo-parcial-en-la-industria-alemana\/","og:image":"https:\/\/www.eldigitaldeasturias.com\/noticias\/wp-content\/uploads\/2019\/01\/work-791218_960_720.jpg","og:image:secure_url":"https:\/\/www.eldigitaldeasturias.com\/noticias\/wp-content\/uploads\/2019\/01\/work-791218_960_720.jpg","og:image:width":960,"og:image:height":640,"article:tag":["negocios y empresas"],"article:published_time":"2019-07-04T16:32:07+00:00","article:modified_time":"2019-07-04T16:32:07+00:00","article:publisher":"https:\/\/facebook.com\/eldigitaldeasturias","twitter:card":"summary_large_image","twitter:title":"Instituto Ifo: M\u00e1s trabajo a tiempo parcial en la industria alemana - El Digital de Asturias","twitter:description":"M\u00fanich, 4 jul (dpa) \u2013 Cada vez m\u00e1s empresas industriales alemanas ofrecen puestos de trabajo a tiempo parcial, seg\u00fan revela una encuesta del Instituto de investigaci\u00f3n econ\u00f3mica Ifo de M\u00fanich hecha p\u00fablica hoy. El estudio constata que el 3,8 por ciento de las empresas del sector ya emplean a trabajadores a tiempo parcial, mientras que","twitter:image":"https:\/\/www.eldigitaldeasturias.com\/noticias\/wp-content\/uploads\/2019\/01\/work-791218_960_720.jpg","twitter:label1":"Escrito por","twitter:data1":"El Digital de Asturias","twitter:label2":"Tiempo de lectura estimado","twitter:data2":"1 minuto"},"aioseo_meta_data":{"post_id":"1033739","title":null,"description":null,"keywords":null,"keyphrases":null,"primary_term":null,"canonical_url":null,"og_title":null,"og_description":null,"og_object_type":"default","og_image_type":"default","og_image_url":null,"og_image_width":null,"og_image_height":null,"og_image_custom_url":null,"og_image_custom_fields":null,"og_video":null,"og_custom_url":null,"og_article_section":null,"og_article_tags":null,"twitter_use_og":false,"twitter_card":"default","twitter_image_type":"default","twitter_image_url":null,"twitter_image_custom_url":null,"twitter_image_custom_fields":null,"twitter_title":null,"twitter_description":null,"schema":{"blockGraphs":[],"customGraphs":[],"default":{"data":{"Article":[],"Course":[],"Dataset":[],"FAQPage":[],"Movie":[],"Person":[],"Product":[],"ProductReview":[],"Car":[],"Recipe":[],"Service":[],"SoftwareApplication":[],"WebPage":[]},"graphName":"","isEnabled":true},"graphs":[],"defaultGraph":"","defaultPostTypeGraph":""},"schema_type":null,"schema_type_options":null,"pillar_content":false,"robots_default":true,"robots_noindex":false,"robots_noarchive":false,"robots_nosnippet":false,"robots_nofollow":false,"robots_noimageindex":false,"robots_noodp":false,"robots_notranslate":false,"robots_max_snippet":null,"robots_max_videopreview":null,"robots_max_imagepreview":"large","priority":null,"frequency":null,"local_seo":null,"seo_analyzer_scan_date":"2025-10-22 01:06:08","breadcrumb_settings":null,"limit_modified_date":false,"open_ai":null,"ai":null,"created":"2020-12-21 11:08:38","updated":"2025-10-22 01:06:08"},"aioseo_breadcrumb":"<div class=\"aioseo-breadcrumbs\"><span class=\"aioseo-breadcrumb\">\n\t<a href=\"https:\/\/www.eldigitaldeasturias.com\/noticias\" title=\"Home\">Home<\/a>\n<\/span><span class=\"aioseo-breadcrumb-separator\">\u2013<\/span><span class=\"aioseo-breadcrumb\">\n\t<a href=\"https:\/\/www.eldigitaldeasturias.com\/noticias\/category\/negocios-y-empresas\/\" title=\"Negocios y Empresas\">Negocios y Empresas<\/a>\n<\/span><span class=\"aioseo-breadcrumb-separator\">\u2013<\/span><span class=\"aioseo-breadcrumb\">\n\t<a href=\"https:\/\/www.eldigitaldeasturias.com\/noticias\/instituto-ifo-mas-trabajo-a-tiempo-parcial-en-la-industria-alemana\/\" title=\"Instituto Ifo: M\u00e1s trabajo a tiempo parcial en la industria alemana\">Instituto Ifo: M\u00e1s trabajo a tiempo parcial en la industria alemana<\/a>\n<\/span><\/div>","aioseo_breadcrumb_json":[{"label":"Home","link":"https:\/\/www.eldigitaldeasturias.com\/noticias"},{"label":"Negocios y Empresas","link":"https:\/\/www.eldigitaldeasturias.com\/noticias\/category\/negocios-y-empresas\/"},{"label":"Instituto Ifo: M\u00e1s trabajo a tiempo parcial en la industria alemana","link":"https:\/\/www.eldigitaldeasturias.com\/noticias\/instituto-ifo-mas-trabajo-a-tiempo-parcial-en-la-industria-alemana\/"}],"_links":{"self":[{"href":"https:\/\/www.eldigitaldeasturias.com\/noticias\/wp-json\/wp\/v2\/posts\/1033739","targetHints":{"allow":["GET"]}}],"collection":[{"href":"https:\/\/www.eldigitaldeasturias.com\/noticias\/wp-json\/wp\/v2\/posts"}],"about":[{"href":"https:\/\/www.eldigitaldeasturias.com\/noticias\/wp-json\/wp\/v2\/types\/post"}],"author":[{"embeddable":true,"href":"https:\/\/www.eldigitaldeasturias.com\/noticias\/wp-json\/wp\/v2\/users\/1"}],"replies":[{"embeddable":true,"href":"https:\/\/www.eldigitaldeasturias.com\/noticias\/wp-json\/wp\/v2\/comments?post=1033739"}],"version-history":[{"count":0,"href":"https:\/\/www.eldigitaldeasturias.com\/noticias\/wp-json\/wp\/v2\/posts\/1033739\/revisions"}],"wp:featuredmedia":[{"embeddable":true,"href":"https:\/\/www.eldigitaldeasturias.com\/noticias\/wp-json\/wp\/v2\/media\/1013387"}],"wp:attachment":[{"href":"https:\/\/www.eldigitaldeasturias.com\/noticias\/wp-json\/wp\/v2\/media?parent=1033739"}],"wp:term":[{"taxonomy":"category","embeddable":true,"href":"https:\/\/www.eldigitaldeasturias.com\/noticias\/wp-json\/wp\/v2\/categories?post=1033739"},{"taxonomy":"post_tag","embeddable":true,"href":"https:\/\/www.eldigitaldeasturias.com\/noticias\/wp-json\/wp\/v2\/tags?post=1033739"}],"curies":[{"name":"wp","href":"https:\/\/api.w.org\/{rel}","templated":true}]}}