{"id":1033439,"date":"2019-07-03T09:47:52","date_gmt":"2019-07-03T09:47:52","guid":{"rendered":"https:\/\/www.eldigitaldeasturias.com\/noticias\/?p=1033439"},"modified":"2019-07-03T09:47:52","modified_gmt":"2019-07-03T09:47:52","slug":"prevision-de-turismo-rural-durante-agosto-de-2019","status":"publish","type":"post","link":"https:\/\/www.eldigitaldeasturias.com\/noticias\/prevision-de-turismo-rural-durante-agosto-de-2019\/","title":{"rendered":"Previsi\u00f3n de turismo rural durante Agosto de 2019"},"content":{"rendered":"<p><img loading=\"lazy\" decoding=\"async\" class=\"alignleft size-medium wp-image-437263\" src=\"https:\/\/www.eldigitaldeasturias.com\/noticias\/wp-content\/uploads\/2013\/10\/picos-360x270.jpg\" alt=\"\" width=\"360\" height=\"270\" srcset=\"https:\/\/www.eldigitaldeasturias.com\/noticias\/wp-content\/uploads\/2013\/10\/picos-360x270.jpg 360w, https:\/\/www.eldigitaldeasturias.com\/noticias\/wp-content\/uploads\/2013\/10\/picos-400x300.jpg 400w, https:\/\/www.eldigitaldeasturias.com\/noticias\/wp-content\/uploads\/2013\/10\/picos.jpg 640w, https:\/\/www.eldigitaldeasturias.com\/noticias\/wp-content\/uploads\/2013\/10\/picos-20x15.jpg 20w\" sizes=\"auto, (max-width: 360px) 100vw, 360px\" \/>Como era de esperar, las zonas de costa siguen siendo otro a\u00f1o m\u00e1s las favoritas para este mes de agosto, aunque la tendencia por zonas de interior se sigue manteniendo estable con una ocupaci\u00f3n nada despreciable. <strong>Destaca el liderazgo del Principado de Asturias como l\u00edder nacional<\/strong> y la entrada de la Regi\u00f3n de Murcia al podium peninsular.<\/p>\n<p>Seg\u00fan <strong>Casasrurales.net<\/strong>, a d\u00eda de hoy, el 80,76% de alojamientos nacionales est\u00e1n completos desde el 1 de agosto al 31 de agosto, aunque l\u00f3gicamente faltar\u00edan las reservas de \u00faltima hora durante este mes de julio, donde se espera se puedan alcanzar picos que superen el 90% en algunos casos.<\/p>\n<p>Por Comunidades Aut\u00f3nomas, y a nivel peninsular, <strong>Asturias ocupa la primera posici\u00f3n con el 86,34% de ocupaci\u00f3n<\/strong>. Le siguen Navarra (83,41%) y Murcia (82,64%)<\/p>\n<p>Las Islas Canarias (84,89%) y las Islas Baleares (83,83%) se posicionan, otro a\u00f1o m\u00e1s, como destinos l\u00edderes en agosto.<\/p>\n<p>Por el contrario, La Comunidad de Madrid (76,83%), Castilla La Mancha (74,81%) y La Rioja (70,42%) ser\u00edan las Comunidades con menos previsi\u00f3n de ocupaci\u00f3n para el mes de agosto.<\/p>\n<p>Por provincias C\u00e1diz (84.13%), Pontevedra (85,21%) y C\u00f3rdoba (84,09%) lideran el ranking mientras que Cuenca (73,42%), Segovia (68,84%) y Guadalajara (61,70%) son las provincias con menos demanda.<\/p>\n<p><em>Una informaci\u00f3n de <strong>Casasrurales.net<\/strong><\/em><\/p>\n<p>&nbsp;<\/p>\n","protected":false},"excerpt":{"rendered":"<p>Como era de esperar, las zonas de costa siguen siendo otro a\u00f1o m\u00e1s las favoritas para este mes de agosto, aunque la tendencia por zonas de interior se sigue manteniendo estable con una ocupaci\u00f3n nada despreciable. Destaca el liderazgo del Principado de Asturias como l\u00edder nacional y la entrada de la Regi\u00f3n de Murcia al [&hellip;]<\/p>\n","protected":false},"author":1,"featured_media":437263,"comment_status":"closed","ping_status":"closed","sticky":false,"template":"","format":"standard","meta":{"footnotes":""},"categories":[148],"tags":[],"class_list":["post-1033439","post","type-post","status-publish","format-standard","has-post-thumbnail","hentry","category-turismo"],"aioseo_notices":[],"aioseo_head":"\n\t\t<!-- All in One SEO Pro 4.9.6.2 - aioseo.com -->\n\t<meta name=\"description\" content=\"Como era de esperar, las zonas de costa siguen siendo otro a\u00f1o m\u00e1s las favoritas para este mes de agosto, aunque la tendencia por zonas de interior se sigue manteniendo estable con una ocupaci\u00f3n nada despreciable. Destaca el liderazgo del Principado de Asturias como l\u00edder nacional y la entrada de la Regi\u00f3n de Murcia al\" \/>\n\t<meta name=\"robots\" content=\"max-image-preview:large\" \/>\n\t<meta name=\"author\" content=\"El Digital de Asturias\"\/>\n\t<meta name=\"google-site-verification\" content=\"UA-38556648-1\" \/>\n\t<meta name=\"msvalidate.01\" content=\"7dfe9f3f1b24437ab69f4f2559babe99\" \/>\n\t<meta name=\"keywords\" content=\"turismo\" \/>\n\t<link rel=\"canonical\" href=\"https:\/\/www.eldigitaldeasturias.com\/noticias\/prevision-de-turismo-rural-durante-agosto-de-2019\/\" \/>\n\t<meta name=\"generator\" content=\"All in One SEO Pro (AIOSEO) 4.9.6.2\" \/>\n\t\t<meta property=\"og:locale\" content=\"es_ES\" \/>\n\t\t<meta property=\"og:site_name\" content=\"El Digital de Asturias\" \/>\n\t\t<meta property=\"og:type\" content=\"article\" \/>\n\t\t<meta property=\"og:title\" content=\"Previsi\u00f3n de turismo rural durante Agosto de 2019 - El Digital de Asturias\" \/>\n\t\t<meta property=\"og:description\" content=\"Como era de esperar, las zonas de costa siguen siendo otro a\u00f1o m\u00e1s las favoritas para este mes de agosto, aunque la tendencia por zonas de interior se sigue manteniendo estable con una ocupaci\u00f3n nada despreciable. Destaca el liderazgo del Principado de Asturias como l\u00edder nacional y la entrada de la Regi\u00f3n de Murcia al\" \/>\n\t\t<meta property=\"og:url\" content=\"https:\/\/www.eldigitaldeasturias.com\/noticias\/prevision-de-turismo-rural-durante-agosto-de-2019\/\" \/>\n\t\t<meta property=\"og:image\" content=\"https:\/\/www.eldigitaldeasturias.com\/noticias\/wp-content\/uploads\/2013\/10\/picos.jpg\" \/>\n\t\t<meta property=\"og:image:secure_url\" content=\"https:\/\/www.eldigitaldeasturias.com\/noticias\/wp-content\/uploads\/2013\/10\/picos.jpg\" \/>\n\t\t<meta property=\"og:image:width\" content=\"640\" \/>\n\t\t<meta property=\"og:image:height\" content=\"480\" \/>\n\t\t<meta property=\"article:tag\" content=\"turismo\" \/>\n\t\t<meta property=\"article:published_time\" content=\"2019-07-03T09:47:52+00:00\" \/>\n\t\t<meta property=\"article:modified_time\" content=\"2019-07-03T09:47:52+00:00\" \/>\n\t\t<meta property=\"article:publisher\" content=\"https:\/\/facebook.com\/eldigitaldeasturias\" \/>\n\t\t<meta name=\"twitter:card\" content=\"summary_large_image\" \/>\n\t\t<meta name=\"twitter:title\" content=\"Previsi\u00f3n de turismo rural durante Agosto de 2019 - El Digital de Asturias\" \/>\n\t\t<meta name=\"twitter:description\" content=\"Como era de esperar, las zonas de costa siguen siendo otro a\u00f1o m\u00e1s las favoritas para este mes de agosto, aunque la tendencia por zonas de interior se sigue manteniendo estable con una ocupaci\u00f3n nada despreciable. Destaca el liderazgo del Principado de Asturias como l\u00edder nacional y la entrada de la Regi\u00f3n de Murcia al\" \/>\n\t\t<meta name=\"twitter:image\" content=\"https:\/\/www.eldigitaldeasturias.com\/noticias\/wp-content\/uploads\/2013\/10\/picos.jpg\" \/>\n\t\t<meta name=\"twitter:label1\" content=\"Escrito por\" \/>\n\t\t<meta name=\"twitter:data1\" content=\"El Digital de Asturias\" \/>\n\t\t<meta name=\"twitter:label2\" content=\"Tiempo de lectura estimado\" \/>\n\t\t<meta name=\"twitter:data2\" content=\"1 minuto\" \/>\n\t\t<script type=\"application\/ld+json\" class=\"aioseo-schema\">\n\t\t\t{\"@context\":\"https:\\\/\\\/schema.org\",\"@graph\":[{\"@type\":\"BlogPosting\",\"@id\":\"https:\\\/\\\/www.eldigitaldeasturias.com\\\/noticias\\\/prevision-de-turismo-rural-durante-agosto-de-2019\\\/#blogposting\",\"name\":\"Previsi\\u00f3n de turismo rural durante Agosto de 2019 - El Digital de Asturias\",\"headline\":\"Previsi\\u00f3n de turismo rural durante Agosto de 2019\",\"author\":{\"@id\":\"https:\\\/\\\/www.eldigitaldeasturias.com\\\/noticias\\\/author\\\/admin\\\/#author\"},\"publisher\":{\"@id\":\"https:\\\/\\\/www.eldigitaldeasturias.com\\\/noticias\\\/#organization\"},\"image\":{\"@type\":\"ImageObject\",\"url\":\"https:\\\/\\\/www.eldigitaldeasturias.com\\\/noticias\\\/wp-content\\\/uploads\\\/2013\\\/10\\\/picos.jpg\",\"width\":640,\"height\":480},\"datePublished\":\"2019-07-03T09:47:52+02:00\",\"dateModified\":\"2019-07-03T09:47:52+02:00\",\"inLanguage\":\"es-ES\",\"mainEntityOfPage\":{\"@id\":\"https:\\\/\\\/www.eldigitaldeasturias.com\\\/noticias\\\/prevision-de-turismo-rural-durante-agosto-de-2019\\\/#webpage\"},\"isPartOf\":{\"@id\":\"https:\\\/\\\/www.eldigitaldeasturias.com\\\/noticias\\\/prevision-de-turismo-rural-durante-agosto-de-2019\\\/#webpage\"},\"articleSection\":\"Turismo\"},{\"@type\":\"BreadcrumbList\",\"@id\":\"https:\\\/\\\/www.eldigitaldeasturias.com\\\/noticias\\\/prevision-de-turismo-rural-durante-agosto-de-2019\\\/#breadcrumblist\",\"itemListElement\":[{\"@type\":\"ListItem\",\"@id\":\"https:\\\/\\\/www.eldigitaldeasturias.com\\\/noticias#listItem\",\"position\":1,\"name\":\"Home\",\"item\":\"https:\\\/\\\/www.eldigitaldeasturias.com\\\/noticias\",\"nextItem\":{\"@type\":\"ListItem\",\"@id\":\"https:\\\/\\\/www.eldigitaldeasturias.com\\\/noticias\\\/category\\\/turismo\\\/#listItem\",\"name\":\"Turismo\"}},{\"@type\":\"ListItem\",\"@id\":\"https:\\\/\\\/www.eldigitaldeasturias.com\\\/noticias\\\/category\\\/turismo\\\/#listItem\",\"position\":2,\"name\":\"Turismo\",\"item\":\"https:\\\/\\\/www.eldigitaldeasturias.com\\\/noticias\\\/category\\\/turismo\\\/\",\"nextItem\":{\"@type\":\"ListItem\",\"@id\":\"https:\\\/\\\/www.eldigitaldeasturias.com\\\/noticias\\\/prevision-de-turismo-rural-durante-agosto-de-2019\\\/#listItem\",\"name\":\"Previsi\\u00f3n de turismo rural durante Agosto de 2019\"},\"previousItem\":{\"@type\":\"ListItem\",\"@id\":\"https:\\\/\\\/www.eldigitaldeasturias.com\\\/noticias#listItem\",\"name\":\"Home\"}},{\"@type\":\"ListItem\",\"@id\":\"https:\\\/\\\/www.eldigitaldeasturias.com\\\/noticias\\\/prevision-de-turismo-rural-durante-agosto-de-2019\\\/#listItem\",\"position\":3,\"name\":\"Previsi\\u00f3n de turismo rural durante Agosto de 2019\",\"previousItem\":{\"@type\":\"ListItem\",\"@id\":\"https:\\\/\\\/www.eldigitaldeasturias.com\\\/noticias\\\/category\\\/turismo\\\/#listItem\",\"name\":\"Turismo\"}}]},{\"@type\":\"Organization\",\"@id\":\"https:\\\/\\\/www.eldigitaldeasturias.com\\\/noticias\\\/#organization\",\"name\":\"El Digital de Asturias\",\"description\":\"Hemeroteca\",\"url\":\"https:\\\/\\\/www.eldigitaldeasturias.com\\\/noticias\\\/\",\"email\":\"info@eldigitaldeasturias.com\",\"telephone\":\"+34652131393\",\"logo\":{\"@type\":\"ImageObject\",\"url\":\"https:\\\/\\\/www.eldigitaldeasturias.com\\\/noticias\\\/wp-content\\\/uploads\\\/2020\\\/12\\\/EDA.jpg\",\"@id\":\"https:\\\/\\\/www.eldigitaldeasturias.com\\\/noticias\\\/prevision-de-turismo-rural-durante-agosto-de-2019\\\/#organizationLogo\",\"width\":649,\"height\":297},\"image\":{\"@id\":\"https:\\\/\\\/www.eldigitaldeasturias.com\\\/noticias\\\/prevision-de-turismo-rural-durante-agosto-de-2019\\\/#organizationLogo\"},\"sameAs\":[\"https:\\\/\\\/facebook.com\\\/eldigitaldeasturias\",\"https:\\\/\\\/www.youtube.com\\\/channel\\\/UCZP-2wLEB9Rv6erhFmqVnvg\"],\"address\":{\"@id\":\"https:\\\/\\\/www.eldigitaldeasturias.com\\\/noticias\\\/#postaladdress\",\"@type\":\"PostalAddress\",\"streetAddress\":\"san antonio 4,\",\"postalCode\":\"33430\",\"addressLocality\":\"Cand\\u00e1s\",\"addressRegion\":\"Asturias\",\"addressCountry\":\"ES\"}},{\"@type\":\"Person\",\"@id\":\"https:\\\/\\\/www.eldigitaldeasturias.com\\\/noticias\\\/author\\\/admin\\\/#author\",\"url\":\"https:\\\/\\\/www.eldigitaldeasturias.com\\\/noticias\\\/author\\\/admin\\\/\",\"name\":\"El Digital de Asturias\",\"image\":{\"@type\":\"ImageObject\",\"@id\":\"https:\\\/\\\/www.eldigitaldeasturias.com\\\/noticias\\\/prevision-de-turismo-rural-durante-agosto-de-2019\\\/#authorImage\",\"url\":\"https:\\\/\\\/www.eldigitaldeasturias.com\\\/noticias\\\/wp-content\\\/litespeed\\\/avatar\\\/18677e78aa0546b92d9dbf31ec7d7668.jpg?ver=1777290358\",\"width\":96,\"height\":96,\"caption\":\"El Digital de Asturias\"}},{\"@type\":\"WebPage\",\"@id\":\"https:\\\/\\\/www.eldigitaldeasturias.com\\\/noticias\\\/prevision-de-turismo-rural-durante-agosto-de-2019\\\/#webpage\",\"url\":\"https:\\\/\\\/www.eldigitaldeasturias.com\\\/noticias\\\/prevision-de-turismo-rural-durante-agosto-de-2019\\\/\",\"name\":\"Previsi\\u00f3n de turismo rural durante Agosto de 2019 - El Digital de Asturias\",\"description\":\"Como era de esperar, las zonas de costa siguen siendo otro a\\u00f1o m\\u00e1s las favoritas para este mes de agosto, aunque la tendencia por zonas de interior se sigue manteniendo estable con una ocupaci\\u00f3n nada despreciable. Destaca el liderazgo del Principado de Asturias como l\\u00edder nacional y la entrada de la Regi\\u00f3n de Murcia al\",\"inLanguage\":\"es-ES\",\"isPartOf\":{\"@id\":\"https:\\\/\\\/www.eldigitaldeasturias.com\\\/noticias\\\/#website\"},\"breadcrumb\":{\"@id\":\"https:\\\/\\\/www.eldigitaldeasturias.com\\\/noticias\\\/prevision-de-turismo-rural-durante-agosto-de-2019\\\/#breadcrumblist\"},\"author\":{\"@id\":\"https:\\\/\\\/www.eldigitaldeasturias.com\\\/noticias\\\/author\\\/admin\\\/#author\"},\"creator\":{\"@id\":\"https:\\\/\\\/www.eldigitaldeasturias.com\\\/noticias\\\/author\\\/admin\\\/#author\"},\"image\":{\"@type\":\"ImageObject\",\"url\":\"https:\\\/\\\/www.eldigitaldeasturias.com\\\/noticias\\\/wp-content\\\/uploads\\\/2013\\\/10\\\/picos.jpg\",\"@id\":\"https:\\\/\\\/www.eldigitaldeasturias.com\\\/noticias\\\/prevision-de-turismo-rural-durante-agosto-de-2019\\\/#mainImage\",\"width\":640,\"height\":480},\"primaryImageOfPage\":{\"@id\":\"https:\\\/\\\/www.eldigitaldeasturias.com\\\/noticias\\\/prevision-de-turismo-rural-durante-agosto-de-2019\\\/#mainImage\"},\"datePublished\":\"2019-07-03T09:47:52+02:00\",\"dateModified\":\"2019-07-03T09:47:52+02:00\"},{\"@type\":\"WebSite\",\"@id\":\"https:\\\/\\\/www.eldigitaldeasturias.com\\\/noticias\\\/#website\",\"url\":\"https:\\\/\\\/www.eldigitaldeasturias.com\\\/noticias\\\/\",\"name\":\"El Digital de Asturias - Diario de actualidad y noticias\",\"alternateName\":\"El Digital de Asturias - Diario de actualidad y noticias\",\"description\":\"Hemeroteca\",\"inLanguage\":\"es-ES\",\"publisher\":{\"@id\":\"https:\\\/\\\/www.eldigitaldeasturias.com\\\/noticias\\\/#organization\"}}]}\n\t\t<\/script>\n\t\t<!-- All in One SEO Pro -->\r\n\t\t<title>Previsi\u00f3n de turismo rural durante Agosto de 2019 - El Digital de Asturias<\/title>\n\n","aioseo_head_json":{"title":"Previsi\u00f3n de turismo rural durante Agosto de 2019 - El Digital de Asturias","description":"Como era de esperar, las zonas de costa siguen siendo otro a\u00f1o m\u00e1s las favoritas para este mes de agosto, aunque la tendencia por zonas de interior se sigue manteniendo estable con una ocupaci\u00f3n nada despreciable. Destaca el liderazgo del Principado de Asturias como l\u00edder nacional y la entrada de la Regi\u00f3n de Murcia al","canonical_url":"https:\/\/www.eldigitaldeasturias.com\/noticias\/prevision-de-turismo-rural-durante-agosto-de-2019\/","robots":"max-image-preview:large","keywords":"turismo","webmasterTools":{"google-site-verification":"UA-38556648-1","msvalidate.01":"7dfe9f3f1b24437ab69f4f2559babe99","miscellaneous":""},"schema":{"@context":"https:\/\/schema.org","@graph":[{"@type":"BlogPosting","@id":"https:\/\/www.eldigitaldeasturias.com\/noticias\/prevision-de-turismo-rural-durante-agosto-de-2019\/#blogposting","name":"Previsi\u00f3n de turismo rural durante Agosto de 2019 - El Digital de Asturias","headline":"Previsi\u00f3n de turismo rural durante Agosto de 2019","author":{"@id":"https:\/\/www.eldigitaldeasturias.com\/noticias\/author\/admin\/#author"},"publisher":{"@id":"https:\/\/www.eldigitaldeasturias.com\/noticias\/#organization"},"image":{"@type":"ImageObject","url":"https:\/\/www.eldigitaldeasturias.com\/noticias\/wp-content\/uploads\/2013\/10\/picos.jpg","width":640,"height":480},"datePublished":"2019-07-03T09:47:52+02:00","dateModified":"2019-07-03T09:47:52+02:00","inLanguage":"es-ES","mainEntityOfPage":{"@id":"https:\/\/www.eldigitaldeasturias.com\/noticias\/prevision-de-turismo-rural-durante-agosto-de-2019\/#webpage"},"isPartOf":{"@id":"https:\/\/www.eldigitaldeasturias.com\/noticias\/prevision-de-turismo-rural-durante-agosto-de-2019\/#webpage"},"articleSection":"Turismo"},{"@type":"BreadcrumbList","@id":"https:\/\/www.eldigitaldeasturias.com\/noticias\/prevision-de-turismo-rural-durante-agosto-de-2019\/#breadcrumblist","itemListElement":[{"@type":"ListItem","@id":"https:\/\/www.eldigitaldeasturias.com\/noticias#listItem","position":1,"name":"Home","item":"https:\/\/www.eldigitaldeasturias.com\/noticias","nextItem":{"@type":"ListItem","@id":"https:\/\/www.eldigitaldeasturias.com\/noticias\/category\/turismo\/#listItem","name":"Turismo"}},{"@type":"ListItem","@id":"https:\/\/www.eldigitaldeasturias.com\/noticias\/category\/turismo\/#listItem","position":2,"name":"Turismo","item":"https:\/\/www.eldigitaldeasturias.com\/noticias\/category\/turismo\/","nextItem":{"@type":"ListItem","@id":"https:\/\/www.eldigitaldeasturias.com\/noticias\/prevision-de-turismo-rural-durante-agosto-de-2019\/#listItem","name":"Previsi\u00f3n de turismo rural durante Agosto de 2019"},"previousItem":{"@type":"ListItem","@id":"https:\/\/www.eldigitaldeasturias.com\/noticias#listItem","name":"Home"}},{"@type":"ListItem","@id":"https:\/\/www.eldigitaldeasturias.com\/noticias\/prevision-de-turismo-rural-durante-agosto-de-2019\/#listItem","position":3,"name":"Previsi\u00f3n de turismo rural durante Agosto de 2019","previousItem":{"@type":"ListItem","@id":"https:\/\/www.eldigitaldeasturias.com\/noticias\/category\/turismo\/#listItem","name":"Turismo"}}]},{"@type":"Organization","@id":"https:\/\/www.eldigitaldeasturias.com\/noticias\/#organization","name":"El Digital de Asturias","description":"Hemeroteca","url":"https:\/\/www.eldigitaldeasturias.com\/noticias\/","email":"info@eldigitaldeasturias.com","telephone":"+34652131393","logo":{"@type":"ImageObject","url":"https:\/\/www.eldigitaldeasturias.com\/noticias\/wp-content\/uploads\/2020\/12\/EDA.jpg","@id":"https:\/\/www.eldigitaldeasturias.com\/noticias\/prevision-de-turismo-rural-durante-agosto-de-2019\/#organizationLogo","width":649,"height":297},"image":{"@id":"https:\/\/www.eldigitaldeasturias.com\/noticias\/prevision-de-turismo-rural-durante-agosto-de-2019\/#organizationLogo"},"sameAs":["https:\/\/facebook.com\/eldigitaldeasturias","https:\/\/www.youtube.com\/channel\/UCZP-2wLEB9Rv6erhFmqVnvg"],"address":{"@id":"https:\/\/www.eldigitaldeasturias.com\/noticias\/#postaladdress","@type":"PostalAddress","streetAddress":"san antonio 4,","postalCode":"33430","addressLocality":"Cand\u00e1s","addressRegion":"Asturias","addressCountry":"ES"}},{"@type":"Person","@id":"https:\/\/www.eldigitaldeasturias.com\/noticias\/author\/admin\/#author","url":"https:\/\/www.eldigitaldeasturias.com\/noticias\/author\/admin\/","name":"El Digital de Asturias","image":{"@type":"ImageObject","@id":"https:\/\/www.eldigitaldeasturias.com\/noticias\/prevision-de-turismo-rural-durante-agosto-de-2019\/#authorImage","url":"https:\/\/www.eldigitaldeasturias.com\/noticias\/wp-content\/litespeed\/avatar\/18677e78aa0546b92d9dbf31ec7d7668.jpg?ver=1777290358","width":96,"height":96,"caption":"El Digital de Asturias"}},{"@type":"WebPage","@id":"https:\/\/www.eldigitaldeasturias.com\/noticias\/prevision-de-turismo-rural-durante-agosto-de-2019\/#webpage","url":"https:\/\/www.eldigitaldeasturias.com\/noticias\/prevision-de-turismo-rural-durante-agosto-de-2019\/","name":"Previsi\u00f3n de turismo rural durante Agosto de 2019 - El Digital de Asturias","description":"Como era de esperar, las zonas de costa siguen siendo otro a\u00f1o m\u00e1s las favoritas para este mes de agosto, aunque la tendencia por zonas de interior se sigue manteniendo estable con una ocupaci\u00f3n nada despreciable. Destaca el liderazgo del Principado de Asturias como l\u00edder nacional y la entrada de la Regi\u00f3n de Murcia al","inLanguage":"es-ES","isPartOf":{"@id":"https:\/\/www.eldigitaldeasturias.com\/noticias\/#website"},"breadcrumb":{"@id":"https:\/\/www.eldigitaldeasturias.com\/noticias\/prevision-de-turismo-rural-durante-agosto-de-2019\/#breadcrumblist"},"author":{"@id":"https:\/\/www.eldigitaldeasturias.com\/noticias\/author\/admin\/#author"},"creator":{"@id":"https:\/\/www.eldigitaldeasturias.com\/noticias\/author\/admin\/#author"},"image":{"@type":"ImageObject","url":"https:\/\/www.eldigitaldeasturias.com\/noticias\/wp-content\/uploads\/2013\/10\/picos.jpg","@id":"https:\/\/www.eldigitaldeasturias.com\/noticias\/prevision-de-turismo-rural-durante-agosto-de-2019\/#mainImage","width":640,"height":480},"primaryImageOfPage":{"@id":"https:\/\/www.eldigitaldeasturias.com\/noticias\/prevision-de-turismo-rural-durante-agosto-de-2019\/#mainImage"},"datePublished":"2019-07-03T09:47:52+02:00","dateModified":"2019-07-03T09:47:52+02:00"},{"@type":"WebSite","@id":"https:\/\/www.eldigitaldeasturias.com\/noticias\/#website","url":"https:\/\/www.eldigitaldeasturias.com\/noticias\/","name":"El Digital de Asturias - Diario de actualidad y noticias","alternateName":"El Digital de Asturias - Diario de actualidad y noticias","description":"Hemeroteca","inLanguage":"es-ES","publisher":{"@id":"https:\/\/www.eldigitaldeasturias.com\/noticias\/#organization"}}]},"og:locale":"es_ES","og:site_name":"El Digital de Asturias","og:type":"article","og:title":"Previsi\u00f3n de turismo rural durante Agosto de 2019 - El Digital de Asturias","og:description":"Como era de esperar, las zonas de costa siguen siendo otro a\u00f1o m\u00e1s las favoritas para este mes de agosto, aunque la tendencia por zonas de interior se sigue manteniendo estable con una ocupaci\u00f3n nada despreciable. Destaca el liderazgo del Principado de Asturias como l\u00edder nacional y la entrada de la Regi\u00f3n de Murcia al","og:url":"https:\/\/www.eldigitaldeasturias.com\/noticias\/prevision-de-turismo-rural-durante-agosto-de-2019\/","og:image":"https:\/\/www.eldigitaldeasturias.com\/noticias\/wp-content\/uploads\/2013\/10\/picos.jpg","og:image:secure_url":"https:\/\/www.eldigitaldeasturias.com\/noticias\/wp-content\/uploads\/2013\/10\/picos.jpg","og:image:width":640,"og:image:height":480,"article:tag":["turismo"],"article:published_time":"2019-07-03T09:47:52+00:00","article:modified_time":"2019-07-03T09:47:52+00:00","article:publisher":"https:\/\/facebook.com\/eldigitaldeasturias","twitter:card":"summary_large_image","twitter:title":"Previsi\u00f3n de turismo rural durante Agosto de 2019 - El Digital de Asturias","twitter:description":"Como era de esperar, las zonas de costa siguen siendo otro a\u00f1o m\u00e1s las favoritas para este mes de agosto, aunque la tendencia por zonas de interior se sigue manteniendo estable con una ocupaci\u00f3n nada despreciable. Destaca el liderazgo del Principado de Asturias como l\u00edder nacional y la entrada de la Regi\u00f3n de Murcia al","twitter:image":"https:\/\/www.eldigitaldeasturias.com\/noticias\/wp-content\/uploads\/2013\/10\/picos.jpg","twitter:label1":"Escrito por","twitter:data1":"El Digital de Asturias","twitter:label2":"Tiempo de lectura estimado","twitter:data2":"1 minuto"},"aioseo_meta_data":{"post_id":"1033439","title":null,"description":null,"keywords":null,"keyphrases":null,"primary_term":null,"canonical_url":null,"og_title":null,"og_description":null,"og_object_type":"default","og_image_type":"default","og_image_url":null,"og_image_width":null,"og_image_height":null,"og_image_custom_url":null,"og_image_custom_fields":null,"og_video":null,"og_custom_url":null,"og_article_section":null,"og_article_tags":null,"twitter_use_og":false,"twitter_card":"default","twitter_image_type":"default","twitter_image_url":null,"twitter_image_custom_url":null,"twitter_image_custom_fields":null,"twitter_title":null,"twitter_description":null,"schema":{"blockGraphs":[],"customGraphs":[],"default":{"data":{"Article":[],"Course":[],"Dataset":[],"FAQPage":[],"Movie":[],"Person":[],"Product":[],"ProductReview":[],"Car":[],"Recipe":[],"Service":[],"SoftwareApplication":[],"WebPage":[]},"graphName":"","isEnabled":true},"graphs":[],"defaultGraph":"","defaultPostTypeGraph":""},"schema_type":null,"schema_type_options":null,"pillar_content":false,"robots_default":true,"robots_noindex":false,"robots_noarchive":false,"robots_nosnippet":false,"robots_nofollow":false,"robots_noimageindex":false,"robots_noodp":false,"robots_notranslate":false,"robots_max_snippet":null,"robots_max_videopreview":null,"robots_max_imagepreview":"large","priority":null,"frequency":null,"local_seo":null,"seo_analyzer_scan_date":"2025-10-21 23:57:23","breadcrumb_settings":null,"limit_modified_date":false,"open_ai":null,"ai":null,"created":"2020-12-21 11:08:45","updated":"2025-10-21 23:57:23"},"aioseo_breadcrumb":"<div class=\"aioseo-breadcrumbs\"><span class=\"aioseo-breadcrumb\">\n\t<a href=\"https:\/\/www.eldigitaldeasturias.com\/noticias\" title=\"Home\">Home<\/a>\n<\/span><span class=\"aioseo-breadcrumb-separator\">\u2013<\/span><span class=\"aioseo-breadcrumb\">\n\t<a href=\"https:\/\/www.eldigitaldeasturias.com\/noticias\/category\/turismo\/\" title=\"Turismo\">Turismo<\/a>\n<\/span><span class=\"aioseo-breadcrumb-separator\">\u2013<\/span><span class=\"aioseo-breadcrumb\">\n\t<a href=\"https:\/\/www.eldigitaldeasturias.com\/noticias\/prevision-de-turismo-rural-durante-agosto-de-2019\/\" title=\"Previsi\u00f3n de turismo rural durante Agosto de 2019\">Previsi\u00f3n de turismo rural durante Agosto de 2019<\/a>\n<\/span><\/div>","aioseo_breadcrumb_json":[{"label":"Home","link":"https:\/\/www.eldigitaldeasturias.com\/noticias"},{"label":"Turismo","link":"https:\/\/www.eldigitaldeasturias.com\/noticias\/category\/turismo\/"},{"label":"Previsi\u00f3n de turismo rural durante Agosto de 2019","link":"https:\/\/www.eldigitaldeasturias.com\/noticias\/prevision-de-turismo-rural-durante-agosto-de-2019\/"}],"_links":{"self":[{"href":"https:\/\/www.eldigitaldeasturias.com\/noticias\/wp-json\/wp\/v2\/posts\/1033439","targetHints":{"allow":["GET"]}}],"collection":[{"href":"https:\/\/www.eldigitaldeasturias.com\/noticias\/wp-json\/wp\/v2\/posts"}],"about":[{"href":"https:\/\/www.eldigitaldeasturias.com\/noticias\/wp-json\/wp\/v2\/types\/post"}],"author":[{"embeddable":true,"href":"https:\/\/www.eldigitaldeasturias.com\/noticias\/wp-json\/wp\/v2\/users\/1"}],"replies":[{"embeddable":true,"href":"https:\/\/www.eldigitaldeasturias.com\/noticias\/wp-json\/wp\/v2\/comments?post=1033439"}],"version-history":[{"count":0,"href":"https:\/\/www.eldigitaldeasturias.com\/noticias\/wp-json\/wp\/v2\/posts\/1033439\/revisions"}],"wp:featuredmedia":[{"embeddable":true,"href":"https:\/\/www.eldigitaldeasturias.com\/noticias\/wp-json\/wp\/v2\/media\/437263"}],"wp:attachment":[{"href":"https:\/\/www.eldigitaldeasturias.com\/noticias\/wp-json\/wp\/v2\/media?parent=1033439"}],"wp:term":[{"taxonomy":"category","embeddable":true,"href":"https:\/\/www.eldigitaldeasturias.com\/noticias\/wp-json\/wp\/v2\/categories?post=1033439"},{"taxonomy":"post_tag","embeddable":true,"href":"https:\/\/www.eldigitaldeasturias.com\/noticias\/wp-json\/wp\/v2\/tags?post=1033439"}],"curies":[{"name":"wp","href":"https:\/\/api.w.org\/{rel}","templated":true}]}}