{"id":1033433,"date":"2019-07-03T09:38:06","date_gmt":"2019-07-03T09:38:06","guid":{"rendered":"https:\/\/www.eldigitaldeasturias.com\/noticias\/?p=1033433"},"modified":"2019-07-03T09:38:06","modified_gmt":"2019-07-03T09:38:06","slug":"plataforma-pymes-defiende-la-devaluacion-estructural","status":"publish","type":"post","link":"https:\/\/www.eldigitaldeasturias.com\/noticias\/plataforma-pymes-defiende-la-devaluacion-estructural\/","title":{"rendered":"Plataforma Pymes defiende la devaluaci\u00f3n estructural"},"content":{"rendered":"<p><img loading=\"lazy\" decoding=\"async\" class=\"alignleft size-medium wp-image-1033434\" src=\"https:\/\/www.eldigitaldeasturias.com\/noticias\/wp-content\/uploads\/2019\/07\/negocios-360x240.jpg\" alt=\"\" width=\"360\" height=\"240\" srcset=\"https:\/\/www.eldigitaldeasturias.com\/noticias\/wp-content\/uploads\/2019\/07\/negocios-360x240.jpg 360w, https:\/\/www.eldigitaldeasturias.com\/noticias\/wp-content\/uploads\/2019\/07\/negocios-768x512.jpg 768w, https:\/\/www.eldigitaldeasturias.com\/noticias\/wp-content\/uploads\/2019\/07\/negocios-650x433.jpg 650w, https:\/\/www.eldigitaldeasturias.com\/noticias\/wp-content\/uploads\/2019\/07\/negocios-675x450.jpg 675w, https:\/\/www.eldigitaldeasturias.com\/noticias\/wp-content\/uploads\/2019\/07\/negocios.jpg 960w\" sizes=\"auto, (max-width: 360px) 100vw, 360px\" \/>Para la Plataforma Pymes, la reciente crisis econ\u00f3mica y, sobre todo, las recetas aplicadas por nuestros gobernantes para salir de ella han demostrado ser insuficientes. Las reformas estructurales son de dif\u00edcil implantaci\u00f3n por varios motivos, entre los que destacan la rigidez de las estructuras e instituciones donde es m\u00e1s f\u00e1cil modificar normas en el mercado laboral que en el de productos y servicios; la pol\u00edtica fiscal, ya que es m\u00e1s sencillo elevar impuestos que reducir gasto y eliminar inversiones de capital que gasto corriente; y el ineficiente canal de transmisi\u00f3n del cr\u00e9dito, que dificulta la llegada de liquidez a Pymes y aut\u00f3nomos.<\/p>\n<p>Por ello, la Plataforma Pymes opina que es necesario asegurar las condiciones para distribuir adecuadamente los recursos y crear un marco jur\u00eddico sostenible. La devaluaci\u00f3n estructural, que nada tiene que ver con la salarial, es un mecanismo que persigue similares objetivos que la devaluaci\u00f3n fiscal, pero apoy\u00e1ndose en diferentes m\u00e9todos.\u00a0 Adem\u00e1s, reduce los desequilibrios a trav\u00e9s del incremento de la productividad y competitividad.<\/p>\n<p>Se trata de desarrollar reformas en el marco jur\u00eddico y econ\u00f3mico que incrementen la competencia y aseguren una eficiente ubicaci\u00f3n de los recursos, tanto financieros como humanos. Por ejemplo, el refuerzo de las autoridades de la competencia, la reducci\u00f3n y flexibilizaci\u00f3n de cargas y autorizaciones administrativas y la mejora en la justa concurrencia en licitaci\u00f3n p\u00fablica.<\/p>\n<p>Para ello, es necesario reducir las posiciones de dominio del mercado de las \u201csuperstars firms\u201d, especialmente en industrias de red, como energ\u00eda, telecomunicaciones y transporte, lo que significa luchar contra intereses creados. Implementar reformas en estos sectores es fundamental, no solo porque suponen recolocaci\u00f3n de capitales, sino porque incrementan la competitividad en el conjunto de la econom\u00eda al reducir el coste de sus inputs.<\/p>\n<p><strong>Enlace del documento completo:<\/strong><\/p>\n<p>https:\/\/www.plataformapymes.org\/wp-content\/uploads\/2019\/06\/Posicionamiento-de-la-Plataforma-Pymes-sobre-la-devaluaci%C3%B3n-estructural.pdf<\/p>\n","protected":false},"excerpt":{"rendered":"<p>Para la Plataforma Pymes, la reciente crisis econ\u00f3mica y, sobre todo, las recetas aplicadas por nuestros gobernantes para salir de ella han demostrado ser insuficientes. Las reformas estructurales son de dif\u00edcil implantaci\u00f3n por varios motivos, entre los que destacan la rigidez de las estructuras e instituciones donde es m\u00e1s f\u00e1cil modificar normas en el mercado [&hellip;]<\/p>\n","protected":false},"author":1,"featured_media":1033434,"comment_status":"closed","ping_status":"closed","sticky":false,"template":"","format":"standard","meta":{"footnotes":""},"categories":[219],"tags":[],"class_list":["post-1033433","post","type-post","status-publish","format-standard","has-post-thumbnail","hentry","category-negocios-y-empresas"],"aioseo_notices":[],"aioseo_head":"\n\t\t<!-- All in One SEO Pro 4.9.6.2 - aioseo.com -->\n\t<meta name=\"description\" content=\"Para la Plataforma Pymes, la reciente crisis econ\u00f3mica y, sobre todo, las recetas aplicadas por nuestros gobernantes para salir de ella han demostrado ser insuficientes. Las reformas estructurales son de dif\u00edcil implantaci\u00f3n por varios motivos, entre los que destacan la rigidez de las estructuras e instituciones donde es m\u00e1s f\u00e1cil modificar normas en el mercado\" \/>\n\t<meta name=\"robots\" content=\"max-image-preview:large\" \/>\n\t<meta name=\"author\" content=\"El Digital de Asturias\"\/>\n\t<meta name=\"google-site-verification\" content=\"UA-38556648-1\" \/>\n\t<meta name=\"msvalidate.01\" content=\"7dfe9f3f1b24437ab69f4f2559babe99\" \/>\n\t<meta name=\"keywords\" content=\"negocios y empresas\" \/>\n\t<link rel=\"canonical\" href=\"https:\/\/www.eldigitaldeasturias.com\/noticias\/plataforma-pymes-defiende-la-devaluacion-estructural\/\" \/>\n\t<meta name=\"generator\" content=\"All in One SEO Pro (AIOSEO) 4.9.6.2\" \/>\n\t\t<meta property=\"og:locale\" content=\"es_ES\" \/>\n\t\t<meta property=\"og:site_name\" content=\"El Digital de Asturias\" \/>\n\t\t<meta property=\"og:type\" content=\"article\" \/>\n\t\t<meta property=\"og:title\" content=\"Plataforma Pymes defiende la devaluaci\u00f3n estructural - El Digital de Asturias\" \/>\n\t\t<meta property=\"og:description\" content=\"Para la Plataforma Pymes, la reciente crisis econ\u00f3mica y, sobre todo, las recetas aplicadas por nuestros gobernantes para salir de ella han demostrado ser insuficientes. Las reformas estructurales son de dif\u00edcil implantaci\u00f3n por varios motivos, entre los que destacan la rigidez de las estructuras e instituciones donde es m\u00e1s f\u00e1cil modificar normas en el mercado\" \/>\n\t\t<meta property=\"og:url\" content=\"https:\/\/www.eldigitaldeasturias.com\/noticias\/plataforma-pymes-defiende-la-devaluacion-estructural\/\" \/>\n\t\t<meta property=\"og:image\" content=\"https:\/\/www.eldigitaldeasturias.com\/noticias\/wp-content\/uploads\/2019\/07\/negocios.jpg\" \/>\n\t\t<meta property=\"og:image:secure_url\" content=\"https:\/\/www.eldigitaldeasturias.com\/noticias\/wp-content\/uploads\/2019\/07\/negocios.jpg\" \/>\n\t\t<meta property=\"og:image:width\" content=\"960\" \/>\n\t\t<meta property=\"og:image:height\" content=\"640\" \/>\n\t\t<meta property=\"article:tag\" content=\"negocios y empresas\" \/>\n\t\t<meta property=\"article:published_time\" content=\"2019-07-03T09:38:06+00:00\" \/>\n\t\t<meta property=\"article:modified_time\" content=\"2019-07-03T09:38:06+00:00\" \/>\n\t\t<meta property=\"article:publisher\" content=\"https:\/\/facebook.com\/eldigitaldeasturias\" \/>\n\t\t<meta name=\"twitter:card\" content=\"summary_large_image\" \/>\n\t\t<meta name=\"twitter:title\" content=\"Plataforma Pymes defiende la devaluaci\u00f3n estructural - El Digital de Asturias\" \/>\n\t\t<meta name=\"twitter:description\" content=\"Para la Plataforma Pymes, la reciente crisis econ\u00f3mica y, sobre todo, las recetas aplicadas por nuestros gobernantes para salir de ella han demostrado ser insuficientes. Las reformas estructurales son de dif\u00edcil implantaci\u00f3n por varios motivos, entre los que destacan la rigidez de las estructuras e instituciones donde es m\u00e1s f\u00e1cil modificar normas en el mercado\" \/>\n\t\t<meta name=\"twitter:image\" content=\"https:\/\/www.eldigitaldeasturias.com\/noticias\/wp-content\/uploads\/2019\/07\/negocios.jpg\" \/>\n\t\t<meta name=\"twitter:label1\" content=\"Escrito por\" \/>\n\t\t<meta name=\"twitter:data1\" content=\"El Digital de Asturias\" \/>\n\t\t<meta name=\"twitter:label2\" content=\"Tiempo de lectura estimado\" \/>\n\t\t<meta name=\"twitter:data2\" content=\"2 minutos\" \/>\n\t\t<script type=\"application\/ld+json\" class=\"aioseo-schema\">\n\t\t\t{\"@context\":\"https:\\\/\\\/schema.org\",\"@graph\":[{\"@type\":\"BlogPosting\",\"@id\":\"https:\\\/\\\/www.eldigitaldeasturias.com\\\/noticias\\\/plataforma-pymes-defiende-la-devaluacion-estructural\\\/#blogposting\",\"name\":\"Plataforma Pymes defiende la devaluaci\\u00f3n estructural - El Digital de Asturias\",\"headline\":\"Plataforma Pymes defiende la devaluaci\\u00f3n estructural\",\"author\":{\"@id\":\"https:\\\/\\\/www.eldigitaldeasturias.com\\\/noticias\\\/author\\\/admin\\\/#author\"},\"publisher\":{\"@id\":\"https:\\\/\\\/www.eldigitaldeasturias.com\\\/noticias\\\/#organization\"},\"image\":{\"@type\":\"ImageObject\",\"url\":\"https:\\\/\\\/www.eldigitaldeasturias.com\\\/noticias\\\/wp-content\\\/uploads\\\/2019\\\/07\\\/negocios.jpg\",\"width\":960,\"height\":640},\"datePublished\":\"2019-07-03T09:38:06+02:00\",\"dateModified\":\"2019-07-03T09:38:06+02:00\",\"inLanguage\":\"es-ES\",\"mainEntityOfPage\":{\"@id\":\"https:\\\/\\\/www.eldigitaldeasturias.com\\\/noticias\\\/plataforma-pymes-defiende-la-devaluacion-estructural\\\/#webpage\"},\"isPartOf\":{\"@id\":\"https:\\\/\\\/www.eldigitaldeasturias.com\\\/noticias\\\/plataforma-pymes-defiende-la-devaluacion-estructural\\\/#webpage\"},\"articleSection\":\"Negocios y Empresas\"},{\"@type\":\"BreadcrumbList\",\"@id\":\"https:\\\/\\\/www.eldigitaldeasturias.com\\\/noticias\\\/plataforma-pymes-defiende-la-devaluacion-estructural\\\/#breadcrumblist\",\"itemListElement\":[{\"@type\":\"ListItem\",\"@id\":\"https:\\\/\\\/www.eldigitaldeasturias.com\\\/noticias#listItem\",\"position\":1,\"name\":\"Home\",\"item\":\"https:\\\/\\\/www.eldigitaldeasturias.com\\\/noticias\",\"nextItem\":{\"@type\":\"ListItem\",\"@id\":\"https:\\\/\\\/www.eldigitaldeasturias.com\\\/noticias\\\/category\\\/negocios-y-empresas\\\/#listItem\",\"name\":\"Negocios y Empresas\"}},{\"@type\":\"ListItem\",\"@id\":\"https:\\\/\\\/www.eldigitaldeasturias.com\\\/noticias\\\/category\\\/negocios-y-empresas\\\/#listItem\",\"position\":2,\"name\":\"Negocios y Empresas\",\"item\":\"https:\\\/\\\/www.eldigitaldeasturias.com\\\/noticias\\\/category\\\/negocios-y-empresas\\\/\",\"nextItem\":{\"@type\":\"ListItem\",\"@id\":\"https:\\\/\\\/www.eldigitaldeasturias.com\\\/noticias\\\/plataforma-pymes-defiende-la-devaluacion-estructural\\\/#listItem\",\"name\":\"Plataforma Pymes defiende la devaluaci\\u00f3n estructural\"},\"previousItem\":{\"@type\":\"ListItem\",\"@id\":\"https:\\\/\\\/www.eldigitaldeasturias.com\\\/noticias#listItem\",\"name\":\"Home\"}},{\"@type\":\"ListItem\",\"@id\":\"https:\\\/\\\/www.eldigitaldeasturias.com\\\/noticias\\\/plataforma-pymes-defiende-la-devaluacion-estructural\\\/#listItem\",\"position\":3,\"name\":\"Plataforma Pymes defiende la devaluaci\\u00f3n estructural\",\"previousItem\":{\"@type\":\"ListItem\",\"@id\":\"https:\\\/\\\/www.eldigitaldeasturias.com\\\/noticias\\\/category\\\/negocios-y-empresas\\\/#listItem\",\"name\":\"Negocios y Empresas\"}}]},{\"@type\":\"Organization\",\"@id\":\"https:\\\/\\\/www.eldigitaldeasturias.com\\\/noticias\\\/#organization\",\"name\":\"El Digital de Asturias\",\"description\":\"Hemeroteca\",\"url\":\"https:\\\/\\\/www.eldigitaldeasturias.com\\\/noticias\\\/\",\"email\":\"info@eldigitaldeasturias.com\",\"telephone\":\"+34652131393\",\"logo\":{\"@type\":\"ImageObject\",\"url\":\"https:\\\/\\\/www.eldigitaldeasturias.com\\\/noticias\\\/wp-content\\\/uploads\\\/2020\\\/12\\\/EDA.jpg\",\"@id\":\"https:\\\/\\\/www.eldigitaldeasturias.com\\\/noticias\\\/plataforma-pymes-defiende-la-devaluacion-estructural\\\/#organizationLogo\",\"width\":649,\"height\":297},\"image\":{\"@id\":\"https:\\\/\\\/www.eldigitaldeasturias.com\\\/noticias\\\/plataforma-pymes-defiende-la-devaluacion-estructural\\\/#organizationLogo\"},\"sameAs\":[\"https:\\\/\\\/facebook.com\\\/eldigitaldeasturias\",\"https:\\\/\\\/www.youtube.com\\\/channel\\\/UCZP-2wLEB9Rv6erhFmqVnvg\"],\"address\":{\"@id\":\"https:\\\/\\\/www.eldigitaldeasturias.com\\\/noticias\\\/#postaladdress\",\"@type\":\"PostalAddress\",\"streetAddress\":\"san antonio 4,\",\"postalCode\":\"33430\",\"addressLocality\":\"Cand\\u00e1s\",\"addressRegion\":\"Asturias\",\"addressCountry\":\"ES\"}},{\"@type\":\"Person\",\"@id\":\"https:\\\/\\\/www.eldigitaldeasturias.com\\\/noticias\\\/author\\\/admin\\\/#author\",\"url\":\"https:\\\/\\\/www.eldigitaldeasturias.com\\\/noticias\\\/author\\\/admin\\\/\",\"name\":\"El Digital de Asturias\",\"image\":{\"@type\":\"ImageObject\",\"@id\":\"https:\\\/\\\/www.eldigitaldeasturias.com\\\/noticias\\\/plataforma-pymes-defiende-la-devaluacion-estructural\\\/#authorImage\",\"url\":\"https:\\\/\\\/www.eldigitaldeasturias.com\\\/noticias\\\/wp-content\\\/litespeed\\\/avatar\\\/18677e78aa0546b92d9dbf31ec7d7668.jpg?ver=1777290358\",\"width\":96,\"height\":96,\"caption\":\"El Digital de Asturias\"}},{\"@type\":\"WebPage\",\"@id\":\"https:\\\/\\\/www.eldigitaldeasturias.com\\\/noticias\\\/plataforma-pymes-defiende-la-devaluacion-estructural\\\/#webpage\",\"url\":\"https:\\\/\\\/www.eldigitaldeasturias.com\\\/noticias\\\/plataforma-pymes-defiende-la-devaluacion-estructural\\\/\",\"name\":\"Plataforma Pymes defiende la devaluaci\\u00f3n estructural - El Digital de Asturias\",\"description\":\"Para la Plataforma Pymes, la reciente crisis econ\\u00f3mica y, sobre todo, las recetas aplicadas por nuestros gobernantes para salir de ella han demostrado ser insuficientes. Las reformas estructurales son de dif\\u00edcil implantaci\\u00f3n por varios motivos, entre los que destacan la rigidez de las estructuras e instituciones donde es m\\u00e1s f\\u00e1cil modificar normas en el mercado\",\"inLanguage\":\"es-ES\",\"isPartOf\":{\"@id\":\"https:\\\/\\\/www.eldigitaldeasturias.com\\\/noticias\\\/#website\"},\"breadcrumb\":{\"@id\":\"https:\\\/\\\/www.eldigitaldeasturias.com\\\/noticias\\\/plataforma-pymes-defiende-la-devaluacion-estructural\\\/#breadcrumblist\"},\"author\":{\"@id\":\"https:\\\/\\\/www.eldigitaldeasturias.com\\\/noticias\\\/author\\\/admin\\\/#author\"},\"creator\":{\"@id\":\"https:\\\/\\\/www.eldigitaldeasturias.com\\\/noticias\\\/author\\\/admin\\\/#author\"},\"image\":{\"@type\":\"ImageObject\",\"url\":\"https:\\\/\\\/www.eldigitaldeasturias.com\\\/noticias\\\/wp-content\\\/uploads\\\/2019\\\/07\\\/negocios.jpg\",\"@id\":\"https:\\\/\\\/www.eldigitaldeasturias.com\\\/noticias\\\/plataforma-pymes-defiende-la-devaluacion-estructural\\\/#mainImage\",\"width\":960,\"height\":640},\"primaryImageOfPage\":{\"@id\":\"https:\\\/\\\/www.eldigitaldeasturias.com\\\/noticias\\\/plataforma-pymes-defiende-la-devaluacion-estructural\\\/#mainImage\"},\"datePublished\":\"2019-07-03T09:38:06+02:00\",\"dateModified\":\"2019-07-03T09:38:06+02:00\"},{\"@type\":\"WebSite\",\"@id\":\"https:\\\/\\\/www.eldigitaldeasturias.com\\\/noticias\\\/#website\",\"url\":\"https:\\\/\\\/www.eldigitaldeasturias.com\\\/noticias\\\/\",\"name\":\"El Digital de Asturias - Diario de actualidad y noticias\",\"alternateName\":\"El Digital de Asturias - Diario de actualidad y noticias\",\"description\":\"Hemeroteca\",\"inLanguage\":\"es-ES\",\"publisher\":{\"@id\":\"https:\\\/\\\/www.eldigitaldeasturias.com\\\/noticias\\\/#organization\"}}]}\n\t\t<\/script>\n\t\t<!-- All in One SEO Pro -->\r\n\t\t<title>Plataforma Pymes defiende la devaluaci\u00f3n estructural - El Digital de Asturias<\/title>\n\n","aioseo_head_json":{"title":"Plataforma Pymes defiende la devaluaci\u00f3n estructural - El Digital de Asturias","description":"Para la Plataforma Pymes, la reciente crisis econ\u00f3mica y, sobre todo, las recetas aplicadas por nuestros gobernantes para salir de ella han demostrado ser insuficientes. Las reformas estructurales son de dif\u00edcil implantaci\u00f3n por varios motivos, entre los que destacan la rigidez de las estructuras e instituciones donde es m\u00e1s f\u00e1cil modificar normas en el mercado","canonical_url":"https:\/\/www.eldigitaldeasturias.com\/noticias\/plataforma-pymes-defiende-la-devaluacion-estructural\/","robots":"max-image-preview:large","keywords":"negocios y empresas","webmasterTools":{"google-site-verification":"UA-38556648-1","msvalidate.01":"7dfe9f3f1b24437ab69f4f2559babe99","miscellaneous":""},"schema":{"@context":"https:\/\/schema.org","@graph":[{"@type":"BlogPosting","@id":"https:\/\/www.eldigitaldeasturias.com\/noticias\/plataforma-pymes-defiende-la-devaluacion-estructural\/#blogposting","name":"Plataforma Pymes defiende la devaluaci\u00f3n estructural - El Digital de Asturias","headline":"Plataforma Pymes defiende la devaluaci\u00f3n estructural","author":{"@id":"https:\/\/www.eldigitaldeasturias.com\/noticias\/author\/admin\/#author"},"publisher":{"@id":"https:\/\/www.eldigitaldeasturias.com\/noticias\/#organization"},"image":{"@type":"ImageObject","url":"https:\/\/www.eldigitaldeasturias.com\/noticias\/wp-content\/uploads\/2019\/07\/negocios.jpg","width":960,"height":640},"datePublished":"2019-07-03T09:38:06+02:00","dateModified":"2019-07-03T09:38:06+02:00","inLanguage":"es-ES","mainEntityOfPage":{"@id":"https:\/\/www.eldigitaldeasturias.com\/noticias\/plataforma-pymes-defiende-la-devaluacion-estructural\/#webpage"},"isPartOf":{"@id":"https:\/\/www.eldigitaldeasturias.com\/noticias\/plataforma-pymes-defiende-la-devaluacion-estructural\/#webpage"},"articleSection":"Negocios y Empresas"},{"@type":"BreadcrumbList","@id":"https:\/\/www.eldigitaldeasturias.com\/noticias\/plataforma-pymes-defiende-la-devaluacion-estructural\/#breadcrumblist","itemListElement":[{"@type":"ListItem","@id":"https:\/\/www.eldigitaldeasturias.com\/noticias#listItem","position":1,"name":"Home","item":"https:\/\/www.eldigitaldeasturias.com\/noticias","nextItem":{"@type":"ListItem","@id":"https:\/\/www.eldigitaldeasturias.com\/noticias\/category\/negocios-y-empresas\/#listItem","name":"Negocios y Empresas"}},{"@type":"ListItem","@id":"https:\/\/www.eldigitaldeasturias.com\/noticias\/category\/negocios-y-empresas\/#listItem","position":2,"name":"Negocios y Empresas","item":"https:\/\/www.eldigitaldeasturias.com\/noticias\/category\/negocios-y-empresas\/","nextItem":{"@type":"ListItem","@id":"https:\/\/www.eldigitaldeasturias.com\/noticias\/plataforma-pymes-defiende-la-devaluacion-estructural\/#listItem","name":"Plataforma Pymes defiende la devaluaci\u00f3n estructural"},"previousItem":{"@type":"ListItem","@id":"https:\/\/www.eldigitaldeasturias.com\/noticias#listItem","name":"Home"}},{"@type":"ListItem","@id":"https:\/\/www.eldigitaldeasturias.com\/noticias\/plataforma-pymes-defiende-la-devaluacion-estructural\/#listItem","position":3,"name":"Plataforma Pymes defiende la devaluaci\u00f3n estructural","previousItem":{"@type":"ListItem","@id":"https:\/\/www.eldigitaldeasturias.com\/noticias\/category\/negocios-y-empresas\/#listItem","name":"Negocios y Empresas"}}]},{"@type":"Organization","@id":"https:\/\/www.eldigitaldeasturias.com\/noticias\/#organization","name":"El Digital de Asturias","description":"Hemeroteca","url":"https:\/\/www.eldigitaldeasturias.com\/noticias\/","email":"info@eldigitaldeasturias.com","telephone":"+34652131393","logo":{"@type":"ImageObject","url":"https:\/\/www.eldigitaldeasturias.com\/noticias\/wp-content\/uploads\/2020\/12\/EDA.jpg","@id":"https:\/\/www.eldigitaldeasturias.com\/noticias\/plataforma-pymes-defiende-la-devaluacion-estructural\/#organizationLogo","width":649,"height":297},"image":{"@id":"https:\/\/www.eldigitaldeasturias.com\/noticias\/plataforma-pymes-defiende-la-devaluacion-estructural\/#organizationLogo"},"sameAs":["https:\/\/facebook.com\/eldigitaldeasturias","https:\/\/www.youtube.com\/channel\/UCZP-2wLEB9Rv6erhFmqVnvg"],"address":{"@id":"https:\/\/www.eldigitaldeasturias.com\/noticias\/#postaladdress","@type":"PostalAddress","streetAddress":"san antonio 4,","postalCode":"33430","addressLocality":"Cand\u00e1s","addressRegion":"Asturias","addressCountry":"ES"}},{"@type":"Person","@id":"https:\/\/www.eldigitaldeasturias.com\/noticias\/author\/admin\/#author","url":"https:\/\/www.eldigitaldeasturias.com\/noticias\/author\/admin\/","name":"El Digital de Asturias","image":{"@type":"ImageObject","@id":"https:\/\/www.eldigitaldeasturias.com\/noticias\/plataforma-pymes-defiende-la-devaluacion-estructural\/#authorImage","url":"https:\/\/www.eldigitaldeasturias.com\/noticias\/wp-content\/litespeed\/avatar\/18677e78aa0546b92d9dbf31ec7d7668.jpg?ver=1777290358","width":96,"height":96,"caption":"El Digital de Asturias"}},{"@type":"WebPage","@id":"https:\/\/www.eldigitaldeasturias.com\/noticias\/plataforma-pymes-defiende-la-devaluacion-estructural\/#webpage","url":"https:\/\/www.eldigitaldeasturias.com\/noticias\/plataforma-pymes-defiende-la-devaluacion-estructural\/","name":"Plataforma Pymes defiende la devaluaci\u00f3n estructural - El Digital de Asturias","description":"Para la Plataforma Pymes, la reciente crisis econ\u00f3mica y, sobre todo, las recetas aplicadas por nuestros gobernantes para salir de ella han demostrado ser insuficientes. Las reformas estructurales son de dif\u00edcil implantaci\u00f3n por varios motivos, entre los que destacan la rigidez de las estructuras e instituciones donde es m\u00e1s f\u00e1cil modificar normas en el mercado","inLanguage":"es-ES","isPartOf":{"@id":"https:\/\/www.eldigitaldeasturias.com\/noticias\/#website"},"breadcrumb":{"@id":"https:\/\/www.eldigitaldeasturias.com\/noticias\/plataforma-pymes-defiende-la-devaluacion-estructural\/#breadcrumblist"},"author":{"@id":"https:\/\/www.eldigitaldeasturias.com\/noticias\/author\/admin\/#author"},"creator":{"@id":"https:\/\/www.eldigitaldeasturias.com\/noticias\/author\/admin\/#author"},"image":{"@type":"ImageObject","url":"https:\/\/www.eldigitaldeasturias.com\/noticias\/wp-content\/uploads\/2019\/07\/negocios.jpg","@id":"https:\/\/www.eldigitaldeasturias.com\/noticias\/plataforma-pymes-defiende-la-devaluacion-estructural\/#mainImage","width":960,"height":640},"primaryImageOfPage":{"@id":"https:\/\/www.eldigitaldeasturias.com\/noticias\/plataforma-pymes-defiende-la-devaluacion-estructural\/#mainImage"},"datePublished":"2019-07-03T09:38:06+02:00","dateModified":"2019-07-03T09:38:06+02:00"},{"@type":"WebSite","@id":"https:\/\/www.eldigitaldeasturias.com\/noticias\/#website","url":"https:\/\/www.eldigitaldeasturias.com\/noticias\/","name":"El Digital de Asturias - Diario de actualidad y noticias","alternateName":"El Digital de Asturias - Diario de actualidad y noticias","description":"Hemeroteca","inLanguage":"es-ES","publisher":{"@id":"https:\/\/www.eldigitaldeasturias.com\/noticias\/#organization"}}]},"og:locale":"es_ES","og:site_name":"El Digital de Asturias","og:type":"article","og:title":"Plataforma Pymes defiende la devaluaci\u00f3n estructural - El Digital de Asturias","og:description":"Para la Plataforma Pymes, la reciente crisis econ\u00f3mica y, sobre todo, las recetas aplicadas por nuestros gobernantes para salir de ella han demostrado ser insuficientes. Las reformas estructurales son de dif\u00edcil implantaci\u00f3n por varios motivos, entre los que destacan la rigidez de las estructuras e instituciones donde es m\u00e1s f\u00e1cil modificar normas en el mercado","og:url":"https:\/\/www.eldigitaldeasturias.com\/noticias\/plataforma-pymes-defiende-la-devaluacion-estructural\/","og:image":"https:\/\/www.eldigitaldeasturias.com\/noticias\/wp-content\/uploads\/2019\/07\/negocios.jpg","og:image:secure_url":"https:\/\/www.eldigitaldeasturias.com\/noticias\/wp-content\/uploads\/2019\/07\/negocios.jpg","og:image:width":960,"og:image:height":640,"article:tag":["negocios y empresas"],"article:published_time":"2019-07-03T09:38:06+00:00","article:modified_time":"2019-07-03T09:38:06+00:00","article:publisher":"https:\/\/facebook.com\/eldigitaldeasturias","twitter:card":"summary_large_image","twitter:title":"Plataforma Pymes defiende la devaluaci\u00f3n estructural - El Digital de Asturias","twitter:description":"Para la Plataforma Pymes, la reciente crisis econ\u00f3mica y, sobre todo, las recetas aplicadas por nuestros gobernantes para salir de ella han demostrado ser insuficientes. Las reformas estructurales son de dif\u00edcil implantaci\u00f3n por varios motivos, entre los que destacan la rigidez de las estructuras e instituciones donde es m\u00e1s f\u00e1cil modificar normas en el mercado","twitter:image":"https:\/\/www.eldigitaldeasturias.com\/noticias\/wp-content\/uploads\/2019\/07\/negocios.jpg","twitter:label1":"Escrito por","twitter:data1":"El Digital de Asturias","twitter:label2":"Tiempo de lectura estimado","twitter:data2":"2 minutos"},"aioseo_meta_data":{"post_id":"1033433","title":null,"description":null,"keywords":null,"keyphrases":null,"primary_term":null,"canonical_url":null,"og_title":null,"og_description":null,"og_object_type":"default","og_image_type":"default","og_image_url":null,"og_image_width":null,"og_image_height":null,"og_image_custom_url":null,"og_image_custom_fields":null,"og_video":null,"og_custom_url":null,"og_article_section":null,"og_article_tags":null,"twitter_use_og":false,"twitter_card":"default","twitter_image_type":"default","twitter_image_url":null,"twitter_image_custom_url":null,"twitter_image_custom_fields":null,"twitter_title":null,"twitter_description":null,"schema":{"blockGraphs":[],"customGraphs":[],"default":{"data":{"Article":[],"Course":[],"Dataset":[],"FAQPage":[],"Movie":[],"Person":[],"Product":[],"ProductReview":[],"Car":[],"Recipe":[],"Service":[],"SoftwareApplication":[],"WebPage":[]},"graphName":"","isEnabled":true},"graphs":[],"defaultGraph":"","defaultPostTypeGraph":""},"schema_type":null,"schema_type_options":null,"pillar_content":false,"robots_default":true,"robots_noindex":false,"robots_noarchive":false,"robots_nosnippet":false,"robots_nofollow":false,"robots_noimageindex":false,"robots_noodp":false,"robots_notranslate":false,"robots_max_snippet":null,"robots_max_videopreview":null,"robots_max_imagepreview":"large","priority":null,"frequency":null,"local_seo":null,"seo_analyzer_scan_date":"2025-10-21 23:57:22","breadcrumb_settings":null,"limit_modified_date":false,"open_ai":null,"ai":null,"created":"2020-12-21 11:08:45","updated":"2025-10-21 23:57:22"},"aioseo_breadcrumb":"<div class=\"aioseo-breadcrumbs\"><span class=\"aioseo-breadcrumb\">\n\t<a href=\"https:\/\/www.eldigitaldeasturias.com\/noticias\" title=\"Home\">Home<\/a>\n<\/span><span class=\"aioseo-breadcrumb-separator\">\u2013<\/span><span class=\"aioseo-breadcrumb\">\n\t<a href=\"https:\/\/www.eldigitaldeasturias.com\/noticias\/category\/negocios-y-empresas\/\" title=\"Negocios y Empresas\">Negocios y Empresas<\/a>\n<\/span><span class=\"aioseo-breadcrumb-separator\">\u2013<\/span><span class=\"aioseo-breadcrumb\">\n\t<a href=\"https:\/\/www.eldigitaldeasturias.com\/noticias\/plataforma-pymes-defiende-la-devaluacion-estructural\/\" title=\"Plataforma Pymes defiende la devaluaci\u00f3n estructural\">Plataforma Pymes defiende la devaluaci\u00f3n estructural<\/a>\n<\/span><\/div>","aioseo_breadcrumb_json":[{"label":"Home","link":"https:\/\/www.eldigitaldeasturias.com\/noticias"},{"label":"Negocios y Empresas","link":"https:\/\/www.eldigitaldeasturias.com\/noticias\/category\/negocios-y-empresas\/"},{"label":"Plataforma Pymes defiende la devaluaci\u00f3n estructural","link":"https:\/\/www.eldigitaldeasturias.com\/noticias\/plataforma-pymes-defiende-la-devaluacion-estructural\/"}],"_links":{"self":[{"href":"https:\/\/www.eldigitaldeasturias.com\/noticias\/wp-json\/wp\/v2\/posts\/1033433","targetHints":{"allow":["GET"]}}],"collection":[{"href":"https:\/\/www.eldigitaldeasturias.com\/noticias\/wp-json\/wp\/v2\/posts"}],"about":[{"href":"https:\/\/www.eldigitaldeasturias.com\/noticias\/wp-json\/wp\/v2\/types\/post"}],"author":[{"embeddable":true,"href":"https:\/\/www.eldigitaldeasturias.com\/noticias\/wp-json\/wp\/v2\/users\/1"}],"replies":[{"embeddable":true,"href":"https:\/\/www.eldigitaldeasturias.com\/noticias\/wp-json\/wp\/v2\/comments?post=1033433"}],"version-history":[{"count":0,"href":"https:\/\/www.eldigitaldeasturias.com\/noticias\/wp-json\/wp\/v2\/posts\/1033433\/revisions"}],"wp:featuredmedia":[{"embeddable":true,"href":"https:\/\/www.eldigitaldeasturias.com\/noticias\/wp-json\/wp\/v2\/media\/1033434"}],"wp:attachment":[{"href":"https:\/\/www.eldigitaldeasturias.com\/noticias\/wp-json\/wp\/v2\/media?parent=1033433"}],"wp:term":[{"taxonomy":"category","embeddable":true,"href":"https:\/\/www.eldigitaldeasturias.com\/noticias\/wp-json\/wp\/v2\/categories?post=1033433"},{"taxonomy":"post_tag","embeddable":true,"href":"https:\/\/www.eldigitaldeasturias.com\/noticias\/wp-json\/wp\/v2\/tags?post=1033433"}],"curies":[{"name":"wp","href":"https:\/\/api.w.org\/{rel}","templated":true}]}}