{"id":1033311,"date":"2019-07-02T11:29:35","date_gmt":"2019-07-02T11:29:35","guid":{"rendered":"https:\/\/www.eldigitaldeasturias.com\/noticias\/?p=1033311"},"modified":"2019-07-02T11:29:35","modified_gmt":"2019-07-02T11:29:35","slug":"sexta-caida-de-pedidos-a-fabricantes-alemanes-de-maquinaria","status":"publish","type":"post","link":"https:\/\/www.eldigitaldeasturias.com\/noticias\/sexta-caida-de-pedidos-a-fabricantes-alemanes-de-maquinaria\/","title":{"rendered":"Sexta ca\u00edda de pedidos a fabricantes alemanes de maquinaria"},"content":{"rendered":"<p><img loading=\"lazy\" decoding=\"async\" class=\"alignleft size-medium wp-image-989215\" src=\"https:\/\/www.eldigitaldeasturias.com\/noticias\/wp-content\/uploads\/2018\/07\/money-1005479_960_720-360x232.jpg\" alt=\"\" width=\"360\" height=\"232\" srcset=\"https:\/\/www.eldigitaldeasturias.com\/noticias\/wp-content\/uploads\/2018\/07\/money-1005479_960_720-360x232.jpg 360w, https:\/\/www.eldigitaldeasturias.com\/noticias\/wp-content\/uploads\/2018\/07\/money-1005479_960_720-465x300.jpg 465w, https:\/\/www.eldigitaldeasturias.com\/noticias\/wp-content\/uploads\/2018\/07\/money-1005479_960_720-768x495.jpg 768w, https:\/\/www.eldigitaldeasturias.com\/noticias\/wp-content\/uploads\/2018\/07\/money-1005479_960_720-690x445.jpg 690w, https:\/\/www.eldigitaldeasturias.com\/noticias\/wp-content\/uploads\/2018\/07\/money-1005479_960_720-20x13.jpg 20w, https:\/\/www.eldigitaldeasturias.com\/noticias\/wp-content\/uploads\/2018\/07\/money-1005479_960_720.jpg 960w\" sizes=\"auto, (max-width: 360px) 100vw, 360px\" \/>Fr\u00e1ncfort, 2 jul (dpa) &#8211; Los pedidos a los fabricantes alemanes de maquinaria e instalaciones industriales cayeron en mayo por sexto mes consecutivo, inform\u00f3 hoy la federaci\u00f3n del ramo, VDMA.<\/p>\n<p>Los encargos cedieron un siete por ciento real en comparaci\u00f3n con mayo de 2018. Mientras que la demanda dentro de Alemania disminuy\u00f3 ligeramente, en un uno por ciento, los pedidos del exterior mermaron en un nueve por ciento interanual.<\/p>\n<p>La industria alemana de maquinaria, uno de los pilares de la mayor econom\u00eda de Europa, enfrenta crecientes problemas de ventas por los conflictos comerciales internacionales. Muchos clientes son reacios a efectuar nuevos pedidos.<\/p>\n","protected":false},"excerpt":{"rendered":"<p>Fr\u00e1ncfort, 2 jul (dpa) &#8211; Los pedidos a los fabricantes alemanes de maquinaria e instalaciones industriales cayeron en mayo por sexto mes consecutivo, inform\u00f3 hoy la federaci\u00f3n del ramo, VDMA. Los encargos cedieron un siete por ciento real en comparaci\u00f3n con mayo de 2018. Mientras que la demanda dentro de Alemania disminuy\u00f3 ligeramente, en un [&hellip;]<\/p>\n","protected":false},"author":1,"featured_media":989215,"comment_status":"closed","ping_status":"closed","sticky":false,"template":"","format":"standard","meta":{"footnotes":""},"categories":[219],"tags":[],"class_list":["post-1033311","post","type-post","status-publish","format-standard","has-post-thumbnail","hentry","category-negocios-y-empresas"],"aioseo_notices":[],"aioseo_head":"\n\t\t<!-- All in One SEO Pro 4.9.6.2 - aioseo.com -->\n\t<meta name=\"description\" content=\"Fr\u00e1ncfort, 2 jul (dpa) - Los pedidos a los fabricantes alemanes de maquinaria e instalaciones industriales cayeron en mayo por sexto mes consecutivo, inform\u00f3 hoy la federaci\u00f3n del ramo, VDMA. Los encargos cedieron un siete por ciento real en comparaci\u00f3n con mayo de 2018. Mientras que la demanda dentro de Alemania disminuy\u00f3 ligeramente, en un\" \/>\n\t<meta name=\"robots\" content=\"max-image-preview:large\" \/>\n\t<meta name=\"author\" content=\"El Digital de Asturias\"\/>\n\t<meta name=\"google-site-verification\" content=\"UA-38556648-1\" \/>\n\t<meta name=\"msvalidate.01\" content=\"7dfe9f3f1b24437ab69f4f2559babe99\" \/>\n\t<meta name=\"keywords\" content=\"negocios y empresas\" \/>\n\t<link rel=\"canonical\" href=\"https:\/\/www.eldigitaldeasturias.com\/noticias\/sexta-caida-de-pedidos-a-fabricantes-alemanes-de-maquinaria\/\" \/>\n\t<meta name=\"generator\" content=\"All in One SEO Pro (AIOSEO) 4.9.6.2\" \/>\n\t\t<meta property=\"og:locale\" content=\"es_ES\" \/>\n\t\t<meta property=\"og:site_name\" content=\"El Digital de Asturias\" \/>\n\t\t<meta property=\"og:type\" content=\"article\" \/>\n\t\t<meta property=\"og:title\" content=\"Sexta ca\u00edda de pedidos a fabricantes alemanes de maquinaria - El Digital de Asturias\" \/>\n\t\t<meta property=\"og:description\" content=\"Fr\u00e1ncfort, 2 jul (dpa) - Los pedidos a los fabricantes alemanes de maquinaria e instalaciones industriales cayeron en mayo por sexto mes consecutivo, inform\u00f3 hoy la federaci\u00f3n del ramo, VDMA. Los encargos cedieron un siete por ciento real en comparaci\u00f3n con mayo de 2018. Mientras que la demanda dentro de Alemania disminuy\u00f3 ligeramente, en un\" \/>\n\t\t<meta property=\"og:url\" content=\"https:\/\/www.eldigitaldeasturias.com\/noticias\/sexta-caida-de-pedidos-a-fabricantes-alemanes-de-maquinaria\/\" \/>\n\t\t<meta property=\"og:image\" content=\"https:\/\/www.eldigitaldeasturias.com\/noticias\/wp-content\/uploads\/2018\/07\/money-1005479_960_720.jpg\" \/>\n\t\t<meta property=\"og:image:secure_url\" content=\"https:\/\/www.eldigitaldeasturias.com\/noticias\/wp-content\/uploads\/2018\/07\/money-1005479_960_720.jpg\" \/>\n\t\t<meta property=\"og:image:width\" content=\"960\" \/>\n\t\t<meta property=\"og:image:height\" content=\"619\" \/>\n\t\t<meta property=\"article:tag\" content=\"negocios y empresas\" \/>\n\t\t<meta property=\"article:published_time\" content=\"2019-07-02T11:29:35+00:00\" \/>\n\t\t<meta property=\"article:modified_time\" content=\"2019-07-02T11:29:35+00:00\" \/>\n\t\t<meta property=\"article:publisher\" content=\"https:\/\/facebook.com\/eldigitaldeasturias\" \/>\n\t\t<meta name=\"twitter:card\" content=\"summary_large_image\" \/>\n\t\t<meta name=\"twitter:title\" content=\"Sexta ca\u00edda de pedidos a fabricantes alemanes de maquinaria - El Digital de Asturias\" \/>\n\t\t<meta name=\"twitter:description\" content=\"Fr\u00e1ncfort, 2 jul (dpa) - Los pedidos a los fabricantes alemanes de maquinaria e instalaciones industriales cayeron en mayo por sexto mes consecutivo, inform\u00f3 hoy la federaci\u00f3n del ramo, VDMA. Los encargos cedieron un siete por ciento real en comparaci\u00f3n con mayo de 2018. Mientras que la demanda dentro de Alemania disminuy\u00f3 ligeramente, en un\" \/>\n\t\t<meta name=\"twitter:image\" content=\"https:\/\/www.eldigitaldeasturias.com\/noticias\/wp-content\/uploads\/2018\/07\/money-1005479_960_720.jpg\" \/>\n\t\t<meta name=\"twitter:label1\" content=\"Escrito por\" \/>\n\t\t<meta name=\"twitter:data1\" content=\"El Digital de Asturias\" \/>\n\t\t<meta name=\"twitter:label2\" content=\"Tiempo de lectura estimado\" \/>\n\t\t<meta name=\"twitter:data2\" content=\"1 minuto\" \/>\n\t\t<script type=\"application\/ld+json\" class=\"aioseo-schema\">\n\t\t\t{\"@context\":\"https:\\\/\\\/schema.org\",\"@graph\":[{\"@type\":\"BlogPosting\",\"@id\":\"https:\\\/\\\/www.eldigitaldeasturias.com\\\/noticias\\\/sexta-caida-de-pedidos-a-fabricantes-alemanes-de-maquinaria\\\/#blogposting\",\"name\":\"Sexta ca\\u00edda de pedidos a fabricantes alemanes de maquinaria - El Digital de Asturias\",\"headline\":\"Sexta ca\\u00edda de pedidos a fabricantes alemanes de maquinaria\",\"author\":{\"@id\":\"https:\\\/\\\/www.eldigitaldeasturias.com\\\/noticias\\\/author\\\/admin\\\/#author\"},\"publisher\":{\"@id\":\"https:\\\/\\\/www.eldigitaldeasturias.com\\\/noticias\\\/#organization\"},\"image\":{\"@type\":\"ImageObject\",\"url\":\"https:\\\/\\\/www.eldigitaldeasturias.com\\\/noticias\\\/wp-content\\\/uploads\\\/2018\\\/07\\\/money-1005479_960_720.jpg\",\"width\":960,\"height\":619},\"datePublished\":\"2019-07-02T11:29:35+02:00\",\"dateModified\":\"2019-07-02T11:29:35+02:00\",\"inLanguage\":\"es-ES\",\"mainEntityOfPage\":{\"@id\":\"https:\\\/\\\/www.eldigitaldeasturias.com\\\/noticias\\\/sexta-caida-de-pedidos-a-fabricantes-alemanes-de-maquinaria\\\/#webpage\"},\"isPartOf\":{\"@id\":\"https:\\\/\\\/www.eldigitaldeasturias.com\\\/noticias\\\/sexta-caida-de-pedidos-a-fabricantes-alemanes-de-maquinaria\\\/#webpage\"},\"articleSection\":\"Negocios y Empresas\"},{\"@type\":\"BreadcrumbList\",\"@id\":\"https:\\\/\\\/www.eldigitaldeasturias.com\\\/noticias\\\/sexta-caida-de-pedidos-a-fabricantes-alemanes-de-maquinaria\\\/#breadcrumblist\",\"itemListElement\":[{\"@type\":\"ListItem\",\"@id\":\"https:\\\/\\\/www.eldigitaldeasturias.com\\\/noticias#listItem\",\"position\":1,\"name\":\"Home\",\"item\":\"https:\\\/\\\/www.eldigitaldeasturias.com\\\/noticias\",\"nextItem\":{\"@type\":\"ListItem\",\"@id\":\"https:\\\/\\\/www.eldigitaldeasturias.com\\\/noticias\\\/category\\\/negocios-y-empresas\\\/#listItem\",\"name\":\"Negocios y Empresas\"}},{\"@type\":\"ListItem\",\"@id\":\"https:\\\/\\\/www.eldigitaldeasturias.com\\\/noticias\\\/category\\\/negocios-y-empresas\\\/#listItem\",\"position\":2,\"name\":\"Negocios y Empresas\",\"item\":\"https:\\\/\\\/www.eldigitaldeasturias.com\\\/noticias\\\/category\\\/negocios-y-empresas\\\/\",\"nextItem\":{\"@type\":\"ListItem\",\"@id\":\"https:\\\/\\\/www.eldigitaldeasturias.com\\\/noticias\\\/sexta-caida-de-pedidos-a-fabricantes-alemanes-de-maquinaria\\\/#listItem\",\"name\":\"Sexta ca\\u00edda de pedidos a fabricantes alemanes de maquinaria\"},\"previousItem\":{\"@type\":\"ListItem\",\"@id\":\"https:\\\/\\\/www.eldigitaldeasturias.com\\\/noticias#listItem\",\"name\":\"Home\"}},{\"@type\":\"ListItem\",\"@id\":\"https:\\\/\\\/www.eldigitaldeasturias.com\\\/noticias\\\/sexta-caida-de-pedidos-a-fabricantes-alemanes-de-maquinaria\\\/#listItem\",\"position\":3,\"name\":\"Sexta ca\\u00edda de pedidos a fabricantes alemanes de maquinaria\",\"previousItem\":{\"@type\":\"ListItem\",\"@id\":\"https:\\\/\\\/www.eldigitaldeasturias.com\\\/noticias\\\/category\\\/negocios-y-empresas\\\/#listItem\",\"name\":\"Negocios y Empresas\"}}]},{\"@type\":\"Organization\",\"@id\":\"https:\\\/\\\/www.eldigitaldeasturias.com\\\/noticias\\\/#organization\",\"name\":\"El Digital de Asturias\",\"description\":\"Hemeroteca\",\"url\":\"https:\\\/\\\/www.eldigitaldeasturias.com\\\/noticias\\\/\",\"email\":\"info@eldigitaldeasturias.com\",\"telephone\":\"+34652131393\",\"logo\":{\"@type\":\"ImageObject\",\"url\":\"https:\\\/\\\/www.eldigitaldeasturias.com\\\/noticias\\\/wp-content\\\/uploads\\\/2020\\\/12\\\/EDA.jpg\",\"@id\":\"https:\\\/\\\/www.eldigitaldeasturias.com\\\/noticias\\\/sexta-caida-de-pedidos-a-fabricantes-alemanes-de-maquinaria\\\/#organizationLogo\",\"width\":649,\"height\":297},\"image\":{\"@id\":\"https:\\\/\\\/www.eldigitaldeasturias.com\\\/noticias\\\/sexta-caida-de-pedidos-a-fabricantes-alemanes-de-maquinaria\\\/#organizationLogo\"},\"sameAs\":[\"https:\\\/\\\/facebook.com\\\/eldigitaldeasturias\",\"https:\\\/\\\/www.youtube.com\\\/channel\\\/UCZP-2wLEB9Rv6erhFmqVnvg\"],\"address\":{\"@id\":\"https:\\\/\\\/www.eldigitaldeasturias.com\\\/noticias\\\/#postaladdress\",\"@type\":\"PostalAddress\",\"streetAddress\":\"san antonio 4,\",\"postalCode\":\"33430\",\"addressLocality\":\"Cand\\u00e1s\",\"addressRegion\":\"Asturias\",\"addressCountry\":\"ES\"}},{\"@type\":\"Person\",\"@id\":\"https:\\\/\\\/www.eldigitaldeasturias.com\\\/noticias\\\/author\\\/admin\\\/#author\",\"url\":\"https:\\\/\\\/www.eldigitaldeasturias.com\\\/noticias\\\/author\\\/admin\\\/\",\"name\":\"El Digital de Asturias\",\"image\":{\"@type\":\"ImageObject\",\"@id\":\"https:\\\/\\\/www.eldigitaldeasturias.com\\\/noticias\\\/sexta-caida-de-pedidos-a-fabricantes-alemanes-de-maquinaria\\\/#authorImage\",\"url\":\"https:\\\/\\\/www.eldigitaldeasturias.com\\\/noticias\\\/wp-content\\\/litespeed\\\/avatar\\\/18677e78aa0546b92d9dbf31ec7d7668.jpg?ver=1777290358\",\"width\":96,\"height\":96,\"caption\":\"El Digital de Asturias\"}},{\"@type\":\"WebPage\",\"@id\":\"https:\\\/\\\/www.eldigitaldeasturias.com\\\/noticias\\\/sexta-caida-de-pedidos-a-fabricantes-alemanes-de-maquinaria\\\/#webpage\",\"url\":\"https:\\\/\\\/www.eldigitaldeasturias.com\\\/noticias\\\/sexta-caida-de-pedidos-a-fabricantes-alemanes-de-maquinaria\\\/\",\"name\":\"Sexta ca\\u00edda de pedidos a fabricantes alemanes de maquinaria - El Digital de Asturias\",\"description\":\"Fr\\u00e1ncfort, 2 jul (dpa) - Los pedidos a los fabricantes alemanes de maquinaria e instalaciones industriales cayeron en mayo por sexto mes consecutivo, inform\\u00f3 hoy la federaci\\u00f3n del ramo, VDMA. Los encargos cedieron un siete por ciento real en comparaci\\u00f3n con mayo de 2018. Mientras que la demanda dentro de Alemania disminuy\\u00f3 ligeramente, en un\",\"inLanguage\":\"es-ES\",\"isPartOf\":{\"@id\":\"https:\\\/\\\/www.eldigitaldeasturias.com\\\/noticias\\\/#website\"},\"breadcrumb\":{\"@id\":\"https:\\\/\\\/www.eldigitaldeasturias.com\\\/noticias\\\/sexta-caida-de-pedidos-a-fabricantes-alemanes-de-maquinaria\\\/#breadcrumblist\"},\"author\":{\"@id\":\"https:\\\/\\\/www.eldigitaldeasturias.com\\\/noticias\\\/author\\\/admin\\\/#author\"},\"creator\":{\"@id\":\"https:\\\/\\\/www.eldigitaldeasturias.com\\\/noticias\\\/author\\\/admin\\\/#author\"},\"image\":{\"@type\":\"ImageObject\",\"url\":\"https:\\\/\\\/www.eldigitaldeasturias.com\\\/noticias\\\/wp-content\\\/uploads\\\/2018\\\/07\\\/money-1005479_960_720.jpg\",\"@id\":\"https:\\\/\\\/www.eldigitaldeasturias.com\\\/noticias\\\/sexta-caida-de-pedidos-a-fabricantes-alemanes-de-maquinaria\\\/#mainImage\",\"width\":960,\"height\":619},\"primaryImageOfPage\":{\"@id\":\"https:\\\/\\\/www.eldigitaldeasturias.com\\\/noticias\\\/sexta-caida-de-pedidos-a-fabricantes-alemanes-de-maquinaria\\\/#mainImage\"},\"datePublished\":\"2019-07-02T11:29:35+02:00\",\"dateModified\":\"2019-07-02T11:29:35+02:00\"},{\"@type\":\"WebSite\",\"@id\":\"https:\\\/\\\/www.eldigitaldeasturias.com\\\/noticias\\\/#website\",\"url\":\"https:\\\/\\\/www.eldigitaldeasturias.com\\\/noticias\\\/\",\"name\":\"El Digital de Asturias - Diario de actualidad y noticias\",\"alternateName\":\"El Digital de Asturias - Diario de actualidad y noticias\",\"description\":\"Hemeroteca\",\"inLanguage\":\"es-ES\",\"publisher\":{\"@id\":\"https:\\\/\\\/www.eldigitaldeasturias.com\\\/noticias\\\/#organization\"}}]}\n\t\t<\/script>\n\t\t<!-- All in One SEO Pro -->\r\n\t\t<title>Sexta ca\u00edda de pedidos a fabricantes alemanes de maquinaria - El Digital de Asturias<\/title>\n\n","aioseo_head_json":{"title":"Sexta ca\u00edda de pedidos a fabricantes alemanes de maquinaria - El Digital de Asturias","description":"Fr\u00e1ncfort, 2 jul (dpa) - Los pedidos a los fabricantes alemanes de maquinaria e instalaciones industriales cayeron en mayo por sexto mes consecutivo, inform\u00f3 hoy la federaci\u00f3n del ramo, VDMA. Los encargos cedieron un siete por ciento real en comparaci\u00f3n con mayo de 2018. Mientras que la demanda dentro de Alemania disminuy\u00f3 ligeramente, en un","canonical_url":"https:\/\/www.eldigitaldeasturias.com\/noticias\/sexta-caida-de-pedidos-a-fabricantes-alemanes-de-maquinaria\/","robots":"max-image-preview:large","keywords":"negocios y empresas","webmasterTools":{"google-site-verification":"UA-38556648-1","msvalidate.01":"7dfe9f3f1b24437ab69f4f2559babe99","miscellaneous":""},"schema":{"@context":"https:\/\/schema.org","@graph":[{"@type":"BlogPosting","@id":"https:\/\/www.eldigitaldeasturias.com\/noticias\/sexta-caida-de-pedidos-a-fabricantes-alemanes-de-maquinaria\/#blogposting","name":"Sexta ca\u00edda de pedidos a fabricantes alemanes de maquinaria - El Digital de Asturias","headline":"Sexta ca\u00edda de pedidos a fabricantes alemanes de maquinaria","author":{"@id":"https:\/\/www.eldigitaldeasturias.com\/noticias\/author\/admin\/#author"},"publisher":{"@id":"https:\/\/www.eldigitaldeasturias.com\/noticias\/#organization"},"image":{"@type":"ImageObject","url":"https:\/\/www.eldigitaldeasturias.com\/noticias\/wp-content\/uploads\/2018\/07\/money-1005479_960_720.jpg","width":960,"height":619},"datePublished":"2019-07-02T11:29:35+02:00","dateModified":"2019-07-02T11:29:35+02:00","inLanguage":"es-ES","mainEntityOfPage":{"@id":"https:\/\/www.eldigitaldeasturias.com\/noticias\/sexta-caida-de-pedidos-a-fabricantes-alemanes-de-maquinaria\/#webpage"},"isPartOf":{"@id":"https:\/\/www.eldigitaldeasturias.com\/noticias\/sexta-caida-de-pedidos-a-fabricantes-alemanes-de-maquinaria\/#webpage"},"articleSection":"Negocios y Empresas"},{"@type":"BreadcrumbList","@id":"https:\/\/www.eldigitaldeasturias.com\/noticias\/sexta-caida-de-pedidos-a-fabricantes-alemanes-de-maquinaria\/#breadcrumblist","itemListElement":[{"@type":"ListItem","@id":"https:\/\/www.eldigitaldeasturias.com\/noticias#listItem","position":1,"name":"Home","item":"https:\/\/www.eldigitaldeasturias.com\/noticias","nextItem":{"@type":"ListItem","@id":"https:\/\/www.eldigitaldeasturias.com\/noticias\/category\/negocios-y-empresas\/#listItem","name":"Negocios y Empresas"}},{"@type":"ListItem","@id":"https:\/\/www.eldigitaldeasturias.com\/noticias\/category\/negocios-y-empresas\/#listItem","position":2,"name":"Negocios y Empresas","item":"https:\/\/www.eldigitaldeasturias.com\/noticias\/category\/negocios-y-empresas\/","nextItem":{"@type":"ListItem","@id":"https:\/\/www.eldigitaldeasturias.com\/noticias\/sexta-caida-de-pedidos-a-fabricantes-alemanes-de-maquinaria\/#listItem","name":"Sexta ca\u00edda de pedidos a fabricantes alemanes de maquinaria"},"previousItem":{"@type":"ListItem","@id":"https:\/\/www.eldigitaldeasturias.com\/noticias#listItem","name":"Home"}},{"@type":"ListItem","@id":"https:\/\/www.eldigitaldeasturias.com\/noticias\/sexta-caida-de-pedidos-a-fabricantes-alemanes-de-maquinaria\/#listItem","position":3,"name":"Sexta ca\u00edda de pedidos a fabricantes alemanes de maquinaria","previousItem":{"@type":"ListItem","@id":"https:\/\/www.eldigitaldeasturias.com\/noticias\/category\/negocios-y-empresas\/#listItem","name":"Negocios y Empresas"}}]},{"@type":"Organization","@id":"https:\/\/www.eldigitaldeasturias.com\/noticias\/#organization","name":"El Digital de Asturias","description":"Hemeroteca","url":"https:\/\/www.eldigitaldeasturias.com\/noticias\/","email":"info@eldigitaldeasturias.com","telephone":"+34652131393","logo":{"@type":"ImageObject","url":"https:\/\/www.eldigitaldeasturias.com\/noticias\/wp-content\/uploads\/2020\/12\/EDA.jpg","@id":"https:\/\/www.eldigitaldeasturias.com\/noticias\/sexta-caida-de-pedidos-a-fabricantes-alemanes-de-maquinaria\/#organizationLogo","width":649,"height":297},"image":{"@id":"https:\/\/www.eldigitaldeasturias.com\/noticias\/sexta-caida-de-pedidos-a-fabricantes-alemanes-de-maquinaria\/#organizationLogo"},"sameAs":["https:\/\/facebook.com\/eldigitaldeasturias","https:\/\/www.youtube.com\/channel\/UCZP-2wLEB9Rv6erhFmqVnvg"],"address":{"@id":"https:\/\/www.eldigitaldeasturias.com\/noticias\/#postaladdress","@type":"PostalAddress","streetAddress":"san antonio 4,","postalCode":"33430","addressLocality":"Cand\u00e1s","addressRegion":"Asturias","addressCountry":"ES"}},{"@type":"Person","@id":"https:\/\/www.eldigitaldeasturias.com\/noticias\/author\/admin\/#author","url":"https:\/\/www.eldigitaldeasturias.com\/noticias\/author\/admin\/","name":"El Digital de Asturias","image":{"@type":"ImageObject","@id":"https:\/\/www.eldigitaldeasturias.com\/noticias\/sexta-caida-de-pedidos-a-fabricantes-alemanes-de-maquinaria\/#authorImage","url":"https:\/\/www.eldigitaldeasturias.com\/noticias\/wp-content\/litespeed\/avatar\/18677e78aa0546b92d9dbf31ec7d7668.jpg?ver=1777290358","width":96,"height":96,"caption":"El Digital de Asturias"}},{"@type":"WebPage","@id":"https:\/\/www.eldigitaldeasturias.com\/noticias\/sexta-caida-de-pedidos-a-fabricantes-alemanes-de-maquinaria\/#webpage","url":"https:\/\/www.eldigitaldeasturias.com\/noticias\/sexta-caida-de-pedidos-a-fabricantes-alemanes-de-maquinaria\/","name":"Sexta ca\u00edda de pedidos a fabricantes alemanes de maquinaria - El Digital de Asturias","description":"Fr\u00e1ncfort, 2 jul (dpa) - Los pedidos a los fabricantes alemanes de maquinaria e instalaciones industriales cayeron en mayo por sexto mes consecutivo, inform\u00f3 hoy la federaci\u00f3n del ramo, VDMA. Los encargos cedieron un siete por ciento real en comparaci\u00f3n con mayo de 2018. Mientras que la demanda dentro de Alemania disminuy\u00f3 ligeramente, en un","inLanguage":"es-ES","isPartOf":{"@id":"https:\/\/www.eldigitaldeasturias.com\/noticias\/#website"},"breadcrumb":{"@id":"https:\/\/www.eldigitaldeasturias.com\/noticias\/sexta-caida-de-pedidos-a-fabricantes-alemanes-de-maquinaria\/#breadcrumblist"},"author":{"@id":"https:\/\/www.eldigitaldeasturias.com\/noticias\/author\/admin\/#author"},"creator":{"@id":"https:\/\/www.eldigitaldeasturias.com\/noticias\/author\/admin\/#author"},"image":{"@type":"ImageObject","url":"https:\/\/www.eldigitaldeasturias.com\/noticias\/wp-content\/uploads\/2018\/07\/money-1005479_960_720.jpg","@id":"https:\/\/www.eldigitaldeasturias.com\/noticias\/sexta-caida-de-pedidos-a-fabricantes-alemanes-de-maquinaria\/#mainImage","width":960,"height":619},"primaryImageOfPage":{"@id":"https:\/\/www.eldigitaldeasturias.com\/noticias\/sexta-caida-de-pedidos-a-fabricantes-alemanes-de-maquinaria\/#mainImage"},"datePublished":"2019-07-02T11:29:35+02:00","dateModified":"2019-07-02T11:29:35+02:00"},{"@type":"WebSite","@id":"https:\/\/www.eldigitaldeasturias.com\/noticias\/#website","url":"https:\/\/www.eldigitaldeasturias.com\/noticias\/","name":"El Digital de Asturias - Diario de actualidad y noticias","alternateName":"El Digital de Asturias - Diario de actualidad y noticias","description":"Hemeroteca","inLanguage":"es-ES","publisher":{"@id":"https:\/\/www.eldigitaldeasturias.com\/noticias\/#organization"}}]},"og:locale":"es_ES","og:site_name":"El Digital de Asturias","og:type":"article","og:title":"Sexta ca\u00edda de pedidos a fabricantes alemanes de maquinaria - El Digital de Asturias","og:description":"Fr\u00e1ncfort, 2 jul (dpa) - Los pedidos a los fabricantes alemanes de maquinaria e instalaciones industriales cayeron en mayo por sexto mes consecutivo, inform\u00f3 hoy la federaci\u00f3n del ramo, VDMA. Los encargos cedieron un siete por ciento real en comparaci\u00f3n con mayo de 2018. Mientras que la demanda dentro de Alemania disminuy\u00f3 ligeramente, en un","og:url":"https:\/\/www.eldigitaldeasturias.com\/noticias\/sexta-caida-de-pedidos-a-fabricantes-alemanes-de-maquinaria\/","og:image":"https:\/\/www.eldigitaldeasturias.com\/noticias\/wp-content\/uploads\/2018\/07\/money-1005479_960_720.jpg","og:image:secure_url":"https:\/\/www.eldigitaldeasturias.com\/noticias\/wp-content\/uploads\/2018\/07\/money-1005479_960_720.jpg","og:image:width":960,"og:image:height":619,"article:tag":["negocios y empresas"],"article:published_time":"2019-07-02T11:29:35+00:00","article:modified_time":"2019-07-02T11:29:35+00:00","article:publisher":"https:\/\/facebook.com\/eldigitaldeasturias","twitter:card":"summary_large_image","twitter:title":"Sexta ca\u00edda de pedidos a fabricantes alemanes de maquinaria - El Digital de Asturias","twitter:description":"Fr\u00e1ncfort, 2 jul (dpa) - Los pedidos a los fabricantes alemanes de maquinaria e instalaciones industriales cayeron en mayo por sexto mes consecutivo, inform\u00f3 hoy la federaci\u00f3n del ramo, VDMA. Los encargos cedieron un siete por ciento real en comparaci\u00f3n con mayo de 2018. Mientras que la demanda dentro de Alemania disminuy\u00f3 ligeramente, en un","twitter:image":"https:\/\/www.eldigitaldeasturias.com\/noticias\/wp-content\/uploads\/2018\/07\/money-1005479_960_720.jpg","twitter:label1":"Escrito por","twitter:data1":"El Digital de Asturias","twitter:label2":"Tiempo de lectura estimado","twitter:data2":"1 minuto"},"aioseo_meta_data":{"post_id":"1033311","title":null,"description":null,"keywords":null,"keyphrases":null,"primary_term":null,"canonical_url":null,"og_title":null,"og_description":null,"og_object_type":"default","og_image_type":"default","og_image_url":null,"og_image_width":null,"og_image_height":null,"og_image_custom_url":null,"og_image_custom_fields":null,"og_video":null,"og_custom_url":null,"og_article_section":null,"og_article_tags":null,"twitter_use_og":false,"twitter_card":"default","twitter_image_type":"default","twitter_image_url":null,"twitter_image_custom_url":null,"twitter_image_custom_fields":null,"twitter_title":null,"twitter_description":null,"schema":{"blockGraphs":[],"customGraphs":[],"default":{"data":{"Article":[],"Course":[],"Dataset":[],"FAQPage":[],"Movie":[],"Person":[],"Product":[],"ProductReview":[],"Car":[],"Recipe":[],"Service":[],"SoftwareApplication":[],"WebPage":[]},"graphName":"","isEnabled":true},"graphs":[],"defaultGraph":"","defaultPostTypeGraph":""},"schema_type":null,"schema_type_options":null,"pillar_content":false,"robots_default":true,"robots_noindex":false,"robots_noarchive":false,"robots_nosnippet":false,"robots_nofollow":false,"robots_noimageindex":false,"robots_noodp":false,"robots_notranslate":false,"robots_max_snippet":null,"robots_max_videopreview":null,"robots_max_imagepreview":"large","priority":null,"frequency":null,"local_seo":null,"seo_analyzer_scan_date":"2025-10-21 23:24:08","breadcrumb_settings":null,"limit_modified_date":false,"open_ai":null,"ai":null,"created":"2020-12-21 11:08:46","updated":"2025-10-21 23:24:08"},"aioseo_breadcrumb":"<div class=\"aioseo-breadcrumbs\"><span class=\"aioseo-breadcrumb\">\n\t<a href=\"https:\/\/www.eldigitaldeasturias.com\/noticias\" title=\"Home\">Home<\/a>\n<\/span><span class=\"aioseo-breadcrumb-separator\">\u2013<\/span><span class=\"aioseo-breadcrumb\">\n\t<a href=\"https:\/\/www.eldigitaldeasturias.com\/noticias\/category\/negocios-y-empresas\/\" title=\"Negocios y Empresas\">Negocios y Empresas<\/a>\n<\/span><span class=\"aioseo-breadcrumb-separator\">\u2013<\/span><span class=\"aioseo-breadcrumb\">\n\t<a href=\"https:\/\/www.eldigitaldeasturias.com\/noticias\/sexta-caida-de-pedidos-a-fabricantes-alemanes-de-maquinaria\/\" title=\"Sexta ca\u00edda de pedidos a fabricantes alemanes de maquinaria\">Sexta ca\u00edda de pedidos a fabricantes alemanes de maquinaria<\/a>\n<\/span><\/div>","aioseo_breadcrumb_json":[{"label":"Home","link":"https:\/\/www.eldigitaldeasturias.com\/noticias"},{"label":"Negocios y Empresas","link":"https:\/\/www.eldigitaldeasturias.com\/noticias\/category\/negocios-y-empresas\/"},{"label":"Sexta ca\u00edda de pedidos a fabricantes alemanes de maquinaria","link":"https:\/\/www.eldigitaldeasturias.com\/noticias\/sexta-caida-de-pedidos-a-fabricantes-alemanes-de-maquinaria\/"}],"_links":{"self":[{"href":"https:\/\/www.eldigitaldeasturias.com\/noticias\/wp-json\/wp\/v2\/posts\/1033311","targetHints":{"allow":["GET"]}}],"collection":[{"href":"https:\/\/www.eldigitaldeasturias.com\/noticias\/wp-json\/wp\/v2\/posts"}],"about":[{"href":"https:\/\/www.eldigitaldeasturias.com\/noticias\/wp-json\/wp\/v2\/types\/post"}],"author":[{"embeddable":true,"href":"https:\/\/www.eldigitaldeasturias.com\/noticias\/wp-json\/wp\/v2\/users\/1"}],"replies":[{"embeddable":true,"href":"https:\/\/www.eldigitaldeasturias.com\/noticias\/wp-json\/wp\/v2\/comments?post=1033311"}],"version-history":[{"count":0,"href":"https:\/\/www.eldigitaldeasturias.com\/noticias\/wp-json\/wp\/v2\/posts\/1033311\/revisions"}],"wp:featuredmedia":[{"embeddable":true,"href":"https:\/\/www.eldigitaldeasturias.com\/noticias\/wp-json\/wp\/v2\/media\/989215"}],"wp:attachment":[{"href":"https:\/\/www.eldigitaldeasturias.com\/noticias\/wp-json\/wp\/v2\/media?parent=1033311"}],"wp:term":[{"taxonomy":"category","embeddable":true,"href":"https:\/\/www.eldigitaldeasturias.com\/noticias\/wp-json\/wp\/v2\/categories?post=1033311"},{"taxonomy":"post_tag","embeddable":true,"href":"https:\/\/www.eldigitaldeasturias.com\/noticias\/wp-json\/wp\/v2\/tags?post=1033311"}],"curies":[{"name":"wp","href":"https:\/\/api.w.org\/{rel}","templated":true}]}}