{"id":1033308,"date":"2019-07-02T11:27:47","date_gmt":"2019-07-02T11:27:47","guid":{"rendered":"https:\/\/www.eldigitaldeasturias.com\/noticias\/?p=1033308"},"modified":"2019-07-02T11:27:47","modified_gmt":"2019-07-02T11:27:47","slug":"rumores-de-miles-de-despidos-dan-alas-a-los-titulos-de-deutsche-bank","status":"publish","type":"post","link":"https:\/\/www.eldigitaldeasturias.com\/noticias\/rumores-de-miles-de-despidos-dan-alas-a-los-titulos-de-deutsche-bank\/","title":{"rendered":"Rumores de miles de despidos dan alas a los t\u00edtulos de Deutsche Bank"},"content":{"rendered":"<p><img loading=\"lazy\" decoding=\"async\" class=\"alignleft size-medium wp-image-1033309\" src=\"https:\/\/www.eldigitaldeasturias.com\/noticias\/wp-content\/uploads\/2019\/07\/Deutsche-Bank-360x249.jpg\" alt=\"\" width=\"360\" height=\"249\" srcset=\"https:\/\/www.eldigitaldeasturias.com\/noticias\/wp-content\/uploads\/2019\/07\/Deutsche-Bank-360x249.jpg 360w, https:\/\/www.eldigitaldeasturias.com\/noticias\/wp-content\/uploads\/2019\/07\/Deutsche-Bank-768x532.jpg 768w, https:\/\/www.eldigitaldeasturias.com\/noticias\/wp-content\/uploads\/2019\/07\/Deutsche-Bank-650x450.jpg 650w, https:\/\/www.eldigitaldeasturias.com\/noticias\/wp-content\/uploads\/2019\/07\/Deutsche-Bank.jpg 986w\" sizes=\"auto, (max-width: 360px) 100vw, 360px\" \/>Fr\u00e1ncfort, 1 jul (dpa) &#8211; Impulsadas por rumores sobre planes de una reestructuraci\u00f3n a gran escala con recortes masivos de puestos de trabajo, las acciones del Deutsche Bank treparon hoy con fuerza.<\/p>\n<p>Tras el inicio de la actividad burs\u00e1til en la Bolsa de Fr\u00e1ncfort, los t\u00edtulos subieron un 2,6 por ciento hasta los 6,959 euros (7,899 d\u00f3lares). De este modo se ubicaron muy por encima del DAX, el \u00edndice selectivo de Alemania.<\/p>\n<p>El fin de semana, la agencia de noticias Bloomberg y el peri\u00f3dico financiero estadounidense \u00abWall Street Journal\u00bb se hicieron eco de presuntos planes del mayor banco comercial alem\u00e1n para recortar hasta 20.000 puestos de trabajo, m\u00e1s de una quinta parte de su plantilla actual. Los informes se basan en varias fuentes del banco.<\/p>\n<p>De acuerdo con estas versiones, esta misma semana se espera un anuncio al respecto. El Deutsche Bank lucha desde hace mucho tiempo con problemas en algunas divisiones y est\u00e1 a punto de someterse a una importante reestructuraci\u00f3n.<\/p>\n<p>A finales de mayo, Christian Sewing, presidente ejecutivo de Deutsche Bank durante m\u00e1s de un a\u00f1o, anunci\u00f3 nuevos recortes en la asamblea general anual.<\/p>\n<p>La instituci\u00f3n crediticia quiere reducir los costes de forma significativa para compensar los bajos ingresos. Los inversores llevan mucho tiempo esperando una mejora de las perspectivas de beneficios del grupo.<\/p>\n<p>La subida de los t\u00edtulos al principio de la semana podr\u00eda dar continuidad a la recuperaci\u00f3n de la cotizaci\u00f3n, que registr\u00f3 un m\u00ednimo hist\u00f3rico de 5,801 euros a principios de junio. Sin embargo, la acci\u00f3n sigue siendo una de las m\u00e1s d\u00e9biles del Dax, con ligeras p\u00e9rdidas a lo largo del a\u00f1o.<\/p>\n<p>El Deutsche Bank lleva a\u00f1os intentando dar soluci\u00f3n a varios problemas de peso. Las disputas legales de los tiempos de la crisis financiera de hace diez a\u00f1os lastraron las cuentas del banco con costosos acuerdos y multas que alcanzaron los miles de millones durante a\u00f1os.<\/p>\n<p>Los accionistas se han visto muy perjudicados en los \u00faltimos a\u00f1os. Antes del estallido de la crisis financiera en 2007, la acci\u00f3n se cotizaba a m\u00e1s de 90 euros. En los \u00faltimos cinco a\u00f1os, los t\u00edtulos de Deutsche Bank han perdido tres cuartas partes de su valor.<\/p>\n<p>En comparaci\u00f3n con sus rivales europeos y estadounidenses, el banco ha perdido mucho terreno en t\u00e9rminos de valor de mercado. En el DAX, incluso el procesador de pagos Wirecard vale unos 18.000 millones de euros, unos 4.000 millones m\u00e1s que el mayor banco alem\u00e1n.<\/p>\n<p><em>Foto: Arne Dedert\/dpa\u00a0<\/em><\/p>\n<p>&nbsp;<\/p>\n","protected":false},"excerpt":{"rendered":"<p>Fr\u00e1ncfort, 1 jul (dpa) &#8211; Impulsadas por rumores sobre planes de una reestructuraci\u00f3n a gran escala con recortes masivos de puestos de trabajo, las acciones del Deutsche Bank treparon hoy con fuerza. Tras el inicio de la actividad burs\u00e1til en la Bolsa de Fr\u00e1ncfort, los t\u00edtulos subieron un 2,6 por ciento hasta los 6,959 euros [&hellip;]<\/p>\n","protected":false},"author":1,"featured_media":1033309,"comment_status":"closed","ping_status":"closed","sticky":false,"template":"","format":"standard","meta":{"footnotes":""},"categories":[219],"tags":[],"class_list":["post-1033308","post","type-post","status-publish","format-standard","has-post-thumbnail","hentry","category-negocios-y-empresas"],"aioseo_notices":[],"aioseo_head":"\n\t\t<!-- All in One SEO Pro 4.9.6.2 - aioseo.com -->\n\t<meta name=\"description\" content=\"Fr\u00e1ncfort, 1 jul (dpa) - Impulsadas por rumores sobre planes de una reestructuraci\u00f3n a gran escala con recortes masivos de puestos de trabajo, las acciones del Deutsche Bank treparon hoy con fuerza. Tras el inicio de la actividad burs\u00e1til en la Bolsa de Fr\u00e1ncfort, los t\u00edtulos subieron un 2,6 por ciento hasta los 6,959 euros\" \/>\n\t<meta name=\"robots\" content=\"max-image-preview:large\" \/>\n\t<meta name=\"author\" content=\"El Digital de Asturias\"\/>\n\t<meta name=\"google-site-verification\" content=\"UA-38556648-1\" \/>\n\t<meta name=\"msvalidate.01\" content=\"7dfe9f3f1b24437ab69f4f2559babe99\" \/>\n\t<meta name=\"keywords\" content=\"negocios y empresas\" \/>\n\t<link rel=\"canonical\" href=\"https:\/\/www.eldigitaldeasturias.com\/noticias\/rumores-de-miles-de-despidos-dan-alas-a-los-titulos-de-deutsche-bank\/\" \/>\n\t<meta name=\"generator\" content=\"All in One SEO Pro (AIOSEO) 4.9.6.2\" \/>\n\t\t<meta property=\"og:locale\" content=\"es_ES\" \/>\n\t\t<meta property=\"og:site_name\" content=\"El Digital de Asturias\" \/>\n\t\t<meta property=\"og:type\" content=\"article\" \/>\n\t\t<meta property=\"og:title\" content=\"Rumores de miles de despidos dan alas a los t\u00edtulos de Deutsche Bank - El Digital de Asturias\" \/>\n\t\t<meta property=\"og:description\" content=\"Fr\u00e1ncfort, 1 jul (dpa) - Impulsadas por rumores sobre planes de una reestructuraci\u00f3n a gran escala con recortes masivos de puestos de trabajo, las acciones del Deutsche Bank treparon hoy con fuerza. Tras el inicio de la actividad burs\u00e1til en la Bolsa de Fr\u00e1ncfort, los t\u00edtulos subieron un 2,6 por ciento hasta los 6,959 euros\" \/>\n\t\t<meta property=\"og:url\" content=\"https:\/\/www.eldigitaldeasturias.com\/noticias\/rumores-de-miles-de-despidos-dan-alas-a-los-titulos-de-deutsche-bank\/\" \/>\n\t\t<meta property=\"og:image\" content=\"https:\/\/www.eldigitaldeasturias.com\/noticias\/wp-content\/uploads\/2019\/07\/Deutsche-Bank.jpg\" \/>\n\t\t<meta property=\"og:image:secure_url\" content=\"https:\/\/www.eldigitaldeasturias.com\/noticias\/wp-content\/uploads\/2019\/07\/Deutsche-Bank.jpg\" \/>\n\t\t<meta property=\"og:image:width\" content=\"986\" \/>\n\t\t<meta property=\"og:image:height\" content=\"683\" \/>\n\t\t<meta property=\"article:tag\" content=\"negocios y empresas\" \/>\n\t\t<meta property=\"article:published_time\" content=\"2019-07-02T11:27:47+00:00\" \/>\n\t\t<meta property=\"article:modified_time\" content=\"2019-07-02T11:27:47+00:00\" \/>\n\t\t<meta property=\"article:publisher\" content=\"https:\/\/facebook.com\/eldigitaldeasturias\" \/>\n\t\t<meta name=\"twitter:card\" content=\"summary_large_image\" \/>\n\t\t<meta name=\"twitter:title\" content=\"Rumores de miles de despidos dan alas a los t\u00edtulos de Deutsche Bank - El Digital de Asturias\" \/>\n\t\t<meta name=\"twitter:description\" content=\"Fr\u00e1ncfort, 1 jul (dpa) - Impulsadas por rumores sobre planes de una reestructuraci\u00f3n a gran escala con recortes masivos de puestos de trabajo, las acciones del Deutsche Bank treparon hoy con fuerza. Tras el inicio de la actividad burs\u00e1til en la Bolsa de Fr\u00e1ncfort, los t\u00edtulos subieron un 2,6 por ciento hasta los 6,959 euros\" \/>\n\t\t<meta name=\"twitter:image\" content=\"https:\/\/www.eldigitaldeasturias.com\/noticias\/wp-content\/uploads\/2019\/07\/Deutsche-Bank.jpg\" \/>\n\t\t<meta name=\"twitter:label1\" content=\"Escrito por\" \/>\n\t\t<meta name=\"twitter:data1\" content=\"El Digital de Asturias\" \/>\n\t\t<meta name=\"twitter:label2\" content=\"Tiempo de lectura estimado\" \/>\n\t\t<meta name=\"twitter:data2\" content=\"2 minutos\" \/>\n\t\t<script type=\"application\/ld+json\" class=\"aioseo-schema\">\n\t\t\t{\"@context\":\"https:\\\/\\\/schema.org\",\"@graph\":[{\"@type\":\"BlogPosting\",\"@id\":\"https:\\\/\\\/www.eldigitaldeasturias.com\\\/noticias\\\/rumores-de-miles-de-despidos-dan-alas-a-los-titulos-de-deutsche-bank\\\/#blogposting\",\"name\":\"Rumores de miles de despidos dan alas a los t\\u00edtulos de Deutsche Bank - El Digital de Asturias\",\"headline\":\"Rumores de miles de despidos dan alas a los t\\u00edtulos de Deutsche Bank\",\"author\":{\"@id\":\"https:\\\/\\\/www.eldigitaldeasturias.com\\\/noticias\\\/author\\\/admin\\\/#author\"},\"publisher\":{\"@id\":\"https:\\\/\\\/www.eldigitaldeasturias.com\\\/noticias\\\/#organization\"},\"image\":{\"@type\":\"ImageObject\",\"url\":\"https:\\\/\\\/www.eldigitaldeasturias.com\\\/noticias\\\/wp-content\\\/uploads\\\/2019\\\/07\\\/Deutsche-Bank.jpg\",\"width\":986,\"height\":683},\"datePublished\":\"2019-07-02T11:27:47+02:00\",\"dateModified\":\"2019-07-02T11:27:47+02:00\",\"inLanguage\":\"es-ES\",\"mainEntityOfPage\":{\"@id\":\"https:\\\/\\\/www.eldigitaldeasturias.com\\\/noticias\\\/rumores-de-miles-de-despidos-dan-alas-a-los-titulos-de-deutsche-bank\\\/#webpage\"},\"isPartOf\":{\"@id\":\"https:\\\/\\\/www.eldigitaldeasturias.com\\\/noticias\\\/rumores-de-miles-de-despidos-dan-alas-a-los-titulos-de-deutsche-bank\\\/#webpage\"},\"articleSection\":\"Negocios y Empresas\"},{\"@type\":\"BreadcrumbList\",\"@id\":\"https:\\\/\\\/www.eldigitaldeasturias.com\\\/noticias\\\/rumores-de-miles-de-despidos-dan-alas-a-los-titulos-de-deutsche-bank\\\/#breadcrumblist\",\"itemListElement\":[{\"@type\":\"ListItem\",\"@id\":\"https:\\\/\\\/www.eldigitaldeasturias.com\\\/noticias#listItem\",\"position\":1,\"name\":\"Home\",\"item\":\"https:\\\/\\\/www.eldigitaldeasturias.com\\\/noticias\",\"nextItem\":{\"@type\":\"ListItem\",\"@id\":\"https:\\\/\\\/www.eldigitaldeasturias.com\\\/noticias\\\/category\\\/negocios-y-empresas\\\/#listItem\",\"name\":\"Negocios y Empresas\"}},{\"@type\":\"ListItem\",\"@id\":\"https:\\\/\\\/www.eldigitaldeasturias.com\\\/noticias\\\/category\\\/negocios-y-empresas\\\/#listItem\",\"position\":2,\"name\":\"Negocios y Empresas\",\"item\":\"https:\\\/\\\/www.eldigitaldeasturias.com\\\/noticias\\\/category\\\/negocios-y-empresas\\\/\",\"nextItem\":{\"@type\":\"ListItem\",\"@id\":\"https:\\\/\\\/www.eldigitaldeasturias.com\\\/noticias\\\/rumores-de-miles-de-despidos-dan-alas-a-los-titulos-de-deutsche-bank\\\/#listItem\",\"name\":\"Rumores de miles de despidos dan alas a los t\\u00edtulos de Deutsche Bank\"},\"previousItem\":{\"@type\":\"ListItem\",\"@id\":\"https:\\\/\\\/www.eldigitaldeasturias.com\\\/noticias#listItem\",\"name\":\"Home\"}},{\"@type\":\"ListItem\",\"@id\":\"https:\\\/\\\/www.eldigitaldeasturias.com\\\/noticias\\\/rumores-de-miles-de-despidos-dan-alas-a-los-titulos-de-deutsche-bank\\\/#listItem\",\"position\":3,\"name\":\"Rumores de miles de despidos dan alas a los t\\u00edtulos de Deutsche Bank\",\"previousItem\":{\"@type\":\"ListItem\",\"@id\":\"https:\\\/\\\/www.eldigitaldeasturias.com\\\/noticias\\\/category\\\/negocios-y-empresas\\\/#listItem\",\"name\":\"Negocios y Empresas\"}}]},{\"@type\":\"Organization\",\"@id\":\"https:\\\/\\\/www.eldigitaldeasturias.com\\\/noticias\\\/#organization\",\"name\":\"El Digital de Asturias\",\"description\":\"Hemeroteca\",\"url\":\"https:\\\/\\\/www.eldigitaldeasturias.com\\\/noticias\\\/\",\"email\":\"info@eldigitaldeasturias.com\",\"telephone\":\"+34652131393\",\"logo\":{\"@type\":\"ImageObject\",\"url\":\"https:\\\/\\\/www.eldigitaldeasturias.com\\\/noticias\\\/wp-content\\\/uploads\\\/2020\\\/12\\\/EDA.jpg\",\"@id\":\"https:\\\/\\\/www.eldigitaldeasturias.com\\\/noticias\\\/rumores-de-miles-de-despidos-dan-alas-a-los-titulos-de-deutsche-bank\\\/#organizationLogo\",\"width\":649,\"height\":297},\"image\":{\"@id\":\"https:\\\/\\\/www.eldigitaldeasturias.com\\\/noticias\\\/rumores-de-miles-de-despidos-dan-alas-a-los-titulos-de-deutsche-bank\\\/#organizationLogo\"},\"sameAs\":[\"https:\\\/\\\/facebook.com\\\/eldigitaldeasturias\",\"https:\\\/\\\/www.youtube.com\\\/channel\\\/UCZP-2wLEB9Rv6erhFmqVnvg\"],\"address\":{\"@id\":\"https:\\\/\\\/www.eldigitaldeasturias.com\\\/noticias\\\/#postaladdress\",\"@type\":\"PostalAddress\",\"streetAddress\":\"san antonio 4,\",\"postalCode\":\"33430\",\"addressLocality\":\"Cand\\u00e1s\",\"addressRegion\":\"Asturias\",\"addressCountry\":\"ES\"}},{\"@type\":\"Person\",\"@id\":\"https:\\\/\\\/www.eldigitaldeasturias.com\\\/noticias\\\/author\\\/admin\\\/#author\",\"url\":\"https:\\\/\\\/www.eldigitaldeasturias.com\\\/noticias\\\/author\\\/admin\\\/\",\"name\":\"El Digital de Asturias\",\"image\":{\"@type\":\"ImageObject\",\"@id\":\"https:\\\/\\\/www.eldigitaldeasturias.com\\\/noticias\\\/rumores-de-miles-de-despidos-dan-alas-a-los-titulos-de-deutsche-bank\\\/#authorImage\",\"url\":\"https:\\\/\\\/www.eldigitaldeasturias.com\\\/noticias\\\/wp-content\\\/litespeed\\\/avatar\\\/18677e78aa0546b92d9dbf31ec7d7668.jpg?ver=1777290358\",\"width\":96,\"height\":96,\"caption\":\"El Digital de Asturias\"}},{\"@type\":\"WebPage\",\"@id\":\"https:\\\/\\\/www.eldigitaldeasturias.com\\\/noticias\\\/rumores-de-miles-de-despidos-dan-alas-a-los-titulos-de-deutsche-bank\\\/#webpage\",\"url\":\"https:\\\/\\\/www.eldigitaldeasturias.com\\\/noticias\\\/rumores-de-miles-de-despidos-dan-alas-a-los-titulos-de-deutsche-bank\\\/\",\"name\":\"Rumores de miles de despidos dan alas a los t\\u00edtulos de Deutsche Bank - El Digital de Asturias\",\"description\":\"Fr\\u00e1ncfort, 1 jul (dpa) - Impulsadas por rumores sobre planes de una reestructuraci\\u00f3n a gran escala con recortes masivos de puestos de trabajo, las acciones del Deutsche Bank treparon hoy con fuerza. Tras el inicio de la actividad burs\\u00e1til en la Bolsa de Fr\\u00e1ncfort, los t\\u00edtulos subieron un 2,6 por ciento hasta los 6,959 euros\",\"inLanguage\":\"es-ES\",\"isPartOf\":{\"@id\":\"https:\\\/\\\/www.eldigitaldeasturias.com\\\/noticias\\\/#website\"},\"breadcrumb\":{\"@id\":\"https:\\\/\\\/www.eldigitaldeasturias.com\\\/noticias\\\/rumores-de-miles-de-despidos-dan-alas-a-los-titulos-de-deutsche-bank\\\/#breadcrumblist\"},\"author\":{\"@id\":\"https:\\\/\\\/www.eldigitaldeasturias.com\\\/noticias\\\/author\\\/admin\\\/#author\"},\"creator\":{\"@id\":\"https:\\\/\\\/www.eldigitaldeasturias.com\\\/noticias\\\/author\\\/admin\\\/#author\"},\"image\":{\"@type\":\"ImageObject\",\"url\":\"https:\\\/\\\/www.eldigitaldeasturias.com\\\/noticias\\\/wp-content\\\/uploads\\\/2019\\\/07\\\/Deutsche-Bank.jpg\",\"@id\":\"https:\\\/\\\/www.eldigitaldeasturias.com\\\/noticias\\\/rumores-de-miles-de-despidos-dan-alas-a-los-titulos-de-deutsche-bank\\\/#mainImage\",\"width\":986,\"height\":683},\"primaryImageOfPage\":{\"@id\":\"https:\\\/\\\/www.eldigitaldeasturias.com\\\/noticias\\\/rumores-de-miles-de-despidos-dan-alas-a-los-titulos-de-deutsche-bank\\\/#mainImage\"},\"datePublished\":\"2019-07-02T11:27:47+02:00\",\"dateModified\":\"2019-07-02T11:27:47+02:00\"},{\"@type\":\"WebSite\",\"@id\":\"https:\\\/\\\/www.eldigitaldeasturias.com\\\/noticias\\\/#website\",\"url\":\"https:\\\/\\\/www.eldigitaldeasturias.com\\\/noticias\\\/\",\"name\":\"El Digital de Asturias - Diario de actualidad y noticias\",\"alternateName\":\"El Digital de Asturias - Diario de actualidad y noticias\",\"description\":\"Hemeroteca\",\"inLanguage\":\"es-ES\",\"publisher\":{\"@id\":\"https:\\\/\\\/www.eldigitaldeasturias.com\\\/noticias\\\/#organization\"}}]}\n\t\t<\/script>\n\t\t<!-- All in One SEO Pro -->\r\n\t\t<title>Rumores de miles de despidos dan alas a los t\u00edtulos de Deutsche Bank - El Digital de Asturias<\/title>\n\n","aioseo_head_json":{"title":"Rumores de miles de despidos dan alas a los t\u00edtulos de Deutsche Bank - El Digital de Asturias","description":"Fr\u00e1ncfort, 1 jul (dpa) - Impulsadas por rumores sobre planes de una reestructuraci\u00f3n a gran escala con recortes masivos de puestos de trabajo, las acciones del Deutsche Bank treparon hoy con fuerza. Tras el inicio de la actividad burs\u00e1til en la Bolsa de Fr\u00e1ncfort, los t\u00edtulos subieron un 2,6 por ciento hasta los 6,959 euros","canonical_url":"https:\/\/www.eldigitaldeasturias.com\/noticias\/rumores-de-miles-de-despidos-dan-alas-a-los-titulos-de-deutsche-bank\/","robots":"max-image-preview:large","keywords":"negocios y empresas","webmasterTools":{"google-site-verification":"UA-38556648-1","msvalidate.01":"7dfe9f3f1b24437ab69f4f2559babe99","miscellaneous":""},"schema":{"@context":"https:\/\/schema.org","@graph":[{"@type":"BlogPosting","@id":"https:\/\/www.eldigitaldeasturias.com\/noticias\/rumores-de-miles-de-despidos-dan-alas-a-los-titulos-de-deutsche-bank\/#blogposting","name":"Rumores de miles de despidos dan alas a los t\u00edtulos de Deutsche Bank - El Digital de Asturias","headline":"Rumores de miles de despidos dan alas a los t\u00edtulos de Deutsche Bank","author":{"@id":"https:\/\/www.eldigitaldeasturias.com\/noticias\/author\/admin\/#author"},"publisher":{"@id":"https:\/\/www.eldigitaldeasturias.com\/noticias\/#organization"},"image":{"@type":"ImageObject","url":"https:\/\/www.eldigitaldeasturias.com\/noticias\/wp-content\/uploads\/2019\/07\/Deutsche-Bank.jpg","width":986,"height":683},"datePublished":"2019-07-02T11:27:47+02:00","dateModified":"2019-07-02T11:27:47+02:00","inLanguage":"es-ES","mainEntityOfPage":{"@id":"https:\/\/www.eldigitaldeasturias.com\/noticias\/rumores-de-miles-de-despidos-dan-alas-a-los-titulos-de-deutsche-bank\/#webpage"},"isPartOf":{"@id":"https:\/\/www.eldigitaldeasturias.com\/noticias\/rumores-de-miles-de-despidos-dan-alas-a-los-titulos-de-deutsche-bank\/#webpage"},"articleSection":"Negocios y Empresas"},{"@type":"BreadcrumbList","@id":"https:\/\/www.eldigitaldeasturias.com\/noticias\/rumores-de-miles-de-despidos-dan-alas-a-los-titulos-de-deutsche-bank\/#breadcrumblist","itemListElement":[{"@type":"ListItem","@id":"https:\/\/www.eldigitaldeasturias.com\/noticias#listItem","position":1,"name":"Home","item":"https:\/\/www.eldigitaldeasturias.com\/noticias","nextItem":{"@type":"ListItem","@id":"https:\/\/www.eldigitaldeasturias.com\/noticias\/category\/negocios-y-empresas\/#listItem","name":"Negocios y Empresas"}},{"@type":"ListItem","@id":"https:\/\/www.eldigitaldeasturias.com\/noticias\/category\/negocios-y-empresas\/#listItem","position":2,"name":"Negocios y Empresas","item":"https:\/\/www.eldigitaldeasturias.com\/noticias\/category\/negocios-y-empresas\/","nextItem":{"@type":"ListItem","@id":"https:\/\/www.eldigitaldeasturias.com\/noticias\/rumores-de-miles-de-despidos-dan-alas-a-los-titulos-de-deutsche-bank\/#listItem","name":"Rumores de miles de despidos dan alas a los t\u00edtulos de Deutsche Bank"},"previousItem":{"@type":"ListItem","@id":"https:\/\/www.eldigitaldeasturias.com\/noticias#listItem","name":"Home"}},{"@type":"ListItem","@id":"https:\/\/www.eldigitaldeasturias.com\/noticias\/rumores-de-miles-de-despidos-dan-alas-a-los-titulos-de-deutsche-bank\/#listItem","position":3,"name":"Rumores de miles de despidos dan alas a los t\u00edtulos de Deutsche Bank","previousItem":{"@type":"ListItem","@id":"https:\/\/www.eldigitaldeasturias.com\/noticias\/category\/negocios-y-empresas\/#listItem","name":"Negocios y Empresas"}}]},{"@type":"Organization","@id":"https:\/\/www.eldigitaldeasturias.com\/noticias\/#organization","name":"El Digital de Asturias","description":"Hemeroteca","url":"https:\/\/www.eldigitaldeasturias.com\/noticias\/","email":"info@eldigitaldeasturias.com","telephone":"+34652131393","logo":{"@type":"ImageObject","url":"https:\/\/www.eldigitaldeasturias.com\/noticias\/wp-content\/uploads\/2020\/12\/EDA.jpg","@id":"https:\/\/www.eldigitaldeasturias.com\/noticias\/rumores-de-miles-de-despidos-dan-alas-a-los-titulos-de-deutsche-bank\/#organizationLogo","width":649,"height":297},"image":{"@id":"https:\/\/www.eldigitaldeasturias.com\/noticias\/rumores-de-miles-de-despidos-dan-alas-a-los-titulos-de-deutsche-bank\/#organizationLogo"},"sameAs":["https:\/\/facebook.com\/eldigitaldeasturias","https:\/\/www.youtube.com\/channel\/UCZP-2wLEB9Rv6erhFmqVnvg"],"address":{"@id":"https:\/\/www.eldigitaldeasturias.com\/noticias\/#postaladdress","@type":"PostalAddress","streetAddress":"san antonio 4,","postalCode":"33430","addressLocality":"Cand\u00e1s","addressRegion":"Asturias","addressCountry":"ES"}},{"@type":"Person","@id":"https:\/\/www.eldigitaldeasturias.com\/noticias\/author\/admin\/#author","url":"https:\/\/www.eldigitaldeasturias.com\/noticias\/author\/admin\/","name":"El Digital de Asturias","image":{"@type":"ImageObject","@id":"https:\/\/www.eldigitaldeasturias.com\/noticias\/rumores-de-miles-de-despidos-dan-alas-a-los-titulos-de-deutsche-bank\/#authorImage","url":"https:\/\/www.eldigitaldeasturias.com\/noticias\/wp-content\/litespeed\/avatar\/18677e78aa0546b92d9dbf31ec7d7668.jpg?ver=1777290358","width":96,"height":96,"caption":"El Digital de Asturias"}},{"@type":"WebPage","@id":"https:\/\/www.eldigitaldeasturias.com\/noticias\/rumores-de-miles-de-despidos-dan-alas-a-los-titulos-de-deutsche-bank\/#webpage","url":"https:\/\/www.eldigitaldeasturias.com\/noticias\/rumores-de-miles-de-despidos-dan-alas-a-los-titulos-de-deutsche-bank\/","name":"Rumores de miles de despidos dan alas a los t\u00edtulos de Deutsche Bank - El Digital de Asturias","description":"Fr\u00e1ncfort, 1 jul (dpa) - Impulsadas por rumores sobre planes de una reestructuraci\u00f3n a gran escala con recortes masivos de puestos de trabajo, las acciones del Deutsche Bank treparon hoy con fuerza. Tras el inicio de la actividad burs\u00e1til en la Bolsa de Fr\u00e1ncfort, los t\u00edtulos subieron un 2,6 por ciento hasta los 6,959 euros","inLanguage":"es-ES","isPartOf":{"@id":"https:\/\/www.eldigitaldeasturias.com\/noticias\/#website"},"breadcrumb":{"@id":"https:\/\/www.eldigitaldeasturias.com\/noticias\/rumores-de-miles-de-despidos-dan-alas-a-los-titulos-de-deutsche-bank\/#breadcrumblist"},"author":{"@id":"https:\/\/www.eldigitaldeasturias.com\/noticias\/author\/admin\/#author"},"creator":{"@id":"https:\/\/www.eldigitaldeasturias.com\/noticias\/author\/admin\/#author"},"image":{"@type":"ImageObject","url":"https:\/\/www.eldigitaldeasturias.com\/noticias\/wp-content\/uploads\/2019\/07\/Deutsche-Bank.jpg","@id":"https:\/\/www.eldigitaldeasturias.com\/noticias\/rumores-de-miles-de-despidos-dan-alas-a-los-titulos-de-deutsche-bank\/#mainImage","width":986,"height":683},"primaryImageOfPage":{"@id":"https:\/\/www.eldigitaldeasturias.com\/noticias\/rumores-de-miles-de-despidos-dan-alas-a-los-titulos-de-deutsche-bank\/#mainImage"},"datePublished":"2019-07-02T11:27:47+02:00","dateModified":"2019-07-02T11:27:47+02:00"},{"@type":"WebSite","@id":"https:\/\/www.eldigitaldeasturias.com\/noticias\/#website","url":"https:\/\/www.eldigitaldeasturias.com\/noticias\/","name":"El Digital de Asturias - Diario de actualidad y noticias","alternateName":"El Digital de Asturias - Diario de actualidad y noticias","description":"Hemeroteca","inLanguage":"es-ES","publisher":{"@id":"https:\/\/www.eldigitaldeasturias.com\/noticias\/#organization"}}]},"og:locale":"es_ES","og:site_name":"El Digital de Asturias","og:type":"article","og:title":"Rumores de miles de despidos dan alas a los t\u00edtulos de Deutsche Bank - El Digital de Asturias","og:description":"Fr\u00e1ncfort, 1 jul (dpa) - Impulsadas por rumores sobre planes de una reestructuraci\u00f3n a gran escala con recortes masivos de puestos de trabajo, las acciones del Deutsche Bank treparon hoy con fuerza. Tras el inicio de la actividad burs\u00e1til en la Bolsa de Fr\u00e1ncfort, los t\u00edtulos subieron un 2,6 por ciento hasta los 6,959 euros","og:url":"https:\/\/www.eldigitaldeasturias.com\/noticias\/rumores-de-miles-de-despidos-dan-alas-a-los-titulos-de-deutsche-bank\/","og:image":"https:\/\/www.eldigitaldeasturias.com\/noticias\/wp-content\/uploads\/2019\/07\/Deutsche-Bank.jpg","og:image:secure_url":"https:\/\/www.eldigitaldeasturias.com\/noticias\/wp-content\/uploads\/2019\/07\/Deutsche-Bank.jpg","og:image:width":986,"og:image:height":683,"article:tag":["negocios y empresas"],"article:published_time":"2019-07-02T11:27:47+00:00","article:modified_time":"2019-07-02T11:27:47+00:00","article:publisher":"https:\/\/facebook.com\/eldigitaldeasturias","twitter:card":"summary_large_image","twitter:title":"Rumores de miles de despidos dan alas a los t\u00edtulos de Deutsche Bank - El Digital de Asturias","twitter:description":"Fr\u00e1ncfort, 1 jul (dpa) - Impulsadas por rumores sobre planes de una reestructuraci\u00f3n a gran escala con recortes masivos de puestos de trabajo, las acciones del Deutsche Bank treparon hoy con fuerza. Tras el inicio de la actividad burs\u00e1til en la Bolsa de Fr\u00e1ncfort, los t\u00edtulos subieron un 2,6 por ciento hasta los 6,959 euros","twitter:image":"https:\/\/www.eldigitaldeasturias.com\/noticias\/wp-content\/uploads\/2019\/07\/Deutsche-Bank.jpg","twitter:label1":"Escrito por","twitter:data1":"El Digital de Asturias","twitter:label2":"Tiempo de lectura estimado","twitter:data2":"2 minutos"},"aioseo_meta_data":{"post_id":"1033308","title":null,"description":null,"keywords":null,"keyphrases":null,"primary_term":null,"canonical_url":null,"og_title":null,"og_description":null,"og_object_type":"default","og_image_type":"default","og_image_url":null,"og_image_width":null,"og_image_height":null,"og_image_custom_url":null,"og_image_custom_fields":null,"og_video":null,"og_custom_url":null,"og_article_section":null,"og_article_tags":null,"twitter_use_og":false,"twitter_card":"default","twitter_image_type":"default","twitter_image_url":null,"twitter_image_custom_url":null,"twitter_image_custom_fields":null,"twitter_title":null,"twitter_description":null,"schema":{"blockGraphs":[],"customGraphs":[],"default":{"data":{"Article":[],"Course":[],"Dataset":[],"FAQPage":[],"Movie":[],"Person":[],"Product":[],"ProductReview":[],"Car":[],"Recipe":[],"Service":[],"SoftwareApplication":[],"WebPage":[]},"graphName":"","isEnabled":true},"graphs":[],"defaultGraph":"","defaultPostTypeGraph":""},"schema_type":null,"schema_type_options":null,"pillar_content":false,"robots_default":true,"robots_noindex":false,"robots_noarchive":false,"robots_nosnippet":false,"robots_nofollow":false,"robots_noimageindex":false,"robots_noodp":false,"robots_notranslate":false,"robots_max_snippet":null,"robots_max_videopreview":null,"robots_max_imagepreview":"large","priority":null,"frequency":null,"local_seo":null,"seo_analyzer_scan_date":"2025-10-21 23:24:08","breadcrumb_settings":null,"limit_modified_date":false,"open_ai":null,"ai":null,"created":"2020-12-21 11:08:46","updated":"2025-10-21 23:24:08"},"aioseo_breadcrumb":"<div class=\"aioseo-breadcrumbs\"><span class=\"aioseo-breadcrumb\">\n\t<a href=\"https:\/\/www.eldigitaldeasturias.com\/noticias\" title=\"Home\">Home<\/a>\n<\/span><span class=\"aioseo-breadcrumb-separator\">\u2013<\/span><span class=\"aioseo-breadcrumb\">\n\t<a href=\"https:\/\/www.eldigitaldeasturias.com\/noticias\/category\/negocios-y-empresas\/\" title=\"Negocios y Empresas\">Negocios y Empresas<\/a>\n<\/span><span class=\"aioseo-breadcrumb-separator\">\u2013<\/span><span class=\"aioseo-breadcrumb\">\n\t<a href=\"https:\/\/www.eldigitaldeasturias.com\/noticias\/rumores-de-miles-de-despidos-dan-alas-a-los-titulos-de-deutsche-bank\/\" title=\"Rumores de miles de despidos dan alas a los t\u00edtulos de Deutsche Bank\">Rumores de miles de despidos dan alas a los t\u00edtulos de Deutsche Bank<\/a>\n<\/span><\/div>","aioseo_breadcrumb_json":[{"label":"Home","link":"https:\/\/www.eldigitaldeasturias.com\/noticias"},{"label":"Negocios y Empresas","link":"https:\/\/www.eldigitaldeasturias.com\/noticias\/category\/negocios-y-empresas\/"},{"label":"Rumores de miles de despidos dan alas a los t\u00edtulos de Deutsche Bank","link":"https:\/\/www.eldigitaldeasturias.com\/noticias\/rumores-de-miles-de-despidos-dan-alas-a-los-titulos-de-deutsche-bank\/"}],"_links":{"self":[{"href":"https:\/\/www.eldigitaldeasturias.com\/noticias\/wp-json\/wp\/v2\/posts\/1033308","targetHints":{"allow":["GET"]}}],"collection":[{"href":"https:\/\/www.eldigitaldeasturias.com\/noticias\/wp-json\/wp\/v2\/posts"}],"about":[{"href":"https:\/\/www.eldigitaldeasturias.com\/noticias\/wp-json\/wp\/v2\/types\/post"}],"author":[{"embeddable":true,"href":"https:\/\/www.eldigitaldeasturias.com\/noticias\/wp-json\/wp\/v2\/users\/1"}],"replies":[{"embeddable":true,"href":"https:\/\/www.eldigitaldeasturias.com\/noticias\/wp-json\/wp\/v2\/comments?post=1033308"}],"version-history":[{"count":0,"href":"https:\/\/www.eldigitaldeasturias.com\/noticias\/wp-json\/wp\/v2\/posts\/1033308\/revisions"}],"wp:featuredmedia":[{"embeddable":true,"href":"https:\/\/www.eldigitaldeasturias.com\/noticias\/wp-json\/wp\/v2\/media\/1033309"}],"wp:attachment":[{"href":"https:\/\/www.eldigitaldeasturias.com\/noticias\/wp-json\/wp\/v2\/media?parent=1033308"}],"wp:term":[{"taxonomy":"category","embeddable":true,"href":"https:\/\/www.eldigitaldeasturias.com\/noticias\/wp-json\/wp\/v2\/categories?post=1033308"},{"taxonomy":"post_tag","embeddable":true,"href":"https:\/\/www.eldigitaldeasturias.com\/noticias\/wp-json\/wp\/v2\/tags?post=1033308"}],"curies":[{"name":"wp","href":"https:\/\/api.w.org\/{rel}","templated":true}]}}