{"id":1032992,"date":"2019-06-29T15:45:28","date_gmt":"2019-06-29T15:45:28","guid":{"rendered":"https:\/\/www.eldigitaldeasturias.com\/noticias\/?p=1032992"},"modified":"2019-06-29T15:45:28","modified_gmt":"2019-06-29T15:45:28","slug":"bundesliga-bayern-munich-vs-hertha-berlin-el-16-de-agosto","status":"publish","type":"post","link":"https:\/\/www.eldigitaldeasturias.com\/noticias\/bundesliga-bayern-munich-vs-hertha-berlin-el-16-de-agosto\/","title":{"rendered":"Bundesliga: Bayern M\u00fanich vs Hertha Berl\u00edn, el 16 de agosto"},"content":{"rendered":"<p><img loading=\"lazy\" decoding=\"async\" class=\"alignleft size-medium wp-image-977427\" src=\"https:\/\/www.eldigitaldeasturias.com\/noticias\/wp-content\/uploads\/2018\/04\/arena-1181668_960_720-360x240.jpg\" alt=\"\" width=\"360\" height=\"240\" srcset=\"https:\/\/www.eldigitaldeasturias.com\/noticias\/wp-content\/uploads\/2018\/04\/arena-1181668_960_720-360x240.jpg 360w, https:\/\/www.eldigitaldeasturias.com\/noticias\/wp-content\/uploads\/2018\/04\/arena-1181668_960_720-450x300.jpg 450w, https:\/\/www.eldigitaldeasturias.com\/noticias\/wp-content\/uploads\/2018\/04\/arena-1181668_960_720-768x512.jpg 768w, https:\/\/www.eldigitaldeasturias.com\/noticias\/wp-content\/uploads\/2018\/04\/arena-1181668_960_720-690x460.jpg 690w, https:\/\/www.eldigitaldeasturias.com\/noticias\/wp-content\/uploads\/2018\/04\/arena-1181668_960_720-20x13.jpg 20w, https:\/\/www.eldigitaldeasturias.com\/noticias\/wp-content\/uploads\/2018\/04\/arena-1181668_960_720.jpg 960w\" sizes=\"auto, (max-width: 360px) 100vw, 360px\" \/>Fr\u00e1ncfort, 28 jun (dpa) &#8211; El vigente campe\u00f3n de la Bundesliga alemana, <strong>el Bayern M\u00fanich<\/strong>, comenzar\u00e1 la temporada <strong>el 16 de agosto<\/strong> enfrentando como local al <strong>Hertha Berl\u00edn<\/strong>.<\/p>\n<p>El subcampe\u00f3n, el <strong>Borussia Dortmund<\/strong>, tambi\u00e9n iniciar\u00e1 la nueva temporada en casa, recibiendo al<strong> Augsburgo<\/strong>.<\/p>\n<p>Los tres equipos reci\u00e9n ascendidos, <strong>FC Union Berlin, SC Paderborn y el Colonia<\/strong> se enfrentar\u00e1n, respectivamente, al <strong>RB Leipzig, Bayer Leverkusen y Wolfsburgo.<\/strong><\/p>\n<p><strong>El Bayern M\u00fanich y Borussia Dortmund<\/strong> abrir\u00e1n la temporada oficial con el primer partido de la Supercopa, <strong>a disputar el 3 de agosto<\/strong>. Ya en la liga, ambos equipos jugar\u00e1n en la und\u00e9cima jornada (entre el 8 y el 10 de noviembre) y la vig\u00e9simo octava jornada (entre el 3 y el 6 de abril de 2020).<\/p>\n<p><strong>El derbi entre el Shalke 04 y el propio Borussia Dormund<\/strong> tendr\u00e1 lugar en la novena jornada (entre el 25 y el 27 de octubre) y en la vig\u00e9simo sexta (entre el 13 y el 16 de marzo de 2020).<\/p>\n<p>El enfrentamiento berlin\u00e9s entre <strong>Union Berlin y el Hertha<\/strong> se producir\u00e1 en la <strong>d\u00e9cima jornada<\/strong> (entre el 1 y el 3 de noviembre) y en la vig\u00e9simo s\u00e9ptima (entre el 20 y 22 de marzo).<\/p>\n<p>&nbsp;<\/p>\n<p>&nbsp;<\/p>\n","protected":false},"excerpt":{"rendered":"<p>Fr\u00e1ncfort, 28 jun (dpa) &#8211; El vigente campe\u00f3n de la Bundesliga alemana, el Bayern M\u00fanich, comenzar\u00e1 la temporada el 16 de agosto enfrentando como local al Hertha Berl\u00edn. El subcampe\u00f3n, el Borussia Dortmund, tambi\u00e9n iniciar\u00e1 la nueva temporada en casa, recibiendo al Augsburgo. Los tres equipos reci\u00e9n ascendidos, FC Union Berlin, SC Paderborn y el [&hellip;]<\/p>\n","protected":false},"author":1,"featured_media":977427,"comment_status":"open","ping_status":"closed","sticky":false,"template":"","format":"standard","meta":{"footnotes":""},"categories":[190],"tags":[],"class_list":["post-1032992","post","type-post","status-publish","format-standard","has-post-thumbnail","hentry","category-deportes"],"aioseo_notices":[],"aioseo_head":"\n\t\t<!-- All in One SEO Pro 4.9.6.2 - aioseo.com -->\n\t<meta name=\"description\" content=\"Fr\u00e1ncfort, 28 jun (dpa) - El vigente campe\u00f3n de la Bundesliga alemana, el Bayern M\u00fanich, comenzar\u00e1 la temporada el 16 de agosto enfrentando como local al Hertha Berl\u00edn. El subcampe\u00f3n, el Borussia Dortmund, tambi\u00e9n iniciar\u00e1 la nueva temporada en casa, recibiendo al Augsburgo. Los tres equipos reci\u00e9n ascendidos, FC Union Berlin, SC Paderborn y el\" \/>\n\t<meta name=\"robots\" content=\"max-image-preview:large\" \/>\n\t<meta name=\"author\" content=\"El Digital de Asturias\"\/>\n\t<meta name=\"google-site-verification\" content=\"UA-38556648-1\" \/>\n\t<meta name=\"msvalidate.01\" content=\"7dfe9f3f1b24437ab69f4f2559babe99\" \/>\n\t<meta name=\"keywords\" content=\"deportes\" \/>\n\t<link rel=\"canonical\" href=\"https:\/\/www.eldigitaldeasturias.com\/noticias\/bundesliga-bayern-munich-vs-hertha-berlin-el-16-de-agosto\/\" \/>\n\t<meta name=\"generator\" content=\"All in One SEO Pro (AIOSEO) 4.9.6.2\" \/>\n\t\t<meta property=\"og:locale\" content=\"es_ES\" \/>\n\t\t<meta property=\"og:site_name\" content=\"El Digital de Asturias\" \/>\n\t\t<meta property=\"og:type\" content=\"article\" \/>\n\t\t<meta property=\"og:title\" content=\"Bundesliga: Bayern M\u00fanich vs Hertha Berl\u00edn, el 16 de agosto - El Digital de Asturias\" \/>\n\t\t<meta property=\"og:description\" content=\"Fr\u00e1ncfort, 28 jun (dpa) - El vigente campe\u00f3n de la Bundesliga alemana, el Bayern M\u00fanich, comenzar\u00e1 la temporada el 16 de agosto enfrentando como local al Hertha Berl\u00edn. El subcampe\u00f3n, el Borussia Dortmund, tambi\u00e9n iniciar\u00e1 la nueva temporada en casa, recibiendo al Augsburgo. Los tres equipos reci\u00e9n ascendidos, FC Union Berlin, SC Paderborn y el\" \/>\n\t\t<meta property=\"og:url\" content=\"https:\/\/www.eldigitaldeasturias.com\/noticias\/bundesliga-bayern-munich-vs-hertha-berlin-el-16-de-agosto\/\" \/>\n\t\t<meta property=\"og:image\" content=\"https:\/\/www.eldigitaldeasturias.com\/noticias\/wp-content\/uploads\/2018\/04\/arena-1181668_960_720.jpg\" \/>\n\t\t<meta property=\"og:image:secure_url\" content=\"https:\/\/www.eldigitaldeasturias.com\/noticias\/wp-content\/uploads\/2018\/04\/arena-1181668_960_720.jpg\" \/>\n\t\t<meta property=\"og:image:width\" content=\"960\" \/>\n\t\t<meta property=\"og:image:height\" content=\"640\" \/>\n\t\t<meta property=\"article:tag\" content=\"deportes\" \/>\n\t\t<meta property=\"article:published_time\" content=\"2019-06-29T15:45:28+00:00\" \/>\n\t\t<meta property=\"article:modified_time\" content=\"2019-06-29T15:45:28+00:00\" \/>\n\t\t<meta property=\"article:publisher\" content=\"https:\/\/facebook.com\/eldigitaldeasturias\" \/>\n\t\t<meta name=\"twitter:card\" content=\"summary_large_image\" \/>\n\t\t<meta name=\"twitter:title\" content=\"Bundesliga: Bayern M\u00fanich vs Hertha Berl\u00edn, el 16 de agosto - El Digital de Asturias\" \/>\n\t\t<meta name=\"twitter:description\" content=\"Fr\u00e1ncfort, 28 jun (dpa) - El vigente campe\u00f3n de la Bundesliga alemana, el Bayern M\u00fanich, comenzar\u00e1 la temporada el 16 de agosto enfrentando como local al Hertha Berl\u00edn. El subcampe\u00f3n, el Borussia Dortmund, tambi\u00e9n iniciar\u00e1 la nueva temporada en casa, recibiendo al Augsburgo. Los tres equipos reci\u00e9n ascendidos, FC Union Berlin, SC Paderborn y el\" \/>\n\t\t<meta name=\"twitter:image\" content=\"https:\/\/www.eldigitaldeasturias.com\/noticias\/wp-content\/uploads\/2018\/04\/arena-1181668_960_720.jpg\" \/>\n\t\t<meta name=\"twitter:label1\" content=\"Escrito por\" \/>\n\t\t<meta name=\"twitter:data1\" content=\"El Digital de Asturias\" \/>\n\t\t<meta name=\"twitter:label2\" content=\"Tiempo de lectura estimado\" \/>\n\t\t<meta name=\"twitter:data2\" content=\"1 minuto\" \/>\n\t\t<script type=\"application\/ld+json\" class=\"aioseo-schema\">\n\t\t\t{\"@context\":\"https:\\\/\\\/schema.org\",\"@graph\":[{\"@type\":\"BlogPosting\",\"@id\":\"https:\\\/\\\/www.eldigitaldeasturias.com\\\/noticias\\\/bundesliga-bayern-munich-vs-hertha-berlin-el-16-de-agosto\\\/#blogposting\",\"name\":\"Bundesliga: Bayern M\\u00fanich vs Hertha Berl\\u00edn, el 16 de agosto - El Digital de Asturias\",\"headline\":\"Bundesliga: Bayern M\\u00fanich vs Hertha Berl\\u00edn, el 16 de agosto\",\"author\":{\"@id\":\"https:\\\/\\\/www.eldigitaldeasturias.com\\\/noticias\\\/author\\\/admin\\\/#author\"},\"publisher\":{\"@id\":\"https:\\\/\\\/www.eldigitaldeasturias.com\\\/noticias\\\/#organization\"},\"image\":{\"@type\":\"ImageObject\",\"url\":\"https:\\\/\\\/www.eldigitaldeasturias.com\\\/noticias\\\/wp-content\\\/uploads\\\/2018\\\/04\\\/arena-1181668_960_720.jpg\",\"width\":960,\"height\":640},\"datePublished\":\"2019-06-29T15:45:28+02:00\",\"dateModified\":\"2019-06-29T15:45:28+02:00\",\"inLanguage\":\"es-ES\",\"mainEntityOfPage\":{\"@id\":\"https:\\\/\\\/www.eldigitaldeasturias.com\\\/noticias\\\/bundesliga-bayern-munich-vs-hertha-berlin-el-16-de-agosto\\\/#webpage\"},\"isPartOf\":{\"@id\":\"https:\\\/\\\/www.eldigitaldeasturias.com\\\/noticias\\\/bundesliga-bayern-munich-vs-hertha-berlin-el-16-de-agosto\\\/#webpage\"},\"articleSection\":\"Deportes\"},{\"@type\":\"BreadcrumbList\",\"@id\":\"https:\\\/\\\/www.eldigitaldeasturias.com\\\/noticias\\\/bundesliga-bayern-munich-vs-hertha-berlin-el-16-de-agosto\\\/#breadcrumblist\",\"itemListElement\":[{\"@type\":\"ListItem\",\"@id\":\"https:\\\/\\\/www.eldigitaldeasturias.com\\\/noticias#listItem\",\"position\":1,\"name\":\"Home\",\"item\":\"https:\\\/\\\/www.eldigitaldeasturias.com\\\/noticias\",\"nextItem\":{\"@type\":\"ListItem\",\"@id\":\"https:\\\/\\\/www.eldigitaldeasturias.com\\\/noticias\\\/category\\\/deportes\\\/#listItem\",\"name\":\"Deportes\"}},{\"@type\":\"ListItem\",\"@id\":\"https:\\\/\\\/www.eldigitaldeasturias.com\\\/noticias\\\/category\\\/deportes\\\/#listItem\",\"position\":2,\"name\":\"Deportes\",\"item\":\"https:\\\/\\\/www.eldigitaldeasturias.com\\\/noticias\\\/category\\\/deportes\\\/\",\"nextItem\":{\"@type\":\"ListItem\",\"@id\":\"https:\\\/\\\/www.eldigitaldeasturias.com\\\/noticias\\\/bundesliga-bayern-munich-vs-hertha-berlin-el-16-de-agosto\\\/#listItem\",\"name\":\"Bundesliga: Bayern M\\u00fanich vs Hertha Berl\\u00edn, el 16 de agosto\"},\"previousItem\":{\"@type\":\"ListItem\",\"@id\":\"https:\\\/\\\/www.eldigitaldeasturias.com\\\/noticias#listItem\",\"name\":\"Home\"}},{\"@type\":\"ListItem\",\"@id\":\"https:\\\/\\\/www.eldigitaldeasturias.com\\\/noticias\\\/bundesliga-bayern-munich-vs-hertha-berlin-el-16-de-agosto\\\/#listItem\",\"position\":3,\"name\":\"Bundesliga: Bayern M\\u00fanich vs Hertha Berl\\u00edn, el 16 de agosto\",\"previousItem\":{\"@type\":\"ListItem\",\"@id\":\"https:\\\/\\\/www.eldigitaldeasturias.com\\\/noticias\\\/category\\\/deportes\\\/#listItem\",\"name\":\"Deportes\"}}]},{\"@type\":\"Organization\",\"@id\":\"https:\\\/\\\/www.eldigitaldeasturias.com\\\/noticias\\\/#organization\",\"name\":\"El Digital de Asturias\",\"description\":\"Hemeroteca\",\"url\":\"https:\\\/\\\/www.eldigitaldeasturias.com\\\/noticias\\\/\",\"email\":\"info@eldigitaldeasturias.com\",\"telephone\":\"+34652131393\",\"logo\":{\"@type\":\"ImageObject\",\"url\":\"https:\\\/\\\/www.eldigitaldeasturias.com\\\/noticias\\\/wp-content\\\/uploads\\\/2020\\\/12\\\/EDA.jpg\",\"@id\":\"https:\\\/\\\/www.eldigitaldeasturias.com\\\/noticias\\\/bundesliga-bayern-munich-vs-hertha-berlin-el-16-de-agosto\\\/#organizationLogo\",\"width\":649,\"height\":297},\"image\":{\"@id\":\"https:\\\/\\\/www.eldigitaldeasturias.com\\\/noticias\\\/bundesliga-bayern-munich-vs-hertha-berlin-el-16-de-agosto\\\/#organizationLogo\"},\"sameAs\":[\"https:\\\/\\\/facebook.com\\\/eldigitaldeasturias\",\"https:\\\/\\\/www.youtube.com\\\/channel\\\/UCZP-2wLEB9Rv6erhFmqVnvg\"],\"address\":{\"@id\":\"https:\\\/\\\/www.eldigitaldeasturias.com\\\/noticias\\\/#postaladdress\",\"@type\":\"PostalAddress\",\"streetAddress\":\"san antonio 4,\",\"postalCode\":\"33430\",\"addressLocality\":\"Cand\\u00e1s\",\"addressRegion\":\"Asturias\",\"addressCountry\":\"ES\"}},{\"@type\":\"Person\",\"@id\":\"https:\\\/\\\/www.eldigitaldeasturias.com\\\/noticias\\\/author\\\/admin\\\/#author\",\"url\":\"https:\\\/\\\/www.eldigitaldeasturias.com\\\/noticias\\\/author\\\/admin\\\/\",\"name\":\"El Digital de Asturias\",\"image\":{\"@type\":\"ImageObject\",\"@id\":\"https:\\\/\\\/www.eldigitaldeasturias.com\\\/noticias\\\/bundesliga-bayern-munich-vs-hertha-berlin-el-16-de-agosto\\\/#authorImage\",\"url\":\"https:\\\/\\\/www.eldigitaldeasturias.com\\\/noticias\\\/wp-content\\\/litespeed\\\/avatar\\\/18677e78aa0546b92d9dbf31ec7d7668.jpg?ver=1776685526\",\"width\":96,\"height\":96,\"caption\":\"El Digital de Asturias\"}},{\"@type\":\"WebPage\",\"@id\":\"https:\\\/\\\/www.eldigitaldeasturias.com\\\/noticias\\\/bundesliga-bayern-munich-vs-hertha-berlin-el-16-de-agosto\\\/#webpage\",\"url\":\"https:\\\/\\\/www.eldigitaldeasturias.com\\\/noticias\\\/bundesliga-bayern-munich-vs-hertha-berlin-el-16-de-agosto\\\/\",\"name\":\"Bundesliga: Bayern M\\u00fanich vs Hertha Berl\\u00edn, el 16 de agosto - El Digital de Asturias\",\"description\":\"Fr\\u00e1ncfort, 28 jun (dpa) - El vigente campe\\u00f3n de la Bundesliga alemana, el Bayern M\\u00fanich, comenzar\\u00e1 la temporada el 16 de agosto enfrentando como local al Hertha Berl\\u00edn. El subcampe\\u00f3n, el Borussia Dortmund, tambi\\u00e9n iniciar\\u00e1 la nueva temporada en casa, recibiendo al Augsburgo. Los tres equipos reci\\u00e9n ascendidos, FC Union Berlin, SC Paderborn y el\",\"inLanguage\":\"es-ES\",\"isPartOf\":{\"@id\":\"https:\\\/\\\/www.eldigitaldeasturias.com\\\/noticias\\\/#website\"},\"breadcrumb\":{\"@id\":\"https:\\\/\\\/www.eldigitaldeasturias.com\\\/noticias\\\/bundesliga-bayern-munich-vs-hertha-berlin-el-16-de-agosto\\\/#breadcrumblist\"},\"author\":{\"@id\":\"https:\\\/\\\/www.eldigitaldeasturias.com\\\/noticias\\\/author\\\/admin\\\/#author\"},\"creator\":{\"@id\":\"https:\\\/\\\/www.eldigitaldeasturias.com\\\/noticias\\\/author\\\/admin\\\/#author\"},\"image\":{\"@type\":\"ImageObject\",\"url\":\"https:\\\/\\\/www.eldigitaldeasturias.com\\\/noticias\\\/wp-content\\\/uploads\\\/2018\\\/04\\\/arena-1181668_960_720.jpg\",\"@id\":\"https:\\\/\\\/www.eldigitaldeasturias.com\\\/noticias\\\/bundesliga-bayern-munich-vs-hertha-berlin-el-16-de-agosto\\\/#mainImage\",\"width\":960,\"height\":640},\"primaryImageOfPage\":{\"@id\":\"https:\\\/\\\/www.eldigitaldeasturias.com\\\/noticias\\\/bundesliga-bayern-munich-vs-hertha-berlin-el-16-de-agosto\\\/#mainImage\"},\"datePublished\":\"2019-06-29T15:45:28+02:00\",\"dateModified\":\"2019-06-29T15:45:28+02:00\"},{\"@type\":\"WebSite\",\"@id\":\"https:\\\/\\\/www.eldigitaldeasturias.com\\\/noticias\\\/#website\",\"url\":\"https:\\\/\\\/www.eldigitaldeasturias.com\\\/noticias\\\/\",\"name\":\"El Digital de Asturias - Diario de actualidad y noticias\",\"alternateName\":\"El Digital de Asturias - Diario de actualidad y noticias\",\"description\":\"Hemeroteca\",\"inLanguage\":\"es-ES\",\"publisher\":{\"@id\":\"https:\\\/\\\/www.eldigitaldeasturias.com\\\/noticias\\\/#organization\"}}]}\n\t\t<\/script>\n\t\t<!-- All in One SEO Pro -->\r\n\t\t<title>Bundesliga: Bayern M\u00fanich vs Hertha Berl\u00edn, el 16 de agosto - El Digital de Asturias<\/title>\n\n","aioseo_head_json":{"title":"Bundesliga: Bayern M\u00fanich vs Hertha Berl\u00edn, el 16 de agosto - El Digital de Asturias","description":"Fr\u00e1ncfort, 28 jun (dpa) - El vigente campe\u00f3n de la Bundesliga alemana, el Bayern M\u00fanich, comenzar\u00e1 la temporada el 16 de agosto enfrentando como local al Hertha Berl\u00edn. El subcampe\u00f3n, el Borussia Dortmund, tambi\u00e9n iniciar\u00e1 la nueva temporada en casa, recibiendo al Augsburgo. Los tres equipos reci\u00e9n ascendidos, FC Union Berlin, SC Paderborn y el","canonical_url":"https:\/\/www.eldigitaldeasturias.com\/noticias\/bundesliga-bayern-munich-vs-hertha-berlin-el-16-de-agosto\/","robots":"max-image-preview:large","keywords":"deportes","webmasterTools":{"google-site-verification":"UA-38556648-1","msvalidate.01":"7dfe9f3f1b24437ab69f4f2559babe99","miscellaneous":""},"schema":{"@context":"https:\/\/schema.org","@graph":[{"@type":"BlogPosting","@id":"https:\/\/www.eldigitaldeasturias.com\/noticias\/bundesliga-bayern-munich-vs-hertha-berlin-el-16-de-agosto\/#blogposting","name":"Bundesliga: Bayern M\u00fanich vs Hertha Berl\u00edn, el 16 de agosto - El Digital de Asturias","headline":"Bundesliga: Bayern M\u00fanich vs Hertha Berl\u00edn, el 16 de agosto","author":{"@id":"https:\/\/www.eldigitaldeasturias.com\/noticias\/author\/admin\/#author"},"publisher":{"@id":"https:\/\/www.eldigitaldeasturias.com\/noticias\/#organization"},"image":{"@type":"ImageObject","url":"https:\/\/www.eldigitaldeasturias.com\/noticias\/wp-content\/uploads\/2018\/04\/arena-1181668_960_720.jpg","width":960,"height":640},"datePublished":"2019-06-29T15:45:28+02:00","dateModified":"2019-06-29T15:45:28+02:00","inLanguage":"es-ES","mainEntityOfPage":{"@id":"https:\/\/www.eldigitaldeasturias.com\/noticias\/bundesliga-bayern-munich-vs-hertha-berlin-el-16-de-agosto\/#webpage"},"isPartOf":{"@id":"https:\/\/www.eldigitaldeasturias.com\/noticias\/bundesliga-bayern-munich-vs-hertha-berlin-el-16-de-agosto\/#webpage"},"articleSection":"Deportes"},{"@type":"BreadcrumbList","@id":"https:\/\/www.eldigitaldeasturias.com\/noticias\/bundesliga-bayern-munich-vs-hertha-berlin-el-16-de-agosto\/#breadcrumblist","itemListElement":[{"@type":"ListItem","@id":"https:\/\/www.eldigitaldeasturias.com\/noticias#listItem","position":1,"name":"Home","item":"https:\/\/www.eldigitaldeasturias.com\/noticias","nextItem":{"@type":"ListItem","@id":"https:\/\/www.eldigitaldeasturias.com\/noticias\/category\/deportes\/#listItem","name":"Deportes"}},{"@type":"ListItem","@id":"https:\/\/www.eldigitaldeasturias.com\/noticias\/category\/deportes\/#listItem","position":2,"name":"Deportes","item":"https:\/\/www.eldigitaldeasturias.com\/noticias\/category\/deportes\/","nextItem":{"@type":"ListItem","@id":"https:\/\/www.eldigitaldeasturias.com\/noticias\/bundesliga-bayern-munich-vs-hertha-berlin-el-16-de-agosto\/#listItem","name":"Bundesliga: Bayern M\u00fanich vs Hertha Berl\u00edn, el 16 de agosto"},"previousItem":{"@type":"ListItem","@id":"https:\/\/www.eldigitaldeasturias.com\/noticias#listItem","name":"Home"}},{"@type":"ListItem","@id":"https:\/\/www.eldigitaldeasturias.com\/noticias\/bundesliga-bayern-munich-vs-hertha-berlin-el-16-de-agosto\/#listItem","position":3,"name":"Bundesliga: Bayern M\u00fanich vs Hertha Berl\u00edn, el 16 de agosto","previousItem":{"@type":"ListItem","@id":"https:\/\/www.eldigitaldeasturias.com\/noticias\/category\/deportes\/#listItem","name":"Deportes"}}]},{"@type":"Organization","@id":"https:\/\/www.eldigitaldeasturias.com\/noticias\/#organization","name":"El Digital de Asturias","description":"Hemeroteca","url":"https:\/\/www.eldigitaldeasturias.com\/noticias\/","email":"info@eldigitaldeasturias.com","telephone":"+34652131393","logo":{"@type":"ImageObject","url":"https:\/\/www.eldigitaldeasturias.com\/noticias\/wp-content\/uploads\/2020\/12\/EDA.jpg","@id":"https:\/\/www.eldigitaldeasturias.com\/noticias\/bundesliga-bayern-munich-vs-hertha-berlin-el-16-de-agosto\/#organizationLogo","width":649,"height":297},"image":{"@id":"https:\/\/www.eldigitaldeasturias.com\/noticias\/bundesliga-bayern-munich-vs-hertha-berlin-el-16-de-agosto\/#organizationLogo"},"sameAs":["https:\/\/facebook.com\/eldigitaldeasturias","https:\/\/www.youtube.com\/channel\/UCZP-2wLEB9Rv6erhFmqVnvg"],"address":{"@id":"https:\/\/www.eldigitaldeasturias.com\/noticias\/#postaladdress","@type":"PostalAddress","streetAddress":"san antonio 4,","postalCode":"33430","addressLocality":"Cand\u00e1s","addressRegion":"Asturias","addressCountry":"ES"}},{"@type":"Person","@id":"https:\/\/www.eldigitaldeasturias.com\/noticias\/author\/admin\/#author","url":"https:\/\/www.eldigitaldeasturias.com\/noticias\/author\/admin\/","name":"El Digital de Asturias","image":{"@type":"ImageObject","@id":"https:\/\/www.eldigitaldeasturias.com\/noticias\/bundesliga-bayern-munich-vs-hertha-berlin-el-16-de-agosto\/#authorImage","url":"https:\/\/www.eldigitaldeasturias.com\/noticias\/wp-content\/litespeed\/avatar\/18677e78aa0546b92d9dbf31ec7d7668.jpg?ver=1776685526","width":96,"height":96,"caption":"El Digital de Asturias"}},{"@type":"WebPage","@id":"https:\/\/www.eldigitaldeasturias.com\/noticias\/bundesliga-bayern-munich-vs-hertha-berlin-el-16-de-agosto\/#webpage","url":"https:\/\/www.eldigitaldeasturias.com\/noticias\/bundesliga-bayern-munich-vs-hertha-berlin-el-16-de-agosto\/","name":"Bundesliga: Bayern M\u00fanich vs Hertha Berl\u00edn, el 16 de agosto - El Digital de Asturias","description":"Fr\u00e1ncfort, 28 jun (dpa) - El vigente campe\u00f3n de la Bundesliga alemana, el Bayern M\u00fanich, comenzar\u00e1 la temporada el 16 de agosto enfrentando como local al Hertha Berl\u00edn. El subcampe\u00f3n, el Borussia Dortmund, tambi\u00e9n iniciar\u00e1 la nueva temporada en casa, recibiendo al Augsburgo. Los tres equipos reci\u00e9n ascendidos, FC Union Berlin, SC Paderborn y el","inLanguage":"es-ES","isPartOf":{"@id":"https:\/\/www.eldigitaldeasturias.com\/noticias\/#website"},"breadcrumb":{"@id":"https:\/\/www.eldigitaldeasturias.com\/noticias\/bundesliga-bayern-munich-vs-hertha-berlin-el-16-de-agosto\/#breadcrumblist"},"author":{"@id":"https:\/\/www.eldigitaldeasturias.com\/noticias\/author\/admin\/#author"},"creator":{"@id":"https:\/\/www.eldigitaldeasturias.com\/noticias\/author\/admin\/#author"},"image":{"@type":"ImageObject","url":"https:\/\/www.eldigitaldeasturias.com\/noticias\/wp-content\/uploads\/2018\/04\/arena-1181668_960_720.jpg","@id":"https:\/\/www.eldigitaldeasturias.com\/noticias\/bundesliga-bayern-munich-vs-hertha-berlin-el-16-de-agosto\/#mainImage","width":960,"height":640},"primaryImageOfPage":{"@id":"https:\/\/www.eldigitaldeasturias.com\/noticias\/bundesliga-bayern-munich-vs-hertha-berlin-el-16-de-agosto\/#mainImage"},"datePublished":"2019-06-29T15:45:28+02:00","dateModified":"2019-06-29T15:45:28+02:00"},{"@type":"WebSite","@id":"https:\/\/www.eldigitaldeasturias.com\/noticias\/#website","url":"https:\/\/www.eldigitaldeasturias.com\/noticias\/","name":"El Digital de Asturias - Diario de actualidad y noticias","alternateName":"El Digital de Asturias - Diario de actualidad y noticias","description":"Hemeroteca","inLanguage":"es-ES","publisher":{"@id":"https:\/\/www.eldigitaldeasturias.com\/noticias\/#organization"}}]},"og:locale":"es_ES","og:site_name":"El Digital de Asturias","og:type":"article","og:title":"Bundesliga: Bayern M\u00fanich vs Hertha Berl\u00edn, el 16 de agosto - El Digital de Asturias","og:description":"Fr\u00e1ncfort, 28 jun (dpa) - El vigente campe\u00f3n de la Bundesliga alemana, el Bayern M\u00fanich, comenzar\u00e1 la temporada el 16 de agosto enfrentando como local al Hertha Berl\u00edn. El subcampe\u00f3n, el Borussia Dortmund, tambi\u00e9n iniciar\u00e1 la nueva temporada en casa, recibiendo al Augsburgo. Los tres equipos reci\u00e9n ascendidos, FC Union Berlin, SC Paderborn y el","og:url":"https:\/\/www.eldigitaldeasturias.com\/noticias\/bundesliga-bayern-munich-vs-hertha-berlin-el-16-de-agosto\/","og:image":"https:\/\/www.eldigitaldeasturias.com\/noticias\/wp-content\/uploads\/2018\/04\/arena-1181668_960_720.jpg","og:image:secure_url":"https:\/\/www.eldigitaldeasturias.com\/noticias\/wp-content\/uploads\/2018\/04\/arena-1181668_960_720.jpg","og:image:width":960,"og:image:height":640,"article:tag":["deportes"],"article:published_time":"2019-06-29T15:45:28+00:00","article:modified_time":"2019-06-29T15:45:28+00:00","article:publisher":"https:\/\/facebook.com\/eldigitaldeasturias","twitter:card":"summary_large_image","twitter:title":"Bundesliga: Bayern M\u00fanich vs Hertha Berl\u00edn, el 16 de agosto - El Digital de Asturias","twitter:description":"Fr\u00e1ncfort, 28 jun (dpa) - El vigente campe\u00f3n de la Bundesliga alemana, el Bayern M\u00fanich, comenzar\u00e1 la temporada el 16 de agosto enfrentando como local al Hertha Berl\u00edn. El subcampe\u00f3n, el Borussia Dortmund, tambi\u00e9n iniciar\u00e1 la nueva temporada en casa, recibiendo al Augsburgo. Los tres equipos reci\u00e9n ascendidos, FC Union Berlin, SC Paderborn y el","twitter:image":"https:\/\/www.eldigitaldeasturias.com\/noticias\/wp-content\/uploads\/2018\/04\/arena-1181668_960_720.jpg","twitter:label1":"Escrito por","twitter:data1":"El Digital de Asturias","twitter:label2":"Tiempo de lectura estimado","twitter:data2":"1 minuto"},"aioseo_meta_data":{"post_id":"1032992","title":null,"description":null,"keywords":null,"keyphrases":null,"primary_term":null,"canonical_url":null,"og_title":null,"og_description":null,"og_object_type":"default","og_image_type":"default","og_image_url":null,"og_image_width":null,"og_image_height":null,"og_image_custom_url":null,"og_image_custom_fields":null,"og_video":null,"og_custom_url":null,"og_article_section":null,"og_article_tags":null,"twitter_use_og":false,"twitter_card":"default","twitter_image_type":"default","twitter_image_url":null,"twitter_image_custom_url":null,"twitter_image_custom_fields":null,"twitter_title":null,"twitter_description":null,"schema":{"blockGraphs":[],"customGraphs":[],"default":{"data":{"Article":[],"Course":[],"Dataset":[],"FAQPage":[],"Movie":[],"Person":[],"Product":[],"ProductReview":[],"Car":[],"Recipe":[],"Service":[],"SoftwareApplication":[],"WebPage":[]},"graphName":"","isEnabled":true},"graphs":[],"defaultGraph":"","defaultPostTypeGraph":""},"schema_type":null,"schema_type_options":null,"pillar_content":false,"robots_default":true,"robots_noindex":false,"robots_noarchive":false,"robots_nosnippet":false,"robots_nofollow":false,"robots_noimageindex":false,"robots_noodp":false,"robots_notranslate":false,"robots_max_snippet":null,"robots_max_videopreview":null,"robots_max_imagepreview":"large","priority":null,"frequency":null,"local_seo":null,"seo_analyzer_scan_date":"2025-10-21 21:53:30","breadcrumb_settings":null,"limit_modified_date":false,"open_ai":null,"ai":null,"created":"2020-12-21 11:09:20","updated":"2025-10-21 21:53:30"},"aioseo_breadcrumb":"<div class=\"aioseo-breadcrumbs\"><span class=\"aioseo-breadcrumb\">\n\t<a href=\"https:\/\/www.eldigitaldeasturias.com\/noticias\" title=\"Home\">Home<\/a>\n<\/span><span class=\"aioseo-breadcrumb-separator\">\u2013<\/span><span class=\"aioseo-breadcrumb\">\n\t<a href=\"https:\/\/www.eldigitaldeasturias.com\/noticias\/category\/deportes\/\" title=\"Deportes\">Deportes<\/a>\n<\/span><span class=\"aioseo-breadcrumb-separator\">\u2013<\/span><span class=\"aioseo-breadcrumb\">\n\t<a href=\"https:\/\/www.eldigitaldeasturias.com\/noticias\/bundesliga-bayern-munich-vs-hertha-berlin-el-16-de-agosto\/\" title=\"Bundesliga: Bayern M\u00fanich vs Hertha Berl\u00edn, el 16 de agosto\">Bundesliga: Bayern M\u00fanich vs Hertha Berl\u00edn, el 16 de agosto<\/a>\n<\/span><\/div>","aioseo_breadcrumb_json":[{"label":"Home","link":"https:\/\/www.eldigitaldeasturias.com\/noticias"},{"label":"Deportes","link":"https:\/\/www.eldigitaldeasturias.com\/noticias\/category\/deportes\/"},{"label":"Bundesliga: Bayern M\u00fanich vs Hertha Berl\u00edn, el 16 de agosto","link":"https:\/\/www.eldigitaldeasturias.com\/noticias\/bundesliga-bayern-munich-vs-hertha-berlin-el-16-de-agosto\/"}],"_links":{"self":[{"href":"https:\/\/www.eldigitaldeasturias.com\/noticias\/wp-json\/wp\/v2\/posts\/1032992","targetHints":{"allow":["GET"]}}],"collection":[{"href":"https:\/\/www.eldigitaldeasturias.com\/noticias\/wp-json\/wp\/v2\/posts"}],"about":[{"href":"https:\/\/www.eldigitaldeasturias.com\/noticias\/wp-json\/wp\/v2\/types\/post"}],"author":[{"embeddable":true,"href":"https:\/\/www.eldigitaldeasturias.com\/noticias\/wp-json\/wp\/v2\/users\/1"}],"replies":[{"embeddable":true,"href":"https:\/\/www.eldigitaldeasturias.com\/noticias\/wp-json\/wp\/v2\/comments?post=1032992"}],"version-history":[{"count":0,"href":"https:\/\/www.eldigitaldeasturias.com\/noticias\/wp-json\/wp\/v2\/posts\/1032992\/revisions"}],"wp:featuredmedia":[{"embeddable":true,"href":"https:\/\/www.eldigitaldeasturias.com\/noticias\/wp-json\/wp\/v2\/media\/977427"}],"wp:attachment":[{"href":"https:\/\/www.eldigitaldeasturias.com\/noticias\/wp-json\/wp\/v2\/media?parent=1032992"}],"wp:term":[{"taxonomy":"category","embeddable":true,"href":"https:\/\/www.eldigitaldeasturias.com\/noticias\/wp-json\/wp\/v2\/categories?post=1032992"},{"taxonomy":"post_tag","embeddable":true,"href":"https:\/\/www.eldigitaldeasturias.com\/noticias\/wp-json\/wp\/v2\/tags?post=1032992"}],"curies":[{"name":"wp","href":"https:\/\/api.w.org\/{rel}","templated":true}]}}