{"id":1032849,"date":"2019-06-28T04:29:06","date_gmt":"2019-06-28T04:29:06","guid":{"rendered":"https:\/\/www.eldigitaldeasturias.com\/noticias\/?p=1032849"},"modified":"2019-06-28T04:29:06","modified_gmt":"2019-06-28T04:29:06","slug":"la-comision-europea-da-luz-verde-a-ibm-para-que-compre-red-hat","status":"publish","type":"post","link":"https:\/\/www.eldigitaldeasturias.com\/noticias\/la-comision-europea-da-luz-verde-a-ibm-para-que-compre-red-hat\/","title":{"rendered":"La Comisi\u00f3n Europea da &#8216;luz verde&#8217; a IBM para que compre Red Hat"},"content":{"rendered":"<p><img loading=\"lazy\" decoding=\"async\" class=\"alignleft size-medium wp-image-983320\" src=\"https:\/\/www.eldigitaldeasturias.com\/noticias\/wp-content\/uploads\/2018\/06\/blue-1283011_960_720-360x252.jpg\" alt=\"\" width=\"360\" height=\"252\" srcset=\"https:\/\/www.eldigitaldeasturias.com\/noticias\/wp-content\/uploads\/2018\/06\/blue-1283011_960_720-360x252.jpg 360w, https:\/\/www.eldigitaldeasturias.com\/noticias\/wp-content\/uploads\/2018\/06\/blue-1283011_960_720-429x300.jpg 429w, https:\/\/www.eldigitaldeasturias.com\/noticias\/wp-content\/uploads\/2018\/06\/blue-1283011_960_720-768x537.jpg 768w, https:\/\/www.eldigitaldeasturias.com\/noticias\/wp-content\/uploads\/2018\/06\/blue-1283011_960_720-687x480.jpg 687w, https:\/\/www.eldigitaldeasturias.com\/noticias\/wp-content\/uploads\/2018\/06\/blue-1283011_960_720-20x14.jpg 20w, https:\/\/www.eldigitaldeasturias.com\/noticias\/wp-content\/uploads\/2018\/06\/blue-1283011_960_720.jpg 960w\" sizes=\"auto, (max-width: 360px) 100vw, 360px\" \/>BRUSELAS, 27 Jun. 2019 (Europa Press) &#8211;\u00a0La Comisi\u00f3n Europea ha aprobado sin condiciones la compra de Red Hat, proveedor de software de c\u00f3digo abierto (&#8216;open source&#8217;) por parte de International Business Machines (IBM) al concluir que la operaci\u00f3n no plantear\u00e1 problemas sobre la competencia del mercado \u00fanico, seg\u00fan ha informado en un comunicado.<\/p>\n<p>La operaci\u00f3n es la mayor compra de la historia de IBM porque, seg\u00fan anunci\u00f3 en octubre del a\u00f1o pasado, asciende a 34.000 millones de d\u00f3lares (29.908 millones de euros) en efectivo.<\/p>\n<p>En primer lugar, Bruselas ha concluido que la entidad resultante de la fusi\u00f3n se seguir\u00e1 enfrentando a un n\u00famero \u00absignificativo\u00bb de competidores en \u00abtodos los mercados potenciales\u00bb de software intermedio y software de infraestructura.<\/p>\n<p>En segundo lugar, el Ejecutivo comunitario considera que IBM no obtendr\u00e1 el poder de mercado suficiente para provocar la salida de competidores degradando la interoperabilidad de productos rivales con sistema operativo estrella de Red Hat, el Red Hat Enterprise Linux. De hecho, el an\u00e1lisis de los servicios comunitarios ha apuntado a que cualquier estrategia para romper con la neutralidad de Red Hat perjudicar\u00eda su negocio.<\/p>\n<p>Por \u00faltimo, Bruselas descart\u00f3 que IBM iniciase una estrategia para degradar el acceso al c\u00f3digo fuente de Red Hat o influyera en el desarrollo de otros proyectos espec\u00edficos para reducir la competencia, puesto que esto provocar\u00eda reacciones adversas de la comunidad de desarrolladores de software de c\u00f3digo abierto que da\u00f1ar\u00eda a Red Hat.<\/p>\n<p>En cambio, la Comisi\u00f3n Europea cree que IBM tendr\u00eda incluso incentivos para usar las capacidades complementarias de Red Hat para desarrollar y ofrecer soluciones de nube h\u00edbridas, lo que dar\u00eda m\u00e1s opciones a las empresas clientes para repartir m\u00e1s f\u00e1cilmente la carta de trabajo entre sus propios servidores y numerosos servicios de nube p\u00fablicos y privados.<\/p>\n<p>Por tanto, las autoridades de Competencia del Ejecutivo comunitario han concluido que la transacci\u00f3n no plantar\u00e1 problemas sobre el bloque comunitario en ninguno de los mercados afectados y ha autorizado la operaci\u00f3n sin condiciones.<\/p>\n","protected":false},"excerpt":{"rendered":"<p>BRUSELAS, 27 Jun. 2019 (Europa Press) &#8211;\u00a0La Comisi\u00f3n Europea ha aprobado sin condiciones la compra de Red Hat, proveedor de software de c\u00f3digo abierto (&#8216;open source&#8217;) por parte de International Business Machines (IBM) al concluir que la operaci\u00f3n no plantear\u00e1 problemas sobre la competencia del mercado \u00fanico, seg\u00fan ha informado en un comunicado. La operaci\u00f3n [&hellip;]<\/p>\n","protected":false},"author":1,"featured_media":983320,"comment_status":"open","ping_status":"closed","sticky":false,"template":"","format":"standard","meta":{"footnotes":""},"categories":[219],"tags":[],"class_list":["post-1032849","post","type-post","status-publish","format-standard","has-post-thumbnail","hentry","category-negocios-y-empresas"],"aioseo_notices":[],"aioseo_head":"\n\t\t<!-- All in One SEO Pro 4.9.6.2 - aioseo.com -->\n\t<meta name=\"description\" content=\"BRUSELAS, 27 Jun. 2019 (Europa Press) - La Comisi\u00f3n Europea ha aprobado sin condiciones la compra de Red Hat, proveedor de software de c\u00f3digo abierto (&#039;open source&#039;) por parte de International Business Machines (IBM) al concluir que la operaci\u00f3n no plantear\u00e1 problemas sobre la competencia del mercado \u00fanico, seg\u00fan ha informado en un comunicado. La operaci\u00f3n\" \/>\n\t<meta name=\"robots\" content=\"max-image-preview:large\" \/>\n\t<meta name=\"author\" content=\"El Digital de Asturias\"\/>\n\t<meta name=\"google-site-verification\" content=\"UA-38556648-1\" \/>\n\t<meta name=\"msvalidate.01\" content=\"7dfe9f3f1b24437ab69f4f2559babe99\" \/>\n\t<meta name=\"keywords\" content=\"negocios y empresas\" \/>\n\t<link rel=\"canonical\" href=\"https:\/\/www.eldigitaldeasturias.com\/noticias\/la-comision-europea-da-luz-verde-a-ibm-para-que-compre-red-hat\/\" \/>\n\t<meta name=\"generator\" content=\"All in One SEO Pro (AIOSEO) 4.9.6.2\" \/>\n\t\t<meta property=\"og:locale\" content=\"es_ES\" \/>\n\t\t<meta property=\"og:site_name\" content=\"El Digital de Asturias\" \/>\n\t\t<meta property=\"og:type\" content=\"article\" \/>\n\t\t<meta property=\"og:title\" content=\"La Comisi\u00f3n Europea da \u2018luz verde\u2019 a IBM para que compre Red Hat - El Digital de Asturias\" \/>\n\t\t<meta property=\"og:description\" content=\"BRUSELAS, 27 Jun. 2019 (Europa Press) - La Comisi\u00f3n Europea ha aprobado sin condiciones la compra de Red Hat, proveedor de software de c\u00f3digo abierto (&#039;open source&#039;) por parte de International Business Machines (IBM) al concluir que la operaci\u00f3n no plantear\u00e1 problemas sobre la competencia del mercado \u00fanico, seg\u00fan ha informado en un comunicado. La operaci\u00f3n\" \/>\n\t\t<meta property=\"og:url\" content=\"https:\/\/www.eldigitaldeasturias.com\/noticias\/la-comision-europea-da-luz-verde-a-ibm-para-que-compre-red-hat\/\" \/>\n\t\t<meta property=\"og:image\" content=\"https:\/\/www.eldigitaldeasturias.com\/noticias\/wp-content\/uploads\/2018\/06\/blue-1283011_960_720.jpg\" \/>\n\t\t<meta property=\"og:image:secure_url\" content=\"https:\/\/www.eldigitaldeasturias.com\/noticias\/wp-content\/uploads\/2018\/06\/blue-1283011_960_720.jpg\" \/>\n\t\t<meta property=\"og:image:width\" content=\"960\" \/>\n\t\t<meta property=\"og:image:height\" content=\"671\" \/>\n\t\t<meta property=\"article:tag\" content=\"negocios y empresas\" \/>\n\t\t<meta property=\"article:published_time\" content=\"2019-06-28T04:29:06+00:00\" \/>\n\t\t<meta property=\"article:modified_time\" content=\"2019-06-28T04:29:06+00:00\" \/>\n\t\t<meta property=\"article:publisher\" content=\"https:\/\/facebook.com\/eldigitaldeasturias\" \/>\n\t\t<meta name=\"twitter:card\" content=\"summary_large_image\" \/>\n\t\t<meta name=\"twitter:title\" content=\"La Comisi\u00f3n Europea da \u2018luz verde\u2019 a IBM para que compre Red Hat - El Digital de Asturias\" \/>\n\t\t<meta name=\"twitter:description\" content=\"BRUSELAS, 27 Jun. 2019 (Europa Press) - La Comisi\u00f3n Europea ha aprobado sin condiciones la compra de Red Hat, proveedor de software de c\u00f3digo abierto (&#039;open source&#039;) por parte de International Business Machines (IBM) al concluir que la operaci\u00f3n no plantear\u00e1 problemas sobre la competencia del mercado \u00fanico, seg\u00fan ha informado en un comunicado. La operaci\u00f3n\" \/>\n\t\t<meta name=\"twitter:image\" content=\"https:\/\/www.eldigitaldeasturias.com\/noticias\/wp-content\/uploads\/2018\/06\/blue-1283011_960_720.jpg\" \/>\n\t\t<meta name=\"twitter:label1\" content=\"Escrito por\" \/>\n\t\t<meta name=\"twitter:data1\" content=\"El Digital de Asturias\" \/>\n\t\t<meta name=\"twitter:label2\" content=\"Tiempo de lectura estimado\" \/>\n\t\t<meta name=\"twitter:data2\" content=\"2 minutos\" \/>\n\t\t<script type=\"application\/ld+json\" class=\"aioseo-schema\">\n\t\t\t{\"@context\":\"https:\\\/\\\/schema.org\",\"@graph\":[{\"@type\":\"BlogPosting\",\"@id\":\"https:\\\/\\\/www.eldigitaldeasturias.com\\\/noticias\\\/la-comision-europea-da-luz-verde-a-ibm-para-que-compre-red-hat\\\/#blogposting\",\"name\":\"La Comisi\\u00f3n Europea da \\u2018luz verde\\u2019 a IBM para que compre Red Hat - El Digital de Asturias\",\"headline\":\"La Comisi\\u00f3n Europea da &#8216;luz verde&#8217; a IBM para que compre Red Hat\",\"author\":{\"@id\":\"https:\\\/\\\/www.eldigitaldeasturias.com\\\/noticias\\\/author\\\/admin\\\/#author\"},\"publisher\":{\"@id\":\"https:\\\/\\\/www.eldigitaldeasturias.com\\\/noticias\\\/#organization\"},\"image\":{\"@type\":\"ImageObject\",\"url\":\"https:\\\/\\\/www.eldigitaldeasturias.com\\\/noticias\\\/wp-content\\\/uploads\\\/2018\\\/06\\\/blue-1283011_960_720.jpg\",\"width\":960,\"height\":671},\"datePublished\":\"2019-06-28T04:29:06+02:00\",\"dateModified\":\"2019-06-28T04:29:06+02:00\",\"inLanguage\":\"es-ES\",\"mainEntityOfPage\":{\"@id\":\"https:\\\/\\\/www.eldigitaldeasturias.com\\\/noticias\\\/la-comision-europea-da-luz-verde-a-ibm-para-que-compre-red-hat\\\/#webpage\"},\"isPartOf\":{\"@id\":\"https:\\\/\\\/www.eldigitaldeasturias.com\\\/noticias\\\/la-comision-europea-da-luz-verde-a-ibm-para-que-compre-red-hat\\\/#webpage\"},\"articleSection\":\"Negocios y Empresas\"},{\"@type\":\"BreadcrumbList\",\"@id\":\"https:\\\/\\\/www.eldigitaldeasturias.com\\\/noticias\\\/la-comision-europea-da-luz-verde-a-ibm-para-que-compre-red-hat\\\/#breadcrumblist\",\"itemListElement\":[{\"@type\":\"ListItem\",\"@id\":\"https:\\\/\\\/www.eldigitaldeasturias.com\\\/noticias#listItem\",\"position\":1,\"name\":\"Home\",\"item\":\"https:\\\/\\\/www.eldigitaldeasturias.com\\\/noticias\",\"nextItem\":{\"@type\":\"ListItem\",\"@id\":\"https:\\\/\\\/www.eldigitaldeasturias.com\\\/noticias\\\/category\\\/negocios-y-empresas\\\/#listItem\",\"name\":\"Negocios y Empresas\"}},{\"@type\":\"ListItem\",\"@id\":\"https:\\\/\\\/www.eldigitaldeasturias.com\\\/noticias\\\/category\\\/negocios-y-empresas\\\/#listItem\",\"position\":2,\"name\":\"Negocios y Empresas\",\"item\":\"https:\\\/\\\/www.eldigitaldeasturias.com\\\/noticias\\\/category\\\/negocios-y-empresas\\\/\",\"nextItem\":{\"@type\":\"ListItem\",\"@id\":\"https:\\\/\\\/www.eldigitaldeasturias.com\\\/noticias\\\/la-comision-europea-da-luz-verde-a-ibm-para-que-compre-red-hat\\\/#listItem\",\"name\":\"La Comisi\\u00f3n Europea da &#8216;luz verde&#8217; a IBM para que compre Red Hat\"},\"previousItem\":{\"@type\":\"ListItem\",\"@id\":\"https:\\\/\\\/www.eldigitaldeasturias.com\\\/noticias#listItem\",\"name\":\"Home\"}},{\"@type\":\"ListItem\",\"@id\":\"https:\\\/\\\/www.eldigitaldeasturias.com\\\/noticias\\\/la-comision-europea-da-luz-verde-a-ibm-para-que-compre-red-hat\\\/#listItem\",\"position\":3,\"name\":\"La Comisi\\u00f3n Europea da &#8216;luz verde&#8217; a IBM para que compre Red Hat\",\"previousItem\":{\"@type\":\"ListItem\",\"@id\":\"https:\\\/\\\/www.eldigitaldeasturias.com\\\/noticias\\\/category\\\/negocios-y-empresas\\\/#listItem\",\"name\":\"Negocios y Empresas\"}}]},{\"@type\":\"Organization\",\"@id\":\"https:\\\/\\\/www.eldigitaldeasturias.com\\\/noticias\\\/#organization\",\"name\":\"El Digital de Asturias\",\"description\":\"Hemeroteca\",\"url\":\"https:\\\/\\\/www.eldigitaldeasturias.com\\\/noticias\\\/\",\"email\":\"info@eldigitaldeasturias.com\",\"telephone\":\"+34652131393\",\"logo\":{\"@type\":\"ImageObject\",\"url\":\"https:\\\/\\\/www.eldigitaldeasturias.com\\\/noticias\\\/wp-content\\\/uploads\\\/2020\\\/12\\\/EDA.jpg\",\"@id\":\"https:\\\/\\\/www.eldigitaldeasturias.com\\\/noticias\\\/la-comision-europea-da-luz-verde-a-ibm-para-que-compre-red-hat\\\/#organizationLogo\",\"width\":649,\"height\":297},\"image\":{\"@id\":\"https:\\\/\\\/www.eldigitaldeasturias.com\\\/noticias\\\/la-comision-europea-da-luz-verde-a-ibm-para-que-compre-red-hat\\\/#organizationLogo\"},\"sameAs\":[\"https:\\\/\\\/facebook.com\\\/eldigitaldeasturias\",\"https:\\\/\\\/www.youtube.com\\\/channel\\\/UCZP-2wLEB9Rv6erhFmqVnvg\"],\"address\":{\"@id\":\"https:\\\/\\\/www.eldigitaldeasturias.com\\\/noticias\\\/#postaladdress\",\"@type\":\"PostalAddress\",\"streetAddress\":\"san antonio 4,\",\"postalCode\":\"33430\",\"addressLocality\":\"Cand\\u00e1s\",\"addressRegion\":\"Asturias\",\"addressCountry\":\"ES\"}},{\"@type\":\"Person\",\"@id\":\"https:\\\/\\\/www.eldigitaldeasturias.com\\\/noticias\\\/author\\\/admin\\\/#author\",\"url\":\"https:\\\/\\\/www.eldigitaldeasturias.com\\\/noticias\\\/author\\\/admin\\\/\",\"name\":\"El Digital de Asturias\",\"image\":{\"@type\":\"ImageObject\",\"@id\":\"https:\\\/\\\/www.eldigitaldeasturias.com\\\/noticias\\\/la-comision-europea-da-luz-verde-a-ibm-para-que-compre-red-hat\\\/#authorImage\",\"url\":\"https:\\\/\\\/www.eldigitaldeasturias.com\\\/noticias\\\/wp-content\\\/litespeed\\\/avatar\\\/18677e78aa0546b92d9dbf31ec7d7668.jpg?ver=1777290358\",\"width\":96,\"height\":96,\"caption\":\"El Digital de Asturias\"}},{\"@type\":\"WebPage\",\"@id\":\"https:\\\/\\\/www.eldigitaldeasturias.com\\\/noticias\\\/la-comision-europea-da-luz-verde-a-ibm-para-que-compre-red-hat\\\/#webpage\",\"url\":\"https:\\\/\\\/www.eldigitaldeasturias.com\\\/noticias\\\/la-comision-europea-da-luz-verde-a-ibm-para-que-compre-red-hat\\\/\",\"name\":\"La Comisi\\u00f3n Europea da \\u2018luz verde\\u2019 a IBM para que compre Red Hat - El Digital de Asturias\",\"description\":\"BRUSELAS, 27 Jun. 2019 (Europa Press) - La Comisi\\u00f3n Europea ha aprobado sin condiciones la compra de Red Hat, proveedor de software de c\\u00f3digo abierto ('open source') por parte de International Business Machines (IBM) al concluir que la operaci\\u00f3n no plantear\\u00e1 problemas sobre la competencia del mercado \\u00fanico, seg\\u00fan ha informado en un comunicado. La operaci\\u00f3n\",\"inLanguage\":\"es-ES\",\"isPartOf\":{\"@id\":\"https:\\\/\\\/www.eldigitaldeasturias.com\\\/noticias\\\/#website\"},\"breadcrumb\":{\"@id\":\"https:\\\/\\\/www.eldigitaldeasturias.com\\\/noticias\\\/la-comision-europea-da-luz-verde-a-ibm-para-que-compre-red-hat\\\/#breadcrumblist\"},\"author\":{\"@id\":\"https:\\\/\\\/www.eldigitaldeasturias.com\\\/noticias\\\/author\\\/admin\\\/#author\"},\"creator\":{\"@id\":\"https:\\\/\\\/www.eldigitaldeasturias.com\\\/noticias\\\/author\\\/admin\\\/#author\"},\"image\":{\"@type\":\"ImageObject\",\"url\":\"https:\\\/\\\/www.eldigitaldeasturias.com\\\/noticias\\\/wp-content\\\/uploads\\\/2018\\\/06\\\/blue-1283011_960_720.jpg\",\"@id\":\"https:\\\/\\\/www.eldigitaldeasturias.com\\\/noticias\\\/la-comision-europea-da-luz-verde-a-ibm-para-que-compre-red-hat\\\/#mainImage\",\"width\":960,\"height\":671},\"primaryImageOfPage\":{\"@id\":\"https:\\\/\\\/www.eldigitaldeasturias.com\\\/noticias\\\/la-comision-europea-da-luz-verde-a-ibm-para-que-compre-red-hat\\\/#mainImage\"},\"datePublished\":\"2019-06-28T04:29:06+02:00\",\"dateModified\":\"2019-06-28T04:29:06+02:00\"},{\"@type\":\"WebSite\",\"@id\":\"https:\\\/\\\/www.eldigitaldeasturias.com\\\/noticias\\\/#website\",\"url\":\"https:\\\/\\\/www.eldigitaldeasturias.com\\\/noticias\\\/\",\"name\":\"El Digital de Asturias - Diario de actualidad y noticias\",\"alternateName\":\"El Digital de Asturias - Diario de actualidad y noticias\",\"description\":\"Hemeroteca\",\"inLanguage\":\"es-ES\",\"publisher\":{\"@id\":\"https:\\\/\\\/www.eldigitaldeasturias.com\\\/noticias\\\/#organization\"}}]}\n\t\t<\/script>\n\t\t<!-- All in One SEO Pro -->\r\n\t\t<title>La Comisi\u00f3n Europea da \u2018luz verde\u2019 a IBM para que compre Red Hat - El Digital de Asturias<\/title>\n\n","aioseo_head_json":{"title":"La Comisi\u00f3n Europea da \u2018luz verde\u2019 a IBM para que compre Red Hat - El Digital de Asturias","description":"BRUSELAS, 27 Jun. 2019 (Europa Press) - La Comisi\u00f3n Europea ha aprobado sin condiciones la compra de Red Hat, proveedor de software de c\u00f3digo abierto ('open source') por parte de International Business Machines (IBM) al concluir que la operaci\u00f3n no plantear\u00e1 problemas sobre la competencia del mercado \u00fanico, seg\u00fan ha informado en un comunicado. La operaci\u00f3n","canonical_url":"https:\/\/www.eldigitaldeasturias.com\/noticias\/la-comision-europea-da-luz-verde-a-ibm-para-que-compre-red-hat\/","robots":"max-image-preview:large","keywords":"negocios y empresas","webmasterTools":{"google-site-verification":"UA-38556648-1","msvalidate.01":"7dfe9f3f1b24437ab69f4f2559babe99","miscellaneous":""},"schema":{"@context":"https:\/\/schema.org","@graph":[{"@type":"BlogPosting","@id":"https:\/\/www.eldigitaldeasturias.com\/noticias\/la-comision-europea-da-luz-verde-a-ibm-para-que-compre-red-hat\/#blogposting","name":"La Comisi\u00f3n Europea da \u2018luz verde\u2019 a IBM para que compre Red Hat - El Digital de Asturias","headline":"La Comisi\u00f3n Europea da &#8216;luz verde&#8217; a IBM para que compre Red Hat","author":{"@id":"https:\/\/www.eldigitaldeasturias.com\/noticias\/author\/admin\/#author"},"publisher":{"@id":"https:\/\/www.eldigitaldeasturias.com\/noticias\/#organization"},"image":{"@type":"ImageObject","url":"https:\/\/www.eldigitaldeasturias.com\/noticias\/wp-content\/uploads\/2018\/06\/blue-1283011_960_720.jpg","width":960,"height":671},"datePublished":"2019-06-28T04:29:06+02:00","dateModified":"2019-06-28T04:29:06+02:00","inLanguage":"es-ES","mainEntityOfPage":{"@id":"https:\/\/www.eldigitaldeasturias.com\/noticias\/la-comision-europea-da-luz-verde-a-ibm-para-que-compre-red-hat\/#webpage"},"isPartOf":{"@id":"https:\/\/www.eldigitaldeasturias.com\/noticias\/la-comision-europea-da-luz-verde-a-ibm-para-que-compre-red-hat\/#webpage"},"articleSection":"Negocios y Empresas"},{"@type":"BreadcrumbList","@id":"https:\/\/www.eldigitaldeasturias.com\/noticias\/la-comision-europea-da-luz-verde-a-ibm-para-que-compre-red-hat\/#breadcrumblist","itemListElement":[{"@type":"ListItem","@id":"https:\/\/www.eldigitaldeasturias.com\/noticias#listItem","position":1,"name":"Home","item":"https:\/\/www.eldigitaldeasturias.com\/noticias","nextItem":{"@type":"ListItem","@id":"https:\/\/www.eldigitaldeasturias.com\/noticias\/category\/negocios-y-empresas\/#listItem","name":"Negocios y Empresas"}},{"@type":"ListItem","@id":"https:\/\/www.eldigitaldeasturias.com\/noticias\/category\/negocios-y-empresas\/#listItem","position":2,"name":"Negocios y Empresas","item":"https:\/\/www.eldigitaldeasturias.com\/noticias\/category\/negocios-y-empresas\/","nextItem":{"@type":"ListItem","@id":"https:\/\/www.eldigitaldeasturias.com\/noticias\/la-comision-europea-da-luz-verde-a-ibm-para-que-compre-red-hat\/#listItem","name":"La Comisi\u00f3n Europea da &#8216;luz verde&#8217; a IBM para que compre Red Hat"},"previousItem":{"@type":"ListItem","@id":"https:\/\/www.eldigitaldeasturias.com\/noticias#listItem","name":"Home"}},{"@type":"ListItem","@id":"https:\/\/www.eldigitaldeasturias.com\/noticias\/la-comision-europea-da-luz-verde-a-ibm-para-que-compre-red-hat\/#listItem","position":3,"name":"La Comisi\u00f3n Europea da &#8216;luz verde&#8217; a IBM para que compre Red Hat","previousItem":{"@type":"ListItem","@id":"https:\/\/www.eldigitaldeasturias.com\/noticias\/category\/negocios-y-empresas\/#listItem","name":"Negocios y Empresas"}}]},{"@type":"Organization","@id":"https:\/\/www.eldigitaldeasturias.com\/noticias\/#organization","name":"El Digital de Asturias","description":"Hemeroteca","url":"https:\/\/www.eldigitaldeasturias.com\/noticias\/","email":"info@eldigitaldeasturias.com","telephone":"+34652131393","logo":{"@type":"ImageObject","url":"https:\/\/www.eldigitaldeasturias.com\/noticias\/wp-content\/uploads\/2020\/12\/EDA.jpg","@id":"https:\/\/www.eldigitaldeasturias.com\/noticias\/la-comision-europea-da-luz-verde-a-ibm-para-que-compre-red-hat\/#organizationLogo","width":649,"height":297},"image":{"@id":"https:\/\/www.eldigitaldeasturias.com\/noticias\/la-comision-europea-da-luz-verde-a-ibm-para-que-compre-red-hat\/#organizationLogo"},"sameAs":["https:\/\/facebook.com\/eldigitaldeasturias","https:\/\/www.youtube.com\/channel\/UCZP-2wLEB9Rv6erhFmqVnvg"],"address":{"@id":"https:\/\/www.eldigitaldeasturias.com\/noticias\/#postaladdress","@type":"PostalAddress","streetAddress":"san antonio 4,","postalCode":"33430","addressLocality":"Cand\u00e1s","addressRegion":"Asturias","addressCountry":"ES"}},{"@type":"Person","@id":"https:\/\/www.eldigitaldeasturias.com\/noticias\/author\/admin\/#author","url":"https:\/\/www.eldigitaldeasturias.com\/noticias\/author\/admin\/","name":"El Digital de Asturias","image":{"@type":"ImageObject","@id":"https:\/\/www.eldigitaldeasturias.com\/noticias\/la-comision-europea-da-luz-verde-a-ibm-para-que-compre-red-hat\/#authorImage","url":"https:\/\/www.eldigitaldeasturias.com\/noticias\/wp-content\/litespeed\/avatar\/18677e78aa0546b92d9dbf31ec7d7668.jpg?ver=1777290358","width":96,"height":96,"caption":"El Digital de Asturias"}},{"@type":"WebPage","@id":"https:\/\/www.eldigitaldeasturias.com\/noticias\/la-comision-europea-da-luz-verde-a-ibm-para-que-compre-red-hat\/#webpage","url":"https:\/\/www.eldigitaldeasturias.com\/noticias\/la-comision-europea-da-luz-verde-a-ibm-para-que-compre-red-hat\/","name":"La Comisi\u00f3n Europea da \u2018luz verde\u2019 a IBM para que compre Red Hat - El Digital de Asturias","description":"BRUSELAS, 27 Jun. 2019 (Europa Press) - La Comisi\u00f3n Europea ha aprobado sin condiciones la compra de Red Hat, proveedor de software de c\u00f3digo abierto ('open source') por parte de International Business Machines (IBM) al concluir que la operaci\u00f3n no plantear\u00e1 problemas sobre la competencia del mercado \u00fanico, seg\u00fan ha informado en un comunicado. La operaci\u00f3n","inLanguage":"es-ES","isPartOf":{"@id":"https:\/\/www.eldigitaldeasturias.com\/noticias\/#website"},"breadcrumb":{"@id":"https:\/\/www.eldigitaldeasturias.com\/noticias\/la-comision-europea-da-luz-verde-a-ibm-para-que-compre-red-hat\/#breadcrumblist"},"author":{"@id":"https:\/\/www.eldigitaldeasturias.com\/noticias\/author\/admin\/#author"},"creator":{"@id":"https:\/\/www.eldigitaldeasturias.com\/noticias\/author\/admin\/#author"},"image":{"@type":"ImageObject","url":"https:\/\/www.eldigitaldeasturias.com\/noticias\/wp-content\/uploads\/2018\/06\/blue-1283011_960_720.jpg","@id":"https:\/\/www.eldigitaldeasturias.com\/noticias\/la-comision-europea-da-luz-verde-a-ibm-para-que-compre-red-hat\/#mainImage","width":960,"height":671},"primaryImageOfPage":{"@id":"https:\/\/www.eldigitaldeasturias.com\/noticias\/la-comision-europea-da-luz-verde-a-ibm-para-que-compre-red-hat\/#mainImage"},"datePublished":"2019-06-28T04:29:06+02:00","dateModified":"2019-06-28T04:29:06+02:00"},{"@type":"WebSite","@id":"https:\/\/www.eldigitaldeasturias.com\/noticias\/#website","url":"https:\/\/www.eldigitaldeasturias.com\/noticias\/","name":"El Digital de Asturias - Diario de actualidad y noticias","alternateName":"El Digital de Asturias - Diario de actualidad y noticias","description":"Hemeroteca","inLanguage":"es-ES","publisher":{"@id":"https:\/\/www.eldigitaldeasturias.com\/noticias\/#organization"}}]},"og:locale":"es_ES","og:site_name":"El Digital de Asturias","og:type":"article","og:title":"La Comisi\u00f3n Europea da \u2018luz verde\u2019 a IBM para que compre Red Hat - El Digital de Asturias","og:description":"BRUSELAS, 27 Jun. 2019 (Europa Press) - La Comisi\u00f3n Europea ha aprobado sin condiciones la compra de Red Hat, proveedor de software de c\u00f3digo abierto ('open source') por parte de International Business Machines (IBM) al concluir que la operaci\u00f3n no plantear\u00e1 problemas sobre la competencia del mercado \u00fanico, seg\u00fan ha informado en un comunicado. La operaci\u00f3n","og:url":"https:\/\/www.eldigitaldeasturias.com\/noticias\/la-comision-europea-da-luz-verde-a-ibm-para-que-compre-red-hat\/","og:image":"https:\/\/www.eldigitaldeasturias.com\/noticias\/wp-content\/uploads\/2018\/06\/blue-1283011_960_720.jpg","og:image:secure_url":"https:\/\/www.eldigitaldeasturias.com\/noticias\/wp-content\/uploads\/2018\/06\/blue-1283011_960_720.jpg","og:image:width":960,"og:image:height":671,"article:tag":["negocios y empresas"],"article:published_time":"2019-06-28T04:29:06+00:00","article:modified_time":"2019-06-28T04:29:06+00:00","article:publisher":"https:\/\/facebook.com\/eldigitaldeasturias","twitter:card":"summary_large_image","twitter:title":"La Comisi\u00f3n Europea da \u2018luz verde\u2019 a IBM para que compre Red Hat - El Digital de Asturias","twitter:description":"BRUSELAS, 27 Jun. 2019 (Europa Press) - La Comisi\u00f3n Europea ha aprobado sin condiciones la compra de Red Hat, proveedor de software de c\u00f3digo abierto ('open source') por parte de International Business Machines (IBM) al concluir que la operaci\u00f3n no plantear\u00e1 problemas sobre la competencia del mercado \u00fanico, seg\u00fan ha informado en un comunicado. La operaci\u00f3n","twitter:image":"https:\/\/www.eldigitaldeasturias.com\/noticias\/wp-content\/uploads\/2018\/06\/blue-1283011_960_720.jpg","twitter:label1":"Escrito por","twitter:data1":"El Digital de Asturias","twitter:label2":"Tiempo de lectura estimado","twitter:data2":"2 minutos"},"aioseo_meta_data":{"post_id":"1032849","title":null,"description":null,"keywords":null,"keyphrases":null,"primary_term":null,"canonical_url":null,"og_title":null,"og_description":null,"og_object_type":"default","og_image_type":"default","og_image_url":null,"og_image_width":null,"og_image_height":null,"og_image_custom_url":null,"og_image_custom_fields":null,"og_video":null,"og_custom_url":null,"og_article_section":null,"og_article_tags":null,"twitter_use_og":false,"twitter_card":"default","twitter_image_type":"default","twitter_image_url":null,"twitter_image_custom_url":null,"twitter_image_custom_fields":null,"twitter_title":null,"twitter_description":null,"schema":{"blockGraphs":[],"customGraphs":[],"default":{"data":{"Article":[],"Course":[],"Dataset":[],"FAQPage":[],"Movie":[],"Person":[],"Product":[],"ProductReview":[],"Car":[],"Recipe":[],"Service":[],"SoftwareApplication":[],"WebPage":[]},"graphName":"","isEnabled":true},"graphs":[],"defaultGraph":"","defaultPostTypeGraph":""},"schema_type":null,"schema_type_options":null,"pillar_content":false,"robots_default":true,"robots_noindex":false,"robots_noarchive":false,"robots_nosnippet":false,"robots_nofollow":false,"robots_noimageindex":false,"robots_noodp":false,"robots_notranslate":false,"robots_max_snippet":null,"robots_max_videopreview":null,"robots_max_imagepreview":"large","priority":null,"frequency":null,"local_seo":null,"seo_analyzer_scan_date":"2025-10-21 21:19:19","breadcrumb_settings":null,"limit_modified_date":false,"open_ai":null,"ai":null,"created":"2020-12-21 11:09:49","updated":"2025-10-21 21:19:19"},"aioseo_breadcrumb":"<div class=\"aioseo-breadcrumbs\"><span class=\"aioseo-breadcrumb\">\n\t<a href=\"https:\/\/www.eldigitaldeasturias.com\/noticias\" title=\"Home\">Home<\/a>\n<\/span><span class=\"aioseo-breadcrumb-separator\">\u2013<\/span><span class=\"aioseo-breadcrumb\">\n\t<a href=\"https:\/\/www.eldigitaldeasturias.com\/noticias\/category\/negocios-y-empresas\/\" title=\"Negocios y Empresas\">Negocios y Empresas<\/a>\n<\/span><span class=\"aioseo-breadcrumb-separator\">\u2013<\/span><span class=\"aioseo-breadcrumb\">\n\t<a href=\"https:\/\/www.eldigitaldeasturias.com\/noticias\/la-comision-europea-da-luz-verde-a-ibm-para-que-compre-red-hat\/\" title=\"La Comisi\u00f3n Europea da \u2018luz verde\u2019 a IBM para que compre Red Hat\">La Comisi\u00f3n Europea da \u2018luz verde\u2019 a IBM para que compre Red Hat<\/a>\n<\/span><\/div>","aioseo_breadcrumb_json":[{"label":"Home","link":"https:\/\/www.eldigitaldeasturias.com\/noticias"},{"label":"Negocios y Empresas","link":"https:\/\/www.eldigitaldeasturias.com\/noticias\/category\/negocios-y-empresas\/"},{"label":"La Comisi\u00f3n Europea da &#8216;luz verde&#8217; a IBM para que compre Red Hat","link":"https:\/\/www.eldigitaldeasturias.com\/noticias\/la-comision-europea-da-luz-verde-a-ibm-para-que-compre-red-hat\/"}],"_links":{"self":[{"href":"https:\/\/www.eldigitaldeasturias.com\/noticias\/wp-json\/wp\/v2\/posts\/1032849","targetHints":{"allow":["GET"]}}],"collection":[{"href":"https:\/\/www.eldigitaldeasturias.com\/noticias\/wp-json\/wp\/v2\/posts"}],"about":[{"href":"https:\/\/www.eldigitaldeasturias.com\/noticias\/wp-json\/wp\/v2\/types\/post"}],"author":[{"embeddable":true,"href":"https:\/\/www.eldigitaldeasturias.com\/noticias\/wp-json\/wp\/v2\/users\/1"}],"replies":[{"embeddable":true,"href":"https:\/\/www.eldigitaldeasturias.com\/noticias\/wp-json\/wp\/v2\/comments?post=1032849"}],"version-history":[{"count":0,"href":"https:\/\/www.eldigitaldeasturias.com\/noticias\/wp-json\/wp\/v2\/posts\/1032849\/revisions"}],"wp:featuredmedia":[{"embeddable":true,"href":"https:\/\/www.eldigitaldeasturias.com\/noticias\/wp-json\/wp\/v2\/media\/983320"}],"wp:attachment":[{"href":"https:\/\/www.eldigitaldeasturias.com\/noticias\/wp-json\/wp\/v2\/media?parent=1032849"}],"wp:term":[{"taxonomy":"category","embeddable":true,"href":"https:\/\/www.eldigitaldeasturias.com\/noticias\/wp-json\/wp\/v2\/categories?post=1032849"},{"taxonomy":"post_tag","embeddable":true,"href":"https:\/\/www.eldigitaldeasturias.com\/noticias\/wp-json\/wp\/v2\/tags?post=1032849"}],"curies":[{"name":"wp","href":"https:\/\/api.w.org\/{rel}","templated":true}]}}