{"id":1032824,"date":"2019-06-28T02:50:30","date_gmt":"2019-06-28T02:50:30","guid":{"rendered":"https:\/\/www.eldigitaldeasturias.com\/noticias\/?p=1032824"},"modified":"2019-06-28T02:51:03","modified_gmt":"2019-06-28T02:51:03","slug":"deseas-rechazar-un-ascenso-habla-con-el-jefe","status":"publish","type":"post","link":"https:\/\/www.eldigitaldeasturias.com\/noticias\/deseas-rechazar-un-ascenso-habla-con-el-jefe\/","title":{"rendered":"\u00bfDeseas rechazar un ascenso?: Habla con el jefe"},"content":{"rendered":"<p><img loading=\"lazy\" decoding=\"async\" class=\"alignleft size-medium wp-image-1032825\" src=\"https:\/\/www.eldigitaldeasturias.com\/noticias\/wp-content\/uploads\/2019\/06\/rechazar-ascenso-360x280.jpg\" alt=\"\" width=\"360\" height=\"280\" srcset=\"https:\/\/www.eldigitaldeasturias.com\/noticias\/wp-content\/uploads\/2019\/06\/rechazar-ascenso-360x280.jpg 360w, https:\/\/www.eldigitaldeasturias.com\/noticias\/wp-content\/uploads\/2019\/06\/rechazar-ascenso-768x597.jpg 768w, https:\/\/www.eldigitaldeasturias.com\/noticias\/wp-content\/uploads\/2019\/06\/rechazar-ascenso-618x480.jpg 618w, https:\/\/www.eldigitaldeasturias.com\/noticias\/wp-content\/uploads\/2019\/06\/rechazar-ascenso.jpg 871w\" sizes=\"auto, (max-width: 360px) 100vw, 360px\" \/>(dpa) &#8211; Por lo general, todos quieren <strong>ascender en sus lugares de trabaj<\/strong>o. \u00bfQu\u00e9 otra gran aspiraci\u00f3n laboral se podr\u00eda tener? \u00bfNo es el gran momento que todos esperamos? Puede ser. Sin embargo, s<strong>er ascendido significa asumir muchas m\u00e1s responsabilidades de las que uno ya tiene y representa una carga mayor de estr\u00e9s<\/strong>. No todos quieren seguir ese camino. Pero\u2026 <strong>\u00bfc\u00f3mo le explicamos a un jefe que preferir\u00edamos seguir tal cual estamos?<\/strong><\/p>\n<p>Como primera medida, antes de comentarle que uno no tiene ning\u00fan inter\u00e9s en dar el pr\u00f3ximo paso en la escalera profesional, es importante hacerle entender que uno aprecia mucho la confianza depositada en uno como colaborador y que se agradece el ofrecimiento, <em>recomienda la coach Patricia Thomson.<\/em><\/p>\n<p>La especialista aconseja que luego uno pase a explicar por qu\u00e9 el puesto que tiene actualmente le resulta tan perfecto y apropiado para las cualidades, capacidades y aspiraciones de carrera que uno tiene. Al mismo tiempo,<strong> es importante transmitirle al jefe que uno por supuesto tiene inter\u00e9s en seguirse desarrollando profesionalmente<\/strong>. Es un aspecto crucial, no s\u00f3lo para mostrarnos motivado, sino tambi\u00e9n para dejar abiertas otras opciones.<\/p>\n<p>Muchas veces no somos conscientes de estos movimientos. Pero es fundamental estar atentos y no fundar nuestras vidas en las expectativas de los dem\u00e1s. Cu\u00e1ntas veces nos dejamos empujar hacia un puesto de trabajo porque supuestamente es un gran paso a dar. Pero la pregunta central siempre es:<strong> \u00bfEs realmente lo que yo quiero hacer?<\/strong> Para poder responder a ese interrogante, es decisivo que cada cual revise y tenga en claro cu\u00e1l es su definici\u00f3n del \u00e9xito.<\/p>\n<p><em>Foto: Frank Rumpenhorst\/dpa<\/em><\/p>\n<p>&nbsp;<\/p>\n","protected":false},"excerpt":{"rendered":"<p>(dpa) &#8211; Por lo general, todos quieren ascender en sus lugares de trabajo. \u00bfQu\u00e9 otra gran aspiraci\u00f3n laboral se podr\u00eda tener? \u00bfNo es el gran momento que todos esperamos? Puede ser. Sin embargo, ser ascendido significa asumir muchas m\u00e1s responsabilidades de las que uno ya tiene y representa una carga mayor de estr\u00e9s. No todos [&hellip;]<\/p>\n","protected":false},"author":1,"featured_media":1032825,"comment_status":"open","ping_status":"closed","sticky":false,"template":"","format":"standard","meta":{"footnotes":""},"categories":[141,219],"tags":[],"class_list":["post-1032824","post","type-post","status-publish","format-standard","has-post-thumbnail","hentry","category-destacadas","category-negocios-y-empresas"],"aioseo_notices":[],"aioseo_head":"\n\t\t<!-- All in One SEO Pro 4.9.6.2 - aioseo.com -->\n\t<meta name=\"description\" content=\"(dpa) - Por lo general, todos quieren ascender en sus lugares de trabajo. \u00bfQu\u00e9 otra gran aspiraci\u00f3n laboral se podr\u00eda tener? \u00bfNo es el gran momento que todos esperamos? Puede ser. Sin embargo, ser ascendido significa asumir muchas m\u00e1s responsabilidades de las que uno ya tiene y representa una carga mayor de estr\u00e9s. No todos\" \/>\n\t<meta name=\"robots\" content=\"max-image-preview:large\" \/>\n\t<meta name=\"author\" content=\"El Digital de Asturias\"\/>\n\t<meta name=\"google-site-verification\" content=\"UA-38556648-1\" \/>\n\t<meta name=\"msvalidate.01\" content=\"7dfe9f3f1b24437ab69f4f2559babe99\" \/>\n\t<meta name=\"keywords\" content=\"destacadas,negocios y empresas\" \/>\n\t<link rel=\"canonical\" href=\"https:\/\/www.eldigitaldeasturias.com\/noticias\/deseas-rechazar-un-ascenso-habla-con-el-jefe\/\" \/>\n\t<meta name=\"generator\" content=\"All in One SEO Pro (AIOSEO) 4.9.6.2\" \/>\n\t\t<meta property=\"og:locale\" content=\"es_ES\" \/>\n\t\t<meta property=\"og:site_name\" content=\"El Digital de Asturias\" \/>\n\t\t<meta property=\"og:type\" content=\"article\" \/>\n\t\t<meta property=\"og:title\" content=\"\u00bfDeseas rechazar un ascenso?: Habla con el jefe - El Digital de Asturias\" \/>\n\t\t<meta property=\"og:description\" content=\"(dpa) - Por lo general, todos quieren ascender en sus lugares de trabajo. \u00bfQu\u00e9 otra gran aspiraci\u00f3n laboral se podr\u00eda tener? \u00bfNo es el gran momento que todos esperamos? Puede ser. Sin embargo, ser ascendido significa asumir muchas m\u00e1s responsabilidades de las que uno ya tiene y representa una carga mayor de estr\u00e9s. No todos\" \/>\n\t\t<meta property=\"og:url\" content=\"https:\/\/www.eldigitaldeasturias.com\/noticias\/deseas-rechazar-un-ascenso-habla-con-el-jefe\/\" \/>\n\t\t<meta property=\"og:image\" content=\"https:\/\/www.eldigitaldeasturias.com\/noticias\/wp-content\/uploads\/2019\/06\/rechazar-ascenso.jpg\" \/>\n\t\t<meta property=\"og:image:secure_url\" content=\"https:\/\/www.eldigitaldeasturias.com\/noticias\/wp-content\/uploads\/2019\/06\/rechazar-ascenso.jpg\" \/>\n\t\t<meta property=\"og:image:width\" content=\"871\" \/>\n\t\t<meta property=\"og:image:height\" content=\"677\" \/>\n\t\t<meta property=\"article:tag\" content=\"destacadas\" \/>\n\t\t<meta property=\"article:tag\" content=\"negocios y empresas\" \/>\n\t\t<meta property=\"article:published_time\" content=\"2019-06-28T02:50:30+00:00\" \/>\n\t\t<meta property=\"article:modified_time\" content=\"2019-06-28T02:51:03+00:00\" \/>\n\t\t<meta property=\"article:publisher\" content=\"https:\/\/facebook.com\/eldigitaldeasturias\" \/>\n\t\t<meta name=\"twitter:card\" content=\"summary_large_image\" \/>\n\t\t<meta name=\"twitter:title\" content=\"\u00bfDeseas rechazar un ascenso?: Habla con el jefe - El Digital de Asturias\" \/>\n\t\t<meta name=\"twitter:description\" content=\"(dpa) - Por lo general, todos quieren ascender en sus lugares de trabajo. \u00bfQu\u00e9 otra gran aspiraci\u00f3n laboral se podr\u00eda tener? \u00bfNo es el gran momento que todos esperamos? Puede ser. Sin embargo, ser ascendido significa asumir muchas m\u00e1s responsabilidades de las que uno ya tiene y representa una carga mayor de estr\u00e9s. No todos\" \/>\n\t\t<meta name=\"twitter:image\" content=\"https:\/\/www.eldigitaldeasturias.com\/noticias\/wp-content\/uploads\/2019\/06\/rechazar-ascenso.jpg\" \/>\n\t\t<meta name=\"twitter:label1\" content=\"Escrito por\" \/>\n\t\t<meta name=\"twitter:data1\" content=\"El Digital de Asturias\" \/>\n\t\t<meta name=\"twitter:label2\" content=\"Tiempo de lectura estimado\" \/>\n\t\t<meta name=\"twitter:data2\" content=\"1 minuto\" \/>\n\t\t<script type=\"application\/ld+json\" class=\"aioseo-schema\">\n\t\t\t{\"@context\":\"https:\\\/\\\/schema.org\",\"@graph\":[{\"@type\":\"BlogPosting\",\"@id\":\"https:\\\/\\\/www.eldigitaldeasturias.com\\\/noticias\\\/deseas-rechazar-un-ascenso-habla-con-el-jefe\\\/#blogposting\",\"name\":\"\\u00bfDeseas rechazar un ascenso?: Habla con el jefe - El Digital de Asturias\",\"headline\":\"\\u00bfDeseas rechazar un ascenso?: Habla con el jefe\",\"author\":{\"@id\":\"https:\\\/\\\/www.eldigitaldeasturias.com\\\/noticias\\\/author\\\/admin\\\/#author\"},\"publisher\":{\"@id\":\"https:\\\/\\\/www.eldigitaldeasturias.com\\\/noticias\\\/#organization\"},\"image\":{\"@type\":\"ImageObject\",\"url\":\"https:\\\/\\\/www.eldigitaldeasturias.com\\\/noticias\\\/wp-content\\\/uploads\\\/2019\\\/06\\\/rechazar-ascenso.jpg\",\"width\":871,\"height\":677},\"datePublished\":\"2019-06-28T02:50:30+02:00\",\"dateModified\":\"2019-06-28T02:51:03+02:00\",\"inLanguage\":\"es-ES\",\"mainEntityOfPage\":{\"@id\":\"https:\\\/\\\/www.eldigitaldeasturias.com\\\/noticias\\\/deseas-rechazar-un-ascenso-habla-con-el-jefe\\\/#webpage\"},\"isPartOf\":{\"@id\":\"https:\\\/\\\/www.eldigitaldeasturias.com\\\/noticias\\\/deseas-rechazar-un-ascenso-habla-con-el-jefe\\\/#webpage\"},\"articleSection\":\"Destacadas, Negocios y Empresas\"},{\"@type\":\"BreadcrumbList\",\"@id\":\"https:\\\/\\\/www.eldigitaldeasturias.com\\\/noticias\\\/deseas-rechazar-un-ascenso-habla-con-el-jefe\\\/#breadcrumblist\",\"itemListElement\":[{\"@type\":\"ListItem\",\"@id\":\"https:\\\/\\\/www.eldigitaldeasturias.com\\\/noticias#listItem\",\"position\":1,\"name\":\"Home\",\"item\":\"https:\\\/\\\/www.eldigitaldeasturias.com\\\/noticias\",\"nextItem\":{\"@type\":\"ListItem\",\"@id\":\"https:\\\/\\\/www.eldigitaldeasturias.com\\\/noticias\\\/category\\\/destacadas\\\/#listItem\",\"name\":\"Destacadas\"}},{\"@type\":\"ListItem\",\"@id\":\"https:\\\/\\\/www.eldigitaldeasturias.com\\\/noticias\\\/category\\\/destacadas\\\/#listItem\",\"position\":2,\"name\":\"Destacadas\",\"item\":\"https:\\\/\\\/www.eldigitaldeasturias.com\\\/noticias\\\/category\\\/destacadas\\\/\",\"nextItem\":{\"@type\":\"ListItem\",\"@id\":\"https:\\\/\\\/www.eldigitaldeasturias.com\\\/noticias\\\/deseas-rechazar-un-ascenso-habla-con-el-jefe\\\/#listItem\",\"name\":\"\\u00bfDeseas rechazar un ascenso?: Habla con el jefe\"},\"previousItem\":{\"@type\":\"ListItem\",\"@id\":\"https:\\\/\\\/www.eldigitaldeasturias.com\\\/noticias#listItem\",\"name\":\"Home\"}},{\"@type\":\"ListItem\",\"@id\":\"https:\\\/\\\/www.eldigitaldeasturias.com\\\/noticias\\\/deseas-rechazar-un-ascenso-habla-con-el-jefe\\\/#listItem\",\"position\":3,\"name\":\"\\u00bfDeseas rechazar un ascenso?: Habla con el jefe\",\"previousItem\":{\"@type\":\"ListItem\",\"@id\":\"https:\\\/\\\/www.eldigitaldeasturias.com\\\/noticias\\\/category\\\/destacadas\\\/#listItem\",\"name\":\"Destacadas\"}}]},{\"@type\":\"Organization\",\"@id\":\"https:\\\/\\\/www.eldigitaldeasturias.com\\\/noticias\\\/#organization\",\"name\":\"El Digital de Asturias\",\"description\":\"Hemeroteca\",\"url\":\"https:\\\/\\\/www.eldigitaldeasturias.com\\\/noticias\\\/\",\"email\":\"info@eldigitaldeasturias.com\",\"telephone\":\"+34652131393\",\"logo\":{\"@type\":\"ImageObject\",\"url\":\"https:\\\/\\\/www.eldigitaldeasturias.com\\\/noticias\\\/wp-content\\\/uploads\\\/2020\\\/12\\\/EDA.jpg\",\"@id\":\"https:\\\/\\\/www.eldigitaldeasturias.com\\\/noticias\\\/deseas-rechazar-un-ascenso-habla-con-el-jefe\\\/#organizationLogo\",\"width\":649,\"height\":297},\"image\":{\"@id\":\"https:\\\/\\\/www.eldigitaldeasturias.com\\\/noticias\\\/deseas-rechazar-un-ascenso-habla-con-el-jefe\\\/#organizationLogo\"},\"sameAs\":[\"https:\\\/\\\/facebook.com\\\/eldigitaldeasturias\",\"https:\\\/\\\/www.youtube.com\\\/channel\\\/UCZP-2wLEB9Rv6erhFmqVnvg\"],\"address\":{\"@id\":\"https:\\\/\\\/www.eldigitaldeasturias.com\\\/noticias\\\/#postaladdress\",\"@type\":\"PostalAddress\",\"streetAddress\":\"san antonio 4,\",\"postalCode\":\"33430\",\"addressLocality\":\"Cand\\u00e1s\",\"addressRegion\":\"Asturias\",\"addressCountry\":\"ES\"}},{\"@type\":\"Person\",\"@id\":\"https:\\\/\\\/www.eldigitaldeasturias.com\\\/noticias\\\/author\\\/admin\\\/#author\",\"url\":\"https:\\\/\\\/www.eldigitaldeasturias.com\\\/noticias\\\/author\\\/admin\\\/\",\"name\":\"El Digital de Asturias\",\"image\":{\"@type\":\"ImageObject\",\"@id\":\"https:\\\/\\\/www.eldigitaldeasturias.com\\\/noticias\\\/deseas-rechazar-un-ascenso-habla-con-el-jefe\\\/#authorImage\",\"url\":\"https:\\\/\\\/www.eldigitaldeasturias.com\\\/noticias\\\/wp-content\\\/litespeed\\\/avatar\\\/18677e78aa0546b92d9dbf31ec7d7668.jpg?ver=1777290358\",\"width\":96,\"height\":96,\"caption\":\"El Digital de Asturias\"}},{\"@type\":\"WebPage\",\"@id\":\"https:\\\/\\\/www.eldigitaldeasturias.com\\\/noticias\\\/deseas-rechazar-un-ascenso-habla-con-el-jefe\\\/#webpage\",\"url\":\"https:\\\/\\\/www.eldigitaldeasturias.com\\\/noticias\\\/deseas-rechazar-un-ascenso-habla-con-el-jefe\\\/\",\"name\":\"\\u00bfDeseas rechazar un ascenso?: Habla con el jefe - El Digital de Asturias\",\"description\":\"(dpa) - Por lo general, todos quieren ascender en sus lugares de trabajo. \\u00bfQu\\u00e9 otra gran aspiraci\\u00f3n laboral se podr\\u00eda tener? \\u00bfNo es el gran momento que todos esperamos? Puede ser. Sin embargo, ser ascendido significa asumir muchas m\\u00e1s responsabilidades de las que uno ya tiene y representa una carga mayor de estr\\u00e9s. No todos\",\"inLanguage\":\"es-ES\",\"isPartOf\":{\"@id\":\"https:\\\/\\\/www.eldigitaldeasturias.com\\\/noticias\\\/#website\"},\"breadcrumb\":{\"@id\":\"https:\\\/\\\/www.eldigitaldeasturias.com\\\/noticias\\\/deseas-rechazar-un-ascenso-habla-con-el-jefe\\\/#breadcrumblist\"},\"author\":{\"@id\":\"https:\\\/\\\/www.eldigitaldeasturias.com\\\/noticias\\\/author\\\/admin\\\/#author\"},\"creator\":{\"@id\":\"https:\\\/\\\/www.eldigitaldeasturias.com\\\/noticias\\\/author\\\/admin\\\/#author\"},\"image\":{\"@type\":\"ImageObject\",\"url\":\"https:\\\/\\\/www.eldigitaldeasturias.com\\\/noticias\\\/wp-content\\\/uploads\\\/2019\\\/06\\\/rechazar-ascenso.jpg\",\"@id\":\"https:\\\/\\\/www.eldigitaldeasturias.com\\\/noticias\\\/deseas-rechazar-un-ascenso-habla-con-el-jefe\\\/#mainImage\",\"width\":871,\"height\":677},\"primaryImageOfPage\":{\"@id\":\"https:\\\/\\\/www.eldigitaldeasturias.com\\\/noticias\\\/deseas-rechazar-un-ascenso-habla-con-el-jefe\\\/#mainImage\"},\"datePublished\":\"2019-06-28T02:50:30+02:00\",\"dateModified\":\"2019-06-28T02:51:03+02:00\"},{\"@type\":\"WebSite\",\"@id\":\"https:\\\/\\\/www.eldigitaldeasturias.com\\\/noticias\\\/#website\",\"url\":\"https:\\\/\\\/www.eldigitaldeasturias.com\\\/noticias\\\/\",\"name\":\"El Digital de Asturias - Diario de actualidad y noticias\",\"alternateName\":\"El Digital de Asturias - Diario de actualidad y noticias\",\"description\":\"Hemeroteca\",\"inLanguage\":\"es-ES\",\"publisher\":{\"@id\":\"https:\\\/\\\/www.eldigitaldeasturias.com\\\/noticias\\\/#organization\"}}]}\n\t\t<\/script>\n\t\t<!-- All in One SEO Pro -->\r\n\t\t<title>\u00bfDeseas rechazar un ascenso?: Habla con el jefe - El Digital de Asturias<\/title>\n\n","aioseo_head_json":{"title":"\u00bfDeseas rechazar un ascenso?: Habla con el jefe - El Digital de Asturias","description":"(dpa) - Por lo general, todos quieren ascender en sus lugares de trabajo. \u00bfQu\u00e9 otra gran aspiraci\u00f3n laboral se podr\u00eda tener? \u00bfNo es el gran momento que todos esperamos? Puede ser. Sin embargo, ser ascendido significa asumir muchas m\u00e1s responsabilidades de las que uno ya tiene y representa una carga mayor de estr\u00e9s. No todos","canonical_url":"https:\/\/www.eldigitaldeasturias.com\/noticias\/deseas-rechazar-un-ascenso-habla-con-el-jefe\/","robots":"max-image-preview:large","keywords":"destacadas,negocios y empresas","webmasterTools":{"google-site-verification":"UA-38556648-1","msvalidate.01":"7dfe9f3f1b24437ab69f4f2559babe99","miscellaneous":""},"schema":{"@context":"https:\/\/schema.org","@graph":[{"@type":"BlogPosting","@id":"https:\/\/www.eldigitaldeasturias.com\/noticias\/deseas-rechazar-un-ascenso-habla-con-el-jefe\/#blogposting","name":"\u00bfDeseas rechazar un ascenso?: Habla con el jefe - El Digital de Asturias","headline":"\u00bfDeseas rechazar un ascenso?: Habla con el jefe","author":{"@id":"https:\/\/www.eldigitaldeasturias.com\/noticias\/author\/admin\/#author"},"publisher":{"@id":"https:\/\/www.eldigitaldeasturias.com\/noticias\/#organization"},"image":{"@type":"ImageObject","url":"https:\/\/www.eldigitaldeasturias.com\/noticias\/wp-content\/uploads\/2019\/06\/rechazar-ascenso.jpg","width":871,"height":677},"datePublished":"2019-06-28T02:50:30+02:00","dateModified":"2019-06-28T02:51:03+02:00","inLanguage":"es-ES","mainEntityOfPage":{"@id":"https:\/\/www.eldigitaldeasturias.com\/noticias\/deseas-rechazar-un-ascenso-habla-con-el-jefe\/#webpage"},"isPartOf":{"@id":"https:\/\/www.eldigitaldeasturias.com\/noticias\/deseas-rechazar-un-ascenso-habla-con-el-jefe\/#webpage"},"articleSection":"Destacadas, Negocios y Empresas"},{"@type":"BreadcrumbList","@id":"https:\/\/www.eldigitaldeasturias.com\/noticias\/deseas-rechazar-un-ascenso-habla-con-el-jefe\/#breadcrumblist","itemListElement":[{"@type":"ListItem","@id":"https:\/\/www.eldigitaldeasturias.com\/noticias#listItem","position":1,"name":"Home","item":"https:\/\/www.eldigitaldeasturias.com\/noticias","nextItem":{"@type":"ListItem","@id":"https:\/\/www.eldigitaldeasturias.com\/noticias\/category\/destacadas\/#listItem","name":"Destacadas"}},{"@type":"ListItem","@id":"https:\/\/www.eldigitaldeasturias.com\/noticias\/category\/destacadas\/#listItem","position":2,"name":"Destacadas","item":"https:\/\/www.eldigitaldeasturias.com\/noticias\/category\/destacadas\/","nextItem":{"@type":"ListItem","@id":"https:\/\/www.eldigitaldeasturias.com\/noticias\/deseas-rechazar-un-ascenso-habla-con-el-jefe\/#listItem","name":"\u00bfDeseas rechazar un ascenso?: Habla con el jefe"},"previousItem":{"@type":"ListItem","@id":"https:\/\/www.eldigitaldeasturias.com\/noticias#listItem","name":"Home"}},{"@type":"ListItem","@id":"https:\/\/www.eldigitaldeasturias.com\/noticias\/deseas-rechazar-un-ascenso-habla-con-el-jefe\/#listItem","position":3,"name":"\u00bfDeseas rechazar un ascenso?: Habla con el jefe","previousItem":{"@type":"ListItem","@id":"https:\/\/www.eldigitaldeasturias.com\/noticias\/category\/destacadas\/#listItem","name":"Destacadas"}}]},{"@type":"Organization","@id":"https:\/\/www.eldigitaldeasturias.com\/noticias\/#organization","name":"El Digital de Asturias","description":"Hemeroteca","url":"https:\/\/www.eldigitaldeasturias.com\/noticias\/","email":"info@eldigitaldeasturias.com","telephone":"+34652131393","logo":{"@type":"ImageObject","url":"https:\/\/www.eldigitaldeasturias.com\/noticias\/wp-content\/uploads\/2020\/12\/EDA.jpg","@id":"https:\/\/www.eldigitaldeasturias.com\/noticias\/deseas-rechazar-un-ascenso-habla-con-el-jefe\/#organizationLogo","width":649,"height":297},"image":{"@id":"https:\/\/www.eldigitaldeasturias.com\/noticias\/deseas-rechazar-un-ascenso-habla-con-el-jefe\/#organizationLogo"},"sameAs":["https:\/\/facebook.com\/eldigitaldeasturias","https:\/\/www.youtube.com\/channel\/UCZP-2wLEB9Rv6erhFmqVnvg"],"address":{"@id":"https:\/\/www.eldigitaldeasturias.com\/noticias\/#postaladdress","@type":"PostalAddress","streetAddress":"san antonio 4,","postalCode":"33430","addressLocality":"Cand\u00e1s","addressRegion":"Asturias","addressCountry":"ES"}},{"@type":"Person","@id":"https:\/\/www.eldigitaldeasturias.com\/noticias\/author\/admin\/#author","url":"https:\/\/www.eldigitaldeasturias.com\/noticias\/author\/admin\/","name":"El Digital de Asturias","image":{"@type":"ImageObject","@id":"https:\/\/www.eldigitaldeasturias.com\/noticias\/deseas-rechazar-un-ascenso-habla-con-el-jefe\/#authorImage","url":"https:\/\/www.eldigitaldeasturias.com\/noticias\/wp-content\/litespeed\/avatar\/18677e78aa0546b92d9dbf31ec7d7668.jpg?ver=1777290358","width":96,"height":96,"caption":"El Digital de Asturias"}},{"@type":"WebPage","@id":"https:\/\/www.eldigitaldeasturias.com\/noticias\/deseas-rechazar-un-ascenso-habla-con-el-jefe\/#webpage","url":"https:\/\/www.eldigitaldeasturias.com\/noticias\/deseas-rechazar-un-ascenso-habla-con-el-jefe\/","name":"\u00bfDeseas rechazar un ascenso?: Habla con el jefe - El Digital de Asturias","description":"(dpa) - Por lo general, todos quieren ascender en sus lugares de trabajo. \u00bfQu\u00e9 otra gran aspiraci\u00f3n laboral se podr\u00eda tener? \u00bfNo es el gran momento que todos esperamos? Puede ser. Sin embargo, ser ascendido significa asumir muchas m\u00e1s responsabilidades de las que uno ya tiene y representa una carga mayor de estr\u00e9s. No todos","inLanguage":"es-ES","isPartOf":{"@id":"https:\/\/www.eldigitaldeasturias.com\/noticias\/#website"},"breadcrumb":{"@id":"https:\/\/www.eldigitaldeasturias.com\/noticias\/deseas-rechazar-un-ascenso-habla-con-el-jefe\/#breadcrumblist"},"author":{"@id":"https:\/\/www.eldigitaldeasturias.com\/noticias\/author\/admin\/#author"},"creator":{"@id":"https:\/\/www.eldigitaldeasturias.com\/noticias\/author\/admin\/#author"},"image":{"@type":"ImageObject","url":"https:\/\/www.eldigitaldeasturias.com\/noticias\/wp-content\/uploads\/2019\/06\/rechazar-ascenso.jpg","@id":"https:\/\/www.eldigitaldeasturias.com\/noticias\/deseas-rechazar-un-ascenso-habla-con-el-jefe\/#mainImage","width":871,"height":677},"primaryImageOfPage":{"@id":"https:\/\/www.eldigitaldeasturias.com\/noticias\/deseas-rechazar-un-ascenso-habla-con-el-jefe\/#mainImage"},"datePublished":"2019-06-28T02:50:30+02:00","dateModified":"2019-06-28T02:51:03+02:00"},{"@type":"WebSite","@id":"https:\/\/www.eldigitaldeasturias.com\/noticias\/#website","url":"https:\/\/www.eldigitaldeasturias.com\/noticias\/","name":"El Digital de Asturias - Diario de actualidad y noticias","alternateName":"El Digital de Asturias - Diario de actualidad y noticias","description":"Hemeroteca","inLanguage":"es-ES","publisher":{"@id":"https:\/\/www.eldigitaldeasturias.com\/noticias\/#organization"}}]},"og:locale":"es_ES","og:site_name":"El Digital de Asturias","og:type":"article","og:title":"\u00bfDeseas rechazar un ascenso?: Habla con el jefe - El Digital de Asturias","og:description":"(dpa) - Por lo general, todos quieren ascender en sus lugares de trabajo. \u00bfQu\u00e9 otra gran aspiraci\u00f3n laboral se podr\u00eda tener? \u00bfNo es el gran momento que todos esperamos? Puede ser. Sin embargo, ser ascendido significa asumir muchas m\u00e1s responsabilidades de las que uno ya tiene y representa una carga mayor de estr\u00e9s. No todos","og:url":"https:\/\/www.eldigitaldeasturias.com\/noticias\/deseas-rechazar-un-ascenso-habla-con-el-jefe\/","og:image":"https:\/\/www.eldigitaldeasturias.com\/noticias\/wp-content\/uploads\/2019\/06\/rechazar-ascenso.jpg","og:image:secure_url":"https:\/\/www.eldigitaldeasturias.com\/noticias\/wp-content\/uploads\/2019\/06\/rechazar-ascenso.jpg","og:image:width":871,"og:image:height":677,"article:tag":["destacadas","negocios y empresas"],"article:published_time":"2019-06-28T02:50:30+00:00","article:modified_time":"2019-06-28T02:51:03+00:00","article:publisher":"https:\/\/facebook.com\/eldigitaldeasturias","twitter:card":"summary_large_image","twitter:title":"\u00bfDeseas rechazar un ascenso?: Habla con el jefe - El Digital de Asturias","twitter:description":"(dpa) - Por lo general, todos quieren ascender en sus lugares de trabajo. \u00bfQu\u00e9 otra gran aspiraci\u00f3n laboral se podr\u00eda tener? \u00bfNo es el gran momento que todos esperamos? Puede ser. Sin embargo, ser ascendido significa asumir muchas m\u00e1s responsabilidades de las que uno ya tiene y representa una carga mayor de estr\u00e9s. No todos","twitter:image":"https:\/\/www.eldigitaldeasturias.com\/noticias\/wp-content\/uploads\/2019\/06\/rechazar-ascenso.jpg","twitter:label1":"Escrito por","twitter:data1":"El Digital de Asturias","twitter:label2":"Tiempo de lectura estimado","twitter:data2":"1 minuto"},"aioseo_meta_data":{"post_id":"1032824","title":null,"description":null,"keywords":null,"keyphrases":null,"primary_term":null,"canonical_url":null,"og_title":null,"og_description":null,"og_object_type":"default","og_image_type":"default","og_image_url":null,"og_image_width":null,"og_image_height":null,"og_image_custom_url":null,"og_image_custom_fields":null,"og_video":null,"og_custom_url":null,"og_article_section":null,"og_article_tags":null,"twitter_use_og":false,"twitter_card":"default","twitter_image_type":"default","twitter_image_url":null,"twitter_image_custom_url":null,"twitter_image_custom_fields":null,"twitter_title":null,"twitter_description":null,"schema":{"blockGraphs":[],"customGraphs":[],"default":{"data":{"Article":[],"Course":[],"Dataset":[],"FAQPage":[],"Movie":[],"Person":[],"Product":[],"ProductReview":[],"Car":[],"Recipe":[],"Service":[],"SoftwareApplication":[],"WebPage":[]},"graphName":"","isEnabled":true},"graphs":[],"defaultGraph":"","defaultPostTypeGraph":""},"schema_type":null,"schema_type_options":null,"pillar_content":false,"robots_default":true,"robots_noindex":false,"robots_noarchive":false,"robots_nosnippet":false,"robots_nofollow":false,"robots_noimageindex":false,"robots_noodp":false,"robots_notranslate":false,"robots_max_snippet":null,"robots_max_videopreview":null,"robots_max_imagepreview":"large","priority":null,"frequency":null,"local_seo":null,"seo_analyzer_scan_date":"2025-10-21 21:13:33","breadcrumb_settings":null,"limit_modified_date":false,"open_ai":null,"ai":null,"created":"2020-12-21 11:09:49","updated":"2025-10-21 21:13:33"},"aioseo_breadcrumb":"<div class=\"aioseo-breadcrumbs\"><span class=\"aioseo-breadcrumb\">\n\t<a href=\"https:\/\/www.eldigitaldeasturias.com\/noticias\" title=\"Home\">Home<\/a>\n<\/span><span class=\"aioseo-breadcrumb-separator\">\u2013<\/span><span class=\"aioseo-breadcrumb\">\n\t<a href=\"https:\/\/www.eldigitaldeasturias.com\/noticias\/category\/destacadas\/\" title=\"Destacadas\">Destacadas<\/a>\n<\/span><span class=\"aioseo-breadcrumb-separator\">\u2013<\/span><span class=\"aioseo-breadcrumb\">\n\t<a href=\"https:\/\/www.eldigitaldeasturias.com\/noticias\/deseas-rechazar-un-ascenso-habla-con-el-jefe\/\" title=\"\u00bfDeseas rechazar un ascenso?: Habla con el jefe\">\u00bfDeseas rechazar un ascenso?: Habla con el jefe<\/a>\n<\/span><\/div>","aioseo_breadcrumb_json":[{"label":"Home","link":"https:\/\/www.eldigitaldeasturias.com\/noticias"},{"label":"Destacadas","link":"https:\/\/www.eldigitaldeasturias.com\/noticias\/category\/destacadas\/"},{"label":"\u00bfDeseas rechazar un ascenso?: Habla con el jefe","link":"https:\/\/www.eldigitaldeasturias.com\/noticias\/deseas-rechazar-un-ascenso-habla-con-el-jefe\/"}],"_links":{"self":[{"href":"https:\/\/www.eldigitaldeasturias.com\/noticias\/wp-json\/wp\/v2\/posts\/1032824","targetHints":{"allow":["GET"]}}],"collection":[{"href":"https:\/\/www.eldigitaldeasturias.com\/noticias\/wp-json\/wp\/v2\/posts"}],"about":[{"href":"https:\/\/www.eldigitaldeasturias.com\/noticias\/wp-json\/wp\/v2\/types\/post"}],"author":[{"embeddable":true,"href":"https:\/\/www.eldigitaldeasturias.com\/noticias\/wp-json\/wp\/v2\/users\/1"}],"replies":[{"embeddable":true,"href":"https:\/\/www.eldigitaldeasturias.com\/noticias\/wp-json\/wp\/v2\/comments?post=1032824"}],"version-history":[{"count":0,"href":"https:\/\/www.eldigitaldeasturias.com\/noticias\/wp-json\/wp\/v2\/posts\/1032824\/revisions"}],"wp:featuredmedia":[{"embeddable":true,"href":"https:\/\/www.eldigitaldeasturias.com\/noticias\/wp-json\/wp\/v2\/media\/1032825"}],"wp:attachment":[{"href":"https:\/\/www.eldigitaldeasturias.com\/noticias\/wp-json\/wp\/v2\/media?parent=1032824"}],"wp:term":[{"taxonomy":"category","embeddable":true,"href":"https:\/\/www.eldigitaldeasturias.com\/noticias\/wp-json\/wp\/v2\/categories?post=1032824"},{"taxonomy":"post_tag","embeddable":true,"href":"https:\/\/www.eldigitaldeasturias.com\/noticias\/wp-json\/wp\/v2\/tags?post=1032824"}],"curies":[{"name":"wp","href":"https:\/\/api.w.org\/{rel}","templated":true}]}}